{"id":17857,"date":"2023-09-07T08:00:14","date_gmt":"2023-09-07T06:00:14","guid":{"rendered":"https:\/\/www.welovecycling.com\/hu\/?p=17857"},"modified":"2023-09-01T13:53:51","modified_gmt":"2023-09-01T11:53:51","slug":"biciklizes-hosegben-mit-tehetunk-a-gyors-regeneralodas-erdekeben","status":"publish","type":"post","link":"https:\/\/www.welovecycling.com\/hu\/edzes-es-eletmod\/biciklizes-hosegben-mit-tehetunk-a-gyors-regeneralodas-erdekeben\/","title":{"rendered":"Bicikliz\u00e9s h\u0151s\u00e9gben &#8211; Mit tehet\u00fcnk a gyors regener\u00e1l\u00f3d\u00e1s \u00e9rdek\u00e9ben?"},"content":{"rendered":"<p><strong>H\u0151s\u00e9gben val\u00f3 bicikliz\u00e9s ut\u00e1n k\u00fcl\u00f6n\u00f6sen fontos a regener\u00e1l\u00f3d\u00e1s. Amennyiben nem j\u00f3l j\u00e1rsz el, m\u00e9g \u00f3r\u00e1kon \u00e1t \u00e9rezheted t\u00falhev\u00fcltnek magad. N\u00e9zz\u00fck meg, mire k\u00e9pes a folyad\u00e9kp\u00f3tl\u00e1s \u00e9s hogyan seg\u00edthetnek a k\u00fcl\u00f6nb\u00f6z\u0151 h\u0171t\u00e9si taktik\u00e1k abban, hogy m\u00e1snap \u00fajra tekerni tudj!<\/strong><\/p>\n<p><!--more--><\/p>\n<h2><strong>Hidrat\u00e1l\u00e1s bicikliz\u00e9s ut\u00e1n<\/strong><\/h2>\n<p>A hidrat\u00e1l\u00e1s az egyik legfontosabb dolog, amit a h\u0151s\u00e9gben val\u00f3 bicajoz\u00e1s ut\u00e1n meg kell tenned. A c\u00e9l az, hogy gyorsan p\u00f3told az izzad\u00e1ssal elvesztett folyad\u00e9kot \u00e9s elektrolitokat. Sz\u00e1mos \u00f6k\u00f6lszab\u00e1ly l\u00e9tezik, amit \u00e9rdemes k\u00f6vetned.<\/p>\n<ul>\n<li>Idd meg az izzad\u00e1ssal leadott s\u00faly 150%-\u00e1t! Amennyiben 1 kil\u00f3val vagy k\u00f6nnyebb bicikliz\u00e9s ut\u00e1n, akkor 1,5 liter vizet kell innod. Ezt a mennyis\u00e9get oszd el t\u00f6bb \u00f3r\u00e1ra, ne egyszerre idd meg!<\/li>\n<li>Maradj a sima v\u00edzn\u00e9l! A sz\u00e9nhidr\u00e1tot, feh\u00e9rj\u00e9t \u00e9s elektrolitokat tartalmaz\u00f3 regener\u00e1l\u00f3 italokat csak akkor vesd be, ha aznap \u00fajabb teker\u00e9st tervezel, vagy minden nap olyan kem\u00e9nyen tolod, mintha edz\u0151t\u00e1borban lenn\u00e9l. A k\u00fcl\u00f6n\u00f6sen megterhel\u0151 vagy hossz\u00fa menetek ut\u00e1n is ihatsz regener\u00e1l\u00f3 italt.<\/li>\n<li>A regener\u00e1l\u00f3d\u00e1s \u00e9rdek\u00e9ben ink\u00e1bb ker\u00fcld az alkoholt! Ha teljes\u00edtm\u00e9nyr\u0151l vagy hidrat\u00e1l\u00e1sr\u00f3l van sz\u00f3, semmi el\u0151ny nem sz\u00e1rmazik abb\u00f3l, ha egy fullaszt\u00f3 teker\u00e9s ut\u00e1n megiszol egy hideg s\u00f6rt. Term\u00e9szetesen ha az adott napon nem priorit\u00e1s a regener\u00e1ci\u00f3 \u00e9s a hidrat\u00e1l\u00e1s, nem gond, ha a bicajos haverjaiddal isztok egy keveset, persze csak csak felel\u0151ss\u00e9gteljes keretek k\u00f6z\u00f6tt.<\/li>\n<\/ul>\n<h2><strong>Hajt\u00e1s ut\u00e1ni h\u0171t\u00e9s<\/strong><\/h2>\n<figure id=\"attachment_17858\" aria-describedby=\"caption-attachment-17858\" style=\"width: 990px\" class=\"wp-caption alignnone\"><a href=\"https:\/\/d2p6e6u75xmxt8.cloudfront.net\/12\/2023\/09\/Jhonatan-Manuel-Cyclist-Sweating-profimedia-0712639523-CVR.webp\"><img loading=\"lazy\" decoding=\"async\" class=\"wp-image-17858 size-full\" src=\"https:\/\/d2p6e6u75xmxt8.cloudfront.net\/12\/2023\/09\/Jhonatan-Manuel-Cyclist-Sweating-profimedia-0712639523-CVR.webp\" alt=\"Jhonatan Manuel\" width=\"990\" height=\"660\" srcset=\"https:\/\/d2p6e6u75xmxt8.cloudfront.net\/12\/2023\/09\/Jhonatan-Manuel-Cyclist-Sweating-profimedia-0712639523-CVR.webp 990w, https:\/\/d2p6e6u75xmxt8.cloudfront.net\/12\/2023\/09\/Jhonatan-Manuel-Cyclist-Sweating-profimedia-0712639523-CVR-300x200.webp 300w, https:\/\/d2p6e6u75xmxt8.cloudfront.net\/12\/2023\/09\/Jhonatan-Manuel-Cyclist-Sweating-profimedia-0712639523-CVR-768x512.webp 768w, https:\/\/d2p6e6u75xmxt8.cloudfront.net\/12\/2023\/09\/Jhonatan-Manuel-Cyclist-Sweating-profimedia-0712639523-CVR-400x267.webp 400w, https:\/\/d2p6e6u75xmxt8.cloudfront.net\/12\/2023\/09\/Jhonatan-Manuel-Cyclist-Sweating-profimedia-0712639523-CVR-272x182.webp 272w\" sizes=\"auto, (max-width: 990px) 100vw, 990px\" \/><\/a><figcaption id=\"caption-attachment-17858\" class=\"wp-caption-text\">Ha j\u00f3l felk\u00e9sz\u00fclsz, \u00e9s tudod, mit kell tenned h\u0151s\u00e9griad\u00f3 idej\u00e9n, biztons\u00e1gosan tudsz majd biciklizni a melegben is. \u00a9 Profimedia \u00a9 Profimedia<\/figcaption><\/figure>\n<p>A h\u0151s\u00e9gben val\u00f3 bicikliz\u00e9s ut\u00e1n a m\u00e1sodik legfontosabb dolog a leh\u0171l\u00e9s. Bicikliz\u00e9s ut\u00e1n m\u00e9g melegebbnek \u00e9rezheted magad, mint bicikliz\u00e9s k\u00f6zben. Ez az\u00e9rt van, mert a leveg\u0151 \u00e1raml\u00e1sa h\u0171t mozg\u00e1s k\u00f6zben, de ha meg\u00e1llsz, akkor m\u00e1r nem, \u00e9s a pulzussz\u00e1mod is alacsonyabb lesz, ami azt jelenti, hogy a v\u00e9r lassabban sz\u00e1ll\u00edtja el a h\u0151t a szerveidb\u0151l. Ez\u00e9rt kell el\u0151rel\u00e1t\u00f3an gondoskodni a h\u0171t\u00e9sr\u0151l a h\u0151s\u00e9gben val\u00f3 teker\u00e9s ut\u00e1n. \u00cdme a leghat\u00e9konyabb m\u00f3dszerek!<\/p>\n<ul>\n<li><strong>Akt\u00edv leh\u0171l\u00e9s.<\/strong> A h\u0151s\u00e9gben val\u00f3 bicikliz\u00e9s ut\u00e1n iktass be egy k\u00f6nnyed teker\u00e9st! Ez enyh\u00e9n izzaszt, a pulzussz\u00e1mod emelkedik, \u00e9s az erek kit\u00e1gulnak, \u00edgy a tested tov\u00e1bbra is hat\u00e9konyan t\u00e1vol\u00edtja el a h\u0151t a magb\u00f3l an\u00e9lk\u00fcl, hogy sokkal t\u00f6bb \u00faj h\u0151t termelne. A maxim\u00e1lis hat\u00e9konys\u00e1g \u00e9rdek\u00e9ben tegy\u00e9l egy nedves t\u00f6r\u00f6lk\u00f6z\u0151t a h\u00e1tadra, vagy v\u00e9gezd ezt h\u0171v\u00f6sebb k\u00f6rnyezetben!<\/li>\n<li><strong>H\u0171v\u00f6s vagy jeges italok.<\/strong> Ez seg\u00edt leh\u0171lni, hiszen a testednek fel kell meleg\u00edtenie a hideg vizet vagy j\u00e9gk\u00e1s\u00e1t.<\/li>\n<li><strong>Hideg v\u00edz.<\/strong> Ha van r\u00e1 lehet\u0151s\u00e9ged, ugorj egy hideg zuhany al\u00e1, t\u00f3ba vagy foly\u00f3ba. Ez megn\u00f6veli a b\u0151r\u00f6d \u00e9s a k\u00f6rnyezeted k\u00f6z\u00f6tti h\u0151m\u00e9rs\u00e9klet-k\u00fcl\u00f6nbs\u00e9get, ami seg\u00edt abban, hogy sokkal gyorsabban leh\u0171lj.<\/li>\n<li><strong>H\u0171tsd le magad alv\u00e1s el\u0151tt!<\/strong> Val\u00f3sz\u00edn\u0171leg az alv\u00e1sn\u00e1l soha nem lesz jobb regener\u00e1l\u00f3d\u00e1si m\u00f3d. Amennyiben h\u0151s\u00e9gben biciklizel, nehezebb lehet elaludni, hiszen ehhez cs\u00f6kkennie kell a testh\u0151m\u00e9rs\u00e9kletednek.<\/li>\n<\/ul>\n<p>Val\u00f3sz\u00edn\u0171leg a legjobb eszk\u00f6z a regener\u00e1ci\u00f3ra mindig az alv\u00e1s lesz. Ha h\u0151s\u00e9gben ker\u00e9kp\u00e1rozol, az elalv\u00e1si k\u00e9pess\u00e9ged vesz\u00e9lybe ker\u00fclhet. Az elalv\u00e1shoz a testh\u0151m\u00e9rs\u00e9kletednek cs\u00f6kkennie kell. Ha a teker\u00e9s ut\u00e1n fel vagy melegedve, ez sokkal tov\u00e1bb tart, ami cs\u00f6kkentheti az alv\u00e1s hossz\u00e1t, vagy negat\u00edvan befoly\u00e1solhatja az alv\u00e1s min\u0151s\u00e9g\u00e9t. Gy\u0151z\u0151dj meg r\u00f3la, hogy legal\u00e1bb 3 \u00f3r\u00e1val, de ide\u00e1lis esetben m\u00e9g hosszabb id\u0151vel lefekv\u00e9s el\u0151tt befejezd a bicajoz\u00e1st!\u00a0 A megfelel\u0151 folyad\u00e9kp\u00f3tl\u00e1s, a hideg zuhany lefekv\u00e9s el\u0151tt, vagy a h\u0171v\u00f6sebb k\u00f6rnyezetben val\u00f3 alv\u00e1s szint\u00e9n seg\u00edt.<\/p>\n<p>Fontos, hogy ha meg\u00e9rted, hogyan k\u00e9sz\u00fclj fel a h\u0151s\u00e9gben val\u00f3 teker\u00e9sre \u00e9s hogyan regener\u00e1l\u00f3dj ut\u00e1na, akkor eg\u00e9sz \u00e9vben \u00e9lvezheted a ker\u00e9kp\u00e1roz\u00e1st a vil\u00e1g b\u00e1rmely pontj\u00e1n.<\/p>\n","protected":false},"excerpt":{"rendered":"<p>H\u0151s\u00e9gben val\u00f3 bicikliz\u00e9s ut\u00e1n k\u00fcl\u00f6n\u00f6sen fontos a regener\u00e1l\u00f3d\u00e1s. Amennyiben nem j\u00f3l j\u00e1rsz el, m\u00e9g \u00f3r\u00e1kon \u00e1t \u00e9rezheted t\u00falhev\u00fcltnek magad. N\u00e9zz\u00fck [&hellip;]<\/p>\n","protected":false},"author":71,"featured_media":17860,"comment_status":"open","ping_status":"open","sticky":false,"template":"","format":"standard","meta":{"footnotes":""},"categories":[6],"tags":[],"global-categories":[],"class_list":["post-17857","post","type-post","status-publish","format-standard","has-post-thumbnail","hentry","category-edzes-es-eletmod"],"yoast_head":"<!-- This site is optimized with the Yoast SEO Premium plugin v25.3 (Yoast SEO v25.9) - https:\/\/yoast.com\/wordpress\/plugins\/seo\/ -->\n<title>Bicikliz\u00e9s h\u0151s\u00e9gben - Mit tehet\u00fcnk a gyors regener\u00e1l\u00f3d\u00e1s \u00e9rdek\u00e9ben?<\/title>\n<meta name=\"description\" content=\"H\u0151s\u00e9gben val\u00f3 bicikliz\u00e9s ut\u00e1n k\u00fcl\u00f6n\u00f6sen fontos a regener\u00e1l\u00f3d\u00e1s. Amennyiben nem j\u00f3l j\u00e1rsz el, m\u00e9g \u00f3r\u00e1kon \u00e1t \u00e9rezheted t\u00falhev\u00fcltnek magad. N\u00e9zz\u00fck meg, mire k\u00e9pes a folyad\u00e9kp\u00f3tl\u00e1s \u00e9s hogyan seg\u00edthetnek a k\u00fcl\u00f6nb\u00f6z\u0151 h\u0171t\u00e9si taktik\u00e1k abban, hogy m\u00e1snap \u00fajra tekerni tudj!\" \/>\n<meta name=\"robots\" content=\"index, follow, max-snippet:-1, max-image-preview:large, max-video-preview:-1\" \/>\n<link rel=\"canonical\" href=\"https:\/\/www.welovecycling.com\/hu\/edzes-es-eletmod\/biciklizes-hosegben-mit-tehetunk-a-gyors-regeneralodas-erdekeben\/\" \/>\n<meta property=\"og:locale\" content=\"hu_HU\" \/>\n<meta property=\"og:type\" content=\"article\" \/>\n<meta property=\"og:title\" content=\"Bicikliz\u00e9s h\u0151s\u00e9gben - Mit tehet\u00fcnk a gyors regener\u00e1l\u00f3d\u00e1s \u00e9rdek\u00e9ben?\" \/>\n<meta property=\"og:description\" content=\"H\u0151s\u00e9gben val\u00f3 bicikliz\u00e9s ut\u00e1n k\u00fcl\u00f6n\u00f6sen fontos a regener\u00e1l\u00f3d\u00e1s. Amennyiben nem j\u00f3l j\u00e1rsz el, m\u00e9g \u00f3r\u00e1kon \u00e1t \u00e9rezheted t\u00falhev\u00fcltnek magad. N\u00e9zz\u00fck meg, mire k\u00e9pes a folyad\u00e9kp\u00f3tl\u00e1s \u00e9s hogyan seg\u00edthetnek a k\u00fcl\u00f6nb\u00f6z\u0151 h\u0171t\u00e9si taktik\u00e1k abban, hogy m\u00e1snap \u00fajra tekerni tudj!\" \/>\n<meta property=\"og:url\" content=\"https:\/\/www.welovecycling.com\/hu\/edzes-es-eletmod\/biciklizes-hosegben-mit-tehetunk-a-gyors-regeneralodas-erdekeben\/\" \/>\n<meta property=\"og:site_name\" content=\"\u0160koda We Love Cycling - Magyarorsz\u00e1g\" \/>\n<meta property=\"article:publisher\" content=\"https:\/\/www.facebook.com\/WeLoveCyclingHungary\/\" \/>\n<meta property=\"article:published_time\" content=\"2023-09-07T06:00:14+00:00\" \/>\n<meta property=\"og:image\" content=\"https:\/\/d2p6e6u75xmxt8.cloudfront.net\/12\/2023\/09\/Summer-Cycling-profimedia-0799010014-CVR.webp\" \/>\n\t<meta property=\"og:image:width\" content=\"990\" \/>\n\t<meta property=\"og:image:height\" content=\"660\" \/>\n\t<meta property=\"og:image:type\" content=\"image\/webp\" \/>\n<meta name=\"author\" content=\"hegyizs\" \/>\n<meta name=\"twitter:card\" content=\"summary_large_image\" \/>\n<meta name=\"twitter:label1\" content=\"Written by\" \/>\n\t<meta name=\"twitter:data1\" content=\"Jiri Kaloc\" \/>\n\t<meta name=\"twitter:label2\" content=\"Est. reading time\" \/>\n\t<meta name=\"twitter:data2\" content=\"4\" \/>\n<script type=\"application\/ld+json\" class=\"yoast-schema-graph\">{\"@context\":\"https:\/\/schema.org\",\"@graph\":[{\"@type\":\"WebPage\",\"@id\":\"https:\/\/www.welovecycling.com\/hu\/edzes-es-eletmod\/biciklizes-hosegben-mit-tehetunk-a-gyors-regeneralodas-erdekeben\/\",\"url\":\"https:\/\/www.welovecycling.com\/hu\/edzes-es-eletmod\/biciklizes-hosegben-mit-tehetunk-a-gyors-regeneralodas-erdekeben\/\",\"name\":\"Bicikliz\u00e9s h\u0151s\u00e9gben - Mit tehet\u00fcnk a gyors regener\u00e1l\u00f3d\u00e1s \u00e9rdek\u00e9ben?\",\"isPartOf\":{\"@id\":\"https:\/\/www.welovecycling.com\/hu\/#website\"},\"primaryImageOfPage\":{\"@id\":\"https:\/\/www.welovecycling.com\/hu\/edzes-es-eletmod\/biciklizes-hosegben-mit-tehetunk-a-gyors-regeneralodas-erdekeben\/#primaryimage\"},\"image\":{\"@id\":\"https:\/\/www.welovecycling.com\/hu\/edzes-es-eletmod\/biciklizes-hosegben-mit-tehetunk-a-gyors-regeneralodas-erdekeben\/#primaryimage\"},\"thumbnailUrl\":\"https:\/\/d2p6e6u75xmxt8.cloudfront.net\/12\/2023\/09\/Summer-Cycling-profimedia-0799010014-CVR.webp\",\"datePublished\":\"2023-09-07T06:00:14+00:00\",\"author\":{\"@id\":\"https:\/\/www.welovecycling.com\/hu\/#\/schema\/person\/414a2aebf1801691a5320edb6468e194\"},\"description\":\"H\u0151s\u00e9gben val\u00f3 bicikliz\u00e9s ut\u00e1n k\u00fcl\u00f6n\u00f6sen fontos a regener\u00e1l\u00f3d\u00e1s. Amennyiben nem j\u00f3l j\u00e1rsz el, m\u00e9g \u00f3r\u00e1kon \u00e1t \u00e9rezheted t\u00falhev\u00fcltnek magad. N\u00e9zz\u00fck meg, mire k\u00e9pes a folyad\u00e9kp\u00f3tl\u00e1s \u00e9s hogyan seg\u00edthetnek a k\u00fcl\u00f6nb\u00f6z\u0151 h\u0171t\u00e9si taktik\u00e1k abban, hogy m\u00e1snap \u00fajra tekerni tudj!\",\"breadcrumb\":{\"@id\":\"https:\/\/www.welovecycling.com\/hu\/edzes-es-eletmod\/biciklizes-hosegben-mit-tehetunk-a-gyors-regeneralodas-erdekeben\/#breadcrumb\"},\"inLanguage\":\"hu\",\"potentialAction\":[{\"@type\":\"ReadAction\",\"target\":[\"https:\/\/www.welovecycling.com\/hu\/edzes-es-eletmod\/biciklizes-hosegben-mit-tehetunk-a-gyors-regeneralodas-erdekeben\/\"]}]},{\"@type\":\"ImageObject\",\"inLanguage\":\"hu\",\"@id\":\"https:\/\/www.welovecycling.com\/hu\/edzes-es-eletmod\/biciklizes-hosegben-mit-tehetunk-a-gyors-regeneralodas-erdekeben\/#primaryimage\",\"url\":\"https:\/\/d2p6e6u75xmxt8.cloudfront.net\/12\/2023\/09\/Summer-Cycling-profimedia-0799010014-CVR.webp\",\"contentUrl\":\"https:\/\/d2p6e6u75xmxt8.cloudfront.net\/12\/2023\/09\/Summer-Cycling-profimedia-0799010014-CVR.webp\",\"width\":990,\"height\":660,\"caption\":\"Summer cycling\"},{\"@type\":\"BreadcrumbList\",\"@id\":\"https:\/\/www.welovecycling.com\/hu\/edzes-es-eletmod\/biciklizes-hosegben-mit-tehetunk-a-gyors-regeneralodas-erdekeben\/#breadcrumb\",\"itemListElement\":[{\"@type\":\"ListItem\",\"position\":1,\"name\":\"Home\",\"item\":\"https:\/\/www.welovecycling.com\/hu\/\"},{\"@type\":\"ListItem\",\"position\":2,\"name\":\"Bicikliz\u00e9s h\u0151s\u00e9gben &#8211; Mit tehet\u00fcnk a gyors regener\u00e1l\u00f3d\u00e1s \u00e9rdek\u00e9ben?\"}]},{\"@type\":\"WebSite\",\"@id\":\"https:\/\/www.welovecycling.com\/hu\/#website\",\"url\":\"https:\/\/www.welovecycling.com\/hu\/\",\"name\":\"\u0160koda We Love Cycling - Magyarorsz\u00e1g\",\"description\":\"\u0160koda WeLoveCycling\",\"potentialAction\":[{\"@type\":\"SearchAction\",\"target\":{\"@type\":\"EntryPoint\",\"urlTemplate\":\"https:\/\/www.welovecycling.com\/hu\/?s={search_term_string}\"},\"query-input\":{\"@type\":\"PropertyValueSpecification\",\"valueRequired\":true,\"valueName\":\"search_term_string\"}}],\"inLanguage\":\"hu\"},{\"@type\":\"Person\",\"@id\":\"https:\/\/www.welovecycling.com\/hu\/#\/schema\/person\/414a2aebf1801691a5320edb6468e194\",\"name\":\"hegyizs\",\"image\":{\"@type\":\"ImageObject\",\"inLanguage\":\"hu\",\"@id\":\"https:\/\/www.welovecycling.com\/hu\/#\/schema\/person\/image\/\",\"url\":\"https:\/\/secure.gravatar.com\/avatar\/02cf8a7906b8cf90cecb4679defac7cfd33a1c2e3b88e4903d947f3bb58eedd3?s=96&d=mm&r=g\",\"contentUrl\":\"https:\/\/secure.gravatar.com\/avatar\/02cf8a7906b8cf90cecb4679defac7cfd33a1c2e3b88e4903d947f3bb58eedd3?s=96&d=mm&r=g\",\"caption\":\"hegyizs\"},\"url\":\"https:\/\/www.welovecycling.com\/hu\/author\/hegyizs\/\"}]}<\/script>\n<!-- \/ Yoast SEO Premium plugin. -->","yoast_head_json":{"title":"Bicikliz\u00e9s h\u0151s\u00e9gben - Mit tehet\u00fcnk a gyors regener\u00e1l\u00f3d\u00e1s \u00e9rdek\u00e9ben?","description":"H\u0151s\u00e9gben val\u00f3 bicikliz\u00e9s ut\u00e1n k\u00fcl\u00f6n\u00f6sen fontos a regener\u00e1l\u00f3d\u00e1s. Amennyiben nem j\u00f3l j\u00e1rsz el, m\u00e9g \u00f3r\u00e1kon \u00e1t \u00e9rezheted t\u00falhev\u00fcltnek magad. N\u00e9zz\u00fck meg, mire k\u00e9pes a folyad\u00e9kp\u00f3tl\u00e1s \u00e9s hogyan seg\u00edthetnek a k\u00fcl\u00f6nb\u00f6z\u0151 h\u0171t\u00e9si taktik\u00e1k abban, hogy m\u00e1snap \u00fajra tekerni tudj!","robots":{"index":"index","follow":"follow","max-snippet":"max-snippet:-1","max-image-preview":"max-image-preview:large","max-video-preview":"max-video-preview:-1"},"canonical":"https:\/\/www.welovecycling.com\/hu\/edzes-es-eletmod\/biciklizes-hosegben-mit-tehetunk-a-gyors-regeneralodas-erdekeben\/","og_locale":"hu_HU","og_type":"article","og_title":"Bicikliz\u00e9s h\u0151s\u00e9gben - Mit tehet\u00fcnk a gyors regener\u00e1l\u00f3d\u00e1s \u00e9rdek\u00e9ben?","og_description":"H\u0151s\u00e9gben val\u00f3 bicikliz\u00e9s ut\u00e1n k\u00fcl\u00f6n\u00f6sen fontos a regener\u00e1l\u00f3d\u00e1s. Amennyiben nem j\u00f3l j\u00e1rsz el, m\u00e9g \u00f3r\u00e1kon \u00e1t \u00e9rezheted t\u00falhev\u00fcltnek magad. N\u00e9zz\u00fck meg, mire k\u00e9pes a folyad\u00e9kp\u00f3tl\u00e1s \u00e9s hogyan seg\u00edthetnek a k\u00fcl\u00f6nb\u00f6z\u0151 h\u0171t\u00e9si taktik\u00e1k abban, hogy m\u00e1snap \u00fajra tekerni tudj!","og_url":"https:\/\/www.welovecycling.com\/hu\/edzes-es-eletmod\/biciklizes-hosegben-mit-tehetunk-a-gyors-regeneralodas-erdekeben\/","og_site_name":"\u0160koda We Love Cycling - Magyarorsz\u00e1g","article_publisher":"https:\/\/www.facebook.com\/WeLoveCyclingHungary\/","article_published_time":"2023-09-07T06:00:14+00:00","og_image":[{"width":990,"height":660,"url":"https:\/\/d2p6e6u75xmxt8.cloudfront.net\/12\/2023\/09\/Summer-Cycling-profimedia-0799010014-CVR.webp","type":"image\/webp"}],"author":"hegyizs","twitter_card":"summary_large_image","twitter_misc":{"Written by":"Jiri Kaloc","Est. reading time":"4"},"schema":{"@context":"https:\/\/schema.org","@graph":[{"@type":"WebPage","@id":"https:\/\/www.welovecycling.com\/hu\/edzes-es-eletmod\/biciklizes-hosegben-mit-tehetunk-a-gyors-regeneralodas-erdekeben\/","url":"https:\/\/www.welovecycling.com\/hu\/edzes-es-eletmod\/biciklizes-hosegben-mit-tehetunk-a-gyors-regeneralodas-erdekeben\/","name":"Bicikliz\u00e9s h\u0151s\u00e9gben - Mit tehet\u00fcnk a gyors regener\u00e1l\u00f3d\u00e1s \u00e9rdek\u00e9ben?","isPartOf":{"@id":"https:\/\/www.welovecycling.com\/hu\/#website"},"primaryImageOfPage":{"@id":"https:\/\/www.welovecycling.com\/hu\/edzes-es-eletmod\/biciklizes-hosegben-mit-tehetunk-a-gyors-regeneralodas-erdekeben\/#primaryimage"},"image":{"@id":"https:\/\/www.welovecycling.com\/hu\/edzes-es-eletmod\/biciklizes-hosegben-mit-tehetunk-a-gyors-regeneralodas-erdekeben\/#primaryimage"},"thumbnailUrl":"https:\/\/d2p6e6u75xmxt8.cloudfront.net\/12\/2023\/09\/Summer-Cycling-profimedia-0799010014-CVR.webp","datePublished":"2023-09-07T06:00:14+00:00","author":{"@id":"https:\/\/www.welovecycling.com\/hu\/#\/schema\/person\/414a2aebf1801691a5320edb6468e194"},"description":"H\u0151s\u00e9gben val\u00f3 bicikliz\u00e9s ut\u00e1n k\u00fcl\u00f6n\u00f6sen fontos a regener\u00e1l\u00f3d\u00e1s. Amennyiben nem j\u00f3l j\u00e1rsz el, m\u00e9g \u00f3r\u00e1kon \u00e1t \u00e9rezheted t\u00falhev\u00fcltnek magad. N\u00e9zz\u00fck meg, mire k\u00e9pes a folyad\u00e9kp\u00f3tl\u00e1s \u00e9s hogyan seg\u00edthetnek a k\u00fcl\u00f6nb\u00f6z\u0151 h\u0171t\u00e9si taktik\u00e1k abban, hogy m\u00e1snap \u00fajra tekerni tudj!","breadcrumb":{"@id":"https:\/\/www.welovecycling.com\/hu\/edzes-es-eletmod\/biciklizes-hosegben-mit-tehetunk-a-gyors-regeneralodas-erdekeben\/#breadcrumb"},"inLanguage":"hu","potentialAction":[{"@type":"ReadAction","target":["https:\/\/www.welovecycling.com\/hu\/edzes-es-eletmod\/biciklizes-hosegben-mit-tehetunk-a-gyors-regeneralodas-erdekeben\/"]}]},{"@type":"ImageObject","inLanguage":"hu","@id":"https:\/\/www.welovecycling.com\/hu\/edzes-es-eletmod\/biciklizes-hosegben-mit-tehetunk-a-gyors-regeneralodas-erdekeben\/#primaryimage","url":"https:\/\/d2p6e6u75xmxt8.cloudfront.net\/12\/2023\/09\/Summer-Cycling-profimedia-0799010014-CVR.webp","contentUrl":"https:\/\/d2p6e6u75xmxt8.cloudfront.net\/12\/2023\/09\/Summer-Cycling-profimedia-0799010014-CVR.webp","width":990,"height":660,"caption":"Summer cycling"},{"@type":"BreadcrumbList","@id":"https:\/\/www.welovecycling.com\/hu\/edzes-es-eletmod\/biciklizes-hosegben-mit-tehetunk-a-gyors-regeneralodas-erdekeben\/#breadcrumb","itemListElement":[{"@type":"ListItem","position":1,"name":"Home","item":"https:\/\/www.welovecycling.com\/hu\/"},{"@type":"ListItem","position":2,"name":"Bicikliz\u00e9s h\u0151s\u00e9gben &#8211; Mit tehet\u00fcnk a gyors regener\u00e1l\u00f3d\u00e1s \u00e9rdek\u00e9ben?"}]},{"@type":"WebSite","@id":"https:\/\/www.welovecycling.com\/hu\/#website","url":"https:\/\/www.welovecycling.com\/hu\/","name":"\u0160koda We Love Cycling - Magyarorsz\u00e1g","description":"\u0160koda WeLoveCycling","potentialAction":[{"@type":"SearchAction","target":{"@type":"EntryPoint","urlTemplate":"https:\/\/www.welovecycling.com\/hu\/?s={search_term_string}"},"query-input":{"@type":"PropertyValueSpecification","valueRequired":true,"valueName":"search_term_string"}}],"inLanguage":"hu"},{"@type":"Person","@id":"https:\/\/www.welovecycling.com\/hu\/#\/schema\/person\/414a2aebf1801691a5320edb6468e194","name":"hegyizs","image":{"@type":"ImageObject","inLanguage":"hu","@id":"https:\/\/www.welovecycling.com\/hu\/#\/schema\/person\/image\/","url":"https:\/\/secure.gravatar.com\/avatar\/02cf8a7906b8cf90cecb4679defac7cfd33a1c2e3b88e4903d947f3bb58eedd3?s=96&d=mm&r=g","contentUrl":"https:\/\/secure.gravatar.com\/avatar\/02cf8a7906b8cf90cecb4679defac7cfd33a1c2e3b88e4903d947f3bb58eedd3?s=96&d=mm&r=g","caption":"hegyizs"},"url":"https:\/\/www.welovecycling.com\/hu\/author\/hegyizs\/"}]}},"_links":{"self":[{"href":"https:\/\/www.welovecycling.com\/hu\/wp-json\/wp\/v2\/posts\/17857","targetHints":{"allow":["GET"]}}],"collection":[{"href":"https:\/\/www.welovecycling.com\/hu\/wp-json\/wp\/v2\/posts"}],"about":[{"href":"https:\/\/www.welovecycling.com\/hu\/wp-json\/wp\/v2\/types\/post"}],"author":[{"embeddable":true,"href":"https:\/\/www.welovecycling.com\/hu\/wp-json\/wp\/v2\/users\/71"}],"replies":[{"embeddable":true,"href":"https:\/\/www.welovecycling.com\/hu\/wp-json\/wp\/v2\/comments?post=17857"}],"version-history":[{"count":2,"href":"https:\/\/www.welovecycling.com\/hu\/wp-json\/wp\/v2\/posts\/17857\/revisions"}],"predecessor-version":[{"id":17861,"href":"https:\/\/www.welovecycling.com\/hu\/wp-json\/wp\/v2\/posts\/17857\/revisions\/17861"}],"wp:featuredmedia":[{"embeddable":true,"href":"https:\/\/www.welovecycling.com\/hu\/wp-json\/wp\/v2\/media\/17860"}],"wp:attachment":[{"href":"https:\/\/www.welovecycling.com\/hu\/wp-json\/wp\/v2\/media?parent=17857"}],"wp:term":[{"taxonomy":"category","embeddable":true,"href":"https:\/\/www.welovecycling.com\/hu\/wp-json\/wp\/v2\/categories?post=17857"},{"taxonomy":"post_tag","embeddable":true,"href":"https:\/\/www.welovecycling.com\/hu\/wp-json\/wp\/v2\/tags?post=17857"},{"taxonomy":"global-categories","embeddable":true,"href":"https:\/\/www.welovecycling.com\/hu\/wp-json\/wp\/v2\/global-categories?post=17857"}],"curies":[{"name":"wp","href":"https:\/\/api.w.org\/{rel}","templated":true}]}}