{"id":17851,"date":"2023-09-04T08:00:47","date_gmt":"2023-09-04T06:00:47","guid":{"rendered":"https:\/\/www.welovecycling.com\/hu\/?p=17851"},"modified":"2023-09-01T13:52:29","modified_gmt":"2023-09-01T11:52:29","slug":"hosok-a-la-vuelta-skoda-autoiban-a-car-boys","status":"publish","type":"post","link":"https:\/\/www.welovecycling.com\/hu\/orszaguti-kerekpar\/hosok-a-la-vuelta-skoda-autoiban-a-car-boys\/","title":{"rendered":"H\u0151s\u00f6k a La Vuelta \u0160koda aut\u00f3iban: a \u201cCar Boys\u201d"},"content":{"rendered":"<p><strong>M\u00e1sodpercekkel a La Vuelta Espa\u00f1a els\u0151 szakasza el\u0151tt t\u00f6bb ezer ember gyomr\u00e1ban repkedtek pillang\u00f3k. De a rajong\u00f3k, n\u00e9z\u0151k, szurkol\u00f3k \u00e9s r\u00e9sztvev\u0151k sokas\u00e1g\u00e1b\u00f3l k\u00e9t ember m\u00e9gis kit\u0171nt: az egyik\u0151j\u00fck Javier Guill\u00e9n versenyigazgat\u00f3, illetve egy f\u00e9rfi, akinek a szeme mindig a v\u00f6r\u00f6s felvezet\u0151aut\u00f3ra szegez\u0151dik. <em>\u201cMinden \u00e9vben ugyanez a helyzet, b\u00e1rmennyire is vagyunk \u00f3vatosak, minden alkalommal ideges leszek, vajon mindegyik aut\u00f3 rendesen fog-e m\u0171k\u00f6dni\u201d<\/em> &#8211; mondta Petr Ku\u010dera, aki felel a Vuelta \u00f6sszes \u0160koda aut\u00f3j\u00e1\u00e9rt. <\/strong><\/p>\n<p style=\"font-weight: 400;\"><!--more--><\/p>\n<p>\u0150 \u00e9s a csapata gondoskodnak az aut\u00f3kr\u00f3l a \u0160koda \u00f6sszes rendezv\u00e9ny\u00e9n, az IIHF j\u00e9gkorong-vil\u00e1gbajnoks\u00e1gt\u00f3l kezdve az aut\u00f3s ki\u00e1ll\u00edt\u00e1sokon \u00e1t az olyan biciklis esem\u00e9nyekig, mint a Tour de France \u00e9s a Vuelta. \u201cCar boys\u201d: \u00edgy h\u00edvj\u00e1k magukat \u00e9s egy olyan csapatot alkotnak, ami k\u00e9pes a l\u00e1tsz\u00f3lag lehetetlennek t\u0171n\u0151 kih\u00edv\u00e1sokat is megval\u00f3s\u00edtani: n\u00e9h\u00e1ny nap alatt lecser\u00e9lik egy t\u00f6bb mint sz\u00e1z aut\u00f3b\u00f3l \u00e1ll\u00f3 flotta sz\u00edn\u00e9t, vagy egyik napr\u00f3l a m\u00e1sikra megjav\u00edtanak egy s\u00falyosan s\u00e9r\u00fclt aut\u00f3t, ami egy \u00e1tlagos m\u0171helynek egy h\u00e9tbe telne.<\/p>\n<p>Mi kell ahhoz, hogy az \u00f6sszes sz\u00fcks\u00e9ges \u0160koda aut\u00f3 k\u00e9szen \u00e1lljon a Vuelt\u00e1ra? Ahhoz, hogy erre a k\u00e9rd\u00e9sre v\u00e1laszt kapjunk, vissza kell menn\u00fcnk az id\u0151ben, hiszen az el\u0151k\u00e9sz\u00fcletek r\u00f6gt\u00f6n a Tour de France befejez\u00e9se ut\u00e1n kezd\u0151dnek. Az Enyaq aut\u00f3kb\u00f3l \u00e1ll\u00f3 flott\u00e1t Mlada Boleslavba, a \u0160koda sz\u00fcl\u0151v\u00e1ros\u00e1ba viszik, ahol a Car Boys csapata a szervez\u0151 \u00fcgyn\u00f6ks\u00e9ggel, az Unipublic-kal egy\u00fcttm\u0171k\u00f6dve kiv\u00e1lasztja a Vuelta-ra indul\u00f3 aut\u00f3kat.<\/p>\n<figure id=\"attachment_17852\" aria-describedby=\"caption-attachment-17852\" style=\"width: 990px\" class=\"wp-caption alignnone\"><a href=\"https:\/\/d2p6e6u75xmxt8.cloudfront.net\/12\/2023\/09\/Enyaq-2023-Vuelta-4.webp\"><img loading=\"lazy\" decoding=\"async\" class=\"wp-image-17852 size-full\" src=\"https:\/\/d2p6e6u75xmxt8.cloudfront.net\/12\/2023\/09\/Enyaq-2023-Vuelta-4.webp\" alt=\"\u0160koda Enyaq\" width=\"990\" height=\"660\" srcset=\"https:\/\/d2p6e6u75xmxt8.cloudfront.net\/12\/2023\/09\/Enyaq-2023-Vuelta-4.webp 990w, https:\/\/d2p6e6u75xmxt8.cloudfront.net\/12\/2023\/09\/Enyaq-2023-Vuelta-4-300x200.webp 300w, https:\/\/d2p6e6u75xmxt8.cloudfront.net\/12\/2023\/09\/Enyaq-2023-Vuelta-4-768x512.webp 768w, https:\/\/d2p6e6u75xmxt8.cloudfront.net\/12\/2023\/09\/Enyaq-2023-Vuelta-4-400x267.webp 400w, https:\/\/d2p6e6u75xmxt8.cloudfront.net\/12\/2023\/09\/Enyaq-2023-Vuelta-4-272x182.webp 272w\" sizes=\"auto, (max-width: 990px) 100vw, 990px\" \/><\/a><figcaption id=\"caption-attachment-17852\" class=\"wp-caption-text\">A ragyog\u00f3 Red Velvet felvezet\u0151aut\u00f3 jellegzetes kieg\u00e9sz\u00edt\u0151ivel \u00e9s egyedi matric\u00e1ival olyan, mint egy z\u00e1szl\u00f3shaj\u00f3.<\/figcaption><\/figure>\n<div id='gallery-1' class='gallery galleryid-17851 gallery-columns-2 gallery-size-large'><figure class='gallery-item'>\n\t\t\t<div class='gallery-icon landscape'>\n\t\t\t\t<a href='https:\/\/d2p6e6u75xmxt8.cloudfront.net\/12\/2023\/09\/Enyaq-2023-Vuelta-2.webp'><img loading=\"lazy\" decoding=\"async\" width=\"990\" height=\"660\" src=\"https:\/\/d2p6e6u75xmxt8.cloudfront.net\/12\/2023\/09\/Enyaq-2023-Vuelta-2.webp\" class=\"attachment-large size-large\" alt=\"\u0160koda Enyaq\" srcset=\"https:\/\/d2p6e6u75xmxt8.cloudfront.net\/12\/2023\/09\/Enyaq-2023-Vuelta-2.webp 990w, https:\/\/d2p6e6u75xmxt8.cloudfront.net\/12\/2023\/09\/Enyaq-2023-Vuelta-2-300x200.webp 300w, https:\/\/d2p6e6u75xmxt8.cloudfront.net\/12\/2023\/09\/Enyaq-2023-Vuelta-2-768x512.webp 768w, https:\/\/d2p6e6u75xmxt8.cloudfront.net\/12\/2023\/09\/Enyaq-2023-Vuelta-2-400x267.webp 400w, https:\/\/d2p6e6u75xmxt8.cloudfront.net\/12\/2023\/09\/Enyaq-2023-Vuelta-2-272x182.webp 272w\" sizes=\"auto, (max-width: 990px) 100vw, 990px\" \/><\/a>\n\t\t\t<\/div><\/figure><figure class='gallery-item'>\n\t\t\t<div class='gallery-icon landscape'>\n\t\t\t\t<a href='https:\/\/d2p6e6u75xmxt8.cloudfront.net\/12\/2023\/09\/Enyaq-2023-Vuelta-3.webp'><img loading=\"lazy\" decoding=\"async\" width=\"990\" height=\"660\" src=\"https:\/\/d2p6e6u75xmxt8.cloudfront.net\/12\/2023\/09\/Enyaq-2023-Vuelta-3.webp\" class=\"attachment-large size-large\" alt=\"\" srcset=\"https:\/\/d2p6e6u75xmxt8.cloudfront.net\/12\/2023\/09\/Enyaq-2023-Vuelta-3.webp 990w, https:\/\/d2p6e6u75xmxt8.cloudfront.net\/12\/2023\/09\/Enyaq-2023-Vuelta-3-300x200.webp 300w, https:\/\/d2p6e6u75xmxt8.cloudfront.net\/12\/2023\/09\/Enyaq-2023-Vuelta-3-768x512.webp 768w, https:\/\/d2p6e6u75xmxt8.cloudfront.net\/12\/2023\/09\/Enyaq-2023-Vuelta-3-400x267.webp 400w, https:\/\/d2p6e6u75xmxt8.cloudfront.net\/12\/2023\/09\/Enyaq-2023-Vuelta-3-272x182.webp 272w\" sizes=\"auto, (max-width: 990px) 100vw, 990px\" \/><\/a>\n\t\t\t<\/div><\/figure>\n\t\t<\/div>\n\n<p>A szerel\u0151k ezut\u00e1n minden aut\u00f3t apr\u00f3l\u00e9kosan \u00e1tvizsg\u00e1lnak, minden r\u00e9szletre odafigyelve, \u00e9s a legkisebb csavart sem hagyj\u00e1k ki. Az id\u0151 persze rohan, eml\u00e9keztetve mindenkit arra, hogy a Vuelta egyre k\u00f6zeledik, ennek ellen\u00e9re a Car Boys lelkesed\u00e9se nem lankad \u00e9s minden elhaszn\u00e1l\u00f3dott alkatr\u00e9szt kicser\u00e9lnek.<\/p>\n<p>A b\u00e1rsonypiros aut\u00f3k els\u0151bbs\u00e9get \u00e9lveznek, de szorosan ut\u00e1nuk a szervizes csapat a t\u00f6bbire ford\u00edtja a figyelm\u00e9t. Az id\u0151 szor\u00edt\u00e1sa ellen\u00e9re a karbantart\u00e1s alaposan \u00e9s lelkiismeretesen folyik. Mind\u00f6ssze h\u00e1rom h\u00e9t alatt a szerel\u0151knek minden aut\u00f3t meg kell jav\u00edtaniuk a francia k\u00f6r\u00fat ut\u00e1n.<\/p>\n<p>Egy t\u00e1gas csarnokban l\u00e1thatjuk a versenyigazgat\u00f3 aut\u00f3j\u00e1t, a h\u00edres \u0160koda Enyaqot, amely j\u00f3 szolg\u00e1latot tett a francia Christian Prudhomme-nak, \u00e9s hamarosan a Vuelta f\u0151n\u00f6k\u00e9t, Javier Guill\u00e9n-t is \u00f6r\u00f6mmel fogadja majd. Egy m\u00e1sik piros Enyaq a verseny felvezet\u0151 aut\u00f3ja lesz, m\u00edg egy harmadik a \u0160koda bemutat\u00f3aut\u00f3jak\u00e9nt utazik majd a mez\u0151nnyell. <em>&#8220;A k\u00f6vetkez\u0151 versenyre \u00f6sszesen 97 aut\u00f3t \u00faj\u00edtunk fel. N\u00e9melyik\u00fck csak egyszer\u0171 karbantart\u00e1st ig\u00e9nyel, m\u00e1sokkal viszont t\u00f6bb a munka&#8221;<\/em> &#8211; mondta Ku\u010dera.<\/p>\n<p>Vajon mennyi kop\u00e1st okozott a h\u00e1rom h\u00e9t alatt megtett k\u00f6zel 3500 kilom\u00e9ter az egyes aut\u00f3knak, amik szakaszr\u00f3l szakaszra k\u00f6vett\u00e9k a bicikliseket? Ku\u010dera szerint a Tour de France vagy a Vuelta sor\u00e1n elszenvedett k\u00e1rok m\u00e9rt\u00e9ke legink\u00e1bb az id\u0151j\u00e1r\u00e1st\u00f3l f\u00fcgg. <em>\u201cAmennyiben esik az es\u0151, a balesetek sz\u00e1ma megn\u0151\u201d<\/em> &#8211; magyar\u00e1zta, hozz\u00e1t\u00e9ve, hogy az idei Tour nem a legszerencs\u00e9sebb versenyek k\u00f6z\u00e9 tartozott. Szok\u00e1sos m\u00f3don t\u00f6bb olajtekn\u0151, l\u00f6kh\u00e1r\u00edt\u00f3 \u00e9s visszapillant\u00f3 t\u00fck\u00f6r is megs\u00e9r\u00fclt, a legnagyobb k\u00e1rt m\u00e9gis az egyik francia csapat szenvedte el: hat aut\u00f3jukat \u00e9rte el a golflabda m\u00e9ret\u0171 j\u00e9ges\u0151vel tark\u00edtott vihar. <em>&#8220;K\u00e9t napba telt, mire hat \u00faj Enyaq sz\u00e9lv\u00e9d\u0151t szerezt\u00fcnk a t\u00f6r\u00f6ttek hely\u00e9re&#8221; <\/em>&#8211; mondta Ku\u010dera.<\/p>\n<figure id=\"attachment_17853\" aria-describedby=\"caption-attachment-17853\" style=\"width: 1022px\" class=\"wp-caption alignnone\"><a href=\"https:\/\/d2p6e6u75xmxt8.cloudfront.net\/12\/2023\/09\/Javier-Guillen.webp\"><img loading=\"lazy\" decoding=\"async\" class=\"wp-image-17853 size-full\" src=\"https:\/\/d2p6e6u75xmxt8.cloudfront.net\/12\/2023\/09\/Javier-Guillen.webp\" alt=\"Javier Guill\u00e9n\" width=\"1022\" height=\"680\" srcset=\"https:\/\/d2p6e6u75xmxt8.cloudfront.net\/12\/2023\/09\/Javier-Guillen.webp 1022w, https:\/\/d2p6e6u75xmxt8.cloudfront.net\/12\/2023\/09\/Javier-Guillen-300x200.webp 300w, https:\/\/d2p6e6u75xmxt8.cloudfront.net\/12\/2023\/09\/Javier-Guillen-768x511.webp 768w, https:\/\/d2p6e6u75xmxt8.cloudfront.net\/12\/2023\/09\/Javier-Guillen-400x266.webp 400w, https:\/\/d2p6e6u75xmxt8.cloudfront.net\/12\/2023\/09\/Javier-Guillen-272x182.webp 272w\" sizes=\"auto, (max-width: 1022px) 100vw, 1022px\" \/><\/a><figcaption id=\"caption-attachment-17853\" class=\"wp-caption-text\">Javier Guill\u00e9n, a La Vuelta versenyigazgat\u00f3ja a \u0160koda Enyaqb\u00f3l n\u00e9z k\u00f6r\u00fcl a La Vuelt\u00e1n. \u00a9\ufe0fBaixauliStudio<\/figcaption><\/figure>\n<p><em>\u201cCsapatunk semmit sem b\u00edz a v\u00e9letlenre. Minden aut\u00f3nak 100%-osnak kell lennie az eg\u00e9sz verseny id\u0151tartama alatt, mivel a ker\u00e9kp\u00e1rosok \u00e9s a n\u00e9z\u0151k k\u00f6zel\u00e9ben haladnak. Nincs helye hib\u00e1nak, \u00edgy nem engedhetj\u00fck meg azt a luxust, hogy eln\u00e9z\u0151ek legy\u00fcnk b\u00e1rmilyen m\u0171szaki pontatlans\u00e1ggal szemben. Ahelyett, hogy b\u00e1rmely alkatr\u00e9sznek adn\u00e1nk m\u00e9g egy es\u00e9lyt, ink\u00e1bb azonnal kicser\u00e9lj\u00fck. M\u00e9g a sz\u00e9lv\u00e9d\u0151n l\u00e9v\u0151 legkisebb horpad\u00e1s miatt is elt\u00e1vol\u00edtjuk az eredeti alkatr\u00e9szt \u00e9s \u00fajat tesz\u00fcnk a hely\u00e9re\u201d <\/em>&#8211; mondta Ku\u010dera.<\/p>\n<p>Amint az aut\u00f3k k\u00e9szen \u00e1llnak, teheraut\u00f3kra pakolj\u00e1k, majd egy 1800 kilom\u00e9teres \u00fatra k\u00fcldik \u0151ket. M\u00edg a vezet\u0151 aut\u00f3k fedett p\u00f3tkocsin utaznak, a t\u00f6bbit nyitott teheraut\u00f3kon sz\u00e1ll\u00edtj\u00e1k, hat-nyolc darabot egyszerre. \u00cdgy kik\u00fcsz\u00f6b\u00f6lhet\u0151 annak a kock\u00e1zata, hogy \u00fatk\u00f6zben valami baj t\u00f6rt\u00e9njen vel\u00fck. Spanyolorsz\u00e1gban egy utols\u00f3 ellen\u0151rz\u00e9snek vetik al\u00e1 a kocsikat, illetve behangolj\u00e1k a r\u00e1di\u00f3kat, hogy minden csatorna megfelel\u0151en m\u0171k\u00f6dj\u00f6n.<\/p>\n<p>N\u00e9h\u00e1ny nappal az els\u0151 szakasz el\u0151tt a csapat bej\u00e1rja az \u00f6sszes p\u00e1ly\u00e1t, \u00e9s ellen\u0151rzi a t\u00f6lt\u0151\u00e1llom\u00e1s-h\u00e1l\u00f3zat \u00e1llapot\u00e1t. <em>&#8220;A lefedetts\u00e9g \u00e9vr\u0151l \u00e9vre javul, de kor\u00e1bban t\u00f6bbsz\u00f6r el\u0151fordult, hogy meg\u00e9rkezt\u00fcnk, \u00e9s csak egy k\u00e1bel \u00e1llt ki a f\u00f6ldb\u0151l, vagy ki\u00e9gett a t\u00f6lt\u0151&#8221;<\/em> &#8211; mes\u00e9lte Ku\u010dera, hozz\u00e1t\u00e9ve, hogy m\u00e9g a legeldugottabb falvakban is mindig siker\u00fclt olyan helyet tal\u00e1lniuk, ahol t\u00f6lteni tudt\u00e1k az aut\u00f3kat.<\/p>\n<p>A csapat a verseny ideje alatt t\u00f6bb mint h\u00e1rom h\u00e9tig \u00e9jjel-nappal rendelkez\u00e9sre \u00e1ll. A verseny ideje alatt a szerel\u0151k szinte b\u00e1rmit megtehetnek, este fogadj\u00e1k az \u00f6sszet\u00f6rt l\u00f6kh\u00e1r\u00edt\u00f3kkal rendelkez\u0151 aut\u00f3kat, \u00e9s kora reggel m\u00e1r karcmentesen hozz\u00e1k vissza \u0151ket. Hogy mi a legrosszabb r\u00e9m\u00e1lmuk? Az, hogy valaki egy lemer\u00fclt aut\u00f3t vezet. Emellett az, ha valaki a csapatb\u00f3l nem t\u00f6lti fel a bels\u0151 rendszereket, k\u00f6zt\u00fck a r\u00e1di\u00f3t \u00e9s a napf\u00e9nytet\u0151t m\u0171k\u00f6dtet\u0151 akkumul\u00e1torokat.<\/p>\n<p style=\"font-weight: 400;\"><em>&#8220;\u00c9s amikor mindennek v\u00e9ge? Egy pillanatra fell\u00e9legzem, de azt\u00e1n azonnal \u00e1tkapcsolok a k\u00f6vetkez\u0151 esem\u00e9nyre. Mindig van m\u00e9g mit csin\u00e1lni&#8221;<\/em> &#8211; mondta Ku\u010dera.<\/p>\n","protected":false},"excerpt":{"rendered":"<p>M\u00e1sodpercekkel a La Vuelta Espa\u00f1a els\u0151 szakasza el\u0151tt t\u00f6bb ezer ember gyomr\u00e1ban repkedtek pillang\u00f3k. De a rajong\u00f3k, n\u00e9z\u0151k, szurkol\u00f3k \u00e9s [&hellip;]<\/p>\n","protected":false},"author":71,"featured_media":17855,"comment_status":"open","ping_status":"open","sticky":false,"template":"","format":"standard","meta":{"footnotes":""},"categories":[8],"tags":[],"global-categories":[],"class_list":["post-17851","post","type-post","status-publish","format-standard","has-post-thumbnail","hentry","category-orszaguti-kerekpar"],"yoast_head":"<!-- This site is optimized with the Yoast SEO Premium plugin v25.3 (Yoast SEO v25.9) - https:\/\/yoast.com\/wordpress\/plugins\/seo\/ -->\n<title>H\u0151s\u00f6k a La Vuelta \u0160koda aut\u00f3iban: a \u201cCar Boys\u201d<\/title>\n<meta name=\"description\" content=\"M\u00e1sodpercekkel a La Vuelta Espa\u00f1a els\u0151 szakasza el\u0151tt t\u00f6bb ezer ember gyomr\u00e1ban repkedtek pillang\u00f3k. De a rajong\u00f3k, n\u00e9z\u0151k, szurkol\u00f3k \u00e9s r\u00e9sztvev\u0151k sokas\u00e1g\u00e1b\u00f3l k\u00e9t ember m\u00e9gis kit\u0171nt: az egyik\u0151j\u00fck Javier Guill\u00e9n versenyigazgat\u00f3, illetve egy f\u00e9rfi, akinek a szeme mindig a v\u00f6r\u00f6s felvezet\u0151aut\u00f3ra szegez\u0151dik.\" \/>\n<meta name=\"robots\" content=\"index, follow, max-snippet:-1, max-image-preview:large, max-video-preview:-1\" \/>\n<link rel=\"canonical\" href=\"https:\/\/www.welovecycling.com\/hu\/orszaguti-kerekpar\/hosok-a-la-vuelta-skoda-autoiban-a-car-boys\/\" \/>\n<meta property=\"og:locale\" content=\"hu_HU\" \/>\n<meta property=\"og:type\" content=\"article\" \/>\n<meta property=\"og:title\" content=\"H\u0151s\u00f6k a La Vuelta \u0160koda aut\u00f3iban: a \u201cCar Boys\u201d\" \/>\n<meta property=\"og:description\" content=\"M\u00e1sodpercekkel a La Vuelta Espa\u00f1a els\u0151 szakasza el\u0151tt t\u00f6bb ezer ember gyomr\u00e1ban repkedtek pillang\u00f3k. De a rajong\u00f3k, n\u00e9z\u0151k, szurkol\u00f3k \u00e9s r\u00e9sztvev\u0151k sokas\u00e1g\u00e1b\u00f3l k\u00e9t ember m\u00e9gis kit\u0171nt: az egyik\u0151j\u00fck Javier Guill\u00e9n versenyigazgat\u00f3, illetve egy f\u00e9rfi, akinek a szeme mindig a v\u00f6r\u00f6s felvezet\u0151aut\u00f3ra szegez\u0151dik.\" \/>\n<meta property=\"og:url\" content=\"https:\/\/www.welovecycling.com\/hu\/orszaguti-kerekpar\/hosok-a-la-vuelta-skoda-autoiban-a-car-boys\/\" \/>\n<meta property=\"og:site_name\" content=\"\u0160koda We Love Cycling - Magyarorsz\u00e1g\" \/>\n<meta property=\"article:publisher\" content=\"https:\/\/www.facebook.com\/WeLoveCyclingHungary\/\" \/>\n<meta property=\"article:published_time\" content=\"2023-09-04T06:00:47+00:00\" \/>\n<meta property=\"og:image\" content=\"https:\/\/d2p6e6u75xmxt8.cloudfront.net\/12\/2023\/09\/Petr-Kucera-La-Vuelta-CVR.webp\" \/>\n\t<meta property=\"og:image:width\" content=\"990\" \/>\n\t<meta property=\"og:image:height\" content=\"660\" \/>\n\t<meta property=\"og:image:type\" content=\"image\/webp\" \/>\n<meta name=\"author\" content=\"hegyizs\" \/>\n<meta name=\"twitter:card\" content=\"summary_large_image\" \/>\n<meta name=\"twitter:label1\" content=\"Written by\" \/>\n\t<meta name=\"twitter:data1\" content=\"Adam Marsal\" \/>\n\t<meta name=\"twitter:label2\" content=\"Est. reading time\" \/>\n\t<meta name=\"twitter:data2\" content=\"4\" \/>\n<script type=\"application\/ld+json\" class=\"yoast-schema-graph\">{\"@context\":\"https:\/\/schema.org\",\"@graph\":[{\"@type\":\"WebPage\",\"@id\":\"https:\/\/www.welovecycling.com\/hu\/orszaguti-kerekpar\/hosok-a-la-vuelta-skoda-autoiban-a-car-boys\/\",\"url\":\"https:\/\/www.welovecycling.com\/hu\/orszaguti-kerekpar\/hosok-a-la-vuelta-skoda-autoiban-a-car-boys\/\",\"name\":\"H\u0151s\u00f6k a La Vuelta \u0160koda aut\u00f3iban: a \u201cCar Boys\u201d\",\"isPartOf\":{\"@id\":\"https:\/\/www.welovecycling.com\/hu\/#website\"},\"primaryImageOfPage\":{\"@id\":\"https:\/\/www.welovecycling.com\/hu\/orszaguti-kerekpar\/hosok-a-la-vuelta-skoda-autoiban-a-car-boys\/#primaryimage\"},\"image\":{\"@id\":\"https:\/\/www.welovecycling.com\/hu\/orszaguti-kerekpar\/hosok-a-la-vuelta-skoda-autoiban-a-car-boys\/#primaryimage\"},\"thumbnailUrl\":\"https:\/\/d2p6e6u75xmxt8.cloudfront.net\/12\/2023\/09\/Petr-Kucera-La-Vuelta-CVR.webp\",\"datePublished\":\"2023-09-04T06:00:47+00:00\",\"author\":{\"@id\":\"https:\/\/www.welovecycling.com\/hu\/#\/schema\/person\/414a2aebf1801691a5320edb6468e194\"},\"description\":\"M\u00e1sodpercekkel a La Vuelta Espa\u00f1a els\u0151 szakasza el\u0151tt t\u00f6bb ezer ember gyomr\u00e1ban repkedtek pillang\u00f3k. De a rajong\u00f3k, n\u00e9z\u0151k, szurkol\u00f3k \u00e9s r\u00e9sztvev\u0151k sokas\u00e1g\u00e1b\u00f3l k\u00e9t ember m\u00e9gis kit\u0171nt: az egyik\u0151j\u00fck Javier Guill\u00e9n versenyigazgat\u00f3, illetve egy f\u00e9rfi, akinek a szeme mindig a v\u00f6r\u00f6s felvezet\u0151aut\u00f3ra szegez\u0151dik.\",\"breadcrumb\":{\"@id\":\"https:\/\/www.welovecycling.com\/hu\/orszaguti-kerekpar\/hosok-a-la-vuelta-skoda-autoiban-a-car-boys\/#breadcrumb\"},\"inLanguage\":\"hu\",\"potentialAction\":[{\"@type\":\"ReadAction\",\"target\":[\"https:\/\/www.welovecycling.com\/hu\/orszaguti-kerekpar\/hosok-a-la-vuelta-skoda-autoiban-a-car-boys\/\"]}]},{\"@type\":\"ImageObject\",\"inLanguage\":\"hu\",\"@id\":\"https:\/\/www.welovecycling.com\/hu\/orszaguti-kerekpar\/hosok-a-la-vuelta-skoda-autoiban-a-car-boys\/#primaryimage\",\"url\":\"https:\/\/d2p6e6u75xmxt8.cloudfront.net\/12\/2023\/09\/Petr-Kucera-La-Vuelta-CVR.webp\",\"contentUrl\":\"https:\/\/d2p6e6u75xmxt8.cloudfront.net\/12\/2023\/09\/Petr-Kucera-La-Vuelta-CVR.webp\",\"width\":990,\"height\":660,\"caption\":\"Petr Ku\u010dera\"},{\"@type\":\"BreadcrumbList\",\"@id\":\"https:\/\/www.welovecycling.com\/hu\/orszaguti-kerekpar\/hosok-a-la-vuelta-skoda-autoiban-a-car-boys\/#breadcrumb\",\"itemListElement\":[{\"@type\":\"ListItem\",\"position\":1,\"name\":\"Home\",\"item\":\"https:\/\/www.welovecycling.com\/hu\/\"},{\"@type\":\"ListItem\",\"position\":2,\"name\":\"H\u0151s\u00f6k a La Vuelta \u0160koda aut\u00f3iban: a \u201cCar Boys\u201d\"}]},{\"@type\":\"WebSite\",\"@id\":\"https:\/\/www.welovecycling.com\/hu\/#website\",\"url\":\"https:\/\/www.welovecycling.com\/hu\/\",\"name\":\"\u0160koda We Love Cycling - Magyarorsz\u00e1g\",\"description\":\"\u0160koda WeLoveCycling\",\"potentialAction\":[{\"@type\":\"SearchAction\",\"target\":{\"@type\":\"EntryPoint\",\"urlTemplate\":\"https:\/\/www.welovecycling.com\/hu\/?s={search_term_string}\"},\"query-input\":{\"@type\":\"PropertyValueSpecification\",\"valueRequired\":true,\"valueName\":\"search_term_string\"}}],\"inLanguage\":\"hu\"},{\"@type\":\"Person\",\"@id\":\"https:\/\/www.welovecycling.com\/hu\/#\/schema\/person\/414a2aebf1801691a5320edb6468e194\",\"name\":\"hegyizs\",\"image\":{\"@type\":\"ImageObject\",\"inLanguage\":\"hu\",\"@id\":\"https:\/\/www.welovecycling.com\/hu\/#\/schema\/person\/image\/\",\"url\":\"https:\/\/secure.gravatar.com\/avatar\/02cf8a7906b8cf90cecb4679defac7cfd33a1c2e3b88e4903d947f3bb58eedd3?s=96&d=mm&r=g\",\"contentUrl\":\"https:\/\/secure.gravatar.com\/avatar\/02cf8a7906b8cf90cecb4679defac7cfd33a1c2e3b88e4903d947f3bb58eedd3?s=96&d=mm&r=g\",\"caption\":\"hegyizs\"},\"url\":\"https:\/\/www.welovecycling.com\/hu\/author\/hegyizs\/\"}]}<\/script>\n<!-- \/ Yoast SEO Premium plugin. -->","yoast_head_json":{"title":"H\u0151s\u00f6k a La Vuelta \u0160koda aut\u00f3iban: a \u201cCar Boys\u201d","description":"M\u00e1sodpercekkel a La Vuelta Espa\u00f1a els\u0151 szakasza el\u0151tt t\u00f6bb ezer ember gyomr\u00e1ban repkedtek pillang\u00f3k. De a rajong\u00f3k, n\u00e9z\u0151k, szurkol\u00f3k \u00e9s r\u00e9sztvev\u0151k sokas\u00e1g\u00e1b\u00f3l k\u00e9t ember m\u00e9gis kit\u0171nt: az egyik\u0151j\u00fck Javier Guill\u00e9n versenyigazgat\u00f3, illetve egy f\u00e9rfi, akinek a szeme mindig a v\u00f6r\u00f6s felvezet\u0151aut\u00f3ra szegez\u0151dik.","robots":{"index":"index","follow":"follow","max-snippet":"max-snippet:-1","max-image-preview":"max-image-preview:large","max-video-preview":"max-video-preview:-1"},"canonical":"https:\/\/www.welovecycling.com\/hu\/orszaguti-kerekpar\/hosok-a-la-vuelta-skoda-autoiban-a-car-boys\/","og_locale":"hu_HU","og_type":"article","og_title":"H\u0151s\u00f6k a La Vuelta \u0160koda aut\u00f3iban: a \u201cCar Boys\u201d","og_description":"M\u00e1sodpercekkel a La Vuelta Espa\u00f1a els\u0151 szakasza el\u0151tt t\u00f6bb ezer ember gyomr\u00e1ban repkedtek pillang\u00f3k. De a rajong\u00f3k, n\u00e9z\u0151k, szurkol\u00f3k \u00e9s r\u00e9sztvev\u0151k sokas\u00e1g\u00e1b\u00f3l k\u00e9t ember m\u00e9gis kit\u0171nt: az egyik\u0151j\u00fck Javier Guill\u00e9n versenyigazgat\u00f3, illetve egy f\u00e9rfi, akinek a szeme mindig a v\u00f6r\u00f6s felvezet\u0151aut\u00f3ra szegez\u0151dik.","og_url":"https:\/\/www.welovecycling.com\/hu\/orszaguti-kerekpar\/hosok-a-la-vuelta-skoda-autoiban-a-car-boys\/","og_site_name":"\u0160koda We Love Cycling - Magyarorsz\u00e1g","article_publisher":"https:\/\/www.facebook.com\/WeLoveCyclingHungary\/","article_published_time":"2023-09-04T06:00:47+00:00","og_image":[{"width":990,"height":660,"url":"https:\/\/d2p6e6u75xmxt8.cloudfront.net\/12\/2023\/09\/Petr-Kucera-La-Vuelta-CVR.webp","type":"image\/webp"}],"author":"hegyizs","twitter_card":"summary_large_image","twitter_misc":{"Written by":"Adam Marsal","Est. reading time":"4"},"schema":{"@context":"https:\/\/schema.org","@graph":[{"@type":"WebPage","@id":"https:\/\/www.welovecycling.com\/hu\/orszaguti-kerekpar\/hosok-a-la-vuelta-skoda-autoiban-a-car-boys\/","url":"https:\/\/www.welovecycling.com\/hu\/orszaguti-kerekpar\/hosok-a-la-vuelta-skoda-autoiban-a-car-boys\/","name":"H\u0151s\u00f6k a La Vuelta \u0160koda aut\u00f3iban: a \u201cCar Boys\u201d","isPartOf":{"@id":"https:\/\/www.welovecycling.com\/hu\/#website"},"primaryImageOfPage":{"@id":"https:\/\/www.welovecycling.com\/hu\/orszaguti-kerekpar\/hosok-a-la-vuelta-skoda-autoiban-a-car-boys\/#primaryimage"},"image":{"@id":"https:\/\/www.welovecycling.com\/hu\/orszaguti-kerekpar\/hosok-a-la-vuelta-skoda-autoiban-a-car-boys\/#primaryimage"},"thumbnailUrl":"https:\/\/d2p6e6u75xmxt8.cloudfront.net\/12\/2023\/09\/Petr-Kucera-La-Vuelta-CVR.webp","datePublished":"2023-09-04T06:00:47+00:00","author":{"@id":"https:\/\/www.welovecycling.com\/hu\/#\/schema\/person\/414a2aebf1801691a5320edb6468e194"},"description":"M\u00e1sodpercekkel a La Vuelta Espa\u00f1a els\u0151 szakasza el\u0151tt t\u00f6bb ezer ember gyomr\u00e1ban repkedtek pillang\u00f3k. De a rajong\u00f3k, n\u00e9z\u0151k, szurkol\u00f3k \u00e9s r\u00e9sztvev\u0151k sokas\u00e1g\u00e1b\u00f3l k\u00e9t ember m\u00e9gis kit\u0171nt: az egyik\u0151j\u00fck Javier Guill\u00e9n versenyigazgat\u00f3, illetve egy f\u00e9rfi, akinek a szeme mindig a v\u00f6r\u00f6s felvezet\u0151aut\u00f3ra szegez\u0151dik.","breadcrumb":{"@id":"https:\/\/www.welovecycling.com\/hu\/orszaguti-kerekpar\/hosok-a-la-vuelta-skoda-autoiban-a-car-boys\/#breadcrumb"},"inLanguage":"hu","potentialAction":[{"@type":"ReadAction","target":["https:\/\/www.welovecycling.com\/hu\/orszaguti-kerekpar\/hosok-a-la-vuelta-skoda-autoiban-a-car-boys\/"]}]},{"@type":"ImageObject","inLanguage":"hu","@id":"https:\/\/www.welovecycling.com\/hu\/orszaguti-kerekpar\/hosok-a-la-vuelta-skoda-autoiban-a-car-boys\/#primaryimage","url":"https:\/\/d2p6e6u75xmxt8.cloudfront.net\/12\/2023\/09\/Petr-Kucera-La-Vuelta-CVR.webp","contentUrl":"https:\/\/d2p6e6u75xmxt8.cloudfront.net\/12\/2023\/09\/Petr-Kucera-La-Vuelta-CVR.webp","width":990,"height":660,"caption":"Petr Ku\u010dera"},{"@type":"BreadcrumbList","@id":"https:\/\/www.welovecycling.com\/hu\/orszaguti-kerekpar\/hosok-a-la-vuelta-skoda-autoiban-a-car-boys\/#breadcrumb","itemListElement":[{"@type":"ListItem","position":1,"name":"Home","item":"https:\/\/www.welovecycling.com\/hu\/"},{"@type":"ListItem","position":2,"name":"H\u0151s\u00f6k a La Vuelta \u0160koda aut\u00f3iban: a \u201cCar Boys\u201d"}]},{"@type":"WebSite","@id":"https:\/\/www.welovecycling.com\/hu\/#website","url":"https:\/\/www.welovecycling.com\/hu\/","name":"\u0160koda We Love Cycling - Magyarorsz\u00e1g","description":"\u0160koda WeLoveCycling","potentialAction":[{"@type":"SearchAction","target":{"@type":"EntryPoint","urlTemplate":"https:\/\/www.welovecycling.com\/hu\/?s={search_term_string}"},"query-input":{"@type":"PropertyValueSpecification","valueRequired":true,"valueName":"search_term_string"}}],"inLanguage":"hu"},{"@type":"Person","@id":"https:\/\/www.welovecycling.com\/hu\/#\/schema\/person\/414a2aebf1801691a5320edb6468e194","name":"hegyizs","image":{"@type":"ImageObject","inLanguage":"hu","@id":"https:\/\/www.welovecycling.com\/hu\/#\/schema\/person\/image\/","url":"https:\/\/secure.gravatar.com\/avatar\/02cf8a7906b8cf90cecb4679defac7cfd33a1c2e3b88e4903d947f3bb58eedd3?s=96&d=mm&r=g","contentUrl":"https:\/\/secure.gravatar.com\/avatar\/02cf8a7906b8cf90cecb4679defac7cfd33a1c2e3b88e4903d947f3bb58eedd3?s=96&d=mm&r=g","caption":"hegyizs"},"url":"https:\/\/www.welovecycling.com\/hu\/author\/hegyizs\/"}]}},"_links":{"self":[{"href":"https:\/\/www.welovecycling.com\/hu\/wp-json\/wp\/v2\/posts\/17851","targetHints":{"allow":["GET"]}}],"collection":[{"href":"https:\/\/www.welovecycling.com\/hu\/wp-json\/wp\/v2\/posts"}],"about":[{"href":"https:\/\/www.welovecycling.com\/hu\/wp-json\/wp\/v2\/types\/post"}],"author":[{"embeddable":true,"href":"https:\/\/www.welovecycling.com\/hu\/wp-json\/wp\/v2\/users\/71"}],"replies":[{"embeddable":true,"href":"https:\/\/www.welovecycling.com\/hu\/wp-json\/wp\/v2\/comments?post=17851"}],"version-history":[{"count":2,"href":"https:\/\/www.welovecycling.com\/hu\/wp-json\/wp\/v2\/posts\/17851\/revisions"}],"predecessor-version":[{"id":17856,"href":"https:\/\/www.welovecycling.com\/hu\/wp-json\/wp\/v2\/posts\/17851\/revisions\/17856"}],"wp:featuredmedia":[{"embeddable":true,"href":"https:\/\/www.welovecycling.com\/hu\/wp-json\/wp\/v2\/media\/17855"}],"wp:attachment":[{"href":"https:\/\/www.welovecycling.com\/hu\/wp-json\/wp\/v2\/media?parent=17851"}],"wp:term":[{"taxonomy":"category","embeddable":true,"href":"https:\/\/www.welovecycling.com\/hu\/wp-json\/wp\/v2\/categories?post=17851"},{"taxonomy":"post_tag","embeddable":true,"href":"https:\/\/www.welovecycling.com\/hu\/wp-json\/wp\/v2\/tags?post=17851"},{"taxonomy":"global-categories","embeddable":true,"href":"https:\/\/www.welovecycling.com\/hu\/wp-json\/wp\/v2\/global-categories?post=17851"}],"curies":[{"name":"wp","href":"https:\/\/api.w.org\/{rel}","templated":true}]}}