{"id":17842,"date":"2023-09-01T13:38:00","date_gmt":"2023-09-01T11:38:00","guid":{"rendered":"https:\/\/www.welovecycling.com\/hu\/?p=17842"},"modified":"2023-09-01T13:38:00","modified_gmt":"2023-09-01T11:38:00","slug":"valter-csapata-a-jumbo-viszi-a-show-t-a-vueltan-de-egyelore-nem-a-fo-sztarjaival-hanem-egy-meglepetesemberrel","status":"publish","type":"post","link":"https:\/\/www.welovecycling.com\/hu\/orszaguti-kerekpar\/valter-csapata-a-jumbo-viszi-a-show-t-a-vueltan-de-egyelore-nem-a-fo-sztarjaival-hanem-egy-meglepetesemberrel\/","title":{"rendered":"Valter csapata, a Jumbo viszi a show-t a Vuelt\u00e1n, de egyel\u0151re nem a f\u0151 szt\u00e1rjaival, hanem egy meglepet\u00e9semberrel"},"content":{"rendered":"<p><strong>Jonas Vingegaard \u00e9s Primoz Rogli\u010d tapadnak a c\u00edmv\u00e9d\u0151 Remco Evenepoelra, de az els\u0151 h\u00e9t v\u00e9g\u00e9n nevet\u0151 harmadik csapatt\u00e1rsuk, Sepp Kuss van a legk\u00f6zelebb a piros trik\u00f3hoz. Valter Attila a top t\u00edzben a fiatalok verseny\u00e9ben. <\/strong><!--more--><\/p>\n<p>Igaz\u00e1b\u00f3l az t\u00f6rt\u00e9nik, amit v\u00e1rni lehetett az idei Vuelta elej\u00e9n: a c\u00edmv\u00e9d\u0151 Remco Evenepoel megy, mint a meszes \u2013 a harmadik szakaszon m\u00e1ris \u00e1tvette a piros trik\u00f3t \u2013, a t\u00f6rt\u00e9nelmi tripl\u00e1z\u00e1sra k\u00e9sz\u00fcl\u0151 Jumbo-Visma szuperszt\u00e1rdu\u00f3ja, Jonas Vingegaard \u00e9s Primoz Rogli\u010d pedig egyel\u0151re egy\u00fcttes er\u0151vel lohol a nyak\u00e1ban. Csakhogy a spanyol k\u00f6r m\u00e1sodik hegyi befut\u00f3ja ut\u00e1n m\u00e9giscsak megbicsaklott n\u00e9mileg a pap\u00edrforma, \u00e9s egy remekbe szabott Jumbo-gy\u0151zelem ut\u00e1n a piros leker\u00fclt Evenepoelr\u00f3l \u2013 viszont a t\u00f6rt\u00e9net f\u0151szerepl\u0151i m\u00e9g mindig nem azok, akiket val\u00f3sz\u00edn\u0171s\u00edthet\u0151en felt\u00e9telezn\u00e9nk.<\/p>\n<h2><strong>Hogy is van ez?<\/strong><\/h2>\n<figure id=\"attachment_17845\" aria-describedby=\"caption-attachment-17845\" style=\"width: 1024px\" class=\"wp-caption alignnone\"><img loading=\"lazy\" decoding=\"async\" class=\"size-large wp-image-17845\" src=\"https:\/\/d2p6e6u75xmxt8.cloudfront.net\/12\/2023\/09\/16934883320149-1024x683.webp\" alt=\"\" width=\"1024\" height=\"683\" srcset=\"https:\/\/d2p6e6u75xmxt8.cloudfront.net\/12\/2023\/09\/16934883320149-1024x683.webp 1024w, https:\/\/d2p6e6u75xmxt8.cloudfront.net\/12\/2023\/09\/16934883320149-300x200.webp 300w, https:\/\/d2p6e6u75xmxt8.cloudfront.net\/12\/2023\/09\/16934883320149-768x512.webp 768w, https:\/\/d2p6e6u75xmxt8.cloudfront.net\/12\/2023\/09\/16934883320149-400x267.webp 400w, https:\/\/d2p6e6u75xmxt8.cloudfront.net\/12\/2023\/09\/16934883320149-272x182.webp 272w, https:\/\/d2p6e6u75xmxt8.cloudfront.net\/12\/2023\/09\/16934883320149.webp 1200w\" sizes=\"auto, (max-width: 1024px) 100vw, 1024px\" \/><figcaption id=\"caption-attachment-17845\" class=\"wp-caption-text\">Evenepoel h\u00e1rom napon \u00e1t \u0151rizte a piros trik\u00f3t, azt\u00e1n a hatodikon leadta (fot\u00f3: Manuel Bruque\/Efe)<\/figcaption><\/figure>\n<p>Evenepoel m\u00e1r eleve nem mindennapi k\u00f6r\u00fclm\u00e9nyek k\u00f6z\u00f6tt vette \u00e1t az \u00f6sszetett \u00e9llovasnak j\u00e1r\u00f3 piros megk\u00fcl\u00f6nb\u00f6ztet\u0151 mezt az els\u0151, andorrai hegyi befut\u00f3 megnyer\u00e9s\u00e9vel. A belga klasszist ugyanis szokatlan (de ha lehet ilyet mondani, szerencs\u00e9s) m\u00f3don ez\u00fattal nem a szakasz k\u00f6zben, hanem rendhagy\u00f3 m\u00f3don m\u00e1r a c\u00e9lba \u00e9r\u00e9s ut\u00e1n \u00e9rte egy nem mindennapi baleset: a c\u00e9lvonalon val\u00f3 \u00e1thalad\u00e1s ut\u00e1n is l\u00e1tv\u00e1nyos lend\u00fcletben maradt, aminek \u201ek\u00f6sz\u00f6nhet\u0151en\u201d el\u00fct\u00f6tt egy, mint ut\u00f3bb kider\u00fclt, az andorrai hat\u00f3s\u00e1gokn\u00e1l szolg\u00e1l\u00f3 \u00e9s a helysz\u00ednt biztos\u00edt\u00f3 rend\u0151rt, \u00e9s mindketten a f\u00f6ldre ker\u00fcltek. Olyannyira, hogy Evenepoelnak m\u00e9g a szem\u00f6ld\u00f6ke is felrepedt, \u00edgy a p\u00f3diumcerem\u00f3nia el\u0151tt r\u00f6gt\u00f6nz\u00f6tt orvosi gyorsell\u00e1t\u00e1sban kellett r\u00e9szes\u00edteni \u2013 szerencs\u00e9re nagyobb volt az ijeds\u00e9g, mint a t\u00e9nyleges baj, Evenepoel v\u00e9g\u00fcl a kiss\u00e9 sz\u00fcrre\u00e1lis eset ut\u00e1n mosolyogva t\u0171rte, am\u00edg letiszt\u00edtott\u00e1k v\u00e9rz\u0151 arc\u00e1t.<\/p>\n<figure id=\"attachment_17846\" aria-describedby=\"caption-attachment-17846\" style=\"width: 1024px\" class=\"wp-caption alignnone\"><img loading=\"lazy\" decoding=\"async\" class=\"size-large wp-image-17846\" src=\"https:\/\/d2p6e6u75xmxt8.cloudfront.net\/12\/2023\/09\/Evenepoel-Rafa-Gomez-SprintCyclingAgency-1-1200x800-1-1024x683.webp\" alt=\"\" width=\"1024\" height=\"683\" srcset=\"https:\/\/d2p6e6u75xmxt8.cloudfront.net\/12\/2023\/09\/Evenepoel-Rafa-Gomez-SprintCyclingAgency-1-1200x800-1-1024x683.webp 1024w, https:\/\/d2p6e6u75xmxt8.cloudfront.net\/12\/2023\/09\/Evenepoel-Rafa-Gomez-SprintCyclingAgency-1-1200x800-1-300x200.webp 300w, https:\/\/d2p6e6u75xmxt8.cloudfront.net\/12\/2023\/09\/Evenepoel-Rafa-Gomez-SprintCyclingAgency-1-1200x800-1-768x512.webp 768w, https:\/\/d2p6e6u75xmxt8.cloudfront.net\/12\/2023\/09\/Evenepoel-Rafa-Gomez-SprintCyclingAgency-1-1200x800-1-400x267.webp 400w, https:\/\/d2p6e6u75xmxt8.cloudfront.net\/12\/2023\/09\/Evenepoel-Rafa-Gomez-SprintCyclingAgency-1-1200x800-1-272x182.webp 272w, https:\/\/d2p6e6u75xmxt8.cloudfront.net\/12\/2023\/09\/Evenepoel-Rafa-Gomez-SprintCyclingAgency-1-1200x800-1.webp 1200w\" sizes=\"auto, (max-width: 1024px) 100vw, 1024px\" \/><figcaption id=\"caption-attachment-17846\" class=\"wp-caption-text\">\u201e\u00c9n \u00edgy szoktam c\u00e9lba \u00e9rni\u2026\u201d (fot\u00f3: Rafa Gomez\/SprintCyclingAgency)<\/figcaption><\/figure>\n<p>A piros trik\u00f3t azt\u00e1n tov\u00e1bbi h\u00e1rom napon \u00e1t meg\u0151rz\u0151 Evenepoel a cs\u00fct\u00f6rt\u00f6ki hatodik etapon viszont megzuhant, a szakaszt csak a 24. helyen tudta befejezni \u2013 \u00f6t poz\u00edci\u00f3val Valter Attila el\u0151tt \u2013, az \u00fajfent kar\u00f6ltve a c\u00e9lba teker\u0151 Rogli\u010d &#8211; Vingegaard kett\u0151s pedig \u00edgy t\u00f6bb mint f\u00e9l percet hozott rajta az \u00f6sszetettben. \u00c1m a nap \u00edgy sem r\u00f3luk, hanem t\u00e1rsukr\u00f3l, Sepp Kussr\u00f3l sz\u00f3lt, aki nem mellesleg az eg\u00e9sz nap sz\u00f6k\u0151, \u00e9s v\u00e9gig \u00f3ri\u00e1sit dolgoz\u00f3 Valter Ati hathat\u00f3s seg\u00edts\u00e9g\u00e9vel haza tudott \u00e9rni, \u00e9s v\u00e9g\u00fcl t\u00f6bb mint 2,5 kilom\u00e9teres sz\u00f3l\u00f3gy\u0151zelmet aratott, majd\u2019 f\u00e9l perccel megel\u0151zve a m\u00f6g\u00f6tte beteker\u0151 Lenny Martinezt. \u00cdgy azonban mindketten \u00f6r\u00fclhettek: Kuss a szakaszgy\u0151zelemnek, Martinez pedig annak, hogy ily m\u00f3don \u0151r\u00e1 ker\u00fclt \u00e1t a piros trik\u00f3 \u2013 a k\u00e9t meglepet\u00e9sember k\u00f6z\u00f6tt hat szakasz ut\u00e1n mind\u00f6ssze 8 m\u00e1sodpercnyi k\u00fcl\u00f6nbs\u00e9g volt. Vingegaard \u00e9s Rogli\u010d pedig a hegyen nekik seg\u00edt\u0151 Valternek is k\u00f6sz\u00f6nhet\u0151en 5, illetve 9 m\u00e1sodpercre k\u00f6zel\u00edtett\u00e9k meg az els\u0151r\u0151l a 9. helyre visszaes\u0151 Evenepoelt, aki viszont term\u00e9szetesen nem esett k\u00e9ts\u00e9gbe, ut\u00f3lag elmondta, ha ezzel az egy megzuhan\u00e1ssal letudta a rossz napj\u00e1t a Vuelt\u00e1n, akkor nincs semmi gond \u2013 nyilv\u00e1n akkor lesz, ha m\u00e9gsem csup\u00e1n err\u0151l van sz\u00f3.<\/p>\n<figure id=\"attachment_17843\" aria-describedby=\"caption-attachment-17843\" style=\"width: 780px\" class=\"wp-caption alignnone\"><img loading=\"lazy\" decoding=\"async\" class=\"size-full wp-image-17843\" src=\"https:\/\/d2p6e6u75xmxt8.cloudfront.net\/12\/2023\/09\/77081_tourespagne20236bis.webp\" alt=\"\" width=\"780\" height=\"456\" srcset=\"https:\/\/d2p6e6u75xmxt8.cloudfront.net\/12\/2023\/09\/77081_tourespagne20236bis.webp 780w, https:\/\/d2p6e6u75xmxt8.cloudfront.net\/12\/2023\/09\/77081_tourespagne20236bis-300x175.webp 300w, https:\/\/d2p6e6u75xmxt8.cloudfront.net\/12\/2023\/09\/77081_tourespagne20236bis-768x449.webp 768w, https:\/\/d2p6e6u75xmxt8.cloudfront.net\/12\/2023\/09\/77081_tourespagne20236bis-400x234.webp 400w\" sizes=\"auto, (max-width: 780px) 100vw, 780px\" \/><figcaption id=\"caption-attachment-17843\" class=\"wp-caption-text\">Kussnak is, Martineznek is volt mi\u00e9rt \u00f6r\u00fclnie (fot\u00f3k: @lavuelta \/ @GroupamaFDJ, forr\u00e1s: cyclismactu.net)<\/figcaption><\/figure>\n<p>Valter Ati mindenesetre a kem\u00e9ny \u00e9s gyors hegyi szakasz ut\u00e1n az Eurosportnak azt nyilatkozta, az utols\u00f3 \u00f6t kilom\u00e9teren \u201em\u00e1r az \u00e9let\u00e9\u00e9rt k\u00fczd\u00f6tt\u201d, hiszen eg\u00e9sz nap \u00f3ri\u00e1si volt a temp\u00f3, \u0151 pedig rengeteget v\u00e1llalt, de csapatt\u00e1rsa siker\u00e9\u00e9rt meg\u00e9rte; illetve az\u00e9rt is, mert a k\u00e9t kapit\u00e1nynak tudott seg\u00edteni a f\u0151 riv\u00e1lishoz k\u00e9pesti h\u00e1tr\u00e1nyuk farag\u00e1s\u00e1ban. Vagy ahogy k\u00f6z\u00f6ss\u00e9gi oldal\u00e1n \u00edrta: <em>\u201eAz ilyen napok\u00e9rt \u00e9rdemes ker\u00e9kp\u00e1rozni! Enn\u00e9l jobban tal\u00e1n nem is alakulhatott volna sz\u00e1munkra ez az elk\u00e9peszt\u0151en neh\u00e9z szakasz! A mindig mosolyg\u00f3s Sepp megnyerte a szakaszt, m\u00edg \u00f6sszetettben \u00e9rt\u00e9kes m\u00e1sodperceket szerezt\u00fcnk! Ezeket a k\u00e9peket az unok\u00e1imnak is mutogatni fogom<\/em>.\u201d<\/p>\n<figure id=\"attachment_17844\" aria-describedby=\"caption-attachment-17844\" style=\"width: 1024px\" class=\"wp-caption alignnone\"><img loading=\"lazy\" decoding=\"async\" class=\"size-large wp-image-17844\" src=\"https:\/\/d2p6e6u75xmxt8.cloudfront.net\/12\/2023\/09\/370771589_754599600009255_1482616833702195701_n-1024x683.webp\" alt=\"\" width=\"1024\" height=\"683\" srcset=\"https:\/\/d2p6e6u75xmxt8.cloudfront.net\/12\/2023\/09\/370771589_754599600009255_1482616833702195701_n-1024x683.webp 1024w, https:\/\/d2p6e6u75xmxt8.cloudfront.net\/12\/2023\/09\/370771589_754599600009255_1482616833702195701_n-300x200.webp 300w, https:\/\/d2p6e6u75xmxt8.cloudfront.net\/12\/2023\/09\/370771589_754599600009255_1482616833702195701_n-768x512.webp 768w, https:\/\/d2p6e6u75xmxt8.cloudfront.net\/12\/2023\/09\/370771589_754599600009255_1482616833702195701_n-400x267.webp 400w, https:\/\/d2p6e6u75xmxt8.cloudfront.net\/12\/2023\/09\/370771589_754599600009255_1482616833702195701_n-272x182.webp 272w, https:\/\/d2p6e6u75xmxt8.cloudfront.net\/12\/2023\/09\/370771589_754599600009255_1482616833702195701_n.webp 1200w\" sizes=\"auto, (max-width: 1024px) 100vw, 1024px\" \/><figcaption id=\"caption-attachment-17844\" class=\"wp-caption-text\">\u00d3ri\u00e1si k\u00e9p: a hatalmasat dolgoz\u00f3 Valter Attila vezet az idei Tour- \u00e9s az idei Giro-gy\u0151ztesnek, Vingegaard-nak \u00e9s Rogli\u010dnak (forr\u00e1s: Facebook\/Valter Attila)<\/figcaption><\/figure>\n<p>A Vuelta a h\u00e9tf\u0151i sz\u00fcnnap \u00e9s a keddi, teljesen s\u00edk egy\u00e9ni id\u0151futam el\u0151tt h\u00e1rom dombosabb etappal folytat\u00f3dik, \u00e9s noha Sepp Kuss azt nyilatkozta, att\u00f3l, hogy most mind\u00f6ssze 8 m\u00e1sodperc v\u00e1lasztja el az \u00f6sszetett els\u0151 helyt\u0151l, m\u00e9g nem l\u00e9pett el\u0151 csapaton bel\u00fcli \u00e9s versenyfavoritt\u00e1, nem lenn\u00e9nk meglepve, ha megpr\u00f3b\u00e1lna m\u00e9giscsak r\u00e1menni, legal\u00e1bb ideiglenesen \u2013 p\u00e9ld\u00e1ul praktikusan \u00fajfent Valter Ati seg\u00edts\u00e9g\u00e9vel.<\/p>\n","protected":false},"excerpt":{"rendered":"<p>Jonas Vingegaard \u00e9s Primoz Rogli\u010d tapadnak a c\u00edmv\u00e9d\u0151 Remco Evenepoelra, de az els\u0151 h\u00e9t v\u00e9g\u00e9n nevet\u0151 harmadik csapatt\u00e1rsuk, Sepp Kuss [&hellip;]<\/p>\n","protected":false},"author":71,"featured_media":17847,"comment_status":"open","ping_status":"open","sticky":false,"template":"","format":"standard","meta":{"footnotes":""},"categories":[8],"tags":[477,478],"global-categories":[419],"class_list":["post-17842","post","type-post","status-publish","format-standard","has-post-thumbnail","hentry","category-orszaguti-kerekpar","tag-valter-attila","tag-vuelta","global-categories-cycling"],"yoast_head":"<!-- This site is optimized with the Yoast SEO Premium plugin v25.3 (Yoast SEO v25.9) - https:\/\/yoast.com\/wordpress\/plugins\/seo\/ -->\n<title>Valter csapata, a Jumbo viszi a show-t a Vuelt\u00e1n, de egyel\u0151re nem a f\u0151 szt\u00e1rjaival, hanem egy meglepet\u00e9semberrel<\/title>\n<meta name=\"description\" content=\"Jonas Vingegaard \u00e9s Primoz Rogli\u010d tapadnak a c\u00edmv\u00e9d\u0151 Remco Evenepoelra, de az els\u0151 h\u00e9t v\u00e9g\u00e9n nevet\u0151 harmadik csapatt\u00e1rsuk, Sepp Kuss van a legk\u00f6zelebb a piros trik\u00f3hoz. Valter Attila a top t\u00edzben a fiatalok verseny\u00e9ben.\" \/>\n<meta name=\"robots\" content=\"index, follow, max-snippet:-1, max-image-preview:large, max-video-preview:-1\" \/>\n<link rel=\"canonical\" href=\"https:\/\/www.welovecycling.com\/hu\/orszaguti-kerekpar\/valter-csapata-a-jumbo-viszi-a-show-t-a-vueltan-de-egyelore-nem-a-fo-sztarjaival-hanem-egy-meglepetesemberrel\/\" \/>\n<meta property=\"og:locale\" content=\"hu_HU\" \/>\n<meta property=\"og:type\" content=\"article\" \/>\n<meta property=\"og:title\" content=\"Valter csapata, a Jumbo viszi a show-t a Vuelt\u00e1n, de egyel\u0151re nem a f\u0151 szt\u00e1rjaival, hanem egy meglepet\u00e9semberrel\" \/>\n<meta property=\"og:description\" content=\"Jonas Vingegaard \u00e9s Primoz Rogli\u010d tapadnak a c\u00edmv\u00e9d\u0151 Remco Evenepoelra, de az els\u0151 h\u00e9t v\u00e9g\u00e9n nevet\u0151 harmadik csapatt\u00e1rsuk, Sepp Kuss van a legk\u00f6zelebb a piros trik\u00f3hoz. Valter Attila a top t\u00edzben a fiatalok verseny\u00e9ben.\" \/>\n<meta property=\"og:url\" content=\"https:\/\/www.welovecycling.com\/hu\/orszaguti-kerekpar\/valter-csapata-a-jumbo-viszi-a-show-t-a-vueltan-de-egyelore-nem-a-fo-sztarjaival-hanem-egy-meglepetesemberrel\/\" \/>\n<meta property=\"og:site_name\" content=\"\u0160koda We Love Cycling - Magyarorsz\u00e1g\" \/>\n<meta property=\"article:publisher\" content=\"https:\/\/www.facebook.com\/WeLoveCyclingHungary\/\" \/>\n<meta property=\"article:published_time\" content=\"2023-09-01T11:38:00+00:00\" \/>\n<meta property=\"og:image\" content=\"https:\/\/d2p6e6u75xmxt8.cloudfront.net\/12\/2023\/09\/team-jumbo-vismas-us-rider-sepp-kuss-slaps-hands-with-news-photo-1693504392.webp\" \/>\n\t<meta property=\"og:image:width\" content=\"1200\" \/>\n\t<meta property=\"og:image:height\" content=\"800\" \/>\n\t<meta property=\"og:image:type\" content=\"image\/webp\" \/>\n<meta name=\"author\" content=\"hegyizs\" \/>\n<meta name=\"twitter:card\" content=\"summary_large_image\" \/>\n<meta name=\"twitter:label1\" content=\"Written by\" \/>\n\t<meta name=\"twitter:data1\" content=\"WLC\" \/>\n\t<meta name=\"twitter:label2\" content=\"Est. reading time\" \/>\n\t<meta name=\"twitter:data2\" content=\"5 minutes\" \/>\n<script type=\"application\/ld+json\" class=\"yoast-schema-graph\">{\"@context\":\"https:\/\/schema.org\",\"@graph\":[{\"@type\":\"WebPage\",\"@id\":\"https:\/\/www.welovecycling.com\/hu\/orszaguti-kerekpar\/valter-csapata-a-jumbo-viszi-a-show-t-a-vueltan-de-egyelore-nem-a-fo-sztarjaival-hanem-egy-meglepetesemberrel\/\",\"url\":\"https:\/\/www.welovecycling.com\/hu\/orszaguti-kerekpar\/valter-csapata-a-jumbo-viszi-a-show-t-a-vueltan-de-egyelore-nem-a-fo-sztarjaival-hanem-egy-meglepetesemberrel\/\",\"name\":\"Valter csapata, a Jumbo viszi a show-t a Vuelt\u00e1n, de egyel\u0151re nem a f\u0151 szt\u00e1rjaival, hanem egy meglepet\u00e9semberrel\",\"isPartOf\":{\"@id\":\"https:\/\/www.welovecycling.com\/hu\/#website\"},\"primaryImageOfPage\":{\"@id\":\"https:\/\/www.welovecycling.com\/hu\/orszaguti-kerekpar\/valter-csapata-a-jumbo-viszi-a-show-t-a-vueltan-de-egyelore-nem-a-fo-sztarjaival-hanem-egy-meglepetesemberrel\/#primaryimage\"},\"image\":{\"@id\":\"https:\/\/www.welovecycling.com\/hu\/orszaguti-kerekpar\/valter-csapata-a-jumbo-viszi-a-show-t-a-vueltan-de-egyelore-nem-a-fo-sztarjaival-hanem-egy-meglepetesemberrel\/#primaryimage\"},\"thumbnailUrl\":\"https:\/\/d2p6e6u75xmxt8.cloudfront.net\/12\/2023\/09\/team-jumbo-vismas-us-rider-sepp-kuss-slaps-hands-with-news-photo-1693504392.webp\",\"datePublished\":\"2023-09-01T11:38:00+00:00\",\"author\":{\"@id\":\"https:\/\/www.welovecycling.com\/hu\/#\/schema\/person\/414a2aebf1801691a5320edb6468e194\"},\"description\":\"Jonas Vingegaard \u00e9s Primoz Rogli\u010d tapadnak a c\u00edmv\u00e9d\u0151 Remco Evenepoelra, de az els\u0151 h\u00e9t v\u00e9g\u00e9n nevet\u0151 harmadik csapatt\u00e1rsuk, Sepp Kuss van a legk\u00f6zelebb a piros trik\u00f3hoz. Valter Attila a top t\u00edzben a fiatalok verseny\u00e9ben.\",\"breadcrumb\":{\"@id\":\"https:\/\/www.welovecycling.com\/hu\/orszaguti-kerekpar\/valter-csapata-a-jumbo-viszi-a-show-t-a-vueltan-de-egyelore-nem-a-fo-sztarjaival-hanem-egy-meglepetesemberrel\/#breadcrumb\"},\"inLanguage\":\"hu\",\"potentialAction\":[{\"@type\":\"ReadAction\",\"target\":[\"https:\/\/www.welovecycling.com\/hu\/orszaguti-kerekpar\/valter-csapata-a-jumbo-viszi-a-show-t-a-vueltan-de-egyelore-nem-a-fo-sztarjaival-hanem-egy-meglepetesemberrel\/\"]}]},{\"@type\":\"ImageObject\",\"inLanguage\":\"hu\",\"@id\":\"https:\/\/www.welovecycling.com\/hu\/orszaguti-kerekpar\/valter-csapata-a-jumbo-viszi-a-show-t-a-vueltan-de-egyelore-nem-a-fo-sztarjaival-hanem-egy-meglepetesemberrel\/#primaryimage\",\"url\":\"https:\/\/d2p6e6u75xmxt8.cloudfront.net\/12\/2023\/09\/team-jumbo-vismas-us-rider-sepp-kuss-slaps-hands-with-news-photo-1693504392.webp\",\"contentUrl\":\"https:\/\/d2p6e6u75xmxt8.cloudfront.net\/12\/2023\/09\/team-jumbo-vismas-us-rider-sepp-kuss-slaps-hands-with-news-photo-1693504392.webp\",\"width\":1200,\"height\":800,\"caption\":\"fot\u00f3: Jose Jordan\/Getty Images\"},{\"@type\":\"BreadcrumbList\",\"@id\":\"https:\/\/www.welovecycling.com\/hu\/orszaguti-kerekpar\/valter-csapata-a-jumbo-viszi-a-show-t-a-vueltan-de-egyelore-nem-a-fo-sztarjaival-hanem-egy-meglepetesemberrel\/#breadcrumb\",\"itemListElement\":[{\"@type\":\"ListItem\",\"position\":1,\"name\":\"Home\",\"item\":\"https:\/\/www.welovecycling.com\/hu\/\"},{\"@type\":\"ListItem\",\"position\":2,\"name\":\"Valter csapata, a Jumbo viszi a show-t a Vuelt\u00e1n, de egyel\u0151re nem a f\u0151 szt\u00e1rjaival, hanem egy meglepet\u00e9semberrel\"}]},{\"@type\":\"WebSite\",\"@id\":\"https:\/\/www.welovecycling.com\/hu\/#website\",\"url\":\"https:\/\/www.welovecycling.com\/hu\/\",\"name\":\"\u0160koda We Love Cycling - Magyarorsz\u00e1g\",\"description\":\"\u0160koda WeLoveCycling\",\"potentialAction\":[{\"@type\":\"SearchAction\",\"target\":{\"@type\":\"EntryPoint\",\"urlTemplate\":\"https:\/\/www.welovecycling.com\/hu\/?s={search_term_string}\"},\"query-input\":{\"@type\":\"PropertyValueSpecification\",\"valueRequired\":true,\"valueName\":\"search_term_string\"}}],\"inLanguage\":\"hu\"},{\"@type\":\"Person\",\"@id\":\"https:\/\/www.welovecycling.com\/hu\/#\/schema\/person\/414a2aebf1801691a5320edb6468e194\",\"name\":\"hegyizs\",\"image\":{\"@type\":\"ImageObject\",\"inLanguage\":\"hu\",\"@id\":\"https:\/\/www.welovecycling.com\/hu\/#\/schema\/person\/image\/\",\"url\":\"https:\/\/secure.gravatar.com\/avatar\/02cf8a7906b8cf90cecb4679defac7cfd33a1c2e3b88e4903d947f3bb58eedd3?s=96&d=mm&r=g\",\"contentUrl\":\"https:\/\/secure.gravatar.com\/avatar\/02cf8a7906b8cf90cecb4679defac7cfd33a1c2e3b88e4903d947f3bb58eedd3?s=96&d=mm&r=g\",\"caption\":\"hegyizs\"},\"url\":\"https:\/\/www.welovecycling.com\/hu\/author\/hegyizs\/\"}]}<\/script>\n<!-- \/ Yoast SEO Premium plugin. -->","yoast_head_json":{"title":"Valter csapata, a Jumbo viszi a show-t a Vuelt\u00e1n, de egyel\u0151re nem a f\u0151 szt\u00e1rjaival, hanem egy meglepet\u00e9semberrel","description":"Jonas Vingegaard \u00e9s Primoz Rogli\u010d tapadnak a c\u00edmv\u00e9d\u0151 Remco Evenepoelra, de az els\u0151 h\u00e9t v\u00e9g\u00e9n nevet\u0151 harmadik csapatt\u00e1rsuk, Sepp Kuss van a legk\u00f6zelebb a piros trik\u00f3hoz. Valter Attila a top t\u00edzben a fiatalok verseny\u00e9ben.","robots":{"index":"index","follow":"follow","max-snippet":"max-snippet:-1","max-image-preview":"max-image-preview:large","max-video-preview":"max-video-preview:-1"},"canonical":"https:\/\/www.welovecycling.com\/hu\/orszaguti-kerekpar\/valter-csapata-a-jumbo-viszi-a-show-t-a-vueltan-de-egyelore-nem-a-fo-sztarjaival-hanem-egy-meglepetesemberrel\/","og_locale":"hu_HU","og_type":"article","og_title":"Valter csapata, a Jumbo viszi a show-t a Vuelt\u00e1n, de egyel\u0151re nem a f\u0151 szt\u00e1rjaival, hanem egy meglepet\u00e9semberrel","og_description":"Jonas Vingegaard \u00e9s Primoz Rogli\u010d tapadnak a c\u00edmv\u00e9d\u0151 Remco Evenepoelra, de az els\u0151 h\u00e9t v\u00e9g\u00e9n nevet\u0151 harmadik csapatt\u00e1rsuk, Sepp Kuss van a legk\u00f6zelebb a piros trik\u00f3hoz. Valter Attila a top t\u00edzben a fiatalok verseny\u00e9ben.","og_url":"https:\/\/www.welovecycling.com\/hu\/orszaguti-kerekpar\/valter-csapata-a-jumbo-viszi-a-show-t-a-vueltan-de-egyelore-nem-a-fo-sztarjaival-hanem-egy-meglepetesemberrel\/","og_site_name":"\u0160koda We Love Cycling - Magyarorsz\u00e1g","article_publisher":"https:\/\/www.facebook.com\/WeLoveCyclingHungary\/","article_published_time":"2023-09-01T11:38:00+00:00","og_image":[{"width":1200,"height":800,"url":"https:\/\/d2p6e6u75xmxt8.cloudfront.net\/12\/2023\/09\/team-jumbo-vismas-us-rider-sepp-kuss-slaps-hands-with-news-photo-1693504392.webp","type":"image\/webp"}],"author":"hegyizs","twitter_card":"summary_large_image","twitter_misc":{"Written by":"WLC","Est. reading time":"5 minutes"},"schema":{"@context":"https:\/\/schema.org","@graph":[{"@type":"WebPage","@id":"https:\/\/www.welovecycling.com\/hu\/orszaguti-kerekpar\/valter-csapata-a-jumbo-viszi-a-show-t-a-vueltan-de-egyelore-nem-a-fo-sztarjaival-hanem-egy-meglepetesemberrel\/","url":"https:\/\/www.welovecycling.com\/hu\/orszaguti-kerekpar\/valter-csapata-a-jumbo-viszi-a-show-t-a-vueltan-de-egyelore-nem-a-fo-sztarjaival-hanem-egy-meglepetesemberrel\/","name":"Valter csapata, a Jumbo viszi a show-t a Vuelt\u00e1n, de egyel\u0151re nem a f\u0151 szt\u00e1rjaival, hanem egy meglepet\u00e9semberrel","isPartOf":{"@id":"https:\/\/www.welovecycling.com\/hu\/#website"},"primaryImageOfPage":{"@id":"https:\/\/www.welovecycling.com\/hu\/orszaguti-kerekpar\/valter-csapata-a-jumbo-viszi-a-show-t-a-vueltan-de-egyelore-nem-a-fo-sztarjaival-hanem-egy-meglepetesemberrel\/#primaryimage"},"image":{"@id":"https:\/\/www.welovecycling.com\/hu\/orszaguti-kerekpar\/valter-csapata-a-jumbo-viszi-a-show-t-a-vueltan-de-egyelore-nem-a-fo-sztarjaival-hanem-egy-meglepetesemberrel\/#primaryimage"},"thumbnailUrl":"https:\/\/d2p6e6u75xmxt8.cloudfront.net\/12\/2023\/09\/team-jumbo-vismas-us-rider-sepp-kuss-slaps-hands-with-news-photo-1693504392.webp","datePublished":"2023-09-01T11:38:00+00:00","author":{"@id":"https:\/\/www.welovecycling.com\/hu\/#\/schema\/person\/414a2aebf1801691a5320edb6468e194"},"description":"Jonas Vingegaard \u00e9s Primoz Rogli\u010d tapadnak a c\u00edmv\u00e9d\u0151 Remco Evenepoelra, de az els\u0151 h\u00e9t v\u00e9g\u00e9n nevet\u0151 harmadik csapatt\u00e1rsuk, Sepp Kuss van a legk\u00f6zelebb a piros trik\u00f3hoz. Valter Attila a top t\u00edzben a fiatalok verseny\u00e9ben.","breadcrumb":{"@id":"https:\/\/www.welovecycling.com\/hu\/orszaguti-kerekpar\/valter-csapata-a-jumbo-viszi-a-show-t-a-vueltan-de-egyelore-nem-a-fo-sztarjaival-hanem-egy-meglepetesemberrel\/#breadcrumb"},"inLanguage":"hu","potentialAction":[{"@type":"ReadAction","target":["https:\/\/www.welovecycling.com\/hu\/orszaguti-kerekpar\/valter-csapata-a-jumbo-viszi-a-show-t-a-vueltan-de-egyelore-nem-a-fo-sztarjaival-hanem-egy-meglepetesemberrel\/"]}]},{"@type":"ImageObject","inLanguage":"hu","@id":"https:\/\/www.welovecycling.com\/hu\/orszaguti-kerekpar\/valter-csapata-a-jumbo-viszi-a-show-t-a-vueltan-de-egyelore-nem-a-fo-sztarjaival-hanem-egy-meglepetesemberrel\/#primaryimage","url":"https:\/\/d2p6e6u75xmxt8.cloudfront.net\/12\/2023\/09\/team-jumbo-vismas-us-rider-sepp-kuss-slaps-hands-with-news-photo-1693504392.webp","contentUrl":"https:\/\/d2p6e6u75xmxt8.cloudfront.net\/12\/2023\/09\/team-jumbo-vismas-us-rider-sepp-kuss-slaps-hands-with-news-photo-1693504392.webp","width":1200,"height":800,"caption":"fot\u00f3: Jose Jordan\/Getty Images"},{"@type":"BreadcrumbList","@id":"https:\/\/www.welovecycling.com\/hu\/orszaguti-kerekpar\/valter-csapata-a-jumbo-viszi-a-show-t-a-vueltan-de-egyelore-nem-a-fo-sztarjaival-hanem-egy-meglepetesemberrel\/#breadcrumb","itemListElement":[{"@type":"ListItem","position":1,"name":"Home","item":"https:\/\/www.welovecycling.com\/hu\/"},{"@type":"ListItem","position":2,"name":"Valter csapata, a Jumbo viszi a show-t a Vuelt\u00e1n, de egyel\u0151re nem a f\u0151 szt\u00e1rjaival, hanem egy meglepet\u00e9semberrel"}]},{"@type":"WebSite","@id":"https:\/\/www.welovecycling.com\/hu\/#website","url":"https:\/\/www.welovecycling.com\/hu\/","name":"\u0160koda We Love Cycling - Magyarorsz\u00e1g","description":"\u0160koda WeLoveCycling","potentialAction":[{"@type":"SearchAction","target":{"@type":"EntryPoint","urlTemplate":"https:\/\/www.welovecycling.com\/hu\/?s={search_term_string}"},"query-input":{"@type":"PropertyValueSpecification","valueRequired":true,"valueName":"search_term_string"}}],"inLanguage":"hu"},{"@type":"Person","@id":"https:\/\/www.welovecycling.com\/hu\/#\/schema\/person\/414a2aebf1801691a5320edb6468e194","name":"hegyizs","image":{"@type":"ImageObject","inLanguage":"hu","@id":"https:\/\/www.welovecycling.com\/hu\/#\/schema\/person\/image\/","url":"https:\/\/secure.gravatar.com\/avatar\/02cf8a7906b8cf90cecb4679defac7cfd33a1c2e3b88e4903d947f3bb58eedd3?s=96&d=mm&r=g","contentUrl":"https:\/\/secure.gravatar.com\/avatar\/02cf8a7906b8cf90cecb4679defac7cfd33a1c2e3b88e4903d947f3bb58eedd3?s=96&d=mm&r=g","caption":"hegyizs"},"url":"https:\/\/www.welovecycling.com\/hu\/author\/hegyizs\/"}]}},"_links":{"self":[{"href":"https:\/\/www.welovecycling.com\/hu\/wp-json\/wp\/v2\/posts\/17842","targetHints":{"allow":["GET"]}}],"collection":[{"href":"https:\/\/www.welovecycling.com\/hu\/wp-json\/wp\/v2\/posts"}],"about":[{"href":"https:\/\/www.welovecycling.com\/hu\/wp-json\/wp\/v2\/types\/post"}],"author":[{"embeddable":true,"href":"https:\/\/www.welovecycling.com\/hu\/wp-json\/wp\/v2\/users\/71"}],"replies":[{"embeddable":true,"href":"https:\/\/www.welovecycling.com\/hu\/wp-json\/wp\/v2\/comments?post=17842"}],"version-history":[{"count":1,"href":"https:\/\/www.welovecycling.com\/hu\/wp-json\/wp\/v2\/posts\/17842\/revisions"}],"predecessor-version":[{"id":17848,"href":"https:\/\/www.welovecycling.com\/hu\/wp-json\/wp\/v2\/posts\/17842\/revisions\/17848"}],"wp:featuredmedia":[{"embeddable":true,"href":"https:\/\/www.welovecycling.com\/hu\/wp-json\/wp\/v2\/media\/17847"}],"wp:attachment":[{"href":"https:\/\/www.welovecycling.com\/hu\/wp-json\/wp\/v2\/media?parent=17842"}],"wp:term":[{"taxonomy":"category","embeddable":true,"href":"https:\/\/www.welovecycling.com\/hu\/wp-json\/wp\/v2\/categories?post=17842"},{"taxonomy":"post_tag","embeddable":true,"href":"https:\/\/www.welovecycling.com\/hu\/wp-json\/wp\/v2\/tags?post=17842"},{"taxonomy":"global-categories","embeddable":true,"href":"https:\/\/www.welovecycling.com\/hu\/wp-json\/wp\/v2\/global-categories?post=17842"}],"curies":[{"name":"wp","href":"https:\/\/api.w.org\/{rel}","templated":true}]}}