{"id":17831,"date":"2023-09-02T08:00:07","date_gmt":"2023-09-02T06:00:07","guid":{"rendered":"https:\/\/www.welovecycling.com\/hu\/?p=17831"},"modified":"2023-08-25T12:01:55","modified_gmt":"2023-08-25T10:01:55","slug":"verseny-az-eszaki-sarkkoron-ahol-te-a-sarki-fenyt-teged-pedig-a-renszarvasok-uldoznek","status":"publish","type":"post","link":"https:\/\/www.welovecycling.com\/hu\/adrenalin\/verseny-az-eszaki-sarkkoron-ahol-te-a-sarki-fenyt-teged-pedig-a-renszarvasok-uldoznek\/","title":{"rendered":"Verseny az \u00c9szaki sarkk\u00f6r\u00f6n, ahol te a sarki f\u00e9nyt, t\u00e9ged pedig a r\u00e9nszarvasok \u00fcld\u00f6znek"},"content":{"rendered":"<p><strong>A n\u00e9gy napos norv\u00e9g sarki verseny egyed\u00fcl\u00e1ll\u00f3 az elit f\u00e9rfi ker\u00e9kp\u00e1rosok versenynapt\u00e1r\u00e1ban.<\/strong><!--more--><\/p>\n<p>Reszket\u0151 l\u00e1bak, feh\u00e9r ujjak \u00e9s teljes l\u00e1bsz\u00e1r- \u00e9s karv\u00e9d\u0151k. Nem, ez nem a legzordabb febru\u00e1ri napok egyike. Ez egy augusztus k\u00f6zepi verseny az \u00c9szaki sarkk\u00f6r\u00f6n.<\/p>\n<p>A ny\u00e1r m\u00fal\u00f3ban van az \u00e9szaki sarkk\u00f6r\u00f6n. A vil\u00e1g leg\u00e9szakibb verseny\u00e9n persze az \u00e9lm\u00e9ny r\u00e9sz\u00e9t k\u00e9pezik a sz\u00e9ls\u0151s\u00e9ges k\u00f6r\u00fclm\u00e9nyek.<\/p>\n<figure id=\"attachment_17833\" aria-describedby=\"caption-attachment-17833\" style=\"width: 1000px\" class=\"wp-caption alignnone\"><img loading=\"lazy\" decoding=\"async\" class=\"size-full wp-image-17833\" src=\"https:\/\/d2p6e6u75xmxt8.cloudfront.net\/12\/2023\/08\/6f766.webp\" alt=\"\" width=\"1000\" height=\"667\" srcset=\"https:\/\/d2p6e6u75xmxt8.cloudfront.net\/12\/2023\/08\/6f766.webp 1000w, https:\/\/d2p6e6u75xmxt8.cloudfront.net\/12\/2023\/08\/6f766-300x200.webp 300w, https:\/\/d2p6e6u75xmxt8.cloudfront.net\/12\/2023\/08\/6f766-768x512.webp 768w, https:\/\/d2p6e6u75xmxt8.cloudfront.net\/12\/2023\/08\/6f766-400x267.webp 400w, https:\/\/d2p6e6u75xmxt8.cloudfront.net\/12\/2023\/08\/6f766-272x182.webp 272w\" sizes=\"auto, (max-width: 1000px) 100vw, 1000px\" \/><figcaption id=\"caption-attachment-17833\" class=\"wp-caption-text\">ARN\/ Aur\u00e9lien Vialatte I Artic Race of Norway<\/figcaption><\/figure>\n<p><em>&#8220;Hideg van, de nem vagyunk t\u00fal messze az \u00c9szaki-sarkt\u00f3l, sz\u00f3val mi\u00e9rt is sz\u00e1m\u00edtottunk volna m\u00e1sra?&#8221;<\/em> &#8211; mondta Zden\u011bk \u0160tybar (Jayco-AlUla). <em>&#8220;Kicsit balszerencs\u00e9nk van az id\u0151j\u00e1r\u00e1ssal. Tal\u00e1n nem kifejezetten \u00e9lvezi mindenki a versenyt, de szem\u00e9ly szerint \u00e9n boldog vagyok, hogy itt lehetek a mez\u0151nyben, f\u00fcggetlen\u00fcl att\u00f3l, hogy milyenek a k\u00f6r\u00fclm\u00e9nyek.&#8221;<\/em><\/p>\n<p>Augusztus k\u00f6zep\u00e9re kezd a sarki f\u00e9ny halv\u00e1nyulni. \u00c9jf\u00e9lre s\u00f6t\u00e9t van, \u00e9s reggel 3:30-ra m\u00e1r hajnali sz\u00fcrkes\u00e9g. A viszonylag r\u00f6vid szakaszok azt jelentik, hogy a versenyz\u00e9s mind\u00f6ssze n\u00e9gy \u00f3r\u00e1s id\u0151szakra korl\u00e1toz\u00f3dik.<\/p>\n<figure id=\"attachment_17834\" aria-describedby=\"caption-attachment-17834\" style=\"width: 1000px\" class=\"wp-caption alignnone\"><img loading=\"lazy\" decoding=\"async\" class=\"size-full wp-image-17834\" src=\"https:\/\/d2p6e6u75xmxt8.cloudfront.net\/12\/2023\/08\/5ec3e.webp\" alt=\"\" width=\"1000\" height=\"667\" srcset=\"https:\/\/d2p6e6u75xmxt8.cloudfront.net\/12\/2023\/08\/5ec3e.webp 1000w, https:\/\/d2p6e6u75xmxt8.cloudfront.net\/12\/2023\/08\/5ec3e-300x200.webp 300w, https:\/\/d2p6e6u75xmxt8.cloudfront.net\/12\/2023\/08\/5ec3e-768x512.webp 768w, https:\/\/d2p6e6u75xmxt8.cloudfront.net\/12\/2023\/08\/5ec3e-400x267.webp 400w, https:\/\/d2p6e6u75xmxt8.cloudfront.net\/12\/2023\/08\/5ec3e-272x182.webp 272w\" sizes=\"auto, (max-width: 1000px) 100vw, 1000px\" \/><figcaption id=\"caption-attachment-17834\" class=\"wp-caption-text\">ARN\/ Aur\u00e9lien Vialatte I Artic Race of Norway<\/figcaption><\/figure>\n<p>A fjordokkal, gleccserekkel, elszigetelt telep\u00fcl\u00e9sekkel \u00e9s rengeteg r\u00e9nszarvassal teli t\u00e1j semmihez sem foghat\u00f3.<\/p>\n<p><em>\u201cTegnap l\u00e1ttunk egy r\u00e9nszarvast \u00e1tkelni el\u0151tt\u00fcnk az \u00faton. Mostanra m\u00e1r a 10. \u00e9ve rendezik meg a n\u00e9gy napos versenyt, amely fjordok ment\u00e9n, foly\u00f3v\u00f6lgyekben, erd\u0151s ter\u00fcleteken \u00e9s kop\u00e1r tundr\u00e1n \u00e1t vezet.\u201d<\/em><\/p>\n<figure id=\"attachment_17835\" aria-describedby=\"caption-attachment-17835\" style=\"width: 1000px\" class=\"wp-caption alignnone\"><img loading=\"lazy\" decoding=\"async\" class=\"size-full wp-image-17835\" src=\"https:\/\/d2p6e6u75xmxt8.cloudfront.net\/12\/2023\/08\/e73b5.webp\" alt=\"\" width=\"1000\" height=\"667\" srcset=\"https:\/\/d2p6e6u75xmxt8.cloudfront.net\/12\/2023\/08\/e73b5.webp 1000w, https:\/\/d2p6e6u75xmxt8.cloudfront.net\/12\/2023\/08\/e73b5-300x200.webp 300w, https:\/\/d2p6e6u75xmxt8.cloudfront.net\/12\/2023\/08\/e73b5-768x512.webp 768w, https:\/\/d2p6e6u75xmxt8.cloudfront.net\/12\/2023\/08\/e73b5-400x267.webp 400w, https:\/\/d2p6e6u75xmxt8.cloudfront.net\/12\/2023\/08\/e73b5-272x182.webp 272w\" sizes=\"auto, (max-width: 1000px) 100vw, 1000px\" \/><figcaption id=\"caption-attachment-17835\" class=\"wp-caption-text\">ARN\/ Aur\u00e9lien Vialatte I Artic Race of Norway<\/figcaption><\/figure>\n<p>A verseny Norv\u00e9gia Finnmark nev\u0171 \u00e9szaki r\u00e9gi\u00f3j\u00e1ban zajlik, amelynek nagyobb a nagyobb, mint eg\u00e9sz D\u00e1nia vagy Hollandia, de csak kb. 75 000 lakosa van.<\/p>\n<p>K\u00f6r\u00fclbel\u00fcl 10000 lakos \u00e9l Hammerfestben, egy ny\u00fczsg\u0151 v\u00e1rosban, mely egy tengeri csatorna ment\u00e9n fekszik, \u00e9s ma m\u00e1r arr\u00f3l ismeretes, hogy itt tal\u00e1lhat\u00f3 Norv\u00e9gia hatalmas f\u00f6ldg\u00e1z tartal\u00e9ka.<\/p>\n<p>A verseny h\u0171v\u00f6s szombati reggel\u00e9n sokan kij\u00f6nnek a v\u00e1rosb\u00f3l szurkolni.<\/p>\n<figure id=\"attachment_17836\" aria-describedby=\"caption-attachment-17836\" style=\"width: 1000px\" class=\"wp-caption alignnone\"><img loading=\"lazy\" decoding=\"async\" class=\"size-full wp-image-17836\" src=\"https:\/\/d2p6e6u75xmxt8.cloudfront.net\/12\/2023\/08\/4b2be.webp\" alt=\"\" width=\"1000\" height=\"667\" srcset=\"https:\/\/d2p6e6u75xmxt8.cloudfront.net\/12\/2023\/08\/4b2be.webp 1000w, https:\/\/d2p6e6u75xmxt8.cloudfront.net\/12\/2023\/08\/4b2be-300x200.webp 300w, https:\/\/d2p6e6u75xmxt8.cloudfront.net\/12\/2023\/08\/4b2be-768x512.webp 768w, https:\/\/d2p6e6u75xmxt8.cloudfront.net\/12\/2023\/08\/4b2be-400x267.webp 400w, https:\/\/d2p6e6u75xmxt8.cloudfront.net\/12\/2023\/08\/4b2be-272x182.webp 272w\" sizes=\"auto, (max-width: 1000px) 100vw, 1000px\" \/><figcaption id=\"caption-attachment-17836\" class=\"wp-caption-text\">ARN\/ Aur\u00e9lien Vialatte I Artic Race of Norway<\/figcaption><\/figure>\n<p><em>&#8220;Az eg\u00e9sz azon m\u00falik, hogy melegen tartsuk magunkat. Szeretn\u00e9m azt gondolni, hogy el\u0151nyben vagyunk, mi, norv\u00e9gok, de ez ugyan\u00fagy vonatkozik mindenkire&#8221;<\/em> &#8211; mondta a norv\u00e9g tehets\u00e9g, Tobias Risan Nakken (Trinity Racing).<\/p>\n<p>Id\u00e9n a verseny \u00fatvonala messze \u00e9szakon fek\u00fcdt. Sok eur\u00f3pai versenyz\u0151 k\u00e9t vagy ak\u00e1r h\u00e1rom \u00e1tsz\u00e1ll\u00e1ssal jutott el a rajthoz. Norv\u00e9gia annyira hossz\u00fa, hogy m\u00e1r Oslob\u00f3l is k\u00e9t \u00f3r\u00e1s a rep\u00fcl\u0151\u00fat Alta-ig, a nyit\u00f3szakasz helysz\u00edn\u00e9ig.<\/p>\n<figure id=\"attachment_17837\" aria-describedby=\"caption-attachment-17837\" style=\"width: 1024px\" class=\"wp-caption alignnone\"><img loading=\"lazy\" decoding=\"async\" class=\"size-large wp-image-17837\" src=\"https:\/\/d2p6e6u75xmxt8.cloudfront.net\/12\/2023\/08\/things-to-do-alta-info-1024x683.webp\" alt=\"\" width=\"1024\" height=\"683\" srcset=\"https:\/\/d2p6e6u75xmxt8.cloudfront.net\/12\/2023\/08\/things-to-do-alta-info-1024x683.webp 1024w, https:\/\/d2p6e6u75xmxt8.cloudfront.net\/12\/2023\/08\/things-to-do-alta-info-300x200.webp 300w, https:\/\/d2p6e6u75xmxt8.cloudfront.net\/12\/2023\/08\/things-to-do-alta-info-768x512.webp 768w, https:\/\/d2p6e6u75xmxt8.cloudfront.net\/12\/2023\/08\/things-to-do-alta-info-400x267.webp 400w, https:\/\/d2p6e6u75xmxt8.cloudfront.net\/12\/2023\/08\/things-to-do-alta-info-272x182.webp 272w, https:\/\/d2p6e6u75xmxt8.cloudfront.net\/12\/2023\/08\/things-to-do-alta-info.webp 1200w\" sizes=\"auto, (max-width: 1024px) 100vw, 1024px\" \/><figcaption id=\"caption-attachment-17837\" class=\"wp-caption-text\">Alta. Fot\u00f3: Camper Norway<\/figcaption><\/figure>\n<p>A \u201cNordKapp\u201d c\u00e9lvonal az E69-es \u00fat v\u00e9g\u00e9n tal\u00e1lhat\u00f3, Eur\u00f3pa leg\u00e9szakibb, aut\u00f3val megk\u00f6zel\u00edthet\u0151 pontj\u00e1n. N\u00e9h\u00e1ny b\u00e1tor motoros \u00e9s lak\u00f3kocsi k\u00f6zlekedik az utakon, de ezen a ter\u00fcleten biztosan t\u00f6bb a r\u00e9nszarvas, mint az ember.<\/p>\n<figure id=\"attachment_17838\" aria-describedby=\"caption-attachment-17838\" style=\"width: 800px\" class=\"wp-caption alignnone\"><img loading=\"lazy\" decoding=\"async\" class=\"size-full wp-image-17838\" src=\"https:\/\/d2p6e6u75xmxt8.cloudfront.net\/12\/2023\/08\/image.webp\" alt=\"\" width=\"800\" height=\"467\" srcset=\"https:\/\/d2p6e6u75xmxt8.cloudfront.net\/12\/2023\/08\/image.webp 800w, https:\/\/d2p6e6u75xmxt8.cloudfront.net\/12\/2023\/08\/image-300x175.webp 300w, https:\/\/d2p6e6u75xmxt8.cloudfront.net\/12\/2023\/08\/image-768x448.webp 768w, https:\/\/d2p6e6u75xmxt8.cloudfront.net\/12\/2023\/08\/image-400x234.webp 400w\" sizes=\"auto, (max-width: 800px) 100vw, 800px\" \/><figcaption id=\"caption-attachment-17838\" class=\"wp-caption-text\">Eur\u00f3pa leg\u00e9szakibb pontja. Fot\u00f3: Drive Magazine<\/figcaption><\/figure>\n<p>Az id\u0151j\u00e1r\u00e1s itt a Sarkk\u00f6r\u00f6n el\u00e9g szesz\u00e9lyes, \u00e9s id\u00e9n a mez\u0151ny h\u00fazta a r\u00f6videbbet. Hideg, sz\u00e9l \u00e9s es\u0151 k\u00ednozta a versenyz\u0151ket a szombati, m\u00e1sodik szakaszban, \u00e9s m\u00e9g t\u00f6bb zuh\u00e9 \u00e9s fagy a vas\u00e1rnapi fin\u00e1l\u00e9n.<\/p>\n<p>Mindenesetre biztosan maradand\u00f3 \u00e9lm\u00e9ny ilyen k\u00f6r\u00fclm\u00e9nyek k\u00f6z\u00f6tt versenyezni. Az viszont j\u00f3 k\u00e9rd\u00e9s, hogy tudj\u00e1k-e a kerekesek \u00e9rt\u00e9kelni a term\u00e9szeti kincseket, mik\u00f6zben j\u00e9ghideg es\u0151 veri a h\u00e1tukat \u00e9s cs\u00edp\u0151s sz\u00e9l v\u00e1g az arcukba. Te tudn\u00e1d?<\/p>\n<p><em>Forr\u00e1s<\/em>: <a href=\"https:\/\/webcache.googleusercontent.com\/search?q=cache:6rvzKBs9mR4J:https:\/\/velo.outsideonline.com\/road\/road-racing\/whats-it-like-racing-in-the-arctic-circle-chasing-the-midnight-sun-avoiding-reindeer\/&amp;cd=9&amp;hl=en&amp;ct=clnk&amp;gl=hu\"><em>velo.outsideonline.com<\/em><\/a><br \/>\n<em>Bor\u00edt\u00f3k\u00e9p:<\/em> <em>ARN\/ Aur\u00e9lien Vialatte I <\/em><a href=\"https:\/\/www.arctic-race-of-norway.com\/en\/stage-1\/image-gallery\"><em>Artic Race of Norway<\/em><\/a><\/p>\n","protected":false},"excerpt":{"rendered":"<p>A n\u00e9gy napos norv\u00e9g sarki verseny egyed\u00fcl\u00e1ll\u00f3 az elit f\u00e9rfi ker\u00e9kp\u00e1rosok versenynapt\u00e1r\u00e1ban.<\/p>\n","protected":false},"author":71,"featured_media":17832,"comment_status":"open","ping_status":"open","sticky":false,"template":"","format":"standard","meta":{"footnotes":""},"categories":[5],"tags":[],"global-categories":[],"class_list":["post-17831","post","type-post","status-publish","format-standard","has-post-thumbnail","hentry","category-adrenalin"],"yoast_head":"<!-- This site is optimized with the Yoast SEO Premium plugin v25.3 (Yoast SEO v25.9) - https:\/\/yoast.com\/wordpress\/plugins\/seo\/ -->\n<title>Verseny az \u00c9szaki sarkk\u00f6r\u00f6n, ahol te a sarki f\u00e9nyt, t\u00e9ged pedig a r\u00e9nszarvasok \u00fcld\u00f6znek<\/title>\n<meta name=\"description\" content=\"A n\u00e9gy napos norv\u00e9g sarki verseny egyed\u00fcl\u00e1ll\u00f3 az elit f\u00e9rfi ker\u00e9kp\u00e1rosok versenynapt\u00e1r\u00e1ban.\" \/>\n<meta name=\"robots\" content=\"index, follow, max-snippet:-1, max-image-preview:large, max-video-preview:-1\" \/>\n<link rel=\"canonical\" href=\"https:\/\/www.welovecycling.com\/hu\/adrenalin\/verseny-az-eszaki-sarkkoron-ahol-te-a-sarki-fenyt-teged-pedig-a-renszarvasok-uldoznek\/\" \/>\n<meta property=\"og:locale\" content=\"hu_HU\" \/>\n<meta property=\"og:type\" content=\"article\" \/>\n<meta property=\"og:title\" content=\"Verseny az \u00c9szaki sarkk\u00f6r\u00f6n, ahol te a sarki f\u00e9nyt, t\u00e9ged pedig a r\u00e9nszarvasok \u00fcld\u00f6znek\" \/>\n<meta property=\"og:description\" content=\"A n\u00e9gy napos norv\u00e9g sarki verseny egyed\u00fcl\u00e1ll\u00f3 az elit f\u00e9rfi ker\u00e9kp\u00e1rosok versenynapt\u00e1r\u00e1ban.\" \/>\n<meta property=\"og:url\" content=\"https:\/\/www.welovecycling.com\/hu\/adrenalin\/verseny-az-eszaki-sarkkoron-ahol-te-a-sarki-fenyt-teged-pedig-a-renszarvasok-uldoznek\/\" \/>\n<meta property=\"og:site_name\" content=\"\u0160koda We Love Cycling - Magyarorsz\u00e1g\" \/>\n<meta property=\"article:publisher\" content=\"https:\/\/www.facebook.com\/WeLoveCyclingHungary\/\" \/>\n<meta property=\"article:published_time\" content=\"2023-09-02T06:00:07+00:00\" \/>\n<meta property=\"og:image\" content=\"https:\/\/d2p6e6u75xmxt8.cloudfront.net\/12\/2023\/08\/dcc5b.webp\" \/>\n\t<meta property=\"og:image:width\" content=\"1000\" \/>\n\t<meta property=\"og:image:height\" content=\"667\" \/>\n\t<meta property=\"og:image:type\" content=\"image\/webp\" \/>\n<meta name=\"author\" content=\"hegyizs\" \/>\n<meta name=\"twitter:card\" content=\"summary_large_image\" \/>\n<meta name=\"twitter:label1\" content=\"Written by\" \/>\n\t<meta name=\"twitter:data1\" content=\"WLC\" \/>\n\t<meta name=\"twitter:label2\" content=\"Est. reading time\" \/>\n\t<meta name=\"twitter:data2\" content=\"4 minutes\" \/>\n<script type=\"application\/ld+json\" class=\"yoast-schema-graph\">{\"@context\":\"https:\/\/schema.org\",\"@graph\":[{\"@type\":\"WebPage\",\"@id\":\"https:\/\/www.welovecycling.com\/hu\/adrenalin\/verseny-az-eszaki-sarkkoron-ahol-te-a-sarki-fenyt-teged-pedig-a-renszarvasok-uldoznek\/\",\"url\":\"https:\/\/www.welovecycling.com\/hu\/adrenalin\/verseny-az-eszaki-sarkkoron-ahol-te-a-sarki-fenyt-teged-pedig-a-renszarvasok-uldoznek\/\",\"name\":\"Verseny az \u00c9szaki sarkk\u00f6r\u00f6n, ahol te a sarki f\u00e9nyt, t\u00e9ged pedig a r\u00e9nszarvasok \u00fcld\u00f6znek\",\"isPartOf\":{\"@id\":\"https:\/\/www.welovecycling.com\/hu\/#website\"},\"primaryImageOfPage\":{\"@id\":\"https:\/\/www.welovecycling.com\/hu\/adrenalin\/verseny-az-eszaki-sarkkoron-ahol-te-a-sarki-fenyt-teged-pedig-a-renszarvasok-uldoznek\/#primaryimage\"},\"image\":{\"@id\":\"https:\/\/www.welovecycling.com\/hu\/adrenalin\/verseny-az-eszaki-sarkkoron-ahol-te-a-sarki-fenyt-teged-pedig-a-renszarvasok-uldoznek\/#primaryimage\"},\"thumbnailUrl\":\"https:\/\/d2p6e6u75xmxt8.cloudfront.net\/12\/2023\/08\/dcc5b.webp\",\"datePublished\":\"2023-09-02T06:00:07+00:00\",\"author\":{\"@id\":\"https:\/\/www.welovecycling.com\/hu\/#\/schema\/person\/414a2aebf1801691a5320edb6468e194\"},\"description\":\"A n\u00e9gy napos norv\u00e9g sarki verseny egyed\u00fcl\u00e1ll\u00f3 az elit f\u00e9rfi ker\u00e9kp\u00e1rosok versenynapt\u00e1r\u00e1ban.\",\"breadcrumb\":{\"@id\":\"https:\/\/www.welovecycling.com\/hu\/adrenalin\/verseny-az-eszaki-sarkkoron-ahol-te-a-sarki-fenyt-teged-pedig-a-renszarvasok-uldoznek\/#breadcrumb\"},\"inLanguage\":\"hu\",\"potentialAction\":[{\"@type\":\"ReadAction\",\"target\":[\"https:\/\/www.welovecycling.com\/hu\/adrenalin\/verseny-az-eszaki-sarkkoron-ahol-te-a-sarki-fenyt-teged-pedig-a-renszarvasok-uldoznek\/\"]}]},{\"@type\":\"ImageObject\",\"inLanguage\":\"hu\",\"@id\":\"https:\/\/www.welovecycling.com\/hu\/adrenalin\/verseny-az-eszaki-sarkkoron-ahol-te-a-sarki-fenyt-teged-pedig-a-renszarvasok-uldoznek\/#primaryimage\",\"url\":\"https:\/\/d2p6e6u75xmxt8.cloudfront.net\/12\/2023\/08\/dcc5b.webp\",\"contentUrl\":\"https:\/\/d2p6e6u75xmxt8.cloudfront.net\/12\/2023\/08\/dcc5b.webp\",\"width\":1000,\"height\":667},{\"@type\":\"BreadcrumbList\",\"@id\":\"https:\/\/www.welovecycling.com\/hu\/adrenalin\/verseny-az-eszaki-sarkkoron-ahol-te-a-sarki-fenyt-teged-pedig-a-renszarvasok-uldoznek\/#breadcrumb\",\"itemListElement\":[{\"@type\":\"ListItem\",\"position\":1,\"name\":\"Home\",\"item\":\"https:\/\/www.welovecycling.com\/hu\/\"},{\"@type\":\"ListItem\",\"position\":2,\"name\":\"Verseny az \u00c9szaki sarkk\u00f6r\u00f6n, ahol te a sarki f\u00e9nyt, t\u00e9ged pedig a r\u00e9nszarvasok \u00fcld\u00f6znek\"}]},{\"@type\":\"WebSite\",\"@id\":\"https:\/\/www.welovecycling.com\/hu\/#website\",\"url\":\"https:\/\/www.welovecycling.com\/hu\/\",\"name\":\"\u0160koda We Love Cycling - Magyarorsz\u00e1g\",\"description\":\"\u0160koda WeLoveCycling\",\"potentialAction\":[{\"@type\":\"SearchAction\",\"target\":{\"@type\":\"EntryPoint\",\"urlTemplate\":\"https:\/\/www.welovecycling.com\/hu\/?s={search_term_string}\"},\"query-input\":{\"@type\":\"PropertyValueSpecification\",\"valueRequired\":true,\"valueName\":\"search_term_string\"}}],\"inLanguage\":\"hu\"},{\"@type\":\"Person\",\"@id\":\"https:\/\/www.welovecycling.com\/hu\/#\/schema\/person\/414a2aebf1801691a5320edb6468e194\",\"name\":\"hegyizs\",\"image\":{\"@type\":\"ImageObject\",\"inLanguage\":\"hu\",\"@id\":\"https:\/\/www.welovecycling.com\/hu\/#\/schema\/person\/image\/\",\"url\":\"https:\/\/secure.gravatar.com\/avatar\/02cf8a7906b8cf90cecb4679defac7cfd33a1c2e3b88e4903d947f3bb58eedd3?s=96&d=mm&r=g\",\"contentUrl\":\"https:\/\/secure.gravatar.com\/avatar\/02cf8a7906b8cf90cecb4679defac7cfd33a1c2e3b88e4903d947f3bb58eedd3?s=96&d=mm&r=g\",\"caption\":\"hegyizs\"},\"url\":\"https:\/\/www.welovecycling.com\/hu\/author\/hegyizs\/\"}]}<\/script>\n<!-- \/ Yoast SEO Premium plugin. -->","yoast_head_json":{"title":"Verseny az \u00c9szaki sarkk\u00f6r\u00f6n, ahol te a sarki f\u00e9nyt, t\u00e9ged pedig a r\u00e9nszarvasok \u00fcld\u00f6znek","description":"A n\u00e9gy napos norv\u00e9g sarki verseny egyed\u00fcl\u00e1ll\u00f3 az elit f\u00e9rfi ker\u00e9kp\u00e1rosok versenynapt\u00e1r\u00e1ban.","robots":{"index":"index","follow":"follow","max-snippet":"max-snippet:-1","max-image-preview":"max-image-preview:large","max-video-preview":"max-video-preview:-1"},"canonical":"https:\/\/www.welovecycling.com\/hu\/adrenalin\/verseny-az-eszaki-sarkkoron-ahol-te-a-sarki-fenyt-teged-pedig-a-renszarvasok-uldoznek\/","og_locale":"hu_HU","og_type":"article","og_title":"Verseny az \u00c9szaki sarkk\u00f6r\u00f6n, ahol te a sarki f\u00e9nyt, t\u00e9ged pedig a r\u00e9nszarvasok \u00fcld\u00f6znek","og_description":"A n\u00e9gy napos norv\u00e9g sarki verseny egyed\u00fcl\u00e1ll\u00f3 az elit f\u00e9rfi ker\u00e9kp\u00e1rosok versenynapt\u00e1r\u00e1ban.","og_url":"https:\/\/www.welovecycling.com\/hu\/adrenalin\/verseny-az-eszaki-sarkkoron-ahol-te-a-sarki-fenyt-teged-pedig-a-renszarvasok-uldoznek\/","og_site_name":"\u0160koda We Love Cycling - Magyarorsz\u00e1g","article_publisher":"https:\/\/www.facebook.com\/WeLoveCyclingHungary\/","article_published_time":"2023-09-02T06:00:07+00:00","og_image":[{"width":1000,"height":667,"url":"https:\/\/d2p6e6u75xmxt8.cloudfront.net\/12\/2023\/08\/dcc5b.webp","type":"image\/webp"}],"author":"hegyizs","twitter_card":"summary_large_image","twitter_misc":{"Written by":"WLC","Est. reading time":"4 minutes"},"schema":{"@context":"https:\/\/schema.org","@graph":[{"@type":"WebPage","@id":"https:\/\/www.welovecycling.com\/hu\/adrenalin\/verseny-az-eszaki-sarkkoron-ahol-te-a-sarki-fenyt-teged-pedig-a-renszarvasok-uldoznek\/","url":"https:\/\/www.welovecycling.com\/hu\/adrenalin\/verseny-az-eszaki-sarkkoron-ahol-te-a-sarki-fenyt-teged-pedig-a-renszarvasok-uldoznek\/","name":"Verseny az \u00c9szaki sarkk\u00f6r\u00f6n, ahol te a sarki f\u00e9nyt, t\u00e9ged pedig a r\u00e9nszarvasok \u00fcld\u00f6znek","isPartOf":{"@id":"https:\/\/www.welovecycling.com\/hu\/#website"},"primaryImageOfPage":{"@id":"https:\/\/www.welovecycling.com\/hu\/adrenalin\/verseny-az-eszaki-sarkkoron-ahol-te-a-sarki-fenyt-teged-pedig-a-renszarvasok-uldoznek\/#primaryimage"},"image":{"@id":"https:\/\/www.welovecycling.com\/hu\/adrenalin\/verseny-az-eszaki-sarkkoron-ahol-te-a-sarki-fenyt-teged-pedig-a-renszarvasok-uldoznek\/#primaryimage"},"thumbnailUrl":"https:\/\/d2p6e6u75xmxt8.cloudfront.net\/12\/2023\/08\/dcc5b.webp","datePublished":"2023-09-02T06:00:07+00:00","author":{"@id":"https:\/\/www.welovecycling.com\/hu\/#\/schema\/person\/414a2aebf1801691a5320edb6468e194"},"description":"A n\u00e9gy napos norv\u00e9g sarki verseny egyed\u00fcl\u00e1ll\u00f3 az elit f\u00e9rfi ker\u00e9kp\u00e1rosok versenynapt\u00e1r\u00e1ban.","breadcrumb":{"@id":"https:\/\/www.welovecycling.com\/hu\/adrenalin\/verseny-az-eszaki-sarkkoron-ahol-te-a-sarki-fenyt-teged-pedig-a-renszarvasok-uldoznek\/#breadcrumb"},"inLanguage":"hu","potentialAction":[{"@type":"ReadAction","target":["https:\/\/www.welovecycling.com\/hu\/adrenalin\/verseny-az-eszaki-sarkkoron-ahol-te-a-sarki-fenyt-teged-pedig-a-renszarvasok-uldoznek\/"]}]},{"@type":"ImageObject","inLanguage":"hu","@id":"https:\/\/www.welovecycling.com\/hu\/adrenalin\/verseny-az-eszaki-sarkkoron-ahol-te-a-sarki-fenyt-teged-pedig-a-renszarvasok-uldoznek\/#primaryimage","url":"https:\/\/d2p6e6u75xmxt8.cloudfront.net\/12\/2023\/08\/dcc5b.webp","contentUrl":"https:\/\/d2p6e6u75xmxt8.cloudfront.net\/12\/2023\/08\/dcc5b.webp","width":1000,"height":667},{"@type":"BreadcrumbList","@id":"https:\/\/www.welovecycling.com\/hu\/adrenalin\/verseny-az-eszaki-sarkkoron-ahol-te-a-sarki-fenyt-teged-pedig-a-renszarvasok-uldoznek\/#breadcrumb","itemListElement":[{"@type":"ListItem","position":1,"name":"Home","item":"https:\/\/www.welovecycling.com\/hu\/"},{"@type":"ListItem","position":2,"name":"Verseny az \u00c9szaki sarkk\u00f6r\u00f6n, ahol te a sarki f\u00e9nyt, t\u00e9ged pedig a r\u00e9nszarvasok \u00fcld\u00f6znek"}]},{"@type":"WebSite","@id":"https:\/\/www.welovecycling.com\/hu\/#website","url":"https:\/\/www.welovecycling.com\/hu\/","name":"\u0160koda We Love Cycling - Magyarorsz\u00e1g","description":"\u0160koda WeLoveCycling","potentialAction":[{"@type":"SearchAction","target":{"@type":"EntryPoint","urlTemplate":"https:\/\/www.welovecycling.com\/hu\/?s={search_term_string}"},"query-input":{"@type":"PropertyValueSpecification","valueRequired":true,"valueName":"search_term_string"}}],"inLanguage":"hu"},{"@type":"Person","@id":"https:\/\/www.welovecycling.com\/hu\/#\/schema\/person\/414a2aebf1801691a5320edb6468e194","name":"hegyizs","image":{"@type":"ImageObject","inLanguage":"hu","@id":"https:\/\/www.welovecycling.com\/hu\/#\/schema\/person\/image\/","url":"https:\/\/secure.gravatar.com\/avatar\/02cf8a7906b8cf90cecb4679defac7cfd33a1c2e3b88e4903d947f3bb58eedd3?s=96&d=mm&r=g","contentUrl":"https:\/\/secure.gravatar.com\/avatar\/02cf8a7906b8cf90cecb4679defac7cfd33a1c2e3b88e4903d947f3bb58eedd3?s=96&d=mm&r=g","caption":"hegyizs"},"url":"https:\/\/www.welovecycling.com\/hu\/author\/hegyizs\/"}]}},"_links":{"self":[{"href":"https:\/\/www.welovecycling.com\/hu\/wp-json\/wp\/v2\/posts\/17831","targetHints":{"allow":["GET"]}}],"collection":[{"href":"https:\/\/www.welovecycling.com\/hu\/wp-json\/wp\/v2\/posts"}],"about":[{"href":"https:\/\/www.welovecycling.com\/hu\/wp-json\/wp\/v2\/types\/post"}],"author":[{"embeddable":true,"href":"https:\/\/www.welovecycling.com\/hu\/wp-json\/wp\/v2\/users\/71"}],"replies":[{"embeddable":true,"href":"https:\/\/www.welovecycling.com\/hu\/wp-json\/wp\/v2\/comments?post=17831"}],"version-history":[{"count":1,"href":"https:\/\/www.welovecycling.com\/hu\/wp-json\/wp\/v2\/posts\/17831\/revisions"}],"predecessor-version":[{"id":17839,"href":"https:\/\/www.welovecycling.com\/hu\/wp-json\/wp\/v2\/posts\/17831\/revisions\/17839"}],"wp:featuredmedia":[{"embeddable":true,"href":"https:\/\/www.welovecycling.com\/hu\/wp-json\/wp\/v2\/media\/17832"}],"wp:attachment":[{"href":"https:\/\/www.welovecycling.com\/hu\/wp-json\/wp\/v2\/media?parent=17831"}],"wp:term":[{"taxonomy":"category","embeddable":true,"href":"https:\/\/www.welovecycling.com\/hu\/wp-json\/wp\/v2\/categories?post=17831"},{"taxonomy":"post_tag","embeddable":true,"href":"https:\/\/www.welovecycling.com\/hu\/wp-json\/wp\/v2\/tags?post=17831"},{"taxonomy":"global-categories","embeddable":true,"href":"https:\/\/www.welovecycling.com\/hu\/wp-json\/wp\/v2\/global-categories?post=17831"}],"curies":[{"name":"wp","href":"https:\/\/api.w.org\/{rel}","templated":true}]}}