{"id":17820,"date":"2023-08-28T08:00:14","date_gmt":"2023-08-28T06:00:14","guid":{"rendered":"https:\/\/www.welovecycling.com\/hu\/?p=17820"},"modified":"2023-08-25T11:59:40","modified_gmt":"2023-08-25T09:59:40","slug":"kasia-niewiadoma-tapasztalataim-a-2023-as-tour-de-france-femmes-avec-zwift-en","status":"publish","type":"post","link":"https:\/\/www.welovecycling.com\/hu\/orszaguti-kerekpar\/kasia-niewiadoma-tapasztalataim-a-2023-as-tour-de-france-femmes-avec-zwift-en\/","title":{"rendered":"Kasia Niewiadoma: Tapasztalataim a 2023-as Tour de France Femmes avec Zwift-en"},"content":{"rendered":"<p><strong>Visszatekintve a Tour de France Femmes avec Zwift versenyre, elmondhatom, hogy nagyon el\u00e9gedett vagyok. Mindig boldogs\u00e1ggal t\u00f6lt el, amikor az a rengeteg kem\u00e9ny munka, amit a csapatommal k\u00f6z\u00f6sen belefektett\u00fcnk a felk\u00e9sz\u00fcl\u00e9sbe, megt\u00e9r\u00fcl. Nagyszer\u0171 tudni, hogy amikor valamit nagyon akarsz, semmi sem \u00e1llhat az utadba!<\/strong><\/p>\n<p><!--more--><\/p>\n<p>Term\u00e9szetesen egy r\u00e9szem azt k\u00edv\u00e1nja, b\u00e1rcsak m\u00e1sodikk\u00e9nt fejezhettem volna be, hiszen annyira kev\u00e9ssel maradtam le; 0,20 m\u00e1sodperc szinte semmi. De a p\u00f6tty\u00f6s mez k\u00e1rp\u00f3tolt. Minden verseny ut\u00e1n b\u00f6lcsebb leszek a megszerzett tapasztalatok r\u00e9v\u00e9n, amit a szenved\u00e9s pillanataiban szerzek. Most m\u00e1r tudom, min kell dolgoznom, \u00e9s tal\u00e1n j\u00f6v\u0151re m\u00e1r \u00e9n is felvehetem a s\u00e1rga mezt. De \u00f6sszess\u00e9g\u00e9ben rendk\u00edv\u00fcl b\u00fcszke vagyok magamra \u00e9s a csapatomra, minden nap harcoltunk, \u00e9s t\u00e1mogattuk egym\u00e1st.<\/p>\n<h2><strong>Gyorsan fejl\u0151dik a sport\u00e1g<\/strong><\/h2>\n<p>Maga az esem\u00e9ny nagyon izgalmas volt. A n\u0151i ker\u00e9kp\u00e1roz\u00e1s nagyon gyorsan fejl\u0151dik, teh\u00e1t b\u00e1rmi is t\u00f6rt\u00e9nt tavaly, az m\u00e1r &#8220;t\u00fal r\u00e9gi&#8221; ahhoz, hogy ebben a szezonban relev\u00e1ns legyen! Ezt a leck\u00e9t megtanultam a tavaszi Klasszikusok sor\u00e1n. \u00dagy gondoltam, hogy el\u00e9g kem\u00e9nyen edzettem ahhoz, hogy harcoljak a gy\u0151zelmek\u00e9rt, de olyannyira magasabb lett a szint, hogy b\u00e1r kis k\u00fcl\u00f6nbs\u00e9gekkel, de lemaradtam. Ez r\u00e1d\u00f6bbentett, hogy a Tour de France Femmes avec Zwift el\u0151tt m\u00e9g jobban\u00a0 \u00f6sszpontos\u00edtanom kell, \u00e9s kielemezni minden edz\u00e9semet, hogy \u00fajraform\u00e1lhassam magam a versenyre.<\/p>\n<p>T\u00f6bb mint h\u00e1rom hetet t\u00f6lt\u00f6ttem a hegyekben, ahol gyakorlatilag a napjaimat edz\u00e9s\/ev\u00e9s\/alv\u00e1s m\u00f3dba \u00e1ll\u00edtottam \u00e1t, \u00edgy siker\u00fclt behoznom a k\u00fcl\u00f6nbs\u00e9geket. Ez az \u00e9letm\u00f3d csak n\u00e9h\u00e1ny h\u00e9tig tarthat\u00f3 an\u00e9lk\u00fcl, hogy bele\u0151r\u00fcln\u00e9l, de tavaly m\u0171k\u00f6d\u00f6tt a Tour el\u0151tt, \u00e9s id\u00e9n is bev\u00e1lt. Azonban az idei verseny sokkal durv\u00e1bb volt, mint a kor\u00e1bbi. F\u0151k\u00e9nt D\u00e9l-Franciaorsz\u00e1gban tekert\u00fcnk, ahol ritk\u00e1n tal\u00e1lkozni s\u00edk szakaszokkal. Ez azt jelentette, hogy a mez\u0151ny minden nap harcolt. \u00dagy \u00e9reztem, mintha id\u00e9n nyolc klasszikust egyes\u00edtett\u00fcnk volna egy nagy k\u00f6rversenyben, m\u00edg tavaly voltak laz\u00e1bb napok, vagy legal\u00e1bbis kev\u00e9sb\u00e9 stresszesek \u00e9s hektikusak.<\/p>\n<p>Az, hogy m\u00falt \u00e9vben harmadik helyen fejeztem be a Tour-t magabiztoss\u00e1got \u00e9s \u00f6nbizalmat adott. M\u00e9g akkor is, amikor \u00e9reztem, hogy a t\u00e1rsaim agg\u00f3dnak a teljes\u00edtm\u00e9nyem miatt, k\u00fcl\u00f6n\u00f6sen az id\u0151futamon, ami nem a leger\u0151sebb ter\u00fcletem, tudtam hinni magamban.<\/p>\n<figure id=\"attachment_17821\" aria-describedby=\"caption-attachment-17821\" style=\"width: 1250px\" class=\"wp-caption alignnone\"><a href=\"https:\/\/d2p6e6u75xmxt8.cloudfront.net\/12\/2023\/08\/Kasia-Niewiadoma-profimedia-0793106043.webp\"><img loading=\"lazy\" decoding=\"async\" class=\"wp-image-17821 size-full\" src=\"https:\/\/d2p6e6u75xmxt8.cloudfront.net\/12\/2023\/08\/Kasia-Niewiadoma-profimedia-0793106043.webp\" alt=\"Kasia Niewiadoma\" width=\"1250\" height=\"833\" srcset=\"https:\/\/d2p6e6u75xmxt8.cloudfront.net\/12\/2023\/08\/Kasia-Niewiadoma-profimedia-0793106043.webp 1250w, https:\/\/d2p6e6u75xmxt8.cloudfront.net\/12\/2023\/08\/Kasia-Niewiadoma-profimedia-0793106043-300x200.webp 300w, https:\/\/d2p6e6u75xmxt8.cloudfront.net\/12\/2023\/08\/Kasia-Niewiadoma-profimedia-0793106043-1024x682.webp 1024w, https:\/\/d2p6e6u75xmxt8.cloudfront.net\/12\/2023\/08\/Kasia-Niewiadoma-profimedia-0793106043-768x512.webp 768w, https:\/\/d2p6e6u75xmxt8.cloudfront.net\/12\/2023\/08\/Kasia-Niewiadoma-profimedia-0793106043-400x267.webp 400w, https:\/\/d2p6e6u75xmxt8.cloudfront.net\/12\/2023\/08\/Kasia-Niewiadoma-profimedia-0793106043-272x182.webp 272w\" sizes=\"auto, (max-width: 1250px) 100vw, 1250px\" \/><\/a><figcaption id=\"caption-attachment-17821\" class=\"wp-caption-text\">Kasia Niewiadoma a 2023-as Tour de France avec Zwift nyolcadik \u00e9s egyben utols\u00f3 szakasza el\u0151tt. \u00a9 Profimedia<\/figcaption><\/figure>\n<h2><strong>\u00dajabb sikerek \u00e9s folyamatos n\u00f6veked\u00e9s nemzetk\u00f6zi sz\u00ednt\u00e9ren<\/strong><\/h2>\n<p>Nagy el\u0151rel\u00e9p\u00e9st jelentett a n\u0151i ker\u00e9kp\u00e1rsport sz\u00e1m\u00e1ra, hogy a Col du Tourmalet is szerepelt a verseny \u00fatvonal\u00e1n. Ez egy olyan ikonikus hegycs\u00facs, ami sokszor volt m\u00e1r a Tour r\u00e9sze, \u00e9s brutalit\u00e1sa megmutatja, mennyire rendk\u00edv\u00fcl neh\u00e9z is ez a sport\u00e1g. \u00c9veken \u00e1t hallgatt\u00e1k a n\u0151k, hogy n\u00e9h\u00e1ny hegy vagy h\u00e1g\u00f3 t\u00fal neh\u00e9z sz\u00e1mukra, vagy n\u00e9h\u00e1ny t\u00e1v t\u00fal hossz\u00fa, de ez nem igaz. V\u00e9ge van lehet\u0151s\u00e9g\u00fcnk bizony\u00edtani az er\u0151nket. \u00c9s azt is, hogy a n\u0151i sportokat is izgalmas n\u00e9z\u0151k\u00e9nt figyelemmel k\u00f6vetni.<\/p>\n<p>Egyre t\u00f6bb csapat \u00e9rkezik a versenyre er\u0151s hegym\u00e1sz\u00f3kkal, sprinterekkel \u00e9s id\u0151futam-specialist\u00e1kkal. A fejl\u0151d\u00e9s hatalmas, \u00e9s a TdFF sokakat motiv\u00e1l arra, hogy kil\u00e9pjenek a komfortz\u00f3n\u00e1jukb\u00f3l, \u00e9s \u00faj eszk\u00f6z\u00f6ket \u00e9s edz\u00e9si m\u00f3dszereket keressenek, hogy \u0151k is fejl\u0151dhessenek. Jelenleg nem el\u00e9gedhetsz meg azzal, amit tavaly csin\u00e1lt\u00e1l, mert a k\u00fczdelem, a fejl\u0151dni akar\u00e1s \u00f6szt\u00f6nzi a versenyt\u00e1rsaidat.<\/p>\n<h2><strong>Az esem\u00e9ny n\u00f6vekv\u0151 n\u00e9pszer\u0171s\u00e9ge sokat hozz\u00e1ad a hangulathoz \u00e9s a versenyszellemhez<\/strong><\/h2>\n<p>A szurkol\u00f3k nagyon sokat seg\u00edtenek! Fantasztikus \u00e9rz\u00e9s, hogy a rajtt\u00f3l a c\u00e9lvonalig biztatnak minket, \u00e9s ez seg\u00edt elterelni a figyelm\u00fcnket a f\u00e1jdalomr\u00f3l! Valahogy el tudsz m\u00e9lyedni a zajban \u00e9s a z\u0171rzavarban. Nagy v\u00e1rosokban rajtolni \u00e9s c\u00e9lba \u00e9rni remek \u00e9rz\u00e9s, hiszen ikonikus helyeken tekerhet\u00fcnk, \u00e9s m\u00e1sokat is megfert\u0151zhet\u00fcnk a ker\u00e9kp\u00e1roz\u00e1s ir\u00e1nti szeretettel. Az emberek figyelnek r\u00e1d \u00e9s ez l\u00f6ketet ad, mert a neh\u00e9z szakaszok ut\u00e1n sok sz\u00e9p \u00fczenetet kapsz, \u00e9s \u00e9rzed, hogy l\u00e1tj\u00e1k az er\u0151fesz\u00edt\u00e9seidet \u00e9s t\u00e1mogatnak. Ez pedig er\u0151t ad, hogy m\u00e1snak m\u00e9g m\u00e9lyebbre hatolj a f\u00e1jdalom barlangj\u00e1ba.<\/p>\n<h2><strong>A j\u00f6v\u0151ben is csak el\u0151re<\/strong><\/h2>\n<p>Amit a k\u00f6vetkez\u0151 \u00e9vekben tenn\u00fcnk kell az\u00e9rt, hogy a Tour de France Femmes avec Zwift m\u00e9g ink\u00e1bb l\u00e1that\u00f3 legyen &#8211; nos, azt gondolom, ez a telev\u00edzi\u00f3s k\u00f6zvet\u00edt\u00e9sr\u0151l sz\u00f3l. Ha megfelel\u0151en k\u00f6zvet\u00edtik a versenyt, nem k\u00e9ts\u00e9ges, hogy vonzani fogja a n\u00e9z\u0151ket. Ha a telev\u00edzi\u00f3s k\u00f6zvet\u00edt\u00e9s gyenge, akkor az embereknek nincs lehet\u0151s\u00e9g\u00fck k\u00f6vetni minket \u00e9s inspir\u00e1l\u00f3dni.<\/p>\n<p>Ahhoz, hogy szem\u00e9lyesen fejl\u0151dni tudjak, mint versenyz\u0151, azt hiszem, konkr\u00e9t versenyekre kell \u00f6sszpontos\u00edtanom, \u00e9s id\u0151t kell szak\u00edtanom megfelel\u0151 edz\u0151t\u00e1borokra is. Amikor hetente versenyzek \u00e9s sokat utazom, nagyon elf\u00e1radok. Ha csak egyetlen c\u00e9lra \u00f6sszpontos\u00edtok, tal\u00e1n jobban ki tudom hozni magamb\u00f3l a maximumot. Erre kell eml\u00e9keztetnem magam a k\u00f6vetkez\u0151 szezonban.<\/p>\n","protected":false},"excerpt":{"rendered":"<p>Visszatekintve a Tour de France Femmes avec Zwift versenyre, elmondhatom, hogy nagyon el\u00e9gedett vagyok. Mindig boldogs\u00e1ggal t\u00f6lt el, amikor az [&hellip;]<\/p>\n","protected":false},"author":71,"featured_media":17823,"comment_status":"open","ping_status":"open","sticky":false,"template":"","format":"standard","meta":{"footnotes":""},"categories":[8],"tags":[],"global-categories":[],"class_list":["post-17820","post","type-post","status-publish","format-standard","has-post-thumbnail","hentry","category-orszaguti-kerekpar"],"yoast_head":"<!-- This site is optimized with the Yoast SEO Premium plugin v25.3 (Yoast SEO v25.9) - https:\/\/yoast.com\/wordpress\/plugins\/seo\/ -->\n<title>Kasia Niewiadoma: Tapasztalataim a 2023-as Tour de France Femmes avec Zwift-en<\/title>\n<meta name=\"description\" content=\"Visszatekintve a Tour de France Femmes avec Zwift versenyre, elmondhatom, hogy nagyon el\u00e9gedett vagyok. Mindig boldogs\u00e1ggal t\u00f6lt el, amikor az a rengeteg kem\u00e9ny munka, amit a csapatommal k\u00f6z\u00f6sen belefektett\u00fcnk a felk\u00e9sz\u00fcl\u00e9sbe, megt\u00e9r\u00fcl. Nagyszer\u0171 tudni, hogy amikor valamit nagyon akarsz, semmi sem \u00e1llhat az utadba!\" \/>\n<meta name=\"robots\" content=\"index, follow, max-snippet:-1, max-image-preview:large, max-video-preview:-1\" \/>\n<link rel=\"canonical\" href=\"https:\/\/www.welovecycling.com\/hu\/orszaguti-kerekpar\/kasia-niewiadoma-tapasztalataim-a-2023-as-tour-de-france-femmes-avec-zwift-en\/\" \/>\n<meta property=\"og:locale\" content=\"hu_HU\" \/>\n<meta property=\"og:type\" content=\"article\" \/>\n<meta property=\"og:title\" content=\"Kasia Niewiadoma: Tapasztalataim a 2023-as Tour de France Femmes avec Zwift-en\" \/>\n<meta property=\"og:description\" content=\"Visszatekintve a Tour de France Femmes avec Zwift versenyre, elmondhatom, hogy nagyon el\u00e9gedett vagyok. Mindig boldogs\u00e1ggal t\u00f6lt el, amikor az a rengeteg kem\u00e9ny munka, amit a csapatommal k\u00f6z\u00f6sen belefektett\u00fcnk a felk\u00e9sz\u00fcl\u00e9sbe, megt\u00e9r\u00fcl. Nagyszer\u0171 tudni, hogy amikor valamit nagyon akarsz, semmi sem \u00e1llhat az utadba!\" \/>\n<meta property=\"og:url\" content=\"https:\/\/www.welovecycling.com\/hu\/orszaguti-kerekpar\/kasia-niewiadoma-tapasztalataim-a-2023-as-tour-de-france-femmes-avec-zwift-en\/\" \/>\n<meta property=\"og:site_name\" content=\"\u0160koda We Love Cycling - Magyarorsz\u00e1g\" \/>\n<meta property=\"article:publisher\" content=\"https:\/\/www.facebook.com\/WeLoveCyclingHungary\/\" \/>\n<meta property=\"article:published_time\" content=\"2023-08-28T06:00:14+00:00\" \/>\n<meta property=\"og:image\" content=\"https:\/\/d2p6e6u75xmxt8.cloudfront.net\/12\/2023\/08\/Kasia-Niewiadoma-profimedia-0793106681-CVR.webp\" \/>\n\t<meta property=\"og:image:width\" content=\"990\" \/>\n\t<meta property=\"og:image:height\" content=\"660\" \/>\n\t<meta property=\"og:image:type\" content=\"image\/webp\" \/>\n<meta name=\"author\" content=\"hegyizs\" \/>\n<meta name=\"twitter:card\" content=\"summary_large_image\" \/>\n<meta name=\"twitter:label1\" content=\"Written by\" \/>\n\t<meta name=\"twitter:data1\" content=\"Kasia Niewiadoma\" \/>\n\t<meta name=\"twitter:label2\" content=\"Est. reading time\" \/>\n\t<meta name=\"twitter:data2\" content=\"6\" \/>\n<script type=\"application\/ld+json\" class=\"yoast-schema-graph\">{\"@context\":\"https:\/\/schema.org\",\"@graph\":[{\"@type\":\"WebPage\",\"@id\":\"https:\/\/www.welovecycling.com\/hu\/orszaguti-kerekpar\/kasia-niewiadoma-tapasztalataim-a-2023-as-tour-de-france-femmes-avec-zwift-en\/\",\"url\":\"https:\/\/www.welovecycling.com\/hu\/orszaguti-kerekpar\/kasia-niewiadoma-tapasztalataim-a-2023-as-tour-de-france-femmes-avec-zwift-en\/\",\"name\":\"Kasia Niewiadoma: Tapasztalataim a 2023-as Tour de France Femmes avec Zwift-en\",\"isPartOf\":{\"@id\":\"https:\/\/www.welovecycling.com\/hu\/#website\"},\"primaryImageOfPage\":{\"@id\":\"https:\/\/www.welovecycling.com\/hu\/orszaguti-kerekpar\/kasia-niewiadoma-tapasztalataim-a-2023-as-tour-de-france-femmes-avec-zwift-en\/#primaryimage\"},\"image\":{\"@id\":\"https:\/\/www.welovecycling.com\/hu\/orszaguti-kerekpar\/kasia-niewiadoma-tapasztalataim-a-2023-as-tour-de-france-femmes-avec-zwift-en\/#primaryimage\"},\"thumbnailUrl\":\"https:\/\/d2p6e6u75xmxt8.cloudfront.net\/12\/2023\/08\/Kasia-Niewiadoma-profimedia-0793106681-CVR.webp\",\"datePublished\":\"2023-08-28T06:00:14+00:00\",\"author\":{\"@id\":\"https:\/\/www.welovecycling.com\/hu\/#\/schema\/person\/414a2aebf1801691a5320edb6468e194\"},\"description\":\"Visszatekintve a Tour de France Femmes avec Zwift versenyre, elmondhatom, hogy nagyon el\u00e9gedett vagyok. Mindig boldogs\u00e1ggal t\u00f6lt el, amikor az a rengeteg kem\u00e9ny munka, amit a csapatommal k\u00f6z\u00f6sen belefektett\u00fcnk a felk\u00e9sz\u00fcl\u00e9sbe, megt\u00e9r\u00fcl. Nagyszer\u0171 tudni, hogy amikor valamit nagyon akarsz, semmi sem \u00e1llhat az utadba!\",\"breadcrumb\":{\"@id\":\"https:\/\/www.welovecycling.com\/hu\/orszaguti-kerekpar\/kasia-niewiadoma-tapasztalataim-a-2023-as-tour-de-france-femmes-avec-zwift-en\/#breadcrumb\"},\"inLanguage\":\"hu\",\"potentialAction\":[{\"@type\":\"ReadAction\",\"target\":[\"https:\/\/www.welovecycling.com\/hu\/orszaguti-kerekpar\/kasia-niewiadoma-tapasztalataim-a-2023-as-tour-de-france-femmes-avec-zwift-en\/\"]}]},{\"@type\":\"ImageObject\",\"inLanguage\":\"hu\",\"@id\":\"https:\/\/www.welovecycling.com\/hu\/orszaguti-kerekpar\/kasia-niewiadoma-tapasztalataim-a-2023-as-tour-de-france-femmes-avec-zwift-en\/#primaryimage\",\"url\":\"https:\/\/d2p6e6u75xmxt8.cloudfront.net\/12\/2023\/08\/Kasia-Niewiadoma-profimedia-0793106681-CVR.webp\",\"contentUrl\":\"https:\/\/d2p6e6u75xmxt8.cloudfront.net\/12\/2023\/08\/Kasia-Niewiadoma-profimedia-0793106681-CVR.webp\",\"width\":990,\"height\":660,\"caption\":\"Kasia Niewiadoma\"},{\"@type\":\"BreadcrumbList\",\"@id\":\"https:\/\/www.welovecycling.com\/hu\/orszaguti-kerekpar\/kasia-niewiadoma-tapasztalataim-a-2023-as-tour-de-france-femmes-avec-zwift-en\/#breadcrumb\",\"itemListElement\":[{\"@type\":\"ListItem\",\"position\":1,\"name\":\"Home\",\"item\":\"https:\/\/www.welovecycling.com\/hu\/\"},{\"@type\":\"ListItem\",\"position\":2,\"name\":\"Kasia Niewiadoma: Tapasztalataim a 2023-as Tour de France Femmes avec Zwift-en\"}]},{\"@type\":\"WebSite\",\"@id\":\"https:\/\/www.welovecycling.com\/hu\/#website\",\"url\":\"https:\/\/www.welovecycling.com\/hu\/\",\"name\":\"\u0160koda We Love Cycling - Magyarorsz\u00e1g\",\"description\":\"\u0160koda WeLoveCycling\",\"potentialAction\":[{\"@type\":\"SearchAction\",\"target\":{\"@type\":\"EntryPoint\",\"urlTemplate\":\"https:\/\/www.welovecycling.com\/hu\/?s={search_term_string}\"},\"query-input\":{\"@type\":\"PropertyValueSpecification\",\"valueRequired\":true,\"valueName\":\"search_term_string\"}}],\"inLanguage\":\"hu\"},{\"@type\":\"Person\",\"@id\":\"https:\/\/www.welovecycling.com\/hu\/#\/schema\/person\/414a2aebf1801691a5320edb6468e194\",\"name\":\"hegyizs\",\"image\":{\"@type\":\"ImageObject\",\"inLanguage\":\"hu\",\"@id\":\"https:\/\/www.welovecycling.com\/hu\/#\/schema\/person\/image\/\",\"url\":\"https:\/\/secure.gravatar.com\/avatar\/02cf8a7906b8cf90cecb4679defac7cfd33a1c2e3b88e4903d947f3bb58eedd3?s=96&d=mm&r=g\",\"contentUrl\":\"https:\/\/secure.gravatar.com\/avatar\/02cf8a7906b8cf90cecb4679defac7cfd33a1c2e3b88e4903d947f3bb58eedd3?s=96&d=mm&r=g\",\"caption\":\"hegyizs\"},\"url\":\"https:\/\/www.welovecycling.com\/hu\/author\/hegyizs\/\"}]}<\/script>\n<!-- \/ Yoast SEO Premium plugin. -->","yoast_head_json":{"title":"Kasia Niewiadoma: Tapasztalataim a 2023-as Tour de France Femmes avec Zwift-en","description":"Visszatekintve a Tour de France Femmes avec Zwift versenyre, elmondhatom, hogy nagyon el\u00e9gedett vagyok. Mindig boldogs\u00e1ggal t\u00f6lt el, amikor az a rengeteg kem\u00e9ny munka, amit a csapatommal k\u00f6z\u00f6sen belefektett\u00fcnk a felk\u00e9sz\u00fcl\u00e9sbe, megt\u00e9r\u00fcl. Nagyszer\u0171 tudni, hogy amikor valamit nagyon akarsz, semmi sem \u00e1llhat az utadba!","robots":{"index":"index","follow":"follow","max-snippet":"max-snippet:-1","max-image-preview":"max-image-preview:large","max-video-preview":"max-video-preview:-1"},"canonical":"https:\/\/www.welovecycling.com\/hu\/orszaguti-kerekpar\/kasia-niewiadoma-tapasztalataim-a-2023-as-tour-de-france-femmes-avec-zwift-en\/","og_locale":"hu_HU","og_type":"article","og_title":"Kasia Niewiadoma: Tapasztalataim a 2023-as Tour de France Femmes avec Zwift-en","og_description":"Visszatekintve a Tour de France Femmes avec Zwift versenyre, elmondhatom, hogy nagyon el\u00e9gedett vagyok. Mindig boldogs\u00e1ggal t\u00f6lt el, amikor az a rengeteg kem\u00e9ny munka, amit a csapatommal k\u00f6z\u00f6sen belefektett\u00fcnk a felk\u00e9sz\u00fcl\u00e9sbe, megt\u00e9r\u00fcl. Nagyszer\u0171 tudni, hogy amikor valamit nagyon akarsz, semmi sem \u00e1llhat az utadba!","og_url":"https:\/\/www.welovecycling.com\/hu\/orszaguti-kerekpar\/kasia-niewiadoma-tapasztalataim-a-2023-as-tour-de-france-femmes-avec-zwift-en\/","og_site_name":"\u0160koda We Love Cycling - Magyarorsz\u00e1g","article_publisher":"https:\/\/www.facebook.com\/WeLoveCyclingHungary\/","article_published_time":"2023-08-28T06:00:14+00:00","og_image":[{"width":990,"height":660,"url":"https:\/\/d2p6e6u75xmxt8.cloudfront.net\/12\/2023\/08\/Kasia-Niewiadoma-profimedia-0793106681-CVR.webp","type":"image\/webp"}],"author":"hegyizs","twitter_card":"summary_large_image","twitter_misc":{"Written by":"Kasia Niewiadoma","Est. reading time":"6"},"schema":{"@context":"https:\/\/schema.org","@graph":[{"@type":"WebPage","@id":"https:\/\/www.welovecycling.com\/hu\/orszaguti-kerekpar\/kasia-niewiadoma-tapasztalataim-a-2023-as-tour-de-france-femmes-avec-zwift-en\/","url":"https:\/\/www.welovecycling.com\/hu\/orszaguti-kerekpar\/kasia-niewiadoma-tapasztalataim-a-2023-as-tour-de-france-femmes-avec-zwift-en\/","name":"Kasia Niewiadoma: Tapasztalataim a 2023-as Tour de France Femmes avec Zwift-en","isPartOf":{"@id":"https:\/\/www.welovecycling.com\/hu\/#website"},"primaryImageOfPage":{"@id":"https:\/\/www.welovecycling.com\/hu\/orszaguti-kerekpar\/kasia-niewiadoma-tapasztalataim-a-2023-as-tour-de-france-femmes-avec-zwift-en\/#primaryimage"},"image":{"@id":"https:\/\/www.welovecycling.com\/hu\/orszaguti-kerekpar\/kasia-niewiadoma-tapasztalataim-a-2023-as-tour-de-france-femmes-avec-zwift-en\/#primaryimage"},"thumbnailUrl":"https:\/\/d2p6e6u75xmxt8.cloudfront.net\/12\/2023\/08\/Kasia-Niewiadoma-profimedia-0793106681-CVR.webp","datePublished":"2023-08-28T06:00:14+00:00","author":{"@id":"https:\/\/www.welovecycling.com\/hu\/#\/schema\/person\/414a2aebf1801691a5320edb6468e194"},"description":"Visszatekintve a Tour de France Femmes avec Zwift versenyre, elmondhatom, hogy nagyon el\u00e9gedett vagyok. Mindig boldogs\u00e1ggal t\u00f6lt el, amikor az a rengeteg kem\u00e9ny munka, amit a csapatommal k\u00f6z\u00f6sen belefektett\u00fcnk a felk\u00e9sz\u00fcl\u00e9sbe, megt\u00e9r\u00fcl. Nagyszer\u0171 tudni, hogy amikor valamit nagyon akarsz, semmi sem \u00e1llhat az utadba!","breadcrumb":{"@id":"https:\/\/www.welovecycling.com\/hu\/orszaguti-kerekpar\/kasia-niewiadoma-tapasztalataim-a-2023-as-tour-de-france-femmes-avec-zwift-en\/#breadcrumb"},"inLanguage":"hu","potentialAction":[{"@type":"ReadAction","target":["https:\/\/www.welovecycling.com\/hu\/orszaguti-kerekpar\/kasia-niewiadoma-tapasztalataim-a-2023-as-tour-de-france-femmes-avec-zwift-en\/"]}]},{"@type":"ImageObject","inLanguage":"hu","@id":"https:\/\/www.welovecycling.com\/hu\/orszaguti-kerekpar\/kasia-niewiadoma-tapasztalataim-a-2023-as-tour-de-france-femmes-avec-zwift-en\/#primaryimage","url":"https:\/\/d2p6e6u75xmxt8.cloudfront.net\/12\/2023\/08\/Kasia-Niewiadoma-profimedia-0793106681-CVR.webp","contentUrl":"https:\/\/d2p6e6u75xmxt8.cloudfront.net\/12\/2023\/08\/Kasia-Niewiadoma-profimedia-0793106681-CVR.webp","width":990,"height":660,"caption":"Kasia Niewiadoma"},{"@type":"BreadcrumbList","@id":"https:\/\/www.welovecycling.com\/hu\/orszaguti-kerekpar\/kasia-niewiadoma-tapasztalataim-a-2023-as-tour-de-france-femmes-avec-zwift-en\/#breadcrumb","itemListElement":[{"@type":"ListItem","position":1,"name":"Home","item":"https:\/\/www.welovecycling.com\/hu\/"},{"@type":"ListItem","position":2,"name":"Kasia Niewiadoma: Tapasztalataim a 2023-as Tour de France Femmes avec Zwift-en"}]},{"@type":"WebSite","@id":"https:\/\/www.welovecycling.com\/hu\/#website","url":"https:\/\/www.welovecycling.com\/hu\/","name":"\u0160koda We Love Cycling - Magyarorsz\u00e1g","description":"\u0160koda WeLoveCycling","potentialAction":[{"@type":"SearchAction","target":{"@type":"EntryPoint","urlTemplate":"https:\/\/www.welovecycling.com\/hu\/?s={search_term_string}"},"query-input":{"@type":"PropertyValueSpecification","valueRequired":true,"valueName":"search_term_string"}}],"inLanguage":"hu"},{"@type":"Person","@id":"https:\/\/www.welovecycling.com\/hu\/#\/schema\/person\/414a2aebf1801691a5320edb6468e194","name":"hegyizs","image":{"@type":"ImageObject","inLanguage":"hu","@id":"https:\/\/www.welovecycling.com\/hu\/#\/schema\/person\/image\/","url":"https:\/\/secure.gravatar.com\/avatar\/02cf8a7906b8cf90cecb4679defac7cfd33a1c2e3b88e4903d947f3bb58eedd3?s=96&d=mm&r=g","contentUrl":"https:\/\/secure.gravatar.com\/avatar\/02cf8a7906b8cf90cecb4679defac7cfd33a1c2e3b88e4903d947f3bb58eedd3?s=96&d=mm&r=g","caption":"hegyizs"},"url":"https:\/\/www.welovecycling.com\/hu\/author\/hegyizs\/"}]}},"_links":{"self":[{"href":"https:\/\/www.welovecycling.com\/hu\/wp-json\/wp\/v2\/posts\/17820","targetHints":{"allow":["GET"]}}],"collection":[{"href":"https:\/\/www.welovecycling.com\/hu\/wp-json\/wp\/v2\/posts"}],"about":[{"href":"https:\/\/www.welovecycling.com\/hu\/wp-json\/wp\/v2\/types\/post"}],"author":[{"embeddable":true,"href":"https:\/\/www.welovecycling.com\/hu\/wp-json\/wp\/v2\/users\/71"}],"replies":[{"embeddable":true,"href":"https:\/\/www.welovecycling.com\/hu\/wp-json\/wp\/v2\/comments?post=17820"}],"version-history":[{"count":2,"href":"https:\/\/www.welovecycling.com\/hu\/wp-json\/wp\/v2\/posts\/17820\/revisions"}],"predecessor-version":[{"id":17828,"href":"https:\/\/www.welovecycling.com\/hu\/wp-json\/wp\/v2\/posts\/17820\/revisions\/17828"}],"wp:featuredmedia":[{"embeddable":true,"href":"https:\/\/www.welovecycling.com\/hu\/wp-json\/wp\/v2\/media\/17823"}],"wp:attachment":[{"href":"https:\/\/www.welovecycling.com\/hu\/wp-json\/wp\/v2\/media?parent=17820"}],"wp:term":[{"taxonomy":"category","embeddable":true,"href":"https:\/\/www.welovecycling.com\/hu\/wp-json\/wp\/v2\/categories?post=17820"},{"taxonomy":"post_tag","embeddable":true,"href":"https:\/\/www.welovecycling.com\/hu\/wp-json\/wp\/v2\/tags?post=17820"},{"taxonomy":"global-categories","embeddable":true,"href":"https:\/\/www.welovecycling.com\/hu\/wp-json\/wp\/v2\/global-categories?post=17820"}],"curies":[{"name":"wp","href":"https:\/\/api.w.org\/{rel}","templated":true}]}}