{"id":17813,"date":"2023-08-24T15:52:51","date_gmt":"2023-08-24T13:52:51","guid":{"rendered":"https:\/\/www.welovecycling.com\/hu\/?p=17813"},"modified":"2023-08-24T15:52:51","modified_gmt":"2023-08-24T13:52:51","slug":"valter-attila-segitheti-soha-nem-latott-triplahoz-a-jumbot-a-vueltan","status":"publish","type":"post","link":"https:\/\/www.welovecycling.com\/hu\/orszaguti-kerekpar\/valter-attila-segitheti-soha-nem-latott-triplahoz-a-jumbot-a-vueltan\/","title":{"rendered":"Valter Attila seg\u00edtheti soha nem l\u00e1tott tripl\u00e1hoz a Jumb\u00f3t a Vuelt\u00e1n"},"content":{"rendered":"<p><b>Szombaton elrajtol az \u00e9v utols\u00f3 nagy h\u00e1romhetese, a Vuelta a Espana, ahol a magyar klasszis f\u0151szerepl\u0151k\u00e9nt \u00edrhat t\u00f6rt\u00e9nelmet szt\u00e1rcsapat\u00e1val egy nagyon fontosnak \u00edg\u00e9rkez\u0151 spanyol k\u00f6rversenyen. <\/b><\/p>\n<p><!--more--><\/p>\n<p><span style=\"font-weight: 400;\">B\u00e1rmennyire is hihetetlennek hangozhat, az elm\u00falt majd\u2019 90 \u00e9vben m\u00e9g soha, egyetlen ist\u00e1ll\u00f3nak sem siker\u00fclt az, amire most a Jumbo-Visma k\u00e9sz\u00fcl: egyazon napt\u00e1ri \u00e9vben mindh\u00e1rom nagy k\u00f6rversenyt megnyerni! Ez a f\u00f6ld\u00f6nt\u00fali brav\u00far m\u00e9g az el\u0151z\u0151 \u00e9vtized egyeduralkod\u00f3j\u00e1nak, a Wiggins, majd a Froome f\u00e9mjelezte Sky\/Ineos ist\u00e1ll\u00f3nak sem j\u00f6tt \u00f6ssze, pedig ott azt\u00e1n t\u00e9nyleg rendelkez\u00e9sre \u00e1llt p\u00e9nz, paripa, fegyver, minden \u2013 nem v\u00e9letlen, hogy \u00e9ppen az \u0151 igazgat\u00f3juk, Sir Dave Brailsford kac\u00e9rkodott a legink\u00e1bb (\u00e9s tal\u00e1n a legre\u00e1lisabban) ezzel a gondolattal. A brit gig\u00e1sznak v\u00e9g\u00fcl nagy duzzogva be kellett \u00e9rnie egy Tour, Vuelta- (Chris Froome, 2017) \u00e9s egy Giro, Tour-dupl\u00e1val (Froome, Thomas, 2018), a mostani Jumbo-Vism\u00e1nak viszont t\u00falz\u00e1s n\u00e9lk\u00fcl mindenn\u00e9l nagyobb sansza van az eddig el\u00e9rhetetlennek hitt c\u00e9l teljes\u00edt\u00e9s\u00e9re. K\u00fcl\u00f6n \u00f6r\u00f6m, hogy r\u00e1ad\u00e1sul egy magyar versenyz\u0151vel a soraiban!<\/span><\/p>\n<figure id=\"attachment_17816\" aria-describedby=\"caption-attachment-17816\" style=\"width: 650px\" class=\"wp-caption alignnone\"><a href=\"https:\/\/d2p6e6u75xmxt8.cloudfront.net\/12\/2023\/08\/990621-1936075987.webp\"><img loading=\"lazy\" decoding=\"async\" class=\"size-full wp-image-17816\" src=\"https:\/\/d2p6e6u75xmxt8.cloudfront.net\/12\/2023\/08\/990621-1936075987.webp\" alt=\"\" width=\"650\" height=\"395\" srcset=\"https:\/\/d2p6e6u75xmxt8.cloudfront.net\/12\/2023\/08\/990621-1936075987.webp 650w, https:\/\/d2p6e6u75xmxt8.cloudfront.net\/12\/2023\/08\/990621-1936075987-300x182.webp 300w, https:\/\/d2p6e6u75xmxt8.cloudfront.net\/12\/2023\/08\/990621-1936075987-400x243.webp 400w\" sizes=\"auto, (max-width: 650px) 100vw, 650px\" \/><\/a><figcaption id=\"caption-attachment-17816\" class=\"wp-caption-text\">Froome 2017-ben dupl\u00e1zott \u2013 most vagy Rogli\u010d, vagy Vingegaard csatlakozhat hozz\u00e1 (fot\u00f3: AFP\/Jose Jordan)<\/figcaption><\/figure>\n<p><span style=\"font-weight: 400;\">A holland szt\u00e1rcsapat ugyanis az eddigi k\u00e9t h\u00e1romhetest m\u00e1r kipip\u00e1lta id\u00e9n Primoz Rogli\u010d (Giro-gy\u0151zelem) \u00e9s Jonas Vingegaard (Tour-c\u00edmv\u00e9d\u00e9s) r\u00e9v\u00e9n, \u00e9s hogy a Jumbo semmit se b\u00edzzon a v\u00e9letlenre, a Vuelt\u00e1n mindkettej\u00fcket elind\u00edtja a t\u00f6rt\u00e9nelem\u00edr\u00e1s \u00e9rdek\u00e9ben, m\u00e9ghozz\u00e1 t\u00e1rskapit\u00e1nyk\u00e9nt. Hogy azt\u00e1n a v\u00e9gs\u0151 gy\u0151zelemre melyik\u00fcknek lesz majd nagyobb es\u00e9lye, nyilv\u00e1n menetk\u00f6zben der\u00fcl ki \u2013 nagyon hossz\u00fa az a h\u00e1rom h\u00e9t \u2013, de az biztos, hogy ak\u00e1rki\u00e9rt is megy v\u00e9g\u00fcl a csapat, Valter Attil\u00e1nak f\u0151szerepet sz\u00e1nnak az egyik legfontosabb seg\u00edt\u0151k\u00e9nt. \u00c9s az egyre elk\u00e9peszt\u0151bb magass\u00e1gokba emelked\u0151 magyar klasszis legut\u00f3bb a burgosi k\u00f6rversenyen \u00fajra bizony\u00edtotta, hogy t\u00f6k\u00e9letesen megb\u00edzhat\u00f3 ebben a szerepk\u00f6rben is, hiszen a Vuelta tulajdonk\u00e9ppeni f\u0151pr\u00f3b\u00e1j\u00e1nak tekinthet\u0151 viadalon \u00e9ppen Rogli\u010dot seg\u00edtette \u00f6sszetett sikerhez \u2013 a Jumbo teh\u00e1t kiv\u00e1l\u00f3 el\u0151jelekkel v\u00e1rhatja az igazi \u201emost, vagy soha\u201d lehet\u0151s\u00e9gnek \u00edg\u00e9rkez\u0151 spanyol k\u00f6rt.<\/span><\/p>\n<figure id=\"attachment_17814\" aria-describedby=\"caption-attachment-17814\" style=\"width: 1200px\" class=\"wp-caption alignnone\"><a href=\"https:\/\/d2p6e6u75xmxt8.cloudfront.net\/12\/2023\/08\/Turunkan-Roglic-Vingegaard-untuk-Melengserkan-Pogacar-mainsepeda.webp\"><img loading=\"lazy\" decoding=\"async\" class=\"size-full wp-image-17814\" src=\"https:\/\/d2p6e6u75xmxt8.cloudfront.net\/12\/2023\/08\/Turunkan-Roglic-Vingegaard-untuk-Melengserkan-Pogacar-mainsepeda.webp\" alt=\"\" width=\"1200\" height=\"800\" srcset=\"https:\/\/d2p6e6u75xmxt8.cloudfront.net\/12\/2023\/08\/Turunkan-Roglic-Vingegaard-untuk-Melengserkan-Pogacar-mainsepeda.webp 1200w, https:\/\/d2p6e6u75xmxt8.cloudfront.net\/12\/2023\/08\/Turunkan-Roglic-Vingegaard-untuk-Melengserkan-Pogacar-mainsepeda-300x200.webp 300w, https:\/\/d2p6e6u75xmxt8.cloudfront.net\/12\/2023\/08\/Turunkan-Roglic-Vingegaard-untuk-Melengserkan-Pogacar-mainsepeda-1024x683.webp 1024w, https:\/\/d2p6e6u75xmxt8.cloudfront.net\/12\/2023\/08\/Turunkan-Roglic-Vingegaard-untuk-Melengserkan-Pogacar-mainsepeda-768x512.webp 768w, https:\/\/d2p6e6u75xmxt8.cloudfront.net\/12\/2023\/08\/Turunkan-Roglic-Vingegaard-untuk-Melengserkan-Pogacar-mainsepeda-400x267.webp 400w, https:\/\/d2p6e6u75xmxt8.cloudfront.net\/12\/2023\/08\/Turunkan-Roglic-Vingegaard-untuk-Melengserkan-Pogacar-mainsepeda-272x182.webp 272w\" sizes=\"auto, (max-width: 1200px) 100vw, 1200px\" \/><\/a><figcaption id=\"caption-attachment-17814\" class=\"wp-caption-text\">Rogli\u010d \u00e9s Vingegaard t\u00e1rskapit\u00e1nyok lesznek \u2013 de vajon melyik\u00fck lesz v\u00e9g\u00fcl az igazi nagykutya? (fot\u00f3: Team Jumbo-Visma)<\/figcaption><\/figure>\n<p><span style=\"font-weight: 400;\">Persze nem lesz egyszer\u0171 dolguk \u00fagy, hogy a teljes mez\u0151ny c\u00e9lja az, hogy a v\u00e1gyott fieszt\u00e1ba belerond\u00edtson \u2013 kezd\u00e9sk\u00e9nt a c\u00edmv\u00e9d\u0151 Remco Evenepoellal. A belga szt\u00e1r a tavalyi \u00e9v v\u00e9g\u00e9re jutott el od\u00e1ig, hogy v\u00e9gleg elhallgattassa am\u00fagy is egyre csendesed\u0151 kritikusait, hiszen a k\u0151kem\u00e9ny Vuelta ut\u00e1n lend\u00fcletb\u0151l a vil\u00e1gbajnoks\u00e1g mez\u0151nyverseny\u00e9t is megnyerte, vagyis alig k\u00e9t h\u00e9ten bel\u00fcl a piros \u00e9s a sziv\u00e1rv\u00e1nyos trik\u00f3t is beh\u00fazta, ami elk\u00e9peszt\u0151 teljes\u00edtm\u00e9ny. Most pedig a vb id\u0151futam-arany\u00e9rm\u00e9vel hangolt Spanyolorsz\u00e1gra (m\u00e9g Filippo Gann\u00e1t is legy\u0151zve), teh\u00e1t sem a form\u00e1j\u00e1val, sem a sz\u00e1maival nincs gond, viszont az idei Vuelta m\u00e9g a tavalyin\u00e1l is nehezebbnek \u00edg\u00e9rkezik (a mez\u0151ny tekintet\u00e9ben legal\u00e1bbis biztosan). \u0150 lehet a Jumbo legf\u0151bb riv\u00e1lisa, de nagy k\u00e9rd\u00e9s, hogyan b\u00edrja majd tartani a holland csapat temp\u00f3j\u00e1t a hegyekben, mennyire szedik majd sz\u00e9t Rogli\u010d\u00e9k Valter\u00e9k seg\u00edts\u00e9g\u00e9vel. <\/span><\/p>\n<figure id=\"attachment_17817\" aria-describedby=\"caption-attachment-17817\" style=\"width: 1200px\" class=\"wp-caption alignnone\"><a href=\"https:\/\/d2p6e6u75xmxt8.cloudfront.net\/12\/2023\/08\/3872.webp\"><img loading=\"lazy\" decoding=\"async\" class=\"size-full wp-image-17817\" src=\"https:\/\/d2p6e6u75xmxt8.cloudfront.net\/12\/2023\/08\/3872.webp\" alt=\"\" width=\"1200\" height=\"1200\" srcset=\"https:\/\/d2p6e6u75xmxt8.cloudfront.net\/12\/2023\/08\/3872.webp 1200w, https:\/\/d2p6e6u75xmxt8.cloudfront.net\/12\/2023\/08\/3872-300x300.webp 300w, https:\/\/d2p6e6u75xmxt8.cloudfront.net\/12\/2023\/08\/3872-1024x1024.webp 1024w, https:\/\/d2p6e6u75xmxt8.cloudfront.net\/12\/2023\/08\/3872-150x150.webp 150w, https:\/\/d2p6e6u75xmxt8.cloudfront.net\/12\/2023\/08\/3872-768x768.webp 768w, https:\/\/d2p6e6u75xmxt8.cloudfront.net\/12\/2023\/08\/3872-400x400.webp 400w\" sizes=\"auto, (max-width: 1200px) 100vw, 1200px\" \/><\/a><figcaption id=\"caption-attachment-17817\" class=\"wp-caption-text\">Evenepoel most is pont ugyanezt szeretn\u00e9 majd \u00e9rezni (fot\u00f3: \u00d3scar del Pozo\/AFP\/Getty)<\/figcaption><\/figure>\n<p><span style=\"font-weight: 400;\">Mellette titkos favoritk\u00e9nt eml\u00edthet\u0151 k\u00e9t Emirates-versenyz\u0151 is, de term\u00e9szetesen nincs k\u00f6zt\u00fck Tadej Poga\u010dar, aki nem indul. T\u00e1rsair\u00f3l, Joao Almeid\u00e1r\u00f3l, illetve Juan Ayusor\u00f3l van sz\u00f3, k\u00f6zt\u00fck a Rogli\u010d-Vingegaard du\u00f3hoz hasonl\u00f3 csata v\u00e1rhat\u00f3 csapaton bel\u00fcl a vezet\u0151 szerep\u00e9rt. Mindenesetre a hazai k\u00f6z\u00f6ns\u00e9g el\u0151tt versenyz\u0151 fiatal Ayuso tavaly m\u00e1r megmutatta, mi\u00e9rt tartj\u00e1k komoly \u00edg\u00e9retnek, r\u00f6gt\u00f6n els\u0151 h\u00e1romhetes\u00e9n fel\u00e1llhatott a dobog\u00f3ra, \u00e9s ezt ez\u00fattal sem adn\u00e1 al\u00e1bb. Azt\u00e1n ott van m\u00e9g Geraint Thomas, aki hi\u00e1ba 37 m\u00e1r, el\u00e9gszer bizony\u00edtotta m\u00e1r, hogy \u0151t sosem lehet le\u00edrni, mik\u00e9nt a Vuelt\u00e1t mindig a lehet\u0151 legkomolyabban vev\u0151 Movistart sem, \u00e9l\u00e9n Enric Masszal.\u00a0<\/span><\/p>\n<p><span style=\"font-weight: 400;\">Ak\u00e1rhogy is, a szombaton a barcelonai csapatid\u0151futammal elrajtol\u00f3, Madridba szeptember 17-\u00e9n meg\u00e9rkez\u0151 2023-as Vuelta t\u00f6rt\u00e9nelminek \u00edg\u00e9rkezik, r\u00e1ad\u00e1sul magyar k\u00f6zrem\u0171k\u00f6d\u00e9ssel (\u00e9s ne feledj\u00fck, Valter Attila a fiatalok verseny\u00e9ben is \u00e9rdekelt), \u00edgy dupl\u00e1n \u00e9rdemes lesz nap mint nap a k\u00e9perny\u0151k el\u00e9 tapadni.<\/span><\/p>\n<p><a href=\"https:\/\/d2p6e6u75xmxt8.cloudfront.net\/12\/2023\/08\/3650382-74316768-2560-1440.webp\"><img loading=\"lazy\" decoding=\"async\" class=\"alignnone size-full wp-image-17815\" src=\"https:\/\/d2p6e6u75xmxt8.cloudfront.net\/12\/2023\/08\/3650382-74316768-2560-1440.webp\" alt=\"\" width=\"2560\" height=\"1440\" srcset=\"https:\/\/d2p6e6u75xmxt8.cloudfront.net\/12\/2023\/08\/3650382-74316768-2560-1440.webp 2560w, https:\/\/d2p6e6u75xmxt8.cloudfront.net\/12\/2023\/08\/3650382-74316768-2560-1440-300x169.webp 300w, https:\/\/d2p6e6u75xmxt8.cloudfront.net\/12\/2023\/08\/3650382-74316768-2560-1440-1024x576.webp 1024w, https:\/\/d2p6e6u75xmxt8.cloudfront.net\/12\/2023\/08\/3650382-74316768-2560-1440-768x432.webp 768w, https:\/\/d2p6e6u75xmxt8.cloudfront.net\/12\/2023\/08\/3650382-74316768-2560-1440-1536x864.webp 1536w, https:\/\/d2p6e6u75xmxt8.cloudfront.net\/12\/2023\/08\/3650382-74316768-2560-1440-2048x1152.webp 2048w, https:\/\/d2p6e6u75xmxt8.cloudfront.net\/12\/2023\/08\/3650382-74316768-2560-1440-1920x1080.webp 1920w, https:\/\/d2p6e6u75xmxt8.cloudfront.net\/12\/2023\/08\/3650382-74316768-2560-1440-400x225.webp 400w, https:\/\/d2p6e6u75xmxt8.cloudfront.net\/12\/2023\/08\/3650382-74316768-2560-1440-1920x1080.webp 1920w\" sizes=\"auto, (max-width: 2560px) 100vw, 2560px\" \/><\/a><\/p>\n<p><i><span style=\"font-weight: 400;\">Bor\u00edt\u00f3k\u00e9p<\/span><\/i><i><span style=\"font-weight: 400;\">: AFP<\/span><\/i><\/p>\n","protected":false},"excerpt":{"rendered":"<p>Szombaton elrajtol az \u00e9v utols\u00f3 nagy h\u00e1romhetese, a Vuelta a Espana, ahol a magyar klasszis f\u0151szerepl\u0151k\u00e9nt \u00edrhat t\u00f6rt\u00e9nelmet szt\u00e1rcsapat\u00e1val egy [&hellip;]<\/p>\n","protected":false},"author":145,"featured_media":17818,"comment_status":"open","ping_status":"open","sticky":false,"template":"","format":"standard","meta":{"footnotes":""},"categories":[8],"tags":[],"global-categories":[419],"class_list":["post-17813","post","type-post","status-publish","format-standard","has-post-thumbnail","hentry","category-orszaguti-kerekpar","global-categories-cycling"],"yoast_head":"<!-- This site is optimized with the Yoast SEO Premium plugin v25.3 (Yoast SEO v25.9) - https:\/\/yoast.com\/wordpress\/plugins\/seo\/ -->\n<title>Valter Attila seg\u00edtheti soha nem l\u00e1tott tripl\u00e1hoz a Jumb\u00f3t a Vuelt\u00e1n - \u0160koda We Love Cycling - Magyarorsz\u00e1g<\/title>\n<meta name=\"robots\" content=\"index, follow, max-snippet:-1, max-image-preview:large, max-video-preview:-1\" \/>\n<link rel=\"canonical\" href=\"https:\/\/www.welovecycling.com\/hu\/orszaguti-kerekpar\/valter-attila-segitheti-soha-nem-latott-triplahoz-a-jumbot-a-vueltan\/\" \/>\n<meta property=\"og:locale\" content=\"hu_HU\" \/>\n<meta property=\"og:type\" content=\"article\" \/>\n<meta property=\"og:title\" content=\"Valter Attila seg\u00edtheti soha nem l\u00e1tott tripl\u00e1hoz a Jumb\u00f3t a Vuelt\u00e1n\" \/>\n<meta property=\"og:description\" content=\"Szombaton elrajtol az \u00e9v utols\u00f3 nagy h\u00e1romhetese, a Vuelta a Espana, ahol a magyar klasszis f\u0151szerepl\u0151k\u00e9nt \u00edrhat t\u00f6rt\u00e9nelmet szt\u00e1rcsapat\u00e1val egy [&hellip;]\" \/>\n<meta property=\"og:url\" content=\"https:\/\/www.welovecycling.com\/hu\/orszaguti-kerekpar\/valter-attila-segitheti-soha-nem-latott-triplahoz-a-jumbot-a-vueltan\/\" \/>\n<meta property=\"og:site_name\" content=\"\u0160koda We Love Cycling - Magyarorsz\u00e1g\" \/>\n<meta property=\"article:publisher\" content=\"https:\/\/www.facebook.com\/WeLoveCyclingHungary\/\" \/>\n<meta property=\"article:published_time\" content=\"2023-08-24T13:52:51+00:00\" \/>\n<meta property=\"og:image\" content=\"https:\/\/d2p6e6u75xmxt8.cloudfront.net\/12\/2023\/08\/000_33J48AT.webp\" \/>\n\t<meta property=\"og:image:width\" content=\"1200\" \/>\n\t<meta property=\"og:image:height\" content=\"900\" \/>\n\t<meta property=\"og:image:type\" content=\"image\/webp\" \/>\n<meta name=\"author\" content=\"kitti\" \/>\n<meta name=\"twitter:card\" content=\"summary_large_image\" \/>\n<meta name=\"twitter:label1\" content=\"Written by\" \/>\n\t<meta name=\"twitter:data1\" content=\"We Love Cycling\" \/>\n\t<meta name=\"twitter:label2\" content=\"Est. reading time\" \/>\n\t<meta name=\"twitter:data2\" content=\"4 minutes\" \/>\n<script type=\"application\/ld+json\" class=\"yoast-schema-graph\">{\"@context\":\"https:\/\/schema.org\",\"@graph\":[{\"@type\":\"WebPage\",\"@id\":\"https:\/\/www.welovecycling.com\/hu\/orszaguti-kerekpar\/valter-attila-segitheti-soha-nem-latott-triplahoz-a-jumbot-a-vueltan\/\",\"url\":\"https:\/\/www.welovecycling.com\/hu\/orszaguti-kerekpar\/valter-attila-segitheti-soha-nem-latott-triplahoz-a-jumbot-a-vueltan\/\",\"name\":\"Valter Attila seg\u00edtheti soha nem l\u00e1tott tripl\u00e1hoz a Jumb\u00f3t a Vuelt\u00e1n - \u0160koda We Love Cycling - Magyarorsz\u00e1g\",\"isPartOf\":{\"@id\":\"https:\/\/www.welovecycling.com\/hu\/#website\"},\"primaryImageOfPage\":{\"@id\":\"https:\/\/www.welovecycling.com\/hu\/orszaguti-kerekpar\/valter-attila-segitheti-soha-nem-latott-triplahoz-a-jumbot-a-vueltan\/#primaryimage\"},\"image\":{\"@id\":\"https:\/\/www.welovecycling.com\/hu\/orszaguti-kerekpar\/valter-attila-segitheti-soha-nem-latott-triplahoz-a-jumbot-a-vueltan\/#primaryimage\"},\"thumbnailUrl\":\"https:\/\/d2p6e6u75xmxt8.cloudfront.net\/12\/2023\/08\/000_33J48AT.webp\",\"datePublished\":\"2023-08-24T13:52:51+00:00\",\"author\":{\"@id\":\"https:\/\/www.welovecycling.com\/hu\/#\/schema\/person\/bec7dcdbcc59f58489cf603e4040ced1\"},\"breadcrumb\":{\"@id\":\"https:\/\/www.welovecycling.com\/hu\/orszaguti-kerekpar\/valter-attila-segitheti-soha-nem-latott-triplahoz-a-jumbot-a-vueltan\/#breadcrumb\"},\"inLanguage\":\"hu\",\"potentialAction\":[{\"@type\":\"ReadAction\",\"target\":[\"https:\/\/www.welovecycling.com\/hu\/orszaguti-kerekpar\/valter-attila-segitheti-soha-nem-latott-triplahoz-a-jumbot-a-vueltan\/\"]}]},{\"@type\":\"ImageObject\",\"inLanguage\":\"hu\",\"@id\":\"https:\/\/www.welovecycling.com\/hu\/orszaguti-kerekpar\/valter-attila-segitheti-soha-nem-latott-triplahoz-a-jumbot-a-vueltan\/#primaryimage\",\"url\":\"https:\/\/d2p6e6u75xmxt8.cloudfront.net\/12\/2023\/08\/000_33J48AT.webp\",\"contentUrl\":\"https:\/\/d2p6e6u75xmxt8.cloudfront.net\/12\/2023\/08\/000_33J48AT.webp\",\"width\":1200,\"height\":900},{\"@type\":\"BreadcrumbList\",\"@id\":\"https:\/\/www.welovecycling.com\/hu\/orszaguti-kerekpar\/valter-attila-segitheti-soha-nem-latott-triplahoz-a-jumbot-a-vueltan\/#breadcrumb\",\"itemListElement\":[{\"@type\":\"ListItem\",\"position\":1,\"name\":\"Home\",\"item\":\"https:\/\/www.welovecycling.com\/hu\/\"},{\"@type\":\"ListItem\",\"position\":2,\"name\":\"Valter Attila seg\u00edtheti soha nem l\u00e1tott tripl\u00e1hoz a Jumb\u00f3t a Vuelt\u00e1n\"}]},{\"@type\":\"WebSite\",\"@id\":\"https:\/\/www.welovecycling.com\/hu\/#website\",\"url\":\"https:\/\/www.welovecycling.com\/hu\/\",\"name\":\"\u0160koda We Love Cycling - Magyarorsz\u00e1g\",\"description\":\"\u0160koda WeLoveCycling\",\"potentialAction\":[{\"@type\":\"SearchAction\",\"target\":{\"@type\":\"EntryPoint\",\"urlTemplate\":\"https:\/\/www.welovecycling.com\/hu\/?s={search_term_string}\"},\"query-input\":{\"@type\":\"PropertyValueSpecification\",\"valueRequired\":true,\"valueName\":\"search_term_string\"}}],\"inLanguage\":\"hu\"},{\"@type\":\"Person\",\"@id\":\"https:\/\/www.welovecycling.com\/hu\/#\/schema\/person\/bec7dcdbcc59f58489cf603e4040ced1\",\"name\":\"kitti\",\"image\":{\"@type\":\"ImageObject\",\"inLanguage\":\"hu\",\"@id\":\"https:\/\/www.welovecycling.com\/hu\/#\/schema\/person\/image\/\",\"url\":\"https:\/\/secure.gravatar.com\/avatar\/e3196a110e1b57b96f56d92d10ce9bb4e9d7210076832a16243337e949410b52?s=96&d=mm&r=g\",\"contentUrl\":\"https:\/\/secure.gravatar.com\/avatar\/e3196a110e1b57b96f56d92d10ce9bb4e9d7210076832a16243337e949410b52?s=96&d=mm&r=g\",\"caption\":\"kitti\"},\"url\":\"https:\/\/www.welovecycling.com\/hu\/author\/kitti\/\"}]}<\/script>\n<!-- \/ Yoast SEO Premium plugin. -->","yoast_head_json":{"title":"Valter Attila seg\u00edtheti soha nem l\u00e1tott tripl\u00e1hoz a Jumb\u00f3t a Vuelt\u00e1n - \u0160koda We Love Cycling - Magyarorsz\u00e1g","robots":{"index":"index","follow":"follow","max-snippet":"max-snippet:-1","max-image-preview":"max-image-preview:large","max-video-preview":"max-video-preview:-1"},"canonical":"https:\/\/www.welovecycling.com\/hu\/orszaguti-kerekpar\/valter-attila-segitheti-soha-nem-latott-triplahoz-a-jumbot-a-vueltan\/","og_locale":"hu_HU","og_type":"article","og_title":"Valter Attila seg\u00edtheti soha nem l\u00e1tott tripl\u00e1hoz a Jumb\u00f3t a Vuelt\u00e1n","og_description":"Szombaton elrajtol az \u00e9v utols\u00f3 nagy h\u00e1romhetese, a Vuelta a Espana, ahol a magyar klasszis f\u0151szerepl\u0151k\u00e9nt \u00edrhat t\u00f6rt\u00e9nelmet szt\u00e1rcsapat\u00e1val egy [&hellip;]","og_url":"https:\/\/www.welovecycling.com\/hu\/orszaguti-kerekpar\/valter-attila-segitheti-soha-nem-latott-triplahoz-a-jumbot-a-vueltan\/","og_site_name":"\u0160koda We Love Cycling - Magyarorsz\u00e1g","article_publisher":"https:\/\/www.facebook.com\/WeLoveCyclingHungary\/","article_published_time":"2023-08-24T13:52:51+00:00","og_image":[{"width":1200,"height":900,"url":"https:\/\/d2p6e6u75xmxt8.cloudfront.net\/12\/2023\/08\/000_33J48AT.webp","type":"image\/webp"}],"author":"kitti","twitter_card":"summary_large_image","twitter_misc":{"Written by":"We Love Cycling","Est. reading time":"4 minutes"},"schema":{"@context":"https:\/\/schema.org","@graph":[{"@type":"WebPage","@id":"https:\/\/www.welovecycling.com\/hu\/orszaguti-kerekpar\/valter-attila-segitheti-soha-nem-latott-triplahoz-a-jumbot-a-vueltan\/","url":"https:\/\/www.welovecycling.com\/hu\/orszaguti-kerekpar\/valter-attila-segitheti-soha-nem-latott-triplahoz-a-jumbot-a-vueltan\/","name":"Valter Attila seg\u00edtheti soha nem l\u00e1tott tripl\u00e1hoz a Jumb\u00f3t a Vuelt\u00e1n - \u0160koda We Love Cycling - Magyarorsz\u00e1g","isPartOf":{"@id":"https:\/\/www.welovecycling.com\/hu\/#website"},"primaryImageOfPage":{"@id":"https:\/\/www.welovecycling.com\/hu\/orszaguti-kerekpar\/valter-attila-segitheti-soha-nem-latott-triplahoz-a-jumbot-a-vueltan\/#primaryimage"},"image":{"@id":"https:\/\/www.welovecycling.com\/hu\/orszaguti-kerekpar\/valter-attila-segitheti-soha-nem-latott-triplahoz-a-jumbot-a-vueltan\/#primaryimage"},"thumbnailUrl":"https:\/\/d2p6e6u75xmxt8.cloudfront.net\/12\/2023\/08\/000_33J48AT.webp","datePublished":"2023-08-24T13:52:51+00:00","author":{"@id":"https:\/\/www.welovecycling.com\/hu\/#\/schema\/person\/bec7dcdbcc59f58489cf603e4040ced1"},"breadcrumb":{"@id":"https:\/\/www.welovecycling.com\/hu\/orszaguti-kerekpar\/valter-attila-segitheti-soha-nem-latott-triplahoz-a-jumbot-a-vueltan\/#breadcrumb"},"inLanguage":"hu","potentialAction":[{"@type":"ReadAction","target":["https:\/\/www.welovecycling.com\/hu\/orszaguti-kerekpar\/valter-attila-segitheti-soha-nem-latott-triplahoz-a-jumbot-a-vueltan\/"]}]},{"@type":"ImageObject","inLanguage":"hu","@id":"https:\/\/www.welovecycling.com\/hu\/orszaguti-kerekpar\/valter-attila-segitheti-soha-nem-latott-triplahoz-a-jumbot-a-vueltan\/#primaryimage","url":"https:\/\/d2p6e6u75xmxt8.cloudfront.net\/12\/2023\/08\/000_33J48AT.webp","contentUrl":"https:\/\/d2p6e6u75xmxt8.cloudfront.net\/12\/2023\/08\/000_33J48AT.webp","width":1200,"height":900},{"@type":"BreadcrumbList","@id":"https:\/\/www.welovecycling.com\/hu\/orszaguti-kerekpar\/valter-attila-segitheti-soha-nem-latott-triplahoz-a-jumbot-a-vueltan\/#breadcrumb","itemListElement":[{"@type":"ListItem","position":1,"name":"Home","item":"https:\/\/www.welovecycling.com\/hu\/"},{"@type":"ListItem","position":2,"name":"Valter Attila seg\u00edtheti soha nem l\u00e1tott tripl\u00e1hoz a Jumb\u00f3t a Vuelt\u00e1n"}]},{"@type":"WebSite","@id":"https:\/\/www.welovecycling.com\/hu\/#website","url":"https:\/\/www.welovecycling.com\/hu\/","name":"\u0160koda We Love Cycling - Magyarorsz\u00e1g","description":"\u0160koda WeLoveCycling","potentialAction":[{"@type":"SearchAction","target":{"@type":"EntryPoint","urlTemplate":"https:\/\/www.welovecycling.com\/hu\/?s={search_term_string}"},"query-input":{"@type":"PropertyValueSpecification","valueRequired":true,"valueName":"search_term_string"}}],"inLanguage":"hu"},{"@type":"Person","@id":"https:\/\/www.welovecycling.com\/hu\/#\/schema\/person\/bec7dcdbcc59f58489cf603e4040ced1","name":"kitti","image":{"@type":"ImageObject","inLanguage":"hu","@id":"https:\/\/www.welovecycling.com\/hu\/#\/schema\/person\/image\/","url":"https:\/\/secure.gravatar.com\/avatar\/e3196a110e1b57b96f56d92d10ce9bb4e9d7210076832a16243337e949410b52?s=96&d=mm&r=g","contentUrl":"https:\/\/secure.gravatar.com\/avatar\/e3196a110e1b57b96f56d92d10ce9bb4e9d7210076832a16243337e949410b52?s=96&d=mm&r=g","caption":"kitti"},"url":"https:\/\/www.welovecycling.com\/hu\/author\/kitti\/"}]}},"_links":{"self":[{"href":"https:\/\/www.welovecycling.com\/hu\/wp-json\/wp\/v2\/posts\/17813","targetHints":{"allow":["GET"]}}],"collection":[{"href":"https:\/\/www.welovecycling.com\/hu\/wp-json\/wp\/v2\/posts"}],"about":[{"href":"https:\/\/www.welovecycling.com\/hu\/wp-json\/wp\/v2\/types\/post"}],"author":[{"embeddable":true,"href":"https:\/\/www.welovecycling.com\/hu\/wp-json\/wp\/v2\/users\/145"}],"replies":[{"embeddable":true,"href":"https:\/\/www.welovecycling.com\/hu\/wp-json\/wp\/v2\/comments?post=17813"}],"version-history":[{"count":1,"href":"https:\/\/www.welovecycling.com\/hu\/wp-json\/wp\/v2\/posts\/17813\/revisions"}],"predecessor-version":[{"id":17819,"href":"https:\/\/www.welovecycling.com\/hu\/wp-json\/wp\/v2\/posts\/17813\/revisions\/17819"}],"wp:featuredmedia":[{"embeddable":true,"href":"https:\/\/www.welovecycling.com\/hu\/wp-json\/wp\/v2\/media\/17818"}],"wp:attachment":[{"href":"https:\/\/www.welovecycling.com\/hu\/wp-json\/wp\/v2\/media?parent=17813"}],"wp:term":[{"taxonomy":"category","embeddable":true,"href":"https:\/\/www.welovecycling.com\/hu\/wp-json\/wp\/v2\/categories?post=17813"},{"taxonomy":"post_tag","embeddable":true,"href":"https:\/\/www.welovecycling.com\/hu\/wp-json\/wp\/v2\/tags?post=17813"},{"taxonomy":"global-categories","embeddable":true,"href":"https:\/\/www.welovecycling.com\/hu\/wp-json\/wp\/v2\/global-categories?post=17813"}],"curies":[{"name":"wp","href":"https:\/\/api.w.org\/{rel}","templated":true}]}}