{"id":17803,"date":"2023-08-21T08:00:28","date_gmt":"2023-08-21T06:00:28","guid":{"rendered":"https:\/\/www.welovecycling.com\/hu\/?p=17803"},"modified":"2023-08-18T11:51:55","modified_gmt":"2023-08-18T09:51:55","slug":"kiveteles-nok-akik-nagy-kerekparosok-is-voltak-marie-curie","status":"publish","type":"post","link":"https:\/\/www.welovecycling.com\/hu\/kozosseg-es-kultura\/kiveteles-nok-akik-nagy-kerekparosok-is-voltak-marie-curie\/","title":{"rendered":"Kiv\u00e9teles n\u0151k, akik nagy ker\u00e9kp\u00e1rosok is voltak: Marie Curie"},"content":{"rendered":"<p><strong>Marie Curie nev\u00e9nek hallat\u00e1n mindenki a forradalmi tudom\u00e1nyos eredm\u00e9nyekre \u00e9s a radioaktivit\u00e1s pion\u00edr kutat\u00e1saira gondol, m\u00e9gink\u00e1bb pedig arra, hogy \u0151 volt az els\u0151 n\u0151, aki Nobel-d\u00edjat nyert, r\u00e1ad\u00e1sul k\u00e9tszer is, \u00e9s az egyetlen szem\u00e9ly, aki k\u00e9t k\u00fcl\u00f6nb\u00f6z\u0151 tudom\u00e1nyter\u00fcleten!<\/strong><\/p>\n<p><!--more--><\/p>\n<p>Nem k\u00e9ts\u00e9ges, hogy hozz\u00e1j\u00e1rul\u00e1s\u00e1val a tudom\u00e1nyhoz \u00e9s az emberis\u00e9ghez, maradand\u00f3 nyomot hagyott a vil\u00e1gban. Azonban sokan tal\u00e1n nem tudj\u00e1k, hogy leny\u0171g\u00f6z\u0151 tudom\u00e1nyos \u00fatja mellett Marie Curie a k\u00e9s\u0151 19. \u00e9s a korai 20. sz\u00e1zadban egyar\u00e1nt lelkes ker\u00e9kp\u00e1ros volt, aki \u00e9lvezte a bicikli ny\u00fajtotta szabads\u00e1got.<\/p>\n<p>Hatalmas hat\u00e1sa volt Marie Curie szenved\u00e9lye a ker\u00e9kp\u00e1roz\u00e1s n\u00e9pszer\u0171s\u00edt\u00e9s\u00e9ben a n\u0151k k\u00f6r\u00e9ben, \u00e9s \u00f6r\u00f6ks\u00e9g\u00e9t a vil\u00e1g minden t\u00e1j\u00e1n megrendezett ker\u00e9kp\u00e1ros j\u00f3t\u00e9konys\u00e1gi esem\u00e9nyeken kereszt\u00fcl \u00fcnneplik.<\/p>\n<h2><strong>Marie Curie: A tudom\u00e1ny \u00fatt\u00f6r\u0151je<\/strong><\/h2>\n<p>Ha valaha azt \u00e9rezted, hogy egy bicikliz\u00e9s ut\u00e1n kicsit jobban m\u0171k\u00f6dik az agyad, Marie Curie t\u00f6rt\u00e9nete komoly hitelt ad a gyan\u00fanak, hogy ez \u00edgy is van. P\u00e1ratlan tudom\u00e1nyos eredm\u00e9nyei j\u00f3l dokument\u00e1ltak, a radioaktivit\u00e1sra vonatkoz\u00f3 forradalmi kutat\u00e1sait\u00f3l az \u00f3lom \u00e9s a pol\u00f3nium d\u00f6nt\u0151 felfedez\u00e9s\u00e9ig terjednek. Marie Curie 1867-ben sz\u00fcletett Lengyelorsz\u00e1gban, majd P\u00e1rizsba k\u00f6lt\u00f6z\u00f6tt, hogy magasabb szint\u0171 oktat\u00e1sban vehessen r\u00e9szt, meghazudtolva a kor szoci\u00e1lis norm\u00e1it.<\/p>\n<p>Kitart\u00e1sa, zsenialit\u00e1sa \u00e9s rend\u00edthetetlen szelleme 1903-ban fizika Nobel-d\u00edjat hozott neki, amit Henri Becquerel \u00e9s Pierre Curie-val, a f\u00e9rj\u00e9vel osztott meg. 1911-ben m\u00e1sodik Nobel-d\u00edj\u00e1t is elnyerte, ez\u00fattal k\u00e9miai sikerei\u00e9rt, eg\u00e9sz pontosan a r\u00e1dium \u00e9s a pol\u00f3nium felfedez\u00e9s\u00e9\u00e9rt. A sug\u00e1rter\u00e1pi\u00e1s munk\u00e1ss\u00e1ga \u00e1talak\u00edtotta az orvostudom\u00e1nyt, \u00e9s sz\u00e1mtalan \u00e9letet mentett meg.<\/p>\n<h2><strong>Marie Curie: A lelkes ker\u00e9kp\u00e1ros<\/strong><\/h2>\n<figure id=\"attachment_17804\" aria-describedby=\"caption-attachment-17804\" style=\"width: 1248px\" class=\"wp-caption alignnone\"><a href=\"https:\/\/d2p6e6u75xmxt8.cloudfront.net\/12\/2023\/08\/Marie-Curie-profimedia-0769431119.webp\"><img loading=\"lazy\" decoding=\"async\" class=\"wp-image-17804 size-full\" src=\"https:\/\/d2p6e6u75xmxt8.cloudfront.net\/12\/2023\/08\/Marie-Curie-profimedia-0769431119.webp\" alt=\"Marie Curie\" width=\"1248\" height=\"1249\" srcset=\"https:\/\/d2p6e6u75xmxt8.cloudfront.net\/12\/2023\/08\/Marie-Curie-profimedia-0769431119.webp 1248w, https:\/\/d2p6e6u75xmxt8.cloudfront.net\/12\/2023\/08\/Marie-Curie-profimedia-0769431119-300x300.webp 300w, https:\/\/d2p6e6u75xmxt8.cloudfront.net\/12\/2023\/08\/Marie-Curie-profimedia-0769431119-1024x1024.webp 1024w, https:\/\/d2p6e6u75xmxt8.cloudfront.net\/12\/2023\/08\/Marie-Curie-profimedia-0769431119-150x150.webp 150w, https:\/\/d2p6e6u75xmxt8.cloudfront.net\/12\/2023\/08\/Marie-Curie-profimedia-0769431119-768x769.webp 768w, https:\/\/d2p6e6u75xmxt8.cloudfront.net\/12\/2023\/08\/Marie-Curie-profimedia-0769431119-400x400.webp 400w\" sizes=\"auto, (max-width: 1248px) 100vw, 1248px\" \/><\/a><figcaption id=\"caption-attachment-17804\" class=\"wp-caption-text\">Marie Curie \u00e9s f\u00e9rje. \u00a9 Profimedia<\/figcaption><\/figure>\n<p>Az \u00e1tt\u00f6r\u0151 tudom\u00e1nyos t\u00f6rekv\u00e9sei mellett Marie Curie szem\u00e9lyes \u00e9lete is mutatja, hogy olyan n\u0151 volt, akit sokminden \u00e9rdekelt \u00e9s k\u00fcl\u00f6nb\u00f6z\u0151 szenved\u00e9lyeknek h\u00f3dolt. K\u00f6zt\u00fck a ker\u00e9kp\u00e1roz\u00e1snak is. A 19.sz\u00e1zad v\u00e9g\u00e9n \u00e9s a 20. sz\u00e1zad elej\u00e9n a ker\u00e9kp\u00e1roz\u00e1s egyre n\u00e9pszer\u0171bb\u00e9 v\u00e1lt, mint szabadid\u0151s tev\u00e9kenys\u00e9g, \u00e9s egy \u00fajfajta\u00a0 mobilit\u00e1st k\u00edn\u00e1lt azoknak, akik megengedhett\u00e9k maguknak, hogy vegyenek egy biciklit. Marie Curie f\u00e9rj\u00e9vel, Pierre-rel egy\u00fctt \u00f6r\u00f6mmel csatlakoztak a trendhez \u00e9s sz\u00e1mos ker\u00e9kp\u00e1ros t\u00far\u00e1n vettek r\u00e9szt Eur\u00f3pa-szerte. Ezek a kir\u00e1ndul\u00e1sok \u00fcd\u00edt\u0151 menek\u00fcl\u00e9st ny\u00fajtottak a laborat\u00f3riumb\u00f3l, \u00e9s a term\u00e9szet \u00e9s a sz\u00e9p t\u00e1jak felfriss\u00edtett\u00e9k \u0151ket.<\/p>\n<h2><strong>A nemi norm\u00e1k megk\u00e9rd\u0151jelez\u00e9se<\/strong><\/h2>\n<p>Marie sz\u00e1m\u00e1ra a ker\u00e9kp\u00e1roz\u00e1s nemcsak szabadid\u0151s elfoglalts\u00e1g volt, hanem az akkori t\u00e1rsadalmi norm\u00e1k feszeget\u00e9s\u00e9nek eszk\u00f6ze is. A 19. sz\u00e1zad v\u00e9g\u00e9n a n\u0151k \u00e9s a sport nehezen volt \u00f6sszeegyeztethet\u0151 a t\u00e1rsadalmi szerepekkel. Az ilyen fizikai tev\u00e9kenys\u00e9gekben val\u00f3 r\u00e9szv\u00e9tel a n\u0151k sz\u00e1m\u00e1ra helytelennek, s\u0151t botr\u00e1nyosnak sz\u00e1m\u00edtott. Marie azonban elt\u00f6k\u00e9lte, hogy lek\u00fczdi az akad\u00e1lyokat, \u00e9s nem csak a tudom\u00e1nyban, hanem a n\u0151k helyzet\u00e9nek jav\u00edt\u00e1s\u00e1ban is.<\/p>\n<h2><strong>A ker\u00e9kp\u00e1r mint az \u00f6n\u00e1ll\u00f3s\u00e1g szimb\u00f3luma<\/strong><\/h2>\n<p>Azzal, hogy ny\u00edltan \u00e9lvezte a ker\u00e9kp\u00e1roz\u00e1st, \u00e9s t\u00e1mogatta annak elfogad\u00e1s\u00e1t a n\u0151k k\u00f6r\u00e9ben, Marie Curie szembe ment a t\u00e1rsadalmi elv\u00e1r\u00e1sokkal, \u00e9s r\u00e1mutatott arra, hogy a n\u0151k ugyan\u00fagy r\u00e9szt vehetnek fizikai tev\u00e9kenys\u00e9gekben, mint a f\u00e9rfiak. A f\u00fcggetlens\u00e9g, kitart\u00e1s \u00e9s nemi egyenl\u0151s\u00e9g szimb\u00f3lum\u00e1v\u00e1 v\u00e1lt, \u00e9s inspir\u00e1ci\u00f3t ny\u00fajtott a n\u0151k sz\u00e1m\u00e1ra, hogy \u0151k merjenek szembesz\u00e1llni a korl\u00e1toz\u00f3 norm\u00e1kkal \u00e9s k\u00f6vess\u00e9k a szenved\u00e9lyeiket. Marie Curie ker\u00e9kp\u00e1rja legend\u00e1s jelk\u00e9pe lett kalandv\u00e1gy\u00f3 szellem\u00e9nek \u00e9s \u00e1llhatatoss\u00e1g\u00e1nak.<\/p>\n<h2><strong>Marie Curie \u00f6r\u00f6ks\u00e9ge<\/strong><\/h2>\n<p>Ma is nagy hat\u00e1ssal van Marie Curie ker\u00e9kp\u00e1ros \u00e9s jogi aktivista \u00f6r\u00f6ks\u00e9ge. Vil\u00e1gszerte j\u00f3t\u00e9konys\u00e1gi ker\u00e9kp\u00e1ros esem\u00e9nyeket szerveznek, hogy \u00fcnnepelj\u00e9k tudom\u00e1nyos eredm\u00e9nyeit \u00e9s tisztelegjenek a n\u0151i sportol\u00f3k el\u0151tt. Ezek az esem\u00e9nyek nemcsak a ker\u00e9kp\u00e1roz\u00e1st n\u00e9pszer\u0171s\u00edtik, mint eg\u00e9szs\u00e9ges \u00e9s k\u00f6rnyezetbar\u00e1t k\u00f6zleked\u00e9si m\u00f3dot, de felh\u00edvj\u00e1k a figyelmet fontos \u00fcgyekre \u00e9s p\u00e9nz\u00fcgyi t\u00e1mogat\u00e1st ny\u00fajtanak j\u00f3t\u00e9konys\u00e1gi szervezeteknek, \u00f6sszhangban Marie Curie elk\u00f6telezetts\u00e9g\u00e9vel, hogy pozit\u00edvan befoly\u00e1solja a t\u00e1rsadalmat.<\/p>\n<p>Ezek az esem\u00e9nyek tisztelegnek Marie Curie el\u0151tt, mik\u00f6zben akt\u00edvan hozz\u00e1j\u00e1rulnak olyan \u00fcgyekhez, mint a r\u00e1kkutat\u00e1s, az eg\u00e9szs\u00e9g\u00fcgyi t\u00e1mogat\u00e1s \u00e9s m\u00e1s j\u00f3t\u00e9konys\u00e1gi t\u00f6rekv\u00e9sek. T\u00f6k\u00e9letesen bemutatj\u00e1k, milyen tart\u00f3s az a hat\u00e1s, amit egy val\u00f3ban rendk\u00edv\u00fcli n\u0151 gyakorolt a nemi egyenl\u0151s\u00e9gre.<\/p>\n<h2><strong>Inspir\u00e1ci\u00f3 egy \u00fatt\u00f6r\u0151 nyom\u00e1b\u00f3l<\/strong><\/h2>\n<p>Mik\u00f6zben a vil\u00e1g tov\u00e1bbra is tiszteleg Marie Curie tudom\u00e1nyos \u00e9s t\u00e1rsadalmi felfedez\u00e9sei el\u0151tt, a ker\u00e9kp\u00e1roz\u00e1s ir\u00e1nti szenved\u00e9lye is inspir\u00e1l\u00f3, amely b\u00e1tor\u00edtja az embereket, k\u00fcl\u00f6n\u00f6sen a n\u0151ket, hogy f\u00e9lelem n\u00e9lk\u00fcl k\u00f6vess\u00e9k a sz\u00edv\u00fcket, b\u00e1rmerre is vezeti \u0151ket. A ker\u00e9kp\u00e1rja t\u00f6bbet jelent egy k\u00f6zleked\u00e9si eszk\u00f6zn\u00e9l; a felfedez\u00e9s szellem\u00e9t, a tud\u00e1sv\u00e1gyat \u00e9s a korl\u00e1tok megt\u00f6r\u00e9s\u00e9t k\u00e9pviseli. Marie Curie \u00f6r\u00f6ks\u00e9ge id\u0151n \u00e9s t\u00e9ren \u00e1t\u00edvel, eml\u00e9keztetve minket arra, hogy a szak\u00e9rtelem \u00e9s a szem\u00e9lyes szenved\u00e9lyek k\u00e9z a k\u00e9zben j\u00e1rva egy gazdagabb \u00e9s kiel\u00e9g\u00edt\u0151bb \u00e9let fel\u00e9 vezetnek.<\/p>\n<p>Sz\u00f3val, legk\u00f6zelebb, amikor hezit\u00e1lsz, hogy id\u0151t sz\u00e1nj-e egy bicikliz\u00e9sre, vagy megk\u00e9rdeznek arr\u00f3l, hogy mi\u00e9rt olyan fontos a nemi egyenl\u0151s\u00e9g a sportban &#8211; eml\u00e9kezz Marie Curie-re. \u0150 a t\u00f6k\u00e9letes p\u00e9ld\u00e1ja annak, amit a ker\u00e9kp\u00e1roz\u00e1s hozz\u00e1adhat az \u00e9letedhez, \u00e9s inspir\u00e1ci\u00f3 mindannyiunknak, hogy a sportot, amit szeret\u00fcnk hozz\u00e1f\u00e9rhet\u0151v\u00e9 tegy\u00fck mindenki sz\u00e1m\u00e1ra!<\/p>\n","protected":false},"excerpt":{"rendered":"<p>Marie Curie nev\u00e9nek hallat\u00e1n mindenki a forradalmi tudom\u00e1nyos eredm\u00e9nyekre \u00e9s a radioaktivit\u00e1s pion\u00edr kutat\u00e1saira gondol, m\u00e9gink\u00e1bb pedig arra, hogy \u0151 [&hellip;]<\/p>\n","protected":false},"author":71,"featured_media":17806,"comment_status":"open","ping_status":"open","sticky":false,"template":"","format":"standard","meta":{"footnotes":""},"categories":[12],"tags":[],"global-categories":[],"class_list":["post-17803","post","type-post","status-publish","format-standard","has-post-thumbnail","hentry","category-kozosseg-es-kultura"],"yoast_head":"<!-- This site is optimized with the Yoast SEO Premium plugin v25.3 (Yoast SEO v25.9) - https:\/\/yoast.com\/wordpress\/plugins\/seo\/ -->\n<title>Kiv\u00e9teles n\u0151k, akik nagy ker\u00e9kp\u00e1rosok is voltak: Marie Curie<\/title>\n<meta name=\"description\" content=\"Marie Curie nev\u00e9nek hallat\u00e1n mindenki a forradalmi tudom\u00e1nyos eredm\u00e9nyekre \u00e9s a radioaktivit\u00e1s pion\u00edr kutat\u00e1saira gondol, m\u00e9gink\u00e1bb pedig arra, hogy \u0151 volt az els\u0151 n\u0151, aki Nobel-d\u00edjat nyert, r\u00e1ad\u00e1sul k\u00e9tszer is, \u00e9s az egyetlen szem\u00e9ly, aki k\u00e9t k\u00fcl\u00f6nb\u00f6z\u0151 tudom\u00e1nyter\u00fcleten!\" \/>\n<meta name=\"robots\" content=\"index, follow, max-snippet:-1, max-image-preview:large, max-video-preview:-1\" \/>\n<link rel=\"canonical\" href=\"https:\/\/www.welovecycling.com\/hu\/kozosseg-es-kultura\/kiveteles-nok-akik-nagy-kerekparosok-is-voltak-marie-curie\/\" \/>\n<meta property=\"og:locale\" content=\"hu_HU\" \/>\n<meta property=\"og:type\" content=\"article\" \/>\n<meta property=\"og:title\" content=\"Kiv\u00e9teles n\u0151k, akik nagy ker\u00e9kp\u00e1rosok is voltak: Marie Curie\" \/>\n<meta property=\"og:description\" content=\"Marie Curie nev\u00e9nek hallat\u00e1n mindenki a forradalmi tudom\u00e1nyos eredm\u00e9nyekre \u00e9s a radioaktivit\u00e1s pion\u00edr kutat\u00e1saira gondol, m\u00e9gink\u00e1bb pedig arra, hogy \u0151 volt az els\u0151 n\u0151, aki Nobel-d\u00edjat nyert, r\u00e1ad\u00e1sul k\u00e9tszer is, \u00e9s az egyetlen szem\u00e9ly, aki k\u00e9t k\u00fcl\u00f6nb\u00f6z\u0151 tudom\u00e1nyter\u00fcleten!\" \/>\n<meta property=\"og:url\" content=\"https:\/\/www.welovecycling.com\/hu\/kozosseg-es-kultura\/kiveteles-nok-akik-nagy-kerekparosok-is-voltak-marie-curie\/\" \/>\n<meta property=\"og:site_name\" content=\"\u0160koda We Love Cycling - Magyarorsz\u00e1g\" \/>\n<meta property=\"article:publisher\" content=\"https:\/\/www.facebook.com\/WeLoveCyclingHungary\/\" \/>\n<meta property=\"article:published_time\" content=\"2023-08-21T06:00:28+00:00\" \/>\n<meta property=\"og:image\" content=\"https:\/\/d2p6e6u75xmxt8.cloudfront.net\/12\/2023\/08\/Marie-Curie-profimedia-0067933787-CVR.webp\" \/>\n\t<meta property=\"og:image:width\" content=\"990\" \/>\n\t<meta property=\"og:image:height\" content=\"660\" \/>\n\t<meta property=\"og:image:type\" content=\"image\/webp\" \/>\n<meta name=\"author\" content=\"hegyizs\" \/>\n<meta name=\"twitter:card\" content=\"summary_large_image\" \/>\n<meta name=\"twitter:label1\" content=\"Written by\" \/>\n\t<meta name=\"twitter:data1\" content=\"Megan Flottorp\" \/>\n\t<meta name=\"twitter:label2\" content=\"Est. reading time\" \/>\n\t<meta name=\"twitter:data2\" content=\"5\" \/>\n<script type=\"application\/ld+json\" class=\"yoast-schema-graph\">{\"@context\":\"https:\/\/schema.org\",\"@graph\":[{\"@type\":\"WebPage\",\"@id\":\"https:\/\/www.welovecycling.com\/hu\/kozosseg-es-kultura\/kiveteles-nok-akik-nagy-kerekparosok-is-voltak-marie-curie\/\",\"url\":\"https:\/\/www.welovecycling.com\/hu\/kozosseg-es-kultura\/kiveteles-nok-akik-nagy-kerekparosok-is-voltak-marie-curie\/\",\"name\":\"Kiv\u00e9teles n\u0151k, akik nagy ker\u00e9kp\u00e1rosok is voltak: Marie Curie\",\"isPartOf\":{\"@id\":\"https:\/\/www.welovecycling.com\/hu\/#website\"},\"primaryImageOfPage\":{\"@id\":\"https:\/\/www.welovecycling.com\/hu\/kozosseg-es-kultura\/kiveteles-nok-akik-nagy-kerekparosok-is-voltak-marie-curie\/#primaryimage\"},\"image\":{\"@id\":\"https:\/\/www.welovecycling.com\/hu\/kozosseg-es-kultura\/kiveteles-nok-akik-nagy-kerekparosok-is-voltak-marie-curie\/#primaryimage\"},\"thumbnailUrl\":\"https:\/\/d2p6e6u75xmxt8.cloudfront.net\/12\/2023\/08\/Marie-Curie-profimedia-0067933787-CVR.webp\",\"datePublished\":\"2023-08-21T06:00:28+00:00\",\"author\":{\"@id\":\"https:\/\/www.welovecycling.com\/hu\/#\/schema\/person\/414a2aebf1801691a5320edb6468e194\"},\"description\":\"Marie Curie nev\u00e9nek hallat\u00e1n mindenki a forradalmi tudom\u00e1nyos eredm\u00e9nyekre \u00e9s a radioaktivit\u00e1s pion\u00edr kutat\u00e1saira gondol, m\u00e9gink\u00e1bb pedig arra, hogy \u0151 volt az els\u0151 n\u0151, aki Nobel-d\u00edjat nyert, r\u00e1ad\u00e1sul k\u00e9tszer is, \u00e9s az egyetlen szem\u00e9ly, aki k\u00e9t k\u00fcl\u00f6nb\u00f6z\u0151 tudom\u00e1nyter\u00fcleten!\",\"breadcrumb\":{\"@id\":\"https:\/\/www.welovecycling.com\/hu\/kozosseg-es-kultura\/kiveteles-nok-akik-nagy-kerekparosok-is-voltak-marie-curie\/#breadcrumb\"},\"inLanguage\":\"hu\",\"potentialAction\":[{\"@type\":\"ReadAction\",\"target\":[\"https:\/\/www.welovecycling.com\/hu\/kozosseg-es-kultura\/kiveteles-nok-akik-nagy-kerekparosok-is-voltak-marie-curie\/\"]}]},{\"@type\":\"ImageObject\",\"inLanguage\":\"hu\",\"@id\":\"https:\/\/www.welovecycling.com\/hu\/kozosseg-es-kultura\/kiveteles-nok-akik-nagy-kerekparosok-is-voltak-marie-curie\/#primaryimage\",\"url\":\"https:\/\/d2p6e6u75xmxt8.cloudfront.net\/12\/2023\/08\/Marie-Curie-profimedia-0067933787-CVR.webp\",\"contentUrl\":\"https:\/\/d2p6e6u75xmxt8.cloudfront.net\/12\/2023\/08\/Marie-Curie-profimedia-0067933787-CVR.webp\",\"width\":990,\"height\":660,\"caption\":\"Marie Curie\"},{\"@type\":\"BreadcrumbList\",\"@id\":\"https:\/\/www.welovecycling.com\/hu\/kozosseg-es-kultura\/kiveteles-nok-akik-nagy-kerekparosok-is-voltak-marie-curie\/#breadcrumb\",\"itemListElement\":[{\"@type\":\"ListItem\",\"position\":1,\"name\":\"Home\",\"item\":\"https:\/\/www.welovecycling.com\/hu\/\"},{\"@type\":\"ListItem\",\"position\":2,\"name\":\"Kiv\u00e9teles n\u0151k, akik nagy ker\u00e9kp\u00e1rosok is voltak: Marie Curie\"}]},{\"@type\":\"WebSite\",\"@id\":\"https:\/\/www.welovecycling.com\/hu\/#website\",\"url\":\"https:\/\/www.welovecycling.com\/hu\/\",\"name\":\"\u0160koda We Love Cycling - Magyarorsz\u00e1g\",\"description\":\"\u0160koda WeLoveCycling\",\"potentialAction\":[{\"@type\":\"SearchAction\",\"target\":{\"@type\":\"EntryPoint\",\"urlTemplate\":\"https:\/\/www.welovecycling.com\/hu\/?s={search_term_string}\"},\"query-input\":{\"@type\":\"PropertyValueSpecification\",\"valueRequired\":true,\"valueName\":\"search_term_string\"}}],\"inLanguage\":\"hu\"},{\"@type\":\"Person\",\"@id\":\"https:\/\/www.welovecycling.com\/hu\/#\/schema\/person\/414a2aebf1801691a5320edb6468e194\",\"name\":\"hegyizs\",\"image\":{\"@type\":\"ImageObject\",\"inLanguage\":\"hu\",\"@id\":\"https:\/\/www.welovecycling.com\/hu\/#\/schema\/person\/image\/\",\"url\":\"https:\/\/secure.gravatar.com\/avatar\/02cf8a7906b8cf90cecb4679defac7cfd33a1c2e3b88e4903d947f3bb58eedd3?s=96&d=mm&r=g\",\"contentUrl\":\"https:\/\/secure.gravatar.com\/avatar\/02cf8a7906b8cf90cecb4679defac7cfd33a1c2e3b88e4903d947f3bb58eedd3?s=96&d=mm&r=g\",\"caption\":\"hegyizs\"},\"url\":\"https:\/\/www.welovecycling.com\/hu\/author\/hegyizs\/\"}]}<\/script>\n<!-- \/ Yoast SEO Premium plugin. -->","yoast_head_json":{"title":"Kiv\u00e9teles n\u0151k, akik nagy ker\u00e9kp\u00e1rosok is voltak: Marie Curie","description":"Marie Curie nev\u00e9nek hallat\u00e1n mindenki a forradalmi tudom\u00e1nyos eredm\u00e9nyekre \u00e9s a radioaktivit\u00e1s pion\u00edr kutat\u00e1saira gondol, m\u00e9gink\u00e1bb pedig arra, hogy \u0151 volt az els\u0151 n\u0151, aki Nobel-d\u00edjat nyert, r\u00e1ad\u00e1sul k\u00e9tszer is, \u00e9s az egyetlen szem\u00e9ly, aki k\u00e9t k\u00fcl\u00f6nb\u00f6z\u0151 tudom\u00e1nyter\u00fcleten!","robots":{"index":"index","follow":"follow","max-snippet":"max-snippet:-1","max-image-preview":"max-image-preview:large","max-video-preview":"max-video-preview:-1"},"canonical":"https:\/\/www.welovecycling.com\/hu\/kozosseg-es-kultura\/kiveteles-nok-akik-nagy-kerekparosok-is-voltak-marie-curie\/","og_locale":"hu_HU","og_type":"article","og_title":"Kiv\u00e9teles n\u0151k, akik nagy ker\u00e9kp\u00e1rosok is voltak: Marie Curie","og_description":"Marie Curie nev\u00e9nek hallat\u00e1n mindenki a forradalmi tudom\u00e1nyos eredm\u00e9nyekre \u00e9s a radioaktivit\u00e1s pion\u00edr kutat\u00e1saira gondol, m\u00e9gink\u00e1bb pedig arra, hogy \u0151 volt az els\u0151 n\u0151, aki Nobel-d\u00edjat nyert, r\u00e1ad\u00e1sul k\u00e9tszer is, \u00e9s az egyetlen szem\u00e9ly, aki k\u00e9t k\u00fcl\u00f6nb\u00f6z\u0151 tudom\u00e1nyter\u00fcleten!","og_url":"https:\/\/www.welovecycling.com\/hu\/kozosseg-es-kultura\/kiveteles-nok-akik-nagy-kerekparosok-is-voltak-marie-curie\/","og_site_name":"\u0160koda We Love Cycling - Magyarorsz\u00e1g","article_publisher":"https:\/\/www.facebook.com\/WeLoveCyclingHungary\/","article_published_time":"2023-08-21T06:00:28+00:00","og_image":[{"width":990,"height":660,"url":"https:\/\/d2p6e6u75xmxt8.cloudfront.net\/12\/2023\/08\/Marie-Curie-profimedia-0067933787-CVR.webp","type":"image\/webp"}],"author":"hegyizs","twitter_card":"summary_large_image","twitter_misc":{"Written by":"Megan Flottorp","Est. reading time":"5"},"schema":{"@context":"https:\/\/schema.org","@graph":[{"@type":"WebPage","@id":"https:\/\/www.welovecycling.com\/hu\/kozosseg-es-kultura\/kiveteles-nok-akik-nagy-kerekparosok-is-voltak-marie-curie\/","url":"https:\/\/www.welovecycling.com\/hu\/kozosseg-es-kultura\/kiveteles-nok-akik-nagy-kerekparosok-is-voltak-marie-curie\/","name":"Kiv\u00e9teles n\u0151k, akik nagy ker\u00e9kp\u00e1rosok is voltak: Marie Curie","isPartOf":{"@id":"https:\/\/www.welovecycling.com\/hu\/#website"},"primaryImageOfPage":{"@id":"https:\/\/www.welovecycling.com\/hu\/kozosseg-es-kultura\/kiveteles-nok-akik-nagy-kerekparosok-is-voltak-marie-curie\/#primaryimage"},"image":{"@id":"https:\/\/www.welovecycling.com\/hu\/kozosseg-es-kultura\/kiveteles-nok-akik-nagy-kerekparosok-is-voltak-marie-curie\/#primaryimage"},"thumbnailUrl":"https:\/\/d2p6e6u75xmxt8.cloudfront.net\/12\/2023\/08\/Marie-Curie-profimedia-0067933787-CVR.webp","datePublished":"2023-08-21T06:00:28+00:00","author":{"@id":"https:\/\/www.welovecycling.com\/hu\/#\/schema\/person\/414a2aebf1801691a5320edb6468e194"},"description":"Marie Curie nev\u00e9nek hallat\u00e1n mindenki a forradalmi tudom\u00e1nyos eredm\u00e9nyekre \u00e9s a radioaktivit\u00e1s pion\u00edr kutat\u00e1saira gondol, m\u00e9gink\u00e1bb pedig arra, hogy \u0151 volt az els\u0151 n\u0151, aki Nobel-d\u00edjat nyert, r\u00e1ad\u00e1sul k\u00e9tszer is, \u00e9s az egyetlen szem\u00e9ly, aki k\u00e9t k\u00fcl\u00f6nb\u00f6z\u0151 tudom\u00e1nyter\u00fcleten!","breadcrumb":{"@id":"https:\/\/www.welovecycling.com\/hu\/kozosseg-es-kultura\/kiveteles-nok-akik-nagy-kerekparosok-is-voltak-marie-curie\/#breadcrumb"},"inLanguage":"hu","potentialAction":[{"@type":"ReadAction","target":["https:\/\/www.welovecycling.com\/hu\/kozosseg-es-kultura\/kiveteles-nok-akik-nagy-kerekparosok-is-voltak-marie-curie\/"]}]},{"@type":"ImageObject","inLanguage":"hu","@id":"https:\/\/www.welovecycling.com\/hu\/kozosseg-es-kultura\/kiveteles-nok-akik-nagy-kerekparosok-is-voltak-marie-curie\/#primaryimage","url":"https:\/\/d2p6e6u75xmxt8.cloudfront.net\/12\/2023\/08\/Marie-Curie-profimedia-0067933787-CVR.webp","contentUrl":"https:\/\/d2p6e6u75xmxt8.cloudfront.net\/12\/2023\/08\/Marie-Curie-profimedia-0067933787-CVR.webp","width":990,"height":660,"caption":"Marie Curie"},{"@type":"BreadcrumbList","@id":"https:\/\/www.welovecycling.com\/hu\/kozosseg-es-kultura\/kiveteles-nok-akik-nagy-kerekparosok-is-voltak-marie-curie\/#breadcrumb","itemListElement":[{"@type":"ListItem","position":1,"name":"Home","item":"https:\/\/www.welovecycling.com\/hu\/"},{"@type":"ListItem","position":2,"name":"Kiv\u00e9teles n\u0151k, akik nagy ker\u00e9kp\u00e1rosok is voltak: Marie Curie"}]},{"@type":"WebSite","@id":"https:\/\/www.welovecycling.com\/hu\/#website","url":"https:\/\/www.welovecycling.com\/hu\/","name":"\u0160koda We Love Cycling - Magyarorsz\u00e1g","description":"\u0160koda WeLoveCycling","potentialAction":[{"@type":"SearchAction","target":{"@type":"EntryPoint","urlTemplate":"https:\/\/www.welovecycling.com\/hu\/?s={search_term_string}"},"query-input":{"@type":"PropertyValueSpecification","valueRequired":true,"valueName":"search_term_string"}}],"inLanguage":"hu"},{"@type":"Person","@id":"https:\/\/www.welovecycling.com\/hu\/#\/schema\/person\/414a2aebf1801691a5320edb6468e194","name":"hegyizs","image":{"@type":"ImageObject","inLanguage":"hu","@id":"https:\/\/www.welovecycling.com\/hu\/#\/schema\/person\/image\/","url":"https:\/\/secure.gravatar.com\/avatar\/02cf8a7906b8cf90cecb4679defac7cfd33a1c2e3b88e4903d947f3bb58eedd3?s=96&d=mm&r=g","contentUrl":"https:\/\/secure.gravatar.com\/avatar\/02cf8a7906b8cf90cecb4679defac7cfd33a1c2e3b88e4903d947f3bb58eedd3?s=96&d=mm&r=g","caption":"hegyizs"},"url":"https:\/\/www.welovecycling.com\/hu\/author\/hegyizs\/"}]}},"_links":{"self":[{"href":"https:\/\/www.welovecycling.com\/hu\/wp-json\/wp\/v2\/posts\/17803","targetHints":{"allow":["GET"]}}],"collection":[{"href":"https:\/\/www.welovecycling.com\/hu\/wp-json\/wp\/v2\/posts"}],"about":[{"href":"https:\/\/www.welovecycling.com\/hu\/wp-json\/wp\/v2\/types\/post"}],"author":[{"embeddable":true,"href":"https:\/\/www.welovecycling.com\/hu\/wp-json\/wp\/v2\/users\/71"}],"replies":[{"embeddable":true,"href":"https:\/\/www.welovecycling.com\/hu\/wp-json\/wp\/v2\/comments?post=17803"}],"version-history":[{"count":2,"href":"https:\/\/www.welovecycling.com\/hu\/wp-json\/wp\/v2\/posts\/17803\/revisions"}],"predecessor-version":[{"id":17807,"href":"https:\/\/www.welovecycling.com\/hu\/wp-json\/wp\/v2\/posts\/17803\/revisions\/17807"}],"wp:featuredmedia":[{"embeddable":true,"href":"https:\/\/www.welovecycling.com\/hu\/wp-json\/wp\/v2\/media\/17806"}],"wp:attachment":[{"href":"https:\/\/www.welovecycling.com\/hu\/wp-json\/wp\/v2\/media?parent=17803"}],"wp:term":[{"taxonomy":"category","embeddable":true,"href":"https:\/\/www.welovecycling.com\/hu\/wp-json\/wp\/v2\/categories?post=17803"},{"taxonomy":"post_tag","embeddable":true,"href":"https:\/\/www.welovecycling.com\/hu\/wp-json\/wp\/v2\/tags?post=17803"},{"taxonomy":"global-categories","embeddable":true,"href":"https:\/\/www.welovecycling.com\/hu\/wp-json\/wp\/v2\/global-categories?post=17803"}],"curies":[{"name":"wp","href":"https:\/\/api.w.org\/{rel}","templated":true}]}}