{"id":17798,"date":"2023-08-18T11:25:30","date_gmt":"2023-08-18T09:25:30","guid":{"rendered":"https:\/\/www.welovecycling.com\/hu\/?p=17798"},"modified":"2023-08-18T11:25:30","modified_gmt":"2023-08-18T09:25:30","slug":"valter-attila-burgosi-paradeval-melegit-a-vueltara-vas-kata-blanka-u23-as-vilagbajnok","status":"publish","type":"post","link":"https:\/\/www.welovecycling.com\/hu\/orszaguti-kerekpar\/valter-attila-burgosi-paradeval-melegit-a-vueltara-vas-kata-blanka-u23-as-vilagbajnok\/","title":{"rendered":"Valter Attila burgosi par\u00e1d\u00e9val meleg\u00edt a Vuelt\u00e1ra, Vas Kata Blanka U23-as vil\u00e1gbajnok!"},"content":{"rendered":"<p><strong>Jumbo-klasszisunk Vuelta-indul\u00e1sa \u00e9ppen egy nappal azut\u00e1n v\u00e1lt biztoss\u00e1, hogy az \u00f6sszetett \u00e9l\u00e9re ugrott a burgosi k\u00f6rversenyen, m\u00edg n\u0151i kedvenc\u00fcnk Magyarorsz\u00e1g els\u0151 vil\u00e1gbajnoki trik\u00f3j\u00e1t szerezte. <\/strong><!--more--><\/p>\n<p>Id\u00e9n is alaposan kitesz mag\u00e1\u00e9rt k\u00e9t legjobb bring\u00e1sunk, Valter Attila \u00e9s Vas Kata Blanka, a f\u0151szezonban gyakorlatilag hetente sz\u00e1ll\u00edtj\u00e1k a jobbn\u00e1l jobb eredm\u00e9nyeket. Ut\u00f3bbi a h\u00e9tv\u00e9g\u00e9n \u00fajabb szenz\u00e1ci\u00f3s sikert \u00e9rt el: a glasgow-i \u00f6sszker\u00e9kp\u00e1ros vil\u00e1gbajnoks\u00e1g orsz\u00e1g\u00fati mez\u0151nyverseny\u00e9nek hajr\u00e1j\u00e1ban az \u00f6sszes\u00edtett 11. helyen v\u00e1gtatott c\u00e9lba a n\u0151i elitmez\u0151nyben, ami eleve kiv\u00e1l\u00f3 eredm\u00e9nynek sz\u00e1m\u00edt, de ezzel r\u00e1ad\u00e1sul az U23-asok k\u00f6z\u00f6tt a legjobb lett, \u00edgy a magyar ker\u00e9kp\u00e1rsport t\u00f6rt\u00e9net\u00e9nek els\u0151 vil\u00e1gbajnoki trik\u00f3j\u00e1t szerezte meg! Blanka az \u00fajabb t\u00f6rt\u00e9nelmi m\u00e9rf\u00f6ldk\u0151 ut\u00e1n \u00fagy fogalmazott, nagyon sokat jelent neki a sziv\u00e1rv\u00e1nyos trik\u00f3, ami egyszerre szolg\u00e1l tov\u00e1bbi motiv\u00e1ci\u00f3val a j\u00f6v\u0151re n\u00e9zve, illetve bizony\u00edt\u00e9k\u00e1ul annak, hogy a kem\u00e9ny munka mindig kifizet\u0151dik. A szak\u00e9rt\u0151k pedig m\u00e1r most egyet\u00e9rtenek abban, hogy a m\u00e9g mindig csak 21 \u00e9ves versenyz\u0151 a k\u00e9s\u0151bbiekben komoly es\u00e9lyese lehet a feln\u0151ttvil\u00e1gbajnoki c\u00edmnek is ebben a sz\u00e1mban \u2013 ak\u00e1r \u00fagy is, hogy mellette ugyanolyan magas szinten \u0171zi a t\u00f6bbi szak\u00e1gat is, mint p\u00e9ld\u00e1ul Mathieu van der Poel, Wout Van Aert vagy ak\u00e1r Tom Pidcock.<\/p>\n<figure id=\"attachment_17800\" aria-describedby=\"caption-attachment-17800\" style=\"width: 819px\" class=\"wp-caption alignnone\"><img loading=\"lazy\" decoding=\"async\" class=\"size-large wp-image-17800\" src=\"https:\/\/d2p6e6u75xmxt8.cloudfront.net\/12\/2023\/08\/366722121_785246160277356_4499384409184073453_n-819x1024.webp\" alt=\"\" width=\"819\" height=\"1024\" srcset=\"https:\/\/d2p6e6u75xmxt8.cloudfront.net\/12\/2023\/08\/366722121_785246160277356_4499384409184073453_n-819x1024.webp 819w, https:\/\/d2p6e6u75xmxt8.cloudfront.net\/12\/2023\/08\/366722121_785246160277356_4499384409184073453_n-240x300.webp 240w, https:\/\/d2p6e6u75xmxt8.cloudfront.net\/12\/2023\/08\/366722121_785246160277356_4499384409184073453_n-768x960.webp 768w, https:\/\/d2p6e6u75xmxt8.cloudfront.net\/12\/2023\/08\/366722121_785246160277356_4499384409184073453_n-1229x1536.webp 1229w, https:\/\/d2p6e6u75xmxt8.cloudfront.net\/12\/2023\/08\/366722121_785246160277356_4499384409184073453_n-320x400.webp 320w, https:\/\/d2p6e6u75xmxt8.cloudfront.net\/12\/2023\/08\/366722121_785246160277356_4499384409184073453_n.webp 1440w\" sizes=\"auto, (max-width: 819px) 100vw, 819px\" \/><figcaption id=\"caption-attachment-17800\" class=\"wp-caption-text\">forr\u00e1s: Facebook\/Blanka Vas<\/figcaption><\/figure>\n<p>A h\u00e9t m\u00e1sodik fele pedig a Valter-h\u00edrek\u00e9 lett, szerencs\u00e9re csupa pozit\u00edv \u00e9rtelemben. A Jumbo-Visma magyar klasszisa a k\u0151kem\u00e9ny \u00e9s monoton tignes-i magaslati edz\u0151t\u00e1bor hetei ut\u00e1n a burgosi k\u00f6rversenyre utazott csapatt\u00e1rsaival, ahol Primoz Roglic-csal, Koen Bouwmannal \u00e9s Jan Tratnikkal kar\u00f6ltve megnyerte a m\u00e1sodik szakasz csapatid\u0151futam\u00e1t, ezzel pedig az \u00f6sszetett verseny \u00e9l\u00e9re ugrott! Ha pedig ez nem lett volna elegend\u0151, m\u00e1snap, cs\u00fct\u00f6rt\u00f6k\u00f6n a holland szt\u00e1rist\u00e1ll\u00f3 nyilv\u00e1noss\u00e1gra hozta a Vuelta-keret\u00e9t, amelyben ott vir\u00edt Valter Attila neve is \u2013 az elm\u00falt hetekben-h\u00f3napokban v\u00e9gig rem\u00e9nykedt\u00fcnk ebben, \u00e9s a legt\u00f6bb jel arra utalt, hogy egy\u00e1ltal\u00e1n nem alaptalanul, de az\u00e9rt a hivatalos n\u00e9vsorban l\u00e1tni, t\u00f6bbek k\u00f6z\u00f6tt olyan szuperszt\u00e1rok t\u00e1rsas\u00e1g\u00e1ban, mint Rogli\u010d vagy Jonas Vingegaard, eg\u00e9szen m\u00e1s \u00e9rz\u00e9s. Valter Ati egy\u00e9bk\u00e9nt az Eurosportnak azt nyilatkozta, nagyon \u00f6r\u00fcl a lila trik\u00f3nak, \u00e9s b\u00fcszke az \u00f6sszetett els\u0151 poz\u00edci\u00f3ra, de neki az els\u0151dleges szerepe a burgosi k\u00f6r\u00f6n Rogli\u010d seg\u00edt\u00e9se (ahogy v\u00e1rhat\u00f3an a Vuelt\u00e1n is \u00e9rte, vagy a m\u00e1sik kapit\u00e1ny\u00e9rt, Vingegaard-\u00e9rt megy majd), ennek megfelel\u0151en a p\u00e9nteki hegyi etapon le is adta a trik\u00f3t a szlov\u00e9nnek, aki megnyerte a szakaszt \u00e9s ezzel a verseny \u00e9l\u00e9re is ugrott, vagyis a legfontosabb c\u00e9l teljes\u00fclt: maradt csapaton bel\u00fcl a mez.<\/p>\n<figure id=\"attachment_17801\" aria-describedby=\"caption-attachment-17801\" style=\"width: 1024px\" class=\"wp-caption alignnone\"><img loading=\"lazy\" decoding=\"async\" class=\"size-large wp-image-17801\" src=\"https:\/\/d2p6e6u75xmxt8.cloudfront.net\/12\/2023\/08\/368253137_745075524294996_3249676076902051140_n-1024x683.webp\" alt=\"\" width=\"1024\" height=\"683\" srcset=\"https:\/\/d2p6e6u75xmxt8.cloudfront.net\/12\/2023\/08\/368253137_745075524294996_3249676076902051140_n-1024x683.webp 1024w, https:\/\/d2p6e6u75xmxt8.cloudfront.net\/12\/2023\/08\/368253137_745075524294996_3249676076902051140_n-300x200.webp 300w, https:\/\/d2p6e6u75xmxt8.cloudfront.net\/12\/2023\/08\/368253137_745075524294996_3249676076902051140_n-768x512.webp 768w, https:\/\/d2p6e6u75xmxt8.cloudfront.net\/12\/2023\/08\/368253137_745075524294996_3249676076902051140_n-400x267.webp 400w, https:\/\/d2p6e6u75xmxt8.cloudfront.net\/12\/2023\/08\/368253137_745075524294996_3249676076902051140_n-272x182.webp 272w, https:\/\/d2p6e6u75xmxt8.cloudfront.net\/12\/2023\/08\/368253137_745075524294996_3249676076902051140_n.webp 1200w\" sizes=\"auto, (max-width: 1024px) 100vw, 1024px\" \/><figcaption id=\"caption-attachment-17801\" class=\"wp-caption-text\">forr\u00e1s: Facebook\/Attila Valter<\/figcaption><\/figure>\n<p>Az idei Vuelta a Espana a j\u00f6v\u0151 h\u00e9t v\u00e9g\u00e9n, augusztus 26-\u00e1n, szombaton rajtol Katal\u00f3ni\u00e1b\u00f3l, Barcelon\u00e1b\u00f3l, r\u00e1ad\u00e1sul \u00e9ppen egy, a most szerdaihoz hasonl\u00f3 csapatid\u0151futammal \u2013 egy olyasmi v\u00e9geredm\u00e9nnyel alighanem itt is kiegyezn\u00e9nk! \ud83d\ude42<\/p>\n","protected":false},"excerpt":{"rendered":"<p>Jumbo-klasszisunk Vuelta-indul\u00e1sa \u00e9ppen egy nappal azut\u00e1n v\u00e1lt biztoss\u00e1, hogy az \u00f6sszetett \u00e9l\u00e9re ugrott a burgosi k\u00f6rversenyen, m\u00edg n\u0151i kedvenc\u00fcnk Magyarorsz\u00e1g [&hellip;]<\/p>\n","protected":false},"author":71,"featured_media":17799,"comment_status":"open","ping_status":"open","sticky":false,"template":"","format":"standard","meta":{"footnotes":""},"categories":[8],"tags":[],"global-categories":[419],"class_list":["post-17798","post","type-post","status-publish","format-standard","has-post-thumbnail","hentry","category-orszaguti-kerekpar","global-categories-cycling"],"yoast_head":"<!-- This site is optimized with the Yoast SEO Premium plugin v25.3 (Yoast SEO v25.9) - https:\/\/yoast.com\/wordpress\/plugins\/seo\/ -->\n<title>Valter Attila burgosi par\u00e1d\u00e9val meleg\u00edt a Vuelt\u00e1ra, Vas Kata Blanka U23-as vil\u00e1gbajnok!<\/title>\n<meta name=\"description\" content=\"Jumbo-klasszisunk Vuelta-indul\u00e1sa \u00e9ppen egy nappal azut\u00e1n v\u00e1lt biztoss\u00e1, hogy az \u00f6sszetett \u00e9l\u00e9re ugrott a burgosi k\u00f6rversenyen, m\u00edg n\u0151i kedvenc\u00fcnk Magyarorsz\u00e1g els\u0151 vil\u00e1gbajnoki trik\u00f3j\u00e1t szerezte.\" \/>\n<meta name=\"robots\" content=\"index, follow, max-snippet:-1, max-image-preview:large, max-video-preview:-1\" \/>\n<link rel=\"canonical\" href=\"https:\/\/www.welovecycling.com\/hu\/orszaguti-kerekpar\/valter-attila-burgosi-paradeval-melegit-a-vueltara-vas-kata-blanka-u23-as-vilagbajnok\/\" \/>\n<meta property=\"og:locale\" content=\"hu_HU\" \/>\n<meta property=\"og:type\" content=\"article\" \/>\n<meta property=\"og:title\" content=\"Valter Attila burgosi par\u00e1d\u00e9val meleg\u00edt a Vuelt\u00e1ra, Vas Kata Blanka U23-as vil\u00e1gbajnok!\" \/>\n<meta property=\"og:description\" content=\"Jumbo-klasszisunk Vuelta-indul\u00e1sa \u00e9ppen egy nappal azut\u00e1n v\u00e1lt biztoss\u00e1, hogy az \u00f6sszetett \u00e9l\u00e9re ugrott a burgosi k\u00f6rversenyen, m\u00edg n\u0151i kedvenc\u00fcnk Magyarorsz\u00e1g els\u0151 vil\u00e1gbajnoki trik\u00f3j\u00e1t szerezte.\" \/>\n<meta property=\"og:url\" content=\"https:\/\/www.welovecycling.com\/hu\/orszaguti-kerekpar\/valter-attila-burgosi-paradeval-melegit-a-vueltara-vas-kata-blanka-u23-as-vilagbajnok\/\" \/>\n<meta property=\"og:site_name\" content=\"\u0160koda We Love Cycling - Magyarorsz\u00e1g\" \/>\n<meta property=\"article:publisher\" content=\"https:\/\/www.facebook.com\/WeLoveCyclingHungary\/\" \/>\n<meta property=\"article:published_time\" content=\"2023-08-18T09:25:30+00:00\" \/>\n<meta property=\"og:image\" content=\"https:\/\/d2p6e6u75xmxt8.cloudfront.net\/12\/2023\/08\/943e8adddd.webp\" \/>\n\t<meta property=\"og:image:width\" content=\"1024\" \/>\n\t<meta property=\"og:image:height\" content=\"538\" \/>\n\t<meta property=\"og:image:type\" content=\"image\/webp\" \/>\n<meta name=\"author\" content=\"hegyizs\" \/>\n<meta name=\"twitter:card\" content=\"summary_large_image\" \/>\n<meta name=\"twitter:label1\" content=\"Written by\" \/>\n\t<meta name=\"twitter:data1\" content=\"WLC\" \/>\n\t<meta name=\"twitter:label2\" content=\"Est. reading time\" \/>\n\t<meta name=\"twitter:data2\" content=\"3 minutes\" \/>\n<script type=\"application\/ld+json\" class=\"yoast-schema-graph\">{\"@context\":\"https:\/\/schema.org\",\"@graph\":[{\"@type\":\"WebPage\",\"@id\":\"https:\/\/www.welovecycling.com\/hu\/orszaguti-kerekpar\/valter-attila-burgosi-paradeval-melegit-a-vueltara-vas-kata-blanka-u23-as-vilagbajnok\/\",\"url\":\"https:\/\/www.welovecycling.com\/hu\/orszaguti-kerekpar\/valter-attila-burgosi-paradeval-melegit-a-vueltara-vas-kata-blanka-u23-as-vilagbajnok\/\",\"name\":\"Valter Attila burgosi par\u00e1d\u00e9val meleg\u00edt a Vuelt\u00e1ra, Vas Kata Blanka U23-as vil\u00e1gbajnok!\",\"isPartOf\":{\"@id\":\"https:\/\/www.welovecycling.com\/hu\/#website\"},\"primaryImageOfPage\":{\"@id\":\"https:\/\/www.welovecycling.com\/hu\/orszaguti-kerekpar\/valter-attila-burgosi-paradeval-melegit-a-vueltara-vas-kata-blanka-u23-as-vilagbajnok\/#primaryimage\"},\"image\":{\"@id\":\"https:\/\/www.welovecycling.com\/hu\/orszaguti-kerekpar\/valter-attila-burgosi-paradeval-melegit-a-vueltara-vas-kata-blanka-u23-as-vilagbajnok\/#primaryimage\"},\"thumbnailUrl\":\"https:\/\/d2p6e6u75xmxt8.cloudfront.net\/12\/2023\/08\/943e8adddd.webp\",\"datePublished\":\"2023-08-18T09:25:30+00:00\",\"author\":{\"@id\":\"https:\/\/www.welovecycling.com\/hu\/#\/schema\/person\/414a2aebf1801691a5320edb6468e194\"},\"description\":\"Jumbo-klasszisunk Vuelta-indul\u00e1sa \u00e9ppen egy nappal azut\u00e1n v\u00e1lt biztoss\u00e1, hogy az \u00f6sszetett \u00e9l\u00e9re ugrott a burgosi k\u00f6rversenyen, m\u00edg n\u0151i kedvenc\u00fcnk Magyarorsz\u00e1g els\u0151 vil\u00e1gbajnoki trik\u00f3j\u00e1t szerezte.\",\"breadcrumb\":{\"@id\":\"https:\/\/www.welovecycling.com\/hu\/orszaguti-kerekpar\/valter-attila-burgosi-paradeval-melegit-a-vueltara-vas-kata-blanka-u23-as-vilagbajnok\/#breadcrumb\"},\"inLanguage\":\"hu\",\"potentialAction\":[{\"@type\":\"ReadAction\",\"target\":[\"https:\/\/www.welovecycling.com\/hu\/orszaguti-kerekpar\/valter-attila-burgosi-paradeval-melegit-a-vueltara-vas-kata-blanka-u23-as-vilagbajnok\/\"]}]},{\"@type\":\"ImageObject\",\"inLanguage\":\"hu\",\"@id\":\"https:\/\/www.welovecycling.com\/hu\/orszaguti-kerekpar\/valter-attila-burgosi-paradeval-melegit-a-vueltara-vas-kata-blanka-u23-as-vilagbajnok\/#primaryimage\",\"url\":\"https:\/\/d2p6e6u75xmxt8.cloudfront.net\/12\/2023\/08\/943e8adddd.webp\",\"contentUrl\":\"https:\/\/d2p6e6u75xmxt8.cloudfront.net\/12\/2023\/08\/943e8adddd.webp\",\"width\":1024,\"height\":538},{\"@type\":\"BreadcrumbList\",\"@id\":\"https:\/\/www.welovecycling.com\/hu\/orszaguti-kerekpar\/valter-attila-burgosi-paradeval-melegit-a-vueltara-vas-kata-blanka-u23-as-vilagbajnok\/#breadcrumb\",\"itemListElement\":[{\"@type\":\"ListItem\",\"position\":1,\"name\":\"Home\",\"item\":\"https:\/\/www.welovecycling.com\/hu\/\"},{\"@type\":\"ListItem\",\"position\":2,\"name\":\"Valter Attila burgosi par\u00e1d\u00e9val meleg\u00edt a Vuelt\u00e1ra, Vas Kata Blanka U23-as vil\u00e1gbajnok!\"}]},{\"@type\":\"WebSite\",\"@id\":\"https:\/\/www.welovecycling.com\/hu\/#website\",\"url\":\"https:\/\/www.welovecycling.com\/hu\/\",\"name\":\"\u0160koda We Love Cycling - Magyarorsz\u00e1g\",\"description\":\"\u0160koda WeLoveCycling\",\"potentialAction\":[{\"@type\":\"SearchAction\",\"target\":{\"@type\":\"EntryPoint\",\"urlTemplate\":\"https:\/\/www.welovecycling.com\/hu\/?s={search_term_string}\"},\"query-input\":{\"@type\":\"PropertyValueSpecification\",\"valueRequired\":true,\"valueName\":\"search_term_string\"}}],\"inLanguage\":\"hu\"},{\"@type\":\"Person\",\"@id\":\"https:\/\/www.welovecycling.com\/hu\/#\/schema\/person\/414a2aebf1801691a5320edb6468e194\",\"name\":\"hegyizs\",\"image\":{\"@type\":\"ImageObject\",\"inLanguage\":\"hu\",\"@id\":\"https:\/\/www.welovecycling.com\/hu\/#\/schema\/person\/image\/\",\"url\":\"https:\/\/secure.gravatar.com\/avatar\/02cf8a7906b8cf90cecb4679defac7cfd33a1c2e3b88e4903d947f3bb58eedd3?s=96&d=mm&r=g\",\"contentUrl\":\"https:\/\/secure.gravatar.com\/avatar\/02cf8a7906b8cf90cecb4679defac7cfd33a1c2e3b88e4903d947f3bb58eedd3?s=96&d=mm&r=g\",\"caption\":\"hegyizs\"},\"url\":\"https:\/\/www.welovecycling.com\/hu\/author\/hegyizs\/\"}]}<\/script>\n<!-- \/ Yoast SEO Premium plugin. -->","yoast_head_json":{"title":"Valter Attila burgosi par\u00e1d\u00e9val meleg\u00edt a Vuelt\u00e1ra, Vas Kata Blanka U23-as vil\u00e1gbajnok!","description":"Jumbo-klasszisunk Vuelta-indul\u00e1sa \u00e9ppen egy nappal azut\u00e1n v\u00e1lt biztoss\u00e1, hogy az \u00f6sszetett \u00e9l\u00e9re ugrott a burgosi k\u00f6rversenyen, m\u00edg n\u0151i kedvenc\u00fcnk Magyarorsz\u00e1g els\u0151 vil\u00e1gbajnoki trik\u00f3j\u00e1t szerezte.","robots":{"index":"index","follow":"follow","max-snippet":"max-snippet:-1","max-image-preview":"max-image-preview:large","max-video-preview":"max-video-preview:-1"},"canonical":"https:\/\/www.welovecycling.com\/hu\/orszaguti-kerekpar\/valter-attila-burgosi-paradeval-melegit-a-vueltara-vas-kata-blanka-u23-as-vilagbajnok\/","og_locale":"hu_HU","og_type":"article","og_title":"Valter Attila burgosi par\u00e1d\u00e9val meleg\u00edt a Vuelt\u00e1ra, Vas Kata Blanka U23-as vil\u00e1gbajnok!","og_description":"Jumbo-klasszisunk Vuelta-indul\u00e1sa \u00e9ppen egy nappal azut\u00e1n v\u00e1lt biztoss\u00e1, hogy az \u00f6sszetett \u00e9l\u00e9re ugrott a burgosi k\u00f6rversenyen, m\u00edg n\u0151i kedvenc\u00fcnk Magyarorsz\u00e1g els\u0151 vil\u00e1gbajnoki trik\u00f3j\u00e1t szerezte.","og_url":"https:\/\/www.welovecycling.com\/hu\/orszaguti-kerekpar\/valter-attila-burgosi-paradeval-melegit-a-vueltara-vas-kata-blanka-u23-as-vilagbajnok\/","og_site_name":"\u0160koda We Love Cycling - Magyarorsz\u00e1g","article_publisher":"https:\/\/www.facebook.com\/WeLoveCyclingHungary\/","article_published_time":"2023-08-18T09:25:30+00:00","og_image":[{"width":1024,"height":538,"url":"https:\/\/d2p6e6u75xmxt8.cloudfront.net\/12\/2023\/08\/943e8adddd.webp","type":"image\/webp"}],"author":"hegyizs","twitter_card":"summary_large_image","twitter_misc":{"Written by":"WLC","Est. reading time":"3 minutes"},"schema":{"@context":"https:\/\/schema.org","@graph":[{"@type":"WebPage","@id":"https:\/\/www.welovecycling.com\/hu\/orszaguti-kerekpar\/valter-attila-burgosi-paradeval-melegit-a-vueltara-vas-kata-blanka-u23-as-vilagbajnok\/","url":"https:\/\/www.welovecycling.com\/hu\/orszaguti-kerekpar\/valter-attila-burgosi-paradeval-melegit-a-vueltara-vas-kata-blanka-u23-as-vilagbajnok\/","name":"Valter Attila burgosi par\u00e1d\u00e9val meleg\u00edt a Vuelt\u00e1ra, Vas Kata Blanka U23-as vil\u00e1gbajnok!","isPartOf":{"@id":"https:\/\/www.welovecycling.com\/hu\/#website"},"primaryImageOfPage":{"@id":"https:\/\/www.welovecycling.com\/hu\/orszaguti-kerekpar\/valter-attila-burgosi-paradeval-melegit-a-vueltara-vas-kata-blanka-u23-as-vilagbajnok\/#primaryimage"},"image":{"@id":"https:\/\/www.welovecycling.com\/hu\/orszaguti-kerekpar\/valter-attila-burgosi-paradeval-melegit-a-vueltara-vas-kata-blanka-u23-as-vilagbajnok\/#primaryimage"},"thumbnailUrl":"https:\/\/d2p6e6u75xmxt8.cloudfront.net\/12\/2023\/08\/943e8adddd.webp","datePublished":"2023-08-18T09:25:30+00:00","author":{"@id":"https:\/\/www.welovecycling.com\/hu\/#\/schema\/person\/414a2aebf1801691a5320edb6468e194"},"description":"Jumbo-klasszisunk Vuelta-indul\u00e1sa \u00e9ppen egy nappal azut\u00e1n v\u00e1lt biztoss\u00e1, hogy az \u00f6sszetett \u00e9l\u00e9re ugrott a burgosi k\u00f6rversenyen, m\u00edg n\u0151i kedvenc\u00fcnk Magyarorsz\u00e1g els\u0151 vil\u00e1gbajnoki trik\u00f3j\u00e1t szerezte.","breadcrumb":{"@id":"https:\/\/www.welovecycling.com\/hu\/orszaguti-kerekpar\/valter-attila-burgosi-paradeval-melegit-a-vueltara-vas-kata-blanka-u23-as-vilagbajnok\/#breadcrumb"},"inLanguage":"hu","potentialAction":[{"@type":"ReadAction","target":["https:\/\/www.welovecycling.com\/hu\/orszaguti-kerekpar\/valter-attila-burgosi-paradeval-melegit-a-vueltara-vas-kata-blanka-u23-as-vilagbajnok\/"]}]},{"@type":"ImageObject","inLanguage":"hu","@id":"https:\/\/www.welovecycling.com\/hu\/orszaguti-kerekpar\/valter-attila-burgosi-paradeval-melegit-a-vueltara-vas-kata-blanka-u23-as-vilagbajnok\/#primaryimage","url":"https:\/\/d2p6e6u75xmxt8.cloudfront.net\/12\/2023\/08\/943e8adddd.webp","contentUrl":"https:\/\/d2p6e6u75xmxt8.cloudfront.net\/12\/2023\/08\/943e8adddd.webp","width":1024,"height":538},{"@type":"BreadcrumbList","@id":"https:\/\/www.welovecycling.com\/hu\/orszaguti-kerekpar\/valter-attila-burgosi-paradeval-melegit-a-vueltara-vas-kata-blanka-u23-as-vilagbajnok\/#breadcrumb","itemListElement":[{"@type":"ListItem","position":1,"name":"Home","item":"https:\/\/www.welovecycling.com\/hu\/"},{"@type":"ListItem","position":2,"name":"Valter Attila burgosi par\u00e1d\u00e9val meleg\u00edt a Vuelt\u00e1ra, Vas Kata Blanka U23-as vil\u00e1gbajnok!"}]},{"@type":"WebSite","@id":"https:\/\/www.welovecycling.com\/hu\/#website","url":"https:\/\/www.welovecycling.com\/hu\/","name":"\u0160koda We Love Cycling - Magyarorsz\u00e1g","description":"\u0160koda WeLoveCycling","potentialAction":[{"@type":"SearchAction","target":{"@type":"EntryPoint","urlTemplate":"https:\/\/www.welovecycling.com\/hu\/?s={search_term_string}"},"query-input":{"@type":"PropertyValueSpecification","valueRequired":true,"valueName":"search_term_string"}}],"inLanguage":"hu"},{"@type":"Person","@id":"https:\/\/www.welovecycling.com\/hu\/#\/schema\/person\/414a2aebf1801691a5320edb6468e194","name":"hegyizs","image":{"@type":"ImageObject","inLanguage":"hu","@id":"https:\/\/www.welovecycling.com\/hu\/#\/schema\/person\/image\/","url":"https:\/\/secure.gravatar.com\/avatar\/02cf8a7906b8cf90cecb4679defac7cfd33a1c2e3b88e4903d947f3bb58eedd3?s=96&d=mm&r=g","contentUrl":"https:\/\/secure.gravatar.com\/avatar\/02cf8a7906b8cf90cecb4679defac7cfd33a1c2e3b88e4903d947f3bb58eedd3?s=96&d=mm&r=g","caption":"hegyizs"},"url":"https:\/\/www.welovecycling.com\/hu\/author\/hegyizs\/"}]}},"_links":{"self":[{"href":"https:\/\/www.welovecycling.com\/hu\/wp-json\/wp\/v2\/posts\/17798","targetHints":{"allow":["GET"]}}],"collection":[{"href":"https:\/\/www.welovecycling.com\/hu\/wp-json\/wp\/v2\/posts"}],"about":[{"href":"https:\/\/www.welovecycling.com\/hu\/wp-json\/wp\/v2\/types\/post"}],"author":[{"embeddable":true,"href":"https:\/\/www.welovecycling.com\/hu\/wp-json\/wp\/v2\/users\/71"}],"replies":[{"embeddable":true,"href":"https:\/\/www.welovecycling.com\/hu\/wp-json\/wp\/v2\/comments?post=17798"}],"version-history":[{"count":1,"href":"https:\/\/www.welovecycling.com\/hu\/wp-json\/wp\/v2\/posts\/17798\/revisions"}],"predecessor-version":[{"id":17802,"href":"https:\/\/www.welovecycling.com\/hu\/wp-json\/wp\/v2\/posts\/17798\/revisions\/17802"}],"wp:featuredmedia":[{"embeddable":true,"href":"https:\/\/www.welovecycling.com\/hu\/wp-json\/wp\/v2\/media\/17799"}],"wp:attachment":[{"href":"https:\/\/www.welovecycling.com\/hu\/wp-json\/wp\/v2\/media?parent=17798"}],"wp:term":[{"taxonomy":"category","embeddable":true,"href":"https:\/\/www.welovecycling.com\/hu\/wp-json\/wp\/v2\/categories?post=17798"},{"taxonomy":"post_tag","embeddable":true,"href":"https:\/\/www.welovecycling.com\/hu\/wp-json\/wp\/v2\/tags?post=17798"},{"taxonomy":"global-categories","embeddable":true,"href":"https:\/\/www.welovecycling.com\/hu\/wp-json\/wp\/v2\/global-categories?post=17798"}],"curies":[{"name":"wp","href":"https:\/\/api.w.org\/{rel}","templated":true}]}}