{"id":17792,"date":"2023-08-11T14:53:58","date_gmt":"2023-08-11T12:53:58","guid":{"rendered":"https:\/\/www.welovecycling.com\/hu\/?p=17792"},"modified":"2023-08-11T14:53:58","modified_gmt":"2023-08-11T12:53:58","slug":"van-der-poel-utban-a-tortenelmi-vb-dupla-fele-figyelemre-melto-magyar-szereplesek-glasgow-ban","status":"publish","type":"post","link":"https:\/\/www.welovecycling.com\/hu\/orszaguti-kerekpar\/van-der-poel-utban-a-tortenelmi-vb-dupla-fele-figyelemre-melto-magyar-szereplesek-glasgow-ban\/","title":{"rendered":"Van der Poel \u00fatban a t\u00f6rt\u00e9nelmi vb-dupla fel\u00e9, figyelemre m\u00e9lt\u00f3 magyar szerepl\u00e9sek Glasgow-ban"},"content":{"rendered":"<p><strong>A holland szuperszt\u00e1r az orsz\u00e1g\u00fati mez\u0151nyversenyt m\u00e1r beh\u00fazta a sk\u00f3ciai vil\u00e1gbajnoks\u00e1gon \u2013 egy nem is ak\u00e1rmilyen intermezzo ut\u00e1n \u2013, \u00e9s a hegyen is az arany\u00e9rt megy.<\/strong><!--more--><\/p>\n<p>Alakul\u00f3ban van Mathieu van der Poel <a href=\"https:\/\/www.welovecycling.com\/hu\/orszaguti-kerekpar\/vingegaard-a-vueltat-is-behuzna-van-der-poel-mar-a-jovo-hetvegi-vilagbajnoksagra-feni-a-fogat\/\">\u00f6rd\u00f6gi mesterterve<\/a>. A minden hangszeren j\u00e1tsz\u00f3 holland extraklasszis a sport\u00e1g t\u00f6rt\u00e9net\u00e9ben m\u00e9rf\u00f6ldk\u0151nek sz\u00e1m\u00edt\u00f3 glasgow-i \u00f6sszker\u00e9kp\u00e1ros vil\u00e1gbajnoks\u00e1g el\u0151tt azt vette a fej\u00e9be, hogy nemcsak elindul k\u00e9t k\u00fcl\u00f6nb\u00f6z\u0151 szak\u00e1gban, orsz\u00e1g\u00faton \u00e9s hegyiker\u00e9kp\u00e1rban is, de mindkett\u0151t meg is nyeri \u2013 nos, az egyiket m\u00e1ris kipip\u00e1lta.<\/p>\n<p>M\u00e9ghozz\u00e1 kezd\u00e9sk\u00e9nt a kett\u0151 k\u00f6z\u00fcl alighanem a nehezebben teljes\u00edthet\u0151 brav\u00fart, hiszen a kir\u00e1lysz\u00e1mban, a f\u00e9rfiak orsz\u00e1g\u00fati mez\u0151nyverseny\u00e9ben siker\u00fclt diadalmaskodnia olyan nevek el\u0151tt, mint \u00f6r\u00f6k riv\u00e1lisa, Wout Van Aert, illetve Tadej Poga\u010dar, ezzel pedig p\u00e1lyafut\u00e1sa sor\u00e1n el\u0151sz\u00f6r siker\u00fclt az aszfalton megszereznie a felbecs\u00fclhetetlen \u00e9rt\u00e9k\u0171 sziv\u00e1rv\u00e1nyos trik\u00f3t. Az Alpecin holland kiv\u00e1l\u00f3s\u00e1ga r\u00e1ad\u00e1sul \u00fagy tette mindezt, hogy verseny k\u00f6zben k\u00e9nytelen volt beiktatni egy technikai sz\u00fcnetet: kev\u00e9sb\u00e9 l\u00edraian sz\u00f3lva konkr\u00e9tan r\u00e1j\u00f6tt a hasmars az \u00fat k\u00f6zep\u00e9n, a sz\u00fcks\u00e9g pedig nagy \u00far, \u00edgy nemes egyszer\u0171s\u00e9ggel leugrott a bring\u00e1j\u00e1r\u00f3l, bed\u00f6r\u00f6mb\u00f6lt egy \u00fatmenti sk\u00f3t h\u00e1zasp\u00e1r h\u00e1z\u00e1nak ajtaj\u00e1n, \u0151k pedig meglepetten b\u00e1r, de k\u00e9szs\u00e9ggel \u00e1lltak rendelkez\u00e9s\u00e9re v\u00e9c\u00e9\u00fcgyben, megmentve ezzel gyakorlatilag Van der Poel verseny\u00e9t \u2013 ut\u00f3bbi <a href=\"https:\/\/www.dailyrecord.co.uk\/news\/scottish-news\/world-champion-cyclist-credits-win-30649850\">nem is gy\u0151z\u00f6tt h\u00e1l\u00e1lkodni<\/a> k\u00e9s\u0151bb. Az egy\u00e9bk\u00e9nt eg\u00e9sz nap rendk\u00edv\u00fcl okosan \u00e9s taktikusan versenyz\u0151, a v\u00e9g\u00e9re is a legjobb er\u0151ben marad\u00f3, \u00e9s kb. 10 km-rel a c\u00e9l el\u0151tt egy buk\u00e1st is meg\u00fasz\u00f3 hollandot maga a nagy ellenf\u00e9l Van Aert is m\u00e9ltatta a sikert k\u00f6vet\u0151en, kiemelve, nem k\u00e9rd\u00e9s, hogy ez\u00fattal Mathieu volt a mez\u0151ny legjobbja (egy\u00fattal f\u00e9lig m\u00f3k\u00e1san, f\u00e9lig bossz\u00fasan hozz\u00e1t\u00e9ve, ki tudja, jelenleg h\u00e1ny gy\u0151zelemn\u00e9l tartana, ha nem pont Van der Poel lenne a kort\u00e1rsa).<\/p>\n<figure id=\"attachment_17794\" aria-describedby=\"caption-attachment-17794\" style=\"width: 1024px\" class=\"wp-caption alignnone\"><img loading=\"lazy\" decoding=\"async\" class=\"size-large wp-image-17794\" src=\"https:\/\/d2p6e6u75xmxt8.cloudfront.net\/12\/2023\/08\/d928020ef70587edd2e3761282c1fe03-1691339544-1124x720-1-1024x656.webp\" alt=\"\" width=\"1024\" height=\"656\" srcset=\"https:\/\/d2p6e6u75xmxt8.cloudfront.net\/12\/2023\/08\/d928020ef70587edd2e3761282c1fe03-1691339544-1124x720-1-1024x656.webp 1024w, https:\/\/d2p6e6u75xmxt8.cloudfront.net\/12\/2023\/08\/d928020ef70587edd2e3761282c1fe03-1691339544-1124x720-1-300x192.webp 300w, https:\/\/d2p6e6u75xmxt8.cloudfront.net\/12\/2023\/08\/d928020ef70587edd2e3761282c1fe03-1691339544-1124x720-1-768x492.webp 768w, https:\/\/d2p6e6u75xmxt8.cloudfront.net\/12\/2023\/08\/d928020ef70587edd2e3761282c1fe03-1691339544-1124x720-1-400x256.webp 400w, https:\/\/d2p6e6u75xmxt8.cloudfront.net\/12\/2023\/08\/d928020ef70587edd2e3761282c1fe03-1691339544-1124x720-1.webp 1124w\" sizes=\"auto, (max-width: 1024px) 100vw, 1024px\" \/><figcaption id=\"caption-attachment-17794\" class=\"wp-caption-text\">fot\u00f3: Ross MacDonald &#8211; SNS Group<\/figcaption><\/figure>\n<p>A holland mindenesetre egy arannyal a zseb\u00e9ben r\u00e1megy a mountain bike-osok olimpiai sz\u00e1m\u00e1nak, az XCO megnyer\u00e9s\u00e9re is, noha saj\u00e1t bevall\u00e1sa szerint erre a mez\u0151nyversenyn\u00e9l is kevesebb sansza van, hiszen gyakorlatilag nulla hegyiker\u00e9kp\u00e1ros edz\u00e9ssel a h\u00e1ta m\u00f6g\u00f6tt megy neki a viadalnak, amelynek vil\u00e1granglist\u00e1j\u00e1n jelenleg csak a 31. helyen \u00e1ll (az olimpi\u00e1n 36-an indulhatnak a sz\u00e1mban, de \u00fagy, hogy a ranglista els\u0151 nyolc hely\u00e9n \u00e1ll\u00f3 nemzet k\u00e9t f\u0151t deleg\u00e1lhat a j\u00e1t\u00e9kokra). Van der Poel azonban \u00e9pp ebben b\u00edzik: mint mondta, ezen okokb\u00f3l v\u00e9gk\u00e9pp nyom\u00e1s n\u00e9lk\u00fcl versenyezhet majd a hegyen is, az orsz\u00e1g\u00fati vb-c\u00edm ut\u00e1n pedig v\u00e9gk\u00e9pp jutalomj\u00e1t\u00e9k lesz sz\u00e1m\u00e1ra az MTB-p\u00e1lya.<\/p>\n<p>K\u00f6zben ne feledkezz\u00fcnk el a magyar vb-indul\u00f3kr\u00f3l se! Dina M\u00e1rton sajnos nem tudta befejezni a f\u00e9rfiak mez\u0151nyverseny\u00e9t az aszfalton, ellenben a n\u0151k cs\u00fct\u00f6rt\u00f6ki id\u0151futam\u00e1n Zsank\u00f3 Petra igen sz\u00e9pen teljes\u00edtett, hiszen a mez\u0151ny 36. legjobb idej\u00e9t tekerte, ami az U23-asok k\u00f6z\u00f6tt az 5. id\u0151nek felelt meg. Koll\u00e9gan\u0151je, Buzs\u00e1ki Vir\u00e1g a hegyiker\u00e9kp\u00e1rosok r\u00f6vidt\u00e1v\u00fa verseny\u00e9t a 35. helyen z\u00e1rta, ugyanitt a f\u00e9rfiakn\u00e1l Palumby Zsombor 31. l\u00e9v\u00e9n hajsz\u00e1l h\u00edj\u00e1n bef\u00e9rt a top 30-ba, megel\u0151zve t\u00f6bbek k\u00f6z\u00f6tt az orsz\u00e1g\u00faton h\u00e1romszoros vil\u00e1gbajnok, mountain bike-ban junior-vil\u00e1gbajnok veter\u00e1n szlov\u00e1k kedvencet, Peter Sagant is.<\/p>\n<figure id=\"attachment_17795\" aria-describedby=\"caption-attachment-17795\" style=\"width: 960px\" class=\"wp-caption alignnone\"><img loading=\"lazy\" decoding=\"async\" class=\"size-full wp-image-17795\" src=\"https:\/\/d2p6e6u75xmxt8.cloudfront.net\/12\/2023\/08\/1200zsanko_960px.webp\" alt=\"\" width=\"960\" height=\"720\" srcset=\"https:\/\/d2p6e6u75xmxt8.cloudfront.net\/12\/2023\/08\/1200zsanko_960px.webp 960w, https:\/\/d2p6e6u75xmxt8.cloudfront.net\/12\/2023\/08\/1200zsanko_960px-300x225.webp 300w, https:\/\/d2p6e6u75xmxt8.cloudfront.net\/12\/2023\/08\/1200zsanko_960px-768x576.webp 768w, https:\/\/d2p6e6u75xmxt8.cloudfront.net\/12\/2023\/08\/1200zsanko_960px-400x300.webp 400w\" sizes=\"auto, (max-width: 960px) 100vw, 960px\" \/><figcaption id=\"caption-attachment-17795\" class=\"wp-caption-text\">Zsank\u00f3 Petra az 5. legjobb U23-as id\u0151t tekerte a n\u0151k vil\u00e1gbajnoki id\u0151futam\u00e1ban<\/figcaption><\/figure>\n<p><em>Bor\u00edt\u00f3k\u00e9p: cycling.today<\/em><\/p>\n","protected":false},"excerpt":{"rendered":"<p>A holland szuperszt\u00e1r az orsz\u00e1g\u00fati mez\u0151nyversenyt m\u00e1r beh\u00fazta a sk\u00f3ciai vil\u00e1gbajnoks\u00e1gon \u2013 egy nem is ak\u00e1rmilyen intermezzo ut\u00e1n \u2013, \u00e9s [&hellip;]<\/p>\n","protected":false},"author":71,"featured_media":17793,"comment_status":"open","ping_status":"open","sticky":false,"template":"","format":"standard","meta":{"footnotes":""},"categories":[8],"tags":[],"global-categories":[419],"class_list":["post-17792","post","type-post","status-publish","format-standard","has-post-thumbnail","hentry","category-orszaguti-kerekpar","global-categories-cycling"],"yoast_head":"<!-- This site is optimized with the Yoast SEO Premium plugin v25.3 (Yoast SEO v25.9) - https:\/\/yoast.com\/wordpress\/plugins\/seo\/ -->\n<title>Van der Poel \u00fatban a t\u00f6rt\u00e9nelmi vb-dupla fel\u00e9, figyelemre m\u00e9lt\u00f3 magyar szerepl\u00e9sek Glasgow-ban<\/title>\n<meta name=\"description\" content=\"A holland szuperszt\u00e1r az orsz\u00e1g\u00fati mez\u0151nyversenyt m\u00e1r beh\u00fazta a sk\u00f3ciai vil\u00e1gbajnoks\u00e1gon \u2013 egy nem is ak\u00e1rmilyen intermezzo ut\u00e1n \u2013, \u00e9s a hegyen is az arany\u00e9rt megy.\" \/>\n<meta name=\"robots\" content=\"index, follow, max-snippet:-1, max-image-preview:large, max-video-preview:-1\" \/>\n<link rel=\"canonical\" href=\"https:\/\/www.welovecycling.com\/hu\/orszaguti-kerekpar\/van-der-poel-utban-a-tortenelmi-vb-dupla-fele-figyelemre-melto-magyar-szereplesek-glasgow-ban\/\" \/>\n<meta property=\"og:locale\" content=\"hu_HU\" \/>\n<meta property=\"og:type\" content=\"article\" \/>\n<meta property=\"og:title\" content=\"Van der Poel \u00fatban a t\u00f6rt\u00e9nelmi vb-dupla fel\u00e9, figyelemre m\u00e9lt\u00f3 magyar szerepl\u00e9sek Glasgow-ban\" \/>\n<meta property=\"og:description\" content=\"A holland szuperszt\u00e1r az orsz\u00e1g\u00fati mez\u0151nyversenyt m\u00e1r beh\u00fazta a sk\u00f3ciai vil\u00e1gbajnoks\u00e1gon \u2013 egy nem is ak\u00e1rmilyen intermezzo ut\u00e1n \u2013, \u00e9s a hegyen is az arany\u00e9rt megy.\" \/>\n<meta property=\"og:url\" content=\"https:\/\/www.welovecycling.com\/hu\/orszaguti-kerekpar\/van-der-poel-utban-a-tortenelmi-vb-dupla-fele-figyelemre-melto-magyar-szereplesek-glasgow-ban\/\" \/>\n<meta property=\"og:site_name\" content=\"\u0160koda We Love Cycling - Magyarorsz\u00e1g\" \/>\n<meta property=\"article:publisher\" content=\"https:\/\/www.facebook.com\/WeLoveCyclingHungary\/\" \/>\n<meta property=\"article:published_time\" content=\"2023-08-11T12:53:58+00:00\" \/>\n<meta property=\"og:image\" content=\"https:\/\/d2p6e6u75xmxt8.cloudfront.net\/12\/2023\/08\/aw79941.webp\" \/>\n\t<meta property=\"og:image:width\" content=\"970\" \/>\n\t<meta property=\"og:image:height\" content=\"647\" \/>\n\t<meta property=\"og:image:type\" content=\"image\/webp\" \/>\n<meta name=\"author\" content=\"hegyizs\" \/>\n<meta name=\"twitter:card\" content=\"summary_large_image\" \/>\n<meta name=\"twitter:label1\" content=\"Written by\" \/>\n\t<meta name=\"twitter:data1\" content=\"WLC\" \/>\n\t<meta name=\"twitter:label2\" content=\"Est. reading time\" \/>\n\t<meta name=\"twitter:data2\" content=\"4 minutes\" \/>\n<script type=\"application\/ld+json\" class=\"yoast-schema-graph\">{\"@context\":\"https:\/\/schema.org\",\"@graph\":[{\"@type\":\"WebPage\",\"@id\":\"https:\/\/www.welovecycling.com\/hu\/orszaguti-kerekpar\/van-der-poel-utban-a-tortenelmi-vb-dupla-fele-figyelemre-melto-magyar-szereplesek-glasgow-ban\/\",\"url\":\"https:\/\/www.welovecycling.com\/hu\/orszaguti-kerekpar\/van-der-poel-utban-a-tortenelmi-vb-dupla-fele-figyelemre-melto-magyar-szereplesek-glasgow-ban\/\",\"name\":\"Van der Poel \u00fatban a t\u00f6rt\u00e9nelmi vb-dupla fel\u00e9, figyelemre m\u00e9lt\u00f3 magyar szerepl\u00e9sek Glasgow-ban\",\"isPartOf\":{\"@id\":\"https:\/\/www.welovecycling.com\/hu\/#website\"},\"primaryImageOfPage\":{\"@id\":\"https:\/\/www.welovecycling.com\/hu\/orszaguti-kerekpar\/van-der-poel-utban-a-tortenelmi-vb-dupla-fele-figyelemre-melto-magyar-szereplesek-glasgow-ban\/#primaryimage\"},\"image\":{\"@id\":\"https:\/\/www.welovecycling.com\/hu\/orszaguti-kerekpar\/van-der-poel-utban-a-tortenelmi-vb-dupla-fele-figyelemre-melto-magyar-szereplesek-glasgow-ban\/#primaryimage\"},\"thumbnailUrl\":\"https:\/\/d2p6e6u75xmxt8.cloudfront.net\/12\/2023\/08\/aw79941.webp\",\"datePublished\":\"2023-08-11T12:53:58+00:00\",\"author\":{\"@id\":\"https:\/\/www.welovecycling.com\/hu\/#\/schema\/person\/414a2aebf1801691a5320edb6468e194\"},\"description\":\"A holland szuperszt\u00e1r az orsz\u00e1g\u00fati mez\u0151nyversenyt m\u00e1r beh\u00fazta a sk\u00f3ciai vil\u00e1gbajnoks\u00e1gon \u2013 egy nem is ak\u00e1rmilyen intermezzo ut\u00e1n \u2013, \u00e9s a hegyen is az arany\u00e9rt megy.\",\"breadcrumb\":{\"@id\":\"https:\/\/www.welovecycling.com\/hu\/orszaguti-kerekpar\/van-der-poel-utban-a-tortenelmi-vb-dupla-fele-figyelemre-melto-magyar-szereplesek-glasgow-ban\/#breadcrumb\"},\"inLanguage\":\"hu\",\"potentialAction\":[{\"@type\":\"ReadAction\",\"target\":[\"https:\/\/www.welovecycling.com\/hu\/orszaguti-kerekpar\/van-der-poel-utban-a-tortenelmi-vb-dupla-fele-figyelemre-melto-magyar-szereplesek-glasgow-ban\/\"]}]},{\"@type\":\"ImageObject\",\"inLanguage\":\"hu\",\"@id\":\"https:\/\/www.welovecycling.com\/hu\/orszaguti-kerekpar\/van-der-poel-utban-a-tortenelmi-vb-dupla-fele-figyelemre-melto-magyar-szereplesek-glasgow-ban\/#primaryimage\",\"url\":\"https:\/\/d2p6e6u75xmxt8.cloudfront.net\/12\/2023\/08\/aw79941.webp\",\"contentUrl\":\"https:\/\/d2p6e6u75xmxt8.cloudfront.net\/12\/2023\/08\/aw79941.webp\",\"width\":970,\"height\":647},{\"@type\":\"BreadcrumbList\",\"@id\":\"https:\/\/www.welovecycling.com\/hu\/orszaguti-kerekpar\/van-der-poel-utban-a-tortenelmi-vb-dupla-fele-figyelemre-melto-magyar-szereplesek-glasgow-ban\/#breadcrumb\",\"itemListElement\":[{\"@type\":\"ListItem\",\"position\":1,\"name\":\"Home\",\"item\":\"https:\/\/www.welovecycling.com\/hu\/\"},{\"@type\":\"ListItem\",\"position\":2,\"name\":\"Van der Poel \u00fatban a t\u00f6rt\u00e9nelmi vb-dupla fel\u00e9, figyelemre m\u00e9lt\u00f3 magyar szerepl\u00e9sek Glasgow-ban\"}]},{\"@type\":\"WebSite\",\"@id\":\"https:\/\/www.welovecycling.com\/hu\/#website\",\"url\":\"https:\/\/www.welovecycling.com\/hu\/\",\"name\":\"\u0160koda We Love Cycling - Magyarorsz\u00e1g\",\"description\":\"\u0160koda WeLoveCycling\",\"potentialAction\":[{\"@type\":\"SearchAction\",\"target\":{\"@type\":\"EntryPoint\",\"urlTemplate\":\"https:\/\/www.welovecycling.com\/hu\/?s={search_term_string}\"},\"query-input\":{\"@type\":\"PropertyValueSpecification\",\"valueRequired\":true,\"valueName\":\"search_term_string\"}}],\"inLanguage\":\"hu\"},{\"@type\":\"Person\",\"@id\":\"https:\/\/www.welovecycling.com\/hu\/#\/schema\/person\/414a2aebf1801691a5320edb6468e194\",\"name\":\"hegyizs\",\"image\":{\"@type\":\"ImageObject\",\"inLanguage\":\"hu\",\"@id\":\"https:\/\/www.welovecycling.com\/hu\/#\/schema\/person\/image\/\",\"url\":\"https:\/\/secure.gravatar.com\/avatar\/02cf8a7906b8cf90cecb4679defac7cfd33a1c2e3b88e4903d947f3bb58eedd3?s=96&d=mm&r=g\",\"contentUrl\":\"https:\/\/secure.gravatar.com\/avatar\/02cf8a7906b8cf90cecb4679defac7cfd33a1c2e3b88e4903d947f3bb58eedd3?s=96&d=mm&r=g\",\"caption\":\"hegyizs\"},\"url\":\"https:\/\/www.welovecycling.com\/hu\/author\/hegyizs\/\"}]}<\/script>\n<!-- \/ Yoast SEO Premium plugin. -->","yoast_head_json":{"title":"Van der Poel \u00fatban a t\u00f6rt\u00e9nelmi vb-dupla fel\u00e9, figyelemre m\u00e9lt\u00f3 magyar szerepl\u00e9sek Glasgow-ban","description":"A holland szuperszt\u00e1r az orsz\u00e1g\u00fati mez\u0151nyversenyt m\u00e1r beh\u00fazta a sk\u00f3ciai vil\u00e1gbajnoks\u00e1gon \u2013 egy nem is ak\u00e1rmilyen intermezzo ut\u00e1n \u2013, \u00e9s a hegyen is az arany\u00e9rt megy.","robots":{"index":"index","follow":"follow","max-snippet":"max-snippet:-1","max-image-preview":"max-image-preview:large","max-video-preview":"max-video-preview:-1"},"canonical":"https:\/\/www.welovecycling.com\/hu\/orszaguti-kerekpar\/van-der-poel-utban-a-tortenelmi-vb-dupla-fele-figyelemre-melto-magyar-szereplesek-glasgow-ban\/","og_locale":"hu_HU","og_type":"article","og_title":"Van der Poel \u00fatban a t\u00f6rt\u00e9nelmi vb-dupla fel\u00e9, figyelemre m\u00e9lt\u00f3 magyar szerepl\u00e9sek Glasgow-ban","og_description":"A holland szuperszt\u00e1r az orsz\u00e1g\u00fati mez\u0151nyversenyt m\u00e1r beh\u00fazta a sk\u00f3ciai vil\u00e1gbajnoks\u00e1gon \u2013 egy nem is ak\u00e1rmilyen intermezzo ut\u00e1n \u2013, \u00e9s a hegyen is az arany\u00e9rt megy.","og_url":"https:\/\/www.welovecycling.com\/hu\/orszaguti-kerekpar\/van-der-poel-utban-a-tortenelmi-vb-dupla-fele-figyelemre-melto-magyar-szereplesek-glasgow-ban\/","og_site_name":"\u0160koda We Love Cycling - Magyarorsz\u00e1g","article_publisher":"https:\/\/www.facebook.com\/WeLoveCyclingHungary\/","article_published_time":"2023-08-11T12:53:58+00:00","og_image":[{"width":970,"height":647,"url":"https:\/\/d2p6e6u75xmxt8.cloudfront.net\/12\/2023\/08\/aw79941.webp","type":"image\/webp"}],"author":"hegyizs","twitter_card":"summary_large_image","twitter_misc":{"Written by":"WLC","Est. reading time":"4 minutes"},"schema":{"@context":"https:\/\/schema.org","@graph":[{"@type":"WebPage","@id":"https:\/\/www.welovecycling.com\/hu\/orszaguti-kerekpar\/van-der-poel-utban-a-tortenelmi-vb-dupla-fele-figyelemre-melto-magyar-szereplesek-glasgow-ban\/","url":"https:\/\/www.welovecycling.com\/hu\/orszaguti-kerekpar\/van-der-poel-utban-a-tortenelmi-vb-dupla-fele-figyelemre-melto-magyar-szereplesek-glasgow-ban\/","name":"Van der Poel \u00fatban a t\u00f6rt\u00e9nelmi vb-dupla fel\u00e9, figyelemre m\u00e9lt\u00f3 magyar szerepl\u00e9sek Glasgow-ban","isPartOf":{"@id":"https:\/\/www.welovecycling.com\/hu\/#website"},"primaryImageOfPage":{"@id":"https:\/\/www.welovecycling.com\/hu\/orszaguti-kerekpar\/van-der-poel-utban-a-tortenelmi-vb-dupla-fele-figyelemre-melto-magyar-szereplesek-glasgow-ban\/#primaryimage"},"image":{"@id":"https:\/\/www.welovecycling.com\/hu\/orszaguti-kerekpar\/van-der-poel-utban-a-tortenelmi-vb-dupla-fele-figyelemre-melto-magyar-szereplesek-glasgow-ban\/#primaryimage"},"thumbnailUrl":"https:\/\/d2p6e6u75xmxt8.cloudfront.net\/12\/2023\/08\/aw79941.webp","datePublished":"2023-08-11T12:53:58+00:00","author":{"@id":"https:\/\/www.welovecycling.com\/hu\/#\/schema\/person\/414a2aebf1801691a5320edb6468e194"},"description":"A holland szuperszt\u00e1r az orsz\u00e1g\u00fati mez\u0151nyversenyt m\u00e1r beh\u00fazta a sk\u00f3ciai vil\u00e1gbajnoks\u00e1gon \u2013 egy nem is ak\u00e1rmilyen intermezzo ut\u00e1n \u2013, \u00e9s a hegyen is az arany\u00e9rt megy.","breadcrumb":{"@id":"https:\/\/www.welovecycling.com\/hu\/orszaguti-kerekpar\/van-der-poel-utban-a-tortenelmi-vb-dupla-fele-figyelemre-melto-magyar-szereplesek-glasgow-ban\/#breadcrumb"},"inLanguage":"hu","potentialAction":[{"@type":"ReadAction","target":["https:\/\/www.welovecycling.com\/hu\/orszaguti-kerekpar\/van-der-poel-utban-a-tortenelmi-vb-dupla-fele-figyelemre-melto-magyar-szereplesek-glasgow-ban\/"]}]},{"@type":"ImageObject","inLanguage":"hu","@id":"https:\/\/www.welovecycling.com\/hu\/orszaguti-kerekpar\/van-der-poel-utban-a-tortenelmi-vb-dupla-fele-figyelemre-melto-magyar-szereplesek-glasgow-ban\/#primaryimage","url":"https:\/\/d2p6e6u75xmxt8.cloudfront.net\/12\/2023\/08\/aw79941.webp","contentUrl":"https:\/\/d2p6e6u75xmxt8.cloudfront.net\/12\/2023\/08\/aw79941.webp","width":970,"height":647},{"@type":"BreadcrumbList","@id":"https:\/\/www.welovecycling.com\/hu\/orszaguti-kerekpar\/van-der-poel-utban-a-tortenelmi-vb-dupla-fele-figyelemre-melto-magyar-szereplesek-glasgow-ban\/#breadcrumb","itemListElement":[{"@type":"ListItem","position":1,"name":"Home","item":"https:\/\/www.welovecycling.com\/hu\/"},{"@type":"ListItem","position":2,"name":"Van der Poel \u00fatban a t\u00f6rt\u00e9nelmi vb-dupla fel\u00e9, figyelemre m\u00e9lt\u00f3 magyar szerepl\u00e9sek Glasgow-ban"}]},{"@type":"WebSite","@id":"https:\/\/www.welovecycling.com\/hu\/#website","url":"https:\/\/www.welovecycling.com\/hu\/","name":"\u0160koda We Love Cycling - Magyarorsz\u00e1g","description":"\u0160koda WeLoveCycling","potentialAction":[{"@type":"SearchAction","target":{"@type":"EntryPoint","urlTemplate":"https:\/\/www.welovecycling.com\/hu\/?s={search_term_string}"},"query-input":{"@type":"PropertyValueSpecification","valueRequired":true,"valueName":"search_term_string"}}],"inLanguage":"hu"},{"@type":"Person","@id":"https:\/\/www.welovecycling.com\/hu\/#\/schema\/person\/414a2aebf1801691a5320edb6468e194","name":"hegyizs","image":{"@type":"ImageObject","inLanguage":"hu","@id":"https:\/\/www.welovecycling.com\/hu\/#\/schema\/person\/image\/","url":"https:\/\/secure.gravatar.com\/avatar\/02cf8a7906b8cf90cecb4679defac7cfd33a1c2e3b88e4903d947f3bb58eedd3?s=96&d=mm&r=g","contentUrl":"https:\/\/secure.gravatar.com\/avatar\/02cf8a7906b8cf90cecb4679defac7cfd33a1c2e3b88e4903d947f3bb58eedd3?s=96&d=mm&r=g","caption":"hegyizs"},"url":"https:\/\/www.welovecycling.com\/hu\/author\/hegyizs\/"}]}},"_links":{"self":[{"href":"https:\/\/www.welovecycling.com\/hu\/wp-json\/wp\/v2\/posts\/17792","targetHints":{"allow":["GET"]}}],"collection":[{"href":"https:\/\/www.welovecycling.com\/hu\/wp-json\/wp\/v2\/posts"}],"about":[{"href":"https:\/\/www.welovecycling.com\/hu\/wp-json\/wp\/v2\/types\/post"}],"author":[{"embeddable":true,"href":"https:\/\/www.welovecycling.com\/hu\/wp-json\/wp\/v2\/users\/71"}],"replies":[{"embeddable":true,"href":"https:\/\/www.welovecycling.com\/hu\/wp-json\/wp\/v2\/comments?post=17792"}],"version-history":[{"count":1,"href":"https:\/\/www.welovecycling.com\/hu\/wp-json\/wp\/v2\/posts\/17792\/revisions"}],"predecessor-version":[{"id":17796,"href":"https:\/\/www.welovecycling.com\/hu\/wp-json\/wp\/v2\/posts\/17792\/revisions\/17796"}],"wp:featuredmedia":[{"embeddable":true,"href":"https:\/\/www.welovecycling.com\/hu\/wp-json\/wp\/v2\/media\/17793"}],"wp:attachment":[{"href":"https:\/\/www.welovecycling.com\/hu\/wp-json\/wp\/v2\/media?parent=17792"}],"wp:term":[{"taxonomy":"category","embeddable":true,"href":"https:\/\/www.welovecycling.com\/hu\/wp-json\/wp\/v2\/categories?post=17792"},{"taxonomy":"post_tag","embeddable":true,"href":"https:\/\/www.welovecycling.com\/hu\/wp-json\/wp\/v2\/tags?post=17792"},{"taxonomy":"global-categories","embeddable":true,"href":"https:\/\/www.welovecycling.com\/hu\/wp-json\/wp\/v2\/global-categories?post=17792"}],"curies":[{"name":"wp","href":"https:\/\/api.w.org\/{rel}","templated":true}]}}