{"id":1779,"date":"2018-09-11T13:05:40","date_gmt":"2018-09-11T13:05:40","guid":{"rendered":"https:\/\/www.welovecycling.com\/hu\/?p=1779"},"modified":"2018-09-11T13:12:10","modified_gmt":"2018-09-11T13:12:10","slug":"lengyel-zsofi-aranyvilla-dij","status":"publish","type":"post","link":"https:\/\/www.welovecycling.com\/hu\/blog\/lengyel-zsofi-aranyvilla-dij\/","title":{"rendered":"Interj\u00fa Lengyel Zs\u00f3fi Aranyvilla d\u00edjassal"},"content":{"rendered":"<p><strong>Magyar parasportol\u00f3, r\u00e1di\u00f3s m\u00e9dia-szem\u00e9lyis\u00e9g, kommunik\u00e1ci\u00f3s szakember, \u00f6r\u00f6k harcos. Lengyel Zs\u00f3fi l\u00e1t\u00e1ss\u00e9r\u00fclt sportol\u00f3, az ALBA Triatlon SE \u00e9s a SZINGO SE versenyz\u0151je az egyik leginspir\u00e1l\u00f3bb bring\u00e1s, akivel valaha is tal\u00e1lkoztunk. Volt m\u00e1r az \u00e9v paratriatlon felfedezettje, az \u00e9v n\u0151i paratriatlon sportol\u00f3ja, de Arany harang d\u00edjjal is elismert\u00e9k kitart\u00e1s\u00e1t \u00e9s szak\u00e9rtelm\u00e9t. \u0150 az \u00faj Aranyvilla d\u00edjasunk, sz\u00e1munkra nem is k\u00e9rd\u00e9s, hogy mi\u00e9rt. Ismerj\u00e9tek meg \u0151t!<\/strong><\/p>\n<h2><!--more--><\/h2>\n<h2>Szia Zs\u00f3fi, mes\u00e9lj kicsit magadr\u00f3l!<\/h2>\n<p>Sziasztok, Lengyel Zs\u00f3fi vagyok, sportol\u00f3k\u00e9nt \u00e9s r\u00e1di\u00f3sk\u00e9nt is tal\u00e1lkozhattatok m\u00e1r velem. Kisgyermekk\u00e9nt der\u00fclt ki a szembetegs\u00e9gem, \u00edgy el\u0151sz\u00f6r gyeng\u00e9nl\u00e1t\u00f3k\u00e9nt, seg\u00edt\u0151 n\u00e9lk\u00fcl, k\u00e9s\u0151bb pedig aligl\u00e1t\u00f3k\u00e9nt, seg\u00edt\u0151vel sportoltam tov\u00e1bb.<\/p>\n<p>Mindig is im\u00e1dtam a sportokat, az atl\u00e9tik\u00e1ban \u00e9s az \u00fasz\u00e1sban is kipr\u00f3b\u00e1ltam magam. 2013-ban kezdtem triatlonozni, 2014-ben pedig m\u00e1r paraker\u00e9kp\u00e1rosk\u00e9nt is indultam versenyeken a triatlon mellett.<\/p>\n<p>A sport mellett rengeteg m\u00e1s dologgal is foglalkozom. Kommunik\u00e1ci\u00f3 szakon v\u00e9geztem, r\u00e1di\u00f3s m\u0171sorvezet\u0151 vagyok. Van m\u00e9g egy dolog, amit gyakran elmondok magamr\u00f3l, \u00e9s nagyon fontosnak tartom: harcos aktivist\u00e1nak tartom magam, \u00e9vek \u00f3ta k\u00fczd\u00f6k a fogyat\u00e9koss\u00e1ggal \u00e9l\u0151k t\u00e1rsadalmi elfogad\u00e1s\u00e1\u00e9rt.<\/p>\n<p><a href=\"https:\/\/d2p6e6u75xmxt8.cloudfront.net\/12\/2018\/09\/BJP_3120-1.jpg\"><img loading=\"lazy\" decoding=\"async\" class=\"alignnone size-extra-large wp-image-1780\" src=\"https:\/\/d2p6e6u75xmxt8.cloudfront.net\/12\/2018\/09\/BJP_3120-1-1920x1280.jpg\" alt=\"lengyel zs\u00f3fi we love cycling\" width=\"1920\" height=\"1280\" srcset=\"https:\/\/d2p6e6u75xmxt8.cloudfront.net\/12\/2018\/09\/BJP_3120-1-1920x1280.jpg 1920w, https:\/\/d2p6e6u75xmxt8.cloudfront.net\/12\/2018\/09\/BJP_3120-1-300x200.jpg 300w, https:\/\/d2p6e6u75xmxt8.cloudfront.net\/12\/2018\/09\/BJP_3120-1-768x512.jpg 768w, https:\/\/d2p6e6u75xmxt8.cloudfront.net\/12\/2018\/09\/BJP_3120-1-1024x682.jpg 1024w, https:\/\/d2p6e6u75xmxt8.cloudfront.net\/12\/2018\/09\/BJP_3120-1-272x182.jpg 272w, https:\/\/d2p6e6u75xmxt8.cloudfront.net\/12\/2018\/09\/BJP_3120-1.jpg 2000w, https:\/\/d2p6e6u75xmxt8.cloudfront.net\/12\/2018\/09\/BJP_3120-1-1920x1280.jpg 1920w\" sizes=\"auto, (max-width: 1920px) 100vw, 1920px\" \/><\/a><\/p>\n<h2>Tudjuk, hogy k\u00fczd\u0151 szellem vagy, de minden \u00e9lsportol\u00f3 m\u00f6g\u00f6tt komoly t\u00e1mogat\u00f3i t\u00e1bor \u00e1ll. T\u00e9ged kik \u00e9s hogyan t\u00e1mogatnak legink\u00e1bb?<\/h2>\n<p>Legf\u0151k\u00e9ppen a csal\u00e1dom, \u00e9desany\u00e1m \u00e9s \u00e9desap\u00e1m, \u0151k stabil h\u00e1tteret jelentenek sz\u00e1momra. Rendszeresen egyeztetek vel\u00fck arr\u00f3l, hogy \u00e9pp milyen \u0151r\u00fclts\u00e9gbe v\u00e1gok bele. Mellett\u00fck a p\u00e1rom is mindenben t\u00e1mogat, \u0151k egy\u00fctt er\u0151s h\u00e1tteret biztos\u00edtanak nekem.<\/p>\n<p><a href=\"https:\/\/d2p6e6u75xmxt8.cloudfront.net\/12\/2018\/09\/DJI_0671.jpg\"><img loading=\"lazy\" decoding=\"async\" class=\"alignnone size-extra-large wp-image-1782\" src=\"https:\/\/d2p6e6u75xmxt8.cloudfront.net\/12\/2018\/09\/DJI_0671-1920x1439.jpg\" alt=\"lengyel zs\u00f3fi we love cycling\" width=\"1920\" height=\"1439\" srcset=\"https:\/\/d2p6e6u75xmxt8.cloudfront.net\/12\/2018\/09\/DJI_0671-1920x1439.jpg 1920w, https:\/\/d2p6e6u75xmxt8.cloudfront.net\/12\/2018\/09\/DJI_0671-300x225.jpg 300w, https:\/\/d2p6e6u75xmxt8.cloudfront.net\/12\/2018\/09\/DJI_0671-768x576.jpg 768w, https:\/\/d2p6e6u75xmxt8.cloudfront.net\/12\/2018\/09\/DJI_0671-1024x767.jpg 1024w, https:\/\/d2p6e6u75xmxt8.cloudfront.net\/12\/2018\/09\/DJI_0671.jpg 2000w, https:\/\/d2p6e6u75xmxt8.cloudfront.net\/12\/2018\/09\/DJI_0671-1920x1439.jpg 1920w\" sizes=\"auto, (max-width: 1920px) 100vw, 1920px\" \/><\/a><\/p>\n<p>Egy \u00e9ve egy\u00fctt dolgozom a <a href=\"http:\/\/careersport.hu\/\">Career Sport Management<\/a>-tel, T\u00f3th Gy\u00f6rgy a menedzserem, aki az ut\u00f3bbi egy \u00e9vben nagyon sokat seg\u00edtett abban, hogy brandet \u00e9p\u00edts\u00fcnk k\u00f6r\u00e9m.<\/p>\n<p>Parasportol\u00f3k\u00e9nt nem igaz\u00e1n tudunk csak a sportb\u00f3l meg\u00e9lni, nincs olyan, hogy \u201eparasport \u00e1ll\u00e1s\u201d Magyarorsz\u00e1gon. Dolgozunk az edz\u00e9sek, versenyek mellett, \u00e9s nagy sz\u00fcks\u00e9g\u00fcnk van t\u00e1mogat\u00f3kra is. Nekem is t\u00f6bb szponzorom van, az OTP bank p\u00e9ld\u00e1ul m\u00e1r 3 \u00e9ve t\u00e1mogat.<\/p>\n<h2>Rengeteg d\u00edjjal elismertek m\u00e1r, nem csak a ker\u00e9kp\u00e1roz\u00e1s ter\u00e9n. Mire vagy a legb\u00fcszk\u00e9bb?<\/h2>\n<p>Mindenre b\u00fcszke vagyok \u2013 ha mondhatom ezt egy\u00e1ltal\u00e1n. Mi parasportol\u00f3k a v\u00edv\u00e1st f\u00e9l k\u00e9zzel, az \u00fasz\u00e1st l\u00e1bak n\u00e9lk\u00fcl, a ker\u00e9kp\u00e1roz\u00e1st l\u00e1t\u00e1s n\u00e9lk\u00fcl csin\u00e1ljuk. \u00dagy gondolom, hogy ez igencsak embert pr\u00f3b\u00e1l\u00f3 feladat, \u00e9s emiatt minden egyes eredm\u00e9nyemre b\u00fcszke vagyok. Ugyan\u00edgy b\u00fcszkes\u00e9ggel t\u00f6lt el sorst\u00e1rsaim eredm\u00e9nye is, kiemelten b\u00fcszke vagyok r\u00e1juk, mert tudom, milyen neh\u00e9z nyerni.<\/p>\n<p>Term\u00e9szetesen egy \u00e9p sportol\u00f3nak is k\u00fczdenie kell, de nek\u00fcnk ezek a k\u00fczdelmek megtripl\u00e1z\u00f3dnak, hiszen valamink nem m\u0171k\u00f6dik, vagy nem \u00fagy m\u0171k\u00f6dik, ahogy kellene, \u00e9s m\u00e9gis el\u00e9rj\u00fck azokat az eredm\u00e9nyeket.<\/p>\n<p><a href=\"https:\/\/d2p6e6u75xmxt8.cloudfront.net\/12\/2018\/09\/BJP_3021-1.jpg\"><img loading=\"lazy\" decoding=\"async\" class=\"alignnone size-extra-large wp-image-1781\" src=\"https:\/\/d2p6e6u75xmxt8.cloudfront.net\/12\/2018\/09\/BJP_3021-1-1920x1280.jpg\" alt=\"lengyel zs\u00f3fi we love cycling\" width=\"1920\" height=\"1280\" srcset=\"https:\/\/d2p6e6u75xmxt8.cloudfront.net\/12\/2018\/09\/BJP_3021-1-1920x1280.jpg 1920w, https:\/\/d2p6e6u75xmxt8.cloudfront.net\/12\/2018\/09\/BJP_3021-1-300x200.jpg 300w, https:\/\/d2p6e6u75xmxt8.cloudfront.net\/12\/2018\/09\/BJP_3021-1-768x512.jpg 768w, https:\/\/d2p6e6u75xmxt8.cloudfront.net\/12\/2018\/09\/BJP_3021-1-1024x682.jpg 1024w, https:\/\/d2p6e6u75xmxt8.cloudfront.net\/12\/2018\/09\/BJP_3021-1-272x182.jpg 272w, https:\/\/d2p6e6u75xmxt8.cloudfront.net\/12\/2018\/09\/BJP_3021-1.jpg 2000w, https:\/\/d2p6e6u75xmxt8.cloudfront.net\/12\/2018\/09\/BJP_3021-1-1920x1280.jpg 1920w\" sizes=\"auto, (max-width: 1920px) 100vw, 1920px\" \/><\/a><\/p>\n<p>Ha m\u00e9gis v\u00e1lasztanom kell valamit, akkor sportban a vil\u00e1gbajnoki bronzra vagyok a legb\u00fcszk\u00e9bb. B\u00fcszke vagyok minden egy\u00e9b, ak\u00e1r tanul\u00e1sra kapott kit\u00fcntet\u00e9semre is. Am\u00fagy meg a ti megkeres\u00e9setek is nagyon pozit\u00edv visszajelz\u00e9s volt sz\u00e1momra.<\/p>\n<h2>Elmes\u00e9led, mivel \u00e9s hogyan telik egy \u00e1tlagos napod versenyfelk\u00e9sz\u00fcl\u00e9skor?<\/h2>\n<p>Olyankor f\u0151leg edz\u00e9sekb\u0151l \u00e9p\u00fcl fel az \u00e9letem. Ez azt jelenti, hogy vagy a versenyseg\u00edt\u0151m j\u00f6n le Sz\u00e9kesfeh\u00e9rv\u00e1rra \u00e9s tandemmel tudunk k\u00f6z\u00f6sen tekerni, vagy egy p\u00f3tseg\u00edt\u0151 teker velem. Emellett futok fut\u00f3padon, vagy ha van r\u00e1 lehet\u0151s\u00e9g, akkor a p\u00e1rommal egy\u00fctt kint futunk a szabadban. Vannak m\u00e9g konditermes edz\u00e9seim, \u00e9s mindezek mellett dolgozom is. \u00c9rz\u00e9keny\u00edt\u0151 programokra j\u00e1rok, \u00e9s heti egyszer pedig a r\u00e1di\u00f3ban is vagyok.<\/p>\n<p>A versenyfelk\u00e9sz\u00fcl\u00e9sben nagyon fontos sz\u00e1momra, hogy fejben is ott tudjak lenni. A fizikai-lelki felk\u00e9sz\u00fcl\u00e9s mellett a t\u00e1pl\u00e1lkoz\u00e1somra is figyelek.<\/p>\n<h2>Milyennek l\u00e1tod a parasport helyzet\u00e9t Magyarorsz\u00e1gon?<\/h2>\n<p>\u00dagy gondolom, a magyar parasportnak sokat kell m\u00e9g fejl\u0151dnie. Ha j\u00f3 eredm\u00e9nyeket \u00e9r el az ember, akkor tud ebb\u0151l anyagilag is profit\u00e1lni, viszont v\u00e9lem\u00e9nyem szerint azokat a fiatal sportol\u00f3kat is t\u00e1mogatni kellene, akiknek fiatalon m\u00e9g nincs megfelel\u0151 anyagi t\u0151k\u00e9j\u00fck arra, hogy p\u00e9ld\u00e1ul tandemet v\u00e1s\u00e1roljanak.<\/p>\n<p>Nagyon fontosnak tartan\u00e1m, hogy a fiatalokat, kezd\u0151 sportol\u00f3kat is er\u0151sebben t\u00e1mogass\u00e1k.<\/p>\n<h2>Mes\u00e9lsz nek\u00fcnk kicsit arr\u00f3l, hogy hogyan zajlik egy paraker\u00e9kp\u00e1ros paralimpiai kvalifik\u00e1ci\u00f3?<\/h2>\n<p>Ker\u00e9kp\u00e1ros versenyeken kell indulni, \u00e9s min\u00e9l t\u00f6bb pontot szerezni, \u00edgy megszerezhetj\u00fck az el\u0151kv\u00f3t\u00e1t. Nagy \u00e1lmom lett volna, hogy m\u00e1r 2 \u00e9vvel az olimpia el\u0151tt megszerezzem a kijut\u00e1shoz elegend\u0151 pontokat, de a l\u00e1bt\u00f6r\u00e9sem \u00e9s egy\u00e9b okok miatt ez most sajnos nem j\u00f6tt \u00f6ssze.<\/p>\n<p>Ez egy orsz\u00e1gos n\u0151i kv\u00f3ta, teh\u00e1t ha valaki j\u00f6n \u00e9s 2 \u00e9v alatt p\u00e9ld\u00e1ul lenyom engem, akkor ak\u00e1r \u0151 is kijuthat. Legk\u00f6zelebb 2020-ban lehet \u00f6sszeszedni a k\u00f6vetkez\u0151 kv\u00f3t\u00e1t.<\/p>\n<h2>Milyen j\u00f6v\u0151beli c\u00e9ljaid vannak a sportban \u00e9s sporton k\u00edv\u00fcl?<\/h2>\n<p>R\u00f3lam azt kell tudni, hogy mindig tervezek valamit, k\u00f6zben pedig mindig j\u00f6nnek az \u00fajabb \u00e9s \u00fajabb \u00f6tletek. Azt hiszem, m\u00e1r a v\u00e9djegyemm\u00e9 v\u00e1lt, hogy nagyon szeretem ezeket a kih\u00edv\u00e1sokat.<\/p>\n<p>Nagyon szeretn\u00e9k majd ironman lenni, ez az egyik legnagyobb sportbeli \u00e1lmom. A maraton is tervben van, sajnos ennek is keresztbetett id\u00e9n a l\u00e1bs\u00e9r\u00fcl\u00e9sem, de nem adom fel.<\/p>\n<p>Nagyon szeretn\u00e9k csal\u00e1dot alap\u00edtani, \u00e9desanya lenni, ez is a j\u00f6v\u0151beni terveimhez tartozik.<\/p>\n<p><a href=\"https:\/\/d2p6e6u75xmxt8.cloudfront.net\/12\/2018\/09\/BJP_3275-1.jpg\"><img loading=\"lazy\" decoding=\"async\" class=\"alignnone size-extra-large wp-image-1783\" src=\"https:\/\/d2p6e6u75xmxt8.cloudfront.net\/12\/2018\/09\/BJP_3275-1-1920x1280.jpg\" alt=\"lengyel zs\u00f3fi we love cycling\" width=\"1920\" height=\"1280\" srcset=\"https:\/\/d2p6e6u75xmxt8.cloudfront.net\/12\/2018\/09\/BJP_3275-1-1920x1280.jpg 1920w, https:\/\/d2p6e6u75xmxt8.cloudfront.net\/12\/2018\/09\/BJP_3275-1-300x200.jpg 300w, https:\/\/d2p6e6u75xmxt8.cloudfront.net\/12\/2018\/09\/BJP_3275-1-768x512.jpg 768w, https:\/\/d2p6e6u75xmxt8.cloudfront.net\/12\/2018\/09\/BJP_3275-1-1024x682.jpg 1024w, https:\/\/d2p6e6u75xmxt8.cloudfront.net\/12\/2018\/09\/BJP_3275-1-272x182.jpg 272w, https:\/\/d2p6e6u75xmxt8.cloudfront.net\/12\/2018\/09\/BJP_3275-1.jpg 2000w, https:\/\/d2p6e6u75xmxt8.cloudfront.net\/12\/2018\/09\/BJP_3275-1-1920x1280.jpg 1920w\" sizes=\"auto, (max-width: 1920px) 100vw, 1920px\" \/><\/a><\/p>\n<h2>Bizony\u00edtok, k\u00fczd\u00f6k, el\u00e9rek! \u2013 Egy kor\u00e1bbi interj\u00faban azt mondtad, mott\u00f3dd\u00e1 v\u00e1lt ez a mondat. Mi\u00e9rt motiv\u00e1l ennyire?<\/h2>\n<p>14 \u00e9ves voltam, amikor befejeztem a l\u00e1t\u00e1ss\u00e9r\u00fclt iskol\u00e1t a sorst\u00e1rsaim k\u00f6z\u00f6tt. Nagyon szerettem volna nem l\u00e1t\u00e1ss\u00e9r\u00fclt gimiben folytatni a tanul\u00e1st, a tan\u00e1raimt\u00f3l viszont azt a visszajelz\u00e9st kaptam, hogy ez nem fog menni, mert ott sz\u00ednjeles tanul\u00f3nak kell lenni.<\/p>\n<p>Nek\u00fcnk, l\u00e1t\u00e1ss\u00e9r\u00fclteknek csak a szem\u00fcnkkel van gond, de sajnos nagyon sokan azt gondolj\u00e1k, hogy ez a szellemi teljes\u00edtm\u00e9ny\u00fcnket is befoly\u00e1solja, pedig ez egy\u00e1ltal\u00e1n nem \u00edgy van. Nagyon sokan diplom\u00e1sak vagyunk \u00e9s igyeksz\u00fcnk helyt\u00e1llni az \u00e9let minden ter\u00fclet\u00e9n.<\/p>\n<p>B\u00e1r a tan\u00e1raim nem hittek bennem, m\u00e9gis elhat\u00e1roztam, hogy \u00e9n akkor is megcsin\u00e1lom, bizony\u00edtok, k\u00fczdeni fogok \u00e9s el fogom \u00e9rni, hogy egy j\u00f3 gimn\u00e1ziumban tanuljak. Ekkor alakult ki a mott\u00f3m \u00e9s az\u00f3ta is v\u00e9gigk\u00eds\u00e9r mindenhov\u00e1.<\/p>\n<p><strong>Zs\u00f3fi, minden t\u00e9ged igazol. Gratul\u00e1lunk, \u00e9s tov\u00e1bbi sok sikert k\u00edv\u00e1nunk neked!<\/strong><\/p>\n<h2>+1: N\u00e9zz\u00e9tek meg Magyar\u00f3si Csaba vide\u00f3j\u00e1t Zs\u00f3fir\u00f3l!<\/h2>\n<lite-youtube videoid=WeKYLeIfEjg params=\"enablejsapi=1\" style=\"background-image: url('https:\/\/i.ytimg.com\/vi_webp\/WeKYLeIfEjg\/maxresdefault.webp');\"><\/lite-youtube>\n","protected":false},"excerpt":{"rendered":"<p>Magyar parasportol\u00f3, r\u00e1di\u00f3s m\u00e9dia-szem\u00e9lyis\u00e9g, kommunik\u00e1ci\u00f3s szakember, \u00f6r\u00f6k harcos. Lengyel Zs\u00f3fi l\u00e1t\u00e1ss\u00e9r\u00fclt sportol\u00f3, az ALBA Triatlon SE \u00e9s a SZINGO SE [&hellip;]<\/p>\n","protected":false},"author":71,"featured_media":1770,"comment_status":"open","ping_status":"open","sticky":false,"template":"","format":"standard","meta":{"footnotes":""},"categories":[13],"tags":[55,28,27,172,174,173,166],"global-categories":[],"class_list":["post-1779","post","type-post","status-publish","format-standard","has-post-thumbnail","hentry","category-blog","tag-aranyvilla-dij","tag-kerekpar-blog","tag-kerekpar-magazin","tag-lengyel-zsofi","tag-parakerekpar","tag-parasport","tag-tandem-kerekpar"],"yoast_head":"<!-- This site is optimized with the Yoast SEO Premium plugin v25.3 (Yoast SEO v25.9) - https:\/\/yoast.com\/wordpress\/plugins\/seo\/ -->\n<title>Interj\u00fa Lengyel Zs\u00f3fi Aranyvilla d\u00edjassal - \u0160koda We Love Cycling - Magyarorsz\u00e1g<\/title>\n<meta name=\"description\" content=\"Nagyon sokan egy igazi h\u0151snek tartj\u00e1k, nem v\u00e9letlen\u00fcl. Lengyel Zs\u00f3fi paraker\u00e9kp\u00e1ros az \u00faj Aranyvilla d\u00edjasunk, ismerj\u00e9tek meg \u0151t!\" \/>\n<meta name=\"robots\" content=\"index, follow, max-snippet:-1, max-image-preview:large, max-video-preview:-1\" \/>\n<link rel=\"canonical\" href=\"https:\/\/www.welovecycling.com\/hu\/blog\/lengyel-zsofi-aranyvilla-dij\/\" \/>\n<meta property=\"og:locale\" content=\"hu_HU\" \/>\n<meta property=\"og:type\" content=\"article\" \/>\n<meta property=\"og:title\" content=\"Interj\u00fa Lengyel Zs\u00f3fi Aranyvilla d\u00edjassal\" \/>\n<meta property=\"og:description\" content=\"Nagyon sokan egy igazi h\u0151snek tartj\u00e1k, nem v\u00e9letlen\u00fcl. Lengyel Zs\u00f3fi paraker\u00e9kp\u00e1ros az \u00faj Aranyvilla d\u00edjasunk, ismerj\u00e9tek meg \u0151t!\" \/>\n<meta property=\"og:url\" content=\"https:\/\/www.welovecycling.com\/hu\/blog\/lengyel-zsofi-aranyvilla-dij\/\" \/>\n<meta property=\"og:site_name\" content=\"\u0160koda We Love Cycling - Magyarorsz\u00e1g\" \/>\n<meta property=\"article:publisher\" content=\"https:\/\/www.facebook.com\/WeLoveCyclingHungary\/\" \/>\n<meta property=\"article:published_time\" content=\"2018-09-11T13:05:40+00:00\" \/>\n<meta property=\"article:modified_time\" content=\"2018-09-11T13:12:10+00:00\" \/>\n<meta property=\"og:image\" content=\"https:\/\/d2p6e6u75xmxt8.cloudfront.net\/12\/2018\/09\/LenygyelZsofi.jpg\" \/>\n\t<meta property=\"og:image:width\" content=\"1920\" \/>\n\t<meta property=\"og:image:height\" content=\"838\" \/>\n\t<meta property=\"og:image:type\" content=\"image\/jpeg\" \/>\n<meta name=\"author\" content=\"hegyizs\" \/>\n<meta name=\"twitter:card\" content=\"summary_large_image\" \/>\n<meta name=\"twitter:label1\" content=\"Written by\" \/>\n\t<meta name=\"twitter:data1\" content=\"hegyizs\" \/>\n\t<meta name=\"twitter:label2\" content=\"Est. reading time\" \/>\n\t<meta name=\"twitter:data2\" content=\"6 minutes\" \/>\n<script type=\"application\/ld+json\" class=\"yoast-schema-graph\">{\"@context\":\"https:\/\/schema.org\",\"@graph\":[{\"@type\":\"WebPage\",\"@id\":\"https:\/\/www.welovecycling.com\/hu\/blog\/lengyel-zsofi-aranyvilla-dij\/\",\"url\":\"https:\/\/www.welovecycling.com\/hu\/blog\/lengyel-zsofi-aranyvilla-dij\/\",\"name\":\"Interj\u00fa Lengyel Zs\u00f3fi Aranyvilla d\u00edjassal - \u0160koda We Love Cycling - Magyarorsz\u00e1g\",\"isPartOf\":{\"@id\":\"https:\/\/www.welovecycling.com\/hu\/#website\"},\"primaryImageOfPage\":{\"@id\":\"https:\/\/www.welovecycling.com\/hu\/blog\/lengyel-zsofi-aranyvilla-dij\/#primaryimage\"},\"image\":{\"@id\":\"https:\/\/www.welovecycling.com\/hu\/blog\/lengyel-zsofi-aranyvilla-dij\/#primaryimage\"},\"thumbnailUrl\":\"https:\/\/d2p6e6u75xmxt8.cloudfront.net\/12\/2018\/09\/LenygyelZsofi.jpg\",\"datePublished\":\"2018-09-11T13:05:40+00:00\",\"dateModified\":\"2018-09-11T13:12:10+00:00\",\"author\":{\"@id\":\"https:\/\/www.welovecycling.com\/hu\/#\/schema\/person\/414a2aebf1801691a5320edb6468e194\"},\"description\":\"Nagyon sokan egy igazi h\u0151snek tartj\u00e1k, nem v\u00e9letlen\u00fcl. Lengyel Zs\u00f3fi paraker\u00e9kp\u00e1ros az \u00faj Aranyvilla d\u00edjasunk, ismerj\u00e9tek meg \u0151t!\",\"breadcrumb\":{\"@id\":\"https:\/\/www.welovecycling.com\/hu\/blog\/lengyel-zsofi-aranyvilla-dij\/#breadcrumb\"},\"inLanguage\":\"hu\",\"potentialAction\":[{\"@type\":\"ReadAction\",\"target\":[\"https:\/\/www.welovecycling.com\/hu\/blog\/lengyel-zsofi-aranyvilla-dij\/\"]}]},{\"@type\":\"ImageObject\",\"inLanguage\":\"hu\",\"@id\":\"https:\/\/www.welovecycling.com\/hu\/blog\/lengyel-zsofi-aranyvilla-dij\/#primaryimage\",\"url\":\"https:\/\/d2p6e6u75xmxt8.cloudfront.net\/12\/2018\/09\/LenygyelZsofi.jpg\",\"contentUrl\":\"https:\/\/d2p6e6u75xmxt8.cloudfront.net\/12\/2018\/09\/LenygyelZsofi.jpg\",\"width\":1920,\"height\":838},{\"@type\":\"BreadcrumbList\",\"@id\":\"https:\/\/www.welovecycling.com\/hu\/blog\/lengyel-zsofi-aranyvilla-dij\/#breadcrumb\",\"itemListElement\":[{\"@type\":\"ListItem\",\"position\":1,\"name\":\"Home\",\"item\":\"https:\/\/www.welovecycling.com\/hu\/\"},{\"@type\":\"ListItem\",\"position\":2,\"name\":\"Interj\u00fa Lengyel Zs\u00f3fi Aranyvilla d\u00edjassal\"}]},{\"@type\":\"WebSite\",\"@id\":\"https:\/\/www.welovecycling.com\/hu\/#website\",\"url\":\"https:\/\/www.welovecycling.com\/hu\/\",\"name\":\"\u0160koda We Love Cycling - Magyarorsz\u00e1g\",\"description\":\"\u0160koda WeLoveCycling\",\"potentialAction\":[{\"@type\":\"SearchAction\",\"target\":{\"@type\":\"EntryPoint\",\"urlTemplate\":\"https:\/\/www.welovecycling.com\/hu\/?s={search_term_string}\"},\"query-input\":{\"@type\":\"PropertyValueSpecification\",\"valueRequired\":true,\"valueName\":\"search_term_string\"}}],\"inLanguage\":\"hu\"},{\"@type\":\"Person\",\"@id\":\"https:\/\/www.welovecycling.com\/hu\/#\/schema\/person\/414a2aebf1801691a5320edb6468e194\",\"name\":\"hegyizs\",\"image\":{\"@type\":\"ImageObject\",\"inLanguage\":\"hu\",\"@id\":\"https:\/\/www.welovecycling.com\/hu\/#\/schema\/person\/image\/\",\"url\":\"https:\/\/secure.gravatar.com\/avatar\/02cf8a7906b8cf90cecb4679defac7cfd33a1c2e3b88e4903d947f3bb58eedd3?s=96&d=mm&r=g\",\"contentUrl\":\"https:\/\/secure.gravatar.com\/avatar\/02cf8a7906b8cf90cecb4679defac7cfd33a1c2e3b88e4903d947f3bb58eedd3?s=96&d=mm&r=g\",\"caption\":\"hegyizs\"},\"url\":\"https:\/\/www.welovecycling.com\/hu\/author\/hegyizs\/\"}]}<\/script>\n<!-- \/ Yoast SEO Premium plugin. -->","yoast_head_json":{"title":"Interj\u00fa Lengyel Zs\u00f3fi Aranyvilla d\u00edjassal - \u0160koda We Love Cycling - Magyarorsz\u00e1g","description":"Nagyon sokan egy igazi h\u0151snek tartj\u00e1k, nem v\u00e9letlen\u00fcl. Lengyel Zs\u00f3fi paraker\u00e9kp\u00e1ros az \u00faj Aranyvilla d\u00edjasunk, ismerj\u00e9tek meg \u0151t!","robots":{"index":"index","follow":"follow","max-snippet":"max-snippet:-1","max-image-preview":"max-image-preview:large","max-video-preview":"max-video-preview:-1"},"canonical":"https:\/\/www.welovecycling.com\/hu\/blog\/lengyel-zsofi-aranyvilla-dij\/","og_locale":"hu_HU","og_type":"article","og_title":"Interj\u00fa Lengyel Zs\u00f3fi Aranyvilla d\u00edjassal","og_description":"Nagyon sokan egy igazi h\u0151snek tartj\u00e1k, nem v\u00e9letlen\u00fcl. Lengyel Zs\u00f3fi paraker\u00e9kp\u00e1ros az \u00faj Aranyvilla d\u00edjasunk, ismerj\u00e9tek meg \u0151t!","og_url":"https:\/\/www.welovecycling.com\/hu\/blog\/lengyel-zsofi-aranyvilla-dij\/","og_site_name":"\u0160koda We Love Cycling - Magyarorsz\u00e1g","article_publisher":"https:\/\/www.facebook.com\/WeLoveCyclingHungary\/","article_published_time":"2018-09-11T13:05:40+00:00","article_modified_time":"2018-09-11T13:12:10+00:00","og_image":[{"width":1920,"height":838,"url":"https:\/\/d2p6e6u75xmxt8.cloudfront.net\/12\/2018\/09\/LenygyelZsofi.jpg","type":"image\/jpeg"}],"author":"hegyizs","twitter_card":"summary_large_image","twitter_misc":{"Written by":"hegyizs","Est. reading time":"6 minutes"},"schema":{"@context":"https:\/\/schema.org","@graph":[{"@type":"WebPage","@id":"https:\/\/www.welovecycling.com\/hu\/blog\/lengyel-zsofi-aranyvilla-dij\/","url":"https:\/\/www.welovecycling.com\/hu\/blog\/lengyel-zsofi-aranyvilla-dij\/","name":"Interj\u00fa Lengyel Zs\u00f3fi Aranyvilla d\u00edjassal - \u0160koda We Love Cycling - Magyarorsz\u00e1g","isPartOf":{"@id":"https:\/\/www.welovecycling.com\/hu\/#website"},"primaryImageOfPage":{"@id":"https:\/\/www.welovecycling.com\/hu\/blog\/lengyel-zsofi-aranyvilla-dij\/#primaryimage"},"image":{"@id":"https:\/\/www.welovecycling.com\/hu\/blog\/lengyel-zsofi-aranyvilla-dij\/#primaryimage"},"thumbnailUrl":"https:\/\/d2p6e6u75xmxt8.cloudfront.net\/12\/2018\/09\/LenygyelZsofi.jpg","datePublished":"2018-09-11T13:05:40+00:00","dateModified":"2018-09-11T13:12:10+00:00","author":{"@id":"https:\/\/www.welovecycling.com\/hu\/#\/schema\/person\/414a2aebf1801691a5320edb6468e194"},"description":"Nagyon sokan egy igazi h\u0151snek tartj\u00e1k, nem v\u00e9letlen\u00fcl. Lengyel Zs\u00f3fi paraker\u00e9kp\u00e1ros az \u00faj Aranyvilla d\u00edjasunk, ismerj\u00e9tek meg \u0151t!","breadcrumb":{"@id":"https:\/\/www.welovecycling.com\/hu\/blog\/lengyel-zsofi-aranyvilla-dij\/#breadcrumb"},"inLanguage":"hu","potentialAction":[{"@type":"ReadAction","target":["https:\/\/www.welovecycling.com\/hu\/blog\/lengyel-zsofi-aranyvilla-dij\/"]}]},{"@type":"ImageObject","inLanguage":"hu","@id":"https:\/\/www.welovecycling.com\/hu\/blog\/lengyel-zsofi-aranyvilla-dij\/#primaryimage","url":"https:\/\/d2p6e6u75xmxt8.cloudfront.net\/12\/2018\/09\/LenygyelZsofi.jpg","contentUrl":"https:\/\/d2p6e6u75xmxt8.cloudfront.net\/12\/2018\/09\/LenygyelZsofi.jpg","width":1920,"height":838},{"@type":"BreadcrumbList","@id":"https:\/\/www.welovecycling.com\/hu\/blog\/lengyel-zsofi-aranyvilla-dij\/#breadcrumb","itemListElement":[{"@type":"ListItem","position":1,"name":"Home","item":"https:\/\/www.welovecycling.com\/hu\/"},{"@type":"ListItem","position":2,"name":"Interj\u00fa Lengyel Zs\u00f3fi Aranyvilla d\u00edjassal"}]},{"@type":"WebSite","@id":"https:\/\/www.welovecycling.com\/hu\/#website","url":"https:\/\/www.welovecycling.com\/hu\/","name":"\u0160koda We Love Cycling - Magyarorsz\u00e1g","description":"\u0160koda WeLoveCycling","potentialAction":[{"@type":"SearchAction","target":{"@type":"EntryPoint","urlTemplate":"https:\/\/www.welovecycling.com\/hu\/?s={search_term_string}"},"query-input":{"@type":"PropertyValueSpecification","valueRequired":true,"valueName":"search_term_string"}}],"inLanguage":"hu"},{"@type":"Person","@id":"https:\/\/www.welovecycling.com\/hu\/#\/schema\/person\/414a2aebf1801691a5320edb6468e194","name":"hegyizs","image":{"@type":"ImageObject","inLanguage":"hu","@id":"https:\/\/www.welovecycling.com\/hu\/#\/schema\/person\/image\/","url":"https:\/\/secure.gravatar.com\/avatar\/02cf8a7906b8cf90cecb4679defac7cfd33a1c2e3b88e4903d947f3bb58eedd3?s=96&d=mm&r=g","contentUrl":"https:\/\/secure.gravatar.com\/avatar\/02cf8a7906b8cf90cecb4679defac7cfd33a1c2e3b88e4903d947f3bb58eedd3?s=96&d=mm&r=g","caption":"hegyizs"},"url":"https:\/\/www.welovecycling.com\/hu\/author\/hegyizs\/"}]}},"_links":{"self":[{"href":"https:\/\/www.welovecycling.com\/hu\/wp-json\/wp\/v2\/posts\/1779","targetHints":{"allow":["GET"]}}],"collection":[{"href":"https:\/\/www.welovecycling.com\/hu\/wp-json\/wp\/v2\/posts"}],"about":[{"href":"https:\/\/www.welovecycling.com\/hu\/wp-json\/wp\/v2\/types\/post"}],"author":[{"embeddable":true,"href":"https:\/\/www.welovecycling.com\/hu\/wp-json\/wp\/v2\/users\/71"}],"replies":[{"embeddable":true,"href":"https:\/\/www.welovecycling.com\/hu\/wp-json\/wp\/v2\/comments?post=1779"}],"version-history":[{"count":2,"href":"https:\/\/www.welovecycling.com\/hu\/wp-json\/wp\/v2\/posts\/1779\/revisions"}],"predecessor-version":[{"id":1786,"href":"https:\/\/www.welovecycling.com\/hu\/wp-json\/wp\/v2\/posts\/1779\/revisions\/1786"}],"wp:featuredmedia":[{"embeddable":true,"href":"https:\/\/www.welovecycling.com\/hu\/wp-json\/wp\/v2\/media\/1770"}],"wp:attachment":[{"href":"https:\/\/www.welovecycling.com\/hu\/wp-json\/wp\/v2\/media?parent=1779"}],"wp:term":[{"taxonomy":"category","embeddable":true,"href":"https:\/\/www.welovecycling.com\/hu\/wp-json\/wp\/v2\/categories?post=1779"},{"taxonomy":"post_tag","embeddable":true,"href":"https:\/\/www.welovecycling.com\/hu\/wp-json\/wp\/v2\/tags?post=1779"},{"taxonomy":"global-categories","embeddable":true,"href":"https:\/\/www.welovecycling.com\/hu\/wp-json\/wp\/v2\/global-categories?post=1779"}],"curies":[{"name":"wp","href":"https:\/\/api.w.org\/{rel}","templated":true}]}}