{"id":17787,"date":"2023-08-19T08:00:07","date_gmt":"2023-08-19T06:00:07","guid":{"rendered":"https:\/\/www.welovecycling.com\/hu\/?p=17787"},"modified":"2023-08-11T15:08:54","modified_gmt":"2023-08-11T13:08:54","slug":"mennyit-keresnek-a-tour-de-france-versenyzoi","status":"publish","type":"post","link":"https:\/\/www.welovecycling.com\/hu\/orszaguti-kerekpar\/mennyit-keresnek-a-tour-de-france-versenyzoi\/","title":{"rendered":"Mennyit keresnek a Tour de France versenyz\u0151i?"},"content":{"rendered":"<p><strong>A Tour de France a f\u00f6ldkereks\u00e9g legnagyobb ker\u00e9kp\u00e1rversenye, a legjobb versenyz\u0151ket vonultatja fel a vil\u00e1g minden t\u00e1j\u00e1r\u00f3l, akik 21 szakaszon \u00e1t feszegetik elm\u00e9j\u00fck \u00e9s test\u00fck hat\u00e1rait a szakaszgy\u0151zelmek, a sprintpontok \u00e9s a dics\u0151s\u00e9ges s\u00e1rga trik\u00f3 elnyer\u00e9s\u00e9\u00e9rt. De mennyit \u00e9rnek ezek a leny\u0171g\u00f6z\u0151 er\u0151fesz\u00edt\u00e9sek?<\/strong><!--more--><\/p>\n<p>Miel\u0151tt r\u00e9szletezn\u00e9nk a versenyz\u0151k egyedi \u201cfizets\u00e9g\u00e9t\u201d, fontos megjegyezni, hogy mennyi p\u00e9nz volt egy\u00e1ltal\u00e1n elnyerhet\u0151: az \u00f6sszesen 2,8 milli\u00f3 doll\u00e1ros \u00f6sszd\u00edjaz\u00e1si alapb\u00f3l a legnagyobb r\u00e9sz a legjobb versenyz\u0151knek \u00e9s csapatoknak j\u00e1r.<\/p>\n<h2><strong>Mutasd a l\u00f3v\u00e9t!<\/strong><\/h2>\n<p>Az \u00f6sszetett verseny\u00a0 legjobb 20 versenyz\u0151je kapta a legnagyobb jutalmakat. A gy\u0151ztes \u00e9s a s\u00e1rga trik\u00f3 tulajdonosa, aki m\u00e1r m\u00e1sodik \u00e9ve Jonas Vingegaard (Jumbo Visma), 540 000 doll\u00e1rt keresett.<\/p>\n<figure id=\"attachment_17789\" aria-describedby=\"caption-attachment-17789\" style=\"width: 1024px\" class=\"wp-caption alignnone\"><img loading=\"lazy\" decoding=\"async\" class=\"size-large wp-image-17789\" src=\"https:\/\/d2p6e6u75xmxt8.cloudfront.net\/12\/2023\/08\/Tour-de-France-2023-Jonas-Vingegaard-evoque-sa-fille-de-deux-ans-au-moment-ou-il-est-interroge-sur-un-eventuel-dopage-1024x768.webp\" alt=\"\" width=\"1024\" height=\"768\" srcset=\"https:\/\/d2p6e6u75xmxt8.cloudfront.net\/12\/2023\/08\/Tour-de-France-2023-Jonas-Vingegaard-evoque-sa-fille-de-deux-ans-au-moment-ou-il-est-interroge-sur-un-eventuel-dopage-1024x768.webp 1024w, https:\/\/d2p6e6u75xmxt8.cloudfront.net\/12\/2023\/08\/Tour-de-France-2023-Jonas-Vingegaard-evoque-sa-fille-de-deux-ans-au-moment-ou-il-est-interroge-sur-un-eventuel-dopage-300x225.webp 300w, https:\/\/d2p6e6u75xmxt8.cloudfront.net\/12\/2023\/08\/Tour-de-France-2023-Jonas-Vingegaard-evoque-sa-fille-de-deux-ans-au-moment-ou-il-est-interroge-sur-un-eventuel-dopage-768x576.webp 768w, https:\/\/d2p6e6u75xmxt8.cloudfront.net\/12\/2023\/08\/Tour-de-France-2023-Jonas-Vingegaard-evoque-sa-fille-de-deux-ans-au-moment-ou-il-est-interroge-sur-un-eventuel-dopage-400x300.webp 400w, https:\/\/d2p6e6u75xmxt8.cloudfront.net\/12\/2023\/08\/Tour-de-France-2023-Jonas-Vingegaard-evoque-sa-fille-de-deux-ans-au-moment-ou-il-est-interroge-sur-un-eventuel-dopage.webp 1200w\" sizes=\"auto, (max-width: 1024px) 100vw, 1024px\" \/><figcaption id=\"caption-attachment-17789\" class=\"wp-caption-text\">A 2023-as gy\u0151ztes, Jonas Vingegaard a dobog\u00f3n. Fot\u00f3: public.fr<\/figcaption><\/figure>\n<p>A m\u00e1sodik helyezett, Tadej Poga\u010dar (UAE Team Emirates) k\u00f6r\u00fclbel\u00fcl 200 000 doll\u00e1rt kapott, m\u00edg csapatt\u00e1rsa \u00e9s a harmadik helyen v\u00e9gz\u0151 Adam Yates k\u00f6r\u00fclbel\u00fcl 100 000 doll\u00e1rt.<\/p>\n<p>A 21. \u00e9s 160. helyezett k\u00f6z\u00f6tt c\u00e9lba \u00e9rkez\u0151 versenyz\u0151k 1 000 eur\u00f3t kapnak.<\/p>\n<p>Az \u00f6sszetett verseny gy\u0151ztesein fel\u00fcl a szakaszgy\u0151ztesek k\u00fcl\u00f6n jutalmat kapnak. Az els\u0151 versenyz\u0151nek, aki \u00e1thalad a c\u00e9lvonalon minden etapon k\u00f6r\u00fclbel\u00fcl 12 000 doll\u00e1r \u00fcti a mark\u00e1t. A kifizet\u00e9sek fokozatosan cs\u00f6kkennek, a 20. helyezett k\u00f6r\u00fclbel\u00fcl 329 doll\u00e1rt keres.<\/p>\n<p>Azok a versenyz\u0151k, akik sz\u00ednes trik\u00f3t szereznek, tov\u00e1bbi jutalmat kapnak. A z\u00f6ld (sprinter) trik\u00f3t nyertese, Jasper Philipsen (Alpecin\u2013Deceuninck), aka &#8220;Jasper the Master&#8221;, \u00e9s a p\u00f6tty\u00f6s (Hegyek Kir\u00e1lya) trik\u00f3t tulajdonosa, Giulio Ciccone (Lidl\u2013Trek) mindketten 27 000 doll\u00e1rt vihettek haza. A m\u00e1sodik \u00e9s harmadik helyezettek is jutalomban r\u00e9szes\u00fclnek, k\u00f6r\u00fclbel\u00fcl 16 000 \u00e9s 10 900 doll\u00e1r k\u00f6z\u00f6tt.<\/p>\n<p>Az 25 \u00e9v alatti versenyz\u0151k jogosultak a feh\u00e9r trik\u00f3 megszerz\u00e9s\u00e9re, id\u00e9n Poga\u010dar negyedik alkalommal viselte a mezt. A jutalma k\u00f6r\u00fclbel\u00fcl 22 000 doll\u00e1r volt. A legjobb n\u00e9gy fiatal versenyz\u0151nek is j\u00e1r fizets\u00e9g, a negyedik helyezett k\u00f6r\u00fclbel\u00fcl 5 400 doll\u00e1rt keres.<\/p>\n<figure id=\"attachment_17790\" aria-describedby=\"caption-attachment-17790\" style=\"width: 980px\" class=\"wp-caption alignnone\"><img loading=\"lazy\" decoding=\"async\" class=\"size-full wp-image-17790\" src=\"https:\/\/d2p6e6u75xmxt8.cloudfront.net\/12\/2023\/08\/AP23203548304927.webp\" alt=\"\" width=\"980\" height=\"551\" srcset=\"https:\/\/d2p6e6u75xmxt8.cloudfront.net\/12\/2023\/08\/AP23203548304927.webp 980w, https:\/\/d2p6e6u75xmxt8.cloudfront.net\/12\/2023\/08\/AP23203548304927-300x169.webp 300w, https:\/\/d2p6e6u75xmxt8.cloudfront.net\/12\/2023\/08\/AP23203548304927-768x432.webp 768w, https:\/\/d2p6e6u75xmxt8.cloudfront.net\/12\/2023\/08\/AP23203548304927-400x225.webp 400w\" sizes=\"auto, (max-width: 980px) 100vw, 980px\" \/><figcaption id=\"caption-attachment-17790\" class=\"wp-caption-text\">Poga\u010dar a 2023-as Tour-on. Fot\u00f3: france24.com<\/figcaption><\/figure>\n<p>Ezenk\u00edv\u00fcl azok a versenyz\u0151k, akik sokat t\u00e1madnak a &#8220;legagressz\u00edvabb versenyz\u0151&#8221; elismer\u00e9sben r\u00e9szes\u00fclhetnek, ami a piros trik\u00f3t \u00e9s 21 900 doll\u00e1rt jelent.<\/p>\n<p>V\u00e9g\u00fcl a Tour legjobb h\u00e1rom csapat\u00e1nak is jut a tort\u00e1b\u00f3l egy-egy szelet. Id\u00e9n a Jumbo-Visma vette \u00e1t a legnagyobb elismer\u00e9st, t\u00f6bb mint 50 000 doll\u00e1rral egy\u00fctt. Az UAE Team Emirates csapata m\u00e1sodik helyezett lett, ami mintegy 30 000 doll\u00e1rral j\u00e1rt, \u00e9s az Ineos Grenadiers lett a harmadik, majdnem 22 000 doll\u00e1rt kaparintva meg.<\/p>\n<p><em>Forr\u00e1s: <\/em><a href=\"https:\/\/www.bicycling.com\/tour-de-france\/a44673607\/how-much-do-tour-de-france-riders-make\/\"><em>bicycling.com\/tour-de-france<\/em><\/a><\/p>\n","protected":false},"excerpt":{"rendered":"<p>A Tour de France a f\u00f6ldkereks\u00e9g legnagyobb ker\u00e9kp\u00e1rversenye, a legjobb versenyz\u0151ket vonultatja fel a vil\u00e1g minden t\u00e1j\u00e1r\u00f3l, akik 21 szakaszon [&hellip;]<\/p>\n","protected":false},"author":71,"featured_media":17788,"comment_status":"open","ping_status":"open","sticky":false,"template":"","format":"standard","meta":{"footnotes":""},"categories":[8],"tags":[],"global-categories":[],"class_list":["post-17787","post","type-post","status-publish","format-standard","has-post-thumbnail","hentry","category-orszaguti-kerekpar"],"yoast_head":"<!-- This site is optimized with the Yoast SEO Premium plugin v25.3 (Yoast SEO v25.9) - https:\/\/yoast.com\/wordpress\/plugins\/seo\/ -->\n<title>Mennyit keresnek a Tour de France versenyz\u0151i?<\/title>\n<meta name=\"description\" content=\"A Tour de France a f\u00f6ldkereks\u00e9g legnagyobb ker\u00e9kp\u00e1rversenye, a legjobb versenyz\u0151ket vonultatja fel a vil\u00e1g minden t\u00e1j\u00e1r\u00f3l, akik 21 szakaszon \u00e1t feszegetik elm\u00e9j\u00fck \u00e9s test\u00fck hat\u00e1rait a szakaszgy\u0151zelmek, a sprintpontok \u00e9s a dics\u0151s\u00e9ges s\u00e1rga trik\u00f3 elnyer\u00e9s\u00e9\u00e9rt. De mennyit \u00e9rnek ezek a leny\u0171g\u00f6z\u0151 er\u0151fesz\u00edt\u00e9sek?\" \/>\n<meta name=\"robots\" content=\"index, follow, max-snippet:-1, max-image-preview:large, max-video-preview:-1\" \/>\n<link rel=\"canonical\" href=\"https:\/\/www.welovecycling.com\/hu\/orszaguti-kerekpar\/mennyit-keresnek-a-tour-de-france-versenyzoi\/\" \/>\n<meta property=\"og:locale\" content=\"hu_HU\" \/>\n<meta property=\"og:type\" content=\"article\" \/>\n<meta property=\"og:title\" content=\"Mennyit keresnek a Tour de France versenyz\u0151i?\" \/>\n<meta property=\"og:description\" content=\"A Tour de France a f\u00f6ldkereks\u00e9g legnagyobb ker\u00e9kp\u00e1rversenye, a legjobb versenyz\u0151ket vonultatja fel a vil\u00e1g minden t\u00e1j\u00e1r\u00f3l, akik 21 szakaszon \u00e1t feszegetik elm\u00e9j\u00fck \u00e9s test\u00fck hat\u00e1rait a szakaszgy\u0151zelmek, a sprintpontok \u00e9s a dics\u0151s\u00e9ges s\u00e1rga trik\u00f3 elnyer\u00e9s\u00e9\u00e9rt. De mennyit \u00e9rnek ezek a leny\u0171g\u00f6z\u0151 er\u0151fesz\u00edt\u00e9sek?\" \/>\n<meta property=\"og:url\" content=\"https:\/\/www.welovecycling.com\/hu\/orszaguti-kerekpar\/mennyit-keresnek-a-tour-de-france-versenyzoi\/\" \/>\n<meta property=\"og:site_name\" content=\"\u0160koda We Love Cycling - Magyarorsz\u00e1g\" \/>\n<meta property=\"article:publisher\" content=\"https:\/\/www.facebook.com\/WeLoveCyclingHungary\/\" \/>\n<meta property=\"article:published_time\" content=\"2023-08-19T06:00:07+00:00\" \/>\n<meta property=\"og:image\" content=\"https:\/\/d2p6e6u75xmxt8.cloudfront.net\/12\/2023\/08\/markus-spiske-d40eRJgl500-unsplash.webp\" \/>\n\t<meta property=\"og:image:width\" content=\"1920\" \/>\n\t<meta property=\"og:image:height\" content=\"1280\" \/>\n\t<meta property=\"og:image:type\" content=\"image\/webp\" \/>\n<meta name=\"author\" content=\"hegyizs\" \/>\n<meta name=\"twitter:card\" content=\"summary_large_image\" \/>\n<meta name=\"twitter:label1\" content=\"Written by\" \/>\n\t<meta name=\"twitter:data1\" content=\"WLC\" \/>\n\t<meta name=\"twitter:label2\" content=\"Est. reading time\" \/>\n\t<meta name=\"twitter:data2\" content=\"3 minutes\" \/>\n<script type=\"application\/ld+json\" class=\"yoast-schema-graph\">{\"@context\":\"https:\/\/schema.org\",\"@graph\":[{\"@type\":\"WebPage\",\"@id\":\"https:\/\/www.welovecycling.com\/hu\/orszaguti-kerekpar\/mennyit-keresnek-a-tour-de-france-versenyzoi\/\",\"url\":\"https:\/\/www.welovecycling.com\/hu\/orszaguti-kerekpar\/mennyit-keresnek-a-tour-de-france-versenyzoi\/\",\"name\":\"Mennyit keresnek a Tour de France versenyz\u0151i?\",\"isPartOf\":{\"@id\":\"https:\/\/www.welovecycling.com\/hu\/#website\"},\"primaryImageOfPage\":{\"@id\":\"https:\/\/www.welovecycling.com\/hu\/orszaguti-kerekpar\/mennyit-keresnek-a-tour-de-france-versenyzoi\/#primaryimage\"},\"image\":{\"@id\":\"https:\/\/www.welovecycling.com\/hu\/orszaguti-kerekpar\/mennyit-keresnek-a-tour-de-france-versenyzoi\/#primaryimage\"},\"thumbnailUrl\":\"https:\/\/d2p6e6u75xmxt8.cloudfront.net\/12\/2023\/08\/markus-spiske-d40eRJgl500-unsplash.webp\",\"datePublished\":\"2023-08-19T06:00:07+00:00\",\"author\":{\"@id\":\"https:\/\/www.welovecycling.com\/hu\/#\/schema\/person\/414a2aebf1801691a5320edb6468e194\"},\"description\":\"A Tour de France a f\u00f6ldkereks\u00e9g legnagyobb ker\u00e9kp\u00e1rversenye, a legjobb versenyz\u0151ket vonultatja fel a vil\u00e1g minden t\u00e1j\u00e1r\u00f3l, akik 21 szakaszon \u00e1t feszegetik elm\u00e9j\u00fck \u00e9s test\u00fck hat\u00e1rait a szakaszgy\u0151zelmek, a sprintpontok \u00e9s a dics\u0151s\u00e9ges s\u00e1rga trik\u00f3 elnyer\u00e9s\u00e9\u00e9rt. De mennyit \u00e9rnek ezek a leny\u0171g\u00f6z\u0151 er\u0151fesz\u00edt\u00e9sek?\",\"breadcrumb\":{\"@id\":\"https:\/\/www.welovecycling.com\/hu\/orszaguti-kerekpar\/mennyit-keresnek-a-tour-de-france-versenyzoi\/#breadcrumb\"},\"inLanguage\":\"hu\",\"potentialAction\":[{\"@type\":\"ReadAction\",\"target\":[\"https:\/\/www.welovecycling.com\/hu\/orszaguti-kerekpar\/mennyit-keresnek-a-tour-de-france-versenyzoi\/\"]}]},{\"@type\":\"ImageObject\",\"inLanguage\":\"hu\",\"@id\":\"https:\/\/www.welovecycling.com\/hu\/orszaguti-kerekpar\/mennyit-keresnek-a-tour-de-france-versenyzoi\/#primaryimage\",\"url\":\"https:\/\/d2p6e6u75xmxt8.cloudfront.net\/12\/2023\/08\/markus-spiske-d40eRJgl500-unsplash.webp\",\"contentUrl\":\"https:\/\/d2p6e6u75xmxt8.cloudfront.net\/12\/2023\/08\/markus-spiske-d40eRJgl500-unsplash.webp\",\"width\":1920,\"height\":1280},{\"@type\":\"BreadcrumbList\",\"@id\":\"https:\/\/www.welovecycling.com\/hu\/orszaguti-kerekpar\/mennyit-keresnek-a-tour-de-france-versenyzoi\/#breadcrumb\",\"itemListElement\":[{\"@type\":\"ListItem\",\"position\":1,\"name\":\"Home\",\"item\":\"https:\/\/www.welovecycling.com\/hu\/\"},{\"@type\":\"ListItem\",\"position\":2,\"name\":\"Mennyit keresnek a Tour de France versenyz\u0151i?\"}]},{\"@type\":\"WebSite\",\"@id\":\"https:\/\/www.welovecycling.com\/hu\/#website\",\"url\":\"https:\/\/www.welovecycling.com\/hu\/\",\"name\":\"\u0160koda We Love Cycling - Magyarorsz\u00e1g\",\"description\":\"\u0160koda WeLoveCycling\",\"potentialAction\":[{\"@type\":\"SearchAction\",\"target\":{\"@type\":\"EntryPoint\",\"urlTemplate\":\"https:\/\/www.welovecycling.com\/hu\/?s={search_term_string}\"},\"query-input\":{\"@type\":\"PropertyValueSpecification\",\"valueRequired\":true,\"valueName\":\"search_term_string\"}}],\"inLanguage\":\"hu\"},{\"@type\":\"Person\",\"@id\":\"https:\/\/www.welovecycling.com\/hu\/#\/schema\/person\/414a2aebf1801691a5320edb6468e194\",\"name\":\"hegyizs\",\"image\":{\"@type\":\"ImageObject\",\"inLanguage\":\"hu\",\"@id\":\"https:\/\/www.welovecycling.com\/hu\/#\/schema\/person\/image\/\",\"url\":\"https:\/\/secure.gravatar.com\/avatar\/02cf8a7906b8cf90cecb4679defac7cfd33a1c2e3b88e4903d947f3bb58eedd3?s=96&d=mm&r=g\",\"contentUrl\":\"https:\/\/secure.gravatar.com\/avatar\/02cf8a7906b8cf90cecb4679defac7cfd33a1c2e3b88e4903d947f3bb58eedd3?s=96&d=mm&r=g\",\"caption\":\"hegyizs\"},\"url\":\"https:\/\/www.welovecycling.com\/hu\/author\/hegyizs\/\"}]}<\/script>\n<!-- \/ Yoast SEO Premium plugin. -->","yoast_head_json":{"title":"Mennyit keresnek a Tour de France versenyz\u0151i?","description":"A Tour de France a f\u00f6ldkereks\u00e9g legnagyobb ker\u00e9kp\u00e1rversenye, a legjobb versenyz\u0151ket vonultatja fel a vil\u00e1g minden t\u00e1j\u00e1r\u00f3l, akik 21 szakaszon \u00e1t feszegetik elm\u00e9j\u00fck \u00e9s test\u00fck hat\u00e1rait a szakaszgy\u0151zelmek, a sprintpontok \u00e9s a dics\u0151s\u00e9ges s\u00e1rga trik\u00f3 elnyer\u00e9s\u00e9\u00e9rt. De mennyit \u00e9rnek ezek a leny\u0171g\u00f6z\u0151 er\u0151fesz\u00edt\u00e9sek?","robots":{"index":"index","follow":"follow","max-snippet":"max-snippet:-1","max-image-preview":"max-image-preview:large","max-video-preview":"max-video-preview:-1"},"canonical":"https:\/\/www.welovecycling.com\/hu\/orszaguti-kerekpar\/mennyit-keresnek-a-tour-de-france-versenyzoi\/","og_locale":"hu_HU","og_type":"article","og_title":"Mennyit keresnek a Tour de France versenyz\u0151i?","og_description":"A Tour de France a f\u00f6ldkereks\u00e9g legnagyobb ker\u00e9kp\u00e1rversenye, a legjobb versenyz\u0151ket vonultatja fel a vil\u00e1g minden t\u00e1j\u00e1r\u00f3l, akik 21 szakaszon \u00e1t feszegetik elm\u00e9j\u00fck \u00e9s test\u00fck hat\u00e1rait a szakaszgy\u0151zelmek, a sprintpontok \u00e9s a dics\u0151s\u00e9ges s\u00e1rga trik\u00f3 elnyer\u00e9s\u00e9\u00e9rt. De mennyit \u00e9rnek ezek a leny\u0171g\u00f6z\u0151 er\u0151fesz\u00edt\u00e9sek?","og_url":"https:\/\/www.welovecycling.com\/hu\/orszaguti-kerekpar\/mennyit-keresnek-a-tour-de-france-versenyzoi\/","og_site_name":"\u0160koda We Love Cycling - Magyarorsz\u00e1g","article_publisher":"https:\/\/www.facebook.com\/WeLoveCyclingHungary\/","article_published_time":"2023-08-19T06:00:07+00:00","og_image":[{"width":1920,"height":1280,"url":"https:\/\/d2p6e6u75xmxt8.cloudfront.net\/12\/2023\/08\/markus-spiske-d40eRJgl500-unsplash.webp","type":"image\/webp"}],"author":"hegyizs","twitter_card":"summary_large_image","twitter_misc":{"Written by":"WLC","Est. reading time":"3 minutes"},"schema":{"@context":"https:\/\/schema.org","@graph":[{"@type":"WebPage","@id":"https:\/\/www.welovecycling.com\/hu\/orszaguti-kerekpar\/mennyit-keresnek-a-tour-de-france-versenyzoi\/","url":"https:\/\/www.welovecycling.com\/hu\/orszaguti-kerekpar\/mennyit-keresnek-a-tour-de-france-versenyzoi\/","name":"Mennyit keresnek a Tour de France versenyz\u0151i?","isPartOf":{"@id":"https:\/\/www.welovecycling.com\/hu\/#website"},"primaryImageOfPage":{"@id":"https:\/\/www.welovecycling.com\/hu\/orszaguti-kerekpar\/mennyit-keresnek-a-tour-de-france-versenyzoi\/#primaryimage"},"image":{"@id":"https:\/\/www.welovecycling.com\/hu\/orszaguti-kerekpar\/mennyit-keresnek-a-tour-de-france-versenyzoi\/#primaryimage"},"thumbnailUrl":"https:\/\/d2p6e6u75xmxt8.cloudfront.net\/12\/2023\/08\/markus-spiske-d40eRJgl500-unsplash.webp","datePublished":"2023-08-19T06:00:07+00:00","author":{"@id":"https:\/\/www.welovecycling.com\/hu\/#\/schema\/person\/414a2aebf1801691a5320edb6468e194"},"description":"A Tour de France a f\u00f6ldkereks\u00e9g legnagyobb ker\u00e9kp\u00e1rversenye, a legjobb versenyz\u0151ket vonultatja fel a vil\u00e1g minden t\u00e1j\u00e1r\u00f3l, akik 21 szakaszon \u00e1t feszegetik elm\u00e9j\u00fck \u00e9s test\u00fck hat\u00e1rait a szakaszgy\u0151zelmek, a sprintpontok \u00e9s a dics\u0151s\u00e9ges s\u00e1rga trik\u00f3 elnyer\u00e9s\u00e9\u00e9rt. De mennyit \u00e9rnek ezek a leny\u0171g\u00f6z\u0151 er\u0151fesz\u00edt\u00e9sek?","breadcrumb":{"@id":"https:\/\/www.welovecycling.com\/hu\/orszaguti-kerekpar\/mennyit-keresnek-a-tour-de-france-versenyzoi\/#breadcrumb"},"inLanguage":"hu","potentialAction":[{"@type":"ReadAction","target":["https:\/\/www.welovecycling.com\/hu\/orszaguti-kerekpar\/mennyit-keresnek-a-tour-de-france-versenyzoi\/"]}]},{"@type":"ImageObject","inLanguage":"hu","@id":"https:\/\/www.welovecycling.com\/hu\/orszaguti-kerekpar\/mennyit-keresnek-a-tour-de-france-versenyzoi\/#primaryimage","url":"https:\/\/d2p6e6u75xmxt8.cloudfront.net\/12\/2023\/08\/markus-spiske-d40eRJgl500-unsplash.webp","contentUrl":"https:\/\/d2p6e6u75xmxt8.cloudfront.net\/12\/2023\/08\/markus-spiske-d40eRJgl500-unsplash.webp","width":1920,"height":1280},{"@type":"BreadcrumbList","@id":"https:\/\/www.welovecycling.com\/hu\/orszaguti-kerekpar\/mennyit-keresnek-a-tour-de-france-versenyzoi\/#breadcrumb","itemListElement":[{"@type":"ListItem","position":1,"name":"Home","item":"https:\/\/www.welovecycling.com\/hu\/"},{"@type":"ListItem","position":2,"name":"Mennyit keresnek a Tour de France versenyz\u0151i?"}]},{"@type":"WebSite","@id":"https:\/\/www.welovecycling.com\/hu\/#website","url":"https:\/\/www.welovecycling.com\/hu\/","name":"\u0160koda We Love Cycling - Magyarorsz\u00e1g","description":"\u0160koda WeLoveCycling","potentialAction":[{"@type":"SearchAction","target":{"@type":"EntryPoint","urlTemplate":"https:\/\/www.welovecycling.com\/hu\/?s={search_term_string}"},"query-input":{"@type":"PropertyValueSpecification","valueRequired":true,"valueName":"search_term_string"}}],"inLanguage":"hu"},{"@type":"Person","@id":"https:\/\/www.welovecycling.com\/hu\/#\/schema\/person\/414a2aebf1801691a5320edb6468e194","name":"hegyizs","image":{"@type":"ImageObject","inLanguage":"hu","@id":"https:\/\/www.welovecycling.com\/hu\/#\/schema\/person\/image\/","url":"https:\/\/secure.gravatar.com\/avatar\/02cf8a7906b8cf90cecb4679defac7cfd33a1c2e3b88e4903d947f3bb58eedd3?s=96&d=mm&r=g","contentUrl":"https:\/\/secure.gravatar.com\/avatar\/02cf8a7906b8cf90cecb4679defac7cfd33a1c2e3b88e4903d947f3bb58eedd3?s=96&d=mm&r=g","caption":"hegyizs"},"url":"https:\/\/www.welovecycling.com\/hu\/author\/hegyizs\/"}]}},"_links":{"self":[{"href":"https:\/\/www.welovecycling.com\/hu\/wp-json\/wp\/v2\/posts\/17787","targetHints":{"allow":["GET"]}}],"collection":[{"href":"https:\/\/www.welovecycling.com\/hu\/wp-json\/wp\/v2\/posts"}],"about":[{"href":"https:\/\/www.welovecycling.com\/hu\/wp-json\/wp\/v2\/types\/post"}],"author":[{"embeddable":true,"href":"https:\/\/www.welovecycling.com\/hu\/wp-json\/wp\/v2\/users\/71"}],"replies":[{"embeddable":true,"href":"https:\/\/www.welovecycling.com\/hu\/wp-json\/wp\/v2\/comments?post=17787"}],"version-history":[{"count":1,"href":"https:\/\/www.welovecycling.com\/hu\/wp-json\/wp\/v2\/posts\/17787\/revisions"}],"predecessor-version":[{"id":17791,"href":"https:\/\/www.welovecycling.com\/hu\/wp-json\/wp\/v2\/posts\/17787\/revisions\/17791"}],"wp:featuredmedia":[{"embeddable":true,"href":"https:\/\/www.welovecycling.com\/hu\/wp-json\/wp\/v2\/media\/17788"}],"wp:attachment":[{"href":"https:\/\/www.welovecycling.com\/hu\/wp-json\/wp\/v2\/media?parent=17787"}],"wp:term":[{"taxonomy":"category","embeddable":true,"href":"https:\/\/www.welovecycling.com\/hu\/wp-json\/wp\/v2\/categories?post=17787"},{"taxonomy":"post_tag","embeddable":true,"href":"https:\/\/www.welovecycling.com\/hu\/wp-json\/wp\/v2\/tags?post=17787"},{"taxonomy":"global-categories","embeddable":true,"href":"https:\/\/www.welovecycling.com\/hu\/wp-json\/wp\/v2\/global-categories?post=17787"}],"curies":[{"name":"wp","href":"https:\/\/api.w.org\/{rel}","templated":true}]}}