{"id":17774,"date":"2023-08-14T08:00:59","date_gmt":"2023-08-14T06:00:59","guid":{"rendered":"https:\/\/www.welovecycling.com\/hu\/?p=17774"},"modified":"2023-08-11T15:06:29","modified_gmt":"2023-08-11T13:06:29","slug":"csaladi-kerekparos-nyaralas-szicilia-csodai","status":"publish","type":"post","link":"https:\/\/www.welovecycling.com\/hu\/csalad\/csaladi-kerekparos-nyaralas-szicilia-csodai\/","title":{"rendered":"Csal\u00e1di ker\u00e9kp\u00e1ros nyaral\u00e1s: Szic\u00edlia csod\u00e1i"},"content":{"rendered":"<p><strong>Szic\u00edlia gazdag t\u00f6rt\u00e9nelm\u00e9vel, v\u00e1ltozatos t\u00e1jaival \u00e9s \u00e9l\u00e9nk kultur\u00e1lis \u00e9let\u00e9vel leny\u0171g\u00f6z\u0151 helysz\u00ednt k\u00edn\u00e1l egy felejthetetlen csal\u00e1di ker\u00e9kp\u00e1ros nyaral\u00e1shoz. A napf\u00e9nyes partokt\u00f3l a lank\u00e1s dombokig \u00e9s leny\u0171g\u00f6z\u0151 hegyi \u00f6sv\u00e9nyekig, Szic\u00edlia minden ker\u00e9kp\u00e1rrajong\u00f3 sz\u00e1m\u00e1ra \u00e9lvezhet\u0151. Mer\u00fclj\u00fcnk el a r\u00e9szletekben!<\/strong><\/p>\n<p><!--more--><\/p>\n<h2 style=\"font-weight: 400;\"><strong>Palermo &#8211; Mondello (10 km)<\/strong><\/h2>\n<figure id=\"attachment_17775\" aria-describedby=\"caption-attachment-17775\" style=\"width: 990px\" class=\"wp-caption alignnone\"><a href=\"https:\/\/d2p6e6u75xmxt8.cloudfront.net\/12\/2023\/08\/Sicily-Mondello-profimedia-0702164369.webp\"><img loading=\"lazy\" decoding=\"async\" class=\"wp-image-17775 size-full\" src=\"https:\/\/d2p6e6u75xmxt8.cloudfront.net\/12\/2023\/08\/Sicily-Mondello-profimedia-0702164369.webp\" alt=\"Mondello, Sicily\" width=\"990\" height=\"660\" srcset=\"https:\/\/d2p6e6u75xmxt8.cloudfront.net\/12\/2023\/08\/Sicily-Mondello-profimedia-0702164369.webp 990w, https:\/\/d2p6e6u75xmxt8.cloudfront.net\/12\/2023\/08\/Sicily-Mondello-profimedia-0702164369-300x200.webp 300w, https:\/\/d2p6e6u75xmxt8.cloudfront.net\/12\/2023\/08\/Sicily-Mondello-profimedia-0702164369-768x512.webp 768w, https:\/\/d2p6e6u75xmxt8.cloudfront.net\/12\/2023\/08\/Sicily-Mondello-profimedia-0702164369-400x267.webp 400w, https:\/\/d2p6e6u75xmxt8.cloudfront.net\/12\/2023\/08\/Sicily-Mondello-profimedia-0702164369-272x182.webp 272w\" sizes=\"auto, (max-width: 990px) 100vw, 990px\" \/><\/a><figcaption id=\"caption-attachment-17775\" class=\"wp-caption-text\">\u00c9lvezd a tengerparti pihen\u0151t Mondell\u00f3ban. \u00a9 Profimedia<\/figcaption><\/figure>\n<p><strong>Aj\u00e1nlott koroszt\u00e1ly: 6 \u00e9ves \u00e9s id\u0151sebb gyermekek<\/strong><\/p>\n<p>Ez a var\u00e1zslatos \u00fatvonal a pezsg\u0151 Palerm\u00f3b\u00f3l vezet a gy\u00f6ny\u00f6r\u0171 tengerparti Mondell\u00f3 v\u00e1rosk\u00e1ba. Ahogy a v\u00e1ros t\u00f6rt\u00e9nelmi k\u00f6zpontj\u00e1n kereszt\u00fcl kerekezel, leny\u0171g\u00f6z\u0151 l\u00e1tnival\u00f3kkal fogsz tal\u00e1lkozni, mint amilyen p\u00e9ld\u00e1ul a Palerm\u00f3i Sz\u00e9kesegyh\u00e1z, miel\u0151tt l\u00e9legzetel\u00e1ll\u00edt\u00f3 tengerparti panor\u00e1m\u00e1k fel\u00e9 visz az utad. A 10 km hossz\u00fa, k\u00e9nyelmes \u00fatvonal ide\u00e1lis 6 \u00e9ves \u00e9s id\u0151sebb gyermekek sz\u00e1m\u00e1ra, rengeteg lehet\u0151s\u00e9ggel a tengerparti pihen\u00e9sre \u00e9s a helyi szic\u00edliai \u00e9telek megk\u00f3stol\u00e1s\u00e1ra az \u00fat sor\u00e1n.<\/p>\n<h2><strong>Agrigento &#8211; Templomok V\u00f6lgye (8 km)<\/strong><\/h2>\n<figure id=\"attachment_17776\" aria-describedby=\"caption-attachment-17776\" style=\"width: 990px\" class=\"wp-caption alignnone\"><a href=\"https:\/\/d2p6e6u75xmxt8.cloudfront.net\/12\/2023\/08\/Valley-of-the-Temples-Sicily-profimedia-0783035297.webp\"><img loading=\"lazy\" decoding=\"async\" class=\"wp-image-17776 size-full\" src=\"https:\/\/d2p6e6u75xmxt8.cloudfront.net\/12\/2023\/08\/Valley-of-the-Temples-Sicily-profimedia-0783035297.webp\" alt=\"Valley of the Temples\" width=\"990\" height=\"660\" srcset=\"https:\/\/d2p6e6u75xmxt8.cloudfront.net\/12\/2023\/08\/Valley-of-the-Temples-Sicily-profimedia-0783035297.webp 990w, https:\/\/d2p6e6u75xmxt8.cloudfront.net\/12\/2023\/08\/Valley-of-the-Temples-Sicily-profimedia-0783035297-300x200.webp 300w, https:\/\/d2p6e6u75xmxt8.cloudfront.net\/12\/2023\/08\/Valley-of-the-Temples-Sicily-profimedia-0783035297-768x512.webp 768w, https:\/\/d2p6e6u75xmxt8.cloudfront.net\/12\/2023\/08\/Valley-of-the-Temples-Sicily-profimedia-0783035297-400x267.webp 400w, https:\/\/d2p6e6u75xmxt8.cloudfront.net\/12\/2023\/08\/Valley-of-the-Temples-Sicily-profimedia-0783035297-272x182.webp 272w\" sizes=\"auto, (max-width: 990px) 100vw, 990px\" \/><\/a><figcaption id=\"caption-attachment-17776\" class=\"wp-caption-text\">A Templomok V\u00f6lgye a t\u00f6rt\u00e9nelem szerelmeseinek val\u00f3s\u00e1gos kincsesb\u00e1nya. \u00a9 Profimedia<\/figcaption><\/figure>\n<p><strong>Aj\u00e1nlott koroszt\u00e1ly: 8 \u00e9ves \u00e9s id\u0151sebb gyermekek<\/strong><\/p>\n<p>Ez a viszonylag r\u00f6vid, de t\u00f6rt\u00e9nelmileg igaz\u00e1n gazdag \u00fatvonal a leny\u0171g\u00f6z\u0151 Agrigento v\u00e1ros\u00e1b\u00f3l indul, \u00e9s az UNESCO Vil\u00e1g\u00f6r\u00f6ks\u00e9gi helysz\u00ednhez, a Templomok V\u00f6lgy\u00e9hez vezet. Ahogy v\u00e9gigkerekeztek a 8 km hossz\u00fa szakaszon, csal\u00e1dod val\u00f3di\u00a0 id\u0151utaz\u00e1son vesz r\u00e9szt, \u00e9s felfedezhetitek az \u0151si g\u00f6r\u00f6g romokat, melyek leny\u0171g\u00f6z\u0151en magasodnak az egykor\u00fa mandulaf\u00e1k h\u00e1tter\u00e9ben. M\u00e9rs\u00e9kelt hossz\u00e1val \u00e9s r\u00e9g\u00e9szeti csod\u00e1ival ez az \u00fatvonal sz\u00f3rakoztat\u00f3 \u00e9s oktat\u00f3 kir\u00e1ndul\u00e1st k\u00edn\u00e1l 8 \u00e9ves \u00e9s id\u0151sebb gyermekeknek.<\/p>\n<h2><strong>Szirak\u00faza &#8211; Noto (32 km)<\/strong><\/h2>\n<figure id=\"attachment_17777\" aria-describedby=\"caption-attachment-17777\" style=\"width: 990px\" class=\"wp-caption alignnone\"><a href=\"https:\/\/d2p6e6u75xmxt8.cloudfront.net\/12\/2023\/08\/Syracuse-Ortygia-Sicily-profimedia-0785834862.webp\"><img loading=\"lazy\" decoding=\"async\" class=\"wp-image-17777 size-full\" src=\"https:\/\/d2p6e6u75xmxt8.cloudfront.net\/12\/2023\/08\/Syracuse-Ortygia-Sicily-profimedia-0785834862.webp\" alt=\"Syracuse\" width=\"990\" height=\"660\" srcset=\"https:\/\/d2p6e6u75xmxt8.cloudfront.net\/12\/2023\/08\/Syracuse-Ortygia-Sicily-profimedia-0785834862.webp 990w, https:\/\/d2p6e6u75xmxt8.cloudfront.net\/12\/2023\/08\/Syracuse-Ortygia-Sicily-profimedia-0785834862-300x200.webp 300w, https:\/\/d2p6e6u75xmxt8.cloudfront.net\/12\/2023\/08\/Syracuse-Ortygia-Sicily-profimedia-0785834862-768x512.webp 768w, https:\/\/d2p6e6u75xmxt8.cloudfront.net\/12\/2023\/08\/Syracuse-Ortygia-Sicily-profimedia-0785834862-400x267.webp 400w, https:\/\/d2p6e6u75xmxt8.cloudfront.net\/12\/2023\/08\/Syracuse-Ortygia-Sicily-profimedia-0785834862-272x182.webp 272w\" sizes=\"auto, (max-width: 990px) 100vw, 990px\" \/><\/a><figcaption id=\"caption-attachment-17777\" class=\"wp-caption-text\">Az Ortigia sziget Szirak\u00faz\u00e1ban. \u00a9 Profimedia<\/figcaption><\/figure>\n<p><strong>Aj\u00e1nlott koroszt\u00e1ly: 10 \u00e9ves \u00e9s id\u0151sebb gyermekek<\/strong><\/p>\n<p>Azoknak a csal\u00e1doknak, ahol m\u00e1r nagyobbak a gyerekek, a szirak\u00fazai Noto \u00fatvonala leny\u0171g\u00f6z\u0151 utaz\u00e1st k\u00edn\u00e1l Szic\u00edlia d\u00e9lkeleti t\u00e1jain \u00e1t. A 32 km hossz\u00fa \u00fat Szirak\u00faza \u0151si v\u00e1ros\u00e1b\u00f3l indul, bemutatja a csod\u00e1latra m\u00e9lt\u00f3 g\u00f6r\u00f6g \u00e9s r\u00f3mai \u00e9p\u00edt\u00e9szetet, majd olajfaligetek \u00e9s citrusligetek mellett vezet a barokk st\u00edlus\u00fa Noto v\u00e1ros\u00e1ba. Ez az \u00fatvonal 10 \u00e9ves \u00e9s id\u0151sebb gyermekek sz\u00e1m\u00e1ra megfelel\u0151, \u00e9s Noto gy\u00f6ny\u00f6r\u0171 m\u00e9szk\u0151\u00e9p\u00fcleteinek felfedez\u00e9s\u00e9vel z\u00e1rul, val\u00f3di \u00edzel\u00edt\u0151t k\u00edn\u00e1lva a szic\u00edliai kult\u00far\u00e1b\u00f3l \u00e9s t\u00f6rt\u00e9nelemb\u0151l.<\/p>\n<h2><strong>Catania &#8211; Acitrezza (12 km)<\/strong><\/h2>\n<figure id=\"attachment_17778\" aria-describedby=\"caption-attachment-17778\" style=\"width: 990px\" class=\"wp-caption alignnone\"><a href=\"https:\/\/d2p6e6u75xmxt8.cloudfront.net\/12\/2023\/08\/Via-Gisira-Catania-Sicily-profimedia-0771588940.webp\"><img loading=\"lazy\" decoding=\"async\" class=\"wp-image-17778 size-full\" src=\"https:\/\/d2p6e6u75xmxt8.cloudfront.net\/12\/2023\/08\/Via-Gisira-Catania-Sicily-profimedia-0771588940.webp\" alt=\"Via Gisira, Catania\" width=\"990\" height=\"660\" srcset=\"https:\/\/d2p6e6u75xmxt8.cloudfront.net\/12\/2023\/08\/Via-Gisira-Catania-Sicily-profimedia-0771588940.webp 990w, https:\/\/d2p6e6u75xmxt8.cloudfront.net\/12\/2023\/08\/Via-Gisira-Catania-Sicily-profimedia-0771588940-300x200.webp 300w, https:\/\/d2p6e6u75xmxt8.cloudfront.net\/12\/2023\/08\/Via-Gisira-Catania-Sicily-profimedia-0771588940-768x512.webp 768w, https:\/\/d2p6e6u75xmxt8.cloudfront.net\/12\/2023\/08\/Via-Gisira-Catania-Sicily-profimedia-0771588940-400x267.webp 400w, https:\/\/d2p6e6u75xmxt8.cloudfront.net\/12\/2023\/08\/Via-Gisira-Catania-Sicily-profimedia-0771588940-272x182.webp 272w\" sizes=\"auto, (max-width: 990px) 100vw, 990px\" \/><\/a><figcaption id=\"caption-attachment-17778\" class=\"wp-caption-text\">A h\u00edres Via Gisira Catani\u00e1ban. \u00a9 Profimedia<\/figcaption><\/figure>\n<p><strong>Aj\u00e1nlott: 6 \u00e9ves \u00e9s id\u0151sebb gyermekeknek<\/strong><\/p>\n<p>A forgalmas Catania v\u00e1ros\u00e1ba indul\u00f3, 12 km-es\u00a0 \u00fatvonal, a fest\u0151i terekkel \u00e9s a ny\u00fczsg\u0151 halpiaccal egy fest\u0151i part menti \u00f6sv\u00e9nyen vezet a b\u00e1jos hal\u00e1szfaluba, Acitrezza-ba. Itt csal\u00e1doddal ki\u00e9lvezheted a &#8216;Cyclopean Isles&#8217; szigetek leny\u0171g\u00f6z\u0151 l\u00e1tv\u00e1ny\u00e1t, amelyek a g\u00f6r\u00f6g mitol\u00f3gi\u00e1b\u00f3l is h\u00edresek. A r\u00f6vid t\u00e1v \u00e9s a leny\u0171g\u00f6z\u0151 meg\u00e1ll\u00f3k t\u00f6k\u00e9letess\u00e9 teszik ezt az \u00fatvonalat a fiatalabb gyermekek sz\u00e1m\u00e1ra, \u00e9s garant\u00e1lja a sz\u00f3rakoztat\u00f3 csal\u00e1di kir\u00e1ndul\u00e1st.<\/p>\n<h2><strong>Trapani &#8211; Marsala (30 km)<\/strong><\/h2>\n<figure id=\"attachment_17779\" aria-describedby=\"caption-attachment-17779\" style=\"width: 990px\" class=\"wp-caption alignnone\"><a href=\"https:\/\/d2p6e6u75xmxt8.cloudfront.net\/12\/2023\/08\/Marsala-Wine-Region-Sicily-profimedia-0724091764.webp\"><img loading=\"lazy\" decoding=\"async\" class=\"wp-image-17779 size-full\" src=\"https:\/\/d2p6e6u75xmxt8.cloudfront.net\/12\/2023\/08\/Marsala-Wine-Region-Sicily-profimedia-0724091764.webp\" alt=\"Marsala winery\" width=\"990\" height=\"660\" srcset=\"https:\/\/d2p6e6u75xmxt8.cloudfront.net\/12\/2023\/08\/Marsala-Wine-Region-Sicily-profimedia-0724091764.webp 990w, https:\/\/d2p6e6u75xmxt8.cloudfront.net\/12\/2023\/08\/Marsala-Wine-Region-Sicily-profimedia-0724091764-300x200.webp 300w, https:\/\/d2p6e6u75xmxt8.cloudfront.net\/12\/2023\/08\/Marsala-Wine-Region-Sicily-profimedia-0724091764-768x512.webp 768w, https:\/\/d2p6e6u75xmxt8.cloudfront.net\/12\/2023\/08\/Marsala-Wine-Region-Sicily-profimedia-0724091764-400x267.webp 400w, https:\/\/d2p6e6u75xmxt8.cloudfront.net\/12\/2023\/08\/Marsala-Wine-Region-Sicily-profimedia-0724091764-272x182.webp 272w\" sizes=\"auto, (max-width: 990px) 100vw, 990px\" \/><\/a><figcaption id=\"caption-attachment-17779\" class=\"wp-caption-text\">K\u00f3stold meg a finom marsalai borokat! \u00a9 Profimedia<\/figcaption><\/figure>\n<p><strong>Aj\u00e1nlott koroszt\u00e1ly: 12 \u00e9ves \u00e9s id\u0151sebb gyermekek<\/strong><\/p>\n<p>Ez a kalandos, 30 km hossz\u00fa \u00fat Trapani t\u00f6rt\u00e9nelmi v\u00e1ros\u00e1b\u00f3l indul, a b\u00e1jos nyugati part ment\u00e9n halad, \u00e9s eg\u00e9szen a Marsala borvid\u00e9kig visz el titeket. Teker\u00e9s k\u00f6zben \u00e9lvezheted az Egadi-szigetek \u00e9s a s\u00f3tavak leny\u0171g\u00f6z\u0151 l\u00e1tv\u00e1ny\u00e1t. Marsal\u00e1ban jutalmazd meg magad egy j\u00f3l meg\u00e9rdemelt poh\u00e1r h\u00edres borral. Ez az \u00fatvonal term\u00e9szet \u00e9s kult\u00fara kever\u00e9ke, \u00e9s ide\u00e1lis 12 \u00e9ves \u00e9s id\u0151sebb gyermekek sz\u00e1m\u00e1ra.<\/p>\n<h2><strong>B\u00f3nusz Kaland: az Etna k\u00f6rbebicikliz\u00e9se (120 km)<\/strong><\/h2>\n<figure id=\"attachment_16858\" aria-describedby=\"caption-attachment-16858\" style=\"width: 990px\" class=\"wp-caption alignnone\"><a href=\"https:\/\/d2p6e6u75xmxt8.cloudfront.net\/12\/2023\/01\/Gaspi-Etna-CVR-2.webp\"><img loading=\"lazy\" decoding=\"async\" class=\"wp-image-16858 size-full\" src=\"https:\/\/d2p6e6u75xmxt8.cloudfront.net\/12\/2023\/01\/Gaspi-Etna-CVR-2.webp\" alt=\"Riding down Mt. Etna\" width=\"990\" height=\"660\" srcset=\"https:\/\/d2p6e6u75xmxt8.cloudfront.net\/12\/2023\/01\/Gaspi-Etna-CVR-2.webp 990w, https:\/\/d2p6e6u75xmxt8.cloudfront.net\/12\/2023\/01\/Gaspi-Etna-CVR-2-300x200.webp 300w, https:\/\/d2p6e6u75xmxt8.cloudfront.net\/12\/2023\/01\/Gaspi-Etna-CVR-2-768x512.webp 768w, https:\/\/d2p6e6u75xmxt8.cloudfront.net\/12\/2023\/01\/Gaspi-Etna-CVR-2-272x182.webp 272w\" sizes=\"auto, (max-width: 990px) 100vw, 990px\" \/><\/a><figcaption id=\"caption-attachment-16858\" class=\"wp-caption-text\">Engedd, hogy t\u00e9ged is elvar\u00e1zsoljon az Etna. \u00a9 Profimedia<\/figcaption><\/figure>\n<p><strong>Aj\u00e1nlott koroszt\u00e1ly: Tizen\u00e9vesek<\/strong><\/p>\n<p>Az igazi ker\u00e9kp\u00e1ros kih\u00edv\u00e1s azonban hat\u00e1rozottan egy utaz\u00e1s az Etna, Eur\u00f3pa legnagyobb akt\u00edv vulk\u00e1nja k\u00f6r\u00fcl. Ez a hihetetlen, 120 km hossz\u00fa \u00fatvonal felejthetetlen kalandot k\u00edn\u00e1l, ahogy felfedezitek rajta az Etna v\u00e1ltozatos t\u00e1jait, bele\u00e9rtve a buja erd\u0151ket, \u0151si l\u00e1vafolyamokat \u00e9s bar\u00e1ts\u00e1gos sz\u0151l\u0151skerteket. Az \u00fat sor\u00e1n \u00e1lljatok meg a b\u00e1jos kisv\u00e1rosokban, mint amilyen p\u00e9ld\u00e1ul Zafferana Etnea \u00e9s Randazzo.<\/p>\n<p>Tekintettel az \u00fatvonal hossz\u00e1ra \u00e9s az emelked\u0151kre, azt javasoljuk, hogy akkor induljatok \u00fatnak, ha a tizen\u00e9vesek is sz\u00edvesen v\u00e1gnak neki hosszabb kalandnak. A kil\u00e1t\u00e1sok \u00e9s az \u00e9rz\u00e9s, hogy teljes\u00edtetted a t\u00far\u00e1t, igaz\u00e1n meg\u00e9ri a f\u00e1rads\u00e1got.<\/p>\n<p>Az Etna k\u00f6rbebicikliz\u00e9se mag\u00e1ban foglalja Szic\u00edlia l\u00e9nyeg\u00e9t, leny\u0171g\u00f6z\u0151 term\u00e9szeti t\u00e1jakkal \u00e9s gazdag kultur\u00e1lis \u00e9lm\u00e9nyekkel. Ez a kaland nemcsak fantasztikus ker\u00e9kp\u00e1ros kaland, hanem felejthetetlen k\u00f6tel\u00e9k is a csal\u00e1d sz\u00e1m\u00e1ra. Ne siessetek, \u00e9lvezd a pihen\u0151ket, \u00e9s ami a legfontosabb &#8211; \u00e9rezz\u00e9tek j\u00f3l magatokat!<\/p>\n","protected":false},"excerpt":{"rendered":"<p>Szic\u00edlia gazdag t\u00f6rt\u00e9nelm\u00e9vel, v\u00e1ltozatos t\u00e1jaival \u00e9s \u00e9l\u00e9nk kultur\u00e1lis \u00e9let\u00e9vel leny\u0171g\u00f6z\u0151 helysz\u00ednt k\u00edn\u00e1l egy felejthetetlen csal\u00e1di ker\u00e9kp\u00e1ros nyaral\u00e1shoz. A napf\u00e9nyes partokt\u00f3l [&hellip;]<\/p>\n","protected":false},"author":71,"featured_media":17781,"comment_status":"open","ping_status":"open","sticky":false,"template":"","format":"standard","meta":{"footnotes":""},"categories":[11],"tags":[],"global-categories":[],"class_list":["post-17774","post","type-post","status-publish","format-standard","has-post-thumbnail","hentry","category-csalad"],"yoast_head":"<!-- This site is optimized with the Yoast SEO Premium plugin v25.3 (Yoast SEO v25.9) - https:\/\/yoast.com\/wordpress\/plugins\/seo\/ -->\n<title>Csal\u00e1di ker\u00e9kp\u00e1ros nyaral\u00e1s: Szic\u00edlia csod\u00e1i<\/title>\n<meta name=\"description\" content=\"Szic\u00edlia gazdag t\u00f6rt\u00e9nelm\u00e9vel, v\u00e1ltozatos t\u00e1jaival \u00e9s \u00e9l\u00e9nk kultur\u00e1lis \u00e9let\u00e9vel leny\u0171g\u00f6z\u0151 helysz\u00ednt k\u00edn\u00e1l egy felejthetetlen csal\u00e1di ker\u00e9kp\u00e1ros nyaral\u00e1shoz. A napf\u00e9nyes partokt\u00f3l a lank\u00e1s dombokig \u00e9s leny\u0171g\u00f6z\u0151 hegyi \u00f6sv\u00e9nyekig, Szic\u00edlia minden ker\u00e9kp\u00e1rrajong\u00f3 sz\u00e1m\u00e1ra \u00e9lvezhet\u0151. Mer\u00fclj\u00fcnk el a r\u00e9szletekben!\" \/>\n<meta name=\"robots\" content=\"index, follow, max-snippet:-1, max-image-preview:large, max-video-preview:-1\" \/>\n<link rel=\"canonical\" href=\"https:\/\/www.welovecycling.com\/hu\/csalad\/csaladi-kerekparos-nyaralas-szicilia-csodai\/\" \/>\n<meta property=\"og:locale\" content=\"hu_HU\" \/>\n<meta property=\"og:type\" content=\"article\" \/>\n<meta property=\"og:title\" content=\"Csal\u00e1di ker\u00e9kp\u00e1ros nyaral\u00e1s: Szic\u00edlia csod\u00e1i\" \/>\n<meta property=\"og:description\" content=\"Szic\u00edlia gazdag t\u00f6rt\u00e9nelm\u00e9vel, v\u00e1ltozatos t\u00e1jaival \u00e9s \u00e9l\u00e9nk kultur\u00e1lis \u00e9let\u00e9vel leny\u0171g\u00f6z\u0151 helysz\u00ednt k\u00edn\u00e1l egy felejthetetlen csal\u00e1di ker\u00e9kp\u00e1ros nyaral\u00e1shoz. A napf\u00e9nyes partokt\u00f3l a lank\u00e1s dombokig \u00e9s leny\u0171g\u00f6z\u0151 hegyi \u00f6sv\u00e9nyekig, Szic\u00edlia minden ker\u00e9kp\u00e1rrajong\u00f3 sz\u00e1m\u00e1ra \u00e9lvezhet\u0151. Mer\u00fclj\u00fcnk el a r\u00e9szletekben!\" \/>\n<meta property=\"og:url\" content=\"https:\/\/www.welovecycling.com\/hu\/csalad\/csaladi-kerekparos-nyaralas-szicilia-csodai\/\" \/>\n<meta property=\"og:site_name\" content=\"\u0160koda We Love Cycling - Magyarorsz\u00e1g\" \/>\n<meta property=\"article:publisher\" content=\"https:\/\/www.facebook.com\/WeLoveCyclingHungary\/\" \/>\n<meta property=\"article:published_time\" content=\"2023-08-14T06:00:59+00:00\" \/>\n<meta property=\"og:image\" content=\"https:\/\/d2p6e6u75xmxt8.cloudfront.net\/12\/2023\/08\/Sicily-Taormina-profimedia-0640117254-CVR.webp\" \/>\n\t<meta property=\"og:image:width\" content=\"990\" \/>\n\t<meta property=\"og:image:height\" content=\"660\" \/>\n\t<meta property=\"og:image:type\" content=\"image\/webp\" \/>\n<meta name=\"author\" content=\"hegyizs\" \/>\n<meta name=\"twitter:card\" content=\"summary_large_image\" \/>\n<meta name=\"twitter:label1\" content=\"Written by\" \/>\n\t<meta name=\"twitter:data1\" content=\"We Love Cycling\" \/>\n\t<meta name=\"twitter:label2\" content=\"Est. reading time\" \/>\n\t<meta name=\"twitter:data2\" content=\"4\" \/>\n<script type=\"application\/ld+json\" class=\"yoast-schema-graph\">{\"@context\":\"https:\/\/schema.org\",\"@graph\":[{\"@type\":\"WebPage\",\"@id\":\"https:\/\/www.welovecycling.com\/hu\/csalad\/csaladi-kerekparos-nyaralas-szicilia-csodai\/\",\"url\":\"https:\/\/www.welovecycling.com\/hu\/csalad\/csaladi-kerekparos-nyaralas-szicilia-csodai\/\",\"name\":\"Csal\u00e1di ker\u00e9kp\u00e1ros nyaral\u00e1s: Szic\u00edlia csod\u00e1i\",\"isPartOf\":{\"@id\":\"https:\/\/www.welovecycling.com\/hu\/#website\"},\"primaryImageOfPage\":{\"@id\":\"https:\/\/www.welovecycling.com\/hu\/csalad\/csaladi-kerekparos-nyaralas-szicilia-csodai\/#primaryimage\"},\"image\":{\"@id\":\"https:\/\/www.welovecycling.com\/hu\/csalad\/csaladi-kerekparos-nyaralas-szicilia-csodai\/#primaryimage\"},\"thumbnailUrl\":\"https:\/\/d2p6e6u75xmxt8.cloudfront.net\/12\/2023\/08\/Sicily-Taormina-profimedia-0640117254-CVR.webp\",\"datePublished\":\"2023-08-14T06:00:59+00:00\",\"author\":{\"@id\":\"https:\/\/www.welovecycling.com\/hu\/#\/schema\/person\/414a2aebf1801691a5320edb6468e194\"},\"description\":\"Szic\u00edlia gazdag t\u00f6rt\u00e9nelm\u00e9vel, v\u00e1ltozatos t\u00e1jaival \u00e9s \u00e9l\u00e9nk kultur\u00e1lis \u00e9let\u00e9vel leny\u0171g\u00f6z\u0151 helysz\u00ednt k\u00edn\u00e1l egy felejthetetlen csal\u00e1di ker\u00e9kp\u00e1ros nyaral\u00e1shoz. A napf\u00e9nyes partokt\u00f3l a lank\u00e1s dombokig \u00e9s leny\u0171g\u00f6z\u0151 hegyi \u00f6sv\u00e9nyekig, Szic\u00edlia minden ker\u00e9kp\u00e1rrajong\u00f3 sz\u00e1m\u00e1ra \u00e9lvezhet\u0151. Mer\u00fclj\u00fcnk el a r\u00e9szletekben!\",\"breadcrumb\":{\"@id\":\"https:\/\/www.welovecycling.com\/hu\/csalad\/csaladi-kerekparos-nyaralas-szicilia-csodai\/#breadcrumb\"},\"inLanguage\":\"hu\",\"potentialAction\":[{\"@type\":\"ReadAction\",\"target\":[\"https:\/\/www.welovecycling.com\/hu\/csalad\/csaladi-kerekparos-nyaralas-szicilia-csodai\/\"]}]},{\"@type\":\"ImageObject\",\"inLanguage\":\"hu\",\"@id\":\"https:\/\/www.welovecycling.com\/hu\/csalad\/csaladi-kerekparos-nyaralas-szicilia-csodai\/#primaryimage\",\"url\":\"https:\/\/d2p6e6u75xmxt8.cloudfront.net\/12\/2023\/08\/Sicily-Taormina-profimedia-0640117254-CVR.webp\",\"contentUrl\":\"https:\/\/d2p6e6u75xmxt8.cloudfront.net\/12\/2023\/08\/Sicily-Taormina-profimedia-0640117254-CVR.webp\",\"width\":990,\"height\":660,\"caption\":\"Taormina, Sicily\"},{\"@type\":\"BreadcrumbList\",\"@id\":\"https:\/\/www.welovecycling.com\/hu\/csalad\/csaladi-kerekparos-nyaralas-szicilia-csodai\/#breadcrumb\",\"itemListElement\":[{\"@type\":\"ListItem\",\"position\":1,\"name\":\"Home\",\"item\":\"https:\/\/www.welovecycling.com\/hu\/\"},{\"@type\":\"ListItem\",\"position\":2,\"name\":\"Csal\u00e1di ker\u00e9kp\u00e1ros nyaral\u00e1s: Szic\u00edlia csod\u00e1i\"}]},{\"@type\":\"WebSite\",\"@id\":\"https:\/\/www.welovecycling.com\/hu\/#website\",\"url\":\"https:\/\/www.welovecycling.com\/hu\/\",\"name\":\"\u0160koda We Love Cycling - Magyarorsz\u00e1g\",\"description\":\"\u0160koda WeLoveCycling\",\"potentialAction\":[{\"@type\":\"SearchAction\",\"target\":{\"@type\":\"EntryPoint\",\"urlTemplate\":\"https:\/\/www.welovecycling.com\/hu\/?s={search_term_string}\"},\"query-input\":{\"@type\":\"PropertyValueSpecification\",\"valueRequired\":true,\"valueName\":\"search_term_string\"}}],\"inLanguage\":\"hu\"},{\"@type\":\"Person\",\"@id\":\"https:\/\/www.welovecycling.com\/hu\/#\/schema\/person\/414a2aebf1801691a5320edb6468e194\",\"name\":\"hegyizs\",\"image\":{\"@type\":\"ImageObject\",\"inLanguage\":\"hu\",\"@id\":\"https:\/\/www.welovecycling.com\/hu\/#\/schema\/person\/image\/\",\"url\":\"https:\/\/secure.gravatar.com\/avatar\/02cf8a7906b8cf90cecb4679defac7cfd33a1c2e3b88e4903d947f3bb58eedd3?s=96&d=mm&r=g\",\"contentUrl\":\"https:\/\/secure.gravatar.com\/avatar\/02cf8a7906b8cf90cecb4679defac7cfd33a1c2e3b88e4903d947f3bb58eedd3?s=96&d=mm&r=g\",\"caption\":\"hegyizs\"},\"url\":\"https:\/\/www.welovecycling.com\/hu\/author\/hegyizs\/\"}]}<\/script>\n<!-- \/ Yoast SEO Premium plugin. -->","yoast_head_json":{"title":"Csal\u00e1di ker\u00e9kp\u00e1ros nyaral\u00e1s: Szic\u00edlia csod\u00e1i","description":"Szic\u00edlia gazdag t\u00f6rt\u00e9nelm\u00e9vel, v\u00e1ltozatos t\u00e1jaival \u00e9s \u00e9l\u00e9nk kultur\u00e1lis \u00e9let\u00e9vel leny\u0171g\u00f6z\u0151 helysz\u00ednt k\u00edn\u00e1l egy felejthetetlen csal\u00e1di ker\u00e9kp\u00e1ros nyaral\u00e1shoz. A napf\u00e9nyes partokt\u00f3l a lank\u00e1s dombokig \u00e9s leny\u0171g\u00f6z\u0151 hegyi \u00f6sv\u00e9nyekig, Szic\u00edlia minden ker\u00e9kp\u00e1rrajong\u00f3 sz\u00e1m\u00e1ra \u00e9lvezhet\u0151. Mer\u00fclj\u00fcnk el a r\u00e9szletekben!","robots":{"index":"index","follow":"follow","max-snippet":"max-snippet:-1","max-image-preview":"max-image-preview:large","max-video-preview":"max-video-preview:-1"},"canonical":"https:\/\/www.welovecycling.com\/hu\/csalad\/csaladi-kerekparos-nyaralas-szicilia-csodai\/","og_locale":"hu_HU","og_type":"article","og_title":"Csal\u00e1di ker\u00e9kp\u00e1ros nyaral\u00e1s: Szic\u00edlia csod\u00e1i","og_description":"Szic\u00edlia gazdag t\u00f6rt\u00e9nelm\u00e9vel, v\u00e1ltozatos t\u00e1jaival \u00e9s \u00e9l\u00e9nk kultur\u00e1lis \u00e9let\u00e9vel leny\u0171g\u00f6z\u0151 helysz\u00ednt k\u00edn\u00e1l egy felejthetetlen csal\u00e1di ker\u00e9kp\u00e1ros nyaral\u00e1shoz. A napf\u00e9nyes partokt\u00f3l a lank\u00e1s dombokig \u00e9s leny\u0171g\u00f6z\u0151 hegyi \u00f6sv\u00e9nyekig, Szic\u00edlia minden ker\u00e9kp\u00e1rrajong\u00f3 sz\u00e1m\u00e1ra \u00e9lvezhet\u0151. Mer\u00fclj\u00fcnk el a r\u00e9szletekben!","og_url":"https:\/\/www.welovecycling.com\/hu\/csalad\/csaladi-kerekparos-nyaralas-szicilia-csodai\/","og_site_name":"\u0160koda We Love Cycling - Magyarorsz\u00e1g","article_publisher":"https:\/\/www.facebook.com\/WeLoveCyclingHungary\/","article_published_time":"2023-08-14T06:00:59+00:00","og_image":[{"width":990,"height":660,"url":"https:\/\/d2p6e6u75xmxt8.cloudfront.net\/12\/2023\/08\/Sicily-Taormina-profimedia-0640117254-CVR.webp","type":"image\/webp"}],"author":"hegyizs","twitter_card":"summary_large_image","twitter_misc":{"Written by":"We Love Cycling","Est. reading time":"4"},"schema":{"@context":"https:\/\/schema.org","@graph":[{"@type":"WebPage","@id":"https:\/\/www.welovecycling.com\/hu\/csalad\/csaladi-kerekparos-nyaralas-szicilia-csodai\/","url":"https:\/\/www.welovecycling.com\/hu\/csalad\/csaladi-kerekparos-nyaralas-szicilia-csodai\/","name":"Csal\u00e1di ker\u00e9kp\u00e1ros nyaral\u00e1s: Szic\u00edlia csod\u00e1i","isPartOf":{"@id":"https:\/\/www.welovecycling.com\/hu\/#website"},"primaryImageOfPage":{"@id":"https:\/\/www.welovecycling.com\/hu\/csalad\/csaladi-kerekparos-nyaralas-szicilia-csodai\/#primaryimage"},"image":{"@id":"https:\/\/www.welovecycling.com\/hu\/csalad\/csaladi-kerekparos-nyaralas-szicilia-csodai\/#primaryimage"},"thumbnailUrl":"https:\/\/d2p6e6u75xmxt8.cloudfront.net\/12\/2023\/08\/Sicily-Taormina-profimedia-0640117254-CVR.webp","datePublished":"2023-08-14T06:00:59+00:00","author":{"@id":"https:\/\/www.welovecycling.com\/hu\/#\/schema\/person\/414a2aebf1801691a5320edb6468e194"},"description":"Szic\u00edlia gazdag t\u00f6rt\u00e9nelm\u00e9vel, v\u00e1ltozatos t\u00e1jaival \u00e9s \u00e9l\u00e9nk kultur\u00e1lis \u00e9let\u00e9vel leny\u0171g\u00f6z\u0151 helysz\u00ednt k\u00edn\u00e1l egy felejthetetlen csal\u00e1di ker\u00e9kp\u00e1ros nyaral\u00e1shoz. A napf\u00e9nyes partokt\u00f3l a lank\u00e1s dombokig \u00e9s leny\u0171g\u00f6z\u0151 hegyi \u00f6sv\u00e9nyekig, Szic\u00edlia minden ker\u00e9kp\u00e1rrajong\u00f3 sz\u00e1m\u00e1ra \u00e9lvezhet\u0151. Mer\u00fclj\u00fcnk el a r\u00e9szletekben!","breadcrumb":{"@id":"https:\/\/www.welovecycling.com\/hu\/csalad\/csaladi-kerekparos-nyaralas-szicilia-csodai\/#breadcrumb"},"inLanguage":"hu","potentialAction":[{"@type":"ReadAction","target":["https:\/\/www.welovecycling.com\/hu\/csalad\/csaladi-kerekparos-nyaralas-szicilia-csodai\/"]}]},{"@type":"ImageObject","inLanguage":"hu","@id":"https:\/\/www.welovecycling.com\/hu\/csalad\/csaladi-kerekparos-nyaralas-szicilia-csodai\/#primaryimage","url":"https:\/\/d2p6e6u75xmxt8.cloudfront.net\/12\/2023\/08\/Sicily-Taormina-profimedia-0640117254-CVR.webp","contentUrl":"https:\/\/d2p6e6u75xmxt8.cloudfront.net\/12\/2023\/08\/Sicily-Taormina-profimedia-0640117254-CVR.webp","width":990,"height":660,"caption":"Taormina, Sicily"},{"@type":"BreadcrumbList","@id":"https:\/\/www.welovecycling.com\/hu\/csalad\/csaladi-kerekparos-nyaralas-szicilia-csodai\/#breadcrumb","itemListElement":[{"@type":"ListItem","position":1,"name":"Home","item":"https:\/\/www.welovecycling.com\/hu\/"},{"@type":"ListItem","position":2,"name":"Csal\u00e1di ker\u00e9kp\u00e1ros nyaral\u00e1s: Szic\u00edlia csod\u00e1i"}]},{"@type":"WebSite","@id":"https:\/\/www.welovecycling.com\/hu\/#website","url":"https:\/\/www.welovecycling.com\/hu\/","name":"\u0160koda We Love Cycling - Magyarorsz\u00e1g","description":"\u0160koda WeLoveCycling","potentialAction":[{"@type":"SearchAction","target":{"@type":"EntryPoint","urlTemplate":"https:\/\/www.welovecycling.com\/hu\/?s={search_term_string}"},"query-input":{"@type":"PropertyValueSpecification","valueRequired":true,"valueName":"search_term_string"}}],"inLanguage":"hu"},{"@type":"Person","@id":"https:\/\/www.welovecycling.com\/hu\/#\/schema\/person\/414a2aebf1801691a5320edb6468e194","name":"hegyizs","image":{"@type":"ImageObject","inLanguage":"hu","@id":"https:\/\/www.welovecycling.com\/hu\/#\/schema\/person\/image\/","url":"https:\/\/secure.gravatar.com\/avatar\/02cf8a7906b8cf90cecb4679defac7cfd33a1c2e3b88e4903d947f3bb58eedd3?s=96&d=mm&r=g","contentUrl":"https:\/\/secure.gravatar.com\/avatar\/02cf8a7906b8cf90cecb4679defac7cfd33a1c2e3b88e4903d947f3bb58eedd3?s=96&d=mm&r=g","caption":"hegyizs"},"url":"https:\/\/www.welovecycling.com\/hu\/author\/hegyizs\/"}]}},"_links":{"self":[{"href":"https:\/\/www.welovecycling.com\/hu\/wp-json\/wp\/v2\/posts\/17774","targetHints":{"allow":["GET"]}}],"collection":[{"href":"https:\/\/www.welovecycling.com\/hu\/wp-json\/wp\/v2\/posts"}],"about":[{"href":"https:\/\/www.welovecycling.com\/hu\/wp-json\/wp\/v2\/types\/post"}],"author":[{"embeddable":true,"href":"https:\/\/www.welovecycling.com\/hu\/wp-json\/wp\/v2\/users\/71"}],"replies":[{"embeddable":true,"href":"https:\/\/www.welovecycling.com\/hu\/wp-json\/wp\/v2\/comments?post=17774"}],"version-history":[{"count":2,"href":"https:\/\/www.welovecycling.com\/hu\/wp-json\/wp\/v2\/posts\/17774\/revisions"}],"predecessor-version":[{"id":17782,"href":"https:\/\/www.welovecycling.com\/hu\/wp-json\/wp\/v2\/posts\/17774\/revisions\/17782"}],"wp:featuredmedia":[{"embeddable":true,"href":"https:\/\/www.welovecycling.com\/hu\/wp-json\/wp\/v2\/media\/17781"}],"wp:attachment":[{"href":"https:\/\/www.welovecycling.com\/hu\/wp-json\/wp\/v2\/media?parent=17774"}],"wp:term":[{"taxonomy":"category","embeddable":true,"href":"https:\/\/www.welovecycling.com\/hu\/wp-json\/wp\/v2\/categories?post=17774"},{"taxonomy":"post_tag","embeddable":true,"href":"https:\/\/www.welovecycling.com\/hu\/wp-json\/wp\/v2\/tags?post=17774"},{"taxonomy":"global-categories","embeddable":true,"href":"https:\/\/www.welovecycling.com\/hu\/wp-json\/wp\/v2\/global-categories?post=17774"}],"curies":[{"name":"wp","href":"https:\/\/api.w.org\/{rel}","templated":true}]}}