{"id":17767,"date":"2023-08-07T11:45:15","date_gmt":"2023-08-07T09:45:15","guid":{"rendered":"https:\/\/www.welovecycling.com\/hu\/?p=17767"},"modified":"2023-08-07T11:45:15","modified_gmt":"2023-08-07T09:45:15","slug":"elo-legendak-amit-a-2023-as-tour-de-france-femmes-avec-zwift-en-tanultunk","status":"publish","type":"post","link":"https:\/\/www.welovecycling.com\/hu\/orszaguti-kerekpar\/elo-legendak-amit-a-2023-as-tour-de-france-femmes-avec-zwift-en-tanultunk\/","title":{"rendered":"\u00c9l\u0151 legend\u00e1k: amit a 2023-as Tour de France Femmes avec Zwift-en tanultunk"},"content":{"rendered":"<p><b>A 2023-as Tour de France Femmes avec Zwift egy gy\u00f6ny\u00f6r\u0171, epikus kerekp\u00e1ros esem\u00e9ny volt, amely egy izgalmas 22,6 km-es egy\u00e9ni id\u0151futammal \u00e9rt v\u00e9get Pau-ban. Az utols\u00f3 szakasz &#8211; ahogyan a verseny t\u00f6bbi r\u00e9sze is -, komolyan pr\u00f3b\u00e1ra tette a ker\u00e9kp\u00e1rosok k\u00e9pess\u00e9geit \u00e9s kitart\u00e1s\u00e1t, egy k\u00edm\u00e9letlen emelked\u0151vel a \u00fatvonal k\u00f6zep\u00e9n, amely meghat\u00e1roz\u00f3nak bizonyult a verseny kimenetel\u00e9t illet\u0151en.<\/b><\/p>\n<p><!--more--><\/p>\n<p><span style=\"font-weight: 400;\">Demi Vollering (SD Worx) s\u00e1rg\u00e1ban indult az utols\u00f3 szakaszon, miut\u00e1n domin\u00e1lta a szombati 7. etapot \u00e9s bevette a h\u00edrhedt Col du Tourmalet cs\u00facs\u00e1t. Az idei Tour de France Femmes avec Zwift gy\u0151ztesek\u00e9nt \u00e9rt be a c\u00e9lba.<\/span><\/p>\n<p><span style=\"font-weight: 400;\">Micsoda utaz\u00e1s is volt! N\u00e9zz\u00fck meg, mik voltak a legfontosabb tanuls\u00e1gok!<\/span><\/p>\n<p><b>Demi Vollering meg\u00e1ll\u00edthatatlan<\/b><\/p>\n<p><span style=\"font-weight: 400;\">Azon leny\u0171g\u00f6z\u0151 ker\u00e9kp\u00e1rosok k\u00f6z\u00fcl, akik bemutatt\u00e1k tehets\u00e9g\u00fcket az idei Tour de France Femmes avec Zwift-en, Demi Vollering az SD Worx-t\u00f3l magasan kiemelkedett.<\/span><\/p>\n<p><span style=\"font-weight: 400;\">Vollering \u00fatja a gy\u0151zelemig nem volt kih\u00edv\u00e1sok n\u00e9lk\u00fcli. Az 5. szakaszon Albi fel\u00e9 a csapata aut\u00f3ja m\u00f6g\u00f6tti sz\u00e9l\u00e1rny\u00e9kban tekert, ami\u00e9rt b\u00fcntet\u00e9st kapott, \u00e9s \u00e9rt\u00e9kes 20 m\u00e1sodpercet vesz\u00edtett. Ez a visszaes\u00e9s a hetedik helyre szor\u00edtotta, 1 perc \u00e9s 3 m\u00e1sodperc h\u00e1tr\u00e1nnyal a vezet\u0151 Kopecky m\u00f6g\u00f6tt, \u00e9s 12 m\u00e1sodperccel a t\u00f6bbi \u00e9lversenyz\u0151 m\u00f6g\u00f6tt az \u00f6sszetett versenyben.<\/span><\/p>\n<p><span style=\"font-weight: 400;\">Azonban ez nem t\u00e1ntor\u00edtotta el Volleringet. A 7. szakasz Pireneusi emelked\u0151in mindent beleadott \u00e9s megmutatta, mire k\u00e9pes, m\u00e9g a riv\u00e1lisa, honfit\u00e1rsa \u00e9s egykori csapatt\u00e1rsa, Annemiek van Vleuten-t is meglepve. A gy\u0151zelmet megszil\u00e1rd\u00edt\u00f3 kritikus pillanat 5 km-re a c\u00e9lt\u00f3l k\u00f6vetkezett be, amikor vastag k\u00f6d \u00fclt a Pireneusokra. A Col du Tourmalet leghosszabb szakasz\u00e1n, Vollering d\u00f6nt\u0151 t\u00e1mad\u00e1st ind\u00edtottl. Ellenfelei nehezen reag\u00e1ltak, \u00e9s \u0151 elt\u0171nt a hom\u00e1lyos hegyek k\u00f6z\u00f6tt, megm\u00e1s\u00edthatatlan el\u0151nyre t\u00e9ve szert, amely v\u00e9g\u00fcl a gy\u0151zelm\u00e9hez vezetett.<\/span><\/p>\n<p><i><span style=\"font-weight: 400;\">\u201eM\u00e9g mindig nem hiszem el. Kem\u00e9ny munka, de nem csak az. Hinni kell benne. \u00c9s m\u00e9g annyi minden m\u00e1s kell hozz\u00e1\u201d<\/span><\/i><span style=\"font-weight: 400;\"> &#8211; mondta Vollering a verseny ut\u00e1n. \u201e<\/span><i><span style=\"font-weight: 400;\">Van egy \u00e1lmod, \u00e9s nagyon kem\u00e9nyen dolgozol \u00e9rte, de pr\u00f3b\u00e1lsz egyens\u00falyban maradni k\u00f6zben. Tal\u00e1lj r\u00e1 m\u00f3dot, hogy nyugodtan tudd el\u00e9rni a c\u00e9ljaidat. Id\u00e9n nagyon stabilnak \u00e9rzem magam, j\u00f3 vagyok abban, amit csin\u00e1lok. \u00dagy \u00e9rzem, minden \u00f6ssze\u00e1ll. Ez egy fantasztikus szezon sz\u00e1momra,\u201d<\/span><\/i><span style=\"font-weight: 400;\"> tette hozz\u00e1.<\/span><\/p>\n<figure id=\"attachment_17769\" aria-describedby=\"caption-attachment-17769\" style=\"width: 679px\" class=\"wp-caption alignnone\"><a href=\"https:\/\/d2p6e6u75xmxt8.cloudfront.net\/12\/2023\/08\/F2S4xxSWUAAlXdK.webp\"><img loading=\"lazy\" decoding=\"async\" class=\"wp-image-17769 size-full\" src=\"https:\/\/d2p6e6u75xmxt8.cloudfront.net\/12\/2023\/08\/F2S4xxSWUAAlXdK.webp\" alt=\"\" width=\"679\" height=\"453\" srcset=\"https:\/\/d2p6e6u75xmxt8.cloudfront.net\/12\/2023\/08\/F2S4xxSWUAAlXdK.webp 679w, https:\/\/d2p6e6u75xmxt8.cloudfront.net\/12\/2023\/08\/F2S4xxSWUAAlXdK-300x200.webp 300w, https:\/\/d2p6e6u75xmxt8.cloudfront.net\/12\/2023\/08\/F2S4xxSWUAAlXdK-400x267.webp 400w, https:\/\/d2p6e6u75xmxt8.cloudfront.net\/12\/2023\/08\/F2S4xxSWUAAlXdK-272x182.webp 272w\" sizes=\"auto, (max-width: 679px) 100vw, 679px\" \/><\/a><figcaption id=\"caption-attachment-17769\" class=\"wp-caption-text\">Demi Vollering gy\u0151zelme. Fot\u00f3: LeTourFemmes, Twitter<\/figcaption><\/figure>\n<p><b>Az SD Worx a legy\u0151zend\u0151 csapat<\/b><\/p>\n<p><span style=\"font-weight: 400;\">A Team SD Worx megmutatta erej\u00e9t \u00e9s kiv\u00e1l\u00f3 strat\u00e9gi\u00e1j\u00e1t a Tour de France Femmes avec Zwift sor\u00e1n. Marlen Reusser, az eur\u00f3pai id\u0151futam-bajnok, Vollering gy\u0151zelm\u00e9t kieg\u00e9sz\u00edtette hihetetlen teljes\u00edtm\u00e9ny\u00e9vel a Pau-ban tartott egy\u00e9ni id\u0151futamon. Az utols\u00f3 szakaszra a csapat mindh\u00e1rom dobog\u00f3s helyez\u00e9st megszerezte, \u00edgy kollekt\u00edven domin\u00e1lt\u00e1k a versenyt.<\/span><\/p>\n<p><span style=\"font-weight: 400;\">Kih\u00edv\u00e1saik ellen\u00e9re &#8211; ide\u00e9rtve a vit\u00e1t a versenyb\u00edr\u00e1kkal, ami Vollering b\u00fcntet\u00e9s\u00e9hez vezetett, \u00e9s sportszakvezet\u0151j\u00fck, Danny Stam elt\u00e1vol\u00edt\u00e1s\u00e1t -, az SD Worx kitartott \u00e9s koncentr\u00e1lt maradt. A s\u00e1rga trik\u00f3t az eg\u00e9sz verseny alatt magukn\u00e1l tartott\u00e1k, miut\u00e1n a Clermont Ferrand-ban tartott 1. szakaszon megszerezt\u00e9k, \u00e9s nyolcb\u00f3l n\u00e9gy szakaszt megnyertek, k\u00f6zt\u00fck a rangos egy\u00e9ni id\u0151futamot.<\/span><\/p>\n<p><span style=\"font-weight: 400;\">Az SD Worx siker\u00e9t a 2023-as Tour de France Femmes avec Zwift sor\u00e1n egyar\u00e1nt csod\u00e1lt\u00e1k \u00e9s kritiz\u00e1lt\u00e1k, n\u00e9h\u00e1nyan \u201earrog\u00e1nsnak\u201d b\u00e9lyegezt\u00e9k \u0151ket. Azonban a csapat \u00e1llhatatos maradt. Ahogyan az SD Worx sportszakvezet\u0151je, Anna van der Breggen megfogalmazta: <\/span><i><span style=\"font-weight: 400;\">\u201e\u00c9n is frusztr\u00e1lt lenn\u00e9k, ha nem abban a csapatban lenn\u00e9k, amelyik mindig nyer.\u201d<\/span><\/i><\/p>\n<p><b>Marlen Reusser a id\u0151futam kir\u00e1lyn\u0151je<\/b><\/p>\n<p><span style=\"font-weight: 400;\">Marlen Reusser elk\u00e9peszt\u0151 sebess\u00e9g\u00e9vel bebizony\u00edtotta, hogy \u0151 a Tour de France Femmes id\u0151futam kir\u00e1lyn\u0151je. A fin\u00e1l\u00e9 id\u0151futam\u00e1hoz prec\u00edz strat\u00e9gi\u00e1val \u00e9s elsz\u00e1nts\u00e1ggal \u00e1llt hozz\u00e1, mint a f\u0151 es\u00e9lyes, \u00e9s leny\u0171g\u00f6z\u0151 teljes\u00edtm\u00e9nyt ny\u00fajtott. Annak ellen\u00e9re, hogy nem koncentr\u00e1lt az \u00f6sszetett versenyre a h\u00e9t folyam\u00e1n, az energiatartal\u00e9kait megtartotta a kritikus pillanatokra, \u00e9s megmutatta k\u00e9pess\u00e9geit \u00e9s szak\u00e9rtelm\u00e9t az id\u0151futamon.<\/span><\/p>\n<p><b>Kasia Niewiadoma \u00fajabb leck\u00e9t adott k\u00f6vetkezetess\u00e9gb\u0151l<\/b><\/p>\n<p><span style=\"font-weight: 400;\">Ism\u00e9t harmadik helyen v\u00e9gzett az \u00f6sszetett versenyben Niewiadoma, aki a Hegyek Kir\u00e1lyn\u0151je c\u00edmet is megszerezte az idei versenyen. Meg is \u00e9rdemelte a hetedik szakaszon mutatott leny\u0171g\u00f6z\u0151 teljes\u00edtm\u00e9nye ut\u00e1n!<\/span><\/p>\n<p><span style=\"font-weight: 400;\">Az \u00f6t\u00f6dik helyen kezdte a kir\u00e1lyetapot \u00e9s leny\u0171g\u00f6z\u0151 teljes\u00edtm\u00e9ny\u00e9nek k\u00f6sz\u00f6nhet\u0151en a Col d&#8217;Aspin emelked\u0151j\u00e9re m\u00e1r negyedik volt. Azonban itt nem \u00e1llt meg, szem\u00e9t a dobog\u00f3n tartotta, hogy a tavalyi \u00e9vhez hasonl\u00f3an \u00fajra fel\u00e1llhasson r\u00e1. Csod\u00e1latos volt, ahogy Niewiadoma elhagyta riv\u00e1lisait a lejt\u0151n, \u00e9s v\u00e9g\u00fcl az egyik legsikeresebb versenyz\u0151v\u00e9 v\u00e1lt az idei versenyen.<\/span><\/p>\n<p>https:\/\/www.instagram.com\/p\/CvVRXANIScr\/?utm_source=ig_embed&#038;ig_rid=92072553-dc22-4850-8c28-774ddf93a12e<\/p>\n<p><b>Annemiek van Vleuten hely\u00e9t \u00e1tveszi a k\u00f6vetkez\u0151 gener\u00e1ci\u00f3<\/b><\/p>\n<p><span style=\"font-weight: 400;\">Az \u00f6r\u00f6kz\u00f6ld Annemiek van Vleuten, aki a Vuelta Femenina \u00e9s a Giro Donne idei \u00e9v\u00e9ben is sikereit \u00fcnnepelhette, a Tour de France Femmes-en kih\u00edv\u00e1sokkal n\u00e9zett szembe. Az egy\u00e9ni id\u0151futamon jelent\u0151s id\u0151t vesz\u00edtett &#8211; \u00e9s ezzel a hely\u00e9t is a dobog\u00f3n. A csal\u00f3d\u00e1s ellen\u00e9re van Vleuten er\u0151s \u00e9s elismert ker\u00e9kp\u00e1ros marad, \u00e9s versenyszellem\u00e9t tov\u00e1bbra is meg\u0151rzi, amikor Demi Volleringgel egyes\u00fcl, hogy Hollandi\u00e1t k\u00e9pviselj\u00e9k a Glasgow-i orsz\u00e1g\u00fati bajnoks\u00e1gon.<\/span><\/p>\n<p><b>A n\u0151i mez\u0151ny komolyan veszi a versenyt<\/b><\/p>\n<p><span style=\"font-weight: 400;\">A n\u0151i me\u0151ny hihetetlen erej\u00e9t l\u00e1thattuk a 2023-as Tour de France Femmes avec Zwift sor\u00e1n. Az SD Worx dominanci\u00e1ja ellen\u00e9re a verseny sz\u00e1mos tehets\u00e9get mutatott be. \u00d6sszesen 154 ker\u00e9kp\u00e1rosb\u00f3l 123 versenyz\u0151 vett r\u00e9szt az utols\u00f3 id\u0151futamon (a 2022-es 144\/109 ar\u00e1nyhoz k\u00e9pest), ami a sportol\u00f3k elk\u00f6telezetts\u00e9g\u00e9t \u00e9s elsz\u00e1nts\u00e1g\u00e1t mutatja. Az els\u0151 \u00f6t versenyz\u0151 mind\u00f6ssze \u00f6t percen bel\u00fcl v\u00e9gzett, t\u00edz versenyz\u0151 pedig Volleringt\u0151l t\u00edz percen bel\u00fcl \u00e9rt be a c\u00e9lba. Ez a figyelemre m\u00e9lt\u00f3 versenyszellem azt mutatja, hogy a n\u0151i ker\u00e9kp\u00e1roz\u00e1sra f\u00e9nyes j\u00f6v\u0151 v\u00e1r.<\/span><\/p>\n<p><span style=\"font-weight: 400;\">\u00c9rdemes megeml\u00edteni, hogy elt\u00e9r\u0151en az el\u0151z\u0151 \u00e9vt\u0151l, a m\u00e9dia figyelme elmozdult a n\u0151i ker\u00e9kp\u00e1roz\u00e1s \u00e1tt\u00f6r\u0151 pillanatair\u00f3l a versenyz\u00e9s puszta izgalm\u00e1ra. A ker\u00e9kp\u00e1rosok elk\u00f6telezetts\u00e9ge \u00e9s szenved\u00e9lye \u00e1tsug\u00e1rzott az ad\u00e1sokon, \u00e9s felejthetetlenn\u00e9 tette a 2023-as Tour de France Femmes-t.<\/span><\/p>\n<p><b>V\u00e9geredm\u00e9nyek<\/b><\/p>\n<p><span style=\"font-weight: 400;\">\u00d6sszetett verseny<\/span><\/p>\n<p><span style=\"font-weight: 400;\">Demi Vollering (SD Worx): 25:17:35<\/span><\/p>\n<p><span style=\"font-weight: 400;\">Lotte Kopecky (SD Worx): +3:03<\/span><\/p>\n<p><span style=\"font-weight: 400;\">Kasia Niewiadoma (Canyon\/\/SRAM): +3:03<\/span><\/p>\n<p><span style=\"font-weight: 400;\">Annemiek van Vleuten (Movistar): +3:59<\/span><\/p>\n<p><span style=\"font-weight: 400;\">Juliet Labous (Team DSM-Firmenich): +4:48<\/span><\/p>\n<p><span style=\"font-weight: 400;\">Pontverseny gy\u0151ztese: Lotte Kopecky (SD Worx): 243 pont<\/span><\/p>\n<p><span style=\"font-weight: 400;\">Hegyek Kir\u00e1lyn\u0151je: Kasia Niewiadoma (Canyon\/\/SRAM): 27 pont<\/span><\/p>\n<p><span style=\"font-weight: 400;\">Legjobb Fiatal: Cedrine Kerbaol (Ceratizit\u2013WNT Pro Cycling): 25:30:02<\/span><\/p>\n","protected":false},"excerpt":{"rendered":"<p>A 2023-as Tour de France Femmes avec Zwift egy gy\u00f6ny\u00f6r\u0171, epikus kerekp\u00e1ros esem\u00e9ny volt, amely egy izgalmas 22,6 km-es egy\u00e9ni [&hellip;]<\/p>\n","protected":false},"author":145,"featured_media":17770,"comment_status":"open","ping_status":"open","sticky":false,"template":"","format":"standard","meta":{"footnotes":""},"categories":[8],"tags":[],"global-categories":[419],"class_list":["post-17767","post","type-post","status-publish","format-standard","has-post-thumbnail","hentry","category-orszaguti-kerekpar","global-categories-cycling"],"yoast_head":"<!-- This site is optimized with the Yoast SEO Premium plugin v25.3 (Yoast SEO v25.9) - https:\/\/yoast.com\/wordpress\/plugins\/seo\/ -->\n<title>\u00c9l\u0151 legend\u00e1k: amit a 2023-as Tour de France Femmes avec Zwift-en tanultunk - \u0160koda We Love Cycling - Magyarorsz\u00e1g<\/title>\n<meta name=\"description\" content=\"A 2023-as Tour de France Femmes avec Zwift egy gy\u00f6ny\u00f6r\u0171, epikus kerekp\u00e1ros esem\u00e9ny volt, amely egy izgalmas 22,6 km-es egy\u00e9ni id\u0151futammal \u00e9rt v\u00e9get Pau-ban.\" \/>\n<meta name=\"robots\" content=\"index, follow, max-snippet:-1, max-image-preview:large, max-video-preview:-1\" \/>\n<link rel=\"canonical\" href=\"https:\/\/www.welovecycling.com\/hu\/orszaguti-kerekpar\/elo-legendak-amit-a-2023-as-tour-de-france-femmes-avec-zwift-en-tanultunk\/\" \/>\n<meta property=\"og:locale\" content=\"hu_HU\" \/>\n<meta property=\"og:type\" content=\"article\" \/>\n<meta property=\"og:title\" content=\"\u00c9l\u0151 legend\u00e1k: amit a 2023-as Tour de France Femmes avec Zwift-en tanultunk\" \/>\n<meta property=\"og:description\" content=\"A 2023-as Tour de France Femmes avec Zwift egy gy\u00f6ny\u00f6r\u0171, epikus kerekp\u00e1ros esem\u00e9ny volt, amely egy izgalmas 22,6 km-es egy\u00e9ni id\u0151futammal \u00e9rt v\u00e9get Pau-ban.\" \/>\n<meta property=\"og:url\" content=\"https:\/\/www.welovecycling.com\/hu\/orszaguti-kerekpar\/elo-legendak-amit-a-2023-as-tour-de-france-femmes-avec-zwift-en-tanultunk\/\" \/>\n<meta property=\"og:site_name\" content=\"\u0160koda We Love Cycling - Magyarorsz\u00e1g\" \/>\n<meta property=\"article:publisher\" content=\"https:\/\/www.facebook.com\/WeLoveCyclingHungary\/\" \/>\n<meta property=\"article:published_time\" content=\"2023-08-07T09:45:15+00:00\" \/>\n<meta property=\"og:image\" content=\"https:\/\/d2p6e6u75xmxt8.cloudfront.net\/12\/2023\/08\/ezgif.com-webp-to-jpg-3.webp\" \/>\n\t<meta property=\"og:image:width\" content=\"990\" \/>\n\t<meta property=\"og:image:height\" content=\"660\" \/>\n\t<meta property=\"og:image:type\" content=\"image\/webp\" \/>\n<meta name=\"author\" content=\"kitti\" \/>\n<meta name=\"twitter:card\" content=\"summary_large_image\" \/>\n<meta name=\"twitter:label1\" content=\"Written by\" \/>\n\t<meta name=\"twitter:data1\" content=\"We Love Cycling\" \/>\n\t<meta name=\"twitter:label2\" content=\"Est. reading time\" \/>\n\t<meta name=\"twitter:data2\" content=\"6 minutes\" \/>\n<script type=\"application\/ld+json\" class=\"yoast-schema-graph\">{\"@context\":\"https:\/\/schema.org\",\"@graph\":[{\"@type\":\"WebPage\",\"@id\":\"https:\/\/www.welovecycling.com\/hu\/orszaguti-kerekpar\/elo-legendak-amit-a-2023-as-tour-de-france-femmes-avec-zwift-en-tanultunk\/\",\"url\":\"https:\/\/www.welovecycling.com\/hu\/orszaguti-kerekpar\/elo-legendak-amit-a-2023-as-tour-de-france-femmes-avec-zwift-en-tanultunk\/\",\"name\":\"\u00c9l\u0151 legend\u00e1k: amit a 2023-as Tour de France Femmes avec Zwift-en tanultunk - \u0160koda We Love Cycling - Magyarorsz\u00e1g\",\"isPartOf\":{\"@id\":\"https:\/\/www.welovecycling.com\/hu\/#website\"},\"primaryImageOfPage\":{\"@id\":\"https:\/\/www.welovecycling.com\/hu\/orszaguti-kerekpar\/elo-legendak-amit-a-2023-as-tour-de-france-femmes-avec-zwift-en-tanultunk\/#primaryimage\"},\"image\":{\"@id\":\"https:\/\/www.welovecycling.com\/hu\/orszaguti-kerekpar\/elo-legendak-amit-a-2023-as-tour-de-france-femmes-avec-zwift-en-tanultunk\/#primaryimage\"},\"thumbnailUrl\":\"https:\/\/d2p6e6u75xmxt8.cloudfront.net\/12\/2023\/08\/ezgif.com-webp-to-jpg-3.webp\",\"datePublished\":\"2023-08-07T09:45:15+00:00\",\"author\":{\"@id\":\"https:\/\/www.welovecycling.com\/hu\/#\/schema\/person\/bec7dcdbcc59f58489cf603e4040ced1\"},\"description\":\"A 2023-as Tour de France Femmes avec Zwift egy gy\u00f6ny\u00f6r\u0171, epikus kerekp\u00e1ros esem\u00e9ny volt, amely egy izgalmas 22,6 km-es egy\u00e9ni id\u0151futammal \u00e9rt v\u00e9get Pau-ban.\",\"breadcrumb\":{\"@id\":\"https:\/\/www.welovecycling.com\/hu\/orszaguti-kerekpar\/elo-legendak-amit-a-2023-as-tour-de-france-femmes-avec-zwift-en-tanultunk\/#breadcrumb\"},\"inLanguage\":\"hu\",\"potentialAction\":[{\"@type\":\"ReadAction\",\"target\":[\"https:\/\/www.welovecycling.com\/hu\/orszaguti-kerekpar\/elo-legendak-amit-a-2023-as-tour-de-france-femmes-avec-zwift-en-tanultunk\/\"]}]},{\"@type\":\"ImageObject\",\"inLanguage\":\"hu\",\"@id\":\"https:\/\/www.welovecycling.com\/hu\/orszaguti-kerekpar\/elo-legendak-amit-a-2023-as-tour-de-france-femmes-avec-zwift-en-tanultunk\/#primaryimage\",\"url\":\"https:\/\/d2p6e6u75xmxt8.cloudfront.net\/12\/2023\/08\/ezgif.com-webp-to-jpg-3.webp\",\"contentUrl\":\"https:\/\/d2p6e6u75xmxt8.cloudfront.net\/12\/2023\/08\/ezgif.com-webp-to-jpg-3.webp\",\"width\":990,\"height\":660},{\"@type\":\"BreadcrumbList\",\"@id\":\"https:\/\/www.welovecycling.com\/hu\/orszaguti-kerekpar\/elo-legendak-amit-a-2023-as-tour-de-france-femmes-avec-zwift-en-tanultunk\/#breadcrumb\",\"itemListElement\":[{\"@type\":\"ListItem\",\"position\":1,\"name\":\"Home\",\"item\":\"https:\/\/www.welovecycling.com\/hu\/\"},{\"@type\":\"ListItem\",\"position\":2,\"name\":\"\u00c9l\u0151 legend\u00e1k: amit a 2023-as Tour de France Femmes avec Zwift-en tanultunk\"}]},{\"@type\":\"WebSite\",\"@id\":\"https:\/\/www.welovecycling.com\/hu\/#website\",\"url\":\"https:\/\/www.welovecycling.com\/hu\/\",\"name\":\"\u0160koda We Love Cycling - Magyarorsz\u00e1g\",\"description\":\"\u0160koda WeLoveCycling\",\"potentialAction\":[{\"@type\":\"SearchAction\",\"target\":{\"@type\":\"EntryPoint\",\"urlTemplate\":\"https:\/\/www.welovecycling.com\/hu\/?s={search_term_string}\"},\"query-input\":{\"@type\":\"PropertyValueSpecification\",\"valueRequired\":true,\"valueName\":\"search_term_string\"}}],\"inLanguage\":\"hu\"},{\"@type\":\"Person\",\"@id\":\"https:\/\/www.welovecycling.com\/hu\/#\/schema\/person\/bec7dcdbcc59f58489cf603e4040ced1\",\"name\":\"kitti\",\"image\":{\"@type\":\"ImageObject\",\"inLanguage\":\"hu\",\"@id\":\"https:\/\/www.welovecycling.com\/hu\/#\/schema\/person\/image\/\",\"url\":\"https:\/\/secure.gravatar.com\/avatar\/e3196a110e1b57b96f56d92d10ce9bb4e9d7210076832a16243337e949410b52?s=96&d=mm&r=g\",\"contentUrl\":\"https:\/\/secure.gravatar.com\/avatar\/e3196a110e1b57b96f56d92d10ce9bb4e9d7210076832a16243337e949410b52?s=96&d=mm&r=g\",\"caption\":\"kitti\"},\"url\":\"https:\/\/www.welovecycling.com\/hu\/author\/kitti\/\"}]}<\/script>\n<!-- \/ Yoast SEO Premium plugin. -->","yoast_head_json":{"title":"\u00c9l\u0151 legend\u00e1k: amit a 2023-as Tour de France Femmes avec Zwift-en tanultunk - \u0160koda We Love Cycling - Magyarorsz\u00e1g","description":"A 2023-as Tour de France Femmes avec Zwift egy gy\u00f6ny\u00f6r\u0171, epikus kerekp\u00e1ros esem\u00e9ny volt, amely egy izgalmas 22,6 km-es egy\u00e9ni id\u0151futammal \u00e9rt v\u00e9get Pau-ban.","robots":{"index":"index","follow":"follow","max-snippet":"max-snippet:-1","max-image-preview":"max-image-preview:large","max-video-preview":"max-video-preview:-1"},"canonical":"https:\/\/www.welovecycling.com\/hu\/orszaguti-kerekpar\/elo-legendak-amit-a-2023-as-tour-de-france-femmes-avec-zwift-en-tanultunk\/","og_locale":"hu_HU","og_type":"article","og_title":"\u00c9l\u0151 legend\u00e1k: amit a 2023-as Tour de France Femmes avec Zwift-en tanultunk","og_description":"A 2023-as Tour de France Femmes avec Zwift egy gy\u00f6ny\u00f6r\u0171, epikus kerekp\u00e1ros esem\u00e9ny volt, amely egy izgalmas 22,6 km-es egy\u00e9ni id\u0151futammal \u00e9rt v\u00e9get Pau-ban.","og_url":"https:\/\/www.welovecycling.com\/hu\/orszaguti-kerekpar\/elo-legendak-amit-a-2023-as-tour-de-france-femmes-avec-zwift-en-tanultunk\/","og_site_name":"\u0160koda We Love Cycling - Magyarorsz\u00e1g","article_publisher":"https:\/\/www.facebook.com\/WeLoveCyclingHungary\/","article_published_time":"2023-08-07T09:45:15+00:00","og_image":[{"width":990,"height":660,"url":"https:\/\/d2p6e6u75xmxt8.cloudfront.net\/12\/2023\/08\/ezgif.com-webp-to-jpg-3.webp","type":"image\/webp"}],"author":"kitti","twitter_card":"summary_large_image","twitter_misc":{"Written by":"We Love Cycling","Est. reading time":"6 minutes"},"schema":{"@context":"https:\/\/schema.org","@graph":[{"@type":"WebPage","@id":"https:\/\/www.welovecycling.com\/hu\/orszaguti-kerekpar\/elo-legendak-amit-a-2023-as-tour-de-france-femmes-avec-zwift-en-tanultunk\/","url":"https:\/\/www.welovecycling.com\/hu\/orszaguti-kerekpar\/elo-legendak-amit-a-2023-as-tour-de-france-femmes-avec-zwift-en-tanultunk\/","name":"\u00c9l\u0151 legend\u00e1k: amit a 2023-as Tour de France Femmes avec Zwift-en tanultunk - \u0160koda We Love Cycling - Magyarorsz\u00e1g","isPartOf":{"@id":"https:\/\/www.welovecycling.com\/hu\/#website"},"primaryImageOfPage":{"@id":"https:\/\/www.welovecycling.com\/hu\/orszaguti-kerekpar\/elo-legendak-amit-a-2023-as-tour-de-france-femmes-avec-zwift-en-tanultunk\/#primaryimage"},"image":{"@id":"https:\/\/www.welovecycling.com\/hu\/orszaguti-kerekpar\/elo-legendak-amit-a-2023-as-tour-de-france-femmes-avec-zwift-en-tanultunk\/#primaryimage"},"thumbnailUrl":"https:\/\/d2p6e6u75xmxt8.cloudfront.net\/12\/2023\/08\/ezgif.com-webp-to-jpg-3.webp","datePublished":"2023-08-07T09:45:15+00:00","author":{"@id":"https:\/\/www.welovecycling.com\/hu\/#\/schema\/person\/bec7dcdbcc59f58489cf603e4040ced1"},"description":"A 2023-as Tour de France Femmes avec Zwift egy gy\u00f6ny\u00f6r\u0171, epikus kerekp\u00e1ros esem\u00e9ny volt, amely egy izgalmas 22,6 km-es egy\u00e9ni id\u0151futammal \u00e9rt v\u00e9get Pau-ban.","breadcrumb":{"@id":"https:\/\/www.welovecycling.com\/hu\/orszaguti-kerekpar\/elo-legendak-amit-a-2023-as-tour-de-france-femmes-avec-zwift-en-tanultunk\/#breadcrumb"},"inLanguage":"hu","potentialAction":[{"@type":"ReadAction","target":["https:\/\/www.welovecycling.com\/hu\/orszaguti-kerekpar\/elo-legendak-amit-a-2023-as-tour-de-france-femmes-avec-zwift-en-tanultunk\/"]}]},{"@type":"ImageObject","inLanguage":"hu","@id":"https:\/\/www.welovecycling.com\/hu\/orszaguti-kerekpar\/elo-legendak-amit-a-2023-as-tour-de-france-femmes-avec-zwift-en-tanultunk\/#primaryimage","url":"https:\/\/d2p6e6u75xmxt8.cloudfront.net\/12\/2023\/08\/ezgif.com-webp-to-jpg-3.webp","contentUrl":"https:\/\/d2p6e6u75xmxt8.cloudfront.net\/12\/2023\/08\/ezgif.com-webp-to-jpg-3.webp","width":990,"height":660},{"@type":"BreadcrumbList","@id":"https:\/\/www.welovecycling.com\/hu\/orszaguti-kerekpar\/elo-legendak-amit-a-2023-as-tour-de-france-femmes-avec-zwift-en-tanultunk\/#breadcrumb","itemListElement":[{"@type":"ListItem","position":1,"name":"Home","item":"https:\/\/www.welovecycling.com\/hu\/"},{"@type":"ListItem","position":2,"name":"\u00c9l\u0151 legend\u00e1k: amit a 2023-as Tour de France Femmes avec Zwift-en tanultunk"}]},{"@type":"WebSite","@id":"https:\/\/www.welovecycling.com\/hu\/#website","url":"https:\/\/www.welovecycling.com\/hu\/","name":"\u0160koda We Love Cycling - Magyarorsz\u00e1g","description":"\u0160koda WeLoveCycling","potentialAction":[{"@type":"SearchAction","target":{"@type":"EntryPoint","urlTemplate":"https:\/\/www.welovecycling.com\/hu\/?s={search_term_string}"},"query-input":{"@type":"PropertyValueSpecification","valueRequired":true,"valueName":"search_term_string"}}],"inLanguage":"hu"},{"@type":"Person","@id":"https:\/\/www.welovecycling.com\/hu\/#\/schema\/person\/bec7dcdbcc59f58489cf603e4040ced1","name":"kitti","image":{"@type":"ImageObject","inLanguage":"hu","@id":"https:\/\/www.welovecycling.com\/hu\/#\/schema\/person\/image\/","url":"https:\/\/secure.gravatar.com\/avatar\/e3196a110e1b57b96f56d92d10ce9bb4e9d7210076832a16243337e949410b52?s=96&d=mm&r=g","contentUrl":"https:\/\/secure.gravatar.com\/avatar\/e3196a110e1b57b96f56d92d10ce9bb4e9d7210076832a16243337e949410b52?s=96&d=mm&r=g","caption":"kitti"},"url":"https:\/\/www.welovecycling.com\/hu\/author\/kitti\/"}]}},"_links":{"self":[{"href":"https:\/\/www.welovecycling.com\/hu\/wp-json\/wp\/v2\/posts\/17767","targetHints":{"allow":["GET"]}}],"collection":[{"href":"https:\/\/www.welovecycling.com\/hu\/wp-json\/wp\/v2\/posts"}],"about":[{"href":"https:\/\/www.welovecycling.com\/hu\/wp-json\/wp\/v2\/types\/post"}],"author":[{"embeddable":true,"href":"https:\/\/www.welovecycling.com\/hu\/wp-json\/wp\/v2\/users\/145"}],"replies":[{"embeddable":true,"href":"https:\/\/www.welovecycling.com\/hu\/wp-json\/wp\/v2\/comments?post=17767"}],"version-history":[{"count":2,"href":"https:\/\/www.welovecycling.com\/hu\/wp-json\/wp\/v2\/posts\/17767\/revisions"}],"predecessor-version":[{"id":17771,"href":"https:\/\/www.welovecycling.com\/hu\/wp-json\/wp\/v2\/posts\/17767\/revisions\/17771"}],"wp:featuredmedia":[{"embeddable":true,"href":"https:\/\/www.welovecycling.com\/hu\/wp-json\/wp\/v2\/media\/17770"}],"wp:attachment":[{"href":"https:\/\/www.welovecycling.com\/hu\/wp-json\/wp\/v2\/media?parent=17767"}],"wp:term":[{"taxonomy":"category","embeddable":true,"href":"https:\/\/www.welovecycling.com\/hu\/wp-json\/wp\/v2\/categories?post=17767"},{"taxonomy":"post_tag","embeddable":true,"href":"https:\/\/www.welovecycling.com\/hu\/wp-json\/wp\/v2\/tags?post=17767"},{"taxonomy":"global-categories","embeddable":true,"href":"https:\/\/www.welovecycling.com\/hu\/wp-json\/wp\/v2\/global-categories?post=17767"}],"curies":[{"name":"wp","href":"https:\/\/api.w.org\/{rel}","templated":true}]}}