{"id":17760,"date":"2023-08-04T13:44:37","date_gmt":"2023-08-04T11:44:37","guid":{"rendered":"https:\/\/www.welovecycling.com\/hu\/?p=17760"},"modified":"2023-08-04T13:44:37","modified_gmt":"2023-08-04T11:44:37","slug":"vas-blanka-olimpia-kvotara-hajt-a-vb-n-brutalis-belga-csapat-valter-attilanak-tovabbra-is-kinez-a-vuelta","status":"publish","type":"post","link":"https:\/\/www.welovecycling.com\/hu\/orszaguti-kerekpar\/vas-blanka-olimpia-kvotara-hajt-a-vb-n-brutalis-belga-csapat-valter-attilanak-tovabbra-is-kinez-a-vuelta\/","title":{"rendered":"Vas Blanka olimpia kv\u00f3t\u00e1ra hajt a vb-n, brut\u00e1lis belga csapat, Valter Attil\u00e1nak tov\u00e1bbra is kin\u00e9z a Vuelta"},"content":{"rendered":"<p><strong>Magyar r\u00e9sztvev\u0151kkel \u00e9s rem\u00e9nyekkel rajtolt el a sport\u00e1gt\u00f6rt\u00e9neti \u00f6sszker\u00e9kp\u00e1ros vil\u00e1gbajnoks\u00e1g, ahol gig\u00e1szok \u00f3ri\u00e1si harca v\u00e1rhat\u00f3 az egyik legjobban v\u00e1rt versenysz\u00e1mban, a f\u00e9rfiak orsz\u00e1g\u00fati mez\u0151nyverseny\u00e9ben. Valter Attila ek\u00f6zben csak edz \u00e9s edz \u2013 rem\u00e9lhet\u0151leg v\u00e1ltozatlanul a Vuelt\u00e1ra k\u00e9sz\u00fcl.<\/strong><!--more--><\/p>\n<p>Cs\u00fct\u00f6rt\u00f6k\u00f6n a p\u00e1lyaker\u00e9kp\u00e1ros sz\u00e1mokkal elrajtolt, \u00e9s eg\u00e9szen j\u00f6v\u0151 vas\u00e1rnapig tart az idei, glasgow-i \u00f6sszker\u00e9kp\u00e1ros vil\u00e1gbajnoks\u00e1g, amely rendhagy\u00f3 sport\u00e1gt\u00f6rt\u00e9neti esem\u00e9nynek min\u0151s\u00fcl, hiszen most el\u0151sz\u00f6r fordul el\u0151, hogy az \u00f6sszes nagy szak\u00e1g (p\u00e1lya, hegyiker\u00e9kp\u00e1r, teremker\u00e9kp\u00e1r, tri\u00e1l, BMX, para) valamennyi verseny\u00e9t ugyanazon vb keret\u00e9n bel\u00fcl rendezik meg, ugyanazon a helysz\u00ednen.<\/p>\n<p>Ami magyar szempontb\u00f3l a legl\u00e9nyegesebb, hogy id\u00e9n sem maradunk \u00e9rdekelts\u00e9gek n\u00e9lk\u00fcl, vagyis b\u0151ven lesz kinek szurkolni, hiszen a hazai sz\u00f6vets\u00e9g t\u00e1j\u00e9koztat\u00e1sa szerint \u00f6sszesen 37 haz\u00e1nkfia \u00e1ll rajthoz a sk\u00f3t f\u0151v\u00e1rosban, m\u00e9ghozz\u00e1 k\u00fcl\u00f6nf\u00e9le m\u0171fajokban. A legnagyobb rem\u00e9nyeket szinte m\u00e1r mag\u00e1t\u00f3l \u00e9rtet\u0151d\u0151en az elm\u00falt id\u0151szakban orsz\u00e1g\u00faton <a href=\"https:\/\/www.welovecycling.com\/hu\/orszaguti-kerekpar\/vas-blanka-szenzacios-honapja-philipsen-kittelek-nyomdokain\/\">pazar form\u00e1t mutat\u00f3<\/a> Vas Kata Blanka szerepl\u00e9s\u00e9hez f\u0171zhetj\u00fck, aki az orsz\u00e1g\u00fati mez\u0151nyverseny mellett ez\u00fattal eredeti terep\u00e9n, a hegyiker\u00e9kp\u00e1rosok k\u00f6z\u00f6tt is elindul az olimpiai XCO szak\u00e1gban, az U23-asok k\u00f6z\u00f6tt abszol\u00fat \u00e9remes\u00e9lyesk\u00e9nt, \u00e9s azzal a kimondott sz\u00e1nd\u00e9kkal, hogy Glasgow-ban megszerezze az indul\u00e1si jogot a j\u00f6v\u0151 \u00e9vi, p\u00e1rizsi olimpi\u00e1ra. Erre minden sansza meg is van, hiszen ne feledj\u00fck, \u0151 ebben a kateg\u00f3ri\u00e1ban val\u00f3di vil\u00e1gklasszis, amit a vil\u00e1gversenyek mellett a vil\u00e1gkupa-sorozatban is h\u00e9tr\u0151l h\u00e9tre bizony\u00edt \u2013 \u00e9s ki ne eml\u00e9kezne, a legut\u00f3bbi, toki\u00f3i \u00f6tkarik\u00e1s j\u00e1t\u00e9kokon az eg\u00e9sz mountain bike-mez\u0151ny legfiatalabbjak\u00e9nt, mind\u00f6ssze 19 \u00e9vesen \u00e9rt el szenz\u00e1ci\u00f3sz\u00e1mba men\u0151 negyedik helyez\u00e9st. Az SD Worx magyar klasszisa \u2013 aki nemr\u00e9g valamennyi szak\u00e1gban megv\u00e9dte ob-c\u00edm\u00e9t \u2013 emellett az orsz\u00e1g\u00fati mez\u0151nyversenyben is rajthoz \u00e1ll, itt is vil\u00e1gbajnoki-4., sz\u00f3val eset\u00e9ben a k\u00e9rd\u00e9s legink\u00e1bb \u201ecsak\u201d az, a n\u0151i Giro ut\u00e1n mennyire gyorsan tud \u00e1t\u00e1llni a vb-re el\u0151bb a mountain bike-ra, majd onnan egyb\u0151l vissza az aszfaltra. Mindenesetre, ha siker\u00fcl a kv\u00f3taszerz\u00e9s, az a j\u00f6v\u0151 \u00e9vi versenynapt\u00e1r\u00e1t is alapjaiban meghat\u00e1rozn\u00e1, hiszen ezesetben j\u00f6v\u0151re egy\u00e9rtelm\u0171en a hegyiker\u00e9kp\u00e1r ker\u00fclne f\u00f3kuszba.<\/p>\n<p><img loading=\"lazy\" decoding=\"async\" class=\"alignnone size-large wp-image-17761\" src=\"https:\/\/d2p6e6u75xmxt8.cloudfront.net\/12\/2023\/08\/199903026_177983367670308_4658547486282696514_n-1024x640.webp\" alt=\"\" width=\"1024\" height=\"640\" srcset=\"https:\/\/d2p6e6u75xmxt8.cloudfront.net\/12\/2023\/08\/199903026_177983367670308_4658547486282696514_n-1024x640.webp 1024w, https:\/\/d2p6e6u75xmxt8.cloudfront.net\/12\/2023\/08\/199903026_177983367670308_4658547486282696514_n-300x188.webp 300w, https:\/\/d2p6e6u75xmxt8.cloudfront.net\/12\/2023\/08\/199903026_177983367670308_4658547486282696514_n-768x480.webp 768w, https:\/\/d2p6e6u75xmxt8.cloudfront.net\/12\/2023\/08\/199903026_177983367670308_4658547486282696514_n-400x250.webp 400w, https:\/\/d2p6e6u75xmxt8.cloudfront.net\/12\/2023\/08\/199903026_177983367670308_4658547486282696514_n.webp 1200w\" sizes=\"auto, (max-width: 1024px) 100vw, 1024px\" \/><\/p>\n<p>M\u00e1sik nemzetk\u00f6zi klasszisunk, Valter Attila programj\u00e1ba ellenben nem f\u00e9r bele az idei vb, legf\u0151k\u00e9ppen a folyamatos magaslati \u00e9s egy\u00e9b Jumbo-edz\u0151t\u00e1borok miatt, amelyet t\u00f6bbek k\u00f6z\u00f6tt a csapat Vuelt\u00e1ra k\u00e9sz\u00fcl\u0151 t\u00e1rskapit\u00e1ny\u00e1val, Primo\u017e Rogli\u010d-csal folytat. Noha hivatalos meger\u0151s\u00edt\u00e9s m\u00e9g mindig nincs, ezek az \u00e1rulkod\u00f3 jelek v\u00e1ltozatlanul azt vet\u00edtik el\u0151re, hogy Ati rem\u00e9lhet\u0151leg ott lehet az \u00e9v utols\u00f3 nagy h\u00e1romhetes\u00e9n, a spanyol k\u00f6r\u00f6n \u2013 a m\u00e9rt\u00e9kad\u00f3 szakport\u00e1lok mindenesetre kiv\u00e9tel n\u00e9lk\u00fcl \u00fagy sz\u00e1molnak, hogy a magyar versenyz\u0151 benne lesz a holland szt\u00e1rcsapat bivalyer\u0151s Jumbo-keret\u00e9ben (a Giro-c\u00edmv\u00e9d\u0151 Rogli\u010d-csal \u00e9s a Tour-c\u00edmv\u00e9d\u0151 Jonas Vingegaard-al egy\u00fctt). Valter helyett az idei ob-n m\u00e1sodikk\u00e9nt v\u00e9gz\u0151 j\u00f3 bar\u00e1tja, Dina M\u00e1rton indul majd a f\u00e9rfiak mez\u0151nyverseny\u00e9ben, a Bringasport pedig <a href=\"https:\/\/bringasport.hu\/2023\/08\/02\/harminchet-magyarral-rajtol-az-elso-osszkerekparos-vb\/\">\u00f6ssze is szedte<\/a> a magyar \u00e9rdekelts\u00e9g\u0171 versenysz\u00e1mok id\u0151pontjait \u00e9s telev\u00edzi\u00f3s k\u00f6zvet\u00edt\u00e9seit.<\/p>\n<figure id=\"attachment_17762\" aria-describedby=\"caption-attachment-17762\" style=\"width: 720px\" class=\"wp-caption alignnone\"><img loading=\"lazy\" decoding=\"async\" class=\"size-full wp-image-17762\" src=\"https:\/\/d2p6e6u75xmxt8.cloudfront.net\/12\/2023\/08\/dina-att.webp\" alt=\"\" width=\"720\" height=\"480\" srcset=\"https:\/\/d2p6e6u75xmxt8.cloudfront.net\/12\/2023\/08\/dina-att.webp 720w, https:\/\/d2p6e6u75xmxt8.cloudfront.net\/12\/2023\/08\/dina-att-300x200.webp 300w, https:\/\/d2p6e6u75xmxt8.cloudfront.net\/12\/2023\/08\/dina-att-400x267.webp 400w, https:\/\/d2p6e6u75xmxt8.cloudfront.net\/12\/2023\/08\/dina-att-272x182.webp 272w\" sizes=\"auto, (max-width: 720px) 100vw, 720px\" \/><figcaption id=\"caption-attachment-17762\" class=\"wp-caption-text\">Dina M\u00e1rton indul a f\u00e9rfiak v\u00e1rva v\u00e1rt mez\u0151nyverseny\u00e9ben (fot\u00f3: Malopolski Wyscig G\u00f3rski\/Facebook)<\/figcaption><\/figure>\n<p>A legjobb es\u00e9lyekkel el\u0151zetesen a belg\u00e1k sz\u00e1llhatnak harcba, akik elk\u00e9peszt\u0151 csapattal mennek neki a versenynek. Remco Evenepoel ugyanis a Vuelta el\u0151tt a vb-n is szeretne c\u00edmet v\u00e9deni, \u00e9s akkor mellette ott van m\u00e9g a f\u00f6ld\u00f6nk\u00edv\u00fcli Wout Van Aert \u00e9s az idei Tour-on n\u00e9gy szakaszt \u00e9s vele egy\u00fctt a z\u00f6ld trik\u00f3t is sim\u00e1n bezsebel\u0151 Jasper Phillipsen is \u2013 azt\u00e1n persze mindig k\u00e9rd\u00e9s, ennyi dud\u00e1s megf\u00e9r-e egym\u00e1s mellett egy cs\u00e1rd\u00e1ban, vagy \u201enevet\u0151 negyedikk\u00e9nt\u201d valaki m\u00e1s \u2013 <a href=\"https:\/\/www.welovecycling.com\/hu\/orszaguti-kerekpar\/vingegaard-a-vueltat-is-behuzna-van-der-poel-mar-a-jovo-hetvegi-vilagbajnoksagra-feni-a-fogat\/\">p\u00e9ld\u00e1ul Mathieu van der Poel<\/a>, vagy ak\u00e1r Tadej Poga\u010dar \u2013 ki\u00e9nekli-e a sajtot a sz\u00e1jukb\u00f3l\u2026<\/p>\n<figure id=\"attachment_17764\" aria-describedby=\"caption-attachment-17764\" style=\"width: 945px\" class=\"wp-caption alignnone\"><img loading=\"lazy\" decoding=\"async\" class=\"size-full wp-image-17764\" src=\"https:\/\/d2p6e6u75xmxt8.cloudfront.net\/12\/2023\/08\/remco-evenepoel-worlds-1_1664097963.webp\" alt=\"\" width=\"945\" height=\"630\" srcset=\"https:\/\/d2p6e6u75xmxt8.cloudfront.net\/12\/2023\/08\/remco-evenepoel-worlds-1_1664097963.webp 945w, https:\/\/d2p6e6u75xmxt8.cloudfront.net\/12\/2023\/08\/remco-evenepoel-worlds-1_1664097963-300x200.webp 300w, https:\/\/d2p6e6u75xmxt8.cloudfront.net\/12\/2023\/08\/remco-evenepoel-worlds-1_1664097963-768x512.webp 768w, https:\/\/d2p6e6u75xmxt8.cloudfront.net\/12\/2023\/08\/remco-evenepoel-worlds-1_1664097963-400x267.webp 400w, https:\/\/d2p6e6u75xmxt8.cloudfront.net\/12\/2023\/08\/remco-evenepoel-worlds-1_1664097963-272x182.webp 272w\" sizes=\"auto, (max-width: 945px) 100vw, 945px\" \/><figcaption id=\"caption-attachment-17764\" class=\"wp-caption-text\">Remco Evenepoel megv\u00e9den\u00e9 vil\u00e1gbajnoki c\u00edm\u00e9t (is) (fot\u00f3: Soudal-QuickStep)<\/figcaption><\/figure>\n<p><em>Bor\u00edt\u00f3k\u00e9p: CHRISTIAN KASPAR-BARTKE\/GETTY IMAGES<\/em><\/p>\n","protected":false},"excerpt":{"rendered":"<p>Magyar r\u00e9sztvev\u0151kkel \u00e9s rem\u00e9nyekkel rajtolt el a sport\u00e1gt\u00f6rt\u00e9neti \u00f6sszker\u00e9kp\u00e1ros vil\u00e1gbajnoks\u00e1g, ahol gig\u00e1szok \u00f3ri\u00e1si harca v\u00e1rhat\u00f3 az egyik legjobban v\u00e1rt versenysz\u00e1mban, [&hellip;]<\/p>\n","protected":false},"author":71,"featured_media":17763,"comment_status":"open","ping_status":"open","sticky":false,"template":"","format":"standard","meta":{"footnotes":""},"categories":[8],"tags":[],"global-categories":[419],"class_list":["post-17760","post","type-post","status-publish","format-standard","has-post-thumbnail","hentry","category-orszaguti-kerekpar","global-categories-cycling"],"yoast_head":"<!-- This site is optimized with the Yoast SEO Premium plugin v25.3 (Yoast SEO v25.9) - https:\/\/yoast.com\/wordpress\/plugins\/seo\/ -->\n<title>Vas Blanka olimpia kv\u00f3t\u00e1ra hajt a vb-n, brut\u00e1lis belga csapat, Valter Attil\u00e1nak tov\u00e1bbra is kin\u00e9z a Vuelta<\/title>\n<meta name=\"description\" content=\"Magyar r\u00e9sztvev\u0151kkel \u00e9s rem\u00e9nyekkel rajtolt el a sport\u00e1gt\u00f6rt\u00e9neti \u00f6sszker\u00e9kp\u00e1ros vil\u00e1gbajnoks\u00e1g, ahol gig\u00e1szok \u00f3ri\u00e1si harca v\u00e1rhat\u00f3 az egyik legjobban v\u00e1rt versenysz\u00e1mban, a f\u00e9rfiak orsz\u00e1g\u00fati mez\u0151nyverseny\u00e9ben. Valter Attila ek\u00f6zben csak edz \u00e9s edz \u2013 rem\u00e9lhet\u0151leg v\u00e1ltozatlanul a Vuelt\u00e1ra k\u00e9sz\u00fcl.\" \/>\n<meta name=\"robots\" content=\"index, follow, max-snippet:-1, max-image-preview:large, max-video-preview:-1\" \/>\n<link rel=\"canonical\" href=\"https:\/\/www.welovecycling.com\/hu\/orszaguti-kerekpar\/vas-blanka-olimpia-kvotara-hajt-a-vb-n-brutalis-belga-csapat-valter-attilanak-tovabbra-is-kinez-a-vuelta\/\" \/>\n<meta property=\"og:locale\" content=\"hu_HU\" \/>\n<meta property=\"og:type\" content=\"article\" \/>\n<meta property=\"og:title\" content=\"Vas Blanka olimpia kv\u00f3t\u00e1ra hajt a vb-n, brut\u00e1lis belga csapat, Valter Attil\u00e1nak tov\u00e1bbra is kin\u00e9z a Vuelta\" \/>\n<meta property=\"og:description\" content=\"Magyar r\u00e9sztvev\u0151kkel \u00e9s rem\u00e9nyekkel rajtolt el a sport\u00e1gt\u00f6rt\u00e9neti \u00f6sszker\u00e9kp\u00e1ros vil\u00e1gbajnoks\u00e1g, ahol gig\u00e1szok \u00f3ri\u00e1si harca v\u00e1rhat\u00f3 az egyik legjobban v\u00e1rt versenysz\u00e1mban, a f\u00e9rfiak orsz\u00e1g\u00fati mez\u0151nyverseny\u00e9ben. Valter Attila ek\u00f6zben csak edz \u00e9s edz \u2013 rem\u00e9lhet\u0151leg v\u00e1ltozatlanul a Vuelt\u00e1ra k\u00e9sz\u00fcl.\" \/>\n<meta property=\"og:url\" content=\"https:\/\/www.welovecycling.com\/hu\/orszaguti-kerekpar\/vas-blanka-olimpia-kvotara-hajt-a-vb-n-brutalis-belga-csapat-valter-attilanak-tovabbra-is-kinez-a-vuelta\/\" \/>\n<meta property=\"og:site_name\" content=\"\u0160koda We Love Cycling - Magyarorsz\u00e1g\" \/>\n<meta property=\"article:publisher\" content=\"https:\/\/www.facebook.com\/WeLoveCyclingHungary\/\" \/>\n<meta property=\"article:published_time\" content=\"2023-08-04T11:44:37+00:00\" \/>\n<meta property=\"og:image\" content=\"https:\/\/d2p6e6u75xmxt8.cloudfront.net\/12\/2023\/08\/GettyImages-1316984144.webp\" \/>\n\t<meta property=\"og:image:width\" content=\"1024\" \/>\n\t<meta property=\"og:image:height\" content=\"683\" \/>\n\t<meta property=\"og:image:type\" content=\"image\/webp\" \/>\n<meta name=\"author\" content=\"hegyizs\" \/>\n<meta name=\"twitter:card\" content=\"summary_large_image\" \/>\n<meta name=\"twitter:label1\" content=\"Written by\" \/>\n\t<meta name=\"twitter:data1\" content=\"WLC\" \/>\n\t<meta name=\"twitter:label2\" content=\"Est. reading time\" \/>\n\t<meta name=\"twitter:data2\" content=\"4 minutes\" \/>\n<script type=\"application\/ld+json\" class=\"yoast-schema-graph\">{\"@context\":\"https:\/\/schema.org\",\"@graph\":[{\"@type\":\"WebPage\",\"@id\":\"https:\/\/www.welovecycling.com\/hu\/orszaguti-kerekpar\/vas-blanka-olimpia-kvotara-hajt-a-vb-n-brutalis-belga-csapat-valter-attilanak-tovabbra-is-kinez-a-vuelta\/\",\"url\":\"https:\/\/www.welovecycling.com\/hu\/orszaguti-kerekpar\/vas-blanka-olimpia-kvotara-hajt-a-vb-n-brutalis-belga-csapat-valter-attilanak-tovabbra-is-kinez-a-vuelta\/\",\"name\":\"Vas Blanka olimpia kv\u00f3t\u00e1ra hajt a vb-n, brut\u00e1lis belga csapat, Valter Attil\u00e1nak tov\u00e1bbra is kin\u00e9z a Vuelta\",\"isPartOf\":{\"@id\":\"https:\/\/www.welovecycling.com\/hu\/#website\"},\"primaryImageOfPage\":{\"@id\":\"https:\/\/www.welovecycling.com\/hu\/orszaguti-kerekpar\/vas-blanka-olimpia-kvotara-hajt-a-vb-n-brutalis-belga-csapat-valter-attilanak-tovabbra-is-kinez-a-vuelta\/#primaryimage\"},\"image\":{\"@id\":\"https:\/\/www.welovecycling.com\/hu\/orszaguti-kerekpar\/vas-blanka-olimpia-kvotara-hajt-a-vb-n-brutalis-belga-csapat-valter-attilanak-tovabbra-is-kinez-a-vuelta\/#primaryimage\"},\"thumbnailUrl\":\"https:\/\/d2p6e6u75xmxt8.cloudfront.net\/12\/2023\/08\/GettyImages-1316984144.webp\",\"datePublished\":\"2023-08-04T11:44:37+00:00\",\"author\":{\"@id\":\"https:\/\/www.welovecycling.com\/hu\/#\/schema\/person\/414a2aebf1801691a5320edb6468e194\"},\"description\":\"Magyar r\u00e9sztvev\u0151kkel \u00e9s rem\u00e9nyekkel rajtolt el a sport\u00e1gt\u00f6rt\u00e9neti \u00f6sszker\u00e9kp\u00e1ros vil\u00e1gbajnoks\u00e1g, ahol gig\u00e1szok \u00f3ri\u00e1si harca v\u00e1rhat\u00f3 az egyik legjobban v\u00e1rt versenysz\u00e1mban, a f\u00e9rfiak orsz\u00e1g\u00fati mez\u0151nyverseny\u00e9ben. Valter Attila ek\u00f6zben csak edz \u00e9s edz \u2013 rem\u00e9lhet\u0151leg v\u00e1ltozatlanul a Vuelt\u00e1ra k\u00e9sz\u00fcl.\",\"breadcrumb\":{\"@id\":\"https:\/\/www.welovecycling.com\/hu\/orszaguti-kerekpar\/vas-blanka-olimpia-kvotara-hajt-a-vb-n-brutalis-belga-csapat-valter-attilanak-tovabbra-is-kinez-a-vuelta\/#breadcrumb\"},\"inLanguage\":\"hu\",\"potentialAction\":[{\"@type\":\"ReadAction\",\"target\":[\"https:\/\/www.welovecycling.com\/hu\/orszaguti-kerekpar\/vas-blanka-olimpia-kvotara-hajt-a-vb-n-brutalis-belga-csapat-valter-attilanak-tovabbra-is-kinez-a-vuelta\/\"]}]},{\"@type\":\"ImageObject\",\"inLanguage\":\"hu\",\"@id\":\"https:\/\/www.welovecycling.com\/hu\/orszaguti-kerekpar\/vas-blanka-olimpia-kvotara-hajt-a-vb-n-brutalis-belga-csapat-valter-attilanak-tovabbra-is-kinez-a-vuelta\/#primaryimage\",\"url\":\"https:\/\/d2p6e6u75xmxt8.cloudfront.net\/12\/2023\/08\/GettyImages-1316984144.webp\",\"contentUrl\":\"https:\/\/d2p6e6u75xmxt8.cloudfront.net\/12\/2023\/08\/GettyImages-1316984144.webp\",\"width\":1024,\"height\":683},{\"@type\":\"BreadcrumbList\",\"@id\":\"https:\/\/www.welovecycling.com\/hu\/orszaguti-kerekpar\/vas-blanka-olimpia-kvotara-hajt-a-vb-n-brutalis-belga-csapat-valter-attilanak-tovabbra-is-kinez-a-vuelta\/#breadcrumb\",\"itemListElement\":[{\"@type\":\"ListItem\",\"position\":1,\"name\":\"Home\",\"item\":\"https:\/\/www.welovecycling.com\/hu\/\"},{\"@type\":\"ListItem\",\"position\":2,\"name\":\"Vas Blanka olimpia kv\u00f3t\u00e1ra hajt a vb-n, brut\u00e1lis belga csapat, Valter Attil\u00e1nak tov\u00e1bbra is kin\u00e9z a Vuelta\"}]},{\"@type\":\"WebSite\",\"@id\":\"https:\/\/www.welovecycling.com\/hu\/#website\",\"url\":\"https:\/\/www.welovecycling.com\/hu\/\",\"name\":\"\u0160koda We Love Cycling - Magyarorsz\u00e1g\",\"description\":\"\u0160koda WeLoveCycling\",\"potentialAction\":[{\"@type\":\"SearchAction\",\"target\":{\"@type\":\"EntryPoint\",\"urlTemplate\":\"https:\/\/www.welovecycling.com\/hu\/?s={search_term_string}\"},\"query-input\":{\"@type\":\"PropertyValueSpecification\",\"valueRequired\":true,\"valueName\":\"search_term_string\"}}],\"inLanguage\":\"hu\"},{\"@type\":\"Person\",\"@id\":\"https:\/\/www.welovecycling.com\/hu\/#\/schema\/person\/414a2aebf1801691a5320edb6468e194\",\"name\":\"hegyizs\",\"image\":{\"@type\":\"ImageObject\",\"inLanguage\":\"hu\",\"@id\":\"https:\/\/www.welovecycling.com\/hu\/#\/schema\/person\/image\/\",\"url\":\"https:\/\/secure.gravatar.com\/avatar\/02cf8a7906b8cf90cecb4679defac7cfd33a1c2e3b88e4903d947f3bb58eedd3?s=96&d=mm&r=g\",\"contentUrl\":\"https:\/\/secure.gravatar.com\/avatar\/02cf8a7906b8cf90cecb4679defac7cfd33a1c2e3b88e4903d947f3bb58eedd3?s=96&d=mm&r=g\",\"caption\":\"hegyizs\"},\"url\":\"https:\/\/www.welovecycling.com\/hu\/author\/hegyizs\/\"}]}<\/script>\n<!-- \/ Yoast SEO Premium plugin. -->","yoast_head_json":{"title":"Vas Blanka olimpia kv\u00f3t\u00e1ra hajt a vb-n, brut\u00e1lis belga csapat, Valter Attil\u00e1nak tov\u00e1bbra is kin\u00e9z a Vuelta","description":"Magyar r\u00e9sztvev\u0151kkel \u00e9s rem\u00e9nyekkel rajtolt el a sport\u00e1gt\u00f6rt\u00e9neti \u00f6sszker\u00e9kp\u00e1ros vil\u00e1gbajnoks\u00e1g, ahol gig\u00e1szok \u00f3ri\u00e1si harca v\u00e1rhat\u00f3 az egyik legjobban v\u00e1rt versenysz\u00e1mban, a f\u00e9rfiak orsz\u00e1g\u00fati mez\u0151nyverseny\u00e9ben. Valter Attila ek\u00f6zben csak edz \u00e9s edz \u2013 rem\u00e9lhet\u0151leg v\u00e1ltozatlanul a Vuelt\u00e1ra k\u00e9sz\u00fcl.","robots":{"index":"index","follow":"follow","max-snippet":"max-snippet:-1","max-image-preview":"max-image-preview:large","max-video-preview":"max-video-preview:-1"},"canonical":"https:\/\/www.welovecycling.com\/hu\/orszaguti-kerekpar\/vas-blanka-olimpia-kvotara-hajt-a-vb-n-brutalis-belga-csapat-valter-attilanak-tovabbra-is-kinez-a-vuelta\/","og_locale":"hu_HU","og_type":"article","og_title":"Vas Blanka olimpia kv\u00f3t\u00e1ra hajt a vb-n, brut\u00e1lis belga csapat, Valter Attil\u00e1nak tov\u00e1bbra is kin\u00e9z a Vuelta","og_description":"Magyar r\u00e9sztvev\u0151kkel \u00e9s rem\u00e9nyekkel rajtolt el a sport\u00e1gt\u00f6rt\u00e9neti \u00f6sszker\u00e9kp\u00e1ros vil\u00e1gbajnoks\u00e1g, ahol gig\u00e1szok \u00f3ri\u00e1si harca v\u00e1rhat\u00f3 az egyik legjobban v\u00e1rt versenysz\u00e1mban, a f\u00e9rfiak orsz\u00e1g\u00fati mez\u0151nyverseny\u00e9ben. Valter Attila ek\u00f6zben csak edz \u00e9s edz \u2013 rem\u00e9lhet\u0151leg v\u00e1ltozatlanul a Vuelt\u00e1ra k\u00e9sz\u00fcl.","og_url":"https:\/\/www.welovecycling.com\/hu\/orszaguti-kerekpar\/vas-blanka-olimpia-kvotara-hajt-a-vb-n-brutalis-belga-csapat-valter-attilanak-tovabbra-is-kinez-a-vuelta\/","og_site_name":"\u0160koda We Love Cycling - Magyarorsz\u00e1g","article_publisher":"https:\/\/www.facebook.com\/WeLoveCyclingHungary\/","article_published_time":"2023-08-04T11:44:37+00:00","og_image":[{"width":1024,"height":683,"url":"https:\/\/d2p6e6u75xmxt8.cloudfront.net\/12\/2023\/08\/GettyImages-1316984144.webp","type":"image\/webp"}],"author":"hegyizs","twitter_card":"summary_large_image","twitter_misc":{"Written by":"WLC","Est. reading time":"4 minutes"},"schema":{"@context":"https:\/\/schema.org","@graph":[{"@type":"WebPage","@id":"https:\/\/www.welovecycling.com\/hu\/orszaguti-kerekpar\/vas-blanka-olimpia-kvotara-hajt-a-vb-n-brutalis-belga-csapat-valter-attilanak-tovabbra-is-kinez-a-vuelta\/","url":"https:\/\/www.welovecycling.com\/hu\/orszaguti-kerekpar\/vas-blanka-olimpia-kvotara-hajt-a-vb-n-brutalis-belga-csapat-valter-attilanak-tovabbra-is-kinez-a-vuelta\/","name":"Vas Blanka olimpia kv\u00f3t\u00e1ra hajt a vb-n, brut\u00e1lis belga csapat, Valter Attil\u00e1nak tov\u00e1bbra is kin\u00e9z a Vuelta","isPartOf":{"@id":"https:\/\/www.welovecycling.com\/hu\/#website"},"primaryImageOfPage":{"@id":"https:\/\/www.welovecycling.com\/hu\/orszaguti-kerekpar\/vas-blanka-olimpia-kvotara-hajt-a-vb-n-brutalis-belga-csapat-valter-attilanak-tovabbra-is-kinez-a-vuelta\/#primaryimage"},"image":{"@id":"https:\/\/www.welovecycling.com\/hu\/orszaguti-kerekpar\/vas-blanka-olimpia-kvotara-hajt-a-vb-n-brutalis-belga-csapat-valter-attilanak-tovabbra-is-kinez-a-vuelta\/#primaryimage"},"thumbnailUrl":"https:\/\/d2p6e6u75xmxt8.cloudfront.net\/12\/2023\/08\/GettyImages-1316984144.webp","datePublished":"2023-08-04T11:44:37+00:00","author":{"@id":"https:\/\/www.welovecycling.com\/hu\/#\/schema\/person\/414a2aebf1801691a5320edb6468e194"},"description":"Magyar r\u00e9sztvev\u0151kkel \u00e9s rem\u00e9nyekkel rajtolt el a sport\u00e1gt\u00f6rt\u00e9neti \u00f6sszker\u00e9kp\u00e1ros vil\u00e1gbajnoks\u00e1g, ahol gig\u00e1szok \u00f3ri\u00e1si harca v\u00e1rhat\u00f3 az egyik legjobban v\u00e1rt versenysz\u00e1mban, a f\u00e9rfiak orsz\u00e1g\u00fati mez\u0151nyverseny\u00e9ben. Valter Attila ek\u00f6zben csak edz \u00e9s edz \u2013 rem\u00e9lhet\u0151leg v\u00e1ltozatlanul a Vuelt\u00e1ra k\u00e9sz\u00fcl.","breadcrumb":{"@id":"https:\/\/www.welovecycling.com\/hu\/orszaguti-kerekpar\/vas-blanka-olimpia-kvotara-hajt-a-vb-n-brutalis-belga-csapat-valter-attilanak-tovabbra-is-kinez-a-vuelta\/#breadcrumb"},"inLanguage":"hu","potentialAction":[{"@type":"ReadAction","target":["https:\/\/www.welovecycling.com\/hu\/orszaguti-kerekpar\/vas-blanka-olimpia-kvotara-hajt-a-vb-n-brutalis-belga-csapat-valter-attilanak-tovabbra-is-kinez-a-vuelta\/"]}]},{"@type":"ImageObject","inLanguage":"hu","@id":"https:\/\/www.welovecycling.com\/hu\/orszaguti-kerekpar\/vas-blanka-olimpia-kvotara-hajt-a-vb-n-brutalis-belga-csapat-valter-attilanak-tovabbra-is-kinez-a-vuelta\/#primaryimage","url":"https:\/\/d2p6e6u75xmxt8.cloudfront.net\/12\/2023\/08\/GettyImages-1316984144.webp","contentUrl":"https:\/\/d2p6e6u75xmxt8.cloudfront.net\/12\/2023\/08\/GettyImages-1316984144.webp","width":1024,"height":683},{"@type":"BreadcrumbList","@id":"https:\/\/www.welovecycling.com\/hu\/orszaguti-kerekpar\/vas-blanka-olimpia-kvotara-hajt-a-vb-n-brutalis-belga-csapat-valter-attilanak-tovabbra-is-kinez-a-vuelta\/#breadcrumb","itemListElement":[{"@type":"ListItem","position":1,"name":"Home","item":"https:\/\/www.welovecycling.com\/hu\/"},{"@type":"ListItem","position":2,"name":"Vas Blanka olimpia kv\u00f3t\u00e1ra hajt a vb-n, brut\u00e1lis belga csapat, Valter Attil\u00e1nak tov\u00e1bbra is kin\u00e9z a Vuelta"}]},{"@type":"WebSite","@id":"https:\/\/www.welovecycling.com\/hu\/#website","url":"https:\/\/www.welovecycling.com\/hu\/","name":"\u0160koda We Love Cycling - Magyarorsz\u00e1g","description":"\u0160koda WeLoveCycling","potentialAction":[{"@type":"SearchAction","target":{"@type":"EntryPoint","urlTemplate":"https:\/\/www.welovecycling.com\/hu\/?s={search_term_string}"},"query-input":{"@type":"PropertyValueSpecification","valueRequired":true,"valueName":"search_term_string"}}],"inLanguage":"hu"},{"@type":"Person","@id":"https:\/\/www.welovecycling.com\/hu\/#\/schema\/person\/414a2aebf1801691a5320edb6468e194","name":"hegyizs","image":{"@type":"ImageObject","inLanguage":"hu","@id":"https:\/\/www.welovecycling.com\/hu\/#\/schema\/person\/image\/","url":"https:\/\/secure.gravatar.com\/avatar\/02cf8a7906b8cf90cecb4679defac7cfd33a1c2e3b88e4903d947f3bb58eedd3?s=96&d=mm&r=g","contentUrl":"https:\/\/secure.gravatar.com\/avatar\/02cf8a7906b8cf90cecb4679defac7cfd33a1c2e3b88e4903d947f3bb58eedd3?s=96&d=mm&r=g","caption":"hegyizs"},"url":"https:\/\/www.welovecycling.com\/hu\/author\/hegyizs\/"}]}},"_links":{"self":[{"href":"https:\/\/www.welovecycling.com\/hu\/wp-json\/wp\/v2\/posts\/17760","targetHints":{"allow":["GET"]}}],"collection":[{"href":"https:\/\/www.welovecycling.com\/hu\/wp-json\/wp\/v2\/posts"}],"about":[{"href":"https:\/\/www.welovecycling.com\/hu\/wp-json\/wp\/v2\/types\/post"}],"author":[{"embeddable":true,"href":"https:\/\/www.welovecycling.com\/hu\/wp-json\/wp\/v2\/users\/71"}],"replies":[{"embeddable":true,"href":"https:\/\/www.welovecycling.com\/hu\/wp-json\/wp\/v2\/comments?post=17760"}],"version-history":[{"count":1,"href":"https:\/\/www.welovecycling.com\/hu\/wp-json\/wp\/v2\/posts\/17760\/revisions"}],"predecessor-version":[{"id":17765,"href":"https:\/\/www.welovecycling.com\/hu\/wp-json\/wp\/v2\/posts\/17760\/revisions\/17765"}],"wp:featuredmedia":[{"embeddable":true,"href":"https:\/\/www.welovecycling.com\/hu\/wp-json\/wp\/v2\/media\/17763"}],"wp:attachment":[{"href":"https:\/\/www.welovecycling.com\/hu\/wp-json\/wp\/v2\/media?parent=17760"}],"wp:term":[{"taxonomy":"category","embeddable":true,"href":"https:\/\/www.welovecycling.com\/hu\/wp-json\/wp\/v2\/categories?post=17760"},{"taxonomy":"post_tag","embeddable":true,"href":"https:\/\/www.welovecycling.com\/hu\/wp-json\/wp\/v2\/tags?post=17760"},{"taxonomy":"global-categories","embeddable":true,"href":"https:\/\/www.welovecycling.com\/hu\/wp-json\/wp\/v2\/global-categories?post=17760"}],"curies":[{"name":"wp","href":"https:\/\/api.w.org\/{rel}","templated":true}]}}