{"id":17751,"date":"2023-08-10T08:00:44","date_gmt":"2023-08-10T06:00:44","guid":{"rendered":"https:\/\/www.welovecycling.com\/hu\/?p=17751"},"modified":"2023-08-04T13:54:52","modified_gmt":"2023-08-04T11:54:52","slug":"haladas-ket-kereken-europa-elkotelezettsege-a-kerekparos-infrastruktura-fejlesztese-irant-a-covid-utani-idoszakban","status":"publish","type":"post","link":"https:\/\/www.welovecycling.com\/hu\/orszaguti-kerekpar\/haladas-ket-kereken-europa-elkotelezettsege-a-kerekparos-infrastruktura-fejlesztese-irant-a-covid-utani-idoszakban\/","title":{"rendered":"Halad\u00e1s k\u00e9t ker\u00e9ken: Eur\u00f3pa elk\u00f6telezetts\u00e9ge a ker\u00e9kp\u00e1ros infrastrukt\u00fara fejleszt\u00e9se ir\u00e1nt a Covid ut\u00e1ni id\u0151szakban"},"content":{"rendered":"<p><strong>Ahogy a vil\u00e1gj\u00e1rv\u00e1ny idej\u00e9n az eg\u00e9sz vil\u00e1g tan\u00faja lehetett a bicikliz\u00e9s fellend\u00fcl\u00e9s\u00e9nek, sz\u00e1mos orsz\u00e1g \u00e9lt a lehet\u0151s\u00e9ggel \u00e9s a megn\u00f6vekedett forr\u00e1sok, illetve az akt\u00edv k\u00f6zleked\u00e9s \u00fajonnan felfedezett el\u0151nyeinek hat\u00e1s\u00e1ra beruh\u00e1zott a ker\u00e9kp\u00e1ros infrastrukt\u00far\u00e1ba.<\/strong><\/p>\n<p><!--more--><\/p>\n<p>Az\u00f3ta eltelt n\u00e9h\u00e1ny \u00e9v, \u00edgy \u00fagy gondoltuk, itt az id\u0151, hogy sz\u00e1mot vess\u00fcnk \u00e9s megvizsg\u00e1ljuk, mik\u00e9ppen alakultak ezek a tervek a kezdeti lelkesed\u00e9s ut\u00e1n. Ez\u00fattal a ker\u00e9kp\u00e1ros infrastrukt\u00fara eur\u00f3pai fejl\u0151d\u00e9s\u00e9t vizsg\u00e1ljuk meg, felt\u00e1rjuk a nemzeti helyre\u00e1ll\u00edt\u00e1si tervek hat\u00e1s\u00e1t \u00e9s g\u00f3rcs\u0151 al\u00e1 vessz\u00fck az orsz\u00e1gok el\u0151rel\u00e9p\u00e9seit.<\/p>\n<p>Belgium mer\u00e9sz beruh\u00e1z\u00e1sait\u00f3l eg\u00e9szen Szlov\u00e1kia innovat\u00edv m\u00f3dszer\u00e9ig szemrev\u00e9telezz\u00fck a sikereket, a kih\u00edv\u00e1sokat \u00e9s a folyamatban l\u00e9v\u0151 er\u0151fesz\u00edt\u00e9seket, amik ahhoz sz\u00fcks\u00e9gesek, hogy biciklis \u00e1lmainkat k\u00e9zzelfoghat\u00f3 val\u00f3s\u00e1gg\u00e1 v\u00e1ltsuk az eg\u00e9sz kontinensen.<\/p>\n<h2><strong>Hogyan befoly\u00e1solta az eur\u00f3pai orsz\u00e1gok ker\u00e9kp\u00e1roz\u00e1ssal kapcsolatos k\u00f6telezetts\u00e9gv\u00e1llal\u00e1sait a nemzeti helyre\u00e1ll\u00edt\u00e1si terv? <\/strong><\/h2>\n<p>2021-ben az Eur\u00f3pai Uni\u00f3 (EU) tag\u00e1llamai \u00f6sszefogtak, hogy a leny\u0171g\u00f6z\u0151, 800 milli\u00e1rd eur\u00f3s \u201cNextGenerationEU\u201d \u00f6szt\u00f6nz\u0151 csomag r\u00e9szek\u00e9nt elfogadj\u00e1k nemzeti helyre\u00e1ll\u00edt\u00e1si \u00e9s rugalmass\u00e1gi terveiket (NRRP). Szerencs\u00e9nkre ezek a tervek nem csak a gazdas\u00e1gi fellend\u00fcl\u00e9sn\u00e9l \u00e1lltak meg &#8211; felismert\u00e9k a bicikliz\u00e9s n\u00f6vekv\u0151 szerep\u00e9t, \u00e9s jelent\u0151s beruh\u00e1z\u00e1sokat eszk\u00f6z\u00f6ltek a ker\u00e9kp\u00e1ros infrastukt\u00fara jav\u00edt\u00e1sa \u00e9rdek\u00e9ben.<\/p>\n<p>Az ECF-hez \u00e9s tagjaihoz hasonl\u00f3 \u00e9rdekv\u00e9d\u0151k \u00f6sszehangolt er\u0151fesz\u00edt\u00e9sei r\u00e9v\u00e9n a ker\u00e9kp\u00e1roz\u00e1s a nemzeti reformprogramok keret\u00e9ben kiemelt helyet kapott. A biciklis projektekre eredetileg 1,7 milli\u00e1rd eur\u00f3s becs\u00fclt beruh\u00e1z\u00e1st sz\u00e1ntak. \u00c9s ez m\u00e9g csak a kezdet volt. Most, hogy m\u00e1r t\u00f6bb mint 90 milli\u00e1rd eur\u00f3nyi t\u00e1mogat\u00e1st foly\u00f3s\u00edtottak a tag\u00e1llamoknak a helyre\u00e1ll\u00edt\u00e1si terv keret\u00e9ben (a maxim\u00e1lis t\u00e1mogat\u00e1si \u00f6sszeg mintegy negyed\u00e9t), itt az id\u0151 megvizsg\u00e1lni az el\u00e9rt eredm\u00e9nyeket, hogy megtudjuk, hogyan alakulnak a &#8220;NextGenerationEU&#8221; \u00e1ltal finansz\u00edrozott ker\u00e9kp\u00e1ros kezdem\u00e9nyez\u00e9sek.<\/p>\n<h2><strong>Olaszorsz\u00e1g meg\u0151r\u00fcl a bicikliz\u00e9s\u00e9rt<\/strong><\/h2>\n<figure id=\"attachment_17697\" aria-describedby=\"caption-attachment-17697\" style=\"width: 990px\" class=\"wp-caption alignnone\"><a href=\"https:\/\/d2p6e6u75xmxt8.cloudfront.net\/12\/2023\/07\/Summer-Cycling-Italy-Lake-Como-profimedia-0788331893-CVR.webp\"><img loading=\"lazy\" decoding=\"async\" class=\"wp-image-17697 size-full\" src=\"https:\/\/d2p6e6u75xmxt8.cloudfront.net\/12\/2023\/07\/Summer-Cycling-Italy-Lake-Como-profimedia-0788331893-CVR.webp\" alt=\"Lake como cycle path\" width=\"990\" height=\"660\" srcset=\"https:\/\/d2p6e6u75xmxt8.cloudfront.net\/12\/2023\/07\/Summer-Cycling-Italy-Lake-Como-profimedia-0788331893-CVR.webp 990w, https:\/\/d2p6e6u75xmxt8.cloudfront.net\/12\/2023\/07\/Summer-Cycling-Italy-Lake-Como-profimedia-0788331893-CVR-300x200.webp 300w, https:\/\/d2p6e6u75xmxt8.cloudfront.net\/12\/2023\/07\/Summer-Cycling-Italy-Lake-Como-profimedia-0788331893-CVR-768x512.webp 768w, https:\/\/d2p6e6u75xmxt8.cloudfront.net\/12\/2023\/07\/Summer-Cycling-Italy-Lake-Como-profimedia-0788331893-CVR-400x267.webp 400w, https:\/\/d2p6e6u75xmxt8.cloudfront.net\/12\/2023\/07\/Summer-Cycling-Italy-Lake-Como-profimedia-0788331893-CVR-272x182.webp 272w\" sizes=\"auto, (max-width: 990px) 100vw, 990px\" \/><\/a><figcaption id=\"caption-attachment-17697\" class=\"wp-caption-text\">Biciklisek a Com\u00f3i -t\u00f3n\u00e1l, Italy. \u00a9 Profimedia<\/figcaption><\/figure>\n<p>A nemzeti reformprogramjukban javasolt ker\u00e9kp\u00e1ros beruh\u00e1z\u00e1sok tekintet\u00e9ben Olaszorsz\u00e1g &#8211; 1,2 milli\u00e1rd eur\u00f3s \u00f6sszberuh\u00e1z\u00e1ssal &#8211; az \u00e9len j\u00e1rt. Az \u00e1ltaluk kidolgozott v\u00edzi\u00f3s terv 600 milli\u00f3 eur\u00f3t k\u00fcl\u00f6n\u00edtett el arra, hogy 2026-ig 1200 km turisztikai ker\u00e9kp\u00e1rutat \u00e9s mintegy 570 km v\u00e1rosi ker\u00e9kp\u00e1ros infrastrukt\u00far\u00e1t hozzanak l\u00e9tre. A politikai d\u00f6nt\u00e9shoz\u00f3k ezt a javaslatot is \u00e1tfog\u00f3 nemzeti ker\u00e9kp\u00e1ros tervv\u00e9 alak\u00edtott\u00e1k \u00e1t, amely az\u00f3ta k\u00e9zzelfoghat\u00f3 int\u00e9zked\u00e9ss\u00e9 v\u00e1lt. A 45, 50 000 f\u0151n\u00e9l nagyobb lakoss\u00e1g\u00fa v\u00e1rosban a v\u00e1rosi infrastrukt\u00fara-projektekre sz\u00e1nt p\u00e9nz\u00fcgyi juttat\u00e1sokkal \u00e9s a hossz\u00fa t\u00e1v\u00fa ker\u00e9kp\u00e1rutak kijel\u00f6l\u00e9s\u00e9vel &#8211; melyek k\u00f6z\u00fcl n\u00e9h\u00e1ny m\u00e9g az Olaszorsz\u00e1got \u00e1tszel\u0151 h\u00edres EuroVelo \u00fatvonalakkal is keresztezi egym\u00e1st &#8211; a nemzet k\u00e9ts\u00e9gtelen\u00fcl magasra teszi a l\u00e9cet.<\/p>\n<h2><strong>Spanyolorsz\u00e1g tov\u00e1bbra is elk\u00f6telezetten szeretn\u00e9 jobb\u00e1 tenni v\u00e1rosait a biciklisek sz\u00e1m\u00e1ra<\/strong><\/h2>\n<p>B\u00e1r az NRRP-ben tett \u00edg\u00e9reteit Olaszorsz\u00e1ghoz k\u00e9pest kev\u00e9sb\u00e9 tartotta be, a spanyol korm\u00e1ny gondoskodott arr\u00f3l, hogy elk\u00f6telezetts\u00e9g\u00fck a terv v\u00e9grehajt\u00e1si szakasz\u00e1ban is \u00e9rezhet\u0151 legyen. \u0150k dolgozt\u00e1k ki el\u0151sz\u00f6r a nemzeti ker\u00e9kp\u00e1ros strat\u00e9gi\u00e1t, ami miatt a helyre\u00e1ll\u00edt\u00e1si terv 500 milli\u00f3 eur\u00f3t mozg\u00f3s\u00edtott.<\/p>\n<p>Ez a jelent\u0151s \u00f6sszeg mintegy 1000 km ker\u00e9kp\u00e1r\u00fat ki\u00e9p\u00edt\u00e9s\u00e9t, valamint 4100 biztons\u00e1gos biciklit\u00e1rol\u00f3 l\u00e9trehoz\u00e1s\u00e1t tette lehet\u0151v\u00e9. Mindennek tetej\u00e9be t\u00f6bb v\u00e1rosban is megval\u00f3sultak a k\u00f6z\u00f6ss\u00e9gi ker\u00e9kp\u00e1ros rendszerek. Ennek a befektet\u00e9snek a hat\u00e1sa els\u0151 k\u00e9zb\u0151l tapasztalhat\u00f3 olyan figyelemre m\u00e9lt\u00f3 projekteken kereszt\u00fcl, mint p\u00e9ld\u00e1ul Pamplon\u00e1ban a ker\u00e9kp\u00e1ros infrastrukt\u00fara jav\u00edt\u00e1sa, Palma de Mallorc\u00e1ban a nyilv\u00e1nos ker\u00e9kp\u00e1rmegoszt\u00f3 rendszer b\u0151v\u00edt\u00e9se \u00e9s a Metropolitan Area Barcelon\u00e1ban.<\/p>\n<h2><strong>Rom\u00e1nia els\u0151sz\u00e1m\u00fa biciklis \u00fati c\u00e9ll\u00e1 v\u00e1lna<\/strong><\/h2>\n<p>A kontinens m\u00e1sik oldal\u00e1n Rom\u00e1nia is eml\u00edt\u00e9st \u00e9rdemel. Itt a Rom\u00e1n Ker\u00e9kp\u00e1rosok Sz\u00f6vets\u00e9g\u00e9nek (ami az ECF tagja) er\u0151fesz\u00edt\u00e9sei szint\u00e9n izgalmas fejlem\u00e9nyeket hoztak a ker\u00e9kp\u00e1ros beruh\u00e1z\u00e1sok ter\u00e9n. 120 milli\u00f3 eur\u00f3t javasoltak a ker\u00e9kp\u00e1ros kezdem\u00e9nyez\u00e9sek t\u00e1mogat\u00e1s\u00e1ra abb\u00f3l a c\u00e9lb\u00f3l, hogy t\u00f6bb mint 3000 km turisztikai ker\u00e9kp\u00e1rutat \u00e9p\u00edthessenek. B\u00e1r e terv v\u00e9grehajt\u00e1sa m\u00e9g folyamatban van, a korm\u00e1ny konkr\u00e9t l\u00e9p\u00e9seket tett a megszil\u00e1rd\u00edt\u00e1s\u00e1ra, amikor k\u00f6zz\u00e9tette az \u00fatvonalak l\u00e9trehoz\u00e1s\u00e1ra vonatkoz\u00f3 szab\u00e1lyokat \u00e9s finansz\u00edroz\u00e1si felt\u00e9teleket. Ezek \u00f6sszesen 247,5 milli\u00f3 eur\u00f3s beruh\u00e1z\u00e1st hat\u00e1roznak meg &#8211; ami jelent\u0151s n\u00f6veked\u00e9s a tavalyi becsl\u00e9sekhez k\u00e9pest. Rem\u00e9lhet\u0151leg ez a beruh\u00e1z\u00e1si hull\u00e1m lesz az, amire sz\u00fcks\u00e9g van ahhoz, hogy Rom\u00e1nia a ker\u00e9kp\u00e1rosok paradicsom\u00e1v\u00e1 v\u00e1ljon.<\/p>\n<h2><strong>Belgium a ker\u00e9kp\u00e1ros utakra \u00e9s a parkol\u00e1si lehet\u0151s\u00e9gek n\u00f6vel\u00e9s\u00e9re koncentr\u00e1l<\/strong><\/h2>\n<p>T\u00e9rj\u00fcnk \u00e1t Belgiumra: az orsz\u00e1g jelent\u0151s \u00f6sszeget, 400 milli\u00f3 eur\u00f3t k\u00fcl\u00f6n\u00edtett el a ker\u00e9kp\u00e1ros infrastrukt\u00fara fejleszt\u00e9s\u00e9re. Fontos azonban megjegyezni, hogy ezek a beruh\u00e1z\u00e1sok k\u00fcl\u00f6nb\u00f6z\u0151 r\u00e9gi\u00f3k k\u00f6z\u00f6tt oszlanak meg.<\/p>\n<p>A flamand r\u00e9gi\u00f3ban a finansz\u00edroz\u00e1s jelent\u0151s r\u00e9sz\u00e9t, 345 milli\u00f3 eur\u00f3t a megl\u00e9v\u0151 ker\u00e9kp\u00e1ros infrastrukt\u00fara 1350 km-es fel\u00faj\u00edt\u00e1s\u00e1ra \u00e9s tov\u00e1bbi 140 km \u00faj ker\u00e9kp\u00e1r\u00fat \u00e9p\u00edt\u00e9s\u00e9re ford\u00edtott\u00e1k. B\u00e1r ez a beruh\u00e1z\u00e1s pozit\u00edv el\u0151rel\u00e9p\u00e9s, m\u00e9g nem tudni, hogy mennyire hat\u00e9konyan hajtj\u00e1k v\u00e9gre ezeket a terveket. Hasonl\u00f3k\u00e9ppen, a br\u00fcsszeli f\u0151v\u00e1rosi r\u00e9gi\u00f3ban 34 milli\u00f3 eur\u00f3t k\u00fcl\u00f6n\u00edtettek el mintegy 7000 biztons\u00e1gos ker\u00e9kp\u00e1rparkol\u00f3hely kialak\u00edt\u00e1s\u00e1ra \u00e9s 22 km \u00faj ker\u00e9kp\u00e1ros infrastrukt\u00fara ki\u00e9p\u00edt\u00e9s\u00e9re. Val\u00f3ban rem\u00e9nykelt\u0151ek ezek a t\u00f6rekv\u00e9sek, de a v\u00e9grehajt\u00e1s \u00e9s a hat\u00e1s kulcsfontoss\u00e1g\u00fa t\u00e9nyez\u0151k lesznek a siker \u00e9rt\u00e9kel\u00e9s\u00e9ben. A vallon r\u00e9gi\u00f3 14 milli\u00f3 eur\u00f3t k\u00edv\u00e1n els\u0151sorban a Vallon-Brabantot Br\u00fcsszellel \u00f6sszek\u00f6t\u0151 ker\u00e9kp\u00e1rutakba fektetni.<\/p>\n<h2><strong>Szlov\u00e1kia l\u00e9p\u00e9seket tesz a bicikliz\u00e9s j\u00f6v\u0151j\u00e9\u00e9rt<\/strong><\/h2>\n<p>A nemzeti reformprogram keret\u00e9ben Szlov\u00e1kia is v\u00e1llalta, hogy t\u00f6bb mint 100 milli\u00f3 eur\u00f3t fektet be a ker\u00e9kp\u00e1roz\u00e1s t\u00e1mogat\u00e1s\u00e1ba. \u00c9rdemes azonban megjegyezni, hogy a biciklibar\u00e1t int\u00e9zked\u00e9sek be\u00e9p\u00edt\u00e9s\u00e9nek el\u0151mozd\u00edt\u00e1s\u00e1hoz tov\u00e1bbi \u00e9rdek\u00e9rv\u00e9nyes\u00edt\u0151 er\u0151fesz\u00edt\u00e9sekre volt sz\u00fcks\u00e9g az olyan szervezetek r\u00e9sz\u00e9r\u0151l, mint a szlov\u00e1k ECF-tag Cyklokoal\u00edcia. Pozit\u00edv eredm\u00e9nynek mondhat\u00f3, hogy \u00faj m\u00f3dszertant fogadtak el a ker\u00e9kp\u00e1ros infrastrukt\u00far\u00e1val kapcsolatos projektk\u00e9relmek elb\u00edr\u00e1l\u00e1s\u00e1ra. Ez az \u00faj megk\u00f6zel\u00edt\u00e9s a forr\u00e1sok eloszt\u00e1s\u00e1nak \u00e9sszer\u0171s\u00edt\u00e9s\u00e9t c\u00e9lozza, de a gyakorlatban m\u00e9g nem tesztelt\u00e9k. Az, hogy az Eur\u00f3pai Bizotts\u00e1g Szlov\u00e1kia els\u0151 kifizet\u00e9si k\u00e9relm\u00e9ben pozit\u00edvan \u00e9rt\u00e9kelte ezt a m\u00f3dszertant, \u00edg\u00e9retes jel, de hossz\u00fa t\u00e1v\u00fa hat\u00e9konys\u00e1g\u00e1nak elb\u00edr\u00e1l\u00e1sa m\u00e9g v\u00e1rat mag\u00e1ra.<\/p>\n<h2><strong>\u00cdg\u00e9retes \u00fat \u00e1ll el\u0151tt\u00fcnk, amihez az \u00e9rdekv\u00e9d\u0151k folyamatos er\u0151fesz\u00edt\u00e9seire lesz sz\u00fcks\u00e9g!<\/strong><\/h2>\n<p>Term\u00e9szetesen ez csak egy kis \u00edzel\u00edt\u0151 a legsikeresebb projektek k\u00f6z\u00fcl, emellett Eur\u00f3pa-szerte \u00e9s azon t\u00fal is vannak m\u00e1s kezdem\u00e9nyez\u00e9sek. Mindez b\u00edztat\u00f3, de mik\u00f6zben ezek a beruh\u00e1z\u00e1sok \u00e9s tervek el\u0151rel\u00e9p\u00e9st jeleznek, l\u00e9tfontoss\u00e1g\u00fa, hogy tov\u00e1bbra is kritikus szemmel figyelj\u00fcnk, \u00e9s nyom\u00e1st gyakoroljunk a korm\u00e1nyokra abb\u00f3l a c\u00e9lb\u00f3l, hogy a ker\u00e9kp\u00e1ros infrastrukt\u00fara-projekteket priorit\u00e1sk\u00e9nt kezelj\u00e9k \u00e9s hat\u00e9konyan hajts\u00e1k v\u00e9gre. Az \u00e1tfog\u00f3 \u00e9s fenntarthat\u00f3 ker\u00e9kp\u00e1ros infrastrukt\u00fara fel\u00e9 vezet\u0151 \u00fat m\u00e9g nem z\u00e1rult le, m\u00e9g mindig van mit tenni annak \u00e9rdek\u00e9ben, hogy ezek a k\u00f6telezetts\u00e9gv\u00e1llal\u00e1sok k\u00e9zzelfoghat\u00f3 javul\u00e1st eredm\u00e9nyezzenek a biciklis k\u00f6z\u00f6ss\u00e9gek sz\u00e1m\u00e1ra.<\/p>\n","protected":false},"excerpt":{"rendered":"<p>Ahogy a vil\u00e1gj\u00e1rv\u00e1ny idej\u00e9n az eg\u00e9sz vil\u00e1g tan\u00faja lehetett a bicikliz\u00e9s fellend\u00fcl\u00e9s\u00e9nek, sz\u00e1mos orsz\u00e1g \u00e9lt a lehet\u0151s\u00e9ggel \u00e9s a megn\u00f6vekedett [&hellip;]<\/p>\n","protected":false},"author":71,"featured_media":17753,"comment_status":"open","ping_status":"open","sticky":false,"template":"","format":"standard","meta":{"footnotes":""},"categories":[8],"tags":[],"global-categories":[],"class_list":["post-17751","post","type-post","status-publish","format-standard","has-post-thumbnail","hentry","category-orszaguti-kerekpar"],"yoast_head":"<!-- This site is optimized with the Yoast SEO Premium plugin v25.3 (Yoast SEO v25.9) - https:\/\/yoast.com\/wordpress\/plugins\/seo\/ -->\n<title>Halad\u00e1s k\u00e9t ker\u00e9ken: Eur\u00f3pa elk\u00f6telezetts\u00e9ge a ker\u00e9kp\u00e1ros infrastrukt\u00fara fejleszt\u00e9se ir\u00e1nt a Covid ut\u00e1ni id\u0151szakban<\/title>\n<meta name=\"description\" content=\"Ahogy a vil\u00e1gj\u00e1rv\u00e1ny idej\u00e9n az eg\u00e9sz vil\u00e1g tan\u00faja lehetett a bicikliz\u00e9s fellend\u00fcl\u00e9s\u00e9nek, sz\u00e1mos orsz\u00e1g \u00e9lt a lehet\u0151s\u00e9ggel \u00e9s a megn\u00f6vekedett forr\u00e1sok, illetve az akt\u00edv k\u00f6zleked\u00e9s \u00fajonnan felfedezett el\u0151nyeinek hat\u00e1s\u00e1ra beruh\u00e1zott a ker\u00e9kp\u00e1ros infrastrukt\u00far\u00e1ba.\" \/>\n<meta name=\"robots\" content=\"index, follow, max-snippet:-1, max-image-preview:large, max-video-preview:-1\" \/>\n<link rel=\"canonical\" href=\"https:\/\/www.welovecycling.com\/hu\/orszaguti-kerekpar\/haladas-ket-kereken-europa-elkotelezettsege-a-kerekparos-infrastruktura-fejlesztese-irant-a-covid-utani-idoszakban\/\" \/>\n<meta property=\"og:locale\" content=\"hu_HU\" \/>\n<meta property=\"og:type\" content=\"article\" \/>\n<meta property=\"og:title\" content=\"Halad\u00e1s k\u00e9t ker\u00e9ken: Eur\u00f3pa elk\u00f6telezetts\u00e9ge a ker\u00e9kp\u00e1ros infrastrukt\u00fara fejleszt\u00e9se ir\u00e1nt a Covid ut\u00e1ni id\u0151szakban\" \/>\n<meta property=\"og:description\" content=\"Ahogy a vil\u00e1gj\u00e1rv\u00e1ny idej\u00e9n az eg\u00e9sz vil\u00e1g tan\u00faja lehetett a bicikliz\u00e9s fellend\u00fcl\u00e9s\u00e9nek, sz\u00e1mos orsz\u00e1g \u00e9lt a lehet\u0151s\u00e9ggel \u00e9s a megn\u00f6vekedett forr\u00e1sok, illetve az akt\u00edv k\u00f6zleked\u00e9s \u00fajonnan felfedezett el\u0151nyeinek hat\u00e1s\u00e1ra beruh\u00e1zott a ker\u00e9kp\u00e1ros infrastrukt\u00far\u00e1ba.\" \/>\n<meta property=\"og:url\" content=\"https:\/\/www.welovecycling.com\/hu\/orszaguti-kerekpar\/haladas-ket-kereken-europa-elkotelezettsege-a-kerekparos-infrastruktura-fejlesztese-irant-a-covid-utani-idoszakban\/\" \/>\n<meta property=\"og:site_name\" content=\"\u0160koda We Love Cycling - Magyarorsz\u00e1g\" \/>\n<meta property=\"article:publisher\" content=\"https:\/\/www.facebook.com\/WeLoveCyclingHungary\/\" \/>\n<meta property=\"article:published_time\" content=\"2023-08-10T06:00:44+00:00\" \/>\n<meta property=\"og:image\" content=\"https:\/\/d2p6e6u75xmxt8.cloudfront.net\/12\/2023\/08\/Cycle-Path-Romania-profimedia-0790646548-CVR.webp\" \/>\n\t<meta property=\"og:image:width\" content=\"990\" \/>\n\t<meta property=\"og:image:height\" content=\"660\" \/>\n\t<meta property=\"og:image:type\" content=\"image\/webp\" \/>\n<meta name=\"author\" content=\"hegyizs\" \/>\n<meta name=\"twitter:card\" content=\"summary_large_image\" \/>\n<meta name=\"twitter:label1\" content=\"Written by\" \/>\n\t<meta name=\"twitter:data1\" content=\"Megan Flottorp\" \/>\n\t<meta name=\"twitter:label2\" content=\"Est. reading time\" \/>\n\t<meta name=\"twitter:data2\" content=\"5\" \/>\n<script type=\"application\/ld+json\" class=\"yoast-schema-graph\">{\"@context\":\"https:\/\/schema.org\",\"@graph\":[{\"@type\":\"WebPage\",\"@id\":\"https:\/\/www.welovecycling.com\/hu\/orszaguti-kerekpar\/haladas-ket-kereken-europa-elkotelezettsege-a-kerekparos-infrastruktura-fejlesztese-irant-a-covid-utani-idoszakban\/\",\"url\":\"https:\/\/www.welovecycling.com\/hu\/orszaguti-kerekpar\/haladas-ket-kereken-europa-elkotelezettsege-a-kerekparos-infrastruktura-fejlesztese-irant-a-covid-utani-idoszakban\/\",\"name\":\"Halad\u00e1s k\u00e9t ker\u00e9ken: Eur\u00f3pa elk\u00f6telezetts\u00e9ge a ker\u00e9kp\u00e1ros infrastrukt\u00fara fejleszt\u00e9se ir\u00e1nt a Covid ut\u00e1ni id\u0151szakban\",\"isPartOf\":{\"@id\":\"https:\/\/www.welovecycling.com\/hu\/#website\"},\"primaryImageOfPage\":{\"@id\":\"https:\/\/www.welovecycling.com\/hu\/orszaguti-kerekpar\/haladas-ket-kereken-europa-elkotelezettsege-a-kerekparos-infrastruktura-fejlesztese-irant-a-covid-utani-idoszakban\/#primaryimage\"},\"image\":{\"@id\":\"https:\/\/www.welovecycling.com\/hu\/orszaguti-kerekpar\/haladas-ket-kereken-europa-elkotelezettsege-a-kerekparos-infrastruktura-fejlesztese-irant-a-covid-utani-idoszakban\/#primaryimage\"},\"thumbnailUrl\":\"https:\/\/d2p6e6u75xmxt8.cloudfront.net\/12\/2023\/08\/Cycle-Path-Romania-profimedia-0790646548-CVR.webp\",\"datePublished\":\"2023-08-10T06:00:44+00:00\",\"author\":{\"@id\":\"https:\/\/www.welovecycling.com\/hu\/#\/schema\/person\/414a2aebf1801691a5320edb6468e194\"},\"description\":\"Ahogy a vil\u00e1gj\u00e1rv\u00e1ny idej\u00e9n az eg\u00e9sz vil\u00e1g tan\u00faja lehetett a bicikliz\u00e9s fellend\u00fcl\u00e9s\u00e9nek, sz\u00e1mos orsz\u00e1g \u00e9lt a lehet\u0151s\u00e9ggel \u00e9s a megn\u00f6vekedett forr\u00e1sok, illetve az akt\u00edv k\u00f6zleked\u00e9s \u00fajonnan felfedezett el\u0151nyeinek hat\u00e1s\u00e1ra beruh\u00e1zott a ker\u00e9kp\u00e1ros infrastrukt\u00far\u00e1ba.\",\"breadcrumb\":{\"@id\":\"https:\/\/www.welovecycling.com\/hu\/orszaguti-kerekpar\/haladas-ket-kereken-europa-elkotelezettsege-a-kerekparos-infrastruktura-fejlesztese-irant-a-covid-utani-idoszakban\/#breadcrumb\"},\"inLanguage\":\"hu\",\"potentialAction\":[{\"@type\":\"ReadAction\",\"target\":[\"https:\/\/www.welovecycling.com\/hu\/orszaguti-kerekpar\/haladas-ket-kereken-europa-elkotelezettsege-a-kerekparos-infrastruktura-fejlesztese-irant-a-covid-utani-idoszakban\/\"]}]},{\"@type\":\"ImageObject\",\"inLanguage\":\"hu\",\"@id\":\"https:\/\/www.welovecycling.com\/hu\/orszaguti-kerekpar\/haladas-ket-kereken-europa-elkotelezettsege-a-kerekparos-infrastruktura-fejlesztese-irant-a-covid-utani-idoszakban\/#primaryimage\",\"url\":\"https:\/\/d2p6e6u75xmxt8.cloudfront.net\/12\/2023\/08\/Cycle-Path-Romania-profimedia-0790646548-CVR.webp\",\"contentUrl\":\"https:\/\/d2p6e6u75xmxt8.cloudfront.net\/12\/2023\/08\/Cycle-Path-Romania-profimedia-0790646548-CVR.webp\",\"width\":990,\"height\":660},{\"@type\":\"BreadcrumbList\",\"@id\":\"https:\/\/www.welovecycling.com\/hu\/orszaguti-kerekpar\/haladas-ket-kereken-europa-elkotelezettsege-a-kerekparos-infrastruktura-fejlesztese-irant-a-covid-utani-idoszakban\/#breadcrumb\",\"itemListElement\":[{\"@type\":\"ListItem\",\"position\":1,\"name\":\"Home\",\"item\":\"https:\/\/www.welovecycling.com\/hu\/\"},{\"@type\":\"ListItem\",\"position\":2,\"name\":\"Halad\u00e1s k\u00e9t ker\u00e9ken: Eur\u00f3pa elk\u00f6telezetts\u00e9ge a ker\u00e9kp\u00e1ros infrastrukt\u00fara fejleszt\u00e9se ir\u00e1nt a Covid ut\u00e1ni id\u0151szakban\"}]},{\"@type\":\"WebSite\",\"@id\":\"https:\/\/www.welovecycling.com\/hu\/#website\",\"url\":\"https:\/\/www.welovecycling.com\/hu\/\",\"name\":\"\u0160koda We Love Cycling - Magyarorsz\u00e1g\",\"description\":\"\u0160koda WeLoveCycling\",\"potentialAction\":[{\"@type\":\"SearchAction\",\"target\":{\"@type\":\"EntryPoint\",\"urlTemplate\":\"https:\/\/www.welovecycling.com\/hu\/?s={search_term_string}\"},\"query-input\":{\"@type\":\"PropertyValueSpecification\",\"valueRequired\":true,\"valueName\":\"search_term_string\"}}],\"inLanguage\":\"hu\"},{\"@type\":\"Person\",\"@id\":\"https:\/\/www.welovecycling.com\/hu\/#\/schema\/person\/414a2aebf1801691a5320edb6468e194\",\"name\":\"hegyizs\",\"image\":{\"@type\":\"ImageObject\",\"inLanguage\":\"hu\",\"@id\":\"https:\/\/www.welovecycling.com\/hu\/#\/schema\/person\/image\/\",\"url\":\"https:\/\/secure.gravatar.com\/avatar\/02cf8a7906b8cf90cecb4679defac7cfd33a1c2e3b88e4903d947f3bb58eedd3?s=96&d=mm&r=g\",\"contentUrl\":\"https:\/\/secure.gravatar.com\/avatar\/02cf8a7906b8cf90cecb4679defac7cfd33a1c2e3b88e4903d947f3bb58eedd3?s=96&d=mm&r=g\",\"caption\":\"hegyizs\"},\"url\":\"https:\/\/www.welovecycling.com\/hu\/author\/hegyizs\/\"}]}<\/script>\n<!-- \/ Yoast SEO Premium plugin. -->","yoast_head_json":{"title":"Halad\u00e1s k\u00e9t ker\u00e9ken: Eur\u00f3pa elk\u00f6telezetts\u00e9ge a ker\u00e9kp\u00e1ros infrastrukt\u00fara fejleszt\u00e9se ir\u00e1nt a Covid ut\u00e1ni id\u0151szakban","description":"Ahogy a vil\u00e1gj\u00e1rv\u00e1ny idej\u00e9n az eg\u00e9sz vil\u00e1g tan\u00faja lehetett a bicikliz\u00e9s fellend\u00fcl\u00e9s\u00e9nek, sz\u00e1mos orsz\u00e1g \u00e9lt a lehet\u0151s\u00e9ggel \u00e9s a megn\u00f6vekedett forr\u00e1sok, illetve az akt\u00edv k\u00f6zleked\u00e9s \u00fajonnan felfedezett el\u0151nyeinek hat\u00e1s\u00e1ra beruh\u00e1zott a ker\u00e9kp\u00e1ros infrastrukt\u00far\u00e1ba.","robots":{"index":"index","follow":"follow","max-snippet":"max-snippet:-1","max-image-preview":"max-image-preview:large","max-video-preview":"max-video-preview:-1"},"canonical":"https:\/\/www.welovecycling.com\/hu\/orszaguti-kerekpar\/haladas-ket-kereken-europa-elkotelezettsege-a-kerekparos-infrastruktura-fejlesztese-irant-a-covid-utani-idoszakban\/","og_locale":"hu_HU","og_type":"article","og_title":"Halad\u00e1s k\u00e9t ker\u00e9ken: Eur\u00f3pa elk\u00f6telezetts\u00e9ge a ker\u00e9kp\u00e1ros infrastrukt\u00fara fejleszt\u00e9se ir\u00e1nt a Covid ut\u00e1ni id\u0151szakban","og_description":"Ahogy a vil\u00e1gj\u00e1rv\u00e1ny idej\u00e9n az eg\u00e9sz vil\u00e1g tan\u00faja lehetett a bicikliz\u00e9s fellend\u00fcl\u00e9s\u00e9nek, sz\u00e1mos orsz\u00e1g \u00e9lt a lehet\u0151s\u00e9ggel \u00e9s a megn\u00f6vekedett forr\u00e1sok, illetve az akt\u00edv k\u00f6zleked\u00e9s \u00fajonnan felfedezett el\u0151nyeinek hat\u00e1s\u00e1ra beruh\u00e1zott a ker\u00e9kp\u00e1ros infrastrukt\u00far\u00e1ba.","og_url":"https:\/\/www.welovecycling.com\/hu\/orszaguti-kerekpar\/haladas-ket-kereken-europa-elkotelezettsege-a-kerekparos-infrastruktura-fejlesztese-irant-a-covid-utani-idoszakban\/","og_site_name":"\u0160koda We Love Cycling - Magyarorsz\u00e1g","article_publisher":"https:\/\/www.facebook.com\/WeLoveCyclingHungary\/","article_published_time":"2023-08-10T06:00:44+00:00","og_image":[{"width":990,"height":660,"url":"https:\/\/d2p6e6u75xmxt8.cloudfront.net\/12\/2023\/08\/Cycle-Path-Romania-profimedia-0790646548-CVR.webp","type":"image\/webp"}],"author":"hegyizs","twitter_card":"summary_large_image","twitter_misc":{"Written by":"Megan Flottorp","Est. reading time":"5"},"schema":{"@context":"https:\/\/schema.org","@graph":[{"@type":"WebPage","@id":"https:\/\/www.welovecycling.com\/hu\/orszaguti-kerekpar\/haladas-ket-kereken-europa-elkotelezettsege-a-kerekparos-infrastruktura-fejlesztese-irant-a-covid-utani-idoszakban\/","url":"https:\/\/www.welovecycling.com\/hu\/orszaguti-kerekpar\/haladas-ket-kereken-europa-elkotelezettsege-a-kerekparos-infrastruktura-fejlesztese-irant-a-covid-utani-idoszakban\/","name":"Halad\u00e1s k\u00e9t ker\u00e9ken: Eur\u00f3pa elk\u00f6telezetts\u00e9ge a ker\u00e9kp\u00e1ros infrastrukt\u00fara fejleszt\u00e9se ir\u00e1nt a Covid ut\u00e1ni id\u0151szakban","isPartOf":{"@id":"https:\/\/www.welovecycling.com\/hu\/#website"},"primaryImageOfPage":{"@id":"https:\/\/www.welovecycling.com\/hu\/orszaguti-kerekpar\/haladas-ket-kereken-europa-elkotelezettsege-a-kerekparos-infrastruktura-fejlesztese-irant-a-covid-utani-idoszakban\/#primaryimage"},"image":{"@id":"https:\/\/www.welovecycling.com\/hu\/orszaguti-kerekpar\/haladas-ket-kereken-europa-elkotelezettsege-a-kerekparos-infrastruktura-fejlesztese-irant-a-covid-utani-idoszakban\/#primaryimage"},"thumbnailUrl":"https:\/\/d2p6e6u75xmxt8.cloudfront.net\/12\/2023\/08\/Cycle-Path-Romania-profimedia-0790646548-CVR.webp","datePublished":"2023-08-10T06:00:44+00:00","author":{"@id":"https:\/\/www.welovecycling.com\/hu\/#\/schema\/person\/414a2aebf1801691a5320edb6468e194"},"description":"Ahogy a vil\u00e1gj\u00e1rv\u00e1ny idej\u00e9n az eg\u00e9sz vil\u00e1g tan\u00faja lehetett a bicikliz\u00e9s fellend\u00fcl\u00e9s\u00e9nek, sz\u00e1mos orsz\u00e1g \u00e9lt a lehet\u0151s\u00e9ggel \u00e9s a megn\u00f6vekedett forr\u00e1sok, illetve az akt\u00edv k\u00f6zleked\u00e9s \u00fajonnan felfedezett el\u0151nyeinek hat\u00e1s\u00e1ra beruh\u00e1zott a ker\u00e9kp\u00e1ros infrastrukt\u00far\u00e1ba.","breadcrumb":{"@id":"https:\/\/www.welovecycling.com\/hu\/orszaguti-kerekpar\/haladas-ket-kereken-europa-elkotelezettsege-a-kerekparos-infrastruktura-fejlesztese-irant-a-covid-utani-idoszakban\/#breadcrumb"},"inLanguage":"hu","potentialAction":[{"@type":"ReadAction","target":["https:\/\/www.welovecycling.com\/hu\/orszaguti-kerekpar\/haladas-ket-kereken-europa-elkotelezettsege-a-kerekparos-infrastruktura-fejlesztese-irant-a-covid-utani-idoszakban\/"]}]},{"@type":"ImageObject","inLanguage":"hu","@id":"https:\/\/www.welovecycling.com\/hu\/orszaguti-kerekpar\/haladas-ket-kereken-europa-elkotelezettsege-a-kerekparos-infrastruktura-fejlesztese-irant-a-covid-utani-idoszakban\/#primaryimage","url":"https:\/\/d2p6e6u75xmxt8.cloudfront.net\/12\/2023\/08\/Cycle-Path-Romania-profimedia-0790646548-CVR.webp","contentUrl":"https:\/\/d2p6e6u75xmxt8.cloudfront.net\/12\/2023\/08\/Cycle-Path-Romania-profimedia-0790646548-CVR.webp","width":990,"height":660},{"@type":"BreadcrumbList","@id":"https:\/\/www.welovecycling.com\/hu\/orszaguti-kerekpar\/haladas-ket-kereken-europa-elkotelezettsege-a-kerekparos-infrastruktura-fejlesztese-irant-a-covid-utani-idoszakban\/#breadcrumb","itemListElement":[{"@type":"ListItem","position":1,"name":"Home","item":"https:\/\/www.welovecycling.com\/hu\/"},{"@type":"ListItem","position":2,"name":"Halad\u00e1s k\u00e9t ker\u00e9ken: Eur\u00f3pa elk\u00f6telezetts\u00e9ge a ker\u00e9kp\u00e1ros infrastrukt\u00fara fejleszt\u00e9se ir\u00e1nt a Covid ut\u00e1ni id\u0151szakban"}]},{"@type":"WebSite","@id":"https:\/\/www.welovecycling.com\/hu\/#website","url":"https:\/\/www.welovecycling.com\/hu\/","name":"\u0160koda We Love Cycling - Magyarorsz\u00e1g","description":"\u0160koda WeLoveCycling","potentialAction":[{"@type":"SearchAction","target":{"@type":"EntryPoint","urlTemplate":"https:\/\/www.welovecycling.com\/hu\/?s={search_term_string}"},"query-input":{"@type":"PropertyValueSpecification","valueRequired":true,"valueName":"search_term_string"}}],"inLanguage":"hu"},{"@type":"Person","@id":"https:\/\/www.welovecycling.com\/hu\/#\/schema\/person\/414a2aebf1801691a5320edb6468e194","name":"hegyizs","image":{"@type":"ImageObject","inLanguage":"hu","@id":"https:\/\/www.welovecycling.com\/hu\/#\/schema\/person\/image\/","url":"https:\/\/secure.gravatar.com\/avatar\/02cf8a7906b8cf90cecb4679defac7cfd33a1c2e3b88e4903d947f3bb58eedd3?s=96&d=mm&r=g","contentUrl":"https:\/\/secure.gravatar.com\/avatar\/02cf8a7906b8cf90cecb4679defac7cfd33a1c2e3b88e4903d947f3bb58eedd3?s=96&d=mm&r=g","caption":"hegyizs"},"url":"https:\/\/www.welovecycling.com\/hu\/author\/hegyizs\/"}]}},"_links":{"self":[{"href":"https:\/\/www.welovecycling.com\/hu\/wp-json\/wp\/v2\/posts\/17751","targetHints":{"allow":["GET"]}}],"collection":[{"href":"https:\/\/www.welovecycling.com\/hu\/wp-json\/wp\/v2\/posts"}],"about":[{"href":"https:\/\/www.welovecycling.com\/hu\/wp-json\/wp\/v2\/types\/post"}],"author":[{"embeddable":true,"href":"https:\/\/www.welovecycling.com\/hu\/wp-json\/wp\/v2\/users\/71"}],"replies":[{"embeddable":true,"href":"https:\/\/www.welovecycling.com\/hu\/wp-json\/wp\/v2\/comments?post=17751"}],"version-history":[{"count":2,"href":"https:\/\/www.welovecycling.com\/hu\/wp-json\/wp\/v2\/posts\/17751\/revisions"}],"predecessor-version":[{"id":17754,"href":"https:\/\/www.welovecycling.com\/hu\/wp-json\/wp\/v2\/posts\/17751\/revisions\/17754"}],"wp:featuredmedia":[{"embeddable":true,"href":"https:\/\/www.welovecycling.com\/hu\/wp-json\/wp\/v2\/media\/17753"}],"wp:attachment":[{"href":"https:\/\/www.welovecycling.com\/hu\/wp-json\/wp\/v2\/media?parent=17751"}],"wp:term":[{"taxonomy":"category","embeddable":true,"href":"https:\/\/www.welovecycling.com\/hu\/wp-json\/wp\/v2\/categories?post=17751"},{"taxonomy":"post_tag","embeddable":true,"href":"https:\/\/www.welovecycling.com\/hu\/wp-json\/wp\/v2\/tags?post=17751"},{"taxonomy":"global-categories","embeddable":true,"href":"https:\/\/www.welovecycling.com\/hu\/wp-json\/wp\/v2\/global-categories?post=17751"}],"curies":[{"name":"wp","href":"https:\/\/api.w.org\/{rel}","templated":true}]}}