{"id":17747,"date":"2023-08-09T08:00:29","date_gmt":"2023-08-09T06:00:29","guid":{"rendered":"https:\/\/www.welovecycling.com\/hu\/?p=17747"},"modified":"2023-08-04T13:53:04","modified_gmt":"2023-08-04T11:53:04","slug":"a-nok-diadalma-ahogy-a-tour-de-france-femmes-avec-zwift-valosagga-valt","status":"publish","type":"post","link":"https:\/\/www.welovecycling.com\/hu\/orszaguti-kerekpar\/a-nok-diadalma-ahogy-a-tour-de-france-femmes-avec-zwift-valosagga-valt\/","title":{"rendered":"A n\u0151k diadalma:  Ahogy a Tour de France Femmes avec Zwift val\u00f3s\u00e1gg\u00e1 v\u00e1lt"},"content":{"rendered":"<p><strong>A Tour de France t\u00f6bb mint egy \u00e9vsz\u00e1zada ny\u0171g\u00f6zi le a vil\u00e1got izgalmas szakaszaival, l\u00e9legzetel\u00e1ll\u00edt\u00f3 t\u00e1jaival, valamint izgalmas t\u00f6rt\u00e9neteivel. Hab\u00e1r (eg\u00e9szen a k\u00f6zelm\u00faltig) a verseny els\u0151sorban a f\u00e9rfi biciklisek eredm\u00e9nyeire \u00f6sszpontos\u00edtott, a n\u0151k is szerves r\u00e9sz\u00e9t k\u00e9pezt\u00e9k a verseny t\u00f6rt\u00e9net\u00e9nek, hiszen a sz\u00ednfalak m\u00f6g\u00f6tt folyamatosan feszegett\u00e9k a hat\u00e1rokat \u00e9s \u00e1tt\u00f6rt\u00e9k korl\u00e1taikat.<\/strong><\/p>\n<p><!--more--><\/p>\n<p>Ez\u00fattal a n\u0151i nem szemsz\u00f6g\u00e9b\u0151l k\u00f6zel\u00edtj\u00fck meg a Tour de France-t \u00e9s olyan n\u0151k t\u00f6rt\u00e9neteiben mer\u00fcl\u00fcnk el, akik alapvet\u0151 szerepet j\u00e1tszottak a verseny megval\u00f3s\u00edt\u00e1s\u00e1ban. Emellett meg\u00fcnnepelj\u00fck a Tour de France l\u00e9trej\u00f6tt\u00e9nek eml\u00e9kezetes pillanatait, elismerve a n\u0151k n\u00f6vekv\u0151 szerep\u00e9t a sportban \u00e9s az \u00e1ltaluk l\u00e9trehozott \u00f6r\u00f6ks\u00e9get.<\/p>\n<h2><strong>\u00datt\u00f6r\u0151k, akiknek siker\u00fclt \u00e1tt\u00f6rni a korl\u00e1tokat<\/strong><\/h2>\n<p>A Tour de France els\u0151 \u00e9veiben a r\u00e9sztvev\u0151 n\u0151k sz\u00e1ma finoman sz\u00f3lva is kev\u00e9s volt. Ez azonban nem \u00e1ll\u00edtott meg n\u00e9h\u00e1ny nem mindennapi n\u0151t abban, hogy kit\u00f6r\u00f6lhetetlen nyomot hagyjanak az esem\u00e9ny t\u00f6rt\u00e9nelm\u00e9ben. Az egyik ilyen \u00fatt\u00f6r\u0151 Alfonsina Strada olasz ker\u00e9kp\u00e1ros volt, aki r\u00e9szt vett az 1924-es Tour de France-on. Strada rend\u00edthetetlen elsz\u00e1nts\u00e1g\u00e1nak k\u00f6sz\u00f6nhet\u0151, hogy teljes\u00edtette a versenyt, annak ellen\u00e9re, hogy egyetlen n\u0151k\u00e9nt sz\u00e1mos akad\u00e1llyal kellett szemben\u00e9znie az \u00fat sor\u00e1n. Nyugodtan kijelenthetj\u00fck, hogy \u00f6r\u00f6ks\u00e9ge n\u0151i biciklisek gener\u00e1ci\u00f3it inspir\u00e1lta, \u00e9s r\u00e1vil\u00e1g\u00edtott arra, hogy a n\u0151k is lehetnek kiemelked\u0151, profi versenyz\u0151k.<\/p>\n<figure id=\"attachment_4372\" aria-describedby=\"caption-attachment-4372\" style=\"width: 880px\" class=\"wp-caption alignnone\"><a href=\"https:\/\/d2p6e6u75xmxt8.cloudfront.net\/12\/2019\/07\/Alfonsina-Strada_.jpg\"><img loading=\"lazy\" decoding=\"async\" class=\"wp-image-4372 size-full\" src=\"https:\/\/d2p6e6u75xmxt8.cloudfront.net\/12\/2019\/07\/Alfonsina-Strada_.jpg\" alt=\"Alfonsina Strada\" width=\"880\" height=\"586\" srcset=\"https:\/\/d2p6e6u75xmxt8.cloudfront.net\/12\/2019\/07\/Alfonsina-Strada_.jpg 880w, https:\/\/d2p6e6u75xmxt8.cloudfront.net\/12\/2019\/07\/Alfonsina-Strada_-300x200.jpg 300w, https:\/\/d2p6e6u75xmxt8.cloudfront.net\/12\/2019\/07\/Alfonsina-Strada_-768x511.jpg 768w, https:\/\/d2p6e6u75xmxt8.cloudfront.net\/12\/2019\/07\/Alfonsina-Strada_-272x182.jpg 272w\" sizes=\"auto, (max-width: 880px) 100vw, 880px\" \/><\/a><figcaption id=\"caption-attachment-4372\" class=\"wp-caption-text\">A legend\u00e1s Alfonsina Strada<\/figcaption><\/figure>\n<h2><strong>Bepillant\u00e1s az egyenl\u0151s\u00e9g\u00e9rt folytatott k\u00fczdelembe<\/strong><\/h2>\n<p>Az ezt k\u00f6vet\u0151 \u00e9vekben t\u00f6bbsz\u00f6r is volt n\u0151i Tour de France \u00e9s mindegyik alkalommal hamvaib\u00f3l pr\u00f3b\u00e1lt felt\u00e1madni. Azonban \u00e1ltal\u00e1ban szervezetlenek, alulfinansz\u00edrozottak voltak \u00e9s gyakran mell\u00e9kesk\u00e9nt volt kezelve. Az 1955-\u00f6s Tour de France F\u00e9minin 48 n\u0151i versenyz\u0151t vonzott, de \u0151ket ink\u00e1bb rekl\u00e1mfog\u00e1snak tekintett\u00e9k, mint igazi sportol\u00f3knak. Hi\u00e1nyzott a m\u00e9diamegjelen\u00e9s \u00e9s a k\u00f6zfigyelem, \u00edgy az ezt k\u00f6vet\u0151 \u00e9vekben nem tartott\u00e1k meg a versenyt.<\/p>\n<p>1984-ben ism\u00e9t megrendezt\u00e9k a versenyt, de hasonl\u00f3 kih\u00edv\u00e1sokkal kellett szemben\u00e9znie. Annak ellen\u00e9re, hogy a f\u00e9rfiak szakaszainak egy r\u00e9sz\u00e9t \u0151k is letekert\u00e9k (\u00e9s n\u00e9h\u00e1nyan eg\u00e9szen elk\u00e9peszt\u0151 teljes\u00edtm\u00e9nyt ny\u00fajtottak), a n\u0151i verseny nagyr\u00e9szt \u00e9szrev\u00e9tlen maradt, minim\u00e1lis m\u00e9diavisszhangot \u00e9s korl\u00e1tozott elismer\u00e9st kapott. Ez eg\u00e9szen 1989-ig tartott, amikor ism\u00e9t elt\u0171nt a versenynapt\u00e1rb\u00f3l.<\/p>\n<h2><strong>A n\u0151, aki nem fogadott el nemleges v\u00e1laszt<\/strong><\/h2>\n<p>Mindezek ellen\u00e9re a n\u0151i Tour de France hi\u00e1nya nem t\u00fckr\u00f6zte azt a hatalmas el\u0151rel\u00e9p\u00e9st, amit a n\u0151knek siker\u00fclt el\u00e9rni\u00fck. Term\u00e9szetesen a n\u0151i bicikliz\u00e9s szerelmesei k\u00f6r\u00e9ben tov\u00e1bbra is folytat\u00f3dtak az er\u0151fesz\u00edt\u00e9sek, hogy l\u00e9trehozz\u00e1k saj\u00e1t verseny\u00fcket. 2009-ben Kathryn Bertine, kor\u00e1bbi profi ker\u00e9kp\u00e1ros \u00e9s \u00fajs\u00e1g\u00edr\u00f3 azzal a tervvel kereste meg a szervez\u0151ket, hogy iktassanak be egy n\u0151i versenyt is a Tour-ba. 2012-ben, amikor \u00e9ppen egy n\u0151i bicikliz\u00e9sr\u0151l sz\u00f3l\u00f3 dokumentumfilmen dolgozott, r\u00e1j\u00f6tt, milyen nagy ig\u00e9ny van erre. Bertine Marianne Visszal, Emma Pooleyval \u00e9s Chrissie Wellingtonnal kar\u00f6ltve megalap\u00edtotta a Le Tour Entier nev\u0171 csoportot, ami pet\u00edci\u00f3t ny\u00fajtott be az ASO-hoz a n\u0151i verseny \u00fajb\u00f3li bevezet\u00e9s\u00e9\u00e9rt.<\/p>\n<h2><strong>A La Course bevezet\u00e9se \u00e9s kiterjeszt\u00e9se<\/strong><\/h2>\n<p>Er\u0151fesz\u00edt\u00e9seikkel jelent\u0151s sz\u00e1m\u00fa t\u00e1mogat\u00f3t nyertek \u00e9s ennek t\u00f6bbek k\u00f6z\u00f6tt egy 100 000 al\u00e1\u00edr\u00e1st tartalmaz\u00f3 online pet\u00edci\u00f3 lett a gy\u00fcm\u00f6lcse. Az ASO v\u00e9g\u00fcl beleegyezett, hogy a 2014-es Tour de France-on n\u0151i versenyt is rendezzenek. A Tour de France hivatalos programj\u00e1nak r\u00e9szek\u00e9nt a Champs-\u00c9lys\u00e9es-n megrendezt\u00e9k az egynapos La Course by Le Tour de France-t. B\u00e1r Bertine a t\u00e1mogat\u00f3ival egy\u00fctt b\u00fcszke az el\u00e9rt eredm\u00e9nyekre, a tov\u00e1bbi n\u00f6veked\u00e9s rem\u00e9ny\u00e9ben azt javasolt\u00e1k, hogy a La Course t\u00f6bbnapos legyen, s\u0151t, igazodjanak a f\u00e9rfiak 21 napos verseny\u00e9hez.<\/p>\n<p>2017-ben a La Course bevezette a k\u00e9t szakaszos form\u00e1tumot, ami hegyvid\u00e9ki terepeket k\u00edn\u00e1l a versenyz\u0151knek. Ez a fejleszt\u00e9s bebizony\u00edtotta, hogy egyre ink\u00e1bb elismerik a n\u0151k k\u00e9pess\u00e9geit, viszont a kezdetben meg\u00edg\u00e9rt v\u00e1ltoz\u00e1sokhoz k\u00e9pest ez m\u00e9g mindig kev\u00e9s volt.<\/p>\n<p>Az elmarad\u00e1st az ASO logisztikai k\u00edh\u00edv\u00e1sokkal \u00e9s p\u00e9nz\u00fcgyi agg\u00e1lyokkal magyar\u00e1zta. A La Course sikere \u00e9s n\u00e9pszer\u0171s\u00e9ge ellen\u00e9re az ASO azt \u00e1ll\u00edtotta, a n\u0151i versenyek p\u00e9nz\u00fcgyileg nem \u00e9letk\u00e9pesek. Az elk\u00f6telezetts\u00e9g \u00e9s a n\u00f6veked\u00e9s hi\u00e1nya frusztr\u00e1lta a Bertine-hez hasonl\u00f3 sz\u00f3sz\u00f3l\u00f3kat, akik \u00fagy v\u00e9lt\u00e9k, hogy az ASO t\u00f6bbet is tehetett volna a n\u0151i bicikliz\u00e9s\u00e9rt \u00e9s egy \u00e1lland\u00f3 verseny l\u00e9trehoz\u00e1s\u00e1\u00e9rt. Szerencs\u00e9re a p\u00e1lya mell\u0151l folyamatosan kitartottak \u00e9s v\u00e1rt\u00e1k a lehet\u0151s\u00e9get, hogy megval\u00f3s\u00edts\u00e1k az elk\u00e9pzel\u00e9seiket.<\/p>\n<h2><strong>A Donnons des Elles au v\u00e9lo \u00e9s az InternationElles meg\u00e1ll\u00edthatatlan!<\/strong><\/h2>\n<p>Bertine \u00e9s csapata pedig seg\u00edts\u00e9get kapott abban, hogy az \u00fat sor\u00e1n ne vesszen el a hangjuk. A 2015-ben alap\u00edtott Donnons de Elles au v\u00e9lo egy n\u0151i biciklisekb\u0151l \u00e1ll\u00f3 csoport, ami a Tour de France szakaszain egy nappal a f\u00e9rfi mez\u0151ny el\u0151tt teker. A csoportot Claire Floret ker\u00e9kp\u00e1ros ind\u00edtotta \u00fatj\u00e1ra, aki \u00fagy hat\u00e1rozott, hogy a hivatalos n\u0151i Tour de France hi\u00e1nya nem akad\u00e1lyozza meg abban, hogy megm\u00e9rettesse mag\u00e1t \u00e9s felm\u00e9rje, megvan-e benne mindaz, ami a verseny teljes\u00edt\u00e9s\u00e9hez sz\u00fcks\u00e9ges. K\u00e9t m\u00e1sik biciklissel egy\u00fctt 2015-ben teljes\u00edtette els\u0151 verseny\u00e9t \u00e9s a siker az\u00f3ta is tart &#8211; helyi, orsz\u00e1gos \u00e9s nemzetk\u00f6zi szinten n\u00e9pszer\u0171s\u00edti a n\u0151i ker\u00e9kp\u00e1roz\u00e1st.<\/p>\n<p>Louise Vardeman szint\u00e9n az InternationElles biciklis csapat alap\u00edt\u00f3ja \u00e9s hat\u00e1rozottan ki\u00e1llt a n\u0151i Tour de France verseny mellett. S\u0151t, 2019-ben a csapata v\u00e1llalkozott a feladatra, hogy v\u00e9gigtekerje a Tour de France teljes \u00fatvonal\u00e1t abb\u00f3l a c\u00e9lb\u00f3l, hogy felh\u00edvja a figyelmet a nemek k\u00f6z\u00f6tti egyenl\u0151s\u00e9gre. F\u00e1radhatatlan munk\u00e1ja sor\u00e1n tov\u00e1bbra is hangs\u00falyozza annak jelent\u0151s\u00e9g\u00e9t, milyen fontos, hogy fiatal l\u00e1nyok tan\u00fai legyenek annak, hogy a n\u0151k olyan nagy versenyeken m\u00e9rettetik meg magukat, mint a Tour de France, hiszen \u00edgy l\u00e1thatj\u00e1k, hogy\u00a0 minden lehets\u00e9ges, \u00e9s ez arra inspir\u00e1lja \u0151ket, hogy a profi ker\u00e9kp\u00e1roz\u00e1sra, mint \u00e9letk\u00e9pes karrierlehet\u0151s\u00e9gre gondoljanak.<\/p>\n<h2><strong>A Zwift l\u00e1tja a lehet\u0151s\u00e9get \u00e9s l\u00e9p\u00e9seket tesz<\/strong><\/h2>\n<p>Ennek ellen\u00e9re csak tavaly volt az els\u0151 hivatalos Tour de France Femmes avec Zwift \u00e9s ez bizony meglep\u0151. A kritikus pillanat 2020-ban j\u00f6tt el, amikor a Zwift, egy virtu\u00e1lis biciklis platform a vil\u00e1gj\u00e1rv\u00e1ny idej\u00e9n felkereste az ASO-t egy virtu\u00e1lis verseny szervez\u00e9se \u00fcgy\u00e9ben. Az esem\u00e9nyen f\u00e9rfi \u00e9s n\u0151i csapatok is indultak, azonos p\u00e9nzbeli jutalmakkal \u00e9s t\u00e1vokkal. \u00c9s a Zwift \u00e9szrevette, hogy a n\u0151i verseny k\u00fcl\u00f6n\u00f6sen izgalmas volt \u00e9s ugyanakkora n\u00e9zetts\u00e9get gener\u00e1lt, mint a f\u00e9rfi. A virtu\u00e1lis versenyben mutatkoz\u00f3 egyenjog\u00fas\u00e1g megnyitotta a p\u00e1rbesz\u00e9deket a Zwift \u00e9s az ASO k\u00f6z\u00f6tt, aminek a t\u00e9m\u00e1ja egy val\u00f3di n\u0151i Tour de France szakaszverseny szponzor\u00e1l\u00e1sa lett.<\/p>\n<p>V\u00e9g\u00fcl a Zwift \u00e9s az ASO egy\u00fcttm\u0171k\u00f6d\u00e9se a Tour de Femmes avec Zwift, egy modern, t\u00f6bb szakaszos n\u0151i Tour de France l\u00e9trehoz\u00e1s\u00e1hoz vezetett.<\/p>\n<p>Ha ezt olvasod, val\u00f3sz\u00edn\u0171leg nincs sz\u00fcks\u00e9ged arra, hogy elmondjuk, milyen t\u00f6rt\u00e9nelmi jelent\u0151s\u00e9g\u0171 siker volt a tavalyi verseny. A n\u0151i bicikliz\u00e9s egyre nagyobb szerepe a Tour de France-on kritikus l\u00e9p\u00e9st jelent az egyenl\u0151s\u00e9g \u00e9s az elismer\u00e9s fel\u00e9 \u00e9s nincs k\u00e9ts\u00e9g\u00fcnk afel\u0151l, hogy ahogy egyre t\u00f6bb n\u0151 t\u00f6ri \u00e1t a korl\u00e1tokat, jelenl\u00e9t\u00fck m\u00e9g t\u00f6bb n\u0151i ker\u00e9kp\u00e1rost fog inspir\u00e1lni arra, hogy igenis merjenek nagyon \u00e1lmodni \u00e9s \u00faj magass\u00e1gokat megh\u00f3d\u00edtani.<\/p>\n","protected":false},"excerpt":{"rendered":"<p>A Tour de France t\u00f6bb mint egy \u00e9vsz\u00e1zada ny\u0171g\u00f6zi le a vil\u00e1got izgalmas szakaszaival, l\u00e9legzetel\u00e1ll\u00edt\u00f3 t\u00e1jaival, valamint izgalmas t\u00f6rt\u00e9neteivel. Hab\u00e1r [&hellip;]<\/p>\n","protected":false},"author":71,"featured_media":17749,"comment_status":"open","ping_status":"open","sticky":false,"template":"","format":"standard","meta":{"footnotes":""},"categories":[8],"tags":[],"global-categories":[],"class_list":["post-17747","post","type-post","status-publish","format-standard","has-post-thumbnail","hentry","category-orszaguti-kerekpar"],"yoast_head":"<!-- This site is optimized with the Yoast SEO Premium plugin v25.3 (Yoast SEO v25.9) - https:\/\/yoast.com\/wordpress\/plugins\/seo\/ -->\n<title>A n\u0151k diadalma: Ahogy a Tour de France Femmes avec Zwift val\u00f3s\u00e1gg\u00e1 v\u00e1lt<\/title>\n<meta name=\"description\" content=\"A Tour de France t\u00f6bb mint egy \u00e9vsz\u00e1zada ny\u0171g\u00f6zi le a vil\u00e1got izgalmas szakaszaival, l\u00e9legzetel\u00e1ll\u00edt\u00f3 t\u00e1jaival, valamint izgalmas t\u00f6rt\u00e9neteivel. Hab\u00e1r (eg\u00e9szen a k\u00f6zelm\u00faltig) a verseny els\u0151sorban a f\u00e9rfi biciklisek eredm\u00e9nyeire \u00f6sszpontos\u00edtott, a n\u0151k is szerves r\u00e9sz\u00e9t k\u00e9pezt\u00e9k a verseny t\u00f6rt\u00e9net\u00e9nek, hiszen a sz\u00ednfalak m\u00f6g\u00f6tt folyamatosan feszegett\u00e9k a hat\u00e1rokat \u00e9s \u00e1tt\u00f6rt\u00e9k korl\u00e1taikat.\" \/>\n<meta name=\"robots\" content=\"index, follow, max-snippet:-1, max-image-preview:large, max-video-preview:-1\" \/>\n<link rel=\"canonical\" href=\"https:\/\/www.welovecycling.com\/hu\/orszaguti-kerekpar\/a-nok-diadalma-ahogy-a-tour-de-france-femmes-avec-zwift-valosagga-valt\/\" \/>\n<meta property=\"og:locale\" content=\"hu_HU\" \/>\n<meta property=\"og:type\" content=\"article\" \/>\n<meta property=\"og:title\" content=\"A n\u0151k diadalma: Ahogy a Tour de France Femmes avec Zwift val\u00f3s\u00e1gg\u00e1 v\u00e1lt\" \/>\n<meta property=\"og:description\" content=\"A Tour de France t\u00f6bb mint egy \u00e9vsz\u00e1zada ny\u0171g\u00f6zi le a vil\u00e1got izgalmas szakaszaival, l\u00e9legzetel\u00e1ll\u00edt\u00f3 t\u00e1jaival, valamint izgalmas t\u00f6rt\u00e9neteivel. Hab\u00e1r (eg\u00e9szen a k\u00f6zelm\u00faltig) a verseny els\u0151sorban a f\u00e9rfi biciklisek eredm\u00e9nyeire \u00f6sszpontos\u00edtott, a n\u0151k is szerves r\u00e9sz\u00e9t k\u00e9pezt\u00e9k a verseny t\u00f6rt\u00e9net\u00e9nek, hiszen a sz\u00ednfalak m\u00f6g\u00f6tt folyamatosan feszegett\u00e9k a hat\u00e1rokat \u00e9s \u00e1tt\u00f6rt\u00e9k korl\u00e1taikat.\" \/>\n<meta property=\"og:url\" content=\"https:\/\/www.welovecycling.com\/hu\/orszaguti-kerekpar\/a-nok-diadalma-ahogy-a-tour-de-france-femmes-avec-zwift-valosagga-valt\/\" \/>\n<meta property=\"og:site_name\" content=\"\u0160koda We Love Cycling - Magyarorsz\u00e1g\" \/>\n<meta property=\"article:publisher\" content=\"https:\/\/www.facebook.com\/WeLoveCyclingHungary\/\" \/>\n<meta property=\"article:published_time\" content=\"2023-08-09T06:00:29+00:00\" \/>\n<meta property=\"og:image\" content=\"https:\/\/d2p6e6u75xmxt8.cloudfront.net\/12\/2023\/08\/2023-Tour-de-France-Femmes-profimedia-0791636801-CVR.webp\" \/>\n\t<meta property=\"og:image:width\" content=\"990\" \/>\n\t<meta property=\"og:image:height\" content=\"660\" \/>\n\t<meta property=\"og:image:type\" content=\"image\/webp\" \/>\n<meta name=\"author\" content=\"hegyizs\" \/>\n<meta name=\"twitter:card\" content=\"summary_large_image\" \/>\n<meta name=\"twitter:label1\" content=\"Written by\" \/>\n\t<meta name=\"twitter:data1\" content=\"Megan Flottorp\" \/>\n\t<meta name=\"twitter:label2\" content=\"Est. reading time\" \/>\n\t<meta name=\"twitter:data2\" content=\"5\" \/>\n<script type=\"application\/ld+json\" class=\"yoast-schema-graph\">{\"@context\":\"https:\/\/schema.org\",\"@graph\":[{\"@type\":\"WebPage\",\"@id\":\"https:\/\/www.welovecycling.com\/hu\/orszaguti-kerekpar\/a-nok-diadalma-ahogy-a-tour-de-france-femmes-avec-zwift-valosagga-valt\/\",\"url\":\"https:\/\/www.welovecycling.com\/hu\/orszaguti-kerekpar\/a-nok-diadalma-ahogy-a-tour-de-france-femmes-avec-zwift-valosagga-valt\/\",\"name\":\"A n\u0151k diadalma: Ahogy a Tour de France Femmes avec Zwift val\u00f3s\u00e1gg\u00e1 v\u00e1lt\",\"isPartOf\":{\"@id\":\"https:\/\/www.welovecycling.com\/hu\/#website\"},\"primaryImageOfPage\":{\"@id\":\"https:\/\/www.welovecycling.com\/hu\/orszaguti-kerekpar\/a-nok-diadalma-ahogy-a-tour-de-france-femmes-avec-zwift-valosagga-valt\/#primaryimage\"},\"image\":{\"@id\":\"https:\/\/www.welovecycling.com\/hu\/orszaguti-kerekpar\/a-nok-diadalma-ahogy-a-tour-de-france-femmes-avec-zwift-valosagga-valt\/#primaryimage\"},\"thumbnailUrl\":\"https:\/\/d2p6e6u75xmxt8.cloudfront.net\/12\/2023\/08\/2023-Tour-de-France-Femmes-profimedia-0791636801-CVR.webp\",\"datePublished\":\"2023-08-09T06:00:29+00:00\",\"author\":{\"@id\":\"https:\/\/www.welovecycling.com\/hu\/#\/schema\/person\/414a2aebf1801691a5320edb6468e194\"},\"description\":\"A Tour de France t\u00f6bb mint egy \u00e9vsz\u00e1zada ny\u0171g\u00f6zi le a vil\u00e1got izgalmas szakaszaival, l\u00e9legzetel\u00e1ll\u00edt\u00f3 t\u00e1jaival, valamint izgalmas t\u00f6rt\u00e9neteivel. Hab\u00e1r (eg\u00e9szen a k\u00f6zelm\u00faltig) a verseny els\u0151sorban a f\u00e9rfi biciklisek eredm\u00e9nyeire \u00f6sszpontos\u00edtott, a n\u0151k is szerves r\u00e9sz\u00e9t k\u00e9pezt\u00e9k a verseny t\u00f6rt\u00e9net\u00e9nek, hiszen a sz\u00ednfalak m\u00f6g\u00f6tt folyamatosan feszegett\u00e9k a hat\u00e1rokat \u00e9s \u00e1tt\u00f6rt\u00e9k korl\u00e1taikat.\",\"breadcrumb\":{\"@id\":\"https:\/\/www.welovecycling.com\/hu\/orszaguti-kerekpar\/a-nok-diadalma-ahogy-a-tour-de-france-femmes-avec-zwift-valosagga-valt\/#breadcrumb\"},\"inLanguage\":\"hu\",\"potentialAction\":[{\"@type\":\"ReadAction\",\"target\":[\"https:\/\/www.welovecycling.com\/hu\/orszaguti-kerekpar\/a-nok-diadalma-ahogy-a-tour-de-france-femmes-avec-zwift-valosagga-valt\/\"]}]},{\"@type\":\"ImageObject\",\"inLanguage\":\"hu\",\"@id\":\"https:\/\/www.welovecycling.com\/hu\/orszaguti-kerekpar\/a-nok-diadalma-ahogy-a-tour-de-france-femmes-avec-zwift-valosagga-valt\/#primaryimage\",\"url\":\"https:\/\/d2p6e6u75xmxt8.cloudfront.net\/12\/2023\/08\/2023-Tour-de-France-Femmes-profimedia-0791636801-CVR.webp\",\"contentUrl\":\"https:\/\/d2p6e6u75xmxt8.cloudfront.net\/12\/2023\/08\/2023-Tour-de-France-Femmes-profimedia-0791636801-CVR.webp\",\"width\":990,\"height\":660},{\"@type\":\"BreadcrumbList\",\"@id\":\"https:\/\/www.welovecycling.com\/hu\/orszaguti-kerekpar\/a-nok-diadalma-ahogy-a-tour-de-france-femmes-avec-zwift-valosagga-valt\/#breadcrumb\",\"itemListElement\":[{\"@type\":\"ListItem\",\"position\":1,\"name\":\"Home\",\"item\":\"https:\/\/www.welovecycling.com\/hu\/\"},{\"@type\":\"ListItem\",\"position\":2,\"name\":\"A n\u0151k diadalma: Ahogy a Tour de France Femmes avec Zwift val\u00f3s\u00e1gg\u00e1 v\u00e1lt\"}]},{\"@type\":\"WebSite\",\"@id\":\"https:\/\/www.welovecycling.com\/hu\/#website\",\"url\":\"https:\/\/www.welovecycling.com\/hu\/\",\"name\":\"\u0160koda We Love Cycling - Magyarorsz\u00e1g\",\"description\":\"\u0160koda WeLoveCycling\",\"potentialAction\":[{\"@type\":\"SearchAction\",\"target\":{\"@type\":\"EntryPoint\",\"urlTemplate\":\"https:\/\/www.welovecycling.com\/hu\/?s={search_term_string}\"},\"query-input\":{\"@type\":\"PropertyValueSpecification\",\"valueRequired\":true,\"valueName\":\"search_term_string\"}}],\"inLanguage\":\"hu\"},{\"@type\":\"Person\",\"@id\":\"https:\/\/www.welovecycling.com\/hu\/#\/schema\/person\/414a2aebf1801691a5320edb6468e194\",\"name\":\"hegyizs\",\"image\":{\"@type\":\"ImageObject\",\"inLanguage\":\"hu\",\"@id\":\"https:\/\/www.welovecycling.com\/hu\/#\/schema\/person\/image\/\",\"url\":\"https:\/\/secure.gravatar.com\/avatar\/02cf8a7906b8cf90cecb4679defac7cfd33a1c2e3b88e4903d947f3bb58eedd3?s=96&d=mm&r=g\",\"contentUrl\":\"https:\/\/secure.gravatar.com\/avatar\/02cf8a7906b8cf90cecb4679defac7cfd33a1c2e3b88e4903d947f3bb58eedd3?s=96&d=mm&r=g\",\"caption\":\"hegyizs\"},\"url\":\"https:\/\/www.welovecycling.com\/hu\/author\/hegyizs\/\"}]}<\/script>\n<!-- \/ Yoast SEO Premium plugin. -->","yoast_head_json":{"title":"A n\u0151k diadalma: Ahogy a Tour de France Femmes avec Zwift val\u00f3s\u00e1gg\u00e1 v\u00e1lt","description":"A Tour de France t\u00f6bb mint egy \u00e9vsz\u00e1zada ny\u0171g\u00f6zi le a vil\u00e1got izgalmas szakaszaival, l\u00e9legzetel\u00e1ll\u00edt\u00f3 t\u00e1jaival, valamint izgalmas t\u00f6rt\u00e9neteivel. Hab\u00e1r (eg\u00e9szen a k\u00f6zelm\u00faltig) a verseny els\u0151sorban a f\u00e9rfi biciklisek eredm\u00e9nyeire \u00f6sszpontos\u00edtott, a n\u0151k is szerves r\u00e9sz\u00e9t k\u00e9pezt\u00e9k a verseny t\u00f6rt\u00e9net\u00e9nek, hiszen a sz\u00ednfalak m\u00f6g\u00f6tt folyamatosan feszegett\u00e9k a hat\u00e1rokat \u00e9s \u00e1tt\u00f6rt\u00e9k korl\u00e1taikat.","robots":{"index":"index","follow":"follow","max-snippet":"max-snippet:-1","max-image-preview":"max-image-preview:large","max-video-preview":"max-video-preview:-1"},"canonical":"https:\/\/www.welovecycling.com\/hu\/orszaguti-kerekpar\/a-nok-diadalma-ahogy-a-tour-de-france-femmes-avec-zwift-valosagga-valt\/","og_locale":"hu_HU","og_type":"article","og_title":"A n\u0151k diadalma: Ahogy a Tour de France Femmes avec Zwift val\u00f3s\u00e1gg\u00e1 v\u00e1lt","og_description":"A Tour de France t\u00f6bb mint egy \u00e9vsz\u00e1zada ny\u0171g\u00f6zi le a vil\u00e1got izgalmas szakaszaival, l\u00e9legzetel\u00e1ll\u00edt\u00f3 t\u00e1jaival, valamint izgalmas t\u00f6rt\u00e9neteivel. Hab\u00e1r (eg\u00e9szen a k\u00f6zelm\u00faltig) a verseny els\u0151sorban a f\u00e9rfi biciklisek eredm\u00e9nyeire \u00f6sszpontos\u00edtott, a n\u0151k is szerves r\u00e9sz\u00e9t k\u00e9pezt\u00e9k a verseny t\u00f6rt\u00e9net\u00e9nek, hiszen a sz\u00ednfalak m\u00f6g\u00f6tt folyamatosan feszegett\u00e9k a hat\u00e1rokat \u00e9s \u00e1tt\u00f6rt\u00e9k korl\u00e1taikat.","og_url":"https:\/\/www.welovecycling.com\/hu\/orszaguti-kerekpar\/a-nok-diadalma-ahogy-a-tour-de-france-femmes-avec-zwift-valosagga-valt\/","og_site_name":"\u0160koda We Love Cycling - Magyarorsz\u00e1g","article_publisher":"https:\/\/www.facebook.com\/WeLoveCyclingHungary\/","article_published_time":"2023-08-09T06:00:29+00:00","og_image":[{"width":990,"height":660,"url":"https:\/\/d2p6e6u75xmxt8.cloudfront.net\/12\/2023\/08\/2023-Tour-de-France-Femmes-profimedia-0791636801-CVR.webp","type":"image\/webp"}],"author":"hegyizs","twitter_card":"summary_large_image","twitter_misc":{"Written by":"Megan Flottorp","Est. reading time":"5"},"schema":{"@context":"https:\/\/schema.org","@graph":[{"@type":"WebPage","@id":"https:\/\/www.welovecycling.com\/hu\/orszaguti-kerekpar\/a-nok-diadalma-ahogy-a-tour-de-france-femmes-avec-zwift-valosagga-valt\/","url":"https:\/\/www.welovecycling.com\/hu\/orszaguti-kerekpar\/a-nok-diadalma-ahogy-a-tour-de-france-femmes-avec-zwift-valosagga-valt\/","name":"A n\u0151k diadalma: Ahogy a Tour de France Femmes avec Zwift val\u00f3s\u00e1gg\u00e1 v\u00e1lt","isPartOf":{"@id":"https:\/\/www.welovecycling.com\/hu\/#website"},"primaryImageOfPage":{"@id":"https:\/\/www.welovecycling.com\/hu\/orszaguti-kerekpar\/a-nok-diadalma-ahogy-a-tour-de-france-femmes-avec-zwift-valosagga-valt\/#primaryimage"},"image":{"@id":"https:\/\/www.welovecycling.com\/hu\/orszaguti-kerekpar\/a-nok-diadalma-ahogy-a-tour-de-france-femmes-avec-zwift-valosagga-valt\/#primaryimage"},"thumbnailUrl":"https:\/\/d2p6e6u75xmxt8.cloudfront.net\/12\/2023\/08\/2023-Tour-de-France-Femmes-profimedia-0791636801-CVR.webp","datePublished":"2023-08-09T06:00:29+00:00","author":{"@id":"https:\/\/www.welovecycling.com\/hu\/#\/schema\/person\/414a2aebf1801691a5320edb6468e194"},"description":"A Tour de France t\u00f6bb mint egy \u00e9vsz\u00e1zada ny\u0171g\u00f6zi le a vil\u00e1got izgalmas szakaszaival, l\u00e9legzetel\u00e1ll\u00edt\u00f3 t\u00e1jaival, valamint izgalmas t\u00f6rt\u00e9neteivel. Hab\u00e1r (eg\u00e9szen a k\u00f6zelm\u00faltig) a verseny els\u0151sorban a f\u00e9rfi biciklisek eredm\u00e9nyeire \u00f6sszpontos\u00edtott, a n\u0151k is szerves r\u00e9sz\u00e9t k\u00e9pezt\u00e9k a verseny t\u00f6rt\u00e9net\u00e9nek, hiszen a sz\u00ednfalak m\u00f6g\u00f6tt folyamatosan feszegett\u00e9k a hat\u00e1rokat \u00e9s \u00e1tt\u00f6rt\u00e9k korl\u00e1taikat.","breadcrumb":{"@id":"https:\/\/www.welovecycling.com\/hu\/orszaguti-kerekpar\/a-nok-diadalma-ahogy-a-tour-de-france-femmes-avec-zwift-valosagga-valt\/#breadcrumb"},"inLanguage":"hu","potentialAction":[{"@type":"ReadAction","target":["https:\/\/www.welovecycling.com\/hu\/orszaguti-kerekpar\/a-nok-diadalma-ahogy-a-tour-de-france-femmes-avec-zwift-valosagga-valt\/"]}]},{"@type":"ImageObject","inLanguage":"hu","@id":"https:\/\/www.welovecycling.com\/hu\/orszaguti-kerekpar\/a-nok-diadalma-ahogy-a-tour-de-france-femmes-avec-zwift-valosagga-valt\/#primaryimage","url":"https:\/\/d2p6e6u75xmxt8.cloudfront.net\/12\/2023\/08\/2023-Tour-de-France-Femmes-profimedia-0791636801-CVR.webp","contentUrl":"https:\/\/d2p6e6u75xmxt8.cloudfront.net\/12\/2023\/08\/2023-Tour-de-France-Femmes-profimedia-0791636801-CVR.webp","width":990,"height":660},{"@type":"BreadcrumbList","@id":"https:\/\/www.welovecycling.com\/hu\/orszaguti-kerekpar\/a-nok-diadalma-ahogy-a-tour-de-france-femmes-avec-zwift-valosagga-valt\/#breadcrumb","itemListElement":[{"@type":"ListItem","position":1,"name":"Home","item":"https:\/\/www.welovecycling.com\/hu\/"},{"@type":"ListItem","position":2,"name":"A n\u0151k diadalma: Ahogy a Tour de France Femmes avec Zwift val\u00f3s\u00e1gg\u00e1 v\u00e1lt"}]},{"@type":"WebSite","@id":"https:\/\/www.welovecycling.com\/hu\/#website","url":"https:\/\/www.welovecycling.com\/hu\/","name":"\u0160koda We Love Cycling - Magyarorsz\u00e1g","description":"\u0160koda WeLoveCycling","potentialAction":[{"@type":"SearchAction","target":{"@type":"EntryPoint","urlTemplate":"https:\/\/www.welovecycling.com\/hu\/?s={search_term_string}"},"query-input":{"@type":"PropertyValueSpecification","valueRequired":true,"valueName":"search_term_string"}}],"inLanguage":"hu"},{"@type":"Person","@id":"https:\/\/www.welovecycling.com\/hu\/#\/schema\/person\/414a2aebf1801691a5320edb6468e194","name":"hegyizs","image":{"@type":"ImageObject","inLanguage":"hu","@id":"https:\/\/www.welovecycling.com\/hu\/#\/schema\/person\/image\/","url":"https:\/\/secure.gravatar.com\/avatar\/02cf8a7906b8cf90cecb4679defac7cfd33a1c2e3b88e4903d947f3bb58eedd3?s=96&d=mm&r=g","contentUrl":"https:\/\/secure.gravatar.com\/avatar\/02cf8a7906b8cf90cecb4679defac7cfd33a1c2e3b88e4903d947f3bb58eedd3?s=96&d=mm&r=g","caption":"hegyizs"},"url":"https:\/\/www.welovecycling.com\/hu\/author\/hegyizs\/"}]}},"_links":{"self":[{"href":"https:\/\/www.welovecycling.com\/hu\/wp-json\/wp\/v2\/posts\/17747","targetHints":{"allow":["GET"]}}],"collection":[{"href":"https:\/\/www.welovecycling.com\/hu\/wp-json\/wp\/v2\/posts"}],"about":[{"href":"https:\/\/www.welovecycling.com\/hu\/wp-json\/wp\/v2\/types\/post"}],"author":[{"embeddable":true,"href":"https:\/\/www.welovecycling.com\/hu\/wp-json\/wp\/v2\/users\/71"}],"replies":[{"embeddable":true,"href":"https:\/\/www.welovecycling.com\/hu\/wp-json\/wp\/v2\/comments?post=17747"}],"version-history":[{"count":2,"href":"https:\/\/www.welovecycling.com\/hu\/wp-json\/wp\/v2\/posts\/17747\/revisions"}],"predecessor-version":[{"id":17750,"href":"https:\/\/www.welovecycling.com\/hu\/wp-json\/wp\/v2\/posts\/17747\/revisions\/17750"}],"wp:featuredmedia":[{"embeddable":true,"href":"https:\/\/www.welovecycling.com\/hu\/wp-json\/wp\/v2\/media\/17749"}],"wp:attachment":[{"href":"https:\/\/www.welovecycling.com\/hu\/wp-json\/wp\/v2\/media?parent=17747"}],"wp:term":[{"taxonomy":"category","embeddable":true,"href":"https:\/\/www.welovecycling.com\/hu\/wp-json\/wp\/v2\/categories?post=17747"},{"taxonomy":"post_tag","embeddable":true,"href":"https:\/\/www.welovecycling.com\/hu\/wp-json\/wp\/v2\/tags?post=17747"},{"taxonomy":"global-categories","embeddable":true,"href":"https:\/\/www.welovecycling.com\/hu\/wp-json\/wp\/v2\/global-categories?post=17747"}],"curies":[{"name":"wp","href":"https:\/\/api.w.org\/{rel}","templated":true}]}}