{"id":17739,"date":"2023-07-28T11:51:42","date_gmt":"2023-07-28T09:51:42","guid":{"rendered":"https:\/\/www.welovecycling.com\/hu\/?p=17739"},"modified":"2023-07-28T11:51:42","modified_gmt":"2023-07-28T09:51:42","slug":"vingegaard-a-vueltat-is-behuzna-van-der-poel-mar-a-jovo-hetvegi-vilagbajnoksagra-feni-a-fogat","status":"publish","type":"post","link":"https:\/\/www.welovecycling.com\/hu\/orszaguti-kerekpar\/vingegaard-a-vueltat-is-behuzna-van-der-poel-mar-a-jovo-hetvegi-vilagbajnoksagra-feni-a-fogat\/","title":{"rendered":"Vingegaard a Vuelt\u00e1t is beh\u00fazn\u00e1, Van der Poel m\u00e1r a j\u00f6v\u0151 h\u00e9tv\u00e9gi vil\u00e1gbajnoks\u00e1gra feni a fog\u00e1t"},"content":{"rendered":"<p><strong>Alig v\u00e9dte meg Tour de France-c\u00edm\u00e9t, m\u00e1ris el\u0151retekint Jonas Vingegaard, a hollandok betegesked\u0151 szuperszt\u00e1rja pedig a glasgow-i vb-t vette c\u00e9lba. <\/strong><!--more--><\/p>\n<p>Nem t\u00f6rt\u00e9nt se csoda, se dr\u00e1ma: noha Tadej Poga\u010dar a l\u00e1tv\u00e1nyos megzuhan\u00e1sa ut\u00e1n az\u00e9rt becs\u00fcletb\u0151l beh\u00fazott m\u00e9g egy szakaszgy\u0151zelmet a h\u00e9tv\u00e9g\u00e9n v\u00e9get \u00e9rt Tour de France utols\u00f3 el\u0151tti napj\u00e1n, a z\u00e1r\u00f3 h\u00e9t k\u00f6zep\u00e9n a riv\u00e1lisa sz\u00e9tes\u00e9s\u00e9t kihaszn\u00e1lva tetemes, 7 \u00e9s f\u00e9l perces el\u0151nyt fel\u00e9p\u00edt\u0151 Jonas Vingegaard gond n\u00e9lk\u00fcl v\u00e9gigment P\u00e1rizsig, \u00edgy sikeresen \u2013 \u00e9s ha csak a v\u00e9gelsz\u00e1mol\u00e1st n\u00e9zz\u00fck, v\u00e1ratlanul sim\u00e1n \u2013 v\u00e9dte meg v\u00e9g\u00fcl s\u00e1rga trik\u00f3j\u00e1t.<\/p>\n<figure id=\"attachment_17744\" aria-describedby=\"caption-attachment-17744\" style=\"width: 664px\" class=\"wp-caption alignnone\"><img loading=\"lazy\" decoding=\"async\" class=\"size-full wp-image-17744\" src=\"https:\/\/d2p6e6u75xmxt8.cloudfront.net\/12\/2023\/07\/dd5e2c3_5837692-01-06.webp\" alt=\"\" width=\"664\" height=\"443\" srcset=\"https:\/\/d2p6e6u75xmxt8.cloudfront.net\/12\/2023\/07\/dd5e2c3_5837692-01-06.webp 664w, https:\/\/d2p6e6u75xmxt8.cloudfront.net\/12\/2023\/07\/dd5e2c3_5837692-01-06-300x200.webp 300w, https:\/\/d2p6e6u75xmxt8.cloudfront.net\/12\/2023\/07\/dd5e2c3_5837692-01-06-400x267.webp 400w, https:\/\/d2p6e6u75xmxt8.cloudfront.net\/12\/2023\/07\/dd5e2c3_5837692-01-06-272x182.webp 272w\" sizes=\"auto, (max-width: 664px) 100vw, 664px\" \/><figcaption id=\"caption-attachment-17744\" class=\"wp-caption-text\">fot\u00f3: Marco Bertorello\/AFP<\/figcaption><\/figure>\n<p>Az \u00edgy imm\u00e1r k\u00e9tszeres Tour-gy\u0151ztes d\u00e1n Jumbo-versenyz\u0151 az \u00fajabb diadal ut\u00e1n el\u00e1rulta, \u00f3ri\u00e1si k\u00fcl\u00f6nbs\u00e9g a tavalyi \u00e9v\u00e9hez k\u00e9pest, hogy id\u00e9n semmif\u00e9le betegs\u00e9g \u00e9s s\u00e9r\u00fcl\u00e9s nem h\u00e1tr\u00e1ltatta, ellent\u00e9tben az el\u0151z\u0151 esztend\u0151vel, amikor kijutott neki b\u0151ven a bajokb\u00f3l. Mint mondta, \u00edgy tud folyamatosan, \u00e9vr\u0151l \u00e9vre fejl\u0151dni \u2013 amit nem \u00fagy kell elk\u00e9pzelni, hogy <em>\u201eminden \u00e9vben 20%-kal jobb vagyok, hanem mindig csak egy kicsivel.\u201d<\/em> Ennek szellem\u00e9ben \u00fcnnep\u00e9lyesen meg is tette \u2019ide nekem az oroszl\u00e1nt\u2019-jelleg\u0171 bejelent\u00e9s\u00e9t: m\u00e9g v\u00e9get sem \u00e9rt a kimer\u00edt\u0151 Tour, a z\u00e1r\u00f3h\u00e9tv\u00e9g\u00e9n ki\u00e1llt a sajt\u00f3 el\u00e9, \u00e9s k\u00f6z\u00f6lte, az egy h\u00f3nap m\u00falva indul\u00f3 utols\u00f3 nagy h\u00e1romhetesen, a Vuelt\u00e1n is rajthoz \u00e1ll! M\u00e9ghozz\u00e1 term\u00e9szetesen ott is gy\u0151zelmi sz\u00e1nd\u00e9kkal; m\u00e1r csak az\u00e9rt is, mert csapata, a jelenleg tot\u00e1lis dominanci\u00e1t mutat\u00f3 Jumbo-Visma f\u0151 c\u00e9lja, hogy id\u00e9n mindh\u00e1rom Grand Tourt megnyerje: Primoz Rogli\u010d r\u00e9v\u00e9n a Gir\u00f3t m\u00e1r siker\u00fclt, Vingegaard megv\u00e9dte c\u00edm\u00e9t a Touron, \u00e9s most egy\u00fctt mennek r\u00e1 a Vuelt\u00e1ra is. A Jumbo ugyanis a jelek szerint k\u00e9t kapit\u00e1nnyal v\u00e1g neki a spanyol k\u00f6rnek: Vingegaard mellett \u201eterm\u00e9szetesen\u201d Rogli\u010d is ott lesz, \u00edgy \u0151 is nagy dupl\u00e1z\u00e1sra k\u00e9sz\u00fcl.<\/p>\n<figure id=\"attachment_17742\" aria-describedby=\"caption-attachment-17742\" style=\"width: 1024px\" class=\"wp-caption alignnone\"><img loading=\"lazy\" decoding=\"async\" class=\"size-large wp-image-17742\" src=\"https:\/\/d2p6e6u75xmxt8.cloudfront.net\/12\/2023\/07\/3396586-69411888-2560-1440-1024x576.webp\" alt=\"\" width=\"1024\" height=\"576\" srcset=\"https:\/\/d2p6e6u75xmxt8.cloudfront.net\/12\/2023\/07\/3396586-69411888-2560-1440-1024x576.webp 1024w, https:\/\/d2p6e6u75xmxt8.cloudfront.net\/12\/2023\/07\/3396586-69411888-2560-1440-300x169.webp 300w, https:\/\/d2p6e6u75xmxt8.cloudfront.net\/12\/2023\/07\/3396586-69411888-2560-1440-768x432.webp 768w, https:\/\/d2p6e6u75xmxt8.cloudfront.net\/12\/2023\/07\/3396586-69411888-2560-1440-1536x864.webp 1536w, https:\/\/d2p6e6u75xmxt8.cloudfront.net\/12\/2023\/07\/3396586-69411888-2560-1440-2048x1152.webp 2048w, https:\/\/d2p6e6u75xmxt8.cloudfront.net\/12\/2023\/07\/3396586-69411888-2560-1440-1920x1080.webp 1920w, https:\/\/d2p6e6u75xmxt8.cloudfront.net\/12\/2023\/07\/3396586-69411888-2560-1440-400x225.webp 400w, https:\/\/d2p6e6u75xmxt8.cloudfront.net\/12\/2023\/07\/3396586-69411888-2560-1440-1920x1080.webp 1920w\" sizes=\"auto, (max-width: 1024px) 100vw, 1024px\" \/><figcaption id=\"caption-attachment-17742\" class=\"wp-caption-text\">forr\u00e1s: Eurosport<\/figcaption><\/figure>\n<p>Mindk\u00e9t eset\u00e9ben csup\u00e1n 3-3 p\u00e9lda akad a ker\u00e9kp\u00e1rt\u00f6rt\u00e9nelemben arra, amire most a Jumbo p\u00e1rosa gy\u00far: a Giro \u00e9s a Vuelta egyazon \u00e9vben megnyer\u00e9se eddig csak Eddy Merckxnek (1973), Giovanni Battaglinnak (1981) \u00e9s Alberto Contadornak (2008) siker\u00fclt, a Tour, Vuelta-dupla pedig Jacques Anquetilnek (1963), Bernard Hinault-nak (1982) \u00e9s Chris Froome-nak (2017) \u2013 nem semmi n\u00e9vsor\u2026 \u00c9rdekes lesz teh\u00e1t l\u00e1tni, hogyan alakulnak majd a (f\u0151)szerepek a Jumb\u00f3n\u00e1l, ak\u00e1r menet k\u00f6zben is, abban mindenesetre joggal rem\u00e9nykedhet\u00fcnk, hogy ak\u00e1rhogy is lesz, a vil\u00e1g legjobb csapat\u00e1nak keret\u00e9ben Valter Attila is ott lehet majd az augusztus 26-\u00e1n a barcelonai csapatid\u0151futammal elrajtol\u00f3 Vuelt\u00e1n!<\/p>\n<figure id=\"attachment_17743\" aria-describedby=\"caption-attachment-17743\" style=\"width: 1024px\" class=\"wp-caption alignnone\"><img loading=\"lazy\" decoding=\"async\" class=\"size-large wp-image-17743\" src=\"https:\/\/d2p6e6u75xmxt8.cloudfront.net\/12\/2023\/07\/Chris-Froome-Tour-de-France-Vuelta-a-Espana-Grand-Tour-double-red-jersey-Team-Sky-podium-2017-pic-Sirotti-1024x576.webp\" alt=\"\" width=\"1024\" height=\"576\" srcset=\"https:\/\/d2p6e6u75xmxt8.cloudfront.net\/12\/2023\/07\/Chris-Froome-Tour-de-France-Vuelta-a-Espana-Grand-Tour-double-red-jersey-Team-Sky-podium-2017-pic-Sirotti-1024x576.webp 1024w, https:\/\/d2p6e6u75xmxt8.cloudfront.net\/12\/2023\/07\/Chris-Froome-Tour-de-France-Vuelta-a-Espana-Grand-Tour-double-red-jersey-Team-Sky-podium-2017-pic-Sirotti-300x169.webp 300w, https:\/\/d2p6e6u75xmxt8.cloudfront.net\/12\/2023\/07\/Chris-Froome-Tour-de-France-Vuelta-a-Espana-Grand-Tour-double-red-jersey-Team-Sky-podium-2017-pic-Sirotti-768x432.webp 768w, https:\/\/d2p6e6u75xmxt8.cloudfront.net\/12\/2023\/07\/Chris-Froome-Tour-de-France-Vuelta-a-Espana-Grand-Tour-double-red-jersey-Team-Sky-podium-2017-pic-Sirotti-1536x864.webp 1536w, https:\/\/d2p6e6u75xmxt8.cloudfront.net\/12\/2023\/07\/Chris-Froome-Tour-de-France-Vuelta-a-Espana-Grand-Tour-double-red-jersey-Team-Sky-podium-2017-pic-Sirotti-400x225.webp 400w, https:\/\/d2p6e6u75xmxt8.cloudfront.net\/12\/2023\/07\/Chris-Froome-Tour-de-France-Vuelta-a-Espana-Grand-Tour-double-red-jersey-Team-Sky-podium-2017-pic-Sirotti.webp 1920w\" sizes=\"auto, (max-width: 1024px) 100vw, 1024px\" \/><figcaption id=\"caption-attachment-17743\" class=\"wp-caption-text\">Legut\u00f3bb a cs\u00facson l\u00e9v\u0151 Chris Froome-nak j\u00f6tt \u00f6ssze a Tour, Vuelta-dupla (fot\u00f3: Stefano Sirotti)<\/figcaption><\/figure>\n<p>Ek\u00f6zben eg\u00e9szen m\u00e1sfel\u00e9 n\u00e9zel\u0151dik egy m\u00e1sik szuperszt\u00e1r, Mathieu van der Poel. Az Alpecin holland extraklasszisa az idei Tour-on elmond\u00e1sa szerint betegs\u00e9g miatt nem tudta igaz\u00e1n megmutatni mag\u00e1t, de az\u00e9rt \u00edgy is kivette a r\u00e9sz\u00e9t t\u00e1rsa, Jasper Philipsen t\u00fcnd\u00f6kl\u00e9s\u00e9b\u0151l, aki nem kevesebb, mint 4 szakaszsikert tudott elhozni a vil\u00e1g legnagyobb verseny\u00e9r\u0151l, \u00e9s a gyorsas\u00e1gi pontversenyt is utcahosszal, t\u00f6bb mint 100 ponttal nyerte meg. Van der Poel most m\u00e1r csak el\u0151re n\u00e9z, konkr\u00e9tabban a j\u00f6v\u0151 h\u00e9tv\u00e9g\u00e9n Glasgow-ban esed\u00e9kes orsz\u00e1g\u00fati vil\u00e1gbajnoks\u00e1gra. A hollandnak j\u00f3 eml\u00e9kei lehetnek a sk\u00f3t f\u0151v\u00e1ros\u00f3l, hiszen \u00f6t \u00e9ve ez\u00fcst\u00e9rmet nyert itt az Eur\u00f3pa-bajnoks\u00e1g mez\u0151nyverseny\u00e9ben (juniorkor\u00e1ban pedig vil\u00e1gbajnok is volt a sz\u00e1mban). Van der Poel a Tour ut\u00e1n k\u00f6zvetlen\u00fcl \u00fagy fogalmazott, a betegs\u00e9ge m\u00e1r a m\u00falt\u00e9, sokkal jobban \u00e9rzi mag\u00e1t, ami rem\u00e9lhet\u0151leg j\u00f3 el\u0151jel a vb-re n\u00e9zve. A 271 km-es dimbes-dombos glasgow-i p\u00e1lya elm\u00e9letben fekszik a sokoldal\u00fa hollandnak, aki els\u0151 sziv\u00e1rv\u00e1nyos trik\u00f3j\u00e1ra hajt az orsz\u00e1g\u00fati szak\u00e1gban (cyclocrossban \u00f6tsz\u00f6r\u00f6s vil\u00e1gbajnok), \u00e9s ismerve egynapos k\u00e9pess\u00e9geit, \u0151t ezen a fel\u00fcleten is mindig az egy\u00e9rtelm\u0171 es\u00e9lyesek k\u00f6z\u00e9 kell sorolni.<\/p>\n<figure id=\"attachment_17741\" aria-describedby=\"caption-attachment-17741\" style=\"width: 1024px\" class=\"wp-caption alignnone\"><img loading=\"lazy\" decoding=\"async\" class=\"size-large wp-image-17741\" src=\"https:\/\/d2p6e6u75xmxt8.cloudfront.net\/12\/2023\/07\/637ceb12f5c46a75ab2d5cd1-1024x640.webp\" alt=\"\" width=\"1024\" height=\"640\" srcset=\"https:\/\/d2p6e6u75xmxt8.cloudfront.net\/12\/2023\/07\/637ceb12f5c46a75ab2d5cd1-1024x640.webp 1024w, https:\/\/d2p6e6u75xmxt8.cloudfront.net\/12\/2023\/07\/637ceb12f5c46a75ab2d5cd1-300x188.webp 300w, https:\/\/d2p6e6u75xmxt8.cloudfront.net\/12\/2023\/07\/637ceb12f5c46a75ab2d5cd1-768x480.webp 768w, https:\/\/d2p6e6u75xmxt8.cloudfront.net\/12\/2023\/07\/637ceb12f5c46a75ab2d5cd1-400x250.webp 400w, https:\/\/d2p6e6u75xmxt8.cloudfront.net\/12\/2023\/07\/637ceb12f5c46a75ab2d5cd1.webp 1200w\" sizes=\"auto, (max-width: 1024px) 100vw, 1024px\" \/><figcaption id=\"caption-attachment-17741\" class=\"wp-caption-text\">Van der Poel a cyclocross ut\u00e1n aszfalton is begy\u0171jten\u00e9 a vil\u00e1gbajnoki sziv\u00e1rv\u00e1nyos trik\u00f3t (fot\u00f3: AFP)<\/figcaption><\/figure>\n<p><em>Bor\u00edt\u00f3k\u00e9p: Daniel Cole\/Associated Press<\/em><\/p>\n","protected":false},"excerpt":{"rendered":"<p>Alig v\u00e9dte meg Tour de France-c\u00edm\u00e9t, m\u00e1ris el\u0151retekint Jonas Vingegaard, a hollandok betegesked\u0151 szuperszt\u00e1rja pedig a glasgow-i vb-t vette c\u00e9lba.<\/p>\n","protected":false},"author":71,"featured_media":17740,"comment_status":"open","ping_status":"open","sticky":false,"template":"","format":"standard","meta":{"footnotes":""},"categories":[8],"tags":[],"global-categories":[419],"class_list":["post-17739","post","type-post","status-publish","format-standard","has-post-thumbnail","hentry","category-orszaguti-kerekpar","global-categories-cycling"],"yoast_head":"<!-- This site is optimized with the Yoast SEO Premium plugin v25.3 (Yoast SEO v25.9) - https:\/\/yoast.com\/wordpress\/plugins\/seo\/ -->\n<title>Vingegaard a Vuelt\u00e1t is beh\u00fazn\u00e1, Van der Poel m\u00e1r a j\u00f6v\u0151 h\u00e9tv\u00e9gi vil\u00e1gbajnoks\u00e1gra feni a fog\u00e1t<\/title>\n<meta name=\"description\" content=\"Alig v\u00e9dte meg Tour de France-c\u00edm\u00e9t, m\u00e1ris el\u0151retekint Jonas Vingegaard, a hollandok betegesked\u0151 szuperszt\u00e1rja pedig a glasgow-i vb-t vette c\u00e9lba.\" \/>\n<meta name=\"robots\" content=\"index, follow, max-snippet:-1, max-image-preview:large, max-video-preview:-1\" \/>\n<link rel=\"canonical\" href=\"https:\/\/www.welovecycling.com\/hu\/orszaguti-kerekpar\/vingegaard-a-vueltat-is-behuzna-van-der-poel-mar-a-jovo-hetvegi-vilagbajnoksagra-feni-a-fogat\/\" \/>\n<meta property=\"og:locale\" content=\"hu_HU\" \/>\n<meta property=\"og:type\" content=\"article\" \/>\n<meta property=\"og:title\" content=\"Vingegaard a Vuelt\u00e1t is beh\u00fazn\u00e1, Van der Poel m\u00e1r a j\u00f6v\u0151 h\u00e9tv\u00e9gi vil\u00e1gbajnoks\u00e1gra feni a fog\u00e1t\" \/>\n<meta property=\"og:description\" content=\"Alig v\u00e9dte meg Tour de France-c\u00edm\u00e9t, m\u00e1ris el\u0151retekint Jonas Vingegaard, a hollandok betegesked\u0151 szuperszt\u00e1rja pedig a glasgow-i vb-t vette c\u00e9lba.\" \/>\n<meta property=\"og:url\" content=\"https:\/\/www.welovecycling.com\/hu\/orszaguti-kerekpar\/vingegaard-a-vueltat-is-behuzna-van-der-poel-mar-a-jovo-hetvegi-vilagbajnoksagra-feni-a-fogat\/\" \/>\n<meta property=\"og:site_name\" content=\"\u0160koda We Love Cycling - Magyarorsz\u00e1g\" \/>\n<meta property=\"article:publisher\" content=\"https:\/\/www.facebook.com\/WeLoveCyclingHungary\/\" \/>\n<meta property=\"article:published_time\" content=\"2023-07-28T09:51:42+00:00\" \/>\n<meta property=\"og:image\" content=\"https:\/\/d2p6e6u75xmxt8.cloudfront.net\/12\/2023\/07\/23tour-de-france-champagne-pmtk-videoSixteenByNine3000-scaled.webp\" \/>\n\t<meta property=\"og:image:width\" content=\"2560\" \/>\n\t<meta property=\"og:image:height\" content=\"1440\" \/>\n\t<meta property=\"og:image:type\" content=\"image\/webp\" \/>\n<meta name=\"author\" content=\"hegyizs\" \/>\n<meta name=\"twitter:card\" content=\"summary_large_image\" \/>\n<meta name=\"twitter:label1\" content=\"Written by\" \/>\n\t<meta name=\"twitter:data1\" content=\"WLC\" \/>\n\t<meta name=\"twitter:label2\" content=\"Est. reading time\" \/>\n\t<meta name=\"twitter:data2\" content=\"4 minutes\" \/>\n<script type=\"application\/ld+json\" class=\"yoast-schema-graph\">{\"@context\":\"https:\/\/schema.org\",\"@graph\":[{\"@type\":\"WebPage\",\"@id\":\"https:\/\/www.welovecycling.com\/hu\/orszaguti-kerekpar\/vingegaard-a-vueltat-is-behuzna-van-der-poel-mar-a-jovo-hetvegi-vilagbajnoksagra-feni-a-fogat\/\",\"url\":\"https:\/\/www.welovecycling.com\/hu\/orszaguti-kerekpar\/vingegaard-a-vueltat-is-behuzna-van-der-poel-mar-a-jovo-hetvegi-vilagbajnoksagra-feni-a-fogat\/\",\"name\":\"Vingegaard a Vuelt\u00e1t is beh\u00fazn\u00e1, Van der Poel m\u00e1r a j\u00f6v\u0151 h\u00e9tv\u00e9gi vil\u00e1gbajnoks\u00e1gra feni a fog\u00e1t\",\"isPartOf\":{\"@id\":\"https:\/\/www.welovecycling.com\/hu\/#website\"},\"primaryImageOfPage\":{\"@id\":\"https:\/\/www.welovecycling.com\/hu\/orszaguti-kerekpar\/vingegaard-a-vueltat-is-behuzna-van-der-poel-mar-a-jovo-hetvegi-vilagbajnoksagra-feni-a-fogat\/#primaryimage\"},\"image\":{\"@id\":\"https:\/\/www.welovecycling.com\/hu\/orszaguti-kerekpar\/vingegaard-a-vueltat-is-behuzna-van-der-poel-mar-a-jovo-hetvegi-vilagbajnoksagra-feni-a-fogat\/#primaryimage\"},\"thumbnailUrl\":\"https:\/\/d2p6e6u75xmxt8.cloudfront.net\/12\/2023\/07\/23tour-de-france-champagne-pmtk-videoSixteenByNine3000-scaled.webp\",\"datePublished\":\"2023-07-28T09:51:42+00:00\",\"author\":{\"@id\":\"https:\/\/www.welovecycling.com\/hu\/#\/schema\/person\/414a2aebf1801691a5320edb6468e194\"},\"description\":\"Alig v\u00e9dte meg Tour de France-c\u00edm\u00e9t, m\u00e1ris el\u0151retekint Jonas Vingegaard, a hollandok betegesked\u0151 szuperszt\u00e1rja pedig a glasgow-i vb-t vette c\u00e9lba.\",\"breadcrumb\":{\"@id\":\"https:\/\/www.welovecycling.com\/hu\/orszaguti-kerekpar\/vingegaard-a-vueltat-is-behuzna-van-der-poel-mar-a-jovo-hetvegi-vilagbajnoksagra-feni-a-fogat\/#breadcrumb\"},\"inLanguage\":\"hu\",\"potentialAction\":[{\"@type\":\"ReadAction\",\"target\":[\"https:\/\/www.welovecycling.com\/hu\/orszaguti-kerekpar\/vingegaard-a-vueltat-is-behuzna-van-der-poel-mar-a-jovo-hetvegi-vilagbajnoksagra-feni-a-fogat\/\"]}]},{\"@type\":\"ImageObject\",\"inLanguage\":\"hu\",\"@id\":\"https:\/\/www.welovecycling.com\/hu\/orszaguti-kerekpar\/vingegaard-a-vueltat-is-behuzna-van-der-poel-mar-a-jovo-hetvegi-vilagbajnoksagra-feni-a-fogat\/#primaryimage\",\"url\":\"https:\/\/d2p6e6u75xmxt8.cloudfront.net\/12\/2023\/07\/23tour-de-france-champagne-pmtk-videoSixteenByNine3000-scaled.webp\",\"contentUrl\":\"https:\/\/d2p6e6u75xmxt8.cloudfront.net\/12\/2023\/07\/23tour-de-france-champagne-pmtk-videoSixteenByNine3000-scaled.webp\",\"width\":2560,\"height\":1440},{\"@type\":\"BreadcrumbList\",\"@id\":\"https:\/\/www.welovecycling.com\/hu\/orszaguti-kerekpar\/vingegaard-a-vueltat-is-behuzna-van-der-poel-mar-a-jovo-hetvegi-vilagbajnoksagra-feni-a-fogat\/#breadcrumb\",\"itemListElement\":[{\"@type\":\"ListItem\",\"position\":1,\"name\":\"Home\",\"item\":\"https:\/\/www.welovecycling.com\/hu\/\"},{\"@type\":\"ListItem\",\"position\":2,\"name\":\"Vingegaard a Vuelt\u00e1t is beh\u00fazn\u00e1, Van der Poel m\u00e1r a j\u00f6v\u0151 h\u00e9tv\u00e9gi vil\u00e1gbajnoks\u00e1gra feni a fog\u00e1t\"}]},{\"@type\":\"WebSite\",\"@id\":\"https:\/\/www.welovecycling.com\/hu\/#website\",\"url\":\"https:\/\/www.welovecycling.com\/hu\/\",\"name\":\"\u0160koda We Love Cycling - Magyarorsz\u00e1g\",\"description\":\"\u0160koda WeLoveCycling\",\"potentialAction\":[{\"@type\":\"SearchAction\",\"target\":{\"@type\":\"EntryPoint\",\"urlTemplate\":\"https:\/\/www.welovecycling.com\/hu\/?s={search_term_string}\"},\"query-input\":{\"@type\":\"PropertyValueSpecification\",\"valueRequired\":true,\"valueName\":\"search_term_string\"}}],\"inLanguage\":\"hu\"},{\"@type\":\"Person\",\"@id\":\"https:\/\/www.welovecycling.com\/hu\/#\/schema\/person\/414a2aebf1801691a5320edb6468e194\",\"name\":\"hegyizs\",\"image\":{\"@type\":\"ImageObject\",\"inLanguage\":\"hu\",\"@id\":\"https:\/\/www.welovecycling.com\/hu\/#\/schema\/person\/image\/\",\"url\":\"https:\/\/secure.gravatar.com\/avatar\/02cf8a7906b8cf90cecb4679defac7cfd33a1c2e3b88e4903d947f3bb58eedd3?s=96&d=mm&r=g\",\"contentUrl\":\"https:\/\/secure.gravatar.com\/avatar\/02cf8a7906b8cf90cecb4679defac7cfd33a1c2e3b88e4903d947f3bb58eedd3?s=96&d=mm&r=g\",\"caption\":\"hegyizs\"},\"url\":\"https:\/\/www.welovecycling.com\/hu\/author\/hegyizs\/\"}]}<\/script>\n<!-- \/ Yoast SEO Premium plugin. -->","yoast_head_json":{"title":"Vingegaard a Vuelt\u00e1t is beh\u00fazn\u00e1, Van der Poel m\u00e1r a j\u00f6v\u0151 h\u00e9tv\u00e9gi vil\u00e1gbajnoks\u00e1gra feni a fog\u00e1t","description":"Alig v\u00e9dte meg Tour de France-c\u00edm\u00e9t, m\u00e1ris el\u0151retekint Jonas Vingegaard, a hollandok betegesked\u0151 szuperszt\u00e1rja pedig a glasgow-i vb-t vette c\u00e9lba.","robots":{"index":"index","follow":"follow","max-snippet":"max-snippet:-1","max-image-preview":"max-image-preview:large","max-video-preview":"max-video-preview:-1"},"canonical":"https:\/\/www.welovecycling.com\/hu\/orszaguti-kerekpar\/vingegaard-a-vueltat-is-behuzna-van-der-poel-mar-a-jovo-hetvegi-vilagbajnoksagra-feni-a-fogat\/","og_locale":"hu_HU","og_type":"article","og_title":"Vingegaard a Vuelt\u00e1t is beh\u00fazn\u00e1, Van der Poel m\u00e1r a j\u00f6v\u0151 h\u00e9tv\u00e9gi vil\u00e1gbajnoks\u00e1gra feni a fog\u00e1t","og_description":"Alig v\u00e9dte meg Tour de France-c\u00edm\u00e9t, m\u00e1ris el\u0151retekint Jonas Vingegaard, a hollandok betegesked\u0151 szuperszt\u00e1rja pedig a glasgow-i vb-t vette c\u00e9lba.","og_url":"https:\/\/www.welovecycling.com\/hu\/orszaguti-kerekpar\/vingegaard-a-vueltat-is-behuzna-van-der-poel-mar-a-jovo-hetvegi-vilagbajnoksagra-feni-a-fogat\/","og_site_name":"\u0160koda We Love Cycling - Magyarorsz\u00e1g","article_publisher":"https:\/\/www.facebook.com\/WeLoveCyclingHungary\/","article_published_time":"2023-07-28T09:51:42+00:00","og_image":[{"width":2560,"height":1440,"url":"https:\/\/d2p6e6u75xmxt8.cloudfront.net\/12\/2023\/07\/23tour-de-france-champagne-pmtk-videoSixteenByNine3000-scaled.webp","type":"image\/webp"}],"author":"hegyizs","twitter_card":"summary_large_image","twitter_misc":{"Written by":"WLC","Est. reading time":"4 minutes"},"schema":{"@context":"https:\/\/schema.org","@graph":[{"@type":"WebPage","@id":"https:\/\/www.welovecycling.com\/hu\/orszaguti-kerekpar\/vingegaard-a-vueltat-is-behuzna-van-der-poel-mar-a-jovo-hetvegi-vilagbajnoksagra-feni-a-fogat\/","url":"https:\/\/www.welovecycling.com\/hu\/orszaguti-kerekpar\/vingegaard-a-vueltat-is-behuzna-van-der-poel-mar-a-jovo-hetvegi-vilagbajnoksagra-feni-a-fogat\/","name":"Vingegaard a Vuelt\u00e1t is beh\u00fazn\u00e1, Van der Poel m\u00e1r a j\u00f6v\u0151 h\u00e9tv\u00e9gi vil\u00e1gbajnoks\u00e1gra feni a fog\u00e1t","isPartOf":{"@id":"https:\/\/www.welovecycling.com\/hu\/#website"},"primaryImageOfPage":{"@id":"https:\/\/www.welovecycling.com\/hu\/orszaguti-kerekpar\/vingegaard-a-vueltat-is-behuzna-van-der-poel-mar-a-jovo-hetvegi-vilagbajnoksagra-feni-a-fogat\/#primaryimage"},"image":{"@id":"https:\/\/www.welovecycling.com\/hu\/orszaguti-kerekpar\/vingegaard-a-vueltat-is-behuzna-van-der-poel-mar-a-jovo-hetvegi-vilagbajnoksagra-feni-a-fogat\/#primaryimage"},"thumbnailUrl":"https:\/\/d2p6e6u75xmxt8.cloudfront.net\/12\/2023\/07\/23tour-de-france-champagne-pmtk-videoSixteenByNine3000-scaled.webp","datePublished":"2023-07-28T09:51:42+00:00","author":{"@id":"https:\/\/www.welovecycling.com\/hu\/#\/schema\/person\/414a2aebf1801691a5320edb6468e194"},"description":"Alig v\u00e9dte meg Tour de France-c\u00edm\u00e9t, m\u00e1ris el\u0151retekint Jonas Vingegaard, a hollandok betegesked\u0151 szuperszt\u00e1rja pedig a glasgow-i vb-t vette c\u00e9lba.","breadcrumb":{"@id":"https:\/\/www.welovecycling.com\/hu\/orszaguti-kerekpar\/vingegaard-a-vueltat-is-behuzna-van-der-poel-mar-a-jovo-hetvegi-vilagbajnoksagra-feni-a-fogat\/#breadcrumb"},"inLanguage":"hu","potentialAction":[{"@type":"ReadAction","target":["https:\/\/www.welovecycling.com\/hu\/orszaguti-kerekpar\/vingegaard-a-vueltat-is-behuzna-van-der-poel-mar-a-jovo-hetvegi-vilagbajnoksagra-feni-a-fogat\/"]}]},{"@type":"ImageObject","inLanguage":"hu","@id":"https:\/\/www.welovecycling.com\/hu\/orszaguti-kerekpar\/vingegaard-a-vueltat-is-behuzna-van-der-poel-mar-a-jovo-hetvegi-vilagbajnoksagra-feni-a-fogat\/#primaryimage","url":"https:\/\/d2p6e6u75xmxt8.cloudfront.net\/12\/2023\/07\/23tour-de-france-champagne-pmtk-videoSixteenByNine3000-scaled.webp","contentUrl":"https:\/\/d2p6e6u75xmxt8.cloudfront.net\/12\/2023\/07\/23tour-de-france-champagne-pmtk-videoSixteenByNine3000-scaled.webp","width":2560,"height":1440},{"@type":"BreadcrumbList","@id":"https:\/\/www.welovecycling.com\/hu\/orszaguti-kerekpar\/vingegaard-a-vueltat-is-behuzna-van-der-poel-mar-a-jovo-hetvegi-vilagbajnoksagra-feni-a-fogat\/#breadcrumb","itemListElement":[{"@type":"ListItem","position":1,"name":"Home","item":"https:\/\/www.welovecycling.com\/hu\/"},{"@type":"ListItem","position":2,"name":"Vingegaard a Vuelt\u00e1t is beh\u00fazn\u00e1, Van der Poel m\u00e1r a j\u00f6v\u0151 h\u00e9tv\u00e9gi vil\u00e1gbajnoks\u00e1gra feni a fog\u00e1t"}]},{"@type":"WebSite","@id":"https:\/\/www.welovecycling.com\/hu\/#website","url":"https:\/\/www.welovecycling.com\/hu\/","name":"\u0160koda We Love Cycling - Magyarorsz\u00e1g","description":"\u0160koda WeLoveCycling","potentialAction":[{"@type":"SearchAction","target":{"@type":"EntryPoint","urlTemplate":"https:\/\/www.welovecycling.com\/hu\/?s={search_term_string}"},"query-input":{"@type":"PropertyValueSpecification","valueRequired":true,"valueName":"search_term_string"}}],"inLanguage":"hu"},{"@type":"Person","@id":"https:\/\/www.welovecycling.com\/hu\/#\/schema\/person\/414a2aebf1801691a5320edb6468e194","name":"hegyizs","image":{"@type":"ImageObject","inLanguage":"hu","@id":"https:\/\/www.welovecycling.com\/hu\/#\/schema\/person\/image\/","url":"https:\/\/secure.gravatar.com\/avatar\/02cf8a7906b8cf90cecb4679defac7cfd33a1c2e3b88e4903d947f3bb58eedd3?s=96&d=mm&r=g","contentUrl":"https:\/\/secure.gravatar.com\/avatar\/02cf8a7906b8cf90cecb4679defac7cfd33a1c2e3b88e4903d947f3bb58eedd3?s=96&d=mm&r=g","caption":"hegyizs"},"url":"https:\/\/www.welovecycling.com\/hu\/author\/hegyizs\/"}]}},"_links":{"self":[{"href":"https:\/\/www.welovecycling.com\/hu\/wp-json\/wp\/v2\/posts\/17739","targetHints":{"allow":["GET"]}}],"collection":[{"href":"https:\/\/www.welovecycling.com\/hu\/wp-json\/wp\/v2\/posts"}],"about":[{"href":"https:\/\/www.welovecycling.com\/hu\/wp-json\/wp\/v2\/types\/post"}],"author":[{"embeddable":true,"href":"https:\/\/www.welovecycling.com\/hu\/wp-json\/wp\/v2\/users\/71"}],"replies":[{"embeddable":true,"href":"https:\/\/www.welovecycling.com\/hu\/wp-json\/wp\/v2\/comments?post=17739"}],"version-history":[{"count":1,"href":"https:\/\/www.welovecycling.com\/hu\/wp-json\/wp\/v2\/posts\/17739\/revisions"}],"predecessor-version":[{"id":17745,"href":"https:\/\/www.welovecycling.com\/hu\/wp-json\/wp\/v2\/posts\/17739\/revisions\/17745"}],"wp:featuredmedia":[{"embeddable":true,"href":"https:\/\/www.welovecycling.com\/hu\/wp-json\/wp\/v2\/media\/17740"}],"wp:attachment":[{"href":"https:\/\/www.welovecycling.com\/hu\/wp-json\/wp\/v2\/media?parent=17739"}],"wp:term":[{"taxonomy":"category","embeddable":true,"href":"https:\/\/www.welovecycling.com\/hu\/wp-json\/wp\/v2\/categories?post=17739"},{"taxonomy":"post_tag","embeddable":true,"href":"https:\/\/www.welovecycling.com\/hu\/wp-json\/wp\/v2\/tags?post=17739"},{"taxonomy":"global-categories","embeddable":true,"href":"https:\/\/www.welovecycling.com\/hu\/wp-json\/wp\/v2\/global-categories?post=17739"}],"curies":[{"name":"wp","href":"https:\/\/api.w.org\/{rel}","templated":true}]}}