{"id":17723,"date":"2023-08-02T08:00:35","date_gmt":"2023-08-02T06:00:35","guid":{"rendered":"https:\/\/www.welovecycling.com\/hu\/?p=17723"},"modified":"2023-07-28T12:11:45","modified_gmt":"2023-07-28T10:11:45","slug":"mit-tehetnenk-a-tour-vakmero-nezoivel","status":"publish","type":"post","link":"https:\/\/www.welovecycling.com\/hu\/orszaguti-kerekpar\/mit-tehetnenk-a-tour-vakmero-nezoivel\/","title":{"rendered":"Mit tehetn\u00e9nk a Tour vakmer\u0151 n\u00e9z\u0151ivel?"},"content":{"rendered":"<p><strong>Sosem felejtj\u00fck el az idei es\u0151s Giro d&#8217;Italia-n t\u00f6rt\u00e9nt s\u00falyos baleseteket \u00e9s Gino M\u00e4der hal\u00e1l\u00e1t a Tour de Suisse-n. Az orsz\u00e1g\u00fati ker\u00e9kp\u00e1roz\u00e1s vesz\u00e9lyes sport. A modern edz\u00e9sek \u00e9s a folyamatosan fejlesztett technol\u00f3gi\u00e1k lehet\u0151v\u00e9 teszik a versenyz\u0151k sz\u00e1m\u00e1ra, hogy sz\u00f3 szerint \u00e9letvesz\u00e9lyes sebess\u00e9ggel sz\u00e1guldozzanak a mind\u00f6ssze 25 mm sz\u00e9les abroncsokkal. Eleve vesz\u00e9lyes ez &#8211; \u0151r\u00fclts\u00e9g a versenyz\u0151ket m\u00e1s, felesleges kock\u00e1zatoknak kitenni, mint amilyeneket a vakmer\u0151, tiszteletlen \u00e9s ittas n\u00e9z\u0151k jelentenek. T\u00fal sok p\u00e9ld\u00e1t l\u00e1ttunk m\u00e1r arra, mit okozhatnak, ha nem figyelnek.<\/strong><\/p>\n<p style=\"font-weight: 400;\"><!--more--><\/p>\n<p>Kezdj\u00fck azzal a n\u00e9z\u0151vel, aki a 15. szakaszon el\u0151rehajolt, hogy k\u00e9sz\u00edtsen egy szelfit, \u00e9s beleakadt a Jumbo-Visma versenyz\u0151j\u00e9nek, Sepp Kuss korm\u00e1ny\u00e1ba. Kuss, a csapatt\u00e1rsa, Nathan van Hooydonck, Egan Bernal \u00e9s Biniam Girmay mellett egy tucat kerekes bukott emiatt. Szerencs\u00e9re senki sem s\u00e9r\u00fclt meg s\u00falyosan &#8211; ez\u00fattal. Ez az eset a 2021-es Tour egy m\u00e1sik incidens\u00e9re eml\u00e9keztet minket, amikor egy n\u0151 egy \u00f3ri\u00e1splak\u00e1ttal l\u00e9pett az \u00fatra,amivel n\u00e9met nagysz\u00fcleinek akart \u00fczenni, \u00e9s letarolta Tony Martint, aki \u00e9pp elhaladt mellette. A balesetet k\u00f6vet\u0151en k\u00e9t versenyz\u0151 k\u00e9nytelen volt feladni a versenyt, k\u00f6zt\u00fck Marc Soler, aki mindk\u00e9t karj\u00e1t elt\u00f6rte. A n\u0151 feladta meg\u00e1t, \u00e9s szimbolikus, 1 eur\u00f3s b\u00fcntet\u00e9st kapott.<\/p>\n<p>Ami m\u00e9g aggaszt\u00f3bb, az az amikor a n\u00e9z\u0151k a Tour ikonikus hegyi szakaszain vannak \u00fatban, ahogy az a hatalmas Col de la Loze-n t\u00f6rt\u00e9nt. Hozz\u00e1szoktunk, s\u0151t, m\u00e9g sz\u00f3rakoztat\u00f3nak is tal\u00e1ljuk, amikor a n\u00e9z\u0151k a z\u00e1szl\u00f3ikkal keresztezik az utat, futnak a ker\u00e9kp\u00e1rosokkal, vagy lobog\u00f3 karjaikkal vagy t\u00e1bl\u00e1ikkal integetnek, \u00e9s n\u00e9ha m\u00e9g meg is \u00e9rintik a versenyz\u0151ket. \u00dagy gondolom, hogy Tadej Poga\u010dar, aki nyilv\u00e1nval\u00f3an ki volt m\u00e1r mer\u00fclve, nem \u00e9rt\u00e9kelte t\u00fals\u00e1gosan a tolakod\u00e1st, f\u00fcggetlen\u00fcl a szurkol\u00f3k j\u00f3 sz\u00e1nd\u00e9kait\u00f3l. Ugyanezen a lejt\u0151n a spanyol Pello Bilbao (Bahrain Victorious) er\u0151szakkal t\u00e1vol\u00edtott el egy n\u00e9z\u0151t, aki mellette futott. Az \u00fat m\u00e1sik r\u00e9sz\u00e9n egy elakadt France T\u00e9l\u00e9visions motor \u00e9s a n\u00e9z\u0151k \u00e1ltal beszor\u00edtott aut\u00f3 meg\u00e1ll\u00edtotta a Tour-gy\u0151ztest, Jonas Vingegaard-ot (Jumbo-Visma), akinek \u00edgy le kellett sz\u00e1llnia a biciklij\u00e9r\u0151l.<\/p>\n<figure id=\"attachment_17724\" aria-describedby=\"caption-attachment-17724\" style=\"width: 1250px\" class=\"wp-caption alignnone\"><a href=\"https:\/\/d2p6e6u75xmxt8.cloudfront.net\/12\/2023\/07\/Tour-de-France-Fans-profimedia-0789323599.webp\"><img loading=\"lazy\" decoding=\"async\" class=\"wp-image-17724 size-full\" src=\"https:\/\/d2p6e6u75xmxt8.cloudfront.net\/12\/2023\/07\/Tour-de-France-Fans-profimedia-0789323599.webp\" alt=\"Tour de France race\" width=\"1250\" height=\"833\" srcset=\"https:\/\/d2p6e6u75xmxt8.cloudfront.net\/12\/2023\/07\/Tour-de-France-Fans-profimedia-0789323599.webp 1250w, https:\/\/d2p6e6u75xmxt8.cloudfront.net\/12\/2023\/07\/Tour-de-France-Fans-profimedia-0789323599-300x200.webp 300w, https:\/\/d2p6e6u75xmxt8.cloudfront.net\/12\/2023\/07\/Tour-de-France-Fans-profimedia-0789323599-1024x682.webp 1024w, https:\/\/d2p6e6u75xmxt8.cloudfront.net\/12\/2023\/07\/Tour-de-France-Fans-profimedia-0789323599-768x512.webp 768w, https:\/\/d2p6e6u75xmxt8.cloudfront.net\/12\/2023\/07\/Tour-de-France-Fans-profimedia-0789323599-400x267.webp 400w, https:\/\/d2p6e6u75xmxt8.cloudfront.net\/12\/2023\/07\/Tour-de-France-Fans-profimedia-0789323599-272x182.webp 272w\" sizes=\"auto, (max-width: 1250px) 100vw, 1250px\" \/><\/a><figcaption id=\"caption-attachment-17724\" class=\"wp-caption-text\">Hi\u00e1ba j\u00f3 sz\u00e1nd\u00e9k\u00faak, a szurkol\u00f3k viselked\u00e9se n\u00e9ha akad\u00e1lyozz\u00e1k a versenyz\u0151ket. \u00a9 Profimedia<\/figcaption><\/figure>\n<p>A France T\u00e9l\u00e9visions komment\u00e1tora, a motoron \u00fcl\u0151 francia, egykori Tour-szakaszgy\u0151ztes, Thomas Voeckler, \u00e9s az aut\u00f3 vezet\u0151je is felf\u00fcggeszt\u00e9st \u00e9s p\u00e9nzb\u00edrs\u00e1got kapott. Ez m\u00e1r a m\u00e1sodik alkalom volt ezen a Tour-on, hogy egy motoros a verseny zavar\u00e1sa miatt lett felf\u00fcggesztve. A 14. szakaszon egy fot\u00f3s motorja szint\u00e9n a n\u00e9z\u0151k miatt \u00e1llta el Poga\u010dar \u00fatj\u00e1t, \u00e9ppen amikor t\u00e1madni akart Vingegaard-dal szemben a Col de Joux Plane-en, ami miatt meg kellett \u00e1llnia, \u00e9s v\u00e9g\u00fcl b\u00f3nusz m\u00e1sodperceket kellett \u00e1tengednie a d\u00e1n versenyz\u0151nek a hegycs\u00facson.<\/p>\n<p>A motorosokat igazs\u00e1gosan kell b\u00fcntetni, ha figyelmetlens\u00e9g\u00fckkel vagy vakmer\u0151s\u00e9g\u00fckkel vesz\u00e9lyeztetik vagy zavarj\u00e1k a versenyz\u0151ket. De mi a helyzet a n\u00e9z\u0151kkel? Nem kellene felel\u0151ss\u00e9gre vonni azokat, akik baleseteket \u00e9s s\u00e9r\u00fcl\u00e9seket okoznak? Elt\u00e1ntor\u00edtani \u0151ket att\u00f3l, hogy meg\u00e9rints\u00e9k a versenyz\u0151ket, \u00e9s a z\u00e1szl\u00f3jukkal integessenek a mez\u0151ny k\u00f6zep\u00e9n?<\/p>\n<p>\u00dagy t\u0171nik, a &#8220;szelfi-balesetet&#8221; okoz\u00f3 n\u00e9z\u0151t azonos\u00edtotta a francia rend\u0151rs\u00e9g. A Jumbo-Visma csapatf\u0151n\u00f6ke, Richard Plugge, a holland NOS-nak elmondta, hogy a csapat feljelent\u00e9st sz\u00e1nd\u00e9kozik tenni. <em>&#8220;\u00dagy gondolom, hogy tartozunk ezzel azoknak a versenyz\u0151knek, akik a f\u00f6ldre ker\u00fcltek &#8211; nemcsak a mieinknek, hanem m\u00e1s csapatok versenyz\u0151inek is&#8221;<\/em> &#8211; mondta. <em>&#8220;Val\u00f3ban sz\u00e9p dolog, hogy a k\u00f6z\u00f6ns\u00e9g ott \u00e1ll az \u00fat sz\u00e9l\u00e9n, \u00e9s szurkol nek\u00fcnk. Nagyon \u00f6r\u00fcl\u00fcnk ennek, de arra k\u00e9rj\u00fck \u0151ket, tarts\u00e1k meg a t\u00e1vols\u00e1got. Nagyon fontos, hogy ezt meger\u0151s\u00edts\u00fck benn\u00fck.&#8221;<\/em><\/p>\n<p>A Jumbo-Visma sportigazgat\u00f3ja, Arthur van Dongen hozz\u00e1tette, hogy a csapat<em> &#8220;hatalmas anyagi k\u00e1rt&#8221;<\/em> szenvedett a balesetben. <em>&#8220;Term\u00e9szetesen megpr\u00f3b\u00e1ljuk majd behajtani ezeknek a k\u00f6lts\u00e9geit. A fi\u00fak el\u00e9gg\u00e9 meggy\u00f6t\u00f6rtek. Sok a z\u00faz\u00f3d\u00e1s \u00e9s a horzsol\u00e1s.&#8221;<\/em><\/p>\n<p>\u00c9rtem, hogy a verseny szervez\u0151i vonakodnak att\u00f3l, hogy elrettents\u00e9k a n\u00e9z\u0151ket az \u00f6nfeledt szurkol\u00e1st\u00f3l. Az ilyen t\u00f6megjelenetek val\u00f3ban sz\u00ednt \u00e9s izgalmat adnak a t\u00e9v\u00e9k\u00f6zvet\u00edt\u00e9sekhez \u00e9s mag\u00e1nak a versenynek is. \u00c9s persze, kor\u00e1bban is t\u00f6rt\u00e9ntek m\u00e1r ilyesmi esem\u00e9nyek a Tour-on. Eml\u00e9kezz\u00fcnk csak vissza a 2016-os versenyre, amikor a s\u00e1rga trik\u00f3s <a href=\"https:\/\/www.welovecycling.com\/hu\/orszaguti-kerekpar\/fotogaleria-az-elmult-20-ev-legendas-tdf-pillanatai\/\">Chris Froome, a Mont Ventoux-n futva keresett egy m\u00e1sik biciklit<\/a>, miut\u00e1n \u0151 \u00e9s k\u00e9t m\u00e1sik versenyz\u0151 \u00fctk\u00f6z\u00f6tt egy motorker\u00e9kp\u00e1rral, aminek az \u00fatj\u00e1t f\u0151leg r\u00e9szeg n\u00e9z\u0151k \u00e1llt\u00e1k el. Ok\u00e9, ez el\u00e9g vicces volt. De most egy id\u0151z\u00edtett bomb\u00e1n \u00fcl\u00fcnk. A versenyz\u0151k gyorsabbak, a n\u00e9z\u0151k az \u00fat ment\u00e9n nagyobb t\u00f6meget alkotnak, \u00e9s val\u00f3sz\u00edn\u0171leg vakmer\u0151bben, tiszteletlen\u00fcl viselkednek \u00e9s tal\u00e1n m\u00e9g r\u00e9szegebbek is. Mi\u00e9rt v\u00e1runk arra, hogy valaki komolyan megs\u00e9r\u00fclj\u00f6n?<\/p>\n<p style=\"font-weight: 400;\">Tal\u00e1n itt az ideje, hogy az UCI \u00e9s\/vagy a Tour de France szervez\u0151i kialak\u00edtsanak n\u00e9h\u00e1ny szab\u00e1lyt a n\u00e9z\u0151k sz\u00e1m\u00e1ra, kezdve azzal, hogy <em>&#8220;Tiszteld a versenyz\u0151ket \u00e9s a versenyt!&#8221;<\/em> \u00c9s el kell gondolkodni azon is, hogyan b\u00fcntess\u00e9k azokat, akik a sportol\u00f3kat vesz\u00e9lyeztetik. Te mit gondolsz?<\/p>\n","protected":false},"excerpt":{"rendered":"<p>Sosem felejtj\u00fck el az idei es\u0151s Giro d&#8217;Italia-n t\u00f6rt\u00e9nt s\u00falyos baleseteket \u00e9s Gino M\u00e4der hal\u00e1l\u00e1t a Tour de Suisse-n. Az [&hellip;]<\/p>\n","protected":false},"author":71,"featured_media":17726,"comment_status":"open","ping_status":"open","sticky":false,"template":"","format":"standard","meta":{"footnotes":""},"categories":[8],"tags":[],"global-categories":[],"class_list":["post-17723","post","type-post","status-publish","format-standard","has-post-thumbnail","hentry","category-orszaguti-kerekpar"],"yoast_head":"<!-- This site is optimized with the Yoast SEO Premium plugin v25.3 (Yoast SEO v25.9) - https:\/\/yoast.com\/wordpress\/plugins\/seo\/ -->\n<title>Mit tehetn\u00e9nk a Tour vakmer\u0151 n\u00e9z\u0151ivel?<\/title>\n<meta name=\"description\" content=\"Sosem felejtj\u00fck el az idei es\u0151s Giro d&#039;Italia-n t\u00f6rt\u00e9nt s\u00falyos baleseteket \u00e9s Gino M\u00e4der hal\u00e1l\u00e1t a Tour de Suisse-n. Az orsz\u00e1g\u00fati ker\u00e9kp\u00e1roz\u00e1s vesz\u00e9lyes sport. A modern edz\u00e9sek \u00e9s a folyamatosan fejlesztett technol\u00f3gi\u00e1k lehet\u0151v\u00e9 teszik a versenyz\u0151k sz\u00e1m\u00e1ra, hogy sz\u00f3 szerint \u00e9letvesz\u00e9lyes sebess\u00e9ggel sz\u00e1guldozzanak a mind\u00f6ssze 25 mm sz\u00e9les abroncsokkal.\" \/>\n<meta name=\"robots\" content=\"index, follow, max-snippet:-1, max-image-preview:large, max-video-preview:-1\" \/>\n<link rel=\"canonical\" href=\"https:\/\/www.welovecycling.com\/hu\/orszaguti-kerekpar\/mit-tehetnenk-a-tour-vakmero-nezoivel\/\" \/>\n<meta property=\"og:locale\" content=\"hu_HU\" \/>\n<meta property=\"og:type\" content=\"article\" \/>\n<meta property=\"og:title\" content=\"Mit tehetn\u00e9nk a Tour vakmer\u0151 n\u00e9z\u0151ivel?\" \/>\n<meta property=\"og:description\" content=\"Sosem felejtj\u00fck el az idei es\u0151s Giro d&#039;Italia-n t\u00f6rt\u00e9nt s\u00falyos baleseteket \u00e9s Gino M\u00e4der hal\u00e1l\u00e1t a Tour de Suisse-n. Az orsz\u00e1g\u00fati ker\u00e9kp\u00e1roz\u00e1s vesz\u00e9lyes sport. A modern edz\u00e9sek \u00e9s a folyamatosan fejlesztett technol\u00f3gi\u00e1k lehet\u0151v\u00e9 teszik a versenyz\u0151k sz\u00e1m\u00e1ra, hogy sz\u00f3 szerint \u00e9letvesz\u00e9lyes sebess\u00e9ggel sz\u00e1guldozzanak a mind\u00f6ssze 25 mm sz\u00e9les abroncsokkal.\" \/>\n<meta property=\"og:url\" content=\"https:\/\/www.welovecycling.com\/hu\/orszaguti-kerekpar\/mit-tehetnenk-a-tour-vakmero-nezoivel\/\" \/>\n<meta property=\"og:site_name\" content=\"\u0160koda We Love Cycling - Magyarorsz\u00e1g\" \/>\n<meta property=\"article:publisher\" content=\"https:\/\/www.facebook.com\/WeLoveCyclingHungary\/\" \/>\n<meta property=\"article:published_time\" content=\"2023-08-02T06:00:35+00:00\" \/>\n<meta property=\"og:image\" content=\"https:\/\/d2p6e6u75xmxt8.cloudfront.net\/12\/2023\/07\/Tour-de-France-Fans-profimedia-0789323435-CVR.webp\" \/>\n\t<meta property=\"og:image:width\" content=\"990\" \/>\n\t<meta property=\"og:image:height\" content=\"660\" \/>\n\t<meta property=\"og:image:type\" content=\"image\/webp\" \/>\n<meta name=\"author\" content=\"hegyizs\" \/>\n<meta name=\"twitter:card\" content=\"summary_large_image\" \/>\n<meta name=\"twitter:label1\" content=\"Written by\" \/>\n\t<meta name=\"twitter:data1\" content=\"Siegfried Mortkowitz\" \/>\n\t<meta name=\"twitter:label2\" content=\"Est. reading time\" \/>\n\t<meta name=\"twitter:data2\" content=\"4\" \/>\n<script type=\"application\/ld+json\" class=\"yoast-schema-graph\">{\"@context\":\"https:\/\/schema.org\",\"@graph\":[{\"@type\":\"WebPage\",\"@id\":\"https:\/\/www.welovecycling.com\/hu\/orszaguti-kerekpar\/mit-tehetnenk-a-tour-vakmero-nezoivel\/\",\"url\":\"https:\/\/www.welovecycling.com\/hu\/orszaguti-kerekpar\/mit-tehetnenk-a-tour-vakmero-nezoivel\/\",\"name\":\"Mit tehetn\u00e9nk a Tour vakmer\u0151 n\u00e9z\u0151ivel?\",\"isPartOf\":{\"@id\":\"https:\/\/www.welovecycling.com\/hu\/#website\"},\"primaryImageOfPage\":{\"@id\":\"https:\/\/www.welovecycling.com\/hu\/orszaguti-kerekpar\/mit-tehetnenk-a-tour-vakmero-nezoivel\/#primaryimage\"},\"image\":{\"@id\":\"https:\/\/www.welovecycling.com\/hu\/orszaguti-kerekpar\/mit-tehetnenk-a-tour-vakmero-nezoivel\/#primaryimage\"},\"thumbnailUrl\":\"https:\/\/d2p6e6u75xmxt8.cloudfront.net\/12\/2023\/07\/Tour-de-France-Fans-profimedia-0789323435-CVR.webp\",\"datePublished\":\"2023-08-02T06:00:35+00:00\",\"author\":{\"@id\":\"https:\/\/www.welovecycling.com\/hu\/#\/schema\/person\/414a2aebf1801691a5320edb6468e194\"},\"description\":\"Sosem felejtj\u00fck el az idei es\u0151s Giro d'Italia-n t\u00f6rt\u00e9nt s\u00falyos baleseteket \u00e9s Gino M\u00e4der hal\u00e1l\u00e1t a Tour de Suisse-n. Az orsz\u00e1g\u00fati ker\u00e9kp\u00e1roz\u00e1s vesz\u00e9lyes sport. A modern edz\u00e9sek \u00e9s a folyamatosan fejlesztett technol\u00f3gi\u00e1k lehet\u0151v\u00e9 teszik a versenyz\u0151k sz\u00e1m\u00e1ra, hogy sz\u00f3 szerint \u00e9letvesz\u00e9lyes sebess\u00e9ggel sz\u00e1guldozzanak a mind\u00f6ssze 25 mm sz\u00e9les abroncsokkal.\",\"breadcrumb\":{\"@id\":\"https:\/\/www.welovecycling.com\/hu\/orszaguti-kerekpar\/mit-tehetnenk-a-tour-vakmero-nezoivel\/#breadcrumb\"},\"inLanguage\":\"hu\",\"potentialAction\":[{\"@type\":\"ReadAction\",\"target\":[\"https:\/\/www.welovecycling.com\/hu\/orszaguti-kerekpar\/mit-tehetnenk-a-tour-vakmero-nezoivel\/\"]}]},{\"@type\":\"ImageObject\",\"inLanguage\":\"hu\",\"@id\":\"https:\/\/www.welovecycling.com\/hu\/orszaguti-kerekpar\/mit-tehetnenk-a-tour-vakmero-nezoivel\/#primaryimage\",\"url\":\"https:\/\/d2p6e6u75xmxt8.cloudfront.net\/12\/2023\/07\/Tour-de-France-Fans-profimedia-0789323435-CVR.webp\",\"contentUrl\":\"https:\/\/d2p6e6u75xmxt8.cloudfront.net\/12\/2023\/07\/Tour-de-France-Fans-profimedia-0789323435-CVR.webp\",\"width\":990,\"height\":660,\"caption\":\"Tour de France\"},{\"@type\":\"BreadcrumbList\",\"@id\":\"https:\/\/www.welovecycling.com\/hu\/orszaguti-kerekpar\/mit-tehetnenk-a-tour-vakmero-nezoivel\/#breadcrumb\",\"itemListElement\":[{\"@type\":\"ListItem\",\"position\":1,\"name\":\"Home\",\"item\":\"https:\/\/www.welovecycling.com\/hu\/\"},{\"@type\":\"ListItem\",\"position\":2,\"name\":\"Mit tehetn\u00e9nk a Tour vakmer\u0151 n\u00e9z\u0151ivel?\"}]},{\"@type\":\"WebSite\",\"@id\":\"https:\/\/www.welovecycling.com\/hu\/#website\",\"url\":\"https:\/\/www.welovecycling.com\/hu\/\",\"name\":\"\u0160koda We Love Cycling - Magyarorsz\u00e1g\",\"description\":\"\u0160koda WeLoveCycling\",\"potentialAction\":[{\"@type\":\"SearchAction\",\"target\":{\"@type\":\"EntryPoint\",\"urlTemplate\":\"https:\/\/www.welovecycling.com\/hu\/?s={search_term_string}\"},\"query-input\":{\"@type\":\"PropertyValueSpecification\",\"valueRequired\":true,\"valueName\":\"search_term_string\"}}],\"inLanguage\":\"hu\"},{\"@type\":\"Person\",\"@id\":\"https:\/\/www.welovecycling.com\/hu\/#\/schema\/person\/414a2aebf1801691a5320edb6468e194\",\"name\":\"hegyizs\",\"image\":{\"@type\":\"ImageObject\",\"inLanguage\":\"hu\",\"@id\":\"https:\/\/www.welovecycling.com\/hu\/#\/schema\/person\/image\/\",\"url\":\"https:\/\/secure.gravatar.com\/avatar\/02cf8a7906b8cf90cecb4679defac7cfd33a1c2e3b88e4903d947f3bb58eedd3?s=96&d=mm&r=g\",\"contentUrl\":\"https:\/\/secure.gravatar.com\/avatar\/02cf8a7906b8cf90cecb4679defac7cfd33a1c2e3b88e4903d947f3bb58eedd3?s=96&d=mm&r=g\",\"caption\":\"hegyizs\"},\"url\":\"https:\/\/www.welovecycling.com\/hu\/author\/hegyizs\/\"}]}<\/script>\n<!-- \/ Yoast SEO Premium plugin. -->","yoast_head_json":{"title":"Mit tehetn\u00e9nk a Tour vakmer\u0151 n\u00e9z\u0151ivel?","description":"Sosem felejtj\u00fck el az idei es\u0151s Giro d'Italia-n t\u00f6rt\u00e9nt s\u00falyos baleseteket \u00e9s Gino M\u00e4der hal\u00e1l\u00e1t a Tour de Suisse-n. Az orsz\u00e1g\u00fati ker\u00e9kp\u00e1roz\u00e1s vesz\u00e9lyes sport. A modern edz\u00e9sek \u00e9s a folyamatosan fejlesztett technol\u00f3gi\u00e1k lehet\u0151v\u00e9 teszik a versenyz\u0151k sz\u00e1m\u00e1ra, hogy sz\u00f3 szerint \u00e9letvesz\u00e9lyes sebess\u00e9ggel sz\u00e1guldozzanak a mind\u00f6ssze 25 mm sz\u00e9les abroncsokkal.","robots":{"index":"index","follow":"follow","max-snippet":"max-snippet:-1","max-image-preview":"max-image-preview:large","max-video-preview":"max-video-preview:-1"},"canonical":"https:\/\/www.welovecycling.com\/hu\/orszaguti-kerekpar\/mit-tehetnenk-a-tour-vakmero-nezoivel\/","og_locale":"hu_HU","og_type":"article","og_title":"Mit tehetn\u00e9nk a Tour vakmer\u0151 n\u00e9z\u0151ivel?","og_description":"Sosem felejtj\u00fck el az idei es\u0151s Giro d'Italia-n t\u00f6rt\u00e9nt s\u00falyos baleseteket \u00e9s Gino M\u00e4der hal\u00e1l\u00e1t a Tour de Suisse-n. Az orsz\u00e1g\u00fati ker\u00e9kp\u00e1roz\u00e1s vesz\u00e9lyes sport. A modern edz\u00e9sek \u00e9s a folyamatosan fejlesztett technol\u00f3gi\u00e1k lehet\u0151v\u00e9 teszik a versenyz\u0151k sz\u00e1m\u00e1ra, hogy sz\u00f3 szerint \u00e9letvesz\u00e9lyes sebess\u00e9ggel sz\u00e1guldozzanak a mind\u00f6ssze 25 mm sz\u00e9les abroncsokkal.","og_url":"https:\/\/www.welovecycling.com\/hu\/orszaguti-kerekpar\/mit-tehetnenk-a-tour-vakmero-nezoivel\/","og_site_name":"\u0160koda We Love Cycling - Magyarorsz\u00e1g","article_publisher":"https:\/\/www.facebook.com\/WeLoveCyclingHungary\/","article_published_time":"2023-08-02T06:00:35+00:00","og_image":[{"width":990,"height":660,"url":"https:\/\/d2p6e6u75xmxt8.cloudfront.net\/12\/2023\/07\/Tour-de-France-Fans-profimedia-0789323435-CVR.webp","type":"image\/webp"}],"author":"hegyizs","twitter_card":"summary_large_image","twitter_misc":{"Written by":"Siegfried Mortkowitz","Est. reading time":"4"},"schema":{"@context":"https:\/\/schema.org","@graph":[{"@type":"WebPage","@id":"https:\/\/www.welovecycling.com\/hu\/orszaguti-kerekpar\/mit-tehetnenk-a-tour-vakmero-nezoivel\/","url":"https:\/\/www.welovecycling.com\/hu\/orszaguti-kerekpar\/mit-tehetnenk-a-tour-vakmero-nezoivel\/","name":"Mit tehetn\u00e9nk a Tour vakmer\u0151 n\u00e9z\u0151ivel?","isPartOf":{"@id":"https:\/\/www.welovecycling.com\/hu\/#website"},"primaryImageOfPage":{"@id":"https:\/\/www.welovecycling.com\/hu\/orszaguti-kerekpar\/mit-tehetnenk-a-tour-vakmero-nezoivel\/#primaryimage"},"image":{"@id":"https:\/\/www.welovecycling.com\/hu\/orszaguti-kerekpar\/mit-tehetnenk-a-tour-vakmero-nezoivel\/#primaryimage"},"thumbnailUrl":"https:\/\/d2p6e6u75xmxt8.cloudfront.net\/12\/2023\/07\/Tour-de-France-Fans-profimedia-0789323435-CVR.webp","datePublished":"2023-08-02T06:00:35+00:00","author":{"@id":"https:\/\/www.welovecycling.com\/hu\/#\/schema\/person\/414a2aebf1801691a5320edb6468e194"},"description":"Sosem felejtj\u00fck el az idei es\u0151s Giro d'Italia-n t\u00f6rt\u00e9nt s\u00falyos baleseteket \u00e9s Gino M\u00e4der hal\u00e1l\u00e1t a Tour de Suisse-n. Az orsz\u00e1g\u00fati ker\u00e9kp\u00e1roz\u00e1s vesz\u00e9lyes sport. A modern edz\u00e9sek \u00e9s a folyamatosan fejlesztett technol\u00f3gi\u00e1k lehet\u0151v\u00e9 teszik a versenyz\u0151k sz\u00e1m\u00e1ra, hogy sz\u00f3 szerint \u00e9letvesz\u00e9lyes sebess\u00e9ggel sz\u00e1guldozzanak a mind\u00f6ssze 25 mm sz\u00e9les abroncsokkal.","breadcrumb":{"@id":"https:\/\/www.welovecycling.com\/hu\/orszaguti-kerekpar\/mit-tehetnenk-a-tour-vakmero-nezoivel\/#breadcrumb"},"inLanguage":"hu","potentialAction":[{"@type":"ReadAction","target":["https:\/\/www.welovecycling.com\/hu\/orszaguti-kerekpar\/mit-tehetnenk-a-tour-vakmero-nezoivel\/"]}]},{"@type":"ImageObject","inLanguage":"hu","@id":"https:\/\/www.welovecycling.com\/hu\/orszaguti-kerekpar\/mit-tehetnenk-a-tour-vakmero-nezoivel\/#primaryimage","url":"https:\/\/d2p6e6u75xmxt8.cloudfront.net\/12\/2023\/07\/Tour-de-France-Fans-profimedia-0789323435-CVR.webp","contentUrl":"https:\/\/d2p6e6u75xmxt8.cloudfront.net\/12\/2023\/07\/Tour-de-France-Fans-profimedia-0789323435-CVR.webp","width":990,"height":660,"caption":"Tour de France"},{"@type":"BreadcrumbList","@id":"https:\/\/www.welovecycling.com\/hu\/orszaguti-kerekpar\/mit-tehetnenk-a-tour-vakmero-nezoivel\/#breadcrumb","itemListElement":[{"@type":"ListItem","position":1,"name":"Home","item":"https:\/\/www.welovecycling.com\/hu\/"},{"@type":"ListItem","position":2,"name":"Mit tehetn\u00e9nk a Tour vakmer\u0151 n\u00e9z\u0151ivel?"}]},{"@type":"WebSite","@id":"https:\/\/www.welovecycling.com\/hu\/#website","url":"https:\/\/www.welovecycling.com\/hu\/","name":"\u0160koda We Love Cycling - Magyarorsz\u00e1g","description":"\u0160koda WeLoveCycling","potentialAction":[{"@type":"SearchAction","target":{"@type":"EntryPoint","urlTemplate":"https:\/\/www.welovecycling.com\/hu\/?s={search_term_string}"},"query-input":{"@type":"PropertyValueSpecification","valueRequired":true,"valueName":"search_term_string"}}],"inLanguage":"hu"},{"@type":"Person","@id":"https:\/\/www.welovecycling.com\/hu\/#\/schema\/person\/414a2aebf1801691a5320edb6468e194","name":"hegyizs","image":{"@type":"ImageObject","inLanguage":"hu","@id":"https:\/\/www.welovecycling.com\/hu\/#\/schema\/person\/image\/","url":"https:\/\/secure.gravatar.com\/avatar\/02cf8a7906b8cf90cecb4679defac7cfd33a1c2e3b88e4903d947f3bb58eedd3?s=96&d=mm&r=g","contentUrl":"https:\/\/secure.gravatar.com\/avatar\/02cf8a7906b8cf90cecb4679defac7cfd33a1c2e3b88e4903d947f3bb58eedd3?s=96&d=mm&r=g","caption":"hegyizs"},"url":"https:\/\/www.welovecycling.com\/hu\/author\/hegyizs\/"}]}},"_links":{"self":[{"href":"https:\/\/www.welovecycling.com\/hu\/wp-json\/wp\/v2\/posts\/17723","targetHints":{"allow":["GET"]}}],"collection":[{"href":"https:\/\/www.welovecycling.com\/hu\/wp-json\/wp\/v2\/posts"}],"about":[{"href":"https:\/\/www.welovecycling.com\/hu\/wp-json\/wp\/v2\/types\/post"}],"author":[{"embeddable":true,"href":"https:\/\/www.welovecycling.com\/hu\/wp-json\/wp\/v2\/users\/71"}],"replies":[{"embeddable":true,"href":"https:\/\/www.welovecycling.com\/hu\/wp-json\/wp\/v2\/comments?post=17723"}],"version-history":[{"count":2,"href":"https:\/\/www.welovecycling.com\/hu\/wp-json\/wp\/v2\/posts\/17723\/revisions"}],"predecessor-version":[{"id":17727,"href":"https:\/\/www.welovecycling.com\/hu\/wp-json\/wp\/v2\/posts\/17723\/revisions\/17727"}],"wp:featuredmedia":[{"embeddable":true,"href":"https:\/\/www.welovecycling.com\/hu\/wp-json\/wp\/v2\/media\/17726"}],"wp:attachment":[{"href":"https:\/\/www.welovecycling.com\/hu\/wp-json\/wp\/v2\/media?parent=17723"}],"wp:term":[{"taxonomy":"category","embeddable":true,"href":"https:\/\/www.welovecycling.com\/hu\/wp-json\/wp\/v2\/categories?post=17723"},{"taxonomy":"post_tag","embeddable":true,"href":"https:\/\/www.welovecycling.com\/hu\/wp-json\/wp\/v2\/tags?post=17723"},{"taxonomy":"global-categories","embeddable":true,"href":"https:\/\/www.welovecycling.com\/hu\/wp-json\/wp\/v2\/global-categories?post=17723"}],"curies":[{"name":"wp","href":"https:\/\/api.w.org\/{rel}","templated":true}]}}