{"id":17719,"date":"2023-07-24T11:57:49","date_gmt":"2023-07-24T09:57:49","guid":{"rendered":"https:\/\/www.welovecycling.com\/hu\/?p=17719"},"modified":"2023-07-24T11:57:49","modified_gmt":"2023-07-24T09:57:49","slug":"vingegaard-a-tour-gyozelmerol-hosszu-ut-volt-de-megis-olyan-gyorsan-elment","status":"publish","type":"post","link":"https:\/\/www.welovecycling.com\/hu\/orszaguti-kerekpar\/vingegaard-a-tour-gyozelmerol-hosszu-ut-volt-de-megis-olyan-gyorsan-elment\/","title":{"rendered":"Vingegaard a Tour-gy\u0151zelm\u00e9r\u0151l: \u201eHossz\u00fa \u00fat volt, de m\u00e9gis olyan gyorsan elment\u201d"},"content":{"rendered":"<p><b>A d\u00e1n ker\u00e9kp\u00e1ros, Jonas Vingegaard, m\u00e1sodszorra \u00fcnnepelhetett a Tour de France \u00f6sszes\u00edtett bajnokak\u00e9nt.<\/b><\/p>\n<p><!--more--><\/p>\n<p><span style=\"font-weight: 400;\">A d\u00e1n ker\u00e9kp\u00e1ros verseny\u00e9nek f\u00e9nypontja a 16. szakaszon \u00e9rkezett el: felejthetetlen teljes\u00edtm\u00e9nyt ny\u00fajtott az id\u0151futamon. Hajthatatlans\u00e1g\u00e1val ezen az etapon, illetve a Col de la Loze-n, Vingegaard bebiztos\u00edtotta mag\u00e1nak a bajnoki c\u00edme. V\u00e9g\u00fcl val\u00f3ban \u0151 \u00e1llhatott a dobog\u00f3 legfels\u0151 fok\u00e1ra 7:29 perccel Poga\u010dar, az UAE Team Emirates versenyz\u0151je el\u0151tt, m\u00edg Poga\u010dar csapatt\u00e1rsa, Yates, a harmadik helyen z\u00e1rt 10:56 perccel lemaradva.<\/span><\/p>\n<p><span style=\"font-weight: 400;\">Vingegaard b\u00fcszkes\u00e9ggel \u00e9s h\u00e1l\u00e1val telve besz\u00e9lt a gy\u0151zelm\u00e9r\u0151l. <\/span><i><span style=\"font-weight: 400;\">\u201eT\u00e9nyleg leny\u0171g\u00f6z\u0151&#8221;<\/span><\/i><span style=\"font-weight: 400;\"> &#8211; mondta. <\/span><i><span style=\"font-weight: 400;\">\u201eNemcsak a csapatomnak \u00e9s a csal\u00e1domnak, hanem eg\u00e9sz D\u00e1ni\u00e1nak is k\u00f6sz\u00f6netet kell mondanom. T\u00e1mogatnak mindenben, \u00e9s ez\u00e9rt nagyon h\u00e1l\u00e1s vagyok.&#8221;<\/span><\/i><span style=\"font-weight: 400;\"> Ugyanakkor elismerte, hogy Poga\u010dar komolyt kih\u00edv\u00e1st jelentett sz\u00e1m\u00e1ra:: <\/span><i><span style=\"font-weight: 400;\">\u201eRendk\u00edv\u00fcl neh\u00e9z verseny volt, \u00e9s nagyon izgalmas k\u00fczdelem zajlott Tadej \u00e9s k\u00f6ztem. V\u00e9gig \u00e9lveztem. Hossz\u00fa \u00fat volt, de m\u00e9gis olyan gyorsan elsz\u00e1llt az id\u0151. Minden nap versenyezt\u00fcnk, \u00e9s egyik nap \u00e9rte a m\u00e1sikat.\u201d<\/span><\/i><\/p>\n<div class=\"embed-controller-wrapper\">\n<blockquote class=\"twitter-tweet\" data-width=\"500\" data-dnt=\"true\">\n<p lang=\"en\" dir=\"ltr\">Pic of the Day <a href=\"https:\/\/twitter.com\/century21fr?ref_src=twsrc%5Etfw\">@century21fr<\/a> <a href=\"https:\/\/twitter.com\/hashtag\/TDF2023?src=hash&amp;ref_src=twsrc%5Etfw\">#TDF2023<\/a> <\/p>\n<p>\ud83d\udcf8 A.S.O. \/ Pauline Ballet <a href=\"https:\/\/t.co\/7eOnWWng8G\">pic.twitter.com\/7eOnWWng8G<\/a><\/p>\n<p>&mdash; Tour de France\u2122 (@LeTour) <a href=\"https:\/\/twitter.com\/LeTour\/status\/1683226230403870725?ref_src=twsrc%5Etfw\">July 23, 2023<\/a><\/p><\/blockquote>\n<p><script async data-src=\"https:\/\/platform.twitter.com\/widgets.js\" charset=\"utf-8\"><\/script><\/div>\n<p><span style=\"font-weight: 400;\">A Tour z\u00e1r\u00f3 szakasz\u00e1n Jordi Meeus (Bora-Hansgrohe) deb\u00fct\u00e1lt Tour de France szakaszgy\u0151ztesk\u00e9nt. A Champs-Elys\u00e9es-n rendezett heves sprint ut\u00e1n Meeus, b\u00e1r nem sokkal, de legy\u0151zte Jasper Philipsen-t (Alpecin-Deceuninck) \u00e9s Dylan Groenewegen-t (Jayco-AlUla), \u00edgy megszerezte els\u0151 Tour de France szakaszgy\u0151zelm\u00e9t.<\/span><\/p>\n<p><span style=\"font-weight: 400;\">A fiatalok verseny\u00e9ben Poga\u010dar harmadszorra\u00a0 is elnyerte a feh\u00e9r trik\u00f3t, m\u00edg Giulio Ciccone (Lidl-Trek) szerezte meg a p\u00f6tty\u00f6s mezt, 14 ponttal megel\u0151zve Felix Gall-t (AG2R Citroen) A z\u00f6ld trik\u00f3t a pontverseny gy\u0151ztese, Philipsen vihette haza, \u00e9s a Jumbo-Visma nyerte a csapatversenyt.<\/span><\/p>\n<p><span style=\"font-weight: 400;\">Vingegaard leny\u0171g\u00f6z\u0151 Tour de France gy\u0151zelme meger\u0151s\u00edti poz\u00edci\u00f3j\u00e1t a profi ker\u00e9kp\u00e1roz\u00e1sban. Az egym\u00e1st k\u00f6vet\u0151 c\u00edmek bizony\u00edtj\u00e1k a kitart\u00e1s\u00e1t, elsz\u00e1nts\u00e1g\u00e1t \u00e9s kiv\u00e9teles tehets\u00e9g\u00e9t.<\/span><\/p>\n<p><b>A v\u00e9gs\u0151 rangsor:<\/b><\/p>\n<p><span style=\"font-weight: 400;\">Jonas Vingegaard (Jumbo-Visma) 82:05:42<\/span><\/p>\n<p><span style=\"font-weight: 400;\">Tadej Poga\u010dar (UAE Team Emirates) + 07:29<\/span><\/p>\n<p><span style=\"font-weight: 400;\">Adam Yates (UAE Team Emirates) + 10:56<\/span><\/p>\n<p><span style=\"font-weight: 400;\">Simon Yates (Team Jayco-AlUla) + 12:23<\/span><\/p>\n<p><span style=\"font-weight: 400;\">Carlos Rodriguez (INEOS Grenadiers) + 13:17<\/span><\/p>\n<p><span style=\"font-weight: 400;\">Pello Bilbao (Bahrain Victorious) + 13:27<\/span><\/p>\n<p><span style=\"font-weight: 400;\">Jai Hindley (BORA-hansgrohe) + 14:44<\/span><\/p>\n<p><span style=\"font-weight: 400;\">Felix Gall (AG2R Citro\u00ebn Team) + 16:09<\/span><\/p>\n<p><span style=\"font-weight: 400;\">David Gaudu (Groupama-FDJ) + 23:08<\/span><\/p>\n<p><span style=\"font-weight: 400;\">Guillaume Martin (Cofidis) + 26:30<\/span><\/p>\n","protected":false},"excerpt":{"rendered":"<p>A d\u00e1n ker\u00e9kp\u00e1ros, Jonas Vingegaard, m\u00e1sodszorra \u00fcnnepelhetett a Tour de France \u00f6sszes\u00edtett bajnokak\u00e9nt.<\/p>\n","protected":false},"author":145,"featured_media":17721,"comment_status":"open","ping_status":"open","sticky":false,"template":"","format":"standard","meta":{"footnotes":""},"categories":[8],"tags":[],"global-categories":[419],"class_list":["post-17719","post","type-post","status-publish","format-standard","has-post-thumbnail","hentry","category-orszaguti-kerekpar","global-categories-cycling"],"yoast_head":"<!-- This site is optimized with the Yoast SEO Premium plugin v25.3 (Yoast SEO v25.9) - https:\/\/yoast.com\/wordpress\/plugins\/seo\/ -->\n<title>Vingegaard a Tour-gy\u0151zelm\u00e9r\u0151l: \u201eHossz\u00fa \u00fat volt, de m\u00e9gis olyan gyorsan elment\u201d - \u0160koda We Love Cycling - Magyarorsz\u00e1g<\/title>\n<meta name=\"description\" content=\"A d\u00e1n ker\u00e9kp\u00e1ros, Jonas Vingegaard, m\u00e1sodszorra \u00fcnnepelhetett a Tour de France \u00f6sszes\u00edtett bajnokak\u00e9nt.\" \/>\n<meta name=\"robots\" content=\"index, follow, max-snippet:-1, max-image-preview:large, max-video-preview:-1\" \/>\n<link rel=\"canonical\" href=\"https:\/\/www.welovecycling.com\/hu\/orszaguti-kerekpar\/vingegaard-a-tour-gyozelmerol-hosszu-ut-volt-de-megis-olyan-gyorsan-elment\/\" \/>\n<meta property=\"og:locale\" content=\"hu_HU\" \/>\n<meta property=\"og:type\" content=\"article\" \/>\n<meta property=\"og:title\" content=\"Vingegaard a Tour-gy\u0151zelm\u00e9r\u0151l: \u201eHossz\u00fa \u00fat volt, de m\u00e9gis olyan gyorsan elment\u201d\" \/>\n<meta property=\"og:description\" content=\"A d\u00e1n ker\u00e9kp\u00e1ros, Jonas Vingegaard, m\u00e1sodszorra \u00fcnnepelhetett a Tour de France \u00f6sszes\u00edtett bajnokak\u00e9nt.\" \/>\n<meta property=\"og:url\" content=\"https:\/\/www.welovecycling.com\/hu\/orszaguti-kerekpar\/vingegaard-a-tour-gyozelmerol-hosszu-ut-volt-de-megis-olyan-gyorsan-elment\/\" \/>\n<meta property=\"og:site_name\" content=\"\u0160koda We Love Cycling - Magyarorsz\u00e1g\" \/>\n<meta property=\"article:publisher\" content=\"https:\/\/www.facebook.com\/WeLoveCyclingHungary\/\" \/>\n<meta property=\"article:published_time\" content=\"2023-07-24T09:57:49+00:00\" \/>\n<meta property=\"og:image\" content=\"https:\/\/d2p6e6u75xmxt8.cloudfront.net\/12\/2023\/07\/ezgif.com-webp-to-jpg.webp\" \/>\n\t<meta property=\"og:image:width\" content=\"990\" \/>\n\t<meta property=\"og:image:height\" content=\"660\" \/>\n\t<meta property=\"og:image:type\" content=\"image\/webp\" \/>\n<meta name=\"author\" content=\"kitti\" \/>\n<meta name=\"twitter:card\" content=\"summary_large_image\" \/>\n<meta name=\"twitter:label1\" content=\"Written by\" \/>\n\t<meta name=\"twitter:data1\" content=\"kitti\" \/>\n\t<meta name=\"twitter:label2\" content=\"Est. reading time\" \/>\n\t<meta name=\"twitter:data2\" content=\"2 minutes\" \/>\n<script type=\"application\/ld+json\" class=\"yoast-schema-graph\">{\"@context\":\"https:\/\/schema.org\",\"@graph\":[{\"@type\":\"WebPage\",\"@id\":\"https:\/\/www.welovecycling.com\/hu\/orszaguti-kerekpar\/vingegaard-a-tour-gyozelmerol-hosszu-ut-volt-de-megis-olyan-gyorsan-elment\/\",\"url\":\"https:\/\/www.welovecycling.com\/hu\/orszaguti-kerekpar\/vingegaard-a-tour-gyozelmerol-hosszu-ut-volt-de-megis-olyan-gyorsan-elment\/\",\"name\":\"Vingegaard a Tour-gy\u0151zelm\u00e9r\u0151l: \u201eHossz\u00fa \u00fat volt, de m\u00e9gis olyan gyorsan elment\u201d - \u0160koda We Love Cycling - Magyarorsz\u00e1g\",\"isPartOf\":{\"@id\":\"https:\/\/www.welovecycling.com\/hu\/#website\"},\"primaryImageOfPage\":{\"@id\":\"https:\/\/www.welovecycling.com\/hu\/orszaguti-kerekpar\/vingegaard-a-tour-gyozelmerol-hosszu-ut-volt-de-megis-olyan-gyorsan-elment\/#primaryimage\"},\"image\":{\"@id\":\"https:\/\/www.welovecycling.com\/hu\/orszaguti-kerekpar\/vingegaard-a-tour-gyozelmerol-hosszu-ut-volt-de-megis-olyan-gyorsan-elment\/#primaryimage\"},\"thumbnailUrl\":\"https:\/\/d2p6e6u75xmxt8.cloudfront.net\/12\/2023\/07\/ezgif.com-webp-to-jpg.webp\",\"datePublished\":\"2023-07-24T09:57:49+00:00\",\"author\":{\"@id\":\"https:\/\/www.welovecycling.com\/hu\/#\/schema\/person\/bec7dcdbcc59f58489cf603e4040ced1\"},\"description\":\"A d\u00e1n ker\u00e9kp\u00e1ros, Jonas Vingegaard, m\u00e1sodszorra \u00fcnnepelhetett a Tour de France \u00f6sszes\u00edtett bajnokak\u00e9nt.\",\"breadcrumb\":{\"@id\":\"https:\/\/www.welovecycling.com\/hu\/orszaguti-kerekpar\/vingegaard-a-tour-gyozelmerol-hosszu-ut-volt-de-megis-olyan-gyorsan-elment\/#breadcrumb\"},\"inLanguage\":\"hu\",\"potentialAction\":[{\"@type\":\"ReadAction\",\"target\":[\"https:\/\/www.welovecycling.com\/hu\/orszaguti-kerekpar\/vingegaard-a-tour-gyozelmerol-hosszu-ut-volt-de-megis-olyan-gyorsan-elment\/\"]}]},{\"@type\":\"ImageObject\",\"inLanguage\":\"hu\",\"@id\":\"https:\/\/www.welovecycling.com\/hu\/orszaguti-kerekpar\/vingegaard-a-tour-gyozelmerol-hosszu-ut-volt-de-megis-olyan-gyorsan-elment\/#primaryimage\",\"url\":\"https:\/\/d2p6e6u75xmxt8.cloudfront.net\/12\/2023\/07\/ezgif.com-webp-to-jpg.webp\",\"contentUrl\":\"https:\/\/d2p6e6u75xmxt8.cloudfront.net\/12\/2023\/07\/ezgif.com-webp-to-jpg.webp\",\"width\":990,\"height\":660},{\"@type\":\"BreadcrumbList\",\"@id\":\"https:\/\/www.welovecycling.com\/hu\/orszaguti-kerekpar\/vingegaard-a-tour-gyozelmerol-hosszu-ut-volt-de-megis-olyan-gyorsan-elment\/#breadcrumb\",\"itemListElement\":[{\"@type\":\"ListItem\",\"position\":1,\"name\":\"Home\",\"item\":\"https:\/\/www.welovecycling.com\/hu\/\"},{\"@type\":\"ListItem\",\"position\":2,\"name\":\"Vingegaard a Tour-gy\u0151zelm\u00e9r\u0151l: \u201eHossz\u00fa \u00fat volt, de m\u00e9gis olyan gyorsan elment\u201d\"}]},{\"@type\":\"WebSite\",\"@id\":\"https:\/\/www.welovecycling.com\/hu\/#website\",\"url\":\"https:\/\/www.welovecycling.com\/hu\/\",\"name\":\"\u0160koda We Love Cycling - Magyarorsz\u00e1g\",\"description\":\"\u0160koda WeLoveCycling\",\"potentialAction\":[{\"@type\":\"SearchAction\",\"target\":{\"@type\":\"EntryPoint\",\"urlTemplate\":\"https:\/\/www.welovecycling.com\/hu\/?s={search_term_string}\"},\"query-input\":{\"@type\":\"PropertyValueSpecification\",\"valueRequired\":true,\"valueName\":\"search_term_string\"}}],\"inLanguage\":\"hu\"},{\"@type\":\"Person\",\"@id\":\"https:\/\/www.welovecycling.com\/hu\/#\/schema\/person\/bec7dcdbcc59f58489cf603e4040ced1\",\"name\":\"kitti\",\"image\":{\"@type\":\"ImageObject\",\"inLanguage\":\"hu\",\"@id\":\"https:\/\/www.welovecycling.com\/hu\/#\/schema\/person\/image\/\",\"url\":\"https:\/\/secure.gravatar.com\/avatar\/e3196a110e1b57b96f56d92d10ce9bb4e9d7210076832a16243337e949410b52?s=96&d=mm&r=g\",\"contentUrl\":\"https:\/\/secure.gravatar.com\/avatar\/e3196a110e1b57b96f56d92d10ce9bb4e9d7210076832a16243337e949410b52?s=96&d=mm&r=g\",\"caption\":\"kitti\"},\"url\":\"https:\/\/www.welovecycling.com\/hu\/author\/kitti\/\"}]}<\/script>\n<!-- \/ Yoast SEO Premium plugin. -->","yoast_head_json":{"title":"Vingegaard a Tour-gy\u0151zelm\u00e9r\u0151l: \u201eHossz\u00fa \u00fat volt, de m\u00e9gis olyan gyorsan elment\u201d - \u0160koda We Love Cycling - Magyarorsz\u00e1g","description":"A d\u00e1n ker\u00e9kp\u00e1ros, Jonas Vingegaard, m\u00e1sodszorra \u00fcnnepelhetett a Tour de France \u00f6sszes\u00edtett bajnokak\u00e9nt.","robots":{"index":"index","follow":"follow","max-snippet":"max-snippet:-1","max-image-preview":"max-image-preview:large","max-video-preview":"max-video-preview:-1"},"canonical":"https:\/\/www.welovecycling.com\/hu\/orszaguti-kerekpar\/vingegaard-a-tour-gyozelmerol-hosszu-ut-volt-de-megis-olyan-gyorsan-elment\/","og_locale":"hu_HU","og_type":"article","og_title":"Vingegaard a Tour-gy\u0151zelm\u00e9r\u0151l: \u201eHossz\u00fa \u00fat volt, de m\u00e9gis olyan gyorsan elment\u201d","og_description":"A d\u00e1n ker\u00e9kp\u00e1ros, Jonas Vingegaard, m\u00e1sodszorra \u00fcnnepelhetett a Tour de France \u00f6sszes\u00edtett bajnokak\u00e9nt.","og_url":"https:\/\/www.welovecycling.com\/hu\/orszaguti-kerekpar\/vingegaard-a-tour-gyozelmerol-hosszu-ut-volt-de-megis-olyan-gyorsan-elment\/","og_site_name":"\u0160koda We Love Cycling - Magyarorsz\u00e1g","article_publisher":"https:\/\/www.facebook.com\/WeLoveCyclingHungary\/","article_published_time":"2023-07-24T09:57:49+00:00","og_image":[{"width":990,"height":660,"url":"https:\/\/d2p6e6u75xmxt8.cloudfront.net\/12\/2023\/07\/ezgif.com-webp-to-jpg.webp","type":"image\/webp"}],"author":"kitti","twitter_card":"summary_large_image","twitter_misc":{"Written by":"kitti","Est. reading time":"2 minutes"},"schema":{"@context":"https:\/\/schema.org","@graph":[{"@type":"WebPage","@id":"https:\/\/www.welovecycling.com\/hu\/orszaguti-kerekpar\/vingegaard-a-tour-gyozelmerol-hosszu-ut-volt-de-megis-olyan-gyorsan-elment\/","url":"https:\/\/www.welovecycling.com\/hu\/orszaguti-kerekpar\/vingegaard-a-tour-gyozelmerol-hosszu-ut-volt-de-megis-olyan-gyorsan-elment\/","name":"Vingegaard a Tour-gy\u0151zelm\u00e9r\u0151l: \u201eHossz\u00fa \u00fat volt, de m\u00e9gis olyan gyorsan elment\u201d - \u0160koda We Love Cycling - Magyarorsz\u00e1g","isPartOf":{"@id":"https:\/\/www.welovecycling.com\/hu\/#website"},"primaryImageOfPage":{"@id":"https:\/\/www.welovecycling.com\/hu\/orszaguti-kerekpar\/vingegaard-a-tour-gyozelmerol-hosszu-ut-volt-de-megis-olyan-gyorsan-elment\/#primaryimage"},"image":{"@id":"https:\/\/www.welovecycling.com\/hu\/orszaguti-kerekpar\/vingegaard-a-tour-gyozelmerol-hosszu-ut-volt-de-megis-olyan-gyorsan-elment\/#primaryimage"},"thumbnailUrl":"https:\/\/d2p6e6u75xmxt8.cloudfront.net\/12\/2023\/07\/ezgif.com-webp-to-jpg.webp","datePublished":"2023-07-24T09:57:49+00:00","author":{"@id":"https:\/\/www.welovecycling.com\/hu\/#\/schema\/person\/bec7dcdbcc59f58489cf603e4040ced1"},"description":"A d\u00e1n ker\u00e9kp\u00e1ros, Jonas Vingegaard, m\u00e1sodszorra \u00fcnnepelhetett a Tour de France \u00f6sszes\u00edtett bajnokak\u00e9nt.","breadcrumb":{"@id":"https:\/\/www.welovecycling.com\/hu\/orszaguti-kerekpar\/vingegaard-a-tour-gyozelmerol-hosszu-ut-volt-de-megis-olyan-gyorsan-elment\/#breadcrumb"},"inLanguage":"hu","potentialAction":[{"@type":"ReadAction","target":["https:\/\/www.welovecycling.com\/hu\/orszaguti-kerekpar\/vingegaard-a-tour-gyozelmerol-hosszu-ut-volt-de-megis-olyan-gyorsan-elment\/"]}]},{"@type":"ImageObject","inLanguage":"hu","@id":"https:\/\/www.welovecycling.com\/hu\/orszaguti-kerekpar\/vingegaard-a-tour-gyozelmerol-hosszu-ut-volt-de-megis-olyan-gyorsan-elment\/#primaryimage","url":"https:\/\/d2p6e6u75xmxt8.cloudfront.net\/12\/2023\/07\/ezgif.com-webp-to-jpg.webp","contentUrl":"https:\/\/d2p6e6u75xmxt8.cloudfront.net\/12\/2023\/07\/ezgif.com-webp-to-jpg.webp","width":990,"height":660},{"@type":"BreadcrumbList","@id":"https:\/\/www.welovecycling.com\/hu\/orszaguti-kerekpar\/vingegaard-a-tour-gyozelmerol-hosszu-ut-volt-de-megis-olyan-gyorsan-elment\/#breadcrumb","itemListElement":[{"@type":"ListItem","position":1,"name":"Home","item":"https:\/\/www.welovecycling.com\/hu\/"},{"@type":"ListItem","position":2,"name":"Vingegaard a Tour-gy\u0151zelm\u00e9r\u0151l: \u201eHossz\u00fa \u00fat volt, de m\u00e9gis olyan gyorsan elment\u201d"}]},{"@type":"WebSite","@id":"https:\/\/www.welovecycling.com\/hu\/#website","url":"https:\/\/www.welovecycling.com\/hu\/","name":"\u0160koda We Love Cycling - Magyarorsz\u00e1g","description":"\u0160koda WeLoveCycling","potentialAction":[{"@type":"SearchAction","target":{"@type":"EntryPoint","urlTemplate":"https:\/\/www.welovecycling.com\/hu\/?s={search_term_string}"},"query-input":{"@type":"PropertyValueSpecification","valueRequired":true,"valueName":"search_term_string"}}],"inLanguage":"hu"},{"@type":"Person","@id":"https:\/\/www.welovecycling.com\/hu\/#\/schema\/person\/bec7dcdbcc59f58489cf603e4040ced1","name":"kitti","image":{"@type":"ImageObject","inLanguage":"hu","@id":"https:\/\/www.welovecycling.com\/hu\/#\/schema\/person\/image\/","url":"https:\/\/secure.gravatar.com\/avatar\/e3196a110e1b57b96f56d92d10ce9bb4e9d7210076832a16243337e949410b52?s=96&d=mm&r=g","contentUrl":"https:\/\/secure.gravatar.com\/avatar\/e3196a110e1b57b96f56d92d10ce9bb4e9d7210076832a16243337e949410b52?s=96&d=mm&r=g","caption":"kitti"},"url":"https:\/\/www.welovecycling.com\/hu\/author\/kitti\/"}]}},"_links":{"self":[{"href":"https:\/\/www.welovecycling.com\/hu\/wp-json\/wp\/v2\/posts\/17719","targetHints":{"allow":["GET"]}}],"collection":[{"href":"https:\/\/www.welovecycling.com\/hu\/wp-json\/wp\/v2\/posts"}],"about":[{"href":"https:\/\/www.welovecycling.com\/hu\/wp-json\/wp\/v2\/types\/post"}],"author":[{"embeddable":true,"href":"https:\/\/www.welovecycling.com\/hu\/wp-json\/wp\/v2\/users\/145"}],"replies":[{"embeddable":true,"href":"https:\/\/www.welovecycling.com\/hu\/wp-json\/wp\/v2\/comments?post=17719"}],"version-history":[{"count":2,"href":"https:\/\/www.welovecycling.com\/hu\/wp-json\/wp\/v2\/posts\/17719\/revisions"}],"predecessor-version":[{"id":17722,"href":"https:\/\/www.welovecycling.com\/hu\/wp-json\/wp\/v2\/posts\/17719\/revisions\/17722"}],"wp:featuredmedia":[{"embeddable":true,"href":"https:\/\/www.welovecycling.com\/hu\/wp-json\/wp\/v2\/media\/17721"}],"wp:attachment":[{"href":"https:\/\/www.welovecycling.com\/hu\/wp-json\/wp\/v2\/media?parent=17719"}],"wp:term":[{"taxonomy":"category","embeddable":true,"href":"https:\/\/www.welovecycling.com\/hu\/wp-json\/wp\/v2\/categories?post=17719"},{"taxonomy":"post_tag","embeddable":true,"href":"https:\/\/www.welovecycling.com\/hu\/wp-json\/wp\/v2\/tags?post=17719"},{"taxonomy":"global-categories","embeddable":true,"href":"https:\/\/www.welovecycling.com\/hu\/wp-json\/wp\/v2\/global-categories?post=17719"}],"curies":[{"name":"wp","href":"https:\/\/api.w.org\/{rel}","templated":true}]}}