{"id":17708,"date":"2023-07-21T13:32:32","date_gmt":"2023-07-21T11:32:32","guid":{"rendered":"https:\/\/www.welovecycling.com\/hu\/?p=17708"},"modified":"2023-07-21T13:32:32","modified_gmt":"2023-07-21T11:32:32","slug":"kesz-meghaltam-ket-szakasz-alatt-elszalltak-pogacar-tour-almai","status":"publish","type":"post","link":"https:\/\/www.welovecycling.com\/hu\/orszaguti-kerekpar\/kesz-meghaltam-ket-szakasz-alatt-elszalltak-pogacar-tour-almai\/","title":{"rendered":"\u201eK\u00e9sz, meghaltam\u201d \u2013 k\u00e9t szakasz alatt elsz\u00e1lltak Poga\u010dar Tour-\u00e1lmai"},"content":{"rendered":"<p><strong>A szlov\u00e9n szt\u00e1r v\u00e1ratlan \u2013 \u00e9s v\u00e1ratlanul l\u00e1tv\u00e1nyos \u2013 megzuhan\u00e1sa ut\u00e1n Jonas Vingegaard gyakorlatilag sikeres Tour de France-c\u00edmv\u00e9d\u0151nek tekinthet\u0151.\u00a0 <\/strong><!--more--><\/p>\n<p>Hogy Tadej Poga\u010dar is csak ember, nem g\u00e9p, arra a tavalyi Tour 11. szakasz\u00e1n l\u00e1thattunk el\u0151sz\u00f6r igaz\u00e1n l\u00e1tv\u00e1nyos p\u00e9ld\u00e1t, amikor Jonas Vingegaard \u00e9s a Jumbo az elm\u00falt \u00e9vek egyik legnagyszer\u0171bb szakasz\u00e1n v\u00e9g\u00fcl csak megrogyasztotta az addig megrogyaszthatatlannak hitt szlov\u00e9n zsenit. Az akkor m\u00e1r m\u00e1sodik Tour de France-gy\u0151zelm\u00e9n is t\u00fal l\u00e9v\u0151 Poga\u010dar ott, a Col du Granonon v\u00e9g\u00fcl majdnem h\u00e1romperces h\u00e1tr\u00e1nnyal \u00e9rt be Vingegaard-hoz k\u00e9pest, aki azon a ponton tulajdonk\u00e9ppen sz\u00e1mszer\u0171leg \u00e9s l\u00e9lektanilag is megnyerte az \u00e9v f\u0151verseny\u00e9t. Csakhogy az egy m\u00e1sfajta helyzet volt: akkor gyakorlatilag a teljes Jumbo \u00f6sszehangolt csapattaktik\u00e1ja \u00e9s -t\u00e1mad\u00e1sa \u00e9rt c\u00e9lt Vingegaard t\u00f6rekv\u00e9seivel egy\u00fctt, teh\u00e1t lesark\u00edtva a v\u00e1logatott klasszisok alkotta t\u00faler\u0151vel szemben nem b\u00edrt v\u00e9g\u00fcl a szlov\u00e9n \u2013 id\u00e9n viszont eg\u00e9szen m\u00e1s a helyzet.<\/p>\n<figure id=\"attachment_17712\" aria-describedby=\"caption-attachment-17712\" style=\"width: 664px\" class=\"wp-caption alignnone\"><img loading=\"lazy\" decoding=\"async\" class=\"size-full wp-image-17712\" src=\"https:\/\/d2p6e6u75xmxt8.cloudfront.net\/12\/2023\/07\/bc15d03_5696060-01-06.webp\" alt=\"\" width=\"664\" height=\"441\" srcset=\"https:\/\/d2p6e6u75xmxt8.cloudfront.net\/12\/2023\/07\/bc15d03_5696060-01-06.webp 664w, https:\/\/d2p6e6u75xmxt8.cloudfront.net\/12\/2023\/07\/bc15d03_5696060-01-06-300x199.webp 300w, https:\/\/d2p6e6u75xmxt8.cloudfront.net\/12\/2023\/07\/bc15d03_5696060-01-06-400x266.webp 400w, https:\/\/d2p6e6u75xmxt8.cloudfront.net\/12\/2023\/07\/bc15d03_5696060-01-06-272x182.webp 272w\" sizes=\"auto, (max-width: 664px) 100vw, 664px\" \/><figcaption id=\"caption-attachment-17712\" class=\"wp-caption-text\">Tavaly a Col du Granon hegy\u00e9n zuhant meg el\u0151sz\u00f6r Poga\u010dar (fot\u00f3: Christian Hartmann\/AFP)<\/figcaption><\/figure>\n<p>Noha Eddy Merckx m\u00e1sf\u00e9l hete, a verseny kor\u00e1bbi szakasz\u00e1ban \u00e9ppen ennek a kritik\u00e1j\u00e1nak adott hangot, hogy szerinte Vingegaard legink\u00e1bb csak a csapat\u00e1nak k\u00f6sz\u00f6nheti minim\u00e1lis (az 5. etapon \u00f6sszeszedett) el\u0151ny\u00e9t Poga\u010darral szemben, \u00e9s val\u00f3j\u00e1ban a szlov\u00e9n a mez\u0151ny leger\u0151sebb versenyz\u0151je, az utols\u00f3 h\u00e9tre kider\u00fclt, hogy a val\u00f3s\u00e1g messze nem ez, vagy legfeljebb csak r\u00e9szben van igaza. Mert b\u00e1r sok\u00e1ig \u00fagy t\u0171nt, az idei ki\u00edr\u00e1s az utols\u00f3 pillanatig ny\u00edlt lesz, \u00e9s t\u00e9nyleg csup\u00e1n m\u00e1sodpercek (vagy ak\u00e1r az id\u0151j\u00f3v\u00e1\u00edr\u00e1sok) d\u00f6nthetnek majd az els\u0151s\u00e9gr\u0151l, n\u00e9gy nappal a p\u00e1rizsi c\u00e9l el\u0151tt v\u00e9g\u00e9rv\u00e9nyesen eld\u0151lt az idei \u00f6sszetett. Pedig sokan m\u00e1r Greg LeMond \u00e9s Laurent Fignon legend\u00e1s, 1989-es k\u00fcl\u00f6np\u00e1rharc\u00e1hoz kezdt\u00e9k hasonl\u00edtani Vingegaard \u00e9s Poga\u010dar csat\u00e1j\u00e1t \u2013 akkor az amerikai mind\u00f6ssze 8 m\u00e1sodperces el\u0151nnyel, minden id\u0151k legkisebb id\u0151k\u00fcl\u00f6nbs\u00e9g\u00e9vel nyerte meg a Tour-t \u2013, ami abb\u00f3l a szempontb\u00f3l \u00e9rthet\u0151 valahol, hogy 15 szakasz ut\u00e1n a d\u00e1n c\u00edmv\u00e9d\u0151 m\u00e1r csup\u00e1n 10 m\u00e1sodperccel vezetett Poga\u010dar el\u0151tt, aki kor\u00e1bban m\u00e1sodpercr\u0151l m\u00e1sodpercre dolgozta le eleinte 25 szekundumos deficitj\u00e9t.<\/p>\n<figure id=\"attachment_17710\" aria-describedby=\"caption-attachment-17710\" style=\"width: 1024px\" class=\"wp-caption alignnone\"><img loading=\"lazy\" decoding=\"async\" class=\"size-full wp-image-17710\" src=\"https:\/\/d2p6e6u75xmxt8.cloudfront.net\/12\/2023\/07\/01iht-FIGNON-jumbo.webp\" alt=\"\" width=\"1024\" height=\"723\" srcset=\"https:\/\/d2p6e6u75xmxt8.cloudfront.net\/12\/2023\/07\/01iht-FIGNON-jumbo.webp 1024w, https:\/\/d2p6e6u75xmxt8.cloudfront.net\/12\/2023\/07\/01iht-FIGNON-jumbo-300x212.webp 300w, https:\/\/d2p6e6u75xmxt8.cloudfront.net\/12\/2023\/07\/01iht-FIGNON-jumbo-768x542.webp 768w, https:\/\/d2p6e6u75xmxt8.cloudfront.net\/12\/2023\/07\/01iht-FIGNON-jumbo-400x282.webp 400w\" sizes=\"auto, (max-width: 1024px) 100vw, 1024px\" \/><figcaption id=\"caption-attachment-17710\" class=\"wp-caption-text\">Legend\u00e1s csata volt Fignon\u00e9 \u00e9s Lemond\u00e9 anno \u201989-ben, a v\u00e9g\u00e9n mind\u00f6ssze 8 m\u00e1sodperces k\u00fcl\u00f6nbs\u00e9ggel (fot\u00f3: Lionel Cironneau\/AP)<\/figcaption><\/figure>\n<p>\u00c1m ekkor k\u00f6vetkezett a 22 kilom\u00e9teres emelked\u0151s id\u0151futam, ahol Vingegaard 32:36 perces \u0171rid\u0151vel \u00e9s er\u0151demonstr\u00e1l\u00f3 repeszt\u00e9ssel, a mez\u0151nyb\u0151l egyed\u00fclik\u00e9nt 41 km\/\u00f3ra feletti \u00e1tlagot tartva agyonvert mindenkit, m\u00e9g a 39.26 km\/\u00f3r\u00e1s \u00e1tlagot teker\u0151 \u00e9s m\u00e1sodikk\u00e9nt v\u00e9gz\u0151 Poga\u010darnak is t\u00f6bb mint m\u00e1sf\u00e9l percet adott. Itt m\u00e1r tudni lehetett, hogy ez a Tour bizony m\u00e9gsem egy-k\u00e9t m\u00e1sodpercen m\u00falik majd, \u00e1m ami m\u00e1snap k\u00f6vetkezett, arra t\u00e9nyleg senki sem sz\u00e1m\u00edtott. Sokan \u00e9ppen a Tour kir\u00e1lyetapj\u00e1n v\u00e1rt\u00e1k, hogy Poga\u010dar megh\u00faz majd egy amolyan \u201eutols\u00f3 szalmasz\u00e1lba kapaszkod\u00f3s\u201d t\u00e1mad\u00e1st, ehelyett azonban a szlov\u00e9n minden el\u0151zm\u00e9ny n\u00e9lk\u00fcl produk\u00e1lt akkora \u00f6sszeoml\u00e1st, amilyet t\u0151le eddigi p\u00e1lyafut\u00e1sa alatt m\u00e9g sosem l\u00e1ttunk. Igaz, a szakasz elej\u00e9n bukott, de gond n\u00e9lk\u00fcl tov\u00e1bb tudott menni (k\u00e9s\u0151bb \u0151 maga is elmondta, nem ezen m\u00falott), viszont a brut\u00e1lis nap utols\u00f3 hegy\u00e9n, a kiemelt kateg\u00f3ri\u00e1s Col de la Loze-on nemhogy Vingegaard, de Michal Kwiatkowski temp\u00f3j\u00e1t sem b\u00edrta tartani: hi\u00e1ba volt vele k\u00e9t t\u00e1rsa, Marc Soler \u00e9s Adam Yates is, Poga\u010dar folyamatosan szakadt le az \u00e9lmen\u0151kt\u0151l, majd mindenki d\u00f6bbenet\u00e9re <a href=\"https:\/\/twitter.com\/eurosport\/status\/1681684156835590144\">csak ennyit b\u00edrt belelihegni a csapatr\u00e1di\u00f3ba<\/a> t\u00edz km-rel a c\u00e9l el\u0151tt: <em>\u201eK\u00e9sz, meghaltam.\u201d<\/em> Ilyesmit eddig nem nagyon tudtunk elk\u00e9pzelni r\u00f3la, nem v\u00e9letlen\u00fcl nyilatkozta ut\u00f3bb n\u00e9h\u00e1ny cifra k\u00e1romkod\u00e1s k\u00eds\u00e9ret\u00e9ben, hogy ez volt \u00e9lete egyik legrosszabb bring\u00e1n elt\u00f6lt\u00f6tt napja.<\/p>\n<figure id=\"attachment_17713\" aria-describedby=\"caption-attachment-17713\" style=\"width: 932px\" class=\"wp-caption alignnone\"><img loading=\"lazy\" decoding=\"async\" class=\"size-full wp-image-17713\" src=\"https:\/\/d2p6e6u75xmxt8.cloudfront.net\/12\/2023\/07\/SIPJ3UI2QVF37JXNAUHMQ74VRI.webp\" alt=\"\" width=\"932\" height=\"582\" srcset=\"https:\/\/d2p6e6u75xmxt8.cloudfront.net\/12\/2023\/07\/SIPJ3UI2QVF37JXNAUHMQ74VRI.webp 932w, https:\/\/d2p6e6u75xmxt8.cloudfront.net\/12\/2023\/07\/SIPJ3UI2QVF37JXNAUHMQ74VRI-300x187.webp 300w, https:\/\/d2p6e6u75xmxt8.cloudfront.net\/12\/2023\/07\/SIPJ3UI2QVF37JXNAUHMQ74VRI-768x480.webp 768w, https:\/\/d2p6e6u75xmxt8.cloudfront.net\/12\/2023\/07\/SIPJ3UI2QVF37JXNAUHMQ74VRI-400x250.webp 400w\" sizes=\"auto, (max-width: 932px) 100vw, 932px\" \/><figcaption id=\"caption-attachment-17713\" class=\"wp-caption-text\">Poga\u010dar teljesen kik\u00e9sz\u00fclt \u2013 ha nincsenek Marc Soler\u00e9k, tal\u00e1n a dobog\u00f3t is bukja (fot\u00f3: Sirotti\/Icon Sport)<\/figcaption><\/figure>\n<p>Poga\u010dar v\u00e9g\u00fcl t\u00f6bb mint 7 \u00e9s f\u00e9l percet kapott a p\u00e1lyafut\u00e1sa legnagyobb siker\u00e9t el\u00e9r\u0151, szakaszgy\u0151ztes osztr\u00e1k Felix Gallt\u00f3l (aki ezzel felr\u00f6ppent az \u00f6sszetett 8. hely\u00e9re), de ami sokkal fontosabb, a riv\u00e1lisa nagy megzuhan\u00e1s\u00e1t kihaszn\u00e1l\u00f3 Vingegaard-t\u00f3l is majdnem 6 percet. A c\u00edmv\u00e9d\u0151 d\u00e1n \u00edgy az utols\u00f3 n\u00e9gy etapra 7:35 perces el\u0151nnyel fordult r\u00e1, ez az utols\u00f3 h\u00e1rom napra sem v\u00e1ltozott, vagyis m\u00e1r csak buk\u00e1s n\u00e9lk\u00fcl v\u00e9gig kell s\u00e9tagaloppoznia a Champs-\u00c9lys\u00e9es-ig, \u00e9s ism\u00e9t hazaviheti a sport\u00e1g leg\u00e9rt\u00e9kesebbjek\u00e9nt sz\u00e1mon tartott s\u00e1rga trik\u00f3t. \u00c9s hogy Poga\u010darral mi t\u00f6rt\u00e9nt? Nos, \u0151 maga sem tudja, mindenesetre \u0151szinte \u00f6nkritik\u00e1val \u00fagy fogalmazott, ha a t\u00e1rsai nem lettek volna ott mellette ezen a bizonyos 17. etapon, tal\u00e1n m\u00e9g az \u00f6sszetett dobog\u00f3j\u00e1t is bukta volna. Egyszer tal\u00e1n megtudjuk \u2013 addig pedig k\u00f6nnyen lehet, hogy a v\u00e9gelsz\u00e1mol\u00e1sn\u00e1l k\u00e9t Emirates-versenyz\u0151 is ott lehet majd a p\u00f3diumon, hiszen Poga\u010dar m\u00f6g\u00f6tt jelenleg csapatt\u00e1rsa, Adam Yates \u00e1ll a harmadik helyen. M\u00e1s k\u00e9rd\u00e9s, ez aligha vigasztalja majd az arab ist\u00e1ll\u00f3t, ha Vingegaard s\u00e1rg\u00e1ja mellett a Jumbo a csapatversenyt megnyeri, m\u00e1rpedig jelenleg er\u0151sen \u00edgy \u00e1ll a helyzet.<\/p>\n<figure id=\"attachment_17711\" aria-describedby=\"caption-attachment-17711\" style=\"width: 1024px\" class=\"wp-caption alignnone\"><img loading=\"lazy\" decoding=\"async\" class=\"size-large wp-image-17711\" src=\"https:\/\/d2p6e6u75xmxt8.cloudfront.net\/12\/2023\/07\/3739812-76086168-2560-1440-1024x576.webp\" alt=\"\" width=\"1024\" height=\"576\" srcset=\"https:\/\/d2p6e6u75xmxt8.cloudfront.net\/12\/2023\/07\/3739812-76086168-2560-1440-1024x576.webp 1024w, https:\/\/d2p6e6u75xmxt8.cloudfront.net\/12\/2023\/07\/3739812-76086168-2560-1440-300x169.webp 300w, https:\/\/d2p6e6u75xmxt8.cloudfront.net\/12\/2023\/07\/3739812-76086168-2560-1440-768x432.webp 768w, https:\/\/d2p6e6u75xmxt8.cloudfront.net\/12\/2023\/07\/3739812-76086168-2560-1440-1536x864.webp 1536w, https:\/\/d2p6e6u75xmxt8.cloudfront.net\/12\/2023\/07\/3739812-76086168-2560-1440-2048x1152.webp 2048w, https:\/\/d2p6e6u75xmxt8.cloudfront.net\/12\/2023\/07\/3739812-76086168-2560-1440-1920x1080.webp 1920w, https:\/\/d2p6e6u75xmxt8.cloudfront.net\/12\/2023\/07\/3739812-76086168-2560-1440-400x225.webp 400w, https:\/\/d2p6e6u75xmxt8.cloudfront.net\/12\/2023\/07\/3739812-76086168-2560-1440-1920x1080.webp 1920w\" sizes=\"auto, (max-width: 1024px) 100vw, 1024px\" \/><figcaption id=\"caption-attachment-17711\" class=\"wp-caption-text\">Jonas Vingegaard val\u00f3sz\u00edn\u0171leg P\u00e1rizsban is s\u00e1rg\u00e1ban \u00fcnnepelhet majd (fot\u00f3: Getty)<\/figcaption><\/figure>\n<p><em>Bor\u00edt\u00f3k\u00e9p: Thibault Camus\/AP<\/em><\/p>\n","protected":false},"excerpt":{"rendered":"<p>A szlov\u00e9n szt\u00e1r v\u00e1ratlan \u2013 \u00e9s v\u00e1ratlanul l\u00e1tv\u00e1nyos \u2013 megzuhan\u00e1sa ut\u00e1n Jonas Vingegaard gyakorlatilag sikeres Tour de France-c\u00edmv\u00e9d\u0151nek tekinthet\u0151.\u00a0<\/p>\n","protected":false},"author":71,"featured_media":17709,"comment_status":"open","ping_status":"open","sticky":false,"template":"","format":"standard","meta":{"footnotes":""},"categories":[8],"tags":[],"global-categories":[419],"class_list":["post-17708","post","type-post","status-publish","format-standard","has-post-thumbnail","hentry","category-orszaguti-kerekpar","global-categories-cycling"],"yoast_head":"<!-- This site is optimized with the Yoast SEO Premium plugin v25.3 (Yoast SEO v25.9) - https:\/\/yoast.com\/wordpress\/plugins\/seo\/ -->\n<title>\u201eK\u00e9sz, meghaltam\u201d \u2013 k\u00e9t szakasz alatt elsz\u00e1lltak Poga\u010dar Tour-\u00e1lmai<\/title>\n<meta name=\"description\" content=\"A szlov\u00e9n szt\u00e1r v\u00e1ratlan \u2013 \u00e9s v\u00e1ratlanul l\u00e1tv\u00e1nyos \u2013 megzuhan\u00e1sa ut\u00e1n Jonas Vingegaard gyakorlatilag sikeres Tour de France-c\u00edmv\u00e9d\u0151nek tekinthet\u0151.\" \/>\n<meta name=\"robots\" content=\"index, follow, max-snippet:-1, max-image-preview:large, max-video-preview:-1\" \/>\n<link rel=\"canonical\" href=\"https:\/\/www.welovecycling.com\/hu\/orszaguti-kerekpar\/kesz-meghaltam-ket-szakasz-alatt-elszalltak-pogacar-tour-almai\/\" \/>\n<meta property=\"og:locale\" content=\"hu_HU\" \/>\n<meta property=\"og:type\" content=\"article\" \/>\n<meta property=\"og:title\" content=\"\u201eK\u00e9sz, meghaltam\u201d \u2013 k\u00e9t szakasz alatt elsz\u00e1lltak Poga\u010dar Tour-\u00e1lmai\" \/>\n<meta property=\"og:description\" content=\"A szlov\u00e9n szt\u00e1r v\u00e1ratlan \u2013 \u00e9s v\u00e1ratlanul l\u00e1tv\u00e1nyos \u2013 megzuhan\u00e1sa ut\u00e1n Jonas Vingegaard gyakorlatilag sikeres Tour de France-c\u00edmv\u00e9d\u0151nek tekinthet\u0151.\" \/>\n<meta property=\"og:url\" content=\"https:\/\/www.welovecycling.com\/hu\/orszaguti-kerekpar\/kesz-meghaltam-ket-szakasz-alatt-elszalltak-pogacar-tour-almai\/\" \/>\n<meta property=\"og:site_name\" content=\"\u0160koda We Love Cycling - Magyarorsz\u00e1g\" \/>\n<meta property=\"article:publisher\" content=\"https:\/\/www.facebook.com\/WeLoveCyclingHungary\/\" \/>\n<meta property=\"article:published_time\" content=\"2023-07-21T11:32:32+00:00\" \/>\n<meta property=\"og:image\" content=\"https:\/\/d2p6e6u75xmxt8.cloudfront.net\/12\/2023\/07\/19-a021c8335c5f4fd3a464e056b5af69f1-Large.webp\" \/>\n\t<meta property=\"og:image:width\" content=\"1280\" \/>\n\t<meta property=\"og:image:height\" content=\"853\" \/>\n\t<meta property=\"og:image:type\" content=\"image\/webp\" \/>\n<meta name=\"author\" content=\"hegyizs\" \/>\n<meta name=\"twitter:card\" content=\"summary_large_image\" \/>\n<meta name=\"twitter:label1\" content=\"Written by\" \/>\n\t<meta name=\"twitter:data1\" content=\"WLC\" \/>\n\t<meta name=\"twitter:label2\" content=\"Est. reading time\" \/>\n\t<meta name=\"twitter:data2\" content=\"5 minutes\" \/>\n<script type=\"application\/ld+json\" class=\"yoast-schema-graph\">{\"@context\":\"https:\/\/schema.org\",\"@graph\":[{\"@type\":\"WebPage\",\"@id\":\"https:\/\/www.welovecycling.com\/hu\/orszaguti-kerekpar\/kesz-meghaltam-ket-szakasz-alatt-elszalltak-pogacar-tour-almai\/\",\"url\":\"https:\/\/www.welovecycling.com\/hu\/orszaguti-kerekpar\/kesz-meghaltam-ket-szakasz-alatt-elszalltak-pogacar-tour-almai\/\",\"name\":\"\u201eK\u00e9sz, meghaltam\u201d \u2013 k\u00e9t szakasz alatt elsz\u00e1lltak Poga\u010dar Tour-\u00e1lmai\",\"isPartOf\":{\"@id\":\"https:\/\/www.welovecycling.com\/hu\/#website\"},\"primaryImageOfPage\":{\"@id\":\"https:\/\/www.welovecycling.com\/hu\/orszaguti-kerekpar\/kesz-meghaltam-ket-szakasz-alatt-elszalltak-pogacar-tour-almai\/#primaryimage\"},\"image\":{\"@id\":\"https:\/\/www.welovecycling.com\/hu\/orszaguti-kerekpar\/kesz-meghaltam-ket-szakasz-alatt-elszalltak-pogacar-tour-almai\/#primaryimage\"},\"thumbnailUrl\":\"https:\/\/d2p6e6u75xmxt8.cloudfront.net\/12\/2023\/07\/19-a021c8335c5f4fd3a464e056b5af69f1-Large.webp\",\"datePublished\":\"2023-07-21T11:32:32+00:00\",\"author\":{\"@id\":\"https:\/\/www.welovecycling.com\/hu\/#\/schema\/person\/414a2aebf1801691a5320edb6468e194\"},\"description\":\"A szlov\u00e9n szt\u00e1r v\u00e1ratlan \u2013 \u00e9s v\u00e1ratlanul l\u00e1tv\u00e1nyos \u2013 megzuhan\u00e1sa ut\u00e1n Jonas Vingegaard gyakorlatilag sikeres Tour de France-c\u00edmv\u00e9d\u0151nek tekinthet\u0151.\",\"breadcrumb\":{\"@id\":\"https:\/\/www.welovecycling.com\/hu\/orszaguti-kerekpar\/kesz-meghaltam-ket-szakasz-alatt-elszalltak-pogacar-tour-almai\/#breadcrumb\"},\"inLanguage\":\"hu\",\"potentialAction\":[{\"@type\":\"ReadAction\",\"target\":[\"https:\/\/www.welovecycling.com\/hu\/orszaguti-kerekpar\/kesz-meghaltam-ket-szakasz-alatt-elszalltak-pogacar-tour-almai\/\"]}]},{\"@type\":\"ImageObject\",\"inLanguage\":\"hu\",\"@id\":\"https:\/\/www.welovecycling.com\/hu\/orszaguti-kerekpar\/kesz-meghaltam-ket-szakasz-alatt-elszalltak-pogacar-tour-almai\/#primaryimage\",\"url\":\"https:\/\/d2p6e6u75xmxt8.cloudfront.net\/12\/2023\/07\/19-a021c8335c5f4fd3a464e056b5af69f1-Large.webp\",\"contentUrl\":\"https:\/\/d2p6e6u75xmxt8.cloudfront.net\/12\/2023\/07\/19-a021c8335c5f4fd3a464e056b5af69f1-Large.webp\",\"width\":1280,\"height\":853,\"caption\":\"Poga\u010dar teljesen kik\u00e9sz\u00fclt \u2013 ha nincsenek Marc Soler\u00e9k, tal\u00e1n a dobog\u00f3t is bukja (fot\u00f3: Sirotti\/Icon Sport)\"},{\"@type\":\"BreadcrumbList\",\"@id\":\"https:\/\/www.welovecycling.com\/hu\/orszaguti-kerekpar\/kesz-meghaltam-ket-szakasz-alatt-elszalltak-pogacar-tour-almai\/#breadcrumb\",\"itemListElement\":[{\"@type\":\"ListItem\",\"position\":1,\"name\":\"Home\",\"item\":\"https:\/\/www.welovecycling.com\/hu\/\"},{\"@type\":\"ListItem\",\"position\":2,\"name\":\"\u201eK\u00e9sz, meghaltam\u201d \u2013 k\u00e9t szakasz alatt elsz\u00e1lltak Poga\u010dar Tour-\u00e1lmai\"}]},{\"@type\":\"WebSite\",\"@id\":\"https:\/\/www.welovecycling.com\/hu\/#website\",\"url\":\"https:\/\/www.welovecycling.com\/hu\/\",\"name\":\"\u0160koda We Love Cycling - Magyarorsz\u00e1g\",\"description\":\"\u0160koda WeLoveCycling\",\"potentialAction\":[{\"@type\":\"SearchAction\",\"target\":{\"@type\":\"EntryPoint\",\"urlTemplate\":\"https:\/\/www.welovecycling.com\/hu\/?s={search_term_string}\"},\"query-input\":{\"@type\":\"PropertyValueSpecification\",\"valueRequired\":true,\"valueName\":\"search_term_string\"}}],\"inLanguage\":\"hu\"},{\"@type\":\"Person\",\"@id\":\"https:\/\/www.welovecycling.com\/hu\/#\/schema\/person\/414a2aebf1801691a5320edb6468e194\",\"name\":\"hegyizs\",\"image\":{\"@type\":\"ImageObject\",\"inLanguage\":\"hu\",\"@id\":\"https:\/\/www.welovecycling.com\/hu\/#\/schema\/person\/image\/\",\"url\":\"https:\/\/secure.gravatar.com\/avatar\/02cf8a7906b8cf90cecb4679defac7cfd33a1c2e3b88e4903d947f3bb58eedd3?s=96&d=mm&r=g\",\"contentUrl\":\"https:\/\/secure.gravatar.com\/avatar\/02cf8a7906b8cf90cecb4679defac7cfd33a1c2e3b88e4903d947f3bb58eedd3?s=96&d=mm&r=g\",\"caption\":\"hegyizs\"},\"url\":\"https:\/\/www.welovecycling.com\/hu\/author\/hegyizs\/\"}]}<\/script>\n<!-- \/ Yoast SEO Premium plugin. -->","yoast_head_json":{"title":"\u201eK\u00e9sz, meghaltam\u201d \u2013 k\u00e9t szakasz alatt elsz\u00e1lltak Poga\u010dar Tour-\u00e1lmai","description":"A szlov\u00e9n szt\u00e1r v\u00e1ratlan \u2013 \u00e9s v\u00e1ratlanul l\u00e1tv\u00e1nyos \u2013 megzuhan\u00e1sa ut\u00e1n Jonas Vingegaard gyakorlatilag sikeres Tour de France-c\u00edmv\u00e9d\u0151nek tekinthet\u0151.","robots":{"index":"index","follow":"follow","max-snippet":"max-snippet:-1","max-image-preview":"max-image-preview:large","max-video-preview":"max-video-preview:-1"},"canonical":"https:\/\/www.welovecycling.com\/hu\/orszaguti-kerekpar\/kesz-meghaltam-ket-szakasz-alatt-elszalltak-pogacar-tour-almai\/","og_locale":"hu_HU","og_type":"article","og_title":"\u201eK\u00e9sz, meghaltam\u201d \u2013 k\u00e9t szakasz alatt elsz\u00e1lltak Poga\u010dar Tour-\u00e1lmai","og_description":"A szlov\u00e9n szt\u00e1r v\u00e1ratlan \u2013 \u00e9s v\u00e1ratlanul l\u00e1tv\u00e1nyos \u2013 megzuhan\u00e1sa ut\u00e1n Jonas Vingegaard gyakorlatilag sikeres Tour de France-c\u00edmv\u00e9d\u0151nek tekinthet\u0151.","og_url":"https:\/\/www.welovecycling.com\/hu\/orszaguti-kerekpar\/kesz-meghaltam-ket-szakasz-alatt-elszalltak-pogacar-tour-almai\/","og_site_name":"\u0160koda We Love Cycling - Magyarorsz\u00e1g","article_publisher":"https:\/\/www.facebook.com\/WeLoveCyclingHungary\/","article_published_time":"2023-07-21T11:32:32+00:00","og_image":[{"width":1280,"height":853,"url":"https:\/\/d2p6e6u75xmxt8.cloudfront.net\/12\/2023\/07\/19-a021c8335c5f4fd3a464e056b5af69f1-Large.webp","type":"image\/webp"}],"author":"hegyizs","twitter_card":"summary_large_image","twitter_misc":{"Written by":"WLC","Est. reading time":"5 minutes"},"schema":{"@context":"https:\/\/schema.org","@graph":[{"@type":"WebPage","@id":"https:\/\/www.welovecycling.com\/hu\/orszaguti-kerekpar\/kesz-meghaltam-ket-szakasz-alatt-elszalltak-pogacar-tour-almai\/","url":"https:\/\/www.welovecycling.com\/hu\/orszaguti-kerekpar\/kesz-meghaltam-ket-szakasz-alatt-elszalltak-pogacar-tour-almai\/","name":"\u201eK\u00e9sz, meghaltam\u201d \u2013 k\u00e9t szakasz alatt elsz\u00e1lltak Poga\u010dar Tour-\u00e1lmai","isPartOf":{"@id":"https:\/\/www.welovecycling.com\/hu\/#website"},"primaryImageOfPage":{"@id":"https:\/\/www.welovecycling.com\/hu\/orszaguti-kerekpar\/kesz-meghaltam-ket-szakasz-alatt-elszalltak-pogacar-tour-almai\/#primaryimage"},"image":{"@id":"https:\/\/www.welovecycling.com\/hu\/orszaguti-kerekpar\/kesz-meghaltam-ket-szakasz-alatt-elszalltak-pogacar-tour-almai\/#primaryimage"},"thumbnailUrl":"https:\/\/d2p6e6u75xmxt8.cloudfront.net\/12\/2023\/07\/19-a021c8335c5f4fd3a464e056b5af69f1-Large.webp","datePublished":"2023-07-21T11:32:32+00:00","author":{"@id":"https:\/\/www.welovecycling.com\/hu\/#\/schema\/person\/414a2aebf1801691a5320edb6468e194"},"description":"A szlov\u00e9n szt\u00e1r v\u00e1ratlan \u2013 \u00e9s v\u00e1ratlanul l\u00e1tv\u00e1nyos \u2013 megzuhan\u00e1sa ut\u00e1n Jonas Vingegaard gyakorlatilag sikeres Tour de France-c\u00edmv\u00e9d\u0151nek tekinthet\u0151.","breadcrumb":{"@id":"https:\/\/www.welovecycling.com\/hu\/orszaguti-kerekpar\/kesz-meghaltam-ket-szakasz-alatt-elszalltak-pogacar-tour-almai\/#breadcrumb"},"inLanguage":"hu","potentialAction":[{"@type":"ReadAction","target":["https:\/\/www.welovecycling.com\/hu\/orszaguti-kerekpar\/kesz-meghaltam-ket-szakasz-alatt-elszalltak-pogacar-tour-almai\/"]}]},{"@type":"ImageObject","inLanguage":"hu","@id":"https:\/\/www.welovecycling.com\/hu\/orszaguti-kerekpar\/kesz-meghaltam-ket-szakasz-alatt-elszalltak-pogacar-tour-almai\/#primaryimage","url":"https:\/\/d2p6e6u75xmxt8.cloudfront.net\/12\/2023\/07\/19-a021c8335c5f4fd3a464e056b5af69f1-Large.webp","contentUrl":"https:\/\/d2p6e6u75xmxt8.cloudfront.net\/12\/2023\/07\/19-a021c8335c5f4fd3a464e056b5af69f1-Large.webp","width":1280,"height":853,"caption":"Poga\u010dar teljesen kik\u00e9sz\u00fclt \u2013 ha nincsenek Marc Soler\u00e9k, tal\u00e1n a dobog\u00f3t is bukja (fot\u00f3: Sirotti\/Icon Sport)"},{"@type":"BreadcrumbList","@id":"https:\/\/www.welovecycling.com\/hu\/orszaguti-kerekpar\/kesz-meghaltam-ket-szakasz-alatt-elszalltak-pogacar-tour-almai\/#breadcrumb","itemListElement":[{"@type":"ListItem","position":1,"name":"Home","item":"https:\/\/www.welovecycling.com\/hu\/"},{"@type":"ListItem","position":2,"name":"\u201eK\u00e9sz, meghaltam\u201d \u2013 k\u00e9t szakasz alatt elsz\u00e1lltak Poga\u010dar Tour-\u00e1lmai"}]},{"@type":"WebSite","@id":"https:\/\/www.welovecycling.com\/hu\/#website","url":"https:\/\/www.welovecycling.com\/hu\/","name":"\u0160koda We Love Cycling - Magyarorsz\u00e1g","description":"\u0160koda WeLoveCycling","potentialAction":[{"@type":"SearchAction","target":{"@type":"EntryPoint","urlTemplate":"https:\/\/www.welovecycling.com\/hu\/?s={search_term_string}"},"query-input":{"@type":"PropertyValueSpecification","valueRequired":true,"valueName":"search_term_string"}}],"inLanguage":"hu"},{"@type":"Person","@id":"https:\/\/www.welovecycling.com\/hu\/#\/schema\/person\/414a2aebf1801691a5320edb6468e194","name":"hegyizs","image":{"@type":"ImageObject","inLanguage":"hu","@id":"https:\/\/www.welovecycling.com\/hu\/#\/schema\/person\/image\/","url":"https:\/\/secure.gravatar.com\/avatar\/02cf8a7906b8cf90cecb4679defac7cfd33a1c2e3b88e4903d947f3bb58eedd3?s=96&d=mm&r=g","contentUrl":"https:\/\/secure.gravatar.com\/avatar\/02cf8a7906b8cf90cecb4679defac7cfd33a1c2e3b88e4903d947f3bb58eedd3?s=96&d=mm&r=g","caption":"hegyizs"},"url":"https:\/\/www.welovecycling.com\/hu\/author\/hegyizs\/"}]}},"_links":{"self":[{"href":"https:\/\/www.welovecycling.com\/hu\/wp-json\/wp\/v2\/posts\/17708","targetHints":{"allow":["GET"]}}],"collection":[{"href":"https:\/\/www.welovecycling.com\/hu\/wp-json\/wp\/v2\/posts"}],"about":[{"href":"https:\/\/www.welovecycling.com\/hu\/wp-json\/wp\/v2\/types\/post"}],"author":[{"embeddable":true,"href":"https:\/\/www.welovecycling.com\/hu\/wp-json\/wp\/v2\/users\/71"}],"replies":[{"embeddable":true,"href":"https:\/\/www.welovecycling.com\/hu\/wp-json\/wp\/v2\/comments?post=17708"}],"version-history":[{"count":1,"href":"https:\/\/www.welovecycling.com\/hu\/wp-json\/wp\/v2\/posts\/17708\/revisions"}],"predecessor-version":[{"id":17714,"href":"https:\/\/www.welovecycling.com\/hu\/wp-json\/wp\/v2\/posts\/17708\/revisions\/17714"}],"wp:featuredmedia":[{"embeddable":true,"href":"https:\/\/www.welovecycling.com\/hu\/wp-json\/wp\/v2\/media\/17709"}],"wp:attachment":[{"href":"https:\/\/www.welovecycling.com\/hu\/wp-json\/wp\/v2\/media?parent=17708"}],"wp:term":[{"taxonomy":"category","embeddable":true,"href":"https:\/\/www.welovecycling.com\/hu\/wp-json\/wp\/v2\/categories?post=17708"},{"taxonomy":"post_tag","embeddable":true,"href":"https:\/\/www.welovecycling.com\/hu\/wp-json\/wp\/v2\/tags?post=17708"},{"taxonomy":"global-categories","embeddable":true,"href":"https:\/\/www.welovecycling.com\/hu\/wp-json\/wp\/v2\/global-categories?post=17708"}],"curies":[{"name":"wp","href":"https:\/\/api.w.org\/{rel}","templated":true}]}}