{"id":17699,"date":"2023-07-28T08:00:51","date_gmt":"2023-07-28T06:00:51","guid":{"rendered":"https:\/\/www.welovecycling.com\/hu\/?p=17699"},"modified":"2023-07-21T13:37:40","modified_gmt":"2023-07-21T11:37:40","slug":"franciaorszag-rejtett-kerekparos-kincse-a-dordogne-regio","status":"publish","type":"post","link":"https:\/\/www.welovecycling.com\/hu\/kozosseg-es-kultura\/franciaorszag-rejtett-kerekparos-kincse-a-dordogne-regio\/","title":{"rendered":"Franciaorsz\u00e1g rejtett ker\u00e9kp\u00e1ros-kincse: A Dordogne r\u00e9gi\u00f3"},"content":{"rendered":"<p><strong>A Dordogne r\u00e9gi\u00f3 Franciaorsz\u00e1g egyik olyan desztin\u00e1ci\u00f3ja, amely a legt\u00f6bb amat\u0151r ker\u00e9kp\u00e1ros bakancslist\u00e1j\u00e1n szerepelhetne. A list\u00e1n, amin \u00e1ltal\u00e1ban olyan h\u00edres ker\u00e9kp\u00e1ros hegyek tal\u00e1lhat\u00f3k, mint az olasz Passo dello Stelvio, Mallorca Sa Calobra-ja \u00e9s Franciaorsz\u00e1g Mont Ventoux-ja. De vannak olyan ker\u00e9kp\u00e1ros paradicsomok, amelyek nem kapnak el\u00e9g figyelmet, \u00e9s a Dordogne r\u00e9gi\u00f3 hat\u00e1rozottan ilyen.<\/strong><\/p>\n<p><!--more--><\/p>\n<p>\u00c9vekig \u00e9ltem \u00e9s ker\u00e9kp\u00e1roztam Franciaorsz\u00e1gban. A Dordogne ott volt az orrom el\u0151tt, m\u00e9gsem hallottam r\u00f3la soha, egy sz\u00f3t sem. Ker\u00e9kp\u00e1ros idegenvezet\u0151k\u00e9nt ker\u00fcltem oda. Egyszer\u0171en leny\u0171g\u00f6z\u00f6tt, \u00e9s elgondolkodtam rajta, mi\u00e9rt nem ismerik \u00e9s fedezik fel t\u00f6bben? Hadd osszam meg veletek, hogy mi\u00e9rt hiszem, hogy a Dordogne r\u00e9gi\u00f3 Franciaorsz\u00e1g egyik legszebb rejtett kincse.<\/p>\n<h2><strong>F\u00f6ldrajzi elhelyezked\u00e9s<\/strong><\/h2>\n<p>A Dordogne r\u00e9gi\u00f3, m\u00e1s n\u00e9ven P\u00e9rigord, Franciaorsz\u00e1g Nouvelle-Aquitaine tartom\u00e1ny\u00e1ban tal\u00e1lhat\u00f3. D\u00e9lnyugat Franciaorsz\u00e1gban helyezkedik el, a Loire-v\u00f6lgy \u00e9s a Pireneusok k\u00f6z\u00f6tt. Nev\u00e9t a rajta \u00e1thalad\u00f3 Dordogne foly\u00f3r\u00f3l kapta. Ez Franciaorsz\u00e1g egyik legnagyobb tartom\u00e1nya, de viszonylag ritk\u00e1n lakott, mintegy 410.000 lakos \u00e9l itt. N\u00e9gy ter\u00fcletre oszlik: Noir (Fekete), Vert (Z\u00f6ld), Blanc (Feh\u00e9r) \u00e9s Pourpre (Lila). Minden ker\u00e9kp\u00e1roz\u00f3 tal\u00e1l a k\u00e9pess\u00e9g\u00e9nek megfelel\u0151 kih\u00edv\u00e1st, legyen sz\u00f3 s\u00edk terepr\u0151l, domborzatr\u00f3l vagy lejt\u0151kr\u0151l, vagy b\u00e1rmi m\u00e1sr\u00f3l.<\/p>\n<p><strong>P\u00e9rigord Noir:<\/strong> A r\u00e9gi\u00f3 legkeletibb hat\u00e1r\u00e1n tal\u00e1lhat\u00f3 \u201cFekete P\u00e9rigord\u201d a s\u00f6t\u00e9t t\u00f6lgyfa-erdejeir\u0151l nevezt\u00e9k el. \u00c9s a t\u00f6lgyf\u00e1k szarvasgomb\u00e1t jelentenek. A csod\u00e1latosan meg\u0151rz\u00f6tt k\u00f6z\u00e9pkori v\u00e1ros, Sarlat a f\u0151v\u00e1rosa. Itt folyik a Dordogne \u00e9s a V\u00e9z\u00e8re foly\u00f3, \u00e9s a r\u00e9gi\u00f3 tele van leny\u0171g\u00f6z\u0151 t\u00e1jakkal, v\u00e1rakkal, \u0151sember barlangokkal \u00e9s t\u00f6rt\u00e9nelmi eml\u00e9kekkel.<\/p>\n<p><strong>P\u00e9rigord Vert:<\/strong> A Z\u00f6ld P\u00e9rigord nev\u00e9hez m\u00e9lt\u00f3an vid\u00e9ki v\u00f6lgyekkel, z\u00f6ld t\u00e1jakkal \u00e9s buja n\u00f6v\u00e9nyzettel b\u00fcszk\u00e9lkedhet, a tavaszi \u00e9s t\u00e9li b\u0151s\u00e9ges es\u0151z\u00e9seknek k\u00f6sz\u00f6nhet\u0151en. A r\u00e9gi\u00f3 sz\u00e9ls\u0151 \u00e9szaki r\u00e9sz\u00e9n tal\u00e1lhat\u00f3, \u00e9s a n\u00e9gy ter\u00fclet k\u00f6z\u00fcl a legkev\u00e9sb\u00e9 lakott, a f\u0151v\u00e1rosa Nontron.<\/p>\n<p><strong>P\u00e9rigord Blanc:<\/strong> Az itt tal\u00e1lhat\u00f3 feh\u00e9r m\u00e9szk\u0151 adja a nev\u00e9t. \u00c9szaki ir\u00e1nyban a Z\u00f6ld ter\u00fclet, d\u00e9len a Lila ter\u00fclet, keleten pedig a Fekete ter\u00fclet k\u00f6z\u00f6tt helyezkedik el. Perigueux a f\u0151v\u00e1rosa ennek a ter\u00fcletnek \u00e9s az eg\u00e9sz Dordogne-nak is.<\/p>\n<p><strong>P\u00e9rigord Pourpre:<\/strong> A ker\u00e9kp\u00e1roz\u00e1s mellett, a bor jut az esz\u00fcnkbe, ha Franciaorsz\u00e1gra gondolunk, \u00e9s a Lila P\u00e9rigord sem kiv\u00e9tel. A sz\u0151l\u0151szemek sz\u00edne adja a ter\u00fclet nev\u00e9t. A f\u0151v\u00e1ros Bergerac, \u00e9s itt tal\u00e1lhat\u00f3 a r\u00e9gi\u00f3 legnagyobb rep\u00fcl\u0151tere. A dombok, a sz\u0151l\u0151\u00fcltetv\u00e9nyek \u00e9s a vadvir\u00e1gokkal bor\u00edtott mez\u0151k gy\u00f6ny\u00f6r\u0171 t\u00e1jat alkotnak. A vil\u00e1gszerte ismert Saint Emilion, amely a borok vil\u00e1g\u00e1ban kulcssz\u00f3, mind\u00f6ssze egy \u00f3r\u00e1nyira tal\u00e1lhat\u00f3.<\/p>\n<figure id=\"attachment_17700\" aria-describedby=\"caption-attachment-17700\" style=\"width: 990px\" class=\"wp-caption alignnone\"><a href=\"https:\/\/d2p6e6u75xmxt8.cloudfront.net\/12\/2023\/07\/Dordogne-Cycling-Family-profimedia-0702397052.webp\"><img loading=\"lazy\" decoding=\"async\" class=\"wp-image-17700 size-full\" src=\"https:\/\/d2p6e6u75xmxt8.cloudfront.net\/12\/2023\/07\/Dordogne-Cycling-Family-profimedia-0702397052.webp\" alt=\"Dordogne family cycling\" width=\"990\" height=\"660\" srcset=\"https:\/\/d2p6e6u75xmxt8.cloudfront.net\/12\/2023\/07\/Dordogne-Cycling-Family-profimedia-0702397052.webp 990w, https:\/\/d2p6e6u75xmxt8.cloudfront.net\/12\/2023\/07\/Dordogne-Cycling-Family-profimedia-0702397052-300x200.webp 300w, https:\/\/d2p6e6u75xmxt8.cloudfront.net\/12\/2023\/07\/Dordogne-Cycling-Family-profimedia-0702397052-768x512.webp 768w, https:\/\/d2p6e6u75xmxt8.cloudfront.net\/12\/2023\/07\/Dordogne-Cycling-Family-profimedia-0702397052-400x267.webp 400w, https:\/\/d2p6e6u75xmxt8.cloudfront.net\/12\/2023\/07\/Dordogne-Cycling-Family-profimedia-0702397052-272x182.webp 272w\" sizes=\"auto, (max-width: 990px) 100vw, 990px\" \/><\/a><figcaption id=\"caption-attachment-17700\" class=\"wp-caption-text\">A Dordogne r\u00e9gi\u00f3 rengeteg lehet\u0151s\u00e9get k\u00edn\u00e1l. \u00a9 Profimedia<\/figcaption><\/figure>\n<h2><strong>Kisforgalm\u00fa mell\u00e9kutak<\/strong><\/h2>\n<p>A Dordogne r\u00e9gi\u00f3ban a ker\u00e9kp\u00e1rosok kev\u00e9sb\u00e9 ismert \u00f6sv\u00e9nyek \u00e9s utak sz\u00e9les t\u00e1rh\u00e1z\u00e1b\u00f3l v\u00e1laszthatnak, orsz\u00e1g\u00fatii, hegyi vagy gravel bring\u00e1juk sz\u00e1m\u00e1ra is. Az orsz\u00e1g\u00fati ker\u00e9kp\u00e1rosoknak \u00e9rdemes olcs\u00f3bb, 28 vagy 30+mm-es tr\u00e9ninggumikat v\u00e1lasztaniuk a dr\u00e1g\u00e1bb, k\u00f6nny\u0171 gumik helyett, mivel a gyakran vegyes fel\u00fclet\u0171 utak nem k\u00edm\u00e9lik az abroncsokat.<\/p>\n<p>Ha egyszer elhagyod az v\u00e1rosk\u00f6zpontokat, hossz\u00fa id\u0151n \u00e1t b\u00e9k\u00e9s boldogs\u00e1gban ker\u00e9kp\u00e1rozhatsz, miel\u0151tt tal\u00e1lkozn\u00e1l egy m\u00e1sik ker\u00e9kp\u00e1rossal vagy j\u00e1rm\u0171vel. Az utak egyes szakaszain term\u00e9szetes \u00e1rny\u00e9kot ad a s\u0171r\u0171 n\u00f6v\u00e9nyzet. \u00dagy fogod \u00e9rezni magad, mintha egy mesebeli jelenetben lenn\u00e9l.<\/p>\n<p>Amikor kis, vid\u00e9ki \u00f6sv\u00e9nyeken ker\u00e9kp\u00e1rozol, fontos, hogy ne vesz\u00edtsd szem el\u0151l az utat, \u00e9s tarts a jobb oldalon, k\u00fcl\u00f6n\u00f6sen ha csoportban tekertek!. A helyiek hozz\u00e1szoktak ahhoz, hogy ezek az utak \u00fcresek, teh\u00e1t ne felejtsd el, hogy nem vagytok egyed\u00fcl az \u00faton. Figyelj \u00e9s l\u00e9gy figyelemfelkelt\u0151!<\/p>\n<h2><strong>V\u00e1lassz megfelel\u0151 terepet<\/strong><\/h2>\n<p>A Dordogne lehet, hogy nem ker\u00fcl be a ker\u00e9kp\u00e1ros bakancslist\u00e1d v\u00e9gs\u0151 verzi\u00f3j\u00e1ba, mert hi\u00e1nyoznak bel\u0151le a hatalmas, hossz\u00fa hegyek, de ez nem kellene, hogy visszatartson. N\u00e9h\u00e1ny k\u00f6zepes hossz\u00fas\u00e1g\u00fa emelked\u0151 biztosan kih\u00edv\u00e1st jelent, amikor az ember az \u0151skorban, a v\u00edz \u00e1ltal kiv\u00e1jt m\u00e9ly szurdokokb\u00f3l k\u00e1sz\u00e1l\u00f3dik ki.<\/p>\n<p>Csal\u00e1di kir\u00e1ndul\u00e1s? Maradj a s\u00edk terepn\u00e9l vagy a k\u00f6nny\u0171 dombokn\u00e1l! N\u00e9h\u00e1ny percnyi kutat\u00e1s a kiv\u00e1lasztott P\u00e9rigord \u00fati c\u00e9lodr\u00f3l a Strava-n \u00e9s m\u00e1ris sz\u00e1mos \u00fatvonalat tal\u00e1lsz, az ig\u00e9nyeidnek megfelel\u0151en, k\u00e9pess\u00e9gi szint, k\u00edv\u00e1nt t\u00e1vols\u00e1g \u00e9s szintemelked\u00e9s alapj\u00e1n.<\/p>\n<h2><strong>Sok l\u00e1tnival\u00f3 \u00e9s program<\/strong><\/h2>\n<p>Ha elf\u00e1radt\u00e1l a ker\u00e9kp\u00e1roz\u00e1sban, m\u00e9g mindig rengeteg program v\u00e1r. A r\u00e9gi\u00f3 gazdag kultur\u00e1lis t\u00f6rt\u00e9nelemmel rendelkezik, \u00e9s t\u00f6bb mint 1200 kast\u00e9llyal, k\u00fari\u00e1val \u00e9s vid\u00e9ki otthonnal b\u00fcszk\u00e9lkedhet, melyeket a r\u00e9gi francia nemesek \u00e9p\u00edtettek. Ez t\u00f6bb, mint a Loire-v\u00f6lgy. A P\u00e9rigord t\u00f6rt\u00e9nelmi helysz\u00ednek \u00e9s barlangok haz\u00e1ja, rengeteg UNESCO Vil\u00e1g\u00f6r\u00f6ks\u00e9g-helysz\u00ednnel.<\/p>\n<p>Ha v\u00e1ltozatos nyaral\u00e1st keresel, ak\u00e1r kenuzni is megtanulhatsz!. A foly\u00f3k alak\u00edtott\u00e1k ki a t\u00e1jat. A partjaikon \u00e1llnak a\u00a0 kast\u00e9lyok \u00e9s k\u00fari\u00e1k. Nagyon kellemes l\u00e1tv\u00e1nyt ny\u00fajtanak, mik\u00f6zben lassan elevezel mellett\u00fck. \u00c9s ha ink\u00e1bb s\u00e9t\u00e1ln\u00e1l, akkor sincs gond. \u00c1prilist\u00f3l j\u00faniusig a mad\u00e1rmegfigyel\u0151k mekk\u00e1j\u00e1t testes\u00edtik meg az erd\u0151k, mad\u00e1rdal k\u00f6vet, b\u00e1rhov\u00e1 m\u00e9sz. De ha szeretn\u00e9d, megismerheted a szarvasgomb\u00e1k tudom\u00e1ny\u00e1t is egy helyi termel\u0151t\u0151l.<\/p>\n<h2><strong>Kiv\u00e1l\u00f3 infrastrukt\u00fara \u00e9s megk\u00f6zel\u00edthet\u0151s\u00e9g<\/strong><\/h2>\n<p>A legk\u00f6zelebbi nagy rep\u00fcl\u0151t\u00e9r Bordeaux. Ha P\u00e1rizsba rep\u00fclsz, a francia vas\u00fati rendszer h\u00e1rom \u00f3r\u00e1s TGV-szolg\u00e1ltat\u00e1st k\u00edn\u00e1l Bordeaux-ba. Onnan b\u00e9relhetsz aut\u00f3t vagy felsz\u00e1llhatsz egy helyi vonatra (TER), hogy eljuss a c\u00e9lodhoz.<\/p>\n<p>A vonatok k\u00f6z\u00fcl soknak van ker\u00e9kp\u00e1rok sz\u00e1m\u00e1ra fenntartott kocsija, vagy lehet\u0151s\u00e9get ny\u00fajtanak a ker\u00e9kp\u00e1rosoknak, hogy bizonyos felt\u00e9telek mellett\u00a0 magukkal vigy\u00e9k a ker\u00e9kp\u00e1rjukat. A nagyobb vonatokon, a f\u0151 vonalakon, mint p\u00e9ld\u00e1ul a TGV-n, \u00e1ltal\u00e1ban megengedett a ker\u00e9kp\u00e1rok sz\u00e1ll\u00edt\u00e1sa, de sokszor csak akkor, ha valamilyen tokban vannak. Teljesen \u00f6sszeszerelt ker\u00e9kp\u00e1rokat vihetsz n\u00e9h\u00e1ny TER vonaton, de alaposan ut\u00e1na kell j\u00e1rnod, hogy hogyan.<\/p>\n<p>A SNCF weboldal\u00e1t vagy alkalmaz\u00e1s\u00e1t haszn\u00e1lhatod az utaz\u00e1s megtervez\u00e9s\u00e9hez \u00e9s jegyek v\u00e1s\u00e1rl\u00e1s\u00e1hoz. \u00c9n szem\u00e9lyesen egy Trainline nev\u0171 k\u00e9nyelmes alkalmaz\u00e1st is haszn\u00e1lok. Nincs t\u00f6bb\u00e9 sz\u00fcks\u00e9g pap\u00edralap\u00fa jegyekre! A telefonod p\u00e9nzt\u00e1rc\u00e1j\u00e1ba (wallet) vagy egy k\u00e9perny\u0151fot\u00f3k\u00e9nt mentett QR-k\u00f3ddal fizethetsz, ez az \u00faj norma, ami r\u00e1ad\u00e1sul k\u00f6rnyezetbar\u00e1t.<\/p>\n<h2><strong>Id\u0151j\u00e1r\u00e1s \u00e9s emberek<\/strong><\/h2>\n<p>Legjobb, ha \u00e1prilis \u00e9s okt\u00f3ber k\u00f6z\u00f6tt \u00e9rkezel. J\u00falius \u00e9s augusztus a legmelegebb h\u00f3napok az \u00e9vben. \u00c9n m\u00e1jusban voltam ott, \u00e9s \u0151szint\u00e9n elmondhatom, hogy sokat esett az es\u0151, de ez csak az \u00e9n balszerencs\u00e9m volt. A megel\u0151z\u0151 h\u00e9ten csod\u00e1latos volt az id\u0151j\u00e1r\u00e1s, \u00e9s h\u00e1t, ez is r\u00e9sze a ker\u00e9kp\u00e1roz\u00e1snak. Ne felejtsd el becsomagolni az es\u0151kab\u00e1todat vagy n\u00e9h\u00e1ny s\u00e1rv\u00e9d\u0151t!<\/p>\n<p>A francia emberek a r\u00e9gi\u00f3ban b\u00e1josak voltak, \u00e9rdekl\u0151d\u00e9st mutattak a csoportunk ir\u00e1nt, \u00e9s k\u00e9rd\u00e9seket tettek fel arr\u00f3l, hogy honnan j\u00f6tt\u00fcnk \u00e9s merre tartunk, stb. K\u00e1v\u00e9z\u00f3k, \u00e9ttermek \u00e9s m\u00e1s szolg\u00e1ltat\u00e1sok is el\u00e9rhet\u0151ek a sok tiszta, j\u00f3l karbantartott \u00e9s b\u00e1jos faluban, amelyeken \u00e1thaladsz az \u00fat sor\u00e1n. Az t\u00e1vols\u00e1gok k\u00f6z\u00f6tt\u00fck nem t\u00fal nagyok, teh\u00e1t nem lesz probl\u00e9ma a kulacs felt\u00f6lt\u00e9s\u00e9vel.<\/p>\n<h2><strong>Z\u00e1rsz\u00f3<\/strong><\/h2>\n<p>Nem m\u00e9lyedtem el a r\u00e9gi\u00f3 gazdag gasztron\u00f3miai t\u00f6rt\u00e9nelm\u00e9ben, de garant\u00e1lom, hogy j\u00f3kat fogsz enni \u00e9s inni a d\u00e9lnyugati francia hagyom\u00e1nyok szerint. Csoportunkban volt egy veget\u00e1ri\u00e1nus, ami kih\u00edv\u00e1st jelenthetett volna a r\u00e9gi\u00f3 sz\u00e1m\u00e1ra, ha el\u0151zetes bejelent\u00e9s n\u00e9lk\u00fcl \u00e9rkez\u00fcnk. De el\u0151re felvett\u00fck a kapcsolatot az \u00e9ttermekkel, \u00e9s \u00edgy el\u00e9g rugalmasak voltak.<\/p>\n<p>Nagyon \u00e9lveztem a l\u00e1togat\u00e1st a r\u00e9gi\u00f3ban. \u00c9s mint ker\u00e9kp\u00e1ros, \u00fagy gondolom, hogy te is im\u00e1dni fogod. R\u00e1ad\u00e1sul nem kell hogy egy vagyont k\u00f6lts az \u00fatra: sok korrekt helyet tal\u00e1lhatsz, ahol megsz\u00e1llhatsz. A megtakar\u00edt\u00e1sokat pedig egy remek Bergerac borra k\u00f6ltheted egy finom \u00e9tel mellett egy hangulatos \u00e9tteremben. J\u00f3 \u00e9tv\u00e1gyat!<\/p>\n","protected":false},"excerpt":{"rendered":"<p>A Dordogne r\u00e9gi\u00f3 Franciaorsz\u00e1g egyik olyan desztin\u00e1ci\u00f3ja, amely a legt\u00f6bb amat\u0151r ker\u00e9kp\u00e1ros bakancslist\u00e1j\u00e1n szerepelhetne. A list\u00e1n, amin \u00e1ltal\u00e1ban olyan h\u00edres [&hellip;]<\/p>\n","protected":false},"author":71,"featured_media":17702,"comment_status":"open","ping_status":"open","sticky":false,"template":"","format":"standard","meta":{"footnotes":""},"categories":[12],"tags":[],"global-categories":[],"class_list":["post-17699","post","type-post","status-publish","format-standard","has-post-thumbnail","hentry","category-kozosseg-es-kultura"],"yoast_head":"<!-- This site is optimized with the Yoast SEO Premium plugin v25.3 (Yoast SEO v25.9) - https:\/\/yoast.com\/wordpress\/plugins\/seo\/ -->\n<title>Franciaorsz\u00e1g rejtett ker\u00e9kp\u00e1ros-kincse: A Dordogne r\u00e9gi\u00f3<\/title>\n<meta name=\"description\" content=\"A Dordogne r\u00e9gi\u00f3 Franciaorsz\u00e1g egyik olyan desztin\u00e1ci\u00f3ja, amely a legt\u00f6bb amat\u0151r ker\u00e9kp\u00e1ros bakancslist\u00e1j\u00e1n szerepelhetne. A list\u00e1n, amin \u00e1ltal\u00e1ban olyan h\u00edres ker\u00e9kp\u00e1ros hegyek tal\u00e1lhat\u00f3k, mint az olasz Passo dello Stelvio, Mallorca Sa Calobra-ja \u00e9s Franciaorsz\u00e1g Mont Ventoux-ja. De vannak olyan ker\u00e9kp\u00e1ros paradicsomok, amelyek nem kapnak el\u00e9g figyelmet, \u00e9s a Dordogne r\u00e9gi\u00f3 hat\u00e1rozottan ilyen.\" \/>\n<meta name=\"robots\" content=\"index, follow, max-snippet:-1, max-image-preview:large, max-video-preview:-1\" \/>\n<link rel=\"canonical\" href=\"https:\/\/www.welovecycling.com\/hu\/kozosseg-es-kultura\/franciaorszag-rejtett-kerekparos-kincse-a-dordogne-regio\/\" \/>\n<meta property=\"og:locale\" content=\"hu_HU\" \/>\n<meta property=\"og:type\" content=\"article\" \/>\n<meta property=\"og:title\" content=\"Franciaorsz\u00e1g rejtett ker\u00e9kp\u00e1ros-kincse: A Dordogne r\u00e9gi\u00f3\" \/>\n<meta property=\"og:description\" content=\"A Dordogne r\u00e9gi\u00f3 Franciaorsz\u00e1g egyik olyan desztin\u00e1ci\u00f3ja, amely a legt\u00f6bb amat\u0151r ker\u00e9kp\u00e1ros bakancslist\u00e1j\u00e1n szerepelhetne. A list\u00e1n, amin \u00e1ltal\u00e1ban olyan h\u00edres ker\u00e9kp\u00e1ros hegyek tal\u00e1lhat\u00f3k, mint az olasz Passo dello Stelvio, Mallorca Sa Calobra-ja \u00e9s Franciaorsz\u00e1g Mont Ventoux-ja. De vannak olyan ker\u00e9kp\u00e1ros paradicsomok, amelyek nem kapnak el\u00e9g figyelmet, \u00e9s a Dordogne r\u00e9gi\u00f3 hat\u00e1rozottan ilyen.\" \/>\n<meta property=\"og:url\" content=\"https:\/\/www.welovecycling.com\/hu\/kozosseg-es-kultura\/franciaorszag-rejtett-kerekparos-kincse-a-dordogne-regio\/\" \/>\n<meta property=\"og:site_name\" content=\"\u0160koda We Love Cycling - Magyarorsz\u00e1g\" \/>\n<meta property=\"article:publisher\" content=\"https:\/\/www.facebook.com\/WeLoveCyclingHungary\/\" \/>\n<meta property=\"article:published_time\" content=\"2023-07-28T06:00:51+00:00\" \/>\n<meta property=\"og:image\" content=\"https:\/\/d2p6e6u75xmxt8.cloudfront.net\/12\/2023\/07\/Dordogne-Cycling-profimedia-0347024745-CVR.webp\" \/>\n\t<meta property=\"og:image:width\" content=\"990\" \/>\n\t<meta property=\"og:image:height\" content=\"660\" \/>\n\t<meta property=\"og:image:type\" content=\"image\/webp\" \/>\n<meta name=\"author\" content=\"hegyizs\" \/>\n<meta name=\"twitter:card\" content=\"summary_large_image\" \/>\n<meta name=\"twitter:label1\" content=\"Written by\" \/>\n\t<meta name=\"twitter:data1\" content=\"Andrea Champredonde\" \/>\n\t<meta name=\"twitter:label2\" content=\"Est. reading time\" \/>\n\t<meta name=\"twitter:data2\" content=\"5\" \/>\n<script type=\"application\/ld+json\" class=\"yoast-schema-graph\">{\"@context\":\"https:\/\/schema.org\",\"@graph\":[{\"@type\":\"WebPage\",\"@id\":\"https:\/\/www.welovecycling.com\/hu\/kozosseg-es-kultura\/franciaorszag-rejtett-kerekparos-kincse-a-dordogne-regio\/\",\"url\":\"https:\/\/www.welovecycling.com\/hu\/kozosseg-es-kultura\/franciaorszag-rejtett-kerekparos-kincse-a-dordogne-regio\/\",\"name\":\"Franciaorsz\u00e1g rejtett ker\u00e9kp\u00e1ros-kincse: A Dordogne r\u00e9gi\u00f3\",\"isPartOf\":{\"@id\":\"https:\/\/www.welovecycling.com\/hu\/#website\"},\"primaryImageOfPage\":{\"@id\":\"https:\/\/www.welovecycling.com\/hu\/kozosseg-es-kultura\/franciaorszag-rejtett-kerekparos-kincse-a-dordogne-regio\/#primaryimage\"},\"image\":{\"@id\":\"https:\/\/www.welovecycling.com\/hu\/kozosseg-es-kultura\/franciaorszag-rejtett-kerekparos-kincse-a-dordogne-regio\/#primaryimage\"},\"thumbnailUrl\":\"https:\/\/d2p6e6u75xmxt8.cloudfront.net\/12\/2023\/07\/Dordogne-Cycling-profimedia-0347024745-CVR.webp\",\"datePublished\":\"2023-07-28T06:00:51+00:00\",\"author\":{\"@id\":\"https:\/\/www.welovecycling.com\/hu\/#\/schema\/person\/414a2aebf1801691a5320edb6468e194\"},\"description\":\"A Dordogne r\u00e9gi\u00f3 Franciaorsz\u00e1g egyik olyan desztin\u00e1ci\u00f3ja, amely a legt\u00f6bb amat\u0151r ker\u00e9kp\u00e1ros bakancslist\u00e1j\u00e1n szerepelhetne. A list\u00e1n, amin \u00e1ltal\u00e1ban olyan h\u00edres ker\u00e9kp\u00e1ros hegyek tal\u00e1lhat\u00f3k, mint az olasz Passo dello Stelvio, Mallorca Sa Calobra-ja \u00e9s Franciaorsz\u00e1g Mont Ventoux-ja. De vannak olyan ker\u00e9kp\u00e1ros paradicsomok, amelyek nem kapnak el\u00e9g figyelmet, \u00e9s a Dordogne r\u00e9gi\u00f3 hat\u00e1rozottan ilyen.\",\"breadcrumb\":{\"@id\":\"https:\/\/www.welovecycling.com\/hu\/kozosseg-es-kultura\/franciaorszag-rejtett-kerekparos-kincse-a-dordogne-regio\/#breadcrumb\"},\"inLanguage\":\"hu\",\"potentialAction\":[{\"@type\":\"ReadAction\",\"target\":[\"https:\/\/www.welovecycling.com\/hu\/kozosseg-es-kultura\/franciaorszag-rejtett-kerekparos-kincse-a-dordogne-regio\/\"]}]},{\"@type\":\"ImageObject\",\"inLanguage\":\"hu\",\"@id\":\"https:\/\/www.welovecycling.com\/hu\/kozosseg-es-kultura\/franciaorszag-rejtett-kerekparos-kincse-a-dordogne-regio\/#primaryimage\",\"url\":\"https:\/\/d2p6e6u75xmxt8.cloudfront.net\/12\/2023\/07\/Dordogne-Cycling-profimedia-0347024745-CVR.webp\",\"contentUrl\":\"https:\/\/d2p6e6u75xmxt8.cloudfront.net\/12\/2023\/07\/Dordogne-Cycling-profimedia-0347024745-CVR.webp\",\"width\":990,\"height\":660,\"caption\":\"Cycling in Dordogne\"},{\"@type\":\"BreadcrumbList\",\"@id\":\"https:\/\/www.welovecycling.com\/hu\/kozosseg-es-kultura\/franciaorszag-rejtett-kerekparos-kincse-a-dordogne-regio\/#breadcrumb\",\"itemListElement\":[{\"@type\":\"ListItem\",\"position\":1,\"name\":\"Home\",\"item\":\"https:\/\/www.welovecycling.com\/hu\/\"},{\"@type\":\"ListItem\",\"position\":2,\"name\":\"Franciaorsz\u00e1g rejtett ker\u00e9kp\u00e1ros-kincse: A Dordogne r\u00e9gi\u00f3\"}]},{\"@type\":\"WebSite\",\"@id\":\"https:\/\/www.welovecycling.com\/hu\/#website\",\"url\":\"https:\/\/www.welovecycling.com\/hu\/\",\"name\":\"\u0160koda We Love Cycling - Magyarorsz\u00e1g\",\"description\":\"\u0160koda WeLoveCycling\",\"potentialAction\":[{\"@type\":\"SearchAction\",\"target\":{\"@type\":\"EntryPoint\",\"urlTemplate\":\"https:\/\/www.welovecycling.com\/hu\/?s={search_term_string}\"},\"query-input\":{\"@type\":\"PropertyValueSpecification\",\"valueRequired\":true,\"valueName\":\"search_term_string\"}}],\"inLanguage\":\"hu\"},{\"@type\":\"Person\",\"@id\":\"https:\/\/www.welovecycling.com\/hu\/#\/schema\/person\/414a2aebf1801691a5320edb6468e194\",\"name\":\"hegyizs\",\"image\":{\"@type\":\"ImageObject\",\"inLanguage\":\"hu\",\"@id\":\"https:\/\/www.welovecycling.com\/hu\/#\/schema\/person\/image\/\",\"url\":\"https:\/\/secure.gravatar.com\/avatar\/02cf8a7906b8cf90cecb4679defac7cfd33a1c2e3b88e4903d947f3bb58eedd3?s=96&d=mm&r=g\",\"contentUrl\":\"https:\/\/secure.gravatar.com\/avatar\/02cf8a7906b8cf90cecb4679defac7cfd33a1c2e3b88e4903d947f3bb58eedd3?s=96&d=mm&r=g\",\"caption\":\"hegyizs\"},\"url\":\"https:\/\/www.welovecycling.com\/hu\/author\/hegyizs\/\"}]}<\/script>\n<!-- \/ Yoast SEO Premium plugin. -->","yoast_head_json":{"title":"Franciaorsz\u00e1g rejtett ker\u00e9kp\u00e1ros-kincse: A Dordogne r\u00e9gi\u00f3","description":"A Dordogne r\u00e9gi\u00f3 Franciaorsz\u00e1g egyik olyan desztin\u00e1ci\u00f3ja, amely a legt\u00f6bb amat\u0151r ker\u00e9kp\u00e1ros bakancslist\u00e1j\u00e1n szerepelhetne. A list\u00e1n, amin \u00e1ltal\u00e1ban olyan h\u00edres ker\u00e9kp\u00e1ros hegyek tal\u00e1lhat\u00f3k, mint az olasz Passo dello Stelvio, Mallorca Sa Calobra-ja \u00e9s Franciaorsz\u00e1g Mont Ventoux-ja. De vannak olyan ker\u00e9kp\u00e1ros paradicsomok, amelyek nem kapnak el\u00e9g figyelmet, \u00e9s a Dordogne r\u00e9gi\u00f3 hat\u00e1rozottan ilyen.","robots":{"index":"index","follow":"follow","max-snippet":"max-snippet:-1","max-image-preview":"max-image-preview:large","max-video-preview":"max-video-preview:-1"},"canonical":"https:\/\/www.welovecycling.com\/hu\/kozosseg-es-kultura\/franciaorszag-rejtett-kerekparos-kincse-a-dordogne-regio\/","og_locale":"hu_HU","og_type":"article","og_title":"Franciaorsz\u00e1g rejtett ker\u00e9kp\u00e1ros-kincse: A Dordogne r\u00e9gi\u00f3","og_description":"A Dordogne r\u00e9gi\u00f3 Franciaorsz\u00e1g egyik olyan desztin\u00e1ci\u00f3ja, amely a legt\u00f6bb amat\u0151r ker\u00e9kp\u00e1ros bakancslist\u00e1j\u00e1n szerepelhetne. A list\u00e1n, amin \u00e1ltal\u00e1ban olyan h\u00edres ker\u00e9kp\u00e1ros hegyek tal\u00e1lhat\u00f3k, mint az olasz Passo dello Stelvio, Mallorca Sa Calobra-ja \u00e9s Franciaorsz\u00e1g Mont Ventoux-ja. De vannak olyan ker\u00e9kp\u00e1ros paradicsomok, amelyek nem kapnak el\u00e9g figyelmet, \u00e9s a Dordogne r\u00e9gi\u00f3 hat\u00e1rozottan ilyen.","og_url":"https:\/\/www.welovecycling.com\/hu\/kozosseg-es-kultura\/franciaorszag-rejtett-kerekparos-kincse-a-dordogne-regio\/","og_site_name":"\u0160koda We Love Cycling - Magyarorsz\u00e1g","article_publisher":"https:\/\/www.facebook.com\/WeLoveCyclingHungary\/","article_published_time":"2023-07-28T06:00:51+00:00","og_image":[{"width":990,"height":660,"url":"https:\/\/d2p6e6u75xmxt8.cloudfront.net\/12\/2023\/07\/Dordogne-Cycling-profimedia-0347024745-CVR.webp","type":"image\/webp"}],"author":"hegyizs","twitter_card":"summary_large_image","twitter_misc":{"Written by":"Andrea Champredonde","Est. reading time":"5"},"schema":{"@context":"https:\/\/schema.org","@graph":[{"@type":"WebPage","@id":"https:\/\/www.welovecycling.com\/hu\/kozosseg-es-kultura\/franciaorszag-rejtett-kerekparos-kincse-a-dordogne-regio\/","url":"https:\/\/www.welovecycling.com\/hu\/kozosseg-es-kultura\/franciaorszag-rejtett-kerekparos-kincse-a-dordogne-regio\/","name":"Franciaorsz\u00e1g rejtett ker\u00e9kp\u00e1ros-kincse: A Dordogne r\u00e9gi\u00f3","isPartOf":{"@id":"https:\/\/www.welovecycling.com\/hu\/#website"},"primaryImageOfPage":{"@id":"https:\/\/www.welovecycling.com\/hu\/kozosseg-es-kultura\/franciaorszag-rejtett-kerekparos-kincse-a-dordogne-regio\/#primaryimage"},"image":{"@id":"https:\/\/www.welovecycling.com\/hu\/kozosseg-es-kultura\/franciaorszag-rejtett-kerekparos-kincse-a-dordogne-regio\/#primaryimage"},"thumbnailUrl":"https:\/\/d2p6e6u75xmxt8.cloudfront.net\/12\/2023\/07\/Dordogne-Cycling-profimedia-0347024745-CVR.webp","datePublished":"2023-07-28T06:00:51+00:00","author":{"@id":"https:\/\/www.welovecycling.com\/hu\/#\/schema\/person\/414a2aebf1801691a5320edb6468e194"},"description":"A Dordogne r\u00e9gi\u00f3 Franciaorsz\u00e1g egyik olyan desztin\u00e1ci\u00f3ja, amely a legt\u00f6bb amat\u0151r ker\u00e9kp\u00e1ros bakancslist\u00e1j\u00e1n szerepelhetne. A list\u00e1n, amin \u00e1ltal\u00e1ban olyan h\u00edres ker\u00e9kp\u00e1ros hegyek tal\u00e1lhat\u00f3k, mint az olasz Passo dello Stelvio, Mallorca Sa Calobra-ja \u00e9s Franciaorsz\u00e1g Mont Ventoux-ja. De vannak olyan ker\u00e9kp\u00e1ros paradicsomok, amelyek nem kapnak el\u00e9g figyelmet, \u00e9s a Dordogne r\u00e9gi\u00f3 hat\u00e1rozottan ilyen.","breadcrumb":{"@id":"https:\/\/www.welovecycling.com\/hu\/kozosseg-es-kultura\/franciaorszag-rejtett-kerekparos-kincse-a-dordogne-regio\/#breadcrumb"},"inLanguage":"hu","potentialAction":[{"@type":"ReadAction","target":["https:\/\/www.welovecycling.com\/hu\/kozosseg-es-kultura\/franciaorszag-rejtett-kerekparos-kincse-a-dordogne-regio\/"]}]},{"@type":"ImageObject","inLanguage":"hu","@id":"https:\/\/www.welovecycling.com\/hu\/kozosseg-es-kultura\/franciaorszag-rejtett-kerekparos-kincse-a-dordogne-regio\/#primaryimage","url":"https:\/\/d2p6e6u75xmxt8.cloudfront.net\/12\/2023\/07\/Dordogne-Cycling-profimedia-0347024745-CVR.webp","contentUrl":"https:\/\/d2p6e6u75xmxt8.cloudfront.net\/12\/2023\/07\/Dordogne-Cycling-profimedia-0347024745-CVR.webp","width":990,"height":660,"caption":"Cycling in Dordogne"},{"@type":"BreadcrumbList","@id":"https:\/\/www.welovecycling.com\/hu\/kozosseg-es-kultura\/franciaorszag-rejtett-kerekparos-kincse-a-dordogne-regio\/#breadcrumb","itemListElement":[{"@type":"ListItem","position":1,"name":"Home","item":"https:\/\/www.welovecycling.com\/hu\/"},{"@type":"ListItem","position":2,"name":"Franciaorsz\u00e1g rejtett ker\u00e9kp\u00e1ros-kincse: A Dordogne r\u00e9gi\u00f3"}]},{"@type":"WebSite","@id":"https:\/\/www.welovecycling.com\/hu\/#website","url":"https:\/\/www.welovecycling.com\/hu\/","name":"\u0160koda We Love Cycling - Magyarorsz\u00e1g","description":"\u0160koda WeLoveCycling","potentialAction":[{"@type":"SearchAction","target":{"@type":"EntryPoint","urlTemplate":"https:\/\/www.welovecycling.com\/hu\/?s={search_term_string}"},"query-input":{"@type":"PropertyValueSpecification","valueRequired":true,"valueName":"search_term_string"}}],"inLanguage":"hu"},{"@type":"Person","@id":"https:\/\/www.welovecycling.com\/hu\/#\/schema\/person\/414a2aebf1801691a5320edb6468e194","name":"hegyizs","image":{"@type":"ImageObject","inLanguage":"hu","@id":"https:\/\/www.welovecycling.com\/hu\/#\/schema\/person\/image\/","url":"https:\/\/secure.gravatar.com\/avatar\/02cf8a7906b8cf90cecb4679defac7cfd33a1c2e3b88e4903d947f3bb58eedd3?s=96&d=mm&r=g","contentUrl":"https:\/\/secure.gravatar.com\/avatar\/02cf8a7906b8cf90cecb4679defac7cfd33a1c2e3b88e4903d947f3bb58eedd3?s=96&d=mm&r=g","caption":"hegyizs"},"url":"https:\/\/www.welovecycling.com\/hu\/author\/hegyizs\/"}]}},"_links":{"self":[{"href":"https:\/\/www.welovecycling.com\/hu\/wp-json\/wp\/v2\/posts\/17699","targetHints":{"allow":["GET"]}}],"collection":[{"href":"https:\/\/www.welovecycling.com\/hu\/wp-json\/wp\/v2\/posts"}],"about":[{"href":"https:\/\/www.welovecycling.com\/hu\/wp-json\/wp\/v2\/types\/post"}],"author":[{"embeddable":true,"href":"https:\/\/www.welovecycling.com\/hu\/wp-json\/wp\/v2\/users\/71"}],"replies":[{"embeddable":true,"href":"https:\/\/www.welovecycling.com\/hu\/wp-json\/wp\/v2\/comments?post=17699"}],"version-history":[{"count":3,"href":"https:\/\/www.welovecycling.com\/hu\/wp-json\/wp\/v2\/posts\/17699\/revisions"}],"predecessor-version":[{"id":17704,"href":"https:\/\/www.welovecycling.com\/hu\/wp-json\/wp\/v2\/posts\/17699\/revisions\/17704"}],"wp:featuredmedia":[{"embeddable":true,"href":"https:\/\/www.welovecycling.com\/hu\/wp-json\/wp\/v2\/media\/17702"}],"wp:attachment":[{"href":"https:\/\/www.welovecycling.com\/hu\/wp-json\/wp\/v2\/media?parent=17699"}],"wp:term":[{"taxonomy":"category","embeddable":true,"href":"https:\/\/www.welovecycling.com\/hu\/wp-json\/wp\/v2\/categories?post=17699"},{"taxonomy":"post_tag","embeddable":true,"href":"https:\/\/www.welovecycling.com\/hu\/wp-json\/wp\/v2\/tags?post=17699"},{"taxonomy":"global-categories","embeddable":true,"href":"https:\/\/www.welovecycling.com\/hu\/wp-json\/wp\/v2\/global-categories?post=17699"}],"curies":[{"name":"wp","href":"https:\/\/api.w.org\/{rel}","templated":true}]}}