{"id":17694,"date":"2023-07-27T08:00:06","date_gmt":"2023-07-27T06:00:06","guid":{"rendered":"https:\/\/www.welovecycling.com\/hu\/?p=17694"},"modified":"2023-07-21T13:36:18","modified_gmt":"2023-07-21T11:36:18","slug":"reteges-oltozkodes-nyaron-csak-okosan-a-hosegben","status":"publish","type":"post","link":"https:\/\/www.welovecycling.com\/hu\/edzes-es-eletmod\/reteges-oltozkodes-nyaron-csak-okosan-a-hosegben\/","title":{"rendered":"R\u00e9teges \u00f6lt\u00f6zk\u00f6d\u00e9s ny\u00e1ron: csak okosan a h\u0151s\u00e9gben!"},"content":{"rendered":"<p><strong>Tiszta er\u0151b\u0151l ny\u00e1r! \u00c9s ha te is olyan vagy, mint mi, akkor tiszta er\u0151b\u0151l nyaral\u00e1s, utaz\u00e1s, bring\u00e1z\u00e1s! Ki kell \u00e9lvezni\u00a0 a meleg napf\u00e9nyt \u00e9s a term\u00e9szet sz\u00e9ps\u00e9g\u00e9t. Azonban a ny\u00e1ri id\u0151j\u00e1r\u00e1s kisz\u00e1m\u00edthatatlan, nagy h\u0151ingadoz\u00e1sokkal, hirtelen viharokkal \u00e9s z\u00e1porokkal, vagy tart\u00f3s h\u0151hull\u00e1mokkal nehez\u00edtik meg a dolgunkat. Nem \u00e1rt mindenre felk\u00e9sz\u00fclni!<\/strong><\/p>\n<p><!--more--><\/p>\n<p>Fontos, hogy elsaj\u00e1t\u00edtsd a r\u00e9teges \u00f6lt\u00f6zk\u00f6d\u00e9s m\u0171v\u00e9szet\u00e9t annak \u00e9rdek\u00e9ben, hogy k\u00e9nyelmes, biztons\u00e1gos \u00e9s \u00e9lvezetes ker\u00e9kp\u00e1rt\u00far\u00e1kat tehess. Ebben a \u00fatmutat\u00f3ban olyan okos technik\u00e1kat hoztunk el, melyek lehet\u0151v\u00e9 teszik, hogy alkalmazkodj a v\u00e1ltoz\u00f3 id\u0151j\u00e1r\u00e1si k\u00f6r\u00fclm\u00e9nyekhez, mik\u00f6zben j\u00f3l \u00e9rzed magad.<\/p>\n<h2><strong>Kezdj egy nedvess\u00e9gelvezet\u0151 alapr\u00e9teggel!<\/strong><\/h2>\n<p>M\u00e1r ezerszer elmondtuk, de nem lehet el\u00e9gszer megism\u00e9telni &#8211; b\u00e1rmilyen r\u00e9teges \u00f6lt\u00f6zet alapj\u00e1nak egy nedvess\u00e9gelvezet\u0151 alapr\u00e9tegnek kell lennie. Keress k\u00f6nny\u0171 anyagokat, amelyeket arra terveztek, hogy elvezess\u00e9k a verejt\u00e9ket a testedt\u0151l, \u00edgy sz\u00e1razon \u00e9s h\u0171v\u00f6sen tartsanak a ker\u00e9kp\u00e1roz\u00e1s sor\u00e1n. V\u00e1lassz l\u00e9g\u00e1tereszt\u0151 anyagokat, p\u00e9ld\u00e1ul merin\u00f3 gyapj\u00fat vagy szintetikus kever\u00e9keket, melyek kiv\u00e1l\u00f3an kezelik a nedvess\u00e9get. Egy j\u00f3l illeszked\u0151 alapr\u00e9teg seg\u00edt elker\u00fclni az irrit\u00e1ci\u00f3t \u00e9s k\u00e9nyelmet ny\u00fajt m\u00e9g a legforr\u00f3bb napokon is.<\/p>\n<h2><strong>V\u00e1lassz megfelel\u0151 trik\u00f3t!<\/strong><\/h2>\n<p>A ny\u00e1ri meleg napokon nagyon fontos a leveg\u0151 \u00e1raml\u00e1s\u00e1nak biztos\u00edt\u00e1sa. Olyan trik\u00f3t v\u00e1lassz, amely k\u00f6nny\u0171, l\u00e9g\u00e1tereszt\u0151 anyagb\u00f3l k\u00e9sz\u00fclt, \u00e9s kell\u0151k\u00e9pp szell\u0151zik. Keress olyan mezeket, melyek h\u00e1l\u00f3s paneleket vagy cipz\u00e1rokat tartalmaznak, amelyeket ki lehet nyitni a leveg\u0151\u00e1raml\u00e1s biztos\u00edt\u00e1s\u00e1hoz, amikor a h\u0151m\u00e9rs\u00e9klet emelkedik. V\u00e1lassz vil\u00e1gos sz\u00edneket, hogy visszaverj\u00e9k a nap sugarait!<\/p>\n<h2><strong>Haszn\u00e1lj h\u0171s\u00edt\u0151 kieg\u00e9sz\u00edt\u0151ket!<\/strong><\/h2>\n<p>A legmelegebb napokon azonban n\u00e9mi t\u00e1mogat\u00e1sra lehet sz\u00fcks\u00e9ged, hogy elviselhet\u0151v\u00e9 tedd a dolgokat. Fontold meg h\u0171s\u00edt\u0151 kieg\u00e9sz\u00edt\u0151k beilleszt\u00e9s\u00e9t a r\u00e9tegek k\u00f6z\u00e9, hogy legy\u0151zd a legmelegebb perceket. H\u0171s\u00edt\u0151 t\u00f6r\u00f6lk\u00f6z\u0151k, s\u00e1lak vagy bandan\u00e1k, melyeket hideg v\u00edzbe \u00e1ztatt\u00e1l, azonnali enyh\u00fcl\u00e9st ny\u00fajthatnak. Egyszer\u0171en csavard \u0151ket a nyakadra vagy tedd a homlokodra!<\/p>\n<h2><strong>V\u00e1lassz megfelel\u0151 nadr\u00e1got!<\/strong><\/h2>\n<figure id=\"attachment_17695\" aria-describedby=\"caption-attachment-17695\" style=\"width: 1024px\" class=\"wp-caption alignnone\"><a href=\"https:\/\/d2p6e6u75xmxt8.cloudfront.net\/12\/2023\/07\/Machines-for-women-shorts.webp\"><img loading=\"lazy\" decoding=\"async\" class=\"wp-image-17695 size-full\" src=\"https:\/\/d2p6e6u75xmxt8.cloudfront.net\/12\/2023\/07\/Machines-for-women-shorts.webp\" alt=\"Machines for women shorts\" width=\"1024\" height=\"798\" srcset=\"https:\/\/d2p6e6u75xmxt8.cloudfront.net\/12\/2023\/07\/Machines-for-women-shorts.webp 1024w, https:\/\/d2p6e6u75xmxt8.cloudfront.net\/12\/2023\/07\/Machines-for-women-shorts-300x234.webp 300w, https:\/\/d2p6e6u75xmxt8.cloudfront.net\/12\/2023\/07\/Machines-for-women-shorts-768x599.webp 768w, https:\/\/d2p6e6u75xmxt8.cloudfront.net\/12\/2023\/07\/Machines-for-women-shorts-400x312.webp 400w\" sizes=\"auto, (max-width: 1024px) 100vw, 1024px\" \/><\/a><figcaption id=\"caption-attachment-17695\" class=\"wp-caption-text\">V\u00e1lassz megfelel\u0151 nadr\u00e1got ker\u00e9kp\u00e1roz\u00e1shoz!<\/figcaption><\/figure>\n<p>A k\u00e9nyelem az els\u0151dleges szempont, amikor \u00f3r\u00e1kat t\u00f6ltesz a nyeregben. K\u00fcl\u00f6n\u00f6sen ny\u00e1ron fontos olyan ker\u00e9kp\u00e1ros r\u00f6vidnadr\u00e1got v\u00e1lasztani, amely j\u00f3 illeszked\u00e9st biztos\u00edt \u00e9s rendelkezik nedvess\u00e9gelvezet\u0151 bet\u00e9ttel. Ha ink\u00e1bb laza illeszked\u00e9st r\u00e9szes\u00edtesz el\u0151nyben, fontolj meg egy b\u0151 sz\u00e1r\u00fa nadr\u00e1got, kivehet\u0151 bels\u0151 r\u00e9sszel. Ne felejtsd el, hogy ny\u00e1ri bring\u00e1z\u00e1s sor\u00e1n fontos a megfelel\u0151 higi\u00e9nia, teh\u00e1t gy\u0151z\u0151dj meg r\u00f3la, hogy van n\u00e9h\u00e1ny p\u00e1r nadr\u00e1god, amit kicser\u00e9lhetsz \u00e9s kimoshatsz a t\u00far\u00e1k k\u00f6z\u00f6tt.<\/p>\n<h2><strong>Fontolj meg egy k\u00f6nny\u0171 mell\u00e9nyt vagy v\u00e9kony kab\u00e1tot!<\/strong><\/h2>\n<p>Egy k\u00f6nny\u0171 mell\u00e9ny vagy v\u00e9kony kab\u00e1t sokoldal\u00fa kieg\u00e9sz\u00edt\u0151je lehet a ny\u00e1ri ker\u00e9kp\u00e1ros ruhat\u00e1radnak. Amikor az id\u0151j\u00e1r\u00e1s m\u00e9rs\u00e9kelt, de f\u00fajhat a sz\u00e9l vagy enyhe es\u0151re van kil\u00e1t\u00e1s, a mell\u00e9ny extra v\u00e9delmet ny\u00fajthat an\u00e9lk\u00fcl, hogy t\u00falmeleg\u00edtene. Olyat v\u00e1lassz, amelynek el\u00f6l sz\u00e9l\u00e1ll\u00f3 panele van, \u00e9s h\u00e1tul h\u00e1l\u00f3s, hogy a szigetel\u00e9st \u00e9s l\u00e9g\u00e1tereszt\u00e9st egyens\u00falyban tartsa. A mell\u00e9ny k\u00e9nyelmesen elf\u00e9r a trik\u00f3d zseb\u00e9ben, amikor \u00e9ppen nincs r\u00e1 sz\u00fcks\u00e9g.<\/p>\n<h2><strong>V\u00e1lassz j\u00f3l szell\u0151z\u0151 ker\u00e9kp\u00e1ros cip\u0151t!<\/strong><\/h2>\n<p>A l\u00e1bbeli is nagy szerepet j\u00e1tszik ny\u00e1ron. Keress olyan ker\u00e9kp\u00e1ros cip\u0151t, amely kiv\u00e1l\u00f3an szell\u0151zik, p\u00e9ld\u00e1ul h\u00e1l\u00f3s panelekkel vagy perfor\u00e1ci\u00f3kkal rendelkezik, amik lehet\u0151v\u00e9 teszik a leveg\u0151\u00e1raml\u00e1st, \u00e9s megakad\u00e1lyozz\u00e1k a l\u00e1baid t\u00falmeleged\u00e9s\u00e9t. Ezenk\u00edv\u00fcl fontold meg olyan nedvess\u00e9gelvezet\u0151 \u00e9s l\u00e9g\u00e1tereszt\u0151 zoknik beszerz\u00e9s\u00e9t, amelyek kifejezetten a ker\u00e9kp\u00e1roz\u00e1shoz lettek tervezve, hogy a l\u00e1bad sz\u00e1raz maradjon az eg\u00e9sz t\u00fara sor\u00e1n.<\/p>\n<h2><strong>K\u00f6nny\u0171 sz\u00e9ldzseki<\/strong><\/h2>\n<p>Egy k\u00f6nny\u0171 sz\u00e9l\u00e1ll\u00f3 kab\u00e1t \u00e9rt\u00e9kes kieg\u00e9sz\u00edt\u0151je lehet a ruhat\u00e1radnak. Ha v\u00e1ratlan sz\u00e9lrohamok vagy hirtelen z\u00e1porok \u00e9rnek, a sz\u00e9l\u00e1ll\u00f3 kab\u00e1t extra v\u00e9delmet ny\u00fajthat. V\u00e1lassz egy k\u00f6nnyen hordozhat\u00f3 modellt, amelyet k\u00f6nnyen elrakhatsz a trik\u00f3d zseb\u00e9be, ha nincs r\u00e1 sz\u00fcks\u00e9g. Olyat v\u00e1lassz, amely j\u00f3 l\u00e9g\u00e1tereszt\u00e9st biztos\u00edt, hogy elker\u00fcld a t\u00falmeleged\u00e9st!<\/p>\n<h2><strong>R\u00e9tegesen kora reggel \u00e9s k\u00e9s\u0151 este is!<\/strong><\/h2>\n<p>B\u00e1r a ny\u00e1ri napok \u00e1ltal\u00e1ban melegek, a korai reggeli vagy k\u00e9s\u0151 esti t\u00far\u00e1k m\u00e9g mindig hozhatnak h\u0171v\u00f6s meglepet\u00e9st. Ha tervezed, hogy ezekben az id\u0151kben indulsz \u00fatnak, jobb, ha t\u00f6bb r\u00e9teget viszel magaddal! Egy k\u00f6nny\u0171 sz\u00e9l\u00e1ll\u00f3 kab\u00e1t \u00e9s esetleg egy melegebb alapr\u00e9teg j\u00f3l j\u00f6het. Ahogy emelkedik a h\u0151m\u00e9rs\u00e9klet, fokozatosan leveheted a r\u00e9tegeket!<\/p>\n<h2><strong>Ne felejtsd el az UV-v\u00e9delmet!<\/strong><\/h2>\n<p>K\u00e9rlek, k\u00e9rlek, k\u00e9rlek, ne hanyagold el a nap k\u00e1ros sugarait\u00f3l val\u00f3 v\u00e9delmet! Vidd fel a napf\u00e9nynek kitett b\u0151rre a magas faktor\u00fa napv\u00e9d\u0151t minden ker\u00e9kp\u00e1roz\u00e1s el\u0151tt, f\u00fcggetlen\u00fcl az id\u0151j\u00e1r\u00e1st\u00f3l. V\u00e1lassz izzad\u00e1s\u00e1ll\u00f3 formul\u00e1kat, \u00e9s alkalmazd \u00fajra sz\u00fcks\u00e9g szerint hosszabb t\u00far\u00e1k sor\u00e1n. Fontold meg UV-v\u00e9delmet ny\u00fajt\u00f3 keszty\u0171k visel\u00e9s\u00e9t. Emellett ne felejtsd otthon a k\u00f6nny\u0171 ker\u00e9kp\u00e1ros sapk\u00e1d \u00e9s a szem\u00fcveged!<\/p>\n<p>Figyelj az id\u0151j\u00e1r\u00e1s-el\u0151rejelz\u00e9sekre, legy\u00e9l felk\u00e9sz\u00fclt a v\u00e1ratlan v\u00e1ltoz\u00e1sokra, \u00e9s a t\u00fara sor\u00e1n igaz\u00edtsd a r\u00e9tegeidet ezeknek megfelel\u0151en. Ezekkel az extra tippekkel j\u00f3l felszerelt leszel, hogy megbirk\u00f3zz a v\u00e1ltoz\u00f3 ny\u00e1ri id\u0151j\u00e1r\u00e1si k\u00f6r\u00fclm\u00e9nyekkel, mik\u00f6zben ki\u00e9lvezed a ker\u00e9kp\u00e1ros kalandokat.<\/p>\n","protected":false},"excerpt":{"rendered":"<p>Tiszta er\u0151b\u0151l ny\u00e1r! \u00c9s ha te is olyan vagy, mint mi, akkor tiszta er\u0151b\u0151l nyaral\u00e1s, utaz\u00e1s, bring\u00e1z\u00e1s! Ki kell \u00e9lvezni\u00a0 [&hellip;]<\/p>\n","protected":false},"author":71,"featured_media":17697,"comment_status":"open","ping_status":"open","sticky":false,"template":"","format":"standard","meta":{"footnotes":""},"categories":[6],"tags":[],"global-categories":[],"class_list":["post-17694","post","type-post","status-publish","format-standard","has-post-thumbnail","hentry","category-edzes-es-eletmod"],"yoast_head":"<!-- This site is optimized with the Yoast SEO Premium plugin v25.3 (Yoast SEO v25.9) - https:\/\/yoast.com\/wordpress\/plugins\/seo\/ -->\n<title>R\u00e9teges \u00f6lt\u00f6zk\u00f6d\u00e9s ny\u00e1ron: csak okosan a h\u0151s\u00e9gben!<\/title>\n<meta name=\"description\" content=\"Tiszta er\u0151b\u0151l ny\u00e1r! \u00c9s ha te is olyan vagy, mint mi, akkor tiszta er\u0151b\u0151l nyaral\u00e1s, utaz\u00e1s, bring\u00e1z\u00e1s! Ki kell \u00e9lvezni a meleg napf\u00e9nyt \u00e9s a term\u00e9szet sz\u00e9ps\u00e9g\u00e9t. Azonban a ny\u00e1ri id\u0151j\u00e1r\u00e1s kisz\u00e1m\u00edthatatlan, nagy h\u0151ingadoz\u00e1sokkal, hirtelen viharokkal \u00e9s z\u00e1porokkal, vagy tart\u00f3s h\u0151hull\u00e1mokkal nehez\u00edtik meg a dolgunkat. Nem \u00e1rt mindenre felk\u00e9sz\u00fclni!\" \/>\n<meta name=\"robots\" content=\"index, follow, max-snippet:-1, max-image-preview:large, max-video-preview:-1\" \/>\n<link rel=\"canonical\" href=\"https:\/\/www.welovecycling.com\/hu\/edzes-es-eletmod\/reteges-oltozkodes-nyaron-csak-okosan-a-hosegben\/\" \/>\n<meta property=\"og:locale\" content=\"hu_HU\" \/>\n<meta property=\"og:type\" content=\"article\" \/>\n<meta property=\"og:title\" content=\"R\u00e9teges \u00f6lt\u00f6zk\u00f6d\u00e9s ny\u00e1ron: csak okosan a h\u0151s\u00e9gben!\" \/>\n<meta property=\"og:description\" content=\"Tiszta er\u0151b\u0151l ny\u00e1r! \u00c9s ha te is olyan vagy, mint mi, akkor tiszta er\u0151b\u0151l nyaral\u00e1s, utaz\u00e1s, bring\u00e1z\u00e1s! Ki kell \u00e9lvezni a meleg napf\u00e9nyt \u00e9s a term\u00e9szet sz\u00e9ps\u00e9g\u00e9t. Azonban a ny\u00e1ri id\u0151j\u00e1r\u00e1s kisz\u00e1m\u00edthatatlan, nagy h\u0151ingadoz\u00e1sokkal, hirtelen viharokkal \u00e9s z\u00e1porokkal, vagy tart\u00f3s h\u0151hull\u00e1mokkal nehez\u00edtik meg a dolgunkat. Nem \u00e1rt mindenre felk\u00e9sz\u00fclni!\" \/>\n<meta property=\"og:url\" content=\"https:\/\/www.welovecycling.com\/hu\/edzes-es-eletmod\/reteges-oltozkodes-nyaron-csak-okosan-a-hosegben\/\" \/>\n<meta property=\"og:site_name\" content=\"\u0160koda We Love Cycling - Magyarorsz\u00e1g\" \/>\n<meta property=\"article:publisher\" content=\"https:\/\/www.facebook.com\/WeLoveCyclingHungary\/\" \/>\n<meta property=\"article:published_time\" content=\"2023-07-27T06:00:06+00:00\" \/>\n<meta property=\"og:image\" content=\"https:\/\/d2p6e6u75xmxt8.cloudfront.net\/12\/2023\/07\/Summer-Cycling-Italy-Lake-Como-profimedia-0788331893-CVR.webp\" \/>\n\t<meta property=\"og:image:width\" content=\"990\" \/>\n\t<meta property=\"og:image:height\" content=\"660\" \/>\n\t<meta property=\"og:image:type\" content=\"image\/webp\" \/>\n<meta name=\"author\" content=\"hegyizs\" \/>\n<meta name=\"twitter:card\" content=\"summary_large_image\" \/>\n<meta name=\"twitter:label1\" content=\"Written by\" \/>\n\t<meta name=\"twitter:data1\" content=\"Megan Flottorp\" \/>\n\t<meta name=\"twitter:label2\" content=\"Est. reading time\" \/>\n\t<meta name=\"twitter:data2\" content=\"5\" \/>\n<script type=\"application\/ld+json\" class=\"yoast-schema-graph\">{\"@context\":\"https:\/\/schema.org\",\"@graph\":[{\"@type\":\"WebPage\",\"@id\":\"https:\/\/www.welovecycling.com\/hu\/edzes-es-eletmod\/reteges-oltozkodes-nyaron-csak-okosan-a-hosegben\/\",\"url\":\"https:\/\/www.welovecycling.com\/hu\/edzes-es-eletmod\/reteges-oltozkodes-nyaron-csak-okosan-a-hosegben\/\",\"name\":\"R\u00e9teges \u00f6lt\u00f6zk\u00f6d\u00e9s ny\u00e1ron: csak okosan a h\u0151s\u00e9gben!\",\"isPartOf\":{\"@id\":\"https:\/\/www.welovecycling.com\/hu\/#website\"},\"primaryImageOfPage\":{\"@id\":\"https:\/\/www.welovecycling.com\/hu\/edzes-es-eletmod\/reteges-oltozkodes-nyaron-csak-okosan-a-hosegben\/#primaryimage\"},\"image\":{\"@id\":\"https:\/\/www.welovecycling.com\/hu\/edzes-es-eletmod\/reteges-oltozkodes-nyaron-csak-okosan-a-hosegben\/#primaryimage\"},\"thumbnailUrl\":\"https:\/\/d2p6e6u75xmxt8.cloudfront.net\/12\/2023\/07\/Summer-Cycling-Italy-Lake-Como-profimedia-0788331893-CVR.webp\",\"datePublished\":\"2023-07-27T06:00:06+00:00\",\"author\":{\"@id\":\"https:\/\/www.welovecycling.com\/hu\/#\/schema\/person\/414a2aebf1801691a5320edb6468e194\"},\"description\":\"Tiszta er\u0151b\u0151l ny\u00e1r! \u00c9s ha te is olyan vagy, mint mi, akkor tiszta er\u0151b\u0151l nyaral\u00e1s, utaz\u00e1s, bring\u00e1z\u00e1s! Ki kell \u00e9lvezni a meleg napf\u00e9nyt \u00e9s a term\u00e9szet sz\u00e9ps\u00e9g\u00e9t. Azonban a ny\u00e1ri id\u0151j\u00e1r\u00e1s kisz\u00e1m\u00edthatatlan, nagy h\u0151ingadoz\u00e1sokkal, hirtelen viharokkal \u00e9s z\u00e1porokkal, vagy tart\u00f3s h\u0151hull\u00e1mokkal nehez\u00edtik meg a dolgunkat. Nem \u00e1rt mindenre felk\u00e9sz\u00fclni!\",\"breadcrumb\":{\"@id\":\"https:\/\/www.welovecycling.com\/hu\/edzes-es-eletmod\/reteges-oltozkodes-nyaron-csak-okosan-a-hosegben\/#breadcrumb\"},\"inLanguage\":\"hu\",\"potentialAction\":[{\"@type\":\"ReadAction\",\"target\":[\"https:\/\/www.welovecycling.com\/hu\/edzes-es-eletmod\/reteges-oltozkodes-nyaron-csak-okosan-a-hosegben\/\"]}]},{\"@type\":\"ImageObject\",\"inLanguage\":\"hu\",\"@id\":\"https:\/\/www.welovecycling.com\/hu\/edzes-es-eletmod\/reteges-oltozkodes-nyaron-csak-okosan-a-hosegben\/#primaryimage\",\"url\":\"https:\/\/d2p6e6u75xmxt8.cloudfront.net\/12\/2023\/07\/Summer-Cycling-Italy-Lake-Como-profimedia-0788331893-CVR.webp\",\"contentUrl\":\"https:\/\/d2p6e6u75xmxt8.cloudfront.net\/12\/2023\/07\/Summer-Cycling-Italy-Lake-Como-profimedia-0788331893-CVR.webp\",\"width\":990,\"height\":660,\"caption\":\"Lake como cycle path\"},{\"@type\":\"BreadcrumbList\",\"@id\":\"https:\/\/www.welovecycling.com\/hu\/edzes-es-eletmod\/reteges-oltozkodes-nyaron-csak-okosan-a-hosegben\/#breadcrumb\",\"itemListElement\":[{\"@type\":\"ListItem\",\"position\":1,\"name\":\"Home\",\"item\":\"https:\/\/www.welovecycling.com\/hu\/\"},{\"@type\":\"ListItem\",\"position\":2,\"name\":\"R\u00e9teges \u00f6lt\u00f6zk\u00f6d\u00e9s ny\u00e1ron: csak okosan a h\u0151s\u00e9gben!\"}]},{\"@type\":\"WebSite\",\"@id\":\"https:\/\/www.welovecycling.com\/hu\/#website\",\"url\":\"https:\/\/www.welovecycling.com\/hu\/\",\"name\":\"\u0160koda We Love Cycling - Magyarorsz\u00e1g\",\"description\":\"\u0160koda WeLoveCycling\",\"potentialAction\":[{\"@type\":\"SearchAction\",\"target\":{\"@type\":\"EntryPoint\",\"urlTemplate\":\"https:\/\/www.welovecycling.com\/hu\/?s={search_term_string}\"},\"query-input\":{\"@type\":\"PropertyValueSpecification\",\"valueRequired\":true,\"valueName\":\"search_term_string\"}}],\"inLanguage\":\"hu\"},{\"@type\":\"Person\",\"@id\":\"https:\/\/www.welovecycling.com\/hu\/#\/schema\/person\/414a2aebf1801691a5320edb6468e194\",\"name\":\"hegyizs\",\"image\":{\"@type\":\"ImageObject\",\"inLanguage\":\"hu\",\"@id\":\"https:\/\/www.welovecycling.com\/hu\/#\/schema\/person\/image\/\",\"url\":\"https:\/\/secure.gravatar.com\/avatar\/02cf8a7906b8cf90cecb4679defac7cfd33a1c2e3b88e4903d947f3bb58eedd3?s=96&d=mm&r=g\",\"contentUrl\":\"https:\/\/secure.gravatar.com\/avatar\/02cf8a7906b8cf90cecb4679defac7cfd33a1c2e3b88e4903d947f3bb58eedd3?s=96&d=mm&r=g\",\"caption\":\"hegyizs\"},\"url\":\"https:\/\/www.welovecycling.com\/hu\/author\/hegyizs\/\"}]}<\/script>\n<!-- \/ Yoast SEO Premium plugin. -->","yoast_head_json":{"title":"R\u00e9teges \u00f6lt\u00f6zk\u00f6d\u00e9s ny\u00e1ron: csak okosan a h\u0151s\u00e9gben!","description":"Tiszta er\u0151b\u0151l ny\u00e1r! \u00c9s ha te is olyan vagy, mint mi, akkor tiszta er\u0151b\u0151l nyaral\u00e1s, utaz\u00e1s, bring\u00e1z\u00e1s! Ki kell \u00e9lvezni a meleg napf\u00e9nyt \u00e9s a term\u00e9szet sz\u00e9ps\u00e9g\u00e9t. Azonban a ny\u00e1ri id\u0151j\u00e1r\u00e1s kisz\u00e1m\u00edthatatlan, nagy h\u0151ingadoz\u00e1sokkal, hirtelen viharokkal \u00e9s z\u00e1porokkal, vagy tart\u00f3s h\u0151hull\u00e1mokkal nehez\u00edtik meg a dolgunkat. Nem \u00e1rt mindenre felk\u00e9sz\u00fclni!","robots":{"index":"index","follow":"follow","max-snippet":"max-snippet:-1","max-image-preview":"max-image-preview:large","max-video-preview":"max-video-preview:-1"},"canonical":"https:\/\/www.welovecycling.com\/hu\/edzes-es-eletmod\/reteges-oltozkodes-nyaron-csak-okosan-a-hosegben\/","og_locale":"hu_HU","og_type":"article","og_title":"R\u00e9teges \u00f6lt\u00f6zk\u00f6d\u00e9s ny\u00e1ron: csak okosan a h\u0151s\u00e9gben!","og_description":"Tiszta er\u0151b\u0151l ny\u00e1r! \u00c9s ha te is olyan vagy, mint mi, akkor tiszta er\u0151b\u0151l nyaral\u00e1s, utaz\u00e1s, bring\u00e1z\u00e1s! Ki kell \u00e9lvezni a meleg napf\u00e9nyt \u00e9s a term\u00e9szet sz\u00e9ps\u00e9g\u00e9t. Azonban a ny\u00e1ri id\u0151j\u00e1r\u00e1s kisz\u00e1m\u00edthatatlan, nagy h\u0151ingadoz\u00e1sokkal, hirtelen viharokkal \u00e9s z\u00e1porokkal, vagy tart\u00f3s h\u0151hull\u00e1mokkal nehez\u00edtik meg a dolgunkat. Nem \u00e1rt mindenre felk\u00e9sz\u00fclni!","og_url":"https:\/\/www.welovecycling.com\/hu\/edzes-es-eletmod\/reteges-oltozkodes-nyaron-csak-okosan-a-hosegben\/","og_site_name":"\u0160koda We Love Cycling - Magyarorsz\u00e1g","article_publisher":"https:\/\/www.facebook.com\/WeLoveCyclingHungary\/","article_published_time":"2023-07-27T06:00:06+00:00","og_image":[{"width":990,"height":660,"url":"https:\/\/d2p6e6u75xmxt8.cloudfront.net\/12\/2023\/07\/Summer-Cycling-Italy-Lake-Como-profimedia-0788331893-CVR.webp","type":"image\/webp"}],"author":"hegyizs","twitter_card":"summary_large_image","twitter_misc":{"Written by":"Megan Flottorp","Est. reading time":"5"},"schema":{"@context":"https:\/\/schema.org","@graph":[{"@type":"WebPage","@id":"https:\/\/www.welovecycling.com\/hu\/edzes-es-eletmod\/reteges-oltozkodes-nyaron-csak-okosan-a-hosegben\/","url":"https:\/\/www.welovecycling.com\/hu\/edzes-es-eletmod\/reteges-oltozkodes-nyaron-csak-okosan-a-hosegben\/","name":"R\u00e9teges \u00f6lt\u00f6zk\u00f6d\u00e9s ny\u00e1ron: csak okosan a h\u0151s\u00e9gben!","isPartOf":{"@id":"https:\/\/www.welovecycling.com\/hu\/#website"},"primaryImageOfPage":{"@id":"https:\/\/www.welovecycling.com\/hu\/edzes-es-eletmod\/reteges-oltozkodes-nyaron-csak-okosan-a-hosegben\/#primaryimage"},"image":{"@id":"https:\/\/www.welovecycling.com\/hu\/edzes-es-eletmod\/reteges-oltozkodes-nyaron-csak-okosan-a-hosegben\/#primaryimage"},"thumbnailUrl":"https:\/\/d2p6e6u75xmxt8.cloudfront.net\/12\/2023\/07\/Summer-Cycling-Italy-Lake-Como-profimedia-0788331893-CVR.webp","datePublished":"2023-07-27T06:00:06+00:00","author":{"@id":"https:\/\/www.welovecycling.com\/hu\/#\/schema\/person\/414a2aebf1801691a5320edb6468e194"},"description":"Tiszta er\u0151b\u0151l ny\u00e1r! \u00c9s ha te is olyan vagy, mint mi, akkor tiszta er\u0151b\u0151l nyaral\u00e1s, utaz\u00e1s, bring\u00e1z\u00e1s! Ki kell \u00e9lvezni a meleg napf\u00e9nyt \u00e9s a term\u00e9szet sz\u00e9ps\u00e9g\u00e9t. Azonban a ny\u00e1ri id\u0151j\u00e1r\u00e1s kisz\u00e1m\u00edthatatlan, nagy h\u0151ingadoz\u00e1sokkal, hirtelen viharokkal \u00e9s z\u00e1porokkal, vagy tart\u00f3s h\u0151hull\u00e1mokkal nehez\u00edtik meg a dolgunkat. Nem \u00e1rt mindenre felk\u00e9sz\u00fclni!","breadcrumb":{"@id":"https:\/\/www.welovecycling.com\/hu\/edzes-es-eletmod\/reteges-oltozkodes-nyaron-csak-okosan-a-hosegben\/#breadcrumb"},"inLanguage":"hu","potentialAction":[{"@type":"ReadAction","target":["https:\/\/www.welovecycling.com\/hu\/edzes-es-eletmod\/reteges-oltozkodes-nyaron-csak-okosan-a-hosegben\/"]}]},{"@type":"ImageObject","inLanguage":"hu","@id":"https:\/\/www.welovecycling.com\/hu\/edzes-es-eletmod\/reteges-oltozkodes-nyaron-csak-okosan-a-hosegben\/#primaryimage","url":"https:\/\/d2p6e6u75xmxt8.cloudfront.net\/12\/2023\/07\/Summer-Cycling-Italy-Lake-Como-profimedia-0788331893-CVR.webp","contentUrl":"https:\/\/d2p6e6u75xmxt8.cloudfront.net\/12\/2023\/07\/Summer-Cycling-Italy-Lake-Como-profimedia-0788331893-CVR.webp","width":990,"height":660,"caption":"Lake como cycle path"},{"@type":"BreadcrumbList","@id":"https:\/\/www.welovecycling.com\/hu\/edzes-es-eletmod\/reteges-oltozkodes-nyaron-csak-okosan-a-hosegben\/#breadcrumb","itemListElement":[{"@type":"ListItem","position":1,"name":"Home","item":"https:\/\/www.welovecycling.com\/hu\/"},{"@type":"ListItem","position":2,"name":"R\u00e9teges \u00f6lt\u00f6zk\u00f6d\u00e9s ny\u00e1ron: csak okosan a h\u0151s\u00e9gben!"}]},{"@type":"WebSite","@id":"https:\/\/www.welovecycling.com\/hu\/#website","url":"https:\/\/www.welovecycling.com\/hu\/","name":"\u0160koda We Love Cycling - Magyarorsz\u00e1g","description":"\u0160koda WeLoveCycling","potentialAction":[{"@type":"SearchAction","target":{"@type":"EntryPoint","urlTemplate":"https:\/\/www.welovecycling.com\/hu\/?s={search_term_string}"},"query-input":{"@type":"PropertyValueSpecification","valueRequired":true,"valueName":"search_term_string"}}],"inLanguage":"hu"},{"@type":"Person","@id":"https:\/\/www.welovecycling.com\/hu\/#\/schema\/person\/414a2aebf1801691a5320edb6468e194","name":"hegyizs","image":{"@type":"ImageObject","inLanguage":"hu","@id":"https:\/\/www.welovecycling.com\/hu\/#\/schema\/person\/image\/","url":"https:\/\/secure.gravatar.com\/avatar\/02cf8a7906b8cf90cecb4679defac7cfd33a1c2e3b88e4903d947f3bb58eedd3?s=96&d=mm&r=g","contentUrl":"https:\/\/secure.gravatar.com\/avatar\/02cf8a7906b8cf90cecb4679defac7cfd33a1c2e3b88e4903d947f3bb58eedd3?s=96&d=mm&r=g","caption":"hegyizs"},"url":"https:\/\/www.welovecycling.com\/hu\/author\/hegyizs\/"}]}},"_links":{"self":[{"href":"https:\/\/www.welovecycling.com\/hu\/wp-json\/wp\/v2\/posts\/17694","targetHints":{"allow":["GET"]}}],"collection":[{"href":"https:\/\/www.welovecycling.com\/hu\/wp-json\/wp\/v2\/posts"}],"about":[{"href":"https:\/\/www.welovecycling.com\/hu\/wp-json\/wp\/v2\/types\/post"}],"author":[{"embeddable":true,"href":"https:\/\/www.welovecycling.com\/hu\/wp-json\/wp\/v2\/users\/71"}],"replies":[{"embeddable":true,"href":"https:\/\/www.welovecycling.com\/hu\/wp-json\/wp\/v2\/comments?post=17694"}],"version-history":[{"count":2,"href":"https:\/\/www.welovecycling.com\/hu\/wp-json\/wp\/v2\/posts\/17694\/revisions"}],"predecessor-version":[{"id":17698,"href":"https:\/\/www.welovecycling.com\/hu\/wp-json\/wp\/v2\/posts\/17694\/revisions\/17698"}],"wp:featuredmedia":[{"embeddable":true,"href":"https:\/\/www.welovecycling.com\/hu\/wp-json\/wp\/v2\/media\/17697"}],"wp:attachment":[{"href":"https:\/\/www.welovecycling.com\/hu\/wp-json\/wp\/v2\/media?parent=17694"}],"wp:term":[{"taxonomy":"category","embeddable":true,"href":"https:\/\/www.welovecycling.com\/hu\/wp-json\/wp\/v2\/categories?post=17694"},{"taxonomy":"post_tag","embeddable":true,"href":"https:\/\/www.welovecycling.com\/hu\/wp-json\/wp\/v2\/tags?post=17694"},{"taxonomy":"global-categories","embeddable":true,"href":"https:\/\/www.welovecycling.com\/hu\/wp-json\/wp\/v2\/global-categories?post=17694"}],"curies":[{"name":"wp","href":"https:\/\/api.w.org\/{rel}","templated":true}]}}