{"id":17682,"date":"2023-07-14T13:00:55","date_gmt":"2023-07-14T11:00:55","guid":{"rendered":"https:\/\/www.welovecycling.com\/hu\/?p=17682"},"modified":"2023-07-14T14:00:28","modified_gmt":"2023-07-14T12:00:28","slug":"vas-blanka-szenzacios-honapja-philipsen-kittelek-nyomdokain","status":"publish","type":"post","link":"https:\/\/www.welovecycling.com\/hu\/orszaguti-kerekpar\/vas-blanka-szenzacios-honapja-philipsen-kittelek-nyomdokain\/","title":{"rendered":"Vas Blanka szenz\u00e1ci\u00f3s h\u00f3napja, Philipsen Kittel\u00e9k nyomdokain"},"content":{"rendered":"<p><strong>A m\u00e9g mindig csak 21 \u00e9ves magyar l\u00e1ny a Sv\u00e1jci k\u00f6r\u00f6n aratott t\u00f6rt\u00e9nelmi sikere \u00e9s az \u00fajabb ob-aranyak ut\u00e1n a n\u0151i Gir\u00f3n tette fel a koron\u00e1t idei orsz\u00e1g\u00fati id\u00e9ny\u00e9re, mik\u00f6zben a f\u00e9rfiak Tour-j\u00e1n Jasper Philipsen ostromol t\u00f6rt\u00e9nelmi magass\u00e1gokat.<\/strong><!--more--><\/p>\n<p>Elk\u00e9peszt\u0151 nem eg\u00e9szen egy h\u00f3napot tudhat maga m\u00f6g\u00f6tt legjobb n\u0151i bring\u00e1sunk, Vas Kata Blanka. Az SD Worx magyar k\u00f6z\u00f6ns\u00e9gkedvence el\u0151bb a Sv\u00e1jci K\u00f6rversenyen <a href=\"https:\/\/www.welovecycling.com\/hu\/orszaguti-kerekpar\/a-valter-parade-utan-itt-a-legujabb-vas-parade\/\">megszerezte<\/a> \u00f6nmaga \u00e9s a magyar n\u0151i ker\u00e9kp\u00e1roz\u00e1s els\u0151 WorldTour-gy\u0151zelm\u00e9t, majd a pap\u00edrform\u00e1nak megfelel\u0151en a mez\u0151nyversenyben \u00e9s az egy\u00e9ni id\u0151futamban is megv\u00e9dte orsz\u00e1gos bajnoki c\u00edm\u00e9t. Ezek alapj\u00e1n b\u00edztunk benne, hogy a <a href=\"https:\/\/www.welovecycling.com\/hu\/orszaguti-kerekpar\/jon-a-versenyszezon-sava-borsa-rajtol-a-tour-de-france-es-a-noi-giro\/\">Giro d\u2019Italia Donn\u00e9n<\/a> is magyar bajnoki trik\u00f3ban teker\u0151 Blanka esetleg a vil\u00e1g legnagyobb n\u0151i verseny\u00e9n is alak\u00edthat valamit, \u00e9s nem is okozott csal\u00f3d\u00e1st: m\u00e9g az eddigiekre is r\u00e1tett egy lap\u00e1ttal! A m\u00e9g mindig csak 21 \u00e9ves versenyz\u0151 nagy nev\u0171 csapatt\u00e1rsai folyamatos seg\u00edt\u00e9se ut\u00e1n a 8., utols\u00f3 el\u0151tti szakaszon saj\u00e1t mag\u00e1\u00e9rt mehetett, \u00e9s abszol\u00fat meg is h\u00e1l\u00e1lta a bizalmat. A Sassariban kijel\u00f6lt sprintbefut\u00f3ban ugyanis lehengerl\u0151en hajr\u00e1zott, \u00e9s olyan extraklasszis ikonokat megel\u0151zve gy\u0171jt\u00f6tte be p\u00e1lyafut\u00e1sa meghat\u00e1roz\u00f3 siker\u00e9t, mint Chloe Dygert vagy Marianne Vos. Blanka k\u00e9s\u0151bb az Eurosportnak <a href=\"https:\/\/www.eurosport.hu\/kerekpar\/giro-donne\/2023\/vas-blanka-interju-giro-utan-sprint-gyozelem-program_sto9697722\/story.shtml\">elmondta<\/a>, a sprint el\u0151tti helyezked\u00e9sn\u00e9l olyan ideges volt, hogy ink\u00e1bb a r\u00e1di\u00f3t is kivette a f\u00fcl\u00e9b\u0151l, de ki tudja, lehet, v\u00e9g\u00fcl ez kellett a sikerhez: a sprintj\u00e9t saj\u00e1t sz\u00e1nd\u00e9kb\u00f3l is t\u00f6k\u00e9letesen kivitelezte, a c\u00e9legyenesben Vos kerek\u00e9r\u0151l Dygert\u00e9re v\u00e1ltott, \u00e9s v\u00e9g\u00fcl mindenkit kiker\u00fclt \u00e9s legyorsult a vonal el\u0151tt. A mindig szer\u00e9ny l\u00e1ny ut\u00f3bb \u00fagy fogalmazott, m\u00e9g nem is igaz\u00e1n fogja fel, mekkora siker ez, a csapatt\u00e1rsai val\u00f3sz\u00edn\u0171leg jobban tudat\u00e1ban vannak ennek \u2013 mindenesetre fantasztikus volt l\u00e1tni a meg\u00e9rdemelt \u00f6r\u00f6m k\u00e9peit \u00e9s a dobog\u00f3 tetej\u00e9n a magyar bajnoki trik\u00f3ban \u00fcnnepl\u0151 ifj\u00fa klasszisunkat, aki a pontversenyt v\u00e9g\u00fcl a 13., a fiatalok verseny\u00e9t pedig a 8. helyen z\u00e1rta, \u00e9s t\u00e9nyleg csak a csillagos \u00e9g a hat\u00e1r sz\u00e1m\u00e1ra, ha tov\u00e1bbra is \u00edgy folytatja.<\/p>\n<figure id=\"attachment_17685\" aria-describedby=\"caption-attachment-17685\" style=\"width: 1024px\" class=\"wp-caption alignnone\"><img loading=\"lazy\" decoding=\"async\" class=\"size-large wp-image-17685\" src=\"https:\/\/d2p6e6u75xmxt8.cloudfront.net\/12\/2023\/07\/gettyimages-1525260015_1.1600x0-1024x683.webp\" alt=\"\" width=\"1024\" height=\"683\" srcset=\"https:\/\/d2p6e6u75xmxt8.cloudfront.net\/12\/2023\/07\/gettyimages-1525260015_1.1600x0-1024x683.webp 1024w, https:\/\/d2p6e6u75xmxt8.cloudfront.net\/12\/2023\/07\/gettyimages-1525260015_1.1600x0-300x200.webp 300w, https:\/\/d2p6e6u75xmxt8.cloudfront.net\/12\/2023\/07\/gettyimages-1525260015_1.1600x0-768x512.webp 768w, https:\/\/d2p6e6u75xmxt8.cloudfront.net\/12\/2023\/07\/gettyimages-1525260015_1.1600x0-1536x1024.webp 1536w, https:\/\/d2p6e6u75xmxt8.cloudfront.net\/12\/2023\/07\/gettyimages-1525260015_1.1600x0-400x267.webp 400w, https:\/\/d2p6e6u75xmxt8.cloudfront.net\/12\/2023\/07\/gettyimages-1525260015_1.1600x0-272x182.webp 272w, https:\/\/d2p6e6u75xmxt8.cloudfront.net\/12\/2023\/07\/gettyimages-1525260015_1.1600x0.webp 1600w\" sizes=\"auto, (max-width: 1024px) 100vw, 1024px\" \/><figcaption id=\"caption-attachment-17685\" class=\"wp-caption-text\">fot\u00f3: Getty\/SD Worx<\/figcaption><\/figure>\n<p>K\u00f6zben a f\u00e9rfiak f\u0151verseny\u00e9n, a Tour de France-on is \u00fajabb szt\u00e1r van sz\u00fclet\u0151ben. A kor\u00e1bban saj\u00e1t bevall\u00e1sa szerint is csak \u201eKatasztr\u00f3fa Jaspernek\u201d cs\u00fafolt Jasper Philipsen az idei Tour-on v\u00e9gleg levedlette mag\u00e1r\u00f3l egykori g\u00fanynev\u00e9t, amelyre a <a href=\"https:\/\/www.welovecycling.com\/hu\/orszaguti-kerekpar\/ott-folytatjak-ahol-tavaly-abbahagytak-de-ki-nevet-a-vegen\/\">teljes\u00edtm\u00e9nye alapj\u00e1n<\/a> m\u00e1r r\u00e9g nem szolg\u00e1l r\u00e1: az egyre kiv\u00e1l\u00f3bb holland sprinter a 11. szakaszon m\u00e1r a negyedik etapsiker\u00e9t aratta, \u00e9s m\u00e9g mindig csak a m\u00e1sodik h\u00e9ten j\u00e1runk. \u00cdgy pedig t\u00f6bb komoly m\u00e9rf\u00f6ldk\u0151 is bel\u00e1that\u00f3 t\u00e1vols\u00e1gba ker\u00fclt. Az utols\u00f3 Tou-rj\u00e1t a mostani nyolcadik szakaszon buk\u00f3 \u00e9s feladni k\u00e9nyszer\u00fcl\u0151 Mark Cavendish 2021-es eml\u00e9kezetes n\u00e9gy gy\u0151zelm\u00e9t m\u00e1r most be\u00e9rte Philipsen, \u00e9s csup\u00e1n m\u00e9g egy sikerre van sz\u00fcks\u00e9ge, hogy a sprintermez\u0151nyt a 2010-es \u00e9vekben domin\u00e1l\u00f3 Marcel Kittel csillagos \u00f6t\u00f6s\u00e9t is el\u00e9rje \u2013 2017-ben volt p\u00e9lda legut\u00f3bb ilyenre a n\u00e9met szt\u00e1r j\u00f3volt\u00e1b\u00f3l. M\u00e1s k\u00e9rd\u00e9s, akkor, hat \u00e9vvel ezel\u0151tt v\u00e9g\u00fcl j\u00f6tt a dr\u00e1ma, hiszen Kittel az utols\u00f3 h\u00e9ten esett, fel kellett adnia a viadalt, ezzel a gyakorlatilag megnyert z\u00f6ld trik\u00f3j\u00e1t is elbukta. Ha Philipsen \u00f3vatosabb, ilyesmit\u0151l aligha kell f\u00e9lnie, hiszen m\u00e1r most, a m\u00e1sodik h\u00e9t v\u00e9ge fel\u00e9 j\u00f3form\u00e1n behozhatatlan az el\u0151nye a gyorsas\u00e1gi pontversenyben: a p\u00e9nteki Grand Colombier-szakasznak 144 pontos f\u00f3rral v\u00e1g neki Mads Pedersen el\u0151tt, vagyis ha nem bukik, \u00e9s a hegyeket is lek\u00fczdve sikeresen v\u00e9gigmegy a p\u00e1rizsi c\u00e9lig, akkor teljesen meg\u00e9rdemelten lesz \u00f6v\u00e9 a legend\u00e1s z\u00f6ld trik\u00f3.<\/p>\n<figure id=\"attachment_17683\" aria-describedby=\"caption-attachment-17683\" style=\"width: 1024px\" class=\"wp-caption alignnone\"><img loading=\"lazy\" decoding=\"async\" class=\"size-large wp-image-17683\" src=\"https:\/\/d2p6e6u75xmxt8.cloudfront.net\/12\/2023\/07\/001e64cc-1600-1024x576.webp\" alt=\"\" width=\"1024\" height=\"576\" srcset=\"https:\/\/d2p6e6u75xmxt8.cloudfront.net\/12\/2023\/07\/001e64cc-1600-1024x576.webp 1024w, https:\/\/d2p6e6u75xmxt8.cloudfront.net\/12\/2023\/07\/001e64cc-1600-300x169.webp 300w, https:\/\/d2p6e6u75xmxt8.cloudfront.net\/12\/2023\/07\/001e64cc-1600-768x432.webp 768w, https:\/\/d2p6e6u75xmxt8.cloudfront.net\/12\/2023\/07\/001e64cc-1600-1536x864.webp 1536w, https:\/\/d2p6e6u75xmxt8.cloudfront.net\/12\/2023\/07\/001e64cc-1600-400x225.webp 400w, https:\/\/d2p6e6u75xmxt8.cloudfront.net\/12\/2023\/07\/001e64cc-1600.webp 1600w\" sizes=\"auto, (max-width: 1024px) 100vw, 1024px\" \/><figcaption id=\"caption-attachment-17683\" class=\"wp-caption-text\">fot\u00f3: Beno\u00eet Tessier\/Reuters<\/figcaption><\/figure>\n<p><em>Bor\u00edt\u00f3k\u00e9p: Massimo Fulgenzi\/SprintCyclingAgency<\/em><\/p>\n","protected":false},"excerpt":{"rendered":"<p>A m\u00e9g mindig csak 21 \u00e9ves magyar l\u00e1ny a Sv\u00e1jci k\u00f6r\u00f6n aratott t\u00f6rt\u00e9nelmi sikere \u00e9s az \u00fajabb ob-aranyak ut\u00e1n a [&hellip;]<\/p>\n","protected":false},"author":71,"featured_media":17684,"comment_status":"open","ping_status":"open","sticky":false,"template":"","format":"standard","meta":{"footnotes":""},"categories":[8],"tags":[],"global-categories":[419],"class_list":["post-17682","post","type-post","status-publish","format-standard","has-post-thumbnail","hentry","category-orszaguti-kerekpar","global-categories-cycling"],"yoast_head":"<!-- This site is optimized with the Yoast SEO Premium plugin v25.3 (Yoast SEO v25.9) - https:\/\/yoast.com\/wordpress\/plugins\/seo\/ -->\n<title>Vas Blanka szenz\u00e1ci\u00f3s h\u00f3napja, Philipsen Kittel\u00e9k nyomdokain<\/title>\n<meta name=\"description\" content=\"A m\u00e9g mindig csak 21 \u00e9ves magyar l\u00e1ny a Sv\u00e1jci k\u00f6r\u00f6n aratott t\u00f6rt\u00e9nelmi sikere \u00e9s az \u00fajabb ob-aranyak ut\u00e1n a n\u0151i Gir\u00f3n tette fel a koron\u00e1t idei orsz\u00e1g\u00fati id\u00e9ny\u00e9re, mik\u00f6zben a f\u00e9rfiak Tour-j\u00e1n Jasper Philipsen ostromol t\u00f6rt\u00e9nelmi magass\u00e1gokat.\" \/>\n<meta name=\"robots\" content=\"index, follow, max-snippet:-1, max-image-preview:large, max-video-preview:-1\" \/>\n<link rel=\"canonical\" href=\"https:\/\/www.welovecycling.com\/hu\/orszaguti-kerekpar\/vas-blanka-szenzacios-honapja-philipsen-kittelek-nyomdokain\/\" \/>\n<meta property=\"og:locale\" content=\"hu_HU\" \/>\n<meta property=\"og:type\" content=\"article\" \/>\n<meta property=\"og:title\" content=\"Vas Blanka szenz\u00e1ci\u00f3s h\u00f3napja, Philipsen Kittel\u00e9k nyomdokain\" \/>\n<meta property=\"og:description\" content=\"A m\u00e9g mindig csak 21 \u00e9ves magyar l\u00e1ny a Sv\u00e1jci k\u00f6r\u00f6n aratott t\u00f6rt\u00e9nelmi sikere \u00e9s az \u00fajabb ob-aranyak ut\u00e1n a n\u0151i Gir\u00f3n tette fel a koron\u00e1t idei orsz\u00e1g\u00fati id\u00e9ny\u00e9re, mik\u00f6zben a f\u00e9rfiak Tour-j\u00e1n Jasper Philipsen ostromol t\u00f6rt\u00e9nelmi magass\u00e1gokat.\" \/>\n<meta property=\"og:url\" content=\"https:\/\/www.welovecycling.com\/hu\/orszaguti-kerekpar\/vas-blanka-szenzacios-honapja-philipsen-kittelek-nyomdokain\/\" \/>\n<meta property=\"og:site_name\" content=\"\u0160koda We Love Cycling - Magyarorsz\u00e1g\" \/>\n<meta property=\"article:publisher\" content=\"https:\/\/www.facebook.com\/WeLoveCyclingHungary\/\" \/>\n<meta property=\"article:published_time\" content=\"2023-07-14T11:00:55+00:00\" \/>\n<meta property=\"article:modified_time\" content=\"2023-07-14T12:00:28+00:00\" \/>\n<meta property=\"og:image\" content=\"https:\/\/d2p6e6u75xmxt8.cloudfront.net\/12\/2023\/07\/3740431-76098548-2560-1440.webp\" \/>\n\t<meta property=\"og:image:width\" content=\"2560\" \/>\n\t<meta property=\"og:image:height\" content=\"1440\" \/>\n\t<meta property=\"og:image:type\" content=\"image\/webp\" \/>\n<meta name=\"author\" content=\"hegyizs\" \/>\n<meta name=\"twitter:card\" content=\"summary_large_image\" \/>\n<meta name=\"twitter:label1\" content=\"Written by\" \/>\n\t<meta name=\"twitter:data1\" content=\"WLC\" \/>\n\t<meta name=\"twitter:label2\" content=\"Est. reading time\" \/>\n\t<meta name=\"twitter:data2\" content=\"4 minutes\" \/>\n<script type=\"application\/ld+json\" class=\"yoast-schema-graph\">{\"@context\":\"https:\/\/schema.org\",\"@graph\":[{\"@type\":\"WebPage\",\"@id\":\"https:\/\/www.welovecycling.com\/hu\/orszaguti-kerekpar\/vas-blanka-szenzacios-honapja-philipsen-kittelek-nyomdokain\/\",\"url\":\"https:\/\/www.welovecycling.com\/hu\/orszaguti-kerekpar\/vas-blanka-szenzacios-honapja-philipsen-kittelek-nyomdokain\/\",\"name\":\"Vas Blanka szenz\u00e1ci\u00f3s h\u00f3napja, Philipsen Kittel\u00e9k nyomdokain\",\"isPartOf\":{\"@id\":\"https:\/\/www.welovecycling.com\/hu\/#website\"},\"primaryImageOfPage\":{\"@id\":\"https:\/\/www.welovecycling.com\/hu\/orszaguti-kerekpar\/vas-blanka-szenzacios-honapja-philipsen-kittelek-nyomdokain\/#primaryimage\"},\"image\":{\"@id\":\"https:\/\/www.welovecycling.com\/hu\/orszaguti-kerekpar\/vas-blanka-szenzacios-honapja-philipsen-kittelek-nyomdokain\/#primaryimage\"},\"thumbnailUrl\":\"https:\/\/d2p6e6u75xmxt8.cloudfront.net\/12\/2023\/07\/3740431-76098548-2560-1440.webp\",\"datePublished\":\"2023-07-14T11:00:55+00:00\",\"dateModified\":\"2023-07-14T12:00:28+00:00\",\"author\":{\"@id\":\"https:\/\/www.welovecycling.com\/hu\/#\/schema\/person\/414a2aebf1801691a5320edb6468e194\"},\"description\":\"A m\u00e9g mindig csak 21 \u00e9ves magyar l\u00e1ny a Sv\u00e1jci k\u00f6r\u00f6n aratott t\u00f6rt\u00e9nelmi sikere \u00e9s az \u00fajabb ob-aranyak ut\u00e1n a n\u0151i Gir\u00f3n tette fel a koron\u00e1t idei orsz\u00e1g\u00fati id\u00e9ny\u00e9re, mik\u00f6zben a f\u00e9rfiak Tour-j\u00e1n Jasper Philipsen ostromol t\u00f6rt\u00e9nelmi magass\u00e1gokat.\",\"breadcrumb\":{\"@id\":\"https:\/\/www.welovecycling.com\/hu\/orszaguti-kerekpar\/vas-blanka-szenzacios-honapja-philipsen-kittelek-nyomdokain\/#breadcrumb\"},\"inLanguage\":\"hu\",\"potentialAction\":[{\"@type\":\"ReadAction\",\"target\":[\"https:\/\/www.welovecycling.com\/hu\/orszaguti-kerekpar\/vas-blanka-szenzacios-honapja-philipsen-kittelek-nyomdokain\/\"]}]},{\"@type\":\"ImageObject\",\"inLanguage\":\"hu\",\"@id\":\"https:\/\/www.welovecycling.com\/hu\/orszaguti-kerekpar\/vas-blanka-szenzacios-honapja-philipsen-kittelek-nyomdokain\/#primaryimage\",\"url\":\"https:\/\/d2p6e6u75xmxt8.cloudfront.net\/12\/2023\/07\/3740431-76098548-2560-1440.webp\",\"contentUrl\":\"https:\/\/d2p6e6u75xmxt8.cloudfront.net\/12\/2023\/07\/3740431-76098548-2560-1440.webp\",\"width\":2560,\"height\":1440},{\"@type\":\"BreadcrumbList\",\"@id\":\"https:\/\/www.welovecycling.com\/hu\/orszaguti-kerekpar\/vas-blanka-szenzacios-honapja-philipsen-kittelek-nyomdokain\/#breadcrumb\",\"itemListElement\":[{\"@type\":\"ListItem\",\"position\":1,\"name\":\"Home\",\"item\":\"https:\/\/www.welovecycling.com\/hu\/\"},{\"@type\":\"ListItem\",\"position\":2,\"name\":\"Vas Blanka szenz\u00e1ci\u00f3s h\u00f3napja, Philipsen Kittel\u00e9k nyomdokain\"}]},{\"@type\":\"WebSite\",\"@id\":\"https:\/\/www.welovecycling.com\/hu\/#website\",\"url\":\"https:\/\/www.welovecycling.com\/hu\/\",\"name\":\"\u0160koda We Love Cycling - Magyarorsz\u00e1g\",\"description\":\"\u0160koda WeLoveCycling\",\"potentialAction\":[{\"@type\":\"SearchAction\",\"target\":{\"@type\":\"EntryPoint\",\"urlTemplate\":\"https:\/\/www.welovecycling.com\/hu\/?s={search_term_string}\"},\"query-input\":{\"@type\":\"PropertyValueSpecification\",\"valueRequired\":true,\"valueName\":\"search_term_string\"}}],\"inLanguage\":\"hu\"},{\"@type\":\"Person\",\"@id\":\"https:\/\/www.welovecycling.com\/hu\/#\/schema\/person\/414a2aebf1801691a5320edb6468e194\",\"name\":\"hegyizs\",\"image\":{\"@type\":\"ImageObject\",\"inLanguage\":\"hu\",\"@id\":\"https:\/\/www.welovecycling.com\/hu\/#\/schema\/person\/image\/\",\"url\":\"https:\/\/secure.gravatar.com\/avatar\/02cf8a7906b8cf90cecb4679defac7cfd33a1c2e3b88e4903d947f3bb58eedd3?s=96&d=mm&r=g\",\"contentUrl\":\"https:\/\/secure.gravatar.com\/avatar\/02cf8a7906b8cf90cecb4679defac7cfd33a1c2e3b88e4903d947f3bb58eedd3?s=96&d=mm&r=g\",\"caption\":\"hegyizs\"},\"url\":\"https:\/\/www.welovecycling.com\/hu\/author\/hegyizs\/\"}]}<\/script>\n<!-- \/ Yoast SEO Premium plugin. -->","yoast_head_json":{"title":"Vas Blanka szenz\u00e1ci\u00f3s h\u00f3napja, Philipsen Kittel\u00e9k nyomdokain","description":"A m\u00e9g mindig csak 21 \u00e9ves magyar l\u00e1ny a Sv\u00e1jci k\u00f6r\u00f6n aratott t\u00f6rt\u00e9nelmi sikere \u00e9s az \u00fajabb ob-aranyak ut\u00e1n a n\u0151i Gir\u00f3n tette fel a koron\u00e1t idei orsz\u00e1g\u00fati id\u00e9ny\u00e9re, mik\u00f6zben a f\u00e9rfiak Tour-j\u00e1n Jasper Philipsen ostromol t\u00f6rt\u00e9nelmi magass\u00e1gokat.","robots":{"index":"index","follow":"follow","max-snippet":"max-snippet:-1","max-image-preview":"max-image-preview:large","max-video-preview":"max-video-preview:-1"},"canonical":"https:\/\/www.welovecycling.com\/hu\/orszaguti-kerekpar\/vas-blanka-szenzacios-honapja-philipsen-kittelek-nyomdokain\/","og_locale":"hu_HU","og_type":"article","og_title":"Vas Blanka szenz\u00e1ci\u00f3s h\u00f3napja, Philipsen Kittel\u00e9k nyomdokain","og_description":"A m\u00e9g mindig csak 21 \u00e9ves magyar l\u00e1ny a Sv\u00e1jci k\u00f6r\u00f6n aratott t\u00f6rt\u00e9nelmi sikere \u00e9s az \u00fajabb ob-aranyak ut\u00e1n a n\u0151i Gir\u00f3n tette fel a koron\u00e1t idei orsz\u00e1g\u00fati id\u00e9ny\u00e9re, mik\u00f6zben a f\u00e9rfiak Tour-j\u00e1n Jasper Philipsen ostromol t\u00f6rt\u00e9nelmi magass\u00e1gokat.","og_url":"https:\/\/www.welovecycling.com\/hu\/orszaguti-kerekpar\/vas-blanka-szenzacios-honapja-philipsen-kittelek-nyomdokain\/","og_site_name":"\u0160koda We Love Cycling - Magyarorsz\u00e1g","article_publisher":"https:\/\/www.facebook.com\/WeLoveCyclingHungary\/","article_published_time":"2023-07-14T11:00:55+00:00","article_modified_time":"2023-07-14T12:00:28+00:00","og_image":[{"width":2560,"height":1440,"url":"https:\/\/d2p6e6u75xmxt8.cloudfront.net\/12\/2023\/07\/3740431-76098548-2560-1440.webp","type":"image\/webp"}],"author":"hegyizs","twitter_card":"summary_large_image","twitter_misc":{"Written by":"WLC","Est. reading time":"4 minutes"},"schema":{"@context":"https:\/\/schema.org","@graph":[{"@type":"WebPage","@id":"https:\/\/www.welovecycling.com\/hu\/orszaguti-kerekpar\/vas-blanka-szenzacios-honapja-philipsen-kittelek-nyomdokain\/","url":"https:\/\/www.welovecycling.com\/hu\/orszaguti-kerekpar\/vas-blanka-szenzacios-honapja-philipsen-kittelek-nyomdokain\/","name":"Vas Blanka szenz\u00e1ci\u00f3s h\u00f3napja, Philipsen Kittel\u00e9k nyomdokain","isPartOf":{"@id":"https:\/\/www.welovecycling.com\/hu\/#website"},"primaryImageOfPage":{"@id":"https:\/\/www.welovecycling.com\/hu\/orszaguti-kerekpar\/vas-blanka-szenzacios-honapja-philipsen-kittelek-nyomdokain\/#primaryimage"},"image":{"@id":"https:\/\/www.welovecycling.com\/hu\/orszaguti-kerekpar\/vas-blanka-szenzacios-honapja-philipsen-kittelek-nyomdokain\/#primaryimage"},"thumbnailUrl":"https:\/\/d2p6e6u75xmxt8.cloudfront.net\/12\/2023\/07\/3740431-76098548-2560-1440.webp","datePublished":"2023-07-14T11:00:55+00:00","dateModified":"2023-07-14T12:00:28+00:00","author":{"@id":"https:\/\/www.welovecycling.com\/hu\/#\/schema\/person\/414a2aebf1801691a5320edb6468e194"},"description":"A m\u00e9g mindig csak 21 \u00e9ves magyar l\u00e1ny a Sv\u00e1jci k\u00f6r\u00f6n aratott t\u00f6rt\u00e9nelmi sikere \u00e9s az \u00fajabb ob-aranyak ut\u00e1n a n\u0151i Gir\u00f3n tette fel a koron\u00e1t idei orsz\u00e1g\u00fati id\u00e9ny\u00e9re, mik\u00f6zben a f\u00e9rfiak Tour-j\u00e1n Jasper Philipsen ostromol t\u00f6rt\u00e9nelmi magass\u00e1gokat.","breadcrumb":{"@id":"https:\/\/www.welovecycling.com\/hu\/orszaguti-kerekpar\/vas-blanka-szenzacios-honapja-philipsen-kittelek-nyomdokain\/#breadcrumb"},"inLanguage":"hu","potentialAction":[{"@type":"ReadAction","target":["https:\/\/www.welovecycling.com\/hu\/orszaguti-kerekpar\/vas-blanka-szenzacios-honapja-philipsen-kittelek-nyomdokain\/"]}]},{"@type":"ImageObject","inLanguage":"hu","@id":"https:\/\/www.welovecycling.com\/hu\/orszaguti-kerekpar\/vas-blanka-szenzacios-honapja-philipsen-kittelek-nyomdokain\/#primaryimage","url":"https:\/\/d2p6e6u75xmxt8.cloudfront.net\/12\/2023\/07\/3740431-76098548-2560-1440.webp","contentUrl":"https:\/\/d2p6e6u75xmxt8.cloudfront.net\/12\/2023\/07\/3740431-76098548-2560-1440.webp","width":2560,"height":1440},{"@type":"BreadcrumbList","@id":"https:\/\/www.welovecycling.com\/hu\/orszaguti-kerekpar\/vas-blanka-szenzacios-honapja-philipsen-kittelek-nyomdokain\/#breadcrumb","itemListElement":[{"@type":"ListItem","position":1,"name":"Home","item":"https:\/\/www.welovecycling.com\/hu\/"},{"@type":"ListItem","position":2,"name":"Vas Blanka szenz\u00e1ci\u00f3s h\u00f3napja, Philipsen Kittel\u00e9k nyomdokain"}]},{"@type":"WebSite","@id":"https:\/\/www.welovecycling.com\/hu\/#website","url":"https:\/\/www.welovecycling.com\/hu\/","name":"\u0160koda We Love Cycling - Magyarorsz\u00e1g","description":"\u0160koda WeLoveCycling","potentialAction":[{"@type":"SearchAction","target":{"@type":"EntryPoint","urlTemplate":"https:\/\/www.welovecycling.com\/hu\/?s={search_term_string}"},"query-input":{"@type":"PropertyValueSpecification","valueRequired":true,"valueName":"search_term_string"}}],"inLanguage":"hu"},{"@type":"Person","@id":"https:\/\/www.welovecycling.com\/hu\/#\/schema\/person\/414a2aebf1801691a5320edb6468e194","name":"hegyizs","image":{"@type":"ImageObject","inLanguage":"hu","@id":"https:\/\/www.welovecycling.com\/hu\/#\/schema\/person\/image\/","url":"https:\/\/secure.gravatar.com\/avatar\/02cf8a7906b8cf90cecb4679defac7cfd33a1c2e3b88e4903d947f3bb58eedd3?s=96&d=mm&r=g","contentUrl":"https:\/\/secure.gravatar.com\/avatar\/02cf8a7906b8cf90cecb4679defac7cfd33a1c2e3b88e4903d947f3bb58eedd3?s=96&d=mm&r=g","caption":"hegyizs"},"url":"https:\/\/www.welovecycling.com\/hu\/author\/hegyizs\/"}]}},"_links":{"self":[{"href":"https:\/\/www.welovecycling.com\/hu\/wp-json\/wp\/v2\/posts\/17682","targetHints":{"allow":["GET"]}}],"collection":[{"href":"https:\/\/www.welovecycling.com\/hu\/wp-json\/wp\/v2\/posts"}],"about":[{"href":"https:\/\/www.welovecycling.com\/hu\/wp-json\/wp\/v2\/types\/post"}],"author":[{"embeddable":true,"href":"https:\/\/www.welovecycling.com\/hu\/wp-json\/wp\/v2\/users\/71"}],"replies":[{"embeddable":true,"href":"https:\/\/www.welovecycling.com\/hu\/wp-json\/wp\/v2\/comments?post=17682"}],"version-history":[{"count":1,"href":"https:\/\/www.welovecycling.com\/hu\/wp-json\/wp\/v2\/posts\/17682\/revisions"}],"predecessor-version":[{"id":17686,"href":"https:\/\/www.welovecycling.com\/hu\/wp-json\/wp\/v2\/posts\/17682\/revisions\/17686"}],"wp:featuredmedia":[{"embeddable":true,"href":"https:\/\/www.welovecycling.com\/hu\/wp-json\/wp\/v2\/media\/17684"}],"wp:attachment":[{"href":"https:\/\/www.welovecycling.com\/hu\/wp-json\/wp\/v2\/media?parent=17682"}],"wp:term":[{"taxonomy":"category","embeddable":true,"href":"https:\/\/www.welovecycling.com\/hu\/wp-json\/wp\/v2\/categories?post=17682"},{"taxonomy":"post_tag","embeddable":true,"href":"https:\/\/www.welovecycling.com\/hu\/wp-json\/wp\/v2\/tags?post=17682"},{"taxonomy":"global-categories","embeddable":true,"href":"https:\/\/www.welovecycling.com\/hu\/wp-json\/wp\/v2\/global-categories?post=17682"}],"curies":[{"name":"wp","href":"https:\/\/api.w.org\/{rel}","templated":true}]}}