{"id":17664,"date":"2023-07-20T08:00:45","date_gmt":"2023-07-20T06:00:45","guid":{"rendered":"https:\/\/www.welovecycling.com\/hu\/?p=17664"},"modified":"2023-07-14T14:16:35","modified_gmt":"2023-07-14T12:16:35","slug":"csaladi-kerekparos-felfedezout-a-napsutotte-spanyol-costa-del-sol-regioba","status":"publish","type":"post","link":"https:\/\/www.welovecycling.com\/hu\/csalad\/csaladi-kerekparos-felfedezout-a-napsutotte-spanyol-costa-del-sol-regioba\/","title":{"rendered":"Csal\u00e1di ker\u00e9kp\u00e1ros felfedez\u0151\u00fat a naps\u00fct\u00f6tte spanyol Costa del Sol r\u00e9gi\u00f3ba"},"content":{"rendered":"<p><strong>Azoknak a lelkes ker\u00e9kp\u00e1rosoknak, akik egy eml\u00e9kezetes csal\u00e1di kalandot keresnek, a leny\u0171g\u00f6z\u0151 spanyol r\u00e9gi\u00f3t, Costa del Sol-t aj\u00e1nljuk. L\u00e1tv\u00e1nyos t\u00e1jaival, t\u00f6rt\u00e9nelmi v\u00e1rosaival \u00e9s b\u00e9k\u00e9s tengerpartjaival Costa del Sol a kult\u00fara, a t\u00f6rt\u00e9nelem \u00e9s a l\u00e9legzetel\u00e1ll\u00edt\u00f3 term\u00e9szeti sz\u00e9ps\u00e9gek egyed\u00fcl\u00e1ll\u00f3 \u00f6tv\u00f6zet\u00e9t k\u00edn\u00e1lja.<\/strong><!--more--><\/p>\n<h2><strong>A parti \u00fatvonal<\/strong><\/h2>\n<p><strong>Kiindul\u00f3pont:<\/strong> Malaga<br \/>\n<strong>V\u00e9g\u00e1llom\u00e1s:<\/strong> Estepona<br \/>\n<strong>Hossz:<\/strong> K\u00f6r\u00fclbel\u00fcl 80 kilom\u00e9ter<br \/>\nUt\u00e1nfut\u00f3val vagy gyerek\u00fcl\u00e9ssel kisgyermekek sz\u00e1m\u00e1ra is alkalmas.<\/p>\n<figure id=\"attachment_17665\" aria-describedby=\"caption-attachment-17665\" style=\"width: 1000px\" class=\"wp-caption alignnone\"><a href=\"https:\/\/d2p6e6u75xmxt8.cloudfront.net\/12\/2023\/07\/profimedia-0720919104.webp\"><img loading=\"lazy\" decoding=\"async\" class=\"wp-image-17665 size-full\" src=\"https:\/\/d2p6e6u75xmxt8.cloudfront.net\/12\/2023\/07\/profimedia-0720919104.webp\" alt=\"Malaga\" width=\"1000\" height=\"378\" srcset=\"https:\/\/d2p6e6u75xmxt8.cloudfront.net\/12\/2023\/07\/profimedia-0720919104.webp 1000w, https:\/\/d2p6e6u75xmxt8.cloudfront.net\/12\/2023\/07\/profimedia-0720919104-300x113.webp 300w, https:\/\/d2p6e6u75xmxt8.cloudfront.net\/12\/2023\/07\/profimedia-0720919104-768x290.webp 768w, https:\/\/d2p6e6u75xmxt8.cloudfront.net\/12\/2023\/07\/profimedia-0720919104-400x151.webp 400w\" sizes=\"auto, (max-width: 1000px) 100vw, 1000px\" \/><\/a><figcaption id=\"caption-attachment-17665\" class=\"wp-caption-text\">A gy\u00f6ny\u00f6r\u0171 Malaga \u00a9 Profimedia<\/figcaption><\/figure>\n<p>Ez az \u00fatvonal nyugodt utaz\u00e1st biztos\u00edt, \u00e9s lehet\u0151v\u00e9 teszi, hogy felfedezz\u00e9tek Costa del Sol csillog\u00f3 partvonal\u00e1t. A kaland a ny\u00fczsg\u0151 Malaga v\u00e1ros\u00e1ban kezd\u0151dik, amely t\u00f6bbek k\u00f6z\u00f6tt leny\u0171g\u00f6z\u0151 katedr\u00e1lis\u00e1r\u00f3l \u00e9s a Picasso M\u00fazeumr\u00f3l h\u00edres. Malag\u00e1b\u00f3l Estepona fel\u00e9 vezet az \u00fat, melynek sor\u00e1n \u00e1thaladhattok a legn\u00e9pszer\u0171bb turistav\u00e1rosokon, mint Torremolinos, Benalmadena, Fuengirola, Marbella \u00e9s Puerto Banus. Ez a csal\u00e1dbar\u00e1t \u00fatvonal minden koroszt\u00e1ly sz\u00e1m\u00e1ra kiv\u00e1l\u00f3, kisgyermekeknek is, f\u0151leg, ha rendelkeztek ker\u00e9kp\u00e1ros ut\u00e1nfut\u00f3val vagy gyerek\u00fcl\u00e9ssel.<\/p>\n<h2><strong>Ronda \u00e9s a Feh\u00e9r Falvak \u00fatvonala<\/strong><\/h2>\n<p><strong>Kiindul\u00f3pont:<\/strong> Ronda<br \/>\n<strong>V\u00e9g\u00e1llom\u00e1s:<\/strong> Ronda (k\u00f6r\u00fat)<br \/>\n<strong>Hossz:<\/strong> A teljes k\u00f6r\u00fat eset\u00e9n k\u00f6r\u00fclbel\u00fcl 60 kilom\u00e9ter<br \/>\nA dimbes-dombos terep miatt legink\u00e1bb id\u0151sebb gyerekek vagy tizen\u00e9vesek sz\u00e1m\u00e1ra alkalmas.<\/p>\n<figure id=\"attachment_17666\" aria-describedby=\"caption-attachment-17666\" style=\"width: 1250px\" class=\"wp-caption alignnone\"><a href=\"https:\/\/d2p6e6u75xmxt8.cloudfront.net\/12\/2023\/07\/profimedia-0431978421.webp\"><img loading=\"lazy\" decoding=\"async\" class=\"wp-image-17666 size-full\" src=\"https:\/\/d2p6e6u75xmxt8.cloudfront.net\/12\/2023\/07\/profimedia-0431978421.webp\" alt=\"Ronda\" width=\"1250\" height=\"833\" srcset=\"https:\/\/d2p6e6u75xmxt8.cloudfront.net\/12\/2023\/07\/profimedia-0431978421.webp 1250w, https:\/\/d2p6e6u75xmxt8.cloudfront.net\/12\/2023\/07\/profimedia-0431978421-300x200.webp 300w, https:\/\/d2p6e6u75xmxt8.cloudfront.net\/12\/2023\/07\/profimedia-0431978421-1024x682.webp 1024w, https:\/\/d2p6e6u75xmxt8.cloudfront.net\/12\/2023\/07\/profimedia-0431978421-768x512.webp 768w, https:\/\/d2p6e6u75xmxt8.cloudfront.net\/12\/2023\/07\/profimedia-0431978421-400x267.webp 400w, https:\/\/d2p6e6u75xmxt8.cloudfront.net\/12\/2023\/07\/profimedia-0431978421-272x182.webp 272w\" sizes=\"auto, (max-width: 1250px) 100vw, 1250px\" \/><\/a><figcaption id=\"caption-attachment-17666\" class=\"wp-caption-text\">Feh\u00e9r falu, Ronda \u00a9 Profimedia<\/figcaption><\/figure>\n<p>Ronda \u00e9s a Feh\u00e9r Falvak \u00fatvonala b\u00e1r egy kicsit nagyobb kih\u00edv\u00e1st jelent, hihetetlen\u00fcl kifizet\u0151d\u0151 \u00e9lm\u00e9nyt k\u00edn\u00e1l. Az utaz\u00e1s a hegytet\u0151n fekv\u0151 Ronda v\u00e1ros\u00e1ban kezd\u0151dik, amely a Puente Nuevo nevezet\u0171 h\u00eddj\u00e1r\u00f3l, \u00e9s Spanyolorsz\u00e1g legr\u00e9gebbi bikaviadal-ar\u00e9n\u00e1j\u00e1r\u00f3l ismert. A k\u00f6r\u00fat ezut\u00e1n kereszt\u00fcl vezet Andal\u00fazia elb\u0171v\u00f6l\u0151 feh\u00e9r falvain \u00e1t, mint p\u00e9ld\u00e1ul a szikl\u00e1ba \u00e9p\u00edtett h\u00e1zair\u00f3l h\u00edres Setenil de las Bodegas \u00e9s a term\u00e9szeti parkban fekv\u0151 Grazalema. \u00c9rdemes tiszt\u00e1ban lenni azzal, hogy az \u00fatvonal jelent\u0151s szintemelked\u00e9ssel b\u00edr, \u00edgy ink\u00e1bb id\u0151sebb gyerekek vagy tizen\u00e9vesek sz\u00e1m\u00e1ra ide\u00e1lis.<\/p>\n<h2><strong>Axarqu\u00eda \u00fatvonal<\/strong><\/h2>\n<p><strong>Kiindul\u00f3pont:<\/strong> Velez-Malaga<br \/>\n<strong>V\u00e9g\u00e1llom\u00e1s:<\/strong> Nerja<br \/>\n<strong>Hossz:<\/strong> K\u00f6r\u00fclbel\u00fcl 30 kilom\u00e9ter<br \/>\nGyerekek sz\u00e1m\u00e1ra is t\u00f6k\u00e9letes, n\u00e9h\u00e1ny emelked\u0151vel kell csak sz\u00e1molni.<\/p>\n<figure id=\"attachment_17667\" aria-describedby=\"caption-attachment-17667\" style=\"width: 1250px\" class=\"wp-caption alignnone\"><a href=\"https:\/\/d2p6e6u75xmxt8.cloudfront.net\/12\/2023\/07\/profimedia-0040257470.webp\"><img loading=\"lazy\" decoding=\"async\" class=\"wp-image-17667 size-full\" src=\"https:\/\/d2p6e6u75xmxt8.cloudfront.net\/12\/2023\/07\/profimedia-0040257470.webp\" alt=\"Nerja\" width=\"1250\" height=\"837\" srcset=\"https:\/\/d2p6e6u75xmxt8.cloudfront.net\/12\/2023\/07\/profimedia-0040257470.webp 1250w, https:\/\/d2p6e6u75xmxt8.cloudfront.net\/12\/2023\/07\/profimedia-0040257470-300x201.webp 300w, https:\/\/d2p6e6u75xmxt8.cloudfront.net\/12\/2023\/07\/profimedia-0040257470-1024x686.webp 1024w, https:\/\/d2p6e6u75xmxt8.cloudfront.net\/12\/2023\/07\/profimedia-0040257470-768x514.webp 768w, https:\/\/d2p6e6u75xmxt8.cloudfront.net\/12\/2023\/07\/profimedia-0040257470-400x268.webp 400w, https:\/\/d2p6e6u75xmxt8.cloudfront.net\/12\/2023\/07\/profimedia-0040257470-272x182.webp 272w\" sizes=\"auto, (max-width: 1250px) 100vw, 1250px\" \/><\/a><figcaption id=\"caption-attachment-17667\" class=\"wp-caption-text\">Nerja \u00a9 Profimedia<\/figcaption><\/figure>\n<p>Az Axarquia \u00fatvonal t\u00f6k\u00e9letes v\u00e1laszt\u00e1s egy k\u00f6zepes neh\u00e9zs\u00e9g\u0171 t\u00far\u00e1hoz. Velez-Malaga t\u00f6rt\u00e9nelmi v\u00e1ros\u00e1b\u00f3l kelet fel\u00e9 indulva eltekerhettek a fest\u0151i tengerparti v\u00e1ros, Nerja fel\u00e9, amely strandjair\u00f3l \u00e9s a leny\u0171g\u00f6z\u0151 Balcony of Europe nev\u0171 \u00f3v\u00e1ros\u00e1r\u00f3l h\u00edres. Az \u00fatvonalon haladva \u2013 amit hangulatos falvak \u00e9s vid\u00e9ki szakaszok tark\u00edtanak \u2013 egyszerre \u00e9lvezhetitek a tengerparti kil\u00e1t\u00e1st \u00e9s a gy\u00f6ny\u00f6r\u0171 t\u00e1jakat.<\/p>\n<h2><strong>Malaga v\u00e1rosi \u00fatvonala<\/strong><\/h2>\n<p><strong>Kiindul\u00f3pont:<\/strong> Malaga belv\u00e1rosa<br \/>\n<strong>V\u00e9g\u00e1llom\u00e1s:<\/strong> Malaga belv\u00e1rosa (k\u00f6r\u00fat)<br \/>\n<strong>Hossz:<\/strong> Megk\u00f6zel\u00edt\u0151leg 10-15 kilom\u00e9ter<br \/>\nUt\u00e1nfut\u00f3val vagy gyerek\u00fcl\u00e9ssel kisgyermekek sz\u00e1m\u00e1ra is teljes\u00edthet\u0151<\/p>\n<figure id=\"attachment_17668\" aria-describedby=\"caption-attachment-17668\" style=\"width: 1250px\" class=\"wp-caption alignnone\"><a href=\"https:\/\/d2p6e6u75xmxt8.cloudfront.net\/12\/2023\/07\/profimedia-0143521799.webp\"><img loading=\"lazy\" decoding=\"async\" class=\"wp-image-17668 size-full\" src=\"https:\/\/d2p6e6u75xmxt8.cloudfront.net\/12\/2023\/07\/profimedia-0143521799.webp\" alt=\"Picasso birthplace house and museum in Malaga\" width=\"1250\" height=\"833\" srcset=\"https:\/\/d2p6e6u75xmxt8.cloudfront.net\/12\/2023\/07\/profimedia-0143521799.webp 1250w, https:\/\/d2p6e6u75xmxt8.cloudfront.net\/12\/2023\/07\/profimedia-0143521799-300x200.webp 300w, https:\/\/d2p6e6u75xmxt8.cloudfront.net\/12\/2023\/07\/profimedia-0143521799-1024x682.webp 1024w, https:\/\/d2p6e6u75xmxt8.cloudfront.net\/12\/2023\/07\/profimedia-0143521799-768x512.webp 768w, https:\/\/d2p6e6u75xmxt8.cloudfront.net\/12\/2023\/07\/profimedia-0143521799-400x267.webp 400w, https:\/\/d2p6e6u75xmxt8.cloudfront.net\/12\/2023\/07\/profimedia-0143521799-272x182.webp 272w\" sizes=\"auto, (max-width: 1250px) 100vw, 1250px\" \/><\/a><figcaption id=\"caption-attachment-17668\" class=\"wp-caption-text\">Picasso sz\u00fcl\u0151h\u00e1z\u00e1b\u00f3l kialak\u00edtott m\u00fazeum, Malaga \u00a9 Profimedia<\/figcaption><\/figure>\n<p>Ha kev\u00e9sb\u00e9 meger\u0151ltet\u0151, v\u00e1rosi kalandot kerestek, a Malaga City Route ide\u00e1lis lehet. Ez az \u00fatvonal a ker\u00e9kp\u00e1roz\u00e1s mellett nagyszer\u0171 lehet\u0151s\u00e9get k\u00edn\u00e1l a v\u00e1ros gazdag kult\u00far\u00e1j\u00e1nak, t\u00f6rt\u00e9nelm\u00e9nek \u00e9s konyh\u00e1j\u00e1nak felfedez\u00e9s\u00e9re is. A v\u00e1roson bel\u00fcl emellett rengeteg ikonikus l\u00e1tnival\u00f3val tal\u00e1lkozhattok, k\u00f6zt\u00fck az Alcazab\u00e1val, a r\u00f3mai sz\u00ednh\u00e1zzal \u00e9s a Picasso M\u00fazeummal.<\/p>\n<h2><strong>B\u00d3NUSZ: Az Alhaurin el Grande \u00e9s Antequera k\u00f6z\u00f6tti \u00fatvonal<\/strong><\/h2>\n<p><strong>Kiindul\u00f3pont:<\/strong> Alhaurin el Grande<br \/>\n<strong>V\u00e9g\u00e1llom\u00e1s:<\/strong> Antequera<br \/>\n<strong>Hossz:<\/strong> K\u00f6r\u00fclbel\u00fcl 95 kilom\u00e9ter, amit k\u00e9t nap alatt \u00e9rdemes teljes\u00edteni.<br \/>\nA hosszabb t\u00e1v \u00e9s a dombos terep miatt id\u0151sebb gyerekek vagy tizen\u00e9vesek sz\u00e1m\u00e1ra ide\u00e1lis.<\/p>\n<figure id=\"attachment_17669\" aria-describedby=\"caption-attachment-17669\" style=\"width: 1250px\" class=\"wp-caption alignnone\"><a href=\"https:\/\/d2p6e6u75xmxt8.cloudfront.net\/12\/2023\/07\/profimedia-0012105915.webp\"><img loading=\"lazy\" decoding=\"async\" class=\"wp-image-17669 size-full\" src=\"https:\/\/d2p6e6u75xmxt8.cloudfront.net\/12\/2023\/07\/profimedia-0012105915.webp\" alt=\"Malaga\" width=\"1250\" height=\"833\" srcset=\"https:\/\/d2p6e6u75xmxt8.cloudfront.net\/12\/2023\/07\/profimedia-0012105915.webp 1250w, https:\/\/d2p6e6u75xmxt8.cloudfront.net\/12\/2023\/07\/profimedia-0012105915-300x200.webp 300w, https:\/\/d2p6e6u75xmxt8.cloudfront.net\/12\/2023\/07\/profimedia-0012105915-1024x682.webp 1024w, https:\/\/d2p6e6u75xmxt8.cloudfront.net\/12\/2023\/07\/profimedia-0012105915-768x512.webp 768w, https:\/\/d2p6e6u75xmxt8.cloudfront.net\/12\/2023\/07\/profimedia-0012105915-400x267.webp 400w, https:\/\/d2p6e6u75xmxt8.cloudfront.net\/12\/2023\/07\/profimedia-0012105915-272x182.webp 272w\" sizes=\"auto, (max-width: 1250px) 100vw, 1250px\" \/><\/a><figcaption id=\"caption-attachment-17669\" class=\"wp-caption-text\">Vir\u00e1gz\u00f3 k\u00f6rte, Alhaurin El Grande \u00a9 Profimedia<\/figcaption><\/figure>\n<p>Annak, aki k\u00e9tnapos ker\u00e9kp\u00e1rt\u00far\u00e1ra k\u00e9sz\u00fcl, az Alhaurin el Grande \u00e9s Antequera k\u00f6z\u00f6tti \u00fatvonal kiv\u00e1l\u00f3 lehet\u0151s\u00e9geket k\u00edn\u00e1l. Induljatok \u00fatnak a Costa del Sol-i, hegyek k\u00f6z\u00f6tt fekv\u0151 b\u00e1jos kisv\u00e1rosb\u00f3l, Alhaurin el Grand\u00e9b\u00f3l. Antequera fel\u00e9 ker\u00e9kp\u00e1rozva sz\u00e1mos gy\u00f6ny\u00f6r\u0171 v\u00e1roson, p\u00e9ld\u00e1ul Cartam\u00e1n \u00e9s Pizarr\u00e1n haladhattok \u00e1t, melyek mindegyike egyedi betekint\u00e9st ny\u00fajt az andal\u00faziai kult\u00far\u00e1ba \u00e9s \u00e9letm\u00f3dba.<\/p>\n<p>Az els\u0151 napon k\u00f6r\u00fclbel\u00fcl 40 kilom\u00e9tert kell megtennetek, hogy el\u00e9rj\u00e9tek Pizarr\u00e1t. Itt t\u00f6bb csal\u00e1dbar\u00e1t sz\u00e1ll\u00e1shelyet is tal\u00e1lhattok \u00e9jszak\u00e1ra. A m\u00e1sodik napon folytathatj\u00e1tok a t\u00far\u00e1t Antequera fel\u00e9, amely gazdag t\u00f6rt\u00e9nelm\u00e9r\u0151l \u00e9s leny\u0171g\u00f6z\u0151 \u00e9p\u00edt\u00e9szet\u00e9r\u0151l ismert, bele\u00e9rtve az \u0151si dolmeneket (\u0151skori s\u00edrhalmokat), az Antequera-i Alcazab\u00e1t \u00e9s a lebilincsel\u0151 El Torcal term\u00e9szeti parkot. Az \u00fatvonal t\u00f6bb emelked\u0151t tartalmaz, ez\u00e9rt ink\u00e1bb id\u0151sebb gyerekek vagy tizen\u00e9vesek sz\u00e1m\u00e1ra ide\u00e1lis.<br \/>\nEz a ker\u00e9kp\u00e1ros \u00fatvonal lehet\u0151v\u00e9 teszi, hogy megtapasztalj\u00e1tok az andal\u00faziai t\u00e1jak l\u00e9legzetel\u00e1ll\u00edt\u00f3 sz\u00e9ps\u00e9g\u00e9t, tan\u00fai legyetek a v\u00e1ros gazdag t\u00f6rt\u00e9nelm\u00e9nek, \u00e9s elmer\u00fcljetek az \u00e9l\u00e9nk kult\u00far\u00e1j\u00e1ban. Az eml\u00e9kezetes kaland ut\u00e1n pedig vonattal vagy busszal is visszat\u00e9rhettek Alhaurin el Grande-ba.<\/p>\n","protected":false},"excerpt":{"rendered":"<p>Azoknak a lelkes ker\u00e9kp\u00e1rosoknak, akik egy eml\u00e9kezetes csal\u00e1di kalandot keresnek, a leny\u0171g\u00f6z\u0151 spanyol r\u00e9gi\u00f3t, Costa del Sol-t aj\u00e1nljuk. L\u00e1tv\u00e1nyos t\u00e1jaival, [&hellip;]<\/p>\n","protected":false},"author":71,"featured_media":17671,"comment_status":"open","ping_status":"open","sticky":false,"template":"","format":"standard","meta":{"footnotes":""},"categories":[11],"tags":[],"global-categories":[],"class_list":["post-17664","post","type-post","status-publish","format-standard","has-post-thumbnail","hentry","category-csalad"],"yoast_head":"<!-- This site is optimized with the Yoast SEO Premium plugin v25.3 (Yoast SEO v25.9) - https:\/\/yoast.com\/wordpress\/plugins\/seo\/ -->\n<title>Csal\u00e1di ker\u00e9kp\u00e1ros felfedez\u0151\u00fat a naps\u00fct\u00f6tte spanyol Costa del Sol r\u00e9gi\u00f3ba<\/title>\n<meta name=\"description\" content=\"Azoknak a lelkes ker\u00e9kp\u00e1rosoknak, akik egy eml\u00e9kezetes csal\u00e1di kalandot keresnek, a leny\u0171g\u00f6z\u0151 spanyol r\u00e9gi\u00f3t, Costa del Sol-t aj\u00e1nljuk. L\u00e1tv\u00e1nyos t\u00e1jaival, t\u00f6rt\u00e9nelmi v\u00e1rosaival \u00e9s b\u00e9k\u00e9s tengerpartjaival Costa del Sol a kult\u00fara, a t\u00f6rt\u00e9nelem \u00e9s a l\u00e9legzetel\u00e1ll\u00edt\u00f3 term\u00e9szeti sz\u00e9ps\u00e9gek egyed\u00fcl\u00e1ll\u00f3 \u00f6tv\u00f6zet\u00e9t k\u00edn\u00e1lja.\" \/>\n<meta name=\"robots\" content=\"index, follow, max-snippet:-1, max-image-preview:large, max-video-preview:-1\" \/>\n<link rel=\"canonical\" href=\"https:\/\/www.welovecycling.com\/hu\/csalad\/csaladi-kerekparos-felfedezout-a-napsutotte-spanyol-costa-del-sol-regioba\/\" \/>\n<meta property=\"og:locale\" content=\"hu_HU\" \/>\n<meta property=\"og:type\" content=\"article\" \/>\n<meta property=\"og:title\" content=\"Csal\u00e1di ker\u00e9kp\u00e1ros felfedez\u0151\u00fat a naps\u00fct\u00f6tte spanyol Costa del Sol r\u00e9gi\u00f3ba\" \/>\n<meta property=\"og:description\" content=\"Azoknak a lelkes ker\u00e9kp\u00e1rosoknak, akik egy eml\u00e9kezetes csal\u00e1di kalandot keresnek, a leny\u0171g\u00f6z\u0151 spanyol r\u00e9gi\u00f3t, Costa del Sol-t aj\u00e1nljuk. L\u00e1tv\u00e1nyos t\u00e1jaival, t\u00f6rt\u00e9nelmi v\u00e1rosaival \u00e9s b\u00e9k\u00e9s tengerpartjaival Costa del Sol a kult\u00fara, a t\u00f6rt\u00e9nelem \u00e9s a l\u00e9legzetel\u00e1ll\u00edt\u00f3 term\u00e9szeti sz\u00e9ps\u00e9gek egyed\u00fcl\u00e1ll\u00f3 \u00f6tv\u00f6zet\u00e9t k\u00edn\u00e1lja.\" \/>\n<meta property=\"og:url\" content=\"https:\/\/www.welovecycling.com\/hu\/csalad\/csaladi-kerekparos-felfedezout-a-napsutotte-spanyol-costa-del-sol-regioba\/\" \/>\n<meta property=\"og:site_name\" content=\"\u0160koda We Love Cycling - Magyarorsz\u00e1g\" \/>\n<meta property=\"article:publisher\" content=\"https:\/\/www.facebook.com\/WeLoveCyclingHungary\/\" \/>\n<meta property=\"article:published_time\" content=\"2023-07-20T06:00:45+00:00\" \/>\n<meta property=\"og:image\" content=\"https:\/\/d2p6e6u75xmxt8.cloudfront.net\/12\/2023\/07\/profimedia-0697352400.webp\" \/>\n\t<meta property=\"og:image:width\" content=\"1000\" \/>\n\t<meta property=\"og:image:height\" content=\"666\" \/>\n\t<meta property=\"og:image:type\" content=\"image\/webp\" \/>\n<meta name=\"author\" content=\"hegyizs\" \/>\n<meta name=\"twitter:card\" content=\"summary_large_image\" \/>\n<meta name=\"twitter:label1\" content=\"Written by\" \/>\n\t<meta name=\"twitter:data1\" content=\"WeLoveCycling\" \/>\n\t<meta name=\"twitter:label2\" content=\"Est. reading time\" \/>\n\t<meta name=\"twitter:data2\" content=\"5\" \/>\n<script type=\"application\/ld+json\" class=\"yoast-schema-graph\">{\"@context\":\"https:\/\/schema.org\",\"@graph\":[{\"@type\":\"WebPage\",\"@id\":\"https:\/\/www.welovecycling.com\/hu\/csalad\/csaladi-kerekparos-felfedezout-a-napsutotte-spanyol-costa-del-sol-regioba\/\",\"url\":\"https:\/\/www.welovecycling.com\/hu\/csalad\/csaladi-kerekparos-felfedezout-a-napsutotte-spanyol-costa-del-sol-regioba\/\",\"name\":\"Csal\u00e1di ker\u00e9kp\u00e1ros felfedez\u0151\u00fat a naps\u00fct\u00f6tte spanyol Costa del Sol r\u00e9gi\u00f3ba\",\"isPartOf\":{\"@id\":\"https:\/\/www.welovecycling.com\/hu\/#website\"},\"primaryImageOfPage\":{\"@id\":\"https:\/\/www.welovecycling.com\/hu\/csalad\/csaladi-kerekparos-felfedezout-a-napsutotte-spanyol-costa-del-sol-regioba\/#primaryimage\"},\"image\":{\"@id\":\"https:\/\/www.welovecycling.com\/hu\/csalad\/csaladi-kerekparos-felfedezout-a-napsutotte-spanyol-costa-del-sol-regioba\/#primaryimage\"},\"thumbnailUrl\":\"https:\/\/d2p6e6u75xmxt8.cloudfront.net\/12\/2023\/07\/profimedia-0697352400.webp\",\"datePublished\":\"2023-07-20T06:00:45+00:00\",\"author\":{\"@id\":\"https:\/\/www.welovecycling.com\/hu\/#\/schema\/person\/414a2aebf1801691a5320edb6468e194\"},\"description\":\"Azoknak a lelkes ker\u00e9kp\u00e1rosoknak, akik egy eml\u00e9kezetes csal\u00e1di kalandot keresnek, a leny\u0171g\u00f6z\u0151 spanyol r\u00e9gi\u00f3t, Costa del Sol-t aj\u00e1nljuk. L\u00e1tv\u00e1nyos t\u00e1jaival, t\u00f6rt\u00e9nelmi v\u00e1rosaival \u00e9s b\u00e9k\u00e9s tengerpartjaival Costa del Sol a kult\u00fara, a t\u00f6rt\u00e9nelem \u00e9s a l\u00e9legzetel\u00e1ll\u00edt\u00f3 term\u00e9szeti sz\u00e9ps\u00e9gek egyed\u00fcl\u00e1ll\u00f3 \u00f6tv\u00f6zet\u00e9t k\u00edn\u00e1lja.\",\"breadcrumb\":{\"@id\":\"https:\/\/www.welovecycling.com\/hu\/csalad\/csaladi-kerekparos-felfedezout-a-napsutotte-spanyol-costa-del-sol-regioba\/#breadcrumb\"},\"inLanguage\":\"hu\",\"potentialAction\":[{\"@type\":\"ReadAction\",\"target\":[\"https:\/\/www.welovecycling.com\/hu\/csalad\/csaladi-kerekparos-felfedezout-a-napsutotte-spanyol-costa-del-sol-regioba\/\"]}]},{\"@type\":\"ImageObject\",\"inLanguage\":\"hu\",\"@id\":\"https:\/\/www.welovecycling.com\/hu\/csalad\/csaladi-kerekparos-felfedezout-a-napsutotte-spanyol-costa-del-sol-regioba\/#primaryimage\",\"url\":\"https:\/\/d2p6e6u75xmxt8.cloudfront.net\/12\/2023\/07\/profimedia-0697352400.webp\",\"contentUrl\":\"https:\/\/d2p6e6u75xmxt8.cloudfront.net\/12\/2023\/07\/profimedia-0697352400.webp\",\"width\":1000,\"height\":666,\"caption\":\"Costa del Sol\"},{\"@type\":\"BreadcrumbList\",\"@id\":\"https:\/\/www.welovecycling.com\/hu\/csalad\/csaladi-kerekparos-felfedezout-a-napsutotte-spanyol-costa-del-sol-regioba\/#breadcrumb\",\"itemListElement\":[{\"@type\":\"ListItem\",\"position\":1,\"name\":\"Home\",\"item\":\"https:\/\/www.welovecycling.com\/hu\/\"},{\"@type\":\"ListItem\",\"position\":2,\"name\":\"Csal\u00e1di ker\u00e9kp\u00e1ros felfedez\u0151\u00fat a naps\u00fct\u00f6tte spanyol Costa del Sol r\u00e9gi\u00f3ba\"}]},{\"@type\":\"WebSite\",\"@id\":\"https:\/\/www.welovecycling.com\/hu\/#website\",\"url\":\"https:\/\/www.welovecycling.com\/hu\/\",\"name\":\"\u0160koda We Love Cycling - Magyarorsz\u00e1g\",\"description\":\"\u0160koda WeLoveCycling\",\"potentialAction\":[{\"@type\":\"SearchAction\",\"target\":{\"@type\":\"EntryPoint\",\"urlTemplate\":\"https:\/\/www.welovecycling.com\/hu\/?s={search_term_string}\"},\"query-input\":{\"@type\":\"PropertyValueSpecification\",\"valueRequired\":true,\"valueName\":\"search_term_string\"}}],\"inLanguage\":\"hu\"},{\"@type\":\"Person\",\"@id\":\"https:\/\/www.welovecycling.com\/hu\/#\/schema\/person\/414a2aebf1801691a5320edb6468e194\",\"name\":\"hegyizs\",\"image\":{\"@type\":\"ImageObject\",\"inLanguage\":\"hu\",\"@id\":\"https:\/\/www.welovecycling.com\/hu\/#\/schema\/person\/image\/\",\"url\":\"https:\/\/secure.gravatar.com\/avatar\/02cf8a7906b8cf90cecb4679defac7cfd33a1c2e3b88e4903d947f3bb58eedd3?s=96&d=mm&r=g\",\"contentUrl\":\"https:\/\/secure.gravatar.com\/avatar\/02cf8a7906b8cf90cecb4679defac7cfd33a1c2e3b88e4903d947f3bb58eedd3?s=96&d=mm&r=g\",\"caption\":\"hegyizs\"},\"url\":\"https:\/\/www.welovecycling.com\/hu\/author\/hegyizs\/\"}]}<\/script>\n<!-- \/ Yoast SEO Premium plugin. -->","yoast_head_json":{"title":"Csal\u00e1di ker\u00e9kp\u00e1ros felfedez\u0151\u00fat a naps\u00fct\u00f6tte spanyol Costa del Sol r\u00e9gi\u00f3ba","description":"Azoknak a lelkes ker\u00e9kp\u00e1rosoknak, akik egy eml\u00e9kezetes csal\u00e1di kalandot keresnek, a leny\u0171g\u00f6z\u0151 spanyol r\u00e9gi\u00f3t, Costa del Sol-t aj\u00e1nljuk. L\u00e1tv\u00e1nyos t\u00e1jaival, t\u00f6rt\u00e9nelmi v\u00e1rosaival \u00e9s b\u00e9k\u00e9s tengerpartjaival Costa del Sol a kult\u00fara, a t\u00f6rt\u00e9nelem \u00e9s a l\u00e9legzetel\u00e1ll\u00edt\u00f3 term\u00e9szeti sz\u00e9ps\u00e9gek egyed\u00fcl\u00e1ll\u00f3 \u00f6tv\u00f6zet\u00e9t k\u00edn\u00e1lja.","robots":{"index":"index","follow":"follow","max-snippet":"max-snippet:-1","max-image-preview":"max-image-preview:large","max-video-preview":"max-video-preview:-1"},"canonical":"https:\/\/www.welovecycling.com\/hu\/csalad\/csaladi-kerekparos-felfedezout-a-napsutotte-spanyol-costa-del-sol-regioba\/","og_locale":"hu_HU","og_type":"article","og_title":"Csal\u00e1di ker\u00e9kp\u00e1ros felfedez\u0151\u00fat a naps\u00fct\u00f6tte spanyol Costa del Sol r\u00e9gi\u00f3ba","og_description":"Azoknak a lelkes ker\u00e9kp\u00e1rosoknak, akik egy eml\u00e9kezetes csal\u00e1di kalandot keresnek, a leny\u0171g\u00f6z\u0151 spanyol r\u00e9gi\u00f3t, Costa del Sol-t aj\u00e1nljuk. L\u00e1tv\u00e1nyos t\u00e1jaival, t\u00f6rt\u00e9nelmi v\u00e1rosaival \u00e9s b\u00e9k\u00e9s tengerpartjaival Costa del Sol a kult\u00fara, a t\u00f6rt\u00e9nelem \u00e9s a l\u00e9legzetel\u00e1ll\u00edt\u00f3 term\u00e9szeti sz\u00e9ps\u00e9gek egyed\u00fcl\u00e1ll\u00f3 \u00f6tv\u00f6zet\u00e9t k\u00edn\u00e1lja.","og_url":"https:\/\/www.welovecycling.com\/hu\/csalad\/csaladi-kerekparos-felfedezout-a-napsutotte-spanyol-costa-del-sol-regioba\/","og_site_name":"\u0160koda We Love Cycling - Magyarorsz\u00e1g","article_publisher":"https:\/\/www.facebook.com\/WeLoveCyclingHungary\/","article_published_time":"2023-07-20T06:00:45+00:00","og_image":[{"width":1000,"height":666,"url":"https:\/\/d2p6e6u75xmxt8.cloudfront.net\/12\/2023\/07\/profimedia-0697352400.webp","type":"image\/webp"}],"author":"hegyizs","twitter_card":"summary_large_image","twitter_misc":{"Written by":"WeLoveCycling","Est. reading time":"5"},"schema":{"@context":"https:\/\/schema.org","@graph":[{"@type":"WebPage","@id":"https:\/\/www.welovecycling.com\/hu\/csalad\/csaladi-kerekparos-felfedezout-a-napsutotte-spanyol-costa-del-sol-regioba\/","url":"https:\/\/www.welovecycling.com\/hu\/csalad\/csaladi-kerekparos-felfedezout-a-napsutotte-spanyol-costa-del-sol-regioba\/","name":"Csal\u00e1di ker\u00e9kp\u00e1ros felfedez\u0151\u00fat a naps\u00fct\u00f6tte spanyol Costa del Sol r\u00e9gi\u00f3ba","isPartOf":{"@id":"https:\/\/www.welovecycling.com\/hu\/#website"},"primaryImageOfPage":{"@id":"https:\/\/www.welovecycling.com\/hu\/csalad\/csaladi-kerekparos-felfedezout-a-napsutotte-spanyol-costa-del-sol-regioba\/#primaryimage"},"image":{"@id":"https:\/\/www.welovecycling.com\/hu\/csalad\/csaladi-kerekparos-felfedezout-a-napsutotte-spanyol-costa-del-sol-regioba\/#primaryimage"},"thumbnailUrl":"https:\/\/d2p6e6u75xmxt8.cloudfront.net\/12\/2023\/07\/profimedia-0697352400.webp","datePublished":"2023-07-20T06:00:45+00:00","author":{"@id":"https:\/\/www.welovecycling.com\/hu\/#\/schema\/person\/414a2aebf1801691a5320edb6468e194"},"description":"Azoknak a lelkes ker\u00e9kp\u00e1rosoknak, akik egy eml\u00e9kezetes csal\u00e1di kalandot keresnek, a leny\u0171g\u00f6z\u0151 spanyol r\u00e9gi\u00f3t, Costa del Sol-t aj\u00e1nljuk. L\u00e1tv\u00e1nyos t\u00e1jaival, t\u00f6rt\u00e9nelmi v\u00e1rosaival \u00e9s b\u00e9k\u00e9s tengerpartjaival Costa del Sol a kult\u00fara, a t\u00f6rt\u00e9nelem \u00e9s a l\u00e9legzetel\u00e1ll\u00edt\u00f3 term\u00e9szeti sz\u00e9ps\u00e9gek egyed\u00fcl\u00e1ll\u00f3 \u00f6tv\u00f6zet\u00e9t k\u00edn\u00e1lja.","breadcrumb":{"@id":"https:\/\/www.welovecycling.com\/hu\/csalad\/csaladi-kerekparos-felfedezout-a-napsutotte-spanyol-costa-del-sol-regioba\/#breadcrumb"},"inLanguage":"hu","potentialAction":[{"@type":"ReadAction","target":["https:\/\/www.welovecycling.com\/hu\/csalad\/csaladi-kerekparos-felfedezout-a-napsutotte-spanyol-costa-del-sol-regioba\/"]}]},{"@type":"ImageObject","inLanguage":"hu","@id":"https:\/\/www.welovecycling.com\/hu\/csalad\/csaladi-kerekparos-felfedezout-a-napsutotte-spanyol-costa-del-sol-regioba\/#primaryimage","url":"https:\/\/d2p6e6u75xmxt8.cloudfront.net\/12\/2023\/07\/profimedia-0697352400.webp","contentUrl":"https:\/\/d2p6e6u75xmxt8.cloudfront.net\/12\/2023\/07\/profimedia-0697352400.webp","width":1000,"height":666,"caption":"Costa del Sol"},{"@type":"BreadcrumbList","@id":"https:\/\/www.welovecycling.com\/hu\/csalad\/csaladi-kerekparos-felfedezout-a-napsutotte-spanyol-costa-del-sol-regioba\/#breadcrumb","itemListElement":[{"@type":"ListItem","position":1,"name":"Home","item":"https:\/\/www.welovecycling.com\/hu\/"},{"@type":"ListItem","position":2,"name":"Csal\u00e1di ker\u00e9kp\u00e1ros felfedez\u0151\u00fat a naps\u00fct\u00f6tte spanyol Costa del Sol r\u00e9gi\u00f3ba"}]},{"@type":"WebSite","@id":"https:\/\/www.welovecycling.com\/hu\/#website","url":"https:\/\/www.welovecycling.com\/hu\/","name":"\u0160koda We Love Cycling - Magyarorsz\u00e1g","description":"\u0160koda WeLoveCycling","potentialAction":[{"@type":"SearchAction","target":{"@type":"EntryPoint","urlTemplate":"https:\/\/www.welovecycling.com\/hu\/?s={search_term_string}"},"query-input":{"@type":"PropertyValueSpecification","valueRequired":true,"valueName":"search_term_string"}}],"inLanguage":"hu"},{"@type":"Person","@id":"https:\/\/www.welovecycling.com\/hu\/#\/schema\/person\/414a2aebf1801691a5320edb6468e194","name":"hegyizs","image":{"@type":"ImageObject","inLanguage":"hu","@id":"https:\/\/www.welovecycling.com\/hu\/#\/schema\/person\/image\/","url":"https:\/\/secure.gravatar.com\/avatar\/02cf8a7906b8cf90cecb4679defac7cfd33a1c2e3b88e4903d947f3bb58eedd3?s=96&d=mm&r=g","contentUrl":"https:\/\/secure.gravatar.com\/avatar\/02cf8a7906b8cf90cecb4679defac7cfd33a1c2e3b88e4903d947f3bb58eedd3?s=96&d=mm&r=g","caption":"hegyizs"},"url":"https:\/\/www.welovecycling.com\/hu\/author\/hegyizs\/"}]}},"_links":{"self":[{"href":"https:\/\/www.welovecycling.com\/hu\/wp-json\/wp\/v2\/posts\/17664","targetHints":{"allow":["GET"]}}],"collection":[{"href":"https:\/\/www.welovecycling.com\/hu\/wp-json\/wp\/v2\/posts"}],"about":[{"href":"https:\/\/www.welovecycling.com\/hu\/wp-json\/wp\/v2\/types\/post"}],"author":[{"embeddable":true,"href":"https:\/\/www.welovecycling.com\/hu\/wp-json\/wp\/v2\/users\/71"}],"replies":[{"embeddable":true,"href":"https:\/\/www.welovecycling.com\/hu\/wp-json\/wp\/v2\/comments?post=17664"}],"version-history":[{"count":2,"href":"https:\/\/www.welovecycling.com\/hu\/wp-json\/wp\/v2\/posts\/17664\/revisions"}],"predecessor-version":[{"id":17672,"href":"https:\/\/www.welovecycling.com\/hu\/wp-json\/wp\/v2\/posts\/17664\/revisions\/17672"}],"wp:featuredmedia":[{"embeddable":true,"href":"https:\/\/www.welovecycling.com\/hu\/wp-json\/wp\/v2\/media\/17671"}],"wp:attachment":[{"href":"https:\/\/www.welovecycling.com\/hu\/wp-json\/wp\/v2\/media?parent=17664"}],"wp:term":[{"taxonomy":"category","embeddable":true,"href":"https:\/\/www.welovecycling.com\/hu\/wp-json\/wp\/v2\/categories?post=17664"},{"taxonomy":"post_tag","embeddable":true,"href":"https:\/\/www.welovecycling.com\/hu\/wp-json\/wp\/v2\/tags?post=17664"},{"taxonomy":"global-categories","embeddable":true,"href":"https:\/\/www.welovecycling.com\/hu\/wp-json\/wp\/v2\/global-categories?post=17664"}],"curies":[{"name":"wp","href":"https:\/\/api.w.org\/{rel}","templated":true}]}}