{"id":17657,"date":"2023-07-17T08:00:51","date_gmt":"2023-07-17T06:00:51","guid":{"rendered":"https:\/\/www.welovecycling.com\/hu\/?p=17657"},"modified":"2023-07-14T14:14:55","modified_gmt":"2023-07-14T12:14:55","slug":"versenykepes-csucsforma-hat-het-alatt-mentalis-felkeszules","status":"publish","type":"post","link":"https:\/\/www.welovecycling.com\/hu\/edzes-es-eletmod\/versenykepes-csucsforma-hat-het-alatt-mentalis-felkeszules\/","title":{"rendered":"Versenyk\u00e9pes cs\u00facsforma hat h\u00e9t alatt \u2013 Ment\u00e1lis felk\u00e9sz\u00fcl\u00e9s"},"content":{"rendered":"<p><strong>Ha versenyre k\u00e9sz\u00fclsz, az utols\u00f3 k\u00e9t h\u00e9tben az edz\u00e9sterveden v\u00e9grehajtott v\u00e1ltoztat\u00e1sok \u00f6nmagukban m\u00e1r nem tudj\u00e1k jelent\u0151sen jav\u00edtani a teljes\u00edtm\u00e9nyed. A ment\u00e1lis felk\u00e9sz\u00fclts\u00e9geden azonban m\u00e9g dolgozhatsz.<\/strong><\/p>\n<p><!--more--><\/p>\n<h2><strong>A kontroll\u00e1lhat\u00f3 t\u00e9nyez\u0151kre f\u00f3kusz\u00e1lj<\/strong><\/h2>\n<p>B\u00e1r val\u00f3sz\u00edn\u0171leg Te is eg\u00e9sz \u00e9vben fejleszted a ment\u00e1lis er\u0151nl\u00e9ted, egy fontosabb esem\u00e9ny k\u00f6zeledt\u00e9vel plusz kih\u00edv\u00e1sokkal is szembeker\u00fclhetsz. Ezek egyike az \u00f6nbizalomhi\u00e1ny. Eleget edzettem? Megvan a sz\u00fcks\u00e9ges kondim? Az ehhez hasonl\u00f3 gondolatok gyakoriak, \u00e9s nagyon stresszess\u00e9 tehetik a verseny el\u0151tti utols\u00f3 heteket. Vannak, akik emiatt p\u00e1nikba esnek, \u00e9s elkezdenek extra teker\u00e9seket beiktatni az edz\u00e9sterv\u00fckbe, csak az\u00e9rt, hogy tesztelj\u00e9k, k\u00e9szen \u00e1llnak-e.<\/p>\n<p>A legfontosabb dolog, amit szem el\u0151tt kell tartanod, hogy 1-2 h\u00e9ttel a verseny el\u0151tt fizikailag m\u00e1r annyira felk\u00e9sz\u00fclt vagy, amennyire csak lehet. Ha szeretn\u00e9d kicsit \u00e9p\u00edteni az \u00f6nbizalmad, ink\u00e1bb n\u00e9zd meg, miket \u00edrt\u00e1l fel az edz\u00e9snapl\u00f3dba az elm\u00falt hetekben \u00e9s h\u00f3napokban, ahelyett, hogy minden egyes ker\u00e9kp\u00e1roz\u00e1st pr\u00f3baversenny\u00e9 alak\u00edtan\u00e1l.<\/p>\n<p>Ha az elm\u00e9d egyszer stresszes \u00fczemm\u00f3dba kapcsol, k\u00f6nnyen \u00fajabb okokat tal\u00e1lhatsz a k\u00e9telked\u00e9sre. Milyen lesz az id\u0151j\u00e1r\u00e1s? Hogyan fognak teljes\u00edteni a versenyt\u00e1rsaim? J\u00f3l szervezett lesz a verseny? Ha \u00fagy \u00e9rzed, kezdesz belecs\u00faszni ebbe a spir\u00e1lba, koncentr\u00e1lj ink\u00e1bb azokra a dolgokra, melyeket ir\u00e1ny\u00edtani tudsz, mint p\u00e9ld\u00e1ul a t\u00e1pl\u00e1lkoz\u00e1s, a folyad\u00e9kp\u00f3tl\u00e1s, az alv\u00e1s, a h\u00e1tral\u00e9v\u0151 edz\u00e9sek teljes\u00edt\u00e9se \u00e9s az, hogy id\u0151ben oda\u00e9rj a rajtvonalhoz.<\/p>\n<figure id=\"attachment_15057\" aria-describedby=\"caption-attachment-15057\" style=\"width: 990px\" class=\"wp-caption alignnone\"><a href=\"https:\/\/d2p6e6u75xmxt8.cloudfront.net\/12\/2022\/05\/Spring-Cycling-Training-.jpg\"><img loading=\"lazy\" decoding=\"async\" class=\"wp-image-15057 size-full\" src=\"https:\/\/d2p6e6u75xmxt8.cloudfront.net\/12\/2022\/05\/Spring-Cycling-Training-.jpg\" alt=\"Spring cycling\" width=\"990\" height=\"660\" srcset=\"https:\/\/d2p6e6u75xmxt8.cloudfront.net\/12\/2022\/05\/Spring-Cycling-Training-.jpg 990w, https:\/\/d2p6e6u75xmxt8.cloudfront.net\/12\/2022\/05\/Spring-Cycling-Training--300x200.jpg 300w, https:\/\/d2p6e6u75xmxt8.cloudfront.net\/12\/2022\/05\/Spring-Cycling-Training--768x512.jpg 768w, https:\/\/d2p6e6u75xmxt8.cloudfront.net\/12\/2022\/05\/Spring-Cycling-Training--272x182.jpg 272w\" sizes=\"auto, (max-width: 990px) 100vw, 990px\" \/><\/a><figcaption id=\"caption-attachment-15057\" class=\"wp-caption-text\">A kontroll\u00e1lhat\u00f3 t\u00e9nyez\u0151kre f\u00f3kusz\u00e1lj \u00a9 Profimedia<\/figcaption><\/figure>\n<h2><strong>Ment\u00e1lis gyakorlatok<\/strong><\/h2>\n<p>Van n\u00e9h\u00e1ny tov\u00e1bbi l\u00e9p\u00e9s, amit megtehetsz a verseny el\u0151tti utols\u00f3 napokban. Az egyik ilyen a vizualiz\u00e1l\u00e1s. Ezt a m\u00f3dszert sok sikeres sportol\u00f3 alkalmazza a legk\u00fcl\u00f6nb\u00f6z\u0151bb sport\u00e1gakban. Alapvet\u0151en arr\u00f3l van sz\u00f3, hogy a lehet\u0151 legr\u00e9szletesebben v\u00e9gigm\u00e9sz a fejedben a verseny \u00fatvonal\u00e1n. Elk\u00e9pzeled a kih\u00edv\u00e1sokat, amelyekkel tal\u00e1lkozhatsz, \u00e9s azt, hogy hogyan fogod lek\u00fczdeni \u0151ket. K\u00fcl\u00f6nb\u00f6z\u0151 forgat\u00f3k\u00f6nyveket vehetsz sorra, \u00e9s \u00e1tgondolhatod, hogyan reag\u00e1ln\u00e1l az egyes szitu\u00e1ci\u00f3kban, legyen sz\u00f3 az el\u0151ny elveszt\u00e9s\u00e9r\u0151l, em\u00e9szt\u00e9si neh\u00e9zs\u00e9gekr\u0151l vagy technikai probl\u00e9m\u00e1kr\u00f3l.<\/p>\n<h2><strong>Pozit\u00edv \u00f6nk\u00e9p<\/strong><\/h2>\n<p>Az el\u0151z\u0151 pont b\u0151v\u00edt\u00e9sek\u00e9nt, a pozit\u00edv \u00f6nk\u00e9p er\u0151s\u00edt\u00e9se is seg\u00edthet a k\u00edv\u00e1nt eredm\u00e9nyek el\u00e9r\u00e9s\u00e9ben. Az, ahogy ezekben a kih\u00edv\u00e1sokkal teli id\u0151kben besz\u00e9lsz magadhoz, nagy hat\u00e1ssal lehet a teljes\u00edtm\u00e9nyedre. Ha pozit\u00edv \u00e9s motiv\u00e1l\u00f3 mondatokat ism\u00e9telgetsz magadnak a t\u00fck\u00f6rben, \u00e9s k\u00e9pes vagy elterelni a figyelmed a negat\u00edv gondolatokr\u00f3l, hatalmas el\u0151nyre tehetsz szert, \u00e9s n\u0151het az \u00f6nbizalmad. Fontos azonban, hogy olyan mondatokat haszn\u00e1lj, amik val\u00f3ban hat\u00e1ssal vannak r\u00e1d. P\u00e9ld\u00e1ul: &#8220;er\u0151s vagyok&#8221;, &#8220;meg tudom csin\u00e1lni&#8221; vagy &#8220;j\u00f3l felk\u00e9sz\u00fcltem&#8221;.<\/p>\n<h2><strong>Fogd vissza magad!<\/strong><\/h2>\n<p>Mikor m\u00e1r csak 7-10 nap van h\u00e1tra a versenyig, ideje lass\u00edtani. Ilyenkor m\u00e1r nem sokat tehetsz a fejl\u0151d\u00e9s \u00e9rdek\u00e9ben, viszont alaposan elronthatod a dolgokat. \u00cdme az alapszab\u00e1lyok.<\/p>\n<ul>\n<li>Cs\u00f6kkentsd az edz\u00e9smennyis\u00e9get a norm\u00e1lishoz k\u00e9pest 30-40%-kal.<\/li>\n<li>Ne hagyj fel az intervall edz\u00e9sekkel. Az utols\u00f3 h\u00e9ten fontosak a magas intenzit\u00e1s\u00fa teker\u00e9sek, hogy a verseny napj\u00e1n form\u00e1ban legy\u00e9l.<\/li>\n<li>Tartsd meg az edz\u00e9srutinodat. Tekerj ugyanolyan gyakran, mint szokt\u00e1l, csak az edz\u00e9sek legyenek r\u00f6videbbek.<\/li>\n<li>Tegy\u00e9l meg mindent az alv\u00e1smin\u0151s\u00e9ged meg\u0151rz\u00e9se \u00e9rdek\u00e9ben.<\/li>\n<li>Tartsd a megszokott \u00e9trended. Ne kezdj el kevesebbet enni a kisebb edz\u00e9smennyis\u00e9g miatt. A megfelel\u0151 regener\u00e1l\u00f3d\u00e1shoz sz\u00fcks\u00e9g lesz ugyanarra az \u00e9telmennyis\u00e9gre, hogy a verseny napj\u00e1n frissnek \u00e9rezd magad.<\/li>\n<li>Kezeld megfelel\u0151en az \u00e1ltal\u00e1nos stresszt. Ker\u00fcld az extra munk\u00e1t \u00e9s a fontos esem\u00e9nyeken val\u00f3 r\u00e9szv\u00e9telt a felk\u00e9sz\u00fcl\u00e9si hetekben.<\/li>\n<li>Ne kezdj \u00faj tev\u00e9kenys\u00e9gekbe. Ez nem a k\u00eds\u00e9rletez\u00e9s ideje, hacsak nem akarsz meglep\u0151 izomf\u00e1jdalmakat a versenyen.<\/li>\n<\/ul>\n<p>Ezeket \u00e9s a cikksorozatunk tov\u00e1bbi r\u00e9szeiben bemutatott m\u00f3dszereket k\u00f6vetve k\u00e9pes leszel hat h\u00e9t alatt el\u00e9rni a cs\u00facsform\u00e1dat a k\u00f6vetkez\u0151 versenyed el\u0151tt. Ha mind a hat elemet sikeresen alkalmazod a felk\u00e9sz\u00fcl\u00e9s sor\u00e1n, akkor maximaliz\u00e1lhatod az es\u00e9lyeidet, \u00e9s sikerrel j\u00e1rhatsz a c\u00e9ljaid el\u00e9r\u00e9s\u00e9ben. De ha esetleg m\u00e9gsem \u00edgy alakul, felhaszn\u00e1lhatod a megszerzett tapasztalatokat \u00e9s egy m\u00e1sik versenyen \u00fajra pr\u00f3b\u00e1lkozhatsz. Elv\u00e9gre gyakorlat teszi a mestert.<\/p>\n","protected":false},"excerpt":{"rendered":"<p>Ha versenyre k\u00e9sz\u00fclsz, az utols\u00f3 k\u00e9t h\u00e9tben az edz\u00e9sterveden v\u00e9grehajtott v\u00e1ltoztat\u00e1sok \u00f6nmagukban m\u00e1r nem tudj\u00e1k jelent\u0151sen jav\u00edtani a teljes\u00edtm\u00e9nyed. A [&hellip;]<\/p>\n","protected":false},"author":71,"featured_media":17659,"comment_status":"open","ping_status":"open","sticky":false,"template":"","format":"standard","meta":{"footnotes":""},"categories":[6],"tags":[],"global-categories":[],"class_list":["post-17657","post","type-post","status-publish","format-standard","has-post-thumbnail","hentry","category-edzes-es-eletmod"],"yoast_head":"<!-- This site is optimized with the Yoast SEO Premium plugin v25.3 (Yoast SEO v25.9) - https:\/\/yoast.com\/wordpress\/plugins\/seo\/ -->\n<title>Versenyk\u00e9pes cs\u00facsforma hat h\u00e9t alatt \u2013 Ment\u00e1lis felk\u00e9sz\u00fcl\u00e9s<\/title>\n<meta name=\"description\" content=\"Ha versenyre k\u00e9sz\u00fclsz, az utols\u00f3 k\u00e9t h\u00e9tben az edz\u00e9sterveden v\u00e9grehajtott v\u00e1ltoztat\u00e1sok \u00f6nmagukban m\u00e1r nem tudj\u00e1k jelent\u0151sen jav\u00edtani a teljes\u00edtm\u00e9nyed. A ment\u00e1lis felk\u00e9sz\u00fclts\u00e9geden azonban m\u00e9g dolgozhatsz.\" \/>\n<meta name=\"robots\" content=\"index, follow, max-snippet:-1, max-image-preview:large, max-video-preview:-1\" \/>\n<link rel=\"canonical\" href=\"https:\/\/www.welovecycling.com\/hu\/edzes-es-eletmod\/versenykepes-csucsforma-hat-het-alatt-mentalis-felkeszules\/\" \/>\n<meta property=\"og:locale\" content=\"hu_HU\" \/>\n<meta property=\"og:type\" content=\"article\" \/>\n<meta property=\"og:title\" content=\"Versenyk\u00e9pes cs\u00facsforma hat h\u00e9t alatt \u2013 Ment\u00e1lis felk\u00e9sz\u00fcl\u00e9s\" \/>\n<meta property=\"og:description\" content=\"Ha versenyre k\u00e9sz\u00fclsz, az utols\u00f3 k\u00e9t h\u00e9tben az edz\u00e9sterveden v\u00e9grehajtott v\u00e1ltoztat\u00e1sok \u00f6nmagukban m\u00e1r nem tudj\u00e1k jelent\u0151sen jav\u00edtani a teljes\u00edtm\u00e9nyed. A ment\u00e1lis felk\u00e9sz\u00fclts\u00e9geden azonban m\u00e9g dolgozhatsz.\" \/>\n<meta property=\"og:url\" content=\"https:\/\/www.welovecycling.com\/hu\/edzes-es-eletmod\/versenykepes-csucsforma-hat-het-alatt-mentalis-felkeszules\/\" \/>\n<meta property=\"og:site_name\" content=\"\u0160koda We Love Cycling - Magyarorsz\u00e1g\" \/>\n<meta property=\"article:publisher\" content=\"https:\/\/www.facebook.com\/WeLoveCyclingHungary\/\" \/>\n<meta property=\"article:published_time\" content=\"2023-07-17T06:00:51+00:00\" \/>\n<meta property=\"og:image\" content=\"https:\/\/d2p6e6u75xmxt8.cloudfront.net\/12\/2023\/07\/Cyclist-Training-profimedia-0780531895-CVR.webp\" \/>\n\t<meta property=\"og:image:width\" content=\"990\" \/>\n\t<meta property=\"og:image:height\" content=\"660\" \/>\n\t<meta property=\"og:image:type\" content=\"image\/webp\" \/>\n<meta name=\"author\" content=\"hegyizs\" \/>\n<meta name=\"twitter:card\" content=\"summary_large_image\" \/>\n<meta name=\"twitter:label1\" content=\"Written by\" \/>\n\t<meta name=\"twitter:data1\" content=\"Jiri Kaloc\" \/>\n\t<meta name=\"twitter:label2\" content=\"Est. reading time\" \/>\n\t<meta name=\"twitter:data2\" content=\"3\" \/>\n<script type=\"application\/ld+json\" class=\"yoast-schema-graph\">{\"@context\":\"https:\/\/schema.org\",\"@graph\":[{\"@type\":\"WebPage\",\"@id\":\"https:\/\/www.welovecycling.com\/hu\/edzes-es-eletmod\/versenykepes-csucsforma-hat-het-alatt-mentalis-felkeszules\/\",\"url\":\"https:\/\/www.welovecycling.com\/hu\/edzes-es-eletmod\/versenykepes-csucsforma-hat-het-alatt-mentalis-felkeszules\/\",\"name\":\"Versenyk\u00e9pes cs\u00facsforma hat h\u00e9t alatt \u2013 Ment\u00e1lis felk\u00e9sz\u00fcl\u00e9s\",\"isPartOf\":{\"@id\":\"https:\/\/www.welovecycling.com\/hu\/#website\"},\"primaryImageOfPage\":{\"@id\":\"https:\/\/www.welovecycling.com\/hu\/edzes-es-eletmod\/versenykepes-csucsforma-hat-het-alatt-mentalis-felkeszules\/#primaryimage\"},\"image\":{\"@id\":\"https:\/\/www.welovecycling.com\/hu\/edzes-es-eletmod\/versenykepes-csucsforma-hat-het-alatt-mentalis-felkeszules\/#primaryimage\"},\"thumbnailUrl\":\"https:\/\/d2p6e6u75xmxt8.cloudfront.net\/12\/2023\/07\/Cyclist-Training-profimedia-0780531895-CVR.webp\",\"datePublished\":\"2023-07-17T06:00:51+00:00\",\"author\":{\"@id\":\"https:\/\/www.welovecycling.com\/hu\/#\/schema\/person\/414a2aebf1801691a5320edb6468e194\"},\"description\":\"Ha versenyre k\u00e9sz\u00fclsz, az utols\u00f3 k\u00e9t h\u00e9tben az edz\u00e9sterveden v\u00e9grehajtott v\u00e1ltoztat\u00e1sok \u00f6nmagukban m\u00e1r nem tudj\u00e1k jelent\u0151sen jav\u00edtani a teljes\u00edtm\u00e9nyed. A ment\u00e1lis felk\u00e9sz\u00fclts\u00e9geden azonban m\u00e9g dolgozhatsz.\",\"breadcrumb\":{\"@id\":\"https:\/\/www.welovecycling.com\/hu\/edzes-es-eletmod\/versenykepes-csucsforma-hat-het-alatt-mentalis-felkeszules\/#breadcrumb\"},\"inLanguage\":\"hu\",\"potentialAction\":[{\"@type\":\"ReadAction\",\"target\":[\"https:\/\/www.welovecycling.com\/hu\/edzes-es-eletmod\/versenykepes-csucsforma-hat-het-alatt-mentalis-felkeszules\/\"]}]},{\"@type\":\"ImageObject\",\"inLanguage\":\"hu\",\"@id\":\"https:\/\/www.welovecycling.com\/hu\/edzes-es-eletmod\/versenykepes-csucsforma-hat-het-alatt-mentalis-felkeszules\/#primaryimage\",\"url\":\"https:\/\/d2p6e6u75xmxt8.cloudfront.net\/12\/2023\/07\/Cyclist-Training-profimedia-0780531895-CVR.webp\",\"contentUrl\":\"https:\/\/d2p6e6u75xmxt8.cloudfront.net\/12\/2023\/07\/Cyclist-Training-profimedia-0780531895-CVR.webp\",\"width\":990,\"height\":660,\"caption\":\"Road cyclist\"},{\"@type\":\"BreadcrumbList\",\"@id\":\"https:\/\/www.welovecycling.com\/hu\/edzes-es-eletmod\/versenykepes-csucsforma-hat-het-alatt-mentalis-felkeszules\/#breadcrumb\",\"itemListElement\":[{\"@type\":\"ListItem\",\"position\":1,\"name\":\"Home\",\"item\":\"https:\/\/www.welovecycling.com\/hu\/\"},{\"@type\":\"ListItem\",\"position\":2,\"name\":\"Versenyk\u00e9pes cs\u00facsforma hat h\u00e9t alatt \u2013 Ment\u00e1lis felk\u00e9sz\u00fcl\u00e9s\"}]},{\"@type\":\"WebSite\",\"@id\":\"https:\/\/www.welovecycling.com\/hu\/#website\",\"url\":\"https:\/\/www.welovecycling.com\/hu\/\",\"name\":\"\u0160koda We Love Cycling - Magyarorsz\u00e1g\",\"description\":\"\u0160koda WeLoveCycling\",\"potentialAction\":[{\"@type\":\"SearchAction\",\"target\":{\"@type\":\"EntryPoint\",\"urlTemplate\":\"https:\/\/www.welovecycling.com\/hu\/?s={search_term_string}\"},\"query-input\":{\"@type\":\"PropertyValueSpecification\",\"valueRequired\":true,\"valueName\":\"search_term_string\"}}],\"inLanguage\":\"hu\"},{\"@type\":\"Person\",\"@id\":\"https:\/\/www.welovecycling.com\/hu\/#\/schema\/person\/414a2aebf1801691a5320edb6468e194\",\"name\":\"hegyizs\",\"image\":{\"@type\":\"ImageObject\",\"inLanguage\":\"hu\",\"@id\":\"https:\/\/www.welovecycling.com\/hu\/#\/schema\/person\/image\/\",\"url\":\"https:\/\/secure.gravatar.com\/avatar\/02cf8a7906b8cf90cecb4679defac7cfd33a1c2e3b88e4903d947f3bb58eedd3?s=96&d=mm&r=g\",\"contentUrl\":\"https:\/\/secure.gravatar.com\/avatar\/02cf8a7906b8cf90cecb4679defac7cfd33a1c2e3b88e4903d947f3bb58eedd3?s=96&d=mm&r=g\",\"caption\":\"hegyizs\"},\"url\":\"https:\/\/www.welovecycling.com\/hu\/author\/hegyizs\/\"}]}<\/script>\n<!-- \/ Yoast SEO Premium plugin. -->","yoast_head_json":{"title":"Versenyk\u00e9pes cs\u00facsforma hat h\u00e9t alatt \u2013 Ment\u00e1lis felk\u00e9sz\u00fcl\u00e9s","description":"Ha versenyre k\u00e9sz\u00fclsz, az utols\u00f3 k\u00e9t h\u00e9tben az edz\u00e9sterveden v\u00e9grehajtott v\u00e1ltoztat\u00e1sok \u00f6nmagukban m\u00e1r nem tudj\u00e1k jelent\u0151sen jav\u00edtani a teljes\u00edtm\u00e9nyed. A ment\u00e1lis felk\u00e9sz\u00fclts\u00e9geden azonban m\u00e9g dolgozhatsz.","robots":{"index":"index","follow":"follow","max-snippet":"max-snippet:-1","max-image-preview":"max-image-preview:large","max-video-preview":"max-video-preview:-1"},"canonical":"https:\/\/www.welovecycling.com\/hu\/edzes-es-eletmod\/versenykepes-csucsforma-hat-het-alatt-mentalis-felkeszules\/","og_locale":"hu_HU","og_type":"article","og_title":"Versenyk\u00e9pes cs\u00facsforma hat h\u00e9t alatt \u2013 Ment\u00e1lis felk\u00e9sz\u00fcl\u00e9s","og_description":"Ha versenyre k\u00e9sz\u00fclsz, az utols\u00f3 k\u00e9t h\u00e9tben az edz\u00e9sterveden v\u00e9grehajtott v\u00e1ltoztat\u00e1sok \u00f6nmagukban m\u00e1r nem tudj\u00e1k jelent\u0151sen jav\u00edtani a teljes\u00edtm\u00e9nyed. A ment\u00e1lis felk\u00e9sz\u00fclts\u00e9geden azonban m\u00e9g dolgozhatsz.","og_url":"https:\/\/www.welovecycling.com\/hu\/edzes-es-eletmod\/versenykepes-csucsforma-hat-het-alatt-mentalis-felkeszules\/","og_site_name":"\u0160koda We Love Cycling - Magyarorsz\u00e1g","article_publisher":"https:\/\/www.facebook.com\/WeLoveCyclingHungary\/","article_published_time":"2023-07-17T06:00:51+00:00","og_image":[{"width":990,"height":660,"url":"https:\/\/d2p6e6u75xmxt8.cloudfront.net\/12\/2023\/07\/Cyclist-Training-profimedia-0780531895-CVR.webp","type":"image\/webp"}],"author":"hegyizs","twitter_card":"summary_large_image","twitter_misc":{"Written by":"Jiri Kaloc","Est. reading time":"3"},"schema":{"@context":"https:\/\/schema.org","@graph":[{"@type":"WebPage","@id":"https:\/\/www.welovecycling.com\/hu\/edzes-es-eletmod\/versenykepes-csucsforma-hat-het-alatt-mentalis-felkeszules\/","url":"https:\/\/www.welovecycling.com\/hu\/edzes-es-eletmod\/versenykepes-csucsforma-hat-het-alatt-mentalis-felkeszules\/","name":"Versenyk\u00e9pes cs\u00facsforma hat h\u00e9t alatt \u2013 Ment\u00e1lis felk\u00e9sz\u00fcl\u00e9s","isPartOf":{"@id":"https:\/\/www.welovecycling.com\/hu\/#website"},"primaryImageOfPage":{"@id":"https:\/\/www.welovecycling.com\/hu\/edzes-es-eletmod\/versenykepes-csucsforma-hat-het-alatt-mentalis-felkeszules\/#primaryimage"},"image":{"@id":"https:\/\/www.welovecycling.com\/hu\/edzes-es-eletmod\/versenykepes-csucsforma-hat-het-alatt-mentalis-felkeszules\/#primaryimage"},"thumbnailUrl":"https:\/\/d2p6e6u75xmxt8.cloudfront.net\/12\/2023\/07\/Cyclist-Training-profimedia-0780531895-CVR.webp","datePublished":"2023-07-17T06:00:51+00:00","author":{"@id":"https:\/\/www.welovecycling.com\/hu\/#\/schema\/person\/414a2aebf1801691a5320edb6468e194"},"description":"Ha versenyre k\u00e9sz\u00fclsz, az utols\u00f3 k\u00e9t h\u00e9tben az edz\u00e9sterveden v\u00e9grehajtott v\u00e1ltoztat\u00e1sok \u00f6nmagukban m\u00e1r nem tudj\u00e1k jelent\u0151sen jav\u00edtani a teljes\u00edtm\u00e9nyed. A ment\u00e1lis felk\u00e9sz\u00fclts\u00e9geden azonban m\u00e9g dolgozhatsz.","breadcrumb":{"@id":"https:\/\/www.welovecycling.com\/hu\/edzes-es-eletmod\/versenykepes-csucsforma-hat-het-alatt-mentalis-felkeszules\/#breadcrumb"},"inLanguage":"hu","potentialAction":[{"@type":"ReadAction","target":["https:\/\/www.welovecycling.com\/hu\/edzes-es-eletmod\/versenykepes-csucsforma-hat-het-alatt-mentalis-felkeszules\/"]}]},{"@type":"ImageObject","inLanguage":"hu","@id":"https:\/\/www.welovecycling.com\/hu\/edzes-es-eletmod\/versenykepes-csucsforma-hat-het-alatt-mentalis-felkeszules\/#primaryimage","url":"https:\/\/d2p6e6u75xmxt8.cloudfront.net\/12\/2023\/07\/Cyclist-Training-profimedia-0780531895-CVR.webp","contentUrl":"https:\/\/d2p6e6u75xmxt8.cloudfront.net\/12\/2023\/07\/Cyclist-Training-profimedia-0780531895-CVR.webp","width":990,"height":660,"caption":"Road cyclist"},{"@type":"BreadcrumbList","@id":"https:\/\/www.welovecycling.com\/hu\/edzes-es-eletmod\/versenykepes-csucsforma-hat-het-alatt-mentalis-felkeszules\/#breadcrumb","itemListElement":[{"@type":"ListItem","position":1,"name":"Home","item":"https:\/\/www.welovecycling.com\/hu\/"},{"@type":"ListItem","position":2,"name":"Versenyk\u00e9pes cs\u00facsforma hat h\u00e9t alatt \u2013 Ment\u00e1lis felk\u00e9sz\u00fcl\u00e9s"}]},{"@type":"WebSite","@id":"https:\/\/www.welovecycling.com\/hu\/#website","url":"https:\/\/www.welovecycling.com\/hu\/","name":"\u0160koda We Love Cycling - Magyarorsz\u00e1g","description":"\u0160koda WeLoveCycling","potentialAction":[{"@type":"SearchAction","target":{"@type":"EntryPoint","urlTemplate":"https:\/\/www.welovecycling.com\/hu\/?s={search_term_string}"},"query-input":{"@type":"PropertyValueSpecification","valueRequired":true,"valueName":"search_term_string"}}],"inLanguage":"hu"},{"@type":"Person","@id":"https:\/\/www.welovecycling.com\/hu\/#\/schema\/person\/414a2aebf1801691a5320edb6468e194","name":"hegyizs","image":{"@type":"ImageObject","inLanguage":"hu","@id":"https:\/\/www.welovecycling.com\/hu\/#\/schema\/person\/image\/","url":"https:\/\/secure.gravatar.com\/avatar\/02cf8a7906b8cf90cecb4679defac7cfd33a1c2e3b88e4903d947f3bb58eedd3?s=96&d=mm&r=g","contentUrl":"https:\/\/secure.gravatar.com\/avatar\/02cf8a7906b8cf90cecb4679defac7cfd33a1c2e3b88e4903d947f3bb58eedd3?s=96&d=mm&r=g","caption":"hegyizs"},"url":"https:\/\/www.welovecycling.com\/hu\/author\/hegyizs\/"}]}},"_links":{"self":[{"href":"https:\/\/www.welovecycling.com\/hu\/wp-json\/wp\/v2\/posts\/17657","targetHints":{"allow":["GET"]}}],"collection":[{"href":"https:\/\/www.welovecycling.com\/hu\/wp-json\/wp\/v2\/posts"}],"about":[{"href":"https:\/\/www.welovecycling.com\/hu\/wp-json\/wp\/v2\/types\/post"}],"author":[{"embeddable":true,"href":"https:\/\/www.welovecycling.com\/hu\/wp-json\/wp\/v2\/users\/71"}],"replies":[{"embeddable":true,"href":"https:\/\/www.welovecycling.com\/hu\/wp-json\/wp\/v2\/comments?post=17657"}],"version-history":[{"count":2,"href":"https:\/\/www.welovecycling.com\/hu\/wp-json\/wp\/v2\/posts\/17657\/revisions"}],"predecessor-version":[{"id":17660,"href":"https:\/\/www.welovecycling.com\/hu\/wp-json\/wp\/v2\/posts\/17657\/revisions\/17660"}],"wp:featuredmedia":[{"embeddable":true,"href":"https:\/\/www.welovecycling.com\/hu\/wp-json\/wp\/v2\/media\/17659"}],"wp:attachment":[{"href":"https:\/\/www.welovecycling.com\/hu\/wp-json\/wp\/v2\/media?parent=17657"}],"wp:term":[{"taxonomy":"category","embeddable":true,"href":"https:\/\/www.welovecycling.com\/hu\/wp-json\/wp\/v2\/categories?post=17657"},{"taxonomy":"post_tag","embeddable":true,"href":"https:\/\/www.welovecycling.com\/hu\/wp-json\/wp\/v2\/tags?post=17657"},{"taxonomy":"global-categories","embeddable":true,"href":"https:\/\/www.welovecycling.com\/hu\/wp-json\/wp\/v2\/global-categories?post=17657"}],"curies":[{"name":"wp","href":"https:\/\/api.w.org\/{rel}","templated":true}]}}