{"id":17639,"date":"2023-07-07T10:57:05","date_gmt":"2023-07-07T08:57:05","guid":{"rendered":"https:\/\/www.welovecycling.com\/hu\/?p=17639"},"modified":"2023-07-07T10:57:05","modified_gmt":"2023-07-07T08:57:05","slug":"ott-folytatjak-ahol-tavaly-abbahagytak-de-ki-nevet-a-vegen","status":"publish","type":"post","link":"https:\/\/www.welovecycling.com\/hu\/orszaguti-kerekpar\/ott-folytatjak-ahol-tavaly-abbahagytak-de-ki-nevet-a-vegen\/","title":{"rendered":"Ott folytatj\u00e1k, ahol tavaly abbahagyt\u00e1k \u2013 de ki nevet a v\u00e9g\u00e9n?"},"content":{"rendered":"<p><strong>Jonas Vingegaard \u00e9s Tadej Poga\u010dar oda-vissza k\u00edn\u00e1lja egym\u00e1st az idei Tour-on: egyel\u0151re egy hajsz\u00e1llal a c\u00edmv\u00e9d\u0151 d\u00e1n \u00e1ll jobban, de nagyszer\u0171 k\u00fcl\u00f6ncsat\u00e1juk v\u00e9gkimenetele j\u00f3form\u00e1n megj\u00f3solhatatlan.<\/strong><!--more--><\/p>\n<p>Amikor m\u00falt heti <a href=\"https:\/\/www.welovecycling.com\/hu\/orszaguti-kerekpar\/jon-a-versenyszezon-sava-borsa-rajtol-a-tour-de-france-es-a-noi-giro\/\">Tour de France-beharangoz\u00f3nkban<\/a> azt \u00edrtuk, minden es\u00e9ly megvan r\u00e1, hogy a k\u00e9t extraklasszis, Vingegaard \u00e9s Poga\u010dar id\u00e9n ugyanolyan izgalmas versenyt produk\u00e1ljon, mint tavaly, b\u00edztunk benne, hogy val\u00f3ban \u00edgy lesz \u2013 \u00e9s egyel\u0151re nem is kell csalatkoznunk!<\/p>\n<p>A 2023-as ki\u00edr\u00e1s nyit\u00e1nya eleve nagy sztorit hozott, hiszen a bilba\u00f3i els\u0151 szakaszon ikersiker sz\u00fcletett Adam \u00e9s Simon Yates r\u00e9v\u00e9n: a brit ikerp\u00e1r k\u00e9t tagja b\u00e1r ez\u00fattal m\u00e1r k\u00fcl\u00f6nb\u00f6z\u0151 csapatok versenyz\u0151ik\u00e9nt, de v\u00e9gig \u00f6sszedolgozva gyakorlatilag egy\u00fctt tekertek be a c\u00e9lba, Adam v\u00e9g\u00fcl n\u00e9gy m\u00e1sodperccel el\u0151zte meg testv\u00e9r\u00e9t, Simont. Poga\u010dar m\u00e1r r\u00f6gt\u00f6n itt r\u00e1ment az id\u0151j\u00f3v\u00e1\u00edr\u00e1sra, harmadik hely\u00e9vel 4 mp-t adott is Vingegaard-nak, vagyis m\u00e1r a Tour els\u0151 etapj\u00e1n elkezd\u0151d\u00f6tt a nagy k\u00fcl\u00f6nharc a s\u00e1rga trik\u00f3\u00e9rt. A m\u00e1snapi m\u00e1sodik szakasz is nagyot sz\u00f3lt egy meglepet\u00e9sembernek k\u00f6sz\u00f6nhet\u0151en, hiszen a m\u00e1r Bilba\u00f3ban is remekl\u0151, hatodikk\u00e9nt c\u00e9lba \u00e9r\u0151 Victor Lafay San S\u00e9basti\u00e1nban ellopta a showt mindenki el\u0151l: j\u00f3 egy kilom\u00e9terrel a v\u00e9ge el\u0151tt ind\u00edtott pr\u00f3ba-szerencse t\u00e1mad\u00e1st, az ilyenek a legritk\u00e1bb esetben szoktak bej\u00f6nni, neki viszont bej\u00f6tt \u2013 meglepet\u00e9sre senki sem reag\u00e1lt r\u00e1, \u0151 pedig v\u00e9gigb\u00edrta, \u00edgy 15 \u00e9v ut\u00e1n szerzett szakaszgy\u0151zelmet a Tour-on francia csapat\u00e1nak, a Cofidisnek! M\u00f6g\u00f6tte Wout Van Aert \u00e9s Poga\u010dar \u00e9rt be, ut\u00f3bbi a szakasz k\u00f6zben \u00fajabb j\u00f3v\u00e1\u00edr\u00e1sokkal lopakodott t\u00e1volabb Vingegaard-t\u00f3l.<\/p>\n<figure id=\"attachment_17642\" aria-describedby=\"caption-attachment-17642\" style=\"width: 1024px\" class=\"wp-caption alignnone\"><img loading=\"lazy\" decoding=\"async\" class=\"size-full wp-image-17642\" src=\"https:\/\/d2p6e6u75xmxt8.cloudfront.net\/12\/2023\/07\/a7d4a6607f.webp\" alt=\"\" width=\"1024\" height=\"575\" srcset=\"https:\/\/d2p6e6u75xmxt8.cloudfront.net\/12\/2023\/07\/a7d4a6607f.webp 1024w, https:\/\/d2p6e6u75xmxt8.cloudfront.net\/12\/2023\/07\/a7d4a6607f-300x168.webp 300w, https:\/\/d2p6e6u75xmxt8.cloudfront.net\/12\/2023\/07\/a7d4a6607f-768x431.webp 768w, https:\/\/d2p6e6u75xmxt8.cloudfront.net\/12\/2023\/07\/a7d4a6607f-400x225.webp 400w\" sizes=\"auto, (max-width: 1024px) 100vw, 1024px\" \/><figcaption id=\"caption-attachment-17642\" class=\"wp-caption-text\">Cofidis-gy\u0151zelem 15 \u00e9v ut\u00e1n: a nagy form\u00e1ban l\u00e9v\u0151 Victor Lafay \u00f6r\u00f6me, jobbra feh\u00e9rben Pog\u010dcar (forr\u00e1s: euro.dayfr.com)<\/figcaption><\/figure>\n<p>A k\u00f6vetkez\u0151 napok a sprinterekr\u0151l, k\u00f6zelebbr\u0151l is Jasper Phillipsenr\u0151l sz\u00f3ltak. Az Alpecin rak\u00e9t\u00e1ja kor\u00e1bban elk\u00e9peszt\u0151en peches dolgair\u00f3l volt h\u00edres, tavaly p\u00e9ld\u00e1ul nemes egyszer\u0171s\u00e9ggel nem vette \u00e9szre, hogy Van Aert utcahosszal el\u0151tte megnyerte az egyik szakaszt, \u00edgy m\u00e1sodikk\u00e9nt a c\u00e9lba sz\u00e1guldva eml\u00e9kezetes m\u00f3don gy\u0151ztesk\u00e9nt \u00fcnnepeltette mag\u00e1t, c\u00e9lt\u00e1bl\u00e1t rajzolva saj\u00e1t h\u00e1t\u00e1ra, hogy orsz\u00e1g-vil\u00e1g rajta r\u00f6h\u00f6gj\u00f6n. A sz\u00f3rakozott hollandnak azonban csak ben\u0151 a feje l\u00e1gya, most egym\u00e1st k\u00f6vet\u0151 k\u00e9t napon is kenterbe verte a vil\u00e1g legjobb sprintereit, \u00edgy egy\u00fattal a gyorsas\u00e1gi pontversenyben is komoly el\u0151nyre tett szert.<\/p>\n<figure id=\"attachment_17641\" aria-describedby=\"caption-attachment-17641\" style=\"width: 1024px\" class=\"wp-caption alignnone\"><img loading=\"lazy\" decoding=\"async\" class=\"wp-image-17641 size-large\" src=\"https:\/\/d2p6e6u75xmxt8.cloudfront.net\/12\/2023\/07\/64a32b339fdf7.image_-1024x768.webp\" alt=\"\" width=\"1024\" height=\"768\" srcset=\"https:\/\/d2p6e6u75xmxt8.cloudfront.net\/12\/2023\/07\/64a32b339fdf7.image_-1024x768.webp 1024w, https:\/\/d2p6e6u75xmxt8.cloudfront.net\/12\/2023\/07\/64a32b339fdf7.image_-300x225.webp 300w, https:\/\/d2p6e6u75xmxt8.cloudfront.net\/12\/2023\/07\/64a32b339fdf7.image_-768x576.webp 768w, https:\/\/d2p6e6u75xmxt8.cloudfront.net\/12\/2023\/07\/64a32b339fdf7.image_-1536x1152.webp 1536w, https:\/\/d2p6e6u75xmxt8.cloudfront.net\/12\/2023\/07\/64a32b339fdf7.image_-400x300.webp 400w, https:\/\/d2p6e6u75xmxt8.cloudfront.net\/12\/2023\/07\/64a32b339fdf7.image_.webp 1567w\" sizes=\"auto, (max-width: 1024px) 100vw, 1024px\" \/><figcaption id=\"caption-attachment-17641\" class=\"wp-caption-text\">fot\u00f3: Daniel Cole\/The Associated Press<\/figcaption><\/figure>\n<p>Az \u00f6t\u00f6dik etapon pedig beindult az igazi verseny. Jai Hindley n\u00e9mileg v\u00e1ratlan sz\u00f6k\u00e9se megh\u00fazta a mez\u0151nyt, amely sz\u00e9pen sz\u00e9t is szakadt a kem\u00e9ny hegyi terepen, Vingegaard pedig ezt kihaszn\u00e1lva kapott az alkalmon, \u00e9s t\u00f6bb mint egy percet adott Poga\u010darnak, fell\u00e9pve a m\u00e1sodik helyre a s\u00e1rga trik\u00f3t remek h\u00faz\u00e1s\u00e1val \u00e1tvev\u0151 Hindley m\u00f6g\u00e9. \u00c1m miel\u0151tt t\u00fals\u00e1gosan elkezdhetett volna \u00f6r\u00fclni, a r\u00e1 k\u00f6vetkez\u0151 napon m\u00e1ris j\u00f6tt a v\u00e1lasz a szlov\u00e9nt\u0151l! Pedig Poga\u010dar a szakasz el\u0151tt saj\u00e1t bevall\u00e1sa szerint is sokkal ink\u00e1bb a n\u0151i Gir\u00f3n buk\u00f3 kedves\u00e9\u00e9rt, Urska Zigart\u00e9rt agg\u00f3dott a saj\u00e1t helyzete helyett, \u00e1m ezt v\u00e9g\u00fcl \u00e9ppen a Tour egyik legikonikusabb hegy\u00e9n, a Tourmalet-n tudta \u00e1tford\u00edtani a maga jav\u00e1ra: eg\u00e9sz nap sikerrel verte vissza a Jumbo t\u00e1mad\u00e1sait, majd komoly akci\u00f3val nyerte meg a neh\u00e9z napot, fak\u00e9pn\u00e9l hagyva Vingegaard-t \u00e9s v\u00e9g\u00fcl f\u00e9l percet faragva \u00f6sszetett h\u00e1tr\u00e1ny\u00e1n f\u0151 riv\u00e1lis\u00e1hoz k\u00e9pest. Ut\u00f3lag azt\u00e1n elismerte, \u00fagy \u00e9rezte, musz\u00e1j volt valamit villantania, mert ha hagyta volna, hogy a Jumbo \u00e9s Vingegaard ism\u00e9t megrogyassza, akkor gyakorlatilag \u201ecsomagolhattak volna \u00e9s indulhattak volna haza.\u201d A m\u00f6g\u00f6tte m\u00e1sodikk\u00e9nt be\u00e9r\u0151, c\u00edmv\u00e9d\u0151 d\u00e1n \u201ehalasfi\u00fa\u201d azonban \u00edgy is \u00e1tvehette a s\u00e1rga trik\u00f3t, amelyet a p\u00e9ntek-szombati sprinterszakaszok el\u0151tt 25 m\u00e1sodperces el\u0151nnyel \u0151riz Poga\u010dar el\u0151tt \u2013 a k\u00e9rd\u00e9s, vajon meddig?<\/p>\n<figure id=\"attachment_17640\" aria-describedby=\"caption-attachment-17640\" style=\"width: 1024px\" class=\"wp-caption alignnone\"><img loading=\"lazy\" decoding=\"async\" class=\"size-large wp-image-17640\" src=\"https:\/\/d2p6e6u75xmxt8.cloudfront.net\/12\/2023\/07\/3a7fe1f_none-cycling-france-0706-1a-1024x683.webp\" alt=\"\" width=\"1024\" height=\"683\" srcset=\"https:\/\/d2p6e6u75xmxt8.cloudfront.net\/12\/2023\/07\/3a7fe1f_none-cycling-france-0706-1a-1024x683.webp 1024w, https:\/\/d2p6e6u75xmxt8.cloudfront.net\/12\/2023\/07\/3a7fe1f_none-cycling-france-0706-1a-300x200.webp 300w, https:\/\/d2p6e6u75xmxt8.cloudfront.net\/12\/2023\/07\/3a7fe1f_none-cycling-france-0706-1a-768x512.webp 768w, https:\/\/d2p6e6u75xmxt8.cloudfront.net\/12\/2023\/07\/3a7fe1f_none-cycling-france-0706-1a-400x267.webp 400w, https:\/\/d2p6e6u75xmxt8.cloudfront.net\/12\/2023\/07\/3a7fe1f_none-cycling-france-0706-1a-272x182.webp 272w, https:\/\/d2p6e6u75xmxt8.cloudfront.net\/12\/2023\/07\/3a7fe1f_none-cycling-france-0706-1a.webp 1440w\" sizes=\"auto, (max-width: 1024px) 100vw, 1024px\" \/><figcaption id=\"caption-attachment-17640\" class=\"wp-caption-text\">fot\u00f3: Stephane Mahe\/Reuters<\/figcaption><\/figure>\n<p><em>Bor\u00edt\u00f3k\u00e9p: Cor Vos<\/em><\/p>\n","protected":false},"excerpt":{"rendered":"<p>Jonas Vingegaard \u00e9s Tadej Poga\u010dar oda-vissza k\u00edn\u00e1lja egym\u00e1st az idei Tour-on: egyel\u0151re egy hajsz\u00e1llal a c\u00edmv\u00e9d\u0151 d\u00e1n \u00e1ll jobban, de [&hellip;]<\/p>\n","protected":false},"author":71,"featured_media":17643,"comment_status":"open","ping_status":"open","sticky":false,"template":"","format":"standard","meta":{"footnotes":""},"categories":[8,96],"tags":[],"global-categories":[419],"class_list":["post-17639","post","type-post","status-publish","format-standard","has-post-thumbnail","hentry","category-orszaguti-kerekpar","category-tour-de-france","global-categories-cycling"],"yoast_head":"<!-- This site is optimized with the Yoast SEO Premium plugin v25.3 (Yoast SEO v25.9) - https:\/\/yoast.com\/wordpress\/plugins\/seo\/ -->\n<title>Ott folytatj\u00e1k, ahol tavaly abbahagyt\u00e1k \u2013 de ki nevet a v\u00e9g\u00e9n?<\/title>\n<meta name=\"description\" content=\"Jonas Vingegaard \u00e9s Tadej Poga\u010dar oda-vissza k\u00edn\u00e1lja egym\u00e1st az idei Tour-on: egyel\u0151re egy hajsz\u00e1llal a c\u00edmv\u00e9d\u0151 d\u00e1n \u00e1ll jobban, de nagyszer\u0171 k\u00fcl\u00f6ncsat\u00e1juk v\u00e9gkimenetele j\u00f3form\u00e1n megj\u00f3solhatatlan.\" \/>\n<meta name=\"robots\" content=\"index, follow, max-snippet:-1, max-image-preview:large, max-video-preview:-1\" \/>\n<link rel=\"canonical\" href=\"https:\/\/www.welovecycling.com\/hu\/orszaguti-kerekpar\/ott-folytatjak-ahol-tavaly-abbahagytak-de-ki-nevet-a-vegen\/\" \/>\n<meta property=\"og:locale\" content=\"hu_HU\" \/>\n<meta property=\"og:type\" content=\"article\" \/>\n<meta property=\"og:title\" content=\"Ott folytatj\u00e1k, ahol tavaly abbahagyt\u00e1k \u2013 de ki nevet a v\u00e9g\u00e9n?\" \/>\n<meta property=\"og:description\" content=\"Jonas Vingegaard \u00e9s Tadej Poga\u010dar oda-vissza k\u00edn\u00e1lja egym\u00e1st az idei Tour-on: egyel\u0151re egy hajsz\u00e1llal a c\u00edmv\u00e9d\u0151 d\u00e1n \u00e1ll jobban, de nagyszer\u0171 k\u00fcl\u00f6ncsat\u00e1juk v\u00e9gkimenetele j\u00f3form\u00e1n megj\u00f3solhatatlan.\" \/>\n<meta property=\"og:url\" content=\"https:\/\/www.welovecycling.com\/hu\/orszaguti-kerekpar\/ott-folytatjak-ahol-tavaly-abbahagytak-de-ki-nevet-a-vegen\/\" \/>\n<meta property=\"og:site_name\" content=\"\u0160koda We Love Cycling - Magyarorsz\u00e1g\" \/>\n<meta property=\"article:publisher\" content=\"https:\/\/www.facebook.com\/WeLoveCyclingHungary\/\" \/>\n<meta property=\"article:published_time\" content=\"2023-07-07T08:57:05+00:00\" \/>\n<meta property=\"og:image\" content=\"https:\/\/d2p6e6u75xmxt8.cloudfront.net\/12\/2023\/07\/CORVOS_00035699-245.webp\" \/>\n\t<meta property=\"og:image:width\" content=\"2000\" \/>\n\t<meta property=\"og:image:height\" content=\"1333\" \/>\n\t<meta property=\"og:image:type\" content=\"image\/webp\" \/>\n<meta name=\"author\" content=\"hegyizs\" \/>\n<meta name=\"twitter:card\" content=\"summary_large_image\" \/>\n<meta name=\"twitter:label1\" content=\"Written by\" \/>\n\t<meta name=\"twitter:data1\" content=\"WLC\" \/>\n\t<meta name=\"twitter:label2\" content=\"Est. reading time\" \/>\n\t<meta name=\"twitter:data2\" content=\"4 minutes\" \/>\n<script type=\"application\/ld+json\" class=\"yoast-schema-graph\">{\"@context\":\"https:\/\/schema.org\",\"@graph\":[{\"@type\":\"WebPage\",\"@id\":\"https:\/\/www.welovecycling.com\/hu\/orszaguti-kerekpar\/ott-folytatjak-ahol-tavaly-abbahagytak-de-ki-nevet-a-vegen\/\",\"url\":\"https:\/\/www.welovecycling.com\/hu\/orszaguti-kerekpar\/ott-folytatjak-ahol-tavaly-abbahagytak-de-ki-nevet-a-vegen\/\",\"name\":\"Ott folytatj\u00e1k, ahol tavaly abbahagyt\u00e1k \u2013 de ki nevet a v\u00e9g\u00e9n?\",\"isPartOf\":{\"@id\":\"https:\/\/www.welovecycling.com\/hu\/#website\"},\"primaryImageOfPage\":{\"@id\":\"https:\/\/www.welovecycling.com\/hu\/orszaguti-kerekpar\/ott-folytatjak-ahol-tavaly-abbahagytak-de-ki-nevet-a-vegen\/#primaryimage\"},\"image\":{\"@id\":\"https:\/\/www.welovecycling.com\/hu\/orszaguti-kerekpar\/ott-folytatjak-ahol-tavaly-abbahagytak-de-ki-nevet-a-vegen\/#primaryimage\"},\"thumbnailUrl\":\"https:\/\/d2p6e6u75xmxt8.cloudfront.net\/12\/2023\/07\/CORVOS_00035699-245.webp\",\"datePublished\":\"2023-07-07T08:57:05+00:00\",\"author\":{\"@id\":\"https:\/\/www.welovecycling.com\/hu\/#\/schema\/person\/414a2aebf1801691a5320edb6468e194\"},\"description\":\"Jonas Vingegaard \u00e9s Tadej Poga\u010dar oda-vissza k\u00edn\u00e1lja egym\u00e1st az idei Tour-on: egyel\u0151re egy hajsz\u00e1llal a c\u00edmv\u00e9d\u0151 d\u00e1n \u00e1ll jobban, de nagyszer\u0171 k\u00fcl\u00f6ncsat\u00e1juk v\u00e9gkimenetele j\u00f3form\u00e1n megj\u00f3solhatatlan.\",\"breadcrumb\":{\"@id\":\"https:\/\/www.welovecycling.com\/hu\/orszaguti-kerekpar\/ott-folytatjak-ahol-tavaly-abbahagytak-de-ki-nevet-a-vegen\/#breadcrumb\"},\"inLanguage\":\"hu\",\"potentialAction\":[{\"@type\":\"ReadAction\",\"target\":[\"https:\/\/www.welovecycling.com\/hu\/orszaguti-kerekpar\/ott-folytatjak-ahol-tavaly-abbahagytak-de-ki-nevet-a-vegen\/\"]}]},{\"@type\":\"ImageObject\",\"inLanguage\":\"hu\",\"@id\":\"https:\/\/www.welovecycling.com\/hu\/orszaguti-kerekpar\/ott-folytatjak-ahol-tavaly-abbahagytak-de-ki-nevet-a-vegen\/#primaryimage\",\"url\":\"https:\/\/d2p6e6u75xmxt8.cloudfront.net\/12\/2023\/07\/CORVOS_00035699-245.webp\",\"contentUrl\":\"https:\/\/d2p6e6u75xmxt8.cloudfront.net\/12\/2023\/07\/CORVOS_00035699-245.webp\",\"width\":2000,\"height\":1333},{\"@type\":\"BreadcrumbList\",\"@id\":\"https:\/\/www.welovecycling.com\/hu\/orszaguti-kerekpar\/ott-folytatjak-ahol-tavaly-abbahagytak-de-ki-nevet-a-vegen\/#breadcrumb\",\"itemListElement\":[{\"@type\":\"ListItem\",\"position\":1,\"name\":\"Home\",\"item\":\"https:\/\/www.welovecycling.com\/hu\/\"},{\"@type\":\"ListItem\",\"position\":2,\"name\":\"Ott folytatj\u00e1k, ahol tavaly abbahagyt\u00e1k \u2013 de ki nevet a v\u00e9g\u00e9n?\"}]},{\"@type\":\"WebSite\",\"@id\":\"https:\/\/www.welovecycling.com\/hu\/#website\",\"url\":\"https:\/\/www.welovecycling.com\/hu\/\",\"name\":\"\u0160koda We Love Cycling - Magyarorsz\u00e1g\",\"description\":\"\u0160koda WeLoveCycling\",\"potentialAction\":[{\"@type\":\"SearchAction\",\"target\":{\"@type\":\"EntryPoint\",\"urlTemplate\":\"https:\/\/www.welovecycling.com\/hu\/?s={search_term_string}\"},\"query-input\":{\"@type\":\"PropertyValueSpecification\",\"valueRequired\":true,\"valueName\":\"search_term_string\"}}],\"inLanguage\":\"hu\"},{\"@type\":\"Person\",\"@id\":\"https:\/\/www.welovecycling.com\/hu\/#\/schema\/person\/414a2aebf1801691a5320edb6468e194\",\"name\":\"hegyizs\",\"image\":{\"@type\":\"ImageObject\",\"inLanguage\":\"hu\",\"@id\":\"https:\/\/www.welovecycling.com\/hu\/#\/schema\/person\/image\/\",\"url\":\"https:\/\/secure.gravatar.com\/avatar\/02cf8a7906b8cf90cecb4679defac7cfd33a1c2e3b88e4903d947f3bb58eedd3?s=96&d=mm&r=g\",\"contentUrl\":\"https:\/\/secure.gravatar.com\/avatar\/02cf8a7906b8cf90cecb4679defac7cfd33a1c2e3b88e4903d947f3bb58eedd3?s=96&d=mm&r=g\",\"caption\":\"hegyizs\"},\"url\":\"https:\/\/www.welovecycling.com\/hu\/author\/hegyizs\/\"}]}<\/script>\n<!-- \/ Yoast SEO Premium plugin. -->","yoast_head_json":{"title":"Ott folytatj\u00e1k, ahol tavaly abbahagyt\u00e1k \u2013 de ki nevet a v\u00e9g\u00e9n?","description":"Jonas Vingegaard \u00e9s Tadej Poga\u010dar oda-vissza k\u00edn\u00e1lja egym\u00e1st az idei Tour-on: egyel\u0151re egy hajsz\u00e1llal a c\u00edmv\u00e9d\u0151 d\u00e1n \u00e1ll jobban, de nagyszer\u0171 k\u00fcl\u00f6ncsat\u00e1juk v\u00e9gkimenetele j\u00f3form\u00e1n megj\u00f3solhatatlan.","robots":{"index":"index","follow":"follow","max-snippet":"max-snippet:-1","max-image-preview":"max-image-preview:large","max-video-preview":"max-video-preview:-1"},"canonical":"https:\/\/www.welovecycling.com\/hu\/orszaguti-kerekpar\/ott-folytatjak-ahol-tavaly-abbahagytak-de-ki-nevet-a-vegen\/","og_locale":"hu_HU","og_type":"article","og_title":"Ott folytatj\u00e1k, ahol tavaly abbahagyt\u00e1k \u2013 de ki nevet a v\u00e9g\u00e9n?","og_description":"Jonas Vingegaard \u00e9s Tadej Poga\u010dar oda-vissza k\u00edn\u00e1lja egym\u00e1st az idei Tour-on: egyel\u0151re egy hajsz\u00e1llal a c\u00edmv\u00e9d\u0151 d\u00e1n \u00e1ll jobban, de nagyszer\u0171 k\u00fcl\u00f6ncsat\u00e1juk v\u00e9gkimenetele j\u00f3form\u00e1n megj\u00f3solhatatlan.","og_url":"https:\/\/www.welovecycling.com\/hu\/orszaguti-kerekpar\/ott-folytatjak-ahol-tavaly-abbahagytak-de-ki-nevet-a-vegen\/","og_site_name":"\u0160koda We Love Cycling - Magyarorsz\u00e1g","article_publisher":"https:\/\/www.facebook.com\/WeLoveCyclingHungary\/","article_published_time":"2023-07-07T08:57:05+00:00","og_image":[{"width":2000,"height":1333,"url":"https:\/\/d2p6e6u75xmxt8.cloudfront.net\/12\/2023\/07\/CORVOS_00035699-245.webp","type":"image\/webp"}],"author":"hegyizs","twitter_card":"summary_large_image","twitter_misc":{"Written by":"WLC","Est. reading time":"4 minutes"},"schema":{"@context":"https:\/\/schema.org","@graph":[{"@type":"WebPage","@id":"https:\/\/www.welovecycling.com\/hu\/orszaguti-kerekpar\/ott-folytatjak-ahol-tavaly-abbahagytak-de-ki-nevet-a-vegen\/","url":"https:\/\/www.welovecycling.com\/hu\/orszaguti-kerekpar\/ott-folytatjak-ahol-tavaly-abbahagytak-de-ki-nevet-a-vegen\/","name":"Ott folytatj\u00e1k, ahol tavaly abbahagyt\u00e1k \u2013 de ki nevet a v\u00e9g\u00e9n?","isPartOf":{"@id":"https:\/\/www.welovecycling.com\/hu\/#website"},"primaryImageOfPage":{"@id":"https:\/\/www.welovecycling.com\/hu\/orszaguti-kerekpar\/ott-folytatjak-ahol-tavaly-abbahagytak-de-ki-nevet-a-vegen\/#primaryimage"},"image":{"@id":"https:\/\/www.welovecycling.com\/hu\/orszaguti-kerekpar\/ott-folytatjak-ahol-tavaly-abbahagytak-de-ki-nevet-a-vegen\/#primaryimage"},"thumbnailUrl":"https:\/\/d2p6e6u75xmxt8.cloudfront.net\/12\/2023\/07\/CORVOS_00035699-245.webp","datePublished":"2023-07-07T08:57:05+00:00","author":{"@id":"https:\/\/www.welovecycling.com\/hu\/#\/schema\/person\/414a2aebf1801691a5320edb6468e194"},"description":"Jonas Vingegaard \u00e9s Tadej Poga\u010dar oda-vissza k\u00edn\u00e1lja egym\u00e1st az idei Tour-on: egyel\u0151re egy hajsz\u00e1llal a c\u00edmv\u00e9d\u0151 d\u00e1n \u00e1ll jobban, de nagyszer\u0171 k\u00fcl\u00f6ncsat\u00e1juk v\u00e9gkimenetele j\u00f3form\u00e1n megj\u00f3solhatatlan.","breadcrumb":{"@id":"https:\/\/www.welovecycling.com\/hu\/orszaguti-kerekpar\/ott-folytatjak-ahol-tavaly-abbahagytak-de-ki-nevet-a-vegen\/#breadcrumb"},"inLanguage":"hu","potentialAction":[{"@type":"ReadAction","target":["https:\/\/www.welovecycling.com\/hu\/orszaguti-kerekpar\/ott-folytatjak-ahol-tavaly-abbahagytak-de-ki-nevet-a-vegen\/"]}]},{"@type":"ImageObject","inLanguage":"hu","@id":"https:\/\/www.welovecycling.com\/hu\/orszaguti-kerekpar\/ott-folytatjak-ahol-tavaly-abbahagytak-de-ki-nevet-a-vegen\/#primaryimage","url":"https:\/\/d2p6e6u75xmxt8.cloudfront.net\/12\/2023\/07\/CORVOS_00035699-245.webp","contentUrl":"https:\/\/d2p6e6u75xmxt8.cloudfront.net\/12\/2023\/07\/CORVOS_00035699-245.webp","width":2000,"height":1333},{"@type":"BreadcrumbList","@id":"https:\/\/www.welovecycling.com\/hu\/orszaguti-kerekpar\/ott-folytatjak-ahol-tavaly-abbahagytak-de-ki-nevet-a-vegen\/#breadcrumb","itemListElement":[{"@type":"ListItem","position":1,"name":"Home","item":"https:\/\/www.welovecycling.com\/hu\/"},{"@type":"ListItem","position":2,"name":"Ott folytatj\u00e1k, ahol tavaly abbahagyt\u00e1k \u2013 de ki nevet a v\u00e9g\u00e9n?"}]},{"@type":"WebSite","@id":"https:\/\/www.welovecycling.com\/hu\/#website","url":"https:\/\/www.welovecycling.com\/hu\/","name":"\u0160koda We Love Cycling - Magyarorsz\u00e1g","description":"\u0160koda WeLoveCycling","potentialAction":[{"@type":"SearchAction","target":{"@type":"EntryPoint","urlTemplate":"https:\/\/www.welovecycling.com\/hu\/?s={search_term_string}"},"query-input":{"@type":"PropertyValueSpecification","valueRequired":true,"valueName":"search_term_string"}}],"inLanguage":"hu"},{"@type":"Person","@id":"https:\/\/www.welovecycling.com\/hu\/#\/schema\/person\/414a2aebf1801691a5320edb6468e194","name":"hegyizs","image":{"@type":"ImageObject","inLanguage":"hu","@id":"https:\/\/www.welovecycling.com\/hu\/#\/schema\/person\/image\/","url":"https:\/\/secure.gravatar.com\/avatar\/02cf8a7906b8cf90cecb4679defac7cfd33a1c2e3b88e4903d947f3bb58eedd3?s=96&d=mm&r=g","contentUrl":"https:\/\/secure.gravatar.com\/avatar\/02cf8a7906b8cf90cecb4679defac7cfd33a1c2e3b88e4903d947f3bb58eedd3?s=96&d=mm&r=g","caption":"hegyizs"},"url":"https:\/\/www.welovecycling.com\/hu\/author\/hegyizs\/"}]}},"_links":{"self":[{"href":"https:\/\/www.welovecycling.com\/hu\/wp-json\/wp\/v2\/posts\/17639","targetHints":{"allow":["GET"]}}],"collection":[{"href":"https:\/\/www.welovecycling.com\/hu\/wp-json\/wp\/v2\/posts"}],"about":[{"href":"https:\/\/www.welovecycling.com\/hu\/wp-json\/wp\/v2\/types\/post"}],"author":[{"embeddable":true,"href":"https:\/\/www.welovecycling.com\/hu\/wp-json\/wp\/v2\/users\/71"}],"replies":[{"embeddable":true,"href":"https:\/\/www.welovecycling.com\/hu\/wp-json\/wp\/v2\/comments?post=17639"}],"version-history":[{"count":1,"href":"https:\/\/www.welovecycling.com\/hu\/wp-json\/wp\/v2\/posts\/17639\/revisions"}],"predecessor-version":[{"id":17644,"href":"https:\/\/www.welovecycling.com\/hu\/wp-json\/wp\/v2\/posts\/17639\/revisions\/17644"}],"wp:featuredmedia":[{"embeddable":true,"href":"https:\/\/www.welovecycling.com\/hu\/wp-json\/wp\/v2\/media\/17643"}],"wp:attachment":[{"href":"https:\/\/www.welovecycling.com\/hu\/wp-json\/wp\/v2\/media?parent=17639"}],"wp:term":[{"taxonomy":"category","embeddable":true,"href":"https:\/\/www.welovecycling.com\/hu\/wp-json\/wp\/v2\/categories?post=17639"},{"taxonomy":"post_tag","embeddable":true,"href":"https:\/\/www.welovecycling.com\/hu\/wp-json\/wp\/v2\/tags?post=17639"},{"taxonomy":"global-categories","embeddable":true,"href":"https:\/\/www.welovecycling.com\/hu\/wp-json\/wp\/v2\/global-categories?post=17639"}],"curies":[{"name":"wp","href":"https:\/\/api.w.org\/{rel}","templated":true}]}}