{"id":17615,"date":"2023-07-11T08:00:15","date_gmt":"2023-07-11T06:00:15","guid":{"rendered":"https:\/\/www.welovecycling.com\/hu\/?p=17615"},"modified":"2023-07-07T11:03:07","modified_gmt":"2023-07-07T09:03:07","slug":"fotogaleria-az-elmult-20-ev-legendas-tdf-pillanatai","status":"publish","type":"post","link":"https:\/\/www.welovecycling.com\/hu\/orszaguti-kerekpar\/fotogaleria-az-elmult-20-ev-legendas-tdf-pillanatai\/","title":{"rendered":"Fot\u00f3gal\u00e9ria: Az elm\u00falt 20 \u00e9v legend\u00e1s TdF-pillanatai"},"content":{"rendered":"<p><strong>M\u00e1r 20 \u00e9v eltelt, ami\u00f3ta a \u0160koda a Tour de France hivatalos partnere lett, \u00e9s micsoda utat tettek meg egy\u00fctt! N\u00e9zz\u00fck \u00e1t azokat az ikonikus pillanatokat, amiket \u00e1t\u00e9lt\u00fcnk az\u00f3ta.<\/strong><\/p>\n<p><!--more--><\/p>\n<h2><strong>2004: A \u0160koda a Tour de France partnere lett<\/strong><\/h2>\n<figure id=\"attachment_17616\" aria-describedby=\"caption-attachment-17616\" style=\"width: 1000px\" class=\"wp-caption alignnone\"><a href=\"https:\/\/d2p6e6u75xmxt8.cloudfront.net\/12\/2023\/07\/2004-Tour-de-France-profimedia-0015887243.webp\"><img loading=\"lazy\" decoding=\"async\" class=\"wp-image-17616 size-full\" src=\"https:\/\/d2p6e6u75xmxt8.cloudfront.net\/12\/2023\/07\/2004-Tour-de-France-profimedia-0015887243.webp\" alt=\"2004 Tour de France\" width=\"1000\" height=\"885\" srcset=\"https:\/\/d2p6e6u75xmxt8.cloudfront.net\/12\/2023\/07\/2004-Tour-de-France-profimedia-0015887243.webp 1000w, https:\/\/d2p6e6u75xmxt8.cloudfront.net\/12\/2023\/07\/2004-Tour-de-France-profimedia-0015887243-300x266.webp 300w, https:\/\/d2p6e6u75xmxt8.cloudfront.net\/12\/2023\/07\/2004-Tour-de-France-profimedia-0015887243-768x680.webp 768w, https:\/\/d2p6e6u75xmxt8.cloudfront.net\/12\/2023\/07\/2004-Tour-de-France-profimedia-0015887243-400x354.webp 400w\" sizes=\"auto, (max-width: 1000px) 100vw, 1000px\" \/><\/a><figcaption id=\"caption-attachment-17616\" class=\"wp-caption-text\">Megkezd\u0151dik az egy\u00fcttm\u0171k\u00f6d\u00e9s a \u0160koda \u00e9s a \u201cLa Grande Boucle\u201d k\u00f6z\u00f6tt. \u00a9 Profimedia<\/figcaption><\/figure>\n<h2><strong>2008: Mark Cavendish megnyeri \u00e9lete els\u0151 Tour-szakasz\u00e1t<\/strong><\/h2>\n<figure id=\"attachment_17617\" aria-describedby=\"caption-attachment-17617\" style=\"width: 1250px\" class=\"wp-caption alignnone\"><a href=\"https:\/\/d2p6e6u75xmxt8.cloudfront.net\/12\/2023\/07\/Mark-Cavendish-profimedia-0026175982.webp\"><img loading=\"lazy\" decoding=\"async\" class=\"wp-image-17617 size-full\" src=\"https:\/\/d2p6e6u75xmxt8.cloudfront.net\/12\/2023\/07\/Mark-Cavendish-profimedia-0026175982.webp\" alt=\"Mark Cavendish\" width=\"1250\" height=\"828\" srcset=\"https:\/\/d2p6e6u75xmxt8.cloudfront.net\/12\/2023\/07\/Mark-Cavendish-profimedia-0026175982.webp 1250w, https:\/\/d2p6e6u75xmxt8.cloudfront.net\/12\/2023\/07\/Mark-Cavendish-profimedia-0026175982-300x199.webp 300w, https:\/\/d2p6e6u75xmxt8.cloudfront.net\/12\/2023\/07\/Mark-Cavendish-profimedia-0026175982-1024x678.webp 1024w, https:\/\/d2p6e6u75xmxt8.cloudfront.net\/12\/2023\/07\/Mark-Cavendish-profimedia-0026175982-768x509.webp 768w, https:\/\/d2p6e6u75xmxt8.cloudfront.net\/12\/2023\/07\/Mark-Cavendish-profimedia-0026175982-400x265.webp 400w\" sizes=\"auto, (max-width: 1250px) 100vw, 1250px\" \/><\/a><figcaption id=\"caption-attachment-17617\" class=\"wp-caption-text\">A 2008-as Tour 5. Szakasz\u00e1n futott be Cavendish els\u0151k\u00e9nt. \u00a9 Profimedia<\/figcaption><\/figure>\n<h2><strong>2010: A versenyz\u0151knek egy 13,2 km hossz\u00fa macskak\u00f6ves \u00fattal kell megk\u00fczdeni\u00fck<\/strong><\/h2>\n<figure id=\"attachment_17618\" aria-describedby=\"caption-attachment-17618\" style=\"width: 1250px\" class=\"wp-caption alignnone\"><a href=\"https:\/\/d2p6e6u75xmxt8.cloudfront.net\/12\/2023\/07\/2010-Tour-Cobblestones-profimedia-0076504397.webp\"><img loading=\"lazy\" decoding=\"async\" class=\"wp-image-17618 size-full\" src=\"https:\/\/d2p6e6u75xmxt8.cloudfront.net\/12\/2023\/07\/2010-Tour-Cobblestones-profimedia-0076504397.webp\" alt=\"2010 Tour de France\" width=\"1250\" height=\"831\" srcset=\"https:\/\/d2p6e6u75xmxt8.cloudfront.net\/12\/2023\/07\/2010-Tour-Cobblestones-profimedia-0076504397.webp 1250w, https:\/\/d2p6e6u75xmxt8.cloudfront.net\/12\/2023\/07\/2010-Tour-Cobblestones-profimedia-0076504397-300x199.webp 300w, https:\/\/d2p6e6u75xmxt8.cloudfront.net\/12\/2023\/07\/2010-Tour-Cobblestones-profimedia-0076504397-1024x681.webp 1024w, https:\/\/d2p6e6u75xmxt8.cloudfront.net\/12\/2023\/07\/2010-Tour-Cobblestones-profimedia-0076504397-768x511.webp 768w, https:\/\/d2p6e6u75xmxt8.cloudfront.net\/12\/2023\/07\/2010-Tour-Cobblestones-profimedia-0076504397-400x266.webp 400w, https:\/\/d2p6e6u75xmxt8.cloudfront.net\/12\/2023\/07\/2010-Tour-Cobblestones-profimedia-0076504397-272x182.webp 272w\" sizes=\"auto, (max-width: 1250px) 100vw, 1250px\" \/><\/a><figcaption id=\"caption-attachment-17618\" class=\"wp-caption-text\">Ez volt a leghosszabb macskak\u00f6ves szakasz 1983 \u00f3ta. \u00a9 Profimedia<\/figcaption><\/figure>\n<h2><strong>2011: Az els\u0151 ausztr\u00e1l gy\u0151zelem<\/strong><\/h2>\n<figure id=\"attachment_17619\" aria-describedby=\"caption-attachment-17619\" style=\"width: 1250px\" class=\"wp-caption alignnone\"><a href=\"https:\/\/d2p6e6u75xmxt8.cloudfront.net\/12\/2023\/07\/2011-Cadel-Evans-profimedia-0097099409.webp\"><img loading=\"lazy\" decoding=\"async\" class=\"wp-image-17619 size-full\" src=\"https:\/\/d2p6e6u75xmxt8.cloudfront.net\/12\/2023\/07\/2011-Cadel-Evans-profimedia-0097099409.webp\" alt=\"Cadel Evans in 2011\" width=\"1250\" height=\"827\" srcset=\"https:\/\/d2p6e6u75xmxt8.cloudfront.net\/12\/2023\/07\/2011-Cadel-Evans-profimedia-0097099409.webp 1250w, https:\/\/d2p6e6u75xmxt8.cloudfront.net\/12\/2023\/07\/2011-Cadel-Evans-profimedia-0097099409-300x198.webp 300w, https:\/\/d2p6e6u75xmxt8.cloudfront.net\/12\/2023\/07\/2011-Cadel-Evans-profimedia-0097099409-1024x677.webp 1024w, https:\/\/d2p6e6u75xmxt8.cloudfront.net\/12\/2023\/07\/2011-Cadel-Evans-profimedia-0097099409-768x508.webp 768w, https:\/\/d2p6e6u75xmxt8.cloudfront.net\/12\/2023\/07\/2011-Cadel-Evans-profimedia-0097099409-400x265.webp 400w\" sizes=\"auto, (max-width: 1250px) 100vw, 1250px\" \/><\/a><figcaption id=\"caption-attachment-17619\" class=\"wp-caption-text\">Cadel Evans nyerte a versenyt. \u00a9 Profimedia<\/figcaption><\/figure>\n<h2><strong>2012: Peter Sagan el\u0151sz\u00f6r nyer z\u00f6ld trik\u00f3t<\/strong><\/h2>\n<figure id=\"attachment_17620\" aria-describedby=\"caption-attachment-17620\" style=\"width: 1250px\" class=\"wp-caption alignnone\"><a href=\"https:\/\/d2p6e6u75xmxt8.cloudfront.net\/12\/2023\/07\/2012-Sagan-Tour-profimedia-0233532354.webp\"><img loading=\"lazy\" decoding=\"async\" class=\"wp-image-17620 size-full\" src=\"https:\/\/d2p6e6u75xmxt8.cloudfront.net\/12\/2023\/07\/2012-Sagan-Tour-profimedia-0233532354.webp\" alt=\"Peter Sagan\" width=\"1250\" height=\"833\" srcset=\"https:\/\/d2p6e6u75xmxt8.cloudfront.net\/12\/2023\/07\/2012-Sagan-Tour-profimedia-0233532354.webp 1250w, https:\/\/d2p6e6u75xmxt8.cloudfront.net\/12\/2023\/07\/2012-Sagan-Tour-profimedia-0233532354-300x200.webp 300w, https:\/\/d2p6e6u75xmxt8.cloudfront.net\/12\/2023\/07\/2012-Sagan-Tour-profimedia-0233532354-1024x682.webp 1024w, https:\/\/d2p6e6u75xmxt8.cloudfront.net\/12\/2023\/07\/2012-Sagan-Tour-profimedia-0233532354-768x512.webp 768w, https:\/\/d2p6e6u75xmxt8.cloudfront.net\/12\/2023\/07\/2012-Sagan-Tour-profimedia-0233532354-400x267.webp 400w, https:\/\/d2p6e6u75xmxt8.cloudfront.net\/12\/2023\/07\/2012-Sagan-Tour-profimedia-0233532354-272x182.webp 272w\" sizes=\"auto, (max-width: 1250px) 100vw, 1250px\" \/><\/a><figcaption id=\"caption-attachment-17620\" class=\"wp-caption-text\">Az\u00f3ta pedig m\u00e9g h\u00e9tszer szerezte meg a mezt. \u00a9 Profimedia<\/figcaption><\/figure>\n<h2><strong>2013: A Tour 100. Sz\u00fclet\u00e9snapj\u00e1t \u00fcnnepli<\/strong><\/h2>\n<figure id=\"attachment_17621\" aria-describedby=\"caption-attachment-17621\" style=\"width: 1250px\" class=\"wp-caption alignnone\"><a href=\"https:\/\/d2p6e6u75xmxt8.cloudfront.net\/12\/2023\/07\/Tour-de-France-100-Years-profimedia-0144594089.webp\"><img loading=\"lazy\" decoding=\"async\" class=\"wp-image-17621 size-full\" src=\"https:\/\/d2p6e6u75xmxt8.cloudfront.net\/12\/2023\/07\/Tour-de-France-100-Years-profimedia-0144594089.webp\" alt=\"100 Years of the Tour de France\" width=\"1250\" height=\"674\" srcset=\"https:\/\/d2p6e6u75xmxt8.cloudfront.net\/12\/2023\/07\/Tour-de-France-100-Years-profimedia-0144594089.webp 1250w, https:\/\/d2p6e6u75xmxt8.cloudfront.net\/12\/2023\/07\/Tour-de-France-100-Years-profimedia-0144594089-300x162.webp 300w, https:\/\/d2p6e6u75xmxt8.cloudfront.net\/12\/2023\/07\/Tour-de-France-100-Years-profimedia-0144594089-1024x552.webp 1024w, https:\/\/d2p6e6u75xmxt8.cloudfront.net\/12\/2023\/07\/Tour-de-France-100-Years-profimedia-0144594089-768x414.webp 768w, https:\/\/d2p6e6u75xmxt8.cloudfront.net\/12\/2023\/07\/Tour-de-France-100-Years-profimedia-0144594089-400x216.webp 400w\" sizes=\"auto, (max-width: 1250px) 100vw, 1250px\" \/><\/a><figcaption id=\"caption-attachment-17621\" class=\"wp-caption-text\">A 100. verseny, t\u00f6rt\u00e9nelmes ro\u00e1n el\u0151sz\u00f6r, Korzik\u00e1r\u00f3l indult. \u00a9 Profimedia<\/figcaption><\/figure>\n<h2><strong>2015: A \u0160koda lesz a z\u00f6ld trik\u00f3 szponzora<\/strong><\/h2>\n<figure id=\"attachment_17622\" aria-describedby=\"caption-attachment-17622\" style=\"width: 1250px\" class=\"wp-caption alignnone\"><a href=\"https:\/\/d2p6e6u75xmxt8.cloudfront.net\/12\/2023\/07\/2015-Sagan-profimedia-0253975471.webp\"><img loading=\"lazy\" decoding=\"async\" class=\"wp-image-17622 size-full\" src=\"https:\/\/d2p6e6u75xmxt8.cloudfront.net\/12\/2023\/07\/2015-Sagan-profimedia-0253975471.webp\" alt=\"Peter Sagan\" width=\"1250\" height=\"833\" srcset=\"https:\/\/d2p6e6u75xmxt8.cloudfront.net\/12\/2023\/07\/2015-Sagan-profimedia-0253975471.webp 1250w, https:\/\/d2p6e6u75xmxt8.cloudfront.net\/12\/2023\/07\/2015-Sagan-profimedia-0253975471-300x200.webp 300w, https:\/\/d2p6e6u75xmxt8.cloudfront.net\/12\/2023\/07\/2015-Sagan-profimedia-0253975471-1024x682.webp 1024w, https:\/\/d2p6e6u75xmxt8.cloudfront.net\/12\/2023\/07\/2015-Sagan-profimedia-0253975471-768x512.webp 768w, https:\/\/d2p6e6u75xmxt8.cloudfront.net\/12\/2023\/07\/2015-Sagan-profimedia-0253975471-400x267.webp 400w, https:\/\/d2p6e6u75xmxt8.cloudfront.net\/12\/2023\/07\/2015-Sagan-profimedia-0253975471-272x182.webp 272w\" sizes=\"auto, (max-width: 1250px) 100vw, 1250px\" \/><\/a><figcaption id=\"caption-attachment-17622\" class=\"wp-caption-text\">Peter Sagan volt az els\u0151, aki viselhette az \u00faj \u0160koda z\u00f6ld trik\u00f3t. \u00a9 Profimedia<\/figcaption><\/figure>\n<h2><strong>2016: Froome felfut a Mont Ventoux-ra<\/strong><\/h2>\n<figure id=\"attachment_17623\" aria-describedby=\"caption-attachment-17623\" style=\"width: 1250px\" class=\"wp-caption alignnone\"><a href=\"https:\/\/d2p6e6u75xmxt8.cloudfront.net\/12\/2023\/07\/2016-Tour-Froome-Runs-profimedia-0294081337.webp\"><img loading=\"lazy\" decoding=\"async\" class=\"wp-image-17623 size-full\" src=\"https:\/\/d2p6e6u75xmxt8.cloudfront.net\/12\/2023\/07\/2016-Tour-Froome-Runs-profimedia-0294081337.webp\" alt=\"Froome in the 2016 Tour\" width=\"1250\" height=\"833\" srcset=\"https:\/\/d2p6e6u75xmxt8.cloudfront.net\/12\/2023\/07\/2016-Tour-Froome-Runs-profimedia-0294081337.webp 1250w, https:\/\/d2p6e6u75xmxt8.cloudfront.net\/12\/2023\/07\/2016-Tour-Froome-Runs-profimedia-0294081337-300x200.webp 300w, https:\/\/d2p6e6u75xmxt8.cloudfront.net\/12\/2023\/07\/2016-Tour-Froome-Runs-profimedia-0294081337-1024x682.webp 1024w, https:\/\/d2p6e6u75xmxt8.cloudfront.net\/12\/2023\/07\/2016-Tour-Froome-Runs-profimedia-0294081337-768x512.webp 768w, https:\/\/d2p6e6u75xmxt8.cloudfront.net\/12\/2023\/07\/2016-Tour-Froome-Runs-profimedia-0294081337-400x267.webp 400w, https:\/\/d2p6e6u75xmxt8.cloudfront.net\/12\/2023\/07\/2016-Tour-Froome-Runs-profimedia-0294081337-272x182.webp 272w\" sizes=\"auto, (max-width: 1250px) 100vw, 1250px\" \/><\/a><figcaption id=\"caption-attachment-17623\" class=\"wp-caption-text\">Ahogy Richie Porte \u00e9s Bauke Mollema ellen versenyzett az emelked\u0151n, Froome borult egy baleset miatt, amit egy motoros okozott, akit egy rajong\u00f3 \u00e1ll\u00edtott meg hirtelen. Mivel a bring\u00e1ja megs\u00e9r\u00fclt, Froome futva v\u00e1gott neki a hegynek &#8211; a Tour egyik legbizarrabb l\u00e1tv\u00e1ny\u00e1t ny\u00fajtva. \u00a9 Profimedia<\/figcaption><\/figure>\n<h2><strong>2019: Le kell f\u00fajni a verseny v\u00e9g\u00e9t<\/strong><\/h2>\n<figure id=\"attachment_17624\" aria-describedby=\"caption-attachment-17624\" style=\"width: 1250px\" class=\"wp-caption alignnone\"><a href=\"https:\/\/d2p6e6u75xmxt8.cloudfront.net\/12\/2023\/07\/2019-Tour-Bernal-profimedia-0461368906.webp\"><img loading=\"lazy\" decoding=\"async\" class=\"wp-image-17624 size-full\" src=\"https:\/\/d2p6e6u75xmxt8.cloudfront.net\/12\/2023\/07\/2019-Tour-Bernal-profimedia-0461368906.webp\" alt=\"\" width=\"1250\" height=\"805\" srcset=\"https:\/\/d2p6e6u75xmxt8.cloudfront.net\/12\/2023\/07\/2019-Tour-Bernal-profimedia-0461368906.webp 1250w, https:\/\/d2p6e6u75xmxt8.cloudfront.net\/12\/2023\/07\/2019-Tour-Bernal-profimedia-0461368906-300x193.webp 300w, https:\/\/d2p6e6u75xmxt8.cloudfront.net\/12\/2023\/07\/2019-Tour-Bernal-profimedia-0461368906-1024x659.webp 1024w, https:\/\/d2p6e6u75xmxt8.cloudfront.net\/12\/2023\/07\/2019-Tour-Bernal-profimedia-0461368906-768x495.webp 768w, https:\/\/d2p6e6u75xmxt8.cloudfront.net\/12\/2023\/07\/2019-Tour-Bernal-profimedia-0461368906-400x258.webp 400w\" sizes=\"auto, (max-width: 1250px) 100vw, 1250px\" \/><\/a><figcaption id=\"caption-attachment-17624\" class=\"wp-caption-text\">A hatalmas viharok \u00e9s az es\u0151 miatt le kellett f\u00fajni a 19. Szakaszt, \u00edgy Bernal nyerte az \u00f6sszetett versenyt. \u00a9 Profimedia<\/figcaption><\/figure>\n<h2><strong>2020: A Covid miatt el kellett halasztani a Tour-t<\/strong><\/h2>\n<figure id=\"attachment_17625\" aria-describedby=\"caption-attachment-17625\" style=\"width: 1250px\" class=\"wp-caption alignnone\"><a href=\"https:\/\/d2p6e6u75xmxt8.cloudfront.net\/12\/2023\/07\/2020-Tour-Alaphilippe-profimedia-0555589683.webp\"><img loading=\"lazy\" decoding=\"async\" class=\"wp-image-17625 size-full\" src=\"https:\/\/d2p6e6u75xmxt8.cloudfront.net\/12\/2023\/07\/2020-Tour-Alaphilippe-profimedia-0555589683.webp\" alt=\"Julian Alaphilippe\" width=\"1250\" height=\"833\" srcset=\"https:\/\/d2p6e6u75xmxt8.cloudfront.net\/12\/2023\/07\/2020-Tour-Alaphilippe-profimedia-0555589683.webp 1250w, https:\/\/d2p6e6u75xmxt8.cloudfront.net\/12\/2023\/07\/2020-Tour-Alaphilippe-profimedia-0555589683-300x200.webp 300w, https:\/\/d2p6e6u75xmxt8.cloudfront.net\/12\/2023\/07\/2020-Tour-Alaphilippe-profimedia-0555589683-1024x682.webp 1024w, https:\/\/d2p6e6u75xmxt8.cloudfront.net\/12\/2023\/07\/2020-Tour-Alaphilippe-profimedia-0555589683-768x512.webp 768w, https:\/\/d2p6e6u75xmxt8.cloudfront.net\/12\/2023\/07\/2020-Tour-Alaphilippe-profimedia-0555589683-400x267.webp 400w, https:\/\/d2p6e6u75xmxt8.cloudfront.net\/12\/2023\/07\/2020-Tour-Alaphilippe-profimedia-0555589683-272x182.webp 272w\" sizes=\"auto, (max-width: 1250px) 100vw, 1250px\" \/><\/a><figcaption id=\"caption-attachment-17625\" class=\"wp-caption-text\">A verseny szeptemberben zajlott le. \u00a9 Profimedia<\/figcaption><\/figure>\n<h2><strong>2021: Van Aert el\u00e9ri Mark Cavendish rekordj\u00e1t 35. szakaszgy\u0151zelm\u00e9vel<\/strong><\/h2>\n<figure id=\"attachment_17626\" aria-describedby=\"caption-attachment-17626\" style=\"width: 1250px\" class=\"wp-caption alignnone\"><a href=\"https:\/\/d2p6e6u75xmxt8.cloudfront.net\/12\/2023\/07\/Van-Aert-Cavendish-2021-Tour-profimedia-0622127073.webp\"><img loading=\"lazy\" decoding=\"async\" class=\"wp-image-17626 size-full\" src=\"https:\/\/d2p6e6u75xmxt8.cloudfront.net\/12\/2023\/07\/Van-Aert-Cavendish-2021-Tour-profimedia-0622127073.webp\" alt=\"Wout van Aert\" width=\"1250\" height=\"875\" srcset=\"https:\/\/d2p6e6u75xmxt8.cloudfront.net\/12\/2023\/07\/Van-Aert-Cavendish-2021-Tour-profimedia-0622127073.webp 1250w, https:\/\/d2p6e6u75xmxt8.cloudfront.net\/12\/2023\/07\/Van-Aert-Cavendish-2021-Tour-profimedia-0622127073-300x210.webp 300w, https:\/\/d2p6e6u75xmxt8.cloudfront.net\/12\/2023\/07\/Van-Aert-Cavendish-2021-Tour-profimedia-0622127073-1024x717.webp 1024w, https:\/\/d2p6e6u75xmxt8.cloudfront.net\/12\/2023\/07\/Van-Aert-Cavendish-2021-Tour-profimedia-0622127073-768x538.webp 768w, https:\/\/d2p6e6u75xmxt8.cloudfront.net\/12\/2023\/07\/Van-Aert-Cavendish-2021-Tour-profimedia-0622127073-400x280.webp 400w\" sizes=\"auto, (max-width: 1250px) 100vw, 1250px\" \/><\/a><figcaption id=\"caption-attachment-17626\" class=\"wp-caption-text\">Van Aert c\u00e9lba \u00e9r a 2021-es Tour utols\u00f3 szakasz\u00e1n. \u00a9 Profimedia<\/figcaption><\/figure>\n<h2><strong>2022: \u00dajraindul a n\u0151i Tour de France<\/strong><\/h2>\n<figure id=\"attachment_17627\" aria-describedby=\"caption-attachment-17627\" style=\"width: 1250px\" class=\"wp-caption alignnone\"><a href=\"https:\/\/d2p6e6u75xmxt8.cloudfront.net\/12\/2023\/07\/Annemiek-Van-Vleuten-profimedia-0711099743.webp\"><img loading=\"lazy\" decoding=\"async\" class=\"wp-image-17627 size-full\" src=\"https:\/\/d2p6e6u75xmxt8.cloudfront.net\/12\/2023\/07\/Annemiek-Van-Vleuten-profimedia-0711099743.webp\" alt=\"Annemiek van Vleuten\" width=\"1250\" height=\"835\" srcset=\"https:\/\/d2p6e6u75xmxt8.cloudfront.net\/12\/2023\/07\/Annemiek-Van-Vleuten-profimedia-0711099743.webp 1250w, https:\/\/d2p6e6u75xmxt8.cloudfront.net\/12\/2023\/07\/Annemiek-Van-Vleuten-profimedia-0711099743-300x200.webp 300w, https:\/\/d2p6e6u75xmxt8.cloudfront.net\/12\/2023\/07\/Annemiek-Van-Vleuten-profimedia-0711099743-1024x684.webp 1024w, https:\/\/d2p6e6u75xmxt8.cloudfront.net\/12\/2023\/07\/Annemiek-Van-Vleuten-profimedia-0711099743-768x513.webp 768w, https:\/\/d2p6e6u75xmxt8.cloudfront.net\/12\/2023\/07\/Annemiek-Van-Vleuten-profimedia-0711099743-400x267.webp 400w, https:\/\/d2p6e6u75xmxt8.cloudfront.net\/12\/2023\/07\/Annemiek-Van-Vleuten-profimedia-0711099743-272x182.webp 272w\" sizes=\"auto, (max-width: 1250px) 100vw, 1250px\" \/><\/a><figcaption id=\"caption-attachment-17627\" class=\"wp-caption-text\">A versenyt a Annemiek van Vleuten nyeri. \u00a9 Profimedia<\/figcaption><\/figure>\n","protected":false},"excerpt":{"rendered":"<p>M\u00e1r 20 \u00e9v eltelt, ami\u00f3ta a \u0160koda a Tour de France hivatalos partnere lett, \u00e9s micsoda utat tettek meg egy\u00fctt! [&hellip;]<\/p>\n","protected":false},"author":71,"featured_media":17629,"comment_status":"open","ping_status":"open","sticky":false,"template":"","format":"standard","meta":{"footnotes":""},"categories":[8],"tags":[],"global-categories":[],"class_list":["post-17615","post","type-post","status-publish","format-standard","has-post-thumbnail","hentry","category-orszaguti-kerekpar"],"yoast_head":"<!-- This site is optimized with the Yoast SEO Premium plugin v25.3 (Yoast SEO v25.9) - https:\/\/yoast.com\/wordpress\/plugins\/seo\/ -->\n<title>Fot\u00f3gal\u00e9ria: Az elm\u00falt 20 \u00e9v legend\u00e1s TdF-pillanatai<\/title>\n<meta name=\"description\" content=\"M\u00e1r 20 \u00e9v eltelt, ami\u00f3ta a \u0160koda a Tour de France hivatalos partnere lett, \u00e9s micsoda utat tettek meg egy\u00fctt! N\u00e9zz\u00fck \u00e1t azokat az ikonikus pillanatokat, amiket \u00e1t\u00e9lt\u00fcnk az\u00f3ta.\" \/>\n<meta name=\"robots\" content=\"index, follow, max-snippet:-1, max-image-preview:large, max-video-preview:-1\" \/>\n<link rel=\"canonical\" href=\"https:\/\/www.welovecycling.com\/hu\/orszaguti-kerekpar\/fotogaleria-az-elmult-20-ev-legendas-tdf-pillanatai\/\" \/>\n<meta property=\"og:locale\" content=\"hu_HU\" \/>\n<meta property=\"og:type\" content=\"article\" \/>\n<meta property=\"og:title\" content=\"Fot\u00f3gal\u00e9ria: Az elm\u00falt 20 \u00e9v legend\u00e1s TdF-pillanatai\" \/>\n<meta property=\"og:description\" content=\"M\u00e1r 20 \u00e9v eltelt, ami\u00f3ta a \u0160koda a Tour de France hivatalos partnere lett, \u00e9s micsoda utat tettek meg egy\u00fctt! N\u00e9zz\u00fck \u00e1t azokat az ikonikus pillanatokat, amiket \u00e1t\u00e9lt\u00fcnk az\u00f3ta.\" \/>\n<meta property=\"og:url\" content=\"https:\/\/www.welovecycling.com\/hu\/orszaguti-kerekpar\/fotogaleria-az-elmult-20-ev-legendas-tdf-pillanatai\/\" \/>\n<meta property=\"og:site_name\" content=\"\u0160koda We Love Cycling - Magyarorsz\u00e1g\" \/>\n<meta property=\"article:publisher\" content=\"https:\/\/www.facebook.com\/WeLoveCyclingHungary\/\" \/>\n<meta property=\"article:published_time\" content=\"2023-07-11T06:00:15+00:00\" \/>\n<meta property=\"og:image\" content=\"https:\/\/d2p6e6u75xmxt8.cloudfront.net\/12\/2023\/07\/Hugo-Houle-2022-Tour-profimedia-0708326756-CVR.webp\" \/>\n\t<meta property=\"og:image:width\" content=\"990\" \/>\n\t<meta property=\"og:image:height\" content=\"660\" \/>\n\t<meta property=\"og:image:type\" content=\"image\/webp\" \/>\n<meta name=\"author\" content=\"hegyizs\" \/>\n<meta name=\"twitter:card\" content=\"summary_large_image\" \/>\n<meta name=\"twitter:label1\" content=\"Written by\" \/>\n\t<meta name=\"twitter:data1\" content=\"We Love Cycling\" \/>\n\t<meta name=\"twitter:label2\" content=\"Est. reading time\" \/>\n\t<meta name=\"twitter:data2\" content=\"3\" \/>\n<script type=\"application\/ld+json\" class=\"yoast-schema-graph\">{\"@context\":\"https:\/\/schema.org\",\"@graph\":[{\"@type\":\"WebPage\",\"@id\":\"https:\/\/www.welovecycling.com\/hu\/orszaguti-kerekpar\/fotogaleria-az-elmult-20-ev-legendas-tdf-pillanatai\/\",\"url\":\"https:\/\/www.welovecycling.com\/hu\/orszaguti-kerekpar\/fotogaleria-az-elmult-20-ev-legendas-tdf-pillanatai\/\",\"name\":\"Fot\u00f3gal\u00e9ria: Az elm\u00falt 20 \u00e9v legend\u00e1s TdF-pillanatai\",\"isPartOf\":{\"@id\":\"https:\/\/www.welovecycling.com\/hu\/#website\"},\"primaryImageOfPage\":{\"@id\":\"https:\/\/www.welovecycling.com\/hu\/orszaguti-kerekpar\/fotogaleria-az-elmult-20-ev-legendas-tdf-pillanatai\/#primaryimage\"},\"image\":{\"@id\":\"https:\/\/www.welovecycling.com\/hu\/orszaguti-kerekpar\/fotogaleria-az-elmult-20-ev-legendas-tdf-pillanatai\/#primaryimage\"},\"thumbnailUrl\":\"https:\/\/d2p6e6u75xmxt8.cloudfront.net\/12\/2023\/07\/Hugo-Houle-2022-Tour-profimedia-0708326756-CVR.webp\",\"datePublished\":\"2023-07-11T06:00:15+00:00\",\"author\":{\"@id\":\"https:\/\/www.welovecycling.com\/hu\/#\/schema\/person\/414a2aebf1801691a5320edb6468e194\"},\"description\":\"M\u00e1r 20 \u00e9v eltelt, ami\u00f3ta a \u0160koda a Tour de France hivatalos partnere lett, \u00e9s micsoda utat tettek meg egy\u00fctt! N\u00e9zz\u00fck \u00e1t azokat az ikonikus pillanatokat, amiket \u00e1t\u00e9lt\u00fcnk az\u00f3ta.\",\"breadcrumb\":{\"@id\":\"https:\/\/www.welovecycling.com\/hu\/orszaguti-kerekpar\/fotogaleria-az-elmult-20-ev-legendas-tdf-pillanatai\/#breadcrumb\"},\"inLanguage\":\"hu\",\"potentialAction\":[{\"@type\":\"ReadAction\",\"target\":[\"https:\/\/www.welovecycling.com\/hu\/orszaguti-kerekpar\/fotogaleria-az-elmult-20-ev-legendas-tdf-pillanatai\/\"]}]},{\"@type\":\"ImageObject\",\"inLanguage\":\"hu\",\"@id\":\"https:\/\/www.welovecycling.com\/hu\/orszaguti-kerekpar\/fotogaleria-az-elmult-20-ev-legendas-tdf-pillanatai\/#primaryimage\",\"url\":\"https:\/\/d2p6e6u75xmxt8.cloudfront.net\/12\/2023\/07\/Hugo-Houle-2022-Tour-profimedia-0708326756-CVR.webp\",\"contentUrl\":\"https:\/\/d2p6e6u75xmxt8.cloudfront.net\/12\/2023\/07\/Hugo-Houle-2022-Tour-profimedia-0708326756-CVR.webp\",\"width\":990,\"height\":660,\"caption\":\"2022 Tour\"},{\"@type\":\"BreadcrumbList\",\"@id\":\"https:\/\/www.welovecycling.com\/hu\/orszaguti-kerekpar\/fotogaleria-az-elmult-20-ev-legendas-tdf-pillanatai\/#breadcrumb\",\"itemListElement\":[{\"@type\":\"ListItem\",\"position\":1,\"name\":\"Home\",\"item\":\"https:\/\/www.welovecycling.com\/hu\/\"},{\"@type\":\"ListItem\",\"position\":2,\"name\":\"Fot\u00f3gal\u00e9ria: Az elm\u00falt 20 \u00e9v legend\u00e1s TdF-pillanatai\"}]},{\"@type\":\"WebSite\",\"@id\":\"https:\/\/www.welovecycling.com\/hu\/#website\",\"url\":\"https:\/\/www.welovecycling.com\/hu\/\",\"name\":\"\u0160koda We Love Cycling - Magyarorsz\u00e1g\",\"description\":\"\u0160koda WeLoveCycling\",\"potentialAction\":[{\"@type\":\"SearchAction\",\"target\":{\"@type\":\"EntryPoint\",\"urlTemplate\":\"https:\/\/www.welovecycling.com\/hu\/?s={search_term_string}\"},\"query-input\":{\"@type\":\"PropertyValueSpecification\",\"valueRequired\":true,\"valueName\":\"search_term_string\"}}],\"inLanguage\":\"hu\"},{\"@type\":\"Person\",\"@id\":\"https:\/\/www.welovecycling.com\/hu\/#\/schema\/person\/414a2aebf1801691a5320edb6468e194\",\"name\":\"hegyizs\",\"image\":{\"@type\":\"ImageObject\",\"inLanguage\":\"hu\",\"@id\":\"https:\/\/www.welovecycling.com\/hu\/#\/schema\/person\/image\/\",\"url\":\"https:\/\/secure.gravatar.com\/avatar\/02cf8a7906b8cf90cecb4679defac7cfd33a1c2e3b88e4903d947f3bb58eedd3?s=96&d=mm&r=g\",\"contentUrl\":\"https:\/\/secure.gravatar.com\/avatar\/02cf8a7906b8cf90cecb4679defac7cfd33a1c2e3b88e4903d947f3bb58eedd3?s=96&d=mm&r=g\",\"caption\":\"hegyizs\"},\"url\":\"https:\/\/www.welovecycling.com\/hu\/author\/hegyizs\/\"}]}<\/script>\n<!-- \/ Yoast SEO Premium plugin. -->","yoast_head_json":{"title":"Fot\u00f3gal\u00e9ria: Az elm\u00falt 20 \u00e9v legend\u00e1s TdF-pillanatai","description":"M\u00e1r 20 \u00e9v eltelt, ami\u00f3ta a \u0160koda a Tour de France hivatalos partnere lett, \u00e9s micsoda utat tettek meg egy\u00fctt! N\u00e9zz\u00fck \u00e1t azokat az ikonikus pillanatokat, amiket \u00e1t\u00e9lt\u00fcnk az\u00f3ta.","robots":{"index":"index","follow":"follow","max-snippet":"max-snippet:-1","max-image-preview":"max-image-preview:large","max-video-preview":"max-video-preview:-1"},"canonical":"https:\/\/www.welovecycling.com\/hu\/orszaguti-kerekpar\/fotogaleria-az-elmult-20-ev-legendas-tdf-pillanatai\/","og_locale":"hu_HU","og_type":"article","og_title":"Fot\u00f3gal\u00e9ria: Az elm\u00falt 20 \u00e9v legend\u00e1s TdF-pillanatai","og_description":"M\u00e1r 20 \u00e9v eltelt, ami\u00f3ta a \u0160koda a Tour de France hivatalos partnere lett, \u00e9s micsoda utat tettek meg egy\u00fctt! N\u00e9zz\u00fck \u00e1t azokat az ikonikus pillanatokat, amiket \u00e1t\u00e9lt\u00fcnk az\u00f3ta.","og_url":"https:\/\/www.welovecycling.com\/hu\/orszaguti-kerekpar\/fotogaleria-az-elmult-20-ev-legendas-tdf-pillanatai\/","og_site_name":"\u0160koda We Love Cycling - Magyarorsz\u00e1g","article_publisher":"https:\/\/www.facebook.com\/WeLoveCyclingHungary\/","article_published_time":"2023-07-11T06:00:15+00:00","og_image":[{"width":990,"height":660,"url":"https:\/\/d2p6e6u75xmxt8.cloudfront.net\/12\/2023\/07\/Hugo-Houle-2022-Tour-profimedia-0708326756-CVR.webp","type":"image\/webp"}],"author":"hegyizs","twitter_card":"summary_large_image","twitter_misc":{"Written by":"We Love Cycling","Est. reading time":"3"},"schema":{"@context":"https:\/\/schema.org","@graph":[{"@type":"WebPage","@id":"https:\/\/www.welovecycling.com\/hu\/orszaguti-kerekpar\/fotogaleria-az-elmult-20-ev-legendas-tdf-pillanatai\/","url":"https:\/\/www.welovecycling.com\/hu\/orszaguti-kerekpar\/fotogaleria-az-elmult-20-ev-legendas-tdf-pillanatai\/","name":"Fot\u00f3gal\u00e9ria: Az elm\u00falt 20 \u00e9v legend\u00e1s TdF-pillanatai","isPartOf":{"@id":"https:\/\/www.welovecycling.com\/hu\/#website"},"primaryImageOfPage":{"@id":"https:\/\/www.welovecycling.com\/hu\/orszaguti-kerekpar\/fotogaleria-az-elmult-20-ev-legendas-tdf-pillanatai\/#primaryimage"},"image":{"@id":"https:\/\/www.welovecycling.com\/hu\/orszaguti-kerekpar\/fotogaleria-az-elmult-20-ev-legendas-tdf-pillanatai\/#primaryimage"},"thumbnailUrl":"https:\/\/d2p6e6u75xmxt8.cloudfront.net\/12\/2023\/07\/Hugo-Houle-2022-Tour-profimedia-0708326756-CVR.webp","datePublished":"2023-07-11T06:00:15+00:00","author":{"@id":"https:\/\/www.welovecycling.com\/hu\/#\/schema\/person\/414a2aebf1801691a5320edb6468e194"},"description":"M\u00e1r 20 \u00e9v eltelt, ami\u00f3ta a \u0160koda a Tour de France hivatalos partnere lett, \u00e9s micsoda utat tettek meg egy\u00fctt! N\u00e9zz\u00fck \u00e1t azokat az ikonikus pillanatokat, amiket \u00e1t\u00e9lt\u00fcnk az\u00f3ta.","breadcrumb":{"@id":"https:\/\/www.welovecycling.com\/hu\/orszaguti-kerekpar\/fotogaleria-az-elmult-20-ev-legendas-tdf-pillanatai\/#breadcrumb"},"inLanguage":"hu","potentialAction":[{"@type":"ReadAction","target":["https:\/\/www.welovecycling.com\/hu\/orszaguti-kerekpar\/fotogaleria-az-elmult-20-ev-legendas-tdf-pillanatai\/"]}]},{"@type":"ImageObject","inLanguage":"hu","@id":"https:\/\/www.welovecycling.com\/hu\/orszaguti-kerekpar\/fotogaleria-az-elmult-20-ev-legendas-tdf-pillanatai\/#primaryimage","url":"https:\/\/d2p6e6u75xmxt8.cloudfront.net\/12\/2023\/07\/Hugo-Houle-2022-Tour-profimedia-0708326756-CVR.webp","contentUrl":"https:\/\/d2p6e6u75xmxt8.cloudfront.net\/12\/2023\/07\/Hugo-Houle-2022-Tour-profimedia-0708326756-CVR.webp","width":990,"height":660,"caption":"2022 Tour"},{"@type":"BreadcrumbList","@id":"https:\/\/www.welovecycling.com\/hu\/orszaguti-kerekpar\/fotogaleria-az-elmult-20-ev-legendas-tdf-pillanatai\/#breadcrumb","itemListElement":[{"@type":"ListItem","position":1,"name":"Home","item":"https:\/\/www.welovecycling.com\/hu\/"},{"@type":"ListItem","position":2,"name":"Fot\u00f3gal\u00e9ria: Az elm\u00falt 20 \u00e9v legend\u00e1s TdF-pillanatai"}]},{"@type":"WebSite","@id":"https:\/\/www.welovecycling.com\/hu\/#website","url":"https:\/\/www.welovecycling.com\/hu\/","name":"\u0160koda We Love Cycling - Magyarorsz\u00e1g","description":"\u0160koda WeLoveCycling","potentialAction":[{"@type":"SearchAction","target":{"@type":"EntryPoint","urlTemplate":"https:\/\/www.welovecycling.com\/hu\/?s={search_term_string}"},"query-input":{"@type":"PropertyValueSpecification","valueRequired":true,"valueName":"search_term_string"}}],"inLanguage":"hu"},{"@type":"Person","@id":"https:\/\/www.welovecycling.com\/hu\/#\/schema\/person\/414a2aebf1801691a5320edb6468e194","name":"hegyizs","image":{"@type":"ImageObject","inLanguage":"hu","@id":"https:\/\/www.welovecycling.com\/hu\/#\/schema\/person\/image\/","url":"https:\/\/secure.gravatar.com\/avatar\/02cf8a7906b8cf90cecb4679defac7cfd33a1c2e3b88e4903d947f3bb58eedd3?s=96&d=mm&r=g","contentUrl":"https:\/\/secure.gravatar.com\/avatar\/02cf8a7906b8cf90cecb4679defac7cfd33a1c2e3b88e4903d947f3bb58eedd3?s=96&d=mm&r=g","caption":"hegyizs"},"url":"https:\/\/www.welovecycling.com\/hu\/author\/hegyizs\/"}]}},"_links":{"self":[{"href":"https:\/\/www.welovecycling.com\/hu\/wp-json\/wp\/v2\/posts\/17615","targetHints":{"allow":["GET"]}}],"collection":[{"href":"https:\/\/www.welovecycling.com\/hu\/wp-json\/wp\/v2\/posts"}],"about":[{"href":"https:\/\/www.welovecycling.com\/hu\/wp-json\/wp\/v2\/types\/post"}],"author":[{"embeddable":true,"href":"https:\/\/www.welovecycling.com\/hu\/wp-json\/wp\/v2\/users\/71"}],"replies":[{"embeddable":true,"href":"https:\/\/www.welovecycling.com\/hu\/wp-json\/wp\/v2\/comments?post=17615"}],"version-history":[{"count":2,"href":"https:\/\/www.welovecycling.com\/hu\/wp-json\/wp\/v2\/posts\/17615\/revisions"}],"predecessor-version":[{"id":17630,"href":"https:\/\/www.welovecycling.com\/hu\/wp-json\/wp\/v2\/posts\/17615\/revisions\/17630"}],"wp:featuredmedia":[{"embeddable":true,"href":"https:\/\/www.welovecycling.com\/hu\/wp-json\/wp\/v2\/media\/17629"}],"wp:attachment":[{"href":"https:\/\/www.welovecycling.com\/hu\/wp-json\/wp\/v2\/media?parent=17615"}],"wp:term":[{"taxonomy":"category","embeddable":true,"href":"https:\/\/www.welovecycling.com\/hu\/wp-json\/wp\/v2\/categories?post=17615"},{"taxonomy":"post_tag","embeddable":true,"href":"https:\/\/www.welovecycling.com\/hu\/wp-json\/wp\/v2\/tags?post=17615"},{"taxonomy":"global-categories","embeddable":true,"href":"https:\/\/www.welovecycling.com\/hu\/wp-json\/wp\/v2\/global-categories?post=17615"}],"curies":[{"name":"wp","href":"https:\/\/api.w.org\/{rel}","templated":true}]}}