{"id":17606,"date":"2023-07-06T08:00:34","date_gmt":"2023-07-06T06:00:34","guid":{"rendered":"https:\/\/www.welovecycling.com\/hu\/?p=17606"},"modified":"2023-07-03T12:42:08","modified_gmt":"2023-07-03T10:42:08","slug":"terepjaras-e-kerekparral-lehetseges","status":"publish","type":"post","link":"https:\/\/www.welovecycling.com\/hu\/trekking-mtb\/terepjaras-e-kerekparral-lehetseges\/","title":{"rendered":"Terepj\u00e1r\u00e1s e-ker\u00e9kp\u00e1rral: Lehets\u00e9ges?"},"content":{"rendered":"<p><strong>Valamikor r\u00e9gen az elektromos ker\u00e9kp\u00e1rokat a &#8220;lusta&#8221; emberek \u00e1ltal v\u00e1lasztott opci\u00f3nak tekintett\u00e9k, amit csak az olyan nyugd\u00edjasok haszn\u00e1ltak, akik nem akart\u00e1k magukat fizikailag meger\u0151ltetni. Mint tudjuk, ez ma m\u00e1r egy\u00e1ltal\u00e1n nem \u00edgy van. <\/strong><\/p>\n<p><!--more--><\/p>\n<p>Az elm\u00falt \u00e9vekben az elektromos ker\u00e9kp\u00e1rok n\u00e9pszer\u0171s\u00e9ge fenntarthat\u00f3 \u00e9s hat\u00e9kony k\u00f6zleked\u00e9si m\u00f3dk\u00e9nt is egyar\u00e1nt n\u0151tt. Rengeteg ember haszn\u00e1lja \u0151ket mind szabadid\u0151s c\u00e9lokra, mind az edz\u00e9seik sor\u00e1n &#8211; nyugd\u00edjasok \u00e9s nem nyugd\u00edjasok egyar\u00e1nt! A technol\u00f3gia fejl\u0151d\u00e9s\u00e9vel az elektromos biciklik, m\u00e1s n\u00e9ven e-bike-ok, egyre er\u0151sebbek \u00e9s sokoldal\u00fabbak lettek. A hat\u00f3t\u00e1vols\u00e1guk n\u00f6veked\u00e9s\u00e9vel lehet\u0151s\u00e9g ny\u00edlt a hosszabb t\u00far\u00e1kra is. \u00cdgy a kalandra v\u00e1gy\u00f3 bring\u00e1sok k\u00f6z\u00f6tt felmer\u00fclt a k\u00e9rd\u00e9s, hogy vajon lehets\u00e9ges-e terepen tekerni egy e-biciklivel.<\/p>\n<p>T\u00e9ny, hogy az elektromos ker\u00e9kp\u00e1rok forradalmas\u00edtott\u00e1k a bicikliz\u00e9st. Ezek a k\u00fcl\u00f6nleges k\u00e9tkerek\u0171ek lehet\u0151v\u00e9 teszik a bring\u00e1sok sz\u00e1m\u00e1ra, hogy egy elektromos motor seg\u00edts\u00e9g\u00e9vel minim\u00e1lis er\u0151fesz\u00edt\u00e9ssel ped\u00e1lozzanak. Term\u00e9szetesen a motor k\u00fcl\u00f6nb\u00f6z\u0151 fokozatokat k\u00edn\u00e1l, \u00edgy a terepviszonyokt\u00f3l vagy ak\u00e1r csak a kedv\u00fcnkt\u0151l f\u00fcgg\u0151en megv\u00e1laszthatjuk, hogy mekkora seg\u00edts\u00e9gre van sz\u00fcks\u00e9g\u00fcnk a teker\u00e9sben. Ez a v\u00e1laszt\u00e1si lehet\u0151s\u00e9g az ing\u00e1z\u00f3k, a szabadid\u0151s ker\u00e9kp\u00e1rosok, de m\u00e9g az MTB-sek sz\u00e1m\u00e1ra is nagy v\u00e1ltoz\u00e1st jelent. A k\u00e9rd\u00e9s azonban tov\u00e1bbra is fenn\u00e1ll: Mennyire b\u00edrj\u00e1k az e-bike-ok a terepen val\u00f3 k\u00f6zleked\u00e9st?<\/p>\n<p>B\u00e1r nem minden e-ker\u00e9kp\u00e1r alkalmas terepre, az elektromos hegyiker\u00e9kp\u00e1rok (e-MTB-k) nagy n\u00e9pszer\u0171s\u00e9gnek \u00f6rvendenek ezen a ter\u00fcleten. Az e-montikat kifejezetten durva terepre tervezt\u00e9k. Ezek t\u00f6bb szempontb\u00f3l is k\u00fcl\u00f6nb\u00f6znek a megszokott mountain bike-okt\u00f3l. T\u00f6bbek k\u00f6z\u00f6tt az al\u00e1bbi tulajdons\u00e1gokkal rendelkeznek:<\/p>\n<ul>\n<li>Tov\u00e1bbfejlesztett felf\u00fcggeszt\u00e9si rendszerek<\/li>\n<li>Sz\u00e9lesebb terepj\u00e1r\u00f3 gumiabroncsok a jobb tapad\u00e1s \u00e9rdek\u00e9ben<\/li>\n<li>Tart\u00f3s v\u00e1zak, melyek k\u00e9pesek elviselni a durva terepviszonyokat<\/li>\n<li>Speci\u00e1lis ped\u00e1loz\u00e1si m\u00f3dok, melyek optim\u00e1lis er\u0151\u00e1tvitelt biztos\u00edtanak emelked\u0151k\u00f6n \u00e9s technik\u00e1s lejt\u0151k\u00f6n<\/li>\n<\/ul>\n<p>Teh\u00e1t \u00fagy t\u0171nik, az elektromos ker\u00e9kp\u00e1rok fizikailag alkalmasak a terepen val\u00f3 haszn\u00e1latra, de vajon mennyire \u00e9lvezetes egy e-bike-kal r\u00f3ni a f\u00f6ldutakat?<\/p>\n<figure id=\"attachment_15265\" aria-describedby=\"caption-attachment-15265\" style=\"width: 990px\" class=\"wp-caption alignnone\"><a href=\"https:\/\/d2p6e6u75xmxt8.cloudfront.net\/12\/2022\/06\/Gaspi-MTB-Backpack-CVR.jpg\"><img loading=\"lazy\" decoding=\"async\" class=\"wp-image-15265 size-full\" src=\"https:\/\/d2p6e6u75xmxt8.cloudfront.net\/12\/2022\/06\/Gaspi-MTB-Backpack-CVR.jpg\" alt=\"MTB\" width=\"990\" height=\"660\" srcset=\"https:\/\/d2p6e6u75xmxt8.cloudfront.net\/12\/2022\/06\/Gaspi-MTB-Backpack-CVR.jpg 990w, https:\/\/d2p6e6u75xmxt8.cloudfront.net\/12\/2022\/06\/Gaspi-MTB-Backpack-CVR-300x200.jpg 300w, https:\/\/d2p6e6u75xmxt8.cloudfront.net\/12\/2022\/06\/Gaspi-MTB-Backpack-CVR-768x512.jpg 768w, https:\/\/d2p6e6u75xmxt8.cloudfront.net\/12\/2022\/06\/Gaspi-MTB-Backpack-CVR-272x182.jpg 272w\" sizes=\"auto, (max-width: 990px) 100vw, 990px\" \/><\/a><figcaption id=\"caption-attachment-15265\" class=\"wp-caption-text\">J\u00f6het egy e-bike t\u00fara?<\/figcaption><\/figure>\n<p>Az elektromos mountain bike-ok egyik jelent\u0151s el\u0151nye az alkalmazkod\u00f3k\u00e9pess\u00e9g\u00fck. Szabadon eld\u00f6ntheted, hogy ped\u00e1lozol-e vagy ink\u00e1bb az elektromos motor seg\u00edts\u00e9g\u00e9re hagyatkozol. Ez lehet\u0151v\u00e9 teszi, hogy sz\u00fcks\u00e9g eset\u00e9n energi\u00e1t takar\u00edts meg, \u00e9s \u00edgy teljes er\u0151vel v\u00e1ghass neki a meredek emelked\u0151knek vagy a s\u00edk szakaszokon val\u00f3 gyorsul\u00e1snak.<\/p>\n<p>Az e-bike-ok terepen val\u00f3 haszn\u00e1lata teh\u00e1t a lehet\u0151s\u00e9gek egy teljesen \u00faj t\u00e1rh\u00e1z\u00e1t nyitj\u00e1k meg azon ker\u00e9kp\u00e1rosok sz\u00e1m\u00e1ra, akik alapvet\u0151en nem rajonganak a hegym\u00e1sz\u00e1s\u00e9rt. Cs\u00e1b\u00edthatja tov\u00e1bb\u00e1 azokat is, akiket kor\u00e1bban a hagyom\u00e1nyos hegyiker\u00e9kp\u00e1roz\u00e1s fizikai neh\u00e9zs\u00e9ge riasztott el a sportt\u00f3l.<\/p>\n<p>M\u00e1r olyan &#8220;uphill flow&#8221; p\u00e1ly\u00e1k is l\u00e9teznek, melyeket kifejezetten elektromos montikra terveztek. Ezek mindenki sz\u00e1m\u00e1ra teljesen \u00faj \u00e9lm\u00e9nyt ny\u00fajtanak, lehet\u0151v\u00e9 t\u00e9ve, hogy a k\u00fcl\u00f6nb\u00f6z\u0151 er\u0151nl\u00e9ti \u00e1llapot\u00fa bring\u00e1sok, valamint a csal\u00e1dok egy\u00fctt \u00e9lvezhess\u00e9k a nehezebb terepek izgalmait. A terepen is haszn\u00e1lhat\u00f3 e-bike-ok teh\u00e1t t\u00f6bb embert \u00f6szt\u00f6n\u00f6znek a sportol\u00e1sra, a term\u00e9szet felfedez\u00e9s\u00e9re \u00e9s a szabadt\u00e9ri tev\u00e9kenys\u00e9gekbe val\u00f3 bekapcsol\u00f3d\u00e1sra, valamint el\u0151seg\u00edtik az eg\u00e9szs\u00e9gesebb, fenntarthat\u00f3bb \u00e9letm\u00f3dot.<\/p>\n<p>Az e-bike-oknak azonban term\u00e9szetesen vannak h\u00e1tr\u00e1nyaik is. Egy e-ker\u00e9kp\u00e1r akkumul\u00e1tora mintegy 2-3 kg-ot nyom, \u00edgy egy e-MTB nem olyan k\u00f6nny\u0171, mint egy hagyom\u00e1nyos mountain bike. Emellett ott van m\u00e9g az akkumul\u00e1tor lemer\u00fcl\u00e9s\u00e9nek probl\u00e9m\u00e1ja is. Persze az emberi testnek is vannak hat\u00e1rai, de azt legal\u00e1bb tudjuk edzeni, hogy tov\u00e1bb b\u00edrja. Erre viszont egy akkumul\u00e1tor nem k\u00e9pes.<\/p>\n<p>Sz\u00f3val, lehets\u00e9ges a terepj\u00e1r\u00e1s egy e-bike-kal? A v\u00e1lasz: abszol\u00fat! Ak\u00e1r csak most ismerkedsz ezzel a sporttal, ak\u00e1r m\u00e1r tapasztalt downhill-versenyz\u0151 vagy, az elektromos mountain bike-ok egy teljesen \u00faj vil\u00e1got nyithatnak meg el\u0151tted. A technol\u00f3giai fejleszt\u00e9seknek k\u00f6sz\u00f6nhet\u0151en a bring\u00e1sok most m\u00e1r let\u00e9rhetnek a kitaposott \u00f6sv\u00e9nyekr\u0151l, \u00e9s megtapasztalhatj\u00e1k a nehezebb terepek izgalmait is. Az elektromos ker\u00e9kp\u00e1rok lehet\u0151s\u00e9get ny\u00fajtanak arra, hogy cs\u00f6kkentsd a teker\u00e9s k\u00f6zbeni er\u0151kifejt\u00e9st, ezzel kit\u00e1g\u00edtva a ker\u00e9kp\u00e1roz\u00e1s vil\u00e1g\u00e1nak hat\u00e1rait.<\/p>\n","protected":false},"excerpt":{"rendered":"<p>Valamikor r\u00e9gen az elektromos ker\u00e9kp\u00e1rokat a &#8220;lusta&#8221; emberek \u00e1ltal v\u00e1lasztott opci\u00f3nak tekintett\u00e9k, amit csak az olyan nyugd\u00edjasok haszn\u00e1ltak, akik nem [&hellip;]<\/p>\n","protected":false},"author":71,"featured_media":17608,"comment_status":"open","ping_status":"open","sticky":false,"template":"","format":"standard","meta":{"footnotes":""},"categories":[7],"tags":[],"global-categories":[],"class_list":["post-17606","post","type-post","status-publish","format-standard","has-post-thumbnail","hentry","category-trekking-mtb"],"yoast_head":"<!-- This site is optimized with the Yoast SEO Premium plugin v25.3 (Yoast SEO v25.9) - https:\/\/yoast.com\/wordpress\/plugins\/seo\/ -->\n<title>Terepj\u00e1r\u00e1s e-ker\u00e9kp\u00e1rral: Lehets\u00e9ges?<\/title>\n<meta name=\"description\" content=\"Valamikor r\u00e9gen az elektromos ker\u00e9kp\u00e1rokat a &quot;lusta&quot; emberek \u00e1ltal v\u00e1lasztott opci\u00f3nak tekintett\u00e9k, amit csak az olyan nyugd\u00edjasok haszn\u00e1ltak, akik nem akart\u00e1k magukat fizikailag meger\u0151ltetni. Mint tudjuk, ez ma m\u00e1r egy\u00e1ltal\u00e1n nem \u00edgy van.\" \/>\n<meta name=\"robots\" content=\"index, follow, max-snippet:-1, max-image-preview:large, max-video-preview:-1\" \/>\n<link rel=\"canonical\" href=\"https:\/\/www.welovecycling.com\/hu\/trekking-mtb\/terepjaras-e-kerekparral-lehetseges\/\" \/>\n<meta property=\"og:locale\" content=\"hu_HU\" \/>\n<meta property=\"og:type\" content=\"article\" \/>\n<meta property=\"og:title\" content=\"Terepj\u00e1r\u00e1s e-ker\u00e9kp\u00e1rral: Lehets\u00e9ges?\" \/>\n<meta property=\"og:description\" content=\"Valamikor r\u00e9gen az elektromos ker\u00e9kp\u00e1rokat a &quot;lusta&quot; emberek \u00e1ltal v\u00e1lasztott opci\u00f3nak tekintett\u00e9k, amit csak az olyan nyugd\u00edjasok haszn\u00e1ltak, akik nem akart\u00e1k magukat fizikailag meger\u0151ltetni. Mint tudjuk, ez ma m\u00e1r egy\u00e1ltal\u00e1n nem \u00edgy van.\" \/>\n<meta property=\"og:url\" content=\"https:\/\/www.welovecycling.com\/hu\/trekking-mtb\/terepjaras-e-kerekparral-lehetseges\/\" \/>\n<meta property=\"og:site_name\" content=\"\u0160koda We Love Cycling - Magyarorsz\u00e1g\" \/>\n<meta property=\"article:publisher\" content=\"https:\/\/www.facebook.com\/WeLoveCyclingHungary\/\" \/>\n<meta property=\"article:published_time\" content=\"2023-07-06T06:00:34+00:00\" \/>\n<meta property=\"og:image\" content=\"https:\/\/d2p6e6u75xmxt8.cloudfront.net\/12\/2023\/07\/E-Bike-MTB-profimedia-0737578716-CVR.webp\" \/>\n\t<meta property=\"og:image:width\" content=\"990\" \/>\n\t<meta property=\"og:image:height\" content=\"660\" \/>\n\t<meta property=\"og:image:type\" content=\"image\/webp\" \/>\n<meta name=\"author\" content=\"hegyizs\" \/>\n<meta name=\"twitter:card\" content=\"summary_large_image\" \/>\n<meta name=\"twitter:label1\" content=\"Written by\" \/>\n\t<meta name=\"twitter:data1\" content=\"Charlotte Murray\" \/>\n\t<meta name=\"twitter:label2\" content=\"Est. reading time\" \/>\n\t<meta name=\"twitter:data2\" content=\"4\" \/>\n<script type=\"application\/ld+json\" class=\"yoast-schema-graph\">{\"@context\":\"https:\/\/schema.org\",\"@graph\":[{\"@type\":\"WebPage\",\"@id\":\"https:\/\/www.welovecycling.com\/hu\/trekking-mtb\/terepjaras-e-kerekparral-lehetseges\/\",\"url\":\"https:\/\/www.welovecycling.com\/hu\/trekking-mtb\/terepjaras-e-kerekparral-lehetseges\/\",\"name\":\"Terepj\u00e1r\u00e1s e-ker\u00e9kp\u00e1rral: Lehets\u00e9ges?\",\"isPartOf\":{\"@id\":\"https:\/\/www.welovecycling.com\/hu\/#website\"},\"primaryImageOfPage\":{\"@id\":\"https:\/\/www.welovecycling.com\/hu\/trekking-mtb\/terepjaras-e-kerekparral-lehetseges\/#primaryimage\"},\"image\":{\"@id\":\"https:\/\/www.welovecycling.com\/hu\/trekking-mtb\/terepjaras-e-kerekparral-lehetseges\/#primaryimage\"},\"thumbnailUrl\":\"https:\/\/d2p6e6u75xmxt8.cloudfront.net\/12\/2023\/07\/E-Bike-MTB-profimedia-0737578716-CVR.webp\",\"datePublished\":\"2023-07-06T06:00:34+00:00\",\"author\":{\"@id\":\"https:\/\/www.welovecycling.com\/hu\/#\/schema\/person\/414a2aebf1801691a5320edb6468e194\"},\"description\":\"Valamikor r\u00e9gen az elektromos ker\u00e9kp\u00e1rokat a \\\"lusta\\\" emberek \u00e1ltal v\u00e1lasztott opci\u00f3nak tekintett\u00e9k, amit csak az olyan nyugd\u00edjasok haszn\u00e1ltak, akik nem akart\u00e1k magukat fizikailag meger\u0151ltetni. Mint tudjuk, ez ma m\u00e1r egy\u00e1ltal\u00e1n nem \u00edgy van.\",\"breadcrumb\":{\"@id\":\"https:\/\/www.welovecycling.com\/hu\/trekking-mtb\/terepjaras-e-kerekparral-lehetseges\/#breadcrumb\"},\"inLanguage\":\"hu\",\"potentialAction\":[{\"@type\":\"ReadAction\",\"target\":[\"https:\/\/www.welovecycling.com\/hu\/trekking-mtb\/terepjaras-e-kerekparral-lehetseges\/\"]}]},{\"@type\":\"ImageObject\",\"inLanguage\":\"hu\",\"@id\":\"https:\/\/www.welovecycling.com\/hu\/trekking-mtb\/terepjaras-e-kerekparral-lehetseges\/#primaryimage\",\"url\":\"https:\/\/d2p6e6u75xmxt8.cloudfront.net\/12\/2023\/07\/E-Bike-MTB-profimedia-0737578716-CVR.webp\",\"contentUrl\":\"https:\/\/d2p6e6u75xmxt8.cloudfront.net\/12\/2023\/07\/E-Bike-MTB-profimedia-0737578716-CVR.webp\",\"width\":990,\"height\":660,\"caption\":\"E-Bike MTB\"},{\"@type\":\"BreadcrumbList\",\"@id\":\"https:\/\/www.welovecycling.com\/hu\/trekking-mtb\/terepjaras-e-kerekparral-lehetseges\/#breadcrumb\",\"itemListElement\":[{\"@type\":\"ListItem\",\"position\":1,\"name\":\"Home\",\"item\":\"https:\/\/www.welovecycling.com\/hu\/\"},{\"@type\":\"ListItem\",\"position\":2,\"name\":\"Terepj\u00e1r\u00e1s e-ker\u00e9kp\u00e1rral: Lehets\u00e9ges?\"}]},{\"@type\":\"WebSite\",\"@id\":\"https:\/\/www.welovecycling.com\/hu\/#website\",\"url\":\"https:\/\/www.welovecycling.com\/hu\/\",\"name\":\"\u0160koda We Love Cycling - Magyarorsz\u00e1g\",\"description\":\"\u0160koda WeLoveCycling\",\"potentialAction\":[{\"@type\":\"SearchAction\",\"target\":{\"@type\":\"EntryPoint\",\"urlTemplate\":\"https:\/\/www.welovecycling.com\/hu\/?s={search_term_string}\"},\"query-input\":{\"@type\":\"PropertyValueSpecification\",\"valueRequired\":true,\"valueName\":\"search_term_string\"}}],\"inLanguage\":\"hu\"},{\"@type\":\"Person\",\"@id\":\"https:\/\/www.welovecycling.com\/hu\/#\/schema\/person\/414a2aebf1801691a5320edb6468e194\",\"name\":\"hegyizs\",\"image\":{\"@type\":\"ImageObject\",\"inLanguage\":\"hu\",\"@id\":\"https:\/\/www.welovecycling.com\/hu\/#\/schema\/person\/image\/\",\"url\":\"https:\/\/secure.gravatar.com\/avatar\/02cf8a7906b8cf90cecb4679defac7cfd33a1c2e3b88e4903d947f3bb58eedd3?s=96&d=mm&r=g\",\"contentUrl\":\"https:\/\/secure.gravatar.com\/avatar\/02cf8a7906b8cf90cecb4679defac7cfd33a1c2e3b88e4903d947f3bb58eedd3?s=96&d=mm&r=g\",\"caption\":\"hegyizs\"},\"url\":\"https:\/\/www.welovecycling.com\/hu\/author\/hegyizs\/\"}]}<\/script>\n<!-- \/ Yoast SEO Premium plugin. -->","yoast_head_json":{"title":"Terepj\u00e1r\u00e1s e-ker\u00e9kp\u00e1rral: Lehets\u00e9ges?","description":"Valamikor r\u00e9gen az elektromos ker\u00e9kp\u00e1rokat a \"lusta\" emberek \u00e1ltal v\u00e1lasztott opci\u00f3nak tekintett\u00e9k, amit csak az olyan nyugd\u00edjasok haszn\u00e1ltak, akik nem akart\u00e1k magukat fizikailag meger\u0151ltetni. Mint tudjuk, ez ma m\u00e1r egy\u00e1ltal\u00e1n nem \u00edgy van.","robots":{"index":"index","follow":"follow","max-snippet":"max-snippet:-1","max-image-preview":"max-image-preview:large","max-video-preview":"max-video-preview:-1"},"canonical":"https:\/\/www.welovecycling.com\/hu\/trekking-mtb\/terepjaras-e-kerekparral-lehetseges\/","og_locale":"hu_HU","og_type":"article","og_title":"Terepj\u00e1r\u00e1s e-ker\u00e9kp\u00e1rral: Lehets\u00e9ges?","og_description":"Valamikor r\u00e9gen az elektromos ker\u00e9kp\u00e1rokat a \"lusta\" emberek \u00e1ltal v\u00e1lasztott opci\u00f3nak tekintett\u00e9k, amit csak az olyan nyugd\u00edjasok haszn\u00e1ltak, akik nem akart\u00e1k magukat fizikailag meger\u0151ltetni. Mint tudjuk, ez ma m\u00e1r egy\u00e1ltal\u00e1n nem \u00edgy van.","og_url":"https:\/\/www.welovecycling.com\/hu\/trekking-mtb\/terepjaras-e-kerekparral-lehetseges\/","og_site_name":"\u0160koda We Love Cycling - Magyarorsz\u00e1g","article_publisher":"https:\/\/www.facebook.com\/WeLoveCyclingHungary\/","article_published_time":"2023-07-06T06:00:34+00:00","og_image":[{"width":990,"height":660,"url":"https:\/\/d2p6e6u75xmxt8.cloudfront.net\/12\/2023\/07\/E-Bike-MTB-profimedia-0737578716-CVR.webp","type":"image\/webp"}],"author":"hegyizs","twitter_card":"summary_large_image","twitter_misc":{"Written by":"Charlotte Murray","Est. reading time":"4"},"schema":{"@context":"https:\/\/schema.org","@graph":[{"@type":"WebPage","@id":"https:\/\/www.welovecycling.com\/hu\/trekking-mtb\/terepjaras-e-kerekparral-lehetseges\/","url":"https:\/\/www.welovecycling.com\/hu\/trekking-mtb\/terepjaras-e-kerekparral-lehetseges\/","name":"Terepj\u00e1r\u00e1s e-ker\u00e9kp\u00e1rral: Lehets\u00e9ges?","isPartOf":{"@id":"https:\/\/www.welovecycling.com\/hu\/#website"},"primaryImageOfPage":{"@id":"https:\/\/www.welovecycling.com\/hu\/trekking-mtb\/terepjaras-e-kerekparral-lehetseges\/#primaryimage"},"image":{"@id":"https:\/\/www.welovecycling.com\/hu\/trekking-mtb\/terepjaras-e-kerekparral-lehetseges\/#primaryimage"},"thumbnailUrl":"https:\/\/d2p6e6u75xmxt8.cloudfront.net\/12\/2023\/07\/E-Bike-MTB-profimedia-0737578716-CVR.webp","datePublished":"2023-07-06T06:00:34+00:00","author":{"@id":"https:\/\/www.welovecycling.com\/hu\/#\/schema\/person\/414a2aebf1801691a5320edb6468e194"},"description":"Valamikor r\u00e9gen az elektromos ker\u00e9kp\u00e1rokat a \"lusta\" emberek \u00e1ltal v\u00e1lasztott opci\u00f3nak tekintett\u00e9k, amit csak az olyan nyugd\u00edjasok haszn\u00e1ltak, akik nem akart\u00e1k magukat fizikailag meger\u0151ltetni. Mint tudjuk, ez ma m\u00e1r egy\u00e1ltal\u00e1n nem \u00edgy van.","breadcrumb":{"@id":"https:\/\/www.welovecycling.com\/hu\/trekking-mtb\/terepjaras-e-kerekparral-lehetseges\/#breadcrumb"},"inLanguage":"hu","potentialAction":[{"@type":"ReadAction","target":["https:\/\/www.welovecycling.com\/hu\/trekking-mtb\/terepjaras-e-kerekparral-lehetseges\/"]}]},{"@type":"ImageObject","inLanguage":"hu","@id":"https:\/\/www.welovecycling.com\/hu\/trekking-mtb\/terepjaras-e-kerekparral-lehetseges\/#primaryimage","url":"https:\/\/d2p6e6u75xmxt8.cloudfront.net\/12\/2023\/07\/E-Bike-MTB-profimedia-0737578716-CVR.webp","contentUrl":"https:\/\/d2p6e6u75xmxt8.cloudfront.net\/12\/2023\/07\/E-Bike-MTB-profimedia-0737578716-CVR.webp","width":990,"height":660,"caption":"E-Bike MTB"},{"@type":"BreadcrumbList","@id":"https:\/\/www.welovecycling.com\/hu\/trekking-mtb\/terepjaras-e-kerekparral-lehetseges\/#breadcrumb","itemListElement":[{"@type":"ListItem","position":1,"name":"Home","item":"https:\/\/www.welovecycling.com\/hu\/"},{"@type":"ListItem","position":2,"name":"Terepj\u00e1r\u00e1s e-ker\u00e9kp\u00e1rral: Lehets\u00e9ges?"}]},{"@type":"WebSite","@id":"https:\/\/www.welovecycling.com\/hu\/#website","url":"https:\/\/www.welovecycling.com\/hu\/","name":"\u0160koda We Love Cycling - Magyarorsz\u00e1g","description":"\u0160koda WeLoveCycling","potentialAction":[{"@type":"SearchAction","target":{"@type":"EntryPoint","urlTemplate":"https:\/\/www.welovecycling.com\/hu\/?s={search_term_string}"},"query-input":{"@type":"PropertyValueSpecification","valueRequired":true,"valueName":"search_term_string"}}],"inLanguage":"hu"},{"@type":"Person","@id":"https:\/\/www.welovecycling.com\/hu\/#\/schema\/person\/414a2aebf1801691a5320edb6468e194","name":"hegyizs","image":{"@type":"ImageObject","inLanguage":"hu","@id":"https:\/\/www.welovecycling.com\/hu\/#\/schema\/person\/image\/","url":"https:\/\/secure.gravatar.com\/avatar\/02cf8a7906b8cf90cecb4679defac7cfd33a1c2e3b88e4903d947f3bb58eedd3?s=96&d=mm&r=g","contentUrl":"https:\/\/secure.gravatar.com\/avatar\/02cf8a7906b8cf90cecb4679defac7cfd33a1c2e3b88e4903d947f3bb58eedd3?s=96&d=mm&r=g","caption":"hegyizs"},"url":"https:\/\/www.welovecycling.com\/hu\/author\/hegyizs\/"}]}},"_links":{"self":[{"href":"https:\/\/www.welovecycling.com\/hu\/wp-json\/wp\/v2\/posts\/17606","targetHints":{"allow":["GET"]}}],"collection":[{"href":"https:\/\/www.welovecycling.com\/hu\/wp-json\/wp\/v2\/posts"}],"about":[{"href":"https:\/\/www.welovecycling.com\/hu\/wp-json\/wp\/v2\/types\/post"}],"author":[{"embeddable":true,"href":"https:\/\/www.welovecycling.com\/hu\/wp-json\/wp\/v2\/users\/71"}],"replies":[{"embeddable":true,"href":"https:\/\/www.welovecycling.com\/hu\/wp-json\/wp\/v2\/comments?post=17606"}],"version-history":[{"count":2,"href":"https:\/\/www.welovecycling.com\/hu\/wp-json\/wp\/v2\/posts\/17606\/revisions"}],"predecessor-version":[{"id":17609,"href":"https:\/\/www.welovecycling.com\/hu\/wp-json\/wp\/v2\/posts\/17606\/revisions\/17609"}],"wp:featuredmedia":[{"embeddable":true,"href":"https:\/\/www.welovecycling.com\/hu\/wp-json\/wp\/v2\/media\/17608"}],"wp:attachment":[{"href":"https:\/\/www.welovecycling.com\/hu\/wp-json\/wp\/v2\/media?parent=17606"}],"wp:term":[{"taxonomy":"category","embeddable":true,"href":"https:\/\/www.welovecycling.com\/hu\/wp-json\/wp\/v2\/categories?post=17606"},{"taxonomy":"post_tag","embeddable":true,"href":"https:\/\/www.welovecycling.com\/hu\/wp-json\/wp\/v2\/tags?post=17606"},{"taxonomy":"global-categories","embeddable":true,"href":"https:\/\/www.welovecycling.com\/hu\/wp-json\/wp\/v2\/global-categories?post=17606"}],"curies":[{"name":"wp","href":"https:\/\/api.w.org\/{rel}","templated":true}]}}