{"id":17597,"date":"2023-07-04T08:00:26","date_gmt":"2023-07-04T06:00:26","guid":{"rendered":"https:\/\/www.welovecycling.com\/hu\/?p=17597"},"modified":"2023-07-03T12:40:52","modified_gmt":"2023-07-03T10:40:52","slug":"a-6-leghaszontalanabb-kerekparos-tartozek-amit-valaha-gyartottak","status":"publish","type":"post","link":"https:\/\/www.welovecycling.com\/hu\/kozosseg-es-kultura\/a-6-leghaszontalanabb-kerekparos-tartozek-amit-valaha-gyartottak\/","title":{"rendered":"A 6 leghaszontalanabb ker\u00e9kp\u00e1ros tartoz\u00e9k, amit valaha gy\u00e1rtottak"},"content":{"rendered":"<p><strong>A kieg\u00e9sz\u00edt\u0151k jelentik a ker\u00e9kp\u00e1rod lelk\u00e9t. Emellett sokat el\u00e1rulnak r\u00f3lad is, mint bring\u00e1sr\u00f3l \u00e9s mint emberr\u0151l. Amikor el\u00e9rkezik a d\u00edsz\u00edtget\u00e9s ideje, fontos odafigyelned arra, mit is pakolsz fel k\u00e9tkerek\u0171 bar\u00e1todra. Akadnak olyan tartoz\u00e9kok, amiket szerencs\u00e9re m\u00e1r nem gy\u00e1rtanak, de olyan haszontalan kieg\u00e9sz\u00edt\u0151k is, amiknek valami\u00e9rt \u00f3ri\u00e1si a rajong\u00f3t\u00e1bora. <\/strong><\/p>\n<p><!--more--><\/p>\n<h2><strong>Felg\u00f6ngy\u00f6l\u00edthet\u0151 s\u00e1rv\u00e9d\u0151<\/strong><\/h2>\n<p>https:\/\/www.instagram.com\/p\/CstbWvGo76V\/<\/p>\n<p>Kezdj\u00fck egy olyan tartoz\u00e9kkal, ami m\u00f6g\u00f6tt egy nem is olyan rossz \u00f6tlet \u00e1ll \u2013 a felg\u00f6ngy\u00f6l\u00edthet\u0151 s\u00e1rv\u00e9d\u0151vel. A m\u00e9rn\u00f6ki zsenialit\u00e1s eme darabja \u00e1ll\u00edt\u00f3lag megv\u00e9di a h\u00e1ts\u00f3 feled a s\u00e1rt\u00f3l, ha pedig m\u00e1r nem haszn\u00e1lod, egyszer\u0171en r\u00f6gz\u00edtheted a ker\u00e9kp\u00e1rodra, vagy a kezedre teheted, mint azokat a p\u00e1ntos kark\u00f6t\u0151ket, amiket gyerekkorunkban hordtunk. Ah, nosztalgia, micsoda remek marketingeszk\u00f6z is ez val\u00f3j\u00e1ban. M\u00e9gis, ha csup\u00e1n k\u00e9t m\u00e1sodpercre elmerengsz rajta, val\u00f3sz\u00edn\u0171leg felmer\u00fcl benned a k\u00e9rd\u00e9s: m\u00e9gis mi\u00e9rt tekern\u00e9l egy s\u00e1ros m\u0171anyagdarabot a bring\u00e1dra vagy a kezedre? \u00c9s egy\u00e1ltal\u00e1n mi\u00e9rt felg\u00f6ngy\u00f6lhet\u0151? Ha az ember s\u00e1rv\u00e9d\u0151t akar, egyszer\u0171en felszerel egyet. Vagy ezt a kieg\u00e9sz\u00edt\u0151t az olyan bizonytalan ker\u00e9kp\u00e1rosoknak tervezt\u00e9k, akik att\u00f3l f\u00e9lnek, hogy az emberek megl\u00e1tj\u00e1k \u0151ket, amint s\u00e1rv\u00e9d\u0151vel a bring\u00e1jukon tekernek? Sz\u00f3val, b\u00e1r \u00e9rtem, mi\u00e9rt t\u0171nhet kezdetben vonz\u00f3nak ez a tartoz\u00e9k, ha jobban belegondolsz, r\u00e1j\u00f6ssz, hogy teljesen haszontalan.<\/p>\n<h2><strong>Ker\u00e9kp\u00e1r goly\u00f3k<\/strong><\/h2>\n<p>https:\/\/www.instagram.com\/p\/Bp5Kw29F_bA\/?hl=en<\/p>\n<p>B\u00e1rki is tal\u00e1lta ki ezt, egy zseni volt. L\u00e9trehozni valami ilyesmit, azt\u00e1n glob\u00e1lis jelens\u00e9gg\u00e9 tenni profi marketingtud\u00e1sra is vall, sz\u00f3val dics\u00e9ret illeti az alkot\u00f3t. A tal\u00e1lm\u00e1ny nem m\u00e1s, mint k\u00e9t vil\u00e1g\u00edt\u00f3 goly\u00f3 (\u00e1ltal\u00e1ban sz\u00ednv\u00e1lt\u00f3sak) egy szilikonzacsk\u00f3ban, amit az \u00fcl\u00e9s al\u00e1 lehet r\u00f6gz\u00edteni. Ak\u00e1rhogy is n\u00e9zz\u00fck, ez olyan, mintha a saj\u00e1t goly\u00f3id l\u00f3gn\u00e1nak az \u00fcl\u00e9s alatt. Ahogy a szlogen is mondja: &#8220;A bring\u00e1z\u00e1shoz kem\u00e9nys\u00e9g, \u00e9sz \u00e9s t\u00f6k\u00f6ss\u00e9g kell! Mutasd meg nekik, mit tudsz!&#8221;<\/p>\n<p>Egy norm\u00e1l h\u00e1ts\u00f3l\u00e1mpa persze sokkal jobban funkcion\u00e1l a s\u00f6t\u00e9tben, nem besz\u00e9lve arr\u00f3l, hogy \u00edgy az \u00fat t\u00f6bbi r\u00e9sztvev\u0151j\u00e9t is megk\u00edm\u00e9lheted att\u00f3l, hogy azon kelljen gondolkodniuk, mit is l\u00e1tnak az \u00fcl\u00e9sed alatt.<\/p>\n<h2><strong>B\u0151r ban\u00e1ntart\u00f3<\/strong><\/h2>\n<p>M\u00edg az el\u0151z\u0151 k\u00e9t kieg\u00e9sz\u00edt\u0151nek lehet n\u00e9mi vonzereje, a b\u0151r ban\u00e1ntart\u00f3 t\u00e9nyleg csak p\u00e9nzkidob\u00e1s. A Biken-nek kor\u00e1bban volt n\u00e9h\u00e1ny igaz\u00e1n kiemelked\u0151, vintage hangulat\u00fa tartoz\u00e9ka, de a b\u0151r ban\u00e1ntart\u00f3 bevezet\u00e9se hatalmas hiba volt. Ki akarna \u00fagy \u00fatnak indulni, hogy egyetlen ban\u00e1nt csatol fel a biciklij\u00e9re, amit \u2013 a t\u00e1rol\u00f3 elhelyezked\u00e9se miatt \u2013 r\u00e1ad\u00e1sul folyamatosan bomb\u00e1znak az \u00fatr\u00f3l felpattan\u00f3 t\u00f6rmel\u00e9kek? A kieg\u00e9sz\u00edt\u0151 egyetlen pozit\u00edvuma, hogy azok k\u00f6z\u00fcl, akik mellett elhaladsz, val\u00f3sz\u00edn\u0171leg j\u00f3n\u00e9h\u00e1nyan ut\u00e1nad fordulnak majd. T\u00e9nyleg \u00fagy n\u00e9z ki, mintha pr\u00e9mium min\u0151s\u00e9g\u0171 anyagokb\u00f3l k\u00e9sz\u00fclt volna, \u00edgy, ha te is egy olyan hipszter vagy, aki minden ok n\u00e9lk\u00fcl szeret felt\u0171n\u0151sk\u00f6dni, tal\u00e1n r\u00e1akadhatsz egy haszn\u00e1lt ban\u00e1ntart\u00f3ra az interneten (ugyanis szerencs\u00e9re m\u00e1r nem gy\u00e1rtj\u00e1k).<\/p>\n<h2><strong>B\u0151r bortart\u00f3 \u00e1llv\u00e1ny<\/strong><\/h2>\n<p><a href=\"https:\/\/d2p6e6u75xmxt8.cloudfront.net\/12\/2023\/07\/Bicycle-wine-Holder.webp\"><img loading=\"lazy\" decoding=\"async\" class=\"alignnone size-full wp-image-17598\" src=\"https:\/\/d2p6e6u75xmxt8.cloudfront.net\/12\/2023\/07\/Bicycle-wine-Holder.webp\" alt=\"Bicycle wine holder\" width=\"979\" height=\"660\" srcset=\"https:\/\/d2p6e6u75xmxt8.cloudfront.net\/12\/2023\/07\/Bicycle-wine-Holder.webp 979w, https:\/\/d2p6e6u75xmxt8.cloudfront.net\/12\/2023\/07\/Bicycle-wine-Holder-300x202.webp 300w, https:\/\/d2p6e6u75xmxt8.cloudfront.net\/12\/2023\/07\/Bicycle-wine-Holder-768x518.webp 768w, https:\/\/d2p6e6u75xmxt8.cloudfront.net\/12\/2023\/07\/Bicycle-wine-Holder-400x270.webp 400w, https:\/\/d2p6e6u75xmxt8.cloudfront.net\/12\/2023\/07\/Bicycle-wine-Holder-272x182.webp 272w\" sizes=\"auto, (max-width: 979px) 100vw, 979px\" \/><\/a><\/p>\n<p>Az t\u00falz\u00e1s, ha egy ban\u00e1nt er\u0151s\u00edtesz a ker\u00e9kp\u00e1rodra, egy b\u0151r bortart\u00f3 \u00e1llv\u00e1ny viszont teljesen norm\u00e1lis. Ki ne szeretne egy \u00fcveg v\u00f6r\u00f6sborral a bring\u00e1j\u00e1n tekerni? Ha elesel, \u00e9s az \u00fcveg elt\u00f6rik, legal\u00e1bb \u00e1tgurulhatsz az \u00fcvegszil\u00e1nkokon. Szuper! Tov\u00e1bbi pozit\u00edvum, hogy egy baleset eset\u00e9n nem a ruh\u00e1dra ker\u00fclt v\u00e9rfoltok miatt fogsz agg\u00f3dni, ugyanis a bort sokkal nehezebb kitiszt\u00edtani. A ker\u00e9kp\u00e1ros kieg\u00e9sz\u00edt\u0151k eme remekm\u0171ve m\u00e9g mindig piacon van, \u00e9s enn\u00e9l m\u00e1r csak egy bagett-tart\u00f3 lenne franci\u00e1sabb. Hallottam pletyk\u00e1kat egy ilyen \u00faj\u00edt\u00e1sr\u00f3l is, de sajnos m\u00e9g nem siker\u00fclt r\u00e1tal\u00e1lnom.<\/p>\n<p>Teh\u00e1t nincs sz\u00fcks\u00e9ged h\u00e1tizs\u00e1kra, ha magaddal szeretn\u00e9l vinni egy \u00fcveg bort a legk\u00f6zelebbi biciklit\u00far\u00e1ra. M\u00e1r csak azt kell kital\u00e1lnod, hova tedd a sajtot \u00e9s a sz\u0151l\u0151t.<\/p>\n<h2><strong>Bikefast t\u00e1ny\u00e9r<\/strong><\/h2>\n<p>Ha valaha is elgondolkodt\u00e1l m\u00e1r azon, hogy vacsor\u00e1zhatn\u00e1l-e a ker\u00e9kp\u00e1rodon, most megtudhatod a v\u00e1laszt. Igen! A Bikefast t\u00e1ny\u00e9rral a bring\u00e1d \u00e9tkez\u0151asztall\u00e1 alak\u00edthat\u00f3, \u00edgy a reggeli rohan\u00e1sban ak\u00e1r munk\u00e1ba menet is megreggelizhetsz. L\u00e9nyeg\u00e9ben egy m\u0171anyag t\u00e1ny\u00e9rr\u00f3l van sz\u00f3, amit a korm\u00e1nyodra r\u00f6gz\u00edthetsz. Teh\u00e1t, ha te is \u00e1lmodozt\u00e1l m\u00e1r arr\u00f3l, hogy forr\u00f3 levest sz\u00fcrcs\u00f6lgetsz teker\u00e9s k\u00f6zben, \u00f6r\u00fclhetsz. Most m\u00e1r megvan erre a lehet\u0151s\u00e9ged. Ezt az \u00faj\u00edt\u00e1st kifejezetten az ing\u00e1z\u00f3knak tal\u00e1lt\u00e1k ki az alkot\u00f3k, akik szerintem m\u00e9g sohasem bicikliztek. Mi t\u00f6rt\u00e9nik, ha macskak\u00f6veken haladsz, vagy ha \u00e9pp kanyarodni kellene? T\u00e9nyleg r\u00e1sz\u00e1nn\u00e1k magukat erre az emberek csak az\u00e9rt, hogy a reggelit \u00f6sszek\u00f6tve a ker\u00e9kp\u00e1roz\u00e1ssal 10 percet sp\u00f3roljanak? Annyi a megv\u00e1laszolatlan k\u00e9rd\u00e9s\u2026<\/p>\n<h2><strong>Ker\u00e9kp\u00e1r-eserny\u0151<\/strong><\/h2>\n<p><a href=\"https:\/\/d2p6e6u75xmxt8.cloudfront.net\/12\/2023\/07\/Bicycle-Umbrella-1.webp\"><img loading=\"lazy\" decoding=\"async\" class=\"alignnone size-full wp-image-17599\" src=\"https:\/\/d2p6e6u75xmxt8.cloudfront.net\/12\/2023\/07\/Bicycle-Umbrella-1.webp\" alt=\"Bicycle Umbrella\" width=\"500\" height=\"375\" srcset=\"https:\/\/d2p6e6u75xmxt8.cloudfront.net\/12\/2023\/07\/Bicycle-Umbrella-1.webp 500w, https:\/\/d2p6e6u75xmxt8.cloudfront.net\/12\/2023\/07\/Bicycle-Umbrella-1-300x225.webp 300w, https:\/\/d2p6e6u75xmxt8.cloudfront.net\/12\/2023\/07\/Bicycle-Umbrella-1-400x300.webp 400w\" sizes=\"auto, (max-width: 500px) 100vw, 500px\" \/><\/a><\/p>\n<p>Sok ing\u00e1z\u00f3 sz\u00e1m\u00e1ra ez egy megval\u00f3sult \u00e1lom volt, hiszen \u00edgy es\u0151ben is sz\u00e1razon maradhattak. Nem azt mondom, hogy mindenkinek bele kellene t\u00f6r\u0151dnie abba, hogy a biciklis k\u00f6zleked\u00e9s sor\u00e1n el\u00e1zhatnak, de egy ker\u00e9kp\u00e1ros eserny\u0151 biztosan nem megold\u00e1s a probl\u00e9m\u00e1ra. Tudod, az es\u0151 nem mindig f\u00fcgg\u0151legesen esik. A csapad\u00e9k oldalr\u00f3l, el\u00f6lr\u0151l \u00e9s h\u00e1tulr\u00f3l is eltal\u00e1lhat. Arr\u00f3l nem is besz\u00e9lve, hogy mivel v\u00edzben tekersz, elker\u00fclhetetlen\u00fcl vizes leszel. Ha sz\u00e1modra csak az a l\u00e9nyeg, hogy a fejed sz\u00e1raz maradjon, viselj kalapot. A ker\u00e9kp\u00e1ros eserny\u0151 k\u00e9t dologra j\u00f3: lelass\u00edt a sz\u00e9l ellen\u00e1ll\u00e1sa miatt, \u00e9s vonzza a vill\u00e1mokat. Egyik sem ny\u00fajt megold\u00e1st a probl\u00e9m\u00e1dra. Jobb, ha ink\u00e1bb v\u00edz\u00e1ll\u00f3 ruh\u00e1ba b\u00fajsz, \u00e9s elfogadod a t\u00e9nyt, hogy ha es\u0151ben tekersz, vizes leszel.<\/p>\n<p>Ha vegyes \u00e9rz\u00e9seid vannak ezzel a list\u00e1val kapcsolatban, meg\u00e9rtem. K\u00fcl\u00f6n\u00f6sen, ha m\u00e1r rendelkezel az egyik ilyen abszurd kieg\u00e9sz\u00edt\u0151vel. De ne agg\u00f3dj, nem \u00edt\u00e9lkezem. A te dolgod haver!<\/p>\n","protected":false},"excerpt":{"rendered":"<p>A kieg\u00e9sz\u00edt\u0151k jelentik a ker\u00e9kp\u00e1rod lelk\u00e9t. Emellett sokat el\u00e1rulnak r\u00f3lad is, mint bring\u00e1sr\u00f3l \u00e9s mint emberr\u0151l. Amikor el\u00e9rkezik a d\u00edsz\u00edtget\u00e9s [&hellip;]<\/p>\n","protected":false},"author":71,"featured_media":17601,"comment_status":"open","ping_status":"open","sticky":false,"template":"","format":"standard","meta":{"footnotes":""},"categories":[12],"tags":[],"global-categories":[],"class_list":["post-17597","post","type-post","status-publish","format-standard","has-post-thumbnail","hentry","category-kozosseg-es-kultura"],"yoast_head":"<!-- This site is optimized with the Yoast SEO Premium plugin v25.3 (Yoast SEO v25.9) - https:\/\/yoast.com\/wordpress\/plugins\/seo\/ -->\n<title>A 6 leghaszontalanabb ker\u00e9kp\u00e1ros tartoz\u00e9k, amit valaha gy\u00e1rtottak<\/title>\n<meta name=\"description\" content=\"A kieg\u00e9sz\u00edt\u0151k jelentik a ker\u00e9kp\u00e1rod lelk\u00e9t. Emellett sokat el\u00e1rulnak r\u00f3lad is, mint bring\u00e1sr\u00f3l \u00e9s mint emberr\u0151l. Amikor el\u00e9rkezik a d\u00edsz\u00edtget\u00e9s ideje, fontos odafigyelned arra, mit is pakolsz fel k\u00e9tkerek\u0171 bar\u00e1todra. Akadnak olyan tartoz\u00e9kok, amiket szerencs\u00e9re m\u00e1r nem gy\u00e1rtanak, de olyan haszontalan kieg\u00e9sz\u00edt\u0151k is, amiknek valami\u00e9rt \u00f3ri\u00e1si a rajong\u00f3t\u00e1bora.\" \/>\n<meta name=\"robots\" content=\"index, follow, max-snippet:-1, max-image-preview:large, max-video-preview:-1\" \/>\n<link rel=\"canonical\" href=\"https:\/\/www.welovecycling.com\/hu\/kozosseg-es-kultura\/a-6-leghaszontalanabb-kerekparos-tartozek-amit-valaha-gyartottak\/\" \/>\n<meta property=\"og:locale\" content=\"hu_HU\" \/>\n<meta property=\"og:type\" content=\"article\" \/>\n<meta property=\"og:title\" content=\"A 6 leghaszontalanabb ker\u00e9kp\u00e1ros tartoz\u00e9k, amit valaha gy\u00e1rtottak\" \/>\n<meta property=\"og:description\" content=\"A kieg\u00e9sz\u00edt\u0151k jelentik a ker\u00e9kp\u00e1rod lelk\u00e9t. Emellett sokat el\u00e1rulnak r\u00f3lad is, mint bring\u00e1sr\u00f3l \u00e9s mint emberr\u0151l. Amikor el\u00e9rkezik a d\u00edsz\u00edtget\u00e9s ideje, fontos odafigyelned arra, mit is pakolsz fel k\u00e9tkerek\u0171 bar\u00e1todra. Akadnak olyan tartoz\u00e9kok, amiket szerencs\u00e9re m\u00e1r nem gy\u00e1rtanak, de olyan haszontalan kieg\u00e9sz\u00edt\u0151k is, amiknek valami\u00e9rt \u00f3ri\u00e1si a rajong\u00f3t\u00e1bora.\" \/>\n<meta property=\"og:url\" content=\"https:\/\/www.welovecycling.com\/hu\/kozosseg-es-kultura\/a-6-leghaszontalanabb-kerekparos-tartozek-amit-valaha-gyartottak\/\" \/>\n<meta property=\"og:site_name\" content=\"\u0160koda We Love Cycling - Magyarorsz\u00e1g\" \/>\n<meta property=\"article:publisher\" content=\"https:\/\/www.facebook.com\/WeLoveCyclingHungary\/\" \/>\n<meta property=\"article:published_time\" content=\"2023-07-04T06:00:26+00:00\" \/>\n<meta property=\"og:image\" content=\"https:\/\/d2p6e6u75xmxt8.cloudfront.net\/12\/2023\/07\/Bicycle-Mug-Holder-profimedia-0426236817-CVR.webp\" \/>\n\t<meta property=\"og:image:width\" content=\"990\" \/>\n\t<meta property=\"og:image:height\" content=\"660\" \/>\n\t<meta property=\"og:image:type\" content=\"image\/webp\" \/>\n<meta name=\"author\" content=\"hegyizs\" \/>\n<meta name=\"twitter:card\" content=\"summary_large_image\" \/>\n<meta name=\"twitter:label1\" content=\"Written by\" \/>\n\t<meta name=\"twitter:data1\" content=\"Martin Atanasov\" \/>\n\t<meta name=\"twitter:label2\" content=\"Est. reading time\" \/>\n\t<meta name=\"twitter:data2\" content=\"5\" \/>\n<script type=\"application\/ld+json\" class=\"yoast-schema-graph\">{\"@context\":\"https:\/\/schema.org\",\"@graph\":[{\"@type\":\"WebPage\",\"@id\":\"https:\/\/www.welovecycling.com\/hu\/kozosseg-es-kultura\/a-6-leghaszontalanabb-kerekparos-tartozek-amit-valaha-gyartottak\/\",\"url\":\"https:\/\/www.welovecycling.com\/hu\/kozosseg-es-kultura\/a-6-leghaszontalanabb-kerekparos-tartozek-amit-valaha-gyartottak\/\",\"name\":\"A 6 leghaszontalanabb ker\u00e9kp\u00e1ros tartoz\u00e9k, amit valaha gy\u00e1rtottak\",\"isPartOf\":{\"@id\":\"https:\/\/www.welovecycling.com\/hu\/#website\"},\"primaryImageOfPage\":{\"@id\":\"https:\/\/www.welovecycling.com\/hu\/kozosseg-es-kultura\/a-6-leghaszontalanabb-kerekparos-tartozek-amit-valaha-gyartottak\/#primaryimage\"},\"image\":{\"@id\":\"https:\/\/www.welovecycling.com\/hu\/kozosseg-es-kultura\/a-6-leghaszontalanabb-kerekparos-tartozek-amit-valaha-gyartottak\/#primaryimage\"},\"thumbnailUrl\":\"https:\/\/d2p6e6u75xmxt8.cloudfront.net\/12\/2023\/07\/Bicycle-Mug-Holder-profimedia-0426236817-CVR.webp\",\"datePublished\":\"2023-07-04T06:00:26+00:00\",\"author\":{\"@id\":\"https:\/\/www.welovecycling.com\/hu\/#\/schema\/person\/414a2aebf1801691a5320edb6468e194\"},\"description\":\"A kieg\u00e9sz\u00edt\u0151k jelentik a ker\u00e9kp\u00e1rod lelk\u00e9t. Emellett sokat el\u00e1rulnak r\u00f3lad is, mint bring\u00e1sr\u00f3l \u00e9s mint emberr\u0151l. Amikor el\u00e9rkezik a d\u00edsz\u00edtget\u00e9s ideje, fontos odafigyelned arra, mit is pakolsz fel k\u00e9tkerek\u0171 bar\u00e1todra. Akadnak olyan tartoz\u00e9kok, amiket szerencs\u00e9re m\u00e1r nem gy\u00e1rtanak, de olyan haszontalan kieg\u00e9sz\u00edt\u0151k is, amiknek valami\u00e9rt \u00f3ri\u00e1si a rajong\u00f3t\u00e1bora.\",\"breadcrumb\":{\"@id\":\"https:\/\/www.welovecycling.com\/hu\/kozosseg-es-kultura\/a-6-leghaszontalanabb-kerekparos-tartozek-amit-valaha-gyartottak\/#breadcrumb\"},\"inLanguage\":\"hu\",\"potentialAction\":[{\"@type\":\"ReadAction\",\"target\":[\"https:\/\/www.welovecycling.com\/hu\/kozosseg-es-kultura\/a-6-leghaszontalanabb-kerekparos-tartozek-amit-valaha-gyartottak\/\"]}]},{\"@type\":\"ImageObject\",\"inLanguage\":\"hu\",\"@id\":\"https:\/\/www.welovecycling.com\/hu\/kozosseg-es-kultura\/a-6-leghaszontalanabb-kerekparos-tartozek-amit-valaha-gyartottak\/#primaryimage\",\"url\":\"https:\/\/d2p6e6u75xmxt8.cloudfront.net\/12\/2023\/07\/Bicycle-Mug-Holder-profimedia-0426236817-CVR.webp\",\"contentUrl\":\"https:\/\/d2p6e6u75xmxt8.cloudfront.net\/12\/2023\/07\/Bicycle-Mug-Holder-profimedia-0426236817-CVR.webp\",\"width\":990,\"height\":660},{\"@type\":\"BreadcrumbList\",\"@id\":\"https:\/\/www.welovecycling.com\/hu\/kozosseg-es-kultura\/a-6-leghaszontalanabb-kerekparos-tartozek-amit-valaha-gyartottak\/#breadcrumb\",\"itemListElement\":[{\"@type\":\"ListItem\",\"position\":1,\"name\":\"Home\",\"item\":\"https:\/\/www.welovecycling.com\/hu\/\"},{\"@type\":\"ListItem\",\"position\":2,\"name\":\"A 6 leghaszontalanabb ker\u00e9kp\u00e1ros tartoz\u00e9k, amit valaha gy\u00e1rtottak\"}]},{\"@type\":\"WebSite\",\"@id\":\"https:\/\/www.welovecycling.com\/hu\/#website\",\"url\":\"https:\/\/www.welovecycling.com\/hu\/\",\"name\":\"\u0160koda We Love Cycling - Magyarorsz\u00e1g\",\"description\":\"\u0160koda WeLoveCycling\",\"potentialAction\":[{\"@type\":\"SearchAction\",\"target\":{\"@type\":\"EntryPoint\",\"urlTemplate\":\"https:\/\/www.welovecycling.com\/hu\/?s={search_term_string}\"},\"query-input\":{\"@type\":\"PropertyValueSpecification\",\"valueRequired\":true,\"valueName\":\"search_term_string\"}}],\"inLanguage\":\"hu\"},{\"@type\":\"Person\",\"@id\":\"https:\/\/www.welovecycling.com\/hu\/#\/schema\/person\/414a2aebf1801691a5320edb6468e194\",\"name\":\"hegyizs\",\"image\":{\"@type\":\"ImageObject\",\"inLanguage\":\"hu\",\"@id\":\"https:\/\/www.welovecycling.com\/hu\/#\/schema\/person\/image\/\",\"url\":\"https:\/\/secure.gravatar.com\/avatar\/02cf8a7906b8cf90cecb4679defac7cfd33a1c2e3b88e4903d947f3bb58eedd3?s=96&d=mm&r=g\",\"contentUrl\":\"https:\/\/secure.gravatar.com\/avatar\/02cf8a7906b8cf90cecb4679defac7cfd33a1c2e3b88e4903d947f3bb58eedd3?s=96&d=mm&r=g\",\"caption\":\"hegyizs\"},\"url\":\"https:\/\/www.welovecycling.com\/hu\/author\/hegyizs\/\"}]}<\/script>\n<!-- \/ Yoast SEO Premium plugin. -->","yoast_head_json":{"title":"A 6 leghaszontalanabb ker\u00e9kp\u00e1ros tartoz\u00e9k, amit valaha gy\u00e1rtottak","description":"A kieg\u00e9sz\u00edt\u0151k jelentik a ker\u00e9kp\u00e1rod lelk\u00e9t. Emellett sokat el\u00e1rulnak r\u00f3lad is, mint bring\u00e1sr\u00f3l \u00e9s mint emberr\u0151l. Amikor el\u00e9rkezik a d\u00edsz\u00edtget\u00e9s ideje, fontos odafigyelned arra, mit is pakolsz fel k\u00e9tkerek\u0171 bar\u00e1todra. Akadnak olyan tartoz\u00e9kok, amiket szerencs\u00e9re m\u00e1r nem gy\u00e1rtanak, de olyan haszontalan kieg\u00e9sz\u00edt\u0151k is, amiknek valami\u00e9rt \u00f3ri\u00e1si a rajong\u00f3t\u00e1bora.","robots":{"index":"index","follow":"follow","max-snippet":"max-snippet:-1","max-image-preview":"max-image-preview:large","max-video-preview":"max-video-preview:-1"},"canonical":"https:\/\/www.welovecycling.com\/hu\/kozosseg-es-kultura\/a-6-leghaszontalanabb-kerekparos-tartozek-amit-valaha-gyartottak\/","og_locale":"hu_HU","og_type":"article","og_title":"A 6 leghaszontalanabb ker\u00e9kp\u00e1ros tartoz\u00e9k, amit valaha gy\u00e1rtottak","og_description":"A kieg\u00e9sz\u00edt\u0151k jelentik a ker\u00e9kp\u00e1rod lelk\u00e9t. Emellett sokat el\u00e1rulnak r\u00f3lad is, mint bring\u00e1sr\u00f3l \u00e9s mint emberr\u0151l. Amikor el\u00e9rkezik a d\u00edsz\u00edtget\u00e9s ideje, fontos odafigyelned arra, mit is pakolsz fel k\u00e9tkerek\u0171 bar\u00e1todra. Akadnak olyan tartoz\u00e9kok, amiket szerencs\u00e9re m\u00e1r nem gy\u00e1rtanak, de olyan haszontalan kieg\u00e9sz\u00edt\u0151k is, amiknek valami\u00e9rt \u00f3ri\u00e1si a rajong\u00f3t\u00e1bora.","og_url":"https:\/\/www.welovecycling.com\/hu\/kozosseg-es-kultura\/a-6-leghaszontalanabb-kerekparos-tartozek-amit-valaha-gyartottak\/","og_site_name":"\u0160koda We Love Cycling - Magyarorsz\u00e1g","article_publisher":"https:\/\/www.facebook.com\/WeLoveCyclingHungary\/","article_published_time":"2023-07-04T06:00:26+00:00","og_image":[{"width":990,"height":660,"url":"https:\/\/d2p6e6u75xmxt8.cloudfront.net\/12\/2023\/07\/Bicycle-Mug-Holder-profimedia-0426236817-CVR.webp","type":"image\/webp"}],"author":"hegyizs","twitter_card":"summary_large_image","twitter_misc":{"Written by":"Martin Atanasov","Est. reading time":"5"},"schema":{"@context":"https:\/\/schema.org","@graph":[{"@type":"WebPage","@id":"https:\/\/www.welovecycling.com\/hu\/kozosseg-es-kultura\/a-6-leghaszontalanabb-kerekparos-tartozek-amit-valaha-gyartottak\/","url":"https:\/\/www.welovecycling.com\/hu\/kozosseg-es-kultura\/a-6-leghaszontalanabb-kerekparos-tartozek-amit-valaha-gyartottak\/","name":"A 6 leghaszontalanabb ker\u00e9kp\u00e1ros tartoz\u00e9k, amit valaha gy\u00e1rtottak","isPartOf":{"@id":"https:\/\/www.welovecycling.com\/hu\/#website"},"primaryImageOfPage":{"@id":"https:\/\/www.welovecycling.com\/hu\/kozosseg-es-kultura\/a-6-leghaszontalanabb-kerekparos-tartozek-amit-valaha-gyartottak\/#primaryimage"},"image":{"@id":"https:\/\/www.welovecycling.com\/hu\/kozosseg-es-kultura\/a-6-leghaszontalanabb-kerekparos-tartozek-amit-valaha-gyartottak\/#primaryimage"},"thumbnailUrl":"https:\/\/d2p6e6u75xmxt8.cloudfront.net\/12\/2023\/07\/Bicycle-Mug-Holder-profimedia-0426236817-CVR.webp","datePublished":"2023-07-04T06:00:26+00:00","author":{"@id":"https:\/\/www.welovecycling.com\/hu\/#\/schema\/person\/414a2aebf1801691a5320edb6468e194"},"description":"A kieg\u00e9sz\u00edt\u0151k jelentik a ker\u00e9kp\u00e1rod lelk\u00e9t. Emellett sokat el\u00e1rulnak r\u00f3lad is, mint bring\u00e1sr\u00f3l \u00e9s mint emberr\u0151l. Amikor el\u00e9rkezik a d\u00edsz\u00edtget\u00e9s ideje, fontos odafigyelned arra, mit is pakolsz fel k\u00e9tkerek\u0171 bar\u00e1todra. Akadnak olyan tartoz\u00e9kok, amiket szerencs\u00e9re m\u00e1r nem gy\u00e1rtanak, de olyan haszontalan kieg\u00e9sz\u00edt\u0151k is, amiknek valami\u00e9rt \u00f3ri\u00e1si a rajong\u00f3t\u00e1bora.","breadcrumb":{"@id":"https:\/\/www.welovecycling.com\/hu\/kozosseg-es-kultura\/a-6-leghaszontalanabb-kerekparos-tartozek-amit-valaha-gyartottak\/#breadcrumb"},"inLanguage":"hu","potentialAction":[{"@type":"ReadAction","target":["https:\/\/www.welovecycling.com\/hu\/kozosseg-es-kultura\/a-6-leghaszontalanabb-kerekparos-tartozek-amit-valaha-gyartottak\/"]}]},{"@type":"ImageObject","inLanguage":"hu","@id":"https:\/\/www.welovecycling.com\/hu\/kozosseg-es-kultura\/a-6-leghaszontalanabb-kerekparos-tartozek-amit-valaha-gyartottak\/#primaryimage","url":"https:\/\/d2p6e6u75xmxt8.cloudfront.net\/12\/2023\/07\/Bicycle-Mug-Holder-profimedia-0426236817-CVR.webp","contentUrl":"https:\/\/d2p6e6u75xmxt8.cloudfront.net\/12\/2023\/07\/Bicycle-Mug-Holder-profimedia-0426236817-CVR.webp","width":990,"height":660},{"@type":"BreadcrumbList","@id":"https:\/\/www.welovecycling.com\/hu\/kozosseg-es-kultura\/a-6-leghaszontalanabb-kerekparos-tartozek-amit-valaha-gyartottak\/#breadcrumb","itemListElement":[{"@type":"ListItem","position":1,"name":"Home","item":"https:\/\/www.welovecycling.com\/hu\/"},{"@type":"ListItem","position":2,"name":"A 6 leghaszontalanabb ker\u00e9kp\u00e1ros tartoz\u00e9k, amit valaha gy\u00e1rtottak"}]},{"@type":"WebSite","@id":"https:\/\/www.welovecycling.com\/hu\/#website","url":"https:\/\/www.welovecycling.com\/hu\/","name":"\u0160koda We Love Cycling - Magyarorsz\u00e1g","description":"\u0160koda WeLoveCycling","potentialAction":[{"@type":"SearchAction","target":{"@type":"EntryPoint","urlTemplate":"https:\/\/www.welovecycling.com\/hu\/?s={search_term_string}"},"query-input":{"@type":"PropertyValueSpecification","valueRequired":true,"valueName":"search_term_string"}}],"inLanguage":"hu"},{"@type":"Person","@id":"https:\/\/www.welovecycling.com\/hu\/#\/schema\/person\/414a2aebf1801691a5320edb6468e194","name":"hegyizs","image":{"@type":"ImageObject","inLanguage":"hu","@id":"https:\/\/www.welovecycling.com\/hu\/#\/schema\/person\/image\/","url":"https:\/\/secure.gravatar.com\/avatar\/02cf8a7906b8cf90cecb4679defac7cfd33a1c2e3b88e4903d947f3bb58eedd3?s=96&d=mm&r=g","contentUrl":"https:\/\/secure.gravatar.com\/avatar\/02cf8a7906b8cf90cecb4679defac7cfd33a1c2e3b88e4903d947f3bb58eedd3?s=96&d=mm&r=g","caption":"hegyizs"},"url":"https:\/\/www.welovecycling.com\/hu\/author\/hegyizs\/"}]}},"_links":{"self":[{"href":"https:\/\/www.welovecycling.com\/hu\/wp-json\/wp\/v2\/posts\/17597","targetHints":{"allow":["GET"]}}],"collection":[{"href":"https:\/\/www.welovecycling.com\/hu\/wp-json\/wp\/v2\/posts"}],"about":[{"href":"https:\/\/www.welovecycling.com\/hu\/wp-json\/wp\/v2\/types\/post"}],"author":[{"embeddable":true,"href":"https:\/\/www.welovecycling.com\/hu\/wp-json\/wp\/v2\/users\/71"}],"replies":[{"embeddable":true,"href":"https:\/\/www.welovecycling.com\/hu\/wp-json\/wp\/v2\/comments?post=17597"}],"version-history":[{"count":2,"href":"https:\/\/www.welovecycling.com\/hu\/wp-json\/wp\/v2\/posts\/17597\/revisions"}],"predecessor-version":[{"id":17602,"href":"https:\/\/www.welovecycling.com\/hu\/wp-json\/wp\/v2\/posts\/17597\/revisions\/17602"}],"wp:featuredmedia":[{"embeddable":true,"href":"https:\/\/www.welovecycling.com\/hu\/wp-json\/wp\/v2\/media\/17601"}],"wp:attachment":[{"href":"https:\/\/www.welovecycling.com\/hu\/wp-json\/wp\/v2\/media?parent=17597"}],"wp:term":[{"taxonomy":"category","embeddable":true,"href":"https:\/\/www.welovecycling.com\/hu\/wp-json\/wp\/v2\/categories?post=17597"},{"taxonomy":"post_tag","embeddable":true,"href":"https:\/\/www.welovecycling.com\/hu\/wp-json\/wp\/v2\/tags?post=17597"},{"taxonomy":"global-categories","embeddable":true,"href":"https:\/\/www.welovecycling.com\/hu\/wp-json\/wp\/v2\/global-categories?post=17597"}],"curies":[{"name":"wp","href":"https:\/\/api.w.org\/{rel}","templated":true}]}}