{"id":17590,"date":"2023-06-30T14:45:06","date_gmt":"2023-06-30T12:45:06","guid":{"rendered":"https:\/\/www.welovecycling.com\/hu\/?p=17590"},"modified":"2023-06-30T14:45:06","modified_gmt":"2023-06-30T12:45:06","slug":"jon-a-versenyszezon-sava-borsa-rajtol-a-tour-de-france-es-a-noi-giro","status":"publish","type":"post","link":"https:\/\/www.welovecycling.com\/hu\/orszaguti-kerekpar\/jon-a-versenyszezon-sava-borsa-rajtol-a-tour-de-france-es-a-noi-giro\/","title":{"rendered":"J\u00f6n a versenyszezon sava-borsa: rajtol a Tour de France \u00e9s a n\u0151i Giro!"},"content":{"rendered":"<p><strong>Olaszorsz\u00e1gban Vas Blank\u00e1\u00e9rt szor\u00edthatunk, Valter Attila tartal\u00e9k a francia k\u00f6r\u00f6n.<\/strong><\/p>\n<p><!--more--><\/p>\n<p>V\u00e9gre itt az orsz\u00e1g\u00fati id\u00e9ny egyik legjobban v\u00e1rt r\u00e9sze: gyakorlatilag egyid\u0151ben startol el a n\u0151i Giro d\u2019Italia \u00e9s a Tour de France. A h\u00f6lgyek egy nappal hamarabb, m\u00e1r p\u00e9nteken megkezdik szerepl\u00e9s\u00fcket egy prol\u00f3gjelleg\u0171, mind\u00f6ssze 4.4 kilom\u00e9teres egy\u00e9ni id\u0151futammal, \u00e9s az \u0151 verseny\u00fck \u00e9rtelemszer\u0171en nem tart h\u00e1rom h\u00e9ten \u00e1t: a 34. Giro Donne 9 szakasz ut\u00e1n \u00e9rkezik meg az idei c\u00e9lv\u00e1rosba, a szard\u00edniai Olbi\u00e1ba. Az er\u0151s mez\u0151nynek magyar r\u00e9sztvev\u0151je is lesz, ki m\u00e1s, mint a pazar form\u00e1ban teker\u0151, nemr\u00e9g <a href=\"https:\/\/www.welovecycling.com\/hu\/orszaguti-kerekpar\/a-valter-parade-utan-itt-a-legujabb-vas-parade\/\">els\u0151 WorldTour-gy\u0151zelm\u00e9t bezsebel\u0151<\/a> Vas Blanka (SD Worx) szem\u00e9ly\u00e9ben, aki a h\u00e9tv\u00e9g\u00e9n Pannonhalm\u00e1n\u00e1l ism\u00e9t sikeresen v\u00e9dte meg orsz\u00e1gos bajnoki c\u00edm\u00e9t, \u00edgy a magyar bajnoki trik\u00f3ban tekerhet majd Olaszorsz\u00e1gban. Az el\u0151k\u00e9sz\u00fcletek sor\u00e1n egy\u00e9bk\u00e9nt a versenyz\u0151k sokat panaszkodtak a szervez\u00e9sre, t\u00f6bben is fejetlens\u00e9gr\u0151l \u00e9s k\u00e1oszr\u00f3l sz\u00e1moltak be; rem\u00e9lhet\u0151leg ez mag\u00e1ra a versenyre nem lesz kihat\u00e1ssal, \u00e9s ahogy mennek el\u0151re a szakaszok, \u00fagy lesz egyre olajozottabb a viadal.<\/p>\n<figure id=\"attachment_17591\" aria-describedby=\"caption-attachment-17591\" style=\"width: 780px\" class=\"wp-caption alignnone\"><img loading=\"lazy\" decoding=\"async\" class=\"size-full wp-image-17591\" src=\"https:\/\/d2p6e6u75xmxt8.cloudfront.net\/12\/2023\/06\/20230507-GettyImages-1488120453.webp\" alt=\"\" width=\"780\" height=\"470\" srcset=\"https:\/\/d2p6e6u75xmxt8.cloudfront.net\/12\/2023\/06\/20230507-GettyImages-1488120453.webp 780w, https:\/\/d2p6e6u75xmxt8.cloudfront.net\/12\/2023\/06\/20230507-GettyImages-1488120453-300x181.webp 300w, https:\/\/d2p6e6u75xmxt8.cloudfront.net\/12\/2023\/06\/20230507-GettyImages-1488120453-768x463.webp 768w, https:\/\/d2p6e6u75xmxt8.cloudfront.net\/12\/2023\/06\/20230507-GettyImages-1488120453-400x241.webp 400w\" sizes=\"auto, (max-width: 780px) 100vw, 780px\" \/><figcaption id=\"caption-attachment-17591\" class=\"wp-caption-text\">Vas Blanka p\u00e9ntekt\u0151l magyar bajnoki trik\u00f3ban teker a n\u0151i Gir\u00f3n (fot\u00f3: Dario Belingheri\/Getty Images)<\/figcaption><\/figure>\n<p>A vil\u00e1g legnagyobb ker\u00e9kp\u00e1rverseny\u00e9t, a f\u00e9rfiak Tour de France-\u00e1t ilyen t\u00e9ren m\u00e1r j\u00f3val kevesebb kritika szokta \u00e9rni, \u00edgy nyugodtan b\u00edzhatunk benne, hogy id\u00e9n is a versenyz\u00e9s\u00e9 lesz a f\u0151szerep. A tavalyi Tour nagyon magasra tette a l\u00e9cet, hossz\u00fa \u00e9vek \u00f3ta az egyik legizgalmasabb k\u00fczdelmet rittyentette el\u00e9nk Jonas Vingegaard, Tadej Pogacar, Geraint Thomas, Wout Van Aert, no meg a t\u00f6bbiek \u00e9s csapataik, de minden es\u00e9ly megvan r\u00e1, hogy a felek id\u00e9n sem adj\u00e1k al\u00e1bb.<\/p>\n<p>Az id\u00e9n (is) elk\u00e9peszt\u0151 form\u00e1ban l\u00e9v\u0151, szupermotiv\u00e1lt Pogacar eddig sem titkolta, hogy mindent meg fog tenni az\u00e9rt, hogy visszaszerezze a s\u00e1rga trik\u00f3t Vingegaard-t\u00f3l, aki viszont amellett, hogy szint\u00e9n nagyon er\u0151s, v\u00e1ltozatlanul maga m\u00f6g\u00f6tt tudhatja a vil\u00e1g jelenlegi legjobb csapat\u00e1t, a Jumbo-Vism\u00e1t \u2013 igaz, ez\u00fattal a friss Giro-gy\u0151ztes Primoz Roglic n\u00e9lk\u00fcl. (Ha m\u00e1r itt tartunk: Valter Attila az el\u0151zetesen jelzettnek megfelel\u0151en nincs ott a Tour-versenykeretben, viszont a Jumbo Robert Gesinkkel egy\u00fctt nevezte a tartal\u00e9kok k\u00f6z\u00e9, az\u00e9rt rem\u00e9lhet\u0151leg ez is jelz\u00e9s\u00e9rt\u00e9k\u0171 a j\u00f6v\u0151t illet\u0151en). Az idei ki\u00edr\u00e1s ism\u00e9t e k\u00e9t gig\u00e1sz, Pogacar \u00e9s Vingegaard heroikus csat\u00e1j\u00e1t hozhatja, megj\u00f3solhatatlan v\u00e9gkimenetellel.<\/p>\n<figure id=\"attachment_17592\" aria-describedby=\"caption-attachment-17592\" style=\"width: 1024px\" class=\"wp-caption alignnone\"><img loading=\"lazy\" decoding=\"async\" class=\"size-large wp-image-17592\" src=\"https:\/\/d2p6e6u75xmxt8.cloudfront.net\/12\/2023\/06\/PogacarVingegaard-1024x682.webp\" alt=\"\" width=\"1024\" height=\"682\" srcset=\"https:\/\/d2p6e6u75xmxt8.cloudfront.net\/12\/2023\/06\/PogacarVingegaard-1024x682.webp 1024w, https:\/\/d2p6e6u75xmxt8.cloudfront.net\/12\/2023\/06\/PogacarVingegaard-300x200.webp 300w, https:\/\/d2p6e6u75xmxt8.cloudfront.net\/12\/2023\/06\/PogacarVingegaard-768x511.webp 768w, https:\/\/d2p6e6u75xmxt8.cloudfront.net\/12\/2023\/06\/PogacarVingegaard-400x266.webp 400w, https:\/\/d2p6e6u75xmxt8.cloudfront.net\/12\/2023\/06\/PogacarVingegaard-272x182.webp 272w, https:\/\/d2p6e6u75xmxt8.cloudfront.net\/12\/2023\/06\/PogacarVingegaard.webp 1200w\" sizes=\"auto, (max-width: 1024px) 100vw, 1024px\" \/><figcaption id=\"caption-attachment-17592\" class=\"wp-caption-text\">fot\u00f3: Vincent Kalut\/PN\/SprintCyclingAgency<\/figcaption><\/figure>\n<p>Ugyanakkor nem szabad elfeledkezni a t\u00f6bbiekr\u0151l sem. A tavalyi harmadik helyezett, az idei Gir\u00f3t Rogliccsal szemben dr\u00e1mai v\u00e9ghajr\u00e1ban elveszt\u0151 Geraint Thomas ez\u00fattal nincs ott az Ineos keret\u00e9ben, \u00fajra l\u00e1thatjuk viszont a Touron csapatt\u00e1rs\u00e1t, az \u00e9letvesz\u00e9lyes s\u00e9r\u00fcl\u00e9s\u00e9b\u0151l visszat\u00e9r\u0151 Egan Bernalt (ez\u00fattal term\u00e9szetesen nem favoritk\u00e9nt), \u00e9s azt is \u00e9rdekes lesz majd l\u00e1tni, az imm\u00e1r Pogacarral egy csapatban teker\u0151 Adam Yatesre milyen szerep v\u00e1rhat az Emiratesben. Az \u00f6sszetett es\u00e9lyesek k\u00f6z\u00e9 sorolj\u00e1k a Movistar spanyol \u00fcdv\u00f6sk\u00e9j\u00e9t, Enric Mast, illetve Valter kor\u00e1bbi t\u00e1rsait, a Groupam\u00e1val v\u00e9gre hazai k\u00f6z\u00f6ns\u00e9g el\u0151tt villantani akar\u00f3 David Gaudu, Thibaut Pinot p\u00e1rost, de az AG2R-rel hasonl\u00f3 terveket sz\u00f6v\u00f6get\u0151 Ben O\u2019Connort is. Mellett\u00fck ott lesz a mez\u0151nyben a Bora tavalyi Giro-gy\u0151ztese, Jai Hindley, egy m\u00e1sik r\u00f3zsasz\u00edn trik\u00f3s, az EF-hez az\u00f3ta \u00e1tszerz\u0151d\u0151 Richard Carapaz, az \u00f6r\u00f6k \u00edg\u00e9ret Mikel Landa (Bahrain-Victorious), illetve titkos favoritk\u00e9nt sokan suttogj\u00e1k a Touron most deb\u00fct\u00e1l\u00f3 22 \u00e9ves d\u00e1n rem\u00e9nys\u00e9g, Mattias Skjelmose nev\u00e9t is, akire mindenk\u00e9ppen \u00e9rdemes lesz odafigyelni \u00e9lete m\u00e1sodik h\u00e1romhetes\u00e9n.<\/p>\n<figure id=\"attachment_17593\" aria-describedby=\"caption-attachment-17593\" style=\"width: 960px\" class=\"wp-caption alignnone\"><img loading=\"lazy\" decoding=\"async\" class=\"size-full wp-image-17593\" src=\"https:\/\/d2p6e6u75xmxt8.cloudfront.net\/12\/2023\/06\/gaudu-pinot.webp\" alt=\"\" width=\"960\" height=\"600\" srcset=\"https:\/\/d2p6e6u75xmxt8.cloudfront.net\/12\/2023\/06\/gaudu-pinot.webp 960w, https:\/\/d2p6e6u75xmxt8.cloudfront.net\/12\/2023\/06\/gaudu-pinot-300x188.webp 300w, https:\/\/d2p6e6u75xmxt8.cloudfront.net\/12\/2023\/06\/gaudu-pinot-768x480.webp 768w, https:\/\/d2p6e6u75xmxt8.cloudfront.net\/12\/2023\/06\/gaudu-pinot-400x250.webp 400w\" sizes=\"auto, (max-width: 960px) 100vw, 960px\" \/><figcaption id=\"caption-attachment-17593\" class=\"wp-caption-text\">Thibaut Pinot \u00e9s David Gaudu nagyon szeretne v\u00e9gre villantani valamit hazai k\u00f6z\u00f6ns\u00e9g el\u0151tt (fot\u00f3: AFP)<\/figcaption><\/figure>\n<p>Ami az \u00fatvonalat illeti, a 2023-as Tour de France sem az orsz\u00e1ghat\u00e1ron bel\u00fclr\u0151l rajtol: a Grand D\u00e9part-nak 1992 ut\u00e1n ad otthont ism\u00e9t Baszkf\u00f6ld, szombaton Bilba\u00f3b\u00f3l indul nagy \u00fatj\u00e1ra a karav\u00e1n, amely a harmadik etap v\u00e9g\u00e9n \u00e9rkezik meg Franciaorsz\u00e1gba, Bayonne v\u00e1ros\u00e1ban. Itt r\u00f6gt\u00f6n az els\u0151 h\u00e9ten j\u00f6nnek is a Pireneusok emelked\u0151i, \u00e9s rem\u00e9lhet\u0151leg az els\u0151 akci\u00f3k is, hiszen Vingegaard elmondta, arra sz\u00e1m\u00edt, hogy Pogacar m\u00e1r kor\u00e1n, ak\u00e1r az els\u0151 adand\u00f3 alkalommal t\u00e1madni fog a hegyekben (a szlov\u00e9n szuperszt\u00e1r egy\u00e9bk\u00e9nt \u00fagy fogalmazott, fizikailag nem biztos, ment\u00e1lisan viszont sz\u00e1zsz\u00e1zal\u00e9kig cs\u00facsform\u00e1ban van).<\/p>\n<p>A m\u00e1sodik h\u00e9t tal\u00e1n m\u00e9g enn\u00e9l is kem\u00e9nyebbnek \u00edg\u00e9rkezik a Francia-Alpokba meg\u00e9rkezve, itt a m\u00e1sodik pihen\u0151nap el\u0151tt egym\u00e1s ut\u00e1n h\u00e1rom durva hegyi szakaszt is le kell k\u00fczdenie a pelotonnak, k\u00f6zte a Grand Colombier cs\u00facs\u00e1t is. A z\u00e1r\u00f3 h\u00e9t a verseny ez\u00fattal egyetlen, 22 km-es dimbes-dombos id\u0151futam\u00e1val nyit Passyb\u00f3l, majd \u00fajabb k\u00e9t neh\u00e9z hegyi szakasz ut\u00e1n \u00e9rkezik meg a mez\u0151ny P\u00e1rizsba, a Champs-\u00c9lys\u00e9es-hez. Az idei Tour teh\u00e1t ritka kem\u00e9nynek \u00edg\u00e9rkezik, \u00f6sszesen h\u00e9t durva hegyi etappal, k\u00f6zte n\u00e9gy hegyi befut\u00f3val, tov\u00e1bbi hat \u201ek\u00f6zepesen neh\u00e9z\u201d emelked\u0151s szakasszal; a sprintereknek ez\u00fattal csak 6 napot hagytak meg a t\u00fcnd\u00f6kl\u00e9sre. R\u00e1ad\u00e1sul ism\u00e9t ott lesz a mez\u0151nyben az ezeroldal\u00fa Van Aert, aki b\u00e1rmilyen terep ut\u00e1n k\u00e9pes a gy\u0151zelem\u00e9rt hajr\u00e1zni, \u00e9s minden es\u00e9lye megvan r\u00e1, hogy sim\u00e1n megv\u00e9dje a z\u00f6ld trik\u00f3j\u00e1t \u2013 sz\u00f3val \u00f6sszess\u00e9g\u00e9ben id\u00e9n nem nagyon lenn\u00e9nk a Tourra nevezett sprinterek hely\u00e9ben\u2026<\/p>\n<figure id=\"attachment_17594\" aria-describedby=\"caption-attachment-17594\" style=\"width: 1024px\" class=\"wp-caption alignnone\"><img loading=\"lazy\" decoding=\"async\" class=\"size-large wp-image-17594\" src=\"https:\/\/d2p6e6u75xmxt8.cloudfront.net\/12\/2023\/06\/GettyImages-1266595222-1024x682.webp\" alt=\"\" width=\"1024\" height=\"682\" srcset=\"https:\/\/d2p6e6u75xmxt8.cloudfront.net\/12\/2023\/06\/GettyImages-1266595222-1024x682.webp 1024w, https:\/\/d2p6e6u75xmxt8.cloudfront.net\/12\/2023\/06\/GettyImages-1266595222-300x200.webp 300w, https:\/\/d2p6e6u75xmxt8.cloudfront.net\/12\/2023\/06\/GettyImages-1266595222-768x511.webp 768w, https:\/\/d2p6e6u75xmxt8.cloudfront.net\/12\/2023\/06\/GettyImages-1266595222-1536x1023.webp 1536w, https:\/\/d2p6e6u75xmxt8.cloudfront.net\/12\/2023\/06\/GettyImages-1266595222-1920x1279.webp 1920w, https:\/\/d2p6e6u75xmxt8.cloudfront.net\/12\/2023\/06\/GettyImages-1266595222-400x266.webp 400w, https:\/\/d2p6e6u75xmxt8.cloudfront.net\/12\/2023\/06\/GettyImages-1266595222-272x182.webp 272w, https:\/\/d2p6e6u75xmxt8.cloudfront.net\/12\/2023\/06\/GettyImages-1266595222.webp 2000w, https:\/\/d2p6e6u75xmxt8.cloudfront.net\/12\/2023\/06\/GettyImages-1266595222-1920x1279.webp 1920w\" sizes=\"auto, (max-width: 1024px) 100vw, 1024px\" \/><figcaption id=\"caption-attachment-17594\" class=\"wp-caption-text\">fot\u00f3: Justin Setterfield\/Getty Images<\/figcaption><\/figure>\n<p>Bor\u00edt\u00f3k\u00e9p: Vincent Kalut\/PN\/Cor Vos<\/p>\n","protected":false},"excerpt":{"rendered":"<p>Olaszorsz\u00e1gban Vas Blank\u00e1\u00e9rt szor\u00edthatunk, Valter Attila tartal\u00e9k a francia k\u00f6r\u00f6n.<\/p>\n","protected":false},"author":71,"featured_media":17595,"comment_status":"open","ping_status":"open","sticky":false,"template":"","format":"standard","meta":{"footnotes":""},"categories":[8],"tags":[],"global-categories":[419],"class_list":["post-17590","post","type-post","status-publish","format-standard","has-post-thumbnail","hentry","category-orszaguti-kerekpar","global-categories-cycling"],"yoast_head":"<!-- This site is optimized with the Yoast SEO Premium plugin v25.3 (Yoast SEO v25.9) - https:\/\/yoast.com\/wordpress\/plugins\/seo\/ -->\n<title>J\u00f6n a versenyszezon sava-borsa: rajtol a Tour de France \u00e9s a n\u0151i Giro!<\/title>\n<meta name=\"description\" content=\"Olaszorsz\u00e1gban Vas Blank\u00e1\u00e9rt szor\u00edthatunk, Valter Attila tartal\u00e9k a francia k\u00f6r\u00f6n.\" \/>\n<meta name=\"robots\" content=\"index, follow, max-snippet:-1, max-image-preview:large, max-video-preview:-1\" \/>\n<link rel=\"canonical\" href=\"https:\/\/www.welovecycling.com\/hu\/orszaguti-kerekpar\/jon-a-versenyszezon-sava-borsa-rajtol-a-tour-de-france-es-a-noi-giro\/\" \/>\n<meta property=\"og:locale\" content=\"hu_HU\" \/>\n<meta property=\"og:type\" content=\"article\" \/>\n<meta property=\"og:title\" content=\"J\u00f6n a versenyszezon sava-borsa: rajtol a Tour de France \u00e9s a n\u0151i Giro!\" \/>\n<meta property=\"og:description\" content=\"Olaszorsz\u00e1gban Vas Blank\u00e1\u00e9rt szor\u00edthatunk, Valter Attila tartal\u00e9k a francia k\u00f6r\u00f6n.\" \/>\n<meta property=\"og:url\" content=\"https:\/\/www.welovecycling.com\/hu\/orszaguti-kerekpar\/jon-a-versenyszezon-sava-borsa-rajtol-a-tour-de-france-es-a-noi-giro\/\" \/>\n<meta property=\"og:site_name\" content=\"\u0160koda We Love Cycling - Magyarorsz\u00e1g\" \/>\n<meta property=\"article:publisher\" content=\"https:\/\/www.facebook.com\/WeLoveCyclingHungary\/\" \/>\n<meta property=\"article:published_time\" content=\"2023-06-30T12:45:06+00:00\" \/>\n<meta property=\"og:image\" content=\"https:\/\/d2p6e6u75xmxt8.cloudfront.net\/12\/2023\/06\/CORVOS_00034510-154-1.webp\" \/>\n\t<meta property=\"og:image:width\" content=\"1160\" \/>\n\t<meta property=\"og:image:height\" content=\"680\" \/>\n\t<meta property=\"og:image:type\" content=\"image\/webp\" \/>\n<meta name=\"author\" content=\"hegyizs\" \/>\n<meta name=\"twitter:card\" content=\"summary_large_image\" \/>\n<meta name=\"twitter:label1\" content=\"Written by\" \/>\n\t<meta name=\"twitter:data1\" content=\"WLC\" \/>\n\t<meta name=\"twitter:label2\" content=\"Est. reading time\" \/>\n\t<meta name=\"twitter:data2\" content=\"5 minutes\" \/>\n<script type=\"application\/ld+json\" class=\"yoast-schema-graph\">{\"@context\":\"https:\/\/schema.org\",\"@graph\":[{\"@type\":\"WebPage\",\"@id\":\"https:\/\/www.welovecycling.com\/hu\/orszaguti-kerekpar\/jon-a-versenyszezon-sava-borsa-rajtol-a-tour-de-france-es-a-noi-giro\/\",\"url\":\"https:\/\/www.welovecycling.com\/hu\/orszaguti-kerekpar\/jon-a-versenyszezon-sava-borsa-rajtol-a-tour-de-france-es-a-noi-giro\/\",\"name\":\"J\u00f6n a versenyszezon sava-borsa: rajtol a Tour de France \u00e9s a n\u0151i Giro!\",\"isPartOf\":{\"@id\":\"https:\/\/www.welovecycling.com\/hu\/#website\"},\"primaryImageOfPage\":{\"@id\":\"https:\/\/www.welovecycling.com\/hu\/orszaguti-kerekpar\/jon-a-versenyszezon-sava-borsa-rajtol-a-tour-de-france-es-a-noi-giro\/#primaryimage\"},\"image\":{\"@id\":\"https:\/\/www.welovecycling.com\/hu\/orszaguti-kerekpar\/jon-a-versenyszezon-sava-borsa-rajtol-a-tour-de-france-es-a-noi-giro\/#primaryimage\"},\"thumbnailUrl\":\"https:\/\/d2p6e6u75xmxt8.cloudfront.net\/12\/2023\/06\/CORVOS_00034510-154-1.webp\",\"datePublished\":\"2023-06-30T12:45:06+00:00\",\"author\":{\"@id\":\"https:\/\/www.welovecycling.com\/hu\/#\/schema\/person\/414a2aebf1801691a5320edb6468e194\"},\"description\":\"Olaszorsz\u00e1gban Vas Blank\u00e1\u00e9rt szor\u00edthatunk, Valter Attila tartal\u00e9k a francia k\u00f6r\u00f6n.\",\"breadcrumb\":{\"@id\":\"https:\/\/www.welovecycling.com\/hu\/orszaguti-kerekpar\/jon-a-versenyszezon-sava-borsa-rajtol-a-tour-de-france-es-a-noi-giro\/#breadcrumb\"},\"inLanguage\":\"hu\",\"potentialAction\":[{\"@type\":\"ReadAction\",\"target\":[\"https:\/\/www.welovecycling.com\/hu\/orszaguti-kerekpar\/jon-a-versenyszezon-sava-borsa-rajtol-a-tour-de-france-es-a-noi-giro\/\"]}]},{\"@type\":\"ImageObject\",\"inLanguage\":\"hu\",\"@id\":\"https:\/\/www.welovecycling.com\/hu\/orszaguti-kerekpar\/jon-a-versenyszezon-sava-borsa-rajtol-a-tour-de-france-es-a-noi-giro\/#primaryimage\",\"url\":\"https:\/\/d2p6e6u75xmxt8.cloudfront.net\/12\/2023\/06\/CORVOS_00034510-154-1.webp\",\"contentUrl\":\"https:\/\/d2p6e6u75xmxt8.cloudfront.net\/12\/2023\/06\/CORVOS_00034510-154-1.webp\",\"width\":1160,\"height\":680},{\"@type\":\"BreadcrumbList\",\"@id\":\"https:\/\/www.welovecycling.com\/hu\/orszaguti-kerekpar\/jon-a-versenyszezon-sava-borsa-rajtol-a-tour-de-france-es-a-noi-giro\/#breadcrumb\",\"itemListElement\":[{\"@type\":\"ListItem\",\"position\":1,\"name\":\"Home\",\"item\":\"https:\/\/www.welovecycling.com\/hu\/\"},{\"@type\":\"ListItem\",\"position\":2,\"name\":\"J\u00f6n a versenyszezon sava-borsa: rajtol a Tour de France \u00e9s a n\u0151i Giro!\"}]},{\"@type\":\"WebSite\",\"@id\":\"https:\/\/www.welovecycling.com\/hu\/#website\",\"url\":\"https:\/\/www.welovecycling.com\/hu\/\",\"name\":\"\u0160koda We Love Cycling - Magyarorsz\u00e1g\",\"description\":\"\u0160koda WeLoveCycling\",\"potentialAction\":[{\"@type\":\"SearchAction\",\"target\":{\"@type\":\"EntryPoint\",\"urlTemplate\":\"https:\/\/www.welovecycling.com\/hu\/?s={search_term_string}\"},\"query-input\":{\"@type\":\"PropertyValueSpecification\",\"valueRequired\":true,\"valueName\":\"search_term_string\"}}],\"inLanguage\":\"hu\"},{\"@type\":\"Person\",\"@id\":\"https:\/\/www.welovecycling.com\/hu\/#\/schema\/person\/414a2aebf1801691a5320edb6468e194\",\"name\":\"hegyizs\",\"image\":{\"@type\":\"ImageObject\",\"inLanguage\":\"hu\",\"@id\":\"https:\/\/www.welovecycling.com\/hu\/#\/schema\/person\/image\/\",\"url\":\"https:\/\/secure.gravatar.com\/avatar\/02cf8a7906b8cf90cecb4679defac7cfd33a1c2e3b88e4903d947f3bb58eedd3?s=96&d=mm&r=g\",\"contentUrl\":\"https:\/\/secure.gravatar.com\/avatar\/02cf8a7906b8cf90cecb4679defac7cfd33a1c2e3b88e4903d947f3bb58eedd3?s=96&d=mm&r=g\",\"caption\":\"hegyizs\"},\"url\":\"https:\/\/www.welovecycling.com\/hu\/author\/hegyizs\/\"}]}<\/script>\n<!-- \/ Yoast SEO Premium plugin. -->","yoast_head_json":{"title":"J\u00f6n a versenyszezon sava-borsa: rajtol a Tour de France \u00e9s a n\u0151i Giro!","description":"Olaszorsz\u00e1gban Vas Blank\u00e1\u00e9rt szor\u00edthatunk, Valter Attila tartal\u00e9k a francia k\u00f6r\u00f6n.","robots":{"index":"index","follow":"follow","max-snippet":"max-snippet:-1","max-image-preview":"max-image-preview:large","max-video-preview":"max-video-preview:-1"},"canonical":"https:\/\/www.welovecycling.com\/hu\/orszaguti-kerekpar\/jon-a-versenyszezon-sava-borsa-rajtol-a-tour-de-france-es-a-noi-giro\/","og_locale":"hu_HU","og_type":"article","og_title":"J\u00f6n a versenyszezon sava-borsa: rajtol a Tour de France \u00e9s a n\u0151i Giro!","og_description":"Olaszorsz\u00e1gban Vas Blank\u00e1\u00e9rt szor\u00edthatunk, Valter Attila tartal\u00e9k a francia k\u00f6r\u00f6n.","og_url":"https:\/\/www.welovecycling.com\/hu\/orszaguti-kerekpar\/jon-a-versenyszezon-sava-borsa-rajtol-a-tour-de-france-es-a-noi-giro\/","og_site_name":"\u0160koda We Love Cycling - Magyarorsz\u00e1g","article_publisher":"https:\/\/www.facebook.com\/WeLoveCyclingHungary\/","article_published_time":"2023-06-30T12:45:06+00:00","og_image":[{"width":1160,"height":680,"url":"https:\/\/d2p6e6u75xmxt8.cloudfront.net\/12\/2023\/06\/CORVOS_00034510-154-1.webp","type":"image\/webp"}],"author":"hegyizs","twitter_card":"summary_large_image","twitter_misc":{"Written by":"WLC","Est. reading time":"5 minutes"},"schema":{"@context":"https:\/\/schema.org","@graph":[{"@type":"WebPage","@id":"https:\/\/www.welovecycling.com\/hu\/orszaguti-kerekpar\/jon-a-versenyszezon-sava-borsa-rajtol-a-tour-de-france-es-a-noi-giro\/","url":"https:\/\/www.welovecycling.com\/hu\/orszaguti-kerekpar\/jon-a-versenyszezon-sava-borsa-rajtol-a-tour-de-france-es-a-noi-giro\/","name":"J\u00f6n a versenyszezon sava-borsa: rajtol a Tour de France \u00e9s a n\u0151i Giro!","isPartOf":{"@id":"https:\/\/www.welovecycling.com\/hu\/#website"},"primaryImageOfPage":{"@id":"https:\/\/www.welovecycling.com\/hu\/orszaguti-kerekpar\/jon-a-versenyszezon-sava-borsa-rajtol-a-tour-de-france-es-a-noi-giro\/#primaryimage"},"image":{"@id":"https:\/\/www.welovecycling.com\/hu\/orszaguti-kerekpar\/jon-a-versenyszezon-sava-borsa-rajtol-a-tour-de-france-es-a-noi-giro\/#primaryimage"},"thumbnailUrl":"https:\/\/d2p6e6u75xmxt8.cloudfront.net\/12\/2023\/06\/CORVOS_00034510-154-1.webp","datePublished":"2023-06-30T12:45:06+00:00","author":{"@id":"https:\/\/www.welovecycling.com\/hu\/#\/schema\/person\/414a2aebf1801691a5320edb6468e194"},"description":"Olaszorsz\u00e1gban Vas Blank\u00e1\u00e9rt szor\u00edthatunk, Valter Attila tartal\u00e9k a francia k\u00f6r\u00f6n.","breadcrumb":{"@id":"https:\/\/www.welovecycling.com\/hu\/orszaguti-kerekpar\/jon-a-versenyszezon-sava-borsa-rajtol-a-tour-de-france-es-a-noi-giro\/#breadcrumb"},"inLanguage":"hu","potentialAction":[{"@type":"ReadAction","target":["https:\/\/www.welovecycling.com\/hu\/orszaguti-kerekpar\/jon-a-versenyszezon-sava-borsa-rajtol-a-tour-de-france-es-a-noi-giro\/"]}]},{"@type":"ImageObject","inLanguage":"hu","@id":"https:\/\/www.welovecycling.com\/hu\/orszaguti-kerekpar\/jon-a-versenyszezon-sava-borsa-rajtol-a-tour-de-france-es-a-noi-giro\/#primaryimage","url":"https:\/\/d2p6e6u75xmxt8.cloudfront.net\/12\/2023\/06\/CORVOS_00034510-154-1.webp","contentUrl":"https:\/\/d2p6e6u75xmxt8.cloudfront.net\/12\/2023\/06\/CORVOS_00034510-154-1.webp","width":1160,"height":680},{"@type":"BreadcrumbList","@id":"https:\/\/www.welovecycling.com\/hu\/orszaguti-kerekpar\/jon-a-versenyszezon-sava-borsa-rajtol-a-tour-de-france-es-a-noi-giro\/#breadcrumb","itemListElement":[{"@type":"ListItem","position":1,"name":"Home","item":"https:\/\/www.welovecycling.com\/hu\/"},{"@type":"ListItem","position":2,"name":"J\u00f6n a versenyszezon sava-borsa: rajtol a Tour de France \u00e9s a n\u0151i Giro!"}]},{"@type":"WebSite","@id":"https:\/\/www.welovecycling.com\/hu\/#website","url":"https:\/\/www.welovecycling.com\/hu\/","name":"\u0160koda We Love Cycling - Magyarorsz\u00e1g","description":"\u0160koda WeLoveCycling","potentialAction":[{"@type":"SearchAction","target":{"@type":"EntryPoint","urlTemplate":"https:\/\/www.welovecycling.com\/hu\/?s={search_term_string}"},"query-input":{"@type":"PropertyValueSpecification","valueRequired":true,"valueName":"search_term_string"}}],"inLanguage":"hu"},{"@type":"Person","@id":"https:\/\/www.welovecycling.com\/hu\/#\/schema\/person\/414a2aebf1801691a5320edb6468e194","name":"hegyizs","image":{"@type":"ImageObject","inLanguage":"hu","@id":"https:\/\/www.welovecycling.com\/hu\/#\/schema\/person\/image\/","url":"https:\/\/secure.gravatar.com\/avatar\/02cf8a7906b8cf90cecb4679defac7cfd33a1c2e3b88e4903d947f3bb58eedd3?s=96&d=mm&r=g","contentUrl":"https:\/\/secure.gravatar.com\/avatar\/02cf8a7906b8cf90cecb4679defac7cfd33a1c2e3b88e4903d947f3bb58eedd3?s=96&d=mm&r=g","caption":"hegyizs"},"url":"https:\/\/www.welovecycling.com\/hu\/author\/hegyizs\/"}]}},"_links":{"self":[{"href":"https:\/\/www.welovecycling.com\/hu\/wp-json\/wp\/v2\/posts\/17590","targetHints":{"allow":["GET"]}}],"collection":[{"href":"https:\/\/www.welovecycling.com\/hu\/wp-json\/wp\/v2\/posts"}],"about":[{"href":"https:\/\/www.welovecycling.com\/hu\/wp-json\/wp\/v2\/types\/post"}],"author":[{"embeddable":true,"href":"https:\/\/www.welovecycling.com\/hu\/wp-json\/wp\/v2\/users\/71"}],"replies":[{"embeddable":true,"href":"https:\/\/www.welovecycling.com\/hu\/wp-json\/wp\/v2\/comments?post=17590"}],"version-history":[{"count":1,"href":"https:\/\/www.welovecycling.com\/hu\/wp-json\/wp\/v2\/posts\/17590\/revisions"}],"predecessor-version":[{"id":17596,"href":"https:\/\/www.welovecycling.com\/hu\/wp-json\/wp\/v2\/posts\/17590\/revisions\/17596"}],"wp:featuredmedia":[{"embeddable":true,"href":"https:\/\/www.welovecycling.com\/hu\/wp-json\/wp\/v2\/media\/17595"}],"wp:attachment":[{"href":"https:\/\/www.welovecycling.com\/hu\/wp-json\/wp\/v2\/media?parent=17590"}],"wp:term":[{"taxonomy":"category","embeddable":true,"href":"https:\/\/www.welovecycling.com\/hu\/wp-json\/wp\/v2\/categories?post=17590"},{"taxonomy":"post_tag","embeddable":true,"href":"https:\/\/www.welovecycling.com\/hu\/wp-json\/wp\/v2\/tags?post=17590"},{"taxonomy":"global-categories","embeddable":true,"href":"https:\/\/www.welovecycling.com\/hu\/wp-json\/wp\/v2\/global-categories?post=17590"}],"curies":[{"name":"wp","href":"https:\/\/api.w.org\/{rel}","templated":true}]}}