{"id":17567,"date":"2023-06-28T08:00:07","date_gmt":"2023-06-28T06:00:07","guid":{"rendered":"https:\/\/www.welovecycling.com\/hu\/?p=17567"},"modified":"2023-06-23T11:55:34","modified_gmt":"2023-06-23T09:55:34","slug":"a-tour-de-france-unchained-egyenesen-a-tour-de-france-dobogo-szivebe-repit","status":"publish","type":"post","link":"https:\/\/www.welovecycling.com\/hu\/orszaguti-kerekpar\/a-tour-de-france-unchained-egyenesen-a-tour-de-france-dobogo-szivebe-repit\/","title":{"rendered":"A Tour de France: Unchained egyenesen a Tour de France dobog\u00f3 sz\u00edv\u00e9be rep\u00edt"},"content":{"rendered":"<p><strong>Egyenesen a verseny sz\u00edv\u00e9be rep\u00edt a Tour de France: Unchained c\u00edm\u0171 nyolcr\u00e9szes dokumentumfilm, ahol azt l\u00e1thatjuk, hallhatjuk \u00e9s tudhatjuk meg a kerekesekr\u0151l, amiket eddig nem. \u00c9rezhetj\u00fck a versenyz\u0151k sebess\u00e9g\u00e9t, r\u00e9szesei lehet\u00fcnk az \u0151szinte pillanatoknak, \u00e1t\u00e9lhetj\u00fck a \u0151 gy\u00f6tr\u0151d\u00e9s\u00fcket, \u00f6r\u00f6m\u00fcket, f\u00e1radts\u00e1gukat, szenved\u00e9ly\u00fcket \u00e9s f\u00e1jdalmukat.<\/strong><\/p>\n<p><!--more--><\/p>\n<p>Mindezt megtapasztalhatjuk a sorozat seg\u00edts\u00e9g\u00e9vel. De nemcsak beker\u00fclhet\u00fcnk a verseny sz\u00edv\u00e9be \u00e9s lelk\u00e9be, hanem sok mindent meg is tudhatunk az \u00f6sszek\u00f6ttet\u00e9sr\u0151l a versenyz\u0151k \u00e9s a csapat edz\u0151i k\u00f6z\u00f6tt, akik aut\u00f3val k\u00f6vetik \u0151ket a verseny alatt, \u00e9s arr\u00f3l is, mennyit szenvednek \u00e9s milyen kem\u00e9nyen dolgoznak ezek az edz\u0151k. Ha \u00e9rz\u00e9keny vagy a haragb\u00f3l vagy \u00f6r\u00f6mb\u0151l kiab\u00e1lt k\u00e1romkod\u00e1sokra, akkor javaslom, hogy halk\u00edtsd le a hangot ezekn\u00e9l a jelenetekn\u00e9l. De sz\u00e1momra ezek jelentettek val\u00f3di bepillant\u00e1st a kulissz\u00e1k m\u00f6g\u00f6tt zajl\u00f3 dr\u00e1m\u00e1ba, amely v\u00e9gigk\u00eds\u00e9ri a versenyz\u0151ket a Tour-on.<\/p>\n<p>A Tour de France: Unchained (vagy francia alc\u00edm\u00e9n: Tour de France: Au c\u0153ur du peloton) olyan m\u0171sor, amit mind a kifinomult ker\u00e9kp\u00e1ros rajong\u00f3knak, mind a Tour-\u0151r\u00fclteknek, mindazoknak, akik csak k\u00edv\u00e1ncsiak a sportra \u00e9s a versenyre, l\u00e1tniuk kell. B\u00e1r kezdetben a megszokott dics\u00e9reteket hallhatjuk a Tour-r\u00f3l (&#8220;a vil\u00e1g legnagyobb ker\u00e9kp\u00e1rversenye&#8221;, &#8220;a vil\u00e1g legnehezebb versenye&#8221;, &#8220;ez egy esem\u00e9ny, ami mindenkit meg\u00e9rint&#8221;), hamarosan a sorozat meghat\u00f3 \u00e9s hihetetlen m\u00f3don bizony\u00edtja ezeket a kijelent\u00e9seket.<\/p>\n<p>Ott van p\u00e9ld\u00e1ul a belga Soudal-Quick-Step seg\u00e9dek\u00e9nt versenyz\u0151 Yves Lampaert, aki le\u00edrja az \u00e9rz\u00e9seit az els\u0151 (\u00e9s eddigi egyetlen) Tour szakaszgy\u0151zelme ut\u00e1n, 31 \u00e9vesen, amikor v\u00e1ratlanul megnyerte a 2022-es Tour Prologue id\u0151futam\u00e1t: <em>&#8220;Felrobban az agyam. \u00c9n csak egy belga gazda fia vagyok. Soha nem v\u00e1rtam volna ezt.<\/em>&#8221; Vagy a nagyszer\u0171, sokoldal\u00fa belga Jumbo-Visma versenyz\u0151, Wout van Aert, aki fel\u00e1ldozta saj\u00e1t amb\u00edci\u00f3it, hogy megmentse a csapat vezet\u0151j\u00e9t, Jonas Vingegaardot a verseny brut\u00e1lis 5. szakasz\u00e1n, miut\u00e1n Vingegaard \u00e9rt\u00e9kes id\u0151t vesztett riv\u00e1lisa, Tadej Poga\u010darral szemben egy mechanikai hiba miatt: <em>&#8220;Akkor seg\u00edtenem kellett, nem volt v\u00e1laszt\u00e1som, mert semmi vagyok a csapat n\u00e9lk\u00fcl.&#8221;<\/em> Ha valami, akkor az Unchained egy\u00e9rtelm\u0171v\u00e9 teszi, hogy a Grand Tour versenyz\u00e9s mindenekel\u0151tt csapatsport.<\/p>\n<p>Ez egy olyan sport, amibe mindent bele kell tenni\u00fck a versenyz\u0151knek, \u00e9s m\u00e9g ann\u00e1l is t\u00f6bbet. Mint ahogy van Aert fogalmazott, az egyik sokatmond\u00f3 nyilatkozat\u00e1ban, ami miatt ez a sorozat olyan \u00e9rt\u00e9kes: <em>&#8220;A f\u00e1jdalom kezel\u00e9se az egyik legnagyobb kih\u00edv\u00e1sa a ker\u00e9kp\u00e1roz\u00e1snak. Szerencs\u00e9re szeretem, hogy meg kell edzeni magam.&#8221;<\/em><\/p>\n<p>Az Unchained-ben vannak pillanatok tele tiszta var\u00e1zslattal \u00e9s \u0151r\u00fclettel, \u00e9s olyanok is, amikben ott van mindkett\u0151: p\u00e9ld\u00e1ul Tom Pidcock vill\u00e1mgyors, 105 km\/\u00f3r\u00e1s sebess\u00e9ggel val\u00f3 leereszked\u00e9se a Col du Galibieron a 12. szakaszon, ami el\u0151k\u00e9sz\u00edtette a gy\u0151zelm\u00e9t az Alpe d&#8217;Huez-en. \u00c9s vannak abszurd sz\u00edvf\u00e1jdalmak, mint p\u00e9ld\u00e1ul Fabio Jakobsen k\u00e9ts\u00e9gbeesett egy\u00e9ni felkapaszkod\u00e1sa a Hautacam-on, ahol a csapatt\u00e1rsak biztatj\u00e1k a c\u00e9lvonaln\u00e1l, hogy teljes\u00edtse a szakaszid\u0151t a 18. szakaszon, hogy bent maradhasson a versenyben \u00e9s megpr\u00f3b\u00e1lhassa megnyerni a v\u00e9gs\u0151 sprintet a Champs-\u00c9lys\u00e9es-en. 15 m\u00e1sodperccel a hat\u00e1rid\u0151 el\u0151tt siker\u00fclt befejeznie a szakaszt, de \u00e9ppen akkor esett le a l\u00e1nca, amikor h\u00e1rom nappal k\u00e9s\u0151bb elindult a sprintre. \u00c9s ritka az olyan film vagy t\u00e9v\u00e9sorozat, ahol ennyi er\u0151s f\u00e9rfi s\u00edr, legyen az \u00f6r\u00f6m vagy csal\u00f3d\u00e1s miatt.<\/p>\n<p>Ha a sorozatnak van egy szembet\u0171n\u0151 hi\u00e1nyoss\u00e1ga, az az, hogy nem szerepel benne Poga\u010dar. Az UAE Team Emirates nem enged\u00e9lyezte a filmk\u00e9sz\u00edt\u0151knek, hogy kamer\u00e1zzanak, \u00edgy az egyik f\u0151szerepl\u0151je a versenynek, aki az el\u0151z\u0151 k\u00e9t Tour-t nyerte meg, nagyr\u00e9szt hi\u00e1nyzik a dr\u00e1m\u00e1b\u00f3l. \u00dagy gondolom tov\u00e1bb\u00e1, hogy t\u00fal sok hangs\u00falyt fektetnek a francia narr\u00e1ci\u00f3ban van Aert d\u00f6nt\u00e9s\u00e9re, hogy szakaszgy\u0151zelmet szerezzen \u00e9s ne seg\u00edtse Vingegaardot egy technikai probl\u00e9ma ut\u00e1n. Ahogy van Aert magyar\u00e1zza, vannak olyan helyzetek egy Grand Tour versenyen, amikor lehetetlen a helyes d\u00f6nt\u00e9st meghozni, \u00e9s ez ilyen volt. \u00c9s v\u00e9g\u00fcl, t\u00fal sok a narr\u00e1ci\u00f3, mintha a filmk\u00e9sz\u00edt\u0151k nem b\u00edzn\u00e1nak saj\u00e1t er\u0151teljes k\u00e9peikben. Azzal, hogy elmondj\u00e1k, amit mi is l\u00e1tunk, csak cs\u00f6kkentik a dr\u00e1mai hat\u00e1st.<\/p>\n<p style=\"font-weight: 400;\">Mindent egybev\u00e9ve, a sorozat er\u0151teljes, dr\u00e1mai, meghat\u00f3 \u00e9s rendk\u00edv\u00fcl sz\u00f3rakoztat\u00f3. \u00c1t\u00e9rezheted a versenyz\u0151k f\u00e1jdalm\u00e1t \u00e9s szenved\u00e9s\u00e9t, amikor legm\u00e9lyebb tartal\u00e9kaikat is ki kell akn\u00e1zniuk, hogy n\u00e9h\u00e1ny m\u00e1sodpercet nyerjenek, \u00e9s hallhatod a f\u00e1jdalmukat, amikor a f\u00f6ldre zuhannak a megrong\u00e1l\u00f3dott biciklik k\u00f6z\u00f6tt. Ha szereted a ker\u00e9kp\u00e1roz\u00e1st \u00e9s a Tour de France-t, ez a sorozat seg\u00edt jobban meg\u00e9rteni, hogy mi\u00e9rt szerett\u00e9l bele. Emellett n\u00f6veli a tiszteletet \u00e9s csod\u00e1latot a versenyz\u0151k ir\u00e1nt, akik igazi h\u0151s\u00f6knek bizonyulnak. \u00c9s ha \u00faj vagy a ker\u00e9kp\u00e1rsportban, ez a sorozat megragad \u00e9s beszippant ebbe a csod\u00e1latos vil\u00e1gba.<\/p>\n","protected":false},"excerpt":{"rendered":"<p>Egyenesen a verseny sz\u00edv\u00e9be rep\u00edt a Tour de France: Unchained c\u00edm\u0171 nyolcr\u00e9szes dokumentumfilm, ahol azt l\u00e1thatjuk, hallhatjuk \u00e9s tudhatjuk meg [&hellip;]<\/p>\n","protected":false},"author":71,"featured_media":17568,"comment_status":"open","ping_status":"open","sticky":false,"template":"","format":"standard","meta":{"footnotes":""},"categories":[8],"tags":[],"global-categories":[],"class_list":["post-17567","post","type-post","status-publish","format-standard","has-post-thumbnail","hentry","category-orszaguti-kerekpar"],"yoast_head":"<!-- This site is optimized with the Yoast SEO Premium plugin v25.3 (Yoast SEO v25.9) - https:\/\/yoast.com\/wordpress\/plugins\/seo\/ -->\n<title>A Tour de France: Unchained egyenesen a Tour de France dobog\u00f3 sz\u00edv\u00e9be rep\u00edt<\/title>\n<meta name=\"description\" content=\"Egyenesen a verseny sz\u00edv\u00e9be rep\u00edt a Tour de France: Unchained c\u00edm\u0171 nyolcr\u00e9szes dokumentumfilm, ahol azt l\u00e1thatjuk, hallhatjuk \u00e9s tudhatjuk meg a kerekesekr\u0151l, amiket eddig nem. \u00c9rezhetj\u00fck a versenyz\u0151k sebess\u00e9g\u00e9t, r\u00e9szesei lehet\u00fcnk az \u0151szinte pillanatoknak, \u00e1t\u00e9lhetj\u00fck a \u0151 gy\u00f6tr\u0151d\u00e9s\u00fcket, \u00f6r\u00f6m\u00fcket, f\u00e1radts\u00e1gukat, szenved\u00e9ly\u00fcket \u00e9s f\u00e1jdalmukat.\" \/>\n<meta name=\"robots\" content=\"index, follow, max-snippet:-1, max-image-preview:large, max-video-preview:-1\" \/>\n<link rel=\"canonical\" href=\"https:\/\/www.welovecycling.com\/hu\/orszaguti-kerekpar\/a-tour-de-france-unchained-egyenesen-a-tour-de-france-dobogo-szivebe-repit\/\" \/>\n<meta property=\"og:locale\" content=\"hu_HU\" \/>\n<meta property=\"og:type\" content=\"article\" \/>\n<meta property=\"og:title\" content=\"A Tour de France: Unchained egyenesen a Tour de France dobog\u00f3 sz\u00edv\u00e9be rep\u00edt\" \/>\n<meta property=\"og:description\" content=\"Egyenesen a verseny sz\u00edv\u00e9be rep\u00edt a Tour de France: Unchained c\u00edm\u0171 nyolcr\u00e9szes dokumentumfilm, ahol azt l\u00e1thatjuk, hallhatjuk \u00e9s tudhatjuk meg a kerekesekr\u0151l, amiket eddig nem. \u00c9rezhetj\u00fck a versenyz\u0151k sebess\u00e9g\u00e9t, r\u00e9szesei lehet\u00fcnk az \u0151szinte pillanatoknak, \u00e1t\u00e9lhetj\u00fck a \u0151 gy\u00f6tr\u0151d\u00e9s\u00fcket, \u00f6r\u00f6m\u00fcket, f\u00e1radts\u00e1gukat, szenved\u00e9ly\u00fcket \u00e9s f\u00e1jdalmukat.\" \/>\n<meta property=\"og:url\" content=\"https:\/\/www.welovecycling.com\/hu\/orszaguti-kerekpar\/a-tour-de-france-unchained-egyenesen-a-tour-de-france-dobogo-szivebe-repit\/\" \/>\n<meta property=\"og:site_name\" content=\"\u0160koda We Love Cycling - Magyarorsz\u00e1g\" \/>\n<meta property=\"article:publisher\" content=\"https:\/\/www.facebook.com\/WeLoveCyclingHungary\/\" \/>\n<meta property=\"article:published_time\" content=\"2023-06-28T06:00:07+00:00\" \/>\n<meta property=\"og:image\" content=\"https:\/\/d2p6e6u75xmxt8.cloudfront.net\/12\/2023\/06\/Tour-de-France-Peloton-profimedia-0622120157-CVR.webp\" \/>\n\t<meta property=\"og:image:width\" content=\"990\" \/>\n\t<meta property=\"og:image:height\" content=\"660\" \/>\n\t<meta property=\"og:image:type\" content=\"image\/webp\" \/>\n<meta name=\"author\" content=\"hegyizs\" \/>\n<meta name=\"twitter:card\" content=\"summary_large_image\" \/>\n<meta name=\"twitter:label1\" content=\"Written by\" \/>\n\t<meta name=\"twitter:data1\" content=\"Siegfried Mortkowitz\" \/>\n\t<meta name=\"twitter:label2\" content=\"Est. reading time\" \/>\n\t<meta name=\"twitter:data2\" content=\"4\" \/>\n<script type=\"application\/ld+json\" class=\"yoast-schema-graph\">{\"@context\":\"https:\/\/schema.org\",\"@graph\":[{\"@type\":\"WebPage\",\"@id\":\"https:\/\/www.welovecycling.com\/hu\/orszaguti-kerekpar\/a-tour-de-france-unchained-egyenesen-a-tour-de-france-dobogo-szivebe-repit\/\",\"url\":\"https:\/\/www.welovecycling.com\/hu\/orszaguti-kerekpar\/a-tour-de-france-unchained-egyenesen-a-tour-de-france-dobogo-szivebe-repit\/\",\"name\":\"A Tour de France: Unchained egyenesen a Tour de France dobog\u00f3 sz\u00edv\u00e9be rep\u00edt\",\"isPartOf\":{\"@id\":\"https:\/\/www.welovecycling.com\/hu\/#website\"},\"primaryImageOfPage\":{\"@id\":\"https:\/\/www.welovecycling.com\/hu\/orszaguti-kerekpar\/a-tour-de-france-unchained-egyenesen-a-tour-de-france-dobogo-szivebe-repit\/#primaryimage\"},\"image\":{\"@id\":\"https:\/\/www.welovecycling.com\/hu\/orszaguti-kerekpar\/a-tour-de-france-unchained-egyenesen-a-tour-de-france-dobogo-szivebe-repit\/#primaryimage\"},\"thumbnailUrl\":\"https:\/\/d2p6e6u75xmxt8.cloudfront.net\/12\/2023\/06\/Tour-de-France-Peloton-profimedia-0622120157-CVR.webp\",\"datePublished\":\"2023-06-28T06:00:07+00:00\",\"author\":{\"@id\":\"https:\/\/www.welovecycling.com\/hu\/#\/schema\/person\/414a2aebf1801691a5320edb6468e194\"},\"description\":\"Egyenesen a verseny sz\u00edv\u00e9be rep\u00edt a Tour de France: Unchained c\u00edm\u0171 nyolcr\u00e9szes dokumentumfilm, ahol azt l\u00e1thatjuk, hallhatjuk \u00e9s tudhatjuk meg a kerekesekr\u0151l, amiket eddig nem. \u00c9rezhetj\u00fck a versenyz\u0151k sebess\u00e9g\u00e9t, r\u00e9szesei lehet\u00fcnk az \u0151szinte pillanatoknak, \u00e1t\u00e9lhetj\u00fck a \u0151 gy\u00f6tr\u0151d\u00e9s\u00fcket, \u00f6r\u00f6m\u00fcket, f\u00e1radts\u00e1gukat, szenved\u00e9ly\u00fcket \u00e9s f\u00e1jdalmukat.\",\"breadcrumb\":{\"@id\":\"https:\/\/www.welovecycling.com\/hu\/orszaguti-kerekpar\/a-tour-de-france-unchained-egyenesen-a-tour-de-france-dobogo-szivebe-repit\/#breadcrumb\"},\"inLanguage\":\"hu\",\"potentialAction\":[{\"@type\":\"ReadAction\",\"target\":[\"https:\/\/www.welovecycling.com\/hu\/orszaguti-kerekpar\/a-tour-de-france-unchained-egyenesen-a-tour-de-france-dobogo-szivebe-repit\/\"]}]},{\"@type\":\"ImageObject\",\"inLanguage\":\"hu\",\"@id\":\"https:\/\/www.welovecycling.com\/hu\/orszaguti-kerekpar\/a-tour-de-france-unchained-egyenesen-a-tour-de-france-dobogo-szivebe-repit\/#primaryimage\",\"url\":\"https:\/\/d2p6e6u75xmxt8.cloudfront.net\/12\/2023\/06\/Tour-de-France-Peloton-profimedia-0622120157-CVR.webp\",\"contentUrl\":\"https:\/\/d2p6e6u75xmxt8.cloudfront.net\/12\/2023\/06\/Tour-de-France-Peloton-profimedia-0622120157-CVR.webp\",\"width\":990,\"height\":660,\"caption\":\"Tour de France\"},{\"@type\":\"BreadcrumbList\",\"@id\":\"https:\/\/www.welovecycling.com\/hu\/orszaguti-kerekpar\/a-tour-de-france-unchained-egyenesen-a-tour-de-france-dobogo-szivebe-repit\/#breadcrumb\",\"itemListElement\":[{\"@type\":\"ListItem\",\"position\":1,\"name\":\"Home\",\"item\":\"https:\/\/www.welovecycling.com\/hu\/\"},{\"@type\":\"ListItem\",\"position\":2,\"name\":\"A Tour de France: Unchained egyenesen a Tour de France dobog\u00f3 sz\u00edv\u00e9be rep\u00edt\"}]},{\"@type\":\"WebSite\",\"@id\":\"https:\/\/www.welovecycling.com\/hu\/#website\",\"url\":\"https:\/\/www.welovecycling.com\/hu\/\",\"name\":\"\u0160koda We Love Cycling - Magyarorsz\u00e1g\",\"description\":\"\u0160koda WeLoveCycling\",\"potentialAction\":[{\"@type\":\"SearchAction\",\"target\":{\"@type\":\"EntryPoint\",\"urlTemplate\":\"https:\/\/www.welovecycling.com\/hu\/?s={search_term_string}\"},\"query-input\":{\"@type\":\"PropertyValueSpecification\",\"valueRequired\":true,\"valueName\":\"search_term_string\"}}],\"inLanguage\":\"hu\"},{\"@type\":\"Person\",\"@id\":\"https:\/\/www.welovecycling.com\/hu\/#\/schema\/person\/414a2aebf1801691a5320edb6468e194\",\"name\":\"hegyizs\",\"image\":{\"@type\":\"ImageObject\",\"inLanguage\":\"hu\",\"@id\":\"https:\/\/www.welovecycling.com\/hu\/#\/schema\/person\/image\/\",\"url\":\"https:\/\/secure.gravatar.com\/avatar\/02cf8a7906b8cf90cecb4679defac7cfd33a1c2e3b88e4903d947f3bb58eedd3?s=96&d=mm&r=g\",\"contentUrl\":\"https:\/\/secure.gravatar.com\/avatar\/02cf8a7906b8cf90cecb4679defac7cfd33a1c2e3b88e4903d947f3bb58eedd3?s=96&d=mm&r=g\",\"caption\":\"hegyizs\"},\"url\":\"https:\/\/www.welovecycling.com\/hu\/author\/hegyizs\/\"}]}<\/script>\n<!-- \/ Yoast SEO Premium plugin. -->","yoast_head_json":{"title":"A Tour de France: Unchained egyenesen a Tour de France dobog\u00f3 sz\u00edv\u00e9be rep\u00edt","description":"Egyenesen a verseny sz\u00edv\u00e9be rep\u00edt a Tour de France: Unchained c\u00edm\u0171 nyolcr\u00e9szes dokumentumfilm, ahol azt l\u00e1thatjuk, hallhatjuk \u00e9s tudhatjuk meg a kerekesekr\u0151l, amiket eddig nem. \u00c9rezhetj\u00fck a versenyz\u0151k sebess\u00e9g\u00e9t, r\u00e9szesei lehet\u00fcnk az \u0151szinte pillanatoknak, \u00e1t\u00e9lhetj\u00fck a \u0151 gy\u00f6tr\u0151d\u00e9s\u00fcket, \u00f6r\u00f6m\u00fcket, f\u00e1radts\u00e1gukat, szenved\u00e9ly\u00fcket \u00e9s f\u00e1jdalmukat.","robots":{"index":"index","follow":"follow","max-snippet":"max-snippet:-1","max-image-preview":"max-image-preview:large","max-video-preview":"max-video-preview:-1"},"canonical":"https:\/\/www.welovecycling.com\/hu\/orszaguti-kerekpar\/a-tour-de-france-unchained-egyenesen-a-tour-de-france-dobogo-szivebe-repit\/","og_locale":"hu_HU","og_type":"article","og_title":"A Tour de France: Unchained egyenesen a Tour de France dobog\u00f3 sz\u00edv\u00e9be rep\u00edt","og_description":"Egyenesen a verseny sz\u00edv\u00e9be rep\u00edt a Tour de France: Unchained c\u00edm\u0171 nyolcr\u00e9szes dokumentumfilm, ahol azt l\u00e1thatjuk, hallhatjuk \u00e9s tudhatjuk meg a kerekesekr\u0151l, amiket eddig nem. \u00c9rezhetj\u00fck a versenyz\u0151k sebess\u00e9g\u00e9t, r\u00e9szesei lehet\u00fcnk az \u0151szinte pillanatoknak, \u00e1t\u00e9lhetj\u00fck a \u0151 gy\u00f6tr\u0151d\u00e9s\u00fcket, \u00f6r\u00f6m\u00fcket, f\u00e1radts\u00e1gukat, szenved\u00e9ly\u00fcket \u00e9s f\u00e1jdalmukat.","og_url":"https:\/\/www.welovecycling.com\/hu\/orszaguti-kerekpar\/a-tour-de-france-unchained-egyenesen-a-tour-de-france-dobogo-szivebe-repit\/","og_site_name":"\u0160koda We Love Cycling - Magyarorsz\u00e1g","article_publisher":"https:\/\/www.facebook.com\/WeLoveCyclingHungary\/","article_published_time":"2023-06-28T06:00:07+00:00","og_image":[{"width":990,"height":660,"url":"https:\/\/d2p6e6u75xmxt8.cloudfront.net\/12\/2023\/06\/Tour-de-France-Peloton-profimedia-0622120157-CVR.webp","type":"image\/webp"}],"author":"hegyizs","twitter_card":"summary_large_image","twitter_misc":{"Written by":"Siegfried Mortkowitz","Est. reading time":"4"},"schema":{"@context":"https:\/\/schema.org","@graph":[{"@type":"WebPage","@id":"https:\/\/www.welovecycling.com\/hu\/orszaguti-kerekpar\/a-tour-de-france-unchained-egyenesen-a-tour-de-france-dobogo-szivebe-repit\/","url":"https:\/\/www.welovecycling.com\/hu\/orszaguti-kerekpar\/a-tour-de-france-unchained-egyenesen-a-tour-de-france-dobogo-szivebe-repit\/","name":"A Tour de France: Unchained egyenesen a Tour de France dobog\u00f3 sz\u00edv\u00e9be rep\u00edt","isPartOf":{"@id":"https:\/\/www.welovecycling.com\/hu\/#website"},"primaryImageOfPage":{"@id":"https:\/\/www.welovecycling.com\/hu\/orszaguti-kerekpar\/a-tour-de-france-unchained-egyenesen-a-tour-de-france-dobogo-szivebe-repit\/#primaryimage"},"image":{"@id":"https:\/\/www.welovecycling.com\/hu\/orszaguti-kerekpar\/a-tour-de-france-unchained-egyenesen-a-tour-de-france-dobogo-szivebe-repit\/#primaryimage"},"thumbnailUrl":"https:\/\/d2p6e6u75xmxt8.cloudfront.net\/12\/2023\/06\/Tour-de-France-Peloton-profimedia-0622120157-CVR.webp","datePublished":"2023-06-28T06:00:07+00:00","author":{"@id":"https:\/\/www.welovecycling.com\/hu\/#\/schema\/person\/414a2aebf1801691a5320edb6468e194"},"description":"Egyenesen a verseny sz\u00edv\u00e9be rep\u00edt a Tour de France: Unchained c\u00edm\u0171 nyolcr\u00e9szes dokumentumfilm, ahol azt l\u00e1thatjuk, hallhatjuk \u00e9s tudhatjuk meg a kerekesekr\u0151l, amiket eddig nem. \u00c9rezhetj\u00fck a versenyz\u0151k sebess\u00e9g\u00e9t, r\u00e9szesei lehet\u00fcnk az \u0151szinte pillanatoknak, \u00e1t\u00e9lhetj\u00fck a \u0151 gy\u00f6tr\u0151d\u00e9s\u00fcket, \u00f6r\u00f6m\u00fcket, f\u00e1radts\u00e1gukat, szenved\u00e9ly\u00fcket \u00e9s f\u00e1jdalmukat.","breadcrumb":{"@id":"https:\/\/www.welovecycling.com\/hu\/orszaguti-kerekpar\/a-tour-de-france-unchained-egyenesen-a-tour-de-france-dobogo-szivebe-repit\/#breadcrumb"},"inLanguage":"hu","potentialAction":[{"@type":"ReadAction","target":["https:\/\/www.welovecycling.com\/hu\/orszaguti-kerekpar\/a-tour-de-france-unchained-egyenesen-a-tour-de-france-dobogo-szivebe-repit\/"]}]},{"@type":"ImageObject","inLanguage":"hu","@id":"https:\/\/www.welovecycling.com\/hu\/orszaguti-kerekpar\/a-tour-de-france-unchained-egyenesen-a-tour-de-france-dobogo-szivebe-repit\/#primaryimage","url":"https:\/\/d2p6e6u75xmxt8.cloudfront.net\/12\/2023\/06\/Tour-de-France-Peloton-profimedia-0622120157-CVR.webp","contentUrl":"https:\/\/d2p6e6u75xmxt8.cloudfront.net\/12\/2023\/06\/Tour-de-France-Peloton-profimedia-0622120157-CVR.webp","width":990,"height":660,"caption":"Tour de France"},{"@type":"BreadcrumbList","@id":"https:\/\/www.welovecycling.com\/hu\/orszaguti-kerekpar\/a-tour-de-france-unchained-egyenesen-a-tour-de-france-dobogo-szivebe-repit\/#breadcrumb","itemListElement":[{"@type":"ListItem","position":1,"name":"Home","item":"https:\/\/www.welovecycling.com\/hu\/"},{"@type":"ListItem","position":2,"name":"A Tour de France: Unchained egyenesen a Tour de France dobog\u00f3 sz\u00edv\u00e9be rep\u00edt"}]},{"@type":"WebSite","@id":"https:\/\/www.welovecycling.com\/hu\/#website","url":"https:\/\/www.welovecycling.com\/hu\/","name":"\u0160koda We Love Cycling - Magyarorsz\u00e1g","description":"\u0160koda WeLoveCycling","potentialAction":[{"@type":"SearchAction","target":{"@type":"EntryPoint","urlTemplate":"https:\/\/www.welovecycling.com\/hu\/?s={search_term_string}"},"query-input":{"@type":"PropertyValueSpecification","valueRequired":true,"valueName":"search_term_string"}}],"inLanguage":"hu"},{"@type":"Person","@id":"https:\/\/www.welovecycling.com\/hu\/#\/schema\/person\/414a2aebf1801691a5320edb6468e194","name":"hegyizs","image":{"@type":"ImageObject","inLanguage":"hu","@id":"https:\/\/www.welovecycling.com\/hu\/#\/schema\/person\/image\/","url":"https:\/\/secure.gravatar.com\/avatar\/02cf8a7906b8cf90cecb4679defac7cfd33a1c2e3b88e4903d947f3bb58eedd3?s=96&d=mm&r=g","contentUrl":"https:\/\/secure.gravatar.com\/avatar\/02cf8a7906b8cf90cecb4679defac7cfd33a1c2e3b88e4903d947f3bb58eedd3?s=96&d=mm&r=g","caption":"hegyizs"},"url":"https:\/\/www.welovecycling.com\/hu\/author\/hegyizs\/"}]}},"_links":{"self":[{"href":"https:\/\/www.welovecycling.com\/hu\/wp-json\/wp\/v2\/posts\/17567","targetHints":{"allow":["GET"]}}],"collection":[{"href":"https:\/\/www.welovecycling.com\/hu\/wp-json\/wp\/v2\/posts"}],"about":[{"href":"https:\/\/www.welovecycling.com\/hu\/wp-json\/wp\/v2\/types\/post"}],"author":[{"embeddable":true,"href":"https:\/\/www.welovecycling.com\/hu\/wp-json\/wp\/v2\/users\/71"}],"replies":[{"embeddable":true,"href":"https:\/\/www.welovecycling.com\/hu\/wp-json\/wp\/v2\/comments?post=17567"}],"version-history":[{"count":1,"href":"https:\/\/www.welovecycling.com\/hu\/wp-json\/wp\/v2\/posts\/17567\/revisions"}],"predecessor-version":[{"id":17569,"href":"https:\/\/www.welovecycling.com\/hu\/wp-json\/wp\/v2\/posts\/17567\/revisions\/17569"}],"wp:featuredmedia":[{"embeddable":true,"href":"https:\/\/www.welovecycling.com\/hu\/wp-json\/wp\/v2\/media\/17568"}],"wp:attachment":[{"href":"https:\/\/www.welovecycling.com\/hu\/wp-json\/wp\/v2\/media?parent=17567"}],"wp:term":[{"taxonomy":"category","embeddable":true,"href":"https:\/\/www.welovecycling.com\/hu\/wp-json\/wp\/v2\/categories?post=17567"},{"taxonomy":"post_tag","embeddable":true,"href":"https:\/\/www.welovecycling.com\/hu\/wp-json\/wp\/v2\/tags?post=17567"},{"taxonomy":"global-categories","embeddable":true,"href":"https:\/\/www.welovecycling.com\/hu\/wp-json\/wp\/v2\/global-categories?post=17567"}],"curies":[{"name":"wp","href":"https:\/\/api.w.org\/{rel}","templated":true}]}}