{"id":17552,"date":"2023-06-26T08:00:13","date_gmt":"2023-06-26T06:00:13","guid":{"rendered":"https:\/\/www.welovecycling.com\/hu\/?p=17552"},"modified":"2023-06-23T11:53:27","modified_gmt":"2023-06-23T09:53:27","slug":"a-vilag-4-legveszelyesebb-hegyi-kerekparutja","status":"publish","type":"post","link":"https:\/\/www.welovecycling.com\/hu\/trekking-mtb\/a-vilag-4-legveszelyesebb-hegyi-kerekparutja\/","title":{"rendered":"A vil\u00e1g 4 legvesz\u00e9lyesebb hegyi ker\u00e9kp\u00e1r\u00fatja"},"content":{"rendered":"<p><strong>Hallott\u00e1l m\u00e1r olyan hegyiker\u00e9kp\u00e1rosr\u00f3l, aki az\u00e9rt v\u00e1lasztott egy \u00fatvonalat, mert az biztons\u00e1gos \u00e9s esem\u00e9nymentes? Nem, mi sem. A c\u00e9l az, hogy olyan lejt\u0151k\u00f6n sz\u00e1guldj, amiket m\u00e9g a hegyi kecsk\u00e9k is t\u00fal meredeknek tartanak, nem pedig az, hogy vigy\u00e1zz magadra.\u00a0 Az adrenalin, a rep\u00fcl\u00e9s \u00e9s a f\u00e9lelmeid legy\u0151z\u00e9se \u00e9ltet, ezekhez pedig kellenek a vesz\u00e9lyes terepek.<\/strong><\/p>\n<p><!--more--><\/p>\n<p>Azonban nem minden hegyi t\u00fara egyform\u00e1n vesz\u00e9lyes. L\u00e9teznek kezd\u0151knek \u00e9s profiknak sz\u00e1nt \u00fatvonalak. \u00c9s ott vannak azok az utak, amiken meg\u0151sz\u00fclsz a f\u00e9lelemt\u0151l, mire a v\u00e9g\u00fckre \u00e9rsz. \u00cdme a vil\u00e1g n\u00e9gy legvesz\u00e9lyesebb hegyi montis \u00fatvonala, n\u00e9gy kontinensr\u0151l!<\/p>\n<h2><strong>Hal\u00e1l\u00fat, Bol\u00edvia<\/strong><\/h2>\n<p>Egy ilyen elb\u0171v\u00f6l\u0151 nev\u0171 helyen m\u00e1r sejtheted, hogy \u00e9leted legnagyobb kalandj\u00e1val \u00e1llsz szemben. Ez a bol\u00edviai \u00fatvonal val\u00f3j\u00e1ban egykor egy aut\u00f3\u00fat volt, amit a magas hal\u00e1loz\u00e1si ar\u00e1ny miatt hagytak mag\u00e1ra. \u00c9szaki Yungas \u00fatk\u00e9nt is ismert: egy rendk\u00edv\u00fcl keskeny hegyi \u00fatszakasz, ami La Pazt k\u00f6ti \u00f6ssze a Yungas r\u00e9gi\u00f3val. Az \u00fat kb. 65 km hossz\u00fa, \u00e9s 3657 m\u00e9tert s\u00fcllyed lefel\u00e9. A meredeks\u00e9ge ak\u00e1r 50%-os is lehet. Term\u00e9szetesen ez nem lenne olyan v\u00e9szes, ha az \u00fat nem lenne egy hegyoldalban, mind\u00f6ssze egy l\u00e9p\u00e9snyire egy 600 m\u00e9teres szakad\u00e9k felett futna, ami maga a hal\u00e1l.<\/p>\n<figure id=\"attachment_17553\" aria-describedby=\"caption-attachment-17553\" style=\"width: 1000px\" class=\"wp-caption alignnone\"><a href=\"https:\/\/d2p6e6u75xmxt8.cloudfront.net\/12\/2023\/06\/Death-Road-Bolivia-profimedia-0699929020.webp\"><img loading=\"lazy\" decoding=\"async\" class=\"size-full wp-image-17553\" src=\"https:\/\/d2p6e6u75xmxt8.cloudfront.net\/12\/2023\/06\/Death-Road-Bolivia-profimedia-0699929020.webp\" alt=\"Death Road in Bolivia\" width=\"1000\" height=\"666\" srcset=\"https:\/\/d2p6e6u75xmxt8.cloudfront.net\/12\/2023\/06\/Death-Road-Bolivia-profimedia-0699929020.webp 1000w, https:\/\/d2p6e6u75xmxt8.cloudfront.net\/12\/2023\/06\/Death-Road-Bolivia-profimedia-0699929020-300x200.webp 300w, https:\/\/d2p6e6u75xmxt8.cloudfront.net\/12\/2023\/06\/Death-Road-Bolivia-profimedia-0699929020-768x511.webp 768w, https:\/\/d2p6e6u75xmxt8.cloudfront.net\/12\/2023\/06\/Death-Road-Bolivia-profimedia-0699929020-400x266.webp 400w, https:\/\/d2p6e6u75xmxt8.cloudfront.net\/12\/2023\/06\/Death-Road-Bolivia-profimedia-0699929020-272x182.webp 272w\" sizes=\"auto, (max-width: 1000px) 100vw, 1000px\" \/><\/a><figcaption id=\"caption-attachment-17553\" class=\"wp-caption-text\"><em>Az \u00c9szaki Yungas \u00fat, amit Hal\u00e1l\u00fatnak is neveznek, az egyik legvesz\u00e9lyesebb \u00fatnak sz\u00e1m\u00edt a vil\u00e1gon.<\/em><\/figcaption><\/figure>\n<p>A m\u00f3ka kedv\u00e9\u00e9rt \u00e1lland\u00f3 f\u00f6ldcsuszaml\u00e1sok sz\u00ednes\u00edtik a helyzetet, az es\u0151s \u00e9vszakban pedig az \u00fat ment\u00e9n igazi v\u00edzes\u00e9ss\u00e9 v\u00e1lik a hegyoldal, ami m\u00e9g vesz\u00e9lyesebb\u00e9 teszi az eg\u00e9sz \u00e9lm\u00e9nyt. Voltak m\u00e1r olyan ker\u00e9kp\u00e1rosok, akik val\u00f3ban itt lelt\u00e9k a hal\u00e1lukat: 1998 \u00f3ta 18-an estek a szakasz \u00e1ldozat\u00e1ul.<\/p>\n<p>Mindezek ellen\u00e9re &#8211; mivel az \u00fatvonal aut\u00f3\u00fatnak \u00e9p\u00fclt -, ha nem vagy t\u00fal k\u00f6nnyelm\u0171 a sebess\u00e9ggel \u00e9s \u00f3vatosan man\u0151verezel, akkor eleny\u00e9sz\u0151 az es\u00e9ly egy hal\u00e1los balesetre. A kil\u00e1t\u00e1s \u00e9s a term\u00e9szeti sz\u00e9ps\u00e9gek pedig p\u00e1ratlanok.<\/p>\n<h2><strong>Az Old Smuggler\u2019s \u00fat, Kambodzsa<\/strong><\/h2>\n<p>Hogyan hagyn\u00e1nk ki ezt a gy\u00f6ny\u00f6r\u0171 \u00fatvonalat a list\u00e1nkb\u00f3l? Az Old Smuggler\u2019s, vagyis az \u00f6reg csemp\u00e9sz \u00fatja a kambodzsai Cardamom-hegys\u00e9gben tal\u00e1lhat\u00f3. A nev\u00e9t az\u00e9rt kapta, mert valaha t\u00e9nyleg csemp\u00e9sz\u00fatk\u00e9nt szolg\u00e1lt, amit Kambodzsa \u00e9s Thaif\u00f6ld k\u00f6z\u00f6tt haszn\u00e1ltak \u00e1rucikkek sz\u00e1ll\u00edt\u00e1s\u00e1ra.<\/p>\n<p>Az \u00fat egyed\u00fcl\u00e1ll\u00f3 \u00e9lm\u00e9nyt ny\u00fajt \u00e9s igazi kih\u00edv\u00e1st jelent a hegyiker\u00e9kp\u00e1rosok sz\u00e1m\u00e1ra, meredek lejt\u0151kkel, sz\u0171k \u00f6sv\u00e9nyekkel \u00e9s olyan technikai elemekkel, melyek magas szint\u0171 k\u00e9pess\u00e9geket \u00e9s tapasztalatot ig\u00e9nyelnek. A ker\u00e9kp\u00e1rosoknak szikl\u00e1s terepen, \u00e9les kanyarokban \u00e9s vesz\u00e9lyes szakad\u00e9kokban kell haladniuk, mik\u00f6zben \u00e1tkelnek a vadreg\u00e9nyes hegyvid\u00e9ki t\u00e1jon.<\/p>\n<p>A helyi \u00e1llatvil\u00e1g is vesz\u00e9lyes. K\u00fcl\u00f6nb\u00f6z\u0151 m\u00e9rges k\u00edgy\u00f3k \u00e9s p\u00f3kok otthona az \u0151serd\u0151. Pozit\u00edvum viszont, hogy megtekinthetsz n\u00e9h\u00e1ny egzotikus \u00e9s rendk\u00edv\u00fcl ritka n\u00f6v\u00e9nyt \u00e9s \u00e1llatot az \u00fat sor\u00e1n, amelyek t\u00f6bbs\u00e9ge nem fog megpr\u00f3b\u00e1lni meg\u00f6lni.<\/p>\n<p>Ha mindez nem hangzik el\u00e9g kalandosnak, m\u00e9g egy foly\u00f3n is \u00e1t kell kelned. Sajnos az es\u0151s \u00e9vszakban a foly\u00f3 t\u00fal vadul \u00e1ramlik ehhez, ilyenkor egy dr\u00f3tk\u00f6t\u00e9lp\u00e1ly\u00e1t haszn\u00e1lhatsz a ker\u00e9kp\u00e1roddal egy\u00fctt. Ezt az \u00e9lm\u00e9nyt biztosan sosem felejted el.<\/p>\n<h2><strong>Maritime-Alpok \u00fatvonal, Franciaorsz\u00e1g<\/strong><\/h2>\n<p>M\u00edg a Hal\u00e1l\u00fat aut\u00f3k sz\u00e1m\u00e1ra lett tervezve, \u00e9s csak ezut\u00e1n v\u00e1lt ismertt\u00e9 a hegyiker\u00e9kp\u00e1rosok k\u00f6z\u00f6tt, nem tudom elk\u00e9pzelni, hogy b\u00e1rkinek is lett volna r\u00e1 nyom\u00f3s \u00e9rve, hogy l\u00e9trehozza a Maritime-Alpok \u00fatvonalat. Ez a szakasz Franciaorsz\u00e1g d\u00e9lnyugati r\u00e9sz\u00e9n, az Alpokban tal\u00e1lhat\u00f3, \u00e9s m\u00e9g a t\u00far\u00e1z\u00f3k sz\u00e1m\u00e1ra is vesz\u00e9lyes egy keskeny, 1 m\u00e9ter sz\u00e9les \u00faton egyens\u00falyozni, nemhogy a ker\u00e9kp\u00e1rosoknak. Jobb oldalon magas szikl\u00e1k, bal oldalon m\u00e9ly szakad\u00e9k. Csak a legtapasztaltabb ker\u00e9kp\u00e1rosoknak \u00e9rdemes kipr\u00f3b\u00e1lni ezt az utat: ha lezuhansz, t\u00f6bb sz\u00e1z m\u00e9tert eselt. B\u0151ven lesz id\u0151d elgondolkodni, mit csin\u00e1lt\u00e1l rosszul, miel\u0151tt v\u00e9g\u00fcl f\u00f6ldet \u00e9rsz.<\/p>\n<p>Ezen az \u00fatvonalon a legkem\u00e9nyebb terepen kell egyens\u00falyoznod, cs\u00fasz\u00f3s k\u00f6vekkel \u00e9s \u00f3ri\u00e1si szikl\u00e1kkal, meredek lejt\u0151kkel \u00e9s n\u00e9h\u00e1ny nagyon d\u00fch\u00f6s kecsk\u00e9vel tark\u00edtva.<\/p>\n<p>B\u00e1rmelyik szakaszt is v\u00e1lasztod ebb\u0151l az \u00fath\u00e1l\u00f3zatb\u00f3l, gy\u0151z\u0151dj meg r\u00f3la, hogy el\u00e9g k\u00e9pzett vagy ahhoz, hogy v\u00e9gig is menj rajta. Ha egyszer elindulsz ezeken a &#8211;\u00a0 k\u00fcl\u00f6nben gy\u00f6ny\u00f6r\u0171 &#8211; utakon, nincs vissza\u00fat.<\/p>\n<h2><strong>Adventure Time Trail, D\u00e9l-Afrika<\/strong><\/h2>\n<p>Ne feledj\u00fck, hogy Afrika is k\u00edn\u00e1lhat vakmer\u0151 hegyiker\u00e9kp\u00e1ros \u00fatvonalakat, melyek biztosan kiel\u00e9g\u00edtik adrenlin-ig\u00e9nyeid. T\u00f6bb is szerepelhetne ezen a list\u00e1n, de a D\u00e9l-Afrika Western Cape r\u00e9gi\u00f3j\u00e1ban tal\u00e1lhat\u00f3 Adventure Time Trail k\u00e9ts\u00e9gk\u00edv\u00fcl a legvesz\u00e9lyesebb az \u00f6sszes k\u00f6z\u00fcl.<\/p>\n<p>Az \u00fatvonal a Jonkershoek Nature Reserve-ben kezd\u0151dik, majd vad hegyek k\u00f6z\u00f6tt kanyarogva izgalmas \u00e9lm\u00e9nyt ny\u00fajt a ker\u00e9kp\u00e1rosoknak. Singletrack, jeep track \u00e9s szikl\u00e1s terep kever\u00e9ke, meredek lejt\u0151kkel, \u00e9les kanyarokkal \u00e9s technik\u00e1s szakaszokkal, amelyek magas szint\u0171 k\u00e9pess\u00e9geket \u00e9s tapasztalatot ig\u00e9nyelnek. Az Adventure Time Trail h\u00edres a leny\u0171g\u00f6z\u0151 kil\u00e1t\u00e1sair\u00f3l is, hiszen a ker\u00e9kp\u00e1rosok panor\u00e1m\u00e1s l\u00e1tv\u00e1nyban r\u00e9szes\u00fclnek a k\u00f6rnyez\u0151 hegyekr\u0151l, v\u00f6lgyekr\u0151l \u00e9s sz\u0151l\u0151skertekr\u0151l.<\/p>\n<p>A r\u00e9gi\u00f3 sokf\u00e9le vad\u00e1llatnak ad otthont, k\u00f6zt\u00fck sasoknak, k\u00edgy\u00f3knak \u00e9s p\u00e1vafej\u0171 majmoknak. Ha valaha tal\u00e1lkozt\u00e1l egy majommal az \u00e1llatkerten k\u00edv\u00fcl, tudod, mi\u00e9rt szeretik az emberek megtartani t\u0151l\u00fck a t\u00e1vols\u00e1got. Sokszor agressz\u00edvak \u00e9s teljesen \u0151r\u00fcltek.<\/p>\n<h2><strong>A legfontosabb, hogy holnap is tekerhess<\/strong><\/h2>\n<p>Ez a 4 \u00fatvonal k\u00e9ts\u00e9gtelen\u00fcl igazi kih\u00edv\u00e1st jelent, \u00e9s ha nem vagy erre felk\u00e9sz\u00fclve, ne indulj el rajtuk! Nem kell senkinek semmit bizony\u00edtanod. A biztons\u00e1g mindig az els\u0151, sz\u00f3val ne kock\u00e1ztasd az eg\u00e9szs\u00e9gedet \u00e9s a ker\u00e9kp\u00e1rodat ok n\u00e9lk\u00fcl!<\/p>\n","protected":false},"excerpt":{"rendered":"<p>Hallott\u00e1l m\u00e1r olyan hegyiker\u00e9kp\u00e1rosr\u00f3l, aki az\u00e9rt v\u00e1lasztott egy \u00fatvonalat, mert az biztons\u00e1gos \u00e9s esem\u00e9nymentes? Nem, mi sem. A c\u00e9l az, [&hellip;]<\/p>\n","protected":false},"author":71,"featured_media":17555,"comment_status":"open","ping_status":"open","sticky":false,"template":"","format":"standard","meta":{"footnotes":""},"categories":[7],"tags":[],"global-categories":[],"class_list":["post-17552","post","type-post","status-publish","format-standard","has-post-thumbnail","hentry","category-trekking-mtb"],"yoast_head":"<!-- This site is optimized with the Yoast SEO Premium plugin v25.3 (Yoast SEO v25.9) - https:\/\/yoast.com\/wordpress\/plugins\/seo\/ -->\n<title>A vil\u00e1g 4 legvesz\u00e9lyesebb hegyi ker\u00e9kp\u00e1r\u00fatja<\/title>\n<meta name=\"description\" content=\"Hallott\u00e1l m\u00e1r olyan hegyiker\u00e9kp\u00e1rosr\u00f3l, aki az\u00e9rt v\u00e1lasztott egy \u00fatvonalat, mert az biztons\u00e1gos \u00e9s esem\u00e9nymentes? Nem, mi sem. A c\u00e9l az, hogy olyan lejt\u0151k\u00f6n sz\u00e1guldj, amiket m\u00e9g a hegyi kecsk\u00e9k is t\u00fal meredeknek tartanak, nem pedig az, hogy vigy\u00e1zz magadra. Az adrenalin, a rep\u00fcl\u00e9s \u00e9s a f\u00e9lelmeid legy\u0151z\u00e9se \u00e9ltet, ezekhez pedig kellenek a vesz\u00e9lyes terepek.\" \/>\n<meta name=\"robots\" content=\"index, follow, max-snippet:-1, max-image-preview:large, max-video-preview:-1\" \/>\n<link rel=\"canonical\" href=\"https:\/\/www.welovecycling.com\/hu\/trekking-mtb\/a-vilag-4-legveszelyesebb-hegyi-kerekparutja\/\" \/>\n<meta property=\"og:locale\" content=\"hu_HU\" \/>\n<meta property=\"og:type\" content=\"article\" \/>\n<meta property=\"og:title\" content=\"A vil\u00e1g 4 legvesz\u00e9lyesebb hegyi ker\u00e9kp\u00e1r\u00fatja\" \/>\n<meta property=\"og:description\" content=\"Hallott\u00e1l m\u00e1r olyan hegyiker\u00e9kp\u00e1rosr\u00f3l, aki az\u00e9rt v\u00e1lasztott egy \u00fatvonalat, mert az biztons\u00e1gos \u00e9s esem\u00e9nymentes? Nem, mi sem. A c\u00e9l az, hogy olyan lejt\u0151k\u00f6n sz\u00e1guldj, amiket m\u00e9g a hegyi kecsk\u00e9k is t\u00fal meredeknek tartanak, nem pedig az, hogy vigy\u00e1zz magadra. Az adrenalin, a rep\u00fcl\u00e9s \u00e9s a f\u00e9lelmeid legy\u0151z\u00e9se \u00e9ltet, ezekhez pedig kellenek a vesz\u00e9lyes terepek.\" \/>\n<meta property=\"og:url\" content=\"https:\/\/www.welovecycling.com\/hu\/trekking-mtb\/a-vilag-4-legveszelyesebb-hegyi-kerekparutja\/\" \/>\n<meta property=\"og:site_name\" content=\"\u0160koda We Love Cycling - Magyarorsz\u00e1g\" \/>\n<meta property=\"article:publisher\" content=\"https:\/\/www.facebook.com\/WeLoveCyclingHungary\/\" \/>\n<meta property=\"article:published_time\" content=\"2023-06-26T06:00:13+00:00\" \/>\n<meta property=\"og:image\" content=\"https:\/\/d2p6e6u75xmxt8.cloudfront.net\/12\/2023\/06\/White-Trail-Arizona-profimedia-0306426686-CVR.webp\" \/>\n\t<meta property=\"og:image:width\" content=\"990\" \/>\n\t<meta property=\"og:image:height\" content=\"660\" \/>\n\t<meta property=\"og:image:type\" content=\"image\/webp\" \/>\n<meta name=\"author\" content=\"hegyizs\" \/>\n<meta name=\"twitter:card\" content=\"summary_large_image\" \/>\n<meta name=\"twitter:label1\" content=\"Written by\" \/>\n\t<meta name=\"twitter:data1\" content=\"Martin Atanasov\" \/>\n\t<meta name=\"twitter:label2\" content=\"Est. reading time\" \/>\n\t<meta name=\"twitter:data2\" content=\"5\" \/>\n<script type=\"application\/ld+json\" class=\"yoast-schema-graph\">{\"@context\":\"https:\/\/schema.org\",\"@graph\":[{\"@type\":\"WebPage\",\"@id\":\"https:\/\/www.welovecycling.com\/hu\/trekking-mtb\/a-vilag-4-legveszelyesebb-hegyi-kerekparutja\/\",\"url\":\"https:\/\/www.welovecycling.com\/hu\/trekking-mtb\/a-vilag-4-legveszelyesebb-hegyi-kerekparutja\/\",\"name\":\"A vil\u00e1g 4 legvesz\u00e9lyesebb hegyi ker\u00e9kp\u00e1r\u00fatja\",\"isPartOf\":{\"@id\":\"https:\/\/www.welovecycling.com\/hu\/#website\"},\"primaryImageOfPage\":{\"@id\":\"https:\/\/www.welovecycling.com\/hu\/trekking-mtb\/a-vilag-4-legveszelyesebb-hegyi-kerekparutja\/#primaryimage\"},\"image\":{\"@id\":\"https:\/\/www.welovecycling.com\/hu\/trekking-mtb\/a-vilag-4-legveszelyesebb-hegyi-kerekparutja\/#primaryimage\"},\"thumbnailUrl\":\"https:\/\/d2p6e6u75xmxt8.cloudfront.net\/12\/2023\/06\/White-Trail-Arizona-profimedia-0306426686-CVR.webp\",\"datePublished\":\"2023-06-26T06:00:13+00:00\",\"author\":{\"@id\":\"https:\/\/www.welovecycling.com\/hu\/#\/schema\/person\/414a2aebf1801691a5320edb6468e194\"},\"description\":\"Hallott\u00e1l m\u00e1r olyan hegyiker\u00e9kp\u00e1rosr\u00f3l, aki az\u00e9rt v\u00e1lasztott egy \u00fatvonalat, mert az biztons\u00e1gos \u00e9s esem\u00e9nymentes? Nem, mi sem. A c\u00e9l az, hogy olyan lejt\u0151k\u00f6n sz\u00e1guldj, amiket m\u00e9g a hegyi kecsk\u00e9k is t\u00fal meredeknek tartanak, nem pedig az, hogy vigy\u00e1zz magadra. Az adrenalin, a rep\u00fcl\u00e9s \u00e9s a f\u00e9lelmeid legy\u0151z\u00e9se \u00e9ltet, ezekhez pedig kellenek a vesz\u00e9lyes terepek.\",\"breadcrumb\":{\"@id\":\"https:\/\/www.welovecycling.com\/hu\/trekking-mtb\/a-vilag-4-legveszelyesebb-hegyi-kerekparutja\/#breadcrumb\"},\"inLanguage\":\"hu\",\"potentialAction\":[{\"@type\":\"ReadAction\",\"target\":[\"https:\/\/www.welovecycling.com\/hu\/trekking-mtb\/a-vilag-4-legveszelyesebb-hegyi-kerekparutja\/\"]}]},{\"@type\":\"ImageObject\",\"inLanguage\":\"hu\",\"@id\":\"https:\/\/www.welovecycling.com\/hu\/trekking-mtb\/a-vilag-4-legveszelyesebb-hegyi-kerekparutja\/#primaryimage\",\"url\":\"https:\/\/d2p6e6u75xmxt8.cloudfront.net\/12\/2023\/06\/White-Trail-Arizona-profimedia-0306426686-CVR.webp\",\"contentUrl\":\"https:\/\/d2p6e6u75xmxt8.cloudfront.net\/12\/2023\/06\/White-Trail-Arizona-profimedia-0306426686-CVR.webp\",\"width\":990,\"height\":660,\"caption\":\"The White Trail Arizona\"},{\"@type\":\"BreadcrumbList\",\"@id\":\"https:\/\/www.welovecycling.com\/hu\/trekking-mtb\/a-vilag-4-legveszelyesebb-hegyi-kerekparutja\/#breadcrumb\",\"itemListElement\":[{\"@type\":\"ListItem\",\"position\":1,\"name\":\"Home\",\"item\":\"https:\/\/www.welovecycling.com\/hu\/\"},{\"@type\":\"ListItem\",\"position\":2,\"name\":\"A vil\u00e1g 4 legvesz\u00e9lyesebb hegyi ker\u00e9kp\u00e1r\u00fatja\"}]},{\"@type\":\"WebSite\",\"@id\":\"https:\/\/www.welovecycling.com\/hu\/#website\",\"url\":\"https:\/\/www.welovecycling.com\/hu\/\",\"name\":\"\u0160koda We Love Cycling - Magyarorsz\u00e1g\",\"description\":\"\u0160koda WeLoveCycling\",\"potentialAction\":[{\"@type\":\"SearchAction\",\"target\":{\"@type\":\"EntryPoint\",\"urlTemplate\":\"https:\/\/www.welovecycling.com\/hu\/?s={search_term_string}\"},\"query-input\":{\"@type\":\"PropertyValueSpecification\",\"valueRequired\":true,\"valueName\":\"search_term_string\"}}],\"inLanguage\":\"hu\"},{\"@type\":\"Person\",\"@id\":\"https:\/\/www.welovecycling.com\/hu\/#\/schema\/person\/414a2aebf1801691a5320edb6468e194\",\"name\":\"hegyizs\",\"image\":{\"@type\":\"ImageObject\",\"inLanguage\":\"hu\",\"@id\":\"https:\/\/www.welovecycling.com\/hu\/#\/schema\/person\/image\/\",\"url\":\"https:\/\/secure.gravatar.com\/avatar\/02cf8a7906b8cf90cecb4679defac7cfd33a1c2e3b88e4903d947f3bb58eedd3?s=96&d=mm&r=g\",\"contentUrl\":\"https:\/\/secure.gravatar.com\/avatar\/02cf8a7906b8cf90cecb4679defac7cfd33a1c2e3b88e4903d947f3bb58eedd3?s=96&d=mm&r=g\",\"caption\":\"hegyizs\"},\"url\":\"https:\/\/www.welovecycling.com\/hu\/author\/hegyizs\/\"}]}<\/script>\n<!-- \/ Yoast SEO Premium plugin. -->","yoast_head_json":{"title":"A vil\u00e1g 4 legvesz\u00e9lyesebb hegyi ker\u00e9kp\u00e1r\u00fatja","description":"Hallott\u00e1l m\u00e1r olyan hegyiker\u00e9kp\u00e1rosr\u00f3l, aki az\u00e9rt v\u00e1lasztott egy \u00fatvonalat, mert az biztons\u00e1gos \u00e9s esem\u00e9nymentes? Nem, mi sem. A c\u00e9l az, hogy olyan lejt\u0151k\u00f6n sz\u00e1guldj, amiket m\u00e9g a hegyi kecsk\u00e9k is t\u00fal meredeknek tartanak, nem pedig az, hogy vigy\u00e1zz magadra. Az adrenalin, a rep\u00fcl\u00e9s \u00e9s a f\u00e9lelmeid legy\u0151z\u00e9se \u00e9ltet, ezekhez pedig kellenek a vesz\u00e9lyes terepek.","robots":{"index":"index","follow":"follow","max-snippet":"max-snippet:-1","max-image-preview":"max-image-preview:large","max-video-preview":"max-video-preview:-1"},"canonical":"https:\/\/www.welovecycling.com\/hu\/trekking-mtb\/a-vilag-4-legveszelyesebb-hegyi-kerekparutja\/","og_locale":"hu_HU","og_type":"article","og_title":"A vil\u00e1g 4 legvesz\u00e9lyesebb hegyi ker\u00e9kp\u00e1r\u00fatja","og_description":"Hallott\u00e1l m\u00e1r olyan hegyiker\u00e9kp\u00e1rosr\u00f3l, aki az\u00e9rt v\u00e1lasztott egy \u00fatvonalat, mert az biztons\u00e1gos \u00e9s esem\u00e9nymentes? Nem, mi sem. A c\u00e9l az, hogy olyan lejt\u0151k\u00f6n sz\u00e1guldj, amiket m\u00e9g a hegyi kecsk\u00e9k is t\u00fal meredeknek tartanak, nem pedig az, hogy vigy\u00e1zz magadra. Az adrenalin, a rep\u00fcl\u00e9s \u00e9s a f\u00e9lelmeid legy\u0151z\u00e9se \u00e9ltet, ezekhez pedig kellenek a vesz\u00e9lyes terepek.","og_url":"https:\/\/www.welovecycling.com\/hu\/trekking-mtb\/a-vilag-4-legveszelyesebb-hegyi-kerekparutja\/","og_site_name":"\u0160koda We Love Cycling - Magyarorsz\u00e1g","article_publisher":"https:\/\/www.facebook.com\/WeLoveCyclingHungary\/","article_published_time":"2023-06-26T06:00:13+00:00","og_image":[{"width":990,"height":660,"url":"https:\/\/d2p6e6u75xmxt8.cloudfront.net\/12\/2023\/06\/White-Trail-Arizona-profimedia-0306426686-CVR.webp","type":"image\/webp"}],"author":"hegyizs","twitter_card":"summary_large_image","twitter_misc":{"Written by":"Martin Atanasov","Est. reading time":"5"},"schema":{"@context":"https:\/\/schema.org","@graph":[{"@type":"WebPage","@id":"https:\/\/www.welovecycling.com\/hu\/trekking-mtb\/a-vilag-4-legveszelyesebb-hegyi-kerekparutja\/","url":"https:\/\/www.welovecycling.com\/hu\/trekking-mtb\/a-vilag-4-legveszelyesebb-hegyi-kerekparutja\/","name":"A vil\u00e1g 4 legvesz\u00e9lyesebb hegyi ker\u00e9kp\u00e1r\u00fatja","isPartOf":{"@id":"https:\/\/www.welovecycling.com\/hu\/#website"},"primaryImageOfPage":{"@id":"https:\/\/www.welovecycling.com\/hu\/trekking-mtb\/a-vilag-4-legveszelyesebb-hegyi-kerekparutja\/#primaryimage"},"image":{"@id":"https:\/\/www.welovecycling.com\/hu\/trekking-mtb\/a-vilag-4-legveszelyesebb-hegyi-kerekparutja\/#primaryimage"},"thumbnailUrl":"https:\/\/d2p6e6u75xmxt8.cloudfront.net\/12\/2023\/06\/White-Trail-Arizona-profimedia-0306426686-CVR.webp","datePublished":"2023-06-26T06:00:13+00:00","author":{"@id":"https:\/\/www.welovecycling.com\/hu\/#\/schema\/person\/414a2aebf1801691a5320edb6468e194"},"description":"Hallott\u00e1l m\u00e1r olyan hegyiker\u00e9kp\u00e1rosr\u00f3l, aki az\u00e9rt v\u00e1lasztott egy \u00fatvonalat, mert az biztons\u00e1gos \u00e9s esem\u00e9nymentes? Nem, mi sem. A c\u00e9l az, hogy olyan lejt\u0151k\u00f6n sz\u00e1guldj, amiket m\u00e9g a hegyi kecsk\u00e9k is t\u00fal meredeknek tartanak, nem pedig az, hogy vigy\u00e1zz magadra. Az adrenalin, a rep\u00fcl\u00e9s \u00e9s a f\u00e9lelmeid legy\u0151z\u00e9se \u00e9ltet, ezekhez pedig kellenek a vesz\u00e9lyes terepek.","breadcrumb":{"@id":"https:\/\/www.welovecycling.com\/hu\/trekking-mtb\/a-vilag-4-legveszelyesebb-hegyi-kerekparutja\/#breadcrumb"},"inLanguage":"hu","potentialAction":[{"@type":"ReadAction","target":["https:\/\/www.welovecycling.com\/hu\/trekking-mtb\/a-vilag-4-legveszelyesebb-hegyi-kerekparutja\/"]}]},{"@type":"ImageObject","inLanguage":"hu","@id":"https:\/\/www.welovecycling.com\/hu\/trekking-mtb\/a-vilag-4-legveszelyesebb-hegyi-kerekparutja\/#primaryimage","url":"https:\/\/d2p6e6u75xmxt8.cloudfront.net\/12\/2023\/06\/White-Trail-Arizona-profimedia-0306426686-CVR.webp","contentUrl":"https:\/\/d2p6e6u75xmxt8.cloudfront.net\/12\/2023\/06\/White-Trail-Arizona-profimedia-0306426686-CVR.webp","width":990,"height":660,"caption":"The White Trail Arizona"},{"@type":"BreadcrumbList","@id":"https:\/\/www.welovecycling.com\/hu\/trekking-mtb\/a-vilag-4-legveszelyesebb-hegyi-kerekparutja\/#breadcrumb","itemListElement":[{"@type":"ListItem","position":1,"name":"Home","item":"https:\/\/www.welovecycling.com\/hu\/"},{"@type":"ListItem","position":2,"name":"A vil\u00e1g 4 legvesz\u00e9lyesebb hegyi ker\u00e9kp\u00e1r\u00fatja"}]},{"@type":"WebSite","@id":"https:\/\/www.welovecycling.com\/hu\/#website","url":"https:\/\/www.welovecycling.com\/hu\/","name":"\u0160koda We Love Cycling - Magyarorsz\u00e1g","description":"\u0160koda WeLoveCycling","potentialAction":[{"@type":"SearchAction","target":{"@type":"EntryPoint","urlTemplate":"https:\/\/www.welovecycling.com\/hu\/?s={search_term_string}"},"query-input":{"@type":"PropertyValueSpecification","valueRequired":true,"valueName":"search_term_string"}}],"inLanguage":"hu"},{"@type":"Person","@id":"https:\/\/www.welovecycling.com\/hu\/#\/schema\/person\/414a2aebf1801691a5320edb6468e194","name":"hegyizs","image":{"@type":"ImageObject","inLanguage":"hu","@id":"https:\/\/www.welovecycling.com\/hu\/#\/schema\/person\/image\/","url":"https:\/\/secure.gravatar.com\/avatar\/02cf8a7906b8cf90cecb4679defac7cfd33a1c2e3b88e4903d947f3bb58eedd3?s=96&d=mm&r=g","contentUrl":"https:\/\/secure.gravatar.com\/avatar\/02cf8a7906b8cf90cecb4679defac7cfd33a1c2e3b88e4903d947f3bb58eedd3?s=96&d=mm&r=g","caption":"hegyizs"},"url":"https:\/\/www.welovecycling.com\/hu\/author\/hegyizs\/"}]}},"_links":{"self":[{"href":"https:\/\/www.welovecycling.com\/hu\/wp-json\/wp\/v2\/posts\/17552","targetHints":{"allow":["GET"]}}],"collection":[{"href":"https:\/\/www.welovecycling.com\/hu\/wp-json\/wp\/v2\/posts"}],"about":[{"href":"https:\/\/www.welovecycling.com\/hu\/wp-json\/wp\/v2\/types\/post"}],"author":[{"embeddable":true,"href":"https:\/\/www.welovecycling.com\/hu\/wp-json\/wp\/v2\/users\/71"}],"replies":[{"embeddable":true,"href":"https:\/\/www.welovecycling.com\/hu\/wp-json\/wp\/v2\/comments?post=17552"}],"version-history":[{"count":2,"href":"https:\/\/www.welovecycling.com\/hu\/wp-json\/wp\/v2\/posts\/17552\/revisions"}],"predecessor-version":[{"id":17556,"href":"https:\/\/www.welovecycling.com\/hu\/wp-json\/wp\/v2\/posts\/17552\/revisions\/17556"}],"wp:featuredmedia":[{"embeddable":true,"href":"https:\/\/www.welovecycling.com\/hu\/wp-json\/wp\/v2\/media\/17555"}],"wp:attachment":[{"href":"https:\/\/www.welovecycling.com\/hu\/wp-json\/wp\/v2\/media?parent=17552"}],"wp:term":[{"taxonomy":"category","embeddable":true,"href":"https:\/\/www.welovecycling.com\/hu\/wp-json\/wp\/v2\/categories?post=17552"},{"taxonomy":"post_tag","embeddable":true,"href":"https:\/\/www.welovecycling.com\/hu\/wp-json\/wp\/v2\/tags?post=17552"},{"taxonomy":"global-categories","embeddable":true,"href":"https:\/\/www.welovecycling.com\/hu\/wp-json\/wp\/v2\/global-categories?post=17552"}],"curies":[{"name":"wp","href":"https:\/\/api.w.org\/{rel}","templated":true}]}}