{"id":17546,"date":"2023-06-21T12:34:22","date_gmt":"2023-06-21T10:34:22","guid":{"rendered":"https:\/\/www.welovecycling.com\/hu\/?p=17546"},"modified":"2023-06-21T12:34:22","modified_gmt":"2023-06-21T10:34:22","slug":"a-valter-parade-utan-itt-a-legujabb-vas-parade","status":"publish","type":"post","link":"https:\/\/www.welovecycling.com\/hu\/orszaguti-kerekpar\/a-valter-parade-utan-itt-a-legujabb-vas-parade\/","title":{"rendered":"A Valter-par\u00e1d\u00e9 ut\u00e1n itt a leg\u00fajabb Vas-par\u00e1d\u00e9!"},"content":{"rendered":"<p><b>Kellemes magyar bring\u00e1shetek a ny\u00e1ri k\u00e1nikul\u00e1ban: <\/b><a href=\"https:\/\/www.welovecycling.com\/hu\/orszaguti-kerekpar\/valter-attila-ezert-valasztottam-a-vilag-legerosebb-csapatat\/\"><b>Valter Attila Crit\u00e9rium-remekl\u00e9se<\/b><\/a><b> ut\u00e1n Vas Blanka is megfutotta eddigi legnagyszer\u0171bb orsz\u00e1g\u00fati verseny\u00e9t.<\/b><\/p>\n<p><!--more--><\/p>\n<p><span style=\"font-weight: 400;\">Ha a Jumbo-Visma magyar klasszis\u00e1r\u00f3l el\u0151szeretettel elmondjuk, hogy napjaink legjobb f\u00e9rficsapat\u00e1ban teker, akkor eg\u00e9szen nyugodtan megtehetj\u00fck ezt ifj\u00fa n\u0151i k\u00f6z\u00f6ns\u00e9gkedvenc\u00fcnkkel \u00e9s az SD Worx-szel is. A kedden v\u00e9get \u00e9rt Sv\u00e1jci K\u00f6rverseny ennek \u00fajabb \u00e9kes p\u00e9ld\u00e1j\u00e1t szolg\u00e1ltatta a holland szt\u00e1rist\u00e1ll\u00f3 l\u00e1tv\u00e1nyos dominanci\u00e1j\u00e1val. De kezdj\u00fck a legfontosabbal: Blanka r\u00f6gt\u00f6n nyit\u00e1sk\u00e9nt t\u00f6rt\u00e9nelmet \u00edrt, hiszen a szombati els\u0151 szakaszon a mez\u0151nyhajr\u00e1 sor\u00e1n fantasztikus gy\u0151zelmet aratott, ezzel egyr\u00e9szt megszerezte profi orsz\u00e1g\u00fati karrierje, valamint a magyar n\u0151i ker\u00e9kp\u00e1roz\u00e1s els\u0151 WorldTour-siker\u00e9t, m\u00e1sr\u00e9szt mag\u00e1ra \u00f6lthette az \u00f6sszetett \u00e9llovast illet\u0151 s\u00e1rga trik\u00f3t is \u2013 nem mellesleg a gyorsas\u00e1gi pontversenyt is az \u00e9lr\u0151l kezdhette meg a m\u00e1sodik napon!<\/span><a href=\"https:\/\/d2p6e6u75xmxt8.cloudfront.net\/12\/2023\/06\/gettyimages-1499251188.1600x0.webp\"><img loading=\"lazy\" decoding=\"async\" class=\"alignnone size-full wp-image-17547\" src=\"https:\/\/d2p6e6u75xmxt8.cloudfront.net\/12\/2023\/06\/gettyimages-1499251188.1600x0.webp\" alt=\"\" width=\"1600\" height=\"1066\" srcset=\"https:\/\/d2p6e6u75xmxt8.cloudfront.net\/12\/2023\/06\/gettyimages-1499251188.1600x0.webp 1600w, https:\/\/d2p6e6u75xmxt8.cloudfront.net\/12\/2023\/06\/gettyimages-1499251188.1600x0-300x200.webp 300w, https:\/\/d2p6e6u75xmxt8.cloudfront.net\/12\/2023\/06\/gettyimages-1499251188.1600x0-1024x682.webp 1024w, https:\/\/d2p6e6u75xmxt8.cloudfront.net\/12\/2023\/06\/gettyimages-1499251188.1600x0-768x512.webp 768w, https:\/\/d2p6e6u75xmxt8.cloudfront.net\/12\/2023\/06\/gettyimages-1499251188.1600x0-1536x1023.webp 1536w, https:\/\/d2p6e6u75xmxt8.cloudfront.net\/12\/2023\/06\/gettyimages-1499251188.1600x0-400x267.webp 400w, https:\/\/d2p6e6u75xmxt8.cloudfront.net\/12\/2023\/06\/gettyimages-1499251188.1600x0-272x182.webp 272w\" sizes=\"auto, (max-width: 1600px) 100vw, 1600px\" \/><\/a><\/p>\n<p><span style=\"font-weight: 400;\">B\u00e1r ott azt\u00e1n a s\u00e1rg\u00e1t \u00e1tadta tulajdon csapatt\u00e1rs\u00e1nak, az aznapi etapgy\u0151ztes Marlen Reussernek, a harmadik szakaszon megint nagyot alak\u00edtott, hiszen a sprintbefut\u00f3 sor\u00e1n a negyedik helyen \u00e9rt be, \u00e9s a sz\u00f6k\u00e9sbe beker\u00fclve is sz\u00e9pen gy\u0171jt\u00f6gette a pontokat, \u00edgy visszaszerezte a pontverseny els\u0151 hely\u00e9t, vagyis a s\u00e1rga ut\u00e1n egy m\u00e1sik trik\u00f3t, a feket\u00e9t is mag\u00e1ra \u00f6lthette a versenyen. A sors fintora, hogy v\u00e9g\u00fcl egyetlen ponttal maradt le arr\u00f3l, hogy ezt haza is vihesse: az utols\u00f3 etapon harmadikk\u00e9nt be\u00e9r\u0151 Reusser ennyivel el\u0151zte meg ugyanis a pontverseny v\u00e9gelsz\u00e1mol\u00e1s\u00e1n\u00e1l. A sv\u00e1jci klasszis mindent vitt, hazai k\u00f6z\u00f6ns\u00e9g el\u0151tt nyerte meg az \u00f6sszetettet \u00e9s a pontversenyt, Blank\u00e1\u00e9k csapata, az SD Worx egyeduralm\u00e1ra pedig jellemz\u0151, hogy emellett a legjobb fiatal versenyz\u0151 is t\u0151l\u00fck ker\u00fclt ki az \u00faj-z\u00e9landi Niamh Fisher-Black szem\u00e9ly\u00e9ben, \u00e9s a csapatversenyt is toronymagasan, majdnem t\u00edzperces el\u0151nnyel h\u00fazt\u00e1k be. Blanka v\u00e9g\u00fcl \u00e9pphogy kics\u00faszott az \u00f6sszetett top 30-b\u00f3l, de ez \u00edgy is egy k\u00f6zel t\u00f6k\u00e9letes verseny volt t\u0151le, \u00e9s ami tal\u00e1n m\u00e9g enn\u00e9l is fontosabb, tov\u00e1bbra is tiszt\u00e1n l\u00e1tszik, hogy mind\u00f6ssze 21 \u00e9vesen \u00f3ri\u00e1si potenci\u00e1l lakozik benne, amit egyre ink\u00e1bb ki is hoz mag\u00e1b\u00f3l hihetetlen sokoldal\u00fas\u00e1g\u00e1val: szt\u00e1rcsapat\u00e1n\u00e1l is napr\u00f3l napra jobban b\u00edznak benne, \u00e9s b\u00e1r eddig jobb\u00e1ra \u0151 volt seg\u00edt\u0151, most p\u00e9ld\u00e1ul az els\u0151 napon a SD Worx legnagyobb klasszisai is az \u0151 gy\u0151zelm\u00e9\u00e9rt dolgoztak, \u00e9ss \u00f6r\u00fcltek \u00f6nfeledten a k\u00f6z\u00f6s siker ut\u00e1n.<\/span><\/p>\n<p><a href=\"https:\/\/d2p6e6u75xmxt8.cloudfront.net\/12\/2023\/06\/gettyimages-1499249588.1600x0.webp\"><img loading=\"lazy\" decoding=\"async\" class=\"alignnone size-full wp-image-17550\" src=\"https:\/\/d2p6e6u75xmxt8.cloudfront.net\/12\/2023\/06\/gettyimages-1499249588.1600x0.webp\" alt=\"\" width=\"1600\" height=\"1067\" srcset=\"https:\/\/d2p6e6u75xmxt8.cloudfront.net\/12\/2023\/06\/gettyimages-1499249588.1600x0.webp 1600w, https:\/\/d2p6e6u75xmxt8.cloudfront.net\/12\/2023\/06\/gettyimages-1499249588.1600x0-300x200.webp 300w, https:\/\/d2p6e6u75xmxt8.cloudfront.net\/12\/2023\/06\/gettyimages-1499249588.1600x0-1024x683.webp 1024w, https:\/\/d2p6e6u75xmxt8.cloudfront.net\/12\/2023\/06\/gettyimages-1499249588.1600x0-768x512.webp 768w, https:\/\/d2p6e6u75xmxt8.cloudfront.net\/12\/2023\/06\/gettyimages-1499249588.1600x0-1536x1024.webp 1536w, https:\/\/d2p6e6u75xmxt8.cloudfront.net\/12\/2023\/06\/gettyimages-1499249588.1600x0-400x267.webp 400w, https:\/\/d2p6e6u75xmxt8.cloudfront.net\/12\/2023\/06\/gettyimages-1499249588.1600x0-272x182.webp 272w\" sizes=\"auto, (max-width: 1600px) 100vw, 1600px\" \/><\/a><\/p>\n<p><i><span style=\"font-weight: 400;\">\u201eNagyon boldog vagyok, ez igazi csapatmunka volt!\u201d<\/span><\/i><span style=\"font-weight: 400;\"> \u2013 nyilatkozta a csapathonlapnak Blanka a gy\u0151zelem ut\u00e1n. \u2013 <\/span><i><span style=\"font-weight: 400;\">\u201cA c\u00e9lhoz\u00a0 egy kisebb csoporttal \u00e9rkezt\u00fcnk, amelyben Demi Vollering \u00e9s Marlen Reusser is ott volt. \u00dagy d\u00f6nt\u00f6ttek, hogy telibe hajtanak el\u0151ttem a sprintben. Ez volt a terv. N\u00e9lk\u00fcl\u00fck soha nem tudtam volna itt nyerni. Ilyen r\u00f6videbb \u00faton tal\u00e1n \u00e9n vagyok a leggyorsabb. A rajt, a sprintem els\u0151 m\u00e9terei j\u00f3k. Teljes m\u00e9rt\u00e9kben b\u00edztam Marlen felvezet\u00e9s\u00e9ben, ami lehet\u0151v\u00e9 tette, hogy el\u00e9g k\u00e9s\u0151n kezdjem meg a sprintemet. Amikor olyan \u00e9lversenyz\u0151k, mint Demi \u00e9s Marlen jelzik a c\u00e9ln\u00e1l, hogy nekem szeretn\u00e9nek vezetni, az nagy \u00f6nbizalmat ad. Boldog vagyok, hogy minden csapatt\u00e1rsam munk\u00e1j\u00e1t befejezhettem! Kicsit furcsa \u00e9rz\u00e9s, hogy rajtam van most a s\u00e1rga trik\u00f3 \u2013 soha nem viseltem m\u00e9g \u00e9llovasnak j\u00e1r\u00f3 megk\u00fcl\u00f6nb\u00f6ztet\u0151 trik\u00f3t\u2026\u201d<\/span><\/i><\/p>\n<p><span style=\"font-weight: 400;\">A f\u0151pr\u00f3ba teh\u00e1t t\u00f6bb mint kiv\u00e1l\u00f3an siker\u00fclt, k\u00f6vetkezhet v\u00e9gre az \u00e9v egyik f\u0151 versenye, a j\u00f6v\u0151 p\u00e9nteken rajtol\u00f3 n\u0151i Giro, azaz a Giro d\u2019Italia Donne!<\/span><\/p>\n<p><a href=\"https:\/\/d2p6e6u75xmxt8.cloudfront.net\/12\/2023\/06\/gettyimages-1499249460.1600x0.webp\"><img loading=\"lazy\" decoding=\"async\" class=\"alignnone size-full wp-image-17548\" src=\"https:\/\/d2p6e6u75xmxt8.cloudfront.net\/12\/2023\/06\/gettyimages-1499249460.1600x0.webp\" alt=\"\" width=\"1600\" height=\"1067\" srcset=\"https:\/\/d2p6e6u75xmxt8.cloudfront.net\/12\/2023\/06\/gettyimages-1499249460.1600x0.webp 1600w, https:\/\/d2p6e6u75xmxt8.cloudfront.net\/12\/2023\/06\/gettyimages-1499249460.1600x0-300x200.webp 300w, https:\/\/d2p6e6u75xmxt8.cloudfront.net\/12\/2023\/06\/gettyimages-1499249460.1600x0-1024x683.webp 1024w, https:\/\/d2p6e6u75xmxt8.cloudfront.net\/12\/2023\/06\/gettyimages-1499249460.1600x0-768x512.webp 768w, https:\/\/d2p6e6u75xmxt8.cloudfront.net\/12\/2023\/06\/gettyimages-1499249460.1600x0-1536x1024.webp 1536w, https:\/\/d2p6e6u75xmxt8.cloudfront.net\/12\/2023\/06\/gettyimages-1499249460.1600x0-400x267.webp 400w, https:\/\/d2p6e6u75xmxt8.cloudfront.net\/12\/2023\/06\/gettyimages-1499249460.1600x0-272x182.webp 272w\" sizes=\"auto, (max-width: 1600px) 100vw, 1600px\" \/><\/a><\/p>\n","protected":false},"excerpt":{"rendered":"<p>Kellemes magyar bring\u00e1shetek a ny\u00e1ri k\u00e1nikul\u00e1ban: Valter Attila Crit\u00e9rium-remekl\u00e9se ut\u00e1n Vas Blanka is megfutotta eddigi legnagyszer\u0171bb orsz\u00e1g\u00fati verseny\u00e9t.<\/p>\n","protected":false},"author":145,"featured_media":17549,"comment_status":"open","ping_status":"open","sticky":false,"template":"","format":"standard","meta":{"footnotes":""},"categories":[8],"tags":[],"global-categories":[419],"class_list":["post-17546","post","type-post","status-publish","format-standard","has-post-thumbnail","hentry","category-orszaguti-kerekpar","global-categories-cycling"],"yoast_head":"<!-- This site is optimized with the Yoast SEO Premium plugin v25.3 (Yoast SEO v25.9) - https:\/\/yoast.com\/wordpress\/plugins\/seo\/ -->\n<title>A Valter-par\u00e1d\u00e9 ut\u00e1n itt a leg\u00fajabb Vas-par\u00e1d\u00e9! - \u0160koda We Love Cycling - Magyarorsz\u00e1g<\/title>\n<meta name=\"description\" content=\"Kellemes magyar bring\u00e1shetek a ny\u00e1ri k\u00e1nikul\u00e1ban: Valter Attila Crit\u00e9rium-remekl\u00e9se ut\u00e1n Vas Blanka is megfutotta eddigi legnagyszer\u0171bb orsz\u00e1g\u00fati verseny\u00e9t.\" \/>\n<meta name=\"robots\" content=\"index, follow, max-snippet:-1, max-image-preview:large, max-video-preview:-1\" \/>\n<link rel=\"canonical\" href=\"https:\/\/www.welovecycling.com\/hu\/orszaguti-kerekpar\/a-valter-parade-utan-itt-a-legujabb-vas-parade\/\" \/>\n<meta property=\"og:locale\" content=\"hu_HU\" \/>\n<meta property=\"og:type\" content=\"article\" \/>\n<meta property=\"og:title\" content=\"A Valter-par\u00e1d\u00e9 ut\u00e1n itt a leg\u00fajabb Vas-par\u00e1d\u00e9!\" \/>\n<meta property=\"og:description\" content=\"Kellemes magyar bring\u00e1shetek a ny\u00e1ri k\u00e1nikul\u00e1ban: Valter Attila Crit\u00e9rium-remekl\u00e9se ut\u00e1n Vas Blanka is megfutotta eddigi legnagyszer\u0171bb orsz\u00e1g\u00fati verseny\u00e9t.\" \/>\n<meta property=\"og:url\" content=\"https:\/\/www.welovecycling.com\/hu\/orszaguti-kerekpar\/a-valter-parade-utan-itt-a-legujabb-vas-parade\/\" \/>\n<meta property=\"og:site_name\" content=\"\u0160koda We Love Cycling - Magyarorsz\u00e1g\" \/>\n<meta property=\"article:publisher\" content=\"https:\/\/www.facebook.com\/WeLoveCyclingHungary\/\" \/>\n<meta property=\"article:published_time\" content=\"2023-06-21T10:34:22+00:00\" \/>\n<meta property=\"og:image\" content=\"https:\/\/d2p6e6u75xmxt8.cloudfront.net\/12\/2023\/06\/gettyimages-1499253060.webp\" \/>\n\t<meta property=\"og:image:width\" content=\"1024\" \/>\n\t<meta property=\"og:image:height\" content=\"683\" \/>\n\t<meta property=\"og:image:type\" content=\"image\/webp\" \/>\n<meta name=\"author\" content=\"kitti\" \/>\n<meta name=\"twitter:card\" content=\"summary_large_image\" \/>\n<meta name=\"twitter:label1\" content=\"Written by\" \/>\n\t<meta name=\"twitter:data1\" content=\"We Love Cycling\" \/>\n\t<meta name=\"twitter:label2\" content=\"Est. reading time\" \/>\n\t<meta name=\"twitter:data2\" content=\"3 minutes\" \/>\n<script type=\"application\/ld+json\" class=\"yoast-schema-graph\">{\"@context\":\"https:\/\/schema.org\",\"@graph\":[{\"@type\":\"WebPage\",\"@id\":\"https:\/\/www.welovecycling.com\/hu\/orszaguti-kerekpar\/a-valter-parade-utan-itt-a-legujabb-vas-parade\/\",\"url\":\"https:\/\/www.welovecycling.com\/hu\/orszaguti-kerekpar\/a-valter-parade-utan-itt-a-legujabb-vas-parade\/\",\"name\":\"A Valter-par\u00e1d\u00e9 ut\u00e1n itt a leg\u00fajabb Vas-par\u00e1d\u00e9! - \u0160koda We Love Cycling - Magyarorsz\u00e1g\",\"isPartOf\":{\"@id\":\"https:\/\/www.welovecycling.com\/hu\/#website\"},\"primaryImageOfPage\":{\"@id\":\"https:\/\/www.welovecycling.com\/hu\/orszaguti-kerekpar\/a-valter-parade-utan-itt-a-legujabb-vas-parade\/#primaryimage\"},\"image\":{\"@id\":\"https:\/\/www.welovecycling.com\/hu\/orszaguti-kerekpar\/a-valter-parade-utan-itt-a-legujabb-vas-parade\/#primaryimage\"},\"thumbnailUrl\":\"https:\/\/d2p6e6u75xmxt8.cloudfront.net\/12\/2023\/06\/gettyimages-1499253060.webp\",\"datePublished\":\"2023-06-21T10:34:22+00:00\",\"author\":{\"@id\":\"https:\/\/www.welovecycling.com\/hu\/#\/schema\/person\/bec7dcdbcc59f58489cf603e4040ced1\"},\"description\":\"Kellemes magyar bring\u00e1shetek a ny\u00e1ri k\u00e1nikul\u00e1ban: Valter Attila Crit\u00e9rium-remekl\u00e9se ut\u00e1n Vas Blanka is megfutotta eddigi legnagyszer\u0171bb orsz\u00e1g\u00fati verseny\u00e9t.\",\"breadcrumb\":{\"@id\":\"https:\/\/www.welovecycling.com\/hu\/orszaguti-kerekpar\/a-valter-parade-utan-itt-a-legujabb-vas-parade\/#breadcrumb\"},\"inLanguage\":\"hu\",\"potentialAction\":[{\"@type\":\"ReadAction\",\"target\":[\"https:\/\/www.welovecycling.com\/hu\/orszaguti-kerekpar\/a-valter-parade-utan-itt-a-legujabb-vas-parade\/\"]}]},{\"@type\":\"ImageObject\",\"inLanguage\":\"hu\",\"@id\":\"https:\/\/www.welovecycling.com\/hu\/orszaguti-kerekpar\/a-valter-parade-utan-itt-a-legujabb-vas-parade\/#primaryimage\",\"url\":\"https:\/\/d2p6e6u75xmxt8.cloudfront.net\/12\/2023\/06\/gettyimages-1499253060.webp\",\"contentUrl\":\"https:\/\/d2p6e6u75xmxt8.cloudfront.net\/12\/2023\/06\/gettyimages-1499253060.webp\",\"width\":1024,\"height\":683},{\"@type\":\"BreadcrumbList\",\"@id\":\"https:\/\/www.welovecycling.com\/hu\/orszaguti-kerekpar\/a-valter-parade-utan-itt-a-legujabb-vas-parade\/#breadcrumb\",\"itemListElement\":[{\"@type\":\"ListItem\",\"position\":1,\"name\":\"Home\",\"item\":\"https:\/\/www.welovecycling.com\/hu\/\"},{\"@type\":\"ListItem\",\"position\":2,\"name\":\"A Valter-par\u00e1d\u00e9 ut\u00e1n itt a leg\u00fajabb Vas-par\u00e1d\u00e9!\"}]},{\"@type\":\"WebSite\",\"@id\":\"https:\/\/www.welovecycling.com\/hu\/#website\",\"url\":\"https:\/\/www.welovecycling.com\/hu\/\",\"name\":\"\u0160koda We Love Cycling - Magyarorsz\u00e1g\",\"description\":\"\u0160koda WeLoveCycling\",\"potentialAction\":[{\"@type\":\"SearchAction\",\"target\":{\"@type\":\"EntryPoint\",\"urlTemplate\":\"https:\/\/www.welovecycling.com\/hu\/?s={search_term_string}\"},\"query-input\":{\"@type\":\"PropertyValueSpecification\",\"valueRequired\":true,\"valueName\":\"search_term_string\"}}],\"inLanguage\":\"hu\"},{\"@type\":\"Person\",\"@id\":\"https:\/\/www.welovecycling.com\/hu\/#\/schema\/person\/bec7dcdbcc59f58489cf603e4040ced1\",\"name\":\"kitti\",\"image\":{\"@type\":\"ImageObject\",\"inLanguage\":\"hu\",\"@id\":\"https:\/\/www.welovecycling.com\/hu\/#\/schema\/person\/image\/\",\"url\":\"https:\/\/secure.gravatar.com\/avatar\/e3196a110e1b57b96f56d92d10ce9bb4e9d7210076832a16243337e949410b52?s=96&d=mm&r=g\",\"contentUrl\":\"https:\/\/secure.gravatar.com\/avatar\/e3196a110e1b57b96f56d92d10ce9bb4e9d7210076832a16243337e949410b52?s=96&d=mm&r=g\",\"caption\":\"kitti\"},\"url\":\"https:\/\/www.welovecycling.com\/hu\/author\/kitti\/\"}]}<\/script>\n<!-- \/ Yoast SEO Premium plugin. -->","yoast_head_json":{"title":"A Valter-par\u00e1d\u00e9 ut\u00e1n itt a leg\u00fajabb Vas-par\u00e1d\u00e9! - \u0160koda We Love Cycling - Magyarorsz\u00e1g","description":"Kellemes magyar bring\u00e1shetek a ny\u00e1ri k\u00e1nikul\u00e1ban: Valter Attila Crit\u00e9rium-remekl\u00e9se ut\u00e1n Vas Blanka is megfutotta eddigi legnagyszer\u0171bb orsz\u00e1g\u00fati verseny\u00e9t.","robots":{"index":"index","follow":"follow","max-snippet":"max-snippet:-1","max-image-preview":"max-image-preview:large","max-video-preview":"max-video-preview:-1"},"canonical":"https:\/\/www.welovecycling.com\/hu\/orszaguti-kerekpar\/a-valter-parade-utan-itt-a-legujabb-vas-parade\/","og_locale":"hu_HU","og_type":"article","og_title":"A Valter-par\u00e1d\u00e9 ut\u00e1n itt a leg\u00fajabb Vas-par\u00e1d\u00e9!","og_description":"Kellemes magyar bring\u00e1shetek a ny\u00e1ri k\u00e1nikul\u00e1ban: Valter Attila Crit\u00e9rium-remekl\u00e9se ut\u00e1n Vas Blanka is megfutotta eddigi legnagyszer\u0171bb orsz\u00e1g\u00fati verseny\u00e9t.","og_url":"https:\/\/www.welovecycling.com\/hu\/orszaguti-kerekpar\/a-valter-parade-utan-itt-a-legujabb-vas-parade\/","og_site_name":"\u0160koda We Love Cycling - Magyarorsz\u00e1g","article_publisher":"https:\/\/www.facebook.com\/WeLoveCyclingHungary\/","article_published_time":"2023-06-21T10:34:22+00:00","og_image":[{"width":1024,"height":683,"url":"https:\/\/d2p6e6u75xmxt8.cloudfront.net\/12\/2023\/06\/gettyimages-1499253060.webp","type":"image\/webp"}],"author":"kitti","twitter_card":"summary_large_image","twitter_misc":{"Written by":"We Love Cycling","Est. reading time":"3 minutes"},"schema":{"@context":"https:\/\/schema.org","@graph":[{"@type":"WebPage","@id":"https:\/\/www.welovecycling.com\/hu\/orszaguti-kerekpar\/a-valter-parade-utan-itt-a-legujabb-vas-parade\/","url":"https:\/\/www.welovecycling.com\/hu\/orszaguti-kerekpar\/a-valter-parade-utan-itt-a-legujabb-vas-parade\/","name":"A Valter-par\u00e1d\u00e9 ut\u00e1n itt a leg\u00fajabb Vas-par\u00e1d\u00e9! - \u0160koda We Love Cycling - Magyarorsz\u00e1g","isPartOf":{"@id":"https:\/\/www.welovecycling.com\/hu\/#website"},"primaryImageOfPage":{"@id":"https:\/\/www.welovecycling.com\/hu\/orszaguti-kerekpar\/a-valter-parade-utan-itt-a-legujabb-vas-parade\/#primaryimage"},"image":{"@id":"https:\/\/www.welovecycling.com\/hu\/orszaguti-kerekpar\/a-valter-parade-utan-itt-a-legujabb-vas-parade\/#primaryimage"},"thumbnailUrl":"https:\/\/d2p6e6u75xmxt8.cloudfront.net\/12\/2023\/06\/gettyimages-1499253060.webp","datePublished":"2023-06-21T10:34:22+00:00","author":{"@id":"https:\/\/www.welovecycling.com\/hu\/#\/schema\/person\/bec7dcdbcc59f58489cf603e4040ced1"},"description":"Kellemes magyar bring\u00e1shetek a ny\u00e1ri k\u00e1nikul\u00e1ban: Valter Attila Crit\u00e9rium-remekl\u00e9se ut\u00e1n Vas Blanka is megfutotta eddigi legnagyszer\u0171bb orsz\u00e1g\u00fati verseny\u00e9t.","breadcrumb":{"@id":"https:\/\/www.welovecycling.com\/hu\/orszaguti-kerekpar\/a-valter-parade-utan-itt-a-legujabb-vas-parade\/#breadcrumb"},"inLanguage":"hu","potentialAction":[{"@type":"ReadAction","target":["https:\/\/www.welovecycling.com\/hu\/orszaguti-kerekpar\/a-valter-parade-utan-itt-a-legujabb-vas-parade\/"]}]},{"@type":"ImageObject","inLanguage":"hu","@id":"https:\/\/www.welovecycling.com\/hu\/orszaguti-kerekpar\/a-valter-parade-utan-itt-a-legujabb-vas-parade\/#primaryimage","url":"https:\/\/d2p6e6u75xmxt8.cloudfront.net\/12\/2023\/06\/gettyimages-1499253060.webp","contentUrl":"https:\/\/d2p6e6u75xmxt8.cloudfront.net\/12\/2023\/06\/gettyimages-1499253060.webp","width":1024,"height":683},{"@type":"BreadcrumbList","@id":"https:\/\/www.welovecycling.com\/hu\/orszaguti-kerekpar\/a-valter-parade-utan-itt-a-legujabb-vas-parade\/#breadcrumb","itemListElement":[{"@type":"ListItem","position":1,"name":"Home","item":"https:\/\/www.welovecycling.com\/hu\/"},{"@type":"ListItem","position":2,"name":"A Valter-par\u00e1d\u00e9 ut\u00e1n itt a leg\u00fajabb Vas-par\u00e1d\u00e9!"}]},{"@type":"WebSite","@id":"https:\/\/www.welovecycling.com\/hu\/#website","url":"https:\/\/www.welovecycling.com\/hu\/","name":"\u0160koda We Love Cycling - Magyarorsz\u00e1g","description":"\u0160koda WeLoveCycling","potentialAction":[{"@type":"SearchAction","target":{"@type":"EntryPoint","urlTemplate":"https:\/\/www.welovecycling.com\/hu\/?s={search_term_string}"},"query-input":{"@type":"PropertyValueSpecification","valueRequired":true,"valueName":"search_term_string"}}],"inLanguage":"hu"},{"@type":"Person","@id":"https:\/\/www.welovecycling.com\/hu\/#\/schema\/person\/bec7dcdbcc59f58489cf603e4040ced1","name":"kitti","image":{"@type":"ImageObject","inLanguage":"hu","@id":"https:\/\/www.welovecycling.com\/hu\/#\/schema\/person\/image\/","url":"https:\/\/secure.gravatar.com\/avatar\/e3196a110e1b57b96f56d92d10ce9bb4e9d7210076832a16243337e949410b52?s=96&d=mm&r=g","contentUrl":"https:\/\/secure.gravatar.com\/avatar\/e3196a110e1b57b96f56d92d10ce9bb4e9d7210076832a16243337e949410b52?s=96&d=mm&r=g","caption":"kitti"},"url":"https:\/\/www.welovecycling.com\/hu\/author\/kitti\/"}]}},"_links":{"self":[{"href":"https:\/\/www.welovecycling.com\/hu\/wp-json\/wp\/v2\/posts\/17546","targetHints":{"allow":["GET"]}}],"collection":[{"href":"https:\/\/www.welovecycling.com\/hu\/wp-json\/wp\/v2\/posts"}],"about":[{"href":"https:\/\/www.welovecycling.com\/hu\/wp-json\/wp\/v2\/types\/post"}],"author":[{"embeddable":true,"href":"https:\/\/www.welovecycling.com\/hu\/wp-json\/wp\/v2\/users\/145"}],"replies":[{"embeddable":true,"href":"https:\/\/www.welovecycling.com\/hu\/wp-json\/wp\/v2\/comments?post=17546"}],"version-history":[{"count":1,"href":"https:\/\/www.welovecycling.com\/hu\/wp-json\/wp\/v2\/posts\/17546\/revisions"}],"predecessor-version":[{"id":17551,"href":"https:\/\/www.welovecycling.com\/hu\/wp-json\/wp\/v2\/posts\/17546\/revisions\/17551"}],"wp:featuredmedia":[{"embeddable":true,"href":"https:\/\/www.welovecycling.com\/hu\/wp-json\/wp\/v2\/media\/17549"}],"wp:attachment":[{"href":"https:\/\/www.welovecycling.com\/hu\/wp-json\/wp\/v2\/media?parent=17546"}],"wp:term":[{"taxonomy":"category","embeddable":true,"href":"https:\/\/www.welovecycling.com\/hu\/wp-json\/wp\/v2\/categories?post=17546"},{"taxonomy":"post_tag","embeddable":true,"href":"https:\/\/www.welovecycling.com\/hu\/wp-json\/wp\/v2\/tags?post=17546"},{"taxonomy":"global-categories","embeddable":true,"href":"https:\/\/www.welovecycling.com\/hu\/wp-json\/wp\/v2\/global-categories?post=17546"}],"curies":[{"name":"wp","href":"https:\/\/api.w.org\/{rel}","templated":true}]}}