{"id":17541,"date":"2023-06-24T08:00:11","date_gmt":"2023-06-24T06:00:11","guid":{"rendered":"https:\/\/www.welovecycling.com\/hu\/?p=17541"},"modified":"2023-06-16T14:04:04","modified_gmt":"2023-06-16T12:04:04","slug":"kik-a-netflixes-tour-de-france-sorozat-sztarjai-es-lathatjuk-e-oket-iden-a-tour-on","status":"publish","type":"post","link":"https:\/\/www.welovecycling.com\/hu\/orszaguti-kerekpar\/kik-a-netflixes-tour-de-france-sorozat-sztarjai-es-lathatjuk-e-oket-iden-a-tour-on\/","title":{"rendered":"Kik a Netflixes Tour de France sorozat szt\u00e1rjai, \u00e9s l\u00e1thatjuk-e \u0151ket id\u00e9n a Tour-on?"},"content":{"rendered":"<p><strong>A Tour de France: Unchained c\u00edm\u0171 sorozat els\u0151 \u00e9vada nemr\u00e9g deb\u00fct\u00e1lt a Netflixen. Az \u00faj sorozat nyolc csapatot \u00e9s csapatkapit\u00e1nyaikat k\u00f6veti nyomon nyolc r\u00e9szen \u00e1t, izgalmas betekint\u00e9st ny\u00fajtva a profi ker\u00e9kp\u00e1roz\u00e1s vil\u00e1g\u00e1ba.<\/strong><!--more--><\/p>\n<p>A Netflix n\u00e9pszer\u0171 \u201cDrive to Survive\u201d alkot\u00f3i \u00e1ltal k\u00e9sz\u00edtett dokumentum-sorozat \u00e9rzelmes t\u00f6rt\u00e9netek l\u00e1ncolata, melyek bemutatj\u00e1k a sportol\u00f3k amb\u00edci\u00f3it, kudarcait \u00e9s sikereit, n\u00e9ha a csapat c\u00e9ljaival \u00e9s taktik\u00e1ival szemben\u00e1llva, a 2022-es Tour de France arany trik\u00f3j\u00e1\u00e9rt folytatott k\u00fczdelemben.<\/p>\n<p>A sorozat felkelti a ker\u00e9kp\u00e1ros rajong\u00f3k \u00e9tv\u00e1gy\u00e1t, \u00e9ppen id\u0151ben a Tour de France 110. K\u00f6re el\u0151tt.\u00a0 A 2023-as Tour j\u00falius 1-j\u00e9n indul a spanyol Bilba\u00f3b\u00f3l \u00e9s j\u00falius 23-ig tart.<\/p>\n<p>Az \u00f6sszes szerepl\u0151 profi ker\u00e9kp\u00e1ros csapat \u00fajra a rajtvonalhoz \u00e1ll a dobog\u00f3\u00e9rt folytatott versenyben. Az EF Education-EasyPost, az Ag2r Citro\u00ebn, az Alpecin-Deceuninck, a Groupama-FDJ, a Jumbo-Visma, a Bora-Hansgrohe, az Ineos Grenadiers \u00e9s a Soudal-Quick-Step (kor\u00e1bban Quick-Step Alpha Vinyl) csapatok bejelentett\u00e9k versenyz\u0151iket.<\/p>\n<h2><strong>Melyik szt\u00e1rokra sz\u00e1m\u00edthatunk a 2023-as Tour de France-on?<\/strong><\/h2>\n<p>A csapatok szerint a sorozat kedvencei, Fabio Jakobsen, Jasper Philipsen, Mathieu van der Poel, Wout van Aert, David Gaudu, Jonas Vingegaard, Thibaut Pinot \u00e9s Thomas Pidcock mind r\u00e9szt vesznek a 2023-as Tour de France-on.<\/p>\n<p>Tadej Poga\u010dar, a k\u00e9tszeres Tour de France gy\u0151ztes, szint\u00e9n helyet kap a sorozatban, azonban nem f\u0151szerepl\u0151k\u00e9nt, csapata, az UAE Team Emirates d\u00f6nt\u00e9se alapj\u00e1n.<\/p>\n<h2><strong>Mely Tour de France: Unchained szt\u00e1rok nem \u00e1llnak rajthoz j\u00faliusban a Tour-on?<\/strong><\/h2>\n<p>Primo\u017e Rogli\u010d id\u00e9n nem indul a Touron, miut\u00e1n n\u00e9h\u00e1ny h\u00e9ttel ezel\u0151tt az els\u0151 helyen v\u00e9gzett a Giro d&#8217;Italia-n.<\/p>\n<p>A Jumbo-Visma sportigazgat\u00f3ja, Merijn Zeeman elmondta az Algemeen Dagblad holland \u00fajs\u00e1gnak: <em>&#8220;Most hagyni fogom Primo\u017et. A szezon el\u0151tt \u00fagy tervezt\u00fck, hogy r\u00e9szt vesz a Vuelta a Espa\u00f1\u00e1n, ez tov\u00e1bbra is egy lehets\u00e9ges opci\u00f3. Primo\u017e nagyon szeretne indulni \u00e9s nyerni az Il Lombardia-n. Megvannak hozz\u00e1 a k\u00e9pess\u00e9gei.&#8221;<\/em><\/p>\n<p>A 36 \u00e9ves Geraint Thomas, tavaly a harmadik helyen v\u00e9gzett a Tour-on, azonban az Ineos Grenadiers versenyz\u0151je \u00fagy d\u00f6nt\u00f6tt, hogy id\u00e9n nem indul a versenyen, annak ellen\u00e9re, hogy lehet, hogy ez az utols\u00f3 \u00e9ve, amit profi versenyz\u00e9ssel t\u00f6lt.<\/p>\n<p>A kork\u00fcl\u00f6nbs\u00e9g ellen\u00e9re Thomas r\u00e9szt vett a Giro d&#8217;Italia-n, \u00e9s Rogli\u010d m\u00f6g\u00f6tt a t\u00f6rt\u00e9nelem egyik legkisebb id\u0151k\u00fcl\u00f6nbs\u00e9g\u00e9vel m\u00e1sodik helyen v\u00e9gzett.<\/p>\n<h2><strong>A Tour de France: Unchained m\u00e1sodik \u00e9vada m\u00e1r \u00faton van<\/strong><\/h2>\n<p>Ahogy a versenyz\u0151k k\u00e9sz\u00fclnek a rajtra, a Netflix kamer\u00e1i tov\u00e1bbra is forognak &#8211; a sorozat m\u00e1sodik \u00e9vada is z\u00f6ld l\u00e1mp\u00e1t kapott, m\u00e1r azel\u0151tt, hogy az els\u0151 \u00e9vad kij\u00f6tt. R\u00e9szleteket azonban m\u00e9g nem hoztak nyilv\u00e1noss\u00e1gra.<\/p>\n<p>B\u00e1r az UAE Team Emirates nem vett r\u00e9szt az els\u0151 k\u00f6rben, a rajong\u00f3k tal\u00e1n lehet\u0151s\u00e9get kapnak Poga\u010dar jobb megismer\u00e9s\u00e9re a m\u00e1sodik \u00e9vadban, \u00edgy nem tudjuk mely csapatokat l\u00e1thatjuk majd a v\u00e1sznon.<\/p>\n<p>Az UAE Team Emirates vez\u00e9rigazgat\u00f3ja, Andrea Agostini elmondta a VeloNewsnak 2022-ben, hogy a dokumentumfilm nem volt priorit\u00e1s a csapat sz\u00e1m\u00e1ra, r\u00e9szben az\u00e9rt, mert egy k\u00fcls\u0151 st\u00e1b bonyol\u00edtan\u00e1 a Tour logisztik\u00e1j\u00e1t. Ennek ellen\u00e9re nyitva hagyta annak a lehet\u0151s\u00e9g\u00e9t, hogy a csapat a j\u00f6v\u0151ben szerepeljen a sorozatban. <em>&#8220;Tal\u00e1n a j\u00f6v\u0151ben, ha a Netflix nyitott kaput hagy sz\u00e1munkra, akkor bekapcsol\u00f3dhatn\u00e1nk.&#8221;<\/em><\/p>\n<p>Na, majd megl\u00e1tjuk.<\/p>\n<p><em>Forr\u00e1s: <\/em><a href=\"https:\/\/www.bicycling.com\/racing\/a44176542\/star-riders-of-netflix-tour-de-france-series-riding-this-year\/\"><em>bicycling.com<\/em><\/a><\/p>\n","protected":false},"excerpt":{"rendered":"<p>A Tour de France: Unchained c\u00edm\u0171 sorozat els\u0151 \u00e9vada nemr\u00e9g deb\u00fct\u00e1lt a Netflixen. Az \u00faj sorozat nyolc csapatot \u00e9s csapatkapit\u00e1nyaikat [&hellip;]<\/p>\n","protected":false},"author":71,"featured_media":17542,"comment_status":"open","ping_status":"open","sticky":false,"template":"","format":"standard","meta":{"footnotes":""},"categories":[8],"tags":[],"global-categories":[],"class_list":["post-17541","post","type-post","status-publish","format-standard","has-post-thumbnail","hentry","category-orszaguti-kerekpar"],"yoast_head":"<!-- This site is optimized with the Yoast SEO Premium plugin v25.3 (Yoast SEO v25.9) - https:\/\/yoast.com\/wordpress\/plugins\/seo\/ -->\n<title>Kik a Netflixes Tour de France sorozat szt\u00e1rjai, \u00e9s l\u00e1thatjuk-e \u0151ket id\u00e9n a Tour-on?<\/title>\n<meta name=\"description\" content=\"A Tour de France: Unchained c\u00edm\u0171 sorozat els\u0151 \u00e9vada nemr\u00e9g deb\u00fct\u00e1lt a Netflixen. Az \u00faj sorozat nyolc csapatot \u00e9s csapatkapit\u00e1nyaikat k\u00f6veti nyomon nyolc r\u00e9szen \u00e1t, izgalmas betekint\u00e9st ny\u00fajtva a profi ker\u00e9kp\u00e1roz\u00e1s vil\u00e1g\u00e1ba.\" \/>\n<meta name=\"robots\" content=\"index, follow, max-snippet:-1, max-image-preview:large, max-video-preview:-1\" \/>\n<link rel=\"canonical\" href=\"https:\/\/www.welovecycling.com\/hu\/orszaguti-kerekpar\/kik-a-netflixes-tour-de-france-sorozat-sztarjai-es-lathatjuk-e-oket-iden-a-tour-on\/\" \/>\n<meta property=\"og:locale\" content=\"hu_HU\" \/>\n<meta property=\"og:type\" content=\"article\" \/>\n<meta property=\"og:title\" content=\"Kik a Netflixes Tour de France sorozat szt\u00e1rjai, \u00e9s l\u00e1thatjuk-e \u0151ket id\u00e9n a Tour-on?\" \/>\n<meta property=\"og:description\" content=\"A Tour de France: Unchained c\u00edm\u0171 sorozat els\u0151 \u00e9vada nemr\u00e9g deb\u00fct\u00e1lt a Netflixen. Az \u00faj sorozat nyolc csapatot \u00e9s csapatkapit\u00e1nyaikat k\u00f6veti nyomon nyolc r\u00e9szen \u00e1t, izgalmas betekint\u00e9st ny\u00fajtva a profi ker\u00e9kp\u00e1roz\u00e1s vil\u00e1g\u00e1ba.\" \/>\n<meta property=\"og:url\" content=\"https:\/\/www.welovecycling.com\/hu\/orszaguti-kerekpar\/kik-a-netflixes-tour-de-france-sorozat-sztarjai-es-lathatjuk-e-oket-iden-a-tour-on\/\" \/>\n<meta property=\"og:site_name\" content=\"\u0160koda We Love Cycling - Magyarorsz\u00e1g\" \/>\n<meta property=\"article:publisher\" content=\"https:\/\/www.facebook.com\/WeLoveCyclingHungary\/\" \/>\n<meta property=\"article:published_time\" content=\"2023-06-24T06:00:11+00:00\" \/>\n<meta property=\"og:image\" content=\"https:\/\/d2p6e6u75xmxt8.cloudfront.net\/12\/2023\/06\/alexander-shatov-UVfvFrp4x4E-unsplash.webp\" \/>\n\t<meta property=\"og:image:width\" content=\"1920\" \/>\n\t<meta property=\"og:image:height\" content=\"1440\" \/>\n\t<meta property=\"og:image:type\" content=\"image\/webp\" \/>\n<meta name=\"author\" content=\"hegyizs\" \/>\n<meta name=\"twitter:card\" content=\"summary_large_image\" \/>\n<meta name=\"twitter:label1\" content=\"Written by\" \/>\n\t<meta name=\"twitter:data1\" content=\"WLC\" \/>\n\t<meta name=\"twitter:label2\" content=\"Est. reading time\" \/>\n\t<meta name=\"twitter:data2\" content=\"3 minutes\" \/>\n<script type=\"application\/ld+json\" class=\"yoast-schema-graph\">{\"@context\":\"https:\/\/schema.org\",\"@graph\":[{\"@type\":\"WebPage\",\"@id\":\"https:\/\/www.welovecycling.com\/hu\/orszaguti-kerekpar\/kik-a-netflixes-tour-de-france-sorozat-sztarjai-es-lathatjuk-e-oket-iden-a-tour-on\/\",\"url\":\"https:\/\/www.welovecycling.com\/hu\/orszaguti-kerekpar\/kik-a-netflixes-tour-de-france-sorozat-sztarjai-es-lathatjuk-e-oket-iden-a-tour-on\/\",\"name\":\"Kik a Netflixes Tour de France sorozat szt\u00e1rjai, \u00e9s l\u00e1thatjuk-e \u0151ket id\u00e9n a Tour-on?\",\"isPartOf\":{\"@id\":\"https:\/\/www.welovecycling.com\/hu\/#website\"},\"primaryImageOfPage\":{\"@id\":\"https:\/\/www.welovecycling.com\/hu\/orszaguti-kerekpar\/kik-a-netflixes-tour-de-france-sorozat-sztarjai-es-lathatjuk-e-oket-iden-a-tour-on\/#primaryimage\"},\"image\":{\"@id\":\"https:\/\/www.welovecycling.com\/hu\/orszaguti-kerekpar\/kik-a-netflixes-tour-de-france-sorozat-sztarjai-es-lathatjuk-e-oket-iden-a-tour-on\/#primaryimage\"},\"thumbnailUrl\":\"https:\/\/d2p6e6u75xmxt8.cloudfront.net\/12\/2023\/06\/alexander-shatov-UVfvFrp4x4E-unsplash.webp\",\"datePublished\":\"2023-06-24T06:00:11+00:00\",\"author\":{\"@id\":\"https:\/\/www.welovecycling.com\/hu\/#\/schema\/person\/414a2aebf1801691a5320edb6468e194\"},\"description\":\"A Tour de France: Unchained c\u00edm\u0171 sorozat els\u0151 \u00e9vada nemr\u00e9g deb\u00fct\u00e1lt a Netflixen. Az \u00faj sorozat nyolc csapatot \u00e9s csapatkapit\u00e1nyaikat k\u00f6veti nyomon nyolc r\u00e9szen \u00e1t, izgalmas betekint\u00e9st ny\u00fajtva a profi ker\u00e9kp\u00e1roz\u00e1s vil\u00e1g\u00e1ba.\",\"breadcrumb\":{\"@id\":\"https:\/\/www.welovecycling.com\/hu\/orszaguti-kerekpar\/kik-a-netflixes-tour-de-france-sorozat-sztarjai-es-lathatjuk-e-oket-iden-a-tour-on\/#breadcrumb\"},\"inLanguage\":\"hu\",\"potentialAction\":[{\"@type\":\"ReadAction\",\"target\":[\"https:\/\/www.welovecycling.com\/hu\/orszaguti-kerekpar\/kik-a-netflixes-tour-de-france-sorozat-sztarjai-es-lathatjuk-e-oket-iden-a-tour-on\/\"]}]},{\"@type\":\"ImageObject\",\"inLanguage\":\"hu\",\"@id\":\"https:\/\/www.welovecycling.com\/hu\/orszaguti-kerekpar\/kik-a-netflixes-tour-de-france-sorozat-sztarjai-es-lathatjuk-e-oket-iden-a-tour-on\/#primaryimage\",\"url\":\"https:\/\/d2p6e6u75xmxt8.cloudfront.net\/12\/2023\/06\/alexander-shatov-UVfvFrp4x4E-unsplash.webp\",\"contentUrl\":\"https:\/\/d2p6e6u75xmxt8.cloudfront.net\/12\/2023\/06\/alexander-shatov-UVfvFrp4x4E-unsplash.webp\",\"width\":1920,\"height\":1440},{\"@type\":\"BreadcrumbList\",\"@id\":\"https:\/\/www.welovecycling.com\/hu\/orszaguti-kerekpar\/kik-a-netflixes-tour-de-france-sorozat-sztarjai-es-lathatjuk-e-oket-iden-a-tour-on\/#breadcrumb\",\"itemListElement\":[{\"@type\":\"ListItem\",\"position\":1,\"name\":\"Home\",\"item\":\"https:\/\/www.welovecycling.com\/hu\/\"},{\"@type\":\"ListItem\",\"position\":2,\"name\":\"Kik a Netflixes Tour de France sorozat szt\u00e1rjai, \u00e9s l\u00e1thatjuk-e \u0151ket id\u00e9n a Tour-on?\"}]},{\"@type\":\"WebSite\",\"@id\":\"https:\/\/www.welovecycling.com\/hu\/#website\",\"url\":\"https:\/\/www.welovecycling.com\/hu\/\",\"name\":\"\u0160koda We Love Cycling - Magyarorsz\u00e1g\",\"description\":\"\u0160koda WeLoveCycling\",\"potentialAction\":[{\"@type\":\"SearchAction\",\"target\":{\"@type\":\"EntryPoint\",\"urlTemplate\":\"https:\/\/www.welovecycling.com\/hu\/?s={search_term_string}\"},\"query-input\":{\"@type\":\"PropertyValueSpecification\",\"valueRequired\":true,\"valueName\":\"search_term_string\"}}],\"inLanguage\":\"hu\"},{\"@type\":\"Person\",\"@id\":\"https:\/\/www.welovecycling.com\/hu\/#\/schema\/person\/414a2aebf1801691a5320edb6468e194\",\"name\":\"hegyizs\",\"image\":{\"@type\":\"ImageObject\",\"inLanguage\":\"hu\",\"@id\":\"https:\/\/www.welovecycling.com\/hu\/#\/schema\/person\/image\/\",\"url\":\"https:\/\/secure.gravatar.com\/avatar\/02cf8a7906b8cf90cecb4679defac7cfd33a1c2e3b88e4903d947f3bb58eedd3?s=96&d=mm&r=g\",\"contentUrl\":\"https:\/\/secure.gravatar.com\/avatar\/02cf8a7906b8cf90cecb4679defac7cfd33a1c2e3b88e4903d947f3bb58eedd3?s=96&d=mm&r=g\",\"caption\":\"hegyizs\"},\"url\":\"https:\/\/www.welovecycling.com\/hu\/author\/hegyizs\/\"}]}<\/script>\n<!-- \/ Yoast SEO Premium plugin. -->","yoast_head_json":{"title":"Kik a Netflixes Tour de France sorozat szt\u00e1rjai, \u00e9s l\u00e1thatjuk-e \u0151ket id\u00e9n a Tour-on?","description":"A Tour de France: Unchained c\u00edm\u0171 sorozat els\u0151 \u00e9vada nemr\u00e9g deb\u00fct\u00e1lt a Netflixen. Az \u00faj sorozat nyolc csapatot \u00e9s csapatkapit\u00e1nyaikat k\u00f6veti nyomon nyolc r\u00e9szen \u00e1t, izgalmas betekint\u00e9st ny\u00fajtva a profi ker\u00e9kp\u00e1roz\u00e1s vil\u00e1g\u00e1ba.","robots":{"index":"index","follow":"follow","max-snippet":"max-snippet:-1","max-image-preview":"max-image-preview:large","max-video-preview":"max-video-preview:-1"},"canonical":"https:\/\/www.welovecycling.com\/hu\/orszaguti-kerekpar\/kik-a-netflixes-tour-de-france-sorozat-sztarjai-es-lathatjuk-e-oket-iden-a-tour-on\/","og_locale":"hu_HU","og_type":"article","og_title":"Kik a Netflixes Tour de France sorozat szt\u00e1rjai, \u00e9s l\u00e1thatjuk-e \u0151ket id\u00e9n a Tour-on?","og_description":"A Tour de France: Unchained c\u00edm\u0171 sorozat els\u0151 \u00e9vada nemr\u00e9g deb\u00fct\u00e1lt a Netflixen. Az \u00faj sorozat nyolc csapatot \u00e9s csapatkapit\u00e1nyaikat k\u00f6veti nyomon nyolc r\u00e9szen \u00e1t, izgalmas betekint\u00e9st ny\u00fajtva a profi ker\u00e9kp\u00e1roz\u00e1s vil\u00e1g\u00e1ba.","og_url":"https:\/\/www.welovecycling.com\/hu\/orszaguti-kerekpar\/kik-a-netflixes-tour-de-france-sorozat-sztarjai-es-lathatjuk-e-oket-iden-a-tour-on\/","og_site_name":"\u0160koda We Love Cycling - Magyarorsz\u00e1g","article_publisher":"https:\/\/www.facebook.com\/WeLoveCyclingHungary\/","article_published_time":"2023-06-24T06:00:11+00:00","og_image":[{"width":1920,"height":1440,"url":"https:\/\/d2p6e6u75xmxt8.cloudfront.net\/12\/2023\/06\/alexander-shatov-UVfvFrp4x4E-unsplash.webp","type":"image\/webp"}],"author":"hegyizs","twitter_card":"summary_large_image","twitter_misc":{"Written by":"WLC","Est. reading time":"3 minutes"},"schema":{"@context":"https:\/\/schema.org","@graph":[{"@type":"WebPage","@id":"https:\/\/www.welovecycling.com\/hu\/orszaguti-kerekpar\/kik-a-netflixes-tour-de-france-sorozat-sztarjai-es-lathatjuk-e-oket-iden-a-tour-on\/","url":"https:\/\/www.welovecycling.com\/hu\/orszaguti-kerekpar\/kik-a-netflixes-tour-de-france-sorozat-sztarjai-es-lathatjuk-e-oket-iden-a-tour-on\/","name":"Kik a Netflixes Tour de France sorozat szt\u00e1rjai, \u00e9s l\u00e1thatjuk-e \u0151ket id\u00e9n a Tour-on?","isPartOf":{"@id":"https:\/\/www.welovecycling.com\/hu\/#website"},"primaryImageOfPage":{"@id":"https:\/\/www.welovecycling.com\/hu\/orszaguti-kerekpar\/kik-a-netflixes-tour-de-france-sorozat-sztarjai-es-lathatjuk-e-oket-iden-a-tour-on\/#primaryimage"},"image":{"@id":"https:\/\/www.welovecycling.com\/hu\/orszaguti-kerekpar\/kik-a-netflixes-tour-de-france-sorozat-sztarjai-es-lathatjuk-e-oket-iden-a-tour-on\/#primaryimage"},"thumbnailUrl":"https:\/\/d2p6e6u75xmxt8.cloudfront.net\/12\/2023\/06\/alexander-shatov-UVfvFrp4x4E-unsplash.webp","datePublished":"2023-06-24T06:00:11+00:00","author":{"@id":"https:\/\/www.welovecycling.com\/hu\/#\/schema\/person\/414a2aebf1801691a5320edb6468e194"},"description":"A Tour de France: Unchained c\u00edm\u0171 sorozat els\u0151 \u00e9vada nemr\u00e9g deb\u00fct\u00e1lt a Netflixen. Az \u00faj sorozat nyolc csapatot \u00e9s csapatkapit\u00e1nyaikat k\u00f6veti nyomon nyolc r\u00e9szen \u00e1t, izgalmas betekint\u00e9st ny\u00fajtva a profi ker\u00e9kp\u00e1roz\u00e1s vil\u00e1g\u00e1ba.","breadcrumb":{"@id":"https:\/\/www.welovecycling.com\/hu\/orszaguti-kerekpar\/kik-a-netflixes-tour-de-france-sorozat-sztarjai-es-lathatjuk-e-oket-iden-a-tour-on\/#breadcrumb"},"inLanguage":"hu","potentialAction":[{"@type":"ReadAction","target":["https:\/\/www.welovecycling.com\/hu\/orszaguti-kerekpar\/kik-a-netflixes-tour-de-france-sorozat-sztarjai-es-lathatjuk-e-oket-iden-a-tour-on\/"]}]},{"@type":"ImageObject","inLanguage":"hu","@id":"https:\/\/www.welovecycling.com\/hu\/orszaguti-kerekpar\/kik-a-netflixes-tour-de-france-sorozat-sztarjai-es-lathatjuk-e-oket-iden-a-tour-on\/#primaryimage","url":"https:\/\/d2p6e6u75xmxt8.cloudfront.net\/12\/2023\/06\/alexander-shatov-UVfvFrp4x4E-unsplash.webp","contentUrl":"https:\/\/d2p6e6u75xmxt8.cloudfront.net\/12\/2023\/06\/alexander-shatov-UVfvFrp4x4E-unsplash.webp","width":1920,"height":1440},{"@type":"BreadcrumbList","@id":"https:\/\/www.welovecycling.com\/hu\/orszaguti-kerekpar\/kik-a-netflixes-tour-de-france-sorozat-sztarjai-es-lathatjuk-e-oket-iden-a-tour-on\/#breadcrumb","itemListElement":[{"@type":"ListItem","position":1,"name":"Home","item":"https:\/\/www.welovecycling.com\/hu\/"},{"@type":"ListItem","position":2,"name":"Kik a Netflixes Tour de France sorozat szt\u00e1rjai, \u00e9s l\u00e1thatjuk-e \u0151ket id\u00e9n a Tour-on?"}]},{"@type":"WebSite","@id":"https:\/\/www.welovecycling.com\/hu\/#website","url":"https:\/\/www.welovecycling.com\/hu\/","name":"\u0160koda We Love Cycling - Magyarorsz\u00e1g","description":"\u0160koda WeLoveCycling","potentialAction":[{"@type":"SearchAction","target":{"@type":"EntryPoint","urlTemplate":"https:\/\/www.welovecycling.com\/hu\/?s={search_term_string}"},"query-input":{"@type":"PropertyValueSpecification","valueRequired":true,"valueName":"search_term_string"}}],"inLanguage":"hu"},{"@type":"Person","@id":"https:\/\/www.welovecycling.com\/hu\/#\/schema\/person\/414a2aebf1801691a5320edb6468e194","name":"hegyizs","image":{"@type":"ImageObject","inLanguage":"hu","@id":"https:\/\/www.welovecycling.com\/hu\/#\/schema\/person\/image\/","url":"https:\/\/secure.gravatar.com\/avatar\/02cf8a7906b8cf90cecb4679defac7cfd33a1c2e3b88e4903d947f3bb58eedd3?s=96&d=mm&r=g","contentUrl":"https:\/\/secure.gravatar.com\/avatar\/02cf8a7906b8cf90cecb4679defac7cfd33a1c2e3b88e4903d947f3bb58eedd3?s=96&d=mm&r=g","caption":"hegyizs"},"url":"https:\/\/www.welovecycling.com\/hu\/author\/hegyizs\/"}]}},"_links":{"self":[{"href":"https:\/\/www.welovecycling.com\/hu\/wp-json\/wp\/v2\/posts\/17541","targetHints":{"allow":["GET"]}}],"collection":[{"href":"https:\/\/www.welovecycling.com\/hu\/wp-json\/wp\/v2\/posts"}],"about":[{"href":"https:\/\/www.welovecycling.com\/hu\/wp-json\/wp\/v2\/types\/post"}],"author":[{"embeddable":true,"href":"https:\/\/www.welovecycling.com\/hu\/wp-json\/wp\/v2\/users\/71"}],"replies":[{"embeddable":true,"href":"https:\/\/www.welovecycling.com\/hu\/wp-json\/wp\/v2\/comments?post=17541"}],"version-history":[{"count":2,"href":"https:\/\/www.welovecycling.com\/hu\/wp-json\/wp\/v2\/posts\/17541\/revisions"}],"predecessor-version":[{"id":17544,"href":"https:\/\/www.welovecycling.com\/hu\/wp-json\/wp\/v2\/posts\/17541\/revisions\/17544"}],"wp:featuredmedia":[{"embeddable":true,"href":"https:\/\/www.welovecycling.com\/hu\/wp-json\/wp\/v2\/media\/17542"}],"wp:attachment":[{"href":"https:\/\/www.welovecycling.com\/hu\/wp-json\/wp\/v2\/media?parent=17541"}],"wp:term":[{"taxonomy":"category","embeddable":true,"href":"https:\/\/www.welovecycling.com\/hu\/wp-json\/wp\/v2\/categories?post=17541"},{"taxonomy":"post_tag","embeddable":true,"href":"https:\/\/www.welovecycling.com\/hu\/wp-json\/wp\/v2\/tags?post=17541"},{"taxonomy":"global-categories","embeddable":true,"href":"https:\/\/www.welovecycling.com\/hu\/wp-json\/wp\/v2\/global-categories?post=17541"}],"curies":[{"name":"wp","href":"https:\/\/api.w.org\/{rel}","templated":true}]}}