{"id":17537,"date":"2023-06-20T08:00:30","date_gmt":"2023-06-20T06:00:30","guid":{"rendered":"https:\/\/www.welovecycling.com\/hu\/?p=17537"},"modified":"2023-06-16T14:01:21","modified_gmt":"2023-06-16T12:01:21","slug":"10-dolog-amiert-jo-egyedul-tekerni","status":"publish","type":"post","link":"https:\/\/www.welovecycling.com\/hu\/kozosseg-es-kultura\/10-dolog-amiert-jo-egyedul-tekerni\/","title":{"rendered":"10 dolog, ami\u00e9rt j\u00f3 egyed\u00fcl tekerni"},"content":{"rendered":"<p><strong>Semmi sem hasonl\u00edthat\u00f3 ahhoz, amikor egyed\u00fcl sz\u00e1llsz nyeregbe \u00e9s csak te vagy, az \u00fat, \u00e9s a h\u0171s\u00e9ges k\u00e9t ker\u00e9k. A ker\u00e9kp\u00e1ros szezon kiteljesed\u00e9s\u00e9nek tisztelet\u00e9re \u00fagy gondoltuk, itt az ideje, hogy \u00fajra feleleven\u00edts\u00fck a sz\u00f3l\u00f3 bring\u00e1z\u00e1s \u00e9lm\u00e9ny\u00e9t, \u00e9s eml\u00e9keztess\u00fck magunkat a sz\u00e9ps\u00e9geire. Tudjuk, hogy a covid \u00f3ta sokak sz\u00e1m\u00e1ra el\u0151t\u00e9rbe ker\u00fclt a csoportos bring\u00e1z\u00e1s, hiszen annyi ideig nem tekerhett\u00fcnk egy\u00fctt! De ne feledj\u00fck el a mag\u00e1nyos ker\u00e9kp\u00e1roz\u00e1s elk\u00e9peszt\u0151 el\u0151nyeit sem. \u00cdme t\u00edz dolog, amit \u00e9rdemes meg\u00e9lni.<\/strong><\/p>\n<p><!--more--><\/p>\n<h2><strong>1. \u00d6nismeret<\/strong><\/h2>\n<p>A sz\u00f3l\u00f3 bring\u00e1z\u00e1s lehet\u0151s\u00e9get ny\u00fajt az elm\u00e9lked\u00e9sre, a gondolatainkkal val\u00f3 \u00fajrakapcsol\u00f3d\u00e1sra, \u00e9s m\u00e9lyebb meg\u00e9rt\u00e9sre \u00f6nmagunkkal kapcsolatban. Ez egy lehet\u0151s\u00e9g arra, hogy \u00f6nmagaddal t\u00f6lts id\u0151t, \u00e9s tiszt\u00e1n l\u00e1ss a k\u00f6r\u00fcl\u00f6tted l\u00e9v\u0151 sz\u00e9ps\u00e9get \u00e9lvezve. Felfedezheted a gondolataid rejtett m\u00e9lys\u00e9geit, \u00e9s \u00fajra kapcsol\u00f3dhatsz bels\u0151 harm\u00f3ni\u00e1ddal. N\u00e9h\u00e1nyan azt mondj\u00e1k, ez ingyenes ter\u00e1pia, \u00e9s lehet benne valami.<\/p>\n<h2><strong>2. Szabads\u00e1g \u00e9s rugalmass\u00e1g<\/strong><\/h2>\n<p>Kinek van sz\u00fcks\u00e9ge el\u0151re megtervezett GPS-es t\u00far\u00e1ra vagy csoportos kompromisszum-\u00fatvonalra,, amikor egyed\u00fcl is tekerhetsz? Te vagy a saj\u00e1t kapit\u00e1nyod, szabadon alak\u00edthatod az \u00fatvonalat, te adod a temp\u00f3t, \u00e9s v\u00e1ratlanul let\u00e9rhetsz az \u00fatr\u00f3l, ha \u00fagy tartja kedved. Ak\u00e1r lass\u00fa k\u00f6r\u00fatra vagy adrenalin-d\u00fas sprintre van sz\u00fcks\u00e9ged, a sz\u00f3l\u00f3 bring\u00e1z\u00e1s lehet\u0151v\u00e9 teszi, hogy a saj\u00e1t preferenci\u00e1idnak megfelel\u0151en alak\u00edtsd az utadat, kompromisszumok n\u00e9lk\u00fcl. A te biciklid, a te szab\u00e1lyaid!<\/p>\n<h2><strong>3. K\u00e9szs\u00e9gek fejleszt\u00e9se<\/strong><\/h2>\n<p>Szeretn\u00e9d fejleszteni a ker\u00e9kp\u00e1ros tud\u00e1sodat? A sz\u00f3l\u00f3 bring\u00e1z\u00e1s a titkos edz\u0151termed. Senki m\u00e1s sincs k\u00f6r\u00fcl\u00f6tted, aki zavarhatna vagy korl\u00e1tozhatna, \u00edgy a figyelmedet az utols\u00f3 sim\u00edt\u00e1sokra, \u00faj dolgok kipr\u00f3b\u00e1l\u00e1s\u00e1ra \u00e9s a ped\u00e1loz\u00e1si hat\u00e9konys\u00e1god jav\u00edt\u00e1s\u00e1ra \u00f6sszpontos\u00edthatod. Ez az id\u0151szak lehet\u0151s\u00e9get k\u00edn\u00e1l r\u00e1, hogy a kanyarod\u00e1s, lejtmenet \u00e9s az emelked\u0151k r\u00e9szleteire figyelj, \u00e1tl\u00e9pj a hat\u00e1raidon \u00e9s m\u00e9g egy fokkal jobb legy\u00e9l.<\/p>\n<h2><strong>4. A hat\u00e1rok feszeget\u00e9se<\/strong><\/h2>\n<p>A sz\u00f3l\u00f3 bring\u00e1z\u00e1s remek alkalom arra, hogy r\u00e1d\u00f6bbenj, a komfortz\u00f3n\u00e1k t\u00fal\u00e9rt\u00e9keltek. Amikor egyed\u00fcl tekersz, senki m\u00e1snak nem kell sz\u00e1mot adnod \u00e9s csak a bels\u0151 er\u0151dre tudsz t\u00e1maszkodni. Ez az id\u0151szak alkalmas arra, hogy megh\u00f3d\u00edtsd azt a hegycs\u00facsot, ami m\u00e1r r\u00e9g\u00f3ta g\u00fanyol\u00f3dik veled, vagy megd\u00f6ntsd a szem\u00e9lyes rekordodat. Az egyetlen korl\u00e1t, amit magadnak \u00e1ll\u00edtasz &#8211; itt az id\u0151 \u00e1tt\u00f6rni rajta!<\/p>\n<h2><strong>5. Ment\u00e1lis ellen\u00e1ll\u00f3k\u00e9pess\u00e9g<\/strong><\/h2>\n<p>Ahogy hat\u00e1raidat kitolod, lehet\u0151s\u00e9ged ny\u00edlik arra, hogy er\u0151sebb ment\u00e1lis ellen\u00e1ll\u00f3k\u00e9pess\u00e9get alak\u00edts ki. Kinek van sz\u00fcks\u00e9ge \u00e9letvezet\u00e9si tan\u00e1csad\u00f3ra, amikor van egy biciklid \u00e9s az \u00fat el\u0151tted? A sz\u00f3l\u00f3 bring\u00e1z\u00e1s egyfajta ment\u00e1lis edz\u0151t\u00e1bork\u00e9nt szolg\u00e1lhat. Amikor szembesz\u00e1llsz a szembesz\u00e9llel, a folyamatos emelked\u0151kkel vagy a v\u00e1ratlan akad\u00e1lyokkal, akkor kell h\u00edvnod a bels\u0151 er\u0151det. Fejleszd a ment\u00e1lis izmokat, fogadd el az ellen\u00e1ll\u00e1st, \u00e9s gener\u00e1lj bring\u00e1s harcos energi\u00e1t!<\/p>\n<figure id=\"attachment_7477\" aria-describedby=\"caption-attachment-7477\" style=\"width: 900px\" class=\"wp-caption alignnone\"><a href=\"https:\/\/d2p6e6u75xmxt8.cloudfront.net\/12\/2020\/04\/Solo-Cycling-CVR-profimedia-0513759448.jpg\"><img loading=\"lazy\" decoding=\"async\" class=\"wp-image-7477 size-full\" src=\"https:\/\/d2p6e6u75xmxt8.cloudfront.net\/12\/2020\/04\/Solo-Cycling-CVR-profimedia-0513759448.jpg\" alt=\"Solo cycling\" width=\"900\" height=\"600\" \/><\/a><figcaption id=\"caption-attachment-7477\" class=\"wp-caption-text\">A legjobb abban, ha egyed\u00fcl tekersz, hogy csak magadnak \u00e1ll\u00edtasz kih\u00edv\u00e1sokat. \u00a9 Profimedia<\/figcaption><\/figure>\n<h2><strong>6. A term\u00e9szet \u00f6lel\u00e9se<\/strong><\/h2>\n<p>A sz\u00f3l\u00f3 bring\u00e1z\u00e1s ide\u00e1lis lehet\u0151s\u00e9get k\u00edn\u00e1l arra, hogy m\u00e9lyebb kapcsolatot alak\u00edts ki a term\u00e9szettel \u00e9s a k\u00f6rnyezeteddel. A nyugodt erd\u0151k b\u00e9kess\u00e9g\u00e9t\u0151l a l\u00e9legzetel\u00e1ll\u00edt\u00f3 hegyek sz\u00e9ps\u00e9g\u00e9ig: mer\u00fclj el a term\u00e9szet csod\u00e1iban. Senki m\u00e1s sincs k\u00f6r\u00fcl\u00f6tted, aki zavarhatna, \u00edgy szabadon \u00e9lvezheted a t\u00e1j sz\u00e9ps\u00e9g\u00e9t, bel\u00e9legezheted a friss leveg\u0151t, \u00e9s a term\u00e9szet lehet a t\u00e1rsad a bring\u00e1z\u00e1s sor\u00e1n.<\/p>\n<h2><strong>7. Mindfulness \u00e9s ment\u00e1lis j\u00f3l\u00e9t<\/strong><\/h2>\n<p>Ez az id\u0151szak arr\u00f3l sz\u00f3l, hogy jelen l\u00e9gy a pillanatban, \u00e9s engedd, hogy a gumiabroncsok halk z\u00fag\u00e1sa a k\u00e1ty\u00fakon a szem\u00e9lyes hangfalad legyen. Engedd meg magadnak, hogy elmenek\u00fclj a mindennapi \u00e9let zaj\u00e1t\u00f3l, \u00e9s tapasztald meg a mag\u00e1nyos pillanatok fel\u00fcd\u00edt\u0151 erej\u00e9t. Ezekben a pillanatokban a ker\u00e9kp\u00e1roz\u00e1s t\u00f6bb\u00e9 v\u00e1lik, mint egy fizikai tev\u00e9kenys\u00e9g &#8211; meditat\u00edv \u00e9lm\u00e9ny lesz..<\/p>\n<h2><strong>8. Kreat\u00edv gondolatok felpezsd\u00edt\u00e9se<\/strong><\/h2>\n<p>A sz\u00f3l\u00f3 bring\u00e1z\u00e1s nem csak a fizikai \u00fcgyess\u00e9get fejleszti, hanem a kreativit\u00e1st is. Szabadulj meg a zavar\u00f3 t\u00e9nyez\u0151kt\u0151l, \u00e9s engedd, hogy a fellobbanjon a kreativit\u00e1sod!. A mag\u00e1ny \u00e9s a k\u00f6rnyezeted sz\u00e9ps\u00e9ge innovat\u00edv \u00f6tleteket inspir\u00e1lhat. Haszn\u00e1ld ezt az id\u0151t arra, hogy nagyot \u00e1lmodj, \u00f6tletelj vagy probl\u00e9m\u00e1kat oldj meg. Val\u00f3sz\u00edn\u0171leg meglep\u0151dsz azon, milyen \u00f6tletek mer\u00fclnek fel ezekben a mag\u00e1nyos pillanatokban a biciklid nyerg\u00e9ben.<\/p>\n<h2><strong>9. Felel\u0151ss\u00e9g \u00f6nmagad\u00e9rt<\/strong><\/h2>\n<p>Senkinek m\u00e1sra nem sz\u00e1m\u00edthatsz, ez\u00e9rt fontos, hogy j\u00f3l felk\u00e9sz\u00fclj \u00e9s t\u00e1j\u00e9kozott d\u00f6nt\u00e9seket hozz, ha egyed\u00fcl indulsz \u00fatnak. V\u00e9gezd el a biztons\u00e1gi \u00f3vint\u00e9zked\u00e9seket, vigy\u00e9l magaddal n\u00e9lk\u00fcl\u00f6zhetetlen eszk\u00f6z\u00f6ket \u00e9s els\u0151seg\u00e9lycsomagot! Emellett fokozott figyelmet kell ford\u00edtanod a forgalomra, az \u00fatviszonyokra \u00e9s a potenci\u00e1lis vesz\u00e9lyekre is. A felel\u0151ss\u00e9g tudat\u00e1nak kialak\u00edt\u00e1s\u00e1val n\u00f6veled a magabiztoss\u00e1god.<\/p>\n<h2><strong>10. Fedezd fel \u00fajra a ker\u00e9kp\u00e1roz\u00e1s szeretet\u00e9t!<\/strong><\/h2>\n<p>N\u00e9ha annyira belemer\u00fcl\u00fcnk a ker\u00e9kp\u00e1roz\u00e1s t\u00e1rsadalmi vonzerej\u00e9be, hogy elfelejtj\u00fck az igazi \u00f6r\u00f6m\u00e9t. A sz\u00f3l\u00f3 bring\u00e1z\u00e1s \u00fajra felfedi az igazi szeretetet \u00e9s szenved\u00e9lyt a ker\u00e9kp\u00e1roz\u00e1s ir\u00e1nt. Visszanyerheted a gyermeki \u00f6r\u00f6m\u00f6t \u00e9s az izgalmat, amit egyed\u00fcl tekerni jelent. Ez az id\u0151szak arra szolg\u00e1l, hogy \u00fajra kapcsol\u00f3dj a ker\u00e9kp\u00e1roz\u00e1s val\u00f3di esszenci\u00e1j\u00e1hoz \u00e9s eml\u00e9keztesd magad arra, hogy mi\u00e9rt kezdt\u00e9l el biciklizni.<\/p>\n<p>B\u00e1r a csoportos bring\u00e1z\u00e1s \u00e9s a t\u00e1rsas\u00e1g nagyszer\u0171 \u00e9lm\u00e9nyeket ny\u00fajthatnak, a mag\u00e1nyos ker\u00e9kp\u00e1roz\u00e1s egyedi el\u0151nyei \u00e9s \u00e9lm\u00e9nyei elengedhetetlenek ahhoz, hogy \u00fajra kapcsol\u00f3dj \u00f6nmagadhoz, a term\u00e9szethez \u00e9s a szeretett sportodhoz. Teh\u00e1t vegy\u00e9l egy m\u00e9ly l\u00e9legzetet, \u00fclj nyeregbe \u00e9s v\u00e1gj neki!<\/p>\n","protected":false},"excerpt":{"rendered":"<p>Semmi sem hasonl\u00edthat\u00f3 ahhoz, amikor egyed\u00fcl sz\u00e1llsz nyeregbe \u00e9s csak te vagy, az \u00fat, \u00e9s a h\u0171s\u00e9ges k\u00e9t ker\u00e9k. A [&hellip;]<\/p>\n","protected":false},"author":71,"featured_media":17539,"comment_status":"open","ping_status":"open","sticky":false,"template":"","format":"standard","meta":{"footnotes":""},"categories":[12],"tags":[],"global-categories":[],"class_list":["post-17537","post","type-post","status-publish","format-standard","has-post-thumbnail","hentry","category-kozosseg-es-kultura"],"yoast_head":"<!-- This site is optimized with the Yoast SEO Premium plugin v25.3 (Yoast SEO v25.9) - https:\/\/yoast.com\/wordpress\/plugins\/seo\/ -->\n<title>10 dolog, ami\u00e9rt j\u00f3 egyed\u00fcl tekerni<\/title>\n<meta name=\"description\" content=\"Semmi sem hasonl\u00edthat\u00f3 ahhoz, amikor egyed\u00fcl sz\u00e1llsz nyeregbe \u00e9s csak te vagy, az \u00fat, \u00e9s a h\u0171s\u00e9ges k\u00e9t ker\u00e9k. A ker\u00e9kp\u00e1ros szezon kiteljesed\u00e9s\u00e9nek tisztelet\u00e9re \u00fagy gondoltuk, itt az ideje, hogy \u00fajra feleleven\u00edts\u00fck a sz\u00f3l\u00f3 bring\u00e1z\u00e1s \u00e9lm\u00e9ny\u00e9t, \u00e9s eml\u00e9keztess\u00fck magunkat a sz\u00e9ps\u00e9geire.\" \/>\n<meta name=\"robots\" content=\"index, follow, max-snippet:-1, max-image-preview:large, max-video-preview:-1\" \/>\n<link rel=\"canonical\" href=\"https:\/\/www.welovecycling.com\/hu\/kozosseg-es-kultura\/10-dolog-amiert-jo-egyedul-tekerni\/\" \/>\n<meta property=\"og:locale\" content=\"hu_HU\" \/>\n<meta property=\"og:type\" content=\"article\" \/>\n<meta property=\"og:title\" content=\"10 dolog, ami\u00e9rt j\u00f3 egyed\u00fcl tekerni\" \/>\n<meta property=\"og:description\" content=\"Semmi sem hasonl\u00edthat\u00f3 ahhoz, amikor egyed\u00fcl sz\u00e1llsz nyeregbe \u00e9s csak te vagy, az \u00fat, \u00e9s a h\u0171s\u00e9ges k\u00e9t ker\u00e9k. A ker\u00e9kp\u00e1ros szezon kiteljesed\u00e9s\u00e9nek tisztelet\u00e9re \u00fagy gondoltuk, itt az ideje, hogy \u00fajra feleleven\u00edts\u00fck a sz\u00f3l\u00f3 bring\u00e1z\u00e1s \u00e9lm\u00e9ny\u00e9t, \u00e9s eml\u00e9keztess\u00fck magunkat a sz\u00e9ps\u00e9geire.\" \/>\n<meta property=\"og:url\" content=\"https:\/\/www.welovecycling.com\/hu\/kozosseg-es-kultura\/10-dolog-amiert-jo-egyedul-tekerni\/\" \/>\n<meta property=\"og:site_name\" content=\"\u0160koda We Love Cycling - Magyarorsz\u00e1g\" \/>\n<meta property=\"article:publisher\" content=\"https:\/\/www.facebook.com\/WeLoveCyclingHungary\/\" \/>\n<meta property=\"article:published_time\" content=\"2023-06-20T06:00:30+00:00\" \/>\n<meta property=\"og:image\" content=\"https:\/\/d2p6e6u75xmxt8.cloudfront.net\/12\/2023\/06\/Woman-Solo-Ride-profimedia-0782208400-CVR.webp\" \/>\n\t<meta property=\"og:image:width\" content=\"990\" \/>\n\t<meta property=\"og:image:height\" content=\"660\" \/>\n\t<meta property=\"og:image:type\" content=\"image\/webp\" \/>\n<meta name=\"author\" content=\"hegyizs\" \/>\n<meta name=\"twitter:card\" content=\"summary_large_image\" \/>\n<meta name=\"twitter:label1\" content=\"Written by\" \/>\n\t<meta name=\"twitter:data1\" content=\"Megan Flottorp\" \/>\n\t<meta name=\"twitter:label2\" content=\"Est. reading time\" \/>\n\t<meta name=\"twitter:data2\" content=\"5\" \/>\n<script type=\"application\/ld+json\" class=\"yoast-schema-graph\">{\"@context\":\"https:\/\/schema.org\",\"@graph\":[{\"@type\":\"WebPage\",\"@id\":\"https:\/\/www.welovecycling.com\/hu\/kozosseg-es-kultura\/10-dolog-amiert-jo-egyedul-tekerni\/\",\"url\":\"https:\/\/www.welovecycling.com\/hu\/kozosseg-es-kultura\/10-dolog-amiert-jo-egyedul-tekerni\/\",\"name\":\"10 dolog, ami\u00e9rt j\u00f3 egyed\u00fcl tekerni\",\"isPartOf\":{\"@id\":\"https:\/\/www.welovecycling.com\/hu\/#website\"},\"primaryImageOfPage\":{\"@id\":\"https:\/\/www.welovecycling.com\/hu\/kozosseg-es-kultura\/10-dolog-amiert-jo-egyedul-tekerni\/#primaryimage\"},\"image\":{\"@id\":\"https:\/\/www.welovecycling.com\/hu\/kozosseg-es-kultura\/10-dolog-amiert-jo-egyedul-tekerni\/#primaryimage\"},\"thumbnailUrl\":\"https:\/\/d2p6e6u75xmxt8.cloudfront.net\/12\/2023\/06\/Woman-Solo-Ride-profimedia-0782208400-CVR.webp\",\"datePublished\":\"2023-06-20T06:00:30+00:00\",\"author\":{\"@id\":\"https:\/\/www.welovecycling.com\/hu\/#\/schema\/person\/414a2aebf1801691a5320edb6468e194\"},\"description\":\"Semmi sem hasonl\u00edthat\u00f3 ahhoz, amikor egyed\u00fcl sz\u00e1llsz nyeregbe \u00e9s csak te vagy, az \u00fat, \u00e9s a h\u0171s\u00e9ges k\u00e9t ker\u00e9k. A ker\u00e9kp\u00e1ros szezon kiteljesed\u00e9s\u00e9nek tisztelet\u00e9re \u00fagy gondoltuk, itt az ideje, hogy \u00fajra feleleven\u00edts\u00fck a sz\u00f3l\u00f3 bring\u00e1z\u00e1s \u00e9lm\u00e9ny\u00e9t, \u00e9s eml\u00e9keztess\u00fck magunkat a sz\u00e9ps\u00e9geire.\",\"breadcrumb\":{\"@id\":\"https:\/\/www.welovecycling.com\/hu\/kozosseg-es-kultura\/10-dolog-amiert-jo-egyedul-tekerni\/#breadcrumb\"},\"inLanguage\":\"hu\",\"potentialAction\":[{\"@type\":\"ReadAction\",\"target\":[\"https:\/\/www.welovecycling.com\/hu\/kozosseg-es-kultura\/10-dolog-amiert-jo-egyedul-tekerni\/\"]}]},{\"@type\":\"ImageObject\",\"inLanguage\":\"hu\",\"@id\":\"https:\/\/www.welovecycling.com\/hu\/kozosseg-es-kultura\/10-dolog-amiert-jo-egyedul-tekerni\/#primaryimage\",\"url\":\"https:\/\/d2p6e6u75xmxt8.cloudfront.net\/12\/2023\/06\/Woman-Solo-Ride-profimedia-0782208400-CVR.webp\",\"contentUrl\":\"https:\/\/d2p6e6u75xmxt8.cloudfront.net\/12\/2023\/06\/Woman-Solo-Ride-profimedia-0782208400-CVR.webp\",\"width\":990,\"height\":660,\"caption\":\"A woman on a solo ride\"},{\"@type\":\"BreadcrumbList\",\"@id\":\"https:\/\/www.welovecycling.com\/hu\/kozosseg-es-kultura\/10-dolog-amiert-jo-egyedul-tekerni\/#breadcrumb\",\"itemListElement\":[{\"@type\":\"ListItem\",\"position\":1,\"name\":\"Home\",\"item\":\"https:\/\/www.welovecycling.com\/hu\/\"},{\"@type\":\"ListItem\",\"position\":2,\"name\":\"10 dolog, ami\u00e9rt j\u00f3 egyed\u00fcl tekerni\"}]},{\"@type\":\"WebSite\",\"@id\":\"https:\/\/www.welovecycling.com\/hu\/#website\",\"url\":\"https:\/\/www.welovecycling.com\/hu\/\",\"name\":\"\u0160koda We Love Cycling - Magyarorsz\u00e1g\",\"description\":\"\u0160koda WeLoveCycling\",\"potentialAction\":[{\"@type\":\"SearchAction\",\"target\":{\"@type\":\"EntryPoint\",\"urlTemplate\":\"https:\/\/www.welovecycling.com\/hu\/?s={search_term_string}\"},\"query-input\":{\"@type\":\"PropertyValueSpecification\",\"valueRequired\":true,\"valueName\":\"search_term_string\"}}],\"inLanguage\":\"hu\"},{\"@type\":\"Person\",\"@id\":\"https:\/\/www.welovecycling.com\/hu\/#\/schema\/person\/414a2aebf1801691a5320edb6468e194\",\"name\":\"hegyizs\",\"image\":{\"@type\":\"ImageObject\",\"inLanguage\":\"hu\",\"@id\":\"https:\/\/www.welovecycling.com\/hu\/#\/schema\/person\/image\/\",\"url\":\"https:\/\/secure.gravatar.com\/avatar\/02cf8a7906b8cf90cecb4679defac7cfd33a1c2e3b88e4903d947f3bb58eedd3?s=96&d=mm&r=g\",\"contentUrl\":\"https:\/\/secure.gravatar.com\/avatar\/02cf8a7906b8cf90cecb4679defac7cfd33a1c2e3b88e4903d947f3bb58eedd3?s=96&d=mm&r=g\",\"caption\":\"hegyizs\"},\"url\":\"https:\/\/www.welovecycling.com\/hu\/author\/hegyizs\/\"}]}<\/script>\n<!-- \/ Yoast SEO Premium plugin. -->","yoast_head_json":{"title":"10 dolog, ami\u00e9rt j\u00f3 egyed\u00fcl tekerni","description":"Semmi sem hasonl\u00edthat\u00f3 ahhoz, amikor egyed\u00fcl sz\u00e1llsz nyeregbe \u00e9s csak te vagy, az \u00fat, \u00e9s a h\u0171s\u00e9ges k\u00e9t ker\u00e9k. A ker\u00e9kp\u00e1ros szezon kiteljesed\u00e9s\u00e9nek tisztelet\u00e9re \u00fagy gondoltuk, itt az ideje, hogy \u00fajra feleleven\u00edts\u00fck a sz\u00f3l\u00f3 bring\u00e1z\u00e1s \u00e9lm\u00e9ny\u00e9t, \u00e9s eml\u00e9keztess\u00fck magunkat a sz\u00e9ps\u00e9geire.","robots":{"index":"index","follow":"follow","max-snippet":"max-snippet:-1","max-image-preview":"max-image-preview:large","max-video-preview":"max-video-preview:-1"},"canonical":"https:\/\/www.welovecycling.com\/hu\/kozosseg-es-kultura\/10-dolog-amiert-jo-egyedul-tekerni\/","og_locale":"hu_HU","og_type":"article","og_title":"10 dolog, ami\u00e9rt j\u00f3 egyed\u00fcl tekerni","og_description":"Semmi sem hasonl\u00edthat\u00f3 ahhoz, amikor egyed\u00fcl sz\u00e1llsz nyeregbe \u00e9s csak te vagy, az \u00fat, \u00e9s a h\u0171s\u00e9ges k\u00e9t ker\u00e9k. A ker\u00e9kp\u00e1ros szezon kiteljesed\u00e9s\u00e9nek tisztelet\u00e9re \u00fagy gondoltuk, itt az ideje, hogy \u00fajra feleleven\u00edts\u00fck a sz\u00f3l\u00f3 bring\u00e1z\u00e1s \u00e9lm\u00e9ny\u00e9t, \u00e9s eml\u00e9keztess\u00fck magunkat a sz\u00e9ps\u00e9geire.","og_url":"https:\/\/www.welovecycling.com\/hu\/kozosseg-es-kultura\/10-dolog-amiert-jo-egyedul-tekerni\/","og_site_name":"\u0160koda We Love Cycling - Magyarorsz\u00e1g","article_publisher":"https:\/\/www.facebook.com\/WeLoveCyclingHungary\/","article_published_time":"2023-06-20T06:00:30+00:00","og_image":[{"width":990,"height":660,"url":"https:\/\/d2p6e6u75xmxt8.cloudfront.net\/12\/2023\/06\/Woman-Solo-Ride-profimedia-0782208400-CVR.webp","type":"image\/webp"}],"author":"hegyizs","twitter_card":"summary_large_image","twitter_misc":{"Written by":"Megan Flottorp","Est. reading time":"5"},"schema":{"@context":"https:\/\/schema.org","@graph":[{"@type":"WebPage","@id":"https:\/\/www.welovecycling.com\/hu\/kozosseg-es-kultura\/10-dolog-amiert-jo-egyedul-tekerni\/","url":"https:\/\/www.welovecycling.com\/hu\/kozosseg-es-kultura\/10-dolog-amiert-jo-egyedul-tekerni\/","name":"10 dolog, ami\u00e9rt j\u00f3 egyed\u00fcl tekerni","isPartOf":{"@id":"https:\/\/www.welovecycling.com\/hu\/#website"},"primaryImageOfPage":{"@id":"https:\/\/www.welovecycling.com\/hu\/kozosseg-es-kultura\/10-dolog-amiert-jo-egyedul-tekerni\/#primaryimage"},"image":{"@id":"https:\/\/www.welovecycling.com\/hu\/kozosseg-es-kultura\/10-dolog-amiert-jo-egyedul-tekerni\/#primaryimage"},"thumbnailUrl":"https:\/\/d2p6e6u75xmxt8.cloudfront.net\/12\/2023\/06\/Woman-Solo-Ride-profimedia-0782208400-CVR.webp","datePublished":"2023-06-20T06:00:30+00:00","author":{"@id":"https:\/\/www.welovecycling.com\/hu\/#\/schema\/person\/414a2aebf1801691a5320edb6468e194"},"description":"Semmi sem hasonl\u00edthat\u00f3 ahhoz, amikor egyed\u00fcl sz\u00e1llsz nyeregbe \u00e9s csak te vagy, az \u00fat, \u00e9s a h\u0171s\u00e9ges k\u00e9t ker\u00e9k. A ker\u00e9kp\u00e1ros szezon kiteljesed\u00e9s\u00e9nek tisztelet\u00e9re \u00fagy gondoltuk, itt az ideje, hogy \u00fajra feleleven\u00edts\u00fck a sz\u00f3l\u00f3 bring\u00e1z\u00e1s \u00e9lm\u00e9ny\u00e9t, \u00e9s eml\u00e9keztess\u00fck magunkat a sz\u00e9ps\u00e9geire.","breadcrumb":{"@id":"https:\/\/www.welovecycling.com\/hu\/kozosseg-es-kultura\/10-dolog-amiert-jo-egyedul-tekerni\/#breadcrumb"},"inLanguage":"hu","potentialAction":[{"@type":"ReadAction","target":["https:\/\/www.welovecycling.com\/hu\/kozosseg-es-kultura\/10-dolog-amiert-jo-egyedul-tekerni\/"]}]},{"@type":"ImageObject","inLanguage":"hu","@id":"https:\/\/www.welovecycling.com\/hu\/kozosseg-es-kultura\/10-dolog-amiert-jo-egyedul-tekerni\/#primaryimage","url":"https:\/\/d2p6e6u75xmxt8.cloudfront.net\/12\/2023\/06\/Woman-Solo-Ride-profimedia-0782208400-CVR.webp","contentUrl":"https:\/\/d2p6e6u75xmxt8.cloudfront.net\/12\/2023\/06\/Woman-Solo-Ride-profimedia-0782208400-CVR.webp","width":990,"height":660,"caption":"A woman on a solo ride"},{"@type":"BreadcrumbList","@id":"https:\/\/www.welovecycling.com\/hu\/kozosseg-es-kultura\/10-dolog-amiert-jo-egyedul-tekerni\/#breadcrumb","itemListElement":[{"@type":"ListItem","position":1,"name":"Home","item":"https:\/\/www.welovecycling.com\/hu\/"},{"@type":"ListItem","position":2,"name":"10 dolog, ami\u00e9rt j\u00f3 egyed\u00fcl tekerni"}]},{"@type":"WebSite","@id":"https:\/\/www.welovecycling.com\/hu\/#website","url":"https:\/\/www.welovecycling.com\/hu\/","name":"\u0160koda We Love Cycling - Magyarorsz\u00e1g","description":"\u0160koda WeLoveCycling","potentialAction":[{"@type":"SearchAction","target":{"@type":"EntryPoint","urlTemplate":"https:\/\/www.welovecycling.com\/hu\/?s={search_term_string}"},"query-input":{"@type":"PropertyValueSpecification","valueRequired":true,"valueName":"search_term_string"}}],"inLanguage":"hu"},{"@type":"Person","@id":"https:\/\/www.welovecycling.com\/hu\/#\/schema\/person\/414a2aebf1801691a5320edb6468e194","name":"hegyizs","image":{"@type":"ImageObject","inLanguage":"hu","@id":"https:\/\/www.welovecycling.com\/hu\/#\/schema\/person\/image\/","url":"https:\/\/secure.gravatar.com\/avatar\/02cf8a7906b8cf90cecb4679defac7cfd33a1c2e3b88e4903d947f3bb58eedd3?s=96&d=mm&r=g","contentUrl":"https:\/\/secure.gravatar.com\/avatar\/02cf8a7906b8cf90cecb4679defac7cfd33a1c2e3b88e4903d947f3bb58eedd3?s=96&d=mm&r=g","caption":"hegyizs"},"url":"https:\/\/www.welovecycling.com\/hu\/author\/hegyizs\/"}]}},"_links":{"self":[{"href":"https:\/\/www.welovecycling.com\/hu\/wp-json\/wp\/v2\/posts\/17537","targetHints":{"allow":["GET"]}}],"collection":[{"href":"https:\/\/www.welovecycling.com\/hu\/wp-json\/wp\/v2\/posts"}],"about":[{"href":"https:\/\/www.welovecycling.com\/hu\/wp-json\/wp\/v2\/types\/post"}],"author":[{"embeddable":true,"href":"https:\/\/www.welovecycling.com\/hu\/wp-json\/wp\/v2\/users\/71"}],"replies":[{"embeddable":true,"href":"https:\/\/www.welovecycling.com\/hu\/wp-json\/wp\/v2\/comments?post=17537"}],"version-history":[{"count":2,"href":"https:\/\/www.welovecycling.com\/hu\/wp-json\/wp\/v2\/posts\/17537\/revisions"}],"predecessor-version":[{"id":17540,"href":"https:\/\/www.welovecycling.com\/hu\/wp-json\/wp\/v2\/posts\/17537\/revisions\/17540"}],"wp:featuredmedia":[{"embeddable":true,"href":"https:\/\/www.welovecycling.com\/hu\/wp-json\/wp\/v2\/media\/17539"}],"wp:attachment":[{"href":"https:\/\/www.welovecycling.com\/hu\/wp-json\/wp\/v2\/media?parent=17537"}],"wp:term":[{"taxonomy":"category","embeddable":true,"href":"https:\/\/www.welovecycling.com\/hu\/wp-json\/wp\/v2\/categories?post=17537"},{"taxonomy":"post_tag","embeddable":true,"href":"https:\/\/www.welovecycling.com\/hu\/wp-json\/wp\/v2\/tags?post=17537"},{"taxonomy":"global-categories","embeddable":true,"href":"https:\/\/www.welovecycling.com\/hu\/wp-json\/wp\/v2\/global-categories?post=17537"}],"curies":[{"name":"wp","href":"https:\/\/api.w.org\/{rel}","templated":true}]}}