{"id":17531,"date":"2023-06-22T08:00:26","date_gmt":"2023-06-22T06:00:26","guid":{"rendered":"https:\/\/www.welovecycling.com\/hu\/?p=17531"},"modified":"2023-06-16T14:03:07","modified_gmt":"2023-06-16T12:03:07","slug":"remalom-a-fuego-vulkan-lejtoin","status":"publish","type":"post","link":"https:\/\/www.welovecycling.com\/hu\/adrenalin\/remalom-a-fuego-vulkan-lejtoin\/","title":{"rendered":"R\u00e9m\u00e1lom a Fuego vulk\u00e1n lejt\u0151in"},"content":{"rendered":"<p><strong>Miut\u00e1n leereszkedett az Etna \u00e9s a Stromboli vulk\u00e1nok oldal\u00e1n, a profi MTB ker\u00e9kp\u00e1ros Richard &#8216;Gaspi&#8217; Gasperotti felfedezte Guatemal\u00e1t, a m\u0171k\u00f6d\u0151 vulk\u00e1nok f\u00f6ldj\u00e9t. Legink\u00e1bb a Fueg\u00f3t\u00f3l volt elb\u0171v\u00f6lve. Rendszeresen kit\u00f6r, t\u00f6bbsz\u00f6r is egy \u00f3ra alatt, de az igaz\u00e1n hatalmas kit\u00f6r\u00e9sek csak n\u00e9h\u00e1ny \u00e9vente k\u00f6vetkeznek be. A legs\u00falyosabb 2018-as kit\u00f6r\u00e9skor sz\u00e1z\u00f6tven ember halt meg, \u00e9s t\u00f6bb ezer helyi lakost kellett evaku\u00e1lni.<\/strong><\/p>\n<p><!--more--><\/p>\n<p><em>\u201eMi\u00e9rt a vulk\u00e1nok? Mindig is szerettem \u0151ket. Vonz a szimmetri\u00e1juk \u00e9s az, hogy egyszerre \u00e9lnek \u00e9s halottak. Nem olyanok, mint a hegyek, mert mindig v\u00e1ltoznak. Term\u00e9keny talajt adnak a k\u00f6rnyez\u0151 embereknek, de meg is \u00f6lhetik \u0151ket. Kif\u00fcrk\u00e9szhetetlenek, f\u00f6l\u00e9nyesek, elb\u0171v\u00f6l\u0151ek, melegek \u00e9s hidegek egyszerre. Nekem, mint biciklisnek, van m\u00e9g egy el\u0151ny\u00fck &#8211; m\u00edg a t\u00f6bbi cs\u00facs t\u00f6bbnyire nemzeti parkokban tal\u00e1lhat\u00f3, amelyek t\u00f6rv\u00e9ny \u00e1ltal v\u00e9dettek, \u00e9s egyre nehezebben lehet \u0151ket biciklivel megh\u00f3d\u00edtani, a vulk\u00e1ni t\u00e1j kop\u00e1r \u00e9s \u00e9lettelen, \u00edgy itt nem okozunk k\u00e1rt\u201d<\/em> &#8211; mondta Richard Gasperotti.<\/p>\n<p>Az els\u0151 megh\u00f3d\u00edtott vulk\u00e1n ut\u00e1n term\u00e9szetesen nem akart meg\u00e1llni: felvett a list\u00e1j\u00e1ra m\u00e9g kett\u0151t: az Acatenango-t \u00e9s a Pacaya-t. A Horsefeathers m\u00e1rka t\u00e1mogat\u00e1s\u00e1val, \u00e9s \u00faj \u00fatit\u00e1rsakkal v\u00e1gott bele a kalandba: csatlakozott a csapathoz a fot\u00f3s Milo\u0161, az operat\u0151r Ladis \u00e9s a menedzser Jan.<\/p>\n<p>R\u00f6viddel az \u00e9rkez\u00e9s ut\u00e1n a csapat t\u00f6bbet is megtudott Guatemal\u00e1r\u00f3l. Ez egy 17 milli\u00f3 lakos\u00fa kis orsz\u00e1g, ahol a lakosok \u0151rzik az \u0151slak\u00f3 Maya civiliz\u00e1ci\u00f3 \u00e9s a spanyol gyarmatos\u00edt\u00f3k \u00f6r\u00f6ks\u00e9g\u00e9t. Hatalmas hegyek, mintegy harminc vulk\u00e1n \u00e9s terjedelmes k\u00e1v\u00e9\u00fcltetv\u00e9nyek sz\u00ednes\u00edtik, melyek val\u00f3sz\u00edn\u0171leg mindegyike a t\u00edz leggazdagabb csal\u00e1d\u00e9. Minden faluban \u00e1ll egy d\u00edszes katolikus templom. Minden sz\u00ednes, vid\u00e1m, kopottas \u00e9s tele van elektromos vezet\u00e9kekkel.<\/p>\n<p><a href=\"https:\/\/d2p6e6u75xmxt8.cloudfront.net\/12\/2023\/06\/Gaspi-Fuego-5.webp\"><img loading=\"lazy\" decoding=\"async\" class=\"alignnone size-full wp-image-17532\" src=\"https:\/\/d2p6e6u75xmxt8.cloudfront.net\/12\/2023\/06\/Gaspi-Fuego-5.webp\" alt=\"Market in Guatemala\" width=\"1000\" height=\"668\" srcset=\"https:\/\/d2p6e6u75xmxt8.cloudfront.net\/12\/2023\/06\/Gaspi-Fuego-5.webp 1000w, https:\/\/d2p6e6u75xmxt8.cloudfront.net\/12\/2023\/06\/Gaspi-Fuego-5-300x200.webp 300w, https:\/\/d2p6e6u75xmxt8.cloudfront.net\/12\/2023\/06\/Gaspi-Fuego-5-768x513.webp 768w, https:\/\/d2p6e6u75xmxt8.cloudfront.net\/12\/2023\/06\/Gaspi-Fuego-5-400x267.webp 400w, https:\/\/d2p6e6u75xmxt8.cloudfront.net\/12\/2023\/06\/Gaspi-Fuego-5-272x182.webp 272w\" sizes=\"auto, (max-width: 1000px) 100vw, 1000px\" \/><\/a><\/p>\n<p>Reggelire savany\u00fa p\u00f6rk\u00f6l\u00e9s\u0171 k\u00e1v\u00e9t \u00e9s toj\u00e1st szolg\u00e1lnak fel. Az emberek bar\u00e1ts\u00e1gosak, de visszah\u00faz\u00f3d\u00f3k \u00e9s hallgatagok. Sokszor eml\u00e9keznek vissza a polg\u00e1rh\u00e1bor\u00fara \u00e9s gyakran ker\u00fclnek sz\u00f3ba korrupt politikusok. Nemzeti madaruk a vibr\u00e1l\u00f3 quetzal, \u00e9s mivel toll\u00e1t fizet\u0151eszk\u00f6zk\u00e9nt haszn\u00e1lt\u00e1k a Maya civiliz\u00e1ci\u00f3 idej\u00e9n, a guatemalai emberek a p\u00e9nznem\u00fcket is r\u00f3la nevezt\u00e9k el. Quetzalok\u00e9rt lehet babot, Gallo s\u00f6rt \u00e9s Zacapa rumot v\u00e1s\u00e1rolni. A Botran rum azonban sokkal olcs\u00f3bb.<\/p>\n<p>A h\u00e1rom vulk\u00e1nra vonatkoz\u00f3an a helyzet ugyanaz volt. Minden alkalommal a csapat aut\u00f3val a lehet\u0151 legk\u00f6zelebb mer\u00e9szkedett, majd gyalog mentek felfel\u00e9. Tapasztalt vezet\u0151k biztos\u00edtott\u00e1k, hogy minden sim\u00e1n \u00e9s biztons\u00e1gosan t\u00f6rt\u00e9njen. Mindenki vitt mag\u00e1val t\u00f6bbnapos felszerel\u00e9st \u00e9s \u00e9lelmet. A sorrend a k\u00f6vetkez\u0151k szerint volt meghat\u00e1rozva: el\u0151sz\u00f6r Pacaya (2,552 m), azt\u00e1n Acatenango (3,976 m), \u00e9s v\u00e9g\u00fcl a Fuego (3,763 m). A c\u00e9l mindig az volt, hogy olyan magasra jussanak, amennyire az id\u0151j\u00e1r\u00e1s engedi, \u00e9s a legmagasabb pontr\u00f3l ereszkedjenek le.<\/p>\n<p><em>&#8220;A bazaltfelh\u0151k bosszant\u00f3 k\u00fczdelemm\u00e9 teszik a vulk\u00e1ni t\u00far\u00e1z\u00e1st<\/em>&#8221; &#8211; mondta Richard. <em>&#8220;A talaj sz\u00e1raz \u00e9s \u00e9lettelen. Az egyetlen \u00e9letjel a madarak l\u00e1tv\u00e1nya, akik magasan a fejed felett k\u00f6r\u00f6znek, \u00e9s id\u0151nk\u00e9nt lesz\u00e1llnak, hogy megn\u00e9zz\u00e9k, mennyi energia maradt a kimer\u00fclt testedben. V\u00edzzel, \u00e9tellel \u00e9s minden felszerel\u00e9ssel egy\u00fctt kell menetelned, teh\u00e1t kb. 30 kil\u00f3t cipelsz a h\u00e1tadon.&#8221;<\/em><\/p>\n<p>Miut\u00e1n el\u00e9rte Pacaya legmagasabb pontj\u00e1t, Richard kiv\u00e1lasztott egy finom porral bor\u00edtott kavicsmez\u0151t, hogy \u0151 legyen az els\u0151 ember, aki leteker rajta. Egy tiszta, n\u00e9gykilom\u00e9teres MTB-csap\u00e1son ereszkedett le, a vulk\u00e1ni hamuf\u00f6ldeken kereszt\u00fcl. <em>&#8220;Ez volt a kimer\u00edt\u0151 m\u00e1sz\u00e1sban megszerzett \u00f6r\u00f6m&#8221;<\/em> &#8211; mondta Richard.<\/p>\n<p style=\"font-weight: 400;\">A Pacaya \u00e9s az Acatenango tapasztalata f\u0151k\u00e9nt az emelked\u00e9sre jellemz\u0151 sz\u00e9ls\u0151s\u00e9ges kimer\u00fcl\u00e9s \u00e9s a leereszked\u00e9sre jellemz\u0151 m\u00e9rhetetlen \u00f6r\u00f6m volt, az utols\u00f3 vulk\u00e1n eset\u00e9ben azonban \u00e9let\u00fck legvesz\u00e9lyesebb pillanat\u00e1t \u00e9lt\u00e9k \u00e1t.<\/p>\n<p><a href=\"https:\/\/d2p6e6u75xmxt8.cloudfront.net\/12\/2023\/06\/Gaspi-Fuego-3.webp\"><img loading=\"lazy\" decoding=\"async\" class=\"alignnone size-full wp-image-17533\" src=\"https:\/\/d2p6e6u75xmxt8.cloudfront.net\/12\/2023\/06\/Gaspi-Fuego-3.webp\" alt=\"Cycling in Guatemala\" width=\"1000\" height=\"667\" srcset=\"https:\/\/d2p6e6u75xmxt8.cloudfront.net\/12\/2023\/06\/Gaspi-Fuego-3.webp 1000w, https:\/\/d2p6e6u75xmxt8.cloudfront.net\/12\/2023\/06\/Gaspi-Fuego-3-300x200.webp 300w, https:\/\/d2p6e6u75xmxt8.cloudfront.net\/12\/2023\/06\/Gaspi-Fuego-3-768x512.webp 768w, https:\/\/d2p6e6u75xmxt8.cloudfront.net\/12\/2023\/06\/Gaspi-Fuego-3-400x267.webp 400w, https:\/\/d2p6e6u75xmxt8.cloudfront.net\/12\/2023\/06\/Gaspi-Fuego-3-272x182.webp 272w\" sizes=\"auto, (max-width: 1000px) 100vw, 1000px\" \/><\/a><\/p>\n<div id='gallery-1' class='gallery galleryid-17531 gallery-columns-3 gallery-size-large'><figure class='gallery-item'>\n\t\t\t<div class='gallery-icon landscape'>\n\t\t\t\t<a href='https:\/\/d2p6e6u75xmxt8.cloudfront.net\/12\/2023\/06\/Gaspi-Fuego.webp'><img loading=\"lazy\" decoding=\"async\" width=\"1000\" height=\"667\" src=\"https:\/\/d2p6e6u75xmxt8.cloudfront.net\/12\/2023\/06\/Gaspi-Fuego.webp\" class=\"attachment-large size-large\" alt=\"\" srcset=\"https:\/\/d2p6e6u75xmxt8.cloudfront.net\/12\/2023\/06\/Gaspi-Fuego.webp 1000w, https:\/\/d2p6e6u75xmxt8.cloudfront.net\/12\/2023\/06\/Gaspi-Fuego-300x200.webp 300w, https:\/\/d2p6e6u75xmxt8.cloudfront.net\/12\/2023\/06\/Gaspi-Fuego-768x512.webp 768w, https:\/\/d2p6e6u75xmxt8.cloudfront.net\/12\/2023\/06\/Gaspi-Fuego-400x267.webp 400w, https:\/\/d2p6e6u75xmxt8.cloudfront.net\/12\/2023\/06\/Gaspi-Fuego-272x182.webp 272w\" sizes=\"auto, (max-width: 1000px) 100vw, 1000px\" \/><\/a>\n\t\t\t<\/div><\/figure><figure class='gallery-item'>\n\t\t\t<div class='gallery-icon landscape'>\n\t\t\t\t<a href='https:\/\/d2p6e6u75xmxt8.cloudfront.net\/12\/2023\/06\/Gaspi-Fuego-4.webp'><img loading=\"lazy\" decoding=\"async\" width=\"1000\" height=\"668\" src=\"https:\/\/d2p6e6u75xmxt8.cloudfront.net\/12\/2023\/06\/Gaspi-Fuego-4.webp\" class=\"attachment-large size-large\" alt=\"\" srcset=\"https:\/\/d2p6e6u75xmxt8.cloudfront.net\/12\/2023\/06\/Gaspi-Fuego-4.webp 1000w, https:\/\/d2p6e6u75xmxt8.cloudfront.net\/12\/2023\/06\/Gaspi-Fuego-4-300x200.webp 300w, https:\/\/d2p6e6u75xmxt8.cloudfront.net\/12\/2023\/06\/Gaspi-Fuego-4-768x513.webp 768w, https:\/\/d2p6e6u75xmxt8.cloudfront.net\/12\/2023\/06\/Gaspi-Fuego-4-400x267.webp 400w, https:\/\/d2p6e6u75xmxt8.cloudfront.net\/12\/2023\/06\/Gaspi-Fuego-4-272x182.webp 272w\" sizes=\"auto, (max-width: 1000px) 100vw, 1000px\" \/><\/a>\n\t\t\t<\/div><\/figure><figure class='gallery-item'>\n\t\t\t<div class='gallery-icon landscape'>\n\t\t\t\t<a href='https:\/\/d2p6e6u75xmxt8.cloudfront.net\/12\/2023\/06\/Gaspi-Fuego-2.webp'><img loading=\"lazy\" decoding=\"async\" width=\"1000\" height=\"668\" src=\"https:\/\/d2p6e6u75xmxt8.cloudfront.net\/12\/2023\/06\/Gaspi-Fuego-2.webp\" class=\"attachment-large size-large\" alt=\"\" srcset=\"https:\/\/d2p6e6u75xmxt8.cloudfront.net\/12\/2023\/06\/Gaspi-Fuego-2.webp 1000w, https:\/\/d2p6e6u75xmxt8.cloudfront.net\/12\/2023\/06\/Gaspi-Fuego-2-300x200.webp 300w, https:\/\/d2p6e6u75xmxt8.cloudfront.net\/12\/2023\/06\/Gaspi-Fuego-2-768x513.webp 768w, https:\/\/d2p6e6u75xmxt8.cloudfront.net\/12\/2023\/06\/Gaspi-Fuego-2-400x267.webp 400w, https:\/\/d2p6e6u75xmxt8.cloudfront.net\/12\/2023\/06\/Gaspi-Fuego-2-272x182.webp 272w\" sizes=\"auto, (max-width: 1000px) 100vw, 1000px\" \/><\/a>\n\t\t\t<\/div><\/figure>\n\t\t<\/div>\n\n<p>Reggel a Fuego nyugodtnak t\u0171nt. Gyan\u00fasan nyugodtnak. Richard nekiindult t\u00e1rsaival, s\u00fct\u00f6tt a nap az \u00e9gsz\u00ednk\u00e9k \u00e9gen, \u00e9s mindenki hallhatta a l\u00e9p\u00e9seiket ropogni a vulk\u00e1ni homokban, mik\u00f6zben m\u00e1sztak a cs\u00facs fel\u00e9. K\u00e9zfej\u00e9vel v\u00e9delmezte a szem\u00e9t a napf\u00e9nyt\u0151l, \u00e9s kereste a megfelel\u0151 ir\u00e1nyt. \u00c9s akkor megt\u00f6rt\u00e9nt. A f\u00f6ld rezgett, \u00e9s kit\u00f6rt a pokol. K\u0151z\u00e1por hullott a kr\u00e1terb\u0151l, \u00e9s Richard \u00fagy d\u00f6nt\u00f6tt, hogy nem v\u00e1r tov\u00e1bb. F\u00e9nyl\u0151 szikl\u00e1k rep\u00fcltek t\u00f6bb sz\u00e1z m\u00e9ter magasra, majd lezuhantak arra a helyre, ahol \u00e9ppen egy m\u00e1sodperccel kor\u00e1bban \u00e1llt, \u00e9s azt m\u00e9rlegelte, hogyan m\u00e1sszon fel a vulk\u00e1nra.<\/p>\n<p><em>&#8220;Lehet, hogy m\u00e1s helyzetben ledermedtem volna, de nem itt \u00e9s nem most. Minden pillanatban meg\u00f6lhetett volna egy k\u0151darab. Bekapcsoltak az \u00f6szt\u00f6neim. Mintha minden lelassult volna k\u00f6r\u00fcl\u00f6tt\u00fcnk, ak\u00e1rcsak egy lass\u00edtott felv\u00e9tel k\u00e9pkock\u00e1i. Ahogy a fekete f\u00fcst eloszlott, l\u00e1ttam a fot\u00f3st az \u00e9let\u00e9\u00e9rt menek\u00fclni, \u00e9s az operat\u0151rt botladozni a vulk\u00e1ni hamuban, a kamerat\u00e1sk\u00e1t a feje f\u00f6l\u00e9 tartva. Majdnem viccesnek t\u0171nt, de m\u00e9g a helyi vezet\u0151k is menek\u00fcltek, \u00e9s tudtam, hogy ez nem j\u00f3&#8221;<\/em> &#8211; mondta Richard.<\/p>\n<p>\u00c9s akkor j\u00f6tt a m\u00e1sodik kit\u00f6r\u00e9s, \u00e9s a k\u00f6vek \u00fagy hullottak, ak\u00e1r az es\u0151. Mintha elj\u00f6tt volna a vil\u00e1gv\u00e9ge. <em>\u201cMajdnem b\u00facs\u00fat mondtam az \u00e9letemnek\u201d<\/em> &#8211; Richard fel\u00fclt a biciklij\u00e9re \u00e9s minden erej\u00e9vel robogott, a t\u00fcdej\u00e9be be\u00e1ramlott a por, elesett, felkelt a hamub\u00f3l, \u00e9s menek\u00fclt, hajtotta az adrenalin. Csak a szerencs\u00e9nek k\u00f6sz\u00f6nhet\u0151en jutott ki az eg\u00e9sz st\u00e1b biztons\u00e1gban ebb\u0151l a f\u00f6ldi pokolb\u00f3l.<\/p>\n<p><em>&#8220;Mi a legfontosabb tanuls\u00e1g? El\u0151sz\u00f6r is az, hogy nem az ember nem uralja a term\u00e9szetet, \u00e9s soha nem tudhatod, mit hoz a j\u00f6v\u0151. De ami m\u00e9g fontosabb, az a csapat. Az emberek, akik melletted vannak, amikor a vil\u00e1g leomlik, akik seg\u00edtenek, \u00e9s akikre sz\u00e1m\u00edthatsz a legsz\u00f6rny\u0171bb pillanatokban. Ez az, ami megmentett minket&#8221;<\/em> &#8211; mondta Richard mosolyogva.<\/p>\n<p>Az\u00f3ta Richard \u00e9s a csapat visszat\u00e9rt a norm\u00e1lis ker\u00e9kp\u00e1roz\u00e1s vil\u00e1g\u00e1ba, t\u00e1vol a l\u00e1v\u00e1t\u00f3l \u00e9s a kit\u00f6r\u0151 vulk\u00e1nokt\u00f3l. De az eml\u00e9kek mindig vel\u00fck maradnak, eml\u00e9keztetve \u0151ket az \u00e9let legvesz\u00e9lyesebb kalandj\u00e1ra.<\/p>\n","protected":false},"excerpt":{"rendered":"<p>Miut\u00e1n leereszkedett az Etna \u00e9s a Stromboli vulk\u00e1nok oldal\u00e1n, a profi MTB ker\u00e9kp\u00e1ros Richard &#8216;Gaspi&#8217; Gasperotti felfedezte Guatemal\u00e1t, a m\u0171k\u00f6d\u0151 [&hellip;]<\/p>\n","protected":false},"author":71,"featured_media":17535,"comment_status":"open","ping_status":"open","sticky":false,"template":"","format":"standard","meta":{"footnotes":""},"categories":[5],"tags":[],"global-categories":[],"class_list":["post-17531","post","type-post","status-publish","format-standard","has-post-thumbnail","hentry","category-adrenalin"],"yoast_head":"<!-- This site is optimized with the Yoast SEO Premium plugin v25.3 (Yoast SEO v25.9) - https:\/\/yoast.com\/wordpress\/plugins\/seo\/ -->\n<title>R\u00e9m\u00e1lom a Fuego vulk\u00e1n lejt\u0151in<\/title>\n<meta name=\"description\" content=\"Miut\u00e1n leereszkedett az Etna \u00e9s a Stromboli vulk\u00e1nok oldal\u00e1n, a profi MTB ker\u00e9kp\u00e1ros Richard &#039;Gaspi&#039; Gasperotti felfedezte Guatemal\u00e1t, a m\u0171k\u00f6d\u0151 vulk\u00e1nok f\u00f6ldj\u00e9t. Legink\u00e1bb a Fueg\u00f3t\u00f3l volt elb\u0171v\u00f6lve.\" \/>\n<meta name=\"robots\" content=\"index, follow, max-snippet:-1, max-image-preview:large, max-video-preview:-1\" \/>\n<link rel=\"canonical\" href=\"https:\/\/www.welovecycling.com\/hu\/adrenalin\/remalom-a-fuego-vulkan-lejtoin\/\" \/>\n<meta property=\"og:locale\" content=\"hu_HU\" \/>\n<meta property=\"og:type\" content=\"article\" \/>\n<meta property=\"og:title\" content=\"R\u00e9m\u00e1lom a Fuego vulk\u00e1n lejt\u0151in\" \/>\n<meta property=\"og:description\" content=\"Miut\u00e1n leereszkedett az Etna \u00e9s a Stromboli vulk\u00e1nok oldal\u00e1n, a profi MTB ker\u00e9kp\u00e1ros Richard &#039;Gaspi&#039; Gasperotti felfedezte Guatemal\u00e1t, a m\u0171k\u00f6d\u0151 vulk\u00e1nok f\u00f6ldj\u00e9t. Legink\u00e1bb a Fueg\u00f3t\u00f3l volt elb\u0171v\u00f6lve.\" \/>\n<meta property=\"og:url\" content=\"https:\/\/www.welovecycling.com\/hu\/adrenalin\/remalom-a-fuego-vulkan-lejtoin\/\" \/>\n<meta property=\"og:site_name\" content=\"\u0160koda We Love Cycling - Magyarorsz\u00e1g\" \/>\n<meta property=\"article:publisher\" content=\"https:\/\/www.facebook.com\/WeLoveCyclingHungary\/\" \/>\n<meta property=\"article:published_time\" content=\"2023-06-22T06:00:26+00:00\" \/>\n<meta property=\"og:image\" content=\"https:\/\/d2p6e6u75xmxt8.cloudfront.net\/12\/2023\/06\/Fuego-Cycling-Gaspi-CVR.webp\" \/>\n\t<meta property=\"og:image:width\" content=\"990\" \/>\n\t<meta property=\"og:image:height\" content=\"660\" \/>\n\t<meta property=\"og:image:type\" content=\"image\/webp\" \/>\n<meta name=\"author\" content=\"hegyizs\" \/>\n<meta name=\"twitter:card\" content=\"summary_large_image\" \/>\n<meta name=\"twitter:label1\" content=\"Written by\" \/>\n\t<meta name=\"twitter:data1\" content=\"Adam Marsal\" \/>\n\t<meta name=\"twitter:label2\" content=\"Est. reading time\" \/>\n\t<meta name=\"twitter:data2\" content=\"5\" \/>\n<script type=\"application\/ld+json\" class=\"yoast-schema-graph\">{\"@context\":\"https:\/\/schema.org\",\"@graph\":[{\"@type\":\"WebPage\",\"@id\":\"https:\/\/www.welovecycling.com\/hu\/adrenalin\/remalom-a-fuego-vulkan-lejtoin\/\",\"url\":\"https:\/\/www.welovecycling.com\/hu\/adrenalin\/remalom-a-fuego-vulkan-lejtoin\/\",\"name\":\"R\u00e9m\u00e1lom a Fuego vulk\u00e1n lejt\u0151in\",\"isPartOf\":{\"@id\":\"https:\/\/www.welovecycling.com\/hu\/#website\"},\"primaryImageOfPage\":{\"@id\":\"https:\/\/www.welovecycling.com\/hu\/adrenalin\/remalom-a-fuego-vulkan-lejtoin\/#primaryimage\"},\"image\":{\"@id\":\"https:\/\/www.welovecycling.com\/hu\/adrenalin\/remalom-a-fuego-vulkan-lejtoin\/#primaryimage\"},\"thumbnailUrl\":\"https:\/\/d2p6e6u75xmxt8.cloudfront.net\/12\/2023\/06\/Fuego-Cycling-Gaspi-CVR.webp\",\"datePublished\":\"2023-06-22T06:00:26+00:00\",\"author\":{\"@id\":\"https:\/\/www.welovecycling.com\/hu\/#\/schema\/person\/414a2aebf1801691a5320edb6468e194\"},\"description\":\"Miut\u00e1n leereszkedett az Etna \u00e9s a Stromboli vulk\u00e1nok oldal\u00e1n, a profi MTB ker\u00e9kp\u00e1ros Richard 'Gaspi' Gasperotti felfedezte Guatemal\u00e1t, a m\u0171k\u00f6d\u0151 vulk\u00e1nok f\u00f6ldj\u00e9t. Legink\u00e1bb a Fueg\u00f3t\u00f3l volt elb\u0171v\u00f6lve.\",\"breadcrumb\":{\"@id\":\"https:\/\/www.welovecycling.com\/hu\/adrenalin\/remalom-a-fuego-vulkan-lejtoin\/#breadcrumb\"},\"inLanguage\":\"hu\",\"potentialAction\":[{\"@type\":\"ReadAction\",\"target\":[\"https:\/\/www.welovecycling.com\/hu\/adrenalin\/remalom-a-fuego-vulkan-lejtoin\/\"]}]},{\"@type\":\"ImageObject\",\"inLanguage\":\"hu\",\"@id\":\"https:\/\/www.welovecycling.com\/hu\/adrenalin\/remalom-a-fuego-vulkan-lejtoin\/#primaryimage\",\"url\":\"https:\/\/d2p6e6u75xmxt8.cloudfront.net\/12\/2023\/06\/Fuego-Cycling-Gaspi-CVR.webp\",\"contentUrl\":\"https:\/\/d2p6e6u75xmxt8.cloudfront.net\/12\/2023\/06\/Fuego-Cycling-Gaspi-CVR.webp\",\"width\":990,\"height\":660,\"caption\":\"Fuego cycling\"},{\"@type\":\"BreadcrumbList\",\"@id\":\"https:\/\/www.welovecycling.com\/hu\/adrenalin\/remalom-a-fuego-vulkan-lejtoin\/#breadcrumb\",\"itemListElement\":[{\"@type\":\"ListItem\",\"position\":1,\"name\":\"Home\",\"item\":\"https:\/\/www.welovecycling.com\/hu\/\"},{\"@type\":\"ListItem\",\"position\":2,\"name\":\"R\u00e9m\u00e1lom a Fuego vulk\u00e1n lejt\u0151in\"}]},{\"@type\":\"WebSite\",\"@id\":\"https:\/\/www.welovecycling.com\/hu\/#website\",\"url\":\"https:\/\/www.welovecycling.com\/hu\/\",\"name\":\"\u0160koda We Love Cycling - Magyarorsz\u00e1g\",\"description\":\"\u0160koda WeLoveCycling\",\"potentialAction\":[{\"@type\":\"SearchAction\",\"target\":{\"@type\":\"EntryPoint\",\"urlTemplate\":\"https:\/\/www.welovecycling.com\/hu\/?s={search_term_string}\"},\"query-input\":{\"@type\":\"PropertyValueSpecification\",\"valueRequired\":true,\"valueName\":\"search_term_string\"}}],\"inLanguage\":\"hu\"},{\"@type\":\"Person\",\"@id\":\"https:\/\/www.welovecycling.com\/hu\/#\/schema\/person\/414a2aebf1801691a5320edb6468e194\",\"name\":\"hegyizs\",\"image\":{\"@type\":\"ImageObject\",\"inLanguage\":\"hu\",\"@id\":\"https:\/\/www.welovecycling.com\/hu\/#\/schema\/person\/image\/\",\"url\":\"https:\/\/secure.gravatar.com\/avatar\/02cf8a7906b8cf90cecb4679defac7cfd33a1c2e3b88e4903d947f3bb58eedd3?s=96&d=mm&r=g\",\"contentUrl\":\"https:\/\/secure.gravatar.com\/avatar\/02cf8a7906b8cf90cecb4679defac7cfd33a1c2e3b88e4903d947f3bb58eedd3?s=96&d=mm&r=g\",\"caption\":\"hegyizs\"},\"url\":\"https:\/\/www.welovecycling.com\/hu\/author\/hegyizs\/\"}]}<\/script>\n<!-- \/ Yoast SEO Premium plugin. -->","yoast_head_json":{"title":"R\u00e9m\u00e1lom a Fuego vulk\u00e1n lejt\u0151in","description":"Miut\u00e1n leereszkedett az Etna \u00e9s a Stromboli vulk\u00e1nok oldal\u00e1n, a profi MTB ker\u00e9kp\u00e1ros Richard 'Gaspi' Gasperotti felfedezte Guatemal\u00e1t, a m\u0171k\u00f6d\u0151 vulk\u00e1nok f\u00f6ldj\u00e9t. Legink\u00e1bb a Fueg\u00f3t\u00f3l volt elb\u0171v\u00f6lve.","robots":{"index":"index","follow":"follow","max-snippet":"max-snippet:-1","max-image-preview":"max-image-preview:large","max-video-preview":"max-video-preview:-1"},"canonical":"https:\/\/www.welovecycling.com\/hu\/adrenalin\/remalom-a-fuego-vulkan-lejtoin\/","og_locale":"hu_HU","og_type":"article","og_title":"R\u00e9m\u00e1lom a Fuego vulk\u00e1n lejt\u0151in","og_description":"Miut\u00e1n leereszkedett az Etna \u00e9s a Stromboli vulk\u00e1nok oldal\u00e1n, a profi MTB ker\u00e9kp\u00e1ros Richard 'Gaspi' Gasperotti felfedezte Guatemal\u00e1t, a m\u0171k\u00f6d\u0151 vulk\u00e1nok f\u00f6ldj\u00e9t. Legink\u00e1bb a Fueg\u00f3t\u00f3l volt elb\u0171v\u00f6lve.","og_url":"https:\/\/www.welovecycling.com\/hu\/adrenalin\/remalom-a-fuego-vulkan-lejtoin\/","og_site_name":"\u0160koda We Love Cycling - Magyarorsz\u00e1g","article_publisher":"https:\/\/www.facebook.com\/WeLoveCyclingHungary\/","article_published_time":"2023-06-22T06:00:26+00:00","og_image":[{"width":990,"height":660,"url":"https:\/\/d2p6e6u75xmxt8.cloudfront.net\/12\/2023\/06\/Fuego-Cycling-Gaspi-CVR.webp","type":"image\/webp"}],"author":"hegyizs","twitter_card":"summary_large_image","twitter_misc":{"Written by":"Adam Marsal","Est. reading time":"5"},"schema":{"@context":"https:\/\/schema.org","@graph":[{"@type":"WebPage","@id":"https:\/\/www.welovecycling.com\/hu\/adrenalin\/remalom-a-fuego-vulkan-lejtoin\/","url":"https:\/\/www.welovecycling.com\/hu\/adrenalin\/remalom-a-fuego-vulkan-lejtoin\/","name":"R\u00e9m\u00e1lom a Fuego vulk\u00e1n lejt\u0151in","isPartOf":{"@id":"https:\/\/www.welovecycling.com\/hu\/#website"},"primaryImageOfPage":{"@id":"https:\/\/www.welovecycling.com\/hu\/adrenalin\/remalom-a-fuego-vulkan-lejtoin\/#primaryimage"},"image":{"@id":"https:\/\/www.welovecycling.com\/hu\/adrenalin\/remalom-a-fuego-vulkan-lejtoin\/#primaryimage"},"thumbnailUrl":"https:\/\/d2p6e6u75xmxt8.cloudfront.net\/12\/2023\/06\/Fuego-Cycling-Gaspi-CVR.webp","datePublished":"2023-06-22T06:00:26+00:00","author":{"@id":"https:\/\/www.welovecycling.com\/hu\/#\/schema\/person\/414a2aebf1801691a5320edb6468e194"},"description":"Miut\u00e1n leereszkedett az Etna \u00e9s a Stromboli vulk\u00e1nok oldal\u00e1n, a profi MTB ker\u00e9kp\u00e1ros Richard 'Gaspi' Gasperotti felfedezte Guatemal\u00e1t, a m\u0171k\u00f6d\u0151 vulk\u00e1nok f\u00f6ldj\u00e9t. Legink\u00e1bb a Fueg\u00f3t\u00f3l volt elb\u0171v\u00f6lve.","breadcrumb":{"@id":"https:\/\/www.welovecycling.com\/hu\/adrenalin\/remalom-a-fuego-vulkan-lejtoin\/#breadcrumb"},"inLanguage":"hu","potentialAction":[{"@type":"ReadAction","target":["https:\/\/www.welovecycling.com\/hu\/adrenalin\/remalom-a-fuego-vulkan-lejtoin\/"]}]},{"@type":"ImageObject","inLanguage":"hu","@id":"https:\/\/www.welovecycling.com\/hu\/adrenalin\/remalom-a-fuego-vulkan-lejtoin\/#primaryimage","url":"https:\/\/d2p6e6u75xmxt8.cloudfront.net\/12\/2023\/06\/Fuego-Cycling-Gaspi-CVR.webp","contentUrl":"https:\/\/d2p6e6u75xmxt8.cloudfront.net\/12\/2023\/06\/Fuego-Cycling-Gaspi-CVR.webp","width":990,"height":660,"caption":"Fuego cycling"},{"@type":"BreadcrumbList","@id":"https:\/\/www.welovecycling.com\/hu\/adrenalin\/remalom-a-fuego-vulkan-lejtoin\/#breadcrumb","itemListElement":[{"@type":"ListItem","position":1,"name":"Home","item":"https:\/\/www.welovecycling.com\/hu\/"},{"@type":"ListItem","position":2,"name":"R\u00e9m\u00e1lom a Fuego vulk\u00e1n lejt\u0151in"}]},{"@type":"WebSite","@id":"https:\/\/www.welovecycling.com\/hu\/#website","url":"https:\/\/www.welovecycling.com\/hu\/","name":"\u0160koda We Love Cycling - Magyarorsz\u00e1g","description":"\u0160koda WeLoveCycling","potentialAction":[{"@type":"SearchAction","target":{"@type":"EntryPoint","urlTemplate":"https:\/\/www.welovecycling.com\/hu\/?s={search_term_string}"},"query-input":{"@type":"PropertyValueSpecification","valueRequired":true,"valueName":"search_term_string"}}],"inLanguage":"hu"},{"@type":"Person","@id":"https:\/\/www.welovecycling.com\/hu\/#\/schema\/person\/414a2aebf1801691a5320edb6468e194","name":"hegyizs","image":{"@type":"ImageObject","inLanguage":"hu","@id":"https:\/\/www.welovecycling.com\/hu\/#\/schema\/person\/image\/","url":"https:\/\/secure.gravatar.com\/avatar\/02cf8a7906b8cf90cecb4679defac7cfd33a1c2e3b88e4903d947f3bb58eedd3?s=96&d=mm&r=g","contentUrl":"https:\/\/secure.gravatar.com\/avatar\/02cf8a7906b8cf90cecb4679defac7cfd33a1c2e3b88e4903d947f3bb58eedd3?s=96&d=mm&r=g","caption":"hegyizs"},"url":"https:\/\/www.welovecycling.com\/hu\/author\/hegyizs\/"}]}},"_links":{"self":[{"href":"https:\/\/www.welovecycling.com\/hu\/wp-json\/wp\/v2\/posts\/17531","targetHints":{"allow":["GET"]}}],"collection":[{"href":"https:\/\/www.welovecycling.com\/hu\/wp-json\/wp\/v2\/posts"}],"about":[{"href":"https:\/\/www.welovecycling.com\/hu\/wp-json\/wp\/v2\/types\/post"}],"author":[{"embeddable":true,"href":"https:\/\/www.welovecycling.com\/hu\/wp-json\/wp\/v2\/users\/71"}],"replies":[{"embeddable":true,"href":"https:\/\/www.welovecycling.com\/hu\/wp-json\/wp\/v2\/comments?post=17531"}],"version-history":[{"count":2,"href":"https:\/\/www.welovecycling.com\/hu\/wp-json\/wp\/v2\/posts\/17531\/revisions"}],"predecessor-version":[{"id":17536,"href":"https:\/\/www.welovecycling.com\/hu\/wp-json\/wp\/v2\/posts\/17531\/revisions\/17536"}],"wp:featuredmedia":[{"embeddable":true,"href":"https:\/\/www.welovecycling.com\/hu\/wp-json\/wp\/v2\/media\/17535"}],"wp:attachment":[{"href":"https:\/\/www.welovecycling.com\/hu\/wp-json\/wp\/v2\/media?parent=17531"}],"wp:term":[{"taxonomy":"category","embeddable":true,"href":"https:\/\/www.welovecycling.com\/hu\/wp-json\/wp\/v2\/categories?post=17531"},{"taxonomy":"post_tag","embeddable":true,"href":"https:\/\/www.welovecycling.com\/hu\/wp-json\/wp\/v2\/tags?post=17531"},{"taxonomy":"global-categories","embeddable":true,"href":"https:\/\/www.welovecycling.com\/hu\/wp-json\/wp\/v2\/global-categories?post=17531"}],"curies":[{"name":"wp","href":"https:\/\/api.w.org\/{rel}","templated":true}]}}