{"id":17522,"date":"2023-06-21T08:00:27","date_gmt":"2023-06-21T06:00:27","guid":{"rendered":"https:\/\/www.welovecycling.com\/hu\/?p=17522"},"modified":"2023-06-16T14:02:13","modified_gmt":"2023-06-16T12:02:13","slug":"mit-jelent-a-biciklizes-az-emberek-szamara-a-vilag-kulonbozo-pontjain","status":"publish","type":"post","link":"https:\/\/www.welovecycling.com\/hu\/kozosseg-es-kultura\/mit-jelent-a-biciklizes-az-emberek-szamara-a-vilag-kulonbozo-pontjain\/","title":{"rendered":"Mit jelent a bicikliz\u00e9s az emberek sz\u00e1m\u00e1ra a vil\u00e1g k\u00fcl\u00f6nb\u00f6z\u0151 pontjain?"},"content":{"rendered":"<p><strong>Sokak sz\u00e1m\u00e1ra a ker\u00e9kp\u00e1roz\u00e1s k\u00f6zleked\u00e9si forma. M\u00e1soknak pedig szabadid\u0151s tev\u00e9kenys\u00e9g. Egy\u00e9ni dolog, ami mindenkin\u00e9l m\u00e1s, \u00e9s azt, hogy kinek mit jelent a bicikliz\u00e9s, nagyban befoly\u00e1solhatja az adott orsz\u00e1g ker\u00e9kp\u00e1ros kult\u00far\u00e1ja. A bicikliz\u00e9s k\u00fcl\u00f6nb\u00f6z\u0151 szerepet j\u00e1tszhat k\u00fcl\u00f6nb\u00f6z\u0151 kult\u00far\u00e1kban, \u00e9s gyakran belefon\u00f3dik a t\u00e1rsadalom sz\u00f6vet\u00e9be.<\/strong><\/p>\n<p><!--more--><\/p>\n<h2><strong>Hollandia<\/strong><\/h2>\n<p>Hollandia h\u00edres a ker\u00e9kp\u00e1ros kult\u00far\u00e1j\u00e1r\u00f3l. Hatalmas ker\u00e9kp\u00e1r\u00fath\u00e1l\u00f3zattal, kifejezetten bicikliz\u00e9sre tervezett infrastrukt\u00far\u00e1val \u00e9s biciklibar\u00e1t v\u00e1rosokkal rendelkezik, ez\u00e9rt nem meglep\u0151, hogy a bicikliz\u00e9s m\u00e9lyen be\u00e1gyaz\u00f3dott a holland t\u00e1rsadalomba. Ha valaha volt szerencs\u00e9d Hollandi\u00e1ban j\u00e1rni, tudod, hogy a bicikliz\u00e9s a prefer\u00e1lt k\u00f6zleked\u00e9si m\u00f3d a munk\u00e1ba j\u00e1r\u00e1s, az \u00fcgyint\u00e9z\u00e9s \u00e9s a szabadid\u0151s tev\u00e9kenys\u00e9gek sor\u00e1n, a legt\u00f6bb ember sz\u00e1m\u00e1ra.<\/p>\n<p>Az orsz\u00e1g kiterjedt ker\u00e9kp\u00e1ros infrastrukt\u00far\u00e1ja j\u00f3l karbantartott bicikliutakat, bicikliparkol\u00f3kat \u00e9s olyan k\u00f6zleked\u00e9si szab\u00e1lyokat tartalmaz, melyek el\u0151t\u00e9rbe helyezik a ker\u00e9kp\u00e1rosok biztons\u00e1g\u00e1t. Mindez pedig ahhoz vezet, hogy a t\u00e1rsadalom nagy r\u00e9sze biciklizik, minden koroszt\u00e1lyban, \u00e9s az orsz\u00e1g ragyog\u00f3 p\u00e9ld\u00e1t mutat arra, hogy milyen lehet\u0151s\u00e9gek vannak a ker\u00e9kp\u00e1roz\u00e1s n\u00e9pszer\u0171s\u00edt\u00e9s\u00e9re.<\/p>\n<h2><strong>D\u00e1nia<\/strong><\/h2>\n<figure id=\"attachment_15172\" aria-describedby=\"caption-attachment-15172\" style=\"width: 1000px\" class=\"wp-caption alignnone\"><a href=\"https:\/\/d2p6e6u75xmxt8.cloudfront.net\/12\/2022\/06\/Cykelslangen-profimedia-0635992191.jpg\"><img loading=\"lazy\" decoding=\"async\" class=\"size-full wp-image-15172\" src=\"https:\/\/d2p6e6u75xmxt8.cloudfront.net\/12\/2022\/06\/Cykelslangen-profimedia-0635992191.jpg\" alt=\"Cykelslangen\" width=\"1000\" height=\"666\" srcset=\"https:\/\/d2p6e6u75xmxt8.cloudfront.net\/12\/2022\/06\/Cykelslangen-profimedia-0635992191.jpg 1000w, https:\/\/d2p6e6u75xmxt8.cloudfront.net\/12\/2022\/06\/Cykelslangen-profimedia-0635992191-300x200.jpg 300w, https:\/\/d2p6e6u75xmxt8.cloudfront.net\/12\/2022\/06\/Cykelslangen-profimedia-0635992191-768x511.jpg 768w, https:\/\/d2p6e6u75xmxt8.cloudfront.net\/12\/2022\/06\/Cykelslangen-profimedia-0635992191-272x182.jpg 272w\" sizes=\"auto, (max-width: 1000px) 100vw, 1000px\" \/><\/a><figcaption id=\"caption-attachment-15172\" class=\"wp-caption-text\"><em>Ker\u00e9kp\u00e1rosok a Cykelslangen ker\u00e9kp\u00e1ros \u00e9s gyalogos h\u00eddon Koppenh\u00e1g\u00e1ban.<\/em><\/figcaption><\/figure>\n<p>D\u00e1nia egy m\u00e1sik orsz\u00e1g, amit biciklibar\u00e1t v\u00e1rosai miatt \u00fcnnepelhet\u00fcnk, Koppenh\u00e1g\u00e1val az \u00e9len. A bicikliz\u00e9s a mindennapi \u00e9let fontos eleme, \u00e9s lakoss\u00e1g jelent\u0151s r\u00e9sze a ker\u00e9kp\u00e1rokat haszn\u00e1lja napi k\u00f6zleked\u00e9sre.<\/p>\n<p>A d\u00e1n v\u00e1rosok tervez\u00e9sekor a bicikliseket is szem el\u0151tt tartj\u00e1k. K\u00fcl\u00f6n\u00e1ll\u00f3 bicikliutakat, k\u00f6zleked\u00e9si l\u00e1mp\u00e1kat \u00e9s kreat\u00edv ker\u00e9kp\u00e1ros infrastrukt\u00far\u00e1t terveznek, melyek p\u00e9ld\u00e1ul biciklihidakat \u00e9s r\u00e1mp\u00e1kat is tartalmaznak. A ker\u00e9kp\u00e1roz\u00e1s be\u00e9p\u00edt\u00e9se a v\u00e1rostervez\u00e9sbe biztons\u00e1gos ker\u00e9kp\u00e1rhaszn\u00e1latot eredm\u00e9nyez, \u00e9s k\u00e9nyelmes v\u00e1laszt\u00e1ss\u00e1 teszi a bicikliz\u00e9st.<\/p>\n<h2><strong>Jap\u00e1n<\/strong><\/h2>\n<p>Jap\u00e1nban a bicikliz\u00e9snek egyedi kultur\u00e1lis jelent\u0151s\u00e9ge van. Az ikonikus &#8220;mamachari&#8221; biciklik, melyeket r\u00f6vid utakra, v\u00e1s\u00e1rl\u00e1sra \u00e9s hosszabb t\u00e1v\u00fa t\u00far\u00e1z\u00e1sra is haszn\u00e1lnak a fest\u0151i \u00fatvonalakon, m\u00e9lyen \u00f6sszekapcsol\u00f3dnak a jap\u00e1n \u00e9letm\u00f3ddal \u00e9s hagyom\u00e1nyokkal.<\/p>\n<figure id=\"attachment_17523\" aria-describedby=\"caption-attachment-17523\" style=\"width: 1250px\" class=\"wp-caption alignnone\"><a href=\"https:\/\/d2p6e6u75xmxt8.cloudfront.net\/12\/2023\/06\/Japan-Tokyo-cycling-profimedia-0758059084.webp\"><img loading=\"lazy\" decoding=\"async\" class=\"wp-image-17523 size-full\" src=\"https:\/\/d2p6e6u75xmxt8.cloudfront.net\/12\/2023\/06\/Japan-Tokyo-cycling-profimedia-0758059084.webp\" alt=\"Cycling in Tokyo\" width=\"1250\" height=\"833\" srcset=\"https:\/\/d2p6e6u75xmxt8.cloudfront.net\/12\/2023\/06\/Japan-Tokyo-cycling-profimedia-0758059084.webp 1250w, https:\/\/d2p6e6u75xmxt8.cloudfront.net\/12\/2023\/06\/Japan-Tokyo-cycling-profimedia-0758059084-300x200.webp 300w, https:\/\/d2p6e6u75xmxt8.cloudfront.net\/12\/2023\/06\/Japan-Tokyo-cycling-profimedia-0758059084-1024x682.webp 1024w, https:\/\/d2p6e6u75xmxt8.cloudfront.net\/12\/2023\/06\/Japan-Tokyo-cycling-profimedia-0758059084-768x512.webp 768w, https:\/\/d2p6e6u75xmxt8.cloudfront.net\/12\/2023\/06\/Japan-Tokyo-cycling-profimedia-0758059084-400x267.webp 400w, https:\/\/d2p6e6u75xmxt8.cloudfront.net\/12\/2023\/06\/Japan-Tokyo-cycling-profimedia-0758059084-272x182.webp 272w\" sizes=\"auto, (max-width: 1250px) 100vw, 1250px\" \/><\/a><figcaption id=\"caption-attachment-17523\" class=\"wp-caption-text\"><em>A bicikliz\u00e9s a mindennapi \u00e9let r\u00e9sze Toki\u00f3ban. \u00a9 Profimedia<\/em><\/figcaption><\/figure>\n<p>A bicikliz\u00e9s Jap\u00e1nban szabadid\u0151s tev\u00e9kenys\u00e9gk\u00e9nt is n\u00e9pszer\u0171. A hossz\u00fa t\u00e1v\u00fa ker\u00e9kp\u00e1rt\u00far\u00e1kat Jap\u00e1nban &#8220;Randonn\u00e9e&#8221;-nak nevezik, \u00e9s egyre n\u00e9pszer\u0171bbek azok k\u00f6z\u00f6tt, akik szeretik a kih\u00edv\u00e1sokat. A dedik\u00e1lt bicikliutak, a helyi ker\u00e9kp\u00e1ros klubok \u00e9s a nagyszab\u00e1s\u00fa ker\u00e9kp\u00e1ros esem\u00e9nyek r\u00e9v\u00e9n az \u00e9let minden ter\u00fclet\u00e9r\u0151l rajong\u00f3k ezrei lesznek r\u00e9szei a ker\u00e9kp\u00e1ros kult\u00far\u00e1nak. Hozz\u00e1j\u00e1rul ehhez az orsz\u00e1g fest\u0151i t\u00e1ja \u00e9s kultur\u00e1lis \u00f6r\u00f6ks\u00e9gi helysz\u00ednei, melyek miatt Jap\u00e1n a ker\u00e9kp\u00e1ros t\u00far\u00e1k ide\u00e1lis c\u00e9lpontja.<\/p>\n<h2><strong>K\u00edna<\/strong><\/h2>\n<p>A ker\u00e9kp\u00e1roz\u00e1s meg\u00edt\u00e9l\u00e9se K\u00edn\u00e1ban \u00e9ppolyan gyorsan v\u00e1ltozott, ahogy maga az orsz\u00e1g. A biciklik a t\u00f6rt\u00e9nelmi \u00e1talakul\u00e1s szimb\u00f3lumai voltak. A h\u00edres Flying Pigeon \u00e9s Phoenix biciklik a 70-es \u00e9vek ikonikus k\u00f6zleked\u00e9si eszk\u00f6zeiv\u00e9 v\u00e1ltak, melyek a szabads\u00e1got \u00e9s a fejl\u0151d\u00e9st szimboliz\u00e1lt\u00e1k. B\u00fcszkes\u00e9ggel birtokolt\u00e1k \u0151ket, \u00e9s st\u00e1tuszszimb\u00f3lumnak sz\u00e1m\u00edtottak.<\/p>\n<p>Azonban az id\u0151 m\u00fal\u00e1s\u00e1val n\u0151ttek a j\u00f6vedelmek, haladt a technol\u00f3gia, \u00e9s a g\u00e9pkocsi-kult\u00fara gyorsan \u00e1tvette a hatalmat; a ker\u00e9kp\u00e1rhaszn\u00e1lat dr\u00e1maian cs\u00f6kkent, \u00e9s bizonyos ter\u00fcleteken a ker\u00e9kp\u00e1rokra vesz\u00e9lyforr\u00e1sk\u00e9nt tekintettek. Azonban az elm\u00falt \u00e9vtizedben K\u00edna \u00fajra felfedezte a biciklit, t\u00e1mogatva a k\u00f6z\u00f6ss\u00e9gi-ker\u00e9kp\u00e1r programokat \u00e9s jav\u00edtva a ker\u00e9kp\u00e1r-infrastrukt\u00far\u00e1t.<\/p>\n<p>Most a hipster ker\u00e9kp\u00e1rkult\u00fara kezdett el terjedni, inform\u00e1lis &#8220;alley cat&#8221; st\u00edlus\u00fa versenyek jelentek meg K\u00edn\u00e1ban &#8211; olyanok, mint p\u00e9ld\u00e1ul <a href=\"https:\/\/www.welovecycling.com\/hu\/adrenalin\/a-futarversenyt-ismered\/\">ez a fut\u00e1rverseny<\/a>. Gyakran ker\u00e9kp\u00e1ros fut\u00e1rok szervezik \u0151ket, mivel ellen\u0151rz\u0151pontokon kell \u00e1thaladni, ez pedig el\u00e9gg\u00e9 hasonl\u00edt a munk\u00e1jukhoz.<\/p>\n<p>K\u00edna ker\u00e9kp\u00e1ros kult\u00far\u00e1ja tov\u00e1bbra is fejl\u0151dik, \u00e9s az elm\u00falt \u00e9vekben nagyobb hangs\u00falyt fektetnek a fenntarthat\u00f3 infrastrukt\u00far\u00e1ra.<\/p>\n<h2><strong>Kolumbia<\/strong><\/h2>\n<p>A ker\u00e9kp\u00e1roz\u00e1s k\u00fcl\u00f6nleges helyet foglal el a kolumbiai kult\u00far\u00e1ban, ahol vil\u00e1gsz\u00ednvonal\u00fa profi ker\u00e9kp\u00e1rosok, mint p\u00e9ld\u00e1ul Egan Bernal \u00e9s Rigoberto Ur\u00e1n is sz\u00fclettek. A ker\u00e9kp\u00e1roz\u00e1s Kolumbi\u00e1ban nemcsak k\u00f6zleked\u00e9si m\u00f3d, hanem nagyra becs\u00fclt sport is, csapatai nemzetk\u00f6zi elismer\u00e9seket gy\u0171jtenek, p\u00e9ld\u00e1ul a Giro d&#8217;Italia \u00e9s a Tour de France versenyeken.<\/p>\n<figure id=\"attachment_17524\" aria-describedby=\"caption-attachment-17524\" style=\"width: 1000px\" class=\"wp-caption alignnone\"><a href=\"https:\/\/d2p6e6u75xmxt8.cloudfront.net\/12\/2023\/06\/Egan-Bernal-profimedia-0629828854.webp\"><img loading=\"lazy\" decoding=\"async\" class=\"size-full wp-image-17524\" src=\"https:\/\/d2p6e6u75xmxt8.cloudfront.net\/12\/2023\/06\/Egan-Bernal-profimedia-0629828854.webp\" alt=\"Egan Bernal\" width=\"1000\" height=\"665\" srcset=\"https:\/\/d2p6e6u75xmxt8.cloudfront.net\/12\/2023\/06\/Egan-Bernal-profimedia-0629828854.webp 1000w, https:\/\/d2p6e6u75xmxt8.cloudfront.net\/12\/2023\/06\/Egan-Bernal-profimedia-0629828854-300x200.webp 300w, https:\/\/d2p6e6u75xmxt8.cloudfront.net\/12\/2023\/06\/Egan-Bernal-profimedia-0629828854-768x511.webp 768w, https:\/\/d2p6e6u75xmxt8.cloudfront.net\/12\/2023\/06\/Egan-Bernal-profimedia-0629828854-400x266.webp 400w, https:\/\/d2p6e6u75xmxt8.cloudfront.net\/12\/2023\/06\/Egan-Bernal-profimedia-0629828854-272x182.webp 272w\" sizes=\"auto, (max-width: 1000px) 100vw, 1000px\" \/><\/a><figcaption id=\"caption-attachment-17524\" class=\"wp-caption-text\"><em>Bernal a La Vuelta versenyen. \u00a9 Profimedia<\/em><\/figcaption><\/figure>\n<p>A sport n\u00e9pszer\u0171s\u00e9g\u00e9n t\u00fal a kolumbiai korm\u00e1ny akt\u00edvan t\u00e1mogatja a ker\u00e9kp\u00e1roz\u00e1st mint a l\u00e9gszennyez\u00e9s jav\u00edt\u00e1s\u00e1nak \u00e9s a k\u00f6zleked\u00e9si dug\u00f3k cs\u00f6kkent\u00e9s\u00e9nek eszk\u00f6z\u00e9t. Az olyan kezdem\u00e9nyez\u00e9sek, mint p\u00e9ld\u00e1ul a Ciclov\u00eda, amikor a f\u0151utakat lez\u00e1rj\u00e1k a j\u00e1rm\u0171vek el\u0151l, lehet\u0151v\u00e9 teszik a ker\u00e9kp\u00e1rosoknak \u00e9s gyalogosoknak, hogy \u00e9lvezhess\u00e9k az utc\u00e1kat. Ezeket a legt\u00f6bben pozit\u00edvan fogadj\u00e1k, hiszen seg\u00edtik a ker\u00e9kp\u00e1roz\u00e1st a kolumbiai kult\u00fara fontos elem\u00e9v\u00e9 tenni.<\/p>\n<h2><strong>India<\/strong><\/h2>\n<p>India egy nagy orsz\u00e1g, \u00e9s a ker\u00e9kp\u00e1roz\u00e1snak elt\u00e9r\u0151 jelent\u00e9se lehet a k\u00fcl\u00f6nb\u00f6z\u0151 r\u00e9gi\u00f3kban. A vid\u00e9ki ter\u00fcleteken a ker\u00e9kp\u00e1rok fontos k\u00f6zleked\u00e9si eszk\u00f6z\u00f6k, melyek biztos\u00edtj\u00e1k a lakosoknak az oktat\u00e1shoz, foglalkoztat\u00e1shoz val\u00f3 hozz\u00e1f\u00e9r\u00e9st.<\/p>\n<p>India v\u00e1rosaiban a ker\u00e9kp\u00e1roz\u00e1s fokozatosan vesz\u00edt a n\u00e9pszer\u0171s\u00e9g\u00e9b\u0151l a n\u00f6vekv\u0151 g\u00e9pkocsik \u00e9s a v\u00e1rosi dug\u00f3k miatt. Azonban az ut\u00f3bbi \u00e9vekben a fenntarthat\u00f3 k\u00f6zleked\u00e9sre val\u00f3 \u00e1tt\u00e9r\u00e9s ir\u00e1nti ig\u00e9ny n\u00f6veked\u00e9se miatt az emberek egyre ink\u00e1bb visszat\u00e9rnek hozz\u00e1. A v\u00e1rosokban ker\u00e9kp\u00e1r\u00fatvonalakat alak\u00edtanak ki \u00e9s k\u00f6z\u00f6ss\u00e9gi bicikli programokat ind\u00edtanak, melyek lehet\u0151v\u00e9 teszik a lakosok sz\u00e1m\u00e1ra a k\u00e9nyelmes \u00e9s z\u00f6ld k\u00f6zleked\u00e9st.<\/p>\n<p>Ez csak n\u00e9h\u00e1ny p\u00e9lda arra, hogy mit jelent a bicikliz\u00e9s az emberek sz\u00e1m\u00e1ra vil\u00e1gszerte. A ker\u00e9kp\u00e1roz\u00e1s kult\u00far\u00e1ja sokf\u00e9le form\u00e1t \u00f6lt, att\u00f3l f\u00fcgg\u0151en, hogy melyik orsz\u00e1gr\u00f3l vagy r\u00e9gi\u00f3r\u00f3l van sz\u00f3. Azonban van egy dolog, ami \u00e1thatja az \u00f6sszes kult\u00far\u00e1t: a bicikliz\u00e9s \u00f6r\u00f6me, a szabads\u00e1g \u00e9rz\u00e9se \u00e9s a k\u00f6z\u00f6ss\u00e9gi kapcsolatok.<\/p>\n","protected":false},"excerpt":{"rendered":"<p>Sokak sz\u00e1m\u00e1ra a ker\u00e9kp\u00e1roz\u00e1s k\u00f6zleked\u00e9si forma. M\u00e1soknak pedig szabadid\u0151s tev\u00e9kenys\u00e9g. Egy\u00e9ni dolog, ami mindenkin\u00e9l m\u00e1s, \u00e9s azt, hogy kinek mit [&hellip;]<\/p>\n","protected":false},"author":71,"featured_media":17526,"comment_status":"open","ping_status":"open","sticky":false,"template":"","format":"standard","meta":{"footnotes":""},"categories":[12],"tags":[],"global-categories":[],"class_list":["post-17522","post","type-post","status-publish","format-standard","has-post-thumbnail","hentry","category-kozosseg-es-kultura"],"yoast_head":"<!-- This site is optimized with the Yoast SEO Premium plugin v25.3 (Yoast SEO v25.9) - https:\/\/yoast.com\/wordpress\/plugins\/seo\/ -->\n<title>Mit jelent a bicikliz\u00e9s az emberek sz\u00e1m\u00e1ra a vil\u00e1g k\u00fcl\u00f6nb\u00f6z\u0151 pontjain?<\/title>\n<meta name=\"description\" content=\"Sokak sz\u00e1m\u00e1ra a ker\u00e9kp\u00e1roz\u00e1s k\u00f6zleked\u00e9si forma. M\u00e1soknak pedig szabadid\u0151s tev\u00e9kenys\u00e9g. Egy\u00e9ni dolog, ami mindenkin\u00e9l m\u00e1s, \u00e9s azt, hogy kinek mit jelent a bicikliz\u00e9s, nagyban befoly\u00e1solhatja az adott orsz\u00e1g ker\u00e9kp\u00e1ros kult\u00far\u00e1ja. A bicikliz\u00e9s k\u00fcl\u00f6nb\u00f6z\u0151 szerepet j\u00e1tszhat k\u00fcl\u00f6nb\u00f6z\u0151 kult\u00far\u00e1kban, \u00e9s gyakran belefon\u00f3dik a t\u00e1rsadalom sz\u00f6vet\u00e9be.\" \/>\n<meta name=\"robots\" content=\"index, follow, max-snippet:-1, max-image-preview:large, max-video-preview:-1\" \/>\n<link rel=\"canonical\" href=\"https:\/\/www.welovecycling.com\/hu\/kozosseg-es-kultura\/mit-jelent-a-biciklizes-az-emberek-szamara-a-vilag-kulonbozo-pontjain\/\" \/>\n<meta property=\"og:locale\" content=\"hu_HU\" \/>\n<meta property=\"og:type\" content=\"article\" \/>\n<meta property=\"og:title\" content=\"Mit jelent a bicikliz\u00e9s az emberek sz\u00e1m\u00e1ra a vil\u00e1g k\u00fcl\u00f6nb\u00f6z\u0151 pontjain?\" \/>\n<meta property=\"og:description\" content=\"Sokak sz\u00e1m\u00e1ra a ker\u00e9kp\u00e1roz\u00e1s k\u00f6zleked\u00e9si forma. M\u00e1soknak pedig szabadid\u0151s tev\u00e9kenys\u00e9g. Egy\u00e9ni dolog, ami mindenkin\u00e9l m\u00e1s, \u00e9s azt, hogy kinek mit jelent a bicikliz\u00e9s, nagyban befoly\u00e1solhatja az adott orsz\u00e1g ker\u00e9kp\u00e1ros kult\u00far\u00e1ja. A bicikliz\u00e9s k\u00fcl\u00f6nb\u00f6z\u0151 szerepet j\u00e1tszhat k\u00fcl\u00f6nb\u00f6z\u0151 kult\u00far\u00e1kban, \u00e9s gyakran belefon\u00f3dik a t\u00e1rsadalom sz\u00f6vet\u00e9be.\" \/>\n<meta property=\"og:url\" content=\"https:\/\/www.welovecycling.com\/hu\/kozosseg-es-kultura\/mit-jelent-a-biciklizes-az-emberek-szamara-a-vilag-kulonbozo-pontjain\/\" \/>\n<meta property=\"og:site_name\" content=\"\u0160koda We Love Cycling - Magyarorsz\u00e1g\" \/>\n<meta property=\"article:publisher\" content=\"https:\/\/www.facebook.com\/WeLoveCyclingHungary\/\" \/>\n<meta property=\"article:published_time\" content=\"2023-06-21T06:00:27+00:00\" \/>\n<meta property=\"og:image\" content=\"https:\/\/d2p6e6u75xmxt8.cloudfront.net\/12\/2023\/06\/Amsterdam-Bicycles-profimedia-0738619549-CVR.webp\" \/>\n\t<meta property=\"og:image:width\" content=\"990\" \/>\n\t<meta property=\"og:image:height\" content=\"660\" \/>\n\t<meta property=\"og:image:type\" content=\"image\/webp\" \/>\n<meta name=\"author\" content=\"hegyizs\" \/>\n<meta name=\"twitter:card\" content=\"summary_large_image\" \/>\n<meta name=\"twitter:label1\" content=\"Written by\" \/>\n\t<meta name=\"twitter:data1\" content=\"Charlotte Murray\" \/>\n\t<meta name=\"twitter:label2\" content=\"Est. reading time\" \/>\n\t<meta name=\"twitter:data2\" content=\"4\" \/>\n<script type=\"application\/ld+json\" class=\"yoast-schema-graph\">{\"@context\":\"https:\/\/schema.org\",\"@graph\":[{\"@type\":\"WebPage\",\"@id\":\"https:\/\/www.welovecycling.com\/hu\/kozosseg-es-kultura\/mit-jelent-a-biciklizes-az-emberek-szamara-a-vilag-kulonbozo-pontjain\/\",\"url\":\"https:\/\/www.welovecycling.com\/hu\/kozosseg-es-kultura\/mit-jelent-a-biciklizes-az-emberek-szamara-a-vilag-kulonbozo-pontjain\/\",\"name\":\"Mit jelent a bicikliz\u00e9s az emberek sz\u00e1m\u00e1ra a vil\u00e1g k\u00fcl\u00f6nb\u00f6z\u0151 pontjain?\",\"isPartOf\":{\"@id\":\"https:\/\/www.welovecycling.com\/hu\/#website\"},\"primaryImageOfPage\":{\"@id\":\"https:\/\/www.welovecycling.com\/hu\/kozosseg-es-kultura\/mit-jelent-a-biciklizes-az-emberek-szamara-a-vilag-kulonbozo-pontjain\/#primaryimage\"},\"image\":{\"@id\":\"https:\/\/www.welovecycling.com\/hu\/kozosseg-es-kultura\/mit-jelent-a-biciklizes-az-emberek-szamara-a-vilag-kulonbozo-pontjain\/#primaryimage\"},\"thumbnailUrl\":\"https:\/\/d2p6e6u75xmxt8.cloudfront.net\/12\/2023\/06\/Amsterdam-Bicycles-profimedia-0738619549-CVR.webp\",\"datePublished\":\"2023-06-21T06:00:27+00:00\",\"author\":{\"@id\":\"https:\/\/www.welovecycling.com\/hu\/#\/schema\/person\/414a2aebf1801691a5320edb6468e194\"},\"description\":\"Sokak sz\u00e1m\u00e1ra a ker\u00e9kp\u00e1roz\u00e1s k\u00f6zleked\u00e9si forma. M\u00e1soknak pedig szabadid\u0151s tev\u00e9kenys\u00e9g. Egy\u00e9ni dolog, ami mindenkin\u00e9l m\u00e1s, \u00e9s azt, hogy kinek mit jelent a bicikliz\u00e9s, nagyban befoly\u00e1solhatja az adott orsz\u00e1g ker\u00e9kp\u00e1ros kult\u00far\u00e1ja. A bicikliz\u00e9s k\u00fcl\u00f6nb\u00f6z\u0151 szerepet j\u00e1tszhat k\u00fcl\u00f6nb\u00f6z\u0151 kult\u00far\u00e1kban, \u00e9s gyakran belefon\u00f3dik a t\u00e1rsadalom sz\u00f6vet\u00e9be.\",\"breadcrumb\":{\"@id\":\"https:\/\/www.welovecycling.com\/hu\/kozosseg-es-kultura\/mit-jelent-a-biciklizes-az-emberek-szamara-a-vilag-kulonbozo-pontjain\/#breadcrumb\"},\"inLanguage\":\"hu\",\"potentialAction\":[{\"@type\":\"ReadAction\",\"target\":[\"https:\/\/www.welovecycling.com\/hu\/kozosseg-es-kultura\/mit-jelent-a-biciklizes-az-emberek-szamara-a-vilag-kulonbozo-pontjain\/\"]}]},{\"@type\":\"ImageObject\",\"inLanguage\":\"hu\",\"@id\":\"https:\/\/www.welovecycling.com\/hu\/kozosseg-es-kultura\/mit-jelent-a-biciklizes-az-emberek-szamara-a-vilag-kulonbozo-pontjain\/#primaryimage\",\"url\":\"https:\/\/d2p6e6u75xmxt8.cloudfront.net\/12\/2023\/06\/Amsterdam-Bicycles-profimedia-0738619549-CVR.webp\",\"contentUrl\":\"https:\/\/d2p6e6u75xmxt8.cloudfront.net\/12\/2023\/06\/Amsterdam-Bicycles-profimedia-0738619549-CVR.webp\",\"width\":990,\"height\":660,\"caption\":\"Cycling in Amsterdam\"},{\"@type\":\"BreadcrumbList\",\"@id\":\"https:\/\/www.welovecycling.com\/hu\/kozosseg-es-kultura\/mit-jelent-a-biciklizes-az-emberek-szamara-a-vilag-kulonbozo-pontjain\/#breadcrumb\",\"itemListElement\":[{\"@type\":\"ListItem\",\"position\":1,\"name\":\"Home\",\"item\":\"https:\/\/www.welovecycling.com\/hu\/\"},{\"@type\":\"ListItem\",\"position\":2,\"name\":\"Mit jelent a bicikliz\u00e9s az emberek sz\u00e1m\u00e1ra a vil\u00e1g k\u00fcl\u00f6nb\u00f6z\u0151 pontjain?\"}]},{\"@type\":\"WebSite\",\"@id\":\"https:\/\/www.welovecycling.com\/hu\/#website\",\"url\":\"https:\/\/www.welovecycling.com\/hu\/\",\"name\":\"\u0160koda We Love Cycling - Magyarorsz\u00e1g\",\"description\":\"\u0160koda WeLoveCycling\",\"potentialAction\":[{\"@type\":\"SearchAction\",\"target\":{\"@type\":\"EntryPoint\",\"urlTemplate\":\"https:\/\/www.welovecycling.com\/hu\/?s={search_term_string}\"},\"query-input\":{\"@type\":\"PropertyValueSpecification\",\"valueRequired\":true,\"valueName\":\"search_term_string\"}}],\"inLanguage\":\"hu\"},{\"@type\":\"Person\",\"@id\":\"https:\/\/www.welovecycling.com\/hu\/#\/schema\/person\/414a2aebf1801691a5320edb6468e194\",\"name\":\"hegyizs\",\"image\":{\"@type\":\"ImageObject\",\"inLanguage\":\"hu\",\"@id\":\"https:\/\/www.welovecycling.com\/hu\/#\/schema\/person\/image\/\",\"url\":\"https:\/\/secure.gravatar.com\/avatar\/02cf8a7906b8cf90cecb4679defac7cfd33a1c2e3b88e4903d947f3bb58eedd3?s=96&d=mm&r=g\",\"contentUrl\":\"https:\/\/secure.gravatar.com\/avatar\/02cf8a7906b8cf90cecb4679defac7cfd33a1c2e3b88e4903d947f3bb58eedd3?s=96&d=mm&r=g\",\"caption\":\"hegyizs\"},\"url\":\"https:\/\/www.welovecycling.com\/hu\/author\/hegyizs\/\"}]}<\/script>\n<!-- \/ Yoast SEO Premium plugin. -->","yoast_head_json":{"title":"Mit jelent a bicikliz\u00e9s az emberek sz\u00e1m\u00e1ra a vil\u00e1g k\u00fcl\u00f6nb\u00f6z\u0151 pontjain?","description":"Sokak sz\u00e1m\u00e1ra a ker\u00e9kp\u00e1roz\u00e1s k\u00f6zleked\u00e9si forma. M\u00e1soknak pedig szabadid\u0151s tev\u00e9kenys\u00e9g. Egy\u00e9ni dolog, ami mindenkin\u00e9l m\u00e1s, \u00e9s azt, hogy kinek mit jelent a bicikliz\u00e9s, nagyban befoly\u00e1solhatja az adott orsz\u00e1g ker\u00e9kp\u00e1ros kult\u00far\u00e1ja. A bicikliz\u00e9s k\u00fcl\u00f6nb\u00f6z\u0151 szerepet j\u00e1tszhat k\u00fcl\u00f6nb\u00f6z\u0151 kult\u00far\u00e1kban, \u00e9s gyakran belefon\u00f3dik a t\u00e1rsadalom sz\u00f6vet\u00e9be.","robots":{"index":"index","follow":"follow","max-snippet":"max-snippet:-1","max-image-preview":"max-image-preview:large","max-video-preview":"max-video-preview:-1"},"canonical":"https:\/\/www.welovecycling.com\/hu\/kozosseg-es-kultura\/mit-jelent-a-biciklizes-az-emberek-szamara-a-vilag-kulonbozo-pontjain\/","og_locale":"hu_HU","og_type":"article","og_title":"Mit jelent a bicikliz\u00e9s az emberek sz\u00e1m\u00e1ra a vil\u00e1g k\u00fcl\u00f6nb\u00f6z\u0151 pontjain?","og_description":"Sokak sz\u00e1m\u00e1ra a ker\u00e9kp\u00e1roz\u00e1s k\u00f6zleked\u00e9si forma. M\u00e1soknak pedig szabadid\u0151s tev\u00e9kenys\u00e9g. Egy\u00e9ni dolog, ami mindenkin\u00e9l m\u00e1s, \u00e9s azt, hogy kinek mit jelent a bicikliz\u00e9s, nagyban befoly\u00e1solhatja az adott orsz\u00e1g ker\u00e9kp\u00e1ros kult\u00far\u00e1ja. A bicikliz\u00e9s k\u00fcl\u00f6nb\u00f6z\u0151 szerepet j\u00e1tszhat k\u00fcl\u00f6nb\u00f6z\u0151 kult\u00far\u00e1kban, \u00e9s gyakran belefon\u00f3dik a t\u00e1rsadalom sz\u00f6vet\u00e9be.","og_url":"https:\/\/www.welovecycling.com\/hu\/kozosseg-es-kultura\/mit-jelent-a-biciklizes-az-emberek-szamara-a-vilag-kulonbozo-pontjain\/","og_site_name":"\u0160koda We Love Cycling - Magyarorsz\u00e1g","article_publisher":"https:\/\/www.facebook.com\/WeLoveCyclingHungary\/","article_published_time":"2023-06-21T06:00:27+00:00","og_image":[{"width":990,"height":660,"url":"https:\/\/d2p6e6u75xmxt8.cloudfront.net\/12\/2023\/06\/Amsterdam-Bicycles-profimedia-0738619549-CVR.webp","type":"image\/webp"}],"author":"hegyizs","twitter_card":"summary_large_image","twitter_misc":{"Written by":"Charlotte Murray","Est. reading time":"4"},"schema":{"@context":"https:\/\/schema.org","@graph":[{"@type":"WebPage","@id":"https:\/\/www.welovecycling.com\/hu\/kozosseg-es-kultura\/mit-jelent-a-biciklizes-az-emberek-szamara-a-vilag-kulonbozo-pontjain\/","url":"https:\/\/www.welovecycling.com\/hu\/kozosseg-es-kultura\/mit-jelent-a-biciklizes-az-emberek-szamara-a-vilag-kulonbozo-pontjain\/","name":"Mit jelent a bicikliz\u00e9s az emberek sz\u00e1m\u00e1ra a vil\u00e1g k\u00fcl\u00f6nb\u00f6z\u0151 pontjain?","isPartOf":{"@id":"https:\/\/www.welovecycling.com\/hu\/#website"},"primaryImageOfPage":{"@id":"https:\/\/www.welovecycling.com\/hu\/kozosseg-es-kultura\/mit-jelent-a-biciklizes-az-emberek-szamara-a-vilag-kulonbozo-pontjain\/#primaryimage"},"image":{"@id":"https:\/\/www.welovecycling.com\/hu\/kozosseg-es-kultura\/mit-jelent-a-biciklizes-az-emberek-szamara-a-vilag-kulonbozo-pontjain\/#primaryimage"},"thumbnailUrl":"https:\/\/d2p6e6u75xmxt8.cloudfront.net\/12\/2023\/06\/Amsterdam-Bicycles-profimedia-0738619549-CVR.webp","datePublished":"2023-06-21T06:00:27+00:00","author":{"@id":"https:\/\/www.welovecycling.com\/hu\/#\/schema\/person\/414a2aebf1801691a5320edb6468e194"},"description":"Sokak sz\u00e1m\u00e1ra a ker\u00e9kp\u00e1roz\u00e1s k\u00f6zleked\u00e9si forma. M\u00e1soknak pedig szabadid\u0151s tev\u00e9kenys\u00e9g. Egy\u00e9ni dolog, ami mindenkin\u00e9l m\u00e1s, \u00e9s azt, hogy kinek mit jelent a bicikliz\u00e9s, nagyban befoly\u00e1solhatja az adott orsz\u00e1g ker\u00e9kp\u00e1ros kult\u00far\u00e1ja. A bicikliz\u00e9s k\u00fcl\u00f6nb\u00f6z\u0151 szerepet j\u00e1tszhat k\u00fcl\u00f6nb\u00f6z\u0151 kult\u00far\u00e1kban, \u00e9s gyakran belefon\u00f3dik a t\u00e1rsadalom sz\u00f6vet\u00e9be.","breadcrumb":{"@id":"https:\/\/www.welovecycling.com\/hu\/kozosseg-es-kultura\/mit-jelent-a-biciklizes-az-emberek-szamara-a-vilag-kulonbozo-pontjain\/#breadcrumb"},"inLanguage":"hu","potentialAction":[{"@type":"ReadAction","target":["https:\/\/www.welovecycling.com\/hu\/kozosseg-es-kultura\/mit-jelent-a-biciklizes-az-emberek-szamara-a-vilag-kulonbozo-pontjain\/"]}]},{"@type":"ImageObject","inLanguage":"hu","@id":"https:\/\/www.welovecycling.com\/hu\/kozosseg-es-kultura\/mit-jelent-a-biciklizes-az-emberek-szamara-a-vilag-kulonbozo-pontjain\/#primaryimage","url":"https:\/\/d2p6e6u75xmxt8.cloudfront.net\/12\/2023\/06\/Amsterdam-Bicycles-profimedia-0738619549-CVR.webp","contentUrl":"https:\/\/d2p6e6u75xmxt8.cloudfront.net\/12\/2023\/06\/Amsterdam-Bicycles-profimedia-0738619549-CVR.webp","width":990,"height":660,"caption":"Cycling in Amsterdam"},{"@type":"BreadcrumbList","@id":"https:\/\/www.welovecycling.com\/hu\/kozosseg-es-kultura\/mit-jelent-a-biciklizes-az-emberek-szamara-a-vilag-kulonbozo-pontjain\/#breadcrumb","itemListElement":[{"@type":"ListItem","position":1,"name":"Home","item":"https:\/\/www.welovecycling.com\/hu\/"},{"@type":"ListItem","position":2,"name":"Mit jelent a bicikliz\u00e9s az emberek sz\u00e1m\u00e1ra a vil\u00e1g k\u00fcl\u00f6nb\u00f6z\u0151 pontjain?"}]},{"@type":"WebSite","@id":"https:\/\/www.welovecycling.com\/hu\/#website","url":"https:\/\/www.welovecycling.com\/hu\/","name":"\u0160koda We Love Cycling - Magyarorsz\u00e1g","description":"\u0160koda WeLoveCycling","potentialAction":[{"@type":"SearchAction","target":{"@type":"EntryPoint","urlTemplate":"https:\/\/www.welovecycling.com\/hu\/?s={search_term_string}"},"query-input":{"@type":"PropertyValueSpecification","valueRequired":true,"valueName":"search_term_string"}}],"inLanguage":"hu"},{"@type":"Person","@id":"https:\/\/www.welovecycling.com\/hu\/#\/schema\/person\/414a2aebf1801691a5320edb6468e194","name":"hegyizs","image":{"@type":"ImageObject","inLanguage":"hu","@id":"https:\/\/www.welovecycling.com\/hu\/#\/schema\/person\/image\/","url":"https:\/\/secure.gravatar.com\/avatar\/02cf8a7906b8cf90cecb4679defac7cfd33a1c2e3b88e4903d947f3bb58eedd3?s=96&d=mm&r=g","contentUrl":"https:\/\/secure.gravatar.com\/avatar\/02cf8a7906b8cf90cecb4679defac7cfd33a1c2e3b88e4903d947f3bb58eedd3?s=96&d=mm&r=g","caption":"hegyizs"},"url":"https:\/\/www.welovecycling.com\/hu\/author\/hegyizs\/"}]}},"_links":{"self":[{"href":"https:\/\/www.welovecycling.com\/hu\/wp-json\/wp\/v2\/posts\/17522","targetHints":{"allow":["GET"]}}],"collection":[{"href":"https:\/\/www.welovecycling.com\/hu\/wp-json\/wp\/v2\/posts"}],"about":[{"href":"https:\/\/www.welovecycling.com\/hu\/wp-json\/wp\/v2\/types\/post"}],"author":[{"embeddable":true,"href":"https:\/\/www.welovecycling.com\/hu\/wp-json\/wp\/v2\/users\/71"}],"replies":[{"embeddable":true,"href":"https:\/\/www.welovecycling.com\/hu\/wp-json\/wp\/v2\/comments?post=17522"}],"version-history":[{"count":2,"href":"https:\/\/www.welovecycling.com\/hu\/wp-json\/wp\/v2\/posts\/17522\/revisions"}],"predecessor-version":[{"id":17527,"href":"https:\/\/www.welovecycling.com\/hu\/wp-json\/wp\/v2\/posts\/17522\/revisions\/17527"}],"wp:featuredmedia":[{"embeddable":true,"href":"https:\/\/www.welovecycling.com\/hu\/wp-json\/wp\/v2\/media\/17526"}],"wp:attachment":[{"href":"https:\/\/www.welovecycling.com\/hu\/wp-json\/wp\/v2\/media?parent=17522"}],"wp:term":[{"taxonomy":"category","embeddable":true,"href":"https:\/\/www.welovecycling.com\/hu\/wp-json\/wp\/v2\/categories?post=17522"},{"taxonomy":"post_tag","embeddable":true,"href":"https:\/\/www.welovecycling.com\/hu\/wp-json\/wp\/v2\/tags?post=17522"},{"taxonomy":"global-categories","embeddable":true,"href":"https:\/\/www.welovecycling.com\/hu\/wp-json\/wp\/v2\/global-categories?post=17522"}],"curies":[{"name":"wp","href":"https:\/\/api.w.org\/{rel}","templated":true}]}}