{"id":17516,"date":"2023-06-16T11:12:14","date_gmt":"2023-06-16T09:12:14","guid":{"rendered":"https:\/\/www.welovecycling.com\/hu\/?p=17516"},"modified":"2023-06-16T11:12:14","modified_gmt":"2023-06-16T09:12:14","slug":"valter-attila-ezert-valasztottam-a-vilag-legerosebb-csapatat","status":"publish","type":"post","link":"https:\/\/www.welovecycling.com\/hu\/orszaguti-kerekpar\/valter-attila-ezert-valasztottam-a-vilag-legerosebb-csapatat\/","title":{"rendered":"Valter Attila: \u201eEz\u00e9rt v\u00e1lasztottam a vil\u00e1g leger\u0151sebb csapat\u00e1t!\u201d"},"content":{"rendered":"<p><strong>A Crit\u00e9rium du Dauphin\u00e9n bevall\u00e1sa szerint is \u00e9lete egyik, ha nem a legjobb verseny\u00e9t fut\u00f3 magyar klasszis val\u00f3s\u00e1ggal \u00e1radozott Jonas Vingegaard \u00f6sszetett gy\u0151zelme \u00e9s Christophe Laporte z\u00f6ld trik\u00f3ja ut\u00e1n.<\/strong><\/p>\n<p><!--more--><\/p>\n<p>M\u00falt h\u00e9ten <a href=\"https:\/\/www.welovecycling.com\/hu\/orszaguti-kerekpar\/valter-segitokent-tundokol-a-criteriumon-dina-szepen-gyujtogeti-az-eredmenyeket-uj-csapataban\/\">mi is besz\u00e1moltunk<\/a> Valter Attila \u00fajabb remekl\u00e9s\u00e9r\u0151l, ez\u00fattal a Crit\u00e9rium du Dauphin\u00e9n. A magyar bring\u00e1s csapat\u00e1val, a Jumbo-Vism\u00e1val egy\u00fctt szinte t\u00f6k\u00e9letes versenyt futott az az\u00f3ta v\u00e9get \u00e9rt Tour de France-f\u0151pr\u00f3b\u00e1n: a P\u00e1rizsban c\u00edmv\u00e9d\u00e9sre k\u00e9sz\u00fcl\u0151 Jonas Vingegaard megnyerte a patin\u00e1s viadal \u00f6sszetettj\u00e9t, a sprinter Christophe Laporte pedig a gyorsas\u00e1gi pontversenyt. A sikerekb\u0151l tev\u00e9kenyen kivette a r\u00e9sz\u00e9t az egyre sokoldal\u00fabb, \u00e9s a vil\u00e1g legjobb csapat\u00e1n\u00e1l is egyre er\u0151sebb produkci\u00f3kkal jelentkez\u0151 Valter Ati is, aki el\u0151bb \u00f6r\u00f6m\u00e9ben csak ennyit \u00edrt k\u00f6z\u00f6ss\u00e9gi oldal\u00e1ra: <em>\u201e\u00c9letemben el\u0151sz\u00f6r \u00e9rzem azt, hogy a vil\u00e1g egyik legjobb bring\u00e1sa vagyok. Vannak m\u00e9g el\u0151ttem sokan \u00e9s higgy\u00e9tek el, nem egyszer\u0171 nekem ezt le\u00edrni. De ide\u00e9rtem. 8 hib\u00e1tlan nap ut\u00e1n azt \u00e9rzem ez volt \u00e9letem legjobb versenye!\u201d<\/em><\/p>\n<p>Szerd\u00e1n viszont hosszabban \u00e9s r\u00e9szletesebben is <a href=\"https:\/\/www.facebook.com\/permalink.php?story_fbid=pfbid0re4F6hU7kQ73AY31h6n6Lzrtw6CkgUMZCh6NpNoqhZy7w9VvV59bT6bfoZrNJc8Ml&amp;id=100063776644112\">\u00e9rt\u00e9kelt<\/a>, kiemelve, hogy eredetileg a m\u00falt vas\u00e1rnap rajtol\u00f3 \u00e9s jelenleg is zajl\u00f3 sv\u00e1jci k\u00f6r\u00f6n indult volna, de szerencs\u00e9re megv\u00e1ltoztatt\u00e1k a programj\u00e1t, \u00edgy ism\u00e9t Vingegaard-t seg\u00edthette (ami m\u00e1r kor\u00e1bban is j\u00f3l siker\u00fclt neki). Szerencs\u00e9re nem volt ez m\u00e1sk\u00e9nt ez\u00fattal sem, ahogy azt a mell\u00e9kelt \u00e1bra \u00e9s a fentebb le\u00edrt csapateredm\u00e9nyek is mutatj\u00e1k. <em>\u201eNekem evidens, hogy ekkora szt\u00e1rokat seg\u00edtek gy\u0151zelemhez, hiszen sok versenyre ez\u00e9rt \u00e9rkezem. Azonban sz\u00e1mos n\u00e9z\u0151nek felt\u0171nhetett, hogy Laporte k\u00e9t gy\u0151zelm\u00e9n\u00e9l Jonas volt az utols\u00f3 \u201cfelvezet\u0151\u201d ember. B\u00e1r egy kev\u00e9sb\u00e9 term\u00e9szetes t\u00f6rt\u00e9n\u00e9sr\u0151l besz\u00e9l\u00fcnk, \u0151 mindenk\u00e9pp szerette volna beletenni a munk\u00e1t, miel\u0151tt \u0151t seg\u00edti az eg\u00e9sz csapat. Ezt az er\u0151s csapatszellemet nagyon j\u00f3 \u00e1t\u00e9lni \u00e9s ha ekkora versenyz\u0151nek nem \u201cb\u00fcd\u00f6s a munka\u201d akkor, hogy lehetne b\u00e1rkinek az?\u201d<\/em> \u2013 tette fel a k\u00f6lt\u0151i k\u00e9rd\u00e9st Ati, kicsit bel\u00fclr\u0151l is jobban megvil\u00e1g\u00edtva a Jumbo sikereinek egyik titk\u00e1t.<\/p>\n<p><a href=\"https:\/\/d2p6e6u75xmxt8.cloudfront.net\/12\/2023\/06\/valter-attila-jonas-vingegaard-o-gran-camino-bringazas.webp\"><img loading=\"lazy\" decoding=\"async\" class=\"alignnone size-full wp-image-17517\" src=\"https:\/\/d2p6e6u75xmxt8.cloudfront.net\/12\/2023\/06\/valter-attila-jonas-vingegaard-o-gran-camino-bringazas.webp\" alt=\"\" width=\"1500\" height=\"844\" srcset=\"https:\/\/d2p6e6u75xmxt8.cloudfront.net\/12\/2023\/06\/valter-attila-jonas-vingegaard-o-gran-camino-bringazas.webp 1500w, https:\/\/d2p6e6u75xmxt8.cloudfront.net\/12\/2023\/06\/valter-attila-jonas-vingegaard-o-gran-camino-bringazas-300x169.webp 300w, https:\/\/d2p6e6u75xmxt8.cloudfront.net\/12\/2023\/06\/valter-attila-jonas-vingegaard-o-gran-camino-bringazas-1024x576.webp 1024w, https:\/\/d2p6e6u75xmxt8.cloudfront.net\/12\/2023\/06\/valter-attila-jonas-vingegaard-o-gran-camino-bringazas-768x432.webp 768w, https:\/\/d2p6e6u75xmxt8.cloudfront.net\/12\/2023\/06\/valter-attila-jonas-vingegaard-o-gran-camino-bringazas-400x225.webp 400w\" sizes=\"auto, (max-width: 1500px) 100vw, 1500px\" \/><\/a><\/p>\n<p>Azt\u00e1n pedig sz\u00e9p sorban a t\u00f6bbit is: <em>\u201eA h\u00e9tv\u00e9g\u00e9t is nagyon nagy magabiztoss\u00e1ggal v\u00e1rtuk, de sz\u00e1momra t\u00e9nyleg olyan \u00e9lm\u00e9ny volt amire nem sz\u00e1m\u00edtottam. Sosem \u00e9reztem m\u00e9g ekkora profizmust, mindenkinek kilom\u00e9terre lebontva megvolt a feladata \u00e9s mindenki tudta, hogy meg is tudja csin\u00e1lni, amit a vezet\u0151k k\u00e9rnek t\u0151le. Megpr\u00f3b\u00e1ltunk minden forgat\u00f3k\u00f6nyvet \u00e1tn\u00e9zni \u00e9s a reakci\u00f3kat kital\u00e1lni. Fel voltunk k\u00e9sz\u00fclve magunkb\u00f3l \u00e9s az ellenfeleinkb\u0151l \u00e9s pontosan tudtuk minek kell t\u00f6rt\u00e9nnie \u00e9s \u00fagy is lett. V\u00e9gig higgadt fejjel, domin\u00e1lva versenyezt\u00fcnk, rajtam pedig sokszor v\u00e9gigfutott a libab\u0151r, hogy \u00e9n is ennek a csapatnak a tagja vagyok. Olyan tagja, aki mindent meg tud csin\u00e1lni, amire k\u00e9rik, aki t\u00e9nylegesen sokat tud tenni a v\u00e9gs\u0151 gy\u0151zelem\u00e9rt \u00e9s akit nem csak a csapatt\u00e1rsai, de az eg\u00e9sz mez\u0151ny elismer.\u201d<\/em><\/p>\n<p>Ati v\u00e9g\u00fcl r\u00e1er\u0151s\u00edtett a legut\u00f3bb \u00e1ltalunk is \u00edrtakra, hogy vagyis hogy Crit\u00e9rium-szerepl\u00e9s ide, remek teljes\u00edtm\u00e9ny oda, ett\u0151l m\u00e9g nem volt benne a pakliban az, hogy \u0151 id\u00e9n Tourt megy. <em>\u201eNagyon sokan k\u00e9rdeztek a Tour de France-r\u00f3l. Persze nagyon j\u00f3 lenne indulni, de sosem volt k\u00e9pben az indul\u00e1som, nem \u00fagy \u00e9p\u00fclt fel a szezonom \u00e9s nem is voltam a b\u0151 keretben. Att\u00f3l, hogy mentem egy szuper versenyt a Tour keretbe m\u00e9g nem ker\u00fcltem bele. Nagyon j\u00f3l esik, hogy beszavazn\u00e1tok az indul\u00f3k k\u00f6z\u00e9, de a realit\u00e1s m\u00e1shogy m\u0171k\u00f6dik. Rengeteg csapat sz\u00edneiben ott lehetn\u00e9k a rajtn\u00e1l, de \u00e9n a leger\u0151sebb csapatot v\u00e1lasztottam, ahol a legnehezebb a keretbe ker\u00fclni. Jelenleg van n\u00e1lam 8 alkalmasabb versenyz\u0151 a csapatban, akik \u00fajra a gy\u0151zelem\u00e9rt fognak k\u00fczdeni. Rem\u00e9lem egyszer \u00e9n is ebben a sorban lehetek, addig viszont t\u00f6retlen\u00fcl kell fejl\u0151dn\u00f6m.\u201d<\/em><\/p>\n<p>A v\u00e9g\u00fcl seg\u00edt\u0151 l\u00e9t\u00e9re is az \u00f6sszetett top 30-ban v\u00e9gz\u0151, 26. helyen z\u00e1r\u00f3 klasszisunk eset\u00e9ben v\u00e1ltozatlanul az augusztus v\u00e9g\u00e9n rajtol\u00f3 Vuelta-indul\u00e1sban rem\u00e9nykedhet\u00fcnk. Aki addig is szeretne m\u00e9g jobban betekint\u00e9st nyerni a jelenleg a vil\u00e1g legprofibb csapat\u00e1nak tartott Jumbo \u00e9let\u00e9be, n\u00e9zzen bele a Netflix friss, a tavalyi Tour de France-ot feldolgoz\u00f3 dr\u00e1masorozat\u00e1ba. A h\u00e9tv\u00e9g\u00e9n pedig j\u00f6jj\u00f6n a szombaton rajtol\u00f3 Sv\u00e1jci K\u00f6rverseny n\u0151i viadala, az SD Worx keret\u00e9ben Vas Blank\u00e1val!<\/p>\n<p><a href=\"https:\/\/d2p6e6u75xmxt8.cloudfront.net\/12\/2023\/06\/CORVOS_00035575-116.webp\"><img loading=\"lazy\" decoding=\"async\" class=\"alignnone size-full wp-image-17518\" src=\"https:\/\/d2p6e6u75xmxt8.cloudfront.net\/12\/2023\/06\/CORVOS_00035575-116.webp\" alt=\"\" width=\"1500\" height=\"825\" srcset=\"https:\/\/d2p6e6u75xmxt8.cloudfront.net\/12\/2023\/06\/CORVOS_00035575-116.webp 1500w, https:\/\/d2p6e6u75xmxt8.cloudfront.net\/12\/2023\/06\/CORVOS_00035575-116-300x165.webp 300w, https:\/\/d2p6e6u75xmxt8.cloudfront.net\/12\/2023\/06\/CORVOS_00035575-116-1024x563.webp 1024w, https:\/\/d2p6e6u75xmxt8.cloudfront.net\/12\/2023\/06\/CORVOS_00035575-116-768x422.webp 768w, https:\/\/d2p6e6u75xmxt8.cloudfront.net\/12\/2023\/06\/CORVOS_00035575-116-400x220.webp 400w\" sizes=\"auto, (max-width: 1500px) 100vw, 1500px\" \/><\/a><\/p>\n","protected":false},"excerpt":{"rendered":"<p>A Crit\u00e9rium du Dauphin\u00e9n bevall\u00e1sa szerint is \u00e9lete egyik, ha nem a legjobb verseny\u00e9t fut\u00f3 magyar klasszis val\u00f3s\u00e1ggal \u00e1radozott Jonas [&hellip;]<\/p>\n","protected":false},"author":145,"featured_media":17519,"comment_status":"open","ping_status":"open","sticky":false,"template":"","format":"standard","meta":{"footnotes":""},"categories":[8],"tags":[],"global-categories":[419],"class_list":["post-17516","post","type-post","status-publish","format-standard","has-post-thumbnail","hentry","category-orszaguti-kerekpar","global-categories-cycling"],"yoast_head":"<!-- This site is optimized with the Yoast SEO Premium plugin v25.3 (Yoast SEO v25.9) - https:\/\/yoast.com\/wordpress\/plugins\/seo\/ -->\n<title>Valter Attila: \u201eEz\u00e9rt v\u00e1lasztottam a vil\u00e1g leger\u0151sebb csapat\u00e1t!\u201d - \u0160koda We Love Cycling - Magyarorsz\u00e1g<\/title>\n<meta name=\"description\" content=\"A Crit\u00e9rium du Dauphin\u00e9n bevall\u00e1sa szerint is \u00e9lete egyik, ha nem a legjobb verseny\u00e9t fut\u00f3 magyar klasszis val\u00f3s\u00e1ggal \u00e1radozott Jonas Vingegaard \u00f6sszetett gy\u0151zelme \u00e9s Christophe Laporte z\u00f6ld trik\u00f3ja ut\u00e1n.\" \/>\n<meta name=\"robots\" content=\"index, follow, max-snippet:-1, max-image-preview:large, max-video-preview:-1\" \/>\n<link rel=\"canonical\" href=\"https:\/\/www.welovecycling.com\/hu\/orszaguti-kerekpar\/valter-attila-ezert-valasztottam-a-vilag-legerosebb-csapatat\/\" \/>\n<meta property=\"og:locale\" content=\"hu_HU\" \/>\n<meta property=\"og:type\" content=\"article\" \/>\n<meta property=\"og:title\" content=\"Valter Attila: \u201eEz\u00e9rt v\u00e1lasztottam a vil\u00e1g leger\u0151sebb csapat\u00e1t!\u201d\" \/>\n<meta property=\"og:description\" content=\"A Crit\u00e9rium du Dauphin\u00e9n bevall\u00e1sa szerint is \u00e9lete egyik, ha nem a legjobb verseny\u00e9t fut\u00f3 magyar klasszis val\u00f3s\u00e1ggal \u00e1radozott Jonas Vingegaard \u00f6sszetett gy\u0151zelme \u00e9s Christophe Laporte z\u00f6ld trik\u00f3ja ut\u00e1n.\" \/>\n<meta property=\"og:url\" content=\"https:\/\/www.welovecycling.com\/hu\/orszaguti-kerekpar\/valter-attila-ezert-valasztottam-a-vilag-legerosebb-csapatat\/\" \/>\n<meta property=\"og:site_name\" content=\"\u0160koda We Love Cycling - Magyarorsz\u00e1g\" \/>\n<meta property=\"article:publisher\" content=\"https:\/\/www.facebook.com\/WeLoveCyclingHungary\/\" \/>\n<meta property=\"article:published_time\" content=\"2023-06-16T09:12:14+00:00\" \/>\n<meta property=\"og:image\" content=\"https:\/\/d2p6e6u75xmxt8.cloudfront.net\/12\/2023\/06\/353850987_704392561696626_5256211567482606013_n.webp\" \/>\n\t<meta property=\"og:image:width\" content=\"1200\" \/>\n\t<meta property=\"og:image:height\" content=\"800\" \/>\n\t<meta property=\"og:image:type\" content=\"image\/webp\" \/>\n<meta name=\"author\" content=\"kitti\" \/>\n<meta name=\"twitter:card\" content=\"summary_large_image\" \/>\n<meta name=\"twitter:label1\" content=\"Written by\" \/>\n\t<meta name=\"twitter:data1\" content=\"We Love Cycling\" \/>\n\t<meta name=\"twitter:label2\" content=\"Est. reading time\" \/>\n\t<meta name=\"twitter:data2\" content=\"4 minutes\" \/>\n<script type=\"application\/ld+json\" class=\"yoast-schema-graph\">{\"@context\":\"https:\/\/schema.org\",\"@graph\":[{\"@type\":\"WebPage\",\"@id\":\"https:\/\/www.welovecycling.com\/hu\/orszaguti-kerekpar\/valter-attila-ezert-valasztottam-a-vilag-legerosebb-csapatat\/\",\"url\":\"https:\/\/www.welovecycling.com\/hu\/orszaguti-kerekpar\/valter-attila-ezert-valasztottam-a-vilag-legerosebb-csapatat\/\",\"name\":\"Valter Attila: \u201eEz\u00e9rt v\u00e1lasztottam a vil\u00e1g leger\u0151sebb csapat\u00e1t!\u201d - \u0160koda We Love Cycling - Magyarorsz\u00e1g\",\"isPartOf\":{\"@id\":\"https:\/\/www.welovecycling.com\/hu\/#website\"},\"primaryImageOfPage\":{\"@id\":\"https:\/\/www.welovecycling.com\/hu\/orszaguti-kerekpar\/valter-attila-ezert-valasztottam-a-vilag-legerosebb-csapatat\/#primaryimage\"},\"image\":{\"@id\":\"https:\/\/www.welovecycling.com\/hu\/orszaguti-kerekpar\/valter-attila-ezert-valasztottam-a-vilag-legerosebb-csapatat\/#primaryimage\"},\"thumbnailUrl\":\"https:\/\/d2p6e6u75xmxt8.cloudfront.net\/12\/2023\/06\/353850987_704392561696626_5256211567482606013_n.webp\",\"datePublished\":\"2023-06-16T09:12:14+00:00\",\"author\":{\"@id\":\"https:\/\/www.welovecycling.com\/hu\/#\/schema\/person\/bec7dcdbcc59f58489cf603e4040ced1\"},\"description\":\"A Crit\u00e9rium du Dauphin\u00e9n bevall\u00e1sa szerint is \u00e9lete egyik, ha nem a legjobb verseny\u00e9t fut\u00f3 magyar klasszis val\u00f3s\u00e1ggal \u00e1radozott Jonas Vingegaard \u00f6sszetett gy\u0151zelme \u00e9s Christophe Laporte z\u00f6ld trik\u00f3ja ut\u00e1n.\",\"breadcrumb\":{\"@id\":\"https:\/\/www.welovecycling.com\/hu\/orszaguti-kerekpar\/valter-attila-ezert-valasztottam-a-vilag-legerosebb-csapatat\/#breadcrumb\"},\"inLanguage\":\"hu\",\"potentialAction\":[{\"@type\":\"ReadAction\",\"target\":[\"https:\/\/www.welovecycling.com\/hu\/orszaguti-kerekpar\/valter-attila-ezert-valasztottam-a-vilag-legerosebb-csapatat\/\"]}]},{\"@type\":\"ImageObject\",\"inLanguage\":\"hu\",\"@id\":\"https:\/\/www.welovecycling.com\/hu\/orszaguti-kerekpar\/valter-attila-ezert-valasztottam-a-vilag-legerosebb-csapatat\/#primaryimage\",\"url\":\"https:\/\/d2p6e6u75xmxt8.cloudfront.net\/12\/2023\/06\/353850987_704392561696626_5256211567482606013_n.webp\",\"contentUrl\":\"https:\/\/d2p6e6u75xmxt8.cloudfront.net\/12\/2023\/06\/353850987_704392561696626_5256211567482606013_n.webp\",\"width\":1200,\"height\":800},{\"@type\":\"BreadcrumbList\",\"@id\":\"https:\/\/www.welovecycling.com\/hu\/orszaguti-kerekpar\/valter-attila-ezert-valasztottam-a-vilag-legerosebb-csapatat\/#breadcrumb\",\"itemListElement\":[{\"@type\":\"ListItem\",\"position\":1,\"name\":\"Home\",\"item\":\"https:\/\/www.welovecycling.com\/hu\/\"},{\"@type\":\"ListItem\",\"position\":2,\"name\":\"Valter Attila: \u201eEz\u00e9rt v\u00e1lasztottam a vil\u00e1g leger\u0151sebb csapat\u00e1t!\u201d\"}]},{\"@type\":\"WebSite\",\"@id\":\"https:\/\/www.welovecycling.com\/hu\/#website\",\"url\":\"https:\/\/www.welovecycling.com\/hu\/\",\"name\":\"\u0160koda We Love Cycling - Magyarorsz\u00e1g\",\"description\":\"\u0160koda WeLoveCycling\",\"potentialAction\":[{\"@type\":\"SearchAction\",\"target\":{\"@type\":\"EntryPoint\",\"urlTemplate\":\"https:\/\/www.welovecycling.com\/hu\/?s={search_term_string}\"},\"query-input\":{\"@type\":\"PropertyValueSpecification\",\"valueRequired\":true,\"valueName\":\"search_term_string\"}}],\"inLanguage\":\"hu\"},{\"@type\":\"Person\",\"@id\":\"https:\/\/www.welovecycling.com\/hu\/#\/schema\/person\/bec7dcdbcc59f58489cf603e4040ced1\",\"name\":\"kitti\",\"image\":{\"@type\":\"ImageObject\",\"inLanguage\":\"hu\",\"@id\":\"https:\/\/www.welovecycling.com\/hu\/#\/schema\/person\/image\/\",\"url\":\"https:\/\/secure.gravatar.com\/avatar\/e3196a110e1b57b96f56d92d10ce9bb4e9d7210076832a16243337e949410b52?s=96&d=mm&r=g\",\"contentUrl\":\"https:\/\/secure.gravatar.com\/avatar\/e3196a110e1b57b96f56d92d10ce9bb4e9d7210076832a16243337e949410b52?s=96&d=mm&r=g\",\"caption\":\"kitti\"},\"url\":\"https:\/\/www.welovecycling.com\/hu\/author\/kitti\/\"}]}<\/script>\n<!-- \/ Yoast SEO Premium plugin. -->","yoast_head_json":{"title":"Valter Attila: \u201eEz\u00e9rt v\u00e1lasztottam a vil\u00e1g leger\u0151sebb csapat\u00e1t!\u201d - \u0160koda We Love Cycling - Magyarorsz\u00e1g","description":"A Crit\u00e9rium du Dauphin\u00e9n bevall\u00e1sa szerint is \u00e9lete egyik, ha nem a legjobb verseny\u00e9t fut\u00f3 magyar klasszis val\u00f3s\u00e1ggal \u00e1radozott Jonas Vingegaard \u00f6sszetett gy\u0151zelme \u00e9s Christophe Laporte z\u00f6ld trik\u00f3ja ut\u00e1n.","robots":{"index":"index","follow":"follow","max-snippet":"max-snippet:-1","max-image-preview":"max-image-preview:large","max-video-preview":"max-video-preview:-1"},"canonical":"https:\/\/www.welovecycling.com\/hu\/orszaguti-kerekpar\/valter-attila-ezert-valasztottam-a-vilag-legerosebb-csapatat\/","og_locale":"hu_HU","og_type":"article","og_title":"Valter Attila: \u201eEz\u00e9rt v\u00e1lasztottam a vil\u00e1g leger\u0151sebb csapat\u00e1t!\u201d","og_description":"A Crit\u00e9rium du Dauphin\u00e9n bevall\u00e1sa szerint is \u00e9lete egyik, ha nem a legjobb verseny\u00e9t fut\u00f3 magyar klasszis val\u00f3s\u00e1ggal \u00e1radozott Jonas Vingegaard \u00f6sszetett gy\u0151zelme \u00e9s Christophe Laporte z\u00f6ld trik\u00f3ja ut\u00e1n.","og_url":"https:\/\/www.welovecycling.com\/hu\/orszaguti-kerekpar\/valter-attila-ezert-valasztottam-a-vilag-legerosebb-csapatat\/","og_site_name":"\u0160koda We Love Cycling - Magyarorsz\u00e1g","article_publisher":"https:\/\/www.facebook.com\/WeLoveCyclingHungary\/","article_published_time":"2023-06-16T09:12:14+00:00","og_image":[{"width":1200,"height":800,"url":"https:\/\/d2p6e6u75xmxt8.cloudfront.net\/12\/2023\/06\/353850987_704392561696626_5256211567482606013_n.webp","type":"image\/webp"}],"author":"kitti","twitter_card":"summary_large_image","twitter_misc":{"Written by":"We Love Cycling","Est. reading time":"4 minutes"},"schema":{"@context":"https:\/\/schema.org","@graph":[{"@type":"WebPage","@id":"https:\/\/www.welovecycling.com\/hu\/orszaguti-kerekpar\/valter-attila-ezert-valasztottam-a-vilag-legerosebb-csapatat\/","url":"https:\/\/www.welovecycling.com\/hu\/orszaguti-kerekpar\/valter-attila-ezert-valasztottam-a-vilag-legerosebb-csapatat\/","name":"Valter Attila: \u201eEz\u00e9rt v\u00e1lasztottam a vil\u00e1g leger\u0151sebb csapat\u00e1t!\u201d - \u0160koda We Love Cycling - Magyarorsz\u00e1g","isPartOf":{"@id":"https:\/\/www.welovecycling.com\/hu\/#website"},"primaryImageOfPage":{"@id":"https:\/\/www.welovecycling.com\/hu\/orszaguti-kerekpar\/valter-attila-ezert-valasztottam-a-vilag-legerosebb-csapatat\/#primaryimage"},"image":{"@id":"https:\/\/www.welovecycling.com\/hu\/orszaguti-kerekpar\/valter-attila-ezert-valasztottam-a-vilag-legerosebb-csapatat\/#primaryimage"},"thumbnailUrl":"https:\/\/d2p6e6u75xmxt8.cloudfront.net\/12\/2023\/06\/353850987_704392561696626_5256211567482606013_n.webp","datePublished":"2023-06-16T09:12:14+00:00","author":{"@id":"https:\/\/www.welovecycling.com\/hu\/#\/schema\/person\/bec7dcdbcc59f58489cf603e4040ced1"},"description":"A Crit\u00e9rium du Dauphin\u00e9n bevall\u00e1sa szerint is \u00e9lete egyik, ha nem a legjobb verseny\u00e9t fut\u00f3 magyar klasszis val\u00f3s\u00e1ggal \u00e1radozott Jonas Vingegaard \u00f6sszetett gy\u0151zelme \u00e9s Christophe Laporte z\u00f6ld trik\u00f3ja ut\u00e1n.","breadcrumb":{"@id":"https:\/\/www.welovecycling.com\/hu\/orszaguti-kerekpar\/valter-attila-ezert-valasztottam-a-vilag-legerosebb-csapatat\/#breadcrumb"},"inLanguage":"hu","potentialAction":[{"@type":"ReadAction","target":["https:\/\/www.welovecycling.com\/hu\/orszaguti-kerekpar\/valter-attila-ezert-valasztottam-a-vilag-legerosebb-csapatat\/"]}]},{"@type":"ImageObject","inLanguage":"hu","@id":"https:\/\/www.welovecycling.com\/hu\/orszaguti-kerekpar\/valter-attila-ezert-valasztottam-a-vilag-legerosebb-csapatat\/#primaryimage","url":"https:\/\/d2p6e6u75xmxt8.cloudfront.net\/12\/2023\/06\/353850987_704392561696626_5256211567482606013_n.webp","contentUrl":"https:\/\/d2p6e6u75xmxt8.cloudfront.net\/12\/2023\/06\/353850987_704392561696626_5256211567482606013_n.webp","width":1200,"height":800},{"@type":"BreadcrumbList","@id":"https:\/\/www.welovecycling.com\/hu\/orszaguti-kerekpar\/valter-attila-ezert-valasztottam-a-vilag-legerosebb-csapatat\/#breadcrumb","itemListElement":[{"@type":"ListItem","position":1,"name":"Home","item":"https:\/\/www.welovecycling.com\/hu\/"},{"@type":"ListItem","position":2,"name":"Valter Attila: \u201eEz\u00e9rt v\u00e1lasztottam a vil\u00e1g leger\u0151sebb csapat\u00e1t!\u201d"}]},{"@type":"WebSite","@id":"https:\/\/www.welovecycling.com\/hu\/#website","url":"https:\/\/www.welovecycling.com\/hu\/","name":"\u0160koda We Love Cycling - Magyarorsz\u00e1g","description":"\u0160koda WeLoveCycling","potentialAction":[{"@type":"SearchAction","target":{"@type":"EntryPoint","urlTemplate":"https:\/\/www.welovecycling.com\/hu\/?s={search_term_string}"},"query-input":{"@type":"PropertyValueSpecification","valueRequired":true,"valueName":"search_term_string"}}],"inLanguage":"hu"},{"@type":"Person","@id":"https:\/\/www.welovecycling.com\/hu\/#\/schema\/person\/bec7dcdbcc59f58489cf603e4040ced1","name":"kitti","image":{"@type":"ImageObject","inLanguage":"hu","@id":"https:\/\/www.welovecycling.com\/hu\/#\/schema\/person\/image\/","url":"https:\/\/secure.gravatar.com\/avatar\/e3196a110e1b57b96f56d92d10ce9bb4e9d7210076832a16243337e949410b52?s=96&d=mm&r=g","contentUrl":"https:\/\/secure.gravatar.com\/avatar\/e3196a110e1b57b96f56d92d10ce9bb4e9d7210076832a16243337e949410b52?s=96&d=mm&r=g","caption":"kitti"},"url":"https:\/\/www.welovecycling.com\/hu\/author\/kitti\/"}]}},"_links":{"self":[{"href":"https:\/\/www.welovecycling.com\/hu\/wp-json\/wp\/v2\/posts\/17516","targetHints":{"allow":["GET"]}}],"collection":[{"href":"https:\/\/www.welovecycling.com\/hu\/wp-json\/wp\/v2\/posts"}],"about":[{"href":"https:\/\/www.welovecycling.com\/hu\/wp-json\/wp\/v2\/types\/post"}],"author":[{"embeddable":true,"href":"https:\/\/www.welovecycling.com\/hu\/wp-json\/wp\/v2\/users\/145"}],"replies":[{"embeddable":true,"href":"https:\/\/www.welovecycling.com\/hu\/wp-json\/wp\/v2\/comments?post=17516"}],"version-history":[{"count":1,"href":"https:\/\/www.welovecycling.com\/hu\/wp-json\/wp\/v2\/posts\/17516\/revisions"}],"predecessor-version":[{"id":17520,"href":"https:\/\/www.welovecycling.com\/hu\/wp-json\/wp\/v2\/posts\/17516\/revisions\/17520"}],"wp:featuredmedia":[{"embeddable":true,"href":"https:\/\/www.welovecycling.com\/hu\/wp-json\/wp\/v2\/media\/17519"}],"wp:attachment":[{"href":"https:\/\/www.welovecycling.com\/hu\/wp-json\/wp\/v2\/media?parent=17516"}],"wp:term":[{"taxonomy":"category","embeddable":true,"href":"https:\/\/www.welovecycling.com\/hu\/wp-json\/wp\/v2\/categories?post=17516"},{"taxonomy":"post_tag","embeddable":true,"href":"https:\/\/www.welovecycling.com\/hu\/wp-json\/wp\/v2\/tags?post=17516"},{"taxonomy":"global-categories","embeddable":true,"href":"https:\/\/www.welovecycling.com\/hu\/wp-json\/wp\/v2\/global-categories?post=17516"}],"curies":[{"name":"wp","href":"https:\/\/api.w.org\/{rel}","templated":true}]}}