{"id":17504,"date":"2023-06-13T08:00:20","date_gmt":"2023-06-13T06:00:20","guid":{"rendered":"https:\/\/www.welovecycling.com\/hu\/?p=17504"},"modified":"2023-06-09T13:07:45","modified_gmt":"2023-06-09T11:07:45","slug":"egyre-novekszik-a-szervezett-kerekparlopasok-szama-hollandiaban-es-egyeb-nem-tul-jo-hirek","status":"publish","type":"post","link":"https:\/\/www.welovecycling.com\/hu\/varosi-kerekparozas\/egyre-novekszik-a-szervezett-kerekparlopasok-szama-hollandiaban-es-egyeb-nem-tul-jo-hirek\/","title":{"rendered":"Egyre n\u00f6vekszik a szervezett ker\u00e9kp\u00e1rlop\u00e1sok sz\u00e1ma Hollandi\u00e1ban \u00e9s egy\u00e9b nem t\u00fal j\u00f3 h\u00edrek"},"content":{"rendered":"<p><strong>Ha azon t\u0171n\u0151dsz, vajon el\u00e9g biztons\u00e1gosan z\u00e1rtad-e le a ker\u00e9kp\u00e1rod a k\u00e1v\u00e9z\u00f3 el\u0151tt, j\u00f3 h\u00edr\u00fcnk van: az ut\u00f3bbi \u00e9vekben az eur\u00f3pai f\u0151v\u00e1rosokban n\u00e9mileg cs\u00f6kkent az ellopott biciklik sz\u00e1ma. Azonban van egy rossz h\u00edr\u00fcnk is. A biciklitulajdonosok legal\u00e1bb fele soha nem jelenti be az ellopott j\u00e1rg\u00e1nyt, \u00edgy az ellopott bring\u00e1k sz\u00e1ma val\u00f3j\u00e1ban k\u00f6r\u00fclbel\u00fcl k\u00e9tszer olyan magas, mint amennyit a hivatalos statisztik\u00e1k mutatnak. <\/strong><\/p>\n<p style=\"font-weight: 400;\"><!--more--><\/p>\n<p>Csup\u00e1n Eur\u00f3p\u00e1ban \u00e9vente 3-4 milli\u00f3 ker\u00e9kp\u00e1rt lopnak el, Eur\u00f3p\u00e1n bel\u00fcl pedig Hollandi\u00e1ban a legmagasabb a biciklilop\u00e1sok sz\u00e1ma. A Holland Ker\u00e9kp\u00e1rosok Sz\u00f6vets\u00e9g\u00e9nek jelent\u00e9se szerint Hollandi\u00e1ban \u00e9vente k\u00f6r\u00fclbel\u00fcl 500 000 biciklit lopnak el, ami percenk\u00e9nt egy ellopott ker\u00e9kp\u00e1rt jelent. A ker\u00e9kp\u00e1rlop\u00e1s sz\u00e1mos eur\u00f3pai f\u0151v\u00e1rosban, p\u00e9ld\u00e1ul Amszterdamban, Berlinben \u00e9s Londonban is komoly probl\u00e9m\u00e1t jelent. A legfrissebb adatok szerint Amszterdamban \u00e9vente \u00e1tlagosan minden harmadik biciklinek l\u00e1ba k\u00e9l, Londonban pedig \u00e9vente k\u00f6r\u00fclbel\u00fcl 50 000 bicikli t\u0171nik el.<\/p>\n<p>Az ellopott biciklik t\u00f6bbs\u00e9ge soha nem ker\u00fcl el\u0151. Az Eur\u00f3pai Ker\u00e9kp\u00e1rosok Sz\u00f6vets\u00e9g\u00e9nek tanulm\u00e1nya szerint az ellopott ker\u00e9kp\u00e1roknak csup\u00e1n 5-10%-\u00e1t tal\u00e1lj\u00e1k meg a b\u0171n\u00fcld\u00f6z\u0151 szervek. Az Egyes\u00fclt Kir\u00e1lys\u00e1gban p\u00e9ld\u00e1ul 2022-ben a biciklilop\u00e1si \u00fcgyek 90%-\u00e1t a gyan\u00fas\u00edtott azonos\u00edt\u00e1sa n\u00e9lk\u00fcl z\u00e1rt\u00e1k le \u00e9s mind\u00f6ssze az esetek 1,7%-\u00e1ban emeltek v\u00e1dat valakivel szemben. Ennek ellen\u00e9re a lop\u00e1s \u00e1ldozatainak 71%-a soha nem jelenti a b\u0171ncselekm\u00e9nyt a rend\u0151rs\u00e9gnek. Ez azt jelenti, hogy a probl\u00e9ma val\u00f3sz\u00edn\u0171leg k\u00e9tszer olyan s\u00falyos, mint amilyennek a sz\u00e1mok alapj\u00e1n t\u0171nik.<\/p>\n<p>A holland hat\u00f3s\u00e1gok szerint b\u00e1r az ellopott ker\u00e9kp\u00e1rok sz\u00e1ma enyh\u00e9n cs\u00f6kken, az \u00f6ssz\u00e9rt\u00e9k jelent\u0151sen n\u0151 \u00e9s k\u00f6zel 600 milli\u00f3 eur\u00f3s k\u00e1rt okoz. Ennek oka, hogy a tolvajok egyre ink\u00e1bb az e-ker\u00e9kp\u00e1rokat veszik c\u00e9lba, amik sokkal dr\u00e1g\u00e1bbak a hagyom\u00e1nyos modellekn\u00e9l. Az esetek 85%-a a nem elektromos bicikliket, m\u00edg 15%-az elektromos modelleket \u00e9rinti.<\/p>\n<figure id=\"attachment_17505\" aria-describedby=\"caption-attachment-17505\" style=\"width: 990px\" class=\"wp-caption alignnone\"><a href=\"https:\/\/d2p6e6u75xmxt8.cloudfront.net\/12\/2023\/06\/Dismounted-Bicycle-profimedia-0628106345.webp\"><img loading=\"lazy\" decoding=\"async\" class=\"wp-image-17505 size-full\" src=\"https:\/\/d2p6e6u75xmxt8.cloudfront.net\/12\/2023\/06\/Dismounted-Bicycle-profimedia-0628106345.webp\" alt=\"A dismounted bicycle\" width=\"990\" height=\"660\" srcset=\"https:\/\/d2p6e6u75xmxt8.cloudfront.net\/12\/2023\/06\/Dismounted-Bicycle-profimedia-0628106345.webp 990w, https:\/\/d2p6e6u75xmxt8.cloudfront.net\/12\/2023\/06\/Dismounted-Bicycle-profimedia-0628106345-300x200.webp 300w, https:\/\/d2p6e6u75xmxt8.cloudfront.net\/12\/2023\/06\/Dismounted-Bicycle-profimedia-0628106345-768x512.webp 768w, https:\/\/d2p6e6u75xmxt8.cloudfront.net\/12\/2023\/06\/Dismounted-Bicycle-profimedia-0628106345-400x267.webp 400w, https:\/\/d2p6e6u75xmxt8.cloudfront.net\/12\/2023\/06\/Dismounted-Bicycle-profimedia-0628106345-272x182.webp 272w\" sizes=\"auto, (max-width: 990px) 100vw, 990px\" \/><\/a><figcaption id=\"caption-attachment-17505\" class=\"wp-caption-text\"><em>A ker\u00e9kp\u00e1rtulajdonosok \u00e9s k\u00f6ny\u00f6rtelen ragadoz\u00f3ik, a ker\u00e9kp\u00e1rtolvajok k\u00f6z\u00f6tti h\u00e1bor\u00fa folyamatos. \u00a9 Profimedia<\/em><\/figcaption><\/figure>\n<p>Guus Wesselink, a biciklilop\u00e1sok ellen k\u00fczd\u0151 alap\u00edtv\u00e1ny (S.A.F.E.) eln\u00f6ke szerint ezek az adatok eg\u00e9szen megd\u00f6bbent\u0151ek. <em>\u201cK\u00f6zel h\u00e1romnegyed milli\u00f3 biciklilop\u00e1s egy \u00e9v alatt. Ez t\u00f6bb mint k\u00e9tezer naponta. Ez\u00e9rt s\u00fcrg\u0151sen a tulajdonosokhoz, a miniszt\u00e9riumokhoz, az \u00f6nkorm\u00e1nyzatokhoz, a biztos\u00edt\u00f3khoz \u00e9s a bicikli iparhoz fordulunk: itt az id\u0151, hogy extra er\u0151fesz\u00edt\u00e9seket tegyenek ennek az elszabadul\u00f3 jelens\u00e9gnek a megel\u0151z\u00e9se \u00e9s lek\u00fczd\u00e9se \u00e9rdek\u00e9ben. Amennyiben ez nem t\u00f6rt\u00e9nik meg, a biciklilop\u00e1sok ar\u00e1nya csak tov\u00e1bb n\u0151 \u00e9s Hollandia tov\u00e1bbra is a ker\u00e9kp\u00e1rtolvajok paradicsoma marad.\u201d<\/em><\/p>\n<p>Az \u00e9v elej\u00e9n a Groninger Observer arr\u00f3l sz\u00e1molt be, hogy Hollandi\u00e1ban szervezett b\u0171n\u00f6z\u00e9ss\u00e9 v\u00e1lt a ker\u00e9kp\u00e1rlop\u00e1s. Egy lopott biciklit k\u00f6nny\u0171 megvenni, p\u00e9ld\u00e1ul az\u00e1ltal, ha az \u00e9rdekl\u0151d\u0151 kapcsolatba l\u00e9p a keresked\u0151vel a k\u00f6z\u00f6ss\u00e9gi m\u00e9di\u00e1n kereszt\u00fcl. Egy ker\u00e9kp\u00e1r \u00e1ra h\u00fasz eur\u00f3 k\u00f6r\u00fcl van, ami kevesebb mint az \u00f6t\u00f6de annak, amennyibe a leg\u00e1lis \u00fczletekben k\u00edn\u00e1lt haszn\u00e1lt bicajok ker\u00fclnek. A holland rend\u0151rs\u00e9g \u00e9s a biciklis szakszervezetek figyelmeztetnek a legt\u00f6bb holland v\u00e1rosban jelen l\u00e9v\u0151 nemzetk\u00f6zi band\u00e1kra. A tolvajok k\u00fcl\u00f6nb\u00f6z\u0151 eszk\u00f6z\u00f6ket haszn\u00e1lnak a z\u00e1rak kinyit\u00e1s\u00e1ra \u00e9s a v\u00e1zakon l\u00e9v\u0151 sorozatsz\u00e1mok meghamis\u00edt\u00e1s\u00e1ra.<\/p>\n<p>Az ANWB meger\u0151s\u00edti, hogy az elektromos biciklik mellett egyre ink\u00e1bb a neh\u00e9z elektromos teherbicikliket is c\u00e9lba veszik. A b\u0171n\u00f6z\u0151k furgonokkal \u00e9rkeznek, felpakolj\u00e1k a bicikliket \u00e9s k\u00fclf\u00f6ldre sz\u00e1ll\u00edtj\u00e1k \u0151ket. Az \u00f6sszecsukhat\u00f3 ker\u00e9kp\u00e1rok a lista v\u00e9g\u00e9n \u00e1llnak, b\u00e1r ez f\u0151leg az\u00e9rt van, mert szinte mindig belt\u00e9rben t\u00e1rolj\u00e1k \u0151ket.<\/p>\n<p style=\"font-weight: 400;\">Az AlterLock \u00e1ltal v\u00e9gzett tanulm\u00e1ny szerint az ellopott ker\u00e9kp\u00e1rok 90%-a le volt z\u00e1rva valamilyen m\u00f3don. A tanulm\u00e1nyb\u00f3l kider\u00fclt, hogy a lop\u00e1st\u00f3l val\u00f3 f\u00e9lelem ellen\u00e9re a legt\u00f6bb tulajdonos nem a megfelel\u0151 eszk\u00f6z\u00f6kkel v\u00e9di biciklij\u00e9t, \u00e9s csup\u00e1n a t\u00f6red\u00e9k\u00fck t\u00e1maszkodik az olyan modern elektronikus eszk\u00f6z\u00f6kre, mint p\u00e9ld\u00e1ul az \u00e9rz\u00e9kel\u0151k \u00e9s a nyomk\u00f6vet\u0151k. Az AlterLock tanulm\u00e1nya szerint a lop\u00e1s es\u00e9lye az els\u0151 \u00f6t perc ut\u00e1n dr\u00e1maian megn\u0151. M\u00e9g mindig a k\u00e1v\u00e9z\u00f3ban \u00fclsz \u00e9s ezt a cikket olvasod ahelyett, hogy csekkoln\u00e1d a kint \u00e1ll\u00f3 biciklidet?<\/p>\n","protected":false},"excerpt":{"rendered":"<p>Ha azon t\u0171n\u0151dsz, vajon el\u00e9g biztons\u00e1gosan z\u00e1rtad-e le a ker\u00e9kp\u00e1rod a k\u00e1v\u00e9z\u00f3 el\u0151tt, j\u00f3 h\u00edr\u00fcnk van: az ut\u00f3bbi \u00e9vekben az [&hellip;]<\/p>\n","protected":false},"author":71,"featured_media":17507,"comment_status":"open","ping_status":"open","sticky":false,"template":"","format":"standard","meta":{"footnotes":""},"categories":[9],"tags":[],"global-categories":[],"class_list":["post-17504","post","type-post","status-publish","format-standard","has-post-thumbnail","hentry","category-varosi-kerekparozas"],"yoast_head":"<!-- This site is optimized with the Yoast SEO Premium plugin v25.3 (Yoast SEO v25.9) - https:\/\/yoast.com\/wordpress\/plugins\/seo\/ -->\n<title>Egyre n\u00f6vekszik a szervezett ker\u00e9kp\u00e1rlop\u00e1sok sz\u00e1ma Hollandi\u00e1ban \u00e9s egy\u00e9b nem t\u00fal j\u00f3 h\u00edrek<\/title>\n<meta name=\"description\" content=\"Ha azon t\u0171n\u0151dsz, vajon el\u00e9g biztons\u00e1gosan z\u00e1rtad-e le a ker\u00e9kp\u00e1rod a k\u00e1v\u00e9z\u00f3 el\u0151tt, j\u00f3 h\u00edr\u00fcnk van: az ut\u00f3bbi \u00e9vekben az eur\u00f3pai f\u0151v\u00e1rosokban n\u00e9mileg cs\u00f6kkent az ellopott biciklik sz\u00e1ma. Azonban van egy rossz h\u00edr\u00fcnk is.\" \/>\n<meta name=\"robots\" content=\"index, follow, max-snippet:-1, max-image-preview:large, max-video-preview:-1\" \/>\n<link rel=\"canonical\" href=\"https:\/\/www.welovecycling.com\/hu\/varosi-kerekparozas\/egyre-novekszik-a-szervezett-kerekparlopasok-szama-hollandiaban-es-egyeb-nem-tul-jo-hirek\/\" \/>\n<meta property=\"og:locale\" content=\"hu_HU\" \/>\n<meta property=\"og:type\" content=\"article\" \/>\n<meta property=\"og:title\" content=\"Egyre n\u00f6vekszik a szervezett ker\u00e9kp\u00e1rlop\u00e1sok sz\u00e1ma Hollandi\u00e1ban \u00e9s egy\u00e9b nem t\u00fal j\u00f3 h\u00edrek\" \/>\n<meta property=\"og:description\" content=\"Ha azon t\u0171n\u0151dsz, vajon el\u00e9g biztons\u00e1gosan z\u00e1rtad-e le a ker\u00e9kp\u00e1rod a k\u00e1v\u00e9z\u00f3 el\u0151tt, j\u00f3 h\u00edr\u00fcnk van: az ut\u00f3bbi \u00e9vekben az eur\u00f3pai f\u0151v\u00e1rosokban n\u00e9mileg cs\u00f6kkent az ellopott biciklik sz\u00e1ma. Azonban van egy rossz h\u00edr\u00fcnk is.\" \/>\n<meta property=\"og:url\" content=\"https:\/\/www.welovecycling.com\/hu\/varosi-kerekparozas\/egyre-novekszik-a-szervezett-kerekparlopasok-szama-hollandiaban-es-egyeb-nem-tul-jo-hirek\/\" \/>\n<meta property=\"og:site_name\" content=\"\u0160koda We Love Cycling - Magyarorsz\u00e1g\" \/>\n<meta property=\"article:publisher\" content=\"https:\/\/www.facebook.com\/WeLoveCyclingHungary\/\" \/>\n<meta property=\"article:published_time\" content=\"2023-06-13T06:00:20+00:00\" \/>\n<meta property=\"og:image\" content=\"https:\/\/d2p6e6u75xmxt8.cloudfront.net\/12\/2023\/06\/Dismounted-Bike-Theft-profimedia-0306330202-CVR.webp\" \/>\n\t<meta property=\"og:image:width\" content=\"990\" \/>\n\t<meta property=\"og:image:height\" content=\"660\" \/>\n\t<meta property=\"og:image:type\" content=\"image\/webp\" \/>\n<meta name=\"author\" content=\"hegyizs\" \/>\n<meta name=\"twitter:card\" content=\"summary_large_image\" \/>\n<meta name=\"twitter:label1\" content=\"Written by\" \/>\n\t<meta name=\"twitter:data1\" content=\"Adam Marsal\" \/>\n\t<meta name=\"twitter:label2\" content=\"Est. reading time\" \/>\n\t<meta name=\"twitter:data2\" content=\"4\" \/>\n<script type=\"application\/ld+json\" class=\"yoast-schema-graph\">{\"@context\":\"https:\/\/schema.org\",\"@graph\":[{\"@type\":\"WebPage\",\"@id\":\"https:\/\/www.welovecycling.com\/hu\/varosi-kerekparozas\/egyre-novekszik-a-szervezett-kerekparlopasok-szama-hollandiaban-es-egyeb-nem-tul-jo-hirek\/\",\"url\":\"https:\/\/www.welovecycling.com\/hu\/varosi-kerekparozas\/egyre-novekszik-a-szervezett-kerekparlopasok-szama-hollandiaban-es-egyeb-nem-tul-jo-hirek\/\",\"name\":\"Egyre n\u00f6vekszik a szervezett ker\u00e9kp\u00e1rlop\u00e1sok sz\u00e1ma Hollandi\u00e1ban \u00e9s egy\u00e9b nem t\u00fal j\u00f3 h\u00edrek\",\"isPartOf\":{\"@id\":\"https:\/\/www.welovecycling.com\/hu\/#website\"},\"primaryImageOfPage\":{\"@id\":\"https:\/\/www.welovecycling.com\/hu\/varosi-kerekparozas\/egyre-novekszik-a-szervezett-kerekparlopasok-szama-hollandiaban-es-egyeb-nem-tul-jo-hirek\/#primaryimage\"},\"image\":{\"@id\":\"https:\/\/www.welovecycling.com\/hu\/varosi-kerekparozas\/egyre-novekszik-a-szervezett-kerekparlopasok-szama-hollandiaban-es-egyeb-nem-tul-jo-hirek\/#primaryimage\"},\"thumbnailUrl\":\"https:\/\/d2p6e6u75xmxt8.cloudfront.net\/12\/2023\/06\/Dismounted-Bike-Theft-profimedia-0306330202-CVR.webp\",\"datePublished\":\"2023-06-13T06:00:20+00:00\",\"author\":{\"@id\":\"https:\/\/www.welovecycling.com\/hu\/#\/schema\/person\/414a2aebf1801691a5320edb6468e194\"},\"description\":\"Ha azon t\u0171n\u0151dsz, vajon el\u00e9g biztons\u00e1gosan z\u00e1rtad-e le a ker\u00e9kp\u00e1rod a k\u00e1v\u00e9z\u00f3 el\u0151tt, j\u00f3 h\u00edr\u00fcnk van: az ut\u00f3bbi \u00e9vekben az eur\u00f3pai f\u0151v\u00e1rosokban n\u00e9mileg cs\u00f6kkent az ellopott biciklik sz\u00e1ma. Azonban van egy rossz h\u00edr\u00fcnk is.\",\"breadcrumb\":{\"@id\":\"https:\/\/www.welovecycling.com\/hu\/varosi-kerekparozas\/egyre-novekszik-a-szervezett-kerekparlopasok-szama-hollandiaban-es-egyeb-nem-tul-jo-hirek\/#breadcrumb\"},\"inLanguage\":\"hu\",\"potentialAction\":[{\"@type\":\"ReadAction\",\"target\":[\"https:\/\/www.welovecycling.com\/hu\/varosi-kerekparozas\/egyre-novekszik-a-szervezett-kerekparlopasok-szama-hollandiaban-es-egyeb-nem-tul-jo-hirek\/\"]}]},{\"@type\":\"ImageObject\",\"inLanguage\":\"hu\",\"@id\":\"https:\/\/www.welovecycling.com\/hu\/varosi-kerekparozas\/egyre-novekszik-a-szervezett-kerekparlopasok-szama-hollandiaban-es-egyeb-nem-tul-jo-hirek\/#primaryimage\",\"url\":\"https:\/\/d2p6e6u75xmxt8.cloudfront.net\/12\/2023\/06\/Dismounted-Bike-Theft-profimedia-0306330202-CVR.webp\",\"contentUrl\":\"https:\/\/d2p6e6u75xmxt8.cloudfront.net\/12\/2023\/06\/Dismounted-Bike-Theft-profimedia-0306330202-CVR.webp\",\"width\":990,\"height\":660,\"caption\":\"A dismounted bicycle\"},{\"@type\":\"BreadcrumbList\",\"@id\":\"https:\/\/www.welovecycling.com\/hu\/varosi-kerekparozas\/egyre-novekszik-a-szervezett-kerekparlopasok-szama-hollandiaban-es-egyeb-nem-tul-jo-hirek\/#breadcrumb\",\"itemListElement\":[{\"@type\":\"ListItem\",\"position\":1,\"name\":\"Home\",\"item\":\"https:\/\/www.welovecycling.com\/hu\/\"},{\"@type\":\"ListItem\",\"position\":2,\"name\":\"Egyre n\u00f6vekszik a szervezett ker\u00e9kp\u00e1rlop\u00e1sok sz\u00e1ma Hollandi\u00e1ban \u00e9s egy\u00e9b nem t\u00fal j\u00f3 h\u00edrek\"}]},{\"@type\":\"WebSite\",\"@id\":\"https:\/\/www.welovecycling.com\/hu\/#website\",\"url\":\"https:\/\/www.welovecycling.com\/hu\/\",\"name\":\"\u0160koda We Love Cycling - Magyarorsz\u00e1g\",\"description\":\"\u0160koda WeLoveCycling\",\"potentialAction\":[{\"@type\":\"SearchAction\",\"target\":{\"@type\":\"EntryPoint\",\"urlTemplate\":\"https:\/\/www.welovecycling.com\/hu\/?s={search_term_string}\"},\"query-input\":{\"@type\":\"PropertyValueSpecification\",\"valueRequired\":true,\"valueName\":\"search_term_string\"}}],\"inLanguage\":\"hu\"},{\"@type\":\"Person\",\"@id\":\"https:\/\/www.welovecycling.com\/hu\/#\/schema\/person\/414a2aebf1801691a5320edb6468e194\",\"name\":\"hegyizs\",\"image\":{\"@type\":\"ImageObject\",\"inLanguage\":\"hu\",\"@id\":\"https:\/\/www.welovecycling.com\/hu\/#\/schema\/person\/image\/\",\"url\":\"https:\/\/secure.gravatar.com\/avatar\/02cf8a7906b8cf90cecb4679defac7cfd33a1c2e3b88e4903d947f3bb58eedd3?s=96&d=mm&r=g\",\"contentUrl\":\"https:\/\/secure.gravatar.com\/avatar\/02cf8a7906b8cf90cecb4679defac7cfd33a1c2e3b88e4903d947f3bb58eedd3?s=96&d=mm&r=g\",\"caption\":\"hegyizs\"},\"url\":\"https:\/\/www.welovecycling.com\/hu\/author\/hegyizs\/\"}]}<\/script>\n<!-- \/ Yoast SEO Premium plugin. -->","yoast_head_json":{"title":"Egyre n\u00f6vekszik a szervezett ker\u00e9kp\u00e1rlop\u00e1sok sz\u00e1ma Hollandi\u00e1ban \u00e9s egy\u00e9b nem t\u00fal j\u00f3 h\u00edrek","description":"Ha azon t\u0171n\u0151dsz, vajon el\u00e9g biztons\u00e1gosan z\u00e1rtad-e le a ker\u00e9kp\u00e1rod a k\u00e1v\u00e9z\u00f3 el\u0151tt, j\u00f3 h\u00edr\u00fcnk van: az ut\u00f3bbi \u00e9vekben az eur\u00f3pai f\u0151v\u00e1rosokban n\u00e9mileg cs\u00f6kkent az ellopott biciklik sz\u00e1ma. Azonban van egy rossz h\u00edr\u00fcnk is.","robots":{"index":"index","follow":"follow","max-snippet":"max-snippet:-1","max-image-preview":"max-image-preview:large","max-video-preview":"max-video-preview:-1"},"canonical":"https:\/\/www.welovecycling.com\/hu\/varosi-kerekparozas\/egyre-novekszik-a-szervezett-kerekparlopasok-szama-hollandiaban-es-egyeb-nem-tul-jo-hirek\/","og_locale":"hu_HU","og_type":"article","og_title":"Egyre n\u00f6vekszik a szervezett ker\u00e9kp\u00e1rlop\u00e1sok sz\u00e1ma Hollandi\u00e1ban \u00e9s egy\u00e9b nem t\u00fal j\u00f3 h\u00edrek","og_description":"Ha azon t\u0171n\u0151dsz, vajon el\u00e9g biztons\u00e1gosan z\u00e1rtad-e le a ker\u00e9kp\u00e1rod a k\u00e1v\u00e9z\u00f3 el\u0151tt, j\u00f3 h\u00edr\u00fcnk van: az ut\u00f3bbi \u00e9vekben az eur\u00f3pai f\u0151v\u00e1rosokban n\u00e9mileg cs\u00f6kkent az ellopott biciklik sz\u00e1ma. Azonban van egy rossz h\u00edr\u00fcnk is.","og_url":"https:\/\/www.welovecycling.com\/hu\/varosi-kerekparozas\/egyre-novekszik-a-szervezett-kerekparlopasok-szama-hollandiaban-es-egyeb-nem-tul-jo-hirek\/","og_site_name":"\u0160koda We Love Cycling - Magyarorsz\u00e1g","article_publisher":"https:\/\/www.facebook.com\/WeLoveCyclingHungary\/","article_published_time":"2023-06-13T06:00:20+00:00","og_image":[{"width":990,"height":660,"url":"https:\/\/d2p6e6u75xmxt8.cloudfront.net\/12\/2023\/06\/Dismounted-Bike-Theft-profimedia-0306330202-CVR.webp","type":"image\/webp"}],"author":"hegyizs","twitter_card":"summary_large_image","twitter_misc":{"Written by":"Adam Marsal","Est. reading time":"4"},"schema":{"@context":"https:\/\/schema.org","@graph":[{"@type":"WebPage","@id":"https:\/\/www.welovecycling.com\/hu\/varosi-kerekparozas\/egyre-novekszik-a-szervezett-kerekparlopasok-szama-hollandiaban-es-egyeb-nem-tul-jo-hirek\/","url":"https:\/\/www.welovecycling.com\/hu\/varosi-kerekparozas\/egyre-novekszik-a-szervezett-kerekparlopasok-szama-hollandiaban-es-egyeb-nem-tul-jo-hirek\/","name":"Egyre n\u00f6vekszik a szervezett ker\u00e9kp\u00e1rlop\u00e1sok sz\u00e1ma Hollandi\u00e1ban \u00e9s egy\u00e9b nem t\u00fal j\u00f3 h\u00edrek","isPartOf":{"@id":"https:\/\/www.welovecycling.com\/hu\/#website"},"primaryImageOfPage":{"@id":"https:\/\/www.welovecycling.com\/hu\/varosi-kerekparozas\/egyre-novekszik-a-szervezett-kerekparlopasok-szama-hollandiaban-es-egyeb-nem-tul-jo-hirek\/#primaryimage"},"image":{"@id":"https:\/\/www.welovecycling.com\/hu\/varosi-kerekparozas\/egyre-novekszik-a-szervezett-kerekparlopasok-szama-hollandiaban-es-egyeb-nem-tul-jo-hirek\/#primaryimage"},"thumbnailUrl":"https:\/\/d2p6e6u75xmxt8.cloudfront.net\/12\/2023\/06\/Dismounted-Bike-Theft-profimedia-0306330202-CVR.webp","datePublished":"2023-06-13T06:00:20+00:00","author":{"@id":"https:\/\/www.welovecycling.com\/hu\/#\/schema\/person\/414a2aebf1801691a5320edb6468e194"},"description":"Ha azon t\u0171n\u0151dsz, vajon el\u00e9g biztons\u00e1gosan z\u00e1rtad-e le a ker\u00e9kp\u00e1rod a k\u00e1v\u00e9z\u00f3 el\u0151tt, j\u00f3 h\u00edr\u00fcnk van: az ut\u00f3bbi \u00e9vekben az eur\u00f3pai f\u0151v\u00e1rosokban n\u00e9mileg cs\u00f6kkent az ellopott biciklik sz\u00e1ma. Azonban van egy rossz h\u00edr\u00fcnk is.","breadcrumb":{"@id":"https:\/\/www.welovecycling.com\/hu\/varosi-kerekparozas\/egyre-novekszik-a-szervezett-kerekparlopasok-szama-hollandiaban-es-egyeb-nem-tul-jo-hirek\/#breadcrumb"},"inLanguage":"hu","potentialAction":[{"@type":"ReadAction","target":["https:\/\/www.welovecycling.com\/hu\/varosi-kerekparozas\/egyre-novekszik-a-szervezett-kerekparlopasok-szama-hollandiaban-es-egyeb-nem-tul-jo-hirek\/"]}]},{"@type":"ImageObject","inLanguage":"hu","@id":"https:\/\/www.welovecycling.com\/hu\/varosi-kerekparozas\/egyre-novekszik-a-szervezett-kerekparlopasok-szama-hollandiaban-es-egyeb-nem-tul-jo-hirek\/#primaryimage","url":"https:\/\/d2p6e6u75xmxt8.cloudfront.net\/12\/2023\/06\/Dismounted-Bike-Theft-profimedia-0306330202-CVR.webp","contentUrl":"https:\/\/d2p6e6u75xmxt8.cloudfront.net\/12\/2023\/06\/Dismounted-Bike-Theft-profimedia-0306330202-CVR.webp","width":990,"height":660,"caption":"A dismounted bicycle"},{"@type":"BreadcrumbList","@id":"https:\/\/www.welovecycling.com\/hu\/varosi-kerekparozas\/egyre-novekszik-a-szervezett-kerekparlopasok-szama-hollandiaban-es-egyeb-nem-tul-jo-hirek\/#breadcrumb","itemListElement":[{"@type":"ListItem","position":1,"name":"Home","item":"https:\/\/www.welovecycling.com\/hu\/"},{"@type":"ListItem","position":2,"name":"Egyre n\u00f6vekszik a szervezett ker\u00e9kp\u00e1rlop\u00e1sok sz\u00e1ma Hollandi\u00e1ban \u00e9s egy\u00e9b nem t\u00fal j\u00f3 h\u00edrek"}]},{"@type":"WebSite","@id":"https:\/\/www.welovecycling.com\/hu\/#website","url":"https:\/\/www.welovecycling.com\/hu\/","name":"\u0160koda We Love Cycling - Magyarorsz\u00e1g","description":"\u0160koda WeLoveCycling","potentialAction":[{"@type":"SearchAction","target":{"@type":"EntryPoint","urlTemplate":"https:\/\/www.welovecycling.com\/hu\/?s={search_term_string}"},"query-input":{"@type":"PropertyValueSpecification","valueRequired":true,"valueName":"search_term_string"}}],"inLanguage":"hu"},{"@type":"Person","@id":"https:\/\/www.welovecycling.com\/hu\/#\/schema\/person\/414a2aebf1801691a5320edb6468e194","name":"hegyizs","image":{"@type":"ImageObject","inLanguage":"hu","@id":"https:\/\/www.welovecycling.com\/hu\/#\/schema\/person\/image\/","url":"https:\/\/secure.gravatar.com\/avatar\/02cf8a7906b8cf90cecb4679defac7cfd33a1c2e3b88e4903d947f3bb58eedd3?s=96&d=mm&r=g","contentUrl":"https:\/\/secure.gravatar.com\/avatar\/02cf8a7906b8cf90cecb4679defac7cfd33a1c2e3b88e4903d947f3bb58eedd3?s=96&d=mm&r=g","caption":"hegyizs"},"url":"https:\/\/www.welovecycling.com\/hu\/author\/hegyizs\/"}]}},"_links":{"self":[{"href":"https:\/\/www.welovecycling.com\/hu\/wp-json\/wp\/v2\/posts\/17504","targetHints":{"allow":["GET"]}}],"collection":[{"href":"https:\/\/www.welovecycling.com\/hu\/wp-json\/wp\/v2\/posts"}],"about":[{"href":"https:\/\/www.welovecycling.com\/hu\/wp-json\/wp\/v2\/types\/post"}],"author":[{"embeddable":true,"href":"https:\/\/www.welovecycling.com\/hu\/wp-json\/wp\/v2\/users\/71"}],"replies":[{"embeddable":true,"href":"https:\/\/www.welovecycling.com\/hu\/wp-json\/wp\/v2\/comments?post=17504"}],"version-history":[{"count":2,"href":"https:\/\/www.welovecycling.com\/hu\/wp-json\/wp\/v2\/posts\/17504\/revisions"}],"predecessor-version":[{"id":17508,"href":"https:\/\/www.welovecycling.com\/hu\/wp-json\/wp\/v2\/posts\/17504\/revisions\/17508"}],"wp:featuredmedia":[{"embeddable":true,"href":"https:\/\/www.welovecycling.com\/hu\/wp-json\/wp\/v2\/media\/17507"}],"wp:attachment":[{"href":"https:\/\/www.welovecycling.com\/hu\/wp-json\/wp\/v2\/media?parent=17504"}],"wp:term":[{"taxonomy":"category","embeddable":true,"href":"https:\/\/www.welovecycling.com\/hu\/wp-json\/wp\/v2\/categories?post=17504"},{"taxonomy":"post_tag","embeddable":true,"href":"https:\/\/www.welovecycling.com\/hu\/wp-json\/wp\/v2\/tags?post=17504"},{"taxonomy":"global-categories","embeddable":true,"href":"https:\/\/www.welovecycling.com\/hu\/wp-json\/wp\/v2\/global-categories?post=17504"}],"curies":[{"name":"wp","href":"https:\/\/api.w.org\/{rel}","templated":true}]}}