{"id":17500,"date":"2023-06-12T08:00:38","date_gmt":"2023-06-12T06:00:38","guid":{"rendered":"https:\/\/www.welovecycling.com\/hu\/?p=17500"},"modified":"2024-08-21T11:29:13","modified_gmt":"2024-08-21T09:29:13","slug":"a-tudatossag-a-test-megertese-es-a-kerekparozas-a-szamokon-tul-a-sikerig","status":"publish","type":"post","link":"https:\/\/www.welovecycling.com\/hu\/edzes-es-eletmod\/a-tudatossag-a-test-megertese-es-a-kerekparozas-a-szamokon-tul-a-sikerig\/","title":{"rendered":"A tudatoss\u00e1g, a test meg\u00e9rt\u00e9se \u00e9s a ker\u00e9kp\u00e1roz\u00e1s: A sz\u00e1mokon t\u00fal a sikerig"},"content":{"rendered":"<p><strong>K\u00e9ts\u00e9gtelen\u00fcl mindannyian egyet\u00e9rthet\u00fcnk abban, hogy amellett, hogy rendk\u00edv\u00fcl sz\u00f3rakoztat\u00f3, a ker\u00e9kp\u00e1roz\u00e1s kiv\u00e1l\u00f3 mozg\u00e1sforma is. A ny\u00edlt \u00faton val\u00f3 teker\u00e9s szabads\u00e1g\u00e9rzetet ad, \u00e9s arra k\u00e9szteti az embert, hogy fizikai hat\u00e1rait feszegetve megtudja, mire k\u00e9pes val\u00f3j\u00e1ban a teste. \u00c9rthet\u0151, hogy a legt\u00f6bb elk\u00f6telezett ker\u00e9kp\u00e1ros szereti nyomon k\u00f6vetni a fejl\u0151d\u00e9s\u00e9t, \u00e9s olyan edz\u00e9stervet k\u00f6vet, amely seg\u00edt maxim\u00e1lisan kihaszn\u00e1lni a nyeregben t\u00f6lt\u00f6tt id\u0151t.<\/strong><\/p>\n<p><!--more--><\/p>\n<p>A technol\u00f3gia fejl\u0151d\u00e9s\u00e9vel egyre n\u00e9pszer\u0171bb\u00e9 v\u00e1ltak az adatvez\u00e9relt edz\u00e9sm\u00f3dszerek, melyek sor\u00e1n a ker\u00e9kp\u00e1rosok, teljes\u00edtm\u00e9ny\u00fck optimaliz\u00e1l\u00e1sa \u00e9rdek\u00e9ben, t\u00f6bbek k\u00f6z\u00f6tt olyan m\u00e9r\u0151sz\u00e1mokra t\u00e1maszkodnak, mint a pulzussz\u00e1m vagy a temp\u00f3. Ezek val\u00f3ban hasznos eszk\u00f6z\u00f6k lehetnek. Most azonban egy olyan elvet szeretn\u00e9nk nagy\u00edt\u00f3 al\u00e1 venni, mely szerint egy val\u00f3ban sikeres edz\u00e9sprogram t\u00falmutat a k\u00e9perny\u0151n megjelen\u0151 sz\u00e1mokon. Egyre t\u00f6bb bizony\u00edt\u00e9k utal arra, hogy egy edz\u00e9sterv csak akkor igaz\u00e1n hat\u00e9kony \u00e9s fenntarthat\u00f3, ha a sportol\u00f3k nem csak az adatokra \u00f6sszpontos\u00edtanak, hanem megtanulnak jobban figyelni a test\u00fck visszajelz\u00e9seire is.<\/p>\n<p>Ezt szem el\u0151tt tartva vizsg\u00e1ljuk meg a tudatoss\u00e1g, illetve a test\u00fcnk meg\u00e9rt\u00e9s\u00e9nek jelent\u0151s\u00e9g\u00e9t, \u00e9s fedezz\u00fck fel, hogy az \u00e9rdemi fejl\u0151d\u00e9s el\u00e9r\u00e9s\u00e9hez mi\u00e9rt fontos t\u00fall\u00e1tnunk a sz\u00e1madatokon.<\/p>\n<h2><strong>Az adatvez\u00e9relt edz\u00e9s korl\u00e1tai <\/strong><\/h2>\n<p>A sz\u00e1madatok \u00e9rt\u00e9kes inform\u00e1ci\u00f3kat ny\u00fajthatnak a teljes\u00edtm\u00e9ny\u00fcnkr\u0151l, \u00e9s hat\u00e9konyabb strat\u00e9gi\u00e1k fel\u00e9 terelhetnek benn\u00fcnket. Seg\u00edts\u00e9g\u00fckkel c\u00e9lokat t\u0171zhet\u00fcnk ki, nyomon k\u00f6vethetj\u00fck az el\u0151rehalad\u00e1sunkat, \u00e9s azonos\u00edthatjuk a fejlesztend\u0151 ter\u00fcleteket. Mindazon\u00e1ltal, ha kiz\u00e1r\u00f3lag az adatokra hagyatkozunk, bizonyos szempontb\u00f3l korl\u00e1tozzuk magunkat. Minden ker\u00e9kp\u00e1ros m\u00e1s. Egy egy\u00e9n napi teljes\u00edtm\u00e9ny\u00e9t jelent\u0151sen befoly\u00e1solhatja a genetika, a ment\u00e1lis \u00e1llapot, valamint a k\u00fcls\u0151 stresszorok. L\u00e9tfontoss\u00e1g\u00fa meg\u00e9rteni, hogy a test nem egy g\u00e9p. Helytelen lenne figyelmen k\u00edv\u00fcl hagyni a jelz\u00e9seit \u00e9s csup\u00e1n a numerikus m\u00e9r\u00e9sekre t\u00e1maszkodni.<\/p>\n<h2><strong>Tanulj meg hallgatni a testedre<\/strong><\/h2>\n<p>A tudatoss\u00e1g l\u00e9tfontoss\u00e1g\u00fa szerepet j\u00e1tszik abban, hogy m\u00e9lyebb kapcsolatot tudjunk kialak\u00edtani a test\u00fcnkkel, \u00e9s r\u00e1hangol\u00f3djunk az \u00e1ltala adott \u00e9rt\u00e9kes visszajelz\u00e9sekre. Az\u00e1ltal, hogy jelen vagyunk a pillanatban, fokozott figyelmet tudunk ford\u00edtani fizikai \u00e9rz\u00e9seinkre, \u00e9rzelmeinkre \u00e9s energiaszint\u00fcnkre. Ez a gyakorlat lehet\u0151v\u00e9 teszi sz\u00e1munkra, hogy felismerj\u00fck a f\u00e1radts\u00e1g \u00e9s az izomfesz\u00fclts\u00e9g korai jeleit, megel\u0151zz\u00fck a s\u00e9r\u00fcl\u00e9seket, \u00e9s ig\u00e9nyeink szerint alak\u00edtsuk edz\u00e9sterv\u00fcnket.<\/p>\n<h2><strong>\u00c1lland\u00f3 kutat\u00e1si ter\u00fclet<\/strong><\/h2>\n<p>Ez az elk\u00e9pzel\u00e9s nem csak anekdotikus bizony\u00edt\u00e9kokon alapul. Sz\u00e1mos kutat\u00e1s bizony\u00edtotta a tudatoss\u00e1g sportteljes\u00edtm\u00e9nyben mutatott el\u0151nyeit. Vegy\u00fck p\u00e9ld\u00e1ul a Neural Plast 2020-ban megjelent &#8220;Mindfulness Training, Sport Performance, and Executive Functions&#8221; c\u00edm\u0171 tanulm\u00e1ny\u00e1t, amely igencsak \u00e9rdekes k\u00f6vetkeztet\u00e9sekre jutott.<\/p>\n<p>A tanulm\u00e1ny c\u00e9lja az volt, hogy megvizsg\u00e1lja, milyen hat\u00e1ssal van egy mindfulness edz\u00e9sprogram a sportol\u00f3k \u00e1ll\u00f3k\u00e9pess\u00e9gi teljes\u00edtm\u00e9ny\u00e9re \u00e9s v\u00e9grehajt\u00f3 funkci\u00f3ira. A kutat\u00e1s emellett az esem\u00e9nyhez kapcsol\u00f3d\u00f3 potenci\u00e1lok (ERP) felm\u00e9r\u00e9s\u00e9vel a mindfulness edz\u00e9ssel kapcsolatos potenci\u00e1lis elektrofiziol\u00f3giai aktiv\u00e1ci\u00f3t is vizsg\u00e1lta.<\/p>\n<p>A felm\u00e9r\u00e9shez negyvenhat egyetemi sportol\u00f3t k\u00e9rtek fel, akiket vagy az \u00f6thetes mindfulness edz\u00e9sprogramba, vagy a kontrollcsoportba osztottak be. A k\u00eds\u00e9rlet el\u0151tt \u00e9s ut\u00e1n is megm\u00e9rt\u00e9k a r\u00e9sztvev\u0151k tudatoss\u00e1g-szintj\u00e9t, a fokozatos terhel\u00e9ses teszttel m\u00e9rt \u00e1ll\u00f3k\u00e9pess\u00e9gi teljes\u00edtm\u00e9ny\u00e9t, a Stroop-feladattal vizsg\u00e1lt v\u00e9grehajt\u00f3 funkci\u00f3it, valamint az ERP-k N2-komponenseit.<\/p>\n<p>A felm\u00e9r\u00e9s megkezd\u00e9se el\u0151tti \u00e9rt\u00e9kek korrig\u00e1l\u00e1sa ut\u00e1n a kutat\u00f3k arra az eredm\u00e9nyre jutottak, hogy a mindfulness csoport &#8211; f\u00fcggetlen\u00fcl a kapott feladatt\u00f3l &#8211; a k\u00eds\u00e9rlet v\u00e9grehajt\u00e1sa ut\u00e1n magasabb tudatoss\u00e1gi-szintet, az \u00e1ll\u00f3k\u00e9pess\u00e9gi teljes\u00edtm\u00e9ny szempontj\u00e1b\u00f3l pedig hosszabb kimer\u00fcl\u00e9si id\u0151t mutatott, valamint magasabb Stroop-feladat pontoss\u00e1gi pontsz\u00e1mot \u00e9rt el a kontrollcsoporthoz k\u00e9pest.<\/p>\n<p><a href=\"https:\/\/d2p6e6u75xmxt8.cloudfront.net\/12\/2020\/11\/Nature-profimedia-0249922394-CVR.jpg\"><img loading=\"lazy\" decoding=\"async\" class=\"alignnone size-full wp-image-9525\" src=\"https:\/\/d2p6e6u75xmxt8.cloudfront.net\/12\/2020\/11\/Nature-profimedia-0249922394-CVR.jpg\" alt=\"Cyclist in Nature\" width=\"900\" height=\"600\" \/><\/a><\/p>\n<h2><strong>Az adatok kieg\u00e9sz\u00edt\u00e9se a test visszajelz\u00e9seivel \u00e9s tudatoss\u00e1gi strat\u00e9gi\u00e1kkal<\/strong><\/h2>\n<p>Teh\u00e1t, mit tehetsz, ha sz\u00e1modra is vonz\u00f3nak t\u0171nik a jobb \u00e1ll\u00f3k\u00e9pess\u00e9gi teljes\u00edtm\u00e9ny \u00e9s a jobb kognit\u00edv funkci\u00f3k? \u00cdme n\u00e9h\u00e1ny egyszer\u0171 strat\u00e9gia, amit kipr\u00f3b\u00e1lhatsz:<\/p>\n<p><strong>A test \u00e1tvizsg\u00e1l\u00e1sa:<\/strong> A test teker\u00e9s alatti \u00e9s ut\u00e1ni rendszeres \u00e1tvizsg\u00e1l\u00e1s\u00e1val azonos\u00edthatod a fesz\u00fclts\u00e9get vagy egy\u00e9b kellemetlens\u00e9geket okoz\u00f3 ter\u00fcleteket. Ez a fajta \u00f6nvizsg\u00e1lat lehet\u0151v\u00e9 teszi, hogy azonnal kezeld az egyens\u00falyhi\u00e1nyt \u00e9s elker\u00fcld a s\u00e9r\u00fcl\u00e9svesz\u00e9lyt.<\/p>\n<p><strong>A l\u00e9gz\u00e9s tudatos\u00edt\u00e1sa:<\/strong> Ha ker\u00e9kp\u00e1roz\u00e1s k\u00f6zben<a href=\"https:\/\/www.welovecycling.com\/hu\/edzes-es-eletmod\/3-legzestechnika-amit-erdemes-megtanulni\/\"> megfelel\u0151 figyelmet ford\u00edtasz a l\u00e9gz\u00e9sedre<\/a>, az seg\u00edthet szab\u00e1lyozni az er\u0151kifejt\u00e9s szintj\u00e9t \u00e9s kezelni a stresszt. A m\u00e9ly, szab\u00e1lyozott l\u00e9gz\u00e9s, amellett, hogy fokozza az oxig\u00e9nell\u00e1t\u00e1st, tiszta tudatot eredm\u00e9nyez, \u00e9s seg\u00edt a relax\u00e1ci\u00f3ban is. A kiz\u00e1r\u00f3lag orron kereszt\u00fcl t\u00f6rt\u00e9n\u0151 l\u00e9gz\u00e9s tov\u00e1bb\u00e1 megg\u00e1tolja a kortizol termel\u0151d\u00e9s\u00e9t, ez\u00e1ltal harmonikus \u00e1llapotban tartja a szervezetet.<\/p>\n<p><strong>Vizualiz\u00e1ci\u00f3s technik\u00e1k:<\/strong> Az ir\u00e1ny\u00edtott vizualiz\u00e1ci\u00f3s gyakorlatok nagyszer\u0171en alkalmazhat\u00f3k a koncentr\u00e1ci\u00f3, az \u00f6nbizalom \u00e9s a teljes\u00edtm\u00e9ny fokoz\u00e1s\u00e1ra. Ilyen lehet p\u00e9ld\u00e1ul a sikeres versenyz\u00e9s elk\u00e9pzel\u00e9se vagy \u00f6nmagunk ment\u00e1lis er\u0151s\u00edt\u00e9se a kih\u00edv\u00e1st jelent\u0151 szakaszok lek\u00fczd\u00e9s\u00e9re.<\/p>\n<p><strong>Intuit\u00edv edz\u00e9s:<\/strong> Ilyen edz\u00e9st v\u00e9gzel, ha teker\u00e9s k\u00f6zben nem bizonyos sz\u00e1madatok el\u00e9r\u00e9se a c\u00e9lod, hanem ink\u00e1bb az \u00e9rz\u00e9seidre hagyatkozol. Az intuit\u00edv edz\u00e9s hat\u00e9kony m\u00f3dja annak, hogy kihaszn\u00e1lva a tested velesz\u00fcletett b\u00f6lcsess\u00e9g\u00e9t, az edz\u00e9st az aktu\u00e1lis \u00e1llapotodhoz igaz\u00edtsd.<\/p>\n<p><strong>Regener\u00e1ci\u00f3s gyakorlatok: <\/strong>A pihen\u0151napok, valamint az olyan tev\u00e9kenys\u00e9gek beiktat\u00e1sa, mint a j\u00f3ga vagy a medit\u00e1ci\u00f3, sz\u00fcks\u00e9gesek a fizikai \u00e9s ment\u00e1lis felfriss\u00fcl\u00e9shez, valamint a ki\u00e9g\u00e9s \u00e9s a s\u00e9r\u00fcl\u00e9s kock\u00e1zat\u00e1nak cs\u00f6kkent\u00e9s\u00e9hez.<\/p>\n<h2><strong>Az adatok \u00e9s a tudatoss\u00e1g egyens\u00falyban tart\u00e1sa<\/strong><\/h2>\n<p>A tudatoss\u00e1gi gyakorlatok be\u00e9p\u00edt\u00e9se a ker\u00e9kp\u00e1ros rutinodba term\u00e9szetesen nem azt jelenti, hogy teljesen figyelmen k\u00edv\u00fcl kell hagynod a sz\u00e1madatokat. Ink\u00e1bb arr\u00f3l van sz\u00f3, hogy egyens\u00falyt teremtesz az objekt\u00edv m\u00e9r\u00e9sek \u00e9s a szubjekt\u00edv tapasztalatok k\u00f6z\u00f6tt. Az al\u00e1bbi n\u00e9h\u00e1ny p\u00e9lda seg\u00edt jobban meg\u00e9rteni, hogy mire is gondolunk ezalatt:<\/p>\n<p><strong>A tudatoss\u00e1g al\u00e1t\u00e1maszt\u00e1sa az adatokkal:<\/strong> Az adatokat haszn\u00e1ld ink\u00e1bb eszk\u00f6zk\u00e9nt a mindfulness edz\u00e9sterved t\u00f6k\u00e9letes\u00edt\u00e9s\u00e9hez. A sz\u00edvritmus-variabilit\u00e1s (HRV) m\u00e9r\u00e9s\u00e9vel p\u00e9ld\u00e1ul meg\u00e1llap\u00edthatod, hogy a tested mennyire van felk\u00e9sz\u00fclve az intenz\u00edv edz\u00e9sekre. Az alv\u00e1smint\u00e1k nyomon k\u00f6vet\u00e9s\u00e9vel pedig megfelel\u0151 regener\u00e1ci\u00f3s tervet alak\u00edthatsz ki. Az adatvez\u00e9relt megl\u00e1t\u00e1sok \u00e9s a mindfulness integr\u00e1l\u00e1s\u00e1val teh\u00e1t megalapozott d\u00f6nt\u00e9seket hozhatsz az edz\u00e9seid intenzit\u00e1s\u00e1t \u00e9s mennyis\u00e9g\u00e9t illet\u0151en.<\/p>\n<p><strong>Tudatos adatelemz\u00e9s:<\/strong> Az edz\u00e9sadatok \u00e1ttekint\u00e9sekor tudatosan vizsg\u00e1ld meg a sz\u00e1mokat. A konkr\u00e9t sz\u00e1madatok helyett koncentr\u00e1lj ink\u00e1bb az \u00e1ltal\u00e1nos mint\u00e1kra, \u00e9s arra, hogy azok milyen \u00f6sszef\u00fcgg\u00e9sben \u00e1llnak a tested visszajelz\u00e9seivel. Ne feledd, hogy a fejl\u0151d\u00e9s nem mindig line\u00e1ris. A teljes\u00edtm\u00e9nyedben lesznek ingadoz\u00e1sok. Tanulj meg b\u00edzni az intu\u00edci\u00f3dban \u00e9s figyelj a tested jelz\u00e9seire.<\/p>\n<p><strong>Reflekt\u00edv napl\u00f3z\u00e1s:<\/strong> Vezess edz\u00e9snapl\u00f3t, melyben mind az objekt\u00edv adatokat, mind a szubjekt\u00edv tapasztalatokat r\u00f6gz\u00edtheted. Gondolkodj el azon, hogy \u00e9rezted magad az egyes teker\u00e9sek sor\u00e1n, \u00e9s hogy ezek az \u00e9rz\u00e9sek hogyan illeszkednek az adatokhoz. Ez a gyakorlat fejleszti az \u00f6nreflexi\u00f3t, fokozza az \u00f6nismeretet, \u00e9s el\u0151seg\u00edti az adatok \u00e9s a tested k\u00f6z\u00f6tti kapcsolat m\u00e9lyebb meg\u00e9rt\u00e9s\u00e9t.<\/p>\n<p>V\u00e9gs\u0151 soron, b\u00e1r az adatvez\u00e9relt edz\u00e9snek megvannak a maga el\u0151nyei, a fenntarthat\u00f3 fejl\u0151d\u00e9shez t\u00f6bbre van sz\u00fcks\u00e9g. Ha m\u00e9lyebb kapcsolatot \u00e1polsz a testeddel, \u00e9s figyelsz a jelz\u00e9seire, akkor olyan edz\u00e9sprogramot tudsz kialak\u00edtani, ami sokkal t\u00f6bbet ny\u00fajt majd, mint a j\u00f3 sz\u00e1madatok. Ez\u00e1ltal soha nem fogsz unatkozni, hanem folyamatosan fejl\u0151dhetsz, \u00e9s mindig felfedezhetsz valami \u00fajat \u00f6nmagadr\u00f3l \u00e9s a ker\u00e9kp\u00e1roddal val\u00f3 kapcsolatodr\u00f3l. \u00cdgy mindenki nyer!<\/p>\n","protected":false},"excerpt":{"rendered":"<p>K\u00e9ts\u00e9gtelen\u00fcl mindannyian egyet\u00e9rthet\u00fcnk abban, hogy amellett, hogy rendk\u00edv\u00fcl sz\u00f3rakoztat\u00f3, a ker\u00e9kp\u00e1roz\u00e1s kiv\u00e1l\u00f3 mozg\u00e1sforma is. A ny\u00edlt \u00faton val\u00f3 teker\u00e9s szabads\u00e1g\u00e9rzetet [&hellip;]<\/p>\n","protected":false},"author":71,"featured_media":18517,"comment_status":"open","ping_status":"open","sticky":false,"template":"","format":"standard","meta":{"footnotes":""},"categories":[6],"tags":[],"global-categories":[],"class_list":["post-17500","post","type-post","status-publish","format-standard","has-post-thumbnail","hentry","category-edzes-es-eletmod"],"yoast_head":"<!-- This site is optimized with the Yoast SEO Premium plugin v25.3 (Yoast SEO v25.9) - https:\/\/yoast.com\/wordpress\/plugins\/seo\/ -->\n<title>A tudatoss\u00e1g, a test meg\u00e9rt\u00e9se \u00e9s a ker\u00e9kp\u00e1roz\u00e1s: A sz\u00e1mokon t\u00fal a sikerig<\/title>\n<meta name=\"description\" content=\"K\u00e9ts\u00e9gtelen\u00fcl mindannyian egyet\u00e9rthet\u00fcnk abban, hogy amellett, hogy rendk\u00edv\u00fcl sz\u00f3rakoztat\u00f3, a ker\u00e9kp\u00e1roz\u00e1s kiv\u00e1l\u00f3 mozg\u00e1sforma is. A ny\u00edlt \u00faton val\u00f3 teker\u00e9s szabads\u00e1g\u00e9rzetet ad, \u00e9s arra k\u00e9szteti az embert, hogy fizikai hat\u00e1rait feszegetve megtudja, mire k\u00e9pes val\u00f3j\u00e1ban a teste.\" \/>\n<meta name=\"robots\" content=\"index, follow, max-snippet:-1, max-image-preview:large, max-video-preview:-1\" \/>\n<link rel=\"canonical\" href=\"https:\/\/www.welovecycling.com\/hu\/edzes-es-eletmod\/a-tudatossag-a-test-megertese-es-a-kerekparozas-a-szamokon-tul-a-sikerig\/\" \/>\n<meta property=\"og:locale\" content=\"hu_HU\" \/>\n<meta property=\"og:type\" content=\"article\" \/>\n<meta property=\"og:title\" content=\"A tudatoss\u00e1g, a test meg\u00e9rt\u00e9se \u00e9s a ker\u00e9kp\u00e1roz\u00e1s: A sz\u00e1mokon t\u00fal a sikerig\" \/>\n<meta property=\"og:description\" content=\"K\u00e9ts\u00e9gtelen\u00fcl mindannyian egyet\u00e9rthet\u00fcnk abban, hogy amellett, hogy rendk\u00edv\u00fcl sz\u00f3rakoztat\u00f3, a ker\u00e9kp\u00e1roz\u00e1s kiv\u00e1l\u00f3 mozg\u00e1sforma is. A ny\u00edlt \u00faton val\u00f3 teker\u00e9s szabads\u00e1g\u00e9rzetet ad, \u00e9s arra k\u00e9szteti az embert, hogy fizikai hat\u00e1rait feszegetve megtudja, mire k\u00e9pes val\u00f3j\u00e1ban a teste. \u00c9rthet\u0151, hogy a legt\u00f6bb elk\u00f6telezett ker\u00e9kp\u00e1ros szereti nyomon k\u00f6vetni a fejl\u0151d\u00e9s\u00e9t, \u00e9s olyan edz\u00e9stervet k\u00f6vet, amely seg\u00edt maxim\u00e1lisan kihaszn\u00e1lni a nyeregben t\u00f6lt\u00f6tt id\u0151t.\" \/>\n<meta property=\"og:url\" content=\"https:\/\/www.welovecycling.com\/hu\/edzes-es-eletmod\/a-tudatossag-a-test-megertese-es-a-kerekparozas-a-szamokon-tul-a-sikerig\/\" \/>\n<meta property=\"og:site_name\" content=\"\u0160koda We Love Cycling - Magyarorsz\u00e1g\" \/>\n<meta property=\"article:publisher\" content=\"https:\/\/www.facebook.com\/WeLoveCyclingHungary\/\" \/>\n<meta property=\"article:published_time\" content=\"2023-06-12T06:00:38+00:00\" \/>\n<meta property=\"article:modified_time\" content=\"2024-08-21T09:29:13+00:00\" \/>\n<meta property=\"og:image\" content=\"https:\/\/d2p6e6u75xmxt8.cloudfront.net\/12\/2024\/05\/Alps-Cycling-profimedia-0835688511-CVR.webp\" \/>\n\t<meta property=\"og:image:width\" content=\"990\" \/>\n\t<meta property=\"og:image:height\" content=\"660\" \/>\n\t<meta property=\"og:image:type\" content=\"image\/webp\" \/>\n<meta name=\"author\" content=\"hegyizs\" \/>\n<meta name=\"twitter:card\" content=\"summary_large_image\" \/>\n<meta name=\"twitter:title\" content=\"A tudatoss\u00e1g, a test meg\u00e9rt\u00e9se \u00e9s a ker\u00e9kp\u00e1roz\u00e1s: A sz\u00e1mokon t\u00fal a sikerig\" \/>\n<meta name=\"twitter:label1\" content=\"Written by\" \/>\n\t<meta name=\"twitter:data1\" content=\"Megan Flottorp\" \/>\n\t<meta name=\"twitter:label2\" content=\"Est. reading time\" \/>\n\t<meta name=\"twitter:data2\" content=\"5\" \/>\n<script type=\"application\/ld+json\" class=\"yoast-schema-graph\">{\"@context\":\"https:\/\/schema.org\",\"@graph\":[{\"@type\":\"WebPage\",\"@id\":\"https:\/\/www.welovecycling.com\/hu\/edzes-es-eletmod\/a-tudatossag-a-test-megertese-es-a-kerekparozas-a-szamokon-tul-a-sikerig\/\",\"url\":\"https:\/\/www.welovecycling.com\/hu\/edzes-es-eletmod\/a-tudatossag-a-test-megertese-es-a-kerekparozas-a-szamokon-tul-a-sikerig\/\",\"name\":\"A tudatoss\u00e1g, a test meg\u00e9rt\u00e9se \u00e9s a ker\u00e9kp\u00e1roz\u00e1s: A sz\u00e1mokon t\u00fal a sikerig\",\"isPartOf\":{\"@id\":\"https:\/\/www.welovecycling.com\/hu\/#website\"},\"primaryImageOfPage\":{\"@id\":\"https:\/\/www.welovecycling.com\/hu\/edzes-es-eletmod\/a-tudatossag-a-test-megertese-es-a-kerekparozas-a-szamokon-tul-a-sikerig\/#primaryimage\"},\"image\":{\"@id\":\"https:\/\/www.welovecycling.com\/hu\/edzes-es-eletmod\/a-tudatossag-a-test-megertese-es-a-kerekparozas-a-szamokon-tul-a-sikerig\/#primaryimage\"},\"thumbnailUrl\":\"https:\/\/d2p6e6u75xmxt8.cloudfront.net\/12\/2024\/05\/Alps-Cycling-profimedia-0835688511-CVR.webp\",\"datePublished\":\"2023-06-12T06:00:38+00:00\",\"dateModified\":\"2024-08-21T09:29:13+00:00\",\"author\":{\"@id\":\"https:\/\/www.welovecycling.com\/hu\/#\/schema\/person\/414a2aebf1801691a5320edb6468e194\"},\"description\":\"K\u00e9ts\u00e9gtelen\u00fcl mindannyian egyet\u00e9rthet\u00fcnk abban, hogy amellett, hogy rendk\u00edv\u00fcl sz\u00f3rakoztat\u00f3, a ker\u00e9kp\u00e1roz\u00e1s kiv\u00e1l\u00f3 mozg\u00e1sforma is. A ny\u00edlt \u00faton val\u00f3 teker\u00e9s szabads\u00e1g\u00e9rzetet ad, \u00e9s arra k\u00e9szteti az embert, hogy fizikai hat\u00e1rait feszegetve megtudja, mire k\u00e9pes val\u00f3j\u00e1ban a teste.\",\"breadcrumb\":{\"@id\":\"https:\/\/www.welovecycling.com\/hu\/edzes-es-eletmod\/a-tudatossag-a-test-megertese-es-a-kerekparozas-a-szamokon-tul-a-sikerig\/#breadcrumb\"},\"inLanguage\":\"hu\",\"potentialAction\":[{\"@type\":\"ReadAction\",\"target\":[\"https:\/\/www.welovecycling.com\/hu\/edzes-es-eletmod\/a-tudatossag-a-test-megertese-es-a-kerekparozas-a-szamokon-tul-a-sikerig\/\"]}]},{\"@type\":\"ImageObject\",\"inLanguage\":\"hu\",\"@id\":\"https:\/\/www.welovecycling.com\/hu\/edzes-es-eletmod\/a-tudatossag-a-test-megertese-es-a-kerekparozas-a-szamokon-tul-a-sikerig\/#primaryimage\",\"url\":\"https:\/\/d2p6e6u75xmxt8.cloudfront.net\/12\/2024\/05\/Alps-Cycling-profimedia-0835688511-CVR.webp\",\"contentUrl\":\"https:\/\/d2p6e6u75xmxt8.cloudfront.net\/12\/2024\/05\/Alps-Cycling-profimedia-0835688511-CVR.webp\",\"width\":990,\"height\":660,\"caption\":\"Cycling in Alps\"},{\"@type\":\"BreadcrumbList\",\"@id\":\"https:\/\/www.welovecycling.com\/hu\/edzes-es-eletmod\/a-tudatossag-a-test-megertese-es-a-kerekparozas-a-szamokon-tul-a-sikerig\/#breadcrumb\",\"itemListElement\":[{\"@type\":\"ListItem\",\"position\":1,\"name\":\"Home\",\"item\":\"https:\/\/www.welovecycling.com\/hu\/\"},{\"@type\":\"ListItem\",\"position\":2,\"name\":\"A tudatoss\u00e1g, a test meg\u00e9rt\u00e9se \u00e9s a ker\u00e9kp\u00e1roz\u00e1s: A sz\u00e1mokon t\u00fal a sikerig\"}]},{\"@type\":\"WebSite\",\"@id\":\"https:\/\/www.welovecycling.com\/hu\/#website\",\"url\":\"https:\/\/www.welovecycling.com\/hu\/\",\"name\":\"\u0160koda We Love Cycling - Magyarorsz\u00e1g\",\"description\":\"\u0160koda WeLoveCycling\",\"potentialAction\":[{\"@type\":\"SearchAction\",\"target\":{\"@type\":\"EntryPoint\",\"urlTemplate\":\"https:\/\/www.welovecycling.com\/hu\/?s={search_term_string}\"},\"query-input\":{\"@type\":\"PropertyValueSpecification\",\"valueRequired\":true,\"valueName\":\"search_term_string\"}}],\"inLanguage\":\"hu\"},{\"@type\":\"Person\",\"@id\":\"https:\/\/www.welovecycling.com\/hu\/#\/schema\/person\/414a2aebf1801691a5320edb6468e194\",\"name\":\"hegyizs\",\"image\":{\"@type\":\"ImageObject\",\"inLanguage\":\"hu\",\"@id\":\"https:\/\/www.welovecycling.com\/hu\/#\/schema\/person\/image\/\",\"url\":\"https:\/\/secure.gravatar.com\/avatar\/02cf8a7906b8cf90cecb4679defac7cfd33a1c2e3b88e4903d947f3bb58eedd3?s=96&d=mm&r=g\",\"contentUrl\":\"https:\/\/secure.gravatar.com\/avatar\/02cf8a7906b8cf90cecb4679defac7cfd33a1c2e3b88e4903d947f3bb58eedd3?s=96&d=mm&r=g\",\"caption\":\"hegyizs\"},\"url\":\"https:\/\/www.welovecycling.com\/hu\/author\/hegyizs\/\"}]}<\/script>\n<!-- \/ Yoast SEO Premium plugin. -->","yoast_head_json":{"title":"A tudatoss\u00e1g, a test meg\u00e9rt\u00e9se \u00e9s a ker\u00e9kp\u00e1roz\u00e1s: A sz\u00e1mokon t\u00fal a sikerig","description":"K\u00e9ts\u00e9gtelen\u00fcl mindannyian egyet\u00e9rthet\u00fcnk abban, hogy amellett, hogy rendk\u00edv\u00fcl sz\u00f3rakoztat\u00f3, a ker\u00e9kp\u00e1roz\u00e1s kiv\u00e1l\u00f3 mozg\u00e1sforma is. A ny\u00edlt \u00faton val\u00f3 teker\u00e9s szabads\u00e1g\u00e9rzetet ad, \u00e9s arra k\u00e9szteti az embert, hogy fizikai hat\u00e1rait feszegetve megtudja, mire k\u00e9pes val\u00f3j\u00e1ban a teste.","robots":{"index":"index","follow":"follow","max-snippet":"max-snippet:-1","max-image-preview":"max-image-preview:large","max-video-preview":"max-video-preview:-1"},"canonical":"https:\/\/www.welovecycling.com\/hu\/edzes-es-eletmod\/a-tudatossag-a-test-megertese-es-a-kerekparozas-a-szamokon-tul-a-sikerig\/","og_locale":"hu_HU","og_type":"article","og_title":"A tudatoss\u00e1g, a test meg\u00e9rt\u00e9se \u00e9s a ker\u00e9kp\u00e1roz\u00e1s: A sz\u00e1mokon t\u00fal a sikerig","og_description":"K\u00e9ts\u00e9gtelen\u00fcl mindannyian egyet\u00e9rthet\u00fcnk abban, hogy amellett, hogy rendk\u00edv\u00fcl sz\u00f3rakoztat\u00f3, a ker\u00e9kp\u00e1roz\u00e1s kiv\u00e1l\u00f3 mozg\u00e1sforma is. A ny\u00edlt \u00faton val\u00f3 teker\u00e9s szabads\u00e1g\u00e9rzetet ad, \u00e9s arra k\u00e9szteti az embert, hogy fizikai hat\u00e1rait feszegetve megtudja, mire k\u00e9pes val\u00f3j\u00e1ban a teste. \u00c9rthet\u0151, hogy a legt\u00f6bb elk\u00f6telezett ker\u00e9kp\u00e1ros szereti nyomon k\u00f6vetni a fejl\u0151d\u00e9s\u00e9t, \u00e9s olyan edz\u00e9stervet k\u00f6vet, amely seg\u00edt maxim\u00e1lisan kihaszn\u00e1lni a nyeregben t\u00f6lt\u00f6tt id\u0151t.","og_url":"https:\/\/www.welovecycling.com\/hu\/edzes-es-eletmod\/a-tudatossag-a-test-megertese-es-a-kerekparozas-a-szamokon-tul-a-sikerig\/","og_site_name":"\u0160koda We Love Cycling - Magyarorsz\u00e1g","article_publisher":"https:\/\/www.facebook.com\/WeLoveCyclingHungary\/","article_published_time":"2023-06-12T06:00:38+00:00","article_modified_time":"2024-08-21T09:29:13+00:00","og_image":[{"width":990,"height":660,"url":"https:\/\/d2p6e6u75xmxt8.cloudfront.net\/12\/2024\/05\/Alps-Cycling-profimedia-0835688511-CVR.webp","type":"image\/webp"}],"author":"hegyizs","twitter_card":"summary_large_image","twitter_title":"A tudatoss\u00e1g, a test meg\u00e9rt\u00e9se \u00e9s a ker\u00e9kp\u00e1roz\u00e1s: A sz\u00e1mokon t\u00fal a sikerig","twitter_misc":{"Written by":"Megan Flottorp","Est. reading time":"5"},"schema":{"@context":"https:\/\/schema.org","@graph":[{"@type":"WebPage","@id":"https:\/\/www.welovecycling.com\/hu\/edzes-es-eletmod\/a-tudatossag-a-test-megertese-es-a-kerekparozas-a-szamokon-tul-a-sikerig\/","url":"https:\/\/www.welovecycling.com\/hu\/edzes-es-eletmod\/a-tudatossag-a-test-megertese-es-a-kerekparozas-a-szamokon-tul-a-sikerig\/","name":"A tudatoss\u00e1g, a test meg\u00e9rt\u00e9se \u00e9s a ker\u00e9kp\u00e1roz\u00e1s: A sz\u00e1mokon t\u00fal a sikerig","isPartOf":{"@id":"https:\/\/www.welovecycling.com\/hu\/#website"},"primaryImageOfPage":{"@id":"https:\/\/www.welovecycling.com\/hu\/edzes-es-eletmod\/a-tudatossag-a-test-megertese-es-a-kerekparozas-a-szamokon-tul-a-sikerig\/#primaryimage"},"image":{"@id":"https:\/\/www.welovecycling.com\/hu\/edzes-es-eletmod\/a-tudatossag-a-test-megertese-es-a-kerekparozas-a-szamokon-tul-a-sikerig\/#primaryimage"},"thumbnailUrl":"https:\/\/d2p6e6u75xmxt8.cloudfront.net\/12\/2024\/05\/Alps-Cycling-profimedia-0835688511-CVR.webp","datePublished":"2023-06-12T06:00:38+00:00","dateModified":"2024-08-21T09:29:13+00:00","author":{"@id":"https:\/\/www.welovecycling.com\/hu\/#\/schema\/person\/414a2aebf1801691a5320edb6468e194"},"description":"K\u00e9ts\u00e9gtelen\u00fcl mindannyian egyet\u00e9rthet\u00fcnk abban, hogy amellett, hogy rendk\u00edv\u00fcl sz\u00f3rakoztat\u00f3, a ker\u00e9kp\u00e1roz\u00e1s kiv\u00e1l\u00f3 mozg\u00e1sforma is. A ny\u00edlt \u00faton val\u00f3 teker\u00e9s szabads\u00e1g\u00e9rzetet ad, \u00e9s arra k\u00e9szteti az embert, hogy fizikai hat\u00e1rait feszegetve megtudja, mire k\u00e9pes val\u00f3j\u00e1ban a teste.","breadcrumb":{"@id":"https:\/\/www.welovecycling.com\/hu\/edzes-es-eletmod\/a-tudatossag-a-test-megertese-es-a-kerekparozas-a-szamokon-tul-a-sikerig\/#breadcrumb"},"inLanguage":"hu","potentialAction":[{"@type":"ReadAction","target":["https:\/\/www.welovecycling.com\/hu\/edzes-es-eletmod\/a-tudatossag-a-test-megertese-es-a-kerekparozas-a-szamokon-tul-a-sikerig\/"]}]},{"@type":"ImageObject","inLanguage":"hu","@id":"https:\/\/www.welovecycling.com\/hu\/edzes-es-eletmod\/a-tudatossag-a-test-megertese-es-a-kerekparozas-a-szamokon-tul-a-sikerig\/#primaryimage","url":"https:\/\/d2p6e6u75xmxt8.cloudfront.net\/12\/2024\/05\/Alps-Cycling-profimedia-0835688511-CVR.webp","contentUrl":"https:\/\/d2p6e6u75xmxt8.cloudfront.net\/12\/2024\/05\/Alps-Cycling-profimedia-0835688511-CVR.webp","width":990,"height":660,"caption":"Cycling in Alps"},{"@type":"BreadcrumbList","@id":"https:\/\/www.welovecycling.com\/hu\/edzes-es-eletmod\/a-tudatossag-a-test-megertese-es-a-kerekparozas-a-szamokon-tul-a-sikerig\/#breadcrumb","itemListElement":[{"@type":"ListItem","position":1,"name":"Home","item":"https:\/\/www.welovecycling.com\/hu\/"},{"@type":"ListItem","position":2,"name":"A tudatoss\u00e1g, a test meg\u00e9rt\u00e9se \u00e9s a ker\u00e9kp\u00e1roz\u00e1s: A sz\u00e1mokon t\u00fal a sikerig"}]},{"@type":"WebSite","@id":"https:\/\/www.welovecycling.com\/hu\/#website","url":"https:\/\/www.welovecycling.com\/hu\/","name":"\u0160koda We Love Cycling - Magyarorsz\u00e1g","description":"\u0160koda WeLoveCycling","potentialAction":[{"@type":"SearchAction","target":{"@type":"EntryPoint","urlTemplate":"https:\/\/www.welovecycling.com\/hu\/?s={search_term_string}"},"query-input":{"@type":"PropertyValueSpecification","valueRequired":true,"valueName":"search_term_string"}}],"inLanguage":"hu"},{"@type":"Person","@id":"https:\/\/www.welovecycling.com\/hu\/#\/schema\/person\/414a2aebf1801691a5320edb6468e194","name":"hegyizs","image":{"@type":"ImageObject","inLanguage":"hu","@id":"https:\/\/www.welovecycling.com\/hu\/#\/schema\/person\/image\/","url":"https:\/\/secure.gravatar.com\/avatar\/02cf8a7906b8cf90cecb4679defac7cfd33a1c2e3b88e4903d947f3bb58eedd3?s=96&d=mm&r=g","contentUrl":"https:\/\/secure.gravatar.com\/avatar\/02cf8a7906b8cf90cecb4679defac7cfd33a1c2e3b88e4903d947f3bb58eedd3?s=96&d=mm&r=g","caption":"hegyizs"},"url":"https:\/\/www.welovecycling.com\/hu\/author\/hegyizs\/"}]}},"_links":{"self":[{"href":"https:\/\/www.welovecycling.com\/hu\/wp-json\/wp\/v2\/posts\/17500","targetHints":{"allow":["GET"]}}],"collection":[{"href":"https:\/\/www.welovecycling.com\/hu\/wp-json\/wp\/v2\/posts"}],"about":[{"href":"https:\/\/www.welovecycling.com\/hu\/wp-json\/wp\/v2\/types\/post"}],"author":[{"embeddable":true,"href":"https:\/\/www.welovecycling.com\/hu\/wp-json\/wp\/v2\/users\/71"}],"replies":[{"embeddable":true,"href":"https:\/\/www.welovecycling.com\/hu\/wp-json\/wp\/v2\/comments?post=17500"}],"version-history":[{"count":2,"href":"https:\/\/www.welovecycling.com\/hu\/wp-json\/wp\/v2\/posts\/17500\/revisions"}],"predecessor-version":[{"id":17503,"href":"https:\/\/www.welovecycling.com\/hu\/wp-json\/wp\/v2\/posts\/17500\/revisions\/17503"}],"wp:featuredmedia":[{"embeddable":true,"href":"https:\/\/www.welovecycling.com\/hu\/wp-json\/wp\/v2\/media\/18517"}],"wp:attachment":[{"href":"https:\/\/www.welovecycling.com\/hu\/wp-json\/wp\/v2\/media?parent=17500"}],"wp:term":[{"taxonomy":"category","embeddable":true,"href":"https:\/\/www.welovecycling.com\/hu\/wp-json\/wp\/v2\/categories?post=17500"},{"taxonomy":"post_tag","embeddable":true,"href":"https:\/\/www.welovecycling.com\/hu\/wp-json\/wp\/v2\/tags?post=17500"},{"taxonomy":"global-categories","embeddable":true,"href":"https:\/\/www.welovecycling.com\/hu\/wp-json\/wp\/v2\/global-categories?post=17500"}],"curies":[{"name":"wp","href":"https:\/\/api.w.org\/{rel}","templated":true}]}}