{"id":17493,"date":"2023-06-19T08:00:59","date_gmt":"2023-06-19T06:00:59","guid":{"rendered":"https:\/\/www.welovecycling.com\/hu\/?p=17493"},"modified":"2023-06-09T13:09:13","modified_gmt":"2023-06-09T11:09:13","slug":"a-legfestoibb-helyek-ahol-iden-nyaron-erdemes-biciklizni","status":"publish","type":"post","link":"https:\/\/www.welovecycling.com\/hu\/trekking-mtb\/a-legfestoibb-helyek-ahol-iden-nyaron-erdemes-biciklizni\/","title":{"rendered":"A legfest\u0151ibb helyek, ahol id\u00e9n ny\u00e1ron \u00e9rdemes biciklizni"},"content":{"rendered":"<p><strong>Eur\u00f3pa-szerte fest\u0151i ker\u00e9kp\u00e1rutak v\u00e1rnak r\u00e1d, melyek mindegyike vonz\u00f3 c\u00e9lpont lehet k\u00f6vetkez\u0151 ny\u00e1ri kalandodhoz. <\/strong><\/p>\n<p><!--more--><\/p>\n<h2><strong>A Dolomitok kih\u00edv\u00e1st jelent\u0151 h\u00e1g\u00f3i<\/strong><\/h2>\n<p>Ahogy a Giro d&#8217;Italia-t n\u00e9zted, tal\u00e1n benned is fel\u00e9bredt a v\u00e1gy, hogy megl\u00e1togasd a Dolomitok impoz\u00e1ns cs\u00facsait \u00e9s hegyi \u00f6sv\u00e9nyeit. A meredek emelked\u0151knek \u00e9s csendes vid\u00e9ki utaknak k\u00f6sz\u00f6nhet\u0151en \u00e1ltal\u00e1ban nem nagy a forgalom, \u00edgy a hegym\u00e1sz\u00e1s alatt nyugodtan k\u00e9mlelheted az elk\u00e9peszt\u0151 t\u00e1jat. V\u00e9gtelen sz\u00e1m\u00fa \u00fatvonal v\u00e1r arra, hogy felfedezd \u0151ket, de ha szeretn\u00e9l tal\u00e1lkozni a Dolomitok legf\u00e9lelmetesebb cs\u00facsaival, ak\u00e1r a kor\u00e1bbi Giro d&#8217;Italia versenyekb\u0151l is mer\u00edthetsz ihletet, \u00e9s k\u00f6vetheted az egyes szakaszok \u00fatvonal\u00e1t.<\/p>\n<p>M\u00e1ssz meg olyan legend\u00e1s h\u00e1g\u00f3kat, mint a Stelvio, amely a Keleti-Alpok legmagasabb burkolt h\u00e1g\u00f3ja \u00e9s egyben az Alpok m\u00e1sodik legmagasabb cs\u00facsa. A 24 km-es, 7,6%-os \u00e1tlagos meredeks\u00e9g\u0171 \u00fatvonal 48 kanyart tartalmaz, \u00edgy sz\u00e1mtalan lehet\u0151s\u00e9get biztos\u00edt a kil\u00e1t\u00e1sban val\u00f3 gy\u00f6ny\u00f6rk\u00f6d\u00e9sre. A cs\u00facson ne felejts el nagyot szippantani a friss hegyi leveg\u0151b\u0151l, \u00e9s alaposan k\u00f6r\u00fcln\u00e9zni, hogy l\u00e1sd, mit h\u00f3d\u00edtott\u00e1l meg.<\/p>\n<p>A Sellaronda egy m\u00e1sik kihagyhatatlan t\u00fara minden olyan ker\u00e9kp\u00e1ros sz\u00e1m\u00e1ra, aki fest\u0151i ker\u00e9kp\u00e1rutat keres a Dolomitokban. Ez egy k\u00f6r\u00fclbel\u00fcl 50 km hossz\u00fa, 1700 m szintemelked\u00e9st mag\u00e1ban foglal\u00f3 k\u00f6r\u00fat a Sella-hegys\u00e9g k\u00f6r\u00fcl. Az \u00fatvonal n\u00e9gy gy\u00f6ny\u00f6r\u0171 h\u00e1g\u00f3t \u00e9rint: Campolongo-h\u00e1g\u00f3, Pordoi-h\u00e1g\u00f3, Sella-h\u00e1g\u00f3 \u00e9s Gardena-h\u00e1g\u00f3.<\/p>\n<h2><strong>A Dolomitok: A Stoneman-\u00f6sv\u00e9ny <\/strong><\/h2>\n<figure id=\"attachment_17494\" aria-describedby=\"caption-attachment-17494\" style=\"width: 1000px\" class=\"wp-caption alignnone\"><a href=\"https:\/\/d2p6e6u75xmxt8.cloudfront.net\/12\/2023\/06\/Stoneman-Dolomites-profimedia-0088628684.webp\"><img loading=\"lazy\" decoding=\"async\" class=\"wp-image-17494 size-full\" src=\"https:\/\/d2p6e6u75xmxt8.cloudfront.net\/12\/2023\/06\/Stoneman-Dolomites-profimedia-0088628684.webp\" alt=\"The Stoneman Trail\" width=\"1000\" height=\"664\" srcset=\"https:\/\/d2p6e6u75xmxt8.cloudfront.net\/12\/2023\/06\/Stoneman-Dolomites-profimedia-0088628684.webp 1000w, https:\/\/d2p6e6u75xmxt8.cloudfront.net\/12\/2023\/06\/Stoneman-Dolomites-profimedia-0088628684-300x199.webp 300w, https:\/\/d2p6e6u75xmxt8.cloudfront.net\/12\/2023\/06\/Stoneman-Dolomites-profimedia-0088628684-768x510.webp 768w, https:\/\/d2p6e6u75xmxt8.cloudfront.net\/12\/2023\/06\/Stoneman-Dolomites-profimedia-0088628684-400x266.webp 400w, https:\/\/d2p6e6u75xmxt8.cloudfront.net\/12\/2023\/06\/Stoneman-Dolomites-profimedia-0088628684-272x182.webp 272w\" sizes=\"auto, (max-width: 1000px) 100vw, 1000px\" \/><\/a><figcaption id=\"caption-attachment-17494\" class=\"wp-caption-text\"><em>A mag\u00e1val ragad\u00f3 Stoneman-\u00f6sv\u00e9ny. \u00a9 Profimedia<\/em><\/figcaption><\/figure>\n<p>Ha a hegyi ker\u00e9kp\u00e1roz\u00e1st kedveled, a Stoneman-\u00f6sv\u00e9nyt mindenk\u00e9pp fel kell venned a ny\u00e1ri terveid k\u00f6z\u00e9. Nem egy k\u00f6nny\u0171 \u00fat, de nagy jutalom v\u00e1r a kih\u00edv\u00e1sra jelentkez\u0151 ker\u00e9kp\u00e1rosokra. A 115 kilom\u00e9teres \u00fatvonal k\u00f6r\u00fclbel\u00fcl 4000 m\u00e9ter magasra emelkedik, \u00e9s 5 k\u00fcl\u00f6nb\u00f6z\u0151 szakaszra oszlik. Egy magas alpesi terepen halad \u00e1t, ahol \u00fatk\u00f6zben hegyi kunyh\u00f3kkal tal\u00e1lkozhatsz. A &#8220;Stoneman&#8221; elnevez\u00e9s az \u00fatvonalon tal\u00e1lhat\u00f3, \u00fatbaigaz\u00edt\u00f3 k\u0151c\u00f6l\u00f6p\u00f6kre utal. Az \u00fatvonalat 1, 2 vagy ak\u00e1r 3 nap alatt is teljes\u00edtheted, a c\u00e9lba \u00e9r\u00e9s ut\u00e1n pedig egy tr\u00f3fe\u00e1t kapsz.<\/p>\n<h2><strong>Hollandia: A Fr\u00edz-szigetek<\/strong><\/h2>\n<figure id=\"attachment_17495\" aria-describedby=\"caption-attachment-17495\" style=\"width: 1000px\" class=\"wp-caption alignnone\"><a href=\"https:\/\/d2p6e6u75xmxt8.cloudfront.net\/12\/2023\/06\/Frisian-Islands-profimedia-0768732525.webp\"><img loading=\"lazy\" decoding=\"async\" class=\"size-full wp-image-17495\" src=\"https:\/\/d2p6e6u75xmxt8.cloudfront.net\/12\/2023\/06\/Frisian-Islands-profimedia-0768732525.webp\" alt=\"Frisian Islands\" width=\"1000\" height=\"666\" srcset=\"https:\/\/d2p6e6u75xmxt8.cloudfront.net\/12\/2023\/06\/Frisian-Islands-profimedia-0768732525.webp 1000w, https:\/\/d2p6e6u75xmxt8.cloudfront.net\/12\/2023\/06\/Frisian-Islands-profimedia-0768732525-300x200.webp 300w, https:\/\/d2p6e6u75xmxt8.cloudfront.net\/12\/2023\/06\/Frisian-Islands-profimedia-0768732525-768x511.webp 768w, https:\/\/d2p6e6u75xmxt8.cloudfront.net\/12\/2023\/06\/Frisian-Islands-profimedia-0768732525-400x266.webp 400w, https:\/\/d2p6e6u75xmxt8.cloudfront.net\/12\/2023\/06\/Frisian-Islands-profimedia-0768732525-272x182.webp 272w\" sizes=\"auto, (max-width: 1000px) 100vw, 1000px\" \/><\/a><figcaption id=\"caption-attachment-17495\" class=\"wp-caption-text\"><em>V\u00e1gj bele egy nem mindennapi kalandba. \u00a9 Profimedia<\/em><\/figcaption><\/figure>\n<p>Annak, aki a hegyek helyett a tengerpartot r\u00e9szes\u00edti el\u0151nyben, a Fr\u00edz-szigetek a megfelel\u0151 v\u00e1laszt\u00e1s. A Fr\u00edz-szigeteken ny\u00e1ron kev\u00e9sb\u00e9 val\u00f3sz\u00edn\u0171, hogy szembesz\u00e9llel kell k\u00fczdened, helyette \u00e9lvezheted a l\u00e1gy \u00e9s pezsd\u00edt\u0151 tengeri szell\u0151t, mik\u00f6zben v\u00e9gigtekersz ezen a gy\u00f6ny\u00f6r\u0171 t\u00e1jon. Az \u00c9szaki-tengerben tal\u00e1lhat\u00f3 szigetcsoport Hollandi\u00e1t\u00f3l D\u00e1ni\u00e1ig terjed. A szigetek egyed\u00fcl\u00e1ll\u00f3 gy\u0171jtem\u00e9nye erd\u0151kb\u0151l, homokd\u0171n\u00e9kb\u0151l, strandokb\u00f3l \u00e9s polderekb\u0151l \u00e1ll (melyek a tenger vagy foly\u00f3 \u00e1ltal ig\u00e9nybevett, alacsonyan fekv\u0151, g\u00e1takkal v\u00e9dett f\u00f6lddarabok).<\/p>\n<p>B\u00e1r egyesek f\u0151k\u00e9nt a v\u00edzi sportok meleg\u00e1gy\u00e1nak tartj\u00e1k a Fr\u00edz-szigeteket, a viszonylag alacsony forgalomnak k\u00f6sz\u00f6nhet\u0151en t\u00f6k\u00e9letesen alkalmas ker\u00e9kp\u00e1r\u00f6sv\u00e9nynek is, ahol teker\u00e9s k\u00f6zben olyan l\u00e1tv\u00e1nyos kil\u00e1t\u00e1sban gy\u00f6ny\u00f6rk\u00f6dhetsz, melyet sehol m\u00e1shol nem l\u00e1tsz. Ap\u00e1lykor pedig megjelenik az \u00e1rap\u00e1lys\u00edks\u00e1g, amely egy fokozottan v\u00e9dett term\u00e9szetv\u00e9delmi ter\u00fclet \u00e9s az UNESCO Vil\u00e1g\u00f6r\u00f6ks\u00e9g r\u00e9sze.<\/p>\n<p>A vadvil\u00e1g kedvel\u0151i sz\u00e1m\u00e1ra is sok a l\u00e1tnival\u00f3, ugyanis a Fr\u00edz-szigetek hemzsegnek az olyan v\u00edzi \u00e1llatokt\u00f3l, mint a r\u00e1kok, kagyl\u00f3k, osztrig\u00e1k \u00e9s tengeri madarak. A szigetek k\u00f6z\u00f6tt Texel a legnagyobb. A ter\u00fclet sz\u00e1mos ker\u00e9kp\u00e1rutat k\u00edn\u00e1l, ahol nagyon alacsony a forgalom.<\/p>\n<h2><strong>Szlov\u00e9nia: Az off-road paradicsom<\/strong><\/h2>\n<figure id=\"attachment_17496\" aria-describedby=\"caption-attachment-17496\" style=\"width: 1000px\" class=\"wp-caption alignnone\"><a href=\"https:\/\/d2p6e6u75xmxt8.cloudfront.net\/12\/2023\/06\/Slovenia-Cycling-profimedia-0624024080.webp\"><img loading=\"lazy\" decoding=\"async\" class=\"wp-image-17496 size-full\" src=\"https:\/\/d2p6e6u75xmxt8.cloudfront.net\/12\/2023\/06\/Slovenia-Cycling-profimedia-0624024080.webp\" alt=\"Cycling in Slovenia\" width=\"1000\" height=\"614\" srcset=\"https:\/\/d2p6e6u75xmxt8.cloudfront.net\/12\/2023\/06\/Slovenia-Cycling-profimedia-0624024080.webp 1000w, https:\/\/d2p6e6u75xmxt8.cloudfront.net\/12\/2023\/06\/Slovenia-Cycling-profimedia-0624024080-300x184.webp 300w, https:\/\/d2p6e6u75xmxt8.cloudfront.net\/12\/2023\/06\/Slovenia-Cycling-profimedia-0624024080-768x472.webp 768w, https:\/\/d2p6e6u75xmxt8.cloudfront.net\/12\/2023\/06\/Slovenia-Cycling-profimedia-0624024080-400x246.webp 400w\" sizes=\"auto, (max-width: 1000px) 100vw, 1000px\" \/><\/a><figcaption id=\"caption-attachment-17496\" class=\"wp-caption-text\"><em>Szlov\u00e9nia t\u00f6k\u00e9letes c\u00e9lpont egy csal\u00e1di nyaral\u00e1shoz. \u00a9 Profimedia<\/em><\/figcaption><\/figure>\n<p>Amennyiben ink\u00e1bb let\u00e9rn\u00e9l a kitaposott \u00fatr\u00f3l, a gy\u00f6ny\u00f6r\u0171 J\u00falia-Alpokot \u00e9s a k\u00f6rnyez\u0151 orsz\u00e1got aj\u00e1nljuk a figyelmedbe. Szlov\u00e9ni\u00e1t \u00e1thatja a t\u00f6rt\u00e9nelem, \u00edgy a jellegzetes, f\u00e9lelmetes hegyvonulatok mellett bunkerekkel, v\u00e1rakkal, s\u0151t m\u00e9g a m\u00e1sodik vil\u00e1gh\u00e1bor\u00fab\u00f3l megmaradt l\u00f6veg\u00e1ll\u00e1sokkal is tal\u00e1lkozhatsz.<\/p>\n<p>B\u00e1r a t\u00e9rs\u00e9gen jellemz\u0151en gy\u00f6ny\u00f6r\u0171 utak vezetnek kereszt\u00fcl, Szlov\u00e9nia h\u00edres kavicsos \u00fatjair\u00f3l \u00e9s buja erdeir\u0151l is, \u00edgy ezeknek is \u00e9rdemes nekiv\u00e1gni. Ha pedig erre v\u00e1llalkozol, mi\u00e9rt ne ker\u00fcln\u00e9d meg az eg\u00e9sz orsz\u00e1got? Az \u00fatvonal 420 km hossz\u00fa, \u00e9s k\u00f6zel 9000 m\u00e9ter emelked\u0151t tartalmaz. Szinte egy\u00e1ltal\u00e1n nincsenek technikai szakaszok, \u00edgy ak\u00e1r cross biciklivel is teljes\u00edthet\u0151, k\u00f6zben pedig \u00e9lvezheted a k\u00f6rnyezetet.<\/p>\n<p style=\"font-weight: 400;\">B\u00e1rmelyik kalandot is v\u00e1lasztod id\u00e9n ny\u00e1ron, mindenk\u00e9ppen sz\u00e1nj id\u0151t arra, hogy a t\u00fara k\u00f6zben megpihenj \u00e9s egy kicsit \u00e9lvezd a kil\u00e1t\u00e1st.<\/p>\n","protected":false},"excerpt":{"rendered":"<p>Eur\u00f3pa-szerte fest\u0151i ker\u00e9kp\u00e1rutak v\u00e1rnak r\u00e1d, melyek mindegyike vonz\u00f3 c\u00e9lpont lehet k\u00f6vetkez\u0151 ny\u00e1ri kalandodhoz.<\/p>\n","protected":false},"author":71,"featured_media":17498,"comment_status":"open","ping_status":"open","sticky":false,"template":"","format":"standard","meta":{"footnotes":""},"categories":[7],"tags":[],"global-categories":[],"class_list":["post-17493","post","type-post","status-publish","format-standard","has-post-thumbnail","hentry","category-trekking-mtb"],"yoast_head":"<!-- This site is optimized with the Yoast SEO Premium plugin v25.3 (Yoast SEO v25.9) - https:\/\/yoast.com\/wordpress\/plugins\/seo\/ -->\n<title>A legfest\u0151ibb helyek, ahol id\u00e9n ny\u00e1ron \u00e9rdemes biciklizni<\/title>\n<meta name=\"description\" content=\"Eur\u00f3pa-szerte fest\u0151i ker\u00e9kp\u00e1rutak v\u00e1rnak r\u00e1d, melyek mindegyike vonz\u00f3 c\u00e9lpont lehet k\u00f6vetkez\u0151 ny\u00e1ri kalandodhoz.\" \/>\n<meta name=\"robots\" content=\"index, follow, max-snippet:-1, max-image-preview:large, max-video-preview:-1\" \/>\n<link rel=\"canonical\" href=\"https:\/\/www.welovecycling.com\/hu\/trekking-mtb\/a-legfestoibb-helyek-ahol-iden-nyaron-erdemes-biciklizni\/\" \/>\n<meta property=\"og:locale\" content=\"hu_HU\" \/>\n<meta property=\"og:type\" content=\"article\" \/>\n<meta property=\"og:title\" content=\"A legfest\u0151ibb helyek, ahol id\u00e9n ny\u00e1ron \u00e9rdemes biciklizni\" \/>\n<meta property=\"og:description\" content=\"Eur\u00f3pa-szerte fest\u0151i ker\u00e9kp\u00e1rutak v\u00e1rnak r\u00e1d, melyek mindegyike vonz\u00f3 c\u00e9lpont lehet k\u00f6vetkez\u0151 ny\u00e1ri kalandodhoz.\" \/>\n<meta property=\"og:url\" content=\"https:\/\/www.welovecycling.com\/hu\/trekking-mtb\/a-legfestoibb-helyek-ahol-iden-nyaron-erdemes-biciklizni\/\" \/>\n<meta property=\"og:site_name\" content=\"\u0160koda We Love Cycling - Magyarorsz\u00e1g\" \/>\n<meta property=\"article:publisher\" content=\"https:\/\/www.facebook.com\/WeLoveCyclingHungary\/\" \/>\n<meta property=\"article:published_time\" content=\"2023-06-19T06:00:59+00:00\" \/>\n<meta property=\"og:image\" content=\"https:\/\/d2p6e6u75xmxt8.cloudfront.net\/12\/2023\/06\/Dolomites-Stelvio-Pass-profimedia-0474667901-CVR.webp\" \/>\n\t<meta property=\"og:image:width\" content=\"990\" \/>\n\t<meta property=\"og:image:height\" content=\"660\" \/>\n\t<meta property=\"og:image:type\" content=\"image\/webp\" \/>\n<meta name=\"author\" content=\"hegyizs\" \/>\n<meta name=\"twitter:card\" content=\"summary_large_image\" \/>\n<meta name=\"twitter:label1\" content=\"Written by\" \/>\n\t<meta name=\"twitter:data1\" content=\"Charlotte Murray\" \/>\n\t<meta name=\"twitter:label2\" content=\"Est. reading time\" \/>\n\t<meta name=\"twitter:data2\" content=\"4\" \/>\n<script type=\"application\/ld+json\" class=\"yoast-schema-graph\">{\"@context\":\"https:\/\/schema.org\",\"@graph\":[{\"@type\":\"WebPage\",\"@id\":\"https:\/\/www.welovecycling.com\/hu\/trekking-mtb\/a-legfestoibb-helyek-ahol-iden-nyaron-erdemes-biciklizni\/\",\"url\":\"https:\/\/www.welovecycling.com\/hu\/trekking-mtb\/a-legfestoibb-helyek-ahol-iden-nyaron-erdemes-biciklizni\/\",\"name\":\"A legfest\u0151ibb helyek, ahol id\u00e9n ny\u00e1ron \u00e9rdemes biciklizni\",\"isPartOf\":{\"@id\":\"https:\/\/www.welovecycling.com\/hu\/#website\"},\"primaryImageOfPage\":{\"@id\":\"https:\/\/www.welovecycling.com\/hu\/trekking-mtb\/a-legfestoibb-helyek-ahol-iden-nyaron-erdemes-biciklizni\/#primaryimage\"},\"image\":{\"@id\":\"https:\/\/www.welovecycling.com\/hu\/trekking-mtb\/a-legfestoibb-helyek-ahol-iden-nyaron-erdemes-biciklizni\/#primaryimage\"},\"thumbnailUrl\":\"https:\/\/d2p6e6u75xmxt8.cloudfront.net\/12\/2023\/06\/Dolomites-Stelvio-Pass-profimedia-0474667901-CVR.webp\",\"datePublished\":\"2023-06-19T06:00:59+00:00\",\"author\":{\"@id\":\"https:\/\/www.welovecycling.com\/hu\/#\/schema\/person\/414a2aebf1801691a5320edb6468e194\"},\"description\":\"Eur\u00f3pa-szerte fest\u0151i ker\u00e9kp\u00e1rutak v\u00e1rnak r\u00e1d, melyek mindegyike vonz\u00f3 c\u00e9lpont lehet k\u00f6vetkez\u0151 ny\u00e1ri kalandodhoz.\",\"breadcrumb\":{\"@id\":\"https:\/\/www.welovecycling.com\/hu\/trekking-mtb\/a-legfestoibb-helyek-ahol-iden-nyaron-erdemes-biciklizni\/#breadcrumb\"},\"inLanguage\":\"hu\",\"potentialAction\":[{\"@type\":\"ReadAction\",\"target\":[\"https:\/\/www.welovecycling.com\/hu\/trekking-mtb\/a-legfestoibb-helyek-ahol-iden-nyaron-erdemes-biciklizni\/\"]}]},{\"@type\":\"ImageObject\",\"inLanguage\":\"hu\",\"@id\":\"https:\/\/www.welovecycling.com\/hu\/trekking-mtb\/a-legfestoibb-helyek-ahol-iden-nyaron-erdemes-biciklizni\/#primaryimage\",\"url\":\"https:\/\/d2p6e6u75xmxt8.cloudfront.net\/12\/2023\/06\/Dolomites-Stelvio-Pass-profimedia-0474667901-CVR.webp\",\"contentUrl\":\"https:\/\/d2p6e6u75xmxt8.cloudfront.net\/12\/2023\/06\/Dolomites-Stelvio-Pass-profimedia-0474667901-CVR.webp\",\"width\":990,\"height\":660,\"caption\":\"The Stelvio Pass\"},{\"@type\":\"BreadcrumbList\",\"@id\":\"https:\/\/www.welovecycling.com\/hu\/trekking-mtb\/a-legfestoibb-helyek-ahol-iden-nyaron-erdemes-biciklizni\/#breadcrumb\",\"itemListElement\":[{\"@type\":\"ListItem\",\"position\":1,\"name\":\"Home\",\"item\":\"https:\/\/www.welovecycling.com\/hu\/\"},{\"@type\":\"ListItem\",\"position\":2,\"name\":\"A legfest\u0151ibb helyek, ahol id\u00e9n ny\u00e1ron \u00e9rdemes biciklizni\"}]},{\"@type\":\"WebSite\",\"@id\":\"https:\/\/www.welovecycling.com\/hu\/#website\",\"url\":\"https:\/\/www.welovecycling.com\/hu\/\",\"name\":\"\u0160koda We Love Cycling - Magyarorsz\u00e1g\",\"description\":\"\u0160koda WeLoveCycling\",\"potentialAction\":[{\"@type\":\"SearchAction\",\"target\":{\"@type\":\"EntryPoint\",\"urlTemplate\":\"https:\/\/www.welovecycling.com\/hu\/?s={search_term_string}\"},\"query-input\":{\"@type\":\"PropertyValueSpecification\",\"valueRequired\":true,\"valueName\":\"search_term_string\"}}],\"inLanguage\":\"hu\"},{\"@type\":\"Person\",\"@id\":\"https:\/\/www.welovecycling.com\/hu\/#\/schema\/person\/414a2aebf1801691a5320edb6468e194\",\"name\":\"hegyizs\",\"image\":{\"@type\":\"ImageObject\",\"inLanguage\":\"hu\",\"@id\":\"https:\/\/www.welovecycling.com\/hu\/#\/schema\/person\/image\/\",\"url\":\"https:\/\/secure.gravatar.com\/avatar\/02cf8a7906b8cf90cecb4679defac7cfd33a1c2e3b88e4903d947f3bb58eedd3?s=96&d=mm&r=g\",\"contentUrl\":\"https:\/\/secure.gravatar.com\/avatar\/02cf8a7906b8cf90cecb4679defac7cfd33a1c2e3b88e4903d947f3bb58eedd3?s=96&d=mm&r=g\",\"caption\":\"hegyizs\"},\"url\":\"https:\/\/www.welovecycling.com\/hu\/author\/hegyizs\/\"}]}<\/script>\n<!-- \/ Yoast SEO Premium plugin. -->","yoast_head_json":{"title":"A legfest\u0151ibb helyek, ahol id\u00e9n ny\u00e1ron \u00e9rdemes biciklizni","description":"Eur\u00f3pa-szerte fest\u0151i ker\u00e9kp\u00e1rutak v\u00e1rnak r\u00e1d, melyek mindegyike vonz\u00f3 c\u00e9lpont lehet k\u00f6vetkez\u0151 ny\u00e1ri kalandodhoz.","robots":{"index":"index","follow":"follow","max-snippet":"max-snippet:-1","max-image-preview":"max-image-preview:large","max-video-preview":"max-video-preview:-1"},"canonical":"https:\/\/www.welovecycling.com\/hu\/trekking-mtb\/a-legfestoibb-helyek-ahol-iden-nyaron-erdemes-biciklizni\/","og_locale":"hu_HU","og_type":"article","og_title":"A legfest\u0151ibb helyek, ahol id\u00e9n ny\u00e1ron \u00e9rdemes biciklizni","og_description":"Eur\u00f3pa-szerte fest\u0151i ker\u00e9kp\u00e1rutak v\u00e1rnak r\u00e1d, melyek mindegyike vonz\u00f3 c\u00e9lpont lehet k\u00f6vetkez\u0151 ny\u00e1ri kalandodhoz.","og_url":"https:\/\/www.welovecycling.com\/hu\/trekking-mtb\/a-legfestoibb-helyek-ahol-iden-nyaron-erdemes-biciklizni\/","og_site_name":"\u0160koda We Love Cycling - Magyarorsz\u00e1g","article_publisher":"https:\/\/www.facebook.com\/WeLoveCyclingHungary\/","article_published_time":"2023-06-19T06:00:59+00:00","og_image":[{"width":990,"height":660,"url":"https:\/\/d2p6e6u75xmxt8.cloudfront.net\/12\/2023\/06\/Dolomites-Stelvio-Pass-profimedia-0474667901-CVR.webp","type":"image\/webp"}],"author":"hegyizs","twitter_card":"summary_large_image","twitter_misc":{"Written by":"Charlotte Murray","Est. reading time":"4"},"schema":{"@context":"https:\/\/schema.org","@graph":[{"@type":"WebPage","@id":"https:\/\/www.welovecycling.com\/hu\/trekking-mtb\/a-legfestoibb-helyek-ahol-iden-nyaron-erdemes-biciklizni\/","url":"https:\/\/www.welovecycling.com\/hu\/trekking-mtb\/a-legfestoibb-helyek-ahol-iden-nyaron-erdemes-biciklizni\/","name":"A legfest\u0151ibb helyek, ahol id\u00e9n ny\u00e1ron \u00e9rdemes biciklizni","isPartOf":{"@id":"https:\/\/www.welovecycling.com\/hu\/#website"},"primaryImageOfPage":{"@id":"https:\/\/www.welovecycling.com\/hu\/trekking-mtb\/a-legfestoibb-helyek-ahol-iden-nyaron-erdemes-biciklizni\/#primaryimage"},"image":{"@id":"https:\/\/www.welovecycling.com\/hu\/trekking-mtb\/a-legfestoibb-helyek-ahol-iden-nyaron-erdemes-biciklizni\/#primaryimage"},"thumbnailUrl":"https:\/\/d2p6e6u75xmxt8.cloudfront.net\/12\/2023\/06\/Dolomites-Stelvio-Pass-profimedia-0474667901-CVR.webp","datePublished":"2023-06-19T06:00:59+00:00","author":{"@id":"https:\/\/www.welovecycling.com\/hu\/#\/schema\/person\/414a2aebf1801691a5320edb6468e194"},"description":"Eur\u00f3pa-szerte fest\u0151i ker\u00e9kp\u00e1rutak v\u00e1rnak r\u00e1d, melyek mindegyike vonz\u00f3 c\u00e9lpont lehet k\u00f6vetkez\u0151 ny\u00e1ri kalandodhoz.","breadcrumb":{"@id":"https:\/\/www.welovecycling.com\/hu\/trekking-mtb\/a-legfestoibb-helyek-ahol-iden-nyaron-erdemes-biciklizni\/#breadcrumb"},"inLanguage":"hu","potentialAction":[{"@type":"ReadAction","target":["https:\/\/www.welovecycling.com\/hu\/trekking-mtb\/a-legfestoibb-helyek-ahol-iden-nyaron-erdemes-biciklizni\/"]}]},{"@type":"ImageObject","inLanguage":"hu","@id":"https:\/\/www.welovecycling.com\/hu\/trekking-mtb\/a-legfestoibb-helyek-ahol-iden-nyaron-erdemes-biciklizni\/#primaryimage","url":"https:\/\/d2p6e6u75xmxt8.cloudfront.net\/12\/2023\/06\/Dolomites-Stelvio-Pass-profimedia-0474667901-CVR.webp","contentUrl":"https:\/\/d2p6e6u75xmxt8.cloudfront.net\/12\/2023\/06\/Dolomites-Stelvio-Pass-profimedia-0474667901-CVR.webp","width":990,"height":660,"caption":"The Stelvio Pass"},{"@type":"BreadcrumbList","@id":"https:\/\/www.welovecycling.com\/hu\/trekking-mtb\/a-legfestoibb-helyek-ahol-iden-nyaron-erdemes-biciklizni\/#breadcrumb","itemListElement":[{"@type":"ListItem","position":1,"name":"Home","item":"https:\/\/www.welovecycling.com\/hu\/"},{"@type":"ListItem","position":2,"name":"A legfest\u0151ibb helyek, ahol id\u00e9n ny\u00e1ron \u00e9rdemes biciklizni"}]},{"@type":"WebSite","@id":"https:\/\/www.welovecycling.com\/hu\/#website","url":"https:\/\/www.welovecycling.com\/hu\/","name":"\u0160koda We Love Cycling - Magyarorsz\u00e1g","description":"\u0160koda WeLoveCycling","potentialAction":[{"@type":"SearchAction","target":{"@type":"EntryPoint","urlTemplate":"https:\/\/www.welovecycling.com\/hu\/?s={search_term_string}"},"query-input":{"@type":"PropertyValueSpecification","valueRequired":true,"valueName":"search_term_string"}}],"inLanguage":"hu"},{"@type":"Person","@id":"https:\/\/www.welovecycling.com\/hu\/#\/schema\/person\/414a2aebf1801691a5320edb6468e194","name":"hegyizs","image":{"@type":"ImageObject","inLanguage":"hu","@id":"https:\/\/www.welovecycling.com\/hu\/#\/schema\/person\/image\/","url":"https:\/\/secure.gravatar.com\/avatar\/02cf8a7906b8cf90cecb4679defac7cfd33a1c2e3b88e4903d947f3bb58eedd3?s=96&d=mm&r=g","contentUrl":"https:\/\/secure.gravatar.com\/avatar\/02cf8a7906b8cf90cecb4679defac7cfd33a1c2e3b88e4903d947f3bb58eedd3?s=96&d=mm&r=g","caption":"hegyizs"},"url":"https:\/\/www.welovecycling.com\/hu\/author\/hegyizs\/"}]}},"_links":{"self":[{"href":"https:\/\/www.welovecycling.com\/hu\/wp-json\/wp\/v2\/posts\/17493","targetHints":{"allow":["GET"]}}],"collection":[{"href":"https:\/\/www.welovecycling.com\/hu\/wp-json\/wp\/v2\/posts"}],"about":[{"href":"https:\/\/www.welovecycling.com\/hu\/wp-json\/wp\/v2\/types\/post"}],"author":[{"embeddable":true,"href":"https:\/\/www.welovecycling.com\/hu\/wp-json\/wp\/v2\/users\/71"}],"replies":[{"embeddable":true,"href":"https:\/\/www.welovecycling.com\/hu\/wp-json\/wp\/v2\/comments?post=17493"}],"version-history":[{"count":2,"href":"https:\/\/www.welovecycling.com\/hu\/wp-json\/wp\/v2\/posts\/17493\/revisions"}],"predecessor-version":[{"id":17499,"href":"https:\/\/www.welovecycling.com\/hu\/wp-json\/wp\/v2\/posts\/17493\/revisions\/17499"}],"wp:featuredmedia":[{"embeddable":true,"href":"https:\/\/www.welovecycling.com\/hu\/wp-json\/wp\/v2\/media\/17498"}],"wp:attachment":[{"href":"https:\/\/www.welovecycling.com\/hu\/wp-json\/wp\/v2\/media?parent=17493"}],"wp:term":[{"taxonomy":"category","embeddable":true,"href":"https:\/\/www.welovecycling.com\/hu\/wp-json\/wp\/v2\/categories?post=17493"},{"taxonomy":"post_tag","embeddable":true,"href":"https:\/\/www.welovecycling.com\/hu\/wp-json\/wp\/v2\/tags?post=17493"},{"taxonomy":"global-categories","embeddable":true,"href":"https:\/\/www.welovecycling.com\/hu\/wp-json\/wp\/v2\/global-categories?post=17493"}],"curies":[{"name":"wp","href":"https:\/\/api.w.org\/{rel}","templated":true}]}}