{"id":17488,"date":"2023-06-09T12:25:59","date_gmt":"2023-06-09T10:25:59","guid":{"rendered":"https:\/\/www.welovecycling.com\/hu\/?p=17488"},"modified":"2023-06-12T10:23:04","modified_gmt":"2023-06-12T08:23:04","slug":"valter-segitokent-tundokol-a-criteriumon-dina-szepen-gyujtogeti-az-eredmenyeket-uj-csapataban","status":"publish","type":"post","link":"https:\/\/www.welovecycling.com\/hu\/orszaguti-kerekpar\/valter-segitokent-tundokol-a-criteriumon-dina-szepen-gyujtogeti-az-eredmenyeket-uj-csapataban\/","title":{"rendered":"Valter seg\u00edt\u0151k\u00e9nt t\u00fcnd\u00f6k\u00f6l a Crit\u00e9riumon, Dina sz\u00e9pen gy\u0171jt\u00f6geti az eredm\u00e9nyeket \u00faj csapat\u00e1ban"},"content":{"rendered":"<p><strong>Folyamatosan van ki\u00e9rt izgulnia a magyar ker\u00e9kp\u00e1rkedvel\u0151knek: Valter Attila s\u00e1rga trik\u00f3hoz seg\u00edtheti a Tour-c\u00edmv\u00e9d\u0151t, Dina M\u00e1rton els\u0151 nemzetk\u00f6zi siker\u00e9nek \u00f6r\u00fclhett\u00fcnk, \u00e9s j\u00f6v\u0151 h\u00e9t v\u00e9g\u00e9n Vas Blanka is \u00fajra aszfaltra l\u00e9p.<\/strong><!--more--><\/p>\n<p>Az elm\u00falt h\u00e9tv\u00e9ge Dina M\u00e1rton nagyszer\u0171 lengyelorsz\u00e1gi gy\u0151zelm\u00e9r\u0151l maradt eml\u00e9kezetes: az ATT Investments magyar bring\u00e1sa a lengyelorsz\u00e1gi Tour of Malopolsk\u00e1n els\u0151 nemzetk\u00f6zi siker\u00e9nek \u00f6r\u00fclhetett \u00faj csapat\u00e1ban \u2013 mindezt \u00fagy, hogy mag\u00e1n a viadalon is k\u00e9t szakaszgy\u0151zelmet aratott. Ami\u00f3ta Dina az EOLO-Komet\u00e1t\u00f3l a cseh ist\u00e1ll\u00f3hoz szerz\u0151d\u00f6tt, kezd igen sz\u00e9pen form\u00e1ba lend\u00fclni: a m\u00e1jusi Tour de Hongrie-n magasan a legjobb magyark\u00e9nt z\u00e1rt az \u00f6sszetett 17. hely\u00e9n, az\u00f3ta pedig a kisebb, 2.2-es versenyekr\u0151l gy\u0171jt\u00f6geti az egyre jobb eredm\u00e9nyeket. M\u00e1r a hollandiai Fleche du Sud\u00f6n is fel\u00e1llhatott az \u00f6sszetett dobog\u00f3ra, a franciaorsz\u00e1gi Tour de la Mirabelle 9. helye ut\u00e1n pedig j\u00f6tt a bizonyos Malopolska, amit Marci v\u00e9g\u00fcl er\u0151demonstr\u00e1l\u00f3 teljes\u00edtm\u00e9nnyel, t\u00f6bb mint f\u00e9l perces el\u0151nnyel tudott megnyerni \u2013 nem csoda, hogy Valter Attila nem felejtett el k\u00fcl\u00f6n is gratul\u00e1lni j\u00f3 bar\u00e1tj\u00e1nak a fontos eredm\u00e9nyhez!<\/p>\n<figure id=\"attachment_17490\" aria-describedby=\"caption-attachment-17490\" style=\"width: 960px\" class=\"wp-caption alignnone\"><img loading=\"lazy\" decoding=\"async\" class=\"size-full wp-image-17490\" src=\"https:\/\/d2p6e6u75xmxt8.cloudfront.net\/12\/2023\/06\/1200dina_marton_960px.webp\" alt=\"\" width=\"960\" height=\"720\" srcset=\"https:\/\/d2p6e6u75xmxt8.cloudfront.net\/12\/2023\/06\/1200dina_marton_960px.webp 960w, https:\/\/d2p6e6u75xmxt8.cloudfront.net\/12\/2023\/06\/1200dina_marton_960px-300x225.webp 300w, https:\/\/d2p6e6u75xmxt8.cloudfront.net\/12\/2023\/06\/1200dina_marton_960px-768x576.webp 768w, https:\/\/d2p6e6u75xmxt8.cloudfront.net\/12\/2023\/06\/1200dina_marton_960px-400x300.webp 400w\" sizes=\"auto, (max-width: 960px) 100vw, 960px\" \/><figcaption id=\"caption-attachment-17490\" class=\"wp-caption-text\">fot\u00f3: Facebook\/Malopolski Wyscig G\u00f3rski<\/figcaption><\/figure>\n<p>\u00c9s ha m\u00e1r Valter Attila, a h\u00e9ten pedig a Jumbo klasszisa k\u00f6r\u00fcl forog a magyar bringakedvel\u0151k figyelme. Mint azt mi is beharangoztuk, Ati ott van a Crit\u00e9rium du Dauphin\u00e9-n, m\u00e9ghozz\u00e1 mint a Tour de France-c\u00edmv\u00e9d\u00e9sre k\u00e9sz\u00fcl\u0151 Jonas Vingegaard egyik f\u0151 seg\u00edt\u0151je \u2013 kiv\u00e1l\u00f3 munk\u00e1t v\u00e9gez csapatt\u00e1rsai\u00e9rt, hiszen Christophe Laporte-ot eddig k\u00e9t, Vingegaard-t pedig egy fontos szakaszgy\u0151zelemhez seg\u00edtette, mindkettej\u00fck viselte is a s\u00e1rga trik\u00f3t, az utols\u00f3 h\u00e1rom napnak a Tour-gy\u0151ztes fut neki az \u00f6sszetett \u00e9llovast illet\u0151 megk\u00fcl\u00f6nb\u00f6ztet\u0151 mezben. Ati ennek ellen\u00e9re, a csapatutas\u00edt\u00e1st v\u00e9gig betartva is el\u0151kel\u0151 helyen \u00e1ll az \u00f6sszetettben is, hiszen 5 etap ut\u00e1n 31., vagyis minden es\u00e9lye megvan egy \u00fajabb top 30-as eredm\u00e9nyre (de ha ez nem j\u00f6nne \u00f6ssze, Vingegaard viszont megnyeri a viadalt, hi\u00e1ny\u00e9rzete akkor sem lehet senkinek, s\u0151t). Ati remek seg\u00edt\u0151munk\u00e1ja emellett t\u00f6bbek fant\u00e1zi\u00e1j\u00e1t is megl\u00f3d\u00edtotta, f\u0151leg azut\u00e1n, hogy a m\u00e1sodik szakaszon Vingegaard egyik legf\u0151bb seg\u00e9dje, Steven Kruijswijk kulcscsontj\u00e1t \u00e9s cs\u00edp\u0151j\u00e9t t\u00f6rte egy nagy buk\u00e1s k\u00f6vetkezt\u00e9ben. A holland \u00edgy \u00e9rtelemszer\u0171en kisz\u00e1llt a Tour-keretb\u0151l, a c\u00edmv\u00e9d\u0151 d\u00e1n pedig ezzel egyik legfontosabb t\u00e1masz\u00e1t vesztette el a hegyeken. Egyesek itt szerett\u00e9k volna k\u00e9pbe hozni Valtert, \u00e9s \u201ebeim\u00e1dkozni\u201d Kruijswijk hely\u00e9re, ami nyilv\u00e1n roppant \u00f6r\u00f6mteli lett volna, de ahogy az v\u00e1rhat\u00f3 volt, a kor\u00e1bbi Tour-3. holland klasszis hely\u00e9re v\u00e9g\u00fcl egy honfit\u00e1rsa ker\u00fclt \u2013 Atinak \u00edgy rem\u00e9lhet\u0151leg v\u00e1ltozatlanul marad a Vuelta id\u00e9nre.<\/p>\n<figure id=\"attachment_17491\" aria-describedby=\"caption-attachment-17491\" style=\"width: 920px\" class=\"wp-caption alignnone\"><img loading=\"lazy\" decoding=\"async\" class=\"size-full wp-image-17491\" src=\"https:\/\/d2p6e6u75xmxt8.cloudfront.net\/12\/2023\/06\/20230406valter-attila.webp\" alt=\"\" width=\"920\" height=\"613\" srcset=\"https:\/\/d2p6e6u75xmxt8.cloudfront.net\/12\/2023\/06\/20230406valter-attila.webp 920w, https:\/\/d2p6e6u75xmxt8.cloudfront.net\/12\/2023\/06\/20230406valter-attila-300x200.webp 300w, https:\/\/d2p6e6u75xmxt8.cloudfront.net\/12\/2023\/06\/20230406valter-attila-768x512.webp 768w, https:\/\/d2p6e6u75xmxt8.cloudfront.net\/12\/2023\/06\/20230406valter-attila-400x267.webp 400w, https:\/\/d2p6e6u75xmxt8.cloudfront.net\/12\/2023\/06\/20230406valter-attila-272x182.webp 272w\" sizes=\"auto, (max-width: 920px) 100vw, 920px\" \/><figcaption id=\"caption-attachment-17491\" class=\"wp-caption-text\">fot\u00f3: twitter.com\/JumboVismaRoad<\/figcaption><\/figure>\n<p>Szint\u00e9n j\u00f3 h\u00edr magyar szempontb\u00f3l: m\u00e1r csak egy hetet kell v\u00e1rni Vas Blanka k\u00f6vetkez\u0151 orsz\u00e1g\u00fati megm\u00e9rettet\u00e9s\u00e9re: az SD Worx k\u00f6z\u00f6ns\u00e9gkedvence a j\u00f6v\u0151 szombaton rajtol\u00f3 sv\u00e1jci k\u00f6r\u00f6n \u00e1ll majd rajthoz, mintegy f\u0151pr\u00f3ba gyan\u00e1nt a j\u00fanius utols\u00f3 napj\u00e1n elrajtol\u00f3 n\u0151i Gir\u00f3ra!<\/p>\n<p><em>Bor\u00edt\u00f3k\u00e9p: Cor Vos\/Jumbo-Visma<\/em><\/p>\n","protected":false},"excerpt":{"rendered":"<p>Folyamatosan van ki\u00e9rt izgulnia a magyar ker\u00e9kp\u00e1rkedvel\u0151knek: Valter Attila s\u00e1rga trik\u00f3hoz seg\u00edtheti a Tour-c\u00edmv\u00e9d\u0151t, Dina M\u00e1rton els\u0151 nemzetk\u00f6zi siker\u00e9nek \u00f6r\u00fclhett\u00fcnk, [&hellip;]<\/p>\n","protected":false},"author":71,"featured_media":17489,"comment_status":"open","ping_status":"open","sticky":false,"template":"","format":"standard","meta":{"footnotes":""},"categories":[8],"tags":[],"global-categories":[419],"class_list":["post-17488","post","type-post","status-publish","format-standard","has-post-thumbnail","hentry","category-orszaguti-kerekpar","global-categories-cycling"],"yoast_head":"<!-- This site is optimized with the Yoast SEO Premium plugin v25.3 (Yoast SEO v25.9) - https:\/\/yoast.com\/wordpress\/plugins\/seo\/ -->\n<title>Valter seg\u00edt\u0151k\u00e9nt t\u00fcnd\u00f6k\u00f6l a Crit\u00e9riumon, Dina sz\u00e9pen gy\u0171jt\u00f6geti az eredm\u00e9nyeket \u00faj csapat\u00e1ban<\/title>\n<meta name=\"description\" content=\"Folyamatosan van ki\u00e9rt izgulnia a magyar ker\u00e9kp\u00e1rkedvel\u0151knek: Valter Attila s\u00e1rga trik\u00f3hoz seg\u00edtheti a Tour-c\u00edmv\u00e9d\u0151t, Dina M\u00e1rton els\u0151 nemzetk\u00f6zi siker\u00e9nek \u00f6r\u00fclhett\u00fcnk, \u00e9s j\u00f6v\u0151 h\u00e9t v\u00e9g\u00e9n Vas Blanka is \u00fajra aszfaltra l\u00e9p.\" \/>\n<meta name=\"robots\" content=\"index, follow, max-snippet:-1, max-image-preview:large, max-video-preview:-1\" \/>\n<link rel=\"canonical\" href=\"https:\/\/www.welovecycling.com\/hu\/orszaguti-kerekpar\/valter-segitokent-tundokol-a-criteriumon-dina-szepen-gyujtogeti-az-eredmenyeket-uj-csapataban\/\" \/>\n<meta property=\"og:locale\" content=\"hu_HU\" \/>\n<meta property=\"og:type\" content=\"article\" \/>\n<meta property=\"og:title\" content=\"Valter seg\u00edt\u0151k\u00e9nt t\u00fcnd\u00f6k\u00f6l a Crit\u00e9riumon, Dina sz\u00e9pen gy\u0171jt\u00f6geti az eredm\u00e9nyeket \u00faj csapat\u00e1ban\" \/>\n<meta property=\"og:description\" content=\"Folyamatosan van ki\u00e9rt izgulnia a magyar ker\u00e9kp\u00e1rkedvel\u0151knek: Valter Attila s\u00e1rga trik\u00f3hoz seg\u00edtheti a Tour-c\u00edmv\u00e9d\u0151t, Dina M\u00e1rton els\u0151 nemzetk\u00f6zi siker\u00e9nek \u00f6r\u00fclhett\u00fcnk, \u00e9s j\u00f6v\u0151 h\u00e9t v\u00e9g\u00e9n Vas Blanka is \u00fajra aszfaltra l\u00e9p.\" \/>\n<meta property=\"og:url\" content=\"https:\/\/www.welovecycling.com\/hu\/orszaguti-kerekpar\/valter-segitokent-tundokol-a-criteriumon-dina-szepen-gyujtogeti-az-eredmenyeket-uj-csapataban\/\" \/>\n<meta property=\"og:site_name\" content=\"\u0160koda We Love Cycling - Magyarorsz\u00e1g\" \/>\n<meta property=\"article:publisher\" content=\"https:\/\/www.facebook.com\/WeLoveCyclingHungary\/\" \/>\n<meta property=\"article:published_time\" content=\"2023-06-09T10:25:59+00:00\" \/>\n<meta property=\"article:modified_time\" content=\"2023-06-12T08:23:04+00:00\" \/>\n<meta property=\"og:image\" content=\"https:\/\/d2p6e6u75xmxt8.cloudfront.net\/12\/2023\/06\/CORVOS_00035255-008-e1677398849667.webp\" \/>\n\t<meta property=\"og:image:width\" content=\"2000\" \/>\n\t<meta property=\"og:image:height\" content=\"965\" \/>\n\t<meta property=\"og:image:type\" content=\"image\/webp\" \/>\n<meta name=\"author\" content=\"hegyizs\" \/>\n<meta name=\"twitter:card\" content=\"summary_large_image\" \/>\n<meta name=\"twitter:label1\" content=\"Written by\" \/>\n\t<meta name=\"twitter:data1\" content=\"WLC\" \/>\n\t<meta name=\"twitter:label2\" content=\"Est. reading time\" \/>\n\t<meta name=\"twitter:data2\" content=\"3 minutes\" \/>\n<script type=\"application\/ld+json\" class=\"yoast-schema-graph\">{\"@context\":\"https:\/\/schema.org\",\"@graph\":[{\"@type\":\"WebPage\",\"@id\":\"https:\/\/www.welovecycling.com\/hu\/orszaguti-kerekpar\/valter-segitokent-tundokol-a-criteriumon-dina-szepen-gyujtogeti-az-eredmenyeket-uj-csapataban\/\",\"url\":\"https:\/\/www.welovecycling.com\/hu\/orszaguti-kerekpar\/valter-segitokent-tundokol-a-criteriumon-dina-szepen-gyujtogeti-az-eredmenyeket-uj-csapataban\/\",\"name\":\"Valter seg\u00edt\u0151k\u00e9nt t\u00fcnd\u00f6k\u00f6l a Crit\u00e9riumon, Dina sz\u00e9pen gy\u0171jt\u00f6geti az eredm\u00e9nyeket \u00faj csapat\u00e1ban\",\"isPartOf\":{\"@id\":\"https:\/\/www.welovecycling.com\/hu\/#website\"},\"primaryImageOfPage\":{\"@id\":\"https:\/\/www.welovecycling.com\/hu\/orszaguti-kerekpar\/valter-segitokent-tundokol-a-criteriumon-dina-szepen-gyujtogeti-az-eredmenyeket-uj-csapataban\/#primaryimage\"},\"image\":{\"@id\":\"https:\/\/www.welovecycling.com\/hu\/orszaguti-kerekpar\/valter-segitokent-tundokol-a-criteriumon-dina-szepen-gyujtogeti-az-eredmenyeket-uj-csapataban\/#primaryimage\"},\"thumbnailUrl\":\"https:\/\/d2p6e6u75xmxt8.cloudfront.net\/12\/2023\/06\/CORVOS_00035255-008-e1677398849667.webp\",\"datePublished\":\"2023-06-09T10:25:59+00:00\",\"dateModified\":\"2023-06-12T08:23:04+00:00\",\"author\":{\"@id\":\"https:\/\/www.welovecycling.com\/hu\/#\/schema\/person\/414a2aebf1801691a5320edb6468e194\"},\"description\":\"Folyamatosan van ki\u00e9rt izgulnia a magyar ker\u00e9kp\u00e1rkedvel\u0151knek: Valter Attila s\u00e1rga trik\u00f3hoz seg\u00edtheti a Tour-c\u00edmv\u00e9d\u0151t, Dina M\u00e1rton els\u0151 nemzetk\u00f6zi siker\u00e9nek \u00f6r\u00fclhett\u00fcnk, \u00e9s j\u00f6v\u0151 h\u00e9t v\u00e9g\u00e9n Vas Blanka is \u00fajra aszfaltra l\u00e9p.\",\"breadcrumb\":{\"@id\":\"https:\/\/www.welovecycling.com\/hu\/orszaguti-kerekpar\/valter-segitokent-tundokol-a-criteriumon-dina-szepen-gyujtogeti-az-eredmenyeket-uj-csapataban\/#breadcrumb\"},\"inLanguage\":\"hu\",\"potentialAction\":[{\"@type\":\"ReadAction\",\"target\":[\"https:\/\/www.welovecycling.com\/hu\/orszaguti-kerekpar\/valter-segitokent-tundokol-a-criteriumon-dina-szepen-gyujtogeti-az-eredmenyeket-uj-csapataban\/\"]}]},{\"@type\":\"ImageObject\",\"inLanguage\":\"hu\",\"@id\":\"https:\/\/www.welovecycling.com\/hu\/orszaguti-kerekpar\/valter-segitokent-tundokol-a-criteriumon-dina-szepen-gyujtogeti-az-eredmenyeket-uj-csapataban\/#primaryimage\",\"url\":\"https:\/\/d2p6e6u75xmxt8.cloudfront.net\/12\/2023\/06\/CORVOS_00035255-008-e1677398849667.webp\",\"contentUrl\":\"https:\/\/d2p6e6u75xmxt8.cloudfront.net\/12\/2023\/06\/CORVOS_00035255-008-e1677398849667.webp\",\"width\":2000,\"height\":965},{\"@type\":\"BreadcrumbList\",\"@id\":\"https:\/\/www.welovecycling.com\/hu\/orszaguti-kerekpar\/valter-segitokent-tundokol-a-criteriumon-dina-szepen-gyujtogeti-az-eredmenyeket-uj-csapataban\/#breadcrumb\",\"itemListElement\":[{\"@type\":\"ListItem\",\"position\":1,\"name\":\"Home\",\"item\":\"https:\/\/www.welovecycling.com\/hu\/\"},{\"@type\":\"ListItem\",\"position\":2,\"name\":\"Valter seg\u00edt\u0151k\u00e9nt t\u00fcnd\u00f6k\u00f6l a Crit\u00e9riumon, Dina sz\u00e9pen gy\u0171jt\u00f6geti az eredm\u00e9nyeket \u00faj csapat\u00e1ban\"}]},{\"@type\":\"WebSite\",\"@id\":\"https:\/\/www.welovecycling.com\/hu\/#website\",\"url\":\"https:\/\/www.welovecycling.com\/hu\/\",\"name\":\"\u0160koda We Love Cycling - Magyarorsz\u00e1g\",\"description\":\"\u0160koda WeLoveCycling\",\"potentialAction\":[{\"@type\":\"SearchAction\",\"target\":{\"@type\":\"EntryPoint\",\"urlTemplate\":\"https:\/\/www.welovecycling.com\/hu\/?s={search_term_string}\"},\"query-input\":{\"@type\":\"PropertyValueSpecification\",\"valueRequired\":true,\"valueName\":\"search_term_string\"}}],\"inLanguage\":\"hu\"},{\"@type\":\"Person\",\"@id\":\"https:\/\/www.welovecycling.com\/hu\/#\/schema\/person\/414a2aebf1801691a5320edb6468e194\",\"name\":\"hegyizs\",\"image\":{\"@type\":\"ImageObject\",\"inLanguage\":\"hu\",\"@id\":\"https:\/\/www.welovecycling.com\/hu\/#\/schema\/person\/image\/\",\"url\":\"https:\/\/secure.gravatar.com\/avatar\/02cf8a7906b8cf90cecb4679defac7cfd33a1c2e3b88e4903d947f3bb58eedd3?s=96&d=mm&r=g\",\"contentUrl\":\"https:\/\/secure.gravatar.com\/avatar\/02cf8a7906b8cf90cecb4679defac7cfd33a1c2e3b88e4903d947f3bb58eedd3?s=96&d=mm&r=g\",\"caption\":\"hegyizs\"},\"url\":\"https:\/\/www.welovecycling.com\/hu\/author\/hegyizs\/\"}]}<\/script>\n<!-- \/ Yoast SEO Premium plugin. -->","yoast_head_json":{"title":"Valter seg\u00edt\u0151k\u00e9nt t\u00fcnd\u00f6k\u00f6l a Crit\u00e9riumon, Dina sz\u00e9pen gy\u0171jt\u00f6geti az eredm\u00e9nyeket \u00faj csapat\u00e1ban","description":"Folyamatosan van ki\u00e9rt izgulnia a magyar ker\u00e9kp\u00e1rkedvel\u0151knek: Valter Attila s\u00e1rga trik\u00f3hoz seg\u00edtheti a Tour-c\u00edmv\u00e9d\u0151t, Dina M\u00e1rton els\u0151 nemzetk\u00f6zi siker\u00e9nek \u00f6r\u00fclhett\u00fcnk, \u00e9s j\u00f6v\u0151 h\u00e9t v\u00e9g\u00e9n Vas Blanka is \u00fajra aszfaltra l\u00e9p.","robots":{"index":"index","follow":"follow","max-snippet":"max-snippet:-1","max-image-preview":"max-image-preview:large","max-video-preview":"max-video-preview:-1"},"canonical":"https:\/\/www.welovecycling.com\/hu\/orszaguti-kerekpar\/valter-segitokent-tundokol-a-criteriumon-dina-szepen-gyujtogeti-az-eredmenyeket-uj-csapataban\/","og_locale":"hu_HU","og_type":"article","og_title":"Valter seg\u00edt\u0151k\u00e9nt t\u00fcnd\u00f6k\u00f6l a Crit\u00e9riumon, Dina sz\u00e9pen gy\u0171jt\u00f6geti az eredm\u00e9nyeket \u00faj csapat\u00e1ban","og_description":"Folyamatosan van ki\u00e9rt izgulnia a magyar ker\u00e9kp\u00e1rkedvel\u0151knek: Valter Attila s\u00e1rga trik\u00f3hoz seg\u00edtheti a Tour-c\u00edmv\u00e9d\u0151t, Dina M\u00e1rton els\u0151 nemzetk\u00f6zi siker\u00e9nek \u00f6r\u00fclhett\u00fcnk, \u00e9s j\u00f6v\u0151 h\u00e9t v\u00e9g\u00e9n Vas Blanka is \u00fajra aszfaltra l\u00e9p.","og_url":"https:\/\/www.welovecycling.com\/hu\/orszaguti-kerekpar\/valter-segitokent-tundokol-a-criteriumon-dina-szepen-gyujtogeti-az-eredmenyeket-uj-csapataban\/","og_site_name":"\u0160koda We Love Cycling - Magyarorsz\u00e1g","article_publisher":"https:\/\/www.facebook.com\/WeLoveCyclingHungary\/","article_published_time":"2023-06-09T10:25:59+00:00","article_modified_time":"2023-06-12T08:23:04+00:00","og_image":[{"width":2000,"height":965,"url":"https:\/\/d2p6e6u75xmxt8.cloudfront.net\/12\/2023\/06\/CORVOS_00035255-008-e1677398849667.webp","type":"image\/webp"}],"author":"hegyizs","twitter_card":"summary_large_image","twitter_misc":{"Written by":"WLC","Est. reading time":"3 minutes"},"schema":{"@context":"https:\/\/schema.org","@graph":[{"@type":"WebPage","@id":"https:\/\/www.welovecycling.com\/hu\/orszaguti-kerekpar\/valter-segitokent-tundokol-a-criteriumon-dina-szepen-gyujtogeti-az-eredmenyeket-uj-csapataban\/","url":"https:\/\/www.welovecycling.com\/hu\/orszaguti-kerekpar\/valter-segitokent-tundokol-a-criteriumon-dina-szepen-gyujtogeti-az-eredmenyeket-uj-csapataban\/","name":"Valter seg\u00edt\u0151k\u00e9nt t\u00fcnd\u00f6k\u00f6l a Crit\u00e9riumon, Dina sz\u00e9pen gy\u0171jt\u00f6geti az eredm\u00e9nyeket \u00faj csapat\u00e1ban","isPartOf":{"@id":"https:\/\/www.welovecycling.com\/hu\/#website"},"primaryImageOfPage":{"@id":"https:\/\/www.welovecycling.com\/hu\/orszaguti-kerekpar\/valter-segitokent-tundokol-a-criteriumon-dina-szepen-gyujtogeti-az-eredmenyeket-uj-csapataban\/#primaryimage"},"image":{"@id":"https:\/\/www.welovecycling.com\/hu\/orszaguti-kerekpar\/valter-segitokent-tundokol-a-criteriumon-dina-szepen-gyujtogeti-az-eredmenyeket-uj-csapataban\/#primaryimage"},"thumbnailUrl":"https:\/\/d2p6e6u75xmxt8.cloudfront.net\/12\/2023\/06\/CORVOS_00035255-008-e1677398849667.webp","datePublished":"2023-06-09T10:25:59+00:00","dateModified":"2023-06-12T08:23:04+00:00","author":{"@id":"https:\/\/www.welovecycling.com\/hu\/#\/schema\/person\/414a2aebf1801691a5320edb6468e194"},"description":"Folyamatosan van ki\u00e9rt izgulnia a magyar ker\u00e9kp\u00e1rkedvel\u0151knek: Valter Attila s\u00e1rga trik\u00f3hoz seg\u00edtheti a Tour-c\u00edmv\u00e9d\u0151t, Dina M\u00e1rton els\u0151 nemzetk\u00f6zi siker\u00e9nek \u00f6r\u00fclhett\u00fcnk, \u00e9s j\u00f6v\u0151 h\u00e9t v\u00e9g\u00e9n Vas Blanka is \u00fajra aszfaltra l\u00e9p.","breadcrumb":{"@id":"https:\/\/www.welovecycling.com\/hu\/orszaguti-kerekpar\/valter-segitokent-tundokol-a-criteriumon-dina-szepen-gyujtogeti-az-eredmenyeket-uj-csapataban\/#breadcrumb"},"inLanguage":"hu","potentialAction":[{"@type":"ReadAction","target":["https:\/\/www.welovecycling.com\/hu\/orszaguti-kerekpar\/valter-segitokent-tundokol-a-criteriumon-dina-szepen-gyujtogeti-az-eredmenyeket-uj-csapataban\/"]}]},{"@type":"ImageObject","inLanguage":"hu","@id":"https:\/\/www.welovecycling.com\/hu\/orszaguti-kerekpar\/valter-segitokent-tundokol-a-criteriumon-dina-szepen-gyujtogeti-az-eredmenyeket-uj-csapataban\/#primaryimage","url":"https:\/\/d2p6e6u75xmxt8.cloudfront.net\/12\/2023\/06\/CORVOS_00035255-008-e1677398849667.webp","contentUrl":"https:\/\/d2p6e6u75xmxt8.cloudfront.net\/12\/2023\/06\/CORVOS_00035255-008-e1677398849667.webp","width":2000,"height":965},{"@type":"BreadcrumbList","@id":"https:\/\/www.welovecycling.com\/hu\/orszaguti-kerekpar\/valter-segitokent-tundokol-a-criteriumon-dina-szepen-gyujtogeti-az-eredmenyeket-uj-csapataban\/#breadcrumb","itemListElement":[{"@type":"ListItem","position":1,"name":"Home","item":"https:\/\/www.welovecycling.com\/hu\/"},{"@type":"ListItem","position":2,"name":"Valter seg\u00edt\u0151k\u00e9nt t\u00fcnd\u00f6k\u00f6l a Crit\u00e9riumon, Dina sz\u00e9pen gy\u0171jt\u00f6geti az eredm\u00e9nyeket \u00faj csapat\u00e1ban"}]},{"@type":"WebSite","@id":"https:\/\/www.welovecycling.com\/hu\/#website","url":"https:\/\/www.welovecycling.com\/hu\/","name":"\u0160koda We Love Cycling - Magyarorsz\u00e1g","description":"\u0160koda WeLoveCycling","potentialAction":[{"@type":"SearchAction","target":{"@type":"EntryPoint","urlTemplate":"https:\/\/www.welovecycling.com\/hu\/?s={search_term_string}"},"query-input":{"@type":"PropertyValueSpecification","valueRequired":true,"valueName":"search_term_string"}}],"inLanguage":"hu"},{"@type":"Person","@id":"https:\/\/www.welovecycling.com\/hu\/#\/schema\/person\/414a2aebf1801691a5320edb6468e194","name":"hegyizs","image":{"@type":"ImageObject","inLanguage":"hu","@id":"https:\/\/www.welovecycling.com\/hu\/#\/schema\/person\/image\/","url":"https:\/\/secure.gravatar.com\/avatar\/02cf8a7906b8cf90cecb4679defac7cfd33a1c2e3b88e4903d947f3bb58eedd3?s=96&d=mm&r=g","contentUrl":"https:\/\/secure.gravatar.com\/avatar\/02cf8a7906b8cf90cecb4679defac7cfd33a1c2e3b88e4903d947f3bb58eedd3?s=96&d=mm&r=g","caption":"hegyizs"},"url":"https:\/\/www.welovecycling.com\/hu\/author\/hegyizs\/"}]}},"_links":{"self":[{"href":"https:\/\/www.welovecycling.com\/hu\/wp-json\/wp\/v2\/posts\/17488","targetHints":{"allow":["GET"]}}],"collection":[{"href":"https:\/\/www.welovecycling.com\/hu\/wp-json\/wp\/v2\/posts"}],"about":[{"href":"https:\/\/www.welovecycling.com\/hu\/wp-json\/wp\/v2\/types\/post"}],"author":[{"embeddable":true,"href":"https:\/\/www.welovecycling.com\/hu\/wp-json\/wp\/v2\/users\/71"}],"replies":[{"embeddable":true,"href":"https:\/\/www.welovecycling.com\/hu\/wp-json\/wp\/v2\/comments?post=17488"}],"version-history":[{"count":2,"href":"https:\/\/www.welovecycling.com\/hu\/wp-json\/wp\/v2\/posts\/17488\/revisions"}],"predecessor-version":[{"id":17514,"href":"https:\/\/www.welovecycling.com\/hu\/wp-json\/wp\/v2\/posts\/17488\/revisions\/17514"}],"wp:featuredmedia":[{"embeddable":true,"href":"https:\/\/www.welovecycling.com\/hu\/wp-json\/wp\/v2\/media\/17489"}],"wp:attachment":[{"href":"https:\/\/www.welovecycling.com\/hu\/wp-json\/wp\/v2\/media?parent=17488"}],"wp:term":[{"taxonomy":"category","embeddable":true,"href":"https:\/\/www.welovecycling.com\/hu\/wp-json\/wp\/v2\/categories?post=17488"},{"taxonomy":"post_tag","embeddable":true,"href":"https:\/\/www.welovecycling.com\/hu\/wp-json\/wp\/v2\/tags?post=17488"},{"taxonomy":"global-categories","embeddable":true,"href":"https:\/\/www.welovecycling.com\/hu\/wp-json\/wp\/v2\/global-categories?post=17488"}],"curies":[{"name":"wp","href":"https:\/\/api.w.org\/{rel}","templated":true}]}}