{"id":17482,"date":"2023-06-07T08:00:58","date_gmt":"2023-06-07T06:00:58","guid":{"rendered":"https:\/\/www.welovecycling.com\/hu\/?p=17482"},"modified":"2023-06-02T15:37:44","modified_gmt":"2023-06-02T13:37:44","slug":"3-tipp-hogy-megvedd-magad-es-a-bringad-a-sartol","status":"publish","type":"post","link":"https:\/\/www.welovecycling.com\/hu\/trekking-mtb\/3-tipp-hogy-megvedd-magad-es-a-bringad-a-sartol\/","title":{"rendered":"3 tipp, hogy megv\u00e9dd magad \u00e9s a bring\u00e1d a s\u00e1rt\u00f3l"},"content":{"rendered":"<p><strong>Itt a tavasz &#8211; \u00e9s vele egy\u00fctt meg\u00e9rkezett a nap is! Vagy m\u00e9gsem? Tal\u00e1n m\u00e9gis! Lehet, hogy te a szerencs\u00e9sek k\u00f6z\u00e9 tartozol, \u00e9s \u00e9lvezed a meleget, azonban sokak sz\u00e1m\u00e1ra a tavasz csak azt jelenti, hogy a t\u00e9len meg\u00e9rkezett s\u00e1r m\u00e9g mindig itt van. Csak m\u00e9g nagyobb mennyis\u00e9gben, mert nincs megfagyva.<\/strong><\/p>\n<p><!--more--><\/p>\n<p>Az es\u0151s id\u0151vel, ami a tavaszt jelzi, s\u00e1ros \u00f6sv\u00e9nyek \u00e9s nedves utak j\u00e1rnak egy\u00fctt, ami azt jelenti, hogy minden \u00fat ut\u00e1n mocs\u00e1ri sz\u00f6rnyetegk\u00e9nt \u00e9rkezel haza. Ha t\u00e9len nem biciklizt\u00e9l, de most m\u00e1r biztons\u00e1gosnak \u00edt\u00e9led meg, hogy \u00fatnak indulj, akkor lehet, hogy nem vagy felk\u00e9sz\u00fclve ezekre a k\u00f6r\u00fclm\u00e9nyekre. Hogyan teheted k\u00f6nnyebb\u00e9 ezt az \u00e1tmenetet?<\/p>\n<p>Sz\u00e1mos t\u00e9nyez\u0151t kell figyelembe venni, ha \u00e9lvezn\u00e9d szeretn\u00e9d a s\u00e1ros utakon t\u00f6lt\u00f6tt h\u00f3napokat. Legink\u00e1bb szem\u00e9lyes preferencia alapj\u00e1n tudod eld\u00f6nteni, hogy mennyire szeretn\u00e9l nedves \u00e9s s\u00e1ros lenni, de van n\u00e9h\u00e1ny \u00e9rv\u00fcnk \u00f6nmagad \u00e9s a biciklid v\u00e9delme \u00e9rdek\u00e9ben, hogy az\u00e9rt ne fulladj bele a s\u00e1rtengerbe:<\/p>\n<ul>\n<li>\u00d3vd meg magad a nedves \u00e9s s\u00e1ros h\u00e1ts\u00f3t\u00f3l<\/li>\n<li>Tartsd sz\u00e1razon a l\u00e1bad<\/li>\n<li>\u00d3vd azt a szem\u00e9lyt, aki m\u00f6g\u00f6tted van<\/li>\n<li>Jobb a biciklinednek, ha sz\u00e1raz marad, cs\u00f6kkentve a sz\u00fcks\u00e9ges karbantart\u00e1s mennyis\u00e9g\u00e9t<\/li>\n<\/ul>\n<p>Teh\u00e1t vil\u00e1gos, hogy mit kell tenned, de hogyan v\u00e9dekezhetsz egy tavaszi \u00f6z\u00f6nv\u00edzzel szemben?<\/p>\n<figure id=\"attachment_5501\" aria-describedby=\"caption-attachment-5501\" style=\"width: 900px\" class=\"wp-caption alignnone\"><a href=\"https:\/\/d2p6e6u75xmxt8.cloudfront.net\/12\/2019\/10\/Cycling-Mud-CVR-profimedia-0309657030.jpg\"><img loading=\"lazy\" decoding=\"async\" class=\"wp-image-5501 size-full\" src=\"https:\/\/d2p6e6u75xmxt8.cloudfront.net\/12\/2019\/10\/Cycling-Mud-CVR-profimedia-0309657030.jpg\" alt=\"Mud\" width=\"900\" height=\"600\" \/><\/a><figcaption id=\"caption-attachment-5501\" class=\"wp-caption-text\"><em>A legjobb fajta s\u00e1r mindig az, ami nincs. \u00a9 Profimedia<\/em><\/figcaption><\/figure>\n<h2><strong>S\u00e1rv\u00e9d\u0151k<\/strong><\/h2>\n<p>Ez az els\u0151 dolog, amit tehetsz az elemek elleni v\u00e9dekez\u00e9s sor\u00e1n. A s\u00e1rv\u00e9d\u0151k \u00e1ltal\u00e1ban k\u00e9t verzi\u00f3ban kaphat\u00f3k: r\u00f6gz\u00edtett s\u00e1rv\u00e9d\u0151k \u00e9s clip-on.<\/p>\n<p>N\u00e9h\u00e1nyan lehet, hogy az\u00e9rt v\u00e1lasztj\u00e1k a clip-on s\u00e1rv\u00e9d\u0151ket, hogy k\u00f6nnyen le tudj\u00e1k \u0151ket venni &#8211; mert hogy \u0151szint\u00e9k legy\u00fcnk, nem \u00e9ppen e legtrendibb kieg\u00e9sz\u00edt\u0151k. T\u00f6bbf\u00e9le hossz\u00fas\u00e1g\u00fat kaphatsz, az igaz\u00e1n hossz\u00fat\u00f3l kezdve, ami a legt\u00f6bb v\u00e9delmet ny\u00fajtja, a &#8220;pop\u00f3ment\u0151&#8221; t\u00edpus\u00faig, amely egyszer\u0171en megakad\u00e1lyozza, hogy a feneked nedves legyen. Te d\u00f6nt\u00f6d el, mi illik hozz\u00e1d a legjobban.<\/p>\n<p>Amikor s\u00e1rv\u00e9d\u0151t v\u00e1lasztasz, fontos figyelembe venni a rendelkez\u00e9sre \u00e1ll\u00f3 helyet. El\u00e9g helyre van sz\u00fcks\u00e9ged ahhoz, hogy a s\u00e1rv\u00e9d\u0151k illeszkedjenek, \u00e9s m\u00e9g maradjon is annyi, hogy ne \u00e9rjenek a v\u00e1zhoz, \u00e9s ne gy\u0171jts\u00e9k \u00f6ssze a sarat. Gyakran a s\u00e1rv\u00e9d\u0151t a maxim\u00e1lis abroncssz\u00e9less\u00e9g alapj\u00e1n tudod kiv\u00e1lasztani.<\/p>\n<p>A megfelel\u0151 m\u00e9ret\u0171 s\u00e1rv\u00e9d\u0151 kiv\u00e1laszt\u00e1sa megakad\u00e1lyozza a v\u00e1z esetleges k\u00e1rosod\u00e1s\u00e1t, amely egy rosszul illeszked\u0151 s\u00e1rv\u00e9d\u0151vel j\u00e1rhat.<\/p>\n<p>Hasonl\u00f3k\u00e9ppen, ha tervezel t\u00e1sk\u00e1kat r\u00f6gz\u00edteni a biciklidre, gondolj arra, hogy ezeket hogyan befoly\u00e1solhatj\u00e1k a s\u00e1rv\u00e9d\u0151k. Ha lehets\u00e9ges, pr\u00f3b\u00e1ld ki, miel\u0151tt megveszed!<\/p>\n<h2><strong>V\u00e1zv\u00e9d\u0151<\/strong><\/h2>\n<p>Ez a megold\u00e1s hasznos lehet \u00f6nmag\u00e1ban, illetve kieg\u00e9sz\u00edt\u0151k\u00e9nt szolg\u00e1lhat a s\u00e1rv\u00e9d\u0151k mellett is. T\u00e9len \u00e9s tavasszal val\u00f3sz\u00edn\u0171leg sok koszt, szemetet \u00e9s t\u00f6rmel\u00e9ket fogsz \u00f6sszeszedni az \u00fatr\u00f3l \u00e9s az \u00f6sv\u00e9nyekr\u0151l. Ezek a kis t\u00f6rmel\u00e9kek be tudnak jutni az alkatr\u00e9szek al\u00e1 \u00e9s a s\u00e1rv\u00e9d\u0151d al\u00e1, \u00e9s kid\u00f6rzs\u00f6lhetik a v\u00e1zadat, lekoptathatj\u00e1k a fest\u00e9ket.<\/p>\n<p>Egy v\u00e1zv\u00e9d\u0151 megold\u00e1st ny\u00fajt erre a probl\u00e9m\u00e1ra, g\u00e1tat k\u00e9pezve a f\u00e9nyes \u00e9s pol\u00edrozott v\u00e1zad \u00e9s az id\u0151j\u00e1r\u00e1s viszontags\u00e1gai k\u00f6z\u00f6tt. N\u00e9h\u00e1ny ragaszt\u00f3szalag &#8211; a vastagabb \u00e9s nedvsz\u00edv\u00f3bb fajt\u00e1kb\u00f3l &#8211; m\u00e9g akkor is seg\u00edthetnek, ha p\u00e9ld\u00e1ul egy k\u0151 felugrik az \u00f6sv\u00e9nyr\u0151l vagy t\u00f6rt\u00e9nik egy kisebb baleset.<\/p>\n<p>Teljes v\u00e1zv\u00e9d\u0151k \u00e9s szalagok v\u00e1s\u00e1rolhat\u00f3k, amelyeket olyan helyekre helyezhetsz a v\u00e1zadon, amikr\u0151l \u00fagy gondolod, vesz\u00e9lyben van, p\u00e9ld\u00e1ul ahol egy t\u00e1ska van r\u00e1 r\u00f6gz\u00edtve.<\/p>\n<p>L\u00e9teznek \u00e1tl\u00e1tsz\u00f3ak \u00e9s sz\u00ednesek, mint\u00e1sak, s\u0151t ak\u00e1r testreszabhat\u00f3 darabok is. Att\u00f3l f\u00fcgg\u0151en, hogy mennyi v\u00e9delmet szeretn\u00e9l, ezek term\u00e9szetesen hozz\u00e1adnak n\u00e9mi s\u00falyt a ker\u00e9kp\u00e1rodhoz, ezt \u00e9rdemes figyelembe venni, ha p\u00e9ld\u00e1ul orsz\u00e1g\u00fatizol, \u00e9s sz\u00e1m\u00edt a s\u00faly.<\/p>\n<h2><strong>Tiszt\u00edtsd meg a biciklidet<\/strong><\/h2>\n<p>Tal\u00e1n nem ez az a tan\u00e1cs, amit v\u00e1rt\u00e1l, de ha meg szeretn\u00e9d v\u00e9deni a biciklidet a s\u00e1ros tavaszi utakon, akkor a tiszt\u00edt\u00e1s biztos m\u00f3dszer erre.<\/p>\n<p>Minden ker\u00e9kp\u00e1roz\u00e1s v\u00e9g\u00e9n legal\u00e1bb annyit kellene tenned, hogy le\u00f6bl\u00edted a biciklidet, hogy lemosd r\u00f3la a legmassz\u00edvabb s\u00e1rdarabokat, miel\u0151tt bejutn\u00e1nak a mozg\u00f3 alkatr\u00e9szekbe. \u00cdgy megakad\u00e1lyozhatod a korr\u00f3zi\u00f3t is.<\/p>\n<p>Ezen t\u00falmen\u0151en, ha azt szeretn\u00e9d, hogy a biciklid sim\u00e1n fusson, akkor a l\u00e1ncodat, kazett\u00e1dat \u00e9s v\u00e1lt\u00f3idat tiszt\u00e1n \u00e9s megfelel\u0151en olajosan kell tartanod. Miut\u00e1n lemostad a s\u00e1rt a biciklidr\u0151l, tiszt\u00edtsd meg a l\u00e1ncodat \u00e9s az \u00e9rintett r\u00e9szeket egy speci\u00e1lis l\u00e1nctiszt\u00edt\u00f3val. Ezut\u00e1n vigy\u00e9l fel egy friss r\u00e9teg ken\u0151anyagot, hogy k\u00e9szen \u00e1lljon a k\u00f6vetkez\u0151 \u00fatra.<\/p>\n<p>Ezzel a 3 tippel megv\u00e9dheted a biciklid a s\u00e1rt\u00f3l, \u00e9s \u00e1tv\u00e9szelhetitek a tavaszi szezont. Soha ne vesz\u00edtsd el a rem\u00e9nyt &#8211; el\u0151bb ut\u00f3bb felsz\u00e1rad a s\u00e1r!<\/p>\n","protected":false},"excerpt":{"rendered":"<p>Itt a tavasz &#8211; \u00e9s vele egy\u00fctt meg\u00e9rkezett a nap is! Vagy m\u00e9gsem? Tal\u00e1n m\u00e9gis! Lehet, hogy te a szerencs\u00e9sek [&hellip;]<\/p>\n","protected":false},"author":71,"featured_media":17484,"comment_status":"open","ping_status":"open","sticky":false,"template":"","format":"standard","meta":{"footnotes":""},"categories":[7],"tags":[],"global-categories":[],"class_list":["post-17482","post","type-post","status-publish","format-standard","has-post-thumbnail","hentry","category-trekking-mtb"],"yoast_head":"<!-- This site is optimized with the Yoast SEO Premium plugin v25.3 (Yoast SEO v25.9) - https:\/\/yoast.com\/wordpress\/plugins\/seo\/ -->\n<title>3 tipp, hogy megv\u00e9dd magad \u00e9s a bring\u00e1d a s\u00e1rt\u00f3l<\/title>\n<meta name=\"description\" content=\"Itt a tavasz - \u00e9s vele egy\u00fctt meg\u00e9rkezett a nap is! Vagy m\u00e9gsem? Tal\u00e1n m\u00e9gis! Lehet, hogy te a szerencs\u00e9sek k\u00f6z\u00e9 tartozol, \u00e9s \u00e9lvezed a meleget, azonban sokak sz\u00e1m\u00e1ra a tavasz csak azt jelenti, hogy a t\u00e9len meg\u00e9rkezett s\u00e1r m\u00e9g mindig itt van. Csak m\u00e9g nagyobb mennyis\u00e9gben, mert nincs megfagyva.\" \/>\n<meta name=\"robots\" content=\"index, follow, max-snippet:-1, max-image-preview:large, max-video-preview:-1\" \/>\n<link rel=\"canonical\" href=\"https:\/\/www.welovecycling.com\/hu\/trekking-mtb\/3-tipp-hogy-megvedd-magad-es-a-bringad-a-sartol\/\" \/>\n<meta property=\"og:locale\" content=\"hu_HU\" \/>\n<meta property=\"og:type\" content=\"article\" \/>\n<meta property=\"og:title\" content=\"3 tipp, hogy megv\u00e9dd magad \u00e9s a bring\u00e1d a s\u00e1rt\u00f3l\" \/>\n<meta property=\"og:description\" content=\"Itt a tavasz - \u00e9s vele egy\u00fctt meg\u00e9rkezett a nap is! Vagy m\u00e9gsem? Tal\u00e1n m\u00e9gis! Lehet, hogy te a szerencs\u00e9sek k\u00f6z\u00e9 tartozol, \u00e9s \u00e9lvezed a meleget, azonban sokak sz\u00e1m\u00e1ra a tavasz csak azt jelenti, hogy a t\u00e9len meg\u00e9rkezett s\u00e1r m\u00e9g mindig itt van. Csak m\u00e9g nagyobb mennyis\u00e9gben, mert nincs megfagyva.\" \/>\n<meta property=\"og:url\" content=\"https:\/\/www.welovecycling.com\/hu\/trekking-mtb\/3-tipp-hogy-megvedd-magad-es-a-bringad-a-sartol\/\" \/>\n<meta property=\"og:site_name\" content=\"\u0160koda We Love Cycling - Magyarorsz\u00e1g\" \/>\n<meta property=\"article:publisher\" content=\"https:\/\/www.facebook.com\/WeLoveCyclingHungary\/\" \/>\n<meta property=\"article:published_time\" content=\"2023-06-07T06:00:58+00:00\" \/>\n<meta property=\"og:image\" content=\"https:\/\/d2p6e6u75xmxt8.cloudfront.net\/12\/2023\/06\/Muddy-Bicycle-profimedia-0764587737-CVR.webp\" \/>\n\t<meta property=\"og:image:width\" content=\"990\" \/>\n\t<meta property=\"og:image:height\" content=\"660\" \/>\n\t<meta property=\"og:image:type\" content=\"image\/webp\" \/>\n<meta name=\"author\" content=\"hegyizs\" \/>\n<meta name=\"twitter:card\" content=\"summary_large_image\" \/>\n<meta name=\"twitter:label1\" content=\"Written by\" \/>\n\t<meta name=\"twitter:data1\" content=\"Charlotte Murray\" \/>\n\t<meta name=\"twitter:label2\" content=\"Est. reading time\" \/>\n\t<meta name=\"twitter:data2\" content=\"4\" \/>\n<script type=\"application\/ld+json\" class=\"yoast-schema-graph\">{\"@context\":\"https:\/\/schema.org\",\"@graph\":[{\"@type\":\"WebPage\",\"@id\":\"https:\/\/www.welovecycling.com\/hu\/trekking-mtb\/3-tipp-hogy-megvedd-magad-es-a-bringad-a-sartol\/\",\"url\":\"https:\/\/www.welovecycling.com\/hu\/trekking-mtb\/3-tipp-hogy-megvedd-magad-es-a-bringad-a-sartol\/\",\"name\":\"3 tipp, hogy megv\u00e9dd magad \u00e9s a bring\u00e1d a s\u00e1rt\u00f3l\",\"isPartOf\":{\"@id\":\"https:\/\/www.welovecycling.com\/hu\/#website\"},\"primaryImageOfPage\":{\"@id\":\"https:\/\/www.welovecycling.com\/hu\/trekking-mtb\/3-tipp-hogy-megvedd-magad-es-a-bringad-a-sartol\/#primaryimage\"},\"image\":{\"@id\":\"https:\/\/www.welovecycling.com\/hu\/trekking-mtb\/3-tipp-hogy-megvedd-magad-es-a-bringad-a-sartol\/#primaryimage\"},\"thumbnailUrl\":\"https:\/\/d2p6e6u75xmxt8.cloudfront.net\/12\/2023\/06\/Muddy-Bicycle-profimedia-0764587737-CVR.webp\",\"datePublished\":\"2023-06-07T06:00:58+00:00\",\"author\":{\"@id\":\"https:\/\/www.welovecycling.com\/hu\/#\/schema\/person\/414a2aebf1801691a5320edb6468e194\"},\"description\":\"Itt a tavasz - \u00e9s vele egy\u00fctt meg\u00e9rkezett a nap is! Vagy m\u00e9gsem? Tal\u00e1n m\u00e9gis! Lehet, hogy te a szerencs\u00e9sek k\u00f6z\u00e9 tartozol, \u00e9s \u00e9lvezed a meleget, azonban sokak sz\u00e1m\u00e1ra a tavasz csak azt jelenti, hogy a t\u00e9len meg\u00e9rkezett s\u00e1r m\u00e9g mindig itt van. Csak m\u00e9g nagyobb mennyis\u00e9gben, mert nincs megfagyva.\",\"breadcrumb\":{\"@id\":\"https:\/\/www.welovecycling.com\/hu\/trekking-mtb\/3-tipp-hogy-megvedd-magad-es-a-bringad-a-sartol\/#breadcrumb\"},\"inLanguage\":\"hu\",\"potentialAction\":[{\"@type\":\"ReadAction\",\"target\":[\"https:\/\/www.welovecycling.com\/hu\/trekking-mtb\/3-tipp-hogy-megvedd-magad-es-a-bringad-a-sartol\/\"]}]},{\"@type\":\"ImageObject\",\"inLanguage\":\"hu\",\"@id\":\"https:\/\/www.welovecycling.com\/hu\/trekking-mtb\/3-tipp-hogy-megvedd-magad-es-a-bringad-a-sartol\/#primaryimage\",\"url\":\"https:\/\/d2p6e6u75xmxt8.cloudfront.net\/12\/2023\/06\/Muddy-Bicycle-profimedia-0764587737-CVR.webp\",\"contentUrl\":\"https:\/\/d2p6e6u75xmxt8.cloudfront.net\/12\/2023\/06\/Muddy-Bicycle-profimedia-0764587737-CVR.webp\",\"width\":990,\"height\":660,\"caption\":\"A muddy bicycle\"},{\"@type\":\"BreadcrumbList\",\"@id\":\"https:\/\/www.welovecycling.com\/hu\/trekking-mtb\/3-tipp-hogy-megvedd-magad-es-a-bringad-a-sartol\/#breadcrumb\",\"itemListElement\":[{\"@type\":\"ListItem\",\"position\":1,\"name\":\"Home\",\"item\":\"https:\/\/www.welovecycling.com\/hu\/\"},{\"@type\":\"ListItem\",\"position\":2,\"name\":\"3 tipp, hogy megv\u00e9dd magad \u00e9s a bring\u00e1d a s\u00e1rt\u00f3l\"}]},{\"@type\":\"WebSite\",\"@id\":\"https:\/\/www.welovecycling.com\/hu\/#website\",\"url\":\"https:\/\/www.welovecycling.com\/hu\/\",\"name\":\"\u0160koda We Love Cycling - Magyarorsz\u00e1g\",\"description\":\"\u0160koda WeLoveCycling\",\"potentialAction\":[{\"@type\":\"SearchAction\",\"target\":{\"@type\":\"EntryPoint\",\"urlTemplate\":\"https:\/\/www.welovecycling.com\/hu\/?s={search_term_string}\"},\"query-input\":{\"@type\":\"PropertyValueSpecification\",\"valueRequired\":true,\"valueName\":\"search_term_string\"}}],\"inLanguage\":\"hu\"},{\"@type\":\"Person\",\"@id\":\"https:\/\/www.welovecycling.com\/hu\/#\/schema\/person\/414a2aebf1801691a5320edb6468e194\",\"name\":\"hegyizs\",\"image\":{\"@type\":\"ImageObject\",\"inLanguage\":\"hu\",\"@id\":\"https:\/\/www.welovecycling.com\/hu\/#\/schema\/person\/image\/\",\"url\":\"https:\/\/secure.gravatar.com\/avatar\/02cf8a7906b8cf90cecb4679defac7cfd33a1c2e3b88e4903d947f3bb58eedd3?s=96&d=mm&r=g\",\"contentUrl\":\"https:\/\/secure.gravatar.com\/avatar\/02cf8a7906b8cf90cecb4679defac7cfd33a1c2e3b88e4903d947f3bb58eedd3?s=96&d=mm&r=g\",\"caption\":\"hegyizs\"},\"url\":\"https:\/\/www.welovecycling.com\/hu\/author\/hegyizs\/\"}]}<\/script>\n<!-- \/ Yoast SEO Premium plugin. -->","yoast_head_json":{"title":"3 tipp, hogy megv\u00e9dd magad \u00e9s a bring\u00e1d a s\u00e1rt\u00f3l","description":"Itt a tavasz - \u00e9s vele egy\u00fctt meg\u00e9rkezett a nap is! Vagy m\u00e9gsem? Tal\u00e1n m\u00e9gis! Lehet, hogy te a szerencs\u00e9sek k\u00f6z\u00e9 tartozol, \u00e9s \u00e9lvezed a meleget, azonban sokak sz\u00e1m\u00e1ra a tavasz csak azt jelenti, hogy a t\u00e9len meg\u00e9rkezett s\u00e1r m\u00e9g mindig itt van. Csak m\u00e9g nagyobb mennyis\u00e9gben, mert nincs megfagyva.","robots":{"index":"index","follow":"follow","max-snippet":"max-snippet:-1","max-image-preview":"max-image-preview:large","max-video-preview":"max-video-preview:-1"},"canonical":"https:\/\/www.welovecycling.com\/hu\/trekking-mtb\/3-tipp-hogy-megvedd-magad-es-a-bringad-a-sartol\/","og_locale":"hu_HU","og_type":"article","og_title":"3 tipp, hogy megv\u00e9dd magad \u00e9s a bring\u00e1d a s\u00e1rt\u00f3l","og_description":"Itt a tavasz - \u00e9s vele egy\u00fctt meg\u00e9rkezett a nap is! Vagy m\u00e9gsem? Tal\u00e1n m\u00e9gis! Lehet, hogy te a szerencs\u00e9sek k\u00f6z\u00e9 tartozol, \u00e9s \u00e9lvezed a meleget, azonban sokak sz\u00e1m\u00e1ra a tavasz csak azt jelenti, hogy a t\u00e9len meg\u00e9rkezett s\u00e1r m\u00e9g mindig itt van. Csak m\u00e9g nagyobb mennyis\u00e9gben, mert nincs megfagyva.","og_url":"https:\/\/www.welovecycling.com\/hu\/trekking-mtb\/3-tipp-hogy-megvedd-magad-es-a-bringad-a-sartol\/","og_site_name":"\u0160koda We Love Cycling - Magyarorsz\u00e1g","article_publisher":"https:\/\/www.facebook.com\/WeLoveCyclingHungary\/","article_published_time":"2023-06-07T06:00:58+00:00","og_image":[{"width":990,"height":660,"url":"https:\/\/d2p6e6u75xmxt8.cloudfront.net\/12\/2023\/06\/Muddy-Bicycle-profimedia-0764587737-CVR.webp","type":"image\/webp"}],"author":"hegyizs","twitter_card":"summary_large_image","twitter_misc":{"Written by":"Charlotte Murray","Est. reading time":"4"},"schema":{"@context":"https:\/\/schema.org","@graph":[{"@type":"WebPage","@id":"https:\/\/www.welovecycling.com\/hu\/trekking-mtb\/3-tipp-hogy-megvedd-magad-es-a-bringad-a-sartol\/","url":"https:\/\/www.welovecycling.com\/hu\/trekking-mtb\/3-tipp-hogy-megvedd-magad-es-a-bringad-a-sartol\/","name":"3 tipp, hogy megv\u00e9dd magad \u00e9s a bring\u00e1d a s\u00e1rt\u00f3l","isPartOf":{"@id":"https:\/\/www.welovecycling.com\/hu\/#website"},"primaryImageOfPage":{"@id":"https:\/\/www.welovecycling.com\/hu\/trekking-mtb\/3-tipp-hogy-megvedd-magad-es-a-bringad-a-sartol\/#primaryimage"},"image":{"@id":"https:\/\/www.welovecycling.com\/hu\/trekking-mtb\/3-tipp-hogy-megvedd-magad-es-a-bringad-a-sartol\/#primaryimage"},"thumbnailUrl":"https:\/\/d2p6e6u75xmxt8.cloudfront.net\/12\/2023\/06\/Muddy-Bicycle-profimedia-0764587737-CVR.webp","datePublished":"2023-06-07T06:00:58+00:00","author":{"@id":"https:\/\/www.welovecycling.com\/hu\/#\/schema\/person\/414a2aebf1801691a5320edb6468e194"},"description":"Itt a tavasz - \u00e9s vele egy\u00fctt meg\u00e9rkezett a nap is! Vagy m\u00e9gsem? Tal\u00e1n m\u00e9gis! Lehet, hogy te a szerencs\u00e9sek k\u00f6z\u00e9 tartozol, \u00e9s \u00e9lvezed a meleget, azonban sokak sz\u00e1m\u00e1ra a tavasz csak azt jelenti, hogy a t\u00e9len meg\u00e9rkezett s\u00e1r m\u00e9g mindig itt van. Csak m\u00e9g nagyobb mennyis\u00e9gben, mert nincs megfagyva.","breadcrumb":{"@id":"https:\/\/www.welovecycling.com\/hu\/trekking-mtb\/3-tipp-hogy-megvedd-magad-es-a-bringad-a-sartol\/#breadcrumb"},"inLanguage":"hu","potentialAction":[{"@type":"ReadAction","target":["https:\/\/www.welovecycling.com\/hu\/trekking-mtb\/3-tipp-hogy-megvedd-magad-es-a-bringad-a-sartol\/"]}]},{"@type":"ImageObject","inLanguage":"hu","@id":"https:\/\/www.welovecycling.com\/hu\/trekking-mtb\/3-tipp-hogy-megvedd-magad-es-a-bringad-a-sartol\/#primaryimage","url":"https:\/\/d2p6e6u75xmxt8.cloudfront.net\/12\/2023\/06\/Muddy-Bicycle-profimedia-0764587737-CVR.webp","contentUrl":"https:\/\/d2p6e6u75xmxt8.cloudfront.net\/12\/2023\/06\/Muddy-Bicycle-profimedia-0764587737-CVR.webp","width":990,"height":660,"caption":"A muddy bicycle"},{"@type":"BreadcrumbList","@id":"https:\/\/www.welovecycling.com\/hu\/trekking-mtb\/3-tipp-hogy-megvedd-magad-es-a-bringad-a-sartol\/#breadcrumb","itemListElement":[{"@type":"ListItem","position":1,"name":"Home","item":"https:\/\/www.welovecycling.com\/hu\/"},{"@type":"ListItem","position":2,"name":"3 tipp, hogy megv\u00e9dd magad \u00e9s a bring\u00e1d a s\u00e1rt\u00f3l"}]},{"@type":"WebSite","@id":"https:\/\/www.welovecycling.com\/hu\/#website","url":"https:\/\/www.welovecycling.com\/hu\/","name":"\u0160koda We Love Cycling - Magyarorsz\u00e1g","description":"\u0160koda WeLoveCycling","potentialAction":[{"@type":"SearchAction","target":{"@type":"EntryPoint","urlTemplate":"https:\/\/www.welovecycling.com\/hu\/?s={search_term_string}"},"query-input":{"@type":"PropertyValueSpecification","valueRequired":true,"valueName":"search_term_string"}}],"inLanguage":"hu"},{"@type":"Person","@id":"https:\/\/www.welovecycling.com\/hu\/#\/schema\/person\/414a2aebf1801691a5320edb6468e194","name":"hegyizs","image":{"@type":"ImageObject","inLanguage":"hu","@id":"https:\/\/www.welovecycling.com\/hu\/#\/schema\/person\/image\/","url":"https:\/\/secure.gravatar.com\/avatar\/02cf8a7906b8cf90cecb4679defac7cfd33a1c2e3b88e4903d947f3bb58eedd3?s=96&d=mm&r=g","contentUrl":"https:\/\/secure.gravatar.com\/avatar\/02cf8a7906b8cf90cecb4679defac7cfd33a1c2e3b88e4903d947f3bb58eedd3?s=96&d=mm&r=g","caption":"hegyizs"},"url":"https:\/\/www.welovecycling.com\/hu\/author\/hegyizs\/"}]}},"_links":{"self":[{"href":"https:\/\/www.welovecycling.com\/hu\/wp-json\/wp\/v2\/posts\/17482","targetHints":{"allow":["GET"]}}],"collection":[{"href":"https:\/\/www.welovecycling.com\/hu\/wp-json\/wp\/v2\/posts"}],"about":[{"href":"https:\/\/www.welovecycling.com\/hu\/wp-json\/wp\/v2\/types\/post"}],"author":[{"embeddable":true,"href":"https:\/\/www.welovecycling.com\/hu\/wp-json\/wp\/v2\/users\/71"}],"replies":[{"embeddable":true,"href":"https:\/\/www.welovecycling.com\/hu\/wp-json\/wp\/v2\/comments?post=17482"}],"version-history":[{"count":2,"href":"https:\/\/www.welovecycling.com\/hu\/wp-json\/wp\/v2\/posts\/17482\/revisions"}],"predecessor-version":[{"id":17486,"href":"https:\/\/www.welovecycling.com\/hu\/wp-json\/wp\/v2\/posts\/17482\/revisions\/17486"}],"wp:featuredmedia":[{"embeddable":true,"href":"https:\/\/www.welovecycling.com\/hu\/wp-json\/wp\/v2\/media\/17484"}],"wp:attachment":[{"href":"https:\/\/www.welovecycling.com\/hu\/wp-json\/wp\/v2\/media?parent=17482"}],"wp:term":[{"taxonomy":"category","embeddable":true,"href":"https:\/\/www.welovecycling.com\/hu\/wp-json\/wp\/v2\/categories?post=17482"},{"taxonomy":"post_tag","embeddable":true,"href":"https:\/\/www.welovecycling.com\/hu\/wp-json\/wp\/v2\/tags?post=17482"},{"taxonomy":"global-categories","embeddable":true,"href":"https:\/\/www.welovecycling.com\/hu\/wp-json\/wp\/v2\/global-categories?post=17482"}],"curies":[{"name":"wp","href":"https:\/\/api.w.org\/{rel}","templated":true}]}}