{"id":17480,"date":"2023-06-02T15:27:02","date_gmt":"2023-06-02T13:27:02","guid":{"rendered":"https:\/\/www.welovecycling.com\/hu\/?p=17480"},"modified":"2023-06-02T15:27:02","modified_gmt":"2023-06-02T13:27:02","slug":"eso-covid-es-megvaltas-a-giro-n-primoz-roglic-utja","status":"publish","type":"post","link":"https:\/\/www.welovecycling.com\/hu\/orszaguti-kerekpar\/eso-covid-es-megvaltas-a-giro-n-primoz-roglic-utja\/","title":{"rendered":"Es\u0151, Covid \u00e9s megv\u00e1lt\u00e1s a Giro-n: Primo\u017e Rogli\u010d \u00fatja"},"content":{"rendered":"<p style=\"font-weight: 400;\"><strong>Ez a t\u00f6rt\u00e9net az es\u0151r\u0151l sz\u00f3lt volna a 2023-as Giro d&#8217;Italia-n, a balesetekr\u0151l \u00e9s az els\u0151 k\u00e9t h\u00e9t Covid-eseteir\u0151l. Ki szerett\u00fck volna hangs\u00falyozni a rengeteg kies\u00e9st s\u00e9r\u00fcl\u00e9s vagy betegs\u00e9g miatt (\u00f6sszesen 51-en adt\u00e1k fel, bele\u00e9rtve a f\u0151 es\u00e9lyest, Remco Evenepoelt, \u00e9s a remek form\u00e1ban l\u00e9v\u0151 Ineos-versenyz\u0151t, Tao Geoghan Hartot), \u00e9s Evenepoel h\u00e1rom baleset\u00e9t (Soudal-Quick-Step), k\u00fcl\u00f6n\u00f6s tekintettel arra, amelyikben egy kis kutya is \u00e9rintett volt. Utalni akartunk a t\u00f6bbi versenyz\u0151 csal\u00f3d\u00e1st kelt\u0151 lemarad\u00e1s\u00e1ra, m\u00e9g a d\u00f6nt\u0151 h\u00e9t nagy hegyi szakaszain is.<\/strong><\/p>\n<p style=\"font-weight: 400;\"><!--more--><\/p>\n<p>De mindez feleslegess\u00e9 v\u00e1lt 44 perc \u00e9s 23 m\u00e1sodperc alatt, amennyi id\u0151be telt Primo\u017e Rogli\u010dnak (Jumbo-Visma) bevenni a 18,6 kilom\u00e9teres id\u0151futamot Tarvisio-b\u00f3l a Monte Lussari tetej\u00e9re az utols\u00f3 el\u0151tti, 20. szakaszon, \u00e9s a feledhet\u0151 nagy k\u00f6rversenyt eml\u00e9kezetess\u00e9 tenni, ugyanakkor el\u0171zni a d\u00e9mont a m\u00faltj\u00e1b\u00f3l. Azt hiszem, m\u00e9g a legcinikusabb ker\u00e9kp\u00e1ros rajong\u00f3 is sok\u00e1ig eml\u00e9kezni fog a 33 \u00e9ves szlov\u00e9n fantasztikus hajr\u00e1j\u00e1ra a Monte Lussari fel\u00e9, ahol 7,3 kegyetlen kilom\u00e9tert tett meg az \u00e1tlagosan 12,3%-os, de n\u00e9mely helyeken 22%-os emelked\u0151n. R\u00e1ad\u00e1sul ezen a szakaszon esett le a l\u00e1nca, ami miatt \u00e9rt\u00e9kes m\u00e1sodperceket vesz\u00edtett a m\u00e1sz\u00e1s sor\u00e1n, \u00e9s az eset val\u00f3sz\u00edn\u0171leg visszahozta a s\u00f6t\u00e9t eml\u00e9keket a 2020-as Tour de France 20. szakasz\u00e1nak hegyi id\u0151futam\u00e1r\u00f3l, amikor egy lass\u00fa ker\u00e9kv\u00e1lt\u00e1s hozz\u00e1j\u00e1rult ahhoz, hogy elvesz\u00edtse a vezet\u00e9st \u00e9s a Tourt honfit\u00e1rsa, Tadej Poga\u010dar (UAE Team Emirates) nyerje meg.<\/p>\n<p>Ez\u00fattal azonban Rogli\u010d nyugodt maradt, m\u00e1sodpercek alatt visszarakta a l\u00e1ncot, \u00e9s folytatta az id\u0151futamot a versenyt vezet\u0151 Geraint Thomas (Ineos Grenadiers) ellen. Amikor \u00e1tl\u00e9pte a c\u00e9lvonalat, egy 26 m\u00e1sodperces h\u00e1tr\u00e1nyb\u00f3l 14 m\u00e1sodperces Giro gy\u0151zelmet kov\u00e1csolt, vagyis megszerezte az els\u0151 maglia rosa-j\u00e1t \u00e9s a p\u00e1lyafut\u00e1sa negyedik nagyk\u00f6rverseny gy\u0151zelm\u00e9t. Elmond\u00e1sa szerint seg\u00edtett neki, hogy a Monte Lussari cs\u00facs\u00e1ra vezet\u0151 \u00fat tele volt szlov\u00e9n szurkol\u00f3kkal. <em>&#8220;Az emberek extra er\u0151t adtak&#8221;<\/em> &#8211; mondta. Csapatt\u00e1rsa, Sepp Kuss az Eurosportnak adott nyilatkozat\u00e1ban kiemelte, hogy a csapat magabiztos volt, mert Rogli\u010d az eg\u00e9sz Giro alatt <em>&#8220;a megfelel\u0151 pillanatra v\u00e1rt<\/em>&#8220;. Ez arra utal, hogy nem t\u00e1madott a megel\u0151z\u0151 hegyi szakaszokon, mert meg akarta \u0151rizni az energi\u00e1j\u00e1t az id\u0151futamra.<\/p>\n<div class=\"embed-controller-wrapper\">\n<blockquote class=\"twitter-tweet\" data-width=\"500\" data-dnt=\"true\">\n<p lang=\"it\" dir=\"ltr\">\ud83c\uddee\ud83c\uddf9 <a href=\"https:\/\/twitter.com\/hashtag\/Giro?src=hash&amp;ref_src=twsrc%5Etfw\">#Giro<\/a> <\/p>\n<p>Vincitore del Giro d&#39;Italia \ud83d\udc9e <a href=\"https:\/\/t.co\/W9NN7r9IYY\">pic.twitter.com\/W9NN7r9IYY<\/a><\/p>\n<p>&mdash; Team Visma | Lease a Bike (@vismaleaseabike) <a href=\"https:\/\/twitter.com\/vismaleaseabike\/status\/1663081713793404928?ref_src=twsrc%5Etfw\">May 29, 2023<\/a><\/p><\/blockquote>\n<p><script async data-src=\"https:\/\/platform.twitter.com\/widgets.js\" charset=\"utf-8\"><\/script><\/div>\n<p>A Giro m\u00e1sik f\u00e9nyes pillanata az utols\u00f3 volt, amikor Mark Cavendish (Astana Qazaqstan) megnyerte a verseny &#8211; \u00e9s sz\u00e1m\u00e1ra is &#8211; utols\u00f3 sprintj\u00e9t R\u00f3m\u00e1ban. Ez volt a 162. szakaszgy\u0151zelme, amivel m\u00e1sodik helyen \u00e1ll Rik van Looyval egy\u00fctt Eddy Merckx m\u00f6g\u00f6tt. A 38 \u00e9ves Cavendish term\u00e9szetesen el volt ragadtatva. <em>&#8220;Csod\u00e1latos volt itt R\u00f3m\u00e1ban nyerni&#8221;<\/em> &#8211; mondta.<em> &#8220;Ez egy bakancslist\u00e1s gy\u0151zelem, amit meg kellett szereznem. Nagyon boldog vagyok, nagyon boldog.&#8221;<\/em><\/p>\n<p>A versenynek m\u00e1s figyelemre m\u00e9lt\u00f3 h\u0151sei is voltak, sok k\u00f6z\u00fcl\u00fck eg\u00e9szen v\u00e1ratlanul, kezdve Thibaut Pinot-val (Groupama-FDJ), aki megnyerte a hegyek kir\u00e1ly\u00e1nak j\u00e1r\u00f3 trik\u00f3t, \u00e9s leny\u0171g\u00f6zte sz\u00e1mos rajong\u00f3j\u00e1t k\u00e9t m\u00e1sodik hellyel a hegyekben, valamint a csod\u00e1latos \u00f6t\u00f6dik hellyel az id\u0151futamon &#8211; val\u00f3sz\u00edn\u0171leg sz\u00e1m\u00e1ra is ez volt az utols\u00f3 WorldTour szezon. <em>&#8220;Mi van a G-kel ebben a versenyben egy\u00e9bk\u00e9nt? Mindig m\u00e1sodikak<\/em>&#8221; &#8211; mondta Thomas, akinek beceneve G. Egy kev\u00e9sb\u00e9 ismert 25 \u00e9ves kanadaira, Derek Gee-re (Israel-Premier Tech) utalt, aki harcoss\u00e1g\u00e1val \u00e9s kitart\u00e1s\u00e1val feldobta a versenyt, \u00e9s n\u00e9gy szakaszon is m\u00e1sodik helyez\u00e9st \u00e9rt el. Szint\u00e9n m\u00e1sodik lett a hegyek kir\u00e1lya trik\u00f3\u00e9rt folytatott versenyben, \u00e9s egy m\u00e1sik meglepet\u00e9s, Jonathan Milan (Bahrain Victorious) m\u00f6g\u00f6tt a pontversenyben. Ez volt Gee els\u0151 szerepl\u00e9se nagy k\u00f6rversenyen. De val\u00f3sz\u00edn\u0171leg nem az utols\u00f3.<\/p>\n<p>A 23 \u00e9ves Thymen Arensman rendk\u00edv\u00fcli seg\u00edts\u00e9get ny\u00fajtott Thomas sz\u00e1m\u00e1ra a hegyi szakaszokon, kem\u00e9nyen h\u00fazott, sosem t\u0171nt f\u00e1radtnak. Ahogy Sepp Kuss, aki tov\u00e1bbra is a vil\u00e1g els\u0151sz\u00e1m\u00fa hegyi seg\u00edt\u0151je, Arensman is kiv\u00e1l\u00f3 id\u0151futamversenyz\u0151, \u00e9s potenci\u00e1lis es\u00e9lyesk\u00e9nt tartj\u00e1k sz\u00e1mon az \u00f6sszetett versenyben is. Annak ellen\u00e9re, hogy a vezet\u0151j\u00e9t seg\u00edtette, \u0151 v\u00e9gzett a hatodik helyen, 6 perc 5 m\u00e1sodperccel a gy\u0151ztes m\u00f6g\u00f6tt. Thomas elk\u00e9peszt\u0151 karrierj\u00e9nek v\u00e9g\u00e9hez k\u00f6zeledve &#8211; a Giro alatt t\u00f6lt\u00f6tte be a 37. \u00e9let\u00e9v\u00e9t &#8211; \u00e9s Egan Bernal tov\u00e1bbra is bizonytalan j\u00f6v\u0151je miatt, lehet, hogy az Ineos Arensman-t v\u00e1lasztja ki a k\u00f6vetkez\u0151 \u00f6sszetett rem\u00e9nys\u00e9g\u00fcknek.<\/p>\n<p>Jo\u00e3o Almeida dobog\u00f3s helyez\u00e9se nem volt meglepet\u00e9s, \u00e9s b\u00e1tor m\u00e1sz\u00e1sa \u00e9s kiv\u00e1l\u00f3 id\u0151futam teljes\u00edtm\u00e9nye &#8211; a 20. szakaszon harmadik lett, mind\u00f6ssze 2 m\u00e1sodperccel lemaradva Thomast\u00f3l &#8211; azt sugallja, hogy csak id\u0151 k\u00e9rd\u00e9se, hogy fel\u00e1lljon egy nagyk\u00f6rverseny dobog\u00f3j\u00e1nak legfels\u0151 fok\u00e1ra.<\/p>\n<p style=\"font-weight: 400;\">A Giro legfontosabb tanuls\u00e1ga nyilv\u00e1nval\u00f3an az, hogy nem szabad elfelejten\u00fcnk, hogy az orsz\u00e1g\u00fati versenyz\u00e9s k\u00fclt\u00e9ri sport, \u00edgy \u00e9rz\u00e9keny az id\u0151j\u00e1r\u00e1s v\u00e1ltoz\u00e1saira. Sok nagyk\u00f6rverseny zajlott m\u00e1r le rossz k\u00f6r\u00fclm\u00e9nyek k\u00f6z\u00f6tt, de az idei Giro-t s\u00fajt\u00f3 es\u0151s id\u0151j\u00e1r\u00e1s egyed\u00fcl\u00e1ll\u00f3 volt. A versenyz\u0151k el\u00e1ztak, megbetegedtek, \u00e9s sokszor baleseteket is okozott a nedvess\u00e9g. A verseny val\u00f3j\u00e1ban csak akkor kezd\u0151d\u00f6tt el, amikor abbamaradt az es\u0151, a harmadik h\u00e9ten. H\u00e1l\u00e1sak lehet\u00fcnk Rogli\u010d k\u00e9s\u0151i h\u0151stettei\u00e9rt, mert ezek seg\u00edtettek elfelejteni, hogy mennyire meggyeng\u00edtette a verseny elej\u00e9t. Azonban a vihar sokkal nagyobb puszt\u00edt\u00e1st v\u00e9gzett enn\u00e9l Olaszorsz\u00e1gban. Legal\u00e1bb 14 ember\u00e9letet k\u00f6vetelt \u00e9s t\u00f6bb mint 36 000 embert hajl\u00e9ktalann\u00e1 tett &#8211; eml\u00e9keztetve minket arra, hogy az \u00e9letben vannak fontosabb dolgok a sportn\u00e1l.<\/p>\n","protected":false},"excerpt":{"rendered":"<p>Ez a t\u00f6rt\u00e9net az es\u0151r\u0151l sz\u00f3lt volna a 2023-as Giro d&#8217;Italia-n, a balesetekr\u0151l \u00e9s az els\u0151 k\u00e9t h\u00e9t Covid-eseteir\u0151l. Ki [&hellip;]<\/p>\n","protected":false},"author":71,"featured_media":17481,"comment_status":"open","ping_status":"open","sticky":false,"template":"","format":"standard","meta":{"footnotes":""},"categories":[8],"tags":[],"global-categories":[],"class_list":["post-17480","post","type-post","status-publish","format-standard","has-post-thumbnail","hentry","category-orszaguti-kerekpar"],"yoast_head":"<!-- This site is optimized with the Yoast SEO Premium plugin v25.3 (Yoast SEO v25.9) - https:\/\/yoast.com\/wordpress\/plugins\/seo\/ -->\n<title>Es\u0151, Covid \u00e9s megv\u00e1lt\u00e1s a Giro-n: Primo\u017e Rogli\u010d \u00fatja<\/title>\n<meta name=\"description\" content=\"Ez a t\u00f6rt\u00e9net az es\u0151r\u0151l sz\u00f3lt volna a 2023-as Giro d&#039;Italia-n, a balesetekr\u0151l \u00e9s az els\u0151 k\u00e9t h\u00e9t Covid-eseteir\u0151l. Ki szerett\u00fck volna hangs\u00falyozni a rengeteg kies\u00e9st s\u00e9r\u00fcl\u00e9s vagy betegs\u00e9g miatt (\u00f6sszesen 51-en adt\u00e1k fel, bele\u00e9rtve a f\u0151 es\u00e9lyest, Remco Evenepoelt, \u00e9s a remek form\u00e1ban l\u00e9v\u0151 Ineos-versenyz\u0151t, Tao Geoghan Hartot), \u00e9s Evenepoel h\u00e1rom baleset\u00e9t (Soudal-Quick-Step), k\u00fcl\u00f6n\u00f6s tekintettel arra, amelyikben egy kis kutya is \u00e9rintett volt.\" \/>\n<meta name=\"robots\" content=\"index, follow, max-snippet:-1, max-image-preview:large, max-video-preview:-1\" \/>\n<link rel=\"canonical\" href=\"https:\/\/www.welovecycling.com\/hu\/orszaguti-kerekpar\/eso-covid-es-megvaltas-a-giro-n-primoz-roglic-utja\/\" \/>\n<meta property=\"og:locale\" content=\"hu_HU\" \/>\n<meta property=\"og:type\" content=\"article\" \/>\n<meta property=\"og:title\" content=\"Es\u0151, Covid \u00e9s megv\u00e1lt\u00e1s a Giro-n: Primo\u017e Rogli\u010d \u00fatja\" \/>\n<meta property=\"og:description\" content=\"Ez a t\u00f6rt\u00e9net az es\u0151r\u0151l sz\u00f3lt volna a 2023-as Giro d&#039;Italia-n, a balesetekr\u0151l \u00e9s az els\u0151 k\u00e9t h\u00e9t Covid-eseteir\u0151l. Ki szerett\u00fck volna hangs\u00falyozni a rengeteg kies\u00e9st s\u00e9r\u00fcl\u00e9s vagy betegs\u00e9g miatt (\u00f6sszesen 51-en adt\u00e1k fel, bele\u00e9rtve a f\u0151 es\u00e9lyest, Remco Evenepoelt, \u00e9s a remek form\u00e1ban l\u00e9v\u0151 Ineos-versenyz\u0151t, Tao Geoghan Hartot), \u00e9s Evenepoel h\u00e1rom baleset\u00e9t (Soudal-Quick-Step), k\u00fcl\u00f6n\u00f6s tekintettel arra, amelyikben egy kis kutya is \u00e9rintett volt.\" \/>\n<meta property=\"og:url\" content=\"https:\/\/www.welovecycling.com\/hu\/orszaguti-kerekpar\/eso-covid-es-megvaltas-a-giro-n-primoz-roglic-utja\/\" \/>\n<meta property=\"og:site_name\" content=\"\u0160koda We Love Cycling - Magyarorsz\u00e1g\" \/>\n<meta property=\"article:publisher\" content=\"https:\/\/www.facebook.com\/WeLoveCyclingHungary\/\" \/>\n<meta property=\"article:published_time\" content=\"2023-06-02T13:27:02+00:00\" \/>\n<meta property=\"og:image\" content=\"https:\/\/d2p6e6u75xmxt8.cloudfront.net\/12\/2023\/06\/Primoz-Roglic-profimedia-0779946579-CVR.webp\" \/>\n\t<meta property=\"og:image:width\" content=\"990\" \/>\n\t<meta property=\"og:image:height\" content=\"660\" \/>\n\t<meta property=\"og:image:type\" content=\"image\/webp\" \/>\n<meta name=\"author\" content=\"hegyizs\" \/>\n<meta name=\"twitter:card\" content=\"summary_large_image\" \/>\n<meta name=\"twitter:label1\" content=\"Written by\" \/>\n\t<meta name=\"twitter:data1\" content=\"Siegfried Mortkowitz\" \/>\n\t<meta name=\"twitter:label2\" content=\"Est. reading time\" \/>\n\t<meta name=\"twitter:data2\" content=\"4\" \/>\n<script type=\"application\/ld+json\" class=\"yoast-schema-graph\">{\"@context\":\"https:\/\/schema.org\",\"@graph\":[{\"@type\":\"WebPage\",\"@id\":\"https:\/\/www.welovecycling.com\/hu\/orszaguti-kerekpar\/eso-covid-es-megvaltas-a-giro-n-primoz-roglic-utja\/\",\"url\":\"https:\/\/www.welovecycling.com\/hu\/orszaguti-kerekpar\/eso-covid-es-megvaltas-a-giro-n-primoz-roglic-utja\/\",\"name\":\"Es\u0151, Covid \u00e9s megv\u00e1lt\u00e1s a Giro-n: Primo\u017e Rogli\u010d \u00fatja\",\"isPartOf\":{\"@id\":\"https:\/\/www.welovecycling.com\/hu\/#website\"},\"primaryImageOfPage\":{\"@id\":\"https:\/\/www.welovecycling.com\/hu\/orszaguti-kerekpar\/eso-covid-es-megvaltas-a-giro-n-primoz-roglic-utja\/#primaryimage\"},\"image\":{\"@id\":\"https:\/\/www.welovecycling.com\/hu\/orszaguti-kerekpar\/eso-covid-es-megvaltas-a-giro-n-primoz-roglic-utja\/#primaryimage\"},\"thumbnailUrl\":\"https:\/\/d2p6e6u75xmxt8.cloudfront.net\/12\/2023\/06\/Primoz-Roglic-profimedia-0779946579-CVR.webp\",\"datePublished\":\"2023-06-02T13:27:02+00:00\",\"author\":{\"@id\":\"https:\/\/www.welovecycling.com\/hu\/#\/schema\/person\/414a2aebf1801691a5320edb6468e194\"},\"description\":\"Ez a t\u00f6rt\u00e9net az es\u0151r\u0151l sz\u00f3lt volna a 2023-as Giro d'Italia-n, a balesetekr\u0151l \u00e9s az els\u0151 k\u00e9t h\u00e9t Covid-eseteir\u0151l. Ki szerett\u00fck volna hangs\u00falyozni a rengeteg kies\u00e9st s\u00e9r\u00fcl\u00e9s vagy betegs\u00e9g miatt (\u00f6sszesen 51-en adt\u00e1k fel, bele\u00e9rtve a f\u0151 es\u00e9lyest, Remco Evenepoelt, \u00e9s a remek form\u00e1ban l\u00e9v\u0151 Ineos-versenyz\u0151t, Tao Geoghan Hartot), \u00e9s Evenepoel h\u00e1rom baleset\u00e9t (Soudal-Quick-Step), k\u00fcl\u00f6n\u00f6s tekintettel arra, amelyikben egy kis kutya is \u00e9rintett volt.\",\"breadcrumb\":{\"@id\":\"https:\/\/www.welovecycling.com\/hu\/orszaguti-kerekpar\/eso-covid-es-megvaltas-a-giro-n-primoz-roglic-utja\/#breadcrumb\"},\"inLanguage\":\"hu\",\"potentialAction\":[{\"@type\":\"ReadAction\",\"target\":[\"https:\/\/www.welovecycling.com\/hu\/orszaguti-kerekpar\/eso-covid-es-megvaltas-a-giro-n-primoz-roglic-utja\/\"]}]},{\"@type\":\"ImageObject\",\"inLanguage\":\"hu\",\"@id\":\"https:\/\/www.welovecycling.com\/hu\/orszaguti-kerekpar\/eso-covid-es-megvaltas-a-giro-n-primoz-roglic-utja\/#primaryimage\",\"url\":\"https:\/\/d2p6e6u75xmxt8.cloudfront.net\/12\/2023\/06\/Primoz-Roglic-profimedia-0779946579-CVR.webp\",\"contentUrl\":\"https:\/\/d2p6e6u75xmxt8.cloudfront.net\/12\/2023\/06\/Primoz-Roglic-profimedia-0779946579-CVR.webp\",\"width\":990,\"height\":660,\"caption\":\"Primo\u017e Rogli\u010d\"},{\"@type\":\"BreadcrumbList\",\"@id\":\"https:\/\/www.welovecycling.com\/hu\/orszaguti-kerekpar\/eso-covid-es-megvaltas-a-giro-n-primoz-roglic-utja\/#breadcrumb\",\"itemListElement\":[{\"@type\":\"ListItem\",\"position\":1,\"name\":\"Home\",\"item\":\"https:\/\/www.welovecycling.com\/hu\/\"},{\"@type\":\"ListItem\",\"position\":2,\"name\":\"Es\u0151, Covid \u00e9s megv\u00e1lt\u00e1s a Giro-n: Primo\u017e Rogli\u010d \u00fatja\"}]},{\"@type\":\"WebSite\",\"@id\":\"https:\/\/www.welovecycling.com\/hu\/#website\",\"url\":\"https:\/\/www.welovecycling.com\/hu\/\",\"name\":\"\u0160koda We Love Cycling - Magyarorsz\u00e1g\",\"description\":\"\u0160koda WeLoveCycling\",\"potentialAction\":[{\"@type\":\"SearchAction\",\"target\":{\"@type\":\"EntryPoint\",\"urlTemplate\":\"https:\/\/www.welovecycling.com\/hu\/?s={search_term_string}\"},\"query-input\":{\"@type\":\"PropertyValueSpecification\",\"valueRequired\":true,\"valueName\":\"search_term_string\"}}],\"inLanguage\":\"hu\"},{\"@type\":\"Person\",\"@id\":\"https:\/\/www.welovecycling.com\/hu\/#\/schema\/person\/414a2aebf1801691a5320edb6468e194\",\"name\":\"hegyizs\",\"image\":{\"@type\":\"ImageObject\",\"inLanguage\":\"hu\",\"@id\":\"https:\/\/www.welovecycling.com\/hu\/#\/schema\/person\/image\/\",\"url\":\"https:\/\/secure.gravatar.com\/avatar\/02cf8a7906b8cf90cecb4679defac7cfd33a1c2e3b88e4903d947f3bb58eedd3?s=96&d=mm&r=g\",\"contentUrl\":\"https:\/\/secure.gravatar.com\/avatar\/02cf8a7906b8cf90cecb4679defac7cfd33a1c2e3b88e4903d947f3bb58eedd3?s=96&d=mm&r=g\",\"caption\":\"hegyizs\"},\"url\":\"https:\/\/www.welovecycling.com\/hu\/author\/hegyizs\/\"}]}<\/script>\n<!-- \/ Yoast SEO Premium plugin. -->","yoast_head_json":{"title":"Es\u0151, Covid \u00e9s megv\u00e1lt\u00e1s a Giro-n: Primo\u017e Rogli\u010d \u00fatja","description":"Ez a t\u00f6rt\u00e9net az es\u0151r\u0151l sz\u00f3lt volna a 2023-as Giro d'Italia-n, a balesetekr\u0151l \u00e9s az els\u0151 k\u00e9t h\u00e9t Covid-eseteir\u0151l. Ki szerett\u00fck volna hangs\u00falyozni a rengeteg kies\u00e9st s\u00e9r\u00fcl\u00e9s vagy betegs\u00e9g miatt (\u00f6sszesen 51-en adt\u00e1k fel, bele\u00e9rtve a f\u0151 es\u00e9lyest, Remco Evenepoelt, \u00e9s a remek form\u00e1ban l\u00e9v\u0151 Ineos-versenyz\u0151t, Tao Geoghan Hartot), \u00e9s Evenepoel h\u00e1rom baleset\u00e9t (Soudal-Quick-Step), k\u00fcl\u00f6n\u00f6s tekintettel arra, amelyikben egy kis kutya is \u00e9rintett volt.","robots":{"index":"index","follow":"follow","max-snippet":"max-snippet:-1","max-image-preview":"max-image-preview:large","max-video-preview":"max-video-preview:-1"},"canonical":"https:\/\/www.welovecycling.com\/hu\/orszaguti-kerekpar\/eso-covid-es-megvaltas-a-giro-n-primoz-roglic-utja\/","og_locale":"hu_HU","og_type":"article","og_title":"Es\u0151, Covid \u00e9s megv\u00e1lt\u00e1s a Giro-n: Primo\u017e Rogli\u010d \u00fatja","og_description":"Ez a t\u00f6rt\u00e9net az es\u0151r\u0151l sz\u00f3lt volna a 2023-as Giro d'Italia-n, a balesetekr\u0151l \u00e9s az els\u0151 k\u00e9t h\u00e9t Covid-eseteir\u0151l. Ki szerett\u00fck volna hangs\u00falyozni a rengeteg kies\u00e9st s\u00e9r\u00fcl\u00e9s vagy betegs\u00e9g miatt (\u00f6sszesen 51-en adt\u00e1k fel, bele\u00e9rtve a f\u0151 es\u00e9lyest, Remco Evenepoelt, \u00e9s a remek form\u00e1ban l\u00e9v\u0151 Ineos-versenyz\u0151t, Tao Geoghan Hartot), \u00e9s Evenepoel h\u00e1rom baleset\u00e9t (Soudal-Quick-Step), k\u00fcl\u00f6n\u00f6s tekintettel arra, amelyikben egy kis kutya is \u00e9rintett volt.","og_url":"https:\/\/www.welovecycling.com\/hu\/orszaguti-kerekpar\/eso-covid-es-megvaltas-a-giro-n-primoz-roglic-utja\/","og_site_name":"\u0160koda We Love Cycling - Magyarorsz\u00e1g","article_publisher":"https:\/\/www.facebook.com\/WeLoveCyclingHungary\/","article_published_time":"2023-06-02T13:27:02+00:00","og_image":[{"width":990,"height":660,"url":"https:\/\/d2p6e6u75xmxt8.cloudfront.net\/12\/2023\/06\/Primoz-Roglic-profimedia-0779946579-CVR.webp","type":"image\/webp"}],"author":"hegyizs","twitter_card":"summary_large_image","twitter_misc":{"Written by":"Siegfried Mortkowitz","Est. reading time":"4"},"schema":{"@context":"https:\/\/schema.org","@graph":[{"@type":"WebPage","@id":"https:\/\/www.welovecycling.com\/hu\/orszaguti-kerekpar\/eso-covid-es-megvaltas-a-giro-n-primoz-roglic-utja\/","url":"https:\/\/www.welovecycling.com\/hu\/orszaguti-kerekpar\/eso-covid-es-megvaltas-a-giro-n-primoz-roglic-utja\/","name":"Es\u0151, Covid \u00e9s megv\u00e1lt\u00e1s a Giro-n: Primo\u017e Rogli\u010d \u00fatja","isPartOf":{"@id":"https:\/\/www.welovecycling.com\/hu\/#website"},"primaryImageOfPage":{"@id":"https:\/\/www.welovecycling.com\/hu\/orszaguti-kerekpar\/eso-covid-es-megvaltas-a-giro-n-primoz-roglic-utja\/#primaryimage"},"image":{"@id":"https:\/\/www.welovecycling.com\/hu\/orszaguti-kerekpar\/eso-covid-es-megvaltas-a-giro-n-primoz-roglic-utja\/#primaryimage"},"thumbnailUrl":"https:\/\/d2p6e6u75xmxt8.cloudfront.net\/12\/2023\/06\/Primoz-Roglic-profimedia-0779946579-CVR.webp","datePublished":"2023-06-02T13:27:02+00:00","author":{"@id":"https:\/\/www.welovecycling.com\/hu\/#\/schema\/person\/414a2aebf1801691a5320edb6468e194"},"description":"Ez a t\u00f6rt\u00e9net az es\u0151r\u0151l sz\u00f3lt volna a 2023-as Giro d'Italia-n, a balesetekr\u0151l \u00e9s az els\u0151 k\u00e9t h\u00e9t Covid-eseteir\u0151l. Ki szerett\u00fck volna hangs\u00falyozni a rengeteg kies\u00e9st s\u00e9r\u00fcl\u00e9s vagy betegs\u00e9g miatt (\u00f6sszesen 51-en adt\u00e1k fel, bele\u00e9rtve a f\u0151 es\u00e9lyest, Remco Evenepoelt, \u00e9s a remek form\u00e1ban l\u00e9v\u0151 Ineos-versenyz\u0151t, Tao Geoghan Hartot), \u00e9s Evenepoel h\u00e1rom baleset\u00e9t (Soudal-Quick-Step), k\u00fcl\u00f6n\u00f6s tekintettel arra, amelyikben egy kis kutya is \u00e9rintett volt.","breadcrumb":{"@id":"https:\/\/www.welovecycling.com\/hu\/orszaguti-kerekpar\/eso-covid-es-megvaltas-a-giro-n-primoz-roglic-utja\/#breadcrumb"},"inLanguage":"hu","potentialAction":[{"@type":"ReadAction","target":["https:\/\/www.welovecycling.com\/hu\/orszaguti-kerekpar\/eso-covid-es-megvaltas-a-giro-n-primoz-roglic-utja\/"]}]},{"@type":"ImageObject","inLanguage":"hu","@id":"https:\/\/www.welovecycling.com\/hu\/orszaguti-kerekpar\/eso-covid-es-megvaltas-a-giro-n-primoz-roglic-utja\/#primaryimage","url":"https:\/\/d2p6e6u75xmxt8.cloudfront.net\/12\/2023\/06\/Primoz-Roglic-profimedia-0779946579-CVR.webp","contentUrl":"https:\/\/d2p6e6u75xmxt8.cloudfront.net\/12\/2023\/06\/Primoz-Roglic-profimedia-0779946579-CVR.webp","width":990,"height":660,"caption":"Primo\u017e Rogli\u010d"},{"@type":"BreadcrumbList","@id":"https:\/\/www.welovecycling.com\/hu\/orszaguti-kerekpar\/eso-covid-es-megvaltas-a-giro-n-primoz-roglic-utja\/#breadcrumb","itemListElement":[{"@type":"ListItem","position":1,"name":"Home","item":"https:\/\/www.welovecycling.com\/hu\/"},{"@type":"ListItem","position":2,"name":"Es\u0151, Covid \u00e9s megv\u00e1lt\u00e1s a Giro-n: Primo\u017e Rogli\u010d \u00fatja"}]},{"@type":"WebSite","@id":"https:\/\/www.welovecycling.com\/hu\/#website","url":"https:\/\/www.welovecycling.com\/hu\/","name":"\u0160koda We Love Cycling - Magyarorsz\u00e1g","description":"\u0160koda WeLoveCycling","potentialAction":[{"@type":"SearchAction","target":{"@type":"EntryPoint","urlTemplate":"https:\/\/www.welovecycling.com\/hu\/?s={search_term_string}"},"query-input":{"@type":"PropertyValueSpecification","valueRequired":true,"valueName":"search_term_string"}}],"inLanguage":"hu"},{"@type":"Person","@id":"https:\/\/www.welovecycling.com\/hu\/#\/schema\/person\/414a2aebf1801691a5320edb6468e194","name":"hegyizs","image":{"@type":"ImageObject","inLanguage":"hu","@id":"https:\/\/www.welovecycling.com\/hu\/#\/schema\/person\/image\/","url":"https:\/\/secure.gravatar.com\/avatar\/02cf8a7906b8cf90cecb4679defac7cfd33a1c2e3b88e4903d947f3bb58eedd3?s=96&d=mm&r=g","contentUrl":"https:\/\/secure.gravatar.com\/avatar\/02cf8a7906b8cf90cecb4679defac7cfd33a1c2e3b88e4903d947f3bb58eedd3?s=96&d=mm&r=g","caption":"hegyizs"},"url":"https:\/\/www.welovecycling.com\/hu\/author\/hegyizs\/"}]}},"_links":{"self":[{"href":"https:\/\/www.welovecycling.com\/hu\/wp-json\/wp\/v2\/posts\/17480","targetHints":{"allow":["GET"]}}],"collection":[{"href":"https:\/\/www.welovecycling.com\/hu\/wp-json\/wp\/v2\/posts"}],"about":[{"href":"https:\/\/www.welovecycling.com\/hu\/wp-json\/wp\/v2\/types\/post"}],"author":[{"embeddable":true,"href":"https:\/\/www.welovecycling.com\/hu\/wp-json\/wp\/v2\/users\/71"}],"replies":[{"embeddable":true,"href":"https:\/\/www.welovecycling.com\/hu\/wp-json\/wp\/v2\/comments?post=17480"}],"version-history":[{"count":1,"href":"https:\/\/www.welovecycling.com\/hu\/wp-json\/wp\/v2\/posts\/17480\/revisions"}],"predecessor-version":[{"id":17485,"href":"https:\/\/www.welovecycling.com\/hu\/wp-json\/wp\/v2\/posts\/17480\/revisions\/17485"}],"wp:featuredmedia":[{"embeddable":true,"href":"https:\/\/www.welovecycling.com\/hu\/wp-json\/wp\/v2\/media\/17481"}],"wp:attachment":[{"href":"https:\/\/www.welovecycling.com\/hu\/wp-json\/wp\/v2\/media?parent=17480"}],"wp:term":[{"taxonomy":"category","embeddable":true,"href":"https:\/\/www.welovecycling.com\/hu\/wp-json\/wp\/v2\/categories?post=17480"},{"taxonomy":"post_tag","embeddable":true,"href":"https:\/\/www.welovecycling.com\/hu\/wp-json\/wp\/v2\/tags?post=17480"},{"taxonomy":"global-categories","embeddable":true,"href":"https:\/\/www.welovecycling.com\/hu\/wp-json\/wp\/v2\/global-categories?post=17480"}],"curies":[{"name":"wp","href":"https:\/\/api.w.org\/{rel}","templated":true}]}}