{"id":17471,"date":"2023-06-10T08:00:56","date_gmt":"2023-06-10T06:00:56","guid":{"rendered":"https:\/\/www.welovecycling.com\/hu\/?p=17471"},"modified":"2023-06-02T15:38:29","modified_gmt":"2023-06-02T13:38:29","slug":"mitol-lesz-az-idei-tour-de-france-igazan-izgalmas","status":"publish","type":"post","link":"https:\/\/www.welovecycling.com\/hu\/orszaguti-kerekpar\/mitol-lesz-az-idei-tour-de-france-igazan-izgalmas\/","title":{"rendered":"Mit\u0151l lesz az idei Tour de France igaz\u00e1n izgalmas?"},"content":{"rendered":"<p><strong>Poga\u010dar kontra Vingegaard, Cavendish Merckx-i kih\u00edv\u00e1sa, Sagan hossz\u00fa b\u00facs\u00faja, amerikai szakaszharcosok: \u00f6t t\u00f6rt\u00e9net, ami kiemelked\u0151v\u00e9 teszi a 2023-as Tour-t.<\/strong><!--more--><\/p>\n<p>Olyan k\u00f6zel van m\u00e1r a Giro d&#8217;Italia, hogy l\u00e1tsz\u00f3dik a visszapillant\u00f3t\u00fck\u00f6rben. A tavalyi verseny m\u00e1ra t\u00f6rt\u00e9nelem, \u00e9s hamarosan \u00fajat \u00edrnak a legnagyobb versenyz\u0151k<\/p>\n<p>A csapatok hossz\u00fa h\u00f3napok munk\u00e1j\u00e1nak utols\u00f3 sim\u00edt\u00e1sait v\u00e9gzik, hogy felk\u00e9sz\u00fcljenek a f\u00e9rfi ker\u00e9kp\u00e1rsport legnagyobb \u00e9s legrangosabb k\u00f6rverseny\u00e9re.<\/p>\n<p>Ezt minden sportrajong\u00f3 tudja. A s\u00e1rga trik\u00f3 dr\u00e1mai izgalmai minden ny\u00e1ron beszippantj\u00e1k a vil\u00e1gsajt\u00f3t. Minden j\u00faliusban a sportvil\u00e1g figyelme Franciaorsz\u00e1gra ir\u00e1nyul.<\/p>\n<p>A csapatok sorsa f\u00fcgg att\u00f3l, hogy fel\u00e1lljanak a rajtvonalhoz, a versenyz\u0151k h\u00f3napokon \u00e1t k\u00fczdenek az\u00e9rt, hogy el\u00e9rj\u00e9k a versenys\u00falyukat, \u00e9s egy szakaszgy\u0151zelem, egy trik\u00f3 vagy egy hely a dobog\u00f3 legfels\u0151 fok\u00e1n a Champs-\u00c9lys\u00e9es-n b\u00e1rkit az \u00e9gbe emelhet.<\/p>\n<p>Nincs m\u00e9g egy olyan orsz\u00e1g\u00fati verseny, mint a Tour.<\/p>\n<p>A 2023-as Tour j\u00falius 1-j\u00e9n kezd\u0151dik Bilba\u00f3ban, \u00e9s j\u00falius 23-\u00e1n \u00e9r v\u00e9get P\u00e1rizsban.<\/p>\n<p>\u00cdme \u00f6t t\u00f6rt\u00e9net, ami miatt k\u00fcl\u00f6n\u00f6sen izgalmasnak \u00edg\u00e9rkezik:<\/p>\n<h2><strong>1. A nagy Poga\u010dar-k\u00e9rd\u00e9s: Melyik verzi\u00f3j\u00e1t l\u00e1tjuk?<\/strong><\/h2>\n<figure id=\"attachment_17473\" aria-describedby=\"caption-attachment-17473\" style=\"width: 1024px\" class=\"wp-caption alignnone\"><img loading=\"lazy\" decoding=\"async\" class=\"size-full wp-image-17473\" src=\"https:\/\/d2p6e6u75xmxt8.cloudfront.net\/12\/2023\/06\/GettyImages-1251984975.webp\" alt=\"\" width=\"1024\" height=\"683\" srcset=\"https:\/\/d2p6e6u75xmxt8.cloudfront.net\/12\/2023\/06\/GettyImages-1251984975.webp 1024w, https:\/\/d2p6e6u75xmxt8.cloudfront.net\/12\/2023\/06\/GettyImages-1251984975-300x200.webp 300w, https:\/\/d2p6e6u75xmxt8.cloudfront.net\/12\/2023\/06\/GettyImages-1251984975-768x512.webp 768w, https:\/\/d2p6e6u75xmxt8.cloudfront.net\/12\/2023\/06\/GettyImages-1251984975-400x267.webp 400w, https:\/\/d2p6e6u75xmxt8.cloudfront.net\/12\/2023\/06\/GettyImages-1251984975-272x182.webp 272w\" sizes=\"auto, (max-width: 1024px) 100vw, 1024px\" \/><figcaption id=\"caption-attachment-17473\" class=\"wp-caption-text\">Poga\u010dar verhetetlen volt ebben a szezonban, am\u00edg egy s\u00e9r\u00fcl\u00e9s ker\u00e9kbe nem t\u00f6rte tavaszi sz\u00e9ri\u00e1j\u00e1t. (Fot\u00f3: DAVID PINTENS\/Belga\/AFP via Getty Images)<\/figcaption><\/figure>\n<p>\u00dagy t\u0171nik, mintha az UAE Team Emirates csapata is r\u00e9szt vett volna az \u00fatvonal tervez\u00e9s\u00e9ben. Ppap\u00edron legal\u00e1bbis igencsak ide\u00e1lis a k\u00e9tszeres gy\u0151ztes sz\u00e1m\u00e1ra.<\/p>\n<p>M\u00e9gis, egy h\u00f3nappal a Tour el\u0151tt komoly k\u00e9rd\u0151jelek vannak afel\u0151l, hogy melyik verzi\u00f3ja fog megjelenni Poga\u010darnak a baszkf\u00f6ldi spanyol szakaszon. Majdnem biztos, hogy Poga\u010dar versenyezni fog, de k\u00e9ts\u00e9gek mer\u00fclnek fel mind a t\u00f6r\u00f6tt keze \u00e9s csukl\u00f3ja, amit a Li\u00e8ge-Bastogne-Li\u00e8ge-n szerzett,, mind pedig az \u00e1ltal\u00e1nos fizikai \u00e1llapot\u00e1ra vonatkoz\u00f3an.<\/p>\n<p>Poga\u010dar visszat\u00e9rt m\u00e1r az edz\u00e9sekre, \u00e9s a csapat edz\u0151i Jim Cottonnak, a Velo \u00fajs\u00e1g\u00edr\u00f3j\u00e1nak elmondt\u00e1k, hogy sz\u00e1m\u00edtanak arra, hogy a mind\u00f6ssze 24 \u00e9ves szlov\u00e9n k\u00e9pes lesz fel\u00e9p\u00fclni a s\u00e9r\u00fcl\u00e9sb\u0151l.<\/p>\n<p>A legnagyobb k\u00e9rd\u0151jel az, hogy k\u00e9pes-e elviselni a versenyz\u00e9s kem\u00e9ny terhel\u00e9s\u00e9t. Az orvosok \u00f3vatosak lesznek, hogy Poga\u010dar ne ker\u00fclj\u00f6n vesz\u00e9lybe, de a meredek \u00e9s g\u00f6r\u00f6ngy\u00f6s baszkf\u00f6ldi dombvid\u00e9k messze nem ide\u00e1lis m\u00f3dja annak, hogy \u00fajra versenyezni kezdjen. A korm\u00e1nyz\u00e1s, m\u00e1sz\u00e1s, ereszked\u00e9s \u00e9s f\u00e9kez\u00e9s hatalmas nyom\u00e1st gyakorolnak a k\u00e9zre \u00e9s a csukl\u00f3ra, az els\u0151 neh\u00e9z hetekben hamar kider\u00fcl majd, hogy Poga\u010dar es\u00e9lyes tud-e maradni a versenyen.<\/p>\n<p>Tal\u00e1n kev\u00e9sb\u00e9, de m\u00e9gis aggaszt\u00f3 a versenyz\u0151 \u00e1ltal\u00e1nos fizikai form\u00e1ja. B\u00e1r soha nem \u00e1ll t\u00e1vol \u00f6nmaga legjobb verzi\u00f3j\u00e1t\u00f3l, \u00e9s a s\u00e9r\u00fcl\u00e9s miatti k\u00e9nyszer\u0171 edz\u00e9ssz\u00fcnet \u00e9pp akkor k\u00f6vetkezett be, amikor egy\u00e9bk\u00e9nt is kicsit pihenni tervezett, b\u00e1rmilyen s\u00e9r\u00fcl\u00e9snek lehetnek el\u0151re nem l\u00e1that\u00f3 k\u00f6vetkezm\u00e9nyei.<\/p>\n<p>Egy vagy k\u00e9t sz\u00e1zal\u00e9kpontos hi\u00e1ny a cs\u00facsform\u00e1t\u00f3l gyakran a gy\u0151zelem \u00e9s a top 5 k\u00f6z\u00f6tti k\u00fcl\u00f6nbs\u00e9g lehet. Az er\u0151sen hegyes p\u00e1lya emellett el\u0151nyt jelent Jonas Vingegaardnak.<\/p>\n<p>Poga\u010dar ismeretlenbe veti mag\u00e1t ezen a Touron. Eddig szerencs\u00e9re soha nem szenvedett komoly s\u00e9r\u00fcl\u00e9st, \u00e9s senki sem tudja, milyen lesz a visszat\u00e9r\u00e9s. Az elv\u00e1r\u00e1sok nem is lehetn\u00e9nek magasabbak.<\/p>\n<h2><strong>2. Az utols\u00f3 t\u00e1nc<\/strong><\/h2>\n<figure id=\"attachment_17474\" aria-describedby=\"caption-attachment-17474\" style=\"width: 1024px\" class=\"wp-caption alignnone\"><img loading=\"lazy\" decoding=\"async\" class=\"size-full wp-image-17474\" src=\"https:\/\/d2p6e6u75xmxt8.cloudfront.net\/12\/2023\/06\/GettyImages-1480951466.webp\" alt=\"\" width=\"1024\" height=\"683\" srcset=\"https:\/\/d2p6e6u75xmxt8.cloudfront.net\/12\/2023\/06\/GettyImages-1480951466.webp 1024w, https:\/\/d2p6e6u75xmxt8.cloudfront.net\/12\/2023\/06\/GettyImages-1480951466-300x200.webp 300w, https:\/\/d2p6e6u75xmxt8.cloudfront.net\/12\/2023\/06\/GettyImages-1480951466-768x512.webp 768w, https:\/\/d2p6e6u75xmxt8.cloudfront.net\/12\/2023\/06\/GettyImages-1480951466-400x267.webp 400w, https:\/\/d2p6e6u75xmxt8.cloudfront.net\/12\/2023\/06\/GettyImages-1480951466-272x182.webp 272w\" sizes=\"auto, (max-width: 1024px) 100vw, 1024px\" \/><figcaption id=\"caption-attachment-17474\" class=\"wp-caption-text\">Ez a szezon hossz\u00fa b\u00facs\u00fa Peter Sagan sz\u00e1m\u00e1ra. (Fot\u00f3: Tim de Waele\/Getty Images)<\/figcaption><\/figure>\n<p>A mez\u0151ny n\u00e9h\u00e1ny legnagyobb neve utolj\u00e1ra indul a\u00a0 Grand Tour versenyen, \u00edgy egy h\u00e1rom h\u00e9tig tart\u00f3 felvonul\u00e1ss\u00e1 v\u00e1lik azok sz\u00e1m\u00e1ra, akik egy eg\u00e9sz gener\u00e1ci\u00f3 z\u00e1szl\u00f3shaj\u00f3i voltak.<\/p>\n<p>Peter Sagan, Mark Cavendish \u00e9s Thibaut Pinot mind v\u00e1rhat\u00f3an utols\u00f3 Tour-jukat fogj\u00e1k teljes\u00edteni id\u00e9n. Mindh\u00e1rman k\u00f6zponti szerepl\u0151i voltak a Tour-nak az elm\u00falt \u00e9vtizedben vagy m\u00e9g ann\u00e1l is t\u00f6bb ideje.<\/p>\n<p>Mindannyian egy utols\u00f3 nagy siker\u00e9rt fognak k\u00fczdeni a ker\u00e9kp\u00e1rsport legnagyobb sz\u00ednpad\u00e1n.<\/p>\n<p>Term\u00e9szetesen Cavendish az\u00e9rt versenyez, hogy bevonuljon a t\u00f6rt\u00e9nelembe. Eddy Merckx-szel azonos sz\u00e1m\u00fa, 34 szakaszgy\u0151zelemn\u00e9l j\u00e1r, \u00e9s a 38 \u00e9ves sprinternek egyetlen szakaszgy\u0151zelemre van sz\u00fcks\u00e9ge, hogy be\u00e1ll\u00edtsa minden id\u0151k legmagasabb rekordj\u00e1t. Merckx term\u00e9szetesen hegyi szakaszokat, id\u0151futamokat \u00e9s rekordot d\u00f6nt\u0151 \u00f6t s\u00e1rga trik\u00f3t is nyert, m\u00e9gis, Cavendish eredm\u00e9nyei, m\u00e9g ha minden Tour-gy\u0151zelme csapatsprintekben is sz\u00fcletett, nem hagyhat\u00f3k figyelmen k\u00edv\u00fcl.<\/p>\n<p>Cavendish gy\u0151zelme a Giro d&#8217;Itali\u00e1n m\u00falt h\u00f3napban el\u0151zetes \u00edzel\u00edt\u0151je annak, amivel val\u00f3sz\u00edn\u0171leg a Tour de France sor\u00e1n szembe kell n\u00e9znie. A Giro sor\u00e1n szabadon kellett dolgoznia a sprintekben, \u00e9s m\u00e9g kor\u00e1bbi csapatt\u00e1rsa, Geraint Thomas is seg\u00edtett neki az Ineos Grenadiers csapat\u00e1b\u00f3l, hogy \u0151 \u00e9rjen be els\u0151k\u00e9nt R\u00f3m\u00e1ban a Giro utols\u00f3 szakasz\u00e1n. Cavendishnak neh\u00e9z dolga lesz, de abban mind egyet\u00e9rthet\u00fcnk, hogy nagy es\u00e9lye van arra, hogy sikerrel j\u00e1r.<\/p>\n<p>Sagan szint\u00e9n az utols\u00f3 Tour-j\u00e1nak utols\u00f3 nagy siker\u00e9t fogja keresni. A szlov\u00e1kiai versenyz\u0151 volt a gener\u00e1ci\u00f3ja szuperszt\u00e1rja, de betegs\u00e9gek \u00e9s s\u00e9r\u00fcl\u00e9sek sorozata miatt 2020 \u00f3ta nem szerzett szakaszgy\u0151zelmet a Tour-on. Sagan b\u00fcszke term\u00e9szet\u00e9b\u0151l ad\u00f3d\u00f3an a dics\u0151s\u00e9g\u00e9rt fog versenyezni.<\/p>\n<p>M\u00e1s nagy nevek m\u00e9g, akik az utols\u00f3 Tour-jukat teljes\u00edtik, Greg Van Avermaet (Ag2r-Citro\u00ebn) \u00e9s val\u00f3sz\u00edn\u0171leg Thibaut Pinot (Groupama-FDJ). A francia hegym\u00e1sz\u00f3 nem tudott szakaszt nyerni a Gir\u00f3n, de hazavitte a legjobb hegyimen\u0151 trik\u00f3j\u00e1t.<\/p>\n<p><img loading=\"lazy\" decoding=\"async\" class=\"alignnone size-large wp-image-17475\" src=\"https:\/\/d2p6e6u75xmxt8.cloudfront.net\/12\/2023\/06\/TDF23_VISUEL-OFF_PARCOURS_A3_VER-1200x1697-1-724x1024.webp\" alt=\"\" width=\"724\" height=\"1024\" srcset=\"https:\/\/d2p6e6u75xmxt8.cloudfront.net\/12\/2023\/06\/TDF23_VISUEL-OFF_PARCOURS_A3_VER-1200x1697-1-724x1024.webp 724w, https:\/\/d2p6e6u75xmxt8.cloudfront.net\/12\/2023\/06\/TDF23_VISUEL-OFF_PARCOURS_A3_VER-1200x1697-1-212x300.webp 212w, https:\/\/d2p6e6u75xmxt8.cloudfront.net\/12\/2023\/06\/TDF23_VISUEL-OFF_PARCOURS_A3_VER-1200x1697-1-768x1086.webp 768w, https:\/\/d2p6e6u75xmxt8.cloudfront.net\/12\/2023\/06\/TDF23_VISUEL-OFF_PARCOURS_A3_VER-1200x1697-1-1086x1536.webp 1086w, https:\/\/d2p6e6u75xmxt8.cloudfront.net\/12\/2023\/06\/TDF23_VISUEL-OFF_PARCOURS_A3_VER-1200x1697-1-283x400.webp 283w, https:\/\/d2p6e6u75xmxt8.cloudfront.net\/12\/2023\/06\/TDF23_VISUEL-OFF_PARCOURS_A3_VER-1200x1697-1.webp 1200w\" sizes=\"auto, (max-width: 724px) 100vw, 724px\" \/><\/p>\n<h2><strong>3. A legnehezebb nyit\u00f3nap valaha<\/strong><\/h2>\n<p>Az az igazs\u00e1g, hogy id\u00e9n a sprintereknek m\u00e9g a legkisebb es\u00e9ly\u00fck sem lesz arra, hogy megszerezz\u00e9k az els\u0151 s\u00e1rga trik\u00f3t 2023-ban.<\/p>\n<p>A 182 km-es nyit\u00f3szakasz Bilbao k\u00f6rny\u00e9k\u00e9n tal\u00e1lhat\u00f3 meredek emelked\u0151k\u00f6n vezet fel \u00e9s le, \u00e9s ez a legnehezebb nyit\u00f3szakasz, amellyel a Tour de France mez\u0151nye valaha szembes\u00fclt.<\/p>\n<p>Az \u00e9lm\u00e9nyd\u00fas szakasz \u00f6t hivatalosan besorolt emelked\u0151t tartalmaz, \u00e9s alig tal\u00e1lhat\u00f3 lapos \u00fatszakasz benne. Az etap egy emelked\u0151vel kezd\u0151dik az els\u0151 15 km-en, \u00e9s m\u00e9g h\u00e1rom tov\u00e1bbi ut\u00e1n, el\u00e9ri a d\u00f6nt\u0151 C\u00f4te de Pike-ot, k\u00f6r\u00fclbel\u00fcl 10 km-rel a c\u00e9l el\u0151tt pedig a cs\u00facsot. Az emelked\u0151 k\u00f6r\u00fclbel\u00fcl 2000 m hossz\u00fa, \u00e9s \u00e1tlagosan 10 sz\u00e1zal\u00e9kos meredeks\u00e9ggel rendelkezik. Jelent\u0151sen meg fogja osztani a mez\u0151nyt.<\/p>\n<p>A p\u00e1lya olyan versenyz\u0151knek kedvez, akik el\u00e9g robban\u00e9konyak ahhoz, hogy emelked\u0151n t\u00e1madjanak, \u00e9s maradj annyi erej\u00fck, hogy sprinteljenek.<\/p>\n<p>A nyit\u00f3 h\u00e9tv\u00e9ge jelent\u0151s k\u00fcl\u00f6nbs\u00e9geket hozhat a verseny \u00f6sszetettj\u00e9ben m\u00e9g a francia ter\u00fcletre val\u00f3 visszat\u00e9r\u00e9s el\u0151tt.<\/p>\n<h2><strong>4. \u00c9szak-amerikai felt\u00f6rekv\u0151k: Powless \u00e9s Jorgenson a figyelem k\u00f6z\u00e9ppontj\u00e1ban<\/strong><\/h2>\n<figure id=\"attachment_17476\" aria-describedby=\"caption-attachment-17476\" style=\"width: 1024px\" class=\"wp-caption alignnone\"><img loading=\"lazy\" decoding=\"async\" class=\"size-full wp-image-17476\" src=\"https:\/\/d2p6e6u75xmxt8.cloudfront.net\/12\/2023\/06\/GettyImages-1472746924.webp\" alt=\"\" width=\"1024\" height=\"683\" srcset=\"https:\/\/d2p6e6u75xmxt8.cloudfront.net\/12\/2023\/06\/GettyImages-1472746924.webp 1024w, https:\/\/d2p6e6u75xmxt8.cloudfront.net\/12\/2023\/06\/GettyImages-1472746924-300x200.webp 300w, https:\/\/d2p6e6u75xmxt8.cloudfront.net\/12\/2023\/06\/GettyImages-1472746924-768x512.webp 768w, https:\/\/d2p6e6u75xmxt8.cloudfront.net\/12\/2023\/06\/GettyImages-1472746924-400x267.webp 400w, https:\/\/d2p6e6u75xmxt8.cloudfront.net\/12\/2023\/06\/GettyImages-1472746924-272x182.webp 272w\" sizes=\"auto, (max-width: 1024px) 100vw, 1024px\" \/><figcaption id=\"caption-attachment-17476\" class=\"wp-caption-text\">Matteo Jorgenson m\u00e1sodik alkalommal t\u00e9r vissza a Tour de France-ra, \u00e9s elsz\u00e1ntan szakaszgy\u0151zelemre t\u00f6rekszik. (Fot\u00f3: Alex Broadway\/Getty Images)<\/figcaption><\/figure>\n<p>Az \u00e9szak-amerikai versenyz\u0151k kiemelked\u0151 szerepet fognak j\u00e1tszani ezen a Tour de France-on, sz\u00e1mos h\u00edres n\u00e9v v\u00e1rhat\u00f3, akik azzal az amb\u00edci\u00f3val t\u00e9rnek vissza, hogy gy\u0151zedelmeskedjenek.<\/p>\n<p>Mike Woods \u00e9s a szakaszgy\u0151ztes Hugo Houle Kanad\u00e1\u00e9rt indulnak az Israel-Premier Tech csapat\u00e1val, \u00e9s egy \u00fajabb szakaszgy\u0151zelem lesz a legf\u0151bb c\u00e9ljuk.<\/p>\n<p>Az amerikai versenyz\u0151k sz\u00e1ma egy h\u00f3nappal a verseny el\u0151tt m\u00e9g nincs meger\u0151s\u00edtve, de v\u00e1rhat\u00f3an Neilson Powless (EF Education-EasyPost) \u00e9s Matteo Jorgenson (Movistar) lesznek a f\u0151szerepl\u0151k.<\/p>\n<p>Mindketten \u00e1tt\u00f6r\u0151 szakaszgy\u0151zelmet fognak hajszolni. Mindketten k\u00f6zel j\u00e1rtak hozz\u00e1 tavaly is. Powless m\u00e9rlegelni fogja az \u00f6sszetettben val\u00f3 es\u00e9lyeit, \u00e9s a legjobb 10-ben szeretne maradni az utols\u00f3 h\u00e9ten. Jorgenson, aki 2022-ben h\u00e1rom sz\u00f6k\u00e9sben is benne volt, mindent egy szakaszgy\u0151zelemre tesz fel.<\/p>\n<p>Egy\u00e9b val\u00f3sz\u00edn\u0171 indul\u00f3k k\u00f6z\u00e9 tartozhat Lawson Craddock (Jayco-AlUla), aki Simon Yates \u00e9s a csapat sprintereinek szolg\u00e1lat\u00e1ban lesz, valamint Sepp Kuss (Jumbo-Visma), aki a Giro-n Primo\u017e Rogli\u010d seg\u00edts\u00e9g\u00e9re volt, Quinn Simmons (Trek-Segafredo), \u00e9s tal\u00e1n Joe Dombrowski (Astana-Qazaqstan) \u00e9s Brandon McNulty (UAE Team Emirates), akik szint\u00e9n r\u00e9szt vettek a Giro-n. Magnus Sheffield is lehet\u0151s\u00e9get kaphat a Tour-deb\u00fct\u00e1l\u00e1sra az Ineos Grenadiers csapat\u00e1ban.<\/p>\n<p>Kuss 2021-ben az utols\u00f3 amerikai szakaszgy\u0151ztes volt a Tour de France-on. A jelenlegi gener\u00e1ci\u00f3 azonban folytathatja v\u00e9gre a megszakadt sort.<\/p>\n<h2><strong>5. A k\u00edv\u00fcl\u00e1ll\u00f3k \u00e9ve: Lehet valaki meglepet\u00e9st okoz?<\/strong><\/h2>\n<figure id=\"attachment_17477\" aria-describedby=\"caption-attachment-17477\" style=\"width: 1024px\" class=\"wp-caption alignnone\"><img loading=\"lazy\" decoding=\"async\" class=\"size-full wp-image-17477\" src=\"https:\/\/d2p6e6u75xmxt8.cloudfront.net\/12\/2023\/06\/GettyImages-1479665491.webp\" alt=\"\" width=\"1024\" height=\"683\" srcset=\"https:\/\/d2p6e6u75xmxt8.cloudfront.net\/12\/2023\/06\/GettyImages-1479665491.webp 1024w, https:\/\/d2p6e6u75xmxt8.cloudfront.net\/12\/2023\/06\/GettyImages-1479665491-300x200.webp 300w, https:\/\/d2p6e6u75xmxt8.cloudfront.net\/12\/2023\/06\/GettyImages-1479665491-768x512.webp 768w, https:\/\/d2p6e6u75xmxt8.cloudfront.net\/12\/2023\/06\/GettyImages-1479665491-400x267.webp 400w, https:\/\/d2p6e6u75xmxt8.cloudfront.net\/12\/2023\/06\/GettyImages-1479665491-272x182.webp 272w\" sizes=\"auto, (max-width: 1024px) 100vw, 1024px\" \/><figcaption id=\"caption-attachment-17477\" class=\"wp-caption-text\">Vajon Carapaz el\u0151rukkolhat egy kis meglepet\u00e9ssel? Szerencs\u00e9re lesz sz\u00fcks\u00e9ge ahhoz, hogy minden az \u0151 jav\u00e1ra forduljon. (Fot\u00f3: David Ramos\/Getty Images)<\/figcaption><\/figure>\n<p>Pap\u00edron \u00fagy t\u0171nik, hogy ez a Tour de France ism\u00e9t a Vingegaard-Poga\u010dar \u00f6sszecsap\u00e1s\u00e1t hozza, hasonl\u00f3an a 2022-es \u00e9vhez.<\/p>\n<p>Els\u0151 pillant\u00e1sra nagyon val\u00f3sz\u00edn\u0171, hogy a p\u00e1ros uralni fogja a versenyt a s\u00e1rga trik\u00f3\u00e9rt.<\/p>\n<p>Poga\u010dar \u00fagy t\u0171nt, hogy sorra szerzi majd a s\u00e1rga mezeket, m\u00edgnem leny\u0171g\u00f6z\u0151 veres\u00e9get szenvedett tavaly a Jumbo-Visma \u00e1ltal v\u00e9grehajtott hatalmi j\u00e1t\u00e9k sor\u00e1n a Col du Galibieron.<\/p>\n<p>Poga\u010dar az\u00f3ta bossz\u00fahadj\u00e1ratot folytat, de a Li\u00e8ge-i balesete \u00e9s az azt k\u00f6vet\u0151 s\u00e9r\u00fcl\u00e9s megnehez\u00edtheti a dolg\u00e1t.<\/p>\n<p>Ez a Tour Vingegaard sz\u00e1m\u00e1ra is fontos. Minden els\u0151 alkalommal gy\u0151ztes versenyz\u0151 sz\u00e1m\u00e1ra elker\u00fclhetetlen a nyom\u00e1s a c\u00edm megv\u00e9d\u00e9s\u00e9re, \u00e9s a rendk\u00edv\u00fcl er\u0151s Jumbo-Visma csapat t\u00e1mogat\u00e1s\u00e1val a c\u00e9ltudatos d\u00e1n a verseny el\u0151zetes favoritjak\u00e9nt rajtol.<\/p>\n<p>A p\u00e1roson k\u00edv\u00fcl szinte senki sem rendelkezik val\u00f3di Tour de France-eredm\u00e9nyekkel.<\/p>\n<p>Az egyetlen m\u00e1sik kor\u00e1bbi gy\u0151ztes, aki indul id\u00e9n, Chris Froome \u00e9s Egan Bernal lehet. Froome legjobb napjai m\u00e1r elm\u00faltak, m\u00edg Bernal m\u00e9g mindig k\u00fczd s\u00falyos baleset\u00e9nek k\u00f6vetkezm\u00e9nyeivel, \u00e9s k\u00e9rd\u00e9ses, hogy elindul-e a versenyen. \u00c9s ha mindketten el is indulnak, akkor sem v\u00e1rhat\u00f3, hogy a s\u00e1rg\u00e1\u00e9rt versenyezzenek.<\/p>\n<p>Az er\u0151sen hegyes profil\u00fa p\u00e1lya azonban lehet\u0151s\u00e9get teremthet egy meglepet\u00e9s gy\u0151ztes sz\u00e1m\u00e1ra. A Tour t\u00f6rt\u00e9nelme tele van egyszeri gy\u0151ztesekkel.<\/p>\n<p><em>Forr\u00e1s: <\/em><a href=\"https:\/\/velo.outsideonline.com\/road\/road-racing\/tour-de-france\/30-days-to-the-tour-de-france-why-this-years-race-could-be-one-for-the-ages\/\"><em>velo.outsideonline.com<\/em><\/a><\/p>\n","protected":false},"excerpt":{"rendered":"<p>Poga\u010dar kontra Vingegaard, Cavendish Merckx-i kih\u00edv\u00e1sa, Sagan hossz\u00fa b\u00facs\u00faja, amerikai szakaszharcosok: \u00f6t t\u00f6rt\u00e9net, ami kiemelked\u0151v\u00e9 teszi a 2023-as Tour-t.<\/p>\n","protected":false},"author":71,"featured_media":17472,"comment_status":"open","ping_status":"open","sticky":false,"template":"","format":"standard","meta":{"footnotes":""},"categories":[8],"tags":[],"global-categories":[],"class_list":["post-17471","post","type-post","status-publish","format-standard","has-post-thumbnail","hentry","category-orszaguti-kerekpar"],"yoast_head":"<!-- This site is optimized with the Yoast SEO Premium plugin v25.3 (Yoast SEO v25.9) - https:\/\/yoast.com\/wordpress\/plugins\/seo\/ -->\n<title>Mit\u0151l lesz az idei Tour de France igaz\u00e1n izgalmas?<\/title>\n<meta name=\"description\" content=\"Poga\u010dar kontra Vingegaard, Cavendish Merckx-i kih\u00edv\u00e1sa, Sagan hossz\u00fa b\u00facs\u00faja, amerikai szakaszharcosok: \u00f6t t\u00f6rt\u00e9net, ami kiemelked\u0151v\u00e9 teszi a 2023-as Tour-t.\" \/>\n<meta name=\"robots\" content=\"index, follow, max-snippet:-1, max-image-preview:large, max-video-preview:-1\" \/>\n<link rel=\"canonical\" href=\"https:\/\/www.welovecycling.com\/hu\/orszaguti-kerekpar\/mitol-lesz-az-idei-tour-de-france-igazan-izgalmas\/\" \/>\n<meta property=\"og:locale\" content=\"hu_HU\" \/>\n<meta property=\"og:type\" content=\"article\" \/>\n<meta property=\"og:title\" content=\"Mit\u0151l lesz az idei Tour de France igaz\u00e1n izgalmas?\" \/>\n<meta property=\"og:description\" content=\"Poga\u010dar kontra Vingegaard, Cavendish Merckx-i kih\u00edv\u00e1sa, Sagan hossz\u00fa b\u00facs\u00faja, amerikai szakaszharcosok: \u00f6t t\u00f6rt\u00e9net, ami kiemelked\u0151v\u00e9 teszi a 2023-as Tour-t.\" \/>\n<meta property=\"og:url\" content=\"https:\/\/www.welovecycling.com\/hu\/orszaguti-kerekpar\/mitol-lesz-az-idei-tour-de-france-igazan-izgalmas\/\" \/>\n<meta property=\"og:site_name\" content=\"\u0160koda We Love Cycling - Magyarorsz\u00e1g\" \/>\n<meta property=\"article:publisher\" content=\"https:\/\/www.facebook.com\/WeLoveCyclingHungary\/\" \/>\n<meta property=\"article:published_time\" content=\"2023-06-10T06:00:56+00:00\" \/>\n<meta property=\"og:image\" content=\"https:\/\/d2p6e6u75xmxt8.cloudfront.net\/12\/2023\/06\/rob-wingate-2Qf2_k0Q5T0-unsplash.webp\" \/>\n\t<meta property=\"og:image:width\" content=\"1920\" \/>\n\t<meta property=\"og:image:height\" content=\"1317\" \/>\n\t<meta property=\"og:image:type\" content=\"image\/webp\" \/>\n<meta name=\"author\" content=\"hegyizs\" \/>\n<meta name=\"twitter:card\" content=\"summary_large_image\" \/>\n<meta name=\"twitter:label1\" content=\"Written by\" \/>\n\t<meta name=\"twitter:data1\" content=\"WLC\" \/>\n\t<meta name=\"twitter:label2\" content=\"Est. reading time\" \/>\n\t<meta name=\"twitter:data2\" content=\"9 minutes\" \/>\n<script type=\"application\/ld+json\" class=\"yoast-schema-graph\">{\"@context\":\"https:\/\/schema.org\",\"@graph\":[{\"@type\":\"WebPage\",\"@id\":\"https:\/\/www.welovecycling.com\/hu\/orszaguti-kerekpar\/mitol-lesz-az-idei-tour-de-france-igazan-izgalmas\/\",\"url\":\"https:\/\/www.welovecycling.com\/hu\/orszaguti-kerekpar\/mitol-lesz-az-idei-tour-de-france-igazan-izgalmas\/\",\"name\":\"Mit\u0151l lesz az idei Tour de France igaz\u00e1n izgalmas?\",\"isPartOf\":{\"@id\":\"https:\/\/www.welovecycling.com\/hu\/#website\"},\"primaryImageOfPage\":{\"@id\":\"https:\/\/www.welovecycling.com\/hu\/orszaguti-kerekpar\/mitol-lesz-az-idei-tour-de-france-igazan-izgalmas\/#primaryimage\"},\"image\":{\"@id\":\"https:\/\/www.welovecycling.com\/hu\/orszaguti-kerekpar\/mitol-lesz-az-idei-tour-de-france-igazan-izgalmas\/#primaryimage\"},\"thumbnailUrl\":\"https:\/\/d2p6e6u75xmxt8.cloudfront.net\/12\/2023\/06\/rob-wingate-2Qf2_k0Q5T0-unsplash.webp\",\"datePublished\":\"2023-06-10T06:00:56+00:00\",\"author\":{\"@id\":\"https:\/\/www.welovecycling.com\/hu\/#\/schema\/person\/414a2aebf1801691a5320edb6468e194\"},\"description\":\"Poga\u010dar kontra Vingegaard, Cavendish Merckx-i kih\u00edv\u00e1sa, Sagan hossz\u00fa b\u00facs\u00faja, amerikai szakaszharcosok: \u00f6t t\u00f6rt\u00e9net, ami kiemelked\u0151v\u00e9 teszi a 2023-as Tour-t.\",\"breadcrumb\":{\"@id\":\"https:\/\/www.welovecycling.com\/hu\/orszaguti-kerekpar\/mitol-lesz-az-idei-tour-de-france-igazan-izgalmas\/#breadcrumb\"},\"inLanguage\":\"hu\",\"potentialAction\":[{\"@type\":\"ReadAction\",\"target\":[\"https:\/\/www.welovecycling.com\/hu\/orszaguti-kerekpar\/mitol-lesz-az-idei-tour-de-france-igazan-izgalmas\/\"]}]},{\"@type\":\"ImageObject\",\"inLanguage\":\"hu\",\"@id\":\"https:\/\/www.welovecycling.com\/hu\/orszaguti-kerekpar\/mitol-lesz-az-idei-tour-de-france-igazan-izgalmas\/#primaryimage\",\"url\":\"https:\/\/d2p6e6u75xmxt8.cloudfront.net\/12\/2023\/06\/rob-wingate-2Qf2_k0Q5T0-unsplash.webp\",\"contentUrl\":\"https:\/\/d2p6e6u75xmxt8.cloudfront.net\/12\/2023\/06\/rob-wingate-2Qf2_k0Q5T0-unsplash.webp\",\"width\":1920,\"height\":1317},{\"@type\":\"BreadcrumbList\",\"@id\":\"https:\/\/www.welovecycling.com\/hu\/orszaguti-kerekpar\/mitol-lesz-az-idei-tour-de-france-igazan-izgalmas\/#breadcrumb\",\"itemListElement\":[{\"@type\":\"ListItem\",\"position\":1,\"name\":\"Home\",\"item\":\"https:\/\/www.welovecycling.com\/hu\/\"},{\"@type\":\"ListItem\",\"position\":2,\"name\":\"Mit\u0151l lesz az idei Tour de France igaz\u00e1n izgalmas?\"}]},{\"@type\":\"WebSite\",\"@id\":\"https:\/\/www.welovecycling.com\/hu\/#website\",\"url\":\"https:\/\/www.welovecycling.com\/hu\/\",\"name\":\"\u0160koda We Love Cycling - Magyarorsz\u00e1g\",\"description\":\"\u0160koda WeLoveCycling\",\"potentialAction\":[{\"@type\":\"SearchAction\",\"target\":{\"@type\":\"EntryPoint\",\"urlTemplate\":\"https:\/\/www.welovecycling.com\/hu\/?s={search_term_string}\"},\"query-input\":{\"@type\":\"PropertyValueSpecification\",\"valueRequired\":true,\"valueName\":\"search_term_string\"}}],\"inLanguage\":\"hu\"},{\"@type\":\"Person\",\"@id\":\"https:\/\/www.welovecycling.com\/hu\/#\/schema\/person\/414a2aebf1801691a5320edb6468e194\",\"name\":\"hegyizs\",\"image\":{\"@type\":\"ImageObject\",\"inLanguage\":\"hu\",\"@id\":\"https:\/\/www.welovecycling.com\/hu\/#\/schema\/person\/image\/\",\"url\":\"https:\/\/secure.gravatar.com\/avatar\/02cf8a7906b8cf90cecb4679defac7cfd33a1c2e3b88e4903d947f3bb58eedd3?s=96&d=mm&r=g\",\"contentUrl\":\"https:\/\/secure.gravatar.com\/avatar\/02cf8a7906b8cf90cecb4679defac7cfd33a1c2e3b88e4903d947f3bb58eedd3?s=96&d=mm&r=g\",\"caption\":\"hegyizs\"},\"url\":\"https:\/\/www.welovecycling.com\/hu\/author\/hegyizs\/\"}]}<\/script>\n<!-- \/ Yoast SEO Premium plugin. -->","yoast_head_json":{"title":"Mit\u0151l lesz az idei Tour de France igaz\u00e1n izgalmas?","description":"Poga\u010dar kontra Vingegaard, Cavendish Merckx-i kih\u00edv\u00e1sa, Sagan hossz\u00fa b\u00facs\u00faja, amerikai szakaszharcosok: \u00f6t t\u00f6rt\u00e9net, ami kiemelked\u0151v\u00e9 teszi a 2023-as Tour-t.","robots":{"index":"index","follow":"follow","max-snippet":"max-snippet:-1","max-image-preview":"max-image-preview:large","max-video-preview":"max-video-preview:-1"},"canonical":"https:\/\/www.welovecycling.com\/hu\/orszaguti-kerekpar\/mitol-lesz-az-idei-tour-de-france-igazan-izgalmas\/","og_locale":"hu_HU","og_type":"article","og_title":"Mit\u0151l lesz az idei Tour de France igaz\u00e1n izgalmas?","og_description":"Poga\u010dar kontra Vingegaard, Cavendish Merckx-i kih\u00edv\u00e1sa, Sagan hossz\u00fa b\u00facs\u00faja, amerikai szakaszharcosok: \u00f6t t\u00f6rt\u00e9net, ami kiemelked\u0151v\u00e9 teszi a 2023-as Tour-t.","og_url":"https:\/\/www.welovecycling.com\/hu\/orszaguti-kerekpar\/mitol-lesz-az-idei-tour-de-france-igazan-izgalmas\/","og_site_name":"\u0160koda We Love Cycling - Magyarorsz\u00e1g","article_publisher":"https:\/\/www.facebook.com\/WeLoveCyclingHungary\/","article_published_time":"2023-06-10T06:00:56+00:00","og_image":[{"width":1920,"height":1317,"url":"https:\/\/d2p6e6u75xmxt8.cloudfront.net\/12\/2023\/06\/rob-wingate-2Qf2_k0Q5T0-unsplash.webp","type":"image\/webp"}],"author":"hegyizs","twitter_card":"summary_large_image","twitter_misc":{"Written by":"WLC","Est. reading time":"9 minutes"},"schema":{"@context":"https:\/\/schema.org","@graph":[{"@type":"WebPage","@id":"https:\/\/www.welovecycling.com\/hu\/orszaguti-kerekpar\/mitol-lesz-az-idei-tour-de-france-igazan-izgalmas\/","url":"https:\/\/www.welovecycling.com\/hu\/orszaguti-kerekpar\/mitol-lesz-az-idei-tour-de-france-igazan-izgalmas\/","name":"Mit\u0151l lesz az idei Tour de France igaz\u00e1n izgalmas?","isPartOf":{"@id":"https:\/\/www.welovecycling.com\/hu\/#website"},"primaryImageOfPage":{"@id":"https:\/\/www.welovecycling.com\/hu\/orszaguti-kerekpar\/mitol-lesz-az-idei-tour-de-france-igazan-izgalmas\/#primaryimage"},"image":{"@id":"https:\/\/www.welovecycling.com\/hu\/orszaguti-kerekpar\/mitol-lesz-az-idei-tour-de-france-igazan-izgalmas\/#primaryimage"},"thumbnailUrl":"https:\/\/d2p6e6u75xmxt8.cloudfront.net\/12\/2023\/06\/rob-wingate-2Qf2_k0Q5T0-unsplash.webp","datePublished":"2023-06-10T06:00:56+00:00","author":{"@id":"https:\/\/www.welovecycling.com\/hu\/#\/schema\/person\/414a2aebf1801691a5320edb6468e194"},"description":"Poga\u010dar kontra Vingegaard, Cavendish Merckx-i kih\u00edv\u00e1sa, Sagan hossz\u00fa b\u00facs\u00faja, amerikai szakaszharcosok: \u00f6t t\u00f6rt\u00e9net, ami kiemelked\u0151v\u00e9 teszi a 2023-as Tour-t.","breadcrumb":{"@id":"https:\/\/www.welovecycling.com\/hu\/orszaguti-kerekpar\/mitol-lesz-az-idei-tour-de-france-igazan-izgalmas\/#breadcrumb"},"inLanguage":"hu","potentialAction":[{"@type":"ReadAction","target":["https:\/\/www.welovecycling.com\/hu\/orszaguti-kerekpar\/mitol-lesz-az-idei-tour-de-france-igazan-izgalmas\/"]}]},{"@type":"ImageObject","inLanguage":"hu","@id":"https:\/\/www.welovecycling.com\/hu\/orszaguti-kerekpar\/mitol-lesz-az-idei-tour-de-france-igazan-izgalmas\/#primaryimage","url":"https:\/\/d2p6e6u75xmxt8.cloudfront.net\/12\/2023\/06\/rob-wingate-2Qf2_k0Q5T0-unsplash.webp","contentUrl":"https:\/\/d2p6e6u75xmxt8.cloudfront.net\/12\/2023\/06\/rob-wingate-2Qf2_k0Q5T0-unsplash.webp","width":1920,"height":1317},{"@type":"BreadcrumbList","@id":"https:\/\/www.welovecycling.com\/hu\/orszaguti-kerekpar\/mitol-lesz-az-idei-tour-de-france-igazan-izgalmas\/#breadcrumb","itemListElement":[{"@type":"ListItem","position":1,"name":"Home","item":"https:\/\/www.welovecycling.com\/hu\/"},{"@type":"ListItem","position":2,"name":"Mit\u0151l lesz az idei Tour de France igaz\u00e1n izgalmas?"}]},{"@type":"WebSite","@id":"https:\/\/www.welovecycling.com\/hu\/#website","url":"https:\/\/www.welovecycling.com\/hu\/","name":"\u0160koda We Love Cycling - Magyarorsz\u00e1g","description":"\u0160koda WeLoveCycling","potentialAction":[{"@type":"SearchAction","target":{"@type":"EntryPoint","urlTemplate":"https:\/\/www.welovecycling.com\/hu\/?s={search_term_string}"},"query-input":{"@type":"PropertyValueSpecification","valueRequired":true,"valueName":"search_term_string"}}],"inLanguage":"hu"},{"@type":"Person","@id":"https:\/\/www.welovecycling.com\/hu\/#\/schema\/person\/414a2aebf1801691a5320edb6468e194","name":"hegyizs","image":{"@type":"ImageObject","inLanguage":"hu","@id":"https:\/\/www.welovecycling.com\/hu\/#\/schema\/person\/image\/","url":"https:\/\/secure.gravatar.com\/avatar\/02cf8a7906b8cf90cecb4679defac7cfd33a1c2e3b88e4903d947f3bb58eedd3?s=96&d=mm&r=g","contentUrl":"https:\/\/secure.gravatar.com\/avatar\/02cf8a7906b8cf90cecb4679defac7cfd33a1c2e3b88e4903d947f3bb58eedd3?s=96&d=mm&r=g","caption":"hegyizs"},"url":"https:\/\/www.welovecycling.com\/hu\/author\/hegyizs\/"}]}},"_links":{"self":[{"href":"https:\/\/www.welovecycling.com\/hu\/wp-json\/wp\/v2\/posts\/17471","targetHints":{"allow":["GET"]}}],"collection":[{"href":"https:\/\/www.welovecycling.com\/hu\/wp-json\/wp\/v2\/posts"}],"about":[{"href":"https:\/\/www.welovecycling.com\/hu\/wp-json\/wp\/v2\/types\/post"}],"author":[{"embeddable":true,"href":"https:\/\/www.welovecycling.com\/hu\/wp-json\/wp\/v2\/users\/71"}],"replies":[{"embeddable":true,"href":"https:\/\/www.welovecycling.com\/hu\/wp-json\/wp\/v2\/comments?post=17471"}],"version-history":[{"count":2,"href":"https:\/\/www.welovecycling.com\/hu\/wp-json\/wp\/v2\/posts\/17471\/revisions"}],"predecessor-version":[{"id":17479,"href":"https:\/\/www.welovecycling.com\/hu\/wp-json\/wp\/v2\/posts\/17471\/revisions\/17479"}],"wp:featuredmedia":[{"embeddable":true,"href":"https:\/\/www.welovecycling.com\/hu\/wp-json\/wp\/v2\/media\/17472"}],"wp:attachment":[{"href":"https:\/\/www.welovecycling.com\/hu\/wp-json\/wp\/v2\/media?parent=17471"}],"wp:term":[{"taxonomy":"category","embeddable":true,"href":"https:\/\/www.welovecycling.com\/hu\/wp-json\/wp\/v2\/categories?post=17471"},{"taxonomy":"post_tag","embeddable":true,"href":"https:\/\/www.welovecycling.com\/hu\/wp-json\/wp\/v2\/tags?post=17471"},{"taxonomy":"global-categories","embeddable":true,"href":"https:\/\/www.welovecycling.com\/hu\/wp-json\/wp\/v2\/global-categories?post=17471"}],"curies":[{"name":"wp","href":"https:\/\/api.w.org\/{rel}","templated":true}]}}