{"id":17458,"date":"2023-05-30T16:47:58","date_gmt":"2023-05-30T14:47:58","guid":{"rendered":"https:\/\/www.welovecycling.com\/hu\/?p=17458"},"modified":"2023-05-30T16:47:58","modified_gmt":"2023-05-30T14:47:58","slug":"valter-attila-4-a-norveg-koron-roglicnak-korabbi-siugrotarsa-segitett-girot-nyerni","status":"publish","type":"post","link":"https:\/\/www.welovecycling.com\/hu\/orszaguti-kerekpar\/valter-attila-4-a-norveg-koron-roglicnak-korabbi-siugrotarsa-segitett-girot-nyerni\/","title":{"rendered":"Valter Attila 4. a norv\u00e9g k\u00f6r\u00f6n, Rogli\u010dnak kor\u00e1bbi s\u00edugr\u00f3t\u00e1rsa seg\u00edtett Gir\u00f3t nyerni!"},"content":{"rendered":"<p><strong>A magyar klasszis \u00fajabb nagyszer\u0171 versenyen van t\u00fal, hajsz\u00e1lra a dobog\u00f3t\u00f3l, a Primoz Rogli\u010d gy\u0151zelm\u00e9vel z\u00e1rul\u00f3 Giro d\u2019Itali\u00e1n pedig ism\u00e9t elk\u00e9peszt\u0151 sztorikat produk\u00e1lt az \u00e9let a szlov\u00e9n rak\u00e9ta, Geraint Thomas \u00e9s Mark Cavendish f\u0151szerepl\u00e9s\u00e9vel. <\/strong><\/p>\n<p><!--more--><\/p>\n<p>Az utols\u00f3 szakaszon m\u00e1r nem v\u00e1ltozott a Norv\u00e9g K\u00f6rverseny \u00f6sszetett \u00e9lmez\u0151nye, \u00edgy az idei Tour de Hongrie-n a m\u00e1sodikk\u00e9nt v\u00e9gz\u0151 Ben Tulett \u00f6r\u00fclhetett, m\u00edg Valter Attila egy hajsz\u00e1llal, egyetlen m\u00e1sodperccel maradt le a dobog\u00f3r\u00f3l Thibau Nys m\u00f6g\u00f6tt. Ezzel ak\u00e1rhogy is n\u00e9zz\u00fck, ez Valter Ati idei hetedik top 30-as \u00e9s \u00f6t\u00f6dik top 15-\u00f6s eredm\u00e9nye, ami kiv\u00e1l\u00f3 teljes\u00edtm\u00e9nynek sz\u00e1m\u00edt egy teljesen \u00faj csapatban \u2013 m\u00e9g akkor is, ha ez a csapat t\u00f6rt\u00e9netesen a vil\u00e1g jelenlegi leger\u0151sebb ist\u00e1ll\u00f3ja, a Jumbo-Visma (ahol tekerni m\u00e1r \u00f6nmag\u00e1ban v\u00e9ve komoly fegyvert\u00e9ny). R\u00e1ad\u00e1sul a sokoldal\u00fa magyar bajnok k\u00f6z\u00f6ns\u00e9gkedvenc ism\u00e9t \u00fajabb oldal\u00e1t csillogtatta meg, hiszen a nyit\u00f3 prol\u00f3gon, vagyis a 7 \u00e9s f\u00e9l kilom\u00e9teres, tr\u00fckk\u00f6s id\u0151futamon dobog\u00f3ra tudott \u00e1llni, harmadikk\u00e9nt v\u00e9gzett, ami eddig a legjobb eredm\u00e9nye nagy nemzetk\u00f6zi versenyen ebben a m\u0171fajban! K\u00fcl\u00f6n \u00f6r\u00f6mh\u00edr, hogy Ati leg\u00fajabb szerepl\u00e9s\u00e9re ism\u00e9t csak nem kell sokat v\u00e1rni, a vas\u00e1rnap elrajtol\u00f3 \u201eTour de France-el\u0151versenyen\u201d, a Crit\u00e9rium du Dauphin\u00e9-n ism\u00e9t szor\u00edthatunk neki a mez\u0151nyben \u2013 \u00e9s b\u00e1r a francia k\u00f6r\u00f6n id\u00e9n sem indul, a m\u00e9rt\u00e9kad\u00f3 ProCyclingstats bring\u00e1s oldalon m\u00e1r ott van felt\u00fcntetve a nev\u00e9n\u00e9l a Vuelta a v\u00e1rhat\u00f3 k\u00f6vetkez\u0151 versenyekn\u00e9l.<\/p>\n<figure id=\"attachment_17462\" aria-describedby=\"caption-attachment-17462\" style=\"width: 1701px\" class=\"wp-caption alignnone\"><a href=\"https:\/\/d2p6e6u75xmxt8.cloudfront.net\/12\/2023\/05\/CORVOS_00035547-006-1.webp\"><img loading=\"lazy\" decoding=\"async\" class=\"size-full wp-image-17462\" src=\"https:\/\/d2p6e6u75xmxt8.cloudfront.net\/12\/2023\/05\/CORVOS_00035547-006-1.webp\" alt=\"\" width=\"1701\" height=\"927\" srcset=\"https:\/\/d2p6e6u75xmxt8.cloudfront.net\/12\/2023\/05\/CORVOS_00035547-006-1.webp 1701w, https:\/\/d2p6e6u75xmxt8.cloudfront.net\/12\/2023\/05\/CORVOS_00035547-006-1-300x163.webp 300w, https:\/\/d2p6e6u75xmxt8.cloudfront.net\/12\/2023\/05\/CORVOS_00035547-006-1-1024x558.webp 1024w, https:\/\/d2p6e6u75xmxt8.cloudfront.net\/12\/2023\/05\/CORVOS_00035547-006-1-768x419.webp 768w, https:\/\/d2p6e6u75xmxt8.cloudfront.net\/12\/2023\/05\/CORVOS_00035547-006-1-1536x837.webp 1536w, https:\/\/d2p6e6u75xmxt8.cloudfront.net\/12\/2023\/05\/CORVOS_00035547-006-1-400x218.webp 400w\" sizes=\"auto, (max-width: 1701px) 100vw, 1701px\" \/><\/a><figcaption id=\"caption-attachment-17462\" class=\"wp-caption-text\">fot\u00f3: Jumbo-Visma\/Cor Vos<\/figcaption><\/figure>\n<p>Ek\u00f6zben elk\u00e9peszt\u0151 sztorikat \u00e9s dr\u00e1mai v\u00e9gj\u00e1t\u00e9kot hozott a vas\u00e1rnap lez\u00e1rult Giro d\u2019Italia. Az olasz k\u00f6r eposzi h\u0151s\u00e9nek sok\u00e1ig a 37 \u00e9vesen is szinte a h\u00e1romhetes viadal teljes m\u00e1sodik fel\u00e9t r\u00f3zsasz\u00ednben t\u00f6lt\u0151 Geraint Thomas t\u0171nt, \u00e1m ekkor j\u00f6tt a m\u00e1sik nagy favorit, Primoz Rogli\u010d, akinek a mindent eld\u00f6nt\u0151 utols\u00f3 el\u0151tti id\u0151futamon valamit visszaadott a sors abb\u00f3l, amit anno h\u00e1rom \u00e9ve a 2020-as Tour de France-on elvett t\u0151le. Ki ne eml\u00e9kezne minden id\u0151k egyik legdr\u00e1maibb Tour-finis\u00e9re, amikor ugyan\u00edgy, egy 20. szakaszos egy\u00e9ni id\u0151futamon d\u0151lt el a verseny, \u00e9s vesztette el a m\u00e1r biztosnak t\u0171n\u0151 s\u00e1rga trik\u00f3j\u00e1t Rogli\u010d tulajdon honfit\u00e1rs\u00e1val, az \u0171rid\u0151t repeszt\u0151 Tadej Poga\u010darral szemben. Most azonban fordult a kocka, \u00e9s \u00e9ppen Rogli\u010d tette meg ugyanezt Thomasszal! M\u00e9ghozz\u00e1 hitchcocki forgat\u00f3k\u00f6nyv szerint: Rogli\u010d m\u00e1r el\u0151nyben volt a mindent eld\u00f6nt\u0151 kron\u00f3n, amikor a Monte Lussari hegy\u00e9n, a c\u00e9l el\u0151tt nem sokkal egy nagy k\u00e1ty\u00fa ut\u00e1n leesett a l\u00e1nca. A hihetetlen t\u00e9t ellen\u00e9re is d\u00f6bbenetes higgadts\u00e1ggal sz\u00e1llt le, \u00e9s tette vissza a l\u00e1ncot, am\u00edg a szerel\u0151je meg nem \u00e9rkezett \u2013 v\u00e9g\u00fcl egy komoly l\u00e9lekjelenl\u00e9ttel b\u00edr\u00f3, a semmib\u0151l ott term\u0151 szlov\u00e9n szurkol\u00f3 seg\u00edtett megtolni a nyeregben a gy\u0151zelem\u00e9rt teker\u0151 honfit\u00e1rsat. Ilyen mes\u00e9ket pedig t\u00e9nyleg csak az \u00e9let tud \u00edrni: ut\u00f3bb kider\u00fclt, hogy az \u00f6nzetlen seg\u00edt\u0151 nem m\u00e1s volt, mint Mitja Meznar, Rogli\u010d egykori s\u00edugr\u00f3csapatt\u00e1rsa, akivel anno, 2007-ben egy\u00fctt nyertek junior-vil\u00e1gbajnoki c\u00edmet a h\u00edrhedt planicai s\u00e1ncon, ahol azt\u00e1n nem sokkal k\u00e9s\u0151bb Rogli\u010d a s\u00edugr\u00f3karrierje v\u00e9g\u00e9t jelent\u0151 <a href=\"https:\/\/www.youtube.com\/watch?v=xMbScxLIdeU\">horrorbaleset\u00e9t<\/a> elszenvedte\u2026 A szlov\u00e9n klasszis v\u00e9g\u00fcl a l\u00e1nclees\u0151s mal\u0151rrel egy\u00fctt is 40 m\u00e1sodpercet adott Thomasnak, \u00edgy az \u00f6sszetettbeli 26 m\u00e1sodperces h\u00e1tr\u00e1ny\u00e1t egyszeriben 14 m\u00e1sodperces el\u0151nny\u00e9 var\u00e1zsolta, ez pedig m\u00e1r elegend\u0151 volt neki h\u00e1rom Vuelta-siker ut\u00e1n \u00e9lete els\u0151 Giro-gy\u0151zelm\u00e9hez.<\/p>\n<figure id=\"attachment_17460\" aria-describedby=\"caption-attachment-17460\" style=\"width: 1280px\" class=\"wp-caption alignnone\"><a href=\"https:\/\/d2p6e6u75xmxt8.cloudfront.net\/12\/2023\/05\/3713754-75565008-2560-1440.webp\"><img loading=\"lazy\" decoding=\"async\" class=\"size-full wp-image-17460\" src=\"https:\/\/d2p6e6u75xmxt8.cloudfront.net\/12\/2023\/05\/3713754-75565008-2560-1440.webp\" alt=\"\" width=\"1280\" height=\"720\" srcset=\"https:\/\/d2p6e6u75xmxt8.cloudfront.net\/12\/2023\/05\/3713754-75565008-2560-1440.webp 1280w, https:\/\/d2p6e6u75xmxt8.cloudfront.net\/12\/2023\/05\/3713754-75565008-2560-1440-300x169.webp 300w, https:\/\/d2p6e6u75xmxt8.cloudfront.net\/12\/2023\/05\/3713754-75565008-2560-1440-1024x576.webp 1024w, https:\/\/d2p6e6u75xmxt8.cloudfront.net\/12\/2023\/05\/3713754-75565008-2560-1440-768x432.webp 768w, https:\/\/d2p6e6u75xmxt8.cloudfront.net\/12\/2023\/05\/3713754-75565008-2560-1440-400x225.webp 400w\" sizes=\"auto, (max-width: 1280px) 100vw, 1280px\" \/><\/a><figcaption id=\"caption-attachment-17460\" class=\"wp-caption-text\">forr\u00e1s: Eurosport<\/figcaption><\/figure>\n<p>\u00c9s hogy mekkora sportember Geraint Thomas, azt egy nappal k\u00e9s\u0151bb, az utols\u00f3 etapon bizony\u00edtotta: ahelyett, hogy a nyert helyzetb\u0151l elbukott verseny\u00e9n b\u00e1nk\u00f3dott volna, a z\u00e1r\u00f3 szakasz mez\u0151nyhajr\u00e1j\u00e1n\u00e1l ink\u00e1bb be\u00e1llt honfit\u00e1rsa, Mark Cavendish felvezet\u0151vonat\u00e1ba, holott nem is egy csapatban tekernek \u2013 a seg\u00edts\u00e9g\u00e9vel viszont az \u00e9v v\u00e9gi visszavonul\u00e1s\u00e1t \u00e9ppen a napokban bejelent\u0151 brit sprinterlegenda meg tudta nyerni a szakaszt, \u00edgy igaz\u00e1n st\u00edlusosan tudott elb\u00facs\u00fazni \u00e9lete utols\u00f3 Olasz K\u00f6rverseny\u00e9t\u0151l.<\/p>\n<figure id=\"attachment_17461\" aria-describedby=\"caption-attachment-17461\" style=\"width: 1200px\" class=\"wp-caption alignnone\"><a href=\"https:\/\/d2p6e6u75xmxt8.cloudfront.net\/12\/2023\/05\/CavGiro-1-1200x675-1.webp\"><img loading=\"lazy\" decoding=\"async\" class=\"size-full wp-image-17461\" src=\"https:\/\/d2p6e6u75xmxt8.cloudfront.net\/12\/2023\/05\/CavGiro-1-1200x675-1.webp\" alt=\"\" width=\"1200\" height=\"675\" srcset=\"https:\/\/d2p6e6u75xmxt8.cloudfront.net\/12\/2023\/05\/CavGiro-1-1200x675-1.webp 1200w, https:\/\/d2p6e6u75xmxt8.cloudfront.net\/12\/2023\/05\/CavGiro-1-1200x675-1-300x169.webp 300w, https:\/\/d2p6e6u75xmxt8.cloudfront.net\/12\/2023\/05\/CavGiro-1-1200x675-1-1024x576.webp 1024w, https:\/\/d2p6e6u75xmxt8.cloudfront.net\/12\/2023\/05\/CavGiro-1-1200x675-1-768x432.webp 768w, https:\/\/d2p6e6u75xmxt8.cloudfront.net\/12\/2023\/05\/CavGiro-1-1200x675-1-400x225.webp 400w\" sizes=\"auto, (max-width: 1200px) 100vw, 1200px\" \/><\/a><figcaption id=\"caption-attachment-17461\" class=\"wp-caption-text\">fot\u00f3: Sirotti<\/figcaption><\/figure>\n<p>&nbsp;<\/p>\n<p><em>Bor\u00edt\u00f3k\u00e9p: DayFR Euro<\/em><\/p>\n","protected":false},"excerpt":{"rendered":"<p>A magyar klasszis \u00fajabb nagyszer\u0171 versenyen van t\u00fal, hajsz\u00e1lra a dobog\u00f3t\u00f3l, a Primoz Rogli\u010d gy\u0151zelm\u00e9vel z\u00e1rul\u00f3 Giro d\u2019Itali\u00e1n pedig ism\u00e9t [&hellip;]<\/p>\n","protected":false},"author":145,"featured_media":17459,"comment_status":"open","ping_status":"open","sticky":false,"template":"","format":"standard","meta":{"footnotes":""},"categories":[8],"tags":[],"global-categories":[419],"class_list":["post-17458","post","type-post","status-publish","format-standard","has-post-thumbnail","hentry","category-orszaguti-kerekpar","global-categories-cycling"],"yoast_head":"<!-- This site is optimized with the Yoast SEO Premium plugin v25.3 (Yoast SEO v25.9) - https:\/\/yoast.com\/wordpress\/plugins\/seo\/ -->\n<title>Valter Attila 4. a norv\u00e9g k\u00f6r\u00f6n, Rogli\u010dnak kor\u00e1bbi s\u00edugr\u00f3t\u00e1rsa seg\u00edtett Gir\u00f3t nyerni!<\/title>\n<meta name=\"description\" content=\"A magyar klasszis \u00fajabb nagyszer\u0171 versenyen van t\u00fal, hajsz\u00e1lra a dobog\u00f3t\u00f3l, a Primoz Rogli\u010d gy\u0151zelm\u00e9vel z\u00e1rul\u00f3 Giro d\u2019Itali\u00e1n pedig ism\u00e9t elk\u00e9peszt\u0151 sztorikat produk\u00e1lt az \u00e9let a szlov\u00e9n rak\u00e9ta, Geraint Thomas \u00e9s Mark Cavendish f\u0151szerepl\u00e9s\u00e9vel.\" \/>\n<meta name=\"robots\" content=\"index, follow, max-snippet:-1, max-image-preview:large, max-video-preview:-1\" \/>\n<link rel=\"canonical\" href=\"https:\/\/www.welovecycling.com\/hu\/orszaguti-kerekpar\/valter-attila-4-a-norveg-koron-roglicnak-korabbi-siugrotarsa-segitett-girot-nyerni\/\" \/>\n<meta property=\"og:locale\" content=\"hu_HU\" \/>\n<meta property=\"og:type\" content=\"article\" \/>\n<meta property=\"og:title\" content=\"Valter Attila 4. a norv\u00e9g k\u00f6r\u00f6n, Rogli\u010dnak kor\u00e1bbi s\u00edugr\u00f3t\u00e1rsa seg\u00edtett Gir\u00f3t nyerni!\" \/>\n<meta property=\"og:description\" content=\"A magyar klasszis \u00fajabb nagyszer\u0171 versenyen van t\u00fal, hajsz\u00e1lra a dobog\u00f3t\u00f3l, a Primoz Rogli\u010d gy\u0151zelm\u00e9vel z\u00e1rul\u00f3 Giro d\u2019Itali\u00e1n pedig ism\u00e9t elk\u00e9peszt\u0151 sztorikat produk\u00e1lt az \u00e9let a szlov\u00e9n rak\u00e9ta, Geraint Thomas \u00e9s Mark Cavendish f\u0151szerepl\u00e9s\u00e9vel.\" \/>\n<meta property=\"og:url\" content=\"https:\/\/www.welovecycling.com\/hu\/orszaguti-kerekpar\/valter-attila-4-a-norveg-koron-roglicnak-korabbi-siugrotarsa-segitett-girot-nyerni\/\" \/>\n<meta property=\"og:site_name\" content=\"\u0160koda We Love Cycling - Magyarorsz\u00e1g\" \/>\n<meta property=\"article:publisher\" content=\"https:\/\/www.facebook.com\/WeLoveCyclingHungary\/\" \/>\n<meta property=\"article:published_time\" content=\"2023-05-30T14:47:58+00:00\" \/>\n<meta property=\"og:image\" content=\"https:\/\/d2p6e6u75xmxt8.cloudfront.net\/12\/2023\/05\/941deb995c.webp\" \/>\n\t<meta property=\"og:image:width\" content=\"1024\" \/>\n\t<meta property=\"og:image:height\" content=\"538\" \/>\n\t<meta property=\"og:image:type\" content=\"image\/webp\" \/>\n<meta name=\"author\" content=\"kitti\" \/>\n<meta name=\"twitter:card\" content=\"summary_large_image\" \/>\n<meta name=\"twitter:label1\" content=\"Written by\" \/>\n\t<meta name=\"twitter:data1\" content=\"We Love Cycling\" \/>\n\t<meta name=\"twitter:label2\" content=\"Est. reading time\" \/>\n\t<meta name=\"twitter:data2\" content=\"4 minutes\" \/>\n<script type=\"application\/ld+json\" class=\"yoast-schema-graph\">{\"@context\":\"https:\/\/schema.org\",\"@graph\":[{\"@type\":\"WebPage\",\"@id\":\"https:\/\/www.welovecycling.com\/hu\/orszaguti-kerekpar\/valter-attila-4-a-norveg-koron-roglicnak-korabbi-siugrotarsa-segitett-girot-nyerni\/\",\"url\":\"https:\/\/www.welovecycling.com\/hu\/orszaguti-kerekpar\/valter-attila-4-a-norveg-koron-roglicnak-korabbi-siugrotarsa-segitett-girot-nyerni\/\",\"name\":\"Valter Attila 4. a norv\u00e9g k\u00f6r\u00f6n, Rogli\u010dnak kor\u00e1bbi s\u00edugr\u00f3t\u00e1rsa seg\u00edtett Gir\u00f3t nyerni!\",\"isPartOf\":{\"@id\":\"https:\/\/www.welovecycling.com\/hu\/#website\"},\"primaryImageOfPage\":{\"@id\":\"https:\/\/www.welovecycling.com\/hu\/orszaguti-kerekpar\/valter-attila-4-a-norveg-koron-roglicnak-korabbi-siugrotarsa-segitett-girot-nyerni\/#primaryimage\"},\"image\":{\"@id\":\"https:\/\/www.welovecycling.com\/hu\/orszaguti-kerekpar\/valter-attila-4-a-norveg-koron-roglicnak-korabbi-siugrotarsa-segitett-girot-nyerni\/#primaryimage\"},\"thumbnailUrl\":\"https:\/\/d2p6e6u75xmxt8.cloudfront.net\/12\/2023\/05\/941deb995c.webp\",\"datePublished\":\"2023-05-30T14:47:58+00:00\",\"author\":{\"@id\":\"https:\/\/www.welovecycling.com\/hu\/#\/schema\/person\/bec7dcdbcc59f58489cf603e4040ced1\"},\"description\":\"A magyar klasszis \u00fajabb nagyszer\u0171 versenyen van t\u00fal, hajsz\u00e1lra a dobog\u00f3t\u00f3l, a Primoz Rogli\u010d gy\u0151zelm\u00e9vel z\u00e1rul\u00f3 Giro d\u2019Itali\u00e1n pedig ism\u00e9t elk\u00e9peszt\u0151 sztorikat produk\u00e1lt az \u00e9let a szlov\u00e9n rak\u00e9ta, Geraint Thomas \u00e9s Mark Cavendish f\u0151szerepl\u00e9s\u00e9vel.\",\"breadcrumb\":{\"@id\":\"https:\/\/www.welovecycling.com\/hu\/orszaguti-kerekpar\/valter-attila-4-a-norveg-koron-roglicnak-korabbi-siugrotarsa-segitett-girot-nyerni\/#breadcrumb\"},\"inLanguage\":\"hu\",\"potentialAction\":[{\"@type\":\"ReadAction\",\"target\":[\"https:\/\/www.welovecycling.com\/hu\/orszaguti-kerekpar\/valter-attila-4-a-norveg-koron-roglicnak-korabbi-siugrotarsa-segitett-girot-nyerni\/\"]}]},{\"@type\":\"ImageObject\",\"inLanguage\":\"hu\",\"@id\":\"https:\/\/www.welovecycling.com\/hu\/orszaguti-kerekpar\/valter-attila-4-a-norveg-koron-roglicnak-korabbi-siugrotarsa-segitett-girot-nyerni\/#primaryimage\",\"url\":\"https:\/\/d2p6e6u75xmxt8.cloudfront.net\/12\/2023\/05\/941deb995c.webp\",\"contentUrl\":\"https:\/\/d2p6e6u75xmxt8.cloudfront.net\/12\/2023\/05\/941deb995c.webp\",\"width\":1024,\"height\":538},{\"@type\":\"BreadcrumbList\",\"@id\":\"https:\/\/www.welovecycling.com\/hu\/orszaguti-kerekpar\/valter-attila-4-a-norveg-koron-roglicnak-korabbi-siugrotarsa-segitett-girot-nyerni\/#breadcrumb\",\"itemListElement\":[{\"@type\":\"ListItem\",\"position\":1,\"name\":\"Home\",\"item\":\"https:\/\/www.welovecycling.com\/hu\/\"},{\"@type\":\"ListItem\",\"position\":2,\"name\":\"Valter Attila 4. a norv\u00e9g k\u00f6r\u00f6n, Rogli\u010dnak kor\u00e1bbi s\u00edugr\u00f3t\u00e1rsa seg\u00edtett Gir\u00f3t nyerni!\"}]},{\"@type\":\"WebSite\",\"@id\":\"https:\/\/www.welovecycling.com\/hu\/#website\",\"url\":\"https:\/\/www.welovecycling.com\/hu\/\",\"name\":\"\u0160koda We Love Cycling - Magyarorsz\u00e1g\",\"description\":\"\u0160koda WeLoveCycling\",\"potentialAction\":[{\"@type\":\"SearchAction\",\"target\":{\"@type\":\"EntryPoint\",\"urlTemplate\":\"https:\/\/www.welovecycling.com\/hu\/?s={search_term_string}\"},\"query-input\":{\"@type\":\"PropertyValueSpecification\",\"valueRequired\":true,\"valueName\":\"search_term_string\"}}],\"inLanguage\":\"hu\"},{\"@type\":\"Person\",\"@id\":\"https:\/\/www.welovecycling.com\/hu\/#\/schema\/person\/bec7dcdbcc59f58489cf603e4040ced1\",\"name\":\"kitti\",\"image\":{\"@type\":\"ImageObject\",\"inLanguage\":\"hu\",\"@id\":\"https:\/\/www.welovecycling.com\/hu\/#\/schema\/person\/image\/\",\"url\":\"https:\/\/secure.gravatar.com\/avatar\/e3196a110e1b57b96f56d92d10ce9bb4e9d7210076832a16243337e949410b52?s=96&d=mm&r=g\",\"contentUrl\":\"https:\/\/secure.gravatar.com\/avatar\/e3196a110e1b57b96f56d92d10ce9bb4e9d7210076832a16243337e949410b52?s=96&d=mm&r=g\",\"caption\":\"kitti\"},\"url\":\"https:\/\/www.welovecycling.com\/hu\/author\/kitti\/\"}]}<\/script>\n<!-- \/ Yoast SEO Premium plugin. -->","yoast_head_json":{"title":"Valter Attila 4. a norv\u00e9g k\u00f6r\u00f6n, Rogli\u010dnak kor\u00e1bbi s\u00edugr\u00f3t\u00e1rsa seg\u00edtett Gir\u00f3t nyerni!","description":"A magyar klasszis \u00fajabb nagyszer\u0171 versenyen van t\u00fal, hajsz\u00e1lra a dobog\u00f3t\u00f3l, a Primoz Rogli\u010d gy\u0151zelm\u00e9vel z\u00e1rul\u00f3 Giro d\u2019Itali\u00e1n pedig ism\u00e9t elk\u00e9peszt\u0151 sztorikat produk\u00e1lt az \u00e9let a szlov\u00e9n rak\u00e9ta, Geraint Thomas \u00e9s Mark Cavendish f\u0151szerepl\u00e9s\u00e9vel.","robots":{"index":"index","follow":"follow","max-snippet":"max-snippet:-1","max-image-preview":"max-image-preview:large","max-video-preview":"max-video-preview:-1"},"canonical":"https:\/\/www.welovecycling.com\/hu\/orszaguti-kerekpar\/valter-attila-4-a-norveg-koron-roglicnak-korabbi-siugrotarsa-segitett-girot-nyerni\/","og_locale":"hu_HU","og_type":"article","og_title":"Valter Attila 4. a norv\u00e9g k\u00f6r\u00f6n, Rogli\u010dnak kor\u00e1bbi s\u00edugr\u00f3t\u00e1rsa seg\u00edtett Gir\u00f3t nyerni!","og_description":"A magyar klasszis \u00fajabb nagyszer\u0171 versenyen van t\u00fal, hajsz\u00e1lra a dobog\u00f3t\u00f3l, a Primoz Rogli\u010d gy\u0151zelm\u00e9vel z\u00e1rul\u00f3 Giro d\u2019Itali\u00e1n pedig ism\u00e9t elk\u00e9peszt\u0151 sztorikat produk\u00e1lt az \u00e9let a szlov\u00e9n rak\u00e9ta, Geraint Thomas \u00e9s Mark Cavendish f\u0151szerepl\u00e9s\u00e9vel.","og_url":"https:\/\/www.welovecycling.com\/hu\/orszaguti-kerekpar\/valter-attila-4-a-norveg-koron-roglicnak-korabbi-siugrotarsa-segitett-girot-nyerni\/","og_site_name":"\u0160koda We Love Cycling - Magyarorsz\u00e1g","article_publisher":"https:\/\/www.facebook.com\/WeLoveCyclingHungary\/","article_published_time":"2023-05-30T14:47:58+00:00","og_image":[{"width":1024,"height":538,"url":"https:\/\/d2p6e6u75xmxt8.cloudfront.net\/12\/2023\/05\/941deb995c.webp","type":"image\/webp"}],"author":"kitti","twitter_card":"summary_large_image","twitter_misc":{"Written by":"We Love Cycling","Est. reading time":"4 minutes"},"schema":{"@context":"https:\/\/schema.org","@graph":[{"@type":"WebPage","@id":"https:\/\/www.welovecycling.com\/hu\/orszaguti-kerekpar\/valter-attila-4-a-norveg-koron-roglicnak-korabbi-siugrotarsa-segitett-girot-nyerni\/","url":"https:\/\/www.welovecycling.com\/hu\/orszaguti-kerekpar\/valter-attila-4-a-norveg-koron-roglicnak-korabbi-siugrotarsa-segitett-girot-nyerni\/","name":"Valter Attila 4. a norv\u00e9g k\u00f6r\u00f6n, Rogli\u010dnak kor\u00e1bbi s\u00edugr\u00f3t\u00e1rsa seg\u00edtett Gir\u00f3t nyerni!","isPartOf":{"@id":"https:\/\/www.welovecycling.com\/hu\/#website"},"primaryImageOfPage":{"@id":"https:\/\/www.welovecycling.com\/hu\/orszaguti-kerekpar\/valter-attila-4-a-norveg-koron-roglicnak-korabbi-siugrotarsa-segitett-girot-nyerni\/#primaryimage"},"image":{"@id":"https:\/\/www.welovecycling.com\/hu\/orszaguti-kerekpar\/valter-attila-4-a-norveg-koron-roglicnak-korabbi-siugrotarsa-segitett-girot-nyerni\/#primaryimage"},"thumbnailUrl":"https:\/\/d2p6e6u75xmxt8.cloudfront.net\/12\/2023\/05\/941deb995c.webp","datePublished":"2023-05-30T14:47:58+00:00","author":{"@id":"https:\/\/www.welovecycling.com\/hu\/#\/schema\/person\/bec7dcdbcc59f58489cf603e4040ced1"},"description":"A magyar klasszis \u00fajabb nagyszer\u0171 versenyen van t\u00fal, hajsz\u00e1lra a dobog\u00f3t\u00f3l, a Primoz Rogli\u010d gy\u0151zelm\u00e9vel z\u00e1rul\u00f3 Giro d\u2019Itali\u00e1n pedig ism\u00e9t elk\u00e9peszt\u0151 sztorikat produk\u00e1lt az \u00e9let a szlov\u00e9n rak\u00e9ta, Geraint Thomas \u00e9s Mark Cavendish f\u0151szerepl\u00e9s\u00e9vel.","breadcrumb":{"@id":"https:\/\/www.welovecycling.com\/hu\/orszaguti-kerekpar\/valter-attila-4-a-norveg-koron-roglicnak-korabbi-siugrotarsa-segitett-girot-nyerni\/#breadcrumb"},"inLanguage":"hu","potentialAction":[{"@type":"ReadAction","target":["https:\/\/www.welovecycling.com\/hu\/orszaguti-kerekpar\/valter-attila-4-a-norveg-koron-roglicnak-korabbi-siugrotarsa-segitett-girot-nyerni\/"]}]},{"@type":"ImageObject","inLanguage":"hu","@id":"https:\/\/www.welovecycling.com\/hu\/orszaguti-kerekpar\/valter-attila-4-a-norveg-koron-roglicnak-korabbi-siugrotarsa-segitett-girot-nyerni\/#primaryimage","url":"https:\/\/d2p6e6u75xmxt8.cloudfront.net\/12\/2023\/05\/941deb995c.webp","contentUrl":"https:\/\/d2p6e6u75xmxt8.cloudfront.net\/12\/2023\/05\/941deb995c.webp","width":1024,"height":538},{"@type":"BreadcrumbList","@id":"https:\/\/www.welovecycling.com\/hu\/orszaguti-kerekpar\/valter-attila-4-a-norveg-koron-roglicnak-korabbi-siugrotarsa-segitett-girot-nyerni\/#breadcrumb","itemListElement":[{"@type":"ListItem","position":1,"name":"Home","item":"https:\/\/www.welovecycling.com\/hu\/"},{"@type":"ListItem","position":2,"name":"Valter Attila 4. a norv\u00e9g k\u00f6r\u00f6n, Rogli\u010dnak kor\u00e1bbi s\u00edugr\u00f3t\u00e1rsa seg\u00edtett Gir\u00f3t nyerni!"}]},{"@type":"WebSite","@id":"https:\/\/www.welovecycling.com\/hu\/#website","url":"https:\/\/www.welovecycling.com\/hu\/","name":"\u0160koda We Love Cycling - Magyarorsz\u00e1g","description":"\u0160koda WeLoveCycling","potentialAction":[{"@type":"SearchAction","target":{"@type":"EntryPoint","urlTemplate":"https:\/\/www.welovecycling.com\/hu\/?s={search_term_string}"},"query-input":{"@type":"PropertyValueSpecification","valueRequired":true,"valueName":"search_term_string"}}],"inLanguage":"hu"},{"@type":"Person","@id":"https:\/\/www.welovecycling.com\/hu\/#\/schema\/person\/bec7dcdbcc59f58489cf603e4040ced1","name":"kitti","image":{"@type":"ImageObject","inLanguage":"hu","@id":"https:\/\/www.welovecycling.com\/hu\/#\/schema\/person\/image\/","url":"https:\/\/secure.gravatar.com\/avatar\/e3196a110e1b57b96f56d92d10ce9bb4e9d7210076832a16243337e949410b52?s=96&d=mm&r=g","contentUrl":"https:\/\/secure.gravatar.com\/avatar\/e3196a110e1b57b96f56d92d10ce9bb4e9d7210076832a16243337e949410b52?s=96&d=mm&r=g","caption":"kitti"},"url":"https:\/\/www.welovecycling.com\/hu\/author\/kitti\/"}]}},"_links":{"self":[{"href":"https:\/\/www.welovecycling.com\/hu\/wp-json\/wp\/v2\/posts\/17458","targetHints":{"allow":["GET"]}}],"collection":[{"href":"https:\/\/www.welovecycling.com\/hu\/wp-json\/wp\/v2\/posts"}],"about":[{"href":"https:\/\/www.welovecycling.com\/hu\/wp-json\/wp\/v2\/types\/post"}],"author":[{"embeddable":true,"href":"https:\/\/www.welovecycling.com\/hu\/wp-json\/wp\/v2\/users\/145"}],"replies":[{"embeddable":true,"href":"https:\/\/www.welovecycling.com\/hu\/wp-json\/wp\/v2\/comments?post=17458"}],"version-history":[{"count":1,"href":"https:\/\/www.welovecycling.com\/hu\/wp-json\/wp\/v2\/posts\/17458\/revisions"}],"predecessor-version":[{"id":17463,"href":"https:\/\/www.welovecycling.com\/hu\/wp-json\/wp\/v2\/posts\/17458\/revisions\/17463"}],"wp:featuredmedia":[{"embeddable":true,"href":"https:\/\/www.welovecycling.com\/hu\/wp-json\/wp\/v2\/media\/17459"}],"wp:attachment":[{"href":"https:\/\/www.welovecycling.com\/hu\/wp-json\/wp\/v2\/media?parent=17458"}],"wp:term":[{"taxonomy":"category","embeddable":true,"href":"https:\/\/www.welovecycling.com\/hu\/wp-json\/wp\/v2\/categories?post=17458"},{"taxonomy":"post_tag","embeddable":true,"href":"https:\/\/www.welovecycling.com\/hu\/wp-json\/wp\/v2\/tags?post=17458"},{"taxonomy":"global-categories","embeddable":true,"href":"https:\/\/www.welovecycling.com\/hu\/wp-json\/wp\/v2\/global-categories?post=17458"}],"curies":[{"name":"wp","href":"https:\/\/api.w.org\/{rel}","templated":true}]}}