{"id":17454,"date":"2023-05-26T16:11:47","date_gmt":"2023-05-26T14:11:47","guid":{"rendered":"https:\/\/www.welovecycling.com\/hu\/?p=17454"},"modified":"2023-05-26T16:11:47","modified_gmt":"2023-05-26T14:11:47","slug":"cavendish-visszavonul-fuggoben-marad-a-tour-rekord","status":"publish","type":"post","link":"https:\/\/www.welovecycling.com\/hu\/orszaguti-kerekpar\/cavendish-visszavonul-fuggoben-marad-a-tour-rekord\/","title":{"rendered":"Cavendish visszavonul, f\u00fcgg\u0151ben marad a Tour-rekord"},"content":{"rendered":"<p><strong>Minden id\u0151k egyik legnagyobb sprintere \u00e9v v\u00e9g\u00e9n befejezi p\u00e1ratlan p\u00e1lyafut\u00e1s\u00e1t, f\u00fcggetlen\u00fcl att\u00f3l, hogy a ny\u00e1ri Tour de France-on siker\u00fcl-e a t\u00f6rt\u00e9nelmi cs\u00facsd\u00f6nt\u00e9s.<\/strong><!--more--><\/p>\n<p>Itt a v\u00e9ge \u2013 bejelentette visszavonul\u00e1s\u00e1t Mark Cavendish. A britek szt\u00e1rsprintere a Giro sz\u00fcnnapj\u00e1n hivatalos sajt\u00f3t\u00e1j\u00e9koztat\u00f3t h\u00edvott \u00f6ssze, hogy a nagyk\u00f6z\u00f6ns\u00e9g el\u0151tt r\u00f6gz\u00edtse, a 2023-as szezon v\u00e9g\u00e9n visszavonul, vagyis az idei lesz az utols\u00f3 \u00e9ve a profi ker\u00e9kp\u00e1rsportban.<\/p>\n<p>T\u00falz\u00e1s n\u00e9lk\u00fcl \u00e1ll\u00edthat\u00f3, minden id\u0151k egyik legnagyszer\u0171bb sprintere szab\u00e1lyosan l\u00e1zban tartotta a sport\u00e1g rajong\u00f3it az elm\u00falt h\u00f3napokban, hiszen azok ut\u00e1n, hogy tavaly sokadvir\u00e1gz\u00e1s\u00e1t \u00e9lve, kis h\u00edj\u00e1n a s\u00edrb\u00f3l visszat\u00e9rve be\u00e9rte a be\u00e9rhetetlennek hitt Eddy Merckxet a Tour de France-szakaszgy\u0151zelmek ter\u00e9n (34), sok\u00e1ig nem tal\u00e1lt mag\u00e1nak \u00faj csapatot, \u00edgy egyszeriben vesz\u00e9lybe ker\u00fclt a szenz\u00e1ci\u00f3s rekordk\u00eds\u00e9rlet. V\u00e9g\u00fcl azonban az Astana ment\u0151\u00f6vet dobott a brit klasszisnak, egy\u00e9ves szerz\u0151d\u00e9st adott neki, \u00e9s a Tour el\u0151tt az idei Gir\u00f3n is elind\u00edtotta Cavendish-t. M\u00e1s k\u00e9rd\u00e9s, hogy egyel\u0151re beigazol\u00f3dni l\u00e1tszik, amit\u0151l el\u0151zetesen sokan tartottak, vagyis hogy a kazah csapat sprintvonata finoman sz\u00f3lva sem a leger\u0151sebb a mez\u0151nyben, vagyis Cavendish vir\u00e1gnyelven mag\u00e1ra van utalva a mez\u0151nyhajr\u00e1kn\u00e1l \u2013 ez a Gir\u00f3n is vil\u00e1gosan kikrist\u00e1lyosodik. A \u201eManxman\u201d eddig h\u00e1romszor ker\u00fclt k\u00f6zel a t\u0171zh\u00f6z, a h\u00e1rom top t\u00edzes helyez\u00e9se k\u00f6z\u00f6tt egy-egy 3., 4. \u00e9s 8. poz\u00edci\u00f3 tal\u00e1lhat\u00f3, gyakorlatilag \u00f6ner\u0151b\u0151l \u2013 \u00fagy, hogy az \u00f6t\u00f6dik szakaszon egy komoly buk\u00e1s r\u00e9szese volt a vizes aszfalton.<\/p>\n<figure id=\"attachment_17452\" aria-describedby=\"caption-attachment-17452\" style=\"width: 980px\" class=\"wp-caption alignnone\"><img loading=\"lazy\" decoding=\"async\" class=\"wp-image-17452 size-full\" src=\"https:\/\/d2p6e6u75xmxt8.cloudfront.net\/12\/2023\/05\/mark-cavendish-of-the-united-kingdom-and-astana-qazaqstan-news-photo-1683817334.webp\" alt=\"\" width=\"980\" height=\"654\" srcset=\"https:\/\/d2p6e6u75xmxt8.cloudfront.net\/12\/2023\/05\/mark-cavendish-of-the-united-kingdom-and-astana-qazaqstan-news-photo-1683817334.webp 980w, https:\/\/d2p6e6u75xmxt8.cloudfront.net\/12\/2023\/05\/mark-cavendish-of-the-united-kingdom-and-astana-qazaqstan-news-photo-1683817334-300x200.webp 300w, https:\/\/d2p6e6u75xmxt8.cloudfront.net\/12\/2023\/05\/mark-cavendish-of-the-united-kingdom-and-astana-qazaqstan-news-photo-1683817334-768x513.webp 768w, https:\/\/d2p6e6u75xmxt8.cloudfront.net\/12\/2023\/05\/mark-cavendish-of-the-united-kingdom-and-astana-qazaqstan-news-photo-1683817334-400x267.webp 400w, https:\/\/d2p6e6u75xmxt8.cloudfront.net\/12\/2023\/05\/mark-cavendish-of-the-united-kingdom-and-astana-qazaqstan-news-photo-1683817334-272x182.webp 272w\" sizes=\"auto, (max-width: 980px) 100vw, 980px\" \/><figcaption id=\"caption-attachment-17452\" class=\"wp-caption-text\">fot\u00f3: Stuart Franklin\/Getty Images<\/dd>\n<dd><\/figcaption><\/figure>\n<p>Ett\u0151l m\u00e9g persze nem elk\u00e9pzelhetetlen a rekordd\u00f6nt\u00e9s a ny\u00e1ri Touron, hiszen el\u00e9g egyetlen szakaszon kij\u00f6nnie a l\u00e9p\u00e9snek. Ezzel egy\u00fctt Cavendish ink\u00e1bb el\u00e9be ment a dolgoknak, \u00e9s hivatalosan is bejelentette az \u00e9v v\u00e9gi nyugd\u00edjba vonul\u00e1s\u00e1t. Mindezt feles\u00e9ge, Peta \u00e9s gyermekei t\u00e1rsas\u00e1g\u00e1ban, \u00fcnnep\u00e9lyesen, orsz\u00e1g-vil\u00e1g el\u0151tt demonstr\u00e1lva, hogy \u00e9ppen \u0151k a f\u0151 okai a visszavonul\u00e1snak, hiszen az elm\u00falt id\u0151szakban \u00e9ppen eleget kellett n\u00e9lk\u00fcl\u00f6zni\u00fck a csal\u00e1df\u0151t. <em>\u201e\u00c9ppen ma van Casper \u00f6t\u00f6dik sz\u00fclet\u00e9snapja \u2013 m\u00e1rpedig ez a legfontosabb, hogy m\u00e1t\u00f3l kezdve valamennyi\u00fck \u00f6sszes sz\u00fclet\u00e9snapj\u00e1n ott lehessek.\u201d<\/em><\/p>\n<p>Az id\u0151z\u00edt\u00e9s aligha v\u00e9letlen, hiszen \u00edgy pluszban dupla-tripla figyelem szegez\u0151dik majd r\u00e1 \u00e9lete utols\u00f3 nagy verseny\u00e9n, a Tour de France-on. Hogy a rekordd\u00f6nt\u00e9s v\u00e9g\u00fcl \u00f6sszej\u00f6n-e, persze csak ott \u00e9s akkor der\u00fcl majd ki, \u00e1m egyvalamiben a ker\u00e9kp\u00e1ros szak\u00edr\u00f3k \u00e9s a bring\u00e1s k\u00f6zv\u00e9lem\u00e9ny is marad\u00e9ktalanul egyet\u00e9rtenek: ak\u00e1rhogy is alakul a nagy hatty\u00fadal, a Bradley Wiggins m\u00f6g\u00f6tt minden id\u0151k m\u00e1sodik legnagyszer\u0171bb brit versenyz\u0151j\u00e9nek v\u00e1lasztott Mark Cavendishnek m\u00e1r nem kell bizony\u00edtania, szem\u00e9ly\u00e9ben a sport\u00e1g t\u00f6rt\u00e9net\u00e9nek egyik legnagyobb ikonj\u00e1val lesz kevesebb a sport\u00e1g 2024-t\u0151l.<\/p>\n<figure id=\"attachment_17451\" aria-describedby=\"caption-attachment-17451\" style=\"width: 1024px\" class=\"wp-caption alignnone\"><img loading=\"lazy\" decoding=\"async\" class=\"size-large wp-image-17451\" src=\"https:\/\/d2p6e6u75xmxt8.cloudfront.net\/12\/2023\/05\/105928267_Mandatory_Credit_Photo_by_Fernando_Soutello-AGIF-REX-Shutterstock_5829582c__Great_Brit_trans_NvBQzQNjv4Bq5UkwdrNdLmi7F8HLRonNAEYMi-3xB8XfFdaR9kQXw04-1024x640.webp\" alt=\"\" width=\"1024\" height=\"640\" srcset=\"https:\/\/d2p6e6u75xmxt8.cloudfront.net\/12\/2023\/05\/105928267_Mandatory_Credit_Photo_by_Fernando_Soutello-AGIF-REX-Shutterstock_5829582c__Great_Brit_trans_NvBQzQNjv4Bq5UkwdrNdLmi7F8HLRonNAEYMi-3xB8XfFdaR9kQXw04-1024x640.webp 1024w, https:\/\/d2p6e6u75xmxt8.cloudfront.net\/12\/2023\/05\/105928267_Mandatory_Credit_Photo_by_Fernando_Soutello-AGIF-REX-Shutterstock_5829582c__Great_Brit_trans_NvBQzQNjv4Bq5UkwdrNdLmi7F8HLRonNAEYMi-3xB8XfFdaR9kQXw04-300x188.webp 300w, https:\/\/d2p6e6u75xmxt8.cloudfront.net\/12\/2023\/05\/105928267_Mandatory_Credit_Photo_by_Fernando_Soutello-AGIF-REX-Shutterstock_5829582c__Great_Brit_trans_NvBQzQNjv4Bq5UkwdrNdLmi7F8HLRonNAEYMi-3xB8XfFdaR9kQXw04-768x480.webp 768w, https:\/\/d2p6e6u75xmxt8.cloudfront.net\/12\/2023\/05\/105928267_Mandatory_Credit_Photo_by_Fernando_Soutello-AGIF-REX-Shutterstock_5829582c__Great_Brit_trans_NvBQzQNjv4Bq5UkwdrNdLmi7F8HLRonNAEYMi-3xB8XfFdaR9kQXw04-1536x961.webp 1536w, https:\/\/d2p6e6u75xmxt8.cloudfront.net\/12\/2023\/05\/105928267_Mandatory_Credit_Photo_by_Fernando_Soutello-AGIF-REX-Shutterstock_5829582c__Great_Brit_trans_NvBQzQNjv4Bq5UkwdrNdLmi7F8HLRonNAEYMi-3xB8XfFdaR9kQXw04-2048x1281.webp 2048w, https:\/\/d2p6e6u75xmxt8.cloudfront.net\/12\/2023\/05\/105928267_Mandatory_Credit_Photo_by_Fernando_Soutello-AGIF-REX-Shutterstock_5829582c__Great_Brit_trans_NvBQzQNjv4Bq5UkwdrNdLmi7F8HLRonNAEYMi-3xB8XfFdaR9kQXw04-1920x1201.webp 1920w, https:\/\/d2p6e6u75xmxt8.cloudfront.net\/12\/2023\/05\/105928267_Mandatory_Credit_Photo_by_Fernando_Soutello-AGIF-REX-Shutterstock_5829582c__Great_Brit_trans_NvBQzQNjv4Bq5UkwdrNdLmi7F8HLRonNAEYMi-3xB8XfFdaR9kQXw04-400x250.webp 400w, https:\/\/d2p6e6u75xmxt8.cloudfront.net\/12\/2023\/05\/105928267_Mandatory_Credit_Photo_by_Fernando_Soutello-AGIF-REX-Shutterstock_5829582c__Great_Brit_trans_NvBQzQNjv4Bq5UkwdrNdLmi7F8HLRonNAEYMi-3xB8XfFdaR9kQXw04-1920x1201.webp 1920w\" sizes=\"auto, (max-width: 1024px) 100vw, 1024px\" \/><figcaption id=\"caption-attachment-17451\" class=\"wp-caption-text\">fot\u00f3: Fernando Soutello\/AGIF<\/figcaption><\/figure>\n<p><em>Bor\u00edt\u00f3k\u00e9p: AP<\/em><\/p>\n","protected":false},"excerpt":{"rendered":"<p>Minden id\u0151k egyik legnagyobb sprintere \u00e9v v\u00e9g\u00e9n befejezi p\u00e1ratlan p\u00e1lyafut\u00e1s\u00e1t, f\u00fcggetlen\u00fcl att\u00f3l, hogy a ny\u00e1ri Tour de France-on siker\u00fcl-e a [&hellip;]<\/p>\n","protected":false},"author":71,"featured_media":17453,"comment_status":"open","ping_status":"open","sticky":false,"template":"","format":"standard","meta":{"footnotes":""},"categories":[8],"tags":[],"global-categories":[419],"class_list":["post-17454","post","type-post","status-publish","format-standard","has-post-thumbnail","hentry","category-orszaguti-kerekpar","global-categories-cycling"],"yoast_head":"<!-- This site is optimized with the Yoast SEO Premium plugin v25.3 (Yoast SEO v25.9) - https:\/\/yoast.com\/wordpress\/plugins\/seo\/ -->\n<title>Cavendish visszavonul, f\u00fcgg\u0151ben marad a Tour-rekord<\/title>\n<meta name=\"description\" content=\"Minden id\u0151k egyik legnagyobb sprintere \u00e9v v\u00e9g\u00e9n befejezi p\u00e1ratlan p\u00e1lyafut\u00e1s\u00e1t, f\u00fcggetlen\u00fcl att\u00f3l, hogy a ny\u00e1ri Tour de France-on siker\u00fcl-e a t\u00f6rt\u00e9nelmi cs\u00facsd\u00f6nt\u00e9s.\" \/>\n<meta name=\"robots\" content=\"index, follow, max-snippet:-1, max-image-preview:large, max-video-preview:-1\" \/>\n<link rel=\"canonical\" href=\"https:\/\/www.welovecycling.com\/hu\/orszaguti-kerekpar\/cavendish-visszavonul-fuggoben-marad-a-tour-rekord\/\" \/>\n<meta property=\"og:locale\" content=\"hu_HU\" \/>\n<meta property=\"og:type\" content=\"article\" \/>\n<meta property=\"og:title\" content=\"Cavendish visszavonul, f\u00fcgg\u0151ben marad a Tour-rekord\" \/>\n<meta property=\"og:description\" content=\"Minden id\u0151k egyik legnagyobb sprintere \u00e9v v\u00e9g\u00e9n befejezi p\u00e1ratlan p\u00e1lyafut\u00e1s\u00e1t, f\u00fcggetlen\u00fcl att\u00f3l, hogy a ny\u00e1ri Tour de France-on siker\u00fcl-e a t\u00f6rt\u00e9nelmi cs\u00facsd\u00f6nt\u00e9s.\" \/>\n<meta property=\"og:url\" content=\"https:\/\/www.welovecycling.com\/hu\/orszaguti-kerekpar\/cavendish-visszavonul-fuggoben-marad-a-tour-rekord\/\" \/>\n<meta property=\"og:site_name\" content=\"\u0160koda We Love Cycling - Magyarorsz\u00e1g\" \/>\n<meta property=\"article:publisher\" content=\"https:\/\/www.facebook.com\/WeLoveCyclingHungary\/\" \/>\n<meta property=\"article:published_time\" content=\"2023-05-26T14:11:47+00:00\" \/>\n<meta property=\"og:image\" content=\"https:\/\/d2p6e6u75xmxt8.cloudfront.net\/12\/2023\/05\/7856bd6b68.webp\" \/>\n\t<meta property=\"og:image:width\" content=\"1024\" \/>\n\t<meta property=\"og:image:height\" content=\"576\" \/>\n\t<meta property=\"og:image:type\" content=\"image\/webp\" \/>\n<meta name=\"author\" content=\"hegyizs\" \/>\n<meta name=\"twitter:card\" content=\"summary_large_image\" \/>\n<meta name=\"twitter:label1\" content=\"Written by\" \/>\n\t<meta name=\"twitter:data1\" content=\"WLC\" \/>\n\t<meta name=\"twitter:label2\" content=\"Est. reading time\" \/>\n\t<meta name=\"twitter:data2\" content=\"3 minutes\" \/>\n<script type=\"application\/ld+json\" class=\"yoast-schema-graph\">{\"@context\":\"https:\/\/schema.org\",\"@graph\":[{\"@type\":\"WebPage\",\"@id\":\"https:\/\/www.welovecycling.com\/hu\/orszaguti-kerekpar\/cavendish-visszavonul-fuggoben-marad-a-tour-rekord\/\",\"url\":\"https:\/\/www.welovecycling.com\/hu\/orszaguti-kerekpar\/cavendish-visszavonul-fuggoben-marad-a-tour-rekord\/\",\"name\":\"Cavendish visszavonul, f\u00fcgg\u0151ben marad a Tour-rekord\",\"isPartOf\":{\"@id\":\"https:\/\/www.welovecycling.com\/hu\/#website\"},\"primaryImageOfPage\":{\"@id\":\"https:\/\/www.welovecycling.com\/hu\/orszaguti-kerekpar\/cavendish-visszavonul-fuggoben-marad-a-tour-rekord\/#primaryimage\"},\"image\":{\"@id\":\"https:\/\/www.welovecycling.com\/hu\/orszaguti-kerekpar\/cavendish-visszavonul-fuggoben-marad-a-tour-rekord\/#primaryimage\"},\"thumbnailUrl\":\"https:\/\/d2p6e6u75xmxt8.cloudfront.net\/12\/2023\/05\/7856bd6b68.webp\",\"datePublished\":\"2023-05-26T14:11:47+00:00\",\"author\":{\"@id\":\"https:\/\/www.welovecycling.com\/hu\/#\/schema\/person\/414a2aebf1801691a5320edb6468e194\"},\"description\":\"Minden id\u0151k egyik legnagyobb sprintere \u00e9v v\u00e9g\u00e9n befejezi p\u00e1ratlan p\u00e1lyafut\u00e1s\u00e1t, f\u00fcggetlen\u00fcl att\u00f3l, hogy a ny\u00e1ri Tour de France-on siker\u00fcl-e a t\u00f6rt\u00e9nelmi cs\u00facsd\u00f6nt\u00e9s.\",\"breadcrumb\":{\"@id\":\"https:\/\/www.welovecycling.com\/hu\/orszaguti-kerekpar\/cavendish-visszavonul-fuggoben-marad-a-tour-rekord\/#breadcrumb\"},\"inLanguage\":\"hu\",\"potentialAction\":[{\"@type\":\"ReadAction\",\"target\":[\"https:\/\/www.welovecycling.com\/hu\/orszaguti-kerekpar\/cavendish-visszavonul-fuggoben-marad-a-tour-rekord\/\"]}]},{\"@type\":\"ImageObject\",\"inLanguage\":\"hu\",\"@id\":\"https:\/\/www.welovecycling.com\/hu\/orszaguti-kerekpar\/cavendish-visszavonul-fuggoben-marad-a-tour-rekord\/#primaryimage\",\"url\":\"https:\/\/d2p6e6u75xmxt8.cloudfront.net\/12\/2023\/05\/7856bd6b68.webp\",\"contentUrl\":\"https:\/\/d2p6e6u75xmxt8.cloudfront.net\/12\/2023\/05\/7856bd6b68.webp\",\"width\":1024,\"height\":576},{\"@type\":\"BreadcrumbList\",\"@id\":\"https:\/\/www.welovecycling.com\/hu\/orszaguti-kerekpar\/cavendish-visszavonul-fuggoben-marad-a-tour-rekord\/#breadcrumb\",\"itemListElement\":[{\"@type\":\"ListItem\",\"position\":1,\"name\":\"Home\",\"item\":\"https:\/\/www.welovecycling.com\/hu\/\"},{\"@type\":\"ListItem\",\"position\":2,\"name\":\"Cavendish visszavonul, f\u00fcgg\u0151ben marad a Tour-rekord\"}]},{\"@type\":\"WebSite\",\"@id\":\"https:\/\/www.welovecycling.com\/hu\/#website\",\"url\":\"https:\/\/www.welovecycling.com\/hu\/\",\"name\":\"\u0160koda We Love Cycling - Magyarorsz\u00e1g\",\"description\":\"\u0160koda WeLoveCycling\",\"potentialAction\":[{\"@type\":\"SearchAction\",\"target\":{\"@type\":\"EntryPoint\",\"urlTemplate\":\"https:\/\/www.welovecycling.com\/hu\/?s={search_term_string}\"},\"query-input\":{\"@type\":\"PropertyValueSpecification\",\"valueRequired\":true,\"valueName\":\"search_term_string\"}}],\"inLanguage\":\"hu\"},{\"@type\":\"Person\",\"@id\":\"https:\/\/www.welovecycling.com\/hu\/#\/schema\/person\/414a2aebf1801691a5320edb6468e194\",\"name\":\"hegyizs\",\"image\":{\"@type\":\"ImageObject\",\"inLanguage\":\"hu\",\"@id\":\"https:\/\/www.welovecycling.com\/hu\/#\/schema\/person\/image\/\",\"url\":\"https:\/\/secure.gravatar.com\/avatar\/02cf8a7906b8cf90cecb4679defac7cfd33a1c2e3b88e4903d947f3bb58eedd3?s=96&d=mm&r=g\",\"contentUrl\":\"https:\/\/secure.gravatar.com\/avatar\/02cf8a7906b8cf90cecb4679defac7cfd33a1c2e3b88e4903d947f3bb58eedd3?s=96&d=mm&r=g\",\"caption\":\"hegyizs\"},\"url\":\"https:\/\/www.welovecycling.com\/hu\/author\/hegyizs\/\"}]}<\/script>\n<!-- \/ Yoast SEO Premium plugin. -->","yoast_head_json":{"title":"Cavendish visszavonul, f\u00fcgg\u0151ben marad a Tour-rekord","description":"Minden id\u0151k egyik legnagyobb sprintere \u00e9v v\u00e9g\u00e9n befejezi p\u00e1ratlan p\u00e1lyafut\u00e1s\u00e1t, f\u00fcggetlen\u00fcl att\u00f3l, hogy a ny\u00e1ri Tour de France-on siker\u00fcl-e a t\u00f6rt\u00e9nelmi cs\u00facsd\u00f6nt\u00e9s.","robots":{"index":"index","follow":"follow","max-snippet":"max-snippet:-1","max-image-preview":"max-image-preview:large","max-video-preview":"max-video-preview:-1"},"canonical":"https:\/\/www.welovecycling.com\/hu\/orszaguti-kerekpar\/cavendish-visszavonul-fuggoben-marad-a-tour-rekord\/","og_locale":"hu_HU","og_type":"article","og_title":"Cavendish visszavonul, f\u00fcgg\u0151ben marad a Tour-rekord","og_description":"Minden id\u0151k egyik legnagyobb sprintere \u00e9v v\u00e9g\u00e9n befejezi p\u00e1ratlan p\u00e1lyafut\u00e1s\u00e1t, f\u00fcggetlen\u00fcl att\u00f3l, hogy a ny\u00e1ri Tour de France-on siker\u00fcl-e a t\u00f6rt\u00e9nelmi cs\u00facsd\u00f6nt\u00e9s.","og_url":"https:\/\/www.welovecycling.com\/hu\/orszaguti-kerekpar\/cavendish-visszavonul-fuggoben-marad-a-tour-rekord\/","og_site_name":"\u0160koda We Love Cycling - Magyarorsz\u00e1g","article_publisher":"https:\/\/www.facebook.com\/WeLoveCyclingHungary\/","article_published_time":"2023-05-26T14:11:47+00:00","og_image":[{"width":1024,"height":576,"url":"https:\/\/d2p6e6u75xmxt8.cloudfront.net\/12\/2023\/05\/7856bd6b68.webp","type":"image\/webp"}],"author":"hegyizs","twitter_card":"summary_large_image","twitter_misc":{"Written by":"WLC","Est. reading time":"3 minutes"},"schema":{"@context":"https:\/\/schema.org","@graph":[{"@type":"WebPage","@id":"https:\/\/www.welovecycling.com\/hu\/orszaguti-kerekpar\/cavendish-visszavonul-fuggoben-marad-a-tour-rekord\/","url":"https:\/\/www.welovecycling.com\/hu\/orszaguti-kerekpar\/cavendish-visszavonul-fuggoben-marad-a-tour-rekord\/","name":"Cavendish visszavonul, f\u00fcgg\u0151ben marad a Tour-rekord","isPartOf":{"@id":"https:\/\/www.welovecycling.com\/hu\/#website"},"primaryImageOfPage":{"@id":"https:\/\/www.welovecycling.com\/hu\/orszaguti-kerekpar\/cavendish-visszavonul-fuggoben-marad-a-tour-rekord\/#primaryimage"},"image":{"@id":"https:\/\/www.welovecycling.com\/hu\/orszaguti-kerekpar\/cavendish-visszavonul-fuggoben-marad-a-tour-rekord\/#primaryimage"},"thumbnailUrl":"https:\/\/d2p6e6u75xmxt8.cloudfront.net\/12\/2023\/05\/7856bd6b68.webp","datePublished":"2023-05-26T14:11:47+00:00","author":{"@id":"https:\/\/www.welovecycling.com\/hu\/#\/schema\/person\/414a2aebf1801691a5320edb6468e194"},"description":"Minden id\u0151k egyik legnagyobb sprintere \u00e9v v\u00e9g\u00e9n befejezi p\u00e1ratlan p\u00e1lyafut\u00e1s\u00e1t, f\u00fcggetlen\u00fcl att\u00f3l, hogy a ny\u00e1ri Tour de France-on siker\u00fcl-e a t\u00f6rt\u00e9nelmi cs\u00facsd\u00f6nt\u00e9s.","breadcrumb":{"@id":"https:\/\/www.welovecycling.com\/hu\/orszaguti-kerekpar\/cavendish-visszavonul-fuggoben-marad-a-tour-rekord\/#breadcrumb"},"inLanguage":"hu","potentialAction":[{"@type":"ReadAction","target":["https:\/\/www.welovecycling.com\/hu\/orszaguti-kerekpar\/cavendish-visszavonul-fuggoben-marad-a-tour-rekord\/"]}]},{"@type":"ImageObject","inLanguage":"hu","@id":"https:\/\/www.welovecycling.com\/hu\/orszaguti-kerekpar\/cavendish-visszavonul-fuggoben-marad-a-tour-rekord\/#primaryimage","url":"https:\/\/d2p6e6u75xmxt8.cloudfront.net\/12\/2023\/05\/7856bd6b68.webp","contentUrl":"https:\/\/d2p6e6u75xmxt8.cloudfront.net\/12\/2023\/05\/7856bd6b68.webp","width":1024,"height":576},{"@type":"BreadcrumbList","@id":"https:\/\/www.welovecycling.com\/hu\/orszaguti-kerekpar\/cavendish-visszavonul-fuggoben-marad-a-tour-rekord\/#breadcrumb","itemListElement":[{"@type":"ListItem","position":1,"name":"Home","item":"https:\/\/www.welovecycling.com\/hu\/"},{"@type":"ListItem","position":2,"name":"Cavendish visszavonul, f\u00fcgg\u0151ben marad a Tour-rekord"}]},{"@type":"WebSite","@id":"https:\/\/www.welovecycling.com\/hu\/#website","url":"https:\/\/www.welovecycling.com\/hu\/","name":"\u0160koda We Love Cycling - Magyarorsz\u00e1g","description":"\u0160koda WeLoveCycling","potentialAction":[{"@type":"SearchAction","target":{"@type":"EntryPoint","urlTemplate":"https:\/\/www.welovecycling.com\/hu\/?s={search_term_string}"},"query-input":{"@type":"PropertyValueSpecification","valueRequired":true,"valueName":"search_term_string"}}],"inLanguage":"hu"},{"@type":"Person","@id":"https:\/\/www.welovecycling.com\/hu\/#\/schema\/person\/414a2aebf1801691a5320edb6468e194","name":"hegyizs","image":{"@type":"ImageObject","inLanguage":"hu","@id":"https:\/\/www.welovecycling.com\/hu\/#\/schema\/person\/image\/","url":"https:\/\/secure.gravatar.com\/avatar\/02cf8a7906b8cf90cecb4679defac7cfd33a1c2e3b88e4903d947f3bb58eedd3?s=96&d=mm&r=g","contentUrl":"https:\/\/secure.gravatar.com\/avatar\/02cf8a7906b8cf90cecb4679defac7cfd33a1c2e3b88e4903d947f3bb58eedd3?s=96&d=mm&r=g","caption":"hegyizs"},"url":"https:\/\/www.welovecycling.com\/hu\/author\/hegyizs\/"}]}},"_links":{"self":[{"href":"https:\/\/www.welovecycling.com\/hu\/wp-json\/wp\/v2\/posts\/17454","targetHints":{"allow":["GET"]}}],"collection":[{"href":"https:\/\/www.welovecycling.com\/hu\/wp-json\/wp\/v2\/posts"}],"about":[{"href":"https:\/\/www.welovecycling.com\/hu\/wp-json\/wp\/v2\/types\/post"}],"author":[{"embeddable":true,"href":"https:\/\/www.welovecycling.com\/hu\/wp-json\/wp\/v2\/users\/71"}],"replies":[{"embeddable":true,"href":"https:\/\/www.welovecycling.com\/hu\/wp-json\/wp\/v2\/comments?post=17454"}],"version-history":[{"count":1,"href":"https:\/\/www.welovecycling.com\/hu\/wp-json\/wp\/v2\/posts\/17454\/revisions"}],"predecessor-version":[{"id":17455,"href":"https:\/\/www.welovecycling.com\/hu\/wp-json\/wp\/v2\/posts\/17454\/revisions\/17455"}],"wp:featuredmedia":[{"embeddable":true,"href":"https:\/\/www.welovecycling.com\/hu\/wp-json\/wp\/v2\/media\/17453"}],"wp:attachment":[{"href":"https:\/\/www.welovecycling.com\/hu\/wp-json\/wp\/v2\/media?parent=17454"}],"wp:term":[{"taxonomy":"category","embeddable":true,"href":"https:\/\/www.welovecycling.com\/hu\/wp-json\/wp\/v2\/categories?post=17454"},{"taxonomy":"post_tag","embeddable":true,"href":"https:\/\/www.welovecycling.com\/hu\/wp-json\/wp\/v2\/tags?post=17454"},{"taxonomy":"global-categories","embeddable":true,"href":"https:\/\/www.welovecycling.com\/hu\/wp-json\/wp\/v2\/global-categories?post=17454"}],"curies":[{"name":"wp","href":"https:\/\/api.w.org\/{rel}","templated":true}]}}