{"id":17446,"date":"2023-05-31T08:00:53","date_gmt":"2023-05-31T06:00:53","guid":{"rendered":"https:\/\/www.welovecycling.com\/hu\/?p=17446"},"modified":"2023-05-24T13:34:44","modified_gmt":"2023-05-24T11:34:44","slug":"pro-es-kontra-kozos-biciklizes-a-paroddal","status":"publish","type":"post","link":"https:\/\/www.welovecycling.com\/hu\/kozosseg-es-kultura\/pro-es-kontra-kozos-biciklizes-a-paroddal\/","title":{"rendered":"Pro \u00e9s kontra: K\u00f6z\u00f6s bicikliz\u00e9s a p\u00e1roddal"},"content":{"rendered":"<p><strong>Ker\u00e9kp\u00e1rosk\u00e9nt nagyon szerencs\u00e9snek tartom magam, hogy van egy olyan \u00e9lett\u00e1rsam, aki szint\u00e9n biciklizik. \u00c9s ha a te p\u00e1rod is bring\u00e1s, akkor te is szerencs\u00e9s vagy. A legt\u00f6bb ker\u00e9kp\u00e1rosnak nincs olyan szem\u00e9ly az \u00e9let\u00e9ben, aki meg\u00e9rten\u00e9 a szenved\u00e9ly\u00fcket.<\/strong><\/p>\n<p><!--more--><\/p>\n<p>Legt\u00f6bbsz\u00f6r egy\u00fctt teker\u00fcnk, annak ellen\u00e9re, hogy m\u00e1sok az er\u0151ss\u00e9geink. Ez pedig kih\u00edv\u00e1sokkal j\u00e1r. De mint minden kapcsolatban, semmi sem t\u00f6k\u00e9letes. Van, hogy n\u00e9ha ink\u00e1bb egyed\u00fcl szeretek biciklizni. Az al\u00e1bbiakban felsorolom a p\u00e1roddal val\u00f3 bicikliz\u00e9s el\u0151nyeit \u00e9s h\u00e1tr\u00e1nyait.<\/p>\n<h2><strong>El\u0151ny\u00f6k<\/strong><\/h2>\n<h4><strong>1. Nem kell figyelni az \u00f3r\u00e1t<\/strong><\/h4>\n<p>Hallott\u00e1l m\u00e1r a ker\u00e9kp\u00e1ros \u00f6zvegyekr\u0151l? Ez a kifejez\u00e9s azokra a p\u00e1rokat jellemzi, ahol csak az egyik\u00fck biciklizik. Az \u00f6zvegy otthon marad hossz\u00fa \u00f3r\u00e1kra vagy ak\u00e1r egy eg\u00e9sz napra, \u00e9s v\u00e1rja, hogy a m\u00e1sik visszat\u00e9rjen. Mintha a partner\u00fck egy\u00e1ltal\u00e1n nem is l\u00e9tezne h\u00e9tv\u00e9g\u00e9n vagy \u00fcnnepnapokon. Azt mondt\u00e1k, hogy 4 \u00f3r\u00e1ra haza\u00e9rnek. Fogy a t\u00fcrelem, ahogy telik az id\u0151..<\/p>\n<p>Ha egy\u00fctt bicikliztek, senki sem otthon b\u00e1mulja az \u00f3r\u00e1t, \u00e9s nem t\u0171n\u0151dik azon, hol tart\u00f3zkodik a m\u00e1sik, \u00e9s neked sem kell folyton saj\u00e1t \u00f3r\u00e1dat lesned, hogy mikor kell hazaindulnod, hogy vissza\u00e9rj a megbesz\u00e9lt id\u0151pontra. Szeretn\u00e9l meg\u00e1llni egy k\u00e1v\u00e9ra vagy felfedezni egy \u00faj utat? Semmi gond. A csal\u00e1di vagy t\u00e1rsas\u00e1gi k\u00f6telezetts\u00e9geket a bicikliz\u00e9s id\u0151pontja k\u00f6r\u00e9 tervezhetitek, \u00e9s ha elk\u00e9stek, mindketten k\u00e9snek, \u00e9s egyik\u0151t\u00f6k sem fog bosszankodni ezen.<\/p>\n<h4><strong>2. Megmentheti a kapcsolatot<\/strong><\/h4>\n<p>A bicikliz\u00e9s egy olyan tev\u00e9kenys\u00e9g, amit az emberek b\u00e1rmilyen \u00e9letkorban egy\u00fctt tudnak v\u00e9gezni. Fantasztikus m\u00f3dja annak, hogy kimozduljunk, \u00e9s min\u0151s\u00e9gi id\u0151t t\u00f6lts\u00fcnk egy\u00fctt, mik\u00f6zben pozit\u00edv hat\u00e1st gyakorlunk az eg\u00e9szs\u00e9g\u00fcnkre \u00e9s az agyunkra. Az igazi csattan\u00f3? Gyerekkompatibilis is, \u00edgy a teljes csal\u00e1ddal is egy\u00fctt \u0171zhetitek.<\/p>\n<p>\u00c9s ma m\u00e1r az elektromos biciklik is lehet\u0151s\u00e9get adnak a ker\u00e9kp\u00e1ros \u00f6zvegyeknek arra, hogy csatlakozzanak kedves\u00fckh\u00f6z. Lehet, hogy a bicikliz\u00e9s nem a kedvenc tev\u00e9kenys\u00e9g\u00fck, de egy elektromos ker\u00e9kp\u00e1ron k\u00e9pesek tartani a temp\u00f3t, m\u00e9g akkor is, ha te m\u00e1r tapasztalt ker\u00e9kp\u00e1ros vagy, \u0151k pedig nem. \u00d3r\u00e1kon \u00e1t kell \u00edgy tekerni? Nem, de n\u00e9h\u00e1ny kilom\u00e9ter, pihen\u00e9sk\u00e9ppen egy k\u00e1v\u00e9z\u00f3val vagy kellemes eb\u00e9ddel csod\u00e1latos min\u0151s\u00e9gi id\u0151t jelentl. Az elektromos ker\u00e9kp\u00e1r nem olcs\u00f3 megold\u00e1s, de val\u00f3sz\u00edn\u0171leg egyen\u00e9rt\u00e9k\u0171 vagy olcs\u00f3bb, mint kifizetni egy p\u00e1rterapeut\u00e1t vagy egy v\u00e1l\u00f3peres \u00fcgyv\u00e9det. \u00c9s ki tudja? Lehet, hogy v\u00e9g\u00fcl \u0151k is beleszeretnek a sportba.<\/p>\n<h4><strong>3. Biciklis v\u00e1s\u00e1rl\u00e1sok<\/strong><\/h4>\n<p>L\u00e1ttam vicceket k\u00f6z\u00f6ss\u00e9gi m\u00e9di\u00e1n arr\u00f3l, hogy a ker\u00e9kp\u00e1rosok hogyan rejtik el a biciklivel kapcsolatos v\u00e1s\u00e1rl\u00e1sokr\u00f3l sz\u00f3l\u00f3 blokkokat a h\u00e1ztart\u00e1s t\u00f6bbi tagja el\u0151l. Amikor a p\u00e1rod is biciklizik, ez nem probl\u00e9ma. Ezek nem mindennapi befektet\u00e9sek, de amikor elj\u00f6n az ideje, akkor nincs mit tenni. A legt\u00f6bb esetben nem kell magyar\u00e1zkodnod. A p\u00e1rod is \u00e9rti.<\/p>\n<h4><strong>4. Ker\u00e9kp\u00e1rok a h\u00e1zban \u00e9s a h\u00e1z k\u00f6r\u00fcl<\/strong><\/h4>\n<p>A lak\u00e1sunk nem t\u00fal nagy, \u00e9s nincs gar\u00e1zsunk. Egy nagyv\u00e1rosi lak\u00e1sban \u00e9l\u00fcnk. A hely korl\u00e1tozott, de n\u00e9gy ker\u00e9kp\u00e1rral osztozunk rajta. Be kell vallanom, hogy nincsenek gyerekeink, ami m\u00e9g hozz\u00e1adna a helyzethez. De soha senki sem panaszkodott arra, hogy a ker\u00e9kp\u00e1r, a ker\u00e9kp\u00e1rok, a kerekek vagy m\u00e1s bicikliz\u00e9ssel kapcsolatos dolgok elfoglalj\u00e1k a helyet.<\/p>\n<h4><strong>5. K\u00f6nny\u0171 megtervezni a nyaral\u00e1sokat<\/strong><\/h4>\n<p>Nem utazunk rendszeresen, de ha m\u00e9gis, k\u00f6nnyen meg tudjuk tervezni a vak\u00e1ci\u00f3t, amikbe \u00e1ltal\u00e1ban a ker\u00e9kp\u00e1rokat is bevonjuk. Van egy hossz\u00fa list\u00e1nk a F\u00f6ld\u00f6n tal\u00e1lhat\u00f3 gy\u00f6ny\u00f6r\u0171 helyekr\u0151l, ahol ker\u00e9kp\u00e1rozhatunk. Csak abban kell megegyezn\u00fcnk, hogy hov\u00e1 menj\u00fcnk, azt pedig tudjuk, hogy mit fogunk csin\u00e1lni, amikor oda\u00e9r\u00fcnk.<\/p>\n<figure id=\"attachment_17447\" aria-describedby=\"caption-attachment-17447\" style=\"width: 1000px\" class=\"wp-caption alignnone\"><a href=\"https:\/\/d2p6e6u75xmxt8.cloudfront.net\/12\/2023\/05\/profimedia-0428073729.webp\"><img loading=\"lazy\" decoding=\"async\" class=\"size-full wp-image-17447\" src=\"https:\/\/d2p6e6u75xmxt8.cloudfront.net\/12\/2023\/05\/profimedia-0428073729.webp\" alt=\"\" width=\"1000\" height=\"563\" srcset=\"https:\/\/d2p6e6u75xmxt8.cloudfront.net\/12\/2023\/05\/profimedia-0428073729.webp 1000w, https:\/\/d2p6e6u75xmxt8.cloudfront.net\/12\/2023\/05\/profimedia-0428073729-300x169.webp 300w, https:\/\/d2p6e6u75xmxt8.cloudfront.net\/12\/2023\/05\/profimedia-0428073729-768x432.webp 768w, https:\/\/d2p6e6u75xmxt8.cloudfront.net\/12\/2023\/05\/profimedia-0428073729-400x225.webp 400w\" sizes=\"auto, (max-width: 1000px) 100vw, 1000px\" \/><\/a><figcaption id=\"caption-attachment-17447\" class=\"wp-caption-text\"><button class=\"lmt__translations_as_text__text_btn\" lang=\"hu-HU\" aria-description=\"Click to apply\">Egy\u00fctt tekersz a p\u00e1roddal?<\/button> \u00a9 Gorilla \/ DPphoto \/ Profimedia<\/figcaption><\/figure>\n<h2><strong>H\u00e1tr\u00e1nyok<\/strong><\/h2>\n<h4><strong>1. K\u00fcl\u00f6nb\u00f6z\u0151 er\u0151ss\u00e9gek<\/strong><\/h4>\n<p>Mi egy f\u00e9rfi-n\u0151 kapcsolatban vagyunk. B\u00e1r ez nem vonatkozik mindenkire, n\u00e1lunk a p\u00e1rom k\u00e9ts\u00e9gtelen\u00fcl er\u0151sebb n\u00e1lam a hegyekben, de ritk\u00e1n mutatja ezt ki. Mellettem vagy m\u00f6g\u00f6ttem marad, \u00edgy \u00e9n adom a temp\u00f3t. Azokon a napokon, amikor sz\u00e1guldani akar, \u0151 \u00e9r fel el\u0151sz\u00f6r, de mindig megv\u00e1r a hegy tetej\u00e9n.<\/p>\n<p>Ezzel szemben \u00e9n im\u00e1dok gyorsan ereszkedni a lejt\u0151k\u00f6n, \u0151 pedig nem szereti a sebess\u00e9get. Most \u00e9n vagyok az, aki v\u00e1rok r\u00e1 a hegy l\u00e1b\u00e1n\u00e1l. El\u0151fordul, hogy ak\u00e1r 10 percet is. Kihaszn\u00e1lom az id\u0151t arra, hogy egyek valamit, hidrat\u00e1ljak vagy elovlassam az \u00fczeneteimet.<\/p>\n<h4><strong>2. Egy\u00e9ni ritmusok<\/strong><\/h4>\n<p>Mindenki a saj\u00e1t temp\u00f3j\u00e1ban halad, vagy legal\u00e1bbis \u00edgy kellene, hogy ne \u00e9gj\u00fcnk ki idejekor\u00e1n. Lehet, hogy egy ideig tartod a l\u00e9p\u00e9st, de amikor a szervezeted az utols\u00f3kat r\u00fagja, k\u00e9nytelen vagy feladni. M\u00e9g egy kis k\u00fcl\u00f6nbs\u00e9g a ritmusban is zavarhatja a temp\u00f3d, k\u00fcl\u00f6n\u00f6sen hegynek fel. Amikor ez t\u00f6rt\u00e9nik, szinte lehetetlen egy\u00fctt biciklizni.<\/p>\n<p>Szeretn\u00e9m id\u0151nk\u00e9nt felp\u00f6rgetni magam, \u00e9s mellette tekerni, az \u0151 temp\u00f3j\u00e1ban, de nem hagyja. Amikor er\u0151lk\u00f6d\u00f6m, ott van mellettem, hi\u00e1ba k\u00e9rem, hogy menjen csak gyorsabban, azt mondja, nem tud, ami abszurd. Meg\u0151rj\u00edt.<\/p>\n<p>N\u00e9ha, amikor m\u00e9gis beleegyezik, hogy \u0151 menjen el\u0151l, amint el\u00e9m ker\u00fcl, lelass\u00edt. Azt mondja, hogy ez nem igaz, de \u00e9n tudom, hogy igen. A l\u00e1bak nem hazudnak. V\u00e9g\u00fcl beismeri, hogy egyszer\u0171en azt akarja, hogy a saj\u00e1t temp\u00f3mban biciklizzek. K\u00f6sz\u00f6n\u00f6m, de \u00e9n itt fejl\u0151dni pr\u00f3b\u00e1lok!<\/p>\n<h4><strong>3. K\u00fcl\u00f6nb\u00f6z\u0151 megk\u00f6zel\u00edt\u00e9sek<\/strong><\/h4>\n<p>Neki nincs jogos\u00edtv\u00e1nya, nekem viszont van. Ez magyar\u00e1zhatja a k\u00fcl\u00f6nbs\u00e9geket abban, hogy hogyan kezel\u00fcnk bizonyos k\u00f6zleked\u00e9si helyzeteket, p\u00e9ld\u00e1ul egy k\u00f6rforgalmat. \u00c9n a k\u00fcls\u0151 \u00edvre tartok, m\u00edg \u0151 beljebb megy. Ez elv\u00e1laszt minket a k\u00f6zleked\u00e9sben, ami nem ide\u00e1lis.<\/p>\n<p>Szerintem amit \u0151 csin\u00e1l, az vesz\u00e9lyes, sebezhet\u0151v\u00e9 tesz minket. \u0150 ugyanezt gondolja, csak az \u00e9n d\u00f6nt\u00e9seimr\u0151l. Mindkett\u0151nk szerint, mi csin\u00e1ljuk j\u00f3l, \u00e9s ez id\u0151nk\u00e9nt vit\u00e1khoz vezet. Senki sem akarja azt \u00e9rezni vagy l\u00e1tni, hogy a partnere vesz\u00e9lybe ker\u00fcl.<\/p>\n<h4><strong>4. N\u00e9mi f\u00e9lt\u00e9kenys\u00e9g<\/strong><\/h4>\n<p>Az, hogy \u0151 er\u0151sebb n\u00e1lam a dombokon, ritk\u00e1n okoz gondot. De beismerem, hogy id\u0151nk\u00e9nt el\u0151t\u00f6r a z\u00f6ld szem\u0171 sz\u00f6rny, \u00e9s rosszkedv\u0171 leszek. Ez \u00e1ltal\u00e1ban akkor t\u00f6rt\u00e9nik, amikor nem megy j\u00f3l a bicikliz\u00e9s. Vagy amikor nagyszer\u0171en m\u00e1szok \u00e9s azt hiszem, hogy le tudtam hagyni!<\/p>\n<p>De becsapom magam. Csak teret ad nekem. Amikor k\u00f6zel\u00edtek a cs\u00facshoz, hirtelen el\u0151bukkan, \u00e9s ott van \u00fajra a nyomomban. F\u00e9lt\u00e9keny vagyok a f\u00e9rjem er\u0151nl\u00e9t\u00e9re a ker\u00e9kp\u00e1ron, \u00e9s szeretn\u00e9m tudni, milyen \u00e9rz\u00e9s ilyen k\u00f6nnyen m\u00e1szni, csak egyszer.<\/p>\n<p>Nem lenne j\u00f3, ha a partnered olvashatn\u00e1 a gondolataidat? Akkor tudn\u00e1, mikor kell lelass\u00edtani, gyors\u00edtani. Azt hiszem, gyorsan unalmass\u00e1 v\u00e1lna, sz\u00f3val \u00e9ljenek a k\u00fcl\u00f6nbs\u00e9gek. Nem cser\u00e9ln\u00e9m el a helyzetemet semmi\u00e9rt a vil\u00e1gon. A te list\u00e1don mik vannak?<\/p>\n","protected":false},"excerpt":{"rendered":"<p>Ker\u00e9kp\u00e1rosk\u00e9nt nagyon szerencs\u00e9snek tartom magam, hogy van egy olyan \u00e9lett\u00e1rsam, aki szint\u00e9n biciklizik. \u00c9s ha a te p\u00e1rod is bring\u00e1s, [&hellip;]<\/p>\n","protected":false},"author":71,"featured_media":17449,"comment_status":"open","ping_status":"open","sticky":false,"template":"","format":"standard","meta":{"footnotes":""},"categories":[12],"tags":[],"global-categories":[],"class_list":["post-17446","post","type-post","status-publish","format-standard","has-post-thumbnail","hentry","category-kozosseg-es-kultura"],"yoast_head":"<!-- This site is optimized with the Yoast SEO Premium plugin v25.3 (Yoast SEO v25.9) - https:\/\/yoast.com\/wordpress\/plugins\/seo\/ -->\n<title>Pro \u00e9s kontra: K\u00f6z\u00f6s bicikliz\u00e9s a p\u00e1roddal<\/title>\n<meta name=\"description\" content=\"Ker\u00e9kp\u00e1rosk\u00e9nt nagyon szerencs\u00e9snek tartom magam, hogy van egy olyan \u00e9lett\u00e1rsam, aki szint\u00e9n biciklizik. \u00c9s ha a te p\u00e1rod is bring\u00e1s, akkor te is szerencs\u00e9s vagy. A legt\u00f6bb ker\u00e9kp\u00e1rosnak nincs olyan szem\u00e9ly az \u00e9let\u00e9ben, aki meg\u00e9rten\u00e9 a szenved\u00e9ly\u00fcket.\" \/>\n<meta name=\"robots\" content=\"index, follow, max-snippet:-1, max-image-preview:large, max-video-preview:-1\" \/>\n<link rel=\"canonical\" href=\"https:\/\/www.welovecycling.com\/hu\/kozosseg-es-kultura\/pro-es-kontra-kozos-biciklizes-a-paroddal\/\" \/>\n<meta property=\"og:locale\" content=\"hu_HU\" \/>\n<meta property=\"og:type\" content=\"article\" \/>\n<meta property=\"og:title\" content=\"Pro \u00e9s kontra: K\u00f6z\u00f6s bicikliz\u00e9s a p\u00e1roddal\" \/>\n<meta property=\"og:description\" content=\"Ker\u00e9kp\u00e1rosk\u00e9nt nagyon szerencs\u00e9snek tartom magam, hogy van egy olyan \u00e9lett\u00e1rsam, aki szint\u00e9n biciklizik. \u00c9s ha a te p\u00e1rod is bring\u00e1s, akkor te is szerencs\u00e9s vagy. A legt\u00f6bb ker\u00e9kp\u00e1rosnak nincs olyan szem\u00e9ly az \u00e9let\u00e9ben, aki meg\u00e9rten\u00e9 a szenved\u00e9ly\u00fcket.\" \/>\n<meta property=\"og:url\" content=\"https:\/\/www.welovecycling.com\/hu\/kozosseg-es-kultura\/pro-es-kontra-kozos-biciklizes-a-paroddal\/\" \/>\n<meta property=\"og:site_name\" content=\"\u0160koda We Love Cycling - Magyarorsz\u00e1g\" \/>\n<meta property=\"article:publisher\" content=\"https:\/\/www.facebook.com\/WeLoveCyclingHungary\/\" \/>\n<meta property=\"article:published_time\" content=\"2023-05-31T06:00:53+00:00\" \/>\n<meta property=\"og:image\" content=\"https:\/\/d2p6e6u75xmxt8.cloudfront.net\/12\/2023\/05\/Couple-Riding-Bicycles-profimedia-0773633149-CVR.webp\" \/>\n\t<meta property=\"og:image:width\" content=\"990\" \/>\n\t<meta property=\"og:image:height\" content=\"660\" \/>\n\t<meta property=\"og:image:type\" content=\"image\/webp\" \/>\n<meta name=\"author\" content=\"hegyizs\" \/>\n<meta name=\"twitter:card\" content=\"summary_large_image\" \/>\n<meta name=\"twitter:label1\" content=\"Written by\" \/>\n\t<meta name=\"twitter:data1\" content=\"Andrea Champredonde\" \/>\n\t<meta name=\"twitter:label2\" content=\"Est. reading time\" \/>\n\t<meta name=\"twitter:data2\" content=\"5\" \/>\n<script type=\"application\/ld+json\" class=\"yoast-schema-graph\">{\"@context\":\"https:\/\/schema.org\",\"@graph\":[{\"@type\":\"WebPage\",\"@id\":\"https:\/\/www.welovecycling.com\/hu\/kozosseg-es-kultura\/pro-es-kontra-kozos-biciklizes-a-paroddal\/\",\"url\":\"https:\/\/www.welovecycling.com\/hu\/kozosseg-es-kultura\/pro-es-kontra-kozos-biciklizes-a-paroddal\/\",\"name\":\"Pro \u00e9s kontra: K\u00f6z\u00f6s bicikliz\u00e9s a p\u00e1roddal\",\"isPartOf\":{\"@id\":\"https:\/\/www.welovecycling.com\/hu\/#website\"},\"primaryImageOfPage\":{\"@id\":\"https:\/\/www.welovecycling.com\/hu\/kozosseg-es-kultura\/pro-es-kontra-kozos-biciklizes-a-paroddal\/#primaryimage\"},\"image\":{\"@id\":\"https:\/\/www.welovecycling.com\/hu\/kozosseg-es-kultura\/pro-es-kontra-kozos-biciklizes-a-paroddal\/#primaryimage\"},\"thumbnailUrl\":\"https:\/\/d2p6e6u75xmxt8.cloudfront.net\/12\/2023\/05\/Couple-Riding-Bicycles-profimedia-0773633149-CVR.webp\",\"datePublished\":\"2023-05-31T06:00:53+00:00\",\"author\":{\"@id\":\"https:\/\/www.welovecycling.com\/hu\/#\/schema\/person\/414a2aebf1801691a5320edb6468e194\"},\"description\":\"Ker\u00e9kp\u00e1rosk\u00e9nt nagyon szerencs\u00e9snek tartom magam, hogy van egy olyan \u00e9lett\u00e1rsam, aki szint\u00e9n biciklizik. \u00c9s ha a te p\u00e1rod is bring\u00e1s, akkor te is szerencs\u00e9s vagy. A legt\u00f6bb ker\u00e9kp\u00e1rosnak nincs olyan szem\u00e9ly az \u00e9let\u00e9ben, aki meg\u00e9rten\u00e9 a szenved\u00e9ly\u00fcket.\",\"breadcrumb\":{\"@id\":\"https:\/\/www.welovecycling.com\/hu\/kozosseg-es-kultura\/pro-es-kontra-kozos-biciklizes-a-paroddal\/#breadcrumb\"},\"inLanguage\":\"hu\",\"potentialAction\":[{\"@type\":\"ReadAction\",\"target\":[\"https:\/\/www.welovecycling.com\/hu\/kozosseg-es-kultura\/pro-es-kontra-kozos-biciklizes-a-paroddal\/\"]}]},{\"@type\":\"ImageObject\",\"inLanguage\":\"hu\",\"@id\":\"https:\/\/www.welovecycling.com\/hu\/kozosseg-es-kultura\/pro-es-kontra-kozos-biciklizes-a-paroddal\/#primaryimage\",\"url\":\"https:\/\/d2p6e6u75xmxt8.cloudfront.net\/12\/2023\/05\/Couple-Riding-Bicycles-profimedia-0773633149-CVR.webp\",\"contentUrl\":\"https:\/\/d2p6e6u75xmxt8.cloudfront.net\/12\/2023\/05\/Couple-Riding-Bicycles-profimedia-0773633149-CVR.webp\",\"width\":990,\"height\":660,\"caption\":\"A couple on a bicycle ride\"},{\"@type\":\"BreadcrumbList\",\"@id\":\"https:\/\/www.welovecycling.com\/hu\/kozosseg-es-kultura\/pro-es-kontra-kozos-biciklizes-a-paroddal\/#breadcrumb\",\"itemListElement\":[{\"@type\":\"ListItem\",\"position\":1,\"name\":\"Home\",\"item\":\"https:\/\/www.welovecycling.com\/hu\/\"},{\"@type\":\"ListItem\",\"position\":2,\"name\":\"Pro \u00e9s kontra: K\u00f6z\u00f6s bicikliz\u00e9s a p\u00e1roddal\"}]},{\"@type\":\"WebSite\",\"@id\":\"https:\/\/www.welovecycling.com\/hu\/#website\",\"url\":\"https:\/\/www.welovecycling.com\/hu\/\",\"name\":\"\u0160koda We Love Cycling - Magyarorsz\u00e1g\",\"description\":\"\u0160koda WeLoveCycling\",\"potentialAction\":[{\"@type\":\"SearchAction\",\"target\":{\"@type\":\"EntryPoint\",\"urlTemplate\":\"https:\/\/www.welovecycling.com\/hu\/?s={search_term_string}\"},\"query-input\":{\"@type\":\"PropertyValueSpecification\",\"valueRequired\":true,\"valueName\":\"search_term_string\"}}],\"inLanguage\":\"hu\"},{\"@type\":\"Person\",\"@id\":\"https:\/\/www.welovecycling.com\/hu\/#\/schema\/person\/414a2aebf1801691a5320edb6468e194\",\"name\":\"hegyizs\",\"image\":{\"@type\":\"ImageObject\",\"inLanguage\":\"hu\",\"@id\":\"https:\/\/www.welovecycling.com\/hu\/#\/schema\/person\/image\/\",\"url\":\"https:\/\/secure.gravatar.com\/avatar\/02cf8a7906b8cf90cecb4679defac7cfd33a1c2e3b88e4903d947f3bb58eedd3?s=96&d=mm&r=g\",\"contentUrl\":\"https:\/\/secure.gravatar.com\/avatar\/02cf8a7906b8cf90cecb4679defac7cfd33a1c2e3b88e4903d947f3bb58eedd3?s=96&d=mm&r=g\",\"caption\":\"hegyizs\"},\"url\":\"https:\/\/www.welovecycling.com\/hu\/author\/hegyizs\/\"}]}<\/script>\n<!-- \/ Yoast SEO Premium plugin. -->","yoast_head_json":{"title":"Pro \u00e9s kontra: K\u00f6z\u00f6s bicikliz\u00e9s a p\u00e1roddal","description":"Ker\u00e9kp\u00e1rosk\u00e9nt nagyon szerencs\u00e9snek tartom magam, hogy van egy olyan \u00e9lett\u00e1rsam, aki szint\u00e9n biciklizik. \u00c9s ha a te p\u00e1rod is bring\u00e1s, akkor te is szerencs\u00e9s vagy. A legt\u00f6bb ker\u00e9kp\u00e1rosnak nincs olyan szem\u00e9ly az \u00e9let\u00e9ben, aki meg\u00e9rten\u00e9 a szenved\u00e9ly\u00fcket.","robots":{"index":"index","follow":"follow","max-snippet":"max-snippet:-1","max-image-preview":"max-image-preview:large","max-video-preview":"max-video-preview:-1"},"canonical":"https:\/\/www.welovecycling.com\/hu\/kozosseg-es-kultura\/pro-es-kontra-kozos-biciklizes-a-paroddal\/","og_locale":"hu_HU","og_type":"article","og_title":"Pro \u00e9s kontra: K\u00f6z\u00f6s bicikliz\u00e9s a p\u00e1roddal","og_description":"Ker\u00e9kp\u00e1rosk\u00e9nt nagyon szerencs\u00e9snek tartom magam, hogy van egy olyan \u00e9lett\u00e1rsam, aki szint\u00e9n biciklizik. \u00c9s ha a te p\u00e1rod is bring\u00e1s, akkor te is szerencs\u00e9s vagy. A legt\u00f6bb ker\u00e9kp\u00e1rosnak nincs olyan szem\u00e9ly az \u00e9let\u00e9ben, aki meg\u00e9rten\u00e9 a szenved\u00e9ly\u00fcket.","og_url":"https:\/\/www.welovecycling.com\/hu\/kozosseg-es-kultura\/pro-es-kontra-kozos-biciklizes-a-paroddal\/","og_site_name":"\u0160koda We Love Cycling - Magyarorsz\u00e1g","article_publisher":"https:\/\/www.facebook.com\/WeLoveCyclingHungary\/","article_published_time":"2023-05-31T06:00:53+00:00","og_image":[{"width":990,"height":660,"url":"https:\/\/d2p6e6u75xmxt8.cloudfront.net\/12\/2023\/05\/Couple-Riding-Bicycles-profimedia-0773633149-CVR.webp","type":"image\/webp"}],"author":"hegyizs","twitter_card":"summary_large_image","twitter_misc":{"Written by":"Andrea Champredonde","Est. reading time":"5"},"schema":{"@context":"https:\/\/schema.org","@graph":[{"@type":"WebPage","@id":"https:\/\/www.welovecycling.com\/hu\/kozosseg-es-kultura\/pro-es-kontra-kozos-biciklizes-a-paroddal\/","url":"https:\/\/www.welovecycling.com\/hu\/kozosseg-es-kultura\/pro-es-kontra-kozos-biciklizes-a-paroddal\/","name":"Pro \u00e9s kontra: K\u00f6z\u00f6s bicikliz\u00e9s a p\u00e1roddal","isPartOf":{"@id":"https:\/\/www.welovecycling.com\/hu\/#website"},"primaryImageOfPage":{"@id":"https:\/\/www.welovecycling.com\/hu\/kozosseg-es-kultura\/pro-es-kontra-kozos-biciklizes-a-paroddal\/#primaryimage"},"image":{"@id":"https:\/\/www.welovecycling.com\/hu\/kozosseg-es-kultura\/pro-es-kontra-kozos-biciklizes-a-paroddal\/#primaryimage"},"thumbnailUrl":"https:\/\/d2p6e6u75xmxt8.cloudfront.net\/12\/2023\/05\/Couple-Riding-Bicycles-profimedia-0773633149-CVR.webp","datePublished":"2023-05-31T06:00:53+00:00","author":{"@id":"https:\/\/www.welovecycling.com\/hu\/#\/schema\/person\/414a2aebf1801691a5320edb6468e194"},"description":"Ker\u00e9kp\u00e1rosk\u00e9nt nagyon szerencs\u00e9snek tartom magam, hogy van egy olyan \u00e9lett\u00e1rsam, aki szint\u00e9n biciklizik. \u00c9s ha a te p\u00e1rod is bring\u00e1s, akkor te is szerencs\u00e9s vagy. A legt\u00f6bb ker\u00e9kp\u00e1rosnak nincs olyan szem\u00e9ly az \u00e9let\u00e9ben, aki meg\u00e9rten\u00e9 a szenved\u00e9ly\u00fcket.","breadcrumb":{"@id":"https:\/\/www.welovecycling.com\/hu\/kozosseg-es-kultura\/pro-es-kontra-kozos-biciklizes-a-paroddal\/#breadcrumb"},"inLanguage":"hu","potentialAction":[{"@type":"ReadAction","target":["https:\/\/www.welovecycling.com\/hu\/kozosseg-es-kultura\/pro-es-kontra-kozos-biciklizes-a-paroddal\/"]}]},{"@type":"ImageObject","inLanguage":"hu","@id":"https:\/\/www.welovecycling.com\/hu\/kozosseg-es-kultura\/pro-es-kontra-kozos-biciklizes-a-paroddal\/#primaryimage","url":"https:\/\/d2p6e6u75xmxt8.cloudfront.net\/12\/2023\/05\/Couple-Riding-Bicycles-profimedia-0773633149-CVR.webp","contentUrl":"https:\/\/d2p6e6u75xmxt8.cloudfront.net\/12\/2023\/05\/Couple-Riding-Bicycles-profimedia-0773633149-CVR.webp","width":990,"height":660,"caption":"A couple on a bicycle ride"},{"@type":"BreadcrumbList","@id":"https:\/\/www.welovecycling.com\/hu\/kozosseg-es-kultura\/pro-es-kontra-kozos-biciklizes-a-paroddal\/#breadcrumb","itemListElement":[{"@type":"ListItem","position":1,"name":"Home","item":"https:\/\/www.welovecycling.com\/hu\/"},{"@type":"ListItem","position":2,"name":"Pro \u00e9s kontra: K\u00f6z\u00f6s bicikliz\u00e9s a p\u00e1roddal"}]},{"@type":"WebSite","@id":"https:\/\/www.welovecycling.com\/hu\/#website","url":"https:\/\/www.welovecycling.com\/hu\/","name":"\u0160koda We Love Cycling - Magyarorsz\u00e1g","description":"\u0160koda WeLoveCycling","potentialAction":[{"@type":"SearchAction","target":{"@type":"EntryPoint","urlTemplate":"https:\/\/www.welovecycling.com\/hu\/?s={search_term_string}"},"query-input":{"@type":"PropertyValueSpecification","valueRequired":true,"valueName":"search_term_string"}}],"inLanguage":"hu"},{"@type":"Person","@id":"https:\/\/www.welovecycling.com\/hu\/#\/schema\/person\/414a2aebf1801691a5320edb6468e194","name":"hegyizs","image":{"@type":"ImageObject","inLanguage":"hu","@id":"https:\/\/www.welovecycling.com\/hu\/#\/schema\/person\/image\/","url":"https:\/\/secure.gravatar.com\/avatar\/02cf8a7906b8cf90cecb4679defac7cfd33a1c2e3b88e4903d947f3bb58eedd3?s=96&d=mm&r=g","contentUrl":"https:\/\/secure.gravatar.com\/avatar\/02cf8a7906b8cf90cecb4679defac7cfd33a1c2e3b88e4903d947f3bb58eedd3?s=96&d=mm&r=g","caption":"hegyizs"},"url":"https:\/\/www.welovecycling.com\/hu\/author\/hegyizs\/"}]}},"_links":{"self":[{"href":"https:\/\/www.welovecycling.com\/hu\/wp-json\/wp\/v2\/posts\/17446","targetHints":{"allow":["GET"]}}],"collection":[{"href":"https:\/\/www.welovecycling.com\/hu\/wp-json\/wp\/v2\/posts"}],"about":[{"href":"https:\/\/www.welovecycling.com\/hu\/wp-json\/wp\/v2\/types\/post"}],"author":[{"embeddable":true,"href":"https:\/\/www.welovecycling.com\/hu\/wp-json\/wp\/v2\/users\/71"}],"replies":[{"embeddable":true,"href":"https:\/\/www.welovecycling.com\/hu\/wp-json\/wp\/v2\/comments?post=17446"}],"version-history":[{"count":2,"href":"https:\/\/www.welovecycling.com\/hu\/wp-json\/wp\/v2\/posts\/17446\/revisions"}],"predecessor-version":[{"id":17450,"href":"https:\/\/www.welovecycling.com\/hu\/wp-json\/wp\/v2\/posts\/17446\/revisions\/17450"}],"wp:featuredmedia":[{"embeddable":true,"href":"https:\/\/www.welovecycling.com\/hu\/wp-json\/wp\/v2\/media\/17449"}],"wp:attachment":[{"href":"https:\/\/www.welovecycling.com\/hu\/wp-json\/wp\/v2\/media?parent=17446"}],"wp:term":[{"taxonomy":"category","embeddable":true,"href":"https:\/\/www.welovecycling.com\/hu\/wp-json\/wp\/v2\/categories?post=17446"},{"taxonomy":"post_tag","embeddable":true,"href":"https:\/\/www.welovecycling.com\/hu\/wp-json\/wp\/v2\/tags?post=17446"},{"taxonomy":"global-categories","embeddable":true,"href":"https:\/\/www.welovecycling.com\/hu\/wp-json\/wp\/v2\/global-categories?post=17446"}],"curies":[{"name":"wp","href":"https:\/\/api.w.org\/{rel}","templated":true}]}}