{"id":17441,"date":"2023-05-29T08:00:16","date_gmt":"2023-05-29T06:00:16","guid":{"rendered":"https:\/\/www.welovecycling.com\/hu\/?p=17441"},"modified":"2023-05-24T13:33:27","modified_gmt":"2023-05-24T11:33:27","slug":"a-cseh-kerekparral-a-munkaba-kihivas-szervezoi-az-egesz-a-pozitiv-motivalasrol-szol","status":"publish","type":"post","link":"https:\/\/www.welovecycling.com\/hu\/kozosseg-es-kultura\/a-cseh-kerekparral-a-munkaba-kihivas-szervezoi-az-egesz-a-pozitiv-motivalasrol-szol\/","title":{"rendered":"A cseh \u201cKer\u00e9kp\u00e1rral a munk\u00e1ba\u201d kih\u00edv\u00e1s szervez\u0151i: az eg\u00e9sz a pozit\u00edv motiv\u00e1l\u00e1sr\u00f3l sz\u00f3l"},"content":{"rendered":"<p><strong>B\u00e1r a ker\u00e9kp\u00e1roz\u00e1s az egyik legn\u00e9pszer\u0171bb sportok k\u00f6z\u00e9 tartozik Csehorsz\u00e1gban, a munk\u00e1ba ker\u00e9kp\u00e1rral t\u00f6rt\u00e9n\u0151 k\u00f6zleked\u00e9s felt\u00e9telei csak lassan javulnak. A <em>Ker\u00e9kp\u00e1rral a Munk\u00e1ba Kih\u00edv\u00e1s<\/em> 13 \u00e9vvel ezel\u0151tt indult \u00fatj\u00e1ra, hogy seg\u00edtse az \u00faj infrastrukt\u00fara kialak\u00edt\u00e1s\u00e1t \u00e9s motiv\u00e1lja a cseheket a rendszeres ker\u00e9kp\u00e1roz\u00e1sra.<\/strong><\/p>\n<p style=\"font-weight: 400;\"><!--more--><\/p>\n<p>A <em>Ker\u00e9kp\u00e1rral a Munk\u00e1ba Kih\u00edv\u00e1s<\/em> egy nyilv\u00e1nos \u00e9s nagy m\u00falt\u00fa projekt az AutoMat egyes\u00fclet szervez\u00e9s\u00e9ben, melynek c\u00e9lja a v\u00e1rosi ker\u00e9kp\u00e1roz\u00e1s \u00e9s m\u00e1s akt\u00edv, fenntarthat\u00f3 k\u00f6zleked\u00e9si form\u00e1k n\u00e9pszer\u0171s\u00edt\u00e9se Csehorsz\u00e1gban. \u00c9vente t\u00f6bbezer vezet\u0151, tud\u00f3s, orvos, bank\u00e1r \u00e9s di\u00e1k vesz r\u00e9szt orsz\u00e1gszerte a kih\u00edv\u00e1sban, \u00e9s 31 napig ker\u00e9kp\u00e1rozik vagy s\u00e9t\u00e1l a munkahely\u00e9re. A kih\u00edv\u00e1s tavasszal ker\u00fcl megrendez\u00e9sre, amikor az id\u0151j\u00e1r\u00e1s alkalmas a biciklivel val\u00f3 k\u00f6zleked\u00e9sre, de r\u00f6videbb v\u00e1ltozatait janu\u00e1rban \u00e9s szeptemberben is megszervezik.<\/p>\n<p><em>\u201eTavaly 24700 r\u00e9sztvev\u0151 vett r\u00e9szt a kih\u00edv\u00e1son, \u00e9s id\u00e9n \u00faj rekord k\u00e9sz\u00fcl\u0151dik\u201d<\/em> &#8211; mondta Dominika Lentharova az AutoMat k\u00e9pviselet\u00e9ben. Dominika \u00e9s munkat\u00e1rsa, Anna Kocianova az interj\u00fa idej\u00e9n, az esem\u00e9ny els\u0151 napj\u00e1n tele vannak optimizmussal, hiszen a regisztr\u00e1lt r\u00e9sztvev\u0151k sz\u00e1ma ism\u00e9t fel\u00fclm\u00falta az elv\u00e1r\u00e1saikat.<\/p>\n<p>A kih\u00edv\u00e1s c\u00e9lja a ker\u00e9kp\u00e1ros k\u00f6zleked\u00e9s n\u00e9pszer\u0171s\u00edt\u00e9se a k\u00f6rnyezeti, eg\u00e9szs\u00e9g\u00fcgyi \u00e9s gazdas\u00e1gi el\u0151ny\u00f6k kiemel\u00e9v\u00e9sel, \u00e9s persze az is, hogy seg\u00edtsen a bring\u00e1soknak biztons\u00e1gosan k\u00f6zlekedni.<\/p>\n<p>A r\u00e9sztvev\u0151ket arra \u00f6szt\u00f6nzik, hogy naponta r\u00f6gz\u00edts\u00e9k az \u00fatjaikat a rendszerbe, \u00e9s besz\u00e9lgessenek koll\u00e9g\u00e1ikkal \u00e9s m\u00e1s \u00e9rdekl\u0151d\u0151kkel is. A r\u00e9sztvev\u0151k \u00fatvonalait mobilalkalmaz\u00e1sok seg\u00edts\u00e9g\u00e9vel r\u00f6gz\u00edtve, az \u00f6sszegy\u0171jt\u00f6tt adatokat a v\u00e1rosok haszn\u00e1lj\u00e1k fel annak az azonos\u00edt\u00e1s\u00e1ra, hogy hol k\u00f6zlekednek a ker\u00e9kp\u00e1rosok \u00e9s gyalogosok, valamint hogy hol vannak probl\u00e9m\u00e1s helyek, amelyeket fejleszteni kell. A kih\u00edv\u00e1s r\u00e9sztvev\u0151i teh\u00e1t hozz\u00e1j\u00e1rulhatnak a biztons\u00e1gos \u00e9s k\u00e9nyelmes ker\u00e9kp\u00e1ros infrastrukt\u00fara fejleszt\u00e9s\u00e9hez is.<\/p>\n<figure id=\"attachment_17442\" aria-describedby=\"caption-attachment-17442\" style=\"width: 1129px\" class=\"wp-caption alignnone\"><a href=\"https:\/\/d2p6e6u75xmxt8.cloudfront.net\/12\/2023\/05\/Do-prace-na-kole-Michal-Kalina.webp\"><img loading=\"lazy\" decoding=\"async\" class=\"wp-image-17442 size-full\" src=\"https:\/\/d2p6e6u75xmxt8.cloudfront.net\/12\/2023\/05\/Do-prace-na-kole-Michal-Kalina.webp\" alt=\"Do pr\u00e1ce na kole\" width=\"1129\" height=\"847\" srcset=\"https:\/\/d2p6e6u75xmxt8.cloudfront.net\/12\/2023\/05\/Do-prace-na-kole-Michal-Kalina.webp 1129w, https:\/\/d2p6e6u75xmxt8.cloudfront.net\/12\/2023\/05\/Do-prace-na-kole-Michal-Kalina-300x225.webp 300w, https:\/\/d2p6e6u75xmxt8.cloudfront.net\/12\/2023\/05\/Do-prace-na-kole-Michal-Kalina-1024x768.webp 1024w, https:\/\/d2p6e6u75xmxt8.cloudfront.net\/12\/2023\/05\/Do-prace-na-kole-Michal-Kalina-768x576.webp 768w, https:\/\/d2p6e6u75xmxt8.cloudfront.net\/12\/2023\/05\/Do-prace-na-kole-Michal-Kalina-400x300.webp 400w\" sizes=\"auto, (max-width: 1129px) 100vw, 1129px\" \/><\/a><figcaption id=\"caption-attachment-17442\" class=\"wp-caption-text\"><em>A kih\u00edv\u00e1s c\u00e9lja a ker\u00e9kp\u00e1ros k\u00f6zleked\u00e9s n\u00e9pszer\u0171s\u00edt\u00e9se, a k\u00f6rnyezeti, eg\u00e9szs\u00e9g\u00fcgyi \u00e9s gazdas\u00e1gi el\u0151ny\u00f6k kiemel\u00e9v\u00e9sel, \u00e9s persze az is, hogy seg\u00edtsen a bring\u00e1soknak biztons\u00e1gosan k\u00f6zlekedni. \u00a9 Profimedia<\/em><\/figcaption><\/figure>\n<p>A szervez\u0151k minden \u00e9vben megh\u00edvj\u00e1k a cseh munk\u00e1ltat\u00f3kat, hogy alkalmazottaik csapataival vegyenek r\u00e9szt a kih\u00edv\u00e1sban. A c\u00e9l nemcsak az, hogy a dolgoz\u00f3kat \u00f6szt\u00f6n\u00f6zz\u00e9k a bring\u00e1s k\u00f6zleked\u00e9sre, hanem az is, hogy a munkahelyeket ennek megfelel\u0151en zuhanyz\u00f3kkal \u00e9s ker\u00e9kp\u00e1rt\u00e1rol\u00f3kkal l\u00e1ss\u00e1k el. Az esem\u00e9ny v\u00e9g\u00e9n k\u00f6zz\u00e9teszik az eredm\u00e9nyeket, \u00e9s d\u00edjazz\u00e1k a legakt\u00edvabb r\u00e9sztvev\u0151ket.<\/p>\n<p>A &#8220;Bike To Work Challenge&#8221; keret\u00e9ben nem a megtett kilom\u00e9terek sz\u00e1ma a fontos, hanem a k\u00f6zleked\u00e9si szok\u00e1sok v\u00e1ltoz\u00e1sa \u00e9s az emberek mindennapi utaz\u00e1sainak megk\u00f6nny\u00edt\u00e9se.<\/p>\n<p><em>&#8220;Az egyik probl\u00e9ma, amellyel Csehorsz\u00e1gban szembes\u00fcl\u00fcnk, hogy sokan sporteszk\u00f6zk\u00e9nt tekintenek a ker\u00e9kp\u00e1rra. Vanak olyan polizikusok, akik szerint a bicikliseknek csak az erd\u0151ben kellene tekerni\u00fck, hogy ne akad\u00e1lyozz\u00e1k a forgalmat&#8221; <\/em>&#8211; montja Anna Kocianova. <em>&#8220;Szeretn\u00e9nk megtan\u00edtani az embereket arra, hogy a ker\u00e9kp\u00e1rt k\u00f6zleked\u00e9si eszk\u00f6zk\u00e9nt l\u00e1ss\u00e1k, r\u00e1ad\u00e1sul egy eg\u00e9szs\u00e9ges \u00e9s term\u00e9szetes k\u00f6zleked\u00e9si eszk\u00f6zk\u00e9nt\u201d<\/em> &#8211; tette hozz\u00e1.<\/p>\n<p>Dominika \u00e9s Anna ragaszkodnak ahhoz, hogy az egyes\u00fclet semmilyen el\u0151\u00edr\u00e1st nem tesz \u00e9s semmit nem tilt, hiszen az eg\u00e9sz esem\u00e9ny a pozit\u00edv motiv\u00e1ci\u00f3ra \u00e9p\u00fcl, arra \u00f6szt\u00f6n\u00f6zve az embereket, hogy pr\u00f3b\u00e1lj\u00e1k ki az alternat\u00edv k\u00f6zleked\u00e9st egy h\u00f3napig, esetleg tarts\u00e1k meg az \u00faj szok\u00e1st hossz\u00fat\u00e1von.<\/p>\n<p>Mindannyiunk sz\u00e1m\u00e1ra j\u00f3 h\u00edr, hogy a cseh k\u00f6zleked\u00e9si miniszter is megjelent az esem\u00e9ny megnyit\u00f3j\u00e1t, \u00e9s nyilv\u00e1nosan elmondta, hogy \u0151 is gyakran ker\u00e9kp\u00e1rozik munk\u00e1ba. R\u00e1ad\u00e1sul 40 koll\u00e9g\u00e1ja elfogadta a kih\u00edv\u00e1st!<\/p>\n<p style=\"font-weight: 400;\"><em>\u201eK\u00f6r\u00fclbel\u00fcl 25 600 ember jelentkezett, ami kb. 5%-kal t\u00f6bb, mint tavaly. M\u00edg az els\u0151 \u00e9vben csak k\u00e9t v\u00e1ros vett r\u00e9szt, id\u00e9n 51 cseh \u00e9s morva v\u00e1ros csatlakozott a kih\u00edv\u00e1shoz\u201d<\/em> &#8211; mondta Dominika, hozz\u00e1t\u00e9ve, hogy rem\u00e9li, egyre t\u00f6bb ember fog biciklire v\u00e1ltani a mindennapi ing\u00e1z\u00e1s sor\u00e1n a kih\u00edv\u00e1snak k\u00f6sz\u00f6nhet\u0151en.<\/p>\n","protected":false},"excerpt":{"rendered":"<p>B\u00e1r a ker\u00e9kp\u00e1roz\u00e1s az egyik legn\u00e9pszer\u0171bb sportok k\u00f6z\u00e9 tartozik Csehorsz\u00e1gban, a munk\u00e1ba ker\u00e9kp\u00e1rral t\u00f6rt\u00e9n\u0151 k\u00f6zleked\u00e9s felt\u00e9telei csak lassan javulnak. A [&hellip;]<\/p>\n","protected":false},"author":71,"featured_media":17444,"comment_status":"open","ping_status":"open","sticky":false,"template":"","format":"standard","meta":{"footnotes":""},"categories":[12],"tags":[],"global-categories":[],"class_list":["post-17441","post","type-post","status-publish","format-standard","has-post-thumbnail","hentry","category-kozosseg-es-kultura"],"yoast_head":"<!-- This site is optimized with the Yoast SEO Premium plugin v25.3 (Yoast SEO v25.9) - https:\/\/yoast.com\/wordpress\/plugins\/seo\/ -->\n<title>A cseh \u201cKer\u00e9kp\u00e1rral a munk\u00e1ba\u201d kih\u00edv\u00e1s szervez\u0151i: az eg\u00e9sz a pozit\u00edv motiv\u00e1l\u00e1sr\u00f3l sz\u00f3l<\/title>\n<meta name=\"description\" content=\"B\u00e1r a ker\u00e9kp\u00e1roz\u00e1s az egyik legn\u00e9pszer\u0171bb sportok k\u00f6z\u00e9 tartozik Csehorsz\u00e1gban, a munk\u00e1ba ker\u00e9kp\u00e1rral t\u00f6rt\u00e9n\u0151 k\u00f6zleked\u00e9s felt\u00e9telei csak lassan javulnak. A Ker\u00e9kp\u00e1rral a Munk\u00e1ba Kih\u00edv\u00e1s 13 \u00e9vvel ezel\u0151tt indult \u00fatj\u00e1ra, hogy seg\u00edtse az \u00faj infrastrukt\u00fara kialak\u00edt\u00e1s\u00e1t \u00e9s motiv\u00e1lja a cseheket a rendszeres ker\u00e9kp\u00e1roz\u00e1sra.\" \/>\n<meta name=\"robots\" content=\"index, follow, max-snippet:-1, max-image-preview:large, max-video-preview:-1\" \/>\n<link rel=\"canonical\" href=\"https:\/\/www.welovecycling.com\/hu\/kozosseg-es-kultura\/a-cseh-kerekparral-a-munkaba-kihivas-szervezoi-az-egesz-a-pozitiv-motivalasrol-szol\/\" \/>\n<meta property=\"og:locale\" content=\"hu_HU\" \/>\n<meta property=\"og:type\" content=\"article\" \/>\n<meta property=\"og:title\" content=\"A cseh \u201cKer\u00e9kp\u00e1rral a munk\u00e1ba\u201d kih\u00edv\u00e1s szervez\u0151i: az eg\u00e9sz a pozit\u00edv motiv\u00e1l\u00e1sr\u00f3l sz\u00f3l\" \/>\n<meta property=\"og:description\" content=\"B\u00e1r a ker\u00e9kp\u00e1roz\u00e1s az egyik legn\u00e9pszer\u0171bb sportok k\u00f6z\u00e9 tartozik Csehorsz\u00e1gban, a munk\u00e1ba ker\u00e9kp\u00e1rral t\u00f6rt\u00e9n\u0151 k\u00f6zleked\u00e9s felt\u00e9telei csak lassan javulnak. A Ker\u00e9kp\u00e1rral a Munk\u00e1ba Kih\u00edv\u00e1s 13 \u00e9vvel ezel\u0151tt indult \u00fatj\u00e1ra, hogy seg\u00edtse az \u00faj infrastrukt\u00fara kialak\u00edt\u00e1s\u00e1t \u00e9s motiv\u00e1lja a cseheket a rendszeres ker\u00e9kp\u00e1roz\u00e1sra.\" \/>\n<meta property=\"og:url\" content=\"https:\/\/www.welovecycling.com\/hu\/kozosseg-es-kultura\/a-cseh-kerekparral-a-munkaba-kihivas-szervezoi-az-egesz-a-pozitiv-motivalasrol-szol\/\" \/>\n<meta property=\"og:site_name\" content=\"\u0160koda We Love Cycling - Magyarorsz\u00e1g\" \/>\n<meta property=\"article:publisher\" content=\"https:\/\/www.facebook.com\/WeLoveCyclingHungary\/\" \/>\n<meta property=\"article:published_time\" content=\"2023-05-29T06:00:16+00:00\" \/>\n<meta property=\"og:image\" content=\"https:\/\/d2p6e6u75xmxt8.cloudfront.net\/12\/2023\/05\/Cycling-Prague-profimedia-0346702551-CVR.webp\" \/>\n\t<meta property=\"og:image:width\" content=\"990\" \/>\n\t<meta property=\"og:image:height\" content=\"660\" \/>\n\t<meta property=\"og:image:type\" content=\"image\/webp\" \/>\n<meta name=\"author\" content=\"hegyizs\" \/>\n<meta name=\"twitter:card\" content=\"summary_large_image\" \/>\n<meta name=\"twitter:label1\" content=\"Written by\" \/>\n\t<meta name=\"twitter:data1\" content=\"Adam Marsal\" \/>\n\t<meta name=\"twitter:label2\" content=\"Est. reading time\" \/>\n\t<meta name=\"twitter:data2\" content=\"4 minutes\" \/>\n<script type=\"application\/ld+json\" class=\"yoast-schema-graph\">{\"@context\":\"https:\/\/schema.org\",\"@graph\":[{\"@type\":\"WebPage\",\"@id\":\"https:\/\/www.welovecycling.com\/hu\/kozosseg-es-kultura\/a-cseh-kerekparral-a-munkaba-kihivas-szervezoi-az-egesz-a-pozitiv-motivalasrol-szol\/\",\"url\":\"https:\/\/www.welovecycling.com\/hu\/kozosseg-es-kultura\/a-cseh-kerekparral-a-munkaba-kihivas-szervezoi-az-egesz-a-pozitiv-motivalasrol-szol\/\",\"name\":\"A cseh \u201cKer\u00e9kp\u00e1rral a munk\u00e1ba\u201d kih\u00edv\u00e1s szervez\u0151i: az eg\u00e9sz a pozit\u00edv motiv\u00e1l\u00e1sr\u00f3l sz\u00f3l\",\"isPartOf\":{\"@id\":\"https:\/\/www.welovecycling.com\/hu\/#website\"},\"primaryImageOfPage\":{\"@id\":\"https:\/\/www.welovecycling.com\/hu\/kozosseg-es-kultura\/a-cseh-kerekparral-a-munkaba-kihivas-szervezoi-az-egesz-a-pozitiv-motivalasrol-szol\/#primaryimage\"},\"image\":{\"@id\":\"https:\/\/www.welovecycling.com\/hu\/kozosseg-es-kultura\/a-cseh-kerekparral-a-munkaba-kihivas-szervezoi-az-egesz-a-pozitiv-motivalasrol-szol\/#primaryimage\"},\"thumbnailUrl\":\"https:\/\/d2p6e6u75xmxt8.cloudfront.net\/12\/2023\/05\/Cycling-Prague-profimedia-0346702551-CVR.webp\",\"datePublished\":\"2023-05-29T06:00:16+00:00\",\"author\":{\"@id\":\"https:\/\/www.welovecycling.com\/hu\/#\/schema\/person\/414a2aebf1801691a5320edb6468e194\"},\"description\":\"B\u00e1r a ker\u00e9kp\u00e1roz\u00e1s az egyik legn\u00e9pszer\u0171bb sportok k\u00f6z\u00e9 tartozik Csehorsz\u00e1gban, a munk\u00e1ba ker\u00e9kp\u00e1rral t\u00f6rt\u00e9n\u0151 k\u00f6zleked\u00e9s felt\u00e9telei csak lassan javulnak. A Ker\u00e9kp\u00e1rral a Munk\u00e1ba Kih\u00edv\u00e1s 13 \u00e9vvel ezel\u0151tt indult \u00fatj\u00e1ra, hogy seg\u00edtse az \u00faj infrastrukt\u00fara kialak\u00edt\u00e1s\u00e1t \u00e9s motiv\u00e1lja a cseheket a rendszeres ker\u00e9kp\u00e1roz\u00e1sra.\",\"breadcrumb\":{\"@id\":\"https:\/\/www.welovecycling.com\/hu\/kozosseg-es-kultura\/a-cseh-kerekparral-a-munkaba-kihivas-szervezoi-az-egesz-a-pozitiv-motivalasrol-szol\/#breadcrumb\"},\"inLanguage\":\"hu\",\"potentialAction\":[{\"@type\":\"ReadAction\",\"target\":[\"https:\/\/www.welovecycling.com\/hu\/kozosseg-es-kultura\/a-cseh-kerekparral-a-munkaba-kihivas-szervezoi-az-egesz-a-pozitiv-motivalasrol-szol\/\"]}]},{\"@type\":\"ImageObject\",\"inLanguage\":\"hu\",\"@id\":\"https:\/\/www.welovecycling.com\/hu\/kozosseg-es-kultura\/a-cseh-kerekparral-a-munkaba-kihivas-szervezoi-az-egesz-a-pozitiv-motivalasrol-szol\/#primaryimage\",\"url\":\"https:\/\/d2p6e6u75xmxt8.cloudfront.net\/12\/2023\/05\/Cycling-Prague-profimedia-0346702551-CVR.webp\",\"contentUrl\":\"https:\/\/d2p6e6u75xmxt8.cloudfront.net\/12\/2023\/05\/Cycling-Prague-profimedia-0346702551-CVR.webp\",\"width\":990,\"height\":660},{\"@type\":\"BreadcrumbList\",\"@id\":\"https:\/\/www.welovecycling.com\/hu\/kozosseg-es-kultura\/a-cseh-kerekparral-a-munkaba-kihivas-szervezoi-az-egesz-a-pozitiv-motivalasrol-szol\/#breadcrumb\",\"itemListElement\":[{\"@type\":\"ListItem\",\"position\":1,\"name\":\"Home\",\"item\":\"https:\/\/www.welovecycling.com\/hu\/\"},{\"@type\":\"ListItem\",\"position\":2,\"name\":\"A cseh \u201cKer\u00e9kp\u00e1rral a munk\u00e1ba\u201d kih\u00edv\u00e1s szervez\u0151i: az eg\u00e9sz a pozit\u00edv motiv\u00e1l\u00e1sr\u00f3l sz\u00f3l\"}]},{\"@type\":\"WebSite\",\"@id\":\"https:\/\/www.welovecycling.com\/hu\/#website\",\"url\":\"https:\/\/www.welovecycling.com\/hu\/\",\"name\":\"\u0160koda We Love Cycling - Magyarorsz\u00e1g\",\"description\":\"\u0160koda WeLoveCycling\",\"potentialAction\":[{\"@type\":\"SearchAction\",\"target\":{\"@type\":\"EntryPoint\",\"urlTemplate\":\"https:\/\/www.welovecycling.com\/hu\/?s={search_term_string}\"},\"query-input\":{\"@type\":\"PropertyValueSpecification\",\"valueRequired\":true,\"valueName\":\"search_term_string\"}}],\"inLanguage\":\"hu\"},{\"@type\":\"Person\",\"@id\":\"https:\/\/www.welovecycling.com\/hu\/#\/schema\/person\/414a2aebf1801691a5320edb6468e194\",\"name\":\"hegyizs\",\"image\":{\"@type\":\"ImageObject\",\"inLanguage\":\"hu\",\"@id\":\"https:\/\/www.welovecycling.com\/hu\/#\/schema\/person\/image\/\",\"url\":\"https:\/\/secure.gravatar.com\/avatar\/02cf8a7906b8cf90cecb4679defac7cfd33a1c2e3b88e4903d947f3bb58eedd3?s=96&d=mm&r=g\",\"contentUrl\":\"https:\/\/secure.gravatar.com\/avatar\/02cf8a7906b8cf90cecb4679defac7cfd33a1c2e3b88e4903d947f3bb58eedd3?s=96&d=mm&r=g\",\"caption\":\"hegyizs\"},\"url\":\"https:\/\/www.welovecycling.com\/hu\/author\/hegyizs\/\"}]}<\/script>\n<!-- \/ Yoast SEO Premium plugin. -->","yoast_head_json":{"title":"A cseh \u201cKer\u00e9kp\u00e1rral a munk\u00e1ba\u201d kih\u00edv\u00e1s szervez\u0151i: az eg\u00e9sz a pozit\u00edv motiv\u00e1l\u00e1sr\u00f3l sz\u00f3l","description":"B\u00e1r a ker\u00e9kp\u00e1roz\u00e1s az egyik legn\u00e9pszer\u0171bb sportok k\u00f6z\u00e9 tartozik Csehorsz\u00e1gban, a munk\u00e1ba ker\u00e9kp\u00e1rral t\u00f6rt\u00e9n\u0151 k\u00f6zleked\u00e9s felt\u00e9telei csak lassan javulnak. A Ker\u00e9kp\u00e1rral a Munk\u00e1ba Kih\u00edv\u00e1s 13 \u00e9vvel ezel\u0151tt indult \u00fatj\u00e1ra, hogy seg\u00edtse az \u00faj infrastrukt\u00fara kialak\u00edt\u00e1s\u00e1t \u00e9s motiv\u00e1lja a cseheket a rendszeres ker\u00e9kp\u00e1roz\u00e1sra.","robots":{"index":"index","follow":"follow","max-snippet":"max-snippet:-1","max-image-preview":"max-image-preview:large","max-video-preview":"max-video-preview:-1"},"canonical":"https:\/\/www.welovecycling.com\/hu\/kozosseg-es-kultura\/a-cseh-kerekparral-a-munkaba-kihivas-szervezoi-az-egesz-a-pozitiv-motivalasrol-szol\/","og_locale":"hu_HU","og_type":"article","og_title":"A cseh \u201cKer\u00e9kp\u00e1rral a munk\u00e1ba\u201d kih\u00edv\u00e1s szervez\u0151i: az eg\u00e9sz a pozit\u00edv motiv\u00e1l\u00e1sr\u00f3l sz\u00f3l","og_description":"B\u00e1r a ker\u00e9kp\u00e1roz\u00e1s az egyik legn\u00e9pszer\u0171bb sportok k\u00f6z\u00e9 tartozik Csehorsz\u00e1gban, a munk\u00e1ba ker\u00e9kp\u00e1rral t\u00f6rt\u00e9n\u0151 k\u00f6zleked\u00e9s felt\u00e9telei csak lassan javulnak. A Ker\u00e9kp\u00e1rral a Munk\u00e1ba Kih\u00edv\u00e1s 13 \u00e9vvel ezel\u0151tt indult \u00fatj\u00e1ra, hogy seg\u00edtse az \u00faj infrastrukt\u00fara kialak\u00edt\u00e1s\u00e1t \u00e9s motiv\u00e1lja a cseheket a rendszeres ker\u00e9kp\u00e1roz\u00e1sra.","og_url":"https:\/\/www.welovecycling.com\/hu\/kozosseg-es-kultura\/a-cseh-kerekparral-a-munkaba-kihivas-szervezoi-az-egesz-a-pozitiv-motivalasrol-szol\/","og_site_name":"\u0160koda We Love Cycling - Magyarorsz\u00e1g","article_publisher":"https:\/\/www.facebook.com\/WeLoveCyclingHungary\/","article_published_time":"2023-05-29T06:00:16+00:00","og_image":[{"width":990,"height":660,"url":"https:\/\/d2p6e6u75xmxt8.cloudfront.net\/12\/2023\/05\/Cycling-Prague-profimedia-0346702551-CVR.webp","type":"image\/webp"}],"author":"hegyizs","twitter_card":"summary_large_image","twitter_misc":{"Written by":"Adam Marsal","Est. reading time":"4 minutes"},"schema":{"@context":"https:\/\/schema.org","@graph":[{"@type":"WebPage","@id":"https:\/\/www.welovecycling.com\/hu\/kozosseg-es-kultura\/a-cseh-kerekparral-a-munkaba-kihivas-szervezoi-az-egesz-a-pozitiv-motivalasrol-szol\/","url":"https:\/\/www.welovecycling.com\/hu\/kozosseg-es-kultura\/a-cseh-kerekparral-a-munkaba-kihivas-szervezoi-az-egesz-a-pozitiv-motivalasrol-szol\/","name":"A cseh \u201cKer\u00e9kp\u00e1rral a munk\u00e1ba\u201d kih\u00edv\u00e1s szervez\u0151i: az eg\u00e9sz a pozit\u00edv motiv\u00e1l\u00e1sr\u00f3l sz\u00f3l","isPartOf":{"@id":"https:\/\/www.welovecycling.com\/hu\/#website"},"primaryImageOfPage":{"@id":"https:\/\/www.welovecycling.com\/hu\/kozosseg-es-kultura\/a-cseh-kerekparral-a-munkaba-kihivas-szervezoi-az-egesz-a-pozitiv-motivalasrol-szol\/#primaryimage"},"image":{"@id":"https:\/\/www.welovecycling.com\/hu\/kozosseg-es-kultura\/a-cseh-kerekparral-a-munkaba-kihivas-szervezoi-az-egesz-a-pozitiv-motivalasrol-szol\/#primaryimage"},"thumbnailUrl":"https:\/\/d2p6e6u75xmxt8.cloudfront.net\/12\/2023\/05\/Cycling-Prague-profimedia-0346702551-CVR.webp","datePublished":"2023-05-29T06:00:16+00:00","author":{"@id":"https:\/\/www.welovecycling.com\/hu\/#\/schema\/person\/414a2aebf1801691a5320edb6468e194"},"description":"B\u00e1r a ker\u00e9kp\u00e1roz\u00e1s az egyik legn\u00e9pszer\u0171bb sportok k\u00f6z\u00e9 tartozik Csehorsz\u00e1gban, a munk\u00e1ba ker\u00e9kp\u00e1rral t\u00f6rt\u00e9n\u0151 k\u00f6zleked\u00e9s felt\u00e9telei csak lassan javulnak. A Ker\u00e9kp\u00e1rral a Munk\u00e1ba Kih\u00edv\u00e1s 13 \u00e9vvel ezel\u0151tt indult \u00fatj\u00e1ra, hogy seg\u00edtse az \u00faj infrastrukt\u00fara kialak\u00edt\u00e1s\u00e1t \u00e9s motiv\u00e1lja a cseheket a rendszeres ker\u00e9kp\u00e1roz\u00e1sra.","breadcrumb":{"@id":"https:\/\/www.welovecycling.com\/hu\/kozosseg-es-kultura\/a-cseh-kerekparral-a-munkaba-kihivas-szervezoi-az-egesz-a-pozitiv-motivalasrol-szol\/#breadcrumb"},"inLanguage":"hu","potentialAction":[{"@type":"ReadAction","target":["https:\/\/www.welovecycling.com\/hu\/kozosseg-es-kultura\/a-cseh-kerekparral-a-munkaba-kihivas-szervezoi-az-egesz-a-pozitiv-motivalasrol-szol\/"]}]},{"@type":"ImageObject","inLanguage":"hu","@id":"https:\/\/www.welovecycling.com\/hu\/kozosseg-es-kultura\/a-cseh-kerekparral-a-munkaba-kihivas-szervezoi-az-egesz-a-pozitiv-motivalasrol-szol\/#primaryimage","url":"https:\/\/d2p6e6u75xmxt8.cloudfront.net\/12\/2023\/05\/Cycling-Prague-profimedia-0346702551-CVR.webp","contentUrl":"https:\/\/d2p6e6u75xmxt8.cloudfront.net\/12\/2023\/05\/Cycling-Prague-profimedia-0346702551-CVR.webp","width":990,"height":660},{"@type":"BreadcrumbList","@id":"https:\/\/www.welovecycling.com\/hu\/kozosseg-es-kultura\/a-cseh-kerekparral-a-munkaba-kihivas-szervezoi-az-egesz-a-pozitiv-motivalasrol-szol\/#breadcrumb","itemListElement":[{"@type":"ListItem","position":1,"name":"Home","item":"https:\/\/www.welovecycling.com\/hu\/"},{"@type":"ListItem","position":2,"name":"A cseh \u201cKer\u00e9kp\u00e1rral a munk\u00e1ba\u201d kih\u00edv\u00e1s szervez\u0151i: az eg\u00e9sz a pozit\u00edv motiv\u00e1l\u00e1sr\u00f3l sz\u00f3l"}]},{"@type":"WebSite","@id":"https:\/\/www.welovecycling.com\/hu\/#website","url":"https:\/\/www.welovecycling.com\/hu\/","name":"\u0160koda We Love Cycling - Magyarorsz\u00e1g","description":"\u0160koda WeLoveCycling","potentialAction":[{"@type":"SearchAction","target":{"@type":"EntryPoint","urlTemplate":"https:\/\/www.welovecycling.com\/hu\/?s={search_term_string}"},"query-input":{"@type":"PropertyValueSpecification","valueRequired":true,"valueName":"search_term_string"}}],"inLanguage":"hu"},{"@type":"Person","@id":"https:\/\/www.welovecycling.com\/hu\/#\/schema\/person\/414a2aebf1801691a5320edb6468e194","name":"hegyizs","image":{"@type":"ImageObject","inLanguage":"hu","@id":"https:\/\/www.welovecycling.com\/hu\/#\/schema\/person\/image\/","url":"https:\/\/secure.gravatar.com\/avatar\/02cf8a7906b8cf90cecb4679defac7cfd33a1c2e3b88e4903d947f3bb58eedd3?s=96&d=mm&r=g","contentUrl":"https:\/\/secure.gravatar.com\/avatar\/02cf8a7906b8cf90cecb4679defac7cfd33a1c2e3b88e4903d947f3bb58eedd3?s=96&d=mm&r=g","caption":"hegyizs"},"url":"https:\/\/www.welovecycling.com\/hu\/author\/hegyizs\/"}]}},"_links":{"self":[{"href":"https:\/\/www.welovecycling.com\/hu\/wp-json\/wp\/v2\/posts\/17441","targetHints":{"allow":["GET"]}}],"collection":[{"href":"https:\/\/www.welovecycling.com\/hu\/wp-json\/wp\/v2\/posts"}],"about":[{"href":"https:\/\/www.welovecycling.com\/hu\/wp-json\/wp\/v2\/types\/post"}],"author":[{"embeddable":true,"href":"https:\/\/www.welovecycling.com\/hu\/wp-json\/wp\/v2\/users\/71"}],"replies":[{"embeddable":true,"href":"https:\/\/www.welovecycling.com\/hu\/wp-json\/wp\/v2\/comments?post=17441"}],"version-history":[{"count":2,"href":"https:\/\/www.welovecycling.com\/hu\/wp-json\/wp\/v2\/posts\/17441\/revisions"}],"predecessor-version":[{"id":17445,"href":"https:\/\/www.welovecycling.com\/hu\/wp-json\/wp\/v2\/posts\/17441\/revisions\/17445"}],"wp:featuredmedia":[{"embeddable":true,"href":"https:\/\/www.welovecycling.com\/hu\/wp-json\/wp\/v2\/media\/17444"}],"wp:attachment":[{"href":"https:\/\/www.welovecycling.com\/hu\/wp-json\/wp\/v2\/media?parent=17441"}],"wp:term":[{"taxonomy":"category","embeddable":true,"href":"https:\/\/www.welovecycling.com\/hu\/wp-json\/wp\/v2\/categories?post=17441"},{"taxonomy":"post_tag","embeddable":true,"href":"https:\/\/www.welovecycling.com\/hu\/wp-json\/wp\/v2\/tags?post=17441"},{"taxonomy":"global-categories","embeddable":true,"href":"https:\/\/www.welovecycling.com\/hu\/wp-json\/wp\/v2\/global-categories?post=17441"}],"curies":[{"name":"wp","href":"https:\/\/api.w.org\/{rel}","templated":true}]}}