{"id":1743,"date":"2018-09-10T07:00:31","date_gmt":"2018-09-10T07:00:31","guid":{"rendered":"https:\/\/www.welovecycling.com\/hu\/?p=1743"},"modified":"2018-09-10T07:13:18","modified_gmt":"2018-09-10T07:13:18","slug":"ujrahasznositott-biciklik","status":"publish","type":"post","link":"https:\/\/www.welovecycling.com\/hu\/kozosseg-es-kultura\/ujrahasznositott-biciklik\/","title":{"rendered":"Igenis l\u00e9teznek \u00fajrahasznos\u00edtott biciklik &#8211; \u00e9s el\u00e9g men\u0151k!"},"content":{"rendered":"<p><strong>Az \u00fajrahasznos\u00edt\u00e1s egyike a ma divatos h\u00edv\u00f3szavaknak. Mivel senki sem szeretn\u00e9, hogy a b\u00e1ln\u00e1k a gyomrukba ker\u00fcl\u0151 haszn\u00e1lt gumiabroncsok \u00e9s m\u0171anyag palackok miatt pusztuljanak el, ideje \u00f6sszeszedni magunkat, \u00e9s elkezdeni \u00fajra felhaszn\u00e1lni azokat a haszn\u00e1lt holmikat, amire senkinek sincs sz\u00fcks\u00e9ge. \u00cdgy van ez a r\u00e9gi bring\u00e1kkal is. Szerencs\u00e9re az \u00fajrahasznos\u00edtott biciklik el\u00e9g men\u0151k!<\/strong><\/p>\n<h2><!--more--><\/h2>\n<p>Lehet, hogy m\u00e9g nem vetted \u00e9szre, de a kidobott ker\u00e9kp\u00e1rok komoly probl\u00e9m\u00e1t jelentenek a bolyg\u00f3nknak. Sz\u00e1mos k\u00ednai v\u00e1rosban t\u00f6bb ezer elhagyott bicikli hever, amiket az \u00e1llam foglalt le, mivel akad\u00e1lyozt\u00e1k a forgalmat az utakon \u00e9s j\u00e1rd\u00e1kon. Tele vannak vel\u00fck a rakt\u00e1rak, mivel nem k\u00fcldik vissza \u0151ket a ker\u00e9kp\u00e1rmegoszt\u00f3 szolg\u00e1ltat\u00e1st \u00fczemeltet\u0151 c\u00e9geknek, a helyettes\u00edt\u00e9s\u00fckre pedig \u00faj bicikliket gy\u00e1rtanak.<\/p>\n<p><a href=\"https:\/\/d2p6e6u75xmxt8.cloudfront.net\/12\/2018\/09\/ujrahasznositott-biciklik.jpg\"><img loading=\"lazy\" decoding=\"async\" class=\"alignnone size-full wp-image-1745\" src=\"https:\/\/d2p6e6u75xmxt8.cloudfront.net\/12\/2018\/09\/ujrahasznositott-biciklik.jpg\" alt=\"ujrahasznositott biciklik we love cycling\" width=\"860\" height=\"516\" srcset=\"https:\/\/d2p6e6u75xmxt8.cloudfront.net\/12\/2018\/09\/ujrahasznositott-biciklik.jpg 860w, https:\/\/d2p6e6u75xmxt8.cloudfront.net\/12\/2018\/09\/ujrahasznositott-biciklik-300x180.jpg 300w, https:\/\/d2p6e6u75xmxt8.cloudfront.net\/12\/2018\/09\/ujrahasznositott-biciklik-768x461.jpg 768w\" sizes=\"auto, (max-width: 860px) 100vw, 860px\" \/><\/a><\/p>\n<p>A ker\u00e9kp\u00e1rmegoszt\u00f3kb\u00f3l sz\u00e1rmaz\u00f3 biciklik m\u00e9g a non-profit szervezetek, p\u00e9ld\u00e1ul az ezzel foglalkoz\u00f3 <a href=\"https:\/\/www.bikesfortheworld.org\">Bikes for the World<\/a> sz\u00e1m\u00e1ra is t\u00fal bonyolult esetek, pedig ezeknek egyik f\u0151 tev\u00e9kenys\u00e9ge, hogy \u00f6sszegy\u0171jtik a r\u00e9gi ker\u00e9kp\u00e1rokat, amiket szeg\u00e9ny orsz\u00e1gokba, p\u00e9ld\u00e1ul Gh\u00e1n\u00e1ba, a F\u00fcl\u00f6p-szigetekre, vagy Sierra Leon\u00e9ba sz\u00e1ll\u00edtanak. Ezeket t\u00fal bonyolult fel\u00faj\u00edtani, t\u00f6bbnyire egyedi alkatr\u00e9szek kellenek hozz\u00e1juk, a f\u00fcggetlen szerel\u0151k \u00edgy gyakorlatilag k\u00e9ptelenek b\u00e1rmit kezdeni vel\u00fck.<\/p>\n<p>Szerencse, hogy van f\u00e9ny az alag\u00fat v\u00e9g\u00e9n. Az Ofo, K\u00edna egyik legnagyobb ker\u00e9kp\u00e1rmegoszt\u00f3 szolg\u00e1ltat\u00e1st \u00fczemeltet\u0151 v\u00e1llalata 600 biciklit adom\u00e1nyozott \u00faj tulajdonosoknak Puerto Ric\u00f3ban, miut\u00e1n a Maria hurrik\u00e1n a tr\u00f3pusi szigeteken puszt\u00edtott.<\/p>\n<lite-youtube videoid=d4EICr3r9-E params=\"enablejsapi=1\" style=\"background-image: url('https:\/\/i.ytimg.com\/vi_webp\/d4EICr3r9-E\/maxresdefault.webp');\"><\/lite-youtube>\n<p>Az elhagyott biciklik nem csak K\u00edn\u00e1ban jelentenek probl\u00e9m\u00e1t. Amszterdamban \u00e9vente 54 000 biciklit foglalnak le a rend\u0151r\u00f6k, \u00e9s ezek mind egy k\u00f6zponti ker\u00e9kp\u00e1rrakt\u00e1rba ker\u00fclnek. Persze n\u00e9h\u00e1nyat elvisz a tulajdonosa, de a legt\u00f6bbet sz\u00e9tszerelik, a v\u00e1zakat pedig darabokra v\u00e1gj\u00e1k.<\/p>\n<p>N\u00e9metorsz\u00e1gban az \u00fajrahasznos\u00edtott biciklik egyre n\u00e9pszer\u0171bb\u00e9 v\u00e1lnak. Szinte minden nagyobb v\u00e1rosban tal\u00e1lni kis m\u0171helyeket vagy szervizeket, amelyek kifejezetten a r\u00e9gi \u00e9s megunt ker\u00e9kp\u00e1rok helyre\u00e1ll\u00edt\u00e1s\u00e1ra \u00e9s elad\u00e1s\u00e1ra koncentr\u00e1lnak. A The New Bikes from the Last Millennium (\u201e\u00daj biciklik a m\u00falt \u00e9vezredb\u0151l\u201d) p\u00e9ld\u00e1ul olyan hely Melle v\u00e1ros\u00e1ban, ahol gy\u0171jtik a roncs bring\u00e1kat, hogy a j\u00f6v\u0151 sz\u00e1m\u00e1ra \u00fajra\u00e9lessz\u00e9k \u0151ket.<\/p>\n<p><a href=\"https:\/\/d2p6e6u75xmxt8.cloudfront.net\/12\/2018\/09\/ujrahasznositott-biciklik-02.jpg\"><img loading=\"lazy\" decoding=\"async\" class=\"alignnone size-full wp-image-1746\" src=\"https:\/\/d2p6e6u75xmxt8.cloudfront.net\/12\/2018\/09\/ujrahasznositott-biciklik-02.jpg\" alt=\"ujrahasznositott biciklik we love cycling\" width=\"800\" height=\"533\" srcset=\"https:\/\/d2p6e6u75xmxt8.cloudfront.net\/12\/2018\/09\/ujrahasznositott-biciklik-02.jpg 800w, https:\/\/d2p6e6u75xmxt8.cloudfront.net\/12\/2018\/09\/ujrahasznositott-biciklik-02-300x200.jpg 300w, https:\/\/d2p6e6u75xmxt8.cloudfront.net\/12\/2018\/09\/ujrahasznositott-biciklik-02-768x512.jpg 768w, https:\/\/d2p6e6u75xmxt8.cloudfront.net\/12\/2018\/09\/ujrahasznositott-biciklik-02-272x182.jpg 272w\" sizes=\"auto, (max-width: 800px) 100vw, 800px\" \/><\/a><\/p>\n<p>A begy\u0171jt\u00f6tt ker\u00e9kp\u00e1rokat megtiszt\u00edtj\u00e1k \u00e9s alkatr\u00e9szeire szedik, majd mindegyiket megszabad\u00edtj\u00e1k a rozsd\u00e1t\u00f3l \u00e9s lefestik. Amelyik alkatr\u00e9sz m\u00e9g haszn\u00e1lhat\u00f3, azt visszateszik, a haszn\u00e1lhatatlanok hely\u00e9re \u00faj elemeket \u00e9p\u00edtenek be. Az ism\u00e9telt \u00f6sszeszerel\u00e9st k\u00f6vet\u0151en a ker\u00e9kp\u00e1rok\u00a0 \u00faj tulajdonosaikhoz ker\u00fclnek. A jav\u00edthatatlan alkot\u00f3elemeket sem dobj\u00e1k ki, ezekb\u0151l \u00a0egyedi tervez\u00e9s\u0171, k\u00e9zzel k\u00e9sz\u00fclt b\u00fatordarabokat gy\u00e1rtanak.<\/p>\n<p>Ezt mindenki megteheti maga is otthon, csak a r\u00e9gi biciklik, k\u00e9zn\u00e9l l\u00e9v\u0151 szersz\u00e1mok \u00e9s alkot\u00f3kedv kell hozz\u00e1. Te m\u00e1r fel\u00faj\u00edtott\u00e1l vagy megsz\u00e9p\u00edtett\u00e9l egy r\u00e9gi biciklit? Ha igen, k\u00fcldj nek\u00fcnk k\u00e9peket r\u00f3la a welovecycling.hungary@gmail.com-ra, mi pedig megmutatjuk a vil\u00e1gnak!<\/p>\n","protected":false},"excerpt":{"rendered":"<p>Az \u00fajrahasznos\u00edt\u00e1s egyike a ma divatos h\u00edv\u00f3szavaknak. Mivel senki sem szeretn\u00e9, hogy a b\u00e1ln\u00e1k a gyomrukba ker\u00fcl\u0151 haszn\u00e1lt gumiabroncsok \u00e9s [&hellip;]<\/p>\n","protected":false},"author":71,"featured_media":1744,"comment_status":"open","ping_status":"open","sticky":false,"template":"","format":"standard","meta":{"footnotes":""},"categories":[12],"tags":[16,28,27,171,170,169],"global-categories":[],"class_list":["post-1743","post","type-post","status-publish","format-standard","has-post-thumbnail","hentry","category-kozosseg-es-kultura","tag-kerekpar","tag-kerekpar-blog","tag-kerekpar-magazin","tag-kornyezettudatossag","tag-ujrahasznositott-biciklik","tag-ujrahasznositott-kerekparok"],"yoast_head":"<!-- This site is optimized with the Yoast SEO Premium plugin v25.3 (Yoast SEO v25.9) - https:\/\/yoast.com\/wordpress\/plugins\/seo\/ -->\n<title>Igenis l\u00e9teznek \u00fajrahasznos\u00edtott biciklik - \u00e9s el\u00e9g men\u0151k! - \u0160koda We Love Cycling - Magyarorsz\u00e1g<\/title>\n<meta name=\"description\" content=\"Egyre gyakrabban haszn\u00e1ljuk fel \u00faj k\u00f6nt\u00f6sben azokat a holmikat, amikre m\u00e1r nincs sz\u00fcks\u00e9g\u00fcnk. De mire j\u00f3k az \u00fajrahasznos\u00edtott biciklik?\" \/>\n<meta name=\"robots\" content=\"index, follow, max-snippet:-1, max-image-preview:large, max-video-preview:-1\" \/>\n<link rel=\"canonical\" href=\"https:\/\/www.welovecycling.com\/hu\/kozosseg-es-kultura\/ujrahasznositott-biciklik\/\" \/>\n<meta property=\"og:locale\" content=\"hu_HU\" \/>\n<meta property=\"og:type\" content=\"article\" \/>\n<meta property=\"og:title\" content=\"Igenis l\u00e9teznek \u00fajrahasznos\u00edtott biciklik - \u00e9s el\u00e9g men\u0151k!\" \/>\n<meta property=\"og:description\" content=\"Egyre gyakrabban haszn\u00e1ljuk fel \u00faj k\u00f6nt\u00f6sben azokat a holmikat, amikre m\u00e1r nincs sz\u00fcks\u00e9g\u00fcnk. De mire j\u00f3k az \u00fajrahasznos\u00edtott biciklik?\" \/>\n<meta property=\"og:url\" content=\"https:\/\/www.welovecycling.com\/hu\/kozosseg-es-kultura\/ujrahasznositott-biciklik\/\" \/>\n<meta property=\"og:site_name\" content=\"\u0160koda We Love Cycling - Magyarorsz\u00e1g\" \/>\n<meta property=\"article:publisher\" content=\"https:\/\/www.facebook.com\/WeLoveCyclingHungary\/\" \/>\n<meta property=\"article:published_time\" content=\"2018-09-10T07:00:31+00:00\" \/>\n<meta property=\"article:modified_time\" content=\"2018-09-10T07:13:18+00:00\" \/>\n<meta property=\"og:image\" content=\"https:\/\/d2p6e6u75xmxt8.cloudfront.net\/12\/2018\/09\/ujrahasznositott-biciklik-cover.jpg\" \/>\n\t<meta property=\"og:image:width\" content=\"1366\" \/>\n\t<meta property=\"og:image:height\" content=\"600\" \/>\n\t<meta property=\"og:image:type\" content=\"image\/jpeg\" \/>\n<meta name=\"author\" content=\"hegyizs\" \/>\n<meta name=\"twitter:card\" content=\"summary_large_image\" \/>\n<meta name=\"twitter:label1\" content=\"Written by\" \/>\n\t<meta name=\"twitter:data1\" content=\"hegyizs\" \/>\n\t<meta name=\"twitter:label2\" content=\"Est. reading time\" \/>\n\t<meta name=\"twitter:data2\" content=\"3 minutes\" \/>\n<script type=\"application\/ld+json\" class=\"yoast-schema-graph\">{\"@context\":\"https:\/\/schema.org\",\"@graph\":[{\"@type\":\"WebPage\",\"@id\":\"https:\/\/www.welovecycling.com\/hu\/kozosseg-es-kultura\/ujrahasznositott-biciklik\/\",\"url\":\"https:\/\/www.welovecycling.com\/hu\/kozosseg-es-kultura\/ujrahasznositott-biciklik\/\",\"name\":\"Igenis l\u00e9teznek \u00fajrahasznos\u00edtott biciklik - \u00e9s el\u00e9g men\u0151k! - \u0160koda We Love Cycling - Magyarorsz\u00e1g\",\"isPartOf\":{\"@id\":\"https:\/\/www.welovecycling.com\/hu\/#website\"},\"primaryImageOfPage\":{\"@id\":\"https:\/\/www.welovecycling.com\/hu\/kozosseg-es-kultura\/ujrahasznositott-biciklik\/#primaryimage\"},\"image\":{\"@id\":\"https:\/\/www.welovecycling.com\/hu\/kozosseg-es-kultura\/ujrahasznositott-biciklik\/#primaryimage\"},\"thumbnailUrl\":\"https:\/\/d2p6e6u75xmxt8.cloudfront.net\/12\/2018\/09\/ujrahasznositott-biciklik-cover.jpg\",\"datePublished\":\"2018-09-10T07:00:31+00:00\",\"dateModified\":\"2018-09-10T07:13:18+00:00\",\"author\":{\"@id\":\"https:\/\/www.welovecycling.com\/hu\/#\/schema\/person\/414a2aebf1801691a5320edb6468e194\"},\"description\":\"Egyre gyakrabban haszn\u00e1ljuk fel \u00faj k\u00f6nt\u00f6sben azokat a holmikat, amikre m\u00e1r nincs sz\u00fcks\u00e9g\u00fcnk. De mire j\u00f3k az \u00fajrahasznos\u00edtott biciklik?\",\"breadcrumb\":{\"@id\":\"https:\/\/www.welovecycling.com\/hu\/kozosseg-es-kultura\/ujrahasznositott-biciklik\/#breadcrumb\"},\"inLanguage\":\"hu\",\"potentialAction\":[{\"@type\":\"ReadAction\",\"target\":[\"https:\/\/www.welovecycling.com\/hu\/kozosseg-es-kultura\/ujrahasznositott-biciklik\/\"]}]},{\"@type\":\"ImageObject\",\"inLanguage\":\"hu\",\"@id\":\"https:\/\/www.welovecycling.com\/hu\/kozosseg-es-kultura\/ujrahasznositott-biciklik\/#primaryimage\",\"url\":\"https:\/\/d2p6e6u75xmxt8.cloudfront.net\/12\/2018\/09\/ujrahasznositott-biciklik-cover.jpg\",\"contentUrl\":\"https:\/\/d2p6e6u75xmxt8.cloudfront.net\/12\/2018\/09\/ujrahasznositott-biciklik-cover.jpg\",\"width\":1366,\"height\":600,\"caption\":\"ujrahasznositott biciklik we love cycling\"},{\"@type\":\"BreadcrumbList\",\"@id\":\"https:\/\/www.welovecycling.com\/hu\/kozosseg-es-kultura\/ujrahasznositott-biciklik\/#breadcrumb\",\"itemListElement\":[{\"@type\":\"ListItem\",\"position\":1,\"name\":\"Home\",\"item\":\"https:\/\/www.welovecycling.com\/hu\/\"},{\"@type\":\"ListItem\",\"position\":2,\"name\":\"Igenis l\u00e9teznek \u00fajrahasznos\u00edtott biciklik &#8211; \u00e9s el\u00e9g men\u0151k!\"}]},{\"@type\":\"WebSite\",\"@id\":\"https:\/\/www.welovecycling.com\/hu\/#website\",\"url\":\"https:\/\/www.welovecycling.com\/hu\/\",\"name\":\"\u0160koda We Love Cycling - Magyarorsz\u00e1g\",\"description\":\"\u0160koda WeLoveCycling\",\"potentialAction\":[{\"@type\":\"SearchAction\",\"target\":{\"@type\":\"EntryPoint\",\"urlTemplate\":\"https:\/\/www.welovecycling.com\/hu\/?s={search_term_string}\"},\"query-input\":{\"@type\":\"PropertyValueSpecification\",\"valueRequired\":true,\"valueName\":\"search_term_string\"}}],\"inLanguage\":\"hu\"},{\"@type\":\"Person\",\"@id\":\"https:\/\/www.welovecycling.com\/hu\/#\/schema\/person\/414a2aebf1801691a5320edb6468e194\",\"name\":\"hegyizs\",\"image\":{\"@type\":\"ImageObject\",\"inLanguage\":\"hu\",\"@id\":\"https:\/\/www.welovecycling.com\/hu\/#\/schema\/person\/image\/\",\"url\":\"https:\/\/secure.gravatar.com\/avatar\/02cf8a7906b8cf90cecb4679defac7cfd33a1c2e3b88e4903d947f3bb58eedd3?s=96&d=mm&r=g\",\"contentUrl\":\"https:\/\/secure.gravatar.com\/avatar\/02cf8a7906b8cf90cecb4679defac7cfd33a1c2e3b88e4903d947f3bb58eedd3?s=96&d=mm&r=g\",\"caption\":\"hegyizs\"},\"url\":\"https:\/\/www.welovecycling.com\/hu\/author\/hegyizs\/\"}]}<\/script>\n<!-- \/ Yoast SEO Premium plugin. -->","yoast_head_json":{"title":"Igenis l\u00e9teznek \u00fajrahasznos\u00edtott biciklik - \u00e9s el\u00e9g men\u0151k! - \u0160koda We Love Cycling - Magyarorsz\u00e1g","description":"Egyre gyakrabban haszn\u00e1ljuk fel \u00faj k\u00f6nt\u00f6sben azokat a holmikat, amikre m\u00e1r nincs sz\u00fcks\u00e9g\u00fcnk. De mire j\u00f3k az \u00fajrahasznos\u00edtott biciklik?","robots":{"index":"index","follow":"follow","max-snippet":"max-snippet:-1","max-image-preview":"max-image-preview:large","max-video-preview":"max-video-preview:-1"},"canonical":"https:\/\/www.welovecycling.com\/hu\/kozosseg-es-kultura\/ujrahasznositott-biciklik\/","og_locale":"hu_HU","og_type":"article","og_title":"Igenis l\u00e9teznek \u00fajrahasznos\u00edtott biciklik - \u00e9s el\u00e9g men\u0151k!","og_description":"Egyre gyakrabban haszn\u00e1ljuk fel \u00faj k\u00f6nt\u00f6sben azokat a holmikat, amikre m\u00e1r nincs sz\u00fcks\u00e9g\u00fcnk. De mire j\u00f3k az \u00fajrahasznos\u00edtott biciklik?","og_url":"https:\/\/www.welovecycling.com\/hu\/kozosseg-es-kultura\/ujrahasznositott-biciklik\/","og_site_name":"\u0160koda We Love Cycling - Magyarorsz\u00e1g","article_publisher":"https:\/\/www.facebook.com\/WeLoveCyclingHungary\/","article_published_time":"2018-09-10T07:00:31+00:00","article_modified_time":"2018-09-10T07:13:18+00:00","og_image":[{"width":1366,"height":600,"url":"https:\/\/d2p6e6u75xmxt8.cloudfront.net\/12\/2018\/09\/ujrahasznositott-biciklik-cover.jpg","type":"image\/jpeg"}],"author":"hegyizs","twitter_card":"summary_large_image","twitter_misc":{"Written by":"hegyizs","Est. reading time":"3 minutes"},"schema":{"@context":"https:\/\/schema.org","@graph":[{"@type":"WebPage","@id":"https:\/\/www.welovecycling.com\/hu\/kozosseg-es-kultura\/ujrahasznositott-biciklik\/","url":"https:\/\/www.welovecycling.com\/hu\/kozosseg-es-kultura\/ujrahasznositott-biciklik\/","name":"Igenis l\u00e9teznek \u00fajrahasznos\u00edtott biciklik - \u00e9s el\u00e9g men\u0151k! - \u0160koda We Love Cycling - Magyarorsz\u00e1g","isPartOf":{"@id":"https:\/\/www.welovecycling.com\/hu\/#website"},"primaryImageOfPage":{"@id":"https:\/\/www.welovecycling.com\/hu\/kozosseg-es-kultura\/ujrahasznositott-biciklik\/#primaryimage"},"image":{"@id":"https:\/\/www.welovecycling.com\/hu\/kozosseg-es-kultura\/ujrahasznositott-biciklik\/#primaryimage"},"thumbnailUrl":"https:\/\/d2p6e6u75xmxt8.cloudfront.net\/12\/2018\/09\/ujrahasznositott-biciklik-cover.jpg","datePublished":"2018-09-10T07:00:31+00:00","dateModified":"2018-09-10T07:13:18+00:00","author":{"@id":"https:\/\/www.welovecycling.com\/hu\/#\/schema\/person\/414a2aebf1801691a5320edb6468e194"},"description":"Egyre gyakrabban haszn\u00e1ljuk fel \u00faj k\u00f6nt\u00f6sben azokat a holmikat, amikre m\u00e1r nincs sz\u00fcks\u00e9g\u00fcnk. De mire j\u00f3k az \u00fajrahasznos\u00edtott biciklik?","breadcrumb":{"@id":"https:\/\/www.welovecycling.com\/hu\/kozosseg-es-kultura\/ujrahasznositott-biciklik\/#breadcrumb"},"inLanguage":"hu","potentialAction":[{"@type":"ReadAction","target":["https:\/\/www.welovecycling.com\/hu\/kozosseg-es-kultura\/ujrahasznositott-biciklik\/"]}]},{"@type":"ImageObject","inLanguage":"hu","@id":"https:\/\/www.welovecycling.com\/hu\/kozosseg-es-kultura\/ujrahasznositott-biciklik\/#primaryimage","url":"https:\/\/d2p6e6u75xmxt8.cloudfront.net\/12\/2018\/09\/ujrahasznositott-biciklik-cover.jpg","contentUrl":"https:\/\/d2p6e6u75xmxt8.cloudfront.net\/12\/2018\/09\/ujrahasznositott-biciklik-cover.jpg","width":1366,"height":600,"caption":"ujrahasznositott biciklik we love cycling"},{"@type":"BreadcrumbList","@id":"https:\/\/www.welovecycling.com\/hu\/kozosseg-es-kultura\/ujrahasznositott-biciklik\/#breadcrumb","itemListElement":[{"@type":"ListItem","position":1,"name":"Home","item":"https:\/\/www.welovecycling.com\/hu\/"},{"@type":"ListItem","position":2,"name":"Igenis l\u00e9teznek \u00fajrahasznos\u00edtott biciklik &#8211; \u00e9s el\u00e9g men\u0151k!"}]},{"@type":"WebSite","@id":"https:\/\/www.welovecycling.com\/hu\/#website","url":"https:\/\/www.welovecycling.com\/hu\/","name":"\u0160koda We Love Cycling - Magyarorsz\u00e1g","description":"\u0160koda WeLoveCycling","potentialAction":[{"@type":"SearchAction","target":{"@type":"EntryPoint","urlTemplate":"https:\/\/www.welovecycling.com\/hu\/?s={search_term_string}"},"query-input":{"@type":"PropertyValueSpecification","valueRequired":true,"valueName":"search_term_string"}}],"inLanguage":"hu"},{"@type":"Person","@id":"https:\/\/www.welovecycling.com\/hu\/#\/schema\/person\/414a2aebf1801691a5320edb6468e194","name":"hegyizs","image":{"@type":"ImageObject","inLanguage":"hu","@id":"https:\/\/www.welovecycling.com\/hu\/#\/schema\/person\/image\/","url":"https:\/\/secure.gravatar.com\/avatar\/02cf8a7906b8cf90cecb4679defac7cfd33a1c2e3b88e4903d947f3bb58eedd3?s=96&d=mm&r=g","contentUrl":"https:\/\/secure.gravatar.com\/avatar\/02cf8a7906b8cf90cecb4679defac7cfd33a1c2e3b88e4903d947f3bb58eedd3?s=96&d=mm&r=g","caption":"hegyizs"},"url":"https:\/\/www.welovecycling.com\/hu\/author\/hegyizs\/"}]}},"_links":{"self":[{"href":"https:\/\/www.welovecycling.com\/hu\/wp-json\/wp\/v2\/posts\/1743","targetHints":{"allow":["GET"]}}],"collection":[{"href":"https:\/\/www.welovecycling.com\/hu\/wp-json\/wp\/v2\/posts"}],"about":[{"href":"https:\/\/www.welovecycling.com\/hu\/wp-json\/wp\/v2\/types\/post"}],"author":[{"embeddable":true,"href":"https:\/\/www.welovecycling.com\/hu\/wp-json\/wp\/v2\/users\/71"}],"replies":[{"embeddable":true,"href":"https:\/\/www.welovecycling.com\/hu\/wp-json\/wp\/v2\/comments?post=1743"}],"version-history":[{"count":2,"href":"https:\/\/www.welovecycling.com\/hu\/wp-json\/wp\/v2\/posts\/1743\/revisions"}],"predecessor-version":[{"id":1778,"href":"https:\/\/www.welovecycling.com\/hu\/wp-json\/wp\/v2\/posts\/1743\/revisions\/1778"}],"wp:featuredmedia":[{"embeddable":true,"href":"https:\/\/www.welovecycling.com\/hu\/wp-json\/wp\/v2\/media\/1744"}],"wp:attachment":[{"href":"https:\/\/www.welovecycling.com\/hu\/wp-json\/wp\/v2\/media?parent=1743"}],"wp:term":[{"taxonomy":"category","embeddable":true,"href":"https:\/\/www.welovecycling.com\/hu\/wp-json\/wp\/v2\/categories?post=1743"},{"taxonomy":"post_tag","embeddable":true,"href":"https:\/\/www.welovecycling.com\/hu\/wp-json\/wp\/v2\/tags?post=1743"},{"taxonomy":"global-categories","embeddable":true,"href":"https:\/\/www.welovecycling.com\/hu\/wp-json\/wp\/v2\/global-categories?post=1743"}],"curies":[{"name":"wp","href":"https:\/\/api.w.org\/{rel}","templated":true}]}}